{"id":2505,"date":"2025-01-04T07:43:38","date_gmt":"2025-01-04T06:43:38","guid":{"rendered":"https:\/\/www.strassenweb.de\/nachrichten\/kendall-jenners-achtsames-raumduft-accessoire-ist-ebenso-stilvoll-wie-beruhigend-die-skulpturale-form-eignet-sich-perfekt-fuer-die-gestaltung-eines-couchtisches\/"},"modified":"2025-01-04T07:43:47","modified_gmt":"2025-01-04T06:43:47","slug":"kendall-jenners-achtsames-raumduft-accessoire-ist-ebenso-stilvoll-wie-beruhigend-die-skulpturale-form-eignet-sich-perfekt-fuer-die-gestaltung-eines-couchtisches","status":"publish","type":"post","link":"https:\/\/www.strassenweb.de\/nachrichten\/kendall-jenners-achtsames-raumduft-accessoire-ist-ebenso-stilvoll-wie-beruhigend-die-skulpturale-form-eignet-sich-perfekt-fuer-die-gestaltung-eines-couchtisches\/","title":{"rendered":"Kendall Jenners achtsames Raumduft-Accessoire ist ebenso stilvoll wie beruhigend \u2013 die skulpturale Form eignet sich perfekt f\u00fcr die Gestaltung eines Couchtisches"},"content":{"rendered":"<p><\/p>\n<div id=\"article-body\" class=\"article__body \">\n<p>Eine Selbstpflegeroutine, die Ihr Zuhause besser duften l\u00e4sst und zu Sch\u00f6nheit einl\u00e4dt, klingt zu sch\u00f6n, um wahr zu sein. Kendall Jenner l\u00e4sst diese Fantasie jedoch in ihrem kalifornischen Zuhause Wirklichkeit werden.<\/p>\n<div id=\"ad-unit-1\" class=\"ad-unit\"><\/div>\n<p>Das Model teilte im diesj\u00e4hrigen Poosh Gift Guide ihre Raumduftroutine mit und lobte die Vorz\u00fcge des Walden Mesa Palo Santo-Sets. Sie sagt: \u201eMeditation ist ein so wichtiger Teil meiner Selbstf\u00fcrsorgeroutine und Palo Santo hilft wirklich dabei, eine beruhigende Stimmung zu schaffen.\u201c \u201eIch finde es toll, wie sch\u00f6n und funktional dieses Set ist, und ich kann es kaum erwarten, es Freunden und Familie zu schenken, um ihre Rituale zu bereichern.\u201c<\/p>\n<aside class=\"hawk-nest\" data-block-type=\"embed\" data-render-type=\"fte\" data-skip=\"dealsy\" data-widget-type=\"seasonal\">\n<div class=\"hawk-master-widget-hawk-base-wrapper\"><\/div>\n<\/aside>\n<p>Lange \u00fcber die Feiertage hinaus m\u00f6chten Sie den Holzofen als Styling-Idee f\u00fcr Ihren Couchtisch nutzen. Es besteht aus einem schwarzen quadratischen Sockel mit einer kleineren Plattform dar\u00fcber, die dazu dient, den Palo Santo w\u00e4hrend des Brennens zu halten. Seine Form ist skulptural und einzigartig und k\u00f6nnte leicht dazu verwendet werden, die Blockhaftigkeit von Bildb\u00e4nden auszugleichen. Das Ger\u00e4t f\u00f6rdert das Wohlbefinden, riecht fantastisch und wertet das Design auf \u2013 alles in einem.<\/p>\n<div id=\"desktop-in-article\" class=\"in-article ad-unit\">\n<div id=\"desktop-taboola-mid-article\"><\/div>\n<\/div>\n<div id=\"mobile-in-article\" class=\"in-article ad-unit\">\n<div id=\"mobile-taboola-mid-article\"><\/div>\n<\/div>\n<p>Seit rund einem Jahr berichten wir \u00fcber Wellness als Einrichtungstrend. Von stilvollen Saunen \u00fcber designorientierte Kalttauchg\u00e4nge bis hin zu Hanteln, die gleichzeitig als Skulpturen dienen \u2013 wir haben in einigen der sch\u00f6nsten H\u00e4user der Welt gesundheitsf\u00f6rdernde Mittel als Dekoration entdeckt. Wellness-Accessoires sind nicht mehr etwas, das man verstecken muss, sondern etwas, das man sch\u00f6n machen kann.<\/p>\n<div class=\"van_vid_carousel\">\n<div class=\"van_vid_carousel__padding\">\n<div class=\"van_vid_carousel__container\"><\/div>\n<\/div>\n<\/div>\n<p>Megan Slack, Leiterin von Celebrity Style, erkl\u00e4rt: \u201eDa die Wellnesskultur als immer gr\u00f6\u00dferes Ph\u00e4nomen in den Mainstream vorgedrungen ist, macht es nur Sinn, dass sie auch auf die Innenarchitektur ausgeweitet wird.\u201c Optionen wie der Palo-Santo-Halter von Kendall machen es einfach, diesen Look zu nutzen, ohne eine ganze Struktur am Haus zu installieren.\u201c<\/p>\n<div id=\"ad-unit-2\" class=\"ad-unit\"><\/div>\n<p>Jenners Interpretation des Trends ist besonders ansprechend, weil sie auch die Prinzipien der Raumd\u00fcfte aufgreift. Slack f\u00e4hrt fort: \u201eDie Art und Weise, wie Palo Santo Ihr gesamtes Zuhause mit einem warmen, rauchigen Duft erf\u00fcllt, ist die perfekte M\u00f6glichkeit, neben Ihrer Meditationsroutine einen \u201eSignaturduft\u201c zu kreieren. F\u00fcr ein einzigartiges Sinneserlebnis k\u00f6nnen Sie das Holz zusammen mit anderen D\u00fcften verbrennen. \u201eIch w\u00fcrde das gerne im Wohnzimmer von jemandem sehen, oder es w\u00fcrde gro\u00dfartig in einem Schlafzimmer stehen.\u201c<\/p>\n<p>F\u00fcr ein \u00e4hnliches Sinneserlebnis greifen wir seit Jahrzehnten auf Weihrauch zur\u00fcck. Hier sind einige unserer aktuellen Favoriten, perfekt zum Meditieren oder einfach nur f\u00fcr einen ruhigen Abend im Januar.<\/p>\n<div id=\"slice-container-newsletterForm-articleInbodyContent-23TAjXfLMbeJfnFmPhsJzF\" class=\"slice-container newsletter-inbodyContent-slice newsletterForm-articleInbodyContent-23TAjXfLMbeJfnFmPhsJzF slice-container-newsletterForm\"><\/div>\n<div class=\"product-container hero-product-container product-block-no-wrap\"><\/div>\n<hr>\n<p>Wenn Sie ein Designliebhaber sind, der dieses Jahr auch Ihr Wohlbefinden ernster nehmen m\u00f6chte, ist Kendalls Empfehlung ein guter Ausgangspunkt. Sie m\u00fcssen nicht meditieren, um die Vorteile von Duft und Design zu sch\u00e4tzen.<\/p>\n<hr>\n<\/div>\n","protected":false},"excerpt":{"rendered":"<p>Eine Selbstpflegeroutine, die Ihr Zuhause besser duften l\u00e4sst und zu Sch\u00f6nheit einl\u00e4dt, klingt zu sch\u00f6n, um wahr zu sein. Kendall Jenner l\u00e4sst diese Fantasie jedoch<\/p>\n","protected":false},"author":1,"featured_media":2506,"comment_status":"closed","ping_status":"","sticky":false,"template":"","format":"standard","meta":{"footnotes":""},"categories":[118],"tags":[4205,4208,4211,9,4207,1887,827,4210,55,1457,15,3145,4204,393,4206,142,4209,1912,26],"class_list":["post-2505","post","type-post","status-publish","format-standard","has-post-thumbnail","hentry","category-haus-garten","tag-achtsames","tag-beruhigend","tag-couchtisches","tag-die","tag-ebenso","tag-eignet","tag-eines","tag-form","tag-fuer","tag-gestaltung","tag-ist","tag-jenners","tag-kendall","tag-perfekt","tag-raumduftaccessoire","tag-sich","tag-skulpturale","tag-stilvoll","tag-wie","generate-columns","tablet-grid-50","mobile-grid-100","grid-parent","grid-50"],"yoast_head":"<!-- This site is optimized with the Yoast SEO plugin v27.3 - https:\/\/yoast.com\/product\/yoast-seo-wordpress\/ -->\n<title>Kendall Jenners achtsames Raumduft-Accessoire ist ebenso stilvoll wie beruhigend \u2013 die skulpturale Form eignet sich perfekt f\u00fcr die Gestaltung eines Couchtisches - Nachrichten - Stra\u00dfenweb<\/title>\n<meta name=\"robots\" content=\"index, follow, max-snippet:-1, max-image-preview:large, max-video-preview:-1\" \/>\n<link rel=\"canonical\" href=\"https:\/\/www.strassenweb.de\/nachrichten\/kendall-jenners-achtsames-raumduft-accessoire-ist-ebenso-stilvoll-wie-beruhigend-die-skulpturale-form-eignet-sich-perfekt-fuer-die-gestaltung-eines-couchtisches\/\" \/>\n<meta property=\"og:locale\" content=\"de_DE\" \/>\n<meta property=\"og:type\" content=\"article\" \/>\n<meta property=\"og:title\" content=\"Kendall Jenners achtsames Raumduft-Accessoire ist ebenso stilvoll wie beruhigend \u2013 die skulpturale Form eignet sich perfekt f\u00fcr die Gestaltung eines Couchtisches - Nachrichten - Stra\u00dfenweb\" \/>\n<meta property=\"og:description\" content=\"Eine Selbstpflegeroutine, die Ihr Zuhause besser duften l\u00e4sst und zu Sch\u00f6nheit einl\u00e4dt, klingt zu sch\u00f6n, um wahr zu sein. Kendall Jenner l\u00e4sst diese Fantasie jedoch\" \/>\n<meta property=\"og:url\" content=\"https:\/\/www.strassenweb.de\/nachrichten\/kendall-jenners-achtsames-raumduft-accessoire-ist-ebenso-stilvoll-wie-beruhigend-die-skulpturale-form-eignet-sich-perfekt-fuer-die-gestaltung-eines-couchtisches\/\" \/>\n<meta property=\"og:site_name\" content=\"Stra\u00dfenweb\" \/>\n<meta property=\"article:publisher\" content=\"https:\/\/www.facebook.com\/strassenweb\/\" \/>\n<meta property=\"article:published_time\" content=\"2025-01-04T06:43:38+00:00\" \/>\n<meta property=\"article:modified_time\" content=\"2025-01-04T06:43:47+00:00\" \/>\n<meta property=\"og:image\" content=\"https:\/\/www.strassenweb.de\/nachrichten\/wp-content\/uploads\/2025\/01\/Kendall-Jenners-achtsames-Raumduft-Accessoire-ist-ebenso-stilvoll-wie-beruhigend-\u2013.png\" \/>\n\t<meta property=\"og:image:width\" content=\"1200\" \/>\n\t<meta property=\"og:image:height\" content=\"675\" \/>\n\t<meta property=\"og:image:type\" content=\"image\/png\" \/>\n<meta name=\"author\" content=\"Robert Hoffmann\" \/>\n<meta name=\"twitter:card\" content=\"summary_large_image\" \/>\n<meta name=\"twitter:label1\" content=\"Verfasst von\" \/>\n\t<meta name=\"twitter:data1\" content=\"Robert Hoffmann\" \/>\n\t<meta name=\"twitter:label2\" content=\"Gesch\u00e4tzte Lesezeit\" \/>\n\t<meta name=\"twitter:data2\" content=\"2\u00a0Minuten\" \/>\n<script type=\"application\/ld+json\" class=\"yoast-schema-graph\">{\"@context\":\"https:\\\/\\\/schema.org\",\"@graph\":[{\"@type\":\"Article\",\"@id\":\"https:\\\/\\\/www.strassenweb.de\\\/nachrichten\\\/kendall-jenners-achtsames-raumduft-accessoire-ist-ebenso-stilvoll-wie-beruhigend-die-skulpturale-form-eignet-sich-perfekt-fuer-die-gestaltung-eines-couchtisches\\\/#article\",\"isPartOf\":{\"@id\":\"https:\\\/\\\/www.strassenweb.de\\\/nachrichten\\\/kendall-jenners-achtsames-raumduft-accessoire-ist-ebenso-stilvoll-wie-beruhigend-die-skulpturale-form-eignet-sich-perfekt-fuer-die-gestaltung-eines-couchtisches\\\/\"},\"author\":{\"name\":\"Robert Hoffmann\",\"@id\":\"https:\\\/\\\/www.strassenweb.de\\\/nachrichten\\\/#\\\/schema\\\/person\\\/87c9c9067f1211da429a744dc5a5aa41\"},\"headline\":\"Kendall Jenners achtsames Raumduft-Accessoire ist ebenso stilvoll wie beruhigend \u2013 die skulpturale Form eignet sich perfekt f\u00fcr die Gestaltung eines Couchtisches\",\"datePublished\":\"2025-01-04T06:43:38+00:00\",\"dateModified\":\"2025-01-04T06:43:47+00:00\",\"mainEntityOfPage\":{\"@id\":\"https:\\\/\\\/www.strassenweb.de\\\/nachrichten\\\/kendall-jenners-achtsames-raumduft-accessoire-ist-ebenso-stilvoll-wie-beruhigend-die-skulpturale-form-eignet-sich-perfekt-fuer-die-gestaltung-eines-couchtisches\\\/\"},\"wordCount\":476,\"publisher\":{\"@id\":\"https:\\\/\\\/www.strassenweb.de\\\/nachrichten\\\/#organization\"},\"image\":{\"@id\":\"https:\\\/\\\/www.strassenweb.de\\\/nachrichten\\\/kendall-jenners-achtsames-raumduft-accessoire-ist-ebenso-stilvoll-wie-beruhigend-die-skulpturale-form-eignet-sich-perfekt-fuer-die-gestaltung-eines-couchtisches\\\/#primaryimage\"},\"thumbnailUrl\":\"https:\\\/\\\/www.strassenweb.de\\\/nachrichten\\\/wp-content\\\/uploads\\\/2025\\\/01\\\/Kendall-Jenners-achtsames-Raumduft-Accessoire-ist-ebenso-stilvoll-wie-beruhigend-\u2013.png\",\"keywords\":[\"achtsames\",\"beruhigend\",\"Couchtisches\",\"die\",\"ebenso\",\"Eignet\",\"eines\",\"Form\",\"f\u00fcr\",\"Gestaltung\",\"ist\",\"Jenners\",\"Kendall\",\"perfekt\",\"RaumduftAccessoire\",\"sich\",\"skulpturale\",\"stilvoll\",\"Wie\"],\"articleSection\":[\"Haus &amp; Garten\"],\"inLanguage\":\"de\"},{\"@type\":\"WebPage\",\"@id\":\"https:\\\/\\\/www.strassenweb.de\\\/nachrichten\\\/kendall-jenners-achtsames-raumduft-accessoire-ist-ebenso-stilvoll-wie-beruhigend-die-skulpturale-form-eignet-sich-perfekt-fuer-die-gestaltung-eines-couchtisches\\\/\",\"url\":\"https:\\\/\\\/www.strassenweb.de\\\/nachrichten\\\/kendall-jenners-achtsames-raumduft-accessoire-ist-ebenso-stilvoll-wie-beruhigend-die-skulpturale-form-eignet-sich-perfekt-fuer-die-gestaltung-eines-couchtisches\\\/\",\"name\":\"Kendall Jenners achtsames Raumduft-Accessoire ist ebenso stilvoll wie beruhigend \u2013 die skulpturale Form eignet sich perfekt f\u00fcr die Gestaltung eines Couchtisches - Nachrichten - Stra\u00dfenweb\",\"isPartOf\":{\"@id\":\"https:\\\/\\\/www.strassenweb.de\\\/nachrichten\\\/#website\"},\"primaryImageOfPage\":{\"@id\":\"https:\\\/\\\/www.strassenweb.de\\\/nachrichten\\\/kendall-jenners-achtsames-raumduft-accessoire-ist-ebenso-stilvoll-wie-beruhigend-die-skulpturale-form-eignet-sich-perfekt-fuer-die-gestaltung-eines-couchtisches\\\/#primaryimage\"},\"image\":{\"@id\":\"https:\\\/\\\/www.strassenweb.de\\\/nachrichten\\\/kendall-jenners-achtsames-raumduft-accessoire-ist-ebenso-stilvoll-wie-beruhigend-die-skulpturale-form-eignet-sich-perfekt-fuer-die-gestaltung-eines-couchtisches\\\/#primaryimage\"},\"thumbnailUrl\":\"https:\\\/\\\/www.strassenweb.de\\\/nachrichten\\\/wp-content\\\/uploads\\\/2025\\\/01\\\/Kendall-Jenners-achtsames-Raumduft-Accessoire-ist-ebenso-stilvoll-wie-beruhigend-\u2013.png\",\"datePublished\":\"2025-01-04T06:43:38+00:00\",\"dateModified\":\"2025-01-04T06:43:47+00:00\",\"breadcrumb\":{\"@id\":\"https:\\\/\\\/www.strassenweb.de\\\/nachrichten\\\/kendall-jenners-achtsames-raumduft-accessoire-ist-ebenso-stilvoll-wie-beruhigend-die-skulpturale-form-eignet-sich-perfekt-fuer-die-gestaltung-eines-couchtisches\\\/#breadcrumb\"},\"inLanguage\":\"de\",\"potentialAction\":[{\"@type\":\"ReadAction\",\"target\":[\"https:\\\/\\\/www.strassenweb.de\\\/nachrichten\\\/kendall-jenners-achtsames-raumduft-accessoire-ist-ebenso-stilvoll-wie-beruhigend-die-skulpturale-form-eignet-sich-perfekt-fuer-die-gestaltung-eines-couchtisches\\\/\"]}]},{\"@type\":\"ImageObject\",\"inLanguage\":\"de\",\"@id\":\"https:\\\/\\\/www.strassenweb.de\\\/nachrichten\\\/kendall-jenners-achtsames-raumduft-accessoire-ist-ebenso-stilvoll-wie-beruhigend-die-skulpturale-form-eignet-sich-perfekt-fuer-die-gestaltung-eines-couchtisches\\\/#primaryimage\",\"url\":\"https:\\\/\\\/www.strassenweb.de\\\/nachrichten\\\/wp-content\\\/uploads\\\/2025\\\/01\\\/Kendall-Jenners-achtsames-Raumduft-Accessoire-ist-ebenso-stilvoll-wie-beruhigend-\u2013.png\",\"contentUrl\":\"https:\\\/\\\/www.strassenweb.de\\\/nachrichten\\\/wp-content\\\/uploads\\\/2025\\\/01\\\/Kendall-Jenners-achtsames-Raumduft-Accessoire-ist-ebenso-stilvoll-wie-beruhigend-\u2013.png\",\"width\":1200,\"height\":675,\"caption\":\"Kendall Jenners achtsames Raumduft-Accessoire ist ebenso stilvoll wie beruhigend \u2013 die skulpturale Form eignet sich perfekt f\u00fcr die Gestaltung eines Couchtisches\"},{\"@type\":\"BreadcrumbList\",\"@id\":\"https:\\\/\\\/www.strassenweb.de\\\/nachrichten\\\/kendall-jenners-achtsames-raumduft-accessoire-ist-ebenso-stilvoll-wie-beruhigend-die-skulpturale-form-eignet-sich-perfekt-fuer-die-gestaltung-eines-couchtisches\\\/#breadcrumb\",\"itemListElement\":[{\"@type\":\"ListItem\",\"position\":1,\"name\":\"Home\",\"item\":\"https:\\\/\\\/www.strassenweb.de\\\/nachrichten\\\/\"},{\"@type\":\"ListItem\",\"position\":2,\"name\":\"Kendall Jenners achtsames Raumduft-Accessoire ist ebenso stilvoll wie beruhigend \u2013 die skulpturale Form eignet sich perfekt f\u00fcr die Gestaltung eines Couchtisches\"}]},{\"@type\":\"WebSite\",\"@id\":\"https:\\\/\\\/www.strassenweb.de\\\/nachrichten\\\/#website\",\"url\":\"https:\\\/\\\/www.strassenweb.de\\\/nachrichten\\\/\",\"name\":\"Stra\u00dfenweb\",\"description\":\"Stra\u00dfenverzeichnis f\u00fcr Deutschland\",\"publisher\":{\"@id\":\"https:\\\/\\\/www.strassenweb.de\\\/nachrichten\\\/#organization\"},\"potentialAction\":[{\"@type\":\"SearchAction\",\"target\":{\"@type\":\"EntryPoint\",\"urlTemplate\":\"https:\\\/\\\/www.strassenweb.de\\\/nachrichten\\\/?s={search_term_string}\"},\"query-input\":{\"@type\":\"PropertyValueSpecification\",\"valueRequired\":true,\"valueName\":\"search_term_string\"}}],\"inLanguage\":\"de\"},{\"@type\":\"Organization\",\"@id\":\"https:\\\/\\\/www.strassenweb.de\\\/nachrichten\\\/#organization\",\"name\":\"Stra\u00dfenweb\",\"url\":\"https:\\\/\\\/www.strassenweb.de\\\/nachrichten\\\/\",\"logo\":{\"@type\":\"ImageObject\",\"inLanguage\":\"de\",\"@id\":\"https:\\\/\\\/www.strassenweb.de\\\/nachrichten\\\/#\\\/schema\\\/logo\\\/image\\\/\",\"url\":\"https:\\\/\\\/www.strassenweb.de\\\/nachrichten\\\/wp-content\\\/uploads\\\/2024\\\/09\\\/cropped-favicon.png\",\"contentUrl\":\"https:\\\/\\\/www.strassenweb.de\\\/nachrichten\\\/wp-content\\\/uploads\\\/2024\\\/09\\\/cropped-favicon.png\",\"width\":512,\"height\":512,\"caption\":\"Stra\u00dfenweb\"},\"image\":{\"@id\":\"https:\\\/\\\/www.strassenweb.de\\\/nachrichten\\\/#\\\/schema\\\/logo\\\/image\\\/\"},\"sameAs\":[\"https:\\\/\\\/www.facebook.com\\\/strassenweb\\\/\"]},{\"@type\":\"Person\",\"@id\":\"https:\\\/\\\/www.strassenweb.de\\\/nachrichten\\\/#\\\/schema\\\/person\\\/87c9c9067f1211da429a744dc5a5aa41\",\"name\":\"Robert Hoffmann\",\"image\":{\"@type\":\"ImageObject\",\"inLanguage\":\"de\",\"@id\":\"https:\\\/\\\/www.strassenweb.de\\\/nachrichten\\\/wp-content\\\/uploads\\\/2024\\\/09\\\/strassenweb-150x150.jpg\",\"url\":\"https:\\\/\\\/www.strassenweb.de\\\/nachrichten\\\/wp-content\\\/uploads\\\/2024\\\/09\\\/strassenweb-150x150.jpg\",\"contentUrl\":\"https:\\\/\\\/www.strassenweb.de\\\/nachrichten\\\/wp-content\\\/uploads\\\/2024\\\/09\\\/strassenweb-150x150.jpg\",\"caption\":\"Robert Hoffmann\"},\"description\":\"Ich hei\u00dfe Robert Hoffmann und ich bin ein leidenschaftlicher Verfechter von \u00d6kologie und Biodiversit\u00e4t. Seit meiner Kindheit in den W\u00e4ldern Bayerns f\u00fchle ich mich mit der Natur verbunden und bin entschlossen, sie zu sch\u00fctzen. Heute widme ich mein Leben der Sensibilisierung anderer f\u00fcr die Bedeutung des Umweltschutzes f\u00fcr zuk\u00fcnftige Generationen.\",\"sameAs\":[\"https:\\\/\\\/www.strassenweb.de\\\/\"]}]}<\/script>\n<!-- \/ Yoast SEO plugin. -->","yoast_head_json":{"title":"Kendall Jenners achtsames Raumduft-Accessoire ist ebenso stilvoll wie beruhigend \u2013 die skulpturale Form eignet sich perfekt f\u00fcr die Gestaltung eines Couchtisches - Nachrichten - Stra\u00dfenweb","robots":{"index":"index","follow":"follow","max-snippet":"max-snippet:-1","max-image-preview":"max-image-preview:large","max-video-preview":"max-video-preview:-1"},"canonical":"https:\/\/www.strassenweb.de\/nachrichten\/kendall-jenners-achtsames-raumduft-accessoire-ist-ebenso-stilvoll-wie-beruhigend-die-skulpturale-form-eignet-sich-perfekt-fuer-die-gestaltung-eines-couchtisches\/","og_locale":"de_DE","og_type":"article","og_title":"Kendall Jenners achtsames Raumduft-Accessoire ist ebenso stilvoll wie beruhigend \u2013 die skulpturale Form eignet sich perfekt f\u00fcr die Gestaltung eines Couchtisches - Nachrichten - Stra\u00dfenweb","og_description":"Eine Selbstpflegeroutine, die Ihr Zuhause besser duften l\u00e4sst und zu Sch\u00f6nheit einl\u00e4dt, klingt zu sch\u00f6n, um wahr zu sein. Kendall Jenner l\u00e4sst diese Fantasie jedoch","og_url":"https:\/\/www.strassenweb.de\/nachrichten\/kendall-jenners-achtsames-raumduft-accessoire-ist-ebenso-stilvoll-wie-beruhigend-die-skulpturale-form-eignet-sich-perfekt-fuer-die-gestaltung-eines-couchtisches\/","og_site_name":"Stra\u00dfenweb","article_publisher":"https:\/\/www.facebook.com\/strassenweb\/","article_published_time":"2025-01-04T06:43:38+00:00","article_modified_time":"2025-01-04T06:43:47+00:00","og_image":[{"width":1200,"height":675,"url":"https:\/\/www.strassenweb.de\/nachrichten\/wp-content\/uploads\/2025\/01\/Kendall-Jenners-achtsames-Raumduft-Accessoire-ist-ebenso-stilvoll-wie-beruhigend-\u2013.png","type":"image\/png"}],"author":"Robert Hoffmann","twitter_card":"summary_large_image","twitter_misc":{"Verfasst von":"Robert Hoffmann","Gesch\u00e4tzte Lesezeit":"2\u00a0Minuten"},"schema":{"@context":"https:\/\/schema.org","@graph":[{"@type":"Article","@id":"https:\/\/www.strassenweb.de\/nachrichten\/kendall-jenners-achtsames-raumduft-accessoire-ist-ebenso-stilvoll-wie-beruhigend-die-skulpturale-form-eignet-sich-perfekt-fuer-die-gestaltung-eines-couchtisches\/#article","isPartOf":{"@id":"https:\/\/www.strassenweb.de\/nachrichten\/kendall-jenners-achtsames-raumduft-accessoire-ist-ebenso-stilvoll-wie-beruhigend-die-skulpturale-form-eignet-sich-perfekt-fuer-die-gestaltung-eines-couchtisches\/"},"author":{"name":"Robert Hoffmann","@id":"https:\/\/www.strassenweb.de\/nachrichten\/#\/schema\/person\/87c9c9067f1211da429a744dc5a5aa41"},"headline":"Kendall Jenners achtsames Raumduft-Accessoire ist ebenso stilvoll wie beruhigend \u2013 die skulpturale Form eignet sich perfekt f\u00fcr die Gestaltung eines Couchtisches","datePublished":"2025-01-04T06:43:38+00:00","dateModified":"2025-01-04T06:43:47+00:00","mainEntityOfPage":{"@id":"https:\/\/www.strassenweb.de\/nachrichten\/kendall-jenners-achtsames-raumduft-accessoire-ist-ebenso-stilvoll-wie-beruhigend-die-skulpturale-form-eignet-sich-perfekt-fuer-die-gestaltung-eines-couchtisches\/"},"wordCount":476,"publisher":{"@id":"https:\/\/www.strassenweb.de\/nachrichten\/#organization"},"image":{"@id":"https:\/\/www.strassenweb.de\/nachrichten\/kendall-jenners-achtsames-raumduft-accessoire-ist-ebenso-stilvoll-wie-beruhigend-die-skulpturale-form-eignet-sich-perfekt-fuer-die-gestaltung-eines-couchtisches\/#primaryimage"},"thumbnailUrl":"https:\/\/www.strassenweb.de\/nachrichten\/wp-content\/uploads\/2025\/01\/Kendall-Jenners-achtsames-Raumduft-Accessoire-ist-ebenso-stilvoll-wie-beruhigend-\u2013.png","keywords":["achtsames","beruhigend","Couchtisches","die","ebenso","Eignet","eines","Form","f\u00fcr","Gestaltung","ist","Jenners","Kendall","perfekt","RaumduftAccessoire","sich","skulpturale","stilvoll","Wie"],"articleSection":["Haus &amp; Garten"],"inLanguage":"de"},{"@type":"WebPage","@id":"https:\/\/www.strassenweb.de\/nachrichten\/kendall-jenners-achtsames-raumduft-accessoire-ist-ebenso-stilvoll-wie-beruhigend-die-skulpturale-form-eignet-sich-perfekt-fuer-die-gestaltung-eines-couchtisches\/","url":"https:\/\/www.strassenweb.de\/nachrichten\/kendall-jenners-achtsames-raumduft-accessoire-ist-ebenso-stilvoll-wie-beruhigend-die-skulpturale-form-eignet-sich-perfekt-fuer-die-gestaltung-eines-couchtisches\/","name":"Kendall Jenners achtsames Raumduft-Accessoire ist ebenso stilvoll wie beruhigend \u2013 die skulpturale Form eignet sich perfekt f\u00fcr die Gestaltung eines Couchtisches - Nachrichten - Stra\u00dfenweb","isPartOf":{"@id":"https:\/\/www.strassenweb.de\/nachrichten\/#website"},"primaryImageOfPage":{"@id":"https:\/\/www.strassenweb.de\/nachrichten\/kendall-jenners-achtsames-raumduft-accessoire-ist-ebenso-stilvoll-wie-beruhigend-die-skulpturale-form-eignet-sich-perfekt-fuer-die-gestaltung-eines-couchtisches\/#primaryimage"},"image":{"@id":"https:\/\/www.strassenweb.de\/nachrichten\/kendall-jenners-achtsames-raumduft-accessoire-ist-ebenso-stilvoll-wie-beruhigend-die-skulpturale-form-eignet-sich-perfekt-fuer-die-gestaltung-eines-couchtisches\/#primaryimage"},"thumbnailUrl":"https:\/\/www.strassenweb.de\/nachrichten\/wp-content\/uploads\/2025\/01\/Kendall-Jenners-achtsames-Raumduft-Accessoire-ist-ebenso-stilvoll-wie-beruhigend-\u2013.png","datePublished":"2025-01-04T06:43:38+00:00","dateModified":"2025-01-04T06:43:47+00:00","breadcrumb":{"@id":"https:\/\/www.strassenweb.de\/nachrichten\/kendall-jenners-achtsames-raumduft-accessoire-ist-ebenso-stilvoll-wie-beruhigend-die-skulpturale-form-eignet-sich-perfekt-fuer-die-gestaltung-eines-couchtisches\/#breadcrumb"},"inLanguage":"de","potentialAction":[{"@type":"ReadAction","target":["https:\/\/www.strassenweb.de\/nachrichten\/kendall-jenners-achtsames-raumduft-accessoire-ist-ebenso-stilvoll-wie-beruhigend-die-skulpturale-form-eignet-sich-perfekt-fuer-die-gestaltung-eines-couchtisches\/"]}]},{"@type":"ImageObject","inLanguage":"de","@id":"https:\/\/www.strassenweb.de\/nachrichten\/kendall-jenners-achtsames-raumduft-accessoire-ist-ebenso-stilvoll-wie-beruhigend-die-skulpturale-form-eignet-sich-perfekt-fuer-die-gestaltung-eines-couchtisches\/#primaryimage","url":"https:\/\/www.strassenweb.de\/nachrichten\/wp-content\/uploads\/2025\/01\/Kendall-Jenners-achtsames-Raumduft-Accessoire-ist-ebenso-stilvoll-wie-beruhigend-\u2013.png","contentUrl":"https:\/\/www.strassenweb.de\/nachrichten\/wp-content\/uploads\/2025\/01\/Kendall-Jenners-achtsames-Raumduft-Accessoire-ist-ebenso-stilvoll-wie-beruhigend-\u2013.png","width":1200,"height":675,"caption":"Kendall Jenners achtsames Raumduft-Accessoire ist ebenso stilvoll wie beruhigend \u2013 die skulpturale Form eignet sich perfekt f\u00fcr die Gestaltung eines Couchtisches"},{"@type":"BreadcrumbList","@id":"https:\/\/www.strassenweb.de\/nachrichten\/kendall-jenners-achtsames-raumduft-accessoire-ist-ebenso-stilvoll-wie-beruhigend-die-skulpturale-form-eignet-sich-perfekt-fuer-die-gestaltung-eines-couchtisches\/#breadcrumb","itemListElement":[{"@type":"ListItem","position":1,"name":"Home","item":"https:\/\/www.strassenweb.de\/nachrichten\/"},{"@type":"ListItem","position":2,"name":"Kendall Jenners achtsames Raumduft-Accessoire ist ebenso stilvoll wie beruhigend \u2013 die skulpturale Form eignet sich perfekt f\u00fcr die Gestaltung eines Couchtisches"}]},{"@type":"WebSite","@id":"https:\/\/www.strassenweb.de\/nachrichten\/#website","url":"https:\/\/www.strassenweb.de\/nachrichten\/","name":"Stra\u00dfenweb","description":"Stra\u00dfenverzeichnis f\u00fcr Deutschland","publisher":{"@id":"https:\/\/www.strassenweb.de\/nachrichten\/#organization"},"potentialAction":[{"@type":"SearchAction","target":{"@type":"EntryPoint","urlTemplate":"https:\/\/www.strassenweb.de\/nachrichten\/?s={search_term_string}"},"query-input":{"@type":"PropertyValueSpecification","valueRequired":true,"valueName":"search_term_string"}}],"inLanguage":"de"},{"@type":"Organization","@id":"https:\/\/www.strassenweb.de\/nachrichten\/#organization","name":"Stra\u00dfenweb","url":"https:\/\/www.strassenweb.de\/nachrichten\/","logo":{"@type":"ImageObject","inLanguage":"de","@id":"https:\/\/www.strassenweb.de\/nachrichten\/#\/schema\/logo\/image\/","url":"https:\/\/www.strassenweb.de\/nachrichten\/wp-content\/uploads\/2024\/09\/cropped-favicon.png","contentUrl":"https:\/\/www.strassenweb.de\/nachrichten\/wp-content\/uploads\/2024\/09\/cropped-favicon.png","width":512,"height":512,"caption":"Stra\u00dfenweb"},"image":{"@id":"https:\/\/www.strassenweb.de\/nachrichten\/#\/schema\/logo\/image\/"},"sameAs":["https:\/\/www.facebook.com\/strassenweb\/"]},{"@type":"Person","@id":"https:\/\/www.strassenweb.de\/nachrichten\/#\/schema\/person\/87c9c9067f1211da429a744dc5a5aa41","name":"Robert Hoffmann","image":{"@type":"ImageObject","inLanguage":"de","@id":"https:\/\/www.strassenweb.de\/nachrichten\/wp-content\/uploads\/2024\/09\/strassenweb-150x150.jpg","url":"https:\/\/www.strassenweb.de\/nachrichten\/wp-content\/uploads\/2024\/09\/strassenweb-150x150.jpg","contentUrl":"https:\/\/www.strassenweb.de\/nachrichten\/wp-content\/uploads\/2024\/09\/strassenweb-150x150.jpg","caption":"Robert Hoffmann"},"description":"Ich hei\u00dfe Robert Hoffmann und ich bin ein leidenschaftlicher Verfechter von \u00d6kologie und Biodiversit\u00e4t. Seit meiner Kindheit in den W\u00e4ldern Bayerns f\u00fchle ich mich mit der Natur verbunden und bin entschlossen, sie zu sch\u00fctzen. Heute widme ich mein Leben der Sensibilisierung anderer f\u00fcr die Bedeutung des Umweltschutzes f\u00fcr zuk\u00fcnftige Generationen.","sameAs":["https:\/\/www.strassenweb.de\/"]}]}},"_links":{"self":[{"href":"https:\/\/www.strassenweb.de\/nachrichten\/wp-json\/wp\/v2\/posts\/2505","targetHints":{"allow":["GET"]}}],"collection":[{"href":"https:\/\/www.strassenweb.de\/nachrichten\/wp-json\/wp\/v2\/posts"}],"about":[{"href":"https:\/\/www.strassenweb.de\/nachrichten\/wp-json\/wp\/v2\/types\/post"}],"author":[{"embeddable":true,"href":"https:\/\/www.strassenweb.de\/nachrichten\/wp-json\/wp\/v2\/users\/1"}],"replies":[{"embeddable":true,"href":"https:\/\/www.strassenweb.de\/nachrichten\/wp-json\/wp\/v2\/comments?post=2505"}],"version-history":[{"count":0,"href":"https:\/\/www.strassenweb.de\/nachrichten\/wp-json\/wp\/v2\/posts\/2505\/revisions"}],"wp:featuredmedia":[{"embeddable":true,"href":"https:\/\/www.strassenweb.de\/nachrichten\/wp-json\/wp\/v2\/media\/2506"}],"wp:attachment":[{"href":"https:\/\/www.strassenweb.de\/nachrichten\/wp-json\/wp\/v2\/media?parent=2505"}],"wp:term":[{"taxonomy":"category","embeddable":true,"href":"https:\/\/www.strassenweb.de\/nachrichten\/wp-json\/wp\/v2\/categories?post=2505"},{"taxonomy":"post_tag","embeddable":true,"href":"https:\/\/www.strassenweb.de\/nachrichten\/wp-json\/wp\/v2\/tags?post=2505"}],"curies":[{"name":"wp","href":"https:\/\/api.w.org\/{rel}","templated":true}]}}