{"id":2502,"date":"2025-01-04T04:02:13","date_gmt":"2025-01-04T03:02:13","guid":{"rendered":"https:\/\/www.strassenweb.de\/nachrichten\/kris-jenner-verwendet-diese-kerze-um-ihr-zimmer-sofort-gemuetlich-zu-machen-sie-riecht-teuer-ist-aber-fuer-weniger-als-50-us-dollar-erhaeltlich\/"},"modified":"2025-01-04T04:02:15","modified_gmt":"2025-01-04T03:02:15","slug":"kris-jenner-verwendet-diese-kerze-um-ihr-zimmer-sofort-gemuetlich-zu-machen-sie-riecht-teuer-ist-aber-fuer-weniger-als-50-us-dollar-erhaeltlich","status":"publish","type":"post","link":"https:\/\/www.strassenweb.de\/nachrichten\/kris-jenner-verwendet-diese-kerze-um-ihr-zimmer-sofort-gemuetlich-zu-machen-sie-riecht-teuer-ist-aber-fuer-weniger-als-50-us-dollar-erhaeltlich\/","title":{"rendered":"Kris Jenner verwendet diese Kerze, um ihr Zimmer \u201esofort gem\u00fctlich\u201c zu machen \u2013 sie riecht teuer, ist aber f\u00fcr weniger als 50 US-Dollar erh\u00e4ltlich"},"content":{"rendered":"<p><\/p>\n<div id=\"article-body\" class=\"article__body \">\n<p>Die Duftkerzen-Saison ist noch lange nicht vorbei; Tats\u00e4chlich ist der Januar (in unseren Augen) die beste Zeit, neue D\u00fcfte in Ihr Zuhause einzuf\u00fchren.<\/p>\n<div id=\"ad-unit-1\" class=\"ad-unit\"><\/div>\n<p>Deshalb sind wir immer auf der Suche nach neuen und aufregenden Raumd\u00fcften. Als wir sahen, dass Kris Jenner k\u00fcrzlich in einer Poosh-Meldung ihre Lieblingsduftkerze enth\u00fcllte, mussten wir der Sache nachgehen. Ihre Wahl fiel auf eine der besten Kerzen auf dem Markt, die jedoch \u00fcberraschend erschwinglich ist.<\/p>\n<aside class=\"hawk-nest\" data-block-type=\"embed\" data-render-type=\"fte\" data-skip=\"dealsy\" data-widget-type=\"seasonal\">\n<div class=\"hawk-master-widget-hawk-base-wrapper\"><\/div>\n<\/aside>\n<p>In dem Artikel gibt Jenner an, dass ihre Lieblingskerze der Humidor-Duft von DEHV ist (erh\u00e4ltlich bei West Elm). Als Noten der betreffenden Kerze sind Tabak, Bernsteinharz, Mahagoni, Vanilleschote und dunkler Rum (auch bekannt als die perfekte Wintermischung) aufgef\u00fchrt.<\/p>\n<div id=\"desktop-in-article\" class=\"in-article ad-unit\">\n<div id=\"desktop-taboola-mid-article\"><\/div>\n<\/div>\n<div id=\"mobile-in-article\" class=\"in-article ad-unit\">\n<div id=\"mobile-taboola-mid-article\"><\/div>\n<\/div>\n<p>\u201eIch lege gro\u00dfen Wert auf Raumd\u00fcfte und mein Haus ist voller Kerzen\u201c, sagt sie in dem Artikel. \u201eIch liebe die Mahagoni- und Vanillenoten dieser Kerze und sie machen jeden Raum sofort gem\u00fctlich.\u201c<\/p>\n<div class=\"van_vid_carousel\">\n<div class=\"van_vid_carousel__padding\">\n<div class=\"van_vid_carousel__container\"><\/div>\n<\/div>\n<\/div>\n<div class=\"product-container hero-product-container product-block-no-wrap\"><\/div>\n<p>Das schlanke, minimalistische Design der Kerze selbst ist ein wichtiges Verkaufsargument, aber es stellt sich heraus, dass sie auch nachhaltig ist. Das Betongef\u00e4\u00df kann als Topf f\u00fcr Starterpflanzen verwendet werden, wenn das Wachs aufgebraucht ist, was es zu einem Zwei-in-Eins-Kauf macht. Die Zartheit der Bl\u00e4tter und Bl\u00fcten w\u00fcrde einen wundersch\u00f6nen Kontrast zur harten, k\u00fchlen Oberfl\u00e4che des Topfes bilden und ihn zu einem langlebigen Wohnaccessoire machen.<\/p>\n<div id=\"ad-unit-2\" class=\"ad-unit\"><\/div>\n<p>Dar\u00fcber hinaus bestehen die Kerzen zu 100 % aus Sojawachs, haben einen einzigen Docht und eine Brenndauer von bis zu 50 Stunden.<\/p>\n<p>Wenn der rauchige Duft, den Kris bevorzugt, nicht Ihr Ding ist, gibt es jede Menge andere D\u00fcfte zur Auswahl, darunter Blumen- und Gourmetd\u00fcfte, die alle in derselben Betonh\u00fclle untergebracht sind. Wir haben eine Vorliebe f\u00fcr Blush (auch bei West Elm erh\u00e4ltlich), das Rhabarber, wei\u00dfen Tee, Geranie, Pfingstrose und schwarze Johannisbeere enth\u00e4lt, und Riviera, das nach Meersalz, Lavendel, Zitrone, Treibholz und Rosenknospen duftet.<\/p>\n<div id=\"slice-container-newsletterForm-articleInbodyContent-h3dhYuptj9mfqmNGouGhmR\" class=\"slice-container newsletter-inbodyContent-slice newsletterForm-articleInbodyContent-h3dhYuptj9mfqmNGouGhmR slice-container-newsletterForm\"><\/div>\n<p>\u201eDas Einzige, was besser ist als eine von Prominenten empfohlene Kerze, ist eine, die auch nach dem Abbrennen noch funktionsf\u00e4hig bleibt\u201c, kommentiert Megan Slack, Leiterin der Promi-Nachrichten. \u201eVor diesem Hintergrund ist Jenners Favorit kaum zu schlagen.\u201c Ich empfehle die Verwendung der schlanken Schale f\u00fcr eine kleine K\u00fcbelpflanze \u2013 perfekt f\u00fcr jedes minimalistische Wohnzimmer. Ich werde diesen Januar eine f\u00fcr mein eigenes Zuhause bestellen, und sie wird noch bis weit in den Sommer hinein und dar\u00fcber hinaus in meinen Regalen (zusammen mit einer Zimmerpflanze) stehen.\u201c<\/p>\n<hr>\n<\/div>\n","protected":false},"excerpt":{"rendered":"<p>Die Duftkerzen-Saison ist noch lange nicht vorbei; Tats\u00e4chlich ist der Januar (in unseren Augen) die beste Zeit, neue D\u00fcfte in Ihr Zuhause einzuf\u00fchren. Deshalb sind<\/p>\n","protected":false},"author":1,"featured_media":2503,"comment_status":"closed","ping_status":"","sticky":false,"template":"","format":"standard","meta":{"footnotes":""},"categories":[118],"tags":[357,935,143,2759,55,934,170,15,2927,4202,2926,410,1646,165,197,198,1038,207,648,4203],"class_list":["post-2502","post","type-post","status-publish","format-standard","has-post-thumbnail","hentry","category-haus-garten","tag-aber","tag-als","tag-diese","tag-erhaeltlich","tag-fuer","tag-gemuetlich","tag-ihr","tag-ist","tag-jenner","tag-kerze","tag-kris","tag-machen","tag-riecht","tag-sie","tag-sofort","tag-teuer","tag-usdollar","tag-verwendet","tag-weniger","tag-zimmer","generate-columns","tablet-grid-50","mobile-grid-100","grid-parent","grid-50"],"yoast_head":"<!-- This site is optimized with the Yoast SEO plugin v27.3 - https:\/\/yoast.com\/product\/yoast-seo-wordpress\/ -->\n<title>Kris Jenner verwendet diese Kerze, um ihr Zimmer \u201esofort gem\u00fctlich\u201c zu machen \u2013 sie riecht teuer, ist aber f\u00fcr weniger als 50 US-Dollar erh\u00e4ltlich - Nachrichten - Stra\u00dfenweb<\/title>\n<meta name=\"robots\" content=\"index, follow, max-snippet:-1, max-image-preview:large, max-video-preview:-1\" \/>\n<link rel=\"canonical\" href=\"https:\/\/www.strassenweb.de\/nachrichten\/kris-jenner-verwendet-diese-kerze-um-ihr-zimmer-sofort-gemuetlich-zu-machen-sie-riecht-teuer-ist-aber-fuer-weniger-als-50-us-dollar-erhaeltlich\/\" \/>\n<meta property=\"og:locale\" content=\"de_DE\" \/>\n<meta property=\"og:type\" content=\"article\" \/>\n<meta property=\"og:title\" content=\"Kris Jenner verwendet diese Kerze, um ihr Zimmer \u201esofort gem\u00fctlich\u201c zu machen \u2013 sie riecht teuer, ist aber f\u00fcr weniger als 50 US-Dollar erh\u00e4ltlich - Nachrichten - Stra\u00dfenweb\" \/>\n<meta property=\"og:description\" content=\"Die Duftkerzen-Saison ist noch lange nicht vorbei; Tats\u00e4chlich ist der Januar (in unseren Augen) die beste Zeit, neue D\u00fcfte in Ihr Zuhause einzuf\u00fchren. Deshalb sind\" \/>\n<meta property=\"og:url\" content=\"https:\/\/www.strassenweb.de\/nachrichten\/kris-jenner-verwendet-diese-kerze-um-ihr-zimmer-sofort-gemuetlich-zu-machen-sie-riecht-teuer-ist-aber-fuer-weniger-als-50-us-dollar-erhaeltlich\/\" \/>\n<meta property=\"og:site_name\" content=\"Stra\u00dfenweb\" \/>\n<meta property=\"article:publisher\" content=\"https:\/\/www.facebook.com\/strassenweb\/\" \/>\n<meta property=\"article:published_time\" content=\"2025-01-04T03:02:13+00:00\" \/>\n<meta property=\"article:modified_time\" content=\"2025-01-04T03:02:15+00:00\" \/>\n<meta property=\"og:image\" content=\"https:\/\/www.strassenweb.de\/nachrichten\/wp-content\/uploads\/2025\/01\/Kris-Jenner-verwendet-diese-Kerze-um-ihr-Zimmer-\u201esofort-gemuetlich.jpg\" \/>\n\t<meta property=\"og:image:width\" content=\"1200\" \/>\n\t<meta property=\"og:image:height\" content=\"675\" \/>\n\t<meta property=\"og:image:type\" content=\"image\/jpeg\" \/>\n<meta name=\"author\" content=\"Robert Hoffmann\" \/>\n<meta name=\"twitter:card\" content=\"summary_large_image\" \/>\n<meta name=\"twitter:label1\" content=\"Verfasst von\" \/>\n\t<meta name=\"twitter:data1\" content=\"Robert Hoffmann\" \/>\n\t<meta name=\"twitter:label2\" content=\"Gesch\u00e4tzte Lesezeit\" \/>\n\t<meta name=\"twitter:data2\" content=\"2\u00a0Minuten\" \/>\n<script type=\"application\/ld+json\" class=\"yoast-schema-graph\">{\"@context\":\"https:\\\/\\\/schema.org\",\"@graph\":[{\"@type\":\"Article\",\"@id\":\"https:\\\/\\\/www.strassenweb.de\\\/nachrichten\\\/kris-jenner-verwendet-diese-kerze-um-ihr-zimmer-sofort-gemuetlich-zu-machen-sie-riecht-teuer-ist-aber-fuer-weniger-als-50-us-dollar-erhaeltlich\\\/#article\",\"isPartOf\":{\"@id\":\"https:\\\/\\\/www.strassenweb.de\\\/nachrichten\\\/kris-jenner-verwendet-diese-kerze-um-ihr-zimmer-sofort-gemuetlich-zu-machen-sie-riecht-teuer-ist-aber-fuer-weniger-als-50-us-dollar-erhaeltlich\\\/\"},\"author\":{\"name\":\"Robert Hoffmann\",\"@id\":\"https:\\\/\\\/www.strassenweb.de\\\/nachrichten\\\/#\\\/schema\\\/person\\\/87c9c9067f1211da429a744dc5a5aa41\"},\"headline\":\"Kris Jenner verwendet diese Kerze, um ihr Zimmer \u201esofort gem\u00fctlich\u201c zu machen \u2013 sie riecht teuer, ist aber f\u00fcr weniger als 50 US-Dollar erh\u00e4ltlich\",\"datePublished\":\"2025-01-04T03:02:13+00:00\",\"dateModified\":\"2025-01-04T03:02:15+00:00\",\"mainEntityOfPage\":{\"@id\":\"https:\\\/\\\/www.strassenweb.de\\\/nachrichten\\\/kris-jenner-verwendet-diese-kerze-um-ihr-zimmer-sofort-gemuetlich-zu-machen-sie-riecht-teuer-ist-aber-fuer-weniger-als-50-us-dollar-erhaeltlich\\\/\"},\"wordCount\":425,\"publisher\":{\"@id\":\"https:\\\/\\\/www.strassenweb.de\\\/nachrichten\\\/#organization\"},\"image\":{\"@id\":\"https:\\\/\\\/www.strassenweb.de\\\/nachrichten\\\/kris-jenner-verwendet-diese-kerze-um-ihr-zimmer-sofort-gemuetlich-zu-machen-sie-riecht-teuer-ist-aber-fuer-weniger-als-50-us-dollar-erhaeltlich\\\/#primaryimage\"},\"thumbnailUrl\":\"https:\\\/\\\/www.strassenweb.de\\\/nachrichten\\\/wp-content\\\/uploads\\\/2025\\\/01\\\/Kris-Jenner-verwendet-diese-Kerze-um-ihr-Zimmer-\u201esofort-gemuetlich.jpg\",\"keywords\":[\"aber\",\"als\",\"diese\",\"erh\u00e4ltlich\",\"f\u00fcr\",\"gem\u00fctlich\",\"Ihr\",\"ist\",\"Jenner\",\"Kerze\",\"Kris\",\"machen\",\"riecht\",\"Sie\",\"sofort\",\"teuer\",\"USDollar\",\"verwendet\",\"weniger\",\"Zimmer\"],\"articleSection\":[\"Haus &amp; Garten\"],\"inLanguage\":\"de\"},{\"@type\":\"WebPage\",\"@id\":\"https:\\\/\\\/www.strassenweb.de\\\/nachrichten\\\/kris-jenner-verwendet-diese-kerze-um-ihr-zimmer-sofort-gemuetlich-zu-machen-sie-riecht-teuer-ist-aber-fuer-weniger-als-50-us-dollar-erhaeltlich\\\/\",\"url\":\"https:\\\/\\\/www.strassenweb.de\\\/nachrichten\\\/kris-jenner-verwendet-diese-kerze-um-ihr-zimmer-sofort-gemuetlich-zu-machen-sie-riecht-teuer-ist-aber-fuer-weniger-als-50-us-dollar-erhaeltlich\\\/\",\"name\":\"Kris Jenner verwendet diese Kerze, um ihr Zimmer \u201esofort gem\u00fctlich\u201c zu machen \u2013 sie riecht teuer, ist aber f\u00fcr weniger als 50 US-Dollar erh\u00e4ltlich - Nachrichten - Stra\u00dfenweb\",\"isPartOf\":{\"@id\":\"https:\\\/\\\/www.strassenweb.de\\\/nachrichten\\\/#website\"},\"primaryImageOfPage\":{\"@id\":\"https:\\\/\\\/www.strassenweb.de\\\/nachrichten\\\/kris-jenner-verwendet-diese-kerze-um-ihr-zimmer-sofort-gemuetlich-zu-machen-sie-riecht-teuer-ist-aber-fuer-weniger-als-50-us-dollar-erhaeltlich\\\/#primaryimage\"},\"image\":{\"@id\":\"https:\\\/\\\/www.strassenweb.de\\\/nachrichten\\\/kris-jenner-verwendet-diese-kerze-um-ihr-zimmer-sofort-gemuetlich-zu-machen-sie-riecht-teuer-ist-aber-fuer-weniger-als-50-us-dollar-erhaeltlich\\\/#primaryimage\"},\"thumbnailUrl\":\"https:\\\/\\\/www.strassenweb.de\\\/nachrichten\\\/wp-content\\\/uploads\\\/2025\\\/01\\\/Kris-Jenner-verwendet-diese-Kerze-um-ihr-Zimmer-\u201esofort-gemuetlich.jpg\",\"datePublished\":\"2025-01-04T03:02:13+00:00\",\"dateModified\":\"2025-01-04T03:02:15+00:00\",\"breadcrumb\":{\"@id\":\"https:\\\/\\\/www.strassenweb.de\\\/nachrichten\\\/kris-jenner-verwendet-diese-kerze-um-ihr-zimmer-sofort-gemuetlich-zu-machen-sie-riecht-teuer-ist-aber-fuer-weniger-als-50-us-dollar-erhaeltlich\\\/#breadcrumb\"},\"inLanguage\":\"de\",\"potentialAction\":[{\"@type\":\"ReadAction\",\"target\":[\"https:\\\/\\\/www.strassenweb.de\\\/nachrichten\\\/kris-jenner-verwendet-diese-kerze-um-ihr-zimmer-sofort-gemuetlich-zu-machen-sie-riecht-teuer-ist-aber-fuer-weniger-als-50-us-dollar-erhaeltlich\\\/\"]}]},{\"@type\":\"ImageObject\",\"inLanguage\":\"de\",\"@id\":\"https:\\\/\\\/www.strassenweb.de\\\/nachrichten\\\/kris-jenner-verwendet-diese-kerze-um-ihr-zimmer-sofort-gemuetlich-zu-machen-sie-riecht-teuer-ist-aber-fuer-weniger-als-50-us-dollar-erhaeltlich\\\/#primaryimage\",\"url\":\"https:\\\/\\\/www.strassenweb.de\\\/nachrichten\\\/wp-content\\\/uploads\\\/2025\\\/01\\\/Kris-Jenner-verwendet-diese-Kerze-um-ihr-Zimmer-\u201esofort-gemuetlich.jpg\",\"contentUrl\":\"https:\\\/\\\/www.strassenweb.de\\\/nachrichten\\\/wp-content\\\/uploads\\\/2025\\\/01\\\/Kris-Jenner-verwendet-diese-Kerze-um-ihr-Zimmer-\u201esofort-gemuetlich.jpg\",\"width\":1200,\"height\":675,\"caption\":\"Kris Jenner verwendet diese Kerze, um ihr Zimmer \u201esofort gem\u00fctlich\u201c zu machen \u2013 sie riecht teuer, ist aber f\u00fcr weniger als 50 US-Dollar erh\u00e4ltlich\"},{\"@type\":\"BreadcrumbList\",\"@id\":\"https:\\\/\\\/www.strassenweb.de\\\/nachrichten\\\/kris-jenner-verwendet-diese-kerze-um-ihr-zimmer-sofort-gemuetlich-zu-machen-sie-riecht-teuer-ist-aber-fuer-weniger-als-50-us-dollar-erhaeltlich\\\/#breadcrumb\",\"itemListElement\":[{\"@type\":\"ListItem\",\"position\":1,\"name\":\"Home\",\"item\":\"https:\\\/\\\/www.strassenweb.de\\\/nachrichten\\\/\"},{\"@type\":\"ListItem\",\"position\":2,\"name\":\"Kris Jenner verwendet diese Kerze, um ihr Zimmer \u201esofort gem\u00fctlich\u201c zu machen \u2013 sie riecht teuer, ist aber f\u00fcr weniger als 50 US-Dollar erh\u00e4ltlich\"}]},{\"@type\":\"WebSite\",\"@id\":\"https:\\\/\\\/www.strassenweb.de\\\/nachrichten\\\/#website\",\"url\":\"https:\\\/\\\/www.strassenweb.de\\\/nachrichten\\\/\",\"name\":\"Stra\u00dfenweb\",\"description\":\"Stra\u00dfenverzeichnis f\u00fcr Deutschland\",\"publisher\":{\"@id\":\"https:\\\/\\\/www.strassenweb.de\\\/nachrichten\\\/#organization\"},\"potentialAction\":[{\"@type\":\"SearchAction\",\"target\":{\"@type\":\"EntryPoint\",\"urlTemplate\":\"https:\\\/\\\/www.strassenweb.de\\\/nachrichten\\\/?s={search_term_string}\"},\"query-input\":{\"@type\":\"PropertyValueSpecification\",\"valueRequired\":true,\"valueName\":\"search_term_string\"}}],\"inLanguage\":\"de\"},{\"@type\":\"Organization\",\"@id\":\"https:\\\/\\\/www.strassenweb.de\\\/nachrichten\\\/#organization\",\"name\":\"Stra\u00dfenweb\",\"url\":\"https:\\\/\\\/www.strassenweb.de\\\/nachrichten\\\/\",\"logo\":{\"@type\":\"ImageObject\",\"inLanguage\":\"de\",\"@id\":\"https:\\\/\\\/www.strassenweb.de\\\/nachrichten\\\/#\\\/schema\\\/logo\\\/image\\\/\",\"url\":\"https:\\\/\\\/www.strassenweb.de\\\/nachrichten\\\/wp-content\\\/uploads\\\/2024\\\/09\\\/cropped-favicon.png\",\"contentUrl\":\"https:\\\/\\\/www.strassenweb.de\\\/nachrichten\\\/wp-content\\\/uploads\\\/2024\\\/09\\\/cropped-favicon.png\",\"width\":512,\"height\":512,\"caption\":\"Stra\u00dfenweb\"},\"image\":{\"@id\":\"https:\\\/\\\/www.strassenweb.de\\\/nachrichten\\\/#\\\/schema\\\/logo\\\/image\\\/\"},\"sameAs\":[\"https:\\\/\\\/www.facebook.com\\\/strassenweb\\\/\"]},{\"@type\":\"Person\",\"@id\":\"https:\\\/\\\/www.strassenweb.de\\\/nachrichten\\\/#\\\/schema\\\/person\\\/87c9c9067f1211da429a744dc5a5aa41\",\"name\":\"Robert Hoffmann\",\"image\":{\"@type\":\"ImageObject\",\"inLanguage\":\"de\",\"@id\":\"https:\\\/\\\/www.strassenweb.de\\\/nachrichten\\\/wp-content\\\/uploads\\\/2024\\\/09\\\/strassenweb-150x150.jpg\",\"url\":\"https:\\\/\\\/www.strassenweb.de\\\/nachrichten\\\/wp-content\\\/uploads\\\/2024\\\/09\\\/strassenweb-150x150.jpg\",\"contentUrl\":\"https:\\\/\\\/www.strassenweb.de\\\/nachrichten\\\/wp-content\\\/uploads\\\/2024\\\/09\\\/strassenweb-150x150.jpg\",\"caption\":\"Robert Hoffmann\"},\"description\":\"Ich hei\u00dfe Robert Hoffmann und ich bin ein leidenschaftlicher Verfechter von \u00d6kologie und Biodiversit\u00e4t. Seit meiner Kindheit in den W\u00e4ldern Bayerns f\u00fchle ich mich mit der Natur verbunden und bin entschlossen, sie zu sch\u00fctzen. Heute widme ich mein Leben der Sensibilisierung anderer f\u00fcr die Bedeutung des Umweltschutzes f\u00fcr zuk\u00fcnftige Generationen.\",\"sameAs\":[\"https:\\\/\\\/www.strassenweb.de\\\/\"]}]}<\/script>\n<!-- \/ Yoast SEO plugin. -->","yoast_head_json":{"title":"Kris Jenner verwendet diese Kerze, um ihr Zimmer \u201esofort gem\u00fctlich\u201c zu machen \u2013 sie riecht teuer, ist aber f\u00fcr weniger als 50 US-Dollar erh\u00e4ltlich - Nachrichten - Stra\u00dfenweb","robots":{"index":"index","follow":"follow","max-snippet":"max-snippet:-1","max-image-preview":"max-image-preview:large","max-video-preview":"max-video-preview:-1"},"canonical":"https:\/\/www.strassenweb.de\/nachrichten\/kris-jenner-verwendet-diese-kerze-um-ihr-zimmer-sofort-gemuetlich-zu-machen-sie-riecht-teuer-ist-aber-fuer-weniger-als-50-us-dollar-erhaeltlich\/","og_locale":"de_DE","og_type":"article","og_title":"Kris Jenner verwendet diese Kerze, um ihr Zimmer \u201esofort gem\u00fctlich\u201c zu machen \u2013 sie riecht teuer, ist aber f\u00fcr weniger als 50 US-Dollar erh\u00e4ltlich - Nachrichten - Stra\u00dfenweb","og_description":"Die Duftkerzen-Saison ist noch lange nicht vorbei; Tats\u00e4chlich ist der Januar (in unseren Augen) die beste Zeit, neue D\u00fcfte in Ihr Zuhause einzuf\u00fchren. Deshalb sind","og_url":"https:\/\/www.strassenweb.de\/nachrichten\/kris-jenner-verwendet-diese-kerze-um-ihr-zimmer-sofort-gemuetlich-zu-machen-sie-riecht-teuer-ist-aber-fuer-weniger-als-50-us-dollar-erhaeltlich\/","og_site_name":"Stra\u00dfenweb","article_publisher":"https:\/\/www.facebook.com\/strassenweb\/","article_published_time":"2025-01-04T03:02:13+00:00","article_modified_time":"2025-01-04T03:02:15+00:00","og_image":[{"width":1200,"height":675,"url":"https:\/\/www.strassenweb.de\/nachrichten\/wp-content\/uploads\/2025\/01\/Kris-Jenner-verwendet-diese-Kerze-um-ihr-Zimmer-\u201esofort-gemuetlich.jpg","type":"image\/jpeg"}],"author":"Robert Hoffmann","twitter_card":"summary_large_image","twitter_misc":{"Verfasst von":"Robert Hoffmann","Gesch\u00e4tzte Lesezeit":"2\u00a0Minuten"},"schema":{"@context":"https:\/\/schema.org","@graph":[{"@type":"Article","@id":"https:\/\/www.strassenweb.de\/nachrichten\/kris-jenner-verwendet-diese-kerze-um-ihr-zimmer-sofort-gemuetlich-zu-machen-sie-riecht-teuer-ist-aber-fuer-weniger-als-50-us-dollar-erhaeltlich\/#article","isPartOf":{"@id":"https:\/\/www.strassenweb.de\/nachrichten\/kris-jenner-verwendet-diese-kerze-um-ihr-zimmer-sofort-gemuetlich-zu-machen-sie-riecht-teuer-ist-aber-fuer-weniger-als-50-us-dollar-erhaeltlich\/"},"author":{"name":"Robert Hoffmann","@id":"https:\/\/www.strassenweb.de\/nachrichten\/#\/schema\/person\/87c9c9067f1211da429a744dc5a5aa41"},"headline":"Kris Jenner verwendet diese Kerze, um ihr Zimmer \u201esofort gem\u00fctlich\u201c zu machen \u2013 sie riecht teuer, ist aber f\u00fcr weniger als 50 US-Dollar erh\u00e4ltlich","datePublished":"2025-01-04T03:02:13+00:00","dateModified":"2025-01-04T03:02:15+00:00","mainEntityOfPage":{"@id":"https:\/\/www.strassenweb.de\/nachrichten\/kris-jenner-verwendet-diese-kerze-um-ihr-zimmer-sofort-gemuetlich-zu-machen-sie-riecht-teuer-ist-aber-fuer-weniger-als-50-us-dollar-erhaeltlich\/"},"wordCount":425,"publisher":{"@id":"https:\/\/www.strassenweb.de\/nachrichten\/#organization"},"image":{"@id":"https:\/\/www.strassenweb.de\/nachrichten\/kris-jenner-verwendet-diese-kerze-um-ihr-zimmer-sofort-gemuetlich-zu-machen-sie-riecht-teuer-ist-aber-fuer-weniger-als-50-us-dollar-erhaeltlich\/#primaryimage"},"thumbnailUrl":"https:\/\/www.strassenweb.de\/nachrichten\/wp-content\/uploads\/2025\/01\/Kris-Jenner-verwendet-diese-Kerze-um-ihr-Zimmer-\u201esofort-gemuetlich.jpg","keywords":["aber","als","diese","erh\u00e4ltlich","f\u00fcr","gem\u00fctlich","Ihr","ist","Jenner","Kerze","Kris","machen","riecht","Sie","sofort","teuer","USDollar","verwendet","weniger","Zimmer"],"articleSection":["Haus &amp; Garten"],"inLanguage":"de"},{"@type":"WebPage","@id":"https:\/\/www.strassenweb.de\/nachrichten\/kris-jenner-verwendet-diese-kerze-um-ihr-zimmer-sofort-gemuetlich-zu-machen-sie-riecht-teuer-ist-aber-fuer-weniger-als-50-us-dollar-erhaeltlich\/","url":"https:\/\/www.strassenweb.de\/nachrichten\/kris-jenner-verwendet-diese-kerze-um-ihr-zimmer-sofort-gemuetlich-zu-machen-sie-riecht-teuer-ist-aber-fuer-weniger-als-50-us-dollar-erhaeltlich\/","name":"Kris Jenner verwendet diese Kerze, um ihr Zimmer \u201esofort gem\u00fctlich\u201c zu machen \u2013 sie riecht teuer, ist aber f\u00fcr weniger als 50 US-Dollar erh\u00e4ltlich - Nachrichten - Stra\u00dfenweb","isPartOf":{"@id":"https:\/\/www.strassenweb.de\/nachrichten\/#website"},"primaryImageOfPage":{"@id":"https:\/\/www.strassenweb.de\/nachrichten\/kris-jenner-verwendet-diese-kerze-um-ihr-zimmer-sofort-gemuetlich-zu-machen-sie-riecht-teuer-ist-aber-fuer-weniger-als-50-us-dollar-erhaeltlich\/#primaryimage"},"image":{"@id":"https:\/\/www.strassenweb.de\/nachrichten\/kris-jenner-verwendet-diese-kerze-um-ihr-zimmer-sofort-gemuetlich-zu-machen-sie-riecht-teuer-ist-aber-fuer-weniger-als-50-us-dollar-erhaeltlich\/#primaryimage"},"thumbnailUrl":"https:\/\/www.strassenweb.de\/nachrichten\/wp-content\/uploads\/2025\/01\/Kris-Jenner-verwendet-diese-Kerze-um-ihr-Zimmer-\u201esofort-gemuetlich.jpg","datePublished":"2025-01-04T03:02:13+00:00","dateModified":"2025-01-04T03:02:15+00:00","breadcrumb":{"@id":"https:\/\/www.strassenweb.de\/nachrichten\/kris-jenner-verwendet-diese-kerze-um-ihr-zimmer-sofort-gemuetlich-zu-machen-sie-riecht-teuer-ist-aber-fuer-weniger-als-50-us-dollar-erhaeltlich\/#breadcrumb"},"inLanguage":"de","potentialAction":[{"@type":"ReadAction","target":["https:\/\/www.strassenweb.de\/nachrichten\/kris-jenner-verwendet-diese-kerze-um-ihr-zimmer-sofort-gemuetlich-zu-machen-sie-riecht-teuer-ist-aber-fuer-weniger-als-50-us-dollar-erhaeltlich\/"]}]},{"@type":"ImageObject","inLanguage":"de","@id":"https:\/\/www.strassenweb.de\/nachrichten\/kris-jenner-verwendet-diese-kerze-um-ihr-zimmer-sofort-gemuetlich-zu-machen-sie-riecht-teuer-ist-aber-fuer-weniger-als-50-us-dollar-erhaeltlich\/#primaryimage","url":"https:\/\/www.strassenweb.de\/nachrichten\/wp-content\/uploads\/2025\/01\/Kris-Jenner-verwendet-diese-Kerze-um-ihr-Zimmer-\u201esofort-gemuetlich.jpg","contentUrl":"https:\/\/www.strassenweb.de\/nachrichten\/wp-content\/uploads\/2025\/01\/Kris-Jenner-verwendet-diese-Kerze-um-ihr-Zimmer-\u201esofort-gemuetlich.jpg","width":1200,"height":675,"caption":"Kris Jenner verwendet diese Kerze, um ihr Zimmer \u201esofort gem\u00fctlich\u201c zu machen \u2013 sie riecht teuer, ist aber f\u00fcr weniger als 50 US-Dollar erh\u00e4ltlich"},{"@type":"BreadcrumbList","@id":"https:\/\/www.strassenweb.de\/nachrichten\/kris-jenner-verwendet-diese-kerze-um-ihr-zimmer-sofort-gemuetlich-zu-machen-sie-riecht-teuer-ist-aber-fuer-weniger-als-50-us-dollar-erhaeltlich\/#breadcrumb","itemListElement":[{"@type":"ListItem","position":1,"name":"Home","item":"https:\/\/www.strassenweb.de\/nachrichten\/"},{"@type":"ListItem","position":2,"name":"Kris Jenner verwendet diese Kerze, um ihr Zimmer \u201esofort gem\u00fctlich\u201c zu machen \u2013 sie riecht teuer, ist aber f\u00fcr weniger als 50 US-Dollar erh\u00e4ltlich"}]},{"@type":"WebSite","@id":"https:\/\/www.strassenweb.de\/nachrichten\/#website","url":"https:\/\/www.strassenweb.de\/nachrichten\/","name":"Stra\u00dfenweb","description":"Stra\u00dfenverzeichnis f\u00fcr Deutschland","publisher":{"@id":"https:\/\/www.strassenweb.de\/nachrichten\/#organization"},"potentialAction":[{"@type":"SearchAction","target":{"@type":"EntryPoint","urlTemplate":"https:\/\/www.strassenweb.de\/nachrichten\/?s={search_term_string}"},"query-input":{"@type":"PropertyValueSpecification","valueRequired":true,"valueName":"search_term_string"}}],"inLanguage":"de"},{"@type":"Organization","@id":"https:\/\/www.strassenweb.de\/nachrichten\/#organization","name":"Stra\u00dfenweb","url":"https:\/\/www.strassenweb.de\/nachrichten\/","logo":{"@type":"ImageObject","inLanguage":"de","@id":"https:\/\/www.strassenweb.de\/nachrichten\/#\/schema\/logo\/image\/","url":"https:\/\/www.strassenweb.de\/nachrichten\/wp-content\/uploads\/2024\/09\/cropped-favicon.png","contentUrl":"https:\/\/www.strassenweb.de\/nachrichten\/wp-content\/uploads\/2024\/09\/cropped-favicon.png","width":512,"height":512,"caption":"Stra\u00dfenweb"},"image":{"@id":"https:\/\/www.strassenweb.de\/nachrichten\/#\/schema\/logo\/image\/"},"sameAs":["https:\/\/www.facebook.com\/strassenweb\/"]},{"@type":"Person","@id":"https:\/\/www.strassenweb.de\/nachrichten\/#\/schema\/person\/87c9c9067f1211da429a744dc5a5aa41","name":"Robert Hoffmann","image":{"@type":"ImageObject","inLanguage":"de","@id":"https:\/\/www.strassenweb.de\/nachrichten\/wp-content\/uploads\/2024\/09\/strassenweb-150x150.jpg","url":"https:\/\/www.strassenweb.de\/nachrichten\/wp-content\/uploads\/2024\/09\/strassenweb-150x150.jpg","contentUrl":"https:\/\/www.strassenweb.de\/nachrichten\/wp-content\/uploads\/2024\/09\/strassenweb-150x150.jpg","caption":"Robert Hoffmann"},"description":"Ich hei\u00dfe Robert Hoffmann und ich bin ein leidenschaftlicher Verfechter von \u00d6kologie und Biodiversit\u00e4t. Seit meiner Kindheit in den W\u00e4ldern Bayerns f\u00fchle ich mich mit der Natur verbunden und bin entschlossen, sie zu sch\u00fctzen. Heute widme ich mein Leben der Sensibilisierung anderer f\u00fcr die Bedeutung des Umweltschutzes f\u00fcr zuk\u00fcnftige Generationen.","sameAs":["https:\/\/www.strassenweb.de\/"]}]}},"_links":{"self":[{"href":"https:\/\/www.strassenweb.de\/nachrichten\/wp-json\/wp\/v2\/posts\/2502","targetHints":{"allow":["GET"]}}],"collection":[{"href":"https:\/\/www.strassenweb.de\/nachrichten\/wp-json\/wp\/v2\/posts"}],"about":[{"href":"https:\/\/www.strassenweb.de\/nachrichten\/wp-json\/wp\/v2\/types\/post"}],"author":[{"embeddable":true,"href":"https:\/\/www.strassenweb.de\/nachrichten\/wp-json\/wp\/v2\/users\/1"}],"replies":[{"embeddable":true,"href":"https:\/\/www.strassenweb.de\/nachrichten\/wp-json\/wp\/v2\/comments?post=2502"}],"version-history":[{"count":0,"href":"https:\/\/www.strassenweb.de\/nachrichten\/wp-json\/wp\/v2\/posts\/2502\/revisions"}],"wp:featuredmedia":[{"embeddable":true,"href":"https:\/\/www.strassenweb.de\/nachrichten\/wp-json\/wp\/v2\/media\/2503"}],"wp:attachment":[{"href":"https:\/\/www.strassenweb.de\/nachrichten\/wp-json\/wp\/v2\/media?parent=2502"}],"wp:term":[{"taxonomy":"category","embeddable":true,"href":"https:\/\/www.strassenweb.de\/nachrichten\/wp-json\/wp\/v2\/categories?post=2502"},{"taxonomy":"post_tag","embeddable":true,"href":"https:\/\/www.strassenweb.de\/nachrichten\/wp-json\/wp\/v2\/tags?post=2502"}],"curies":[{"name":"wp","href":"https:\/\/api.w.org\/{rel}","templated":true}]}}