{"id":250,"date":"2024-09-26T01:46:42","date_gmt":"2024-09-25T23:46:42","guid":{"rendered":"https:\/\/www.strassenweb.de\/nachrichten\/victoria-von-der-afdmaestre-analysiert-die-lage-in-deutschland-der-diskursive-cordon-sanitaire-ist-schon-vor-langer-zeit-geplatzt\/"},"modified":"2024-09-26T01:46:44","modified_gmt":"2024-09-25T23:46:44","slug":"victoria-von-der-afdmaestre-analysiert-die-lage-in-deutschland-der-diskursive-cordon-sanitaire-ist-schon-vor-langer-zeit-geplatzt","status":"publish","type":"post","link":"https:\/\/www.strassenweb.de\/nachrichten\/victoria-von-der-afdmaestre-analysiert-die-lage-in-deutschland-der-diskursive-cordon-sanitaire-ist-schon-vor-langer-zeit-geplatzt\/","title":{"rendered":"Victoria von der AfDMaestre analysiert die Lage in Deutschland: &quot;Der diskursive Cordon Sanitaire ist schon vor langer Zeit geplatzt&quot;"},"content":{"rendered":"<footer class=\"article-main__signed\"><\/footer>\n<p>Der deutsche Bundeskanzler <b>Olaf Scholz<\/b>hat die traditionellen Parteien aufgefordert, \u201e<b>Rechtsextremisten ausschlie\u00dfen<\/b>&#8222;, also auf der Suche nach einem Cordon Sanitaire zum <b>rechtsextreme Alternative f\u00fcr Deutschland<\/b> (AfD). Nach vorl\u00e4ufigen Ergebnissen hat die deutsche Partei bei einer Bundestagswahl in Deutschland ihren ersten Sieg seit dem Zweiten Weltkrieg errungen.<\/p>\n<p>Der Sozialist hat sie \u201ebitter\u201c genannt und <b>\u201eDie Ergebnisse sind besorgniserregend<\/b>s\u201c Wahlen in Th\u00fcringen und Sachsen, beides ostdeutsche Bundesl\u00e4nder, bei denen die Rechtsextremen einen gro\u00dfen Aufschwung erlebten. Unterdessen erlitten die Parteien der Regierungskoalition in Berlin ein Debakel.<\/p>\n<p>Antonio Maestre hat auf diese Ergebnisse reagiert und betont, dass der Cordon Sanitaire gelten w\u00fcrde<b> zu politischen Pakten <\/b>denn \u201ewas ist der diskursive Cordon Sanitaire, der gesprengt wurde.\u201c<\/p>\n<p>Der Journalist weist darauf hin, dass es in Deutschland Parteien gebe, die sich als links bezeichnen, aber \u201eden gleichen konservativen gesellschaftlichen und einwanderungsfeindlichen Diskurs\u201c f\u00fchren.<\/p>\n<div><\/div>\n<p>Auf diese Weise hat Maestre betont, dass wir in Spanien aus den Ereignissen in Deutschland lernen m\u00fcssen, und wies darauf hin, dass, wenn man den gesamten Diskurs der Ultra-Parteien annimmt, sie am Ende diejenigen sind, die bevorzugt werden. <b>\u201eNiemand hat es geschafft, den Aufstieg der AfD zu stoppen, indem er so redete wie die AfD.\u201c<\/b>\u201c, betonte er.<\/p>\n","protected":false},"excerpt":{"rendered":"<p>Der deutsche Bundeskanzler Olaf Scholzhat die traditionellen Parteien aufgefordert, \u201eRechtsextremisten ausschlie\u00dfen&#8222;, also auf der Suche nach einem Cordon Sanitaire zum rechtsextreme Alternative f\u00fcr Deutschland (AfD).<\/p>\n","protected":false},"author":1,"featured_media":251,"comment_status":"closed","ping_status":"","sticky":false,"template":"","format":"standard","meta":{"footnotes":""},"categories":[4],"tags":[516,517,521,81,35,9,520,527,15,518,525,519,522,523,515,21,524,526],"class_list":["post-250","post","type-post","status-publish","format-standard","has-post-thumbnail","hentry","category-aktuelle-nachrichten","tag-afdmaestre","tag-analysiert","tag-cordon","tag-der","tag-deutschland","tag-die","tag-diskursive","tag-geplatztquot","tag-ist","tag-lage","tag-langer","tag-quotder","tag-sanitaire","tag-schon","tag-victoria","tag-von","tag-vor","tag-zeit","generate-columns","tablet-grid-50","mobile-grid-100","grid-parent","grid-50"],"yoast_head":"<!-- This site is optimized with the Yoast SEO plugin v27.3 - https:\/\/yoast.com\/product\/yoast-seo-wordpress\/ -->\n<title>Victoria von der AfDMaestre analysiert die Lage in Deutschland: &quot;Der diskursive Cordon Sanitaire ist schon vor langer Zeit geplatzt&quot; - Nachrichten - Stra\u00dfenweb<\/title>\n<meta name=\"robots\" content=\"index, follow, max-snippet:-1, max-image-preview:large, max-video-preview:-1\" \/>\n<link rel=\"canonical\" href=\"https:\/\/www.strassenweb.de\/nachrichten\/victoria-von-der-afdmaestre-analysiert-die-lage-in-deutschland-der-diskursive-cordon-sanitaire-ist-schon-vor-langer-zeit-geplatzt\/\" \/>\n<meta property=\"og:locale\" content=\"de_DE\" \/>\n<meta property=\"og:type\" content=\"article\" \/>\n<meta property=\"og:title\" content=\"Victoria von der AfDMaestre analysiert die Lage in Deutschland: &quot;Der diskursive Cordon Sanitaire ist schon vor langer Zeit geplatzt&quot; - Nachrichten - Stra\u00dfenweb\" \/>\n<meta property=\"og:description\" content=\"Der deutsche Bundeskanzler Olaf Scholzhat die traditionellen Parteien aufgefordert, \u201eRechtsextremisten ausschlie\u00dfen&#8222;, also auf der Suche nach einem Cordon Sanitaire zum rechtsextreme Alternative f\u00fcr Deutschland (AfD).\" \/>\n<meta property=\"og:url\" content=\"https:\/\/www.strassenweb.de\/nachrichten\/victoria-von-der-afdmaestre-analysiert-die-lage-in-deutschland-der-diskursive-cordon-sanitaire-ist-schon-vor-langer-zeit-geplatzt\/\" \/>\n<meta property=\"og:site_name\" content=\"Stra\u00dfenweb\" \/>\n<meta property=\"article:publisher\" content=\"https:\/\/www.facebook.com\/strassenweb\/\" \/>\n<meta property=\"article:published_time\" content=\"2024-09-25T23:46:42+00:00\" \/>\n<meta property=\"article:modified_time\" content=\"2024-09-25T23:46:44+00:00\" \/>\n<meta property=\"og:image\" content=\"https:\/\/www.strassenweb.de\/nachrichten\/wp-content\/uploads\/2024\/09\/Victoria-von-der-AfDMaestre-analysiert-die-Lage-in-Deutschland-quotDer.jpg\" \/>\n\t<meta property=\"og:image:width\" content=\"1280\" \/>\n\t<meta property=\"og:image:height\" content=\"720\" \/>\n\t<meta property=\"og:image:type\" content=\"image\/jpeg\" \/>\n<meta name=\"author\" content=\"Robert Hoffmann\" \/>\n<meta name=\"twitter:card\" content=\"summary_large_image\" \/>\n<meta name=\"twitter:label1\" content=\"Verfasst von\" \/>\n\t<meta name=\"twitter:data1\" content=\"Robert Hoffmann\" \/>\n\t<meta name=\"twitter:label2\" content=\"Gesch\u00e4tzte Lesezeit\" \/>\n\t<meta name=\"twitter:data2\" content=\"1\u00a0Minute\" \/>\n<script type=\"application\/ld+json\" class=\"yoast-schema-graph\">{\"@context\":\"https:\\\/\\\/schema.org\",\"@graph\":[{\"@type\":\"Article\",\"@id\":\"https:\\\/\\\/www.strassenweb.de\\\/nachrichten\\\/victoria-von-der-afdmaestre-analysiert-die-lage-in-deutschland-der-diskursive-cordon-sanitaire-ist-schon-vor-langer-zeit-geplatzt\\\/#article\",\"isPartOf\":{\"@id\":\"https:\\\/\\\/www.strassenweb.de\\\/nachrichten\\\/victoria-von-der-afdmaestre-analysiert-die-lage-in-deutschland-der-diskursive-cordon-sanitaire-ist-schon-vor-langer-zeit-geplatzt\\\/\"},\"author\":{\"name\":\"Robert Hoffmann\",\"@id\":\"https:\\\/\\\/www.strassenweb.de\\\/nachrichten\\\/#\\\/schema\\\/person\\\/87c9c9067f1211da429a744dc5a5aa41\"},\"headline\":\"Victoria von der AfDMaestre analysiert die Lage in Deutschland: &quot;Der diskursive Cordon Sanitaire ist schon vor langer Zeit geplatzt&quot;\",\"datePublished\":\"2024-09-25T23:46:42+00:00\",\"dateModified\":\"2024-09-25T23:46:44+00:00\",\"mainEntityOfPage\":{\"@id\":\"https:\\\/\\\/www.strassenweb.de\\\/nachrichten\\\/victoria-von-der-afdmaestre-analysiert-die-lage-in-deutschland-der-diskursive-cordon-sanitaire-ist-schon-vor-langer-zeit-geplatzt\\\/\"},\"wordCount\":222,\"publisher\":{\"@id\":\"https:\\\/\\\/www.strassenweb.de\\\/nachrichten\\\/#organization\"},\"image\":{\"@id\":\"https:\\\/\\\/www.strassenweb.de\\\/nachrichten\\\/victoria-von-der-afdmaestre-analysiert-die-lage-in-deutschland-der-diskursive-cordon-sanitaire-ist-schon-vor-langer-zeit-geplatzt\\\/#primaryimage\"},\"thumbnailUrl\":\"https:\\\/\\\/www.strassenweb.de\\\/nachrichten\\\/wp-content\\\/uploads\\\/2024\\\/09\\\/Victoria-von-der-AfDMaestre-analysiert-die-Lage-in-Deutschland-quotDer.jpg\",\"keywords\":[\"AfDMaestre\",\"analysiert\",\"Cordon\",\"der\",\"Deutschland\",\"die\",\"diskursive\",\"geplatztquot\",\"ist\",\"Lage\",\"langer\",\"quotDer\",\"Sanitaire\",\"schon\",\"Victoria\",\"von\",\"vor\",\"Zeit\"],\"articleSection\":[\"Aktuelle Nachrichten\"],\"inLanguage\":\"de\"},{\"@type\":\"WebPage\",\"@id\":\"https:\\\/\\\/www.strassenweb.de\\\/nachrichten\\\/victoria-von-der-afdmaestre-analysiert-die-lage-in-deutschland-der-diskursive-cordon-sanitaire-ist-schon-vor-langer-zeit-geplatzt\\\/\",\"url\":\"https:\\\/\\\/www.strassenweb.de\\\/nachrichten\\\/victoria-von-der-afdmaestre-analysiert-die-lage-in-deutschland-der-diskursive-cordon-sanitaire-ist-schon-vor-langer-zeit-geplatzt\\\/\",\"name\":\"Victoria von der AfDMaestre analysiert die Lage in Deutschland: &quot;Der diskursive Cordon Sanitaire ist schon vor langer Zeit geplatzt&quot; - Nachrichten - Stra\u00dfenweb\",\"isPartOf\":{\"@id\":\"https:\\\/\\\/www.strassenweb.de\\\/nachrichten\\\/#website\"},\"primaryImageOfPage\":{\"@id\":\"https:\\\/\\\/www.strassenweb.de\\\/nachrichten\\\/victoria-von-der-afdmaestre-analysiert-die-lage-in-deutschland-der-diskursive-cordon-sanitaire-ist-schon-vor-langer-zeit-geplatzt\\\/#primaryimage\"},\"image\":{\"@id\":\"https:\\\/\\\/www.strassenweb.de\\\/nachrichten\\\/victoria-von-der-afdmaestre-analysiert-die-lage-in-deutschland-der-diskursive-cordon-sanitaire-ist-schon-vor-langer-zeit-geplatzt\\\/#primaryimage\"},\"thumbnailUrl\":\"https:\\\/\\\/www.strassenweb.de\\\/nachrichten\\\/wp-content\\\/uploads\\\/2024\\\/09\\\/Victoria-von-der-AfDMaestre-analysiert-die-Lage-in-Deutschland-quotDer.jpg\",\"datePublished\":\"2024-09-25T23:46:42+00:00\",\"dateModified\":\"2024-09-25T23:46:44+00:00\",\"breadcrumb\":{\"@id\":\"https:\\\/\\\/www.strassenweb.de\\\/nachrichten\\\/victoria-von-der-afdmaestre-analysiert-die-lage-in-deutschland-der-diskursive-cordon-sanitaire-ist-schon-vor-langer-zeit-geplatzt\\\/#breadcrumb\"},\"inLanguage\":\"de\",\"potentialAction\":[{\"@type\":\"ReadAction\",\"target\":[\"https:\\\/\\\/www.strassenweb.de\\\/nachrichten\\\/victoria-von-der-afdmaestre-analysiert-die-lage-in-deutschland-der-diskursive-cordon-sanitaire-ist-schon-vor-langer-zeit-geplatzt\\\/\"]}]},{\"@type\":\"ImageObject\",\"inLanguage\":\"de\",\"@id\":\"https:\\\/\\\/www.strassenweb.de\\\/nachrichten\\\/victoria-von-der-afdmaestre-analysiert-die-lage-in-deutschland-der-diskursive-cordon-sanitaire-ist-schon-vor-langer-zeit-geplatzt\\\/#primaryimage\",\"url\":\"https:\\\/\\\/www.strassenweb.de\\\/nachrichten\\\/wp-content\\\/uploads\\\/2024\\\/09\\\/Victoria-von-der-AfDMaestre-analysiert-die-Lage-in-Deutschland-quotDer.jpg\",\"contentUrl\":\"https:\\\/\\\/www.strassenweb.de\\\/nachrichten\\\/wp-content\\\/uploads\\\/2024\\\/09\\\/Victoria-von-der-AfDMaestre-analysiert-die-Lage-in-Deutschland-quotDer.jpg\",\"width\":1280,\"height\":720,\"caption\":\"Victoria von der AfDMaestre analysiert die Lage in Deutschland: &quot;Der diskursive Cordon Sanitaire ist schon vor langer Zeit geplatzt&quot;\"},{\"@type\":\"BreadcrumbList\",\"@id\":\"https:\\\/\\\/www.strassenweb.de\\\/nachrichten\\\/victoria-von-der-afdmaestre-analysiert-die-lage-in-deutschland-der-diskursive-cordon-sanitaire-ist-schon-vor-langer-zeit-geplatzt\\\/#breadcrumb\",\"itemListElement\":[{\"@type\":\"ListItem\",\"position\":1,\"name\":\"Home\",\"item\":\"https:\\\/\\\/www.strassenweb.de\\\/nachrichten\\\/\"},{\"@type\":\"ListItem\",\"position\":2,\"name\":\"Victoria von der AfDMaestre analysiert die Lage in Deutschland: &quot;Der diskursive Cordon Sanitaire ist schon vor langer Zeit geplatzt&quot;\"}]},{\"@type\":\"WebSite\",\"@id\":\"https:\\\/\\\/www.strassenweb.de\\\/nachrichten\\\/#website\",\"url\":\"https:\\\/\\\/www.strassenweb.de\\\/nachrichten\\\/\",\"name\":\"Stra\u00dfenweb\",\"description\":\"Stra\u00dfenverzeichnis f\u00fcr Deutschland\",\"publisher\":{\"@id\":\"https:\\\/\\\/www.strassenweb.de\\\/nachrichten\\\/#organization\"},\"potentialAction\":[{\"@type\":\"SearchAction\",\"target\":{\"@type\":\"EntryPoint\",\"urlTemplate\":\"https:\\\/\\\/www.strassenweb.de\\\/nachrichten\\\/?s={search_term_string}\"},\"query-input\":{\"@type\":\"PropertyValueSpecification\",\"valueRequired\":true,\"valueName\":\"search_term_string\"}}],\"inLanguage\":\"de\"},{\"@type\":\"Organization\",\"@id\":\"https:\\\/\\\/www.strassenweb.de\\\/nachrichten\\\/#organization\",\"name\":\"Stra\u00dfenweb\",\"url\":\"https:\\\/\\\/www.strassenweb.de\\\/nachrichten\\\/\",\"logo\":{\"@type\":\"ImageObject\",\"inLanguage\":\"de\",\"@id\":\"https:\\\/\\\/www.strassenweb.de\\\/nachrichten\\\/#\\\/schema\\\/logo\\\/image\\\/\",\"url\":\"https:\\\/\\\/www.strassenweb.de\\\/nachrichten\\\/wp-content\\\/uploads\\\/2024\\\/09\\\/cropped-favicon.png\",\"contentUrl\":\"https:\\\/\\\/www.strassenweb.de\\\/nachrichten\\\/wp-content\\\/uploads\\\/2024\\\/09\\\/cropped-favicon.png\",\"width\":512,\"height\":512,\"caption\":\"Stra\u00dfenweb\"},\"image\":{\"@id\":\"https:\\\/\\\/www.strassenweb.de\\\/nachrichten\\\/#\\\/schema\\\/logo\\\/image\\\/\"},\"sameAs\":[\"https:\\\/\\\/www.facebook.com\\\/strassenweb\\\/\"]},{\"@type\":\"Person\",\"@id\":\"https:\\\/\\\/www.strassenweb.de\\\/nachrichten\\\/#\\\/schema\\\/person\\\/87c9c9067f1211da429a744dc5a5aa41\",\"name\":\"Robert Hoffmann\",\"image\":{\"@type\":\"ImageObject\",\"inLanguage\":\"de\",\"@id\":\"https:\\\/\\\/www.strassenweb.de\\\/nachrichten\\\/wp-content\\\/uploads\\\/2024\\\/09\\\/strassenweb-150x150.jpg\",\"url\":\"https:\\\/\\\/www.strassenweb.de\\\/nachrichten\\\/wp-content\\\/uploads\\\/2024\\\/09\\\/strassenweb-150x150.jpg\",\"contentUrl\":\"https:\\\/\\\/www.strassenweb.de\\\/nachrichten\\\/wp-content\\\/uploads\\\/2024\\\/09\\\/strassenweb-150x150.jpg\",\"caption\":\"Robert Hoffmann\"},\"description\":\"Ich hei\u00dfe Robert Hoffmann und ich bin ein leidenschaftlicher Verfechter von \u00d6kologie und Biodiversit\u00e4t. Seit meiner Kindheit in den W\u00e4ldern Bayerns f\u00fchle ich mich mit der Natur verbunden und bin entschlossen, sie zu sch\u00fctzen. Heute widme ich mein Leben der Sensibilisierung anderer f\u00fcr die Bedeutung des Umweltschutzes f\u00fcr zuk\u00fcnftige Generationen.\",\"sameAs\":[\"https:\\\/\\\/www.strassenweb.de\\\/\"]}]}<\/script>\n<!-- \/ Yoast SEO plugin. -->","yoast_head_json":{"title":"Victoria von der AfDMaestre analysiert die Lage in Deutschland: &quot;Der diskursive Cordon Sanitaire ist schon vor langer Zeit geplatzt&quot; - Nachrichten - Stra\u00dfenweb","robots":{"index":"index","follow":"follow","max-snippet":"max-snippet:-1","max-image-preview":"max-image-preview:large","max-video-preview":"max-video-preview:-1"},"canonical":"https:\/\/www.strassenweb.de\/nachrichten\/victoria-von-der-afdmaestre-analysiert-die-lage-in-deutschland-der-diskursive-cordon-sanitaire-ist-schon-vor-langer-zeit-geplatzt\/","og_locale":"de_DE","og_type":"article","og_title":"Victoria von der AfDMaestre analysiert die Lage in Deutschland: &quot;Der diskursive Cordon Sanitaire ist schon vor langer Zeit geplatzt&quot; - Nachrichten - Stra\u00dfenweb","og_description":"Der deutsche Bundeskanzler Olaf Scholzhat die traditionellen Parteien aufgefordert, \u201eRechtsextremisten ausschlie\u00dfen&#8222;, also auf der Suche nach einem Cordon Sanitaire zum rechtsextreme Alternative f\u00fcr Deutschland (AfD).","og_url":"https:\/\/www.strassenweb.de\/nachrichten\/victoria-von-der-afdmaestre-analysiert-die-lage-in-deutschland-der-diskursive-cordon-sanitaire-ist-schon-vor-langer-zeit-geplatzt\/","og_site_name":"Stra\u00dfenweb","article_publisher":"https:\/\/www.facebook.com\/strassenweb\/","article_published_time":"2024-09-25T23:46:42+00:00","article_modified_time":"2024-09-25T23:46:44+00:00","og_image":[{"width":1280,"height":720,"url":"https:\/\/www.strassenweb.de\/nachrichten\/wp-content\/uploads\/2024\/09\/Victoria-von-der-AfDMaestre-analysiert-die-Lage-in-Deutschland-quotDer.jpg","type":"image\/jpeg"}],"author":"Robert Hoffmann","twitter_card":"summary_large_image","twitter_misc":{"Verfasst von":"Robert Hoffmann","Gesch\u00e4tzte Lesezeit":"1\u00a0Minute"},"schema":{"@context":"https:\/\/schema.org","@graph":[{"@type":"Article","@id":"https:\/\/www.strassenweb.de\/nachrichten\/victoria-von-der-afdmaestre-analysiert-die-lage-in-deutschland-der-diskursive-cordon-sanitaire-ist-schon-vor-langer-zeit-geplatzt\/#article","isPartOf":{"@id":"https:\/\/www.strassenweb.de\/nachrichten\/victoria-von-der-afdmaestre-analysiert-die-lage-in-deutschland-der-diskursive-cordon-sanitaire-ist-schon-vor-langer-zeit-geplatzt\/"},"author":{"name":"Robert Hoffmann","@id":"https:\/\/www.strassenweb.de\/nachrichten\/#\/schema\/person\/87c9c9067f1211da429a744dc5a5aa41"},"headline":"Victoria von der AfDMaestre analysiert die Lage in Deutschland: &quot;Der diskursive Cordon Sanitaire ist schon vor langer Zeit geplatzt&quot;","datePublished":"2024-09-25T23:46:42+00:00","dateModified":"2024-09-25T23:46:44+00:00","mainEntityOfPage":{"@id":"https:\/\/www.strassenweb.de\/nachrichten\/victoria-von-der-afdmaestre-analysiert-die-lage-in-deutschland-der-diskursive-cordon-sanitaire-ist-schon-vor-langer-zeit-geplatzt\/"},"wordCount":222,"publisher":{"@id":"https:\/\/www.strassenweb.de\/nachrichten\/#organization"},"image":{"@id":"https:\/\/www.strassenweb.de\/nachrichten\/victoria-von-der-afdmaestre-analysiert-die-lage-in-deutschland-der-diskursive-cordon-sanitaire-ist-schon-vor-langer-zeit-geplatzt\/#primaryimage"},"thumbnailUrl":"https:\/\/www.strassenweb.de\/nachrichten\/wp-content\/uploads\/2024\/09\/Victoria-von-der-AfDMaestre-analysiert-die-Lage-in-Deutschland-quotDer.jpg","keywords":["AfDMaestre","analysiert","Cordon","der","Deutschland","die","diskursive","geplatztquot","ist","Lage","langer","quotDer","Sanitaire","schon","Victoria","von","vor","Zeit"],"articleSection":["Aktuelle Nachrichten"],"inLanguage":"de"},{"@type":"WebPage","@id":"https:\/\/www.strassenweb.de\/nachrichten\/victoria-von-der-afdmaestre-analysiert-die-lage-in-deutschland-der-diskursive-cordon-sanitaire-ist-schon-vor-langer-zeit-geplatzt\/","url":"https:\/\/www.strassenweb.de\/nachrichten\/victoria-von-der-afdmaestre-analysiert-die-lage-in-deutschland-der-diskursive-cordon-sanitaire-ist-schon-vor-langer-zeit-geplatzt\/","name":"Victoria von der AfDMaestre analysiert die Lage in Deutschland: &quot;Der diskursive Cordon Sanitaire ist schon vor langer Zeit geplatzt&quot; - Nachrichten - Stra\u00dfenweb","isPartOf":{"@id":"https:\/\/www.strassenweb.de\/nachrichten\/#website"},"primaryImageOfPage":{"@id":"https:\/\/www.strassenweb.de\/nachrichten\/victoria-von-der-afdmaestre-analysiert-die-lage-in-deutschland-der-diskursive-cordon-sanitaire-ist-schon-vor-langer-zeit-geplatzt\/#primaryimage"},"image":{"@id":"https:\/\/www.strassenweb.de\/nachrichten\/victoria-von-der-afdmaestre-analysiert-die-lage-in-deutschland-der-diskursive-cordon-sanitaire-ist-schon-vor-langer-zeit-geplatzt\/#primaryimage"},"thumbnailUrl":"https:\/\/www.strassenweb.de\/nachrichten\/wp-content\/uploads\/2024\/09\/Victoria-von-der-AfDMaestre-analysiert-die-Lage-in-Deutschland-quotDer.jpg","datePublished":"2024-09-25T23:46:42+00:00","dateModified":"2024-09-25T23:46:44+00:00","breadcrumb":{"@id":"https:\/\/www.strassenweb.de\/nachrichten\/victoria-von-der-afdmaestre-analysiert-die-lage-in-deutschland-der-diskursive-cordon-sanitaire-ist-schon-vor-langer-zeit-geplatzt\/#breadcrumb"},"inLanguage":"de","potentialAction":[{"@type":"ReadAction","target":["https:\/\/www.strassenweb.de\/nachrichten\/victoria-von-der-afdmaestre-analysiert-die-lage-in-deutschland-der-diskursive-cordon-sanitaire-ist-schon-vor-langer-zeit-geplatzt\/"]}]},{"@type":"ImageObject","inLanguage":"de","@id":"https:\/\/www.strassenweb.de\/nachrichten\/victoria-von-der-afdmaestre-analysiert-die-lage-in-deutschland-der-diskursive-cordon-sanitaire-ist-schon-vor-langer-zeit-geplatzt\/#primaryimage","url":"https:\/\/www.strassenweb.de\/nachrichten\/wp-content\/uploads\/2024\/09\/Victoria-von-der-AfDMaestre-analysiert-die-Lage-in-Deutschland-quotDer.jpg","contentUrl":"https:\/\/www.strassenweb.de\/nachrichten\/wp-content\/uploads\/2024\/09\/Victoria-von-der-AfDMaestre-analysiert-die-Lage-in-Deutschland-quotDer.jpg","width":1280,"height":720,"caption":"Victoria von der AfDMaestre analysiert die Lage in Deutschland: &quot;Der diskursive Cordon Sanitaire ist schon vor langer Zeit geplatzt&quot;"},{"@type":"BreadcrumbList","@id":"https:\/\/www.strassenweb.de\/nachrichten\/victoria-von-der-afdmaestre-analysiert-die-lage-in-deutschland-der-diskursive-cordon-sanitaire-ist-schon-vor-langer-zeit-geplatzt\/#breadcrumb","itemListElement":[{"@type":"ListItem","position":1,"name":"Home","item":"https:\/\/www.strassenweb.de\/nachrichten\/"},{"@type":"ListItem","position":2,"name":"Victoria von der AfDMaestre analysiert die Lage in Deutschland: &quot;Der diskursive Cordon Sanitaire ist schon vor langer Zeit geplatzt&quot;"}]},{"@type":"WebSite","@id":"https:\/\/www.strassenweb.de\/nachrichten\/#website","url":"https:\/\/www.strassenweb.de\/nachrichten\/","name":"Stra\u00dfenweb","description":"Stra\u00dfenverzeichnis f\u00fcr Deutschland","publisher":{"@id":"https:\/\/www.strassenweb.de\/nachrichten\/#organization"},"potentialAction":[{"@type":"SearchAction","target":{"@type":"EntryPoint","urlTemplate":"https:\/\/www.strassenweb.de\/nachrichten\/?s={search_term_string}"},"query-input":{"@type":"PropertyValueSpecification","valueRequired":true,"valueName":"search_term_string"}}],"inLanguage":"de"},{"@type":"Organization","@id":"https:\/\/www.strassenweb.de\/nachrichten\/#organization","name":"Stra\u00dfenweb","url":"https:\/\/www.strassenweb.de\/nachrichten\/","logo":{"@type":"ImageObject","inLanguage":"de","@id":"https:\/\/www.strassenweb.de\/nachrichten\/#\/schema\/logo\/image\/","url":"https:\/\/www.strassenweb.de\/nachrichten\/wp-content\/uploads\/2024\/09\/cropped-favicon.png","contentUrl":"https:\/\/www.strassenweb.de\/nachrichten\/wp-content\/uploads\/2024\/09\/cropped-favicon.png","width":512,"height":512,"caption":"Stra\u00dfenweb"},"image":{"@id":"https:\/\/www.strassenweb.de\/nachrichten\/#\/schema\/logo\/image\/"},"sameAs":["https:\/\/www.facebook.com\/strassenweb\/"]},{"@type":"Person","@id":"https:\/\/www.strassenweb.de\/nachrichten\/#\/schema\/person\/87c9c9067f1211da429a744dc5a5aa41","name":"Robert Hoffmann","image":{"@type":"ImageObject","inLanguage":"de","@id":"https:\/\/www.strassenweb.de\/nachrichten\/wp-content\/uploads\/2024\/09\/strassenweb-150x150.jpg","url":"https:\/\/www.strassenweb.de\/nachrichten\/wp-content\/uploads\/2024\/09\/strassenweb-150x150.jpg","contentUrl":"https:\/\/www.strassenweb.de\/nachrichten\/wp-content\/uploads\/2024\/09\/strassenweb-150x150.jpg","caption":"Robert Hoffmann"},"description":"Ich hei\u00dfe Robert Hoffmann und ich bin ein leidenschaftlicher Verfechter von \u00d6kologie und Biodiversit\u00e4t. Seit meiner Kindheit in den W\u00e4ldern Bayerns f\u00fchle ich mich mit der Natur verbunden und bin entschlossen, sie zu sch\u00fctzen. Heute widme ich mein Leben der Sensibilisierung anderer f\u00fcr die Bedeutung des Umweltschutzes f\u00fcr zuk\u00fcnftige Generationen.","sameAs":["https:\/\/www.strassenweb.de\/"]}]}},"_links":{"self":[{"href":"https:\/\/www.strassenweb.de\/nachrichten\/wp-json\/wp\/v2\/posts\/250","targetHints":{"allow":["GET"]}}],"collection":[{"href":"https:\/\/www.strassenweb.de\/nachrichten\/wp-json\/wp\/v2\/posts"}],"about":[{"href":"https:\/\/www.strassenweb.de\/nachrichten\/wp-json\/wp\/v2\/types\/post"}],"author":[{"embeddable":true,"href":"https:\/\/www.strassenweb.de\/nachrichten\/wp-json\/wp\/v2\/users\/1"}],"replies":[{"embeddable":true,"href":"https:\/\/www.strassenweb.de\/nachrichten\/wp-json\/wp\/v2\/comments?post=250"}],"version-history":[{"count":0,"href":"https:\/\/www.strassenweb.de\/nachrichten\/wp-json\/wp\/v2\/posts\/250\/revisions"}],"wp:featuredmedia":[{"embeddable":true,"href":"https:\/\/www.strassenweb.de\/nachrichten\/wp-json\/wp\/v2\/media\/251"}],"wp:attachment":[{"href":"https:\/\/www.strassenweb.de\/nachrichten\/wp-json\/wp\/v2\/media?parent=250"}],"wp:term":[{"taxonomy":"category","embeddable":true,"href":"https:\/\/www.strassenweb.de\/nachrichten\/wp-json\/wp\/v2\/categories?post=250"},{"taxonomy":"post_tag","embeddable":true,"href":"https:\/\/www.strassenweb.de\/nachrichten\/wp-json\/wp\/v2\/tags?post=250"}],"curies":[{"name":"wp","href":"https:\/\/api.w.org\/{rel}","templated":true}]}}