{"id":2492,"date":"2025-01-03T11:50:43","date_gmt":"2025-01-03T10:50:43","guid":{"rendered":"https:\/\/www.strassenweb.de\/nachrichten\/wie-man-flaschenbuerstenbaeume-in-toepfen-zuechtet-fuer-eine-fuelle-purpurroter-blueten-in-diesem-sommer\/"},"modified":"2025-01-03T11:50:45","modified_gmt":"2025-01-03T10:50:45","slug":"wie-man-flaschenbuerstenbaeume-in-toepfen-zuechtet-fuer-eine-fuelle-purpurroter-blueten-in-diesem-sommer","status":"publish","type":"post","link":"https:\/\/www.strassenweb.de\/nachrichten\/wie-man-flaschenbuerstenbaeume-in-toepfen-zuechtet-fuer-eine-fuelle-purpurroter-blueten-in-diesem-sommer\/","title":{"rendered":"Wie man Flaschenb\u00fcrstenb\u00e4ume in T\u00f6pfen z\u00fcchtet \u2013 f\u00fcr eine F\u00fclle purpurroter Bl\u00fcten in diesem Sommer"},"content":{"rendered":"<p><\/p>\n<div id=\"article-body\" class=\"article__body \">\n<p>Im Fr\u00fchling und Sommer sind Flaschenb\u00fcrstenbl\u00fcten in vielen Vor- und Hinterh\u00f6fen ein allt\u00e4glicher Anblick. In w\u00e4rmeren Bundesstaaten wie Kalifornien, Arizona und Texas gedeihen diese sonnenliebenden Pflanzen und produzieren eine Vielzahl leuchtender Bl\u00fcten, die man nicht ignorieren kann.<\/p>\n<div id=\"ad-unit-1\" class=\"ad-unit\"><\/div>\n<p>Diese tropisch aussehenden Bl\u00fcten passen zu jedem farbenfrohen Blumenbeet, aber f\u00fcr kleinere R\u00e4ume ist es eine gute Option, zu lernen, wie man Flaschenb\u00fcrstenb\u00e4ume in T\u00f6pfen z\u00fcchtet. Solange die Anforderungen an Entw\u00e4sserung und Beleuchtung erf\u00fcllt sind, passen sich diese widerstandsf\u00e4higen Str\u00e4ucher gut an die Containerkultur an.<\/p>\n<p>Ganz gleich, ob Sie ein erfahrener Strauchz\u00fcchter sind oder dieses Jahr etwas Neues zu Ihren Topfpflanzen hinzuf\u00fcgen m\u00f6chten, unser Leitfaden zum Anbau einer Flaschenb\u00fcrstenpflanze in einem Topf enth\u00e4lt alle Informationen, die Sie f\u00fcr den Erfolg ben\u00f6tigen.<\/p>\n<div id=\"desktop-in-article\" class=\"in-article ad-unit\">\n<div id=\"desktop-taboola-mid-article\"><\/div>\n<\/div>\n<div id=\"mobile-in-article\" class=\"in-article ad-unit\">\n<div id=\"mobile-taboola-mid-article\"><\/div>\n<\/div>\n<figure class=\"van-image-figure inline-layout \" data-bordeaux-image-check>\n<div class=\"image-full-width-wrapper\">\n<div class=\"image-widthsetter\" style=\"max-width:2400px;\"><\/div>\n<\/div>\n<\/figure>\n<h2 id=\"how-to-grow-bottlebrush-trees-in-pots-3\">Wie man Flaschenb\u00fcrstenb\u00e4ume in T\u00f6pfen z\u00fcchtet<\/h2>\n<aside class=\"hawk-nest\" data-block-type=\"embed\" data-render-type=\"fte\" data-skip=\"dealsy\" data-widget-type=\"seasonal\">\n<div class=\"hawk-master-widget-hawk-base-wrapper\"><\/div>\n<\/aside>\n<p>Der in Australien beheimatete Flaschenb\u00fcrstenbaum gedeiht in sonnigen und warmen Regionen und w\u00e4chst normalerweise gut zwischen der US-Winterh\u00e4rtezone 8 und der US-Winterh\u00e4rtezone 10, wo die Winter mild und die Sommer hei\u00df sind. Auch wenn es sich um pflegeleichte Pflanzen handelt, gibt es ein paar Regeln zu beachten, wenn man lernt, wie man Flaschenb\u00fcrstenb\u00e4ume in T\u00f6pfen anbaut.<\/p>\n<div class=\"van_vid_carousel\">\n<div class=\"van_vid_carousel__padding\">\n<div class=\"van_vid_carousel__container\"><\/div>\n<\/div>\n<\/div>\n<h3 class=\"article-body__section\" id=\"section-growing-advice-for-bottlebrush-trees-in-pots\"><span>Wachstumstipps f\u00fcr Flaschenb\u00fcrstenb\u00e4ume in T\u00f6pfen<\/span><\/h3>\n<figure class=\"van-image-figure inline-layout \" data-bordeaux-image-check>\n<div class=\"image-full-width-wrapper\">\n<div class=\"image-widthsetter\" style=\"max-width:2400px;\"><\/div>\n<\/div>\n<\/figure>\n<p>\u201eDas Z\u00fcchten von Flaschenb\u00fcrstenb\u00e4umen in T\u00f6pfen kann eine lohnende Erfahrung sein und G\u00e4rten mit farbenfrohen, b\u00fcrstenartigen Bl\u00fcten f\u00fcllen, die von Best\u00e4ubern geliebt werden\u201c, sagt Tatiana Anderson, Pflanzenexpertin und Mitbegr\u00fcnderin von Top Tropicals.<\/p>\n<div id=\"ad-unit-2\" class=\"ad-unit\"><\/div>\n<p>\u201eIm Allgemeinen handelt es sich um pflegeleichte Pflanzen und es gibt nur sehr wenige Probleme mit Flaschenb\u00fcrstenb\u00e4umen, \u00fcber die man sich Sorgen machen m\u00fcsste.\u201c Beim Anbau in Beh\u00e4ltern sind jedoch einige Regeln zu beachten. Denken Sie daran, dass Flaschenb\u00fcrsten oder <em>Callistemon<\/em> <em>spp.<\/em>\u201eGedeihen Sie am besten in w\u00e4rmeren US-Winterh\u00e4rtezonen, bleiben Sie also bei Zone 8 und h\u00f6her\u201c, f\u00fcgt Tatiana hinzu.<\/p>\n<p>Dies sind einige der am besten bl\u00fchenden Str\u00e4ucher f\u00fcr volle Sonne. Stellen Sie Ihren Topf daher unbedingt an einem offenen Ort auf, idealerweise mit sechs bis acht Stunden Sonnenschein pro Tag. Wenn Sie die W\u00fcrfel w\u00fcrfeln und in einer k\u00fchleren, n\u00f6rdlichen Region anbauen, stellen Sie sicher, dass Ihr Topf so viel Sonnenlicht wie m\u00f6glich erh\u00e4lt, da die Pflanze im Vergleich zum Anbau im Boden st\u00e4rker ausgesetzt ist.<\/p>\n<p>\u201eDiese Pflanzen bevorzugen gut durchl\u00e4ssigen Boden\u201c, sagt Tatiana, \u201eund obwohl sie relativ tolerant gegen\u00fcber schlechten Bodenbedingungen sind, ist ein sandiger oder lehmiger Boden mit guter Drainage ideal, was besonders wichtig ist, wenn man in T\u00f6pfen w\u00e4chst.\u201c Wenn Sie bemerken, dass Wasser auf der Oberfl\u00e4che Ihres Beh\u00e4lters steht, ist m\u00f6glicherweise das Abflussloch verstopft oder der Boden muss verbessert werden.<\/p>\n<p>Beim Anbau in T\u00f6pfen ist regelm\u00e4\u00dfiges D\u00fcngen und Gie\u00dfen wichtig. W\u00e4hrend im Boden gewachsene Flaschenb\u00fcrstenb\u00e4ume autark werden, ben\u00f6tigen in T\u00f6pfen gepflanzte Exemplare regelm\u00e4\u00dfige Pflege. Denken Sie daran, dass Topfpflanzen f\u00fcr ihren gesamten Wasser- und N\u00e4hrstoffbedarf auf Sie als G\u00e4rtner angewiesen sind. Gie\u00dfen Sie sie daher unbedingt im Sommer. In w\u00e4rmeren Phasen kann dies bis zu zweimal pro Woche der Fall sein.<\/p>\n<p>\u201eW\u00e4hrend Flaschenb\u00fcrstenb\u00e4ume keine starke D\u00fcngung ben\u00f6tigen, kann die einmalige Anwendung eines ausgewogenen, langsam freisetzenden D\u00fcngers in den T\u00f6pfen nur einmal im Fr\u00fchjahr ein ges\u00fcnderes Wachstum und eine \u00fcppigere Bl\u00fcte f\u00f6rdern\u201c, f\u00fcgt Tatiana hinzu.<\/p>\n<h3 class=\"article-body__section\" id=\"section-bottlebrush-tree-varieties-to-grow-in-pots\"><span>Sorten von Flaschenb\u00fcrstenb\u00e4umen f\u00fcr den Topfanbau<\/span><\/h3>\n<figure class=\"van-image-figure inline-layout \" data-bordeaux-image-check>\n<div class=\"image-full-width-wrapper\">\n<div class=\"image-widthsetter\" style=\"max-width:2400px;\"><\/div>\n<\/div>\n<\/figure>\n<p>Bevor Sie einen Flaschenb\u00fcrstenbaum in einen Beh\u00e4lter pflanzen, \u00fcberlegen Sie sorgf\u00e4ltig, welche Sorte Sie anbauen m\u00f6chten. W\u00e4hrend alle Flaschenb\u00fcrstenb\u00e4ume in T\u00f6pfen gez\u00fcchtet werden k\u00f6nnen, k\u00f6nnen gr\u00f6\u00dfere Standardarten bei vollst\u00e4ndiger Etablierung eine H\u00f6he von \u00fcber 20 Fu\u00df erreichen, obwohl ihre Gr\u00f6\u00dfe in Beh\u00e4ltern begrenzt ist.<\/p>\n<p>Standardarten werden in den kommenden Jahren st\u00e4rker beschnitten werden m\u00fcssen, w\u00e4hrend kleinere Sorten einfacher zu pflegen und zu pflegen sein werden. Eine Zwergsorte, \u201eLittle John\u201c, die bei Walmart erh\u00e4ltlich ist, ist eine beliebte Option f\u00fcr kleinere G\u00e4rten und wird nicht h\u00f6her als einen Meter breit.<\/p>\n<p>Versuchen Sie f\u00fcr eine ungew\u00f6hnliche Sorte den Anbau der Sorte \u201eHoneypot\u201c, wie im Bild oben zu sehen ist, die ungew\u00f6hnliche gelbe Bl\u00fcten hervorbringt. Obwohl es sich hierbei um einen der am einfachsten zu z\u00fcchtenden immergr\u00fcnen B\u00e4ume handelt, kann \u201eHoneypot\u201c eine H\u00f6he von \u00fcber 2,70 m erreichen. Ein gr\u00f6\u00dferer Topf hilft ihm also dabei, sein volles Potenzial auszusch\u00f6pfen.<\/p>\n<p>F\u00fcr welche Sorte Sie sich auch entscheiden, achten Sie darauf, einen Topf zu verwenden, der einige Zentimeter breiter ist als der Anzuchtbeh\u00e4lter, damit im ersten Jahr etwas Platz zum Wachsen bleibt. Mit Blick auf die Zukunft ist es am besten, Ihre Flaschenb\u00fcrstenpflanzen alle drei Jahre in ein gr\u00f6\u00dferes Gef\u00e4\u00df umzutopfen.<\/p>\n<div class=\"product-container hero-product-container product-block-no-wrap\"><\/div>\n<h3 class=\"article-body__section\" id=\"section-faqs\"><span>FAQs<\/span><\/h3>\n<h2 id=\"are-there-any-problems-to-look-out-for-when-growing-bottlebrush-trees-in-pots-3\">Gibt es irgendwelche Probleme, auf die man achten muss, wenn man Flaschenb\u00fcrstenb\u00e4ume in T\u00f6pfen anbaut?<\/h2>\n<p>\u201eFlaschenb\u00fcrstenb\u00e4ume sind im Allgemeinen sch\u00e4dlings- und problemlos, obwohl ein Problem, auf das man beim Anbau in T\u00f6pfen achten sollte, Wurzelf\u00e4ule ist\u201c, sagt Tatiana. \u201eDiese Pflanzen ben\u00f6tigen eine gute Drainage und k\u00f6nnen bei \u00dcberw\u00e4sserung anf\u00e4llig f\u00fcr Wurzelf\u00e4ule sein.\u201c Stellen Sie sicher, dass Ihr Topf ausreichend Splitt oder Sand enth\u00e4lt, um Staun\u00e4sse zu vermeiden.<\/p>\n<hr>\n<p>Das Zusammenstellen von zwei oder drei Flaschenputzt\u00f6pfen kann dazu beitragen, eine immergr\u00fcne Sichtschutzbarriere, einen Windschutz oder eine Containerhecke zu schaffen, die sich w\u00e4hrend der Vegetationsperiode perfekt f\u00fcr Best\u00e4uber eignet.<\/p>\n<p>Wie Tatiana sagt: \u201eDie nektarreichen Bl\u00fcten der Flaschenb\u00fcrste locken Bienen, Schmetterlinge und V\u00f6gel, insbesondere Kolibris, an, was sie zu einer hervorragenden Option f\u00fcr einen Garten macht, der die heimische Tierwelt unterst\u00fctzen soll.\u201c Weitere Inspirationen f\u00fcr den Wildgartenbau finden Sie in unserem Ratgeber zu den besten Hecken f\u00fcr Best\u00e4uber.<\/p>\n<\/div>\n","protected":false},"excerpt":{"rendered":"<p>Im Fr\u00fchling und Sommer sind Flaschenb\u00fcrstenbl\u00fcten in vielen Vor- und Hinterh\u00f6fen ein allt\u00e4glicher Anblick. In w\u00e4rmeren Bundesstaaten wie Kalifornien, Arizona und Texas gedeihen diese sonnenliebenden<\/p>\n","protected":false},"author":1,"featured_media":2493,"comment_status":"closed","ping_status":"","sticky":false,"template":"","format":"standard","meta":{"footnotes":""},"categories":[118],"tags":[1201,32,74,4188,4190,55,134,4191,385,4189,26,3958],"class_list":["post-2492","post","type-post","status-publish","format-standard","has-post-thumbnail","hentry","category-haus-garten","tag-blueten","tag-diesem","tag-eine","tag-flaschenbuerstenbaeume","tag-fuelle","tag-fuer","tag-man","tag-purpurroter","tag-sommer","tag-toepfen","tag-wie","tag-zuechtet","generate-columns","tablet-grid-50","mobile-grid-100","grid-parent","grid-50"],"yoast_head":"<!-- This site is optimized with the Yoast SEO plugin v27.3 - https:\/\/yoast.com\/product\/yoast-seo-wordpress\/ -->\n<title>Wie man Flaschenb\u00fcrstenb\u00e4ume in T\u00f6pfen z\u00fcchtet \u2013 f\u00fcr eine F\u00fclle purpurroter Bl\u00fcten in diesem Sommer - Nachrichten - Stra\u00dfenweb<\/title>\n<meta name=\"robots\" content=\"index, follow, max-snippet:-1, max-image-preview:large, max-video-preview:-1\" \/>\n<link rel=\"canonical\" href=\"https:\/\/www.strassenweb.de\/nachrichten\/wie-man-flaschenbuerstenbaeume-in-toepfen-zuechtet-fuer-eine-fuelle-purpurroter-blueten-in-diesem-sommer\/\" \/>\n<meta property=\"og:locale\" content=\"de_DE\" \/>\n<meta property=\"og:type\" content=\"article\" \/>\n<meta property=\"og:title\" content=\"Wie man Flaschenb\u00fcrstenb\u00e4ume in T\u00f6pfen z\u00fcchtet \u2013 f\u00fcr eine F\u00fclle purpurroter Bl\u00fcten in diesem Sommer - Nachrichten - Stra\u00dfenweb\" \/>\n<meta property=\"og:description\" content=\"Im Fr\u00fchling und Sommer sind Flaschenb\u00fcrstenbl\u00fcten in vielen Vor- und Hinterh\u00f6fen ein allt\u00e4glicher Anblick. In w\u00e4rmeren Bundesstaaten wie Kalifornien, Arizona und Texas gedeihen diese sonnenliebenden\" \/>\n<meta property=\"og:url\" content=\"https:\/\/www.strassenweb.de\/nachrichten\/wie-man-flaschenbuerstenbaeume-in-toepfen-zuechtet-fuer-eine-fuelle-purpurroter-blueten-in-diesem-sommer\/\" \/>\n<meta property=\"og:site_name\" content=\"Stra\u00dfenweb\" \/>\n<meta property=\"article:publisher\" content=\"https:\/\/www.facebook.com\/strassenweb\/\" \/>\n<meta property=\"article:published_time\" content=\"2025-01-03T10:50:43+00:00\" \/>\n<meta property=\"article:modified_time\" content=\"2025-01-03T10:50:45+00:00\" \/>\n<meta property=\"og:image\" content=\"https:\/\/www.strassenweb.de\/nachrichten\/wp-content\/uploads\/2025\/01\/Wie-man-Flaschenbuerstenbaeume-in-Toepfen-zuechtet-\u2013-fuer-eine-Fuelle.jpg\" \/>\n\t<meta property=\"og:image:width\" content=\"1200\" \/>\n\t<meta property=\"og:image:height\" content=\"675\" \/>\n\t<meta property=\"og:image:type\" content=\"image\/jpeg\" \/>\n<meta name=\"author\" content=\"Robert Hoffmann\" \/>\n<meta name=\"twitter:card\" content=\"summary_large_image\" \/>\n<meta name=\"twitter:label1\" content=\"Verfasst von\" \/>\n\t<meta name=\"twitter:data1\" content=\"Robert Hoffmann\" \/>\n\t<meta name=\"twitter:label2\" content=\"Gesch\u00e4tzte Lesezeit\" \/>\n\t<meta name=\"twitter:data2\" content=\"5\u00a0Minuten\" \/>\n<script type=\"application\/ld+json\" class=\"yoast-schema-graph\">{\"@context\":\"https:\\\/\\\/schema.org\",\"@graph\":[{\"@type\":\"Article\",\"@id\":\"https:\\\/\\\/www.strassenweb.de\\\/nachrichten\\\/wie-man-flaschenbuerstenbaeume-in-toepfen-zuechtet-fuer-eine-fuelle-purpurroter-blueten-in-diesem-sommer\\\/#article\",\"isPartOf\":{\"@id\":\"https:\\\/\\\/www.strassenweb.de\\\/nachrichten\\\/wie-man-flaschenbuerstenbaeume-in-toepfen-zuechtet-fuer-eine-fuelle-purpurroter-blueten-in-diesem-sommer\\\/\"},\"author\":{\"name\":\"Robert Hoffmann\",\"@id\":\"https:\\\/\\\/www.strassenweb.de\\\/nachrichten\\\/#\\\/schema\\\/person\\\/87c9c9067f1211da429a744dc5a5aa41\"},\"headline\":\"Wie man Flaschenb\u00fcrstenb\u00e4ume in T\u00f6pfen z\u00fcchtet \u2013 f\u00fcr eine F\u00fclle purpurroter Bl\u00fcten in diesem Sommer\",\"datePublished\":\"2025-01-03T10:50:43+00:00\",\"dateModified\":\"2025-01-03T10:50:45+00:00\",\"mainEntityOfPage\":{\"@id\":\"https:\\\/\\\/www.strassenweb.de\\\/nachrichten\\\/wie-man-flaschenbuerstenbaeume-in-toepfen-zuechtet-fuer-eine-fuelle-purpurroter-blueten-in-diesem-sommer\\\/\"},\"wordCount\":1031,\"publisher\":{\"@id\":\"https:\\\/\\\/www.strassenweb.de\\\/nachrichten\\\/#organization\"},\"image\":{\"@id\":\"https:\\\/\\\/www.strassenweb.de\\\/nachrichten\\\/wie-man-flaschenbuerstenbaeume-in-toepfen-zuechtet-fuer-eine-fuelle-purpurroter-blueten-in-diesem-sommer\\\/#primaryimage\"},\"thumbnailUrl\":\"https:\\\/\\\/www.strassenweb.de\\\/nachrichten\\\/wp-content\\\/uploads\\\/2025\\\/01\\\/Wie-man-Flaschenbuerstenbaeume-in-Toepfen-zuechtet-\u2013-fuer-eine-Fuelle.jpg\",\"keywords\":[\"Bl\u00fcten\",\"diesem\",\"eine\",\"Flaschenb\u00fcrstenb\u00e4ume\",\"F\u00fclle\",\"f\u00fcr\",\"man\",\"purpurroter\",\"Sommer\",\"T\u00f6pfen\",\"Wie\",\"z\u00fcchtet\"],\"articleSection\":[\"Haus &amp; Garten\"],\"inLanguage\":\"de\"},{\"@type\":\"WebPage\",\"@id\":\"https:\\\/\\\/www.strassenweb.de\\\/nachrichten\\\/wie-man-flaschenbuerstenbaeume-in-toepfen-zuechtet-fuer-eine-fuelle-purpurroter-blueten-in-diesem-sommer\\\/\",\"url\":\"https:\\\/\\\/www.strassenweb.de\\\/nachrichten\\\/wie-man-flaschenbuerstenbaeume-in-toepfen-zuechtet-fuer-eine-fuelle-purpurroter-blueten-in-diesem-sommer\\\/\",\"name\":\"Wie man Flaschenb\u00fcrstenb\u00e4ume in T\u00f6pfen z\u00fcchtet \u2013 f\u00fcr eine F\u00fclle purpurroter Bl\u00fcten in diesem Sommer - Nachrichten - Stra\u00dfenweb\",\"isPartOf\":{\"@id\":\"https:\\\/\\\/www.strassenweb.de\\\/nachrichten\\\/#website\"},\"primaryImageOfPage\":{\"@id\":\"https:\\\/\\\/www.strassenweb.de\\\/nachrichten\\\/wie-man-flaschenbuerstenbaeume-in-toepfen-zuechtet-fuer-eine-fuelle-purpurroter-blueten-in-diesem-sommer\\\/#primaryimage\"},\"image\":{\"@id\":\"https:\\\/\\\/www.strassenweb.de\\\/nachrichten\\\/wie-man-flaschenbuerstenbaeume-in-toepfen-zuechtet-fuer-eine-fuelle-purpurroter-blueten-in-diesem-sommer\\\/#primaryimage\"},\"thumbnailUrl\":\"https:\\\/\\\/www.strassenweb.de\\\/nachrichten\\\/wp-content\\\/uploads\\\/2025\\\/01\\\/Wie-man-Flaschenbuerstenbaeume-in-Toepfen-zuechtet-\u2013-fuer-eine-Fuelle.jpg\",\"datePublished\":\"2025-01-03T10:50:43+00:00\",\"dateModified\":\"2025-01-03T10:50:45+00:00\",\"breadcrumb\":{\"@id\":\"https:\\\/\\\/www.strassenweb.de\\\/nachrichten\\\/wie-man-flaschenbuerstenbaeume-in-toepfen-zuechtet-fuer-eine-fuelle-purpurroter-blueten-in-diesem-sommer\\\/#breadcrumb\"},\"inLanguage\":\"de\",\"potentialAction\":[{\"@type\":\"ReadAction\",\"target\":[\"https:\\\/\\\/www.strassenweb.de\\\/nachrichten\\\/wie-man-flaschenbuerstenbaeume-in-toepfen-zuechtet-fuer-eine-fuelle-purpurroter-blueten-in-diesem-sommer\\\/\"]}]},{\"@type\":\"ImageObject\",\"inLanguage\":\"de\",\"@id\":\"https:\\\/\\\/www.strassenweb.de\\\/nachrichten\\\/wie-man-flaschenbuerstenbaeume-in-toepfen-zuechtet-fuer-eine-fuelle-purpurroter-blueten-in-diesem-sommer\\\/#primaryimage\",\"url\":\"https:\\\/\\\/www.strassenweb.de\\\/nachrichten\\\/wp-content\\\/uploads\\\/2025\\\/01\\\/Wie-man-Flaschenbuerstenbaeume-in-Toepfen-zuechtet-\u2013-fuer-eine-Fuelle.jpg\",\"contentUrl\":\"https:\\\/\\\/www.strassenweb.de\\\/nachrichten\\\/wp-content\\\/uploads\\\/2025\\\/01\\\/Wie-man-Flaschenbuerstenbaeume-in-Toepfen-zuechtet-\u2013-fuer-eine-Fuelle.jpg\",\"width\":1200,\"height\":675,\"caption\":\"Wie man Flaschenb\u00fcrstenb\u00e4ume in T\u00f6pfen z\u00fcchtet \u2013 f\u00fcr eine F\u00fclle purpurroter Bl\u00fcten in diesem Sommer\"},{\"@type\":\"BreadcrumbList\",\"@id\":\"https:\\\/\\\/www.strassenweb.de\\\/nachrichten\\\/wie-man-flaschenbuerstenbaeume-in-toepfen-zuechtet-fuer-eine-fuelle-purpurroter-blueten-in-diesem-sommer\\\/#breadcrumb\",\"itemListElement\":[{\"@type\":\"ListItem\",\"position\":1,\"name\":\"Home\",\"item\":\"https:\\\/\\\/www.strassenweb.de\\\/nachrichten\\\/\"},{\"@type\":\"ListItem\",\"position\":2,\"name\":\"Wie man Flaschenb\u00fcrstenb\u00e4ume in T\u00f6pfen z\u00fcchtet \u2013 f\u00fcr eine F\u00fclle purpurroter Bl\u00fcten in diesem Sommer\"}]},{\"@type\":\"WebSite\",\"@id\":\"https:\\\/\\\/www.strassenweb.de\\\/nachrichten\\\/#website\",\"url\":\"https:\\\/\\\/www.strassenweb.de\\\/nachrichten\\\/\",\"name\":\"Stra\u00dfenweb\",\"description\":\"Stra\u00dfenverzeichnis f\u00fcr Deutschland\",\"publisher\":{\"@id\":\"https:\\\/\\\/www.strassenweb.de\\\/nachrichten\\\/#organization\"},\"potentialAction\":[{\"@type\":\"SearchAction\",\"target\":{\"@type\":\"EntryPoint\",\"urlTemplate\":\"https:\\\/\\\/www.strassenweb.de\\\/nachrichten\\\/?s={search_term_string}\"},\"query-input\":{\"@type\":\"PropertyValueSpecification\",\"valueRequired\":true,\"valueName\":\"search_term_string\"}}],\"inLanguage\":\"de\"},{\"@type\":\"Organization\",\"@id\":\"https:\\\/\\\/www.strassenweb.de\\\/nachrichten\\\/#organization\",\"name\":\"Stra\u00dfenweb\",\"url\":\"https:\\\/\\\/www.strassenweb.de\\\/nachrichten\\\/\",\"logo\":{\"@type\":\"ImageObject\",\"inLanguage\":\"de\",\"@id\":\"https:\\\/\\\/www.strassenweb.de\\\/nachrichten\\\/#\\\/schema\\\/logo\\\/image\\\/\",\"url\":\"https:\\\/\\\/www.strassenweb.de\\\/nachrichten\\\/wp-content\\\/uploads\\\/2024\\\/09\\\/cropped-favicon.png\",\"contentUrl\":\"https:\\\/\\\/www.strassenweb.de\\\/nachrichten\\\/wp-content\\\/uploads\\\/2024\\\/09\\\/cropped-favicon.png\",\"width\":512,\"height\":512,\"caption\":\"Stra\u00dfenweb\"},\"image\":{\"@id\":\"https:\\\/\\\/www.strassenweb.de\\\/nachrichten\\\/#\\\/schema\\\/logo\\\/image\\\/\"},\"sameAs\":[\"https:\\\/\\\/www.facebook.com\\\/strassenweb\\\/\"]},{\"@type\":\"Person\",\"@id\":\"https:\\\/\\\/www.strassenweb.de\\\/nachrichten\\\/#\\\/schema\\\/person\\\/87c9c9067f1211da429a744dc5a5aa41\",\"name\":\"Robert Hoffmann\",\"image\":{\"@type\":\"ImageObject\",\"inLanguage\":\"de\",\"@id\":\"https:\\\/\\\/www.strassenweb.de\\\/nachrichten\\\/wp-content\\\/uploads\\\/2024\\\/09\\\/strassenweb-150x150.jpg\",\"url\":\"https:\\\/\\\/www.strassenweb.de\\\/nachrichten\\\/wp-content\\\/uploads\\\/2024\\\/09\\\/strassenweb-150x150.jpg\",\"contentUrl\":\"https:\\\/\\\/www.strassenweb.de\\\/nachrichten\\\/wp-content\\\/uploads\\\/2024\\\/09\\\/strassenweb-150x150.jpg\",\"caption\":\"Robert Hoffmann\"},\"description\":\"Ich hei\u00dfe Robert Hoffmann und ich bin ein leidenschaftlicher Verfechter von \u00d6kologie und Biodiversit\u00e4t. Seit meiner Kindheit in den W\u00e4ldern Bayerns f\u00fchle ich mich mit der Natur verbunden und bin entschlossen, sie zu sch\u00fctzen. Heute widme ich mein Leben der Sensibilisierung anderer f\u00fcr die Bedeutung des Umweltschutzes f\u00fcr zuk\u00fcnftige Generationen.\",\"sameAs\":[\"https:\\\/\\\/www.strassenweb.de\\\/\"]}]}<\/script>\n<!-- \/ Yoast SEO plugin. -->","yoast_head_json":{"title":"Wie man Flaschenb\u00fcrstenb\u00e4ume in T\u00f6pfen z\u00fcchtet \u2013 f\u00fcr eine F\u00fclle purpurroter Bl\u00fcten in diesem Sommer - Nachrichten - Stra\u00dfenweb","robots":{"index":"index","follow":"follow","max-snippet":"max-snippet:-1","max-image-preview":"max-image-preview:large","max-video-preview":"max-video-preview:-1"},"canonical":"https:\/\/www.strassenweb.de\/nachrichten\/wie-man-flaschenbuerstenbaeume-in-toepfen-zuechtet-fuer-eine-fuelle-purpurroter-blueten-in-diesem-sommer\/","og_locale":"de_DE","og_type":"article","og_title":"Wie man Flaschenb\u00fcrstenb\u00e4ume in T\u00f6pfen z\u00fcchtet \u2013 f\u00fcr eine F\u00fclle purpurroter Bl\u00fcten in diesem Sommer - Nachrichten - Stra\u00dfenweb","og_description":"Im Fr\u00fchling und Sommer sind Flaschenb\u00fcrstenbl\u00fcten in vielen Vor- und Hinterh\u00f6fen ein allt\u00e4glicher Anblick. In w\u00e4rmeren Bundesstaaten wie Kalifornien, Arizona und Texas gedeihen diese sonnenliebenden","og_url":"https:\/\/www.strassenweb.de\/nachrichten\/wie-man-flaschenbuerstenbaeume-in-toepfen-zuechtet-fuer-eine-fuelle-purpurroter-blueten-in-diesem-sommer\/","og_site_name":"Stra\u00dfenweb","article_publisher":"https:\/\/www.facebook.com\/strassenweb\/","article_published_time":"2025-01-03T10:50:43+00:00","article_modified_time":"2025-01-03T10:50:45+00:00","og_image":[{"width":1200,"height":675,"url":"https:\/\/www.strassenweb.de\/nachrichten\/wp-content\/uploads\/2025\/01\/Wie-man-Flaschenbuerstenbaeume-in-Toepfen-zuechtet-\u2013-fuer-eine-Fuelle.jpg","type":"image\/jpeg"}],"author":"Robert Hoffmann","twitter_card":"summary_large_image","twitter_misc":{"Verfasst von":"Robert Hoffmann","Gesch\u00e4tzte Lesezeit":"5\u00a0Minuten"},"schema":{"@context":"https:\/\/schema.org","@graph":[{"@type":"Article","@id":"https:\/\/www.strassenweb.de\/nachrichten\/wie-man-flaschenbuerstenbaeume-in-toepfen-zuechtet-fuer-eine-fuelle-purpurroter-blueten-in-diesem-sommer\/#article","isPartOf":{"@id":"https:\/\/www.strassenweb.de\/nachrichten\/wie-man-flaschenbuerstenbaeume-in-toepfen-zuechtet-fuer-eine-fuelle-purpurroter-blueten-in-diesem-sommer\/"},"author":{"name":"Robert Hoffmann","@id":"https:\/\/www.strassenweb.de\/nachrichten\/#\/schema\/person\/87c9c9067f1211da429a744dc5a5aa41"},"headline":"Wie man Flaschenb\u00fcrstenb\u00e4ume in T\u00f6pfen z\u00fcchtet \u2013 f\u00fcr eine F\u00fclle purpurroter Bl\u00fcten in diesem Sommer","datePublished":"2025-01-03T10:50:43+00:00","dateModified":"2025-01-03T10:50:45+00:00","mainEntityOfPage":{"@id":"https:\/\/www.strassenweb.de\/nachrichten\/wie-man-flaschenbuerstenbaeume-in-toepfen-zuechtet-fuer-eine-fuelle-purpurroter-blueten-in-diesem-sommer\/"},"wordCount":1031,"publisher":{"@id":"https:\/\/www.strassenweb.de\/nachrichten\/#organization"},"image":{"@id":"https:\/\/www.strassenweb.de\/nachrichten\/wie-man-flaschenbuerstenbaeume-in-toepfen-zuechtet-fuer-eine-fuelle-purpurroter-blueten-in-diesem-sommer\/#primaryimage"},"thumbnailUrl":"https:\/\/www.strassenweb.de\/nachrichten\/wp-content\/uploads\/2025\/01\/Wie-man-Flaschenbuerstenbaeume-in-Toepfen-zuechtet-\u2013-fuer-eine-Fuelle.jpg","keywords":["Bl\u00fcten","diesem","eine","Flaschenb\u00fcrstenb\u00e4ume","F\u00fclle","f\u00fcr","man","purpurroter","Sommer","T\u00f6pfen","Wie","z\u00fcchtet"],"articleSection":["Haus &amp; Garten"],"inLanguage":"de"},{"@type":"WebPage","@id":"https:\/\/www.strassenweb.de\/nachrichten\/wie-man-flaschenbuerstenbaeume-in-toepfen-zuechtet-fuer-eine-fuelle-purpurroter-blueten-in-diesem-sommer\/","url":"https:\/\/www.strassenweb.de\/nachrichten\/wie-man-flaschenbuerstenbaeume-in-toepfen-zuechtet-fuer-eine-fuelle-purpurroter-blueten-in-diesem-sommer\/","name":"Wie man Flaschenb\u00fcrstenb\u00e4ume in T\u00f6pfen z\u00fcchtet \u2013 f\u00fcr eine F\u00fclle purpurroter Bl\u00fcten in diesem Sommer - Nachrichten - Stra\u00dfenweb","isPartOf":{"@id":"https:\/\/www.strassenweb.de\/nachrichten\/#website"},"primaryImageOfPage":{"@id":"https:\/\/www.strassenweb.de\/nachrichten\/wie-man-flaschenbuerstenbaeume-in-toepfen-zuechtet-fuer-eine-fuelle-purpurroter-blueten-in-diesem-sommer\/#primaryimage"},"image":{"@id":"https:\/\/www.strassenweb.de\/nachrichten\/wie-man-flaschenbuerstenbaeume-in-toepfen-zuechtet-fuer-eine-fuelle-purpurroter-blueten-in-diesem-sommer\/#primaryimage"},"thumbnailUrl":"https:\/\/www.strassenweb.de\/nachrichten\/wp-content\/uploads\/2025\/01\/Wie-man-Flaschenbuerstenbaeume-in-Toepfen-zuechtet-\u2013-fuer-eine-Fuelle.jpg","datePublished":"2025-01-03T10:50:43+00:00","dateModified":"2025-01-03T10:50:45+00:00","breadcrumb":{"@id":"https:\/\/www.strassenweb.de\/nachrichten\/wie-man-flaschenbuerstenbaeume-in-toepfen-zuechtet-fuer-eine-fuelle-purpurroter-blueten-in-diesem-sommer\/#breadcrumb"},"inLanguage":"de","potentialAction":[{"@type":"ReadAction","target":["https:\/\/www.strassenweb.de\/nachrichten\/wie-man-flaschenbuerstenbaeume-in-toepfen-zuechtet-fuer-eine-fuelle-purpurroter-blueten-in-diesem-sommer\/"]}]},{"@type":"ImageObject","inLanguage":"de","@id":"https:\/\/www.strassenweb.de\/nachrichten\/wie-man-flaschenbuerstenbaeume-in-toepfen-zuechtet-fuer-eine-fuelle-purpurroter-blueten-in-diesem-sommer\/#primaryimage","url":"https:\/\/www.strassenweb.de\/nachrichten\/wp-content\/uploads\/2025\/01\/Wie-man-Flaschenbuerstenbaeume-in-Toepfen-zuechtet-\u2013-fuer-eine-Fuelle.jpg","contentUrl":"https:\/\/www.strassenweb.de\/nachrichten\/wp-content\/uploads\/2025\/01\/Wie-man-Flaschenbuerstenbaeume-in-Toepfen-zuechtet-\u2013-fuer-eine-Fuelle.jpg","width":1200,"height":675,"caption":"Wie man Flaschenb\u00fcrstenb\u00e4ume in T\u00f6pfen z\u00fcchtet \u2013 f\u00fcr eine F\u00fclle purpurroter Bl\u00fcten in diesem Sommer"},{"@type":"BreadcrumbList","@id":"https:\/\/www.strassenweb.de\/nachrichten\/wie-man-flaschenbuerstenbaeume-in-toepfen-zuechtet-fuer-eine-fuelle-purpurroter-blueten-in-diesem-sommer\/#breadcrumb","itemListElement":[{"@type":"ListItem","position":1,"name":"Home","item":"https:\/\/www.strassenweb.de\/nachrichten\/"},{"@type":"ListItem","position":2,"name":"Wie man Flaschenb\u00fcrstenb\u00e4ume in T\u00f6pfen z\u00fcchtet \u2013 f\u00fcr eine F\u00fclle purpurroter Bl\u00fcten in diesem Sommer"}]},{"@type":"WebSite","@id":"https:\/\/www.strassenweb.de\/nachrichten\/#website","url":"https:\/\/www.strassenweb.de\/nachrichten\/","name":"Stra\u00dfenweb","description":"Stra\u00dfenverzeichnis f\u00fcr Deutschland","publisher":{"@id":"https:\/\/www.strassenweb.de\/nachrichten\/#organization"},"potentialAction":[{"@type":"SearchAction","target":{"@type":"EntryPoint","urlTemplate":"https:\/\/www.strassenweb.de\/nachrichten\/?s={search_term_string}"},"query-input":{"@type":"PropertyValueSpecification","valueRequired":true,"valueName":"search_term_string"}}],"inLanguage":"de"},{"@type":"Organization","@id":"https:\/\/www.strassenweb.de\/nachrichten\/#organization","name":"Stra\u00dfenweb","url":"https:\/\/www.strassenweb.de\/nachrichten\/","logo":{"@type":"ImageObject","inLanguage":"de","@id":"https:\/\/www.strassenweb.de\/nachrichten\/#\/schema\/logo\/image\/","url":"https:\/\/www.strassenweb.de\/nachrichten\/wp-content\/uploads\/2024\/09\/cropped-favicon.png","contentUrl":"https:\/\/www.strassenweb.de\/nachrichten\/wp-content\/uploads\/2024\/09\/cropped-favicon.png","width":512,"height":512,"caption":"Stra\u00dfenweb"},"image":{"@id":"https:\/\/www.strassenweb.de\/nachrichten\/#\/schema\/logo\/image\/"},"sameAs":["https:\/\/www.facebook.com\/strassenweb\/"]},{"@type":"Person","@id":"https:\/\/www.strassenweb.de\/nachrichten\/#\/schema\/person\/87c9c9067f1211da429a744dc5a5aa41","name":"Robert Hoffmann","image":{"@type":"ImageObject","inLanguage":"de","@id":"https:\/\/www.strassenweb.de\/nachrichten\/wp-content\/uploads\/2024\/09\/strassenweb-150x150.jpg","url":"https:\/\/www.strassenweb.de\/nachrichten\/wp-content\/uploads\/2024\/09\/strassenweb-150x150.jpg","contentUrl":"https:\/\/www.strassenweb.de\/nachrichten\/wp-content\/uploads\/2024\/09\/strassenweb-150x150.jpg","caption":"Robert Hoffmann"},"description":"Ich hei\u00dfe Robert Hoffmann und ich bin ein leidenschaftlicher Verfechter von \u00d6kologie und Biodiversit\u00e4t. Seit meiner Kindheit in den W\u00e4ldern Bayerns f\u00fchle ich mich mit der Natur verbunden und bin entschlossen, sie zu sch\u00fctzen. Heute widme ich mein Leben der Sensibilisierung anderer f\u00fcr die Bedeutung des Umweltschutzes f\u00fcr zuk\u00fcnftige Generationen.","sameAs":["https:\/\/www.strassenweb.de\/"]}]}},"_links":{"self":[{"href":"https:\/\/www.strassenweb.de\/nachrichten\/wp-json\/wp\/v2\/posts\/2492","targetHints":{"allow":["GET"]}}],"collection":[{"href":"https:\/\/www.strassenweb.de\/nachrichten\/wp-json\/wp\/v2\/posts"}],"about":[{"href":"https:\/\/www.strassenweb.de\/nachrichten\/wp-json\/wp\/v2\/types\/post"}],"author":[{"embeddable":true,"href":"https:\/\/www.strassenweb.de\/nachrichten\/wp-json\/wp\/v2\/users\/1"}],"replies":[{"embeddable":true,"href":"https:\/\/www.strassenweb.de\/nachrichten\/wp-json\/wp\/v2\/comments?post=2492"}],"version-history":[{"count":0,"href":"https:\/\/www.strassenweb.de\/nachrichten\/wp-json\/wp\/v2\/posts\/2492\/revisions"}],"wp:featuredmedia":[{"embeddable":true,"href":"https:\/\/www.strassenweb.de\/nachrichten\/wp-json\/wp\/v2\/media\/2493"}],"wp:attachment":[{"href":"https:\/\/www.strassenweb.de\/nachrichten\/wp-json\/wp\/v2\/media?parent=2492"}],"wp:term":[{"taxonomy":"category","embeddable":true,"href":"https:\/\/www.strassenweb.de\/nachrichten\/wp-json\/wp\/v2\/categories?post=2492"},{"taxonomy":"post_tag","embeddable":true,"href":"https:\/\/www.strassenweb.de\/nachrichten\/wp-json\/wp\/v2\/tags?post=2492"}],"curies":[{"name":"wp","href":"https:\/\/api.w.org\/{rel}","templated":true}]}}