{"id":2488,"date":"2025-01-03T07:41:29","date_gmt":"2025-01-03T06:41:29","guid":{"rendered":"https:\/\/www.strassenweb.de\/nachrichten\/pflanzen-die-sie-im-januar-niemals-beschneiden-sollten-gefaehrden-sie-nicht-die-gesundheit-dieser-beliebten-baeume-und-straeucher\/"},"modified":"2025-01-03T07:41:30","modified_gmt":"2025-01-03T06:41:30","slug":"pflanzen-die-sie-im-januar-niemals-beschneiden-sollten-gefaehrden-sie-nicht-die-gesundheit-dieser-beliebten-baeume-und-straeucher","status":"publish","type":"post","link":"https:\/\/www.strassenweb.de\/nachrichten\/pflanzen-die-sie-im-januar-niemals-beschneiden-sollten-gefaehrden-sie-nicht-die-gesundheit-dieser-beliebten-baeume-und-straeucher\/","title":{"rendered":"Pflanzen, die Sie im Januar niemals beschneiden sollten \u2013 gef\u00e4hrden Sie nicht die Gesundheit dieser beliebten B\u00e4ume und Str\u00e4ucher"},"content":{"rendered":"<p><\/p>\n<div id=\"article-body\" class=\"article__body \">\n<p>Der Januar ist die ideale Zeit, um einige der beliebtesten Gartenstr\u00e4ucher und -b\u00e4ume zu beschneiden. W\u00e4hrend es f\u00fcr einige gut ist, ist es jedoch nicht f\u00fcr alle von Vorteil. Tats\u00e4chlich gibt es Pflanzen, die man im Januar niemals beschneiden sollte, da das Beschneiden ihrer Gesundheit schaden und die potenzielle Bl\u00fctenpracht ruinieren kann.<\/p>\n<div id=\"ad-unit-1\" class=\"ad-unit\"><\/div>\n<p>Der Schnitt zur richtigen Jahreszeit sorgt daf\u00fcr, dass die Pflanzen produktiv sind und gedeihen \u2013 das sorgt f\u00fcr fantastische Bl\u00fcten oder Fr\u00fcchte und ein gesundes Nachwachsen. Aber wenn Sie es falsch machen und zum falschen Zeitpunkt beschneiden, k\u00f6nnen die Folgen verheerend sein. Sie werden nicht nur auf die Bl\u00fcte verzichten, Ihre Str\u00e4ucher oder B\u00e4ume k\u00f6nnten auch anf\u00e4llig f\u00fcr Winterfr\u00f6ste, Sch\u00e4dlinge oder Krankheiten sein.<\/p>\n<p>Fr\u00fcher haben wir uns mit Pflanzen befasst, die im Januar beschnitten werden sollten, aber jetzt liegt der Schwerpunkt auf Pflanzen, die nicht beschnitten werden sollen. Es gibt eine gro\u00dfe Auswahl an Pflanzen, die im Januar niemals beschnitten werden sollten und die wir in Kategorien eingeteilt haben. Dies kann Ihnen helfen, zu vermeiden, dass Sie zur falschen Jahreszeit einen Schnitt erleiden.<\/p>\n<div id=\"desktop-in-article\" class=\"in-article ad-unit\">\n<div id=\"desktop-taboola-mid-article\"><\/div>\n<\/div>\n<div id=\"mobile-in-article\" class=\"in-article ad-unit\">\n<div id=\"mobile-taboola-mid-article\"><\/div>\n<\/div>\n<figure class=\"van-image-figure inline-layout \" data-bordeaux-image-check>\n<div class=\"image-full-width-wrapper\">\n<div class=\"image-widthsetter\" style=\"max-width:2000px;\"><\/div>\n<\/div>\n<\/figure>\n<h2 id=\"the-type-of-trees-and-shrubs-to-not-prune-this-month-3\">Die Art der B\u00e4ume und Str\u00e4ucher, die Sie diesen Monat nicht beschneiden sollten<\/h2>\n<aside class=\"hawk-nest\" data-block-type=\"embed\" data-render-type=\"fte\" data-skip=\"dealsy\" data-widget-type=\"seasonal\">\n<div class=\"hawk-master-widget-hawk-base-wrapper\"><\/div>\n<\/aside>\n<p>Die folgenden B\u00e4ume und Str\u00e4ucher d\u00fcrfen im Fr\u00fchjahr nicht beschnitten werden. Wir erkl\u00e4ren, warum Sie sie diesen Monat nicht beschneiden sollten und verraten, wann die empfohlenen Fenster zum Beschneiden sind.<\/p>\n<div class=\"van_vid_carousel\">\n<div class=\"van_vid_carousel__padding\">\n<div class=\"van_vid_carousel__container\"><\/div>\n<\/div>\n<\/div>\n<h3 class=\"article-body__section\" id=\"section-1-spring-flowerers\"><span>1. Fr\u00fchlingsblumen<\/span><\/h3>\n<figure class=\"van-image-figure inline-layout \" data-bordeaux-image-check>\n<div class=\"image-full-width-wrapper\">\n<div class=\"image-widthsetter\" style=\"max-width:2400px;\"><\/div>\n<\/div>\n<\/figure>\n<p>Fr\u00fchlingsbl\u00fchende Str\u00e4ucher in einem Hinterhof verleihen einem Raum zu Beginn des Jahres Farbe, Textur und Duft. Sie bereiten uns saisonale Freude und sind f\u00fcr fr\u00fche Best\u00e4uber von entscheidender Bedeutung, wenn sie aus dem Winterschlaf erwachen.<\/p>\n<div id=\"ad-unit-2\" class=\"ad-unit\"><\/div>\n<p>Flieder, Forsythie, Azalee, Hartriegel, Hamamelis und mehr k\u00f6nnen im Fr\u00fchling einen Hinterhof mit Bl\u00fcten f\u00fcllen \u2013 vorausgesetzt, sie werden zum richtigen Zeitpunkt beschnitten.<\/p>\n<p>Beschneiden Sie diese bl\u00fchenden Str\u00e4ucher immer nach der Bl\u00fcte, niemals im Winter. Das Beschneiden in diesem Monat w\u00e4re ein Schnittfehler, und das Abschneiden der Knospen w\u00fcrde dazu f\u00fchren, dass im Fr\u00fchling keine Bl\u00fcten mehr bl\u00fchen.<\/p>\n<h3 class=\"article-body__section\" id=\"section-2-stone-fruit\"><span>2. Steinobst <\/span><\/h3>\n<figure class=\"van-image-figure inline-layout \" data-bordeaux-image-check>\n<div class=\"image-full-width-wrapper\">\n<div class=\"image-widthsetter\" style=\"max-width:2000px;\"><\/div>\n<\/div>\n<\/figure>\n<p>Der Winter ist die Zeit, viele Obstb\u00e4ume zu beschneiden, aber nicht alle. W\u00e4hrend \u00c4pfel, Birnen, Quitten und Mispeln Obstb\u00e4ume sind, die im Winter beschnitten werden m\u00fcssen, sollte Steinobst in diesem Monat nicht beschnitten werden.<\/p>\n<p>Der Schnitt von Pflaumen, Aprikosen, Pfirsichen oder Kirschen sollte im Fr\u00fchling oder Sommer und nicht im Winter erfolgen, um Krankheiten wie Blattsilber und Bakterienkrebs vorzubeugen.<\/p>\n<p>Silberblatt ist eine potenziell verheerende Pilzkrankheit, die \u00fcber Schnittwunden in den Baum gelangt \u2013 und einen Baum t\u00f6ten kann. Die Sporen sind im Winter h\u00e4ufiger anzutreffen und der Verzicht auf einen Schnitt zu diesem Zeitpunkt ist eine einfache Kontrollmethode, um zu verhindern, dass anf\u00e4llige Obstb\u00e4ume davon betroffen werden.<\/p>\n<h3 class=\"article-body__section\" id=\"section-3-bleeder-trees\"><span>3. Blutende B\u00e4ume <\/span><\/h3>\n<figure class=\"van-image-figure inline-layout \" data-bordeaux-image-check>\n<div class=\"image-full-width-wrapper\">\n<div class=\"image-widthsetter\" style=\"max-width:2400px;\"><\/div>\n<\/div>\n<\/figure>\n<p>Im Januar m\u00fcssen viele B\u00e4ume beschnitten werden, da dieser Monat ein idealer Zeitpunkt zum Beschneiden vieler Laubb\u00e4ume sein kann. Einige B\u00e4ume, die als \u201eBlutb\u00e4ume\u201c bekannt sind, sollten jedoch am besten nicht im Januar beschnitten werden, da sie nach dem Beschneiden durch den Saftausfluss austreten. Zu dieser Gruppe geh\u00f6ren Ahorn-, Birken-, Ulmen-, Walnuss- und Gelbholzb\u00e4ume.<\/p>\n<p>Wenn ein Baum Saft austritt, wird er geschw\u00e4cht und zieht Insekten an, die m\u00f6glicherweise Krankheiten oder Pilzsporen \u00fcbertragen k\u00f6nnen. Besonders sch\u00e4dlich ist das Beschneiden von \u00c4sten mit einem Durchmesser von mehr als 7,5 cm, da dies zu einem gro\u00dffl\u00e4chigen Saftverlust f\u00fchren kann.<\/p>\n<p>Der empfohlene Zeitpunkt zum Beschneiden solcher blutenden B\u00e4ume ist der sp\u00e4te Fr\u00fchling oder Fr\u00fchsommer, wenn sie den Saftverlust am besten verkraften k\u00f6nnen und schnell heilen, da sie aktiv wachsen.<\/p>\n<h3 class=\"article-body__section\" id=\"section-4-woody-herbs\"><span>4. Holzige Kr\u00e4uter <\/span><\/h3>\n<figure class=\"van-image-figure inline-layout \" data-bordeaux-image-check>\n<div class=\"image-full-width-wrapper\">\n<div class=\"image-widthsetter\" style=\"max-width:2000px;\"><\/div>\n<\/div>\n<\/figure>\n<p>Holzkr\u00e4uter wie Rosmarin, Lavendel und Thymian m\u00fcssen j\u00e4hrlich beschnitten werden, um ihre Gr\u00f6\u00dfe zu kontrollieren und viele aromatische Bl\u00e4tter f\u00fcr Koch-, Sch\u00f6nheits- oder medizinische Zwecke zu produzieren. Durch regelm\u00e4\u00dfiges Beschneiden bleiben diese aromatischen Kr\u00e4uter buschig, anstatt sich auszubreiten und langbeinig oder holzig zu werden und produktiv zu sein.<\/p>\n<p>Es w\u00e4re ein Fehler im Kr\u00e4utergarten, mitten im Winter Rosmarin oder Lavendel zu beschneiden. Dies k\u00f6nnte die Gesundheit der Pflanzen gef\u00e4hrden. Pflanzen sind bis zur US-Winterh\u00e4rtezone 5 winterhart, aber das Beschneiden in diesem Monat kann die allgemeine Winterh\u00e4rte verringern und Schnittwunden hinterlassen, in die der Frost eindringen kann. Extreme Erk\u00e4ltungen k\u00f6nnen zu irreparablen Sch\u00e4den in der Pflanzenmitte f\u00fchren.<\/p>\n<p>Um zu vermeiden, dass verholzende Kr\u00e4uter unn\u00f6tig gesch\u00e4digt werden, sollten Sie mit dem Beschneiden aller Pflanzen in Ihrem Kr\u00e4utergarten oder in Ihren Kr\u00e4uterpflanzgef\u00e4\u00dfen warten, bis sich im Fr\u00fchjahr neue Triebe bilden.<\/p>\n<h3 class=\"article-body__section\" id=\"section-5-evergreen-shrubs\"><span>5. Immergr\u00fcne Str\u00e4ucher<\/span><\/h3>\n<figure class=\"van-image-figure inline-layout \" data-bordeaux-image-check>\n<div class=\"image-full-width-wrapper\">\n<div class=\"image-widthsetter\" style=\"max-width:2400px;\"><\/div>\n<\/div>\n<\/figure>\n<p>Die beste Zeit zum Beschneiden von immergr\u00fcnen Pflanzen ist im Allgemeinen der fr\u00fche Fr\u00fchling und der Sp\u00e4tsommer. Regelm\u00e4\u00dfiges Beschneiden h\u00e4lt die Gr\u00f6\u00dfe und Form immergr\u00fcner Str\u00e4ucher unter Kontrolle und f\u00f6rdert ein gesundes Wachstum.<\/p>\n<p>Ein R\u00fcckschnitt im Winter wird nicht empfohlen, da immergr\u00fcne Pflanzen bei starkem R\u00fcckschnitt m\u00f6glicherweise nicht mehr die n\u00f6tige Energie zum \u00dcberleben haben. Sie speichern in ihren Wurzeln keine Energie f\u00fcr den Winter und m\u00fcssen daher das ganze Jahr \u00fcber Nahrung produzieren.<\/p>\n<p>Nach dem Beschneiden im Januar wird es kein Nachwachsen geben, es sei denn, Sie leben in w\u00e4rmeren Klimazonen in den USA. Daher kann der Strauch durch das Beschneiden beeintr\u00e4chtigt werden. Immergr\u00fcne Pflanzen k\u00f6nnen auch unter Frost leiden, der in die Schnittschnitte eindringt, und k\u00f6nnen durch das Beschneiden im Winter absterben.<\/p>\n<p>Was den Schnittzeitpunkt f\u00fcr Str\u00e4ucher anbelangt, schneiden Sie immergr\u00fcne Pflanzen ab, sobald die Frostgefahr vor\u00fcber ist und neue Triebe entstehen. Beschneiden Sie fr\u00fchlingsbl\u00fchende Str\u00e4ucher nach der Bl\u00fcte, wie bereits erw\u00e4hnt, und sommerbl\u00fchende Str\u00e4ucher im Sp\u00e4twinter oder fr\u00fchen Fr\u00fchling.<\/p>\n<h2 id=\"shop-pruning-tools-3\">Schnittwerkzeuge kaufen<\/h2>\n<div class=\"product-container hero-product-container product-block-no-wrap\"><\/div>\n<h3 class=\"article-body__section\" id=\"section-faqs\"><span>FAQs<\/span><\/h3>\n<h2 id=\"is-it-okay-to-cut-my-lawn-in-january-3\">Darf ich meinen Rasen im Januar schneiden?<\/h2>\n<p>Im Winter ist es in der Regel nicht notwendig, einen Rasen zu m\u00e4hen. Das Gras w\u00e4chst im Winter nicht und Sie k\u00f6nnen durch das M\u00e4hen eines frostigen oder \u00fcberm\u00e4\u00dfig nassen Rasens Sch\u00e4den verursachen. Tats\u00e4chlich ist es in vielen Klimazonen am besten, in den Wintermonaten das Betreten von Gras zu vermeiden, da es bei gefrorenem Rasen zu Bodenverdichtung und Sch\u00e4den an den Grashalmen kommen kann.<\/p>\n<p>Wenn Sie in einem w\u00e4rmeren Klima leben und das Gras im Januar zu wachsen beginnt, ist es in Ordnung, den Rasen zu schneiden. Seien Sie dabei jedoch vorsichtig \u2013 m\u00e4hen Sie nur, wenn die Bedingungen stimmen, und heben Sie die M\u00e4hmesser an, um in gro\u00dfer H\u00f6he zu schneiden. Der beste Zeitpunkt, um mit dem Rasenm\u00e4hen im Fr\u00fchjahr zu beginnen, ist, wenn das Gras eine H\u00f6he von sieben Zentimetern erreicht.<\/p>\n<hr>\n<p>Auch wenn ein Baum oder Strauch im Januar beschnitten werden kann, gibt es dennoch einige Bedingungen, unter denen man am besten auf einen Schnitt verzichten sollte. Dazu geh\u00f6rt auch extreme K\u00e4lte, die zum Absterben f\u00fchren kann, wenn Frost in die Schnittschnitte eindringt und den Baum schw\u00e4cht. Wenn Sie in einem Klima leben, in dem es im Winter extrem kalt ist, sollten Sie mit dem Beschneiden bis zum sp\u00e4ten Winter oder fr\u00fchen Fr\u00fchling warten.<\/p>\n<\/div>\n","protected":false},"excerpt":{"rendered":"<p>Der Januar ist die ideale Zeit, um einige der beliebtesten Gartenstr\u00e4ucher und -b\u00e4ume zu beschneiden. W\u00e4hrend es f\u00fcr einige gut ist, ist es jedoch nicht<\/p>\n","protected":false},"author":1,"featured_media":2489,"comment_status":"closed","ping_status":"","sticky":false,"template":"","format":"standard","meta":{"footnotes":""},"categories":[118],"tags":[443,3509,445,9,1554,4187,2567,2639,61,444,246,165,560,1008,37],"class_list":["post-2488","post","type-post","status-publish","format-standard","has-post-thumbnail","hentry","category-haus-garten","tag-baeume","tag-beliebten","tag-beschneiden","tag-die","tag-dieser","tag-gefaehrden","tag-gesundheit","tag-januar","tag-nicht","tag-niemals","tag-pflanzen","tag-sie","tag-sollten","tag-straeucher","tag-und","generate-columns","tablet-grid-50","mobile-grid-100","grid-parent","grid-50"],"yoast_head":"<!-- This site is optimized with the Yoast SEO plugin v27.3 - https:\/\/yoast.com\/product\/yoast-seo-wordpress\/ -->\n<title>Pflanzen, die Sie im Januar niemals beschneiden sollten \u2013 gef\u00e4hrden Sie nicht die Gesundheit dieser beliebten B\u00e4ume und Str\u00e4ucher - Nachrichten - Stra\u00dfenweb<\/title>\n<meta name=\"robots\" content=\"index, follow, max-snippet:-1, max-image-preview:large, max-video-preview:-1\" \/>\n<link rel=\"canonical\" href=\"https:\/\/www.strassenweb.de\/nachrichten\/pflanzen-die-sie-im-januar-niemals-beschneiden-sollten-gefaehrden-sie-nicht-die-gesundheit-dieser-beliebten-baeume-und-straeucher\/\" \/>\n<meta property=\"og:locale\" content=\"de_DE\" \/>\n<meta property=\"og:type\" content=\"article\" \/>\n<meta property=\"og:title\" content=\"Pflanzen, die Sie im Januar niemals beschneiden sollten \u2013 gef\u00e4hrden Sie nicht die Gesundheit dieser beliebten B\u00e4ume und Str\u00e4ucher - Nachrichten - Stra\u00dfenweb\" \/>\n<meta property=\"og:description\" content=\"Der Januar ist die ideale Zeit, um einige der beliebtesten Gartenstr\u00e4ucher und -b\u00e4ume zu beschneiden. W\u00e4hrend es f\u00fcr einige gut ist, ist es jedoch nicht\" \/>\n<meta property=\"og:url\" content=\"https:\/\/www.strassenweb.de\/nachrichten\/pflanzen-die-sie-im-januar-niemals-beschneiden-sollten-gefaehrden-sie-nicht-die-gesundheit-dieser-beliebten-baeume-und-straeucher\/\" \/>\n<meta property=\"og:site_name\" content=\"Stra\u00dfenweb\" \/>\n<meta property=\"article:publisher\" content=\"https:\/\/www.facebook.com\/strassenweb\/\" \/>\n<meta property=\"article:published_time\" content=\"2025-01-03T06:41:29+00:00\" \/>\n<meta property=\"article:modified_time\" content=\"2025-01-03T06:41:30+00:00\" \/>\n<meta property=\"og:image\" content=\"https:\/\/www.strassenweb.de\/nachrichten\/wp-content\/uploads\/2025\/01\/Pflanzen-die-Sie-im-Januar-niemals-beschneiden-sollten-\u2013-gefaehrden.jpg\" \/>\n\t<meta property=\"og:image:width\" content=\"1200\" \/>\n\t<meta property=\"og:image:height\" content=\"675\" \/>\n\t<meta property=\"og:image:type\" content=\"image\/jpeg\" \/>\n<meta name=\"author\" content=\"Robert Hoffmann\" \/>\n<meta name=\"twitter:card\" content=\"summary_large_image\" \/>\n<meta name=\"twitter:label1\" content=\"Verfasst von\" \/>\n\t<meta name=\"twitter:data1\" content=\"Robert Hoffmann\" \/>\n\t<meta name=\"twitter:label2\" content=\"Gesch\u00e4tzte Lesezeit\" \/>\n\t<meta name=\"twitter:data2\" content=\"6\u00a0Minuten\" \/>\n<script type=\"application\/ld+json\" class=\"yoast-schema-graph\">{\"@context\":\"https:\\\/\\\/schema.org\",\"@graph\":[{\"@type\":\"Article\",\"@id\":\"https:\\\/\\\/www.strassenweb.de\\\/nachrichten\\\/pflanzen-die-sie-im-januar-niemals-beschneiden-sollten-gefaehrden-sie-nicht-die-gesundheit-dieser-beliebten-baeume-und-straeucher\\\/#article\",\"isPartOf\":{\"@id\":\"https:\\\/\\\/www.strassenweb.de\\\/nachrichten\\\/pflanzen-die-sie-im-januar-niemals-beschneiden-sollten-gefaehrden-sie-nicht-die-gesundheit-dieser-beliebten-baeume-und-straeucher\\\/\"},\"author\":{\"name\":\"Robert Hoffmann\",\"@id\":\"https:\\\/\\\/www.strassenweb.de\\\/nachrichten\\\/#\\\/schema\\\/person\\\/87c9c9067f1211da429a744dc5a5aa41\"},\"headline\":\"Pflanzen, die Sie im Januar niemals beschneiden sollten \u2013 gef\u00e4hrden Sie nicht die Gesundheit dieser beliebten B\u00e4ume und Str\u00e4ucher\",\"datePublished\":\"2025-01-03T06:41:29+00:00\",\"dateModified\":\"2025-01-03T06:41:30+00:00\",\"mainEntityOfPage\":{\"@id\":\"https:\\\/\\\/www.strassenweb.de\\\/nachrichten\\\/pflanzen-die-sie-im-januar-niemals-beschneiden-sollten-gefaehrden-sie-nicht-die-gesundheit-dieser-beliebten-baeume-und-straeucher\\\/\"},\"wordCount\":1247,\"publisher\":{\"@id\":\"https:\\\/\\\/www.strassenweb.de\\\/nachrichten\\\/#organization\"},\"image\":{\"@id\":\"https:\\\/\\\/www.strassenweb.de\\\/nachrichten\\\/pflanzen-die-sie-im-januar-niemals-beschneiden-sollten-gefaehrden-sie-nicht-die-gesundheit-dieser-beliebten-baeume-und-straeucher\\\/#primaryimage\"},\"thumbnailUrl\":\"https:\\\/\\\/www.strassenweb.de\\\/nachrichten\\\/wp-content\\\/uploads\\\/2025\\\/01\\\/Pflanzen-die-Sie-im-Januar-niemals-beschneiden-sollten-\u2013-gefaehrden.jpg\",\"keywords\":[\"B\u00e4ume\",\"beliebten\",\"beschneiden\",\"die\",\"dieser\",\"gef\u00e4hrden\",\"Gesundheit\",\"Januar\",\"nicht\",\"niemals\",\"Pflanzen\",\"Sie\",\"sollten\",\"Str\u00e4ucher\",\"und\"],\"articleSection\":[\"Haus &amp; Garten\"],\"inLanguage\":\"de\"},{\"@type\":\"WebPage\",\"@id\":\"https:\\\/\\\/www.strassenweb.de\\\/nachrichten\\\/pflanzen-die-sie-im-januar-niemals-beschneiden-sollten-gefaehrden-sie-nicht-die-gesundheit-dieser-beliebten-baeume-und-straeucher\\\/\",\"url\":\"https:\\\/\\\/www.strassenweb.de\\\/nachrichten\\\/pflanzen-die-sie-im-januar-niemals-beschneiden-sollten-gefaehrden-sie-nicht-die-gesundheit-dieser-beliebten-baeume-und-straeucher\\\/\",\"name\":\"Pflanzen, die Sie im Januar niemals beschneiden sollten \u2013 gef\u00e4hrden Sie nicht die Gesundheit dieser beliebten B\u00e4ume und Str\u00e4ucher - Nachrichten - Stra\u00dfenweb\",\"isPartOf\":{\"@id\":\"https:\\\/\\\/www.strassenweb.de\\\/nachrichten\\\/#website\"},\"primaryImageOfPage\":{\"@id\":\"https:\\\/\\\/www.strassenweb.de\\\/nachrichten\\\/pflanzen-die-sie-im-januar-niemals-beschneiden-sollten-gefaehrden-sie-nicht-die-gesundheit-dieser-beliebten-baeume-und-straeucher\\\/#primaryimage\"},\"image\":{\"@id\":\"https:\\\/\\\/www.strassenweb.de\\\/nachrichten\\\/pflanzen-die-sie-im-januar-niemals-beschneiden-sollten-gefaehrden-sie-nicht-die-gesundheit-dieser-beliebten-baeume-und-straeucher\\\/#primaryimage\"},\"thumbnailUrl\":\"https:\\\/\\\/www.strassenweb.de\\\/nachrichten\\\/wp-content\\\/uploads\\\/2025\\\/01\\\/Pflanzen-die-Sie-im-Januar-niemals-beschneiden-sollten-\u2013-gefaehrden.jpg\",\"datePublished\":\"2025-01-03T06:41:29+00:00\",\"dateModified\":\"2025-01-03T06:41:30+00:00\",\"breadcrumb\":{\"@id\":\"https:\\\/\\\/www.strassenweb.de\\\/nachrichten\\\/pflanzen-die-sie-im-januar-niemals-beschneiden-sollten-gefaehrden-sie-nicht-die-gesundheit-dieser-beliebten-baeume-und-straeucher\\\/#breadcrumb\"},\"inLanguage\":\"de\",\"potentialAction\":[{\"@type\":\"ReadAction\",\"target\":[\"https:\\\/\\\/www.strassenweb.de\\\/nachrichten\\\/pflanzen-die-sie-im-januar-niemals-beschneiden-sollten-gefaehrden-sie-nicht-die-gesundheit-dieser-beliebten-baeume-und-straeucher\\\/\"]}]},{\"@type\":\"ImageObject\",\"inLanguage\":\"de\",\"@id\":\"https:\\\/\\\/www.strassenweb.de\\\/nachrichten\\\/pflanzen-die-sie-im-januar-niemals-beschneiden-sollten-gefaehrden-sie-nicht-die-gesundheit-dieser-beliebten-baeume-und-straeucher\\\/#primaryimage\",\"url\":\"https:\\\/\\\/www.strassenweb.de\\\/nachrichten\\\/wp-content\\\/uploads\\\/2025\\\/01\\\/Pflanzen-die-Sie-im-Januar-niemals-beschneiden-sollten-\u2013-gefaehrden.jpg\",\"contentUrl\":\"https:\\\/\\\/www.strassenweb.de\\\/nachrichten\\\/wp-content\\\/uploads\\\/2025\\\/01\\\/Pflanzen-die-Sie-im-Januar-niemals-beschneiden-sollten-\u2013-gefaehrden.jpg\",\"width\":1200,\"height\":675,\"caption\":\"Pflanzen, die Sie im Januar niemals beschneiden sollten \u2013 gef\u00e4hrden Sie nicht die Gesundheit dieser beliebten B\u00e4ume und Str\u00e4ucher\"},{\"@type\":\"BreadcrumbList\",\"@id\":\"https:\\\/\\\/www.strassenweb.de\\\/nachrichten\\\/pflanzen-die-sie-im-januar-niemals-beschneiden-sollten-gefaehrden-sie-nicht-die-gesundheit-dieser-beliebten-baeume-und-straeucher\\\/#breadcrumb\",\"itemListElement\":[{\"@type\":\"ListItem\",\"position\":1,\"name\":\"Home\",\"item\":\"https:\\\/\\\/www.strassenweb.de\\\/nachrichten\\\/\"},{\"@type\":\"ListItem\",\"position\":2,\"name\":\"Pflanzen, die Sie im Januar niemals beschneiden sollten \u2013 gef\u00e4hrden Sie nicht die Gesundheit dieser beliebten B\u00e4ume und Str\u00e4ucher\"}]},{\"@type\":\"WebSite\",\"@id\":\"https:\\\/\\\/www.strassenweb.de\\\/nachrichten\\\/#website\",\"url\":\"https:\\\/\\\/www.strassenweb.de\\\/nachrichten\\\/\",\"name\":\"Stra\u00dfenweb\",\"description\":\"Stra\u00dfenverzeichnis f\u00fcr Deutschland\",\"publisher\":{\"@id\":\"https:\\\/\\\/www.strassenweb.de\\\/nachrichten\\\/#organization\"},\"potentialAction\":[{\"@type\":\"SearchAction\",\"target\":{\"@type\":\"EntryPoint\",\"urlTemplate\":\"https:\\\/\\\/www.strassenweb.de\\\/nachrichten\\\/?s={search_term_string}\"},\"query-input\":{\"@type\":\"PropertyValueSpecification\",\"valueRequired\":true,\"valueName\":\"search_term_string\"}}],\"inLanguage\":\"de\"},{\"@type\":\"Organization\",\"@id\":\"https:\\\/\\\/www.strassenweb.de\\\/nachrichten\\\/#organization\",\"name\":\"Stra\u00dfenweb\",\"url\":\"https:\\\/\\\/www.strassenweb.de\\\/nachrichten\\\/\",\"logo\":{\"@type\":\"ImageObject\",\"inLanguage\":\"de\",\"@id\":\"https:\\\/\\\/www.strassenweb.de\\\/nachrichten\\\/#\\\/schema\\\/logo\\\/image\\\/\",\"url\":\"https:\\\/\\\/www.strassenweb.de\\\/nachrichten\\\/wp-content\\\/uploads\\\/2024\\\/09\\\/cropped-favicon.png\",\"contentUrl\":\"https:\\\/\\\/www.strassenweb.de\\\/nachrichten\\\/wp-content\\\/uploads\\\/2024\\\/09\\\/cropped-favicon.png\",\"width\":512,\"height\":512,\"caption\":\"Stra\u00dfenweb\"},\"image\":{\"@id\":\"https:\\\/\\\/www.strassenweb.de\\\/nachrichten\\\/#\\\/schema\\\/logo\\\/image\\\/\"},\"sameAs\":[\"https:\\\/\\\/www.facebook.com\\\/strassenweb\\\/\"]},{\"@type\":\"Person\",\"@id\":\"https:\\\/\\\/www.strassenweb.de\\\/nachrichten\\\/#\\\/schema\\\/person\\\/87c9c9067f1211da429a744dc5a5aa41\",\"name\":\"Robert Hoffmann\",\"image\":{\"@type\":\"ImageObject\",\"inLanguage\":\"de\",\"@id\":\"https:\\\/\\\/www.strassenweb.de\\\/nachrichten\\\/wp-content\\\/uploads\\\/2024\\\/09\\\/strassenweb-150x150.jpg\",\"url\":\"https:\\\/\\\/www.strassenweb.de\\\/nachrichten\\\/wp-content\\\/uploads\\\/2024\\\/09\\\/strassenweb-150x150.jpg\",\"contentUrl\":\"https:\\\/\\\/www.strassenweb.de\\\/nachrichten\\\/wp-content\\\/uploads\\\/2024\\\/09\\\/strassenweb-150x150.jpg\",\"caption\":\"Robert Hoffmann\"},\"description\":\"Ich hei\u00dfe Robert Hoffmann und ich bin ein leidenschaftlicher Verfechter von \u00d6kologie und Biodiversit\u00e4t. Seit meiner Kindheit in den W\u00e4ldern Bayerns f\u00fchle ich mich mit der Natur verbunden und bin entschlossen, sie zu sch\u00fctzen. Heute widme ich mein Leben der Sensibilisierung anderer f\u00fcr die Bedeutung des Umweltschutzes f\u00fcr zuk\u00fcnftige Generationen.\",\"sameAs\":[\"https:\\\/\\\/www.strassenweb.de\\\/\"]}]}<\/script>\n<!-- \/ Yoast SEO plugin. -->","yoast_head_json":{"title":"Pflanzen, die Sie im Januar niemals beschneiden sollten \u2013 gef\u00e4hrden Sie nicht die Gesundheit dieser beliebten B\u00e4ume und Str\u00e4ucher - Nachrichten - Stra\u00dfenweb","robots":{"index":"index","follow":"follow","max-snippet":"max-snippet:-1","max-image-preview":"max-image-preview:large","max-video-preview":"max-video-preview:-1"},"canonical":"https:\/\/www.strassenweb.de\/nachrichten\/pflanzen-die-sie-im-januar-niemals-beschneiden-sollten-gefaehrden-sie-nicht-die-gesundheit-dieser-beliebten-baeume-und-straeucher\/","og_locale":"de_DE","og_type":"article","og_title":"Pflanzen, die Sie im Januar niemals beschneiden sollten \u2013 gef\u00e4hrden Sie nicht die Gesundheit dieser beliebten B\u00e4ume und Str\u00e4ucher - Nachrichten - Stra\u00dfenweb","og_description":"Der Januar ist die ideale Zeit, um einige der beliebtesten Gartenstr\u00e4ucher und -b\u00e4ume zu beschneiden. W\u00e4hrend es f\u00fcr einige gut ist, ist es jedoch nicht","og_url":"https:\/\/www.strassenweb.de\/nachrichten\/pflanzen-die-sie-im-januar-niemals-beschneiden-sollten-gefaehrden-sie-nicht-die-gesundheit-dieser-beliebten-baeume-und-straeucher\/","og_site_name":"Stra\u00dfenweb","article_publisher":"https:\/\/www.facebook.com\/strassenweb\/","article_published_time":"2025-01-03T06:41:29+00:00","article_modified_time":"2025-01-03T06:41:30+00:00","og_image":[{"width":1200,"height":675,"url":"https:\/\/www.strassenweb.de\/nachrichten\/wp-content\/uploads\/2025\/01\/Pflanzen-die-Sie-im-Januar-niemals-beschneiden-sollten-\u2013-gefaehrden.jpg","type":"image\/jpeg"}],"author":"Robert Hoffmann","twitter_card":"summary_large_image","twitter_misc":{"Verfasst von":"Robert Hoffmann","Gesch\u00e4tzte Lesezeit":"6\u00a0Minuten"},"schema":{"@context":"https:\/\/schema.org","@graph":[{"@type":"Article","@id":"https:\/\/www.strassenweb.de\/nachrichten\/pflanzen-die-sie-im-januar-niemals-beschneiden-sollten-gefaehrden-sie-nicht-die-gesundheit-dieser-beliebten-baeume-und-straeucher\/#article","isPartOf":{"@id":"https:\/\/www.strassenweb.de\/nachrichten\/pflanzen-die-sie-im-januar-niemals-beschneiden-sollten-gefaehrden-sie-nicht-die-gesundheit-dieser-beliebten-baeume-und-straeucher\/"},"author":{"name":"Robert Hoffmann","@id":"https:\/\/www.strassenweb.de\/nachrichten\/#\/schema\/person\/87c9c9067f1211da429a744dc5a5aa41"},"headline":"Pflanzen, die Sie im Januar niemals beschneiden sollten \u2013 gef\u00e4hrden Sie nicht die Gesundheit dieser beliebten B\u00e4ume und Str\u00e4ucher","datePublished":"2025-01-03T06:41:29+00:00","dateModified":"2025-01-03T06:41:30+00:00","mainEntityOfPage":{"@id":"https:\/\/www.strassenweb.de\/nachrichten\/pflanzen-die-sie-im-januar-niemals-beschneiden-sollten-gefaehrden-sie-nicht-die-gesundheit-dieser-beliebten-baeume-und-straeucher\/"},"wordCount":1247,"publisher":{"@id":"https:\/\/www.strassenweb.de\/nachrichten\/#organization"},"image":{"@id":"https:\/\/www.strassenweb.de\/nachrichten\/pflanzen-die-sie-im-januar-niemals-beschneiden-sollten-gefaehrden-sie-nicht-die-gesundheit-dieser-beliebten-baeume-und-straeucher\/#primaryimage"},"thumbnailUrl":"https:\/\/www.strassenweb.de\/nachrichten\/wp-content\/uploads\/2025\/01\/Pflanzen-die-Sie-im-Januar-niemals-beschneiden-sollten-\u2013-gefaehrden.jpg","keywords":["B\u00e4ume","beliebten","beschneiden","die","dieser","gef\u00e4hrden","Gesundheit","Januar","nicht","niemals","Pflanzen","Sie","sollten","Str\u00e4ucher","und"],"articleSection":["Haus &amp; Garten"],"inLanguage":"de"},{"@type":"WebPage","@id":"https:\/\/www.strassenweb.de\/nachrichten\/pflanzen-die-sie-im-januar-niemals-beschneiden-sollten-gefaehrden-sie-nicht-die-gesundheit-dieser-beliebten-baeume-und-straeucher\/","url":"https:\/\/www.strassenweb.de\/nachrichten\/pflanzen-die-sie-im-januar-niemals-beschneiden-sollten-gefaehrden-sie-nicht-die-gesundheit-dieser-beliebten-baeume-und-straeucher\/","name":"Pflanzen, die Sie im Januar niemals beschneiden sollten \u2013 gef\u00e4hrden Sie nicht die Gesundheit dieser beliebten B\u00e4ume und Str\u00e4ucher - Nachrichten - Stra\u00dfenweb","isPartOf":{"@id":"https:\/\/www.strassenweb.de\/nachrichten\/#website"},"primaryImageOfPage":{"@id":"https:\/\/www.strassenweb.de\/nachrichten\/pflanzen-die-sie-im-januar-niemals-beschneiden-sollten-gefaehrden-sie-nicht-die-gesundheit-dieser-beliebten-baeume-und-straeucher\/#primaryimage"},"image":{"@id":"https:\/\/www.strassenweb.de\/nachrichten\/pflanzen-die-sie-im-januar-niemals-beschneiden-sollten-gefaehrden-sie-nicht-die-gesundheit-dieser-beliebten-baeume-und-straeucher\/#primaryimage"},"thumbnailUrl":"https:\/\/www.strassenweb.de\/nachrichten\/wp-content\/uploads\/2025\/01\/Pflanzen-die-Sie-im-Januar-niemals-beschneiden-sollten-\u2013-gefaehrden.jpg","datePublished":"2025-01-03T06:41:29+00:00","dateModified":"2025-01-03T06:41:30+00:00","breadcrumb":{"@id":"https:\/\/www.strassenweb.de\/nachrichten\/pflanzen-die-sie-im-januar-niemals-beschneiden-sollten-gefaehrden-sie-nicht-die-gesundheit-dieser-beliebten-baeume-und-straeucher\/#breadcrumb"},"inLanguage":"de","potentialAction":[{"@type":"ReadAction","target":["https:\/\/www.strassenweb.de\/nachrichten\/pflanzen-die-sie-im-januar-niemals-beschneiden-sollten-gefaehrden-sie-nicht-die-gesundheit-dieser-beliebten-baeume-und-straeucher\/"]}]},{"@type":"ImageObject","inLanguage":"de","@id":"https:\/\/www.strassenweb.de\/nachrichten\/pflanzen-die-sie-im-januar-niemals-beschneiden-sollten-gefaehrden-sie-nicht-die-gesundheit-dieser-beliebten-baeume-und-straeucher\/#primaryimage","url":"https:\/\/www.strassenweb.de\/nachrichten\/wp-content\/uploads\/2025\/01\/Pflanzen-die-Sie-im-Januar-niemals-beschneiden-sollten-\u2013-gefaehrden.jpg","contentUrl":"https:\/\/www.strassenweb.de\/nachrichten\/wp-content\/uploads\/2025\/01\/Pflanzen-die-Sie-im-Januar-niemals-beschneiden-sollten-\u2013-gefaehrden.jpg","width":1200,"height":675,"caption":"Pflanzen, die Sie im Januar niemals beschneiden sollten \u2013 gef\u00e4hrden Sie nicht die Gesundheit dieser beliebten B\u00e4ume und Str\u00e4ucher"},{"@type":"BreadcrumbList","@id":"https:\/\/www.strassenweb.de\/nachrichten\/pflanzen-die-sie-im-januar-niemals-beschneiden-sollten-gefaehrden-sie-nicht-die-gesundheit-dieser-beliebten-baeume-und-straeucher\/#breadcrumb","itemListElement":[{"@type":"ListItem","position":1,"name":"Home","item":"https:\/\/www.strassenweb.de\/nachrichten\/"},{"@type":"ListItem","position":2,"name":"Pflanzen, die Sie im Januar niemals beschneiden sollten \u2013 gef\u00e4hrden Sie nicht die Gesundheit dieser beliebten B\u00e4ume und Str\u00e4ucher"}]},{"@type":"WebSite","@id":"https:\/\/www.strassenweb.de\/nachrichten\/#website","url":"https:\/\/www.strassenweb.de\/nachrichten\/","name":"Stra\u00dfenweb","description":"Stra\u00dfenverzeichnis f\u00fcr Deutschland","publisher":{"@id":"https:\/\/www.strassenweb.de\/nachrichten\/#organization"},"potentialAction":[{"@type":"SearchAction","target":{"@type":"EntryPoint","urlTemplate":"https:\/\/www.strassenweb.de\/nachrichten\/?s={search_term_string}"},"query-input":{"@type":"PropertyValueSpecification","valueRequired":true,"valueName":"search_term_string"}}],"inLanguage":"de"},{"@type":"Organization","@id":"https:\/\/www.strassenweb.de\/nachrichten\/#organization","name":"Stra\u00dfenweb","url":"https:\/\/www.strassenweb.de\/nachrichten\/","logo":{"@type":"ImageObject","inLanguage":"de","@id":"https:\/\/www.strassenweb.de\/nachrichten\/#\/schema\/logo\/image\/","url":"https:\/\/www.strassenweb.de\/nachrichten\/wp-content\/uploads\/2024\/09\/cropped-favicon.png","contentUrl":"https:\/\/www.strassenweb.de\/nachrichten\/wp-content\/uploads\/2024\/09\/cropped-favicon.png","width":512,"height":512,"caption":"Stra\u00dfenweb"},"image":{"@id":"https:\/\/www.strassenweb.de\/nachrichten\/#\/schema\/logo\/image\/"},"sameAs":["https:\/\/www.facebook.com\/strassenweb\/"]},{"@type":"Person","@id":"https:\/\/www.strassenweb.de\/nachrichten\/#\/schema\/person\/87c9c9067f1211da429a744dc5a5aa41","name":"Robert Hoffmann","image":{"@type":"ImageObject","inLanguage":"de","@id":"https:\/\/www.strassenweb.de\/nachrichten\/wp-content\/uploads\/2024\/09\/strassenweb-150x150.jpg","url":"https:\/\/www.strassenweb.de\/nachrichten\/wp-content\/uploads\/2024\/09\/strassenweb-150x150.jpg","contentUrl":"https:\/\/www.strassenweb.de\/nachrichten\/wp-content\/uploads\/2024\/09\/strassenweb-150x150.jpg","caption":"Robert Hoffmann"},"description":"Ich hei\u00dfe Robert Hoffmann und ich bin ein leidenschaftlicher Verfechter von \u00d6kologie und Biodiversit\u00e4t. Seit meiner Kindheit in den W\u00e4ldern Bayerns f\u00fchle ich mich mit der Natur verbunden und bin entschlossen, sie zu sch\u00fctzen. Heute widme ich mein Leben der Sensibilisierung anderer f\u00fcr die Bedeutung des Umweltschutzes f\u00fcr zuk\u00fcnftige Generationen.","sameAs":["https:\/\/www.strassenweb.de\/"]}]}},"_links":{"self":[{"href":"https:\/\/www.strassenweb.de\/nachrichten\/wp-json\/wp\/v2\/posts\/2488","targetHints":{"allow":["GET"]}}],"collection":[{"href":"https:\/\/www.strassenweb.de\/nachrichten\/wp-json\/wp\/v2\/posts"}],"about":[{"href":"https:\/\/www.strassenweb.de\/nachrichten\/wp-json\/wp\/v2\/types\/post"}],"author":[{"embeddable":true,"href":"https:\/\/www.strassenweb.de\/nachrichten\/wp-json\/wp\/v2\/users\/1"}],"replies":[{"embeddable":true,"href":"https:\/\/www.strassenweb.de\/nachrichten\/wp-json\/wp\/v2\/comments?post=2488"}],"version-history":[{"count":0,"href":"https:\/\/www.strassenweb.de\/nachrichten\/wp-json\/wp\/v2\/posts\/2488\/revisions"}],"wp:featuredmedia":[{"embeddable":true,"href":"https:\/\/www.strassenweb.de\/nachrichten\/wp-json\/wp\/v2\/media\/2489"}],"wp:attachment":[{"href":"https:\/\/www.strassenweb.de\/nachrichten\/wp-json\/wp\/v2\/media?parent=2488"}],"wp:term":[{"taxonomy":"category","embeddable":true,"href":"https:\/\/www.strassenweb.de\/nachrichten\/wp-json\/wp\/v2\/categories?post=2488"},{"taxonomy":"post_tag","embeddable":true,"href":"https:\/\/www.strassenweb.de\/nachrichten\/wp-json\/wp\/v2\/tags?post=2488"}],"curies":[{"name":"wp","href":"https:\/\/api.w.org\/{rel}","templated":true}]}}