{"id":2479,"date":"2025-01-02T19:46:19","date_gmt":"2025-01-02T18:46:19","guid":{"rendered":"https:\/\/www.strassenweb.de\/nachrichten\/billie-jean-king-laesst-einen-der-groessten-designtrends-des-letzten-jahres-in-ihrem-buecherregal-wieder-aufleben-es-ist-ein-galerieaehnlicher-raum-mit-einer-persoenlichen\/"},"modified":"2025-01-02T19:46:20","modified_gmt":"2025-01-02T18:46:20","slug":"billie-jean-king-laesst-einen-der-groessten-designtrends-des-letzten-jahres-in-ihrem-buecherregal-wieder-aufleben-es-ist-ein-galerieaehnlicher-raum-mit-einer-persoenlichen","status":"publish","type":"post","link":"https:\/\/www.strassenweb.de\/nachrichten\/billie-jean-king-laesst-einen-der-groessten-designtrends-des-letzten-jahres-in-ihrem-buecherregal-wieder-aufleben-es-ist-ein-galerieaehnlicher-raum-mit-einer-persoenlichen\/","title":{"rendered":"Billie Jean King l\u00e4sst einen der gr\u00f6\u00dften Designtrends des letzten Jahres in ihrem B\u00fccherregal wieder aufleben \u2013 es ist ein \u201egalerie\u00e4hnlicher Raum\u201c mit einer pers\u00f6nlichen Note"},"content":{"rendered":"<p><\/p>\n<div id=\"article-body\" class=\"article__body \">\n<p>Jeder, der schon lange liest <em>H&#038;Gs <\/em>In der Promi-Style-Abteilung wissen Sie, dass es einen Trend gibt, zu dem namhafte Pers\u00f6nlichkeiten trotz der wechselnden Jahre immer wieder zur\u00fcckkehren. Der Begriff \u201eB\u00fccherregal-Reichtum\u201c hat sich (zumindest als Begriff) im vergangenen Februar erstmals durchgesetzt, und seitdem freuen wir uns, zu sehen, wie Prominente ihre Ecken und Regale gestalten. Die Entdeckung der B\u00fccherregale von Billie Jean King hat diesen Trend jedoch ins Jahr 2025 gebracht.<\/p>\n<div id=\"ad-unit-1\" class=\"ad-unit\"><\/div>\n<p>Erstens gestaltete die fr\u00fchere Nummer 1 der Welt-Tennisprofis ihre enteneiblauen Regale mit den klassischsten aller Accessoires und B\u00fcchern, jedoch in unterschiedlichen Formen \u2013 wobei sie das obere Regal mit horizontalen Titeln und das untere Regal vertikal gestaltete. Die unteren beiden Regale sind deutlich vielseitiger und zeigen eine sorgf\u00e4ltig ausgew\u00e4hlte Auswahl an dekorativen Vasen, Schalen und Schreibwaren (was darauf hindeutet, dass sich dieses Beispiel f\u00fcr B\u00fccherregalreichtum in ihrem Heimb\u00fcro und nicht in ihrem Wohnzimmer befindet). F\u00fcr King f\u00fchlt es sich auch pers\u00f6nlich an, ohne \u00fcberladen oder unzusammenh\u00e4ngend zu wirken.<\/p>\n<aside class=\"hawk-nest\" data-block-type=\"embed\" data-render-type=\"fte\" data-skip=\"dealsy\" data-widget-type=\"seasonal\">\n<div class=\"hawk-master-widget-hawk-base-wrapper\"><\/div>\n<\/aside>\n<p>Es gibt zwar keine strengen Regeln f\u00fcr die Gestaltung eines B\u00fccherregals (denn Ihre Regale sollten so aussehen und funktionieren, wie es zu Ihnen passt), aber es schadet nie, sich von Prominenten inspirieren zu lassen \u2013 vor allem, wenn sie zeigen, wie man leeren \u201enegativen Raum\u201c f\u00fcr sich nutzt Vorteil, genau wie Billie Jean King es getan hat. Laura Hammett, die Kreativdirektorin des gleichnamigen Designstudios und Gr\u00fcnderin der Luxus-Haushaltswarenmarke Laura Hammett Living, stimmt dem zu.<\/p>\n<div id=\"desktop-in-article\" class=\"in-article ad-unit\">\n<div id=\"desktop-taboola-mid-article\"><\/div>\n<\/div>\n<div id=\"mobile-in-article\" class=\"in-article ad-unit\">\n<div id=\"mobile-taboola-mid-article\"><\/div>\n<\/div>\n<div class=\"instagram-embed\">\n<blockquote class=\"instagram-media\" data-instgrm-captioned data-instgrm-version=\"6\" style=\"width:99.375%; width:-webkit-calc(100% - 2px); width:calc(100% - 2px);\">\n<p>Ein von Billie Jean King (@billiejeanking) geteilter Beitrag<\/p>\n<p>Ein Foto gepostet von am <\/p>\n<\/blockquote>\n<\/div>\n<p>\u201eMein Ansatz bei der Herstellung optisch interessanter, ausgewogener Regaldisplays besteht darin, sie wie einen Galerieraum zu behandeln, bei dem die geschickte Nutzung des Negativraums genauso wichtig ist wie das, was man ausstellt.\u201c \u201eDer Trick f\u00fcr perfekt harmonische B\u00fccherregale besteht darin, sie nicht zu \u00fcberf\u00fcllen\u201c, sagt Hammett.<\/p>\n<div class=\"van_vid_carousel\">\n<div class=\"van_vid_carousel__padding\">\n<div class=\"van_vid_carousel__container\"><\/div>\n<\/div>\n<\/div>\n<p>Die Regale von Billie Jean King folgen einer umgekehrten Pyramidenformel (mit B\u00fcchern oben und sp\u00e4rlicheren Bereichen unten), aber wenn man diese Formel auf den Kopf stellt, entsteht ein ebenso zusammenh\u00e4ngender Raum.<\/p>\n<div id=\"ad-unit-2\" class=\"ad-unit\"><\/div>\n<p>\u201eBetrachten Sie den Regalbereich, mit dem Sie arbeiten, wie eine Pyramide, mit einem gro\u00dfen Statement-St\u00fcck in der oberen Mittelposition, um den Blick nach oben zu lenken, bevor Sie es nach unten bewegen, um mit kleineren Gegenst\u00e4nden wie Fotorahmen und Kerzen auf Augenh\u00f6he Breite zu schaffen. \u201c, erkl\u00e4rt Hammett.<\/p>\n<p>\u201eVerteilen Sie auf den unteren Ebenen \u00fcber die gesamte Breite der unteren Regale auff\u00e4llige, verankernde Gegenst\u00e4nde wie B\u00fccher, Aufbewahrungsboxen oder Skulpturen.\u201c \u201eDiese Pyramidenmethode schafft visuelle Harmonie und verhindert, dass die Anzeige zu schwer oder \u00fcberladen wirkt.\u201c F\u00fcr einige BJK-inspirierte Accessoires lieben wir diese St\u00fccke unten. Sie werden in Ihrem B\u00fccherregal genauso perfekt aussehen wie in ihrem.<\/p>\n<div id=\"slice-container-newsletterForm-articleInbodyContent-jkQEimdD8awfY5mVyinA2K\" class=\"slice-container newsletter-inbodyContent-slice newsletterForm-articleInbodyContent-jkQEimdD8awfY5mVyinA2K slice-container-newsletterForm\"><\/div>\n<div class=\"product-container hero-product-container product-block-no-wrap\"><\/div>\n<p>\u201eHaben Sie keine Angst davor, etwas Negativraum in Ihren Regalen freizulassen, damit der Betrachter nicht visuell \u00fcberw\u00e4ltigt wird.\u201c Treten Sie w\u00e4hrend des gesamten Designprozesses h\u00e4ufig einen Schritt zur\u00fcck und betrachten Sie die Regale aus verschiedenen Blickwinkeln, um sicherzustellen, dass Sie eine gute Balance erreichen. Und denken Sie daran: Wichtig ist, dass Sie alles, was zur Schau gestellt wird, lieben\u201c, f\u00fcgt Hammett hinzu.<\/p>\n<p>\u201eDies sollte ein Bereich sein, in dem Sie sich gerne zur\u00fccklehnen und den Sie immer wieder betrachten. Scheuen Sie sich also nicht vor Experimenten und lassen Sie sich von Ihrer Kreativit\u00e4t leiten.\u201c<\/p>\n<hr>\n<\/div>\n<p><script async src=\"\/\/www.instagram.com\/embed.js\"><\/script><\/p>\n","protected":false},"excerpt":{"rendered":"<p>Jeder, der schon lange liest H&#038;Gs In der Promi-Style-Abteilung wissen Sie, dass es einen Trend gibt, zu dem namhafte Pers\u00f6nlichkeiten trotz der wechselnden Jahre immer<\/p>\n","protected":false},"author":1,"featured_media":2480,"comment_status":"closed","ping_status":"","sticky":false,"template":"","format":"standard","meta":{"footnotes":""},"categories":[118],"tags":[4170,4165,4169,81,281,4168,43,166,303,4171,2600,534,15,282,4166,4167,1689,1514,146,1389,3933,182,1440],"class_list":["post-2479","post","type-post","status-publish","format-standard","has-post-thumbnail","hentry","category-haus-garten","tag-aufleben","tag-billie","tag-buecherregal","tag-der","tag-des","tag-designtrends","tag-ein","tag-einen","tag-einer","tag-galerieaehnlicher","tag-groessten","tag-ihrem","tag-ist","tag-jahres","tag-jean","tag-king","tag-laesst","tag-letzten","tag-mit","tag-note","tag-persoenlichen","tag-raum","tag-wieder","generate-columns","tablet-grid-50","mobile-grid-100","grid-parent","grid-50"],"yoast_head":"<!-- This site is optimized with the Yoast SEO plugin v27.3 - https:\/\/yoast.com\/product\/yoast-seo-wordpress\/ -->\n<title>Billie Jean King l\u00e4sst einen der gr\u00f6\u00dften Designtrends des letzten Jahres in ihrem B\u00fccherregal wieder aufleben \u2013 es ist ein \u201egalerie\u00e4hnlicher Raum\u201c mit einer pers\u00f6nlichen Note - Nachrichten - Stra\u00dfenweb<\/title>\n<meta name=\"robots\" content=\"index, follow, max-snippet:-1, max-image-preview:large, max-video-preview:-1\" \/>\n<link rel=\"canonical\" href=\"https:\/\/www.strassenweb.de\/nachrichten\/billie-jean-king-laesst-einen-der-groessten-designtrends-des-letzten-jahres-in-ihrem-buecherregal-wieder-aufleben-es-ist-ein-galerieaehnlicher-raum-mit-einer-persoenlichen\/\" \/>\n<meta property=\"og:locale\" content=\"de_DE\" \/>\n<meta property=\"og:type\" content=\"article\" \/>\n<meta property=\"og:title\" content=\"Billie Jean King l\u00e4sst einen der gr\u00f6\u00dften Designtrends des letzten Jahres in ihrem B\u00fccherregal wieder aufleben \u2013 es ist ein \u201egalerie\u00e4hnlicher Raum\u201c mit einer pers\u00f6nlichen Note - Nachrichten - Stra\u00dfenweb\" \/>\n<meta property=\"og:description\" content=\"Jeder, der schon lange liest H&#038;Gs In der Promi-Style-Abteilung wissen Sie, dass es einen Trend gibt, zu dem namhafte Pers\u00f6nlichkeiten trotz der wechselnden Jahre immer\" \/>\n<meta property=\"og:url\" content=\"https:\/\/www.strassenweb.de\/nachrichten\/billie-jean-king-laesst-einen-der-groessten-designtrends-des-letzten-jahres-in-ihrem-buecherregal-wieder-aufleben-es-ist-ein-galerieaehnlicher-raum-mit-einer-persoenlichen\/\" \/>\n<meta property=\"og:site_name\" content=\"Stra\u00dfenweb\" \/>\n<meta property=\"article:publisher\" content=\"https:\/\/www.facebook.com\/strassenweb\/\" \/>\n<meta property=\"article:published_time\" content=\"2025-01-02T18:46:19+00:00\" \/>\n<meta property=\"article:modified_time\" content=\"2025-01-02T18:46:20+00:00\" \/>\n<meta property=\"og:image\" content=\"https:\/\/www.strassenweb.de\/nachrichten\/wp-content\/uploads\/2025\/01\/Billie-Jean-King-laesst-einen-der-groessten-Designtrends-des-letzten.jpg\" \/>\n\t<meta property=\"og:image:width\" content=\"1200\" \/>\n\t<meta property=\"og:image:height\" content=\"675\" \/>\n\t<meta property=\"og:image:type\" content=\"image\/jpeg\" \/>\n<meta name=\"author\" content=\"Robert Hoffmann\" \/>\n<meta name=\"twitter:card\" content=\"summary_large_image\" \/>\n<meta name=\"twitter:label1\" content=\"Verfasst von\" \/>\n\t<meta name=\"twitter:data1\" content=\"Robert Hoffmann\" \/>\n\t<meta name=\"twitter:label2\" content=\"Gesch\u00e4tzte Lesezeit\" \/>\n\t<meta name=\"twitter:data2\" content=\"3\u00a0Minuten\" \/>\n<script type=\"application\/ld+json\" class=\"yoast-schema-graph\">{\"@context\":\"https:\\\/\\\/schema.org\",\"@graph\":[{\"@type\":\"Article\",\"@id\":\"https:\\\/\\\/www.strassenweb.de\\\/nachrichten\\\/billie-jean-king-laesst-einen-der-groessten-designtrends-des-letzten-jahres-in-ihrem-buecherregal-wieder-aufleben-es-ist-ein-galerieaehnlicher-raum-mit-einer-persoenlichen\\\/#article\",\"isPartOf\":{\"@id\":\"https:\\\/\\\/www.strassenweb.de\\\/nachrichten\\\/billie-jean-king-laesst-einen-der-groessten-designtrends-des-letzten-jahres-in-ihrem-buecherregal-wieder-aufleben-es-ist-ein-galerieaehnlicher-raum-mit-einer-persoenlichen\\\/\"},\"author\":{\"name\":\"Robert Hoffmann\",\"@id\":\"https:\\\/\\\/www.strassenweb.de\\\/nachrichten\\\/#\\\/schema\\\/person\\\/87c9c9067f1211da429a744dc5a5aa41\"},\"headline\":\"Billie Jean King l\u00e4sst einen der gr\u00f6\u00dften Designtrends des letzten Jahres in ihrem B\u00fccherregal wieder aufleben \u2013 es ist ein \u201egalerie\u00e4hnlicher Raum\u201c mit einer pers\u00f6nlichen Note\",\"datePublished\":\"2025-01-02T18:46:19+00:00\",\"dateModified\":\"2025-01-02T18:46:20+00:00\",\"mainEntityOfPage\":{\"@id\":\"https:\\\/\\\/www.strassenweb.de\\\/nachrichten\\\/billie-jean-king-laesst-einen-der-groessten-designtrends-des-letzten-jahres-in-ihrem-buecherregal-wieder-aufleben-es-ist-ein-galerieaehnlicher-raum-mit-einer-persoenlichen\\\/\"},\"wordCount\":589,\"publisher\":{\"@id\":\"https:\\\/\\\/www.strassenweb.de\\\/nachrichten\\\/#organization\"},\"image\":{\"@id\":\"https:\\\/\\\/www.strassenweb.de\\\/nachrichten\\\/billie-jean-king-laesst-einen-der-groessten-designtrends-des-letzten-jahres-in-ihrem-buecherregal-wieder-aufleben-es-ist-ein-galerieaehnlicher-raum-mit-einer-persoenlichen\\\/#primaryimage\"},\"thumbnailUrl\":\"https:\\\/\\\/www.strassenweb.de\\\/nachrichten\\\/wp-content\\\/uploads\\\/2025\\\/01\\\/Billie-Jean-King-laesst-einen-der-groessten-Designtrends-des-letzten.jpg\",\"keywords\":[\"aufleben\",\"Billie\",\"B\u00fccherregal\",\"der\",\"des\",\"Designtrends\",\"ein\",\"einen\",\"einer\",\"galerie\u00e4hnlicher\",\"gr\u00f6\u00dften\",\"ihrem\",\"ist\",\"Jahres\",\"Jean\",\"King\",\"l\u00e4sst\",\"letzten\",\"mit\",\"Note\",\"pers\u00f6nlichen\",\"Raum\",\"wieder\"],\"articleSection\":[\"Haus &amp; Garten\"],\"inLanguage\":\"de\"},{\"@type\":\"WebPage\",\"@id\":\"https:\\\/\\\/www.strassenweb.de\\\/nachrichten\\\/billie-jean-king-laesst-einen-der-groessten-designtrends-des-letzten-jahres-in-ihrem-buecherregal-wieder-aufleben-es-ist-ein-galerieaehnlicher-raum-mit-einer-persoenlichen\\\/\",\"url\":\"https:\\\/\\\/www.strassenweb.de\\\/nachrichten\\\/billie-jean-king-laesst-einen-der-groessten-designtrends-des-letzten-jahres-in-ihrem-buecherregal-wieder-aufleben-es-ist-ein-galerieaehnlicher-raum-mit-einer-persoenlichen\\\/\",\"name\":\"Billie Jean King l\u00e4sst einen der gr\u00f6\u00dften Designtrends des letzten Jahres in ihrem B\u00fccherregal wieder aufleben \u2013 es ist ein \u201egalerie\u00e4hnlicher Raum\u201c mit einer pers\u00f6nlichen Note - Nachrichten - Stra\u00dfenweb\",\"isPartOf\":{\"@id\":\"https:\\\/\\\/www.strassenweb.de\\\/nachrichten\\\/#website\"},\"primaryImageOfPage\":{\"@id\":\"https:\\\/\\\/www.strassenweb.de\\\/nachrichten\\\/billie-jean-king-laesst-einen-der-groessten-designtrends-des-letzten-jahres-in-ihrem-buecherregal-wieder-aufleben-es-ist-ein-galerieaehnlicher-raum-mit-einer-persoenlichen\\\/#primaryimage\"},\"image\":{\"@id\":\"https:\\\/\\\/www.strassenweb.de\\\/nachrichten\\\/billie-jean-king-laesst-einen-der-groessten-designtrends-des-letzten-jahres-in-ihrem-buecherregal-wieder-aufleben-es-ist-ein-galerieaehnlicher-raum-mit-einer-persoenlichen\\\/#primaryimage\"},\"thumbnailUrl\":\"https:\\\/\\\/www.strassenweb.de\\\/nachrichten\\\/wp-content\\\/uploads\\\/2025\\\/01\\\/Billie-Jean-King-laesst-einen-der-groessten-Designtrends-des-letzten.jpg\",\"datePublished\":\"2025-01-02T18:46:19+00:00\",\"dateModified\":\"2025-01-02T18:46:20+00:00\",\"breadcrumb\":{\"@id\":\"https:\\\/\\\/www.strassenweb.de\\\/nachrichten\\\/billie-jean-king-laesst-einen-der-groessten-designtrends-des-letzten-jahres-in-ihrem-buecherregal-wieder-aufleben-es-ist-ein-galerieaehnlicher-raum-mit-einer-persoenlichen\\\/#breadcrumb\"},\"inLanguage\":\"de\",\"potentialAction\":[{\"@type\":\"ReadAction\",\"target\":[\"https:\\\/\\\/www.strassenweb.de\\\/nachrichten\\\/billie-jean-king-laesst-einen-der-groessten-designtrends-des-letzten-jahres-in-ihrem-buecherregal-wieder-aufleben-es-ist-ein-galerieaehnlicher-raum-mit-einer-persoenlichen\\\/\"]}]},{\"@type\":\"ImageObject\",\"inLanguage\":\"de\",\"@id\":\"https:\\\/\\\/www.strassenweb.de\\\/nachrichten\\\/billie-jean-king-laesst-einen-der-groessten-designtrends-des-letzten-jahres-in-ihrem-buecherregal-wieder-aufleben-es-ist-ein-galerieaehnlicher-raum-mit-einer-persoenlichen\\\/#primaryimage\",\"url\":\"https:\\\/\\\/www.strassenweb.de\\\/nachrichten\\\/wp-content\\\/uploads\\\/2025\\\/01\\\/Billie-Jean-King-laesst-einen-der-groessten-Designtrends-des-letzten.jpg\",\"contentUrl\":\"https:\\\/\\\/www.strassenweb.de\\\/nachrichten\\\/wp-content\\\/uploads\\\/2025\\\/01\\\/Billie-Jean-King-laesst-einen-der-groessten-Designtrends-des-letzten.jpg\",\"width\":1200,\"height\":675,\"caption\":\"Billie Jean King l\u00e4sst einen der gr\u00f6\u00dften Designtrends des letzten Jahres in ihrem B\u00fccherregal wieder aufleben \u2013 es ist ein \u201egalerie\u00e4hnlicher Raum\u201c mit einer pers\u00f6nlichen Note\"},{\"@type\":\"BreadcrumbList\",\"@id\":\"https:\\\/\\\/www.strassenweb.de\\\/nachrichten\\\/billie-jean-king-laesst-einen-der-groessten-designtrends-des-letzten-jahres-in-ihrem-buecherregal-wieder-aufleben-es-ist-ein-galerieaehnlicher-raum-mit-einer-persoenlichen\\\/#breadcrumb\",\"itemListElement\":[{\"@type\":\"ListItem\",\"position\":1,\"name\":\"Home\",\"item\":\"https:\\\/\\\/www.strassenweb.de\\\/nachrichten\\\/\"},{\"@type\":\"ListItem\",\"position\":2,\"name\":\"Billie Jean King l\u00e4sst einen der gr\u00f6\u00dften Designtrends des letzten Jahres in ihrem B\u00fccherregal wieder aufleben \u2013 es ist ein \u201egalerie\u00e4hnlicher Raum\u201c mit einer pers\u00f6nlichen Note\"}]},{\"@type\":\"WebSite\",\"@id\":\"https:\\\/\\\/www.strassenweb.de\\\/nachrichten\\\/#website\",\"url\":\"https:\\\/\\\/www.strassenweb.de\\\/nachrichten\\\/\",\"name\":\"Stra\u00dfenweb\",\"description\":\"Stra\u00dfenverzeichnis f\u00fcr Deutschland\",\"publisher\":{\"@id\":\"https:\\\/\\\/www.strassenweb.de\\\/nachrichten\\\/#organization\"},\"potentialAction\":[{\"@type\":\"SearchAction\",\"target\":{\"@type\":\"EntryPoint\",\"urlTemplate\":\"https:\\\/\\\/www.strassenweb.de\\\/nachrichten\\\/?s={search_term_string}\"},\"query-input\":{\"@type\":\"PropertyValueSpecification\",\"valueRequired\":true,\"valueName\":\"search_term_string\"}}],\"inLanguage\":\"de\"},{\"@type\":\"Organization\",\"@id\":\"https:\\\/\\\/www.strassenweb.de\\\/nachrichten\\\/#organization\",\"name\":\"Stra\u00dfenweb\",\"url\":\"https:\\\/\\\/www.strassenweb.de\\\/nachrichten\\\/\",\"logo\":{\"@type\":\"ImageObject\",\"inLanguage\":\"de\",\"@id\":\"https:\\\/\\\/www.strassenweb.de\\\/nachrichten\\\/#\\\/schema\\\/logo\\\/image\\\/\",\"url\":\"https:\\\/\\\/www.strassenweb.de\\\/nachrichten\\\/wp-content\\\/uploads\\\/2024\\\/09\\\/cropped-favicon.png\",\"contentUrl\":\"https:\\\/\\\/www.strassenweb.de\\\/nachrichten\\\/wp-content\\\/uploads\\\/2024\\\/09\\\/cropped-favicon.png\",\"width\":512,\"height\":512,\"caption\":\"Stra\u00dfenweb\"},\"image\":{\"@id\":\"https:\\\/\\\/www.strassenweb.de\\\/nachrichten\\\/#\\\/schema\\\/logo\\\/image\\\/\"},\"sameAs\":[\"https:\\\/\\\/www.facebook.com\\\/strassenweb\\\/\"]},{\"@type\":\"Person\",\"@id\":\"https:\\\/\\\/www.strassenweb.de\\\/nachrichten\\\/#\\\/schema\\\/person\\\/87c9c9067f1211da429a744dc5a5aa41\",\"name\":\"Robert Hoffmann\",\"image\":{\"@type\":\"ImageObject\",\"inLanguage\":\"de\",\"@id\":\"https:\\\/\\\/www.strassenweb.de\\\/nachrichten\\\/wp-content\\\/uploads\\\/2024\\\/09\\\/strassenweb-150x150.jpg\",\"url\":\"https:\\\/\\\/www.strassenweb.de\\\/nachrichten\\\/wp-content\\\/uploads\\\/2024\\\/09\\\/strassenweb-150x150.jpg\",\"contentUrl\":\"https:\\\/\\\/www.strassenweb.de\\\/nachrichten\\\/wp-content\\\/uploads\\\/2024\\\/09\\\/strassenweb-150x150.jpg\",\"caption\":\"Robert Hoffmann\"},\"description\":\"Ich hei\u00dfe Robert Hoffmann und ich bin ein leidenschaftlicher Verfechter von \u00d6kologie und Biodiversit\u00e4t. Seit meiner Kindheit in den W\u00e4ldern Bayerns f\u00fchle ich mich mit der Natur verbunden und bin entschlossen, sie zu sch\u00fctzen. Heute widme ich mein Leben der Sensibilisierung anderer f\u00fcr die Bedeutung des Umweltschutzes f\u00fcr zuk\u00fcnftige Generationen.\",\"sameAs\":[\"https:\\\/\\\/www.strassenweb.de\\\/\"]}]}<\/script>\n<!-- \/ Yoast SEO plugin. -->","yoast_head_json":{"title":"Billie Jean King l\u00e4sst einen der gr\u00f6\u00dften Designtrends des letzten Jahres in ihrem B\u00fccherregal wieder aufleben \u2013 es ist ein \u201egalerie\u00e4hnlicher Raum\u201c mit einer pers\u00f6nlichen Note - Nachrichten - Stra\u00dfenweb","robots":{"index":"index","follow":"follow","max-snippet":"max-snippet:-1","max-image-preview":"max-image-preview:large","max-video-preview":"max-video-preview:-1"},"canonical":"https:\/\/www.strassenweb.de\/nachrichten\/billie-jean-king-laesst-einen-der-groessten-designtrends-des-letzten-jahres-in-ihrem-buecherregal-wieder-aufleben-es-ist-ein-galerieaehnlicher-raum-mit-einer-persoenlichen\/","og_locale":"de_DE","og_type":"article","og_title":"Billie Jean King l\u00e4sst einen der gr\u00f6\u00dften Designtrends des letzten Jahres in ihrem B\u00fccherregal wieder aufleben \u2013 es ist ein \u201egalerie\u00e4hnlicher Raum\u201c mit einer pers\u00f6nlichen Note - Nachrichten - Stra\u00dfenweb","og_description":"Jeder, der schon lange liest H&#038;Gs In der Promi-Style-Abteilung wissen Sie, dass es einen Trend gibt, zu dem namhafte Pers\u00f6nlichkeiten trotz der wechselnden Jahre immer","og_url":"https:\/\/www.strassenweb.de\/nachrichten\/billie-jean-king-laesst-einen-der-groessten-designtrends-des-letzten-jahres-in-ihrem-buecherregal-wieder-aufleben-es-ist-ein-galerieaehnlicher-raum-mit-einer-persoenlichen\/","og_site_name":"Stra\u00dfenweb","article_publisher":"https:\/\/www.facebook.com\/strassenweb\/","article_published_time":"2025-01-02T18:46:19+00:00","article_modified_time":"2025-01-02T18:46:20+00:00","og_image":[{"width":1200,"height":675,"url":"https:\/\/www.strassenweb.de\/nachrichten\/wp-content\/uploads\/2025\/01\/Billie-Jean-King-laesst-einen-der-groessten-Designtrends-des-letzten.jpg","type":"image\/jpeg"}],"author":"Robert Hoffmann","twitter_card":"summary_large_image","twitter_misc":{"Verfasst von":"Robert Hoffmann","Gesch\u00e4tzte Lesezeit":"3\u00a0Minuten"},"schema":{"@context":"https:\/\/schema.org","@graph":[{"@type":"Article","@id":"https:\/\/www.strassenweb.de\/nachrichten\/billie-jean-king-laesst-einen-der-groessten-designtrends-des-letzten-jahres-in-ihrem-buecherregal-wieder-aufleben-es-ist-ein-galerieaehnlicher-raum-mit-einer-persoenlichen\/#article","isPartOf":{"@id":"https:\/\/www.strassenweb.de\/nachrichten\/billie-jean-king-laesst-einen-der-groessten-designtrends-des-letzten-jahres-in-ihrem-buecherregal-wieder-aufleben-es-ist-ein-galerieaehnlicher-raum-mit-einer-persoenlichen\/"},"author":{"name":"Robert Hoffmann","@id":"https:\/\/www.strassenweb.de\/nachrichten\/#\/schema\/person\/87c9c9067f1211da429a744dc5a5aa41"},"headline":"Billie Jean King l\u00e4sst einen der gr\u00f6\u00dften Designtrends des letzten Jahres in ihrem B\u00fccherregal wieder aufleben \u2013 es ist ein \u201egalerie\u00e4hnlicher Raum\u201c mit einer pers\u00f6nlichen Note","datePublished":"2025-01-02T18:46:19+00:00","dateModified":"2025-01-02T18:46:20+00:00","mainEntityOfPage":{"@id":"https:\/\/www.strassenweb.de\/nachrichten\/billie-jean-king-laesst-einen-der-groessten-designtrends-des-letzten-jahres-in-ihrem-buecherregal-wieder-aufleben-es-ist-ein-galerieaehnlicher-raum-mit-einer-persoenlichen\/"},"wordCount":589,"publisher":{"@id":"https:\/\/www.strassenweb.de\/nachrichten\/#organization"},"image":{"@id":"https:\/\/www.strassenweb.de\/nachrichten\/billie-jean-king-laesst-einen-der-groessten-designtrends-des-letzten-jahres-in-ihrem-buecherregal-wieder-aufleben-es-ist-ein-galerieaehnlicher-raum-mit-einer-persoenlichen\/#primaryimage"},"thumbnailUrl":"https:\/\/www.strassenweb.de\/nachrichten\/wp-content\/uploads\/2025\/01\/Billie-Jean-King-laesst-einen-der-groessten-Designtrends-des-letzten.jpg","keywords":["aufleben","Billie","B\u00fccherregal","der","des","Designtrends","ein","einen","einer","galerie\u00e4hnlicher","gr\u00f6\u00dften","ihrem","ist","Jahres","Jean","King","l\u00e4sst","letzten","mit","Note","pers\u00f6nlichen","Raum","wieder"],"articleSection":["Haus &amp; Garten"],"inLanguage":"de"},{"@type":"WebPage","@id":"https:\/\/www.strassenweb.de\/nachrichten\/billie-jean-king-laesst-einen-der-groessten-designtrends-des-letzten-jahres-in-ihrem-buecherregal-wieder-aufleben-es-ist-ein-galerieaehnlicher-raum-mit-einer-persoenlichen\/","url":"https:\/\/www.strassenweb.de\/nachrichten\/billie-jean-king-laesst-einen-der-groessten-designtrends-des-letzten-jahres-in-ihrem-buecherregal-wieder-aufleben-es-ist-ein-galerieaehnlicher-raum-mit-einer-persoenlichen\/","name":"Billie Jean King l\u00e4sst einen der gr\u00f6\u00dften Designtrends des letzten Jahres in ihrem B\u00fccherregal wieder aufleben \u2013 es ist ein \u201egalerie\u00e4hnlicher Raum\u201c mit einer pers\u00f6nlichen Note - Nachrichten - Stra\u00dfenweb","isPartOf":{"@id":"https:\/\/www.strassenweb.de\/nachrichten\/#website"},"primaryImageOfPage":{"@id":"https:\/\/www.strassenweb.de\/nachrichten\/billie-jean-king-laesst-einen-der-groessten-designtrends-des-letzten-jahres-in-ihrem-buecherregal-wieder-aufleben-es-ist-ein-galerieaehnlicher-raum-mit-einer-persoenlichen\/#primaryimage"},"image":{"@id":"https:\/\/www.strassenweb.de\/nachrichten\/billie-jean-king-laesst-einen-der-groessten-designtrends-des-letzten-jahres-in-ihrem-buecherregal-wieder-aufleben-es-ist-ein-galerieaehnlicher-raum-mit-einer-persoenlichen\/#primaryimage"},"thumbnailUrl":"https:\/\/www.strassenweb.de\/nachrichten\/wp-content\/uploads\/2025\/01\/Billie-Jean-King-laesst-einen-der-groessten-Designtrends-des-letzten.jpg","datePublished":"2025-01-02T18:46:19+00:00","dateModified":"2025-01-02T18:46:20+00:00","breadcrumb":{"@id":"https:\/\/www.strassenweb.de\/nachrichten\/billie-jean-king-laesst-einen-der-groessten-designtrends-des-letzten-jahres-in-ihrem-buecherregal-wieder-aufleben-es-ist-ein-galerieaehnlicher-raum-mit-einer-persoenlichen\/#breadcrumb"},"inLanguage":"de","potentialAction":[{"@type":"ReadAction","target":["https:\/\/www.strassenweb.de\/nachrichten\/billie-jean-king-laesst-einen-der-groessten-designtrends-des-letzten-jahres-in-ihrem-buecherregal-wieder-aufleben-es-ist-ein-galerieaehnlicher-raum-mit-einer-persoenlichen\/"]}]},{"@type":"ImageObject","inLanguage":"de","@id":"https:\/\/www.strassenweb.de\/nachrichten\/billie-jean-king-laesst-einen-der-groessten-designtrends-des-letzten-jahres-in-ihrem-buecherregal-wieder-aufleben-es-ist-ein-galerieaehnlicher-raum-mit-einer-persoenlichen\/#primaryimage","url":"https:\/\/www.strassenweb.de\/nachrichten\/wp-content\/uploads\/2025\/01\/Billie-Jean-King-laesst-einen-der-groessten-Designtrends-des-letzten.jpg","contentUrl":"https:\/\/www.strassenweb.de\/nachrichten\/wp-content\/uploads\/2025\/01\/Billie-Jean-King-laesst-einen-der-groessten-Designtrends-des-letzten.jpg","width":1200,"height":675,"caption":"Billie Jean King l\u00e4sst einen der gr\u00f6\u00dften Designtrends des letzten Jahres in ihrem B\u00fccherregal wieder aufleben \u2013 es ist ein \u201egalerie\u00e4hnlicher Raum\u201c mit einer pers\u00f6nlichen Note"},{"@type":"BreadcrumbList","@id":"https:\/\/www.strassenweb.de\/nachrichten\/billie-jean-king-laesst-einen-der-groessten-designtrends-des-letzten-jahres-in-ihrem-buecherregal-wieder-aufleben-es-ist-ein-galerieaehnlicher-raum-mit-einer-persoenlichen\/#breadcrumb","itemListElement":[{"@type":"ListItem","position":1,"name":"Home","item":"https:\/\/www.strassenweb.de\/nachrichten\/"},{"@type":"ListItem","position":2,"name":"Billie Jean King l\u00e4sst einen der gr\u00f6\u00dften Designtrends des letzten Jahres in ihrem B\u00fccherregal wieder aufleben \u2013 es ist ein \u201egalerie\u00e4hnlicher Raum\u201c mit einer pers\u00f6nlichen Note"}]},{"@type":"WebSite","@id":"https:\/\/www.strassenweb.de\/nachrichten\/#website","url":"https:\/\/www.strassenweb.de\/nachrichten\/","name":"Stra\u00dfenweb","description":"Stra\u00dfenverzeichnis f\u00fcr Deutschland","publisher":{"@id":"https:\/\/www.strassenweb.de\/nachrichten\/#organization"},"potentialAction":[{"@type":"SearchAction","target":{"@type":"EntryPoint","urlTemplate":"https:\/\/www.strassenweb.de\/nachrichten\/?s={search_term_string}"},"query-input":{"@type":"PropertyValueSpecification","valueRequired":true,"valueName":"search_term_string"}}],"inLanguage":"de"},{"@type":"Organization","@id":"https:\/\/www.strassenweb.de\/nachrichten\/#organization","name":"Stra\u00dfenweb","url":"https:\/\/www.strassenweb.de\/nachrichten\/","logo":{"@type":"ImageObject","inLanguage":"de","@id":"https:\/\/www.strassenweb.de\/nachrichten\/#\/schema\/logo\/image\/","url":"https:\/\/www.strassenweb.de\/nachrichten\/wp-content\/uploads\/2024\/09\/cropped-favicon.png","contentUrl":"https:\/\/www.strassenweb.de\/nachrichten\/wp-content\/uploads\/2024\/09\/cropped-favicon.png","width":512,"height":512,"caption":"Stra\u00dfenweb"},"image":{"@id":"https:\/\/www.strassenweb.de\/nachrichten\/#\/schema\/logo\/image\/"},"sameAs":["https:\/\/www.facebook.com\/strassenweb\/"]},{"@type":"Person","@id":"https:\/\/www.strassenweb.de\/nachrichten\/#\/schema\/person\/87c9c9067f1211da429a744dc5a5aa41","name":"Robert Hoffmann","image":{"@type":"ImageObject","inLanguage":"de","@id":"https:\/\/www.strassenweb.de\/nachrichten\/wp-content\/uploads\/2024\/09\/strassenweb-150x150.jpg","url":"https:\/\/www.strassenweb.de\/nachrichten\/wp-content\/uploads\/2024\/09\/strassenweb-150x150.jpg","contentUrl":"https:\/\/www.strassenweb.de\/nachrichten\/wp-content\/uploads\/2024\/09\/strassenweb-150x150.jpg","caption":"Robert Hoffmann"},"description":"Ich hei\u00dfe Robert Hoffmann und ich bin ein leidenschaftlicher Verfechter von \u00d6kologie und Biodiversit\u00e4t. Seit meiner Kindheit in den W\u00e4ldern Bayerns f\u00fchle ich mich mit der Natur verbunden und bin entschlossen, sie zu sch\u00fctzen. Heute widme ich mein Leben der Sensibilisierung anderer f\u00fcr die Bedeutung des Umweltschutzes f\u00fcr zuk\u00fcnftige Generationen.","sameAs":["https:\/\/www.strassenweb.de\/"]}]}},"_links":{"self":[{"href":"https:\/\/www.strassenweb.de\/nachrichten\/wp-json\/wp\/v2\/posts\/2479","targetHints":{"allow":["GET"]}}],"collection":[{"href":"https:\/\/www.strassenweb.de\/nachrichten\/wp-json\/wp\/v2\/posts"}],"about":[{"href":"https:\/\/www.strassenweb.de\/nachrichten\/wp-json\/wp\/v2\/types\/post"}],"author":[{"embeddable":true,"href":"https:\/\/www.strassenweb.de\/nachrichten\/wp-json\/wp\/v2\/users\/1"}],"replies":[{"embeddable":true,"href":"https:\/\/www.strassenweb.de\/nachrichten\/wp-json\/wp\/v2\/comments?post=2479"}],"version-history":[{"count":0,"href":"https:\/\/www.strassenweb.de\/nachrichten\/wp-json\/wp\/v2\/posts\/2479\/revisions"}],"wp:featuredmedia":[{"embeddable":true,"href":"https:\/\/www.strassenweb.de\/nachrichten\/wp-json\/wp\/v2\/media\/2480"}],"wp:attachment":[{"href":"https:\/\/www.strassenweb.de\/nachrichten\/wp-json\/wp\/v2\/media?parent=2479"}],"wp:term":[{"taxonomy":"category","embeddable":true,"href":"https:\/\/www.strassenweb.de\/nachrichten\/wp-json\/wp\/v2\/categories?post=2479"},{"taxonomy":"post_tag","embeddable":true,"href":"https:\/\/www.strassenweb.de\/nachrichten\/wp-json\/wp\/v2\/tags?post=2479"}],"curies":[{"name":"wp","href":"https:\/\/api.w.org\/{rel}","templated":true}]}}