{"id":2476,"date":"2025-01-02T15:50:39","date_gmt":"2025-01-02T14:50:39","guid":{"rendered":"https:\/\/www.strassenweb.de\/nachrichten\/dos-and-donts-fuer-die-couch-10-tipps-zur-auswahl-des-richtigen-moebelstuecks-fuer-ihren-raum\/"},"modified":"2025-01-02T15:50:40","modified_gmt":"2025-01-02T14:50:40","slug":"dos-and-donts-fuer-die-couch-10-tipps-zur-auswahl-des-richtigen-moebelstuecks-fuer-ihren-raum","status":"publish","type":"post","link":"https:\/\/www.strassenweb.de\/nachrichten\/dos-and-donts-fuer-die-couch-10-tipps-zur-auswahl-des-richtigen-moebelstuecks-fuer-ihren-raum\/","title":{"rendered":"Dos and Don&#8217;ts f\u00fcr die Couch \u2013 10 Tipps zur Auswahl des richtigen M\u00f6belst\u00fccks f\u00fcr Ihren Raum"},"content":{"rendered":"<p><\/p>\n<div id=\"article-body\" class=\"article__body \">\n<p>Ein Sofa ist f\u00fcr jeden Sitzbereich unerl\u00e4sslich, aber es kann eine Herausforderung sein, das richtige Sofa f\u00fcr Ihr Zimmer und Ihre Bed\u00fcrfnisse zu finden. Es sind viele Faktoren zu ber\u00fccksichtigen: Es sollte zu Ihrem Budget passen, zu den Abmessungen des Raums passen und sein Design und seine Farbe sollten den Raum aufwerten.<\/p>\n<div id=\"ad-unit-1\" class=\"ad-unit\"><\/div>\n<p>Au\u00dferdem muss es bequem und langlebig sein und schick aussehen, aber auch langlebig sein; Trends m\u00f6gen kommen und gehen, aber ein Sofa sollte jahrelang halten k\u00f6nnen, ohne veraltet auszusehen. Ein Sofa ist kein spontaner Kauf, sondern erfordert sorgf\u00e4ltige \u00dcberlegungen und Planung.<\/p>\n<aside class=\"hawk-nest\" data-block-type=\"embed\" data-render-type=\"fte\" data-skip=\"dealsy\" data-widget-type=\"seasonal\">\n<div class=\"hawk-master-widget-hawk-base-wrapper\"><\/div>\n<\/aside>\n<p>Sie m\u00fcssen auch die Gr\u00f6\u00dfe des Sofas, seinen Abstand im Raum und die richtige Balance zwischen Accessoires und umgebenden M\u00f6beln ber\u00fccksichtigen. Um Ihnen zu helfen, haben wir Top-Designer zu den wichtigsten Dos und Don\u2019ts bei der Auswahl der besten Sofas f\u00fcr Ihren Raum befragt. Hier ist, was sie zu sagen hatten.<\/p>\n<div id=\"desktop-in-article\" class=\"in-article ad-unit\">\n<div id=\"desktop-taboola-mid-article\"><\/div>\n<\/div>\n<div id=\"mobile-in-article\" class=\"in-article ad-unit\">\n<div id=\"mobile-taboola-mid-article\"><\/div>\n<\/div>\n<h3 class=\"article-body__section\" id=\"section-do-consider-your-specific-needs\"><span>Ber\u00fccksichtigen Sie Ihre spezifischen Bed\u00fcrfnisse<\/span><\/h3>\n<figure class=\"van-image-figure inline-layout \" data-bordeaux-image-check>\n<div class=\"image-full-width-wrapper\">\n<div class=\"image-widthsetter\" style=\"max-width:2000px;\"><\/div>\n<\/div>\n<\/figure>\n<p>Experten empfehlen Ihnen, Ihre Bed\u00fcrfnisse und Ihren Lebensstil zu ber\u00fccksichtigen, bevor Sie sich spontan f\u00fcr ein Wohnzimmersofa entscheiden. \u201eDenken Sie dar\u00fcber nach, wie Sie Ihr Sofa nutzen m\u00f6chten, insbesondere dar\u00fcber, wie Sie gerne darauf faulenzen\u201c, sagt Kellie Wyles, Polsterleiterin bei DFS. \u201eWenn Sie gerne liegen, stellen Sie sicher, dass gen\u00fcgend Platz zum Ausstrecken vorhanden ist, oder wenn Sie zu zweit um die \u201aBeste-Position\u2018 wetteifern, denken Sie \u00fcber ein U-f\u00f6rmiges Sofa oder ein Chaiselongue-Sofa mit Fu\u00dfhocker nach, damit niemand auf das Hinstellen verzichten muss.\u201c F\u00fc\u00dfe hoch.&#8216;<\/p>\n<div class=\"van_vid_carousel\">\n<div class=\"van_vid_carousel__padding\">\n<div class=\"van_vid_carousel__container\"><\/div>\n<\/div>\n<\/div>\n<p>Ber\u00fccksichtigen Sie auch die Anzahl der Personen, die Sie regelm\u00e4\u00dfig unterhalten oder mit denen Sie zusammenleben. \u201eOb Sie einen kompakten Zweisitzer oder ein ger\u00e4umiges Ecksofa ben\u00f6tigen, die Gr\u00f6\u00dfe spielt eine entscheidende Rolle f\u00fcr Komfort und Funktionalit\u00e4t\u201c, f\u00fcgt Patricia Gibbons, Designleiterin bei sofa.com, hinzu.<\/p>\n<div id=\"ad-unit-2\" class=\"ad-unit\"><\/div>\n<div class=\"product-container hero-product-container product-block-no-wrap\"><\/div>\n<h3 class=\"article-body__section\" id=\"section-do-measure-the-space-carefully\"><span>Messen Sie den Raum sorgf\u00e4ltig aus<\/span><\/h3>\n<figure class=\"van-image-figure inline-layout \" data-bordeaux-image-check>\n<div class=\"image-full-width-wrapper\">\n<div class=\"image-widthsetter\" style=\"max-width:2000px;\"><\/div>\n<\/div>\n<\/figure>\n<p>Stellen Sie sicher, dass Ihr Sofa im richtigen Verh\u00e4ltnis zu Ihrem Wohnzimmer steht. Innenarchitektin Nishtha Vashist schl\u00e4gt vor, dass Sie \u201emessen, als w\u00fcrden Sie eine Mondlandung planen\u201c. Sie r\u00e4t davon ab, die Passform des Sofas nur zu erraten. \u201eMachen Sie nicht nur den Raum, sondern auch Ihre T\u00fcren, Flure, Treppenh\u00e4user und den Aufzugsbereich genau aus\u201c, f\u00fcgt sie hinzu. \u201eEin Sofa, das perfekt in den Ausstellungsraum passt, \u00fcberlebt m\u00f6glicherweise nicht die Reise in Ihr Wohnzimmer.\u201c Profi-Tipp: Lassen Sie etwas Platz zum Atmen f\u00fcr Beistelltische und andere M\u00f6bel, damit Ihr Raum ausgewogen und luftig wirkt.\u201c<\/p>\n<p>\u201eIdealerweise reicht es aus, die Au\u00dfenecken des neuen Sofas mit Malerband auf dem Boden zu markieren\u201c, sagt Julia Mack, Gr\u00fcnderin von Julia Mack Design. \u201eWenn Ihre B\u00f6den aus Holz sind, verwenden Sie au\u00dferdem die linearen Dielen als Orientierung, um sicherzustellen, dass Ihre Ma\u00dfe gerade sind.\u201c<\/p>\n<p>Abgesehen von der manuellen Messung besteht eine weitere M\u00f6glichkeit, die richtige Passform zu \u00fcberpr\u00fcfen, darin, \u201edie Sofaform ma\u00dfstabsgetreu aus Zeitungspapier zuzuschneiden und sie auf den Boden zu legen\u201c, schl\u00e4gt Kellie vor. \u201eMit dieser Methode stellen Sie sicher, dass Sie ausreichend Bewegungsfreiheit haben, und erhalten einen guten Eindruck davon, wie das Sofa im Vergleich zu den anderen bereits im Raum vorhandenen M\u00f6belst\u00fccken abschneidet.\u201c<\/p>\n<h3 class=\"article-body__section\" id=\"section-do-think-long-term\"><span>Denken Sie langfristig<\/span><\/h3>\n<figure class=\"van-image-figure inline-layout \" data-bordeaux-image-check>\n<div class=\"image-full-width-wrapper\">\n<div class=\"image-widthsetter\" style=\"max-width:2000px;\"><\/div>\n<\/div>\n<\/figure>\n<p>Ein Sofa ist eine gro\u00dfe Investition und Sie sollten den gr\u00f6\u00dftm\u00f6glichen Nutzen daraus ziehen. W\u00e4hrend es gro\u00dfartig ist, sich \u00fcber Sofatrends zu informieren, um Designs und Farben auszuw\u00e4hlen, die auff\u00e4llig aussehen, sollten Sie es sich nicht entgehen lassen, die Haltbarkeit und Langlebigkeit des St\u00fccks zu pr\u00fcfen.<\/p>\n<p>\u201eDenken Sie daran, wie einfach sich das Sofa reinigen und pflegen l\u00e4sst\u201c, r\u00e4t Patricia. \u201eFamilien mit Kindern oder Haustieren sollten schwer zu reinigende Stoffe meiden und sich f\u00fcr Optionen entscheiden, die professionell gereinigt werden k\u00f6nnen oder schmutzabweisend sind.\u201c W\u00e4hlen Sie au\u00dferdem ein Sofa, das mit dem Rest Ihrer Einrichtung harmoniert. \u201eF\u00fcr traditionelle H\u00e4user funktionieren klassische Stile wunderbar, w\u00e4hrend die schlanken Linien moderner Sofas zu zeitgen\u00f6ssischen R\u00e4umen passen.\u201c<\/p>\n<h3 class=\"article-body__section\" id=\"section-do-check-the-sofa-fill\"><span>\u00dcberpr\u00fcfen Sie die Sofaf\u00fcllung<\/span><\/h3>\n<figure class=\"van-image-figure inline-layout \" data-bordeaux-image-check>\n<div class=\"image-full-width-wrapper\">\n<div class=\"image-widthsetter\" style=\"max-width:5612px;\"><\/div>\n<\/div>\n<\/figure>\n<p>Schauen Sie sich die Sofaf\u00fcllungen an, um ein gem\u00fctliches Wohnzimmer zu schaffen, in dem Sie immer bequem Zeit verbringen k\u00f6nnen. \u201eVerschiedene F\u00fcllungen bieten unterschiedliche Komfortniveaus \u2013 Schaumstoff bietet festen Halt, Federn sorgen f\u00fcr Weichheit und Memory-Schaum sorgt f\u00fcr den Luxus, in den man einsinkt\u201c, sagt Nishtha. \u201eEntscheiden Sie, je nachdem, wie Sie gerne faulenzen!\u201c<\/p>\n<p>\u201eEntscheiden Sie sich f\u00fcr Modelle, die tiefe Kissen oder zus\u00e4tzliche Funktionen wie Chaiselongues zum Ausstrecken bieten, insbesondere f\u00fcr Filmabende mit der Familie oder entspannte Sonntage\u201c, f\u00fcgt Patricia hinzu.<\/p>\n<h3 class=\"article-body__section\" id=\"section-do-think-about-the-shape-and-style\"><span>Denken Sie \u00fcber Form und Stil nach<\/span><\/h3>\n<figure class=\"van-image-figure inline-layout \" data-bordeaux-image-check>\n<div class=\"image-full-width-wrapper\">\n<div class=\"image-widthsetter\" style=\"max-width:2000px;\"><\/div>\n<\/div>\n<\/figure>\n<p>Abgesehen von Ma\u00dfen und Bed\u00fcrfnissen sollten Sie auch die richtige Sofaform w\u00e4hlen, um Fehler bei der Wohnzimmeraufteilung zu vermeiden. \u201eL-f\u00f6rmige Sofas oder Sofagarnituren funktionieren in der Regel gut in gro\u00dfen, offenen R\u00e4umen, w\u00e4hrend Standardsofas in die meisten R\u00e4ume passen\u201c, sagt Megan Holloway, Gr\u00fcnderin und Kreativdirektorin von Maro Home. \u201eLoveseats sind ideal f\u00fcr R\u00e4ume, in denen der Platz knapp ist, und modulare Designs bieten Ihnen die volle Flexibilit\u00e4t f\u00fcr unterschiedliche Grundrisse.\u201c \u201eKlassische Formen \u00fcbertreffen Trends und sind einfacher zu handhaben, was einem Raum Langlebigkeit und Zeitlosigkeit verleiht.\u201c<\/p>\n<p>\u201eSofas mit niedriger R\u00fcckenlehne tragen dazu bei, dass sich der Raum offener anf\u00fchlt, w\u00e4hrend Sofas mit hoher R\u00fcckenlehne mehr Halt bieten\u201c, f\u00fcgt Megan hinzu. \u201eDie H\u00f6he der Beine kann sich auch auf das Gesamtgef\u00fchl auswirken. H\u00f6here Beine lassen den Raum luftiger wirken und bieten Platz f\u00fcr Stauraum darunter. Denken Sie daran, dass der Zweck entscheidend ist. Wenn Sie also gerne fernsehen oder sich mit einem guten Buch entspannen, funktionieren tiefsitzende Modelle mit einem Arm zum Anschmiegen am besten. Wenn es sich um ein eher formelles Wohn- oder Spielzimmer handelt, k\u00f6nnen armlose Modelle mit Querbeh\u00e4ngen oder Fransen Ihrer Einrichtung ein Gef\u00fchl von Spa\u00df und Erhabenheit verleihen.\u201c<\/p>\n<h3 class=\"article-body__section\" id=\"section-don-t-buy-without-testing\"><span>Kaufen Sie nicht ohne Test<\/span><\/h3>\n<figure class=\"van-image-figure inline-layout \" data-bordeaux-image-check>\n<div class=\"image-full-width-wrapper\">\n<div class=\"image-widthsetter\" style=\"max-width:2000px;\"><\/div>\n<\/div>\n<\/figure>\n<p>\u201eEin Sofa mag toll aussehen, aber testen Sie es immer auf seinen Komfort, bevor Sie sich entscheiden\u201c, warnt Patricia. \u201eBesuchen Sie nach M\u00f6glichkeit einen Ausstellungsraum, um die Kissen und Stoffe selbst zu erleben.\u201c<\/p>\n<p>\u201eVerbringen Sie gut 15 Minuten damit, darauf zu faulenzen, so wie Sie es auch zu Hause nutzen w\u00fcrden \u2013 Beine hoch, Snacks in der Hand oder im Schneidersitz sitzend\u201c, f\u00fcgt Nishtha hinzu. \u201eEs hilft Ihnen bei der Entscheidung, ob Festigkeit, Sitztiefe und Kissen Ihren Komfortanspr\u00fcchen entsprechen.\u201c W\u00e4hrend Sie im Gesch\u00e4ft sind, k\u00f6nnen Sie sich von den Experten vor Ort \u00fcber weitere Wohnzimmertrends und Sofas informieren und so eine fundierte Kaufentscheidung treffen.<\/p>\n<p>Wenn Sie au\u00dferdem ein Sofa testen und seine Gr\u00f6\u00dfe und Abmessungen in Echtzeit sehen, k\u00f6nnen Sie eines ausw\u00e4hlen, das wirklich zu Ihrem Zuhause geh\u00f6rt. Obwohl Sie sich vielleicht vorgenommen haben, einen Standard-Dreisitzer zu kaufen, stellen Sie m\u00f6glicherweise fest, dass dieser nicht ideal f\u00fcr kleinere Wohnzimmersitze ist. \u201eSuchen Sie nach Anbietern, die Optionen mit zweieinhalb Sitzpl\u00e4tzen f\u00fcr diejenigen anbieten, die kompakte L\u00f6sungen ben\u00f6tigen, ohne auf Komfort zu verzichten\u201c, bekr\u00e4ftigt Patricia.<\/p>\n<h3 class=\"article-body__section\" id=\"section-don-t-choose-a-sofa-on-looks-alone\"><span>W\u00e4hlen Sie ein Sofa nicht nur aufgrund des Aussehens<\/span><\/h3>\n<p>Sie fragen sich, wie Sie ein Wohnzimmer gestalten k\u00f6nnen, das f\u00fcr die Ewigkeit gebaut ist? Ein Sofa tr\u00e4gt wesentlich zur Sch\u00f6nheit des Raumes bei. Aber das blo\u00dfe Aussehen allein reicht nicht aus. Das St\u00fcck muss leicht zu pflegen und zu reinigen sein, damit es lange h\u00e4lt.<\/p>\n<p>\u201eEs ist leicht, sich in wundersch\u00f6ne, zart aussehende St\u00fccke zu verlieben, die mit Stoffen wie Seide, Samt oder Leinen bezogen sind, aber sie passen m\u00f6glicherweise nicht zu Ihrem Lebensstil\u201c, sagt Nishtha. \u201eDiese Materialien k\u00f6nnen sehr pflegeintensiv sein \u2013 Seide hinterl\u00e4sst leicht Flecken, Leinen knittert auf den ersten Blick und traditioneller Samt kann Staub einfangen.\u201c Wenn Ihr Sofa Ihr Haupttreffpunkt sein soll (denken Sie an Filmmarathons und Weinabende), streben Sie nach etwas Sch\u00f6nem <em>Und <\/em>praktisch. Das Ziel? Schaffen Sie die perfekte Balance zwischen Mode und Funktion.\u201c<\/p>\n<p>Megan stimmt zu und sagt, dass es ein gro\u00dfer Fehler sei, den Stil der Funktionalit\u00e4t vorzuziehen. \u201eW\u00e4hrend das Aussehen Ihres Sofas wichtig ist, \u00fcbersehen die meisten Menschen oft Elemente wie Gr\u00f6\u00dfe, Komfort und Haltbarkeit; Das ist entscheidend f\u00fcr die Langlebigkeit\u201c, f\u00fcgt sie hinzu. \u201eKompromisse bei der Gr\u00f6\u00dfe k\u00f6nnen sich auch stark auf die Atmosph\u00e4re eines Raumes auswirken.\u201c Sie m\u00f6chten, dass Ihr Sofa gro\u00dfz\u00fcgig und\/oder zweckm\u00e4\u00dfig wirkt.\u201c<\/p>\n<p>Was das Sofagestell betrifft, \u201eachten Sie auf Rahmen aus ofengetrocknetem Hartholz, um die Haltbarkeit zu gew\u00e4hrleisten, und wenn es modular aufgebaut ist oder abnehmbare Kissen hat, ist es sogar noch besser \u2026 es macht das Reinigen und Umstellen zum Kinderspiel\u201c, sagt Nishtha.<\/p>\n<h3 class=\"article-body__section\" id=\"section-don-t-go-for-super-trendy-colors-and-prints\"><span>Entscheiden Sie sich nicht f\u00fcr supertrendige Farben und Drucke<\/span><\/h3>\n<figure class=\"van-image-figure inline-layout \" data-bordeaux-image-check>\n<div class=\"image-full-width-wrapper\">\n<div class=\"image-widthsetter\" style=\"max-width:2000px;\"><\/div>\n<\/div>\n<\/figure>\n<p>H\u00f6ren Sie uns zu: Es ist nichts Falsches daran, Trends im Innendesign zu folgen. Wenn Sie sich jedoch einen Raum w\u00fcnschen, der niemals altmodisch wirkt und sich an die sich ver\u00e4ndernde Gestaltung Ihres Raums anpassen kann (vielleicht planen Sie, den Raum in einer anderen Farbe zu streichen, neue Kunstwerke hinzuzuf\u00fcgen oder neue Kissen mitzubringen), dann w\u00e4re es klug, dorthin zu gehen Suchen Sie ein Sofa, das allen Ver\u00e4nderungen standh\u00e4lt.<\/p>\n<p>\u201eWenn es um Sofa-Drucke geht, sollte man kein Muster w\u00e4hlen, das f\u00fcr ein so dominantes M\u00f6bel zu trendig ist\u201c, sagt Julia. \u201eAnstelle eines Musters, das Ihnen vielleicht langweilig wird, sollten Sie eine Textur in einer beliebigen Farbe oder einem beliebigen Ton in Betracht ziehen, die zu Ihrem Raum passt, und Muster f\u00fcr kleinere St\u00fchle oder Kissen daneben aufheben.\u201c<\/p>\n<p>W\u00e4hlen Sie f\u00fcr ein zeitloses Farbschema im Wohnzimmer auch Sofat\u00f6ne, die immer ansprechend sind. \u201eEin Sofa in leuchtendem Senfgelb oder leuchtendem Blau scheint eine mutige Designentscheidung zu sein, aber Trends kommen und gehen \u2013 Ihr Sofa bleibt jedoch auf lange Sicht bestehen\u201c, sagt Nishtha. \u201eAnstatt sich auf eine kr\u00e4ftige, trendige Farbe festzulegen, die in ein paar Jahren veraltet wirken k\u00f6nnte, bleiben Sie bei neutralen T\u00f6nen wie Beige, Grau oder sanftem Taupe. \u201eDiese Farbt\u00f6ne bieten eine zeitlose Basis und lassen sich leichter kombinieren, wenn sich Ihr Dekor weiterentwickelt.\u201c<\/p>\n<p>\u201eWenn Sie Lust auf Farbe haben, denken Sie in Schichten! Bringen Sie mit Akzentkissen, \u00dcberw\u00fcrfen oder einem Statement-Teppich pers\u00f6nliche Akzente. Diese Accessoires k\u00f6nnen je nach Jahreszeit oder Stimmung problemlos ausgetauscht werden, sodass Ihr Raum frisch bleibt, ohne dass er komplett umgestaltet werden muss. Noch ein Tipp: Achten Sie auf nat\u00fcrliches Licht \u2013 manche Farben ver\u00e4ndern sich bei unterschiedlicher Beleuchtung drastisch, bringen Sie also Stoffmuster mit nach Hause, bevor Sie sich entscheiden.\u201c<\/p>\n<h3 class=\"article-body__section\" id=\"section-don-t-avoid-a-statement-piece\"><span>Vermeiden Sie kein Statement-St\u00fcck<\/span><\/h3>\n<p>Obwohl wir davon abraten, fl\u00fcchtigen Trends zu folgen, ist ein Sofa das gr\u00f6\u00dfte St\u00fcck im Wohnzimmer; Es erzeugt die maximale Wirkung im Raum. Wenn Sie m\u00f6chten, dass Ihre Inneneinrichtung Ihren ausgepr\u00e4gten Geschmack und Ihre Vorlieben widerspiegelt, oder Sie Ihrem traditionellen Wohnzimmer einen Wow-Faktor verleihen m\u00f6chten, dann scheuen Sie sich nicht, ein Statement-Sofa zu finden, das genau das tut.<\/p>\n<p>\u201eHaben Sie keine Angst davor, Ihr Ding zu finden und Ihren Stil und Ihre Pers\u00f6nlichkeit zum Ausdruck zu bringen\u201c, r\u00e4t Kellie. \u201eEin Sofa sollte nicht im Hintergrund verschwinden, es sollte ein beliebter Mittelpunkt und eine Investition sein, an der Sie viele Jahre lang Freude haben werden.\u201c Scheuen Sie sich nicht, bei der Wahl Ihres Sofas mutig zu sein, sei es in Bezug auf Farbe, Form oder Stoffauswahl, denn es bedarf nur einiger zus\u00e4tzlicher Teile im Raum, wie einer Vase, eines Teppichs oder eines Lampenschirms, um den Look zu vervollst\u00e4ndigen .&#8216;<\/p>\n<h3 class=\"article-body__section\" id=\"section-don-t-forget-fabric-durability\"><span>Vergessen Sie nicht die Haltbarkeit des Stoffes <\/span><\/h3>\n<figure class=\"van-image-figure inline-layout \" data-bordeaux-image-check>\n<div class=\"image-full-width-wrapper\">\n<div class=\"image-widthsetter\" style=\"max-width:2000px;\"><\/div>\n<\/div>\n<\/figure>\n<p>\u201eEs ist verlockend, ein Sofa nach dem Aussehen auszuw\u00e4hlen, aber vergessen Sie nicht, wie gut sich der Stoff tr\u00e4gt\u201c, sagt Patricia. \u201eVermeiden Sie in stark frequentierten Bereichen empfindliche Materialien wie Seide und entscheiden Sie sich f\u00fcr widerstandsf\u00e4higere Materialien wie Baumwolle oder Leder.\u201c<\/p>\n<p>Abgesehen davon ist es m\u00f6glicherweise eine gute Idee, Ihre Sitze haustiersicher zu machen, wenn in Ihrem Zuhause Haustiere leben. \u201eEntscheiden Sie sich f\u00fcr leistungsstarke Stoffe wie Mikrofaser, Leder oder schmutzabweisende Polster, die Kratzern, versch\u00fctteten Fl\u00fcssigkeiten und dem t\u00e4glichen Verschlei\u00df standhalten\u201c, sagt Nishtha. \u201eLeder altert elegant und erh\u00e4lt mit der Zeit eine sch\u00f6ne Patina, w\u00e4hrend Funktionsstoffe oft wasserabweisend und leicht zu reinigen sind.\u201c Bonus-Tipp: Suchen Sie nach Stoffen mit h\u00f6herer Scheuerzahl, wenn Sie eine starke Beanspruchung erwarten.\u201c<\/p>\n<hr>\n<p>Jeder m\u00f6chte ein brandneues, frisch aussehendes Sofa, aber der Alltag mit seinen Unf\u00e4llen und Abnutzungserscheinungen f\u00fchrt dazu, dass das Sofa nie wie neu aussieht. Aus diesem Grund ist es wichtig, ein Sofa zu w\u00e4hlen, das \u00fcber ein hochwertiges Gestell und eine hochwertige Polsterung verf\u00fcgt, da beides zur Langlebigkeit der M\u00f6bel beitr\u00e4gt. Experten empfehlen normalerweise einen Hartholz- oder Stahlrahmen.<\/p>\n<p>Informieren Sie sich auch \u00fcber die Sofaf\u00fcllungen. Normalerweise ist eine Schaumstofff\u00fcllung am besten, da sie dabei hilft, Ihre K\u00f6rperhaltung beizubehalten und einen festeren Halt bietet. Wenn Sie jedoch wirklich in das Sofa eintauchen m\u00f6chten, k\u00f6nnen Sie sich f\u00fcr eine Kissenf\u00fcllung aus Fasern oder Federn entscheiden. Und schlie\u00dflich sollten Sie beim Kauf eines Sofas zun\u00e4chst \u00fcberlegen, wo es platziert werden soll. Dadurch k\u00f6nnen Sie ein proportioniertes und gut gestaltetes Wohnzimmer schaffen. Denken Sie daran, den verf\u00fcgbaren Platz auszumessen, damit Sie ein Sofa ausw\u00e4hlen, das gut passt.<\/p>\n<\/div>\n","protected":false},"excerpt":{"rendered":"<p>Ein Sofa ist f\u00fcr jeden Sitzbereich unerl\u00e4sslich, aber es kann eine Herausforderung sein, das richtige Sofa f\u00fcr Ihr Zimmer und Ihre Bed\u00fcrfnisse zu finden. Es<\/p>\n","protected":false},"author":1,"featured_media":2477,"comment_status":"closed","ping_status":"","sticky":false,"template":"","format":"standard","meta":{"footnotes":""},"categories":[118],"tags":[1293,2809,281,9,4163,4162,55,325,4164,182,172,1701,99],"class_list":["post-2476","post","type-post","status-publish","format-standard","has-post-thumbnail","hentry","category-haus-garten","tag-auswahl","tag-couch","tag-des","tag-die","tag-donts","tag-dos","tag-fuer","tag-ihren","tag-moebelstuecks","tag-raum","tag-richtigen","tag-tipps","tag-zur","generate-columns","tablet-grid-50","mobile-grid-100","grid-parent","grid-50"],"yoast_head":"<!-- This site is optimized with the Yoast SEO plugin v27.3 - https:\/\/yoast.com\/product\/yoast-seo-wordpress\/ -->\n<title>Dos and Don&#039;ts f\u00fcr die Couch \u2013 10 Tipps zur Auswahl des richtigen M\u00f6belst\u00fccks f\u00fcr Ihren Raum - Nachrichten - Stra\u00dfenweb<\/title>\n<meta name=\"robots\" content=\"index, follow, max-snippet:-1, max-image-preview:large, max-video-preview:-1\" \/>\n<link rel=\"canonical\" href=\"https:\/\/www.strassenweb.de\/nachrichten\/dos-and-donts-fuer-die-couch-10-tipps-zur-auswahl-des-richtigen-moebelstuecks-fuer-ihren-raum\/\" \/>\n<meta property=\"og:locale\" content=\"de_DE\" \/>\n<meta property=\"og:type\" content=\"article\" \/>\n<meta property=\"og:title\" content=\"Dos and Don&#039;ts f\u00fcr die Couch \u2013 10 Tipps zur Auswahl des richtigen M\u00f6belst\u00fccks f\u00fcr Ihren Raum - Nachrichten - Stra\u00dfenweb\" \/>\n<meta property=\"og:description\" content=\"Ein Sofa ist f\u00fcr jeden Sitzbereich unerl\u00e4sslich, aber es kann eine Herausforderung sein, das richtige Sofa f\u00fcr Ihr Zimmer und Ihre Bed\u00fcrfnisse zu finden. Es\" \/>\n<meta property=\"og:url\" content=\"https:\/\/www.strassenweb.de\/nachrichten\/dos-and-donts-fuer-die-couch-10-tipps-zur-auswahl-des-richtigen-moebelstuecks-fuer-ihren-raum\/\" \/>\n<meta property=\"og:site_name\" content=\"Stra\u00dfenweb\" \/>\n<meta property=\"article:publisher\" content=\"https:\/\/www.facebook.com\/strassenweb\/\" \/>\n<meta property=\"article:published_time\" content=\"2025-01-02T14:50:39+00:00\" \/>\n<meta property=\"article:modified_time\" content=\"2025-01-02T14:50:40+00:00\" \/>\n<meta property=\"og:image\" content=\"https:\/\/www.strassenweb.de\/nachrichten\/wp-content\/uploads\/2025\/01\/Dos-and-Donts-fuer-die-Couch-\u2013-10-Tipps-zur.jpg\" \/>\n\t<meta property=\"og:image:width\" content=\"1200\" \/>\n\t<meta property=\"og:image:height\" content=\"675\" \/>\n\t<meta property=\"og:image:type\" content=\"image\/jpeg\" \/>\n<meta name=\"author\" content=\"Robert Hoffmann\" \/>\n<meta name=\"twitter:card\" content=\"summary_large_image\" \/>\n<meta name=\"twitter:label1\" content=\"Verfasst von\" \/>\n\t<meta name=\"twitter:data1\" content=\"Robert Hoffmann\" \/>\n\t<meta name=\"twitter:label2\" content=\"Gesch\u00e4tzte Lesezeit\" \/>\n\t<meta name=\"twitter:data2\" content=\"11\u00a0Minuten\" \/>\n<script type=\"application\/ld+json\" class=\"yoast-schema-graph\">{\"@context\":\"https:\\\/\\\/schema.org\",\"@graph\":[{\"@type\":\"Article\",\"@id\":\"https:\\\/\\\/www.strassenweb.de\\\/nachrichten\\\/dos-and-donts-fuer-die-couch-10-tipps-zur-auswahl-des-richtigen-moebelstuecks-fuer-ihren-raum\\\/#article\",\"isPartOf\":{\"@id\":\"https:\\\/\\\/www.strassenweb.de\\\/nachrichten\\\/dos-and-donts-fuer-die-couch-10-tipps-zur-auswahl-des-richtigen-moebelstuecks-fuer-ihren-raum\\\/\"},\"author\":{\"name\":\"Robert Hoffmann\",\"@id\":\"https:\\\/\\\/www.strassenweb.de\\\/nachrichten\\\/#\\\/schema\\\/person\\\/87c9c9067f1211da429a744dc5a5aa41\"},\"headline\":\"Dos and Don&#8217;ts f\u00fcr die Couch \u2013 10 Tipps zur Auswahl des richtigen M\u00f6belst\u00fccks f\u00fcr Ihren Raum\",\"datePublished\":\"2025-01-02T14:50:39+00:00\",\"dateModified\":\"2025-01-02T14:50:40+00:00\",\"mainEntityOfPage\":{\"@id\":\"https:\\\/\\\/www.strassenweb.de\\\/nachrichten\\\/dos-and-donts-fuer-die-couch-10-tipps-zur-auswahl-des-richtigen-moebelstuecks-fuer-ihren-raum\\\/\"},\"wordCount\":2266,\"publisher\":{\"@id\":\"https:\\\/\\\/www.strassenweb.de\\\/nachrichten\\\/#organization\"},\"image\":{\"@id\":\"https:\\\/\\\/www.strassenweb.de\\\/nachrichten\\\/dos-and-donts-fuer-die-couch-10-tipps-zur-auswahl-des-richtigen-moebelstuecks-fuer-ihren-raum\\\/#primaryimage\"},\"thumbnailUrl\":\"https:\\\/\\\/www.strassenweb.de\\\/nachrichten\\\/wp-content\\\/uploads\\\/2025\\\/01\\\/Dos-and-Donts-fuer-die-Couch-\u2013-10-Tipps-zur.jpg\",\"keywords\":[\"Auswahl\",\"Couch\",\"des\",\"die\",\"Donts\",\"Dos\",\"f\u00fcr\",\"ihren\",\"M\u00f6belst\u00fccks\",\"Raum\",\"richtigen\",\"Tipps\",\"zur\"],\"articleSection\":[\"Haus &amp; Garten\"],\"inLanguage\":\"de\"},{\"@type\":\"WebPage\",\"@id\":\"https:\\\/\\\/www.strassenweb.de\\\/nachrichten\\\/dos-and-donts-fuer-die-couch-10-tipps-zur-auswahl-des-richtigen-moebelstuecks-fuer-ihren-raum\\\/\",\"url\":\"https:\\\/\\\/www.strassenweb.de\\\/nachrichten\\\/dos-and-donts-fuer-die-couch-10-tipps-zur-auswahl-des-richtigen-moebelstuecks-fuer-ihren-raum\\\/\",\"name\":\"Dos and Don'ts f\u00fcr die Couch \u2013 10 Tipps zur Auswahl des richtigen M\u00f6belst\u00fccks f\u00fcr Ihren Raum - Nachrichten - Stra\u00dfenweb\",\"isPartOf\":{\"@id\":\"https:\\\/\\\/www.strassenweb.de\\\/nachrichten\\\/#website\"},\"primaryImageOfPage\":{\"@id\":\"https:\\\/\\\/www.strassenweb.de\\\/nachrichten\\\/dos-and-donts-fuer-die-couch-10-tipps-zur-auswahl-des-richtigen-moebelstuecks-fuer-ihren-raum\\\/#primaryimage\"},\"image\":{\"@id\":\"https:\\\/\\\/www.strassenweb.de\\\/nachrichten\\\/dos-and-donts-fuer-die-couch-10-tipps-zur-auswahl-des-richtigen-moebelstuecks-fuer-ihren-raum\\\/#primaryimage\"},\"thumbnailUrl\":\"https:\\\/\\\/www.strassenweb.de\\\/nachrichten\\\/wp-content\\\/uploads\\\/2025\\\/01\\\/Dos-and-Donts-fuer-die-Couch-\u2013-10-Tipps-zur.jpg\",\"datePublished\":\"2025-01-02T14:50:39+00:00\",\"dateModified\":\"2025-01-02T14:50:40+00:00\",\"breadcrumb\":{\"@id\":\"https:\\\/\\\/www.strassenweb.de\\\/nachrichten\\\/dos-and-donts-fuer-die-couch-10-tipps-zur-auswahl-des-richtigen-moebelstuecks-fuer-ihren-raum\\\/#breadcrumb\"},\"inLanguage\":\"de\",\"potentialAction\":[{\"@type\":\"ReadAction\",\"target\":[\"https:\\\/\\\/www.strassenweb.de\\\/nachrichten\\\/dos-and-donts-fuer-die-couch-10-tipps-zur-auswahl-des-richtigen-moebelstuecks-fuer-ihren-raum\\\/\"]}]},{\"@type\":\"ImageObject\",\"inLanguage\":\"de\",\"@id\":\"https:\\\/\\\/www.strassenweb.de\\\/nachrichten\\\/dos-and-donts-fuer-die-couch-10-tipps-zur-auswahl-des-richtigen-moebelstuecks-fuer-ihren-raum\\\/#primaryimage\",\"url\":\"https:\\\/\\\/www.strassenweb.de\\\/nachrichten\\\/wp-content\\\/uploads\\\/2025\\\/01\\\/Dos-and-Donts-fuer-die-Couch-\u2013-10-Tipps-zur.jpg\",\"contentUrl\":\"https:\\\/\\\/www.strassenweb.de\\\/nachrichten\\\/wp-content\\\/uploads\\\/2025\\\/01\\\/Dos-and-Donts-fuer-die-Couch-\u2013-10-Tipps-zur.jpg\",\"width\":1200,\"height\":675,\"caption\":\"Dos and Don'ts f\u00fcr die Couch \u2013 10 Tipps zur Auswahl des richtigen M\u00f6belst\u00fccks f\u00fcr Ihren Raum\"},{\"@type\":\"BreadcrumbList\",\"@id\":\"https:\\\/\\\/www.strassenweb.de\\\/nachrichten\\\/dos-and-donts-fuer-die-couch-10-tipps-zur-auswahl-des-richtigen-moebelstuecks-fuer-ihren-raum\\\/#breadcrumb\",\"itemListElement\":[{\"@type\":\"ListItem\",\"position\":1,\"name\":\"Home\",\"item\":\"https:\\\/\\\/www.strassenweb.de\\\/nachrichten\\\/\"},{\"@type\":\"ListItem\",\"position\":2,\"name\":\"Dos and Don&#8217;ts f\u00fcr die Couch \u2013 10 Tipps zur Auswahl des richtigen M\u00f6belst\u00fccks f\u00fcr Ihren Raum\"}]},{\"@type\":\"WebSite\",\"@id\":\"https:\\\/\\\/www.strassenweb.de\\\/nachrichten\\\/#website\",\"url\":\"https:\\\/\\\/www.strassenweb.de\\\/nachrichten\\\/\",\"name\":\"Stra\u00dfenweb\",\"description\":\"Stra\u00dfenverzeichnis f\u00fcr Deutschland\",\"publisher\":{\"@id\":\"https:\\\/\\\/www.strassenweb.de\\\/nachrichten\\\/#organization\"},\"potentialAction\":[{\"@type\":\"SearchAction\",\"target\":{\"@type\":\"EntryPoint\",\"urlTemplate\":\"https:\\\/\\\/www.strassenweb.de\\\/nachrichten\\\/?s={search_term_string}\"},\"query-input\":{\"@type\":\"PropertyValueSpecification\",\"valueRequired\":true,\"valueName\":\"search_term_string\"}}],\"inLanguage\":\"de\"},{\"@type\":\"Organization\",\"@id\":\"https:\\\/\\\/www.strassenweb.de\\\/nachrichten\\\/#organization\",\"name\":\"Stra\u00dfenweb\",\"url\":\"https:\\\/\\\/www.strassenweb.de\\\/nachrichten\\\/\",\"logo\":{\"@type\":\"ImageObject\",\"inLanguage\":\"de\",\"@id\":\"https:\\\/\\\/www.strassenweb.de\\\/nachrichten\\\/#\\\/schema\\\/logo\\\/image\\\/\",\"url\":\"https:\\\/\\\/www.strassenweb.de\\\/nachrichten\\\/wp-content\\\/uploads\\\/2024\\\/09\\\/cropped-favicon.png\",\"contentUrl\":\"https:\\\/\\\/www.strassenweb.de\\\/nachrichten\\\/wp-content\\\/uploads\\\/2024\\\/09\\\/cropped-favicon.png\",\"width\":512,\"height\":512,\"caption\":\"Stra\u00dfenweb\"},\"image\":{\"@id\":\"https:\\\/\\\/www.strassenweb.de\\\/nachrichten\\\/#\\\/schema\\\/logo\\\/image\\\/\"},\"sameAs\":[\"https:\\\/\\\/www.facebook.com\\\/strassenweb\\\/\"]},{\"@type\":\"Person\",\"@id\":\"https:\\\/\\\/www.strassenweb.de\\\/nachrichten\\\/#\\\/schema\\\/person\\\/87c9c9067f1211da429a744dc5a5aa41\",\"name\":\"Robert Hoffmann\",\"image\":{\"@type\":\"ImageObject\",\"inLanguage\":\"de\",\"@id\":\"https:\\\/\\\/www.strassenweb.de\\\/nachrichten\\\/wp-content\\\/uploads\\\/2024\\\/09\\\/strassenweb-150x150.jpg\",\"url\":\"https:\\\/\\\/www.strassenweb.de\\\/nachrichten\\\/wp-content\\\/uploads\\\/2024\\\/09\\\/strassenweb-150x150.jpg\",\"contentUrl\":\"https:\\\/\\\/www.strassenweb.de\\\/nachrichten\\\/wp-content\\\/uploads\\\/2024\\\/09\\\/strassenweb-150x150.jpg\",\"caption\":\"Robert Hoffmann\"},\"description\":\"Ich hei\u00dfe Robert Hoffmann und ich bin ein leidenschaftlicher Verfechter von \u00d6kologie und Biodiversit\u00e4t. Seit meiner Kindheit in den W\u00e4ldern Bayerns f\u00fchle ich mich mit der Natur verbunden und bin entschlossen, sie zu sch\u00fctzen. Heute widme ich mein Leben der Sensibilisierung anderer f\u00fcr die Bedeutung des Umweltschutzes f\u00fcr zuk\u00fcnftige Generationen.\",\"sameAs\":[\"https:\\\/\\\/www.strassenweb.de\\\/\"]}]}<\/script>\n<!-- \/ Yoast SEO plugin. -->","yoast_head_json":{"title":"Dos and Don'ts f\u00fcr die Couch \u2013 10 Tipps zur Auswahl des richtigen M\u00f6belst\u00fccks f\u00fcr Ihren Raum - Nachrichten - Stra\u00dfenweb","robots":{"index":"index","follow":"follow","max-snippet":"max-snippet:-1","max-image-preview":"max-image-preview:large","max-video-preview":"max-video-preview:-1"},"canonical":"https:\/\/www.strassenweb.de\/nachrichten\/dos-and-donts-fuer-die-couch-10-tipps-zur-auswahl-des-richtigen-moebelstuecks-fuer-ihren-raum\/","og_locale":"de_DE","og_type":"article","og_title":"Dos and Don'ts f\u00fcr die Couch \u2013 10 Tipps zur Auswahl des richtigen M\u00f6belst\u00fccks f\u00fcr Ihren Raum - Nachrichten - Stra\u00dfenweb","og_description":"Ein Sofa ist f\u00fcr jeden Sitzbereich unerl\u00e4sslich, aber es kann eine Herausforderung sein, das richtige Sofa f\u00fcr Ihr Zimmer und Ihre Bed\u00fcrfnisse zu finden. Es","og_url":"https:\/\/www.strassenweb.de\/nachrichten\/dos-and-donts-fuer-die-couch-10-tipps-zur-auswahl-des-richtigen-moebelstuecks-fuer-ihren-raum\/","og_site_name":"Stra\u00dfenweb","article_publisher":"https:\/\/www.facebook.com\/strassenweb\/","article_published_time":"2025-01-02T14:50:39+00:00","article_modified_time":"2025-01-02T14:50:40+00:00","og_image":[{"width":1200,"height":675,"url":"https:\/\/www.strassenweb.de\/nachrichten\/wp-content\/uploads\/2025\/01\/Dos-and-Donts-fuer-die-Couch-\u2013-10-Tipps-zur.jpg","type":"image\/jpeg"}],"author":"Robert Hoffmann","twitter_card":"summary_large_image","twitter_misc":{"Verfasst von":"Robert Hoffmann","Gesch\u00e4tzte Lesezeit":"11\u00a0Minuten"},"schema":{"@context":"https:\/\/schema.org","@graph":[{"@type":"Article","@id":"https:\/\/www.strassenweb.de\/nachrichten\/dos-and-donts-fuer-die-couch-10-tipps-zur-auswahl-des-richtigen-moebelstuecks-fuer-ihren-raum\/#article","isPartOf":{"@id":"https:\/\/www.strassenweb.de\/nachrichten\/dos-and-donts-fuer-die-couch-10-tipps-zur-auswahl-des-richtigen-moebelstuecks-fuer-ihren-raum\/"},"author":{"name":"Robert Hoffmann","@id":"https:\/\/www.strassenweb.de\/nachrichten\/#\/schema\/person\/87c9c9067f1211da429a744dc5a5aa41"},"headline":"Dos and Don&#8217;ts f\u00fcr die Couch \u2013 10 Tipps zur Auswahl des richtigen M\u00f6belst\u00fccks f\u00fcr Ihren Raum","datePublished":"2025-01-02T14:50:39+00:00","dateModified":"2025-01-02T14:50:40+00:00","mainEntityOfPage":{"@id":"https:\/\/www.strassenweb.de\/nachrichten\/dos-and-donts-fuer-die-couch-10-tipps-zur-auswahl-des-richtigen-moebelstuecks-fuer-ihren-raum\/"},"wordCount":2266,"publisher":{"@id":"https:\/\/www.strassenweb.de\/nachrichten\/#organization"},"image":{"@id":"https:\/\/www.strassenweb.de\/nachrichten\/dos-and-donts-fuer-die-couch-10-tipps-zur-auswahl-des-richtigen-moebelstuecks-fuer-ihren-raum\/#primaryimage"},"thumbnailUrl":"https:\/\/www.strassenweb.de\/nachrichten\/wp-content\/uploads\/2025\/01\/Dos-and-Donts-fuer-die-Couch-\u2013-10-Tipps-zur.jpg","keywords":["Auswahl","Couch","des","die","Donts","Dos","f\u00fcr","ihren","M\u00f6belst\u00fccks","Raum","richtigen","Tipps","zur"],"articleSection":["Haus &amp; Garten"],"inLanguage":"de"},{"@type":"WebPage","@id":"https:\/\/www.strassenweb.de\/nachrichten\/dos-and-donts-fuer-die-couch-10-tipps-zur-auswahl-des-richtigen-moebelstuecks-fuer-ihren-raum\/","url":"https:\/\/www.strassenweb.de\/nachrichten\/dos-and-donts-fuer-die-couch-10-tipps-zur-auswahl-des-richtigen-moebelstuecks-fuer-ihren-raum\/","name":"Dos and Don'ts f\u00fcr die Couch \u2013 10 Tipps zur Auswahl des richtigen M\u00f6belst\u00fccks f\u00fcr Ihren Raum - Nachrichten - Stra\u00dfenweb","isPartOf":{"@id":"https:\/\/www.strassenweb.de\/nachrichten\/#website"},"primaryImageOfPage":{"@id":"https:\/\/www.strassenweb.de\/nachrichten\/dos-and-donts-fuer-die-couch-10-tipps-zur-auswahl-des-richtigen-moebelstuecks-fuer-ihren-raum\/#primaryimage"},"image":{"@id":"https:\/\/www.strassenweb.de\/nachrichten\/dos-and-donts-fuer-die-couch-10-tipps-zur-auswahl-des-richtigen-moebelstuecks-fuer-ihren-raum\/#primaryimage"},"thumbnailUrl":"https:\/\/www.strassenweb.de\/nachrichten\/wp-content\/uploads\/2025\/01\/Dos-and-Donts-fuer-die-Couch-\u2013-10-Tipps-zur.jpg","datePublished":"2025-01-02T14:50:39+00:00","dateModified":"2025-01-02T14:50:40+00:00","breadcrumb":{"@id":"https:\/\/www.strassenweb.de\/nachrichten\/dos-and-donts-fuer-die-couch-10-tipps-zur-auswahl-des-richtigen-moebelstuecks-fuer-ihren-raum\/#breadcrumb"},"inLanguage":"de","potentialAction":[{"@type":"ReadAction","target":["https:\/\/www.strassenweb.de\/nachrichten\/dos-and-donts-fuer-die-couch-10-tipps-zur-auswahl-des-richtigen-moebelstuecks-fuer-ihren-raum\/"]}]},{"@type":"ImageObject","inLanguage":"de","@id":"https:\/\/www.strassenweb.de\/nachrichten\/dos-and-donts-fuer-die-couch-10-tipps-zur-auswahl-des-richtigen-moebelstuecks-fuer-ihren-raum\/#primaryimage","url":"https:\/\/www.strassenweb.de\/nachrichten\/wp-content\/uploads\/2025\/01\/Dos-and-Donts-fuer-die-Couch-\u2013-10-Tipps-zur.jpg","contentUrl":"https:\/\/www.strassenweb.de\/nachrichten\/wp-content\/uploads\/2025\/01\/Dos-and-Donts-fuer-die-Couch-\u2013-10-Tipps-zur.jpg","width":1200,"height":675,"caption":"Dos and Don'ts f\u00fcr die Couch \u2013 10 Tipps zur Auswahl des richtigen M\u00f6belst\u00fccks f\u00fcr Ihren Raum"},{"@type":"BreadcrumbList","@id":"https:\/\/www.strassenweb.de\/nachrichten\/dos-and-donts-fuer-die-couch-10-tipps-zur-auswahl-des-richtigen-moebelstuecks-fuer-ihren-raum\/#breadcrumb","itemListElement":[{"@type":"ListItem","position":1,"name":"Home","item":"https:\/\/www.strassenweb.de\/nachrichten\/"},{"@type":"ListItem","position":2,"name":"Dos and Don&#8217;ts f\u00fcr die Couch \u2013 10 Tipps zur Auswahl des richtigen M\u00f6belst\u00fccks f\u00fcr Ihren Raum"}]},{"@type":"WebSite","@id":"https:\/\/www.strassenweb.de\/nachrichten\/#website","url":"https:\/\/www.strassenweb.de\/nachrichten\/","name":"Stra\u00dfenweb","description":"Stra\u00dfenverzeichnis f\u00fcr Deutschland","publisher":{"@id":"https:\/\/www.strassenweb.de\/nachrichten\/#organization"},"potentialAction":[{"@type":"SearchAction","target":{"@type":"EntryPoint","urlTemplate":"https:\/\/www.strassenweb.de\/nachrichten\/?s={search_term_string}"},"query-input":{"@type":"PropertyValueSpecification","valueRequired":true,"valueName":"search_term_string"}}],"inLanguage":"de"},{"@type":"Organization","@id":"https:\/\/www.strassenweb.de\/nachrichten\/#organization","name":"Stra\u00dfenweb","url":"https:\/\/www.strassenweb.de\/nachrichten\/","logo":{"@type":"ImageObject","inLanguage":"de","@id":"https:\/\/www.strassenweb.de\/nachrichten\/#\/schema\/logo\/image\/","url":"https:\/\/www.strassenweb.de\/nachrichten\/wp-content\/uploads\/2024\/09\/cropped-favicon.png","contentUrl":"https:\/\/www.strassenweb.de\/nachrichten\/wp-content\/uploads\/2024\/09\/cropped-favicon.png","width":512,"height":512,"caption":"Stra\u00dfenweb"},"image":{"@id":"https:\/\/www.strassenweb.de\/nachrichten\/#\/schema\/logo\/image\/"},"sameAs":["https:\/\/www.facebook.com\/strassenweb\/"]},{"@type":"Person","@id":"https:\/\/www.strassenweb.de\/nachrichten\/#\/schema\/person\/87c9c9067f1211da429a744dc5a5aa41","name":"Robert Hoffmann","image":{"@type":"ImageObject","inLanguage":"de","@id":"https:\/\/www.strassenweb.de\/nachrichten\/wp-content\/uploads\/2024\/09\/strassenweb-150x150.jpg","url":"https:\/\/www.strassenweb.de\/nachrichten\/wp-content\/uploads\/2024\/09\/strassenweb-150x150.jpg","contentUrl":"https:\/\/www.strassenweb.de\/nachrichten\/wp-content\/uploads\/2024\/09\/strassenweb-150x150.jpg","caption":"Robert Hoffmann"},"description":"Ich hei\u00dfe Robert Hoffmann und ich bin ein leidenschaftlicher Verfechter von \u00d6kologie und Biodiversit\u00e4t. Seit meiner Kindheit in den W\u00e4ldern Bayerns f\u00fchle ich mich mit der Natur verbunden und bin entschlossen, sie zu sch\u00fctzen. Heute widme ich mein Leben der Sensibilisierung anderer f\u00fcr die Bedeutung des Umweltschutzes f\u00fcr zuk\u00fcnftige Generationen.","sameAs":["https:\/\/www.strassenweb.de\/"]}]}},"_links":{"self":[{"href":"https:\/\/www.strassenweb.de\/nachrichten\/wp-json\/wp\/v2\/posts\/2476","targetHints":{"allow":["GET"]}}],"collection":[{"href":"https:\/\/www.strassenweb.de\/nachrichten\/wp-json\/wp\/v2\/posts"}],"about":[{"href":"https:\/\/www.strassenweb.de\/nachrichten\/wp-json\/wp\/v2\/types\/post"}],"author":[{"embeddable":true,"href":"https:\/\/www.strassenweb.de\/nachrichten\/wp-json\/wp\/v2\/users\/1"}],"replies":[{"embeddable":true,"href":"https:\/\/www.strassenweb.de\/nachrichten\/wp-json\/wp\/v2\/comments?post=2476"}],"version-history":[{"count":0,"href":"https:\/\/www.strassenweb.de\/nachrichten\/wp-json\/wp\/v2\/posts\/2476\/revisions"}],"wp:featuredmedia":[{"embeddable":true,"href":"https:\/\/www.strassenweb.de\/nachrichten\/wp-json\/wp\/v2\/media\/2477"}],"wp:attachment":[{"href":"https:\/\/www.strassenweb.de\/nachrichten\/wp-json\/wp\/v2\/media?parent=2476"}],"wp:term":[{"taxonomy":"category","embeddable":true,"href":"https:\/\/www.strassenweb.de\/nachrichten\/wp-json\/wp\/v2\/categories?post=2476"},{"taxonomy":"post_tag","embeddable":true,"href":"https:\/\/www.strassenweb.de\/nachrichten\/wp-json\/wp\/v2\/tags?post=2476"}],"curies":[{"name":"wp","href":"https:\/\/api.w.org\/{rel}","templated":true}]}}