{"id":245,"date":"2024-09-25T23:45:51","date_gmt":"2024-09-25T21:45:51","guid":{"rendered":"https:\/\/www.strassenweb.de\/nachrichten\/herausforderung-an-die-britische-regierung-hinsichtlich-der-dachsjagd-geht-auf-europaeischer-ebene\/"},"modified":"2024-09-25T23:45:51","modified_gmt":"2024-09-25T21:45:51","slug":"herausforderung-an-die-britische-regierung-hinsichtlich-der-dachsjagd-geht-auf-europaeischer-ebene","status":"publish","type":"post","link":"https:\/\/www.strassenweb.de\/nachrichten\/herausforderung-an-die-britische-regierung-hinsichtlich-der-dachsjagd-geht-auf-europaeischer-ebene\/","title":{"rendered":"Herausforderung an die britische Regierung hinsichtlich der Dachsjagd geht auf europ\u00e4ischer Ebene"},"content":{"rendered":"<p><strong>Weitere Eingaben zum \u00dcbereinkommen \u00fcber die Erhaltung der europ\u00e4ischen wildlebenden Pflanzen und Tiere und ihrer nat\u00fcrlichen Lebensr\u00e4ume (Berner Konvention)<\/strong><\/p>\n<p>Badger Trust, Born Free Foundation und Eurogroup for Animals erh\u00f6hen den Druck mit weiteren Eingaben im Verfahren gegen die britische Regierung wegen der Dachsjagd auf der Grundlage der Berner Konvention (Gro\u00dfbritannien ist Unterzeichner dieses europaweiten Abkommens).  <\/p>\n<p>Die Organisationen geben an, dass mehrere weitere Faktoren zur Einreichung beigetragen haben:<\/p>\n<ul class=\"wp-block-list\">\n<li>Die Fortsetzung der Dachsjagd, obwohl die neue Regierung in ihrem Wahlmanifest f\u00fcr 2024 erkl\u00e4rt hat, dass sie wirkungslos sei.<\/li>\n<\/ul>\n<ul class=\"wp-block-list\">\n<li>Die Tatsache, dass in diesem Jahr rund 30.000 Dachse zur T\u00f6tung markiert wurden und ab September 2024 eine weitere intensive Keulung geplant ist, k\u00f6nnte dazu f\u00fchren, dass weitere Zehntausende Dachse zur Schlachtung markiert werden.<\/li>\n<\/ul>\n<ul class=\"wp-block-list\">\n<li>Die derzeitige zus\u00e4tzliche Keulung erfolgte entgegen der wissenschaftlichen Empfehlung des wissenschaftlichen Direktors der Zulassungsstelle Natural England, der erkl\u00e4rte, dass sie nicht dazu beitragen w\u00fcrde, die Ausbreitung der bovinen Tuberkulose bei Rindern zu verringern.<\/li>\n<\/ul>\n<ul class=\"wp-block-list\">\n<li>Die Ver\u00f6ffentlichung einer wissenschaftlichen Arbeit von Togersen<em> et al<\/em> was den urspr\u00fcnglichen Gedanken hinter der Dachsjagd untergr\u00e4bt.<\/li>\n<\/ul>\n<ul class=\"wp-block-list\">\n<li>Die Tatsache, dass die britische Regierung trotz fr\u00fcherer \u00c4u\u00dferungen, sie wolle die Keulung beenden, derzeit im Rahmen einer k\u00fcrzlich durchgef\u00fchrten Konsultation Vorschl\u00e4ge f\u00fcr eine unbefristete, rollierende Dachskeulung erw\u00e4gt.<\/li>\n<\/ul>\n<p>Unterstrichen wird dies alles durch die Tatsache, dass die Regierung dem \u00dcbereinkommen genauere Populationssch\u00e4tzungen vorlegen soll, um nachzuweisen, dass kein lokales Aussterben des Dachses droht. <\/p>\n<p>Derzeit sind die einzigen Z\u00e4hlungen, die die Regierung regelm\u00e4\u00dfig durchf\u00fchrt, Sch\u00e4tzungen der Keulungsunternehmen, die die Dachse erschie\u00dfen. Das bedeutet, dass es seit vielen Jahren keine richtig recherchierten und belastbaren Zahlen mehr gibt. Dies sollte jedem, der die Natur unterst\u00fctzt, Anlass zu gro\u00dfer Sorge geben und auch f\u00fcr die Berner Konvention von gro\u00dfem Interesse sein.<\/p>\n<p>Peter Hambly, CEO von Badger Trust, kommentierte:<\/p>\n<p>\u201eDie rechtlichen Auseinandersetzungen im Inland und in Europa gehen weiter, w\u00e4hrend die Regierung weiterhin bestehende Abschusslizenzen \u201aanerkennt\u2018 und dabei die Aussage in ihrem eigenen Wahlmanifest ignoriert, dass die Dachsabschussaktion wirkungslos sei. Welche Rechtfertigung haben sie f\u00fcr die Fortsetzung des Abschlachtens einer gesch\u00fctzten einheimischen Art?\u201c<\/p>\n","protected":false},"excerpt":{"rendered":"<p>Weitere Eingaben zum \u00dcbereinkommen \u00fcber die Erhaltung der europ\u00e4ischen wildlebenden Pflanzen und Tiere und ihrer nat\u00fcrlichen Lebensr\u00e4ume (Berner Konvention) Badger Trust, Born Free Foundation und<\/p>\n","protected":false},"author":1,"featured_media":96,"comment_status":"closed","ping_status":"","sticky":false,"template":"","format":"standard","meta":{"footnotes":""},"categories":[101],"tags":[46,139,295,81,9,512,511,510,508,509,140],"class_list":["post-245","post","type-post","status-publish","format-standard","has-post-thumbnail","hentry","category-oekologie","tag-auf","tag-britische","tag-dachsjagd","tag-der","tag-die","tag-ebene","tag-europaeischer","tag-geht","tag-herausforderung","tag-hinsichtlich","tag-regierung","generate-columns","tablet-grid-50","mobile-grid-100","grid-parent","grid-50"],"yoast_head":"<!-- This site is optimized with the Yoast SEO plugin v27.3 - https:\/\/yoast.com\/product\/yoast-seo-wordpress\/ -->\n<title>Herausforderung an die britische Regierung hinsichtlich der Dachsjagd geht auf europ\u00e4ischer Ebene - Nachrichten - Stra\u00dfenweb<\/title>\n<meta name=\"robots\" content=\"index, follow, max-snippet:-1, max-image-preview:large, max-video-preview:-1\" \/>\n<link rel=\"canonical\" href=\"https:\/\/www.strassenweb.de\/nachrichten\/herausforderung-an-die-britische-regierung-hinsichtlich-der-dachsjagd-geht-auf-europaeischer-ebene\/\" \/>\n<meta property=\"og:locale\" content=\"de_DE\" \/>\n<meta property=\"og:type\" content=\"article\" \/>\n<meta property=\"og:title\" content=\"Herausforderung an die britische Regierung hinsichtlich der Dachsjagd geht auf europ\u00e4ischer Ebene - Nachrichten - Stra\u00dfenweb\" \/>\n<meta property=\"og:description\" content=\"Weitere Eingaben zum \u00dcbereinkommen \u00fcber die Erhaltung der europ\u00e4ischen wildlebenden Pflanzen und Tiere und ihrer nat\u00fcrlichen Lebensr\u00e4ume (Berner Konvention) Badger Trust, Born Free Foundation und\" \/>\n<meta property=\"og:url\" content=\"https:\/\/www.strassenweb.de\/nachrichten\/herausforderung-an-die-britische-regierung-hinsichtlich-der-dachsjagd-geht-auf-europaeischer-ebene\/\" \/>\n<meta property=\"og:site_name\" content=\"Stra\u00dfenweb\" \/>\n<meta property=\"article:publisher\" content=\"https:\/\/www.facebook.com\/strassenweb\/\" \/>\n<meta property=\"article:published_time\" content=\"2024-09-25T21:45:51+00:00\" \/>\n<meta property=\"og:image\" content=\"https:\/\/www.strassenweb.de\/nachrichten\/wp-content\/uploads\/2024\/09\/Die-britische-Regierung-muss-sich-diese-Woche-erneut-mit-der.jpg\" \/>\n\t<meta property=\"og:image:width\" content=\"900\" \/>\n\t<meta property=\"og:image:height\" content=\"600\" \/>\n\t<meta property=\"og:image:type\" content=\"image\/jpeg\" \/>\n<meta name=\"author\" content=\"Robert Hoffmann\" \/>\n<meta name=\"twitter:card\" content=\"summary_large_image\" \/>\n<meta name=\"twitter:label1\" content=\"Verfasst von\" \/>\n\t<meta name=\"twitter:data1\" content=\"Robert Hoffmann\" \/>\n\t<meta name=\"twitter:label2\" content=\"Gesch\u00e4tzte Lesezeit\" \/>\n\t<meta name=\"twitter:data2\" content=\"2\u00a0Minuten\" \/>\n<script type=\"application\/ld+json\" class=\"yoast-schema-graph\">{\"@context\":\"https:\\\/\\\/schema.org\",\"@graph\":[{\"@type\":\"Article\",\"@id\":\"https:\\\/\\\/www.strassenweb.de\\\/nachrichten\\\/herausforderung-an-die-britische-regierung-hinsichtlich-der-dachsjagd-geht-auf-europaeischer-ebene\\\/#article\",\"isPartOf\":{\"@id\":\"https:\\\/\\\/www.strassenweb.de\\\/nachrichten\\\/herausforderung-an-die-britische-regierung-hinsichtlich-der-dachsjagd-geht-auf-europaeischer-ebene\\\/\"},\"author\":{\"name\":\"Robert Hoffmann\",\"@id\":\"https:\\\/\\\/www.strassenweb.de\\\/nachrichten\\\/#\\\/schema\\\/person\\\/87c9c9067f1211da429a744dc5a5aa41\"},\"headline\":\"Herausforderung an die britische Regierung hinsichtlich der Dachsjagd geht auf europ\u00e4ischer Ebene\",\"datePublished\":\"2024-09-25T21:45:51+00:00\",\"mainEntityOfPage\":{\"@id\":\"https:\\\/\\\/www.strassenweb.de\\\/nachrichten\\\/herausforderung-an-die-britische-regierung-hinsichtlich-der-dachsjagd-geht-auf-europaeischer-ebene\\\/\"},\"wordCount\":374,\"publisher\":{\"@id\":\"https:\\\/\\\/www.strassenweb.de\\\/nachrichten\\\/#organization\"},\"image\":{\"@id\":\"https:\\\/\\\/www.strassenweb.de\\\/nachrichten\\\/herausforderung-an-die-britische-regierung-hinsichtlich-der-dachsjagd-geht-auf-europaeischer-ebene\\\/#primaryimage\"},\"thumbnailUrl\":\"https:\\\/\\\/www.strassenweb.de\\\/nachrichten\\\/wp-content\\\/uploads\\\/2024\\\/09\\\/Die-britische-Regierung-muss-sich-diese-Woche-erneut-mit-der.jpg\",\"keywords\":[\"auf\",\"britische\",\"Dachsjagd\",\"der\",\"die\",\"Ebene\",\"europ\u00e4ischer\",\"geht\",\"Herausforderung\",\"hinsichtlich\",\"Regierung\"],\"articleSection\":[\"\u00d6kologie\"],\"inLanguage\":\"de\"},{\"@type\":\"WebPage\",\"@id\":\"https:\\\/\\\/www.strassenweb.de\\\/nachrichten\\\/herausforderung-an-die-britische-regierung-hinsichtlich-der-dachsjagd-geht-auf-europaeischer-ebene\\\/\",\"url\":\"https:\\\/\\\/www.strassenweb.de\\\/nachrichten\\\/herausforderung-an-die-britische-regierung-hinsichtlich-der-dachsjagd-geht-auf-europaeischer-ebene\\\/\",\"name\":\"Herausforderung an die britische Regierung hinsichtlich der Dachsjagd geht auf europ\u00e4ischer Ebene - Nachrichten - Stra\u00dfenweb\",\"isPartOf\":{\"@id\":\"https:\\\/\\\/www.strassenweb.de\\\/nachrichten\\\/#website\"},\"primaryImageOfPage\":{\"@id\":\"https:\\\/\\\/www.strassenweb.de\\\/nachrichten\\\/herausforderung-an-die-britische-regierung-hinsichtlich-der-dachsjagd-geht-auf-europaeischer-ebene\\\/#primaryimage\"},\"image\":{\"@id\":\"https:\\\/\\\/www.strassenweb.de\\\/nachrichten\\\/herausforderung-an-die-britische-regierung-hinsichtlich-der-dachsjagd-geht-auf-europaeischer-ebene\\\/#primaryimage\"},\"thumbnailUrl\":\"https:\\\/\\\/www.strassenweb.de\\\/nachrichten\\\/wp-content\\\/uploads\\\/2024\\\/09\\\/Die-britische-Regierung-muss-sich-diese-Woche-erneut-mit-der.jpg\",\"datePublished\":\"2024-09-25T21:45:51+00:00\",\"breadcrumb\":{\"@id\":\"https:\\\/\\\/www.strassenweb.de\\\/nachrichten\\\/herausforderung-an-die-britische-regierung-hinsichtlich-der-dachsjagd-geht-auf-europaeischer-ebene\\\/#breadcrumb\"},\"inLanguage\":\"de\",\"potentialAction\":[{\"@type\":\"ReadAction\",\"target\":[\"https:\\\/\\\/www.strassenweb.de\\\/nachrichten\\\/herausforderung-an-die-britische-regierung-hinsichtlich-der-dachsjagd-geht-auf-europaeischer-ebene\\\/\"]}]},{\"@type\":\"ImageObject\",\"inLanguage\":\"de\",\"@id\":\"https:\\\/\\\/www.strassenweb.de\\\/nachrichten\\\/herausforderung-an-die-britische-regierung-hinsichtlich-der-dachsjagd-geht-auf-europaeischer-ebene\\\/#primaryimage\",\"url\":\"https:\\\/\\\/www.strassenweb.de\\\/nachrichten\\\/wp-content\\\/uploads\\\/2024\\\/09\\\/Die-britische-Regierung-muss-sich-diese-Woche-erneut-mit-der.jpg\",\"contentUrl\":\"https:\\\/\\\/www.strassenweb.de\\\/nachrichten\\\/wp-content\\\/uploads\\\/2024\\\/09\\\/Die-britische-Regierung-muss-sich-diese-Woche-erneut-mit-der.jpg\",\"width\":900,\"height\":600,\"caption\":\"The UK Government is back in front of the Bern Convention this week about its badger cull policy\"},{\"@type\":\"BreadcrumbList\",\"@id\":\"https:\\\/\\\/www.strassenweb.de\\\/nachrichten\\\/herausforderung-an-die-britische-regierung-hinsichtlich-der-dachsjagd-geht-auf-europaeischer-ebene\\\/#breadcrumb\",\"itemListElement\":[{\"@type\":\"ListItem\",\"position\":1,\"name\":\"Home\",\"item\":\"https:\\\/\\\/www.strassenweb.de\\\/nachrichten\\\/\"},{\"@type\":\"ListItem\",\"position\":2,\"name\":\"Herausforderung an die britische Regierung hinsichtlich der Dachsjagd geht auf europ\u00e4ischer Ebene\"}]},{\"@type\":\"WebSite\",\"@id\":\"https:\\\/\\\/www.strassenweb.de\\\/nachrichten\\\/#website\",\"url\":\"https:\\\/\\\/www.strassenweb.de\\\/nachrichten\\\/\",\"name\":\"Stra\u00dfenweb\",\"description\":\"Stra\u00dfenverzeichnis f\u00fcr Deutschland\",\"publisher\":{\"@id\":\"https:\\\/\\\/www.strassenweb.de\\\/nachrichten\\\/#organization\"},\"potentialAction\":[{\"@type\":\"SearchAction\",\"target\":{\"@type\":\"EntryPoint\",\"urlTemplate\":\"https:\\\/\\\/www.strassenweb.de\\\/nachrichten\\\/?s={search_term_string}\"},\"query-input\":{\"@type\":\"PropertyValueSpecification\",\"valueRequired\":true,\"valueName\":\"search_term_string\"}}],\"inLanguage\":\"de\"},{\"@type\":\"Organization\",\"@id\":\"https:\\\/\\\/www.strassenweb.de\\\/nachrichten\\\/#organization\",\"name\":\"Stra\u00dfenweb\",\"url\":\"https:\\\/\\\/www.strassenweb.de\\\/nachrichten\\\/\",\"logo\":{\"@type\":\"ImageObject\",\"inLanguage\":\"de\",\"@id\":\"https:\\\/\\\/www.strassenweb.de\\\/nachrichten\\\/#\\\/schema\\\/logo\\\/image\\\/\",\"url\":\"https:\\\/\\\/www.strassenweb.de\\\/nachrichten\\\/wp-content\\\/uploads\\\/2024\\\/09\\\/cropped-favicon.png\",\"contentUrl\":\"https:\\\/\\\/www.strassenweb.de\\\/nachrichten\\\/wp-content\\\/uploads\\\/2024\\\/09\\\/cropped-favicon.png\",\"width\":512,\"height\":512,\"caption\":\"Stra\u00dfenweb\"},\"image\":{\"@id\":\"https:\\\/\\\/www.strassenweb.de\\\/nachrichten\\\/#\\\/schema\\\/logo\\\/image\\\/\"},\"sameAs\":[\"https:\\\/\\\/www.facebook.com\\\/strassenweb\\\/\"]},{\"@type\":\"Person\",\"@id\":\"https:\\\/\\\/www.strassenweb.de\\\/nachrichten\\\/#\\\/schema\\\/person\\\/87c9c9067f1211da429a744dc5a5aa41\",\"name\":\"Robert Hoffmann\",\"image\":{\"@type\":\"ImageObject\",\"inLanguage\":\"de\",\"@id\":\"https:\\\/\\\/www.strassenweb.de\\\/nachrichten\\\/wp-content\\\/uploads\\\/2024\\\/09\\\/strassenweb-150x150.jpg\",\"url\":\"https:\\\/\\\/www.strassenweb.de\\\/nachrichten\\\/wp-content\\\/uploads\\\/2024\\\/09\\\/strassenweb-150x150.jpg\",\"contentUrl\":\"https:\\\/\\\/www.strassenweb.de\\\/nachrichten\\\/wp-content\\\/uploads\\\/2024\\\/09\\\/strassenweb-150x150.jpg\",\"caption\":\"Robert Hoffmann\"},\"description\":\"Ich hei\u00dfe Robert Hoffmann und ich bin ein leidenschaftlicher Verfechter von \u00d6kologie und Biodiversit\u00e4t. Seit meiner Kindheit in den W\u00e4ldern Bayerns f\u00fchle ich mich mit der Natur verbunden und bin entschlossen, sie zu sch\u00fctzen. Heute widme ich mein Leben der Sensibilisierung anderer f\u00fcr die Bedeutung des Umweltschutzes f\u00fcr zuk\u00fcnftige Generationen.\",\"sameAs\":[\"https:\\\/\\\/www.strassenweb.de\\\/\"]}]}<\/script>\n<!-- \/ Yoast SEO plugin. -->","yoast_head_json":{"title":"Herausforderung an die britische Regierung hinsichtlich der Dachsjagd geht auf europ\u00e4ischer Ebene - Nachrichten - Stra\u00dfenweb","robots":{"index":"index","follow":"follow","max-snippet":"max-snippet:-1","max-image-preview":"max-image-preview:large","max-video-preview":"max-video-preview:-1"},"canonical":"https:\/\/www.strassenweb.de\/nachrichten\/herausforderung-an-die-britische-regierung-hinsichtlich-der-dachsjagd-geht-auf-europaeischer-ebene\/","og_locale":"de_DE","og_type":"article","og_title":"Herausforderung an die britische Regierung hinsichtlich der Dachsjagd geht auf europ\u00e4ischer Ebene - Nachrichten - Stra\u00dfenweb","og_description":"Weitere Eingaben zum \u00dcbereinkommen \u00fcber die Erhaltung der europ\u00e4ischen wildlebenden Pflanzen und Tiere und ihrer nat\u00fcrlichen Lebensr\u00e4ume (Berner Konvention) Badger Trust, Born Free Foundation und","og_url":"https:\/\/www.strassenweb.de\/nachrichten\/herausforderung-an-die-britische-regierung-hinsichtlich-der-dachsjagd-geht-auf-europaeischer-ebene\/","og_site_name":"Stra\u00dfenweb","article_publisher":"https:\/\/www.facebook.com\/strassenweb\/","article_published_time":"2024-09-25T21:45:51+00:00","og_image":[{"width":900,"height":600,"url":"https:\/\/www.strassenweb.de\/nachrichten\/wp-content\/uploads\/2024\/09\/Die-britische-Regierung-muss-sich-diese-Woche-erneut-mit-der.jpg","type":"image\/jpeg"}],"author":"Robert Hoffmann","twitter_card":"summary_large_image","twitter_misc":{"Verfasst von":"Robert Hoffmann","Gesch\u00e4tzte Lesezeit":"2\u00a0Minuten"},"schema":{"@context":"https:\/\/schema.org","@graph":[{"@type":"Article","@id":"https:\/\/www.strassenweb.de\/nachrichten\/herausforderung-an-die-britische-regierung-hinsichtlich-der-dachsjagd-geht-auf-europaeischer-ebene\/#article","isPartOf":{"@id":"https:\/\/www.strassenweb.de\/nachrichten\/herausforderung-an-die-britische-regierung-hinsichtlich-der-dachsjagd-geht-auf-europaeischer-ebene\/"},"author":{"name":"Robert Hoffmann","@id":"https:\/\/www.strassenweb.de\/nachrichten\/#\/schema\/person\/87c9c9067f1211da429a744dc5a5aa41"},"headline":"Herausforderung an die britische Regierung hinsichtlich der Dachsjagd geht auf europ\u00e4ischer Ebene","datePublished":"2024-09-25T21:45:51+00:00","mainEntityOfPage":{"@id":"https:\/\/www.strassenweb.de\/nachrichten\/herausforderung-an-die-britische-regierung-hinsichtlich-der-dachsjagd-geht-auf-europaeischer-ebene\/"},"wordCount":374,"publisher":{"@id":"https:\/\/www.strassenweb.de\/nachrichten\/#organization"},"image":{"@id":"https:\/\/www.strassenweb.de\/nachrichten\/herausforderung-an-die-britische-regierung-hinsichtlich-der-dachsjagd-geht-auf-europaeischer-ebene\/#primaryimage"},"thumbnailUrl":"https:\/\/www.strassenweb.de\/nachrichten\/wp-content\/uploads\/2024\/09\/Die-britische-Regierung-muss-sich-diese-Woche-erneut-mit-der.jpg","keywords":["auf","britische","Dachsjagd","der","die","Ebene","europ\u00e4ischer","geht","Herausforderung","hinsichtlich","Regierung"],"articleSection":["\u00d6kologie"],"inLanguage":"de"},{"@type":"WebPage","@id":"https:\/\/www.strassenweb.de\/nachrichten\/herausforderung-an-die-britische-regierung-hinsichtlich-der-dachsjagd-geht-auf-europaeischer-ebene\/","url":"https:\/\/www.strassenweb.de\/nachrichten\/herausforderung-an-die-britische-regierung-hinsichtlich-der-dachsjagd-geht-auf-europaeischer-ebene\/","name":"Herausforderung an die britische Regierung hinsichtlich der Dachsjagd geht auf europ\u00e4ischer Ebene - Nachrichten - Stra\u00dfenweb","isPartOf":{"@id":"https:\/\/www.strassenweb.de\/nachrichten\/#website"},"primaryImageOfPage":{"@id":"https:\/\/www.strassenweb.de\/nachrichten\/herausforderung-an-die-britische-regierung-hinsichtlich-der-dachsjagd-geht-auf-europaeischer-ebene\/#primaryimage"},"image":{"@id":"https:\/\/www.strassenweb.de\/nachrichten\/herausforderung-an-die-britische-regierung-hinsichtlich-der-dachsjagd-geht-auf-europaeischer-ebene\/#primaryimage"},"thumbnailUrl":"https:\/\/www.strassenweb.de\/nachrichten\/wp-content\/uploads\/2024\/09\/Die-britische-Regierung-muss-sich-diese-Woche-erneut-mit-der.jpg","datePublished":"2024-09-25T21:45:51+00:00","breadcrumb":{"@id":"https:\/\/www.strassenweb.de\/nachrichten\/herausforderung-an-die-britische-regierung-hinsichtlich-der-dachsjagd-geht-auf-europaeischer-ebene\/#breadcrumb"},"inLanguage":"de","potentialAction":[{"@type":"ReadAction","target":["https:\/\/www.strassenweb.de\/nachrichten\/herausforderung-an-die-britische-regierung-hinsichtlich-der-dachsjagd-geht-auf-europaeischer-ebene\/"]}]},{"@type":"ImageObject","inLanguage":"de","@id":"https:\/\/www.strassenweb.de\/nachrichten\/herausforderung-an-die-britische-regierung-hinsichtlich-der-dachsjagd-geht-auf-europaeischer-ebene\/#primaryimage","url":"https:\/\/www.strassenweb.de\/nachrichten\/wp-content\/uploads\/2024\/09\/Die-britische-Regierung-muss-sich-diese-Woche-erneut-mit-der.jpg","contentUrl":"https:\/\/www.strassenweb.de\/nachrichten\/wp-content\/uploads\/2024\/09\/Die-britische-Regierung-muss-sich-diese-Woche-erneut-mit-der.jpg","width":900,"height":600,"caption":"The UK Government is back in front of the Bern Convention this week about its badger cull policy"},{"@type":"BreadcrumbList","@id":"https:\/\/www.strassenweb.de\/nachrichten\/herausforderung-an-die-britische-regierung-hinsichtlich-der-dachsjagd-geht-auf-europaeischer-ebene\/#breadcrumb","itemListElement":[{"@type":"ListItem","position":1,"name":"Home","item":"https:\/\/www.strassenweb.de\/nachrichten\/"},{"@type":"ListItem","position":2,"name":"Herausforderung an die britische Regierung hinsichtlich der Dachsjagd geht auf europ\u00e4ischer Ebene"}]},{"@type":"WebSite","@id":"https:\/\/www.strassenweb.de\/nachrichten\/#website","url":"https:\/\/www.strassenweb.de\/nachrichten\/","name":"Stra\u00dfenweb","description":"Stra\u00dfenverzeichnis f\u00fcr Deutschland","publisher":{"@id":"https:\/\/www.strassenweb.de\/nachrichten\/#organization"},"potentialAction":[{"@type":"SearchAction","target":{"@type":"EntryPoint","urlTemplate":"https:\/\/www.strassenweb.de\/nachrichten\/?s={search_term_string}"},"query-input":{"@type":"PropertyValueSpecification","valueRequired":true,"valueName":"search_term_string"}}],"inLanguage":"de"},{"@type":"Organization","@id":"https:\/\/www.strassenweb.de\/nachrichten\/#organization","name":"Stra\u00dfenweb","url":"https:\/\/www.strassenweb.de\/nachrichten\/","logo":{"@type":"ImageObject","inLanguage":"de","@id":"https:\/\/www.strassenweb.de\/nachrichten\/#\/schema\/logo\/image\/","url":"https:\/\/www.strassenweb.de\/nachrichten\/wp-content\/uploads\/2024\/09\/cropped-favicon.png","contentUrl":"https:\/\/www.strassenweb.de\/nachrichten\/wp-content\/uploads\/2024\/09\/cropped-favicon.png","width":512,"height":512,"caption":"Stra\u00dfenweb"},"image":{"@id":"https:\/\/www.strassenweb.de\/nachrichten\/#\/schema\/logo\/image\/"},"sameAs":["https:\/\/www.facebook.com\/strassenweb\/"]},{"@type":"Person","@id":"https:\/\/www.strassenweb.de\/nachrichten\/#\/schema\/person\/87c9c9067f1211da429a744dc5a5aa41","name":"Robert Hoffmann","image":{"@type":"ImageObject","inLanguage":"de","@id":"https:\/\/www.strassenweb.de\/nachrichten\/wp-content\/uploads\/2024\/09\/strassenweb-150x150.jpg","url":"https:\/\/www.strassenweb.de\/nachrichten\/wp-content\/uploads\/2024\/09\/strassenweb-150x150.jpg","contentUrl":"https:\/\/www.strassenweb.de\/nachrichten\/wp-content\/uploads\/2024\/09\/strassenweb-150x150.jpg","caption":"Robert Hoffmann"},"description":"Ich hei\u00dfe Robert Hoffmann und ich bin ein leidenschaftlicher Verfechter von \u00d6kologie und Biodiversit\u00e4t. Seit meiner Kindheit in den W\u00e4ldern Bayerns f\u00fchle ich mich mit der Natur verbunden und bin entschlossen, sie zu sch\u00fctzen. Heute widme ich mein Leben der Sensibilisierung anderer f\u00fcr die Bedeutung des Umweltschutzes f\u00fcr zuk\u00fcnftige Generationen.","sameAs":["https:\/\/www.strassenweb.de\/"]}]}},"_links":{"self":[{"href":"https:\/\/www.strassenweb.de\/nachrichten\/wp-json\/wp\/v2\/posts\/245","targetHints":{"allow":["GET"]}}],"collection":[{"href":"https:\/\/www.strassenweb.de\/nachrichten\/wp-json\/wp\/v2\/posts"}],"about":[{"href":"https:\/\/www.strassenweb.de\/nachrichten\/wp-json\/wp\/v2\/types\/post"}],"author":[{"embeddable":true,"href":"https:\/\/www.strassenweb.de\/nachrichten\/wp-json\/wp\/v2\/users\/1"}],"replies":[{"embeddable":true,"href":"https:\/\/www.strassenweb.de\/nachrichten\/wp-json\/wp\/v2\/comments?post=245"}],"version-history":[{"count":0,"href":"https:\/\/www.strassenweb.de\/nachrichten\/wp-json\/wp\/v2\/posts\/245\/revisions"}],"wp:featuredmedia":[{"embeddable":true,"href":"https:\/\/www.strassenweb.de\/nachrichten\/wp-json\/wp\/v2\/media\/96"}],"wp:attachment":[{"href":"https:\/\/www.strassenweb.de\/nachrichten\/wp-json\/wp\/v2\/media?parent=245"}],"wp:term":[{"taxonomy":"category","embeddable":true,"href":"https:\/\/www.strassenweb.de\/nachrichten\/wp-json\/wp\/v2\/categories?post=245"},{"taxonomy":"post_tag","embeddable":true,"href":"https:\/\/www.strassenweb.de\/nachrichten\/wp-json\/wp\/v2\/tags?post=245"}],"curies":[{"name":"wp","href":"https:\/\/api.w.org\/{rel}","templated":true}]}}