{"id":2409,"date":"2024-12-29T20:04:11","date_gmt":"2024-12-29T19:04:11","guid":{"rendered":"https:\/\/www.strassenweb.de\/nachrichten\/kylie-jenner-schwaermt-seit-ich-damit-angefangen-habe-schlafe-ich-viel-besser-und-ihr-luxurioeses-schlafzimmeraccessoire-ist-jetzt-im-angebot\/"},"modified":"2024-12-29T20:04:12","modified_gmt":"2024-12-29T19:04:12","slug":"kylie-jenner-schwaermt-seit-ich-damit-angefangen-habe-schlafe-ich-viel-besser-und-ihr-luxurioeses-schlafzimmeraccessoire-ist-jetzt-im-angebot","status":"publish","type":"post","link":"https:\/\/www.strassenweb.de\/nachrichten\/kylie-jenner-schwaermt-seit-ich-damit-angefangen-habe-schlafe-ich-viel-besser-und-ihr-luxurioeses-schlafzimmeraccessoire-ist-jetzt-im-angebot\/","title":{"rendered":"Kylie Jenner schw\u00e4rmt: \u201eSeit ich damit angefangen habe, schlafe ich viel besser\u201c \u2013 und ihr luxuri\u00f6ses Schlafzimmeraccessoire ist jetzt im Angebot"},"content":{"rendered":"<p><\/p>\n<div id=\"article-body\" class=\"article__body \">\n<p>W\u00e4hrend die richtige Bettw\u00e4sche, Zimmerfarben und Beleuchtung zu einem erholsamen Schlaf beitragen k\u00f6nnen, bilden gute Gewohnheiten die Grundlage f\u00fcr einen erholsamen Schlaf. Kylie Jenner setzt auf einen innovativen Wecker, um die besten Gewohnheiten zu f\u00f6rdern.<\/p>\n<div id=\"ad-unit-1\" class=\"ad-unit\"><\/div>\n<p>Nachdem ich mehr erfahren habe, denke ich, dass dies eine der besten M\u00f6glichkeiten ist, Ihr Schlafzimmer besser zum Schlafen zu machen. Kylie teilte ihre Liebe zur Loftie-Uhr im diesj\u00e4hrigen Poosh Gift Guide. Sie erkl\u00e4rte: \u201eSeit ich diesen Wecker benutze, schlafe ich viel besser.\u201c Und es sieht s\u00fc\u00df auf meinem Nachttisch aus.\u2018 Jeder wei\u00df, dass die besten Geschenke die Gegenst\u00e4nde sind, die wir selbst gerne h\u00e4tten, und Jenners Uhr ist da keine Ausnahme. Wenn der Preis 30 US-Dollar unter dem Normalpreis liegt, ist das ein Kinderspiel.<\/p>\n<aside class=\"hawk-nest\" data-block-type=\"embed\" data-render-type=\"fte\" data-skip=\"dealsy\" data-widget-type=\"seasonal\">\n<div class=\"hawk-master-widget-hawk-base-wrapper\"><\/div>\n<\/aside>\n<p>Von Sonnenaufgangsweckern bis hin zu Ger\u00e4uschmaschinen \u2013 die Anzahl der Schlafger\u00e4te auf dem Markt ist riesig. Was macht die Loftie-Uhr so \u200b\u200bbesonders? Erstens erleichtert Ihnen das zweiphasige Alarmsystem im Gegensatz zu einer herk\u00f6mmlichen Uhr den Start in den Tag. Diese einzigartige F\u00e4higkeit ist darauf ausgelegt, im Einklang mit der nat\u00fcrlichen Uhr Ihres K\u00f6rpers zu arbeiten. Es beginnt mit einem sanften Weckalarm, der den Benutzer sanft durch Umgebungsger\u00e4usche weckt. Nach einem kurzen Schlummer ert\u00f6nt der Aufstehalarm mit einem sich wiederholenden Ger\u00e4usch, um Sie vollst\u00e4ndig aus dem Bett zu wecken. Zusammen reduzieren diese Doppelalarme die Schlaftr\u00e4gheit und minimieren den Stress beim Aufwachen f\u00fcr einen sanfteren Start.<\/p>\n<div id=\"desktop-in-article\" class=\"in-article ad-unit\">\n<div id=\"desktop-taboola-mid-article\"><\/div>\n<\/div>\n<div id=\"mobile-in-article\" class=\"in-article ad-unit\">\n<div id=\"mobile-taboola-mid-article\"><\/div>\n<\/div>\n<p>Damit Sie besser schlafen k\u00f6nnen, verf\u00fcgt die Loftie-Uhr \u00fcber eine Vielzahl von Funktionen. Eine Bibliothek mit \u00fcber 100 Original-Schlafliedern wiegt Jenner jede Nacht in den Schlaf. Ein verstellbares Nachtlicht sorgt f\u00fcr ein warmes Licht und schafft die perfekte Atmosph\u00e4re zum Einschlafen. Ein Sleep-Timer und ein Blackout-Modus erm\u00f6glichen es Benutzern, die Uhr an ihre spezifischen Schlafbed\u00fcrfnisse anzupassen. Alle Einstellungen sind direkt auf der Uhr verf\u00fcgbar, ideal f\u00fcr alle, die vor dem Schlafengehen weniger telefonieren m\u00f6chten.<\/p>\n<div class=\"van_vid_carousel\">\n<div class=\"van_vid_carousel__padding\">\n<div class=\"van_vid_carousel__container\"><\/div>\n<\/div>\n<\/div>\n<p>Schlie\u00dflich ist die Uhr, wie Jenner beschreibt, wundersch\u00f6n. Als Designbegeisterte lieben wir die Optik des Weckers als Teil einer Nachttischidee. Solo w\u00fcrde es in einem minimalistischeren Raum absolut gro\u00dfartig aussehen, oder in Kombination mit einer Vielzahl von B\u00fcchern und Dekorationsgegenst\u00e4nden in einem maximalistischeren Raum. Aufgrund der von unten beleuchteten Natur finde ich, dass die Uhr auf einem Plexiglastisch besonders gut zur Geltung kommt, wo die Helligkeit auf den Boden fallen kann.<\/p>\n<div id=\"ad-unit-2\" class=\"ad-unit\"><\/div>\n<hr>\n<p>Wenn Sie im neuen Jahr ein ges\u00fcnderes Leben f\u00fchren m\u00f6chten, ist der bestm\u00f6gliche Schlaf ein guter Anfang. Nehmen Sie es von Kylie Jenner.<\/p>\n<div id=\"slice-container-newsletterForm-articleInbodyContent-W773ncxPCDaLD7VEhjmsbn\" class=\"slice-container newsletter-inbodyContent-slice newsletterForm-articleInbodyContent-W773ncxPCDaLD7VEhjmsbn slice-container-newsletterForm\"><\/div>\n<\/div>\n","protected":false},"excerpt":{"rendered":"<p>W\u00e4hrend die richtige Bettw\u00e4sche, Zimmerfarben und Beleuchtung zu einem erholsamen Schlaf beitragen k\u00f6nnen, bilden gute Gewohnheiten die Grundlage f\u00fcr einen erholsamen Schlaf. Kylie Jenner setzt<\/p>\n","protected":false},"author":1,"featured_media":2410,"comment_status":"closed","ping_status":"","sticky":false,"template":"","format":"standard","meta":{"footnotes":""},"categories":[118],"tags":[1482,4081,3995,598,823,129,170,15,2927,1272,4079,4083,4082,4084,4080,836,37,263],"class_list":["post-2409","post","type-post","status-publish","format-standard","has-post-thumbnail","hentry","category-haus-garten","tag-angebot","tag-angefangen","tag-besser","tag-damit","tag-habe","tag-ich","tag-ihr","tag-ist","tag-jenner","tag-jetzt","tag-kylie","tag-luxurioeses","tag-schlafe","tag-schlafzimmeraccessoire","tag-schwaermt","tag-seit","tag-und","tag-viel","generate-columns","tablet-grid-50","mobile-grid-100","grid-parent","grid-50"],"yoast_head":"<!-- This site is optimized with the Yoast SEO plugin v27.3 - https:\/\/yoast.com\/product\/yoast-seo-wordpress\/ -->\n<title>Kylie Jenner schw\u00e4rmt: \u201eSeit ich damit angefangen habe, schlafe ich viel besser\u201c \u2013 und ihr luxuri\u00f6ses Schlafzimmeraccessoire ist jetzt im Angebot - Nachrichten - Stra\u00dfenweb<\/title>\n<meta name=\"robots\" content=\"index, follow, max-snippet:-1, max-image-preview:large, max-video-preview:-1\" \/>\n<link rel=\"canonical\" href=\"https:\/\/www.strassenweb.de\/nachrichten\/kylie-jenner-schwaermt-seit-ich-damit-angefangen-habe-schlafe-ich-viel-besser-und-ihr-luxurioeses-schlafzimmeraccessoire-ist-jetzt-im-angebot\/\" \/>\n<meta property=\"og:locale\" content=\"de_DE\" \/>\n<meta property=\"og:type\" content=\"article\" \/>\n<meta property=\"og:title\" content=\"Kylie Jenner schw\u00e4rmt: \u201eSeit ich damit angefangen habe, schlafe ich viel besser\u201c \u2013 und ihr luxuri\u00f6ses Schlafzimmeraccessoire ist jetzt im Angebot - Nachrichten - Stra\u00dfenweb\" \/>\n<meta property=\"og:description\" content=\"W\u00e4hrend die richtige Bettw\u00e4sche, Zimmerfarben und Beleuchtung zu einem erholsamen Schlaf beitragen k\u00f6nnen, bilden gute Gewohnheiten die Grundlage f\u00fcr einen erholsamen Schlaf. Kylie Jenner setzt\" \/>\n<meta property=\"og:url\" content=\"https:\/\/www.strassenweb.de\/nachrichten\/kylie-jenner-schwaermt-seit-ich-damit-angefangen-habe-schlafe-ich-viel-besser-und-ihr-luxurioeses-schlafzimmeraccessoire-ist-jetzt-im-angebot\/\" \/>\n<meta property=\"og:site_name\" content=\"Stra\u00dfenweb\" \/>\n<meta property=\"article:publisher\" content=\"https:\/\/www.facebook.com\/strassenweb\/\" \/>\n<meta property=\"article:published_time\" content=\"2024-12-29T19:04:11+00:00\" \/>\n<meta property=\"article:modified_time\" content=\"2024-12-29T19:04:12+00:00\" \/>\n<meta property=\"og:image\" content=\"https:\/\/www.strassenweb.de\/nachrichten\/wp-content\/uploads\/2024\/12\/Kylie-Jenner-schwaermt-\u201eSeit-ich-damit-angefangen-habe-schlafe-ich.jpg\" \/>\n\t<meta property=\"og:image:width\" content=\"1200\" \/>\n\t<meta property=\"og:image:height\" content=\"675\" \/>\n\t<meta property=\"og:image:type\" content=\"image\/jpeg\" \/>\n<meta name=\"author\" content=\"Robert Hoffmann\" \/>\n<meta name=\"twitter:card\" content=\"summary_large_image\" \/>\n<meta name=\"twitter:label1\" content=\"Verfasst von\" \/>\n\t<meta name=\"twitter:data1\" content=\"Robert Hoffmann\" \/>\n\t<meta name=\"twitter:label2\" content=\"Gesch\u00e4tzte Lesezeit\" \/>\n\t<meta name=\"twitter:data2\" content=\"2\u00a0Minuten\" \/>\n<script type=\"application\/ld+json\" class=\"yoast-schema-graph\">{\"@context\":\"https:\\\/\\\/schema.org\",\"@graph\":[{\"@type\":\"Article\",\"@id\":\"https:\\\/\\\/www.strassenweb.de\\\/nachrichten\\\/kylie-jenner-schwaermt-seit-ich-damit-angefangen-habe-schlafe-ich-viel-besser-und-ihr-luxurioeses-schlafzimmeraccessoire-ist-jetzt-im-angebot\\\/#article\",\"isPartOf\":{\"@id\":\"https:\\\/\\\/www.strassenweb.de\\\/nachrichten\\\/kylie-jenner-schwaermt-seit-ich-damit-angefangen-habe-schlafe-ich-viel-besser-und-ihr-luxurioeses-schlafzimmeraccessoire-ist-jetzt-im-angebot\\\/\"},\"author\":{\"name\":\"Robert Hoffmann\",\"@id\":\"https:\\\/\\\/www.strassenweb.de\\\/nachrichten\\\/#\\\/schema\\\/person\\\/87c9c9067f1211da429a744dc5a5aa41\"},\"headline\":\"Kylie Jenner schw\u00e4rmt: \u201eSeit ich damit angefangen habe, schlafe ich viel besser\u201c \u2013 und ihr luxuri\u00f6ses Schlafzimmeraccessoire ist jetzt im Angebot\",\"datePublished\":\"2024-12-29T19:04:11+00:00\",\"dateModified\":\"2024-12-29T19:04:12+00:00\",\"mainEntityOfPage\":{\"@id\":\"https:\\\/\\\/www.strassenweb.de\\\/nachrichten\\\/kylie-jenner-schwaermt-seit-ich-damit-angefangen-habe-schlafe-ich-viel-besser-und-ihr-luxurioeses-schlafzimmeraccessoire-ist-jetzt-im-angebot\\\/\"},\"wordCount\":452,\"publisher\":{\"@id\":\"https:\\\/\\\/www.strassenweb.de\\\/nachrichten\\\/#organization\"},\"image\":{\"@id\":\"https:\\\/\\\/www.strassenweb.de\\\/nachrichten\\\/kylie-jenner-schwaermt-seit-ich-damit-angefangen-habe-schlafe-ich-viel-besser-und-ihr-luxurioeses-schlafzimmeraccessoire-ist-jetzt-im-angebot\\\/#primaryimage\"},\"thumbnailUrl\":\"https:\\\/\\\/www.strassenweb.de\\\/nachrichten\\\/wp-content\\\/uploads\\\/2024\\\/12\\\/Kylie-Jenner-schwaermt-\u201eSeit-ich-damit-angefangen-habe-schlafe-ich.jpg\",\"keywords\":[\"Angebot\",\"angefangen\",\"besser\",\"damit\",\"habe\",\"ich\",\"Ihr\",\"ist\",\"Jenner\",\"jetzt\",\"Kylie\",\"luxuri\u00f6ses\",\"schlafe\",\"Schlafzimmeraccessoire\",\"schw\u00e4rmt\",\"seit\",\"und\",\"viel\"],\"articleSection\":[\"Haus &amp; Garten\"],\"inLanguage\":\"de\"},{\"@type\":\"WebPage\",\"@id\":\"https:\\\/\\\/www.strassenweb.de\\\/nachrichten\\\/kylie-jenner-schwaermt-seit-ich-damit-angefangen-habe-schlafe-ich-viel-besser-und-ihr-luxurioeses-schlafzimmeraccessoire-ist-jetzt-im-angebot\\\/\",\"url\":\"https:\\\/\\\/www.strassenweb.de\\\/nachrichten\\\/kylie-jenner-schwaermt-seit-ich-damit-angefangen-habe-schlafe-ich-viel-besser-und-ihr-luxurioeses-schlafzimmeraccessoire-ist-jetzt-im-angebot\\\/\",\"name\":\"Kylie Jenner schw\u00e4rmt: \u201eSeit ich damit angefangen habe, schlafe ich viel besser\u201c \u2013 und ihr luxuri\u00f6ses Schlafzimmeraccessoire ist jetzt im Angebot - Nachrichten - Stra\u00dfenweb\",\"isPartOf\":{\"@id\":\"https:\\\/\\\/www.strassenweb.de\\\/nachrichten\\\/#website\"},\"primaryImageOfPage\":{\"@id\":\"https:\\\/\\\/www.strassenweb.de\\\/nachrichten\\\/kylie-jenner-schwaermt-seit-ich-damit-angefangen-habe-schlafe-ich-viel-besser-und-ihr-luxurioeses-schlafzimmeraccessoire-ist-jetzt-im-angebot\\\/#primaryimage\"},\"image\":{\"@id\":\"https:\\\/\\\/www.strassenweb.de\\\/nachrichten\\\/kylie-jenner-schwaermt-seit-ich-damit-angefangen-habe-schlafe-ich-viel-besser-und-ihr-luxurioeses-schlafzimmeraccessoire-ist-jetzt-im-angebot\\\/#primaryimage\"},\"thumbnailUrl\":\"https:\\\/\\\/www.strassenweb.de\\\/nachrichten\\\/wp-content\\\/uploads\\\/2024\\\/12\\\/Kylie-Jenner-schwaermt-\u201eSeit-ich-damit-angefangen-habe-schlafe-ich.jpg\",\"datePublished\":\"2024-12-29T19:04:11+00:00\",\"dateModified\":\"2024-12-29T19:04:12+00:00\",\"breadcrumb\":{\"@id\":\"https:\\\/\\\/www.strassenweb.de\\\/nachrichten\\\/kylie-jenner-schwaermt-seit-ich-damit-angefangen-habe-schlafe-ich-viel-besser-und-ihr-luxurioeses-schlafzimmeraccessoire-ist-jetzt-im-angebot\\\/#breadcrumb\"},\"inLanguage\":\"de\",\"potentialAction\":[{\"@type\":\"ReadAction\",\"target\":[\"https:\\\/\\\/www.strassenweb.de\\\/nachrichten\\\/kylie-jenner-schwaermt-seit-ich-damit-angefangen-habe-schlafe-ich-viel-besser-und-ihr-luxurioeses-schlafzimmeraccessoire-ist-jetzt-im-angebot\\\/\"]}]},{\"@type\":\"ImageObject\",\"inLanguage\":\"de\",\"@id\":\"https:\\\/\\\/www.strassenweb.de\\\/nachrichten\\\/kylie-jenner-schwaermt-seit-ich-damit-angefangen-habe-schlafe-ich-viel-besser-und-ihr-luxurioeses-schlafzimmeraccessoire-ist-jetzt-im-angebot\\\/#primaryimage\",\"url\":\"https:\\\/\\\/www.strassenweb.de\\\/nachrichten\\\/wp-content\\\/uploads\\\/2024\\\/12\\\/Kylie-Jenner-schwaermt-\u201eSeit-ich-damit-angefangen-habe-schlafe-ich.jpg\",\"contentUrl\":\"https:\\\/\\\/www.strassenweb.de\\\/nachrichten\\\/wp-content\\\/uploads\\\/2024\\\/12\\\/Kylie-Jenner-schwaermt-\u201eSeit-ich-damit-angefangen-habe-schlafe-ich.jpg\",\"width\":1200,\"height\":675,\"caption\":\"Kylie Jenner schw\u00e4rmt: \u201eSeit ich damit angefangen habe, schlafe ich viel besser\u201c \u2013 und ihr luxuri\u00f6ses Schlafzimmeraccessoire ist jetzt im Angebot\"},{\"@type\":\"BreadcrumbList\",\"@id\":\"https:\\\/\\\/www.strassenweb.de\\\/nachrichten\\\/kylie-jenner-schwaermt-seit-ich-damit-angefangen-habe-schlafe-ich-viel-besser-und-ihr-luxurioeses-schlafzimmeraccessoire-ist-jetzt-im-angebot\\\/#breadcrumb\",\"itemListElement\":[{\"@type\":\"ListItem\",\"position\":1,\"name\":\"Home\",\"item\":\"https:\\\/\\\/www.strassenweb.de\\\/nachrichten\\\/\"},{\"@type\":\"ListItem\",\"position\":2,\"name\":\"Kylie Jenner schw\u00e4rmt: \u201eSeit ich damit angefangen habe, schlafe ich viel besser\u201c \u2013 und ihr luxuri\u00f6ses Schlafzimmeraccessoire ist jetzt im Angebot\"}]},{\"@type\":\"WebSite\",\"@id\":\"https:\\\/\\\/www.strassenweb.de\\\/nachrichten\\\/#website\",\"url\":\"https:\\\/\\\/www.strassenweb.de\\\/nachrichten\\\/\",\"name\":\"Stra\u00dfenweb\",\"description\":\"Stra\u00dfenverzeichnis f\u00fcr Deutschland\",\"publisher\":{\"@id\":\"https:\\\/\\\/www.strassenweb.de\\\/nachrichten\\\/#organization\"},\"potentialAction\":[{\"@type\":\"SearchAction\",\"target\":{\"@type\":\"EntryPoint\",\"urlTemplate\":\"https:\\\/\\\/www.strassenweb.de\\\/nachrichten\\\/?s={search_term_string}\"},\"query-input\":{\"@type\":\"PropertyValueSpecification\",\"valueRequired\":true,\"valueName\":\"search_term_string\"}}],\"inLanguage\":\"de\"},{\"@type\":\"Organization\",\"@id\":\"https:\\\/\\\/www.strassenweb.de\\\/nachrichten\\\/#organization\",\"name\":\"Stra\u00dfenweb\",\"url\":\"https:\\\/\\\/www.strassenweb.de\\\/nachrichten\\\/\",\"logo\":{\"@type\":\"ImageObject\",\"inLanguage\":\"de\",\"@id\":\"https:\\\/\\\/www.strassenweb.de\\\/nachrichten\\\/#\\\/schema\\\/logo\\\/image\\\/\",\"url\":\"https:\\\/\\\/www.strassenweb.de\\\/nachrichten\\\/wp-content\\\/uploads\\\/2024\\\/09\\\/cropped-favicon.png\",\"contentUrl\":\"https:\\\/\\\/www.strassenweb.de\\\/nachrichten\\\/wp-content\\\/uploads\\\/2024\\\/09\\\/cropped-favicon.png\",\"width\":512,\"height\":512,\"caption\":\"Stra\u00dfenweb\"},\"image\":{\"@id\":\"https:\\\/\\\/www.strassenweb.de\\\/nachrichten\\\/#\\\/schema\\\/logo\\\/image\\\/\"},\"sameAs\":[\"https:\\\/\\\/www.facebook.com\\\/strassenweb\\\/\"]},{\"@type\":\"Person\",\"@id\":\"https:\\\/\\\/www.strassenweb.de\\\/nachrichten\\\/#\\\/schema\\\/person\\\/87c9c9067f1211da429a744dc5a5aa41\",\"name\":\"Robert Hoffmann\",\"image\":{\"@type\":\"ImageObject\",\"inLanguage\":\"de\",\"@id\":\"https:\\\/\\\/www.strassenweb.de\\\/nachrichten\\\/wp-content\\\/uploads\\\/2024\\\/09\\\/strassenweb-150x150.jpg\",\"url\":\"https:\\\/\\\/www.strassenweb.de\\\/nachrichten\\\/wp-content\\\/uploads\\\/2024\\\/09\\\/strassenweb-150x150.jpg\",\"contentUrl\":\"https:\\\/\\\/www.strassenweb.de\\\/nachrichten\\\/wp-content\\\/uploads\\\/2024\\\/09\\\/strassenweb-150x150.jpg\",\"caption\":\"Robert Hoffmann\"},\"description\":\"Ich hei\u00dfe Robert Hoffmann und ich bin ein leidenschaftlicher Verfechter von \u00d6kologie und Biodiversit\u00e4t. Seit meiner Kindheit in den W\u00e4ldern Bayerns f\u00fchle ich mich mit der Natur verbunden und bin entschlossen, sie zu sch\u00fctzen. Heute widme ich mein Leben der Sensibilisierung anderer f\u00fcr die Bedeutung des Umweltschutzes f\u00fcr zuk\u00fcnftige Generationen.\",\"sameAs\":[\"https:\\\/\\\/www.strassenweb.de\\\/\"]}]}<\/script>\n<!-- \/ Yoast SEO plugin. -->","yoast_head_json":{"title":"Kylie Jenner schw\u00e4rmt: \u201eSeit ich damit angefangen habe, schlafe ich viel besser\u201c \u2013 und ihr luxuri\u00f6ses Schlafzimmeraccessoire ist jetzt im Angebot - Nachrichten - Stra\u00dfenweb","robots":{"index":"index","follow":"follow","max-snippet":"max-snippet:-1","max-image-preview":"max-image-preview:large","max-video-preview":"max-video-preview:-1"},"canonical":"https:\/\/www.strassenweb.de\/nachrichten\/kylie-jenner-schwaermt-seit-ich-damit-angefangen-habe-schlafe-ich-viel-besser-und-ihr-luxurioeses-schlafzimmeraccessoire-ist-jetzt-im-angebot\/","og_locale":"de_DE","og_type":"article","og_title":"Kylie Jenner schw\u00e4rmt: \u201eSeit ich damit angefangen habe, schlafe ich viel besser\u201c \u2013 und ihr luxuri\u00f6ses Schlafzimmeraccessoire ist jetzt im Angebot - Nachrichten - Stra\u00dfenweb","og_description":"W\u00e4hrend die richtige Bettw\u00e4sche, Zimmerfarben und Beleuchtung zu einem erholsamen Schlaf beitragen k\u00f6nnen, bilden gute Gewohnheiten die Grundlage f\u00fcr einen erholsamen Schlaf. Kylie Jenner setzt","og_url":"https:\/\/www.strassenweb.de\/nachrichten\/kylie-jenner-schwaermt-seit-ich-damit-angefangen-habe-schlafe-ich-viel-besser-und-ihr-luxurioeses-schlafzimmeraccessoire-ist-jetzt-im-angebot\/","og_site_name":"Stra\u00dfenweb","article_publisher":"https:\/\/www.facebook.com\/strassenweb\/","article_published_time":"2024-12-29T19:04:11+00:00","article_modified_time":"2024-12-29T19:04:12+00:00","og_image":[{"width":1200,"height":675,"url":"https:\/\/www.strassenweb.de\/nachrichten\/wp-content\/uploads\/2024\/12\/Kylie-Jenner-schwaermt-\u201eSeit-ich-damit-angefangen-habe-schlafe-ich.jpg","type":"image\/jpeg"}],"author":"Robert Hoffmann","twitter_card":"summary_large_image","twitter_misc":{"Verfasst von":"Robert Hoffmann","Gesch\u00e4tzte Lesezeit":"2\u00a0Minuten"},"schema":{"@context":"https:\/\/schema.org","@graph":[{"@type":"Article","@id":"https:\/\/www.strassenweb.de\/nachrichten\/kylie-jenner-schwaermt-seit-ich-damit-angefangen-habe-schlafe-ich-viel-besser-und-ihr-luxurioeses-schlafzimmeraccessoire-ist-jetzt-im-angebot\/#article","isPartOf":{"@id":"https:\/\/www.strassenweb.de\/nachrichten\/kylie-jenner-schwaermt-seit-ich-damit-angefangen-habe-schlafe-ich-viel-besser-und-ihr-luxurioeses-schlafzimmeraccessoire-ist-jetzt-im-angebot\/"},"author":{"name":"Robert Hoffmann","@id":"https:\/\/www.strassenweb.de\/nachrichten\/#\/schema\/person\/87c9c9067f1211da429a744dc5a5aa41"},"headline":"Kylie Jenner schw\u00e4rmt: \u201eSeit ich damit angefangen habe, schlafe ich viel besser\u201c \u2013 und ihr luxuri\u00f6ses Schlafzimmeraccessoire ist jetzt im Angebot","datePublished":"2024-12-29T19:04:11+00:00","dateModified":"2024-12-29T19:04:12+00:00","mainEntityOfPage":{"@id":"https:\/\/www.strassenweb.de\/nachrichten\/kylie-jenner-schwaermt-seit-ich-damit-angefangen-habe-schlafe-ich-viel-besser-und-ihr-luxurioeses-schlafzimmeraccessoire-ist-jetzt-im-angebot\/"},"wordCount":452,"publisher":{"@id":"https:\/\/www.strassenweb.de\/nachrichten\/#organization"},"image":{"@id":"https:\/\/www.strassenweb.de\/nachrichten\/kylie-jenner-schwaermt-seit-ich-damit-angefangen-habe-schlafe-ich-viel-besser-und-ihr-luxurioeses-schlafzimmeraccessoire-ist-jetzt-im-angebot\/#primaryimage"},"thumbnailUrl":"https:\/\/www.strassenweb.de\/nachrichten\/wp-content\/uploads\/2024\/12\/Kylie-Jenner-schwaermt-\u201eSeit-ich-damit-angefangen-habe-schlafe-ich.jpg","keywords":["Angebot","angefangen","besser","damit","habe","ich","Ihr","ist","Jenner","jetzt","Kylie","luxuri\u00f6ses","schlafe","Schlafzimmeraccessoire","schw\u00e4rmt","seit","und","viel"],"articleSection":["Haus &amp; Garten"],"inLanguage":"de"},{"@type":"WebPage","@id":"https:\/\/www.strassenweb.de\/nachrichten\/kylie-jenner-schwaermt-seit-ich-damit-angefangen-habe-schlafe-ich-viel-besser-und-ihr-luxurioeses-schlafzimmeraccessoire-ist-jetzt-im-angebot\/","url":"https:\/\/www.strassenweb.de\/nachrichten\/kylie-jenner-schwaermt-seit-ich-damit-angefangen-habe-schlafe-ich-viel-besser-und-ihr-luxurioeses-schlafzimmeraccessoire-ist-jetzt-im-angebot\/","name":"Kylie Jenner schw\u00e4rmt: \u201eSeit ich damit angefangen habe, schlafe ich viel besser\u201c \u2013 und ihr luxuri\u00f6ses Schlafzimmeraccessoire ist jetzt im Angebot - Nachrichten - Stra\u00dfenweb","isPartOf":{"@id":"https:\/\/www.strassenweb.de\/nachrichten\/#website"},"primaryImageOfPage":{"@id":"https:\/\/www.strassenweb.de\/nachrichten\/kylie-jenner-schwaermt-seit-ich-damit-angefangen-habe-schlafe-ich-viel-besser-und-ihr-luxurioeses-schlafzimmeraccessoire-ist-jetzt-im-angebot\/#primaryimage"},"image":{"@id":"https:\/\/www.strassenweb.de\/nachrichten\/kylie-jenner-schwaermt-seit-ich-damit-angefangen-habe-schlafe-ich-viel-besser-und-ihr-luxurioeses-schlafzimmeraccessoire-ist-jetzt-im-angebot\/#primaryimage"},"thumbnailUrl":"https:\/\/www.strassenweb.de\/nachrichten\/wp-content\/uploads\/2024\/12\/Kylie-Jenner-schwaermt-\u201eSeit-ich-damit-angefangen-habe-schlafe-ich.jpg","datePublished":"2024-12-29T19:04:11+00:00","dateModified":"2024-12-29T19:04:12+00:00","breadcrumb":{"@id":"https:\/\/www.strassenweb.de\/nachrichten\/kylie-jenner-schwaermt-seit-ich-damit-angefangen-habe-schlafe-ich-viel-besser-und-ihr-luxurioeses-schlafzimmeraccessoire-ist-jetzt-im-angebot\/#breadcrumb"},"inLanguage":"de","potentialAction":[{"@type":"ReadAction","target":["https:\/\/www.strassenweb.de\/nachrichten\/kylie-jenner-schwaermt-seit-ich-damit-angefangen-habe-schlafe-ich-viel-besser-und-ihr-luxurioeses-schlafzimmeraccessoire-ist-jetzt-im-angebot\/"]}]},{"@type":"ImageObject","inLanguage":"de","@id":"https:\/\/www.strassenweb.de\/nachrichten\/kylie-jenner-schwaermt-seit-ich-damit-angefangen-habe-schlafe-ich-viel-besser-und-ihr-luxurioeses-schlafzimmeraccessoire-ist-jetzt-im-angebot\/#primaryimage","url":"https:\/\/www.strassenweb.de\/nachrichten\/wp-content\/uploads\/2024\/12\/Kylie-Jenner-schwaermt-\u201eSeit-ich-damit-angefangen-habe-schlafe-ich.jpg","contentUrl":"https:\/\/www.strassenweb.de\/nachrichten\/wp-content\/uploads\/2024\/12\/Kylie-Jenner-schwaermt-\u201eSeit-ich-damit-angefangen-habe-schlafe-ich.jpg","width":1200,"height":675,"caption":"Kylie Jenner schw\u00e4rmt: \u201eSeit ich damit angefangen habe, schlafe ich viel besser\u201c \u2013 und ihr luxuri\u00f6ses Schlafzimmeraccessoire ist jetzt im Angebot"},{"@type":"BreadcrumbList","@id":"https:\/\/www.strassenweb.de\/nachrichten\/kylie-jenner-schwaermt-seit-ich-damit-angefangen-habe-schlafe-ich-viel-besser-und-ihr-luxurioeses-schlafzimmeraccessoire-ist-jetzt-im-angebot\/#breadcrumb","itemListElement":[{"@type":"ListItem","position":1,"name":"Home","item":"https:\/\/www.strassenweb.de\/nachrichten\/"},{"@type":"ListItem","position":2,"name":"Kylie Jenner schw\u00e4rmt: \u201eSeit ich damit angefangen habe, schlafe ich viel besser\u201c \u2013 und ihr luxuri\u00f6ses Schlafzimmeraccessoire ist jetzt im Angebot"}]},{"@type":"WebSite","@id":"https:\/\/www.strassenweb.de\/nachrichten\/#website","url":"https:\/\/www.strassenweb.de\/nachrichten\/","name":"Stra\u00dfenweb","description":"Stra\u00dfenverzeichnis f\u00fcr Deutschland","publisher":{"@id":"https:\/\/www.strassenweb.de\/nachrichten\/#organization"},"potentialAction":[{"@type":"SearchAction","target":{"@type":"EntryPoint","urlTemplate":"https:\/\/www.strassenweb.de\/nachrichten\/?s={search_term_string}"},"query-input":{"@type":"PropertyValueSpecification","valueRequired":true,"valueName":"search_term_string"}}],"inLanguage":"de"},{"@type":"Organization","@id":"https:\/\/www.strassenweb.de\/nachrichten\/#organization","name":"Stra\u00dfenweb","url":"https:\/\/www.strassenweb.de\/nachrichten\/","logo":{"@type":"ImageObject","inLanguage":"de","@id":"https:\/\/www.strassenweb.de\/nachrichten\/#\/schema\/logo\/image\/","url":"https:\/\/www.strassenweb.de\/nachrichten\/wp-content\/uploads\/2024\/09\/cropped-favicon.png","contentUrl":"https:\/\/www.strassenweb.de\/nachrichten\/wp-content\/uploads\/2024\/09\/cropped-favicon.png","width":512,"height":512,"caption":"Stra\u00dfenweb"},"image":{"@id":"https:\/\/www.strassenweb.de\/nachrichten\/#\/schema\/logo\/image\/"},"sameAs":["https:\/\/www.facebook.com\/strassenweb\/"]},{"@type":"Person","@id":"https:\/\/www.strassenweb.de\/nachrichten\/#\/schema\/person\/87c9c9067f1211da429a744dc5a5aa41","name":"Robert Hoffmann","image":{"@type":"ImageObject","inLanguage":"de","@id":"https:\/\/www.strassenweb.de\/nachrichten\/wp-content\/uploads\/2024\/09\/strassenweb-150x150.jpg","url":"https:\/\/www.strassenweb.de\/nachrichten\/wp-content\/uploads\/2024\/09\/strassenweb-150x150.jpg","contentUrl":"https:\/\/www.strassenweb.de\/nachrichten\/wp-content\/uploads\/2024\/09\/strassenweb-150x150.jpg","caption":"Robert Hoffmann"},"description":"Ich hei\u00dfe Robert Hoffmann und ich bin ein leidenschaftlicher Verfechter von \u00d6kologie und Biodiversit\u00e4t. Seit meiner Kindheit in den W\u00e4ldern Bayerns f\u00fchle ich mich mit der Natur verbunden und bin entschlossen, sie zu sch\u00fctzen. Heute widme ich mein Leben der Sensibilisierung anderer f\u00fcr die Bedeutung des Umweltschutzes f\u00fcr zuk\u00fcnftige Generationen.","sameAs":["https:\/\/www.strassenweb.de\/"]}]}},"_links":{"self":[{"href":"https:\/\/www.strassenweb.de\/nachrichten\/wp-json\/wp\/v2\/posts\/2409","targetHints":{"allow":["GET"]}}],"collection":[{"href":"https:\/\/www.strassenweb.de\/nachrichten\/wp-json\/wp\/v2\/posts"}],"about":[{"href":"https:\/\/www.strassenweb.de\/nachrichten\/wp-json\/wp\/v2\/types\/post"}],"author":[{"embeddable":true,"href":"https:\/\/www.strassenweb.de\/nachrichten\/wp-json\/wp\/v2\/users\/1"}],"replies":[{"embeddable":true,"href":"https:\/\/www.strassenweb.de\/nachrichten\/wp-json\/wp\/v2\/comments?post=2409"}],"version-history":[{"count":0,"href":"https:\/\/www.strassenweb.de\/nachrichten\/wp-json\/wp\/v2\/posts\/2409\/revisions"}],"wp:featuredmedia":[{"embeddable":true,"href":"https:\/\/www.strassenweb.de\/nachrichten\/wp-json\/wp\/v2\/media\/2410"}],"wp:attachment":[{"href":"https:\/\/www.strassenweb.de\/nachrichten\/wp-json\/wp\/v2\/media?parent=2409"}],"wp:term":[{"taxonomy":"category","embeddable":true,"href":"https:\/\/www.strassenweb.de\/nachrichten\/wp-json\/wp\/v2\/categories?post=2409"},{"taxonomy":"post_tag","embeddable":true,"href":"https:\/\/www.strassenweb.de\/nachrichten\/wp-json\/wp\/v2\/tags?post=2409"}],"curies":[{"name":"wp","href":"https:\/\/api.w.org\/{rel}","templated":true}]}}