{"id":2398,"date":"2024-12-29T03:44:57","date_gmt":"2024-12-29T02:44:57","guid":{"rendered":"https:\/\/www.strassenweb.de\/nachrichten\/so-ueberwintern-sie-azaleen-und-schuetzen-ihre-pflanzen-mit-diesem-expertenrat-bis-zum-fruehjahr\/"},"modified":"2024-12-29T03:44:58","modified_gmt":"2024-12-29T02:44:58","slug":"so-ueberwintern-sie-azaleen-und-schuetzen-ihre-pflanzen-mit-diesem-expertenrat-bis-zum-fruehjahr","status":"publish","type":"post","link":"https:\/\/www.strassenweb.de\/nachrichten\/so-ueberwintern-sie-azaleen-und-schuetzen-ihre-pflanzen-mit-diesem-expertenrat-bis-zum-fruehjahr\/","title":{"rendered":"So \u00fcberwintern Sie Azaleen \u2013 und sch\u00fctzen Ihre Pflanzen mit diesem Expertenrat bis zum Fr\u00fchjahr"},"content":{"rendered":"<p><\/p>\n<div id=\"article-body\" class=\"article__body \">\n<p>Mit ihren kr\u00e4ftigen Farben und der gro\u00dfen Auswahl an Sorten sorgen Azaleen f\u00fcr lebendige Sch\u00f6nheit im Garten. Wann und wie man Azaleen winterfest macht, h\u00e4ngt jedoch von der Art, die Sie anbauen, und Ihrer Region ab.<\/p>\n<div id=\"ad-unit-1\" class=\"ad-unit\"><\/div>\n<p>Einige Azaleen sind widerstandsf\u00e4higer als andere, daher ist es wichtig zu wissen, welche Arten Sie anbauen. Wenn Sie an einem frost- und schneegef\u00e4hrdeten Ort leben, profitieren einige Azaleen von einem Schutz, w\u00e4hrend andere m\u00f6glicherweise robust genug sind, um den Winter ohne viel Aufhebens zu \u00fcberstehen.<\/p>\n<p>Unabh\u00e4ngig davon, ob Ihre Pflanzen eine leichte Ber\u00fchrung oder eine st\u00e4rkere St\u00e4rkung ben\u00f6tigen, wird sich die Arbeit, die Sie jetzt zur \u00dcberwinterung eines Gartens leisten, im n\u00e4chsten Fr\u00fchjahr auszahlen.<\/p>\n<div id=\"desktop-in-article\" class=\"in-article ad-unit\">\n<div id=\"desktop-taboola-mid-article\"><\/div>\n<\/div>\n<div id=\"mobile-in-article\" class=\"in-article ad-unit\">\n<div id=\"mobile-taboola-mid-article\"><\/div>\n<\/div>\n<figure class=\"van-image-figure inline-layout \" data-bordeaux-image-check>\n<div class=\"image-full-width-wrapper\">\n<div class=\"image-widthsetter\" style=\"max-width:2400px;\"><\/div>\n<\/div>\n<\/figure>\n<h2 id=\"expert-advice-on-how-to-overwinter-azaleas-3\">Kompetente Beratung zur \u00dcberwinterung von Azaleen<\/h2>\n<aside class=\"hawk-nest\" data-block-type=\"embed\" data-render-type=\"fte\" data-skip=\"dealsy\" data-widget-type=\"seasonal\">\n<div class=\"hawk-master-widget-hawk-base-wrapper\"><\/div>\n<\/aside>\n<p>\u201eDie \u00dcberwinterung von Azaleen ist f\u00fcr ihr \u00dcberleben in k\u00e4lteren Klimazonen unerl\u00e4sslich, insbesondere in den USDA-Winterh\u00e4rtezonen 6 und darunter, wo die Temperaturen auf Werte sinken k\u00f6nnen, die Wurzelsch\u00e4den verursachen oder sogar zum Absterben der Pflanze f\u00fchren k\u00f6nnen\u201c, sagt Maureen Wright, Pflanzenexpertin bei Fast Growing Trees.<\/p>\n<div class=\"van_vid_carousel\">\n<div class=\"van_vid_carousel__padding\">\n<div class=\"van_vid_carousel__container\"><\/div>\n<\/div>\n<\/div>\n<p>\u201eDiese Pflanzen gedeihen im Fr\u00fchling, k\u00f6nnen aber unter dem Frost leiden. Wenn Sie sich also die Zeit nehmen, sie zu sch\u00fctzen, stellen Sie sicher, dass sie nach dem Winter kr\u00e4ftig und voller Leben hervorgehen.\u201c<\/p>\n<div id=\"ad-unit-2\" class=\"ad-unit\"><\/div>\n<p>Hier sind sechs fachm\u00e4nnische Schritte zum \u00dcberwintern von Azaleen, damit sie im n\u00e4chsten Jahr gr\u00f6\u00dfer und kr\u00e4ftiger nachwachsen.<\/p>\n<h2 class=\"article-body__section\" id=\"section-1-cease-fertilizing-by-late-summer\"><span>1. Stellen Sie die D\u00fcngung bis zum Sp\u00e4tsommer ein<\/span><\/h2>\n<figure class=\"van-image-figure inline-layout \" data-bordeaux-image-check>\n<div class=\"image-full-width-wrapper\">\n<div class=\"image-widthsetter\" style=\"max-width:2400px;\"><\/div>\n<\/div>\n<\/figure>\n<p>Nicht alle Azaleen brauchen die gleiche Pflege. Laubabwerfende Sorten sind oft robust genug, um Temperaturen unter dem Gefrierpunkt zu \u00fcberstehen, w\u00e4hrend immergr\u00fcne Azaleen tendenziell empfindlicher sind und von einem zus\u00e4tzlichen Schutz profitieren. Allerdings m\u00fcssen auch die winterharten Sorten im Winter eine andere Pflege ben\u00f6tigen, dazu geh\u00f6rt auch die D\u00fcngung der Azaleen.<\/p>\n<p>\u201eEine vorausschauende Planung f\u00fcr den Winter ist f\u00fcr diejenigen, die in k\u00e4lteren Klimazonen leben, von Vorteil\u201c, sagt die in Portland ans\u00e4ssige G\u00e4rtnermeisterin Janet Loughrey. \u201eStellen Sie die D\u00fcngung der Azaleen bis zum Sp\u00e4tsommer ein, da zartes neues Wachstum gegen Ende der Saison durch eisige Temperaturen besch\u00e4digt werden kann.\u201c<\/p>\n<p>\u201eDie meisten Azaleensorten sind in den USDA-Zonen 6\u20139 winterhart, einige sind jedoch in den USDA-Zonen 3\u20135 winterhart. Der einfachste Weg, sicherzustellen, dass Ihre Azaleen den Winter \u00fcberstehen, besteht darin, Sorten zu pflanzen, die in Ihrer Region zuverl\u00e4ssig winterhart sind. Zu den widerstandsf\u00e4higsten Azaleen z\u00e4hlen die Hybriden \u201eNorthern Lights\u201c und \u201eExbury\u201c, sagt Janet.<\/p>\n<p>Die wundersch\u00f6ne Karen-Azalea von Nature Hills ist ebenfalls eine k\u00e4ltetolerante Sorte, die f\u00fcr die Wachstumszonen 4\u20139 geeignet ist und im zeitigen Fr\u00fchjahr bl\u00fcht.<\/p>\n<h2 class=\"article-body__section\" id=\"section-2-remove-flower-buds-but-don-t-prune\"><span>2. Bl\u00fctenknospen entfernen, aber nicht beschneiden<\/span><\/h2>\n<figure class=\"van-image-figure inline-layout \" data-bordeaux-image-check>\n<div class=\"image-full-width-wrapper\">\n<div class=\"image-widthsetter\" style=\"max-width:2400px;\"><\/div>\n<\/div>\n<\/figure>\n<p>Wenn der Herbst in Ihrer Region warm war, ist es m\u00f6glich, dass Ihre Azaleen frische Bl\u00fctenknospen gebildet haben. So schmerzhaft es auch ist, Janet Loughrey schl\u00e4gt vor, sie zu entfernen. Allerdings sollte der Schnitt dieser fr\u00fchlingsbl\u00fchenden Str\u00e4ucher bereits vor einigen Wochen abgeschlossen sein.<\/p>\n<p>\u201eVermeiden Sie das Beschneiden im Herbst, da es die Pflanzen belasten kann, aber entfernen Sie Bl\u00fctenknospen, die im folgenden Jahr bl\u00fchen werden\u201c, sagt Janet. \u201eWenn man sie liegen l\u00e4sst, besteht die Gefahr, dass sie durch die K\u00e4lte besch\u00e4digt werden.\u201c<\/p>\n<p>\u201eWenn ein R\u00fcckschnitt notwendig war, h\u00e4tte dieser im Fr\u00fchherbst \u2013 sp\u00e4testens Ende Oktober \u2013 abgeschlossen sein m\u00fcssen\u201c, f\u00fcgt Maureen Wright hinzu. \u201eSo hat die Pflanze Zeit, sich vor dem Winter niederzulassen.\u201c<\/p>\n<p>\u201eWenn Sie Ihre Pflanze dieses Jahr nicht beschnitten haben, lassen Sie sie jetzt stehen.\u201c Wenn Sie die Pflanze im n\u00e4chsten Jahr jedoch beschneiden, verwenden Sie eine scharfe, saubere Schere und schneiden Sie nicht mehr als ein Drittel der Pflanze ab. Konzentrieren Sie sich dabei auf schwache oder abgestorbene Zweige. Schneiden Sie etwa 15 bis 30 cm von den Spitzen entfernt zur\u00fcck, aber achten Sie darauf, nicht zu stark zu beschneiden, da dies zu neuem Wachstum f\u00fchren k\u00f6nnte, das anf\u00e4llig f\u00fcr Frost ist.<\/p>\n<h2 class=\"article-body__section\" id=\"section-3-adjust-your-watering-schedule\"><span>3. Passen Sie Ihren Bew\u00e4sserungsplan an<\/span><\/h2>\n<figure class=\"van-image-figure inline-layout \" data-bordeaux-image-check>\n<div class=\"image-full-width-wrapper\">\n<div class=\"image-widthsetter\" style=\"max-width:2400px;\"><\/div>\n<\/div>\n<\/figure>\n<p>Das Wetter bestimmt nat\u00fcrlich, wann Sie Ihre Pflanzen gie\u00dfen m\u00fcssen, insbesondere wenn es viel geregnet hat. Aber auch in trockeneren Zonen k\u00f6nnen Sie Ihren Bew\u00e4sserungsplan f\u00fcr die Azalee anpassen.<\/p>\n<p>\u201eReduzieren Sie die Bew\u00e4sserung im Herbst um ein Drittel\u201c, sagt Janet. \u201eBew\u00e4ssern Sie die Pflanzen nach dem ersten Frost gr\u00fcndlich, bevor der Boden gefriert.\u201c<\/p>\n<h2 class=\"article-body__section\" id=\"section-4-mulch-your-azaleas\"><span>4. Mulchen Sie Ihre Azaleen<\/span><\/h2>\n<figure class=\"van-image-figure inline-layout \" data-bordeaux-image-check>\n<div class=\"image-full-width-wrapper\">\n<div class=\"image-widthsetter\" style=\"max-width:2400px;\"><\/div>\n<\/div>\n<\/figure>\n<p>Das Mulchen Ihrer Azaleen und anderer Pflanzen in Ihren Blumenbeeten sch\u00fctzt sie vor Frost, Schnee und Minustemperaturen und hilft ihnen, bis zum n\u00e4chsten Fr\u00fchling zu \u00fcberleben.<\/p>\n<p>\u201eF\u00fcgen Sie etwa 7 bis 15 cm organischen Mulch rund um die Basis Ihrer Pflanze hinzu, um den Wurzelbereich zu isolieren\u201c, sagt Janet. \u201eDazu k\u00f6nnen Holzsp\u00e4ne, Kompost, gehackte Bl\u00e4tter, Stroh oder Kiefernnadeln geh\u00f6ren.\u201c Halten Sie jedoch Mulch vom Stamm fern, um Sch\u00e4dlinge und Krankheiten abzuwehren.<\/p>\n<p>\u201eWenn man Mulch auf den Stamm legt, kann sich Feuchtigkeit ansammeln, was zu F\u00e4ulnis, Sch\u00e4dlingen und Krankheiten f\u00fchrt, die der Gesundheit der Pflanze schaden k\u00f6nnen\u201c, erkl\u00e4rt Maureen.<\/p>\n<p>\u201eIdealerweise tragen Sie den Mulch vor dem ersten starken Frost auf, idealerweise Ende Oktober oder Anfang November.\u201c Dieser Mulch fungiert als Barriere und sch\u00fctzt das flache Wurzelsystem vor extremer K\u00e4lte und dem sch\u00e4dlichen Frost-Tau-Wechsel.\u201c<\/p>\n<p>Wenn Sie noch keine Gelegenheit hatten, Ihren eigenen Laubmulch oder Kompost herzustellen, versuchen Sie es mit diesen sauberen Kiefernnadeln aus Stroh von Fast-Growing Trees.<\/p>\n<h2 class=\"article-body__section\" id=\"section-5-cover-or-enclose-plants-if-necessary\"><span>5. Decken Sie die Pflanzen bei Bedarf ab oder umschlie\u00dfen Sie sie<\/span><\/h2>\n<p>Laubabwerfende Azaleen, die f\u00fcr Ihre Winterh\u00e4rtezone geeignet sind, sollten ausreichend gesch\u00fctzt werden, indem die Knospen entfernt und die Wurzeln ausreichend mit Mulch bedeckt werden. Allerdings ben\u00f6tigen empfindliche immergr\u00fcne Arten in den Zonen 6 und darunter m\u00f6glicherweise zus\u00e4tzlichen Schutz.<\/p>\n<p>\u201eF\u00fcr zus\u00e4tzlichen K\u00e4lteschutz k\u00f6nnen Pflanzen mit por\u00f6sem Material wie Sackleinen abgedeckt werden\u201c, sagt Janet. \u201eStecken Sie Pf\u00e4hle um die Pflanzen herum, um einen Rahmen zu bilden, und befestigen Sie die Abdeckung am Boden, damit sie nicht wegfliegt.\u201c Stellen Sie sicher, dass die Abdeckung die Pflanzen nicht ber\u00fchrt.<\/p>\n<p>\u201eWenn Sie in einem Gebiet leben, in dem es h\u00e4ufig Hirsche oder andere Wildtiere gibt, k\u00f6nnen die Pflanzen mit Z\u00e4unen oder Maschendraht umz\u00e4unt werden, um auch sie vor der Beweidung zu sch\u00fctzen.\u201c<\/p>\n<h2 class=\"article-body__section\" id=\"section-6-winterizing-azaleas-in-containers\"><span>6. Azaleen in K\u00fcbeln winterfest machen<\/span><\/h2>\n<figure class=\"van-image-figure inline-layout \" data-bordeaux-image-check>\n<div class=\"image-full-width-wrapper\">\n<div class=\"image-widthsetter\" style=\"max-width:2400px;\"><\/div>\n<\/div>\n<\/figure>\n<p>Auch Azaleen in einem Containergarten ben\u00f6tigen einen Winterschutz. Die einfachste L\u00f6sung besteht darin, sie von exponierten Stellen in Ihrem Garten zu entfernen.<\/p>\n<p>\u201eBei Azaleen im Topf kann der Winter noch h\u00e4rter sein\u201c, sagt Maureen. \u201eDie freiliegenden Wurzeln sind anf\u00e4lliger f\u00fcr Frost. Wickeln Sie den Topf daher in Isoliermaterial wie Sackleinen ein.<\/p>\n<p>\u201eStellen Sie eingetopfte Azaleen au\u00dferdem an einen gesch\u00fctzten Ort, an eine Wand oder in eine Garage, wo sie vor scharfen Winden gesch\u00fctzt sind.\u201c Halten Sie die Erde leicht feucht und achten Sie darauf, dass sie nicht vollst\u00e4ndig austrocknet, aber gie\u00dfen Sie sie w\u00e4hrend der Ruhezeit nicht zu stark.<\/p>\n<p>\u201eAzaleen k\u00f6nnen im Allgemeinen in K\u00fcbeln im Freien \u00fcberleben, wenn sie zwei Zonen k\u00e4lter sind als Ihr Wohnort\u201c, sagt Janet. \u201eWenn Sie beispielsweise in der USDA-Zone 6 leben, sollten Pflanzen gegen\u00fcber Zone 4 winterhart sein.\u201c<\/p>\n<p>\u201eUm eingetopfte Azaleen zu sch\u00fctzen, stellen Sie sie an eine gesch\u00fctzte Seite eines Geb\u00e4udes und decken Sie sie mit Sackleinen oder einem Frosttuch ab. Pflanzen k\u00f6nnen auch in eine unbeheizte Garage oder einen Schuppen gebracht werden.<\/p>\n<hr>\n<p>Gro\u00dfe Azaleen im Topf k\u00f6nnen auf einen Pflanzenbeh\u00e4lter wie diesen von Walmart gehoben werden, um sie zu transportieren.<\/p>\n<p>Mit der richtigen Vorbereitung und dem richtigen Schutz \u00fcberstehen Ihre Azaleen den Winter und sind bereit, im Rahmen Ihrer fr\u00fchlingshaften Gartenideen ein farbenfrohes Schauspiel zu bieten.<\/p>\n<\/div>\n","protected":false},"excerpt":{"rendered":"<p>Mit ihren kr\u00e4ftigen Farben und der gro\u00dfen Auswahl an Sorten sorgen Azaleen f\u00fcr lebendige Sch\u00f6nheit im Garten. Wann und wie man Azaleen winterfest macht, h\u00e4ngt<\/p>\n","protected":false},"author":1,"featured_media":2399,"comment_status":"closed","ping_status":"","sticky":false,"template":"","format":"standard","meta":{"footnotes":""},"categories":[118],"tags":[1007,180,32,1931,4067,225,146,246,1074,165,838,37,67],"class_list":["post-2398","post","type-post","status-publish","format-standard","has-post-thumbnail","hentry","category-haus-garten","tag-azaleen","tag-bis","tag-diesem","tag-expertenrat","tag-fruehjahr","tag-ihre","tag-mit","tag-pflanzen","tag-schuetzen","tag-sie","tag-ueberwintern","tag-und","tag-zum","generate-columns","tablet-grid-50","mobile-grid-100","grid-parent","grid-50"],"yoast_head":"<!-- This site is optimized with the Yoast SEO plugin v27.3 - https:\/\/yoast.com\/product\/yoast-seo-wordpress\/ -->\n<title>So \u00fcberwintern Sie Azaleen \u2013 und sch\u00fctzen Ihre Pflanzen mit diesem Expertenrat bis zum Fr\u00fchjahr - Nachrichten - Stra\u00dfenweb<\/title>\n<meta name=\"robots\" content=\"index, follow, max-snippet:-1, max-image-preview:large, max-video-preview:-1\" \/>\n<link rel=\"canonical\" href=\"https:\/\/www.strassenweb.de\/nachrichten\/so-ueberwintern-sie-azaleen-und-schuetzen-ihre-pflanzen-mit-diesem-expertenrat-bis-zum-fruehjahr\/\" \/>\n<meta property=\"og:locale\" content=\"de_DE\" \/>\n<meta property=\"og:type\" content=\"article\" \/>\n<meta property=\"og:title\" content=\"So \u00fcberwintern Sie Azaleen \u2013 und sch\u00fctzen Ihre Pflanzen mit diesem Expertenrat bis zum Fr\u00fchjahr - Nachrichten - Stra\u00dfenweb\" \/>\n<meta property=\"og:description\" content=\"Mit ihren kr\u00e4ftigen Farben und der gro\u00dfen Auswahl an Sorten sorgen Azaleen f\u00fcr lebendige Sch\u00f6nheit im Garten. Wann und wie man Azaleen winterfest macht, h\u00e4ngt\" \/>\n<meta property=\"og:url\" content=\"https:\/\/www.strassenweb.de\/nachrichten\/so-ueberwintern-sie-azaleen-und-schuetzen-ihre-pflanzen-mit-diesem-expertenrat-bis-zum-fruehjahr\/\" \/>\n<meta property=\"og:site_name\" content=\"Stra\u00dfenweb\" \/>\n<meta property=\"article:publisher\" content=\"https:\/\/www.facebook.com\/strassenweb\/\" \/>\n<meta property=\"article:published_time\" content=\"2024-12-29T02:44:57+00:00\" \/>\n<meta property=\"article:modified_time\" content=\"2024-12-29T02:44:58+00:00\" \/>\n<meta property=\"og:image\" content=\"https:\/\/www.strassenweb.de\/nachrichten\/wp-content\/uploads\/2024\/12\/So-ueberwintern-Sie-Azaleen-\u2013-und-schuetzen-Ihre-Pflanzen-mit.jpg\" \/>\n\t<meta property=\"og:image:width\" content=\"1200\" \/>\n\t<meta property=\"og:image:height\" content=\"675\" \/>\n\t<meta property=\"og:image:type\" content=\"image\/jpeg\" \/>\n<meta name=\"author\" content=\"Robert Hoffmann\" \/>\n<meta name=\"twitter:card\" content=\"summary_large_image\" \/>\n<meta name=\"twitter:label1\" content=\"Verfasst von\" \/>\n\t<meta name=\"twitter:data1\" content=\"Robert Hoffmann\" \/>\n\t<meta name=\"twitter:label2\" content=\"Gesch\u00e4tzte Lesezeit\" \/>\n\t<meta name=\"twitter:data2\" content=\"6\u00a0Minuten\" \/>\n<script type=\"application\/ld+json\" class=\"yoast-schema-graph\">{\"@context\":\"https:\\\/\\\/schema.org\",\"@graph\":[{\"@type\":\"Article\",\"@id\":\"https:\\\/\\\/www.strassenweb.de\\\/nachrichten\\\/so-ueberwintern-sie-azaleen-und-schuetzen-ihre-pflanzen-mit-diesem-expertenrat-bis-zum-fruehjahr\\\/#article\",\"isPartOf\":{\"@id\":\"https:\\\/\\\/www.strassenweb.de\\\/nachrichten\\\/so-ueberwintern-sie-azaleen-und-schuetzen-ihre-pflanzen-mit-diesem-expertenrat-bis-zum-fruehjahr\\\/\"},\"author\":{\"name\":\"Robert Hoffmann\",\"@id\":\"https:\\\/\\\/www.strassenweb.de\\\/nachrichten\\\/#\\\/schema\\\/person\\\/87c9c9067f1211da429a744dc5a5aa41\"},\"headline\":\"So \u00fcberwintern Sie Azaleen \u2013 und sch\u00fctzen Ihre Pflanzen mit diesem Expertenrat bis zum Fr\u00fchjahr\",\"datePublished\":\"2024-12-29T02:44:57+00:00\",\"dateModified\":\"2024-12-29T02:44:58+00:00\",\"mainEntityOfPage\":{\"@id\":\"https:\\\/\\\/www.strassenweb.de\\\/nachrichten\\\/so-ueberwintern-sie-azaleen-und-schuetzen-ihre-pflanzen-mit-diesem-expertenrat-bis-zum-fruehjahr\\\/\"},\"wordCount\":1315,\"publisher\":{\"@id\":\"https:\\\/\\\/www.strassenweb.de\\\/nachrichten\\\/#organization\"},\"image\":{\"@id\":\"https:\\\/\\\/www.strassenweb.de\\\/nachrichten\\\/so-ueberwintern-sie-azaleen-und-schuetzen-ihre-pflanzen-mit-diesem-expertenrat-bis-zum-fruehjahr\\\/#primaryimage\"},\"thumbnailUrl\":\"https:\\\/\\\/www.strassenweb.de\\\/nachrichten\\\/wp-content\\\/uploads\\\/2024\\\/12\\\/So-ueberwintern-Sie-Azaleen-\u2013-und-schuetzen-Ihre-Pflanzen-mit.jpg\",\"keywords\":[\"Azaleen\",\"bis\",\"diesem\",\"Expertenrat\",\"Fr\u00fchjahr\",\"ihre\",\"mit\",\"Pflanzen\",\"sch\u00fctzen\",\"Sie\",\"\u00fcberwintern\",\"und\",\"zum\"],\"articleSection\":[\"Haus &amp; Garten\"],\"inLanguage\":\"de\"},{\"@type\":\"WebPage\",\"@id\":\"https:\\\/\\\/www.strassenweb.de\\\/nachrichten\\\/so-ueberwintern-sie-azaleen-und-schuetzen-ihre-pflanzen-mit-diesem-expertenrat-bis-zum-fruehjahr\\\/\",\"url\":\"https:\\\/\\\/www.strassenweb.de\\\/nachrichten\\\/so-ueberwintern-sie-azaleen-und-schuetzen-ihre-pflanzen-mit-diesem-expertenrat-bis-zum-fruehjahr\\\/\",\"name\":\"So \u00fcberwintern Sie Azaleen \u2013 und sch\u00fctzen Ihre Pflanzen mit diesem Expertenrat bis zum Fr\u00fchjahr - Nachrichten - Stra\u00dfenweb\",\"isPartOf\":{\"@id\":\"https:\\\/\\\/www.strassenweb.de\\\/nachrichten\\\/#website\"},\"primaryImageOfPage\":{\"@id\":\"https:\\\/\\\/www.strassenweb.de\\\/nachrichten\\\/so-ueberwintern-sie-azaleen-und-schuetzen-ihre-pflanzen-mit-diesem-expertenrat-bis-zum-fruehjahr\\\/#primaryimage\"},\"image\":{\"@id\":\"https:\\\/\\\/www.strassenweb.de\\\/nachrichten\\\/so-ueberwintern-sie-azaleen-und-schuetzen-ihre-pflanzen-mit-diesem-expertenrat-bis-zum-fruehjahr\\\/#primaryimage\"},\"thumbnailUrl\":\"https:\\\/\\\/www.strassenweb.de\\\/nachrichten\\\/wp-content\\\/uploads\\\/2024\\\/12\\\/So-ueberwintern-Sie-Azaleen-\u2013-und-schuetzen-Ihre-Pflanzen-mit.jpg\",\"datePublished\":\"2024-12-29T02:44:57+00:00\",\"dateModified\":\"2024-12-29T02:44:58+00:00\",\"breadcrumb\":{\"@id\":\"https:\\\/\\\/www.strassenweb.de\\\/nachrichten\\\/so-ueberwintern-sie-azaleen-und-schuetzen-ihre-pflanzen-mit-diesem-expertenrat-bis-zum-fruehjahr\\\/#breadcrumb\"},\"inLanguage\":\"de\",\"potentialAction\":[{\"@type\":\"ReadAction\",\"target\":[\"https:\\\/\\\/www.strassenweb.de\\\/nachrichten\\\/so-ueberwintern-sie-azaleen-und-schuetzen-ihre-pflanzen-mit-diesem-expertenrat-bis-zum-fruehjahr\\\/\"]}]},{\"@type\":\"ImageObject\",\"inLanguage\":\"de\",\"@id\":\"https:\\\/\\\/www.strassenweb.de\\\/nachrichten\\\/so-ueberwintern-sie-azaleen-und-schuetzen-ihre-pflanzen-mit-diesem-expertenrat-bis-zum-fruehjahr\\\/#primaryimage\",\"url\":\"https:\\\/\\\/www.strassenweb.de\\\/nachrichten\\\/wp-content\\\/uploads\\\/2024\\\/12\\\/So-ueberwintern-Sie-Azaleen-\u2013-und-schuetzen-Ihre-Pflanzen-mit.jpg\",\"contentUrl\":\"https:\\\/\\\/www.strassenweb.de\\\/nachrichten\\\/wp-content\\\/uploads\\\/2024\\\/12\\\/So-ueberwintern-Sie-Azaleen-\u2013-und-schuetzen-Ihre-Pflanzen-mit.jpg\",\"width\":1200,\"height\":675,\"caption\":\"So \u00fcberwintern Sie Azaleen \u2013 und sch\u00fctzen Ihre Pflanzen mit diesem Expertenrat bis zum Fr\u00fchjahr\"},{\"@type\":\"BreadcrumbList\",\"@id\":\"https:\\\/\\\/www.strassenweb.de\\\/nachrichten\\\/so-ueberwintern-sie-azaleen-und-schuetzen-ihre-pflanzen-mit-diesem-expertenrat-bis-zum-fruehjahr\\\/#breadcrumb\",\"itemListElement\":[{\"@type\":\"ListItem\",\"position\":1,\"name\":\"Home\",\"item\":\"https:\\\/\\\/www.strassenweb.de\\\/nachrichten\\\/\"},{\"@type\":\"ListItem\",\"position\":2,\"name\":\"So \u00fcberwintern Sie Azaleen \u2013 und sch\u00fctzen Ihre Pflanzen mit diesem Expertenrat bis zum Fr\u00fchjahr\"}]},{\"@type\":\"WebSite\",\"@id\":\"https:\\\/\\\/www.strassenweb.de\\\/nachrichten\\\/#website\",\"url\":\"https:\\\/\\\/www.strassenweb.de\\\/nachrichten\\\/\",\"name\":\"Stra\u00dfenweb\",\"description\":\"Stra\u00dfenverzeichnis f\u00fcr Deutschland\",\"publisher\":{\"@id\":\"https:\\\/\\\/www.strassenweb.de\\\/nachrichten\\\/#organization\"},\"potentialAction\":[{\"@type\":\"SearchAction\",\"target\":{\"@type\":\"EntryPoint\",\"urlTemplate\":\"https:\\\/\\\/www.strassenweb.de\\\/nachrichten\\\/?s={search_term_string}\"},\"query-input\":{\"@type\":\"PropertyValueSpecification\",\"valueRequired\":true,\"valueName\":\"search_term_string\"}}],\"inLanguage\":\"de\"},{\"@type\":\"Organization\",\"@id\":\"https:\\\/\\\/www.strassenweb.de\\\/nachrichten\\\/#organization\",\"name\":\"Stra\u00dfenweb\",\"url\":\"https:\\\/\\\/www.strassenweb.de\\\/nachrichten\\\/\",\"logo\":{\"@type\":\"ImageObject\",\"inLanguage\":\"de\",\"@id\":\"https:\\\/\\\/www.strassenweb.de\\\/nachrichten\\\/#\\\/schema\\\/logo\\\/image\\\/\",\"url\":\"https:\\\/\\\/www.strassenweb.de\\\/nachrichten\\\/wp-content\\\/uploads\\\/2024\\\/09\\\/cropped-favicon.png\",\"contentUrl\":\"https:\\\/\\\/www.strassenweb.de\\\/nachrichten\\\/wp-content\\\/uploads\\\/2024\\\/09\\\/cropped-favicon.png\",\"width\":512,\"height\":512,\"caption\":\"Stra\u00dfenweb\"},\"image\":{\"@id\":\"https:\\\/\\\/www.strassenweb.de\\\/nachrichten\\\/#\\\/schema\\\/logo\\\/image\\\/\"},\"sameAs\":[\"https:\\\/\\\/www.facebook.com\\\/strassenweb\\\/\"]},{\"@type\":\"Person\",\"@id\":\"https:\\\/\\\/www.strassenweb.de\\\/nachrichten\\\/#\\\/schema\\\/person\\\/87c9c9067f1211da429a744dc5a5aa41\",\"name\":\"Robert Hoffmann\",\"image\":{\"@type\":\"ImageObject\",\"inLanguage\":\"de\",\"@id\":\"https:\\\/\\\/www.strassenweb.de\\\/nachrichten\\\/wp-content\\\/uploads\\\/2024\\\/09\\\/strassenweb-150x150.jpg\",\"url\":\"https:\\\/\\\/www.strassenweb.de\\\/nachrichten\\\/wp-content\\\/uploads\\\/2024\\\/09\\\/strassenweb-150x150.jpg\",\"contentUrl\":\"https:\\\/\\\/www.strassenweb.de\\\/nachrichten\\\/wp-content\\\/uploads\\\/2024\\\/09\\\/strassenweb-150x150.jpg\",\"caption\":\"Robert Hoffmann\"},\"description\":\"Ich hei\u00dfe Robert Hoffmann und ich bin ein leidenschaftlicher Verfechter von \u00d6kologie und Biodiversit\u00e4t. Seit meiner Kindheit in den W\u00e4ldern Bayerns f\u00fchle ich mich mit der Natur verbunden und bin entschlossen, sie zu sch\u00fctzen. Heute widme ich mein Leben der Sensibilisierung anderer f\u00fcr die Bedeutung des Umweltschutzes f\u00fcr zuk\u00fcnftige Generationen.\",\"sameAs\":[\"https:\\\/\\\/www.strassenweb.de\\\/\"]}]}<\/script>\n<!-- \/ Yoast SEO plugin. -->","yoast_head_json":{"title":"So \u00fcberwintern Sie Azaleen \u2013 und sch\u00fctzen Ihre Pflanzen mit diesem Expertenrat bis zum Fr\u00fchjahr - Nachrichten - Stra\u00dfenweb","robots":{"index":"index","follow":"follow","max-snippet":"max-snippet:-1","max-image-preview":"max-image-preview:large","max-video-preview":"max-video-preview:-1"},"canonical":"https:\/\/www.strassenweb.de\/nachrichten\/so-ueberwintern-sie-azaleen-und-schuetzen-ihre-pflanzen-mit-diesem-expertenrat-bis-zum-fruehjahr\/","og_locale":"de_DE","og_type":"article","og_title":"So \u00fcberwintern Sie Azaleen \u2013 und sch\u00fctzen Ihre Pflanzen mit diesem Expertenrat bis zum Fr\u00fchjahr - Nachrichten - Stra\u00dfenweb","og_description":"Mit ihren kr\u00e4ftigen Farben und der gro\u00dfen Auswahl an Sorten sorgen Azaleen f\u00fcr lebendige Sch\u00f6nheit im Garten. Wann und wie man Azaleen winterfest macht, h\u00e4ngt","og_url":"https:\/\/www.strassenweb.de\/nachrichten\/so-ueberwintern-sie-azaleen-und-schuetzen-ihre-pflanzen-mit-diesem-expertenrat-bis-zum-fruehjahr\/","og_site_name":"Stra\u00dfenweb","article_publisher":"https:\/\/www.facebook.com\/strassenweb\/","article_published_time":"2024-12-29T02:44:57+00:00","article_modified_time":"2024-12-29T02:44:58+00:00","og_image":[{"width":1200,"height":675,"url":"https:\/\/www.strassenweb.de\/nachrichten\/wp-content\/uploads\/2024\/12\/So-ueberwintern-Sie-Azaleen-\u2013-und-schuetzen-Ihre-Pflanzen-mit.jpg","type":"image\/jpeg"}],"author":"Robert Hoffmann","twitter_card":"summary_large_image","twitter_misc":{"Verfasst von":"Robert Hoffmann","Gesch\u00e4tzte Lesezeit":"6\u00a0Minuten"},"schema":{"@context":"https:\/\/schema.org","@graph":[{"@type":"Article","@id":"https:\/\/www.strassenweb.de\/nachrichten\/so-ueberwintern-sie-azaleen-und-schuetzen-ihre-pflanzen-mit-diesem-expertenrat-bis-zum-fruehjahr\/#article","isPartOf":{"@id":"https:\/\/www.strassenweb.de\/nachrichten\/so-ueberwintern-sie-azaleen-und-schuetzen-ihre-pflanzen-mit-diesem-expertenrat-bis-zum-fruehjahr\/"},"author":{"name":"Robert Hoffmann","@id":"https:\/\/www.strassenweb.de\/nachrichten\/#\/schema\/person\/87c9c9067f1211da429a744dc5a5aa41"},"headline":"So \u00fcberwintern Sie Azaleen \u2013 und sch\u00fctzen Ihre Pflanzen mit diesem Expertenrat bis zum Fr\u00fchjahr","datePublished":"2024-12-29T02:44:57+00:00","dateModified":"2024-12-29T02:44:58+00:00","mainEntityOfPage":{"@id":"https:\/\/www.strassenweb.de\/nachrichten\/so-ueberwintern-sie-azaleen-und-schuetzen-ihre-pflanzen-mit-diesem-expertenrat-bis-zum-fruehjahr\/"},"wordCount":1315,"publisher":{"@id":"https:\/\/www.strassenweb.de\/nachrichten\/#organization"},"image":{"@id":"https:\/\/www.strassenweb.de\/nachrichten\/so-ueberwintern-sie-azaleen-und-schuetzen-ihre-pflanzen-mit-diesem-expertenrat-bis-zum-fruehjahr\/#primaryimage"},"thumbnailUrl":"https:\/\/www.strassenweb.de\/nachrichten\/wp-content\/uploads\/2024\/12\/So-ueberwintern-Sie-Azaleen-\u2013-und-schuetzen-Ihre-Pflanzen-mit.jpg","keywords":["Azaleen","bis","diesem","Expertenrat","Fr\u00fchjahr","ihre","mit","Pflanzen","sch\u00fctzen","Sie","\u00fcberwintern","und","zum"],"articleSection":["Haus &amp; Garten"],"inLanguage":"de"},{"@type":"WebPage","@id":"https:\/\/www.strassenweb.de\/nachrichten\/so-ueberwintern-sie-azaleen-und-schuetzen-ihre-pflanzen-mit-diesem-expertenrat-bis-zum-fruehjahr\/","url":"https:\/\/www.strassenweb.de\/nachrichten\/so-ueberwintern-sie-azaleen-und-schuetzen-ihre-pflanzen-mit-diesem-expertenrat-bis-zum-fruehjahr\/","name":"So \u00fcberwintern Sie Azaleen \u2013 und sch\u00fctzen Ihre Pflanzen mit diesem Expertenrat bis zum Fr\u00fchjahr - Nachrichten - Stra\u00dfenweb","isPartOf":{"@id":"https:\/\/www.strassenweb.de\/nachrichten\/#website"},"primaryImageOfPage":{"@id":"https:\/\/www.strassenweb.de\/nachrichten\/so-ueberwintern-sie-azaleen-und-schuetzen-ihre-pflanzen-mit-diesem-expertenrat-bis-zum-fruehjahr\/#primaryimage"},"image":{"@id":"https:\/\/www.strassenweb.de\/nachrichten\/so-ueberwintern-sie-azaleen-und-schuetzen-ihre-pflanzen-mit-diesem-expertenrat-bis-zum-fruehjahr\/#primaryimage"},"thumbnailUrl":"https:\/\/www.strassenweb.de\/nachrichten\/wp-content\/uploads\/2024\/12\/So-ueberwintern-Sie-Azaleen-\u2013-und-schuetzen-Ihre-Pflanzen-mit.jpg","datePublished":"2024-12-29T02:44:57+00:00","dateModified":"2024-12-29T02:44:58+00:00","breadcrumb":{"@id":"https:\/\/www.strassenweb.de\/nachrichten\/so-ueberwintern-sie-azaleen-und-schuetzen-ihre-pflanzen-mit-diesem-expertenrat-bis-zum-fruehjahr\/#breadcrumb"},"inLanguage":"de","potentialAction":[{"@type":"ReadAction","target":["https:\/\/www.strassenweb.de\/nachrichten\/so-ueberwintern-sie-azaleen-und-schuetzen-ihre-pflanzen-mit-diesem-expertenrat-bis-zum-fruehjahr\/"]}]},{"@type":"ImageObject","inLanguage":"de","@id":"https:\/\/www.strassenweb.de\/nachrichten\/so-ueberwintern-sie-azaleen-und-schuetzen-ihre-pflanzen-mit-diesem-expertenrat-bis-zum-fruehjahr\/#primaryimage","url":"https:\/\/www.strassenweb.de\/nachrichten\/wp-content\/uploads\/2024\/12\/So-ueberwintern-Sie-Azaleen-\u2013-und-schuetzen-Ihre-Pflanzen-mit.jpg","contentUrl":"https:\/\/www.strassenweb.de\/nachrichten\/wp-content\/uploads\/2024\/12\/So-ueberwintern-Sie-Azaleen-\u2013-und-schuetzen-Ihre-Pflanzen-mit.jpg","width":1200,"height":675,"caption":"So \u00fcberwintern Sie Azaleen \u2013 und sch\u00fctzen Ihre Pflanzen mit diesem Expertenrat bis zum Fr\u00fchjahr"},{"@type":"BreadcrumbList","@id":"https:\/\/www.strassenweb.de\/nachrichten\/so-ueberwintern-sie-azaleen-und-schuetzen-ihre-pflanzen-mit-diesem-expertenrat-bis-zum-fruehjahr\/#breadcrumb","itemListElement":[{"@type":"ListItem","position":1,"name":"Home","item":"https:\/\/www.strassenweb.de\/nachrichten\/"},{"@type":"ListItem","position":2,"name":"So \u00fcberwintern Sie Azaleen \u2013 und sch\u00fctzen Ihre Pflanzen mit diesem Expertenrat bis zum Fr\u00fchjahr"}]},{"@type":"WebSite","@id":"https:\/\/www.strassenweb.de\/nachrichten\/#website","url":"https:\/\/www.strassenweb.de\/nachrichten\/","name":"Stra\u00dfenweb","description":"Stra\u00dfenverzeichnis f\u00fcr Deutschland","publisher":{"@id":"https:\/\/www.strassenweb.de\/nachrichten\/#organization"},"potentialAction":[{"@type":"SearchAction","target":{"@type":"EntryPoint","urlTemplate":"https:\/\/www.strassenweb.de\/nachrichten\/?s={search_term_string}"},"query-input":{"@type":"PropertyValueSpecification","valueRequired":true,"valueName":"search_term_string"}}],"inLanguage":"de"},{"@type":"Organization","@id":"https:\/\/www.strassenweb.de\/nachrichten\/#organization","name":"Stra\u00dfenweb","url":"https:\/\/www.strassenweb.de\/nachrichten\/","logo":{"@type":"ImageObject","inLanguage":"de","@id":"https:\/\/www.strassenweb.de\/nachrichten\/#\/schema\/logo\/image\/","url":"https:\/\/www.strassenweb.de\/nachrichten\/wp-content\/uploads\/2024\/09\/cropped-favicon.png","contentUrl":"https:\/\/www.strassenweb.de\/nachrichten\/wp-content\/uploads\/2024\/09\/cropped-favicon.png","width":512,"height":512,"caption":"Stra\u00dfenweb"},"image":{"@id":"https:\/\/www.strassenweb.de\/nachrichten\/#\/schema\/logo\/image\/"},"sameAs":["https:\/\/www.facebook.com\/strassenweb\/"]},{"@type":"Person","@id":"https:\/\/www.strassenweb.de\/nachrichten\/#\/schema\/person\/87c9c9067f1211da429a744dc5a5aa41","name":"Robert Hoffmann","image":{"@type":"ImageObject","inLanguage":"de","@id":"https:\/\/www.strassenweb.de\/nachrichten\/wp-content\/uploads\/2024\/09\/strassenweb-150x150.jpg","url":"https:\/\/www.strassenweb.de\/nachrichten\/wp-content\/uploads\/2024\/09\/strassenweb-150x150.jpg","contentUrl":"https:\/\/www.strassenweb.de\/nachrichten\/wp-content\/uploads\/2024\/09\/strassenweb-150x150.jpg","caption":"Robert Hoffmann"},"description":"Ich hei\u00dfe Robert Hoffmann und ich bin ein leidenschaftlicher Verfechter von \u00d6kologie und Biodiversit\u00e4t. Seit meiner Kindheit in den W\u00e4ldern Bayerns f\u00fchle ich mich mit der Natur verbunden und bin entschlossen, sie zu sch\u00fctzen. Heute widme ich mein Leben der Sensibilisierung anderer f\u00fcr die Bedeutung des Umweltschutzes f\u00fcr zuk\u00fcnftige Generationen.","sameAs":["https:\/\/www.strassenweb.de\/"]}]}},"_links":{"self":[{"href":"https:\/\/www.strassenweb.de\/nachrichten\/wp-json\/wp\/v2\/posts\/2398","targetHints":{"allow":["GET"]}}],"collection":[{"href":"https:\/\/www.strassenweb.de\/nachrichten\/wp-json\/wp\/v2\/posts"}],"about":[{"href":"https:\/\/www.strassenweb.de\/nachrichten\/wp-json\/wp\/v2\/types\/post"}],"author":[{"embeddable":true,"href":"https:\/\/www.strassenweb.de\/nachrichten\/wp-json\/wp\/v2\/users\/1"}],"replies":[{"embeddable":true,"href":"https:\/\/www.strassenweb.de\/nachrichten\/wp-json\/wp\/v2\/comments?post=2398"}],"version-history":[{"count":0,"href":"https:\/\/www.strassenweb.de\/nachrichten\/wp-json\/wp\/v2\/posts\/2398\/revisions"}],"wp:featuredmedia":[{"embeddable":true,"href":"https:\/\/www.strassenweb.de\/nachrichten\/wp-json\/wp\/v2\/media\/2399"}],"wp:attachment":[{"href":"https:\/\/www.strassenweb.de\/nachrichten\/wp-json\/wp\/v2\/media?parent=2398"}],"wp:term":[{"taxonomy":"category","embeddable":true,"href":"https:\/\/www.strassenweb.de\/nachrichten\/wp-json\/wp\/v2\/categories?post=2398"},{"taxonomy":"post_tag","embeddable":true,"href":"https:\/\/www.strassenweb.de\/nachrichten\/wp-json\/wp\/v2\/tags?post=2398"}],"curies":[{"name":"wp","href":"https:\/\/api.w.org\/{rel}","templated":true}]}}