{"id":239,"date":"2024-09-25T20:47:21","date_gmt":"2024-09-25T18:47:21","guid":{"rendered":"https:\/\/www.strassenweb.de\/nachrichten\/wahlen-in-deutschlanddie-nazis-gewinnen-erneut-wahlen-in-deutschland-die-gesichter-der-neuen-europaeischen-extremen-rechten\/"},"modified":"2024-09-25T20:47:23","modified_gmt":"2024-09-25T18:47:23","slug":"wahlen-in-deutschlanddie-nazis-gewinnen-erneut-wahlen-in-deutschland-die-gesichter-der-neuen-europaeischen-extremen-rechten","status":"publish","type":"post","link":"https:\/\/www.strassenweb.de\/nachrichten\/wahlen-in-deutschlanddie-nazis-gewinnen-erneut-wahlen-in-deutschland-die-gesichter-der-neuen-europaeischen-extremen-rechten\/","title":{"rendered":"Wahlen in DeutschlandDie Nazis gewinnen erneut Wahlen in Deutschland: die Gesichter der neuen europ\u00e4ischen extremen Rechten"},"content":{"rendered":"<footer class=\"article-main__signed\"><\/footer>\n<p>Die deutsche extreme Rechte war die <b>gro\u00dfer Leistungstr\u00e4ger<\/b> bei den Regionalwahlen in <b>Th\u00fcringen und Sachsen<\/b>blieb in der ersten Region, in der die Nazis 1929 Teil einer Regierung waren, an der ersten prominenten Stelle und stand im anderen Staat (knapp) an zweiter Stelle. In Th\u00fcringen haben sie jede dritte Stimme erhalten, w\u00e4hrend die Sozialdemokraten die Kanzlerin vertreten <b>Olaf Scholz<\/b> Sie haben noch nicht einmal 10 % erreicht.<\/p>\n<p>Trotz des Sieges ist die Wahrheit so <b>Alternative f\u00fcr Deutschland (AfD)<\/b> Es gibt keine Mehrheiten und es gibt eine <b>Cordon Sanitaire<\/b> gegen die Formation, um sie am Regieren zu hindern. Auf den Sieg wurde mit Demonstrationen in verschiedenen Teilen des Landes reagiert, bei denen es zu Protesten und Sprechch\u00f6ren gegen die AfD kam, w\u00e4hrend ihre wichtigsten F\u00fchrer mit dem Sieg prahlten.<\/p>\n<p>&#8222;<b>Wir sind mit Abstand die st\u00e4rkste Kraft<\/b>. \u201eWir sind die neue Volkspartei in Th\u00fcringen, das ist ein historischer Sieg f\u00fcr uns und was mich auch stolz macht, ist, dass wir als AfD Th\u00fcringen der erste Landesverband sind, der diesen gro\u00dfartigen Parlamentssieg f\u00fcr die AfD errungen hat\u201c, sagte Bj\u00f6rn H\u00f6cke.<\/p>\n<p>Anders als er uns weismachen will, sind nicht alle Deutschen, die ihn gew\u00e4hlt haben, so Nazis wie er. Hinter seinem Sieg steckt vor allem <b>Unzufriedenheit mit traditionellen Parteien<\/b>. Der Hauptverantwortliche f\u00fcr diese zentrale Macht ist der deutsche Kanzler der Sozialdemokratischen Partei Olaf Scholz, der anerkennt, dass seine Partei bei den Wahlen einen echten R\u00fcckschlag erlitten hat, aber die \u00fcbrigen Formationen dazu aufruft, mit diesem Cordon Sanitaire nachzukommen Rechtsextremisten aus den Regierungen Th\u00fcringens und Sachsens ausschlie\u00dfen.<\/p>\n<p>Der Fehdehandschuh von Scholz wird von den Christdemokraten aufgegriffen. Sie belegten in Th\u00fcringen den zweiten und in Sachsen den ersten Platz und bef\u00fcrworteten damit die Aufgabe, in diesen beiden Bundesl\u00e4ndern eine Regierung zu bilden. Die Aufgabe wird kompliziert sein, da sie eine Einigung zwischen den Liberalen und der extremen Linken erfordert.<\/p>\n<h2 class=\"title-h2\">Bj\u00f6rn H\u00f6cke und Sahra Wagenknecht Wer sind die neuen Gesichter der deutschen Politik?<\/h2>\n<p><b>Bj\u00f6rn Hocke<\/b>Vorsitzender der rechtsextremen Partei, wurde zweimal verurteilt, weil er bei seinen \u00f6ffentlichen Auftritten einen bekannten Nazi-Slogan verwendet hatte. Seine Botschaft ist so radikal, dass weder Meloni noch Le Pen ihn in ihrer Fraktion im Europ\u00e4ischen Parlament haben wollten. Mit einer islam- und einwanderungsfeindlichen Rede geh\u00f6rt H\u00f6cke zu den umstrittensten Figuren der Gruppe.<\/p>\n<p>Sogar seine eigene Partei hat mehrmals versucht, ihn auszuschlie\u00dfen, und hatte in seinen kontroversen Reden fremdenfeindliche Botschaften: \u201eDer Islam ist wirklich unvereinbar mit unseren Werten, mit unserer Lebensweise. Der Islam hat eine Heimat, die der Osten ist, und wenn Sie so wollen, das schwarze Afrika, aber <b>nicht Deutschland oder Europa<\/b>&#8222;.<\/p>\n<\/p>\n<div><\/div>\n<div class=\"article__media_content\"><picture><source media=\"(max-width:520px)\" ><source media=\"(max-width:1023px)\" ><source media=\"(min-width:1024px)\" ><\/source><\/source><\/source><\/picture>\n<div class=\"article__media_content\">\n<p class=\"image-footer\">Bj\u00f6rn H\u00f6cke, Vorsitzender der AfD, w\u00e4hrend einer Kundgebung | AP<\/p>\n<\/div>\n<p>Bevor H\u00f6cke in die Politik einstieg, war er Gymnasiallehrer. Und nun ist seine der NSDAP nahestehende Partei die stimmenst\u00e4rkste Kraft in Th\u00fcringen. Genau in diesem Staat im Osten Deutschlands herrschte zun\u00e4chst die Formation Adolf Hitlers.<\/p>\n<p>Das andere Gesicht, das den deutschen politischen Vorstand zum Platzen gebracht hat, ist <b>Sahra Wagenknecht<\/b>eine Politik, die auf dem Papier links ist, aber einen ausgepr\u00e4gten Anti-Einwanderungs-Diskurs hat und Wladimir Putin nahesteht. Nach der extremen Rechten und den Christdemokraten erhielt sie die drittmeisten Stimmen.<\/p>\n<p>Von den deutschen Medien als \u201e<b>Madonna des Neokommunismus<\/b>\u201eWagenknecht ist der andere aufstrebende politische Star in diesem Land. Als Anf\u00fchrerin einer in diesem Jahr gegr\u00fcndeten Allianz, der sie sich selbst nennt, vereinen ihre Ideale Vorschl\u00e4ge der extremen Linken und der extremen Rechten.<\/p>\n<\/p>\n<div class=\"article__media_content\"><picture><source media=\"(max-width:520px)\" ><source media=\"(max-width:1023px)\" ><source media=\"(min-width:1024px)\" ><img decoding=\"async\" loading=\"lazy\" src=\"https:\/\/www.strassenweb.de\/nachrichten\/wp-content\/uploads\/2024\/09\/1727290041_376_Wahlen-in-DeutschlandDie-Nazis-gewinnen-erneut-Wahlen-in-Deutschland-die.jpg\" alt=\"Sahra Wagenknecht, bei einem Auftritt\" title=\"Sahra Wagenknecht, bei einem Auftritt\" width=\"5000\" height=\"3334\"><\/source><\/source><\/source><\/picture>\n<div class=\"article__media_content\">\n<p class=\"image-footer\">Sahra Wagenknecht, bei einem Auftritt | Efe<\/p>\n<\/div>\n<p>Einerseits bietet es Einwanderungsbeschr\u00e4nkungen, einen Deglobalisierungsplan, Widerstand gegen eine gr\u00fcne Politik und die Einstellung der milit\u00e4rischen Unterst\u00fctzung f\u00fcr die Ukraine. <b>Denn, versichert er, es sei nicht Putin gewesen, der den Krieg begonnen habe<\/b>. Andererseits schl\u00e4gt sie eine Umverteilung des Reichtums vor, verteidigt die Sozialwirtschaft und unterst\u00fctzt mittelst\u00e4ndische Familienunternehmen.<\/p>\n<p>&#8222;<b>Ich mag es nicht, wenn eine Partei, in der es Nazis gibt, stark wird<\/b>\u201e, versicherte er in einer Rede. Wagenknecht war als junger Mann Mitglied der Kommunistischen Partei der DDR, verlie\u00df diese aber schlie\u00dflich und wechselte zu einer anderen Partei, der \u201eLinken\u201c, wo er Mitglied des Vorstands war. 2005 wurde er sogar Europaabgeordneter. Und 2009 zog er in den Bundestag ein, wo er als wirtschaftspolitischer Sprecher der Fraktion fungierte.<\/p>\n<p>Nach diversen Kontroversen gr\u00fcndete er seine eigene Partei, die nun der Schl\u00fcssel f\u00fcr k\u00fcnftige Regierungen in Ostdeutschland sein k\u00f6nnte. Die Wartung erfolgt auf Ihrem Dach <b>historischer Cordon Sanitaire<\/b> zur anderen extremen Rechten.<\/p>\n<\/div>\n<\/div>\n","protected":false},"excerpt":{"rendered":"<p>Die deutsche extreme Rechte war die gro\u00dfer Leistungstr\u00e4ger bei den Regionalwahlen in Th\u00fcringen und Sachsenblieb in der ersten Region, in der die Nazis 1929 Teil<\/p>\n","protected":false},"author":1,"featured_media":240,"comment_status":"closed","ping_status":"","sticky":false,"template":"","format":"standard","meta":{"footnotes":""},"categories":[4],"tags":[81,35,491,9,145,79,404,493,492,461,494,405,490],"class_list":["post-239","post","type-post","status-publish","format-standard","has-post-thumbnail","hentry","category-aktuelle-nachrichten","tag-der","tag-deutschland","tag-deutschlanddie","tag-die","tag-erneut","tag-europaeischen","tag-extremen","tag-gesichter","tag-gewinnen","tag-nazis","tag-neuen","tag-rechten","tag-wahlen","generate-columns","tablet-grid-50","mobile-grid-100","grid-parent","grid-50"],"yoast_head":"<!-- This site is optimized with the Yoast SEO plugin v27.3 - https:\/\/yoast.com\/product\/yoast-seo-wordpress\/ -->\n<title>Wahlen in DeutschlandDie Nazis gewinnen erneut Wahlen in Deutschland: die Gesichter der neuen europ\u00e4ischen extremen Rechten - Nachrichten - Stra\u00dfenweb<\/title>\n<meta name=\"robots\" content=\"index, follow, max-snippet:-1, max-image-preview:large, max-video-preview:-1\" \/>\n<link rel=\"canonical\" href=\"https:\/\/www.strassenweb.de\/nachrichten\/wahlen-in-deutschlanddie-nazis-gewinnen-erneut-wahlen-in-deutschland-die-gesichter-der-neuen-europaeischen-extremen-rechten\/\" \/>\n<meta property=\"og:locale\" content=\"de_DE\" \/>\n<meta property=\"og:type\" content=\"article\" \/>\n<meta property=\"og:title\" content=\"Wahlen in DeutschlandDie Nazis gewinnen erneut Wahlen in Deutschland: die Gesichter der neuen europ\u00e4ischen extremen Rechten - Nachrichten - Stra\u00dfenweb\" \/>\n<meta property=\"og:description\" content=\"Die deutsche extreme Rechte war die gro\u00dfer Leistungstr\u00e4ger bei den Regionalwahlen in Th\u00fcringen und Sachsenblieb in der ersten Region, in der die Nazis 1929 Teil\" \/>\n<meta property=\"og:url\" content=\"https:\/\/www.strassenweb.de\/nachrichten\/wahlen-in-deutschlanddie-nazis-gewinnen-erneut-wahlen-in-deutschland-die-gesichter-der-neuen-europaeischen-extremen-rechten\/\" \/>\n<meta property=\"og:site_name\" content=\"Stra\u00dfenweb\" \/>\n<meta property=\"article:publisher\" content=\"https:\/\/www.facebook.com\/strassenweb\/\" \/>\n<meta property=\"article:published_time\" content=\"2024-09-25T18:47:21+00:00\" \/>\n<meta property=\"article:modified_time\" content=\"2024-09-25T18:47:23+00:00\" \/>\n<meta property=\"og:image\" content=\"https:\/\/www.strassenweb.de\/nachrichten\/wp-content\/uploads\/2024\/09\/1727290042_Wahlen-in-DeutschlandDie-Nazis-gewinnen-erneut-Wahlen-in-Deutschland-die.jpg\" \/>\n\t<meta property=\"og:image:width\" content=\"1280\" \/>\n\t<meta property=\"og:image:height\" content=\"720\" \/>\n\t<meta property=\"og:image:type\" content=\"image\/jpeg\" \/>\n<meta name=\"author\" content=\"Robert Hoffmann\" \/>\n<meta name=\"twitter:card\" content=\"summary_large_image\" \/>\n<meta name=\"twitter:label1\" content=\"Verfasst von\" \/>\n\t<meta name=\"twitter:data1\" content=\"Robert Hoffmann\" \/>\n\t<meta name=\"twitter:label2\" content=\"Gesch\u00e4tzte Lesezeit\" \/>\n\t<meta name=\"twitter:data2\" content=\"4\u00a0Minuten\" \/>\n<script type=\"application\/ld+json\" class=\"yoast-schema-graph\">{\"@context\":\"https:\\\/\\\/schema.org\",\"@graph\":[{\"@type\":\"Article\",\"@id\":\"https:\\\/\\\/www.strassenweb.de\\\/nachrichten\\\/wahlen-in-deutschlanddie-nazis-gewinnen-erneut-wahlen-in-deutschland-die-gesichter-der-neuen-europaeischen-extremen-rechten\\\/#article\",\"isPartOf\":{\"@id\":\"https:\\\/\\\/www.strassenweb.de\\\/nachrichten\\\/wahlen-in-deutschlanddie-nazis-gewinnen-erneut-wahlen-in-deutschland-die-gesichter-der-neuen-europaeischen-extremen-rechten\\\/\"},\"author\":{\"name\":\"Robert Hoffmann\",\"@id\":\"https:\\\/\\\/www.strassenweb.de\\\/nachrichten\\\/#\\\/schema\\\/person\\\/87c9c9067f1211da429a744dc5a5aa41\"},\"headline\":\"Wahlen in DeutschlandDie Nazis gewinnen erneut Wahlen in Deutschland: die Gesichter der neuen europ\u00e4ischen extremen Rechten\",\"datePublished\":\"2024-09-25T18:47:21+00:00\",\"dateModified\":\"2024-09-25T18:47:23+00:00\",\"mainEntityOfPage\":{\"@id\":\"https:\\\/\\\/www.strassenweb.de\\\/nachrichten\\\/wahlen-in-deutschlanddie-nazis-gewinnen-erneut-wahlen-in-deutschland-die-gesichter-der-neuen-europaeischen-extremen-rechten\\\/\"},\"wordCount\":771,\"publisher\":{\"@id\":\"https:\\\/\\\/www.strassenweb.de\\\/nachrichten\\\/#organization\"},\"image\":{\"@id\":\"https:\\\/\\\/www.strassenweb.de\\\/nachrichten\\\/wahlen-in-deutschlanddie-nazis-gewinnen-erneut-wahlen-in-deutschland-die-gesichter-der-neuen-europaeischen-extremen-rechten\\\/#primaryimage\"},\"thumbnailUrl\":\"https:\\\/\\\/www.strassenweb.de\\\/nachrichten\\\/wp-content\\\/uploads\\\/2024\\\/09\\\/1727290042_Wahlen-in-DeutschlandDie-Nazis-gewinnen-erneut-Wahlen-in-Deutschland-die.jpg\",\"keywords\":[\"der\",\"Deutschland\",\"DeutschlandDie\",\"die\",\"erneut\",\"europ\u00e4ischen\",\"extremen\",\"Gesichter\",\"gewinnen\",\"Nazis\",\"neuen\",\"Rechten\",\"Wahlen\"],\"articleSection\":[\"Aktuelle Nachrichten\"],\"inLanguage\":\"de\"},{\"@type\":\"WebPage\",\"@id\":\"https:\\\/\\\/www.strassenweb.de\\\/nachrichten\\\/wahlen-in-deutschlanddie-nazis-gewinnen-erneut-wahlen-in-deutschland-die-gesichter-der-neuen-europaeischen-extremen-rechten\\\/\",\"url\":\"https:\\\/\\\/www.strassenweb.de\\\/nachrichten\\\/wahlen-in-deutschlanddie-nazis-gewinnen-erneut-wahlen-in-deutschland-die-gesichter-der-neuen-europaeischen-extremen-rechten\\\/\",\"name\":\"Wahlen in DeutschlandDie Nazis gewinnen erneut Wahlen in Deutschland: die Gesichter der neuen europ\u00e4ischen extremen Rechten - Nachrichten - Stra\u00dfenweb\",\"isPartOf\":{\"@id\":\"https:\\\/\\\/www.strassenweb.de\\\/nachrichten\\\/#website\"},\"primaryImageOfPage\":{\"@id\":\"https:\\\/\\\/www.strassenweb.de\\\/nachrichten\\\/wahlen-in-deutschlanddie-nazis-gewinnen-erneut-wahlen-in-deutschland-die-gesichter-der-neuen-europaeischen-extremen-rechten\\\/#primaryimage\"},\"image\":{\"@id\":\"https:\\\/\\\/www.strassenweb.de\\\/nachrichten\\\/wahlen-in-deutschlanddie-nazis-gewinnen-erneut-wahlen-in-deutschland-die-gesichter-der-neuen-europaeischen-extremen-rechten\\\/#primaryimage\"},\"thumbnailUrl\":\"https:\\\/\\\/www.strassenweb.de\\\/nachrichten\\\/wp-content\\\/uploads\\\/2024\\\/09\\\/1727290042_Wahlen-in-DeutschlandDie-Nazis-gewinnen-erneut-Wahlen-in-Deutschland-die.jpg\",\"datePublished\":\"2024-09-25T18:47:21+00:00\",\"dateModified\":\"2024-09-25T18:47:23+00:00\",\"breadcrumb\":{\"@id\":\"https:\\\/\\\/www.strassenweb.de\\\/nachrichten\\\/wahlen-in-deutschlanddie-nazis-gewinnen-erneut-wahlen-in-deutschland-die-gesichter-der-neuen-europaeischen-extremen-rechten\\\/#breadcrumb\"},\"inLanguage\":\"de\",\"potentialAction\":[{\"@type\":\"ReadAction\",\"target\":[\"https:\\\/\\\/www.strassenweb.de\\\/nachrichten\\\/wahlen-in-deutschlanddie-nazis-gewinnen-erneut-wahlen-in-deutschland-die-gesichter-der-neuen-europaeischen-extremen-rechten\\\/\"]}]},{\"@type\":\"ImageObject\",\"inLanguage\":\"de\",\"@id\":\"https:\\\/\\\/www.strassenweb.de\\\/nachrichten\\\/wahlen-in-deutschlanddie-nazis-gewinnen-erneut-wahlen-in-deutschland-die-gesichter-der-neuen-europaeischen-extremen-rechten\\\/#primaryimage\",\"url\":\"https:\\\/\\\/www.strassenweb.de\\\/nachrichten\\\/wp-content\\\/uploads\\\/2024\\\/09\\\/1727290042_Wahlen-in-DeutschlandDie-Nazis-gewinnen-erneut-Wahlen-in-Deutschland-die.jpg\",\"contentUrl\":\"https:\\\/\\\/www.strassenweb.de\\\/nachrichten\\\/wp-content\\\/uploads\\\/2024\\\/09\\\/1727290042_Wahlen-in-DeutschlandDie-Nazis-gewinnen-erneut-Wahlen-in-Deutschland-die.jpg\",\"width\":1280,\"height\":720,\"caption\":\"Wahlen in DeutschlandDie Nazis gewinnen erneut Wahlen in Deutschland: die Gesichter der neuen europ\u00e4ischen extremen Rechten\"},{\"@type\":\"BreadcrumbList\",\"@id\":\"https:\\\/\\\/www.strassenweb.de\\\/nachrichten\\\/wahlen-in-deutschlanddie-nazis-gewinnen-erneut-wahlen-in-deutschland-die-gesichter-der-neuen-europaeischen-extremen-rechten\\\/#breadcrumb\",\"itemListElement\":[{\"@type\":\"ListItem\",\"position\":1,\"name\":\"Home\",\"item\":\"https:\\\/\\\/www.strassenweb.de\\\/nachrichten\\\/\"},{\"@type\":\"ListItem\",\"position\":2,\"name\":\"Wahlen in DeutschlandDie Nazis gewinnen erneut Wahlen in Deutschland: die Gesichter der neuen europ\u00e4ischen extremen Rechten\"}]},{\"@type\":\"WebSite\",\"@id\":\"https:\\\/\\\/www.strassenweb.de\\\/nachrichten\\\/#website\",\"url\":\"https:\\\/\\\/www.strassenweb.de\\\/nachrichten\\\/\",\"name\":\"Stra\u00dfenweb\",\"description\":\"Stra\u00dfenverzeichnis f\u00fcr Deutschland\",\"publisher\":{\"@id\":\"https:\\\/\\\/www.strassenweb.de\\\/nachrichten\\\/#organization\"},\"potentialAction\":[{\"@type\":\"SearchAction\",\"target\":{\"@type\":\"EntryPoint\",\"urlTemplate\":\"https:\\\/\\\/www.strassenweb.de\\\/nachrichten\\\/?s={search_term_string}\"},\"query-input\":{\"@type\":\"PropertyValueSpecification\",\"valueRequired\":true,\"valueName\":\"search_term_string\"}}],\"inLanguage\":\"de\"},{\"@type\":\"Organization\",\"@id\":\"https:\\\/\\\/www.strassenweb.de\\\/nachrichten\\\/#organization\",\"name\":\"Stra\u00dfenweb\",\"url\":\"https:\\\/\\\/www.strassenweb.de\\\/nachrichten\\\/\",\"logo\":{\"@type\":\"ImageObject\",\"inLanguage\":\"de\",\"@id\":\"https:\\\/\\\/www.strassenweb.de\\\/nachrichten\\\/#\\\/schema\\\/logo\\\/image\\\/\",\"url\":\"https:\\\/\\\/www.strassenweb.de\\\/nachrichten\\\/wp-content\\\/uploads\\\/2024\\\/09\\\/cropped-favicon.png\",\"contentUrl\":\"https:\\\/\\\/www.strassenweb.de\\\/nachrichten\\\/wp-content\\\/uploads\\\/2024\\\/09\\\/cropped-favicon.png\",\"width\":512,\"height\":512,\"caption\":\"Stra\u00dfenweb\"},\"image\":{\"@id\":\"https:\\\/\\\/www.strassenweb.de\\\/nachrichten\\\/#\\\/schema\\\/logo\\\/image\\\/\"},\"sameAs\":[\"https:\\\/\\\/www.facebook.com\\\/strassenweb\\\/\"]},{\"@type\":\"Person\",\"@id\":\"https:\\\/\\\/www.strassenweb.de\\\/nachrichten\\\/#\\\/schema\\\/person\\\/87c9c9067f1211da429a744dc5a5aa41\",\"name\":\"Robert Hoffmann\",\"image\":{\"@type\":\"ImageObject\",\"inLanguage\":\"de\",\"@id\":\"https:\\\/\\\/www.strassenweb.de\\\/nachrichten\\\/wp-content\\\/uploads\\\/2024\\\/09\\\/strassenweb-150x150.jpg\",\"url\":\"https:\\\/\\\/www.strassenweb.de\\\/nachrichten\\\/wp-content\\\/uploads\\\/2024\\\/09\\\/strassenweb-150x150.jpg\",\"contentUrl\":\"https:\\\/\\\/www.strassenweb.de\\\/nachrichten\\\/wp-content\\\/uploads\\\/2024\\\/09\\\/strassenweb-150x150.jpg\",\"caption\":\"Robert Hoffmann\"},\"description\":\"Ich hei\u00dfe Robert Hoffmann und ich bin ein leidenschaftlicher Verfechter von \u00d6kologie und Biodiversit\u00e4t. Seit meiner Kindheit in den W\u00e4ldern Bayerns f\u00fchle ich mich mit der Natur verbunden und bin entschlossen, sie zu sch\u00fctzen. Heute widme ich mein Leben der Sensibilisierung anderer f\u00fcr die Bedeutung des Umweltschutzes f\u00fcr zuk\u00fcnftige Generationen.\",\"sameAs\":[\"https:\\\/\\\/www.strassenweb.de\\\/\"]}]}<\/script>\n<!-- \/ Yoast SEO plugin. -->","yoast_head_json":{"title":"Wahlen in DeutschlandDie Nazis gewinnen erneut Wahlen in Deutschland: die Gesichter der neuen europ\u00e4ischen extremen Rechten - Nachrichten - Stra\u00dfenweb","robots":{"index":"index","follow":"follow","max-snippet":"max-snippet:-1","max-image-preview":"max-image-preview:large","max-video-preview":"max-video-preview:-1"},"canonical":"https:\/\/www.strassenweb.de\/nachrichten\/wahlen-in-deutschlanddie-nazis-gewinnen-erneut-wahlen-in-deutschland-die-gesichter-der-neuen-europaeischen-extremen-rechten\/","og_locale":"de_DE","og_type":"article","og_title":"Wahlen in DeutschlandDie Nazis gewinnen erneut Wahlen in Deutschland: die Gesichter der neuen europ\u00e4ischen extremen Rechten - Nachrichten - Stra\u00dfenweb","og_description":"Die deutsche extreme Rechte war die gro\u00dfer Leistungstr\u00e4ger bei den Regionalwahlen in Th\u00fcringen und Sachsenblieb in der ersten Region, in der die Nazis 1929 Teil","og_url":"https:\/\/www.strassenweb.de\/nachrichten\/wahlen-in-deutschlanddie-nazis-gewinnen-erneut-wahlen-in-deutschland-die-gesichter-der-neuen-europaeischen-extremen-rechten\/","og_site_name":"Stra\u00dfenweb","article_publisher":"https:\/\/www.facebook.com\/strassenweb\/","article_published_time":"2024-09-25T18:47:21+00:00","article_modified_time":"2024-09-25T18:47:23+00:00","og_image":[{"width":1280,"height":720,"url":"https:\/\/www.strassenweb.de\/nachrichten\/wp-content\/uploads\/2024\/09\/1727290042_Wahlen-in-DeutschlandDie-Nazis-gewinnen-erneut-Wahlen-in-Deutschland-die.jpg","type":"image\/jpeg"}],"author":"Robert Hoffmann","twitter_card":"summary_large_image","twitter_misc":{"Verfasst von":"Robert Hoffmann","Gesch\u00e4tzte Lesezeit":"4\u00a0Minuten"},"schema":{"@context":"https:\/\/schema.org","@graph":[{"@type":"Article","@id":"https:\/\/www.strassenweb.de\/nachrichten\/wahlen-in-deutschlanddie-nazis-gewinnen-erneut-wahlen-in-deutschland-die-gesichter-der-neuen-europaeischen-extremen-rechten\/#article","isPartOf":{"@id":"https:\/\/www.strassenweb.de\/nachrichten\/wahlen-in-deutschlanddie-nazis-gewinnen-erneut-wahlen-in-deutschland-die-gesichter-der-neuen-europaeischen-extremen-rechten\/"},"author":{"name":"Robert Hoffmann","@id":"https:\/\/www.strassenweb.de\/nachrichten\/#\/schema\/person\/87c9c9067f1211da429a744dc5a5aa41"},"headline":"Wahlen in DeutschlandDie Nazis gewinnen erneut Wahlen in Deutschland: die Gesichter der neuen europ\u00e4ischen extremen Rechten","datePublished":"2024-09-25T18:47:21+00:00","dateModified":"2024-09-25T18:47:23+00:00","mainEntityOfPage":{"@id":"https:\/\/www.strassenweb.de\/nachrichten\/wahlen-in-deutschlanddie-nazis-gewinnen-erneut-wahlen-in-deutschland-die-gesichter-der-neuen-europaeischen-extremen-rechten\/"},"wordCount":771,"publisher":{"@id":"https:\/\/www.strassenweb.de\/nachrichten\/#organization"},"image":{"@id":"https:\/\/www.strassenweb.de\/nachrichten\/wahlen-in-deutschlanddie-nazis-gewinnen-erneut-wahlen-in-deutschland-die-gesichter-der-neuen-europaeischen-extremen-rechten\/#primaryimage"},"thumbnailUrl":"https:\/\/www.strassenweb.de\/nachrichten\/wp-content\/uploads\/2024\/09\/1727290042_Wahlen-in-DeutschlandDie-Nazis-gewinnen-erneut-Wahlen-in-Deutschland-die.jpg","keywords":["der","Deutschland","DeutschlandDie","die","erneut","europ\u00e4ischen","extremen","Gesichter","gewinnen","Nazis","neuen","Rechten","Wahlen"],"articleSection":["Aktuelle Nachrichten"],"inLanguage":"de"},{"@type":"WebPage","@id":"https:\/\/www.strassenweb.de\/nachrichten\/wahlen-in-deutschlanddie-nazis-gewinnen-erneut-wahlen-in-deutschland-die-gesichter-der-neuen-europaeischen-extremen-rechten\/","url":"https:\/\/www.strassenweb.de\/nachrichten\/wahlen-in-deutschlanddie-nazis-gewinnen-erneut-wahlen-in-deutschland-die-gesichter-der-neuen-europaeischen-extremen-rechten\/","name":"Wahlen in DeutschlandDie Nazis gewinnen erneut Wahlen in Deutschland: die Gesichter der neuen europ\u00e4ischen extremen Rechten - Nachrichten - Stra\u00dfenweb","isPartOf":{"@id":"https:\/\/www.strassenweb.de\/nachrichten\/#website"},"primaryImageOfPage":{"@id":"https:\/\/www.strassenweb.de\/nachrichten\/wahlen-in-deutschlanddie-nazis-gewinnen-erneut-wahlen-in-deutschland-die-gesichter-der-neuen-europaeischen-extremen-rechten\/#primaryimage"},"image":{"@id":"https:\/\/www.strassenweb.de\/nachrichten\/wahlen-in-deutschlanddie-nazis-gewinnen-erneut-wahlen-in-deutschland-die-gesichter-der-neuen-europaeischen-extremen-rechten\/#primaryimage"},"thumbnailUrl":"https:\/\/www.strassenweb.de\/nachrichten\/wp-content\/uploads\/2024\/09\/1727290042_Wahlen-in-DeutschlandDie-Nazis-gewinnen-erneut-Wahlen-in-Deutschland-die.jpg","datePublished":"2024-09-25T18:47:21+00:00","dateModified":"2024-09-25T18:47:23+00:00","breadcrumb":{"@id":"https:\/\/www.strassenweb.de\/nachrichten\/wahlen-in-deutschlanddie-nazis-gewinnen-erneut-wahlen-in-deutschland-die-gesichter-der-neuen-europaeischen-extremen-rechten\/#breadcrumb"},"inLanguage":"de","potentialAction":[{"@type":"ReadAction","target":["https:\/\/www.strassenweb.de\/nachrichten\/wahlen-in-deutschlanddie-nazis-gewinnen-erneut-wahlen-in-deutschland-die-gesichter-der-neuen-europaeischen-extremen-rechten\/"]}]},{"@type":"ImageObject","inLanguage":"de","@id":"https:\/\/www.strassenweb.de\/nachrichten\/wahlen-in-deutschlanddie-nazis-gewinnen-erneut-wahlen-in-deutschland-die-gesichter-der-neuen-europaeischen-extremen-rechten\/#primaryimage","url":"https:\/\/www.strassenweb.de\/nachrichten\/wp-content\/uploads\/2024\/09\/1727290042_Wahlen-in-DeutschlandDie-Nazis-gewinnen-erneut-Wahlen-in-Deutschland-die.jpg","contentUrl":"https:\/\/www.strassenweb.de\/nachrichten\/wp-content\/uploads\/2024\/09\/1727290042_Wahlen-in-DeutschlandDie-Nazis-gewinnen-erneut-Wahlen-in-Deutschland-die.jpg","width":1280,"height":720,"caption":"Wahlen in DeutschlandDie Nazis gewinnen erneut Wahlen in Deutschland: die Gesichter der neuen europ\u00e4ischen extremen Rechten"},{"@type":"BreadcrumbList","@id":"https:\/\/www.strassenweb.de\/nachrichten\/wahlen-in-deutschlanddie-nazis-gewinnen-erneut-wahlen-in-deutschland-die-gesichter-der-neuen-europaeischen-extremen-rechten\/#breadcrumb","itemListElement":[{"@type":"ListItem","position":1,"name":"Home","item":"https:\/\/www.strassenweb.de\/nachrichten\/"},{"@type":"ListItem","position":2,"name":"Wahlen in DeutschlandDie Nazis gewinnen erneut Wahlen in Deutschland: die Gesichter der neuen europ\u00e4ischen extremen Rechten"}]},{"@type":"WebSite","@id":"https:\/\/www.strassenweb.de\/nachrichten\/#website","url":"https:\/\/www.strassenweb.de\/nachrichten\/","name":"Stra\u00dfenweb","description":"Stra\u00dfenverzeichnis f\u00fcr Deutschland","publisher":{"@id":"https:\/\/www.strassenweb.de\/nachrichten\/#organization"},"potentialAction":[{"@type":"SearchAction","target":{"@type":"EntryPoint","urlTemplate":"https:\/\/www.strassenweb.de\/nachrichten\/?s={search_term_string}"},"query-input":{"@type":"PropertyValueSpecification","valueRequired":true,"valueName":"search_term_string"}}],"inLanguage":"de"},{"@type":"Organization","@id":"https:\/\/www.strassenweb.de\/nachrichten\/#organization","name":"Stra\u00dfenweb","url":"https:\/\/www.strassenweb.de\/nachrichten\/","logo":{"@type":"ImageObject","inLanguage":"de","@id":"https:\/\/www.strassenweb.de\/nachrichten\/#\/schema\/logo\/image\/","url":"https:\/\/www.strassenweb.de\/nachrichten\/wp-content\/uploads\/2024\/09\/cropped-favicon.png","contentUrl":"https:\/\/www.strassenweb.de\/nachrichten\/wp-content\/uploads\/2024\/09\/cropped-favicon.png","width":512,"height":512,"caption":"Stra\u00dfenweb"},"image":{"@id":"https:\/\/www.strassenweb.de\/nachrichten\/#\/schema\/logo\/image\/"},"sameAs":["https:\/\/www.facebook.com\/strassenweb\/"]},{"@type":"Person","@id":"https:\/\/www.strassenweb.de\/nachrichten\/#\/schema\/person\/87c9c9067f1211da429a744dc5a5aa41","name":"Robert Hoffmann","image":{"@type":"ImageObject","inLanguage":"de","@id":"https:\/\/www.strassenweb.de\/nachrichten\/wp-content\/uploads\/2024\/09\/strassenweb-150x150.jpg","url":"https:\/\/www.strassenweb.de\/nachrichten\/wp-content\/uploads\/2024\/09\/strassenweb-150x150.jpg","contentUrl":"https:\/\/www.strassenweb.de\/nachrichten\/wp-content\/uploads\/2024\/09\/strassenweb-150x150.jpg","caption":"Robert Hoffmann"},"description":"Ich hei\u00dfe Robert Hoffmann und ich bin ein leidenschaftlicher Verfechter von \u00d6kologie und Biodiversit\u00e4t. Seit meiner Kindheit in den W\u00e4ldern Bayerns f\u00fchle ich mich mit der Natur verbunden und bin entschlossen, sie zu sch\u00fctzen. Heute widme ich mein Leben der Sensibilisierung anderer f\u00fcr die Bedeutung des Umweltschutzes f\u00fcr zuk\u00fcnftige Generationen.","sameAs":["https:\/\/www.strassenweb.de\/"]}]}},"_links":{"self":[{"href":"https:\/\/www.strassenweb.de\/nachrichten\/wp-json\/wp\/v2\/posts\/239","targetHints":{"allow":["GET"]}}],"collection":[{"href":"https:\/\/www.strassenweb.de\/nachrichten\/wp-json\/wp\/v2\/posts"}],"about":[{"href":"https:\/\/www.strassenweb.de\/nachrichten\/wp-json\/wp\/v2\/types\/post"}],"author":[{"embeddable":true,"href":"https:\/\/www.strassenweb.de\/nachrichten\/wp-json\/wp\/v2\/users\/1"}],"replies":[{"embeddable":true,"href":"https:\/\/www.strassenweb.de\/nachrichten\/wp-json\/wp\/v2\/comments?post=239"}],"version-history":[{"count":0,"href":"https:\/\/www.strassenweb.de\/nachrichten\/wp-json\/wp\/v2\/posts\/239\/revisions"}],"wp:featuredmedia":[{"embeddable":true,"href":"https:\/\/www.strassenweb.de\/nachrichten\/wp-json\/wp\/v2\/media\/240"}],"wp:attachment":[{"href":"https:\/\/www.strassenweb.de\/nachrichten\/wp-json\/wp\/v2\/media?parent=239"}],"wp:term":[{"taxonomy":"category","embeddable":true,"href":"https:\/\/www.strassenweb.de\/nachrichten\/wp-json\/wp\/v2\/categories?post=239"},{"taxonomy":"post_tag","embeddable":true,"href":"https:\/\/www.strassenweb.de\/nachrichten\/wp-json\/wp\/v2\/tags?post=239"}],"curies":[{"name":"wp","href":"https:\/\/api.w.org\/{rel}","templated":true}]}}