{"id":2383,"date":"2024-12-28T07:39:52","date_gmt":"2024-12-28T06:39:52","guid":{"rendered":"https:\/\/www.strassenweb.de\/nachrichten\/diese-alpinen-badezimmer-beweisen-wie-gemuetlich-ein-badezimmer-wirklich-sein-kann-hier-erfahren-sie-wie-sie-diesen-trendigen-look-hinbekommen\/"},"modified":"2024-12-28T07:39:53","modified_gmt":"2024-12-28T06:39:53","slug":"diese-alpinen-badezimmer-beweisen-wie-gemuetlich-ein-badezimmer-wirklich-sein-kann-hier-erfahren-sie-wie-sie-diesen-trendigen-look-hinbekommen","status":"publish","type":"post","link":"https:\/\/www.strassenweb.de\/nachrichten\/diese-alpinen-badezimmer-beweisen-wie-gemuetlich-ein-badezimmer-wirklich-sein-kann-hier-erfahren-sie-wie-sie-diesen-trendigen-look-hinbekommen\/","title":{"rendered":"Diese alpinen Badezimmer beweisen, wie gem\u00fctlich ein Badezimmer wirklich sein kann \u2013 hier erfahren Sie, wie Sie diesen trendigen Look hinbekommen"},"content":{"rendered":"<p><\/p>\n<div id=\"article-body\" class=\"article__body \">\n<p>Wir haben einen neuen Trend am Horizont entdeckt: den faszinierenden Aufstieg eines alpin inspirierten Badezimmers. Diese Zimmer zeichnen sich durch eine Holznote aus, die Sie direkt in die Berge S\u00fcdmitteleuropas entf\u00fchrt und an den rustikalen, aber gem\u00fctlichen Charme eines Ski-Chalets erinnert, das mit seinem nahtlosen, kalten Design weit von den g\u00e4ngigen modernen Badezimmern entfernt ist.<\/p>\n<div id=\"ad-unit-1\" class=\"ad-unit\"><\/div>\n<p>Stattdessen zeichnet sich ein alpines Badezimmer durch warme Farben, rustikale Textur und viel Holz aus, sei es durch Verkleidungen oder freiliegende Balken. Aber ist dieser Trend von Dauer? Mithilfe von f\u00fcnf Innenarchitekten untersuchen wir, wie sie den Look erreicht haben und warum er f\u00fcr diese Projekte geeignet war und auch f\u00fcr Ihr Badezimmer geeignet sein k\u00f6nnte.<\/p>\n<h2 id=\"5-alpine-bathrooms-to-inspire-a-remodel-3\">5 alpine Badezimmer, die eine Renovierung inspirieren<\/h2>\n<aside class=\"hawk-nest\" data-block-type=\"embed\" data-render-type=\"fte\" data-skip=\"dealsy\" data-widget-type=\"seasonal\">\n<div class=\"hawk-master-widget-hawk-base-wrapper\"><\/div>\n<\/aside>\n<p>Beruhigend, einfach und an die Natur erinnernd; Dies sind nur einige der Gr\u00fcnde, warum Badezimmer, die das Gef\u00fchl eines R\u00fcckzugsortes in den Bergen vermitteln, auf dem Vormarsch sind. Hier sind 5 gro\u00dfartige Beispiele daf\u00fcr, wie der Stil zur Aufwertung eines Badebereichs verwendet wurde.<\/p>\n<div id=\"desktop-in-article\" class=\"in-article ad-unit\">\n<div id=\"desktop-taboola-mid-article\"><\/div>\n<\/div>\n<div id=\"mobile-in-article\" class=\"in-article ad-unit\">\n<div id=\"mobile-taboola-mid-article\"><\/div>\n<\/div>\n<h3 class=\"article-body__section\" id=\"section-1-wrap-the-walls-in-timber-cladding\"><span>1. Wickeln Sie die W\u00e4nde mit einer Holzverkleidung ein<\/span><\/h3>\n<figure class=\"van-image-figure inline-layout \" data-bordeaux-image-check>\n<div class=\"image-full-width-wrapper\">\n<div class=\"image-widthsetter\" style=\"max-width:2000px;\"><\/div>\n<\/div><figcaption class=\"inline-layout \">\n<div class=\"caption-text\">\n<p><em><\/em><\/p>\n<\/div>\n<\/figcaption><\/figure>\n<p>\u201eDie s\u00e4geraue Holzverkleidung, bei der die S\u00e4gespuren ungeschliffen bleiben, verleiht diesem Badezimmer eine warme, alpine H\u00fcttenatmosph\u00e4re und schafft einen gem\u00fctlichen und einladenden Raum.\u201c \u201eDie raue, strukturierte Oberfl\u00e4che sorgt f\u00fcr ein rustikales, nat\u00fcrliches Gef\u00fchl, das gut mit dem recycelten Waschbecken und den robusten Steinarbeitsplatten harmoniert\u201c, sagt Gemma Holsgrove, Studioleiterin bei Sims Hilditch.<\/p>\n<div class=\"van_vid_carousel\">\n<div class=\"van_vid_carousel__padding\">\n<div class=\"van_vid_carousel__container\"><\/div>\n<\/div>\n<\/div>\n<p>Abgesehen von der \u00c4sthetik kann sich diese Art von Holzverkleidung auch als sehr praktische Idee f\u00fcr eine Badezimmerwand erweisen \u2013 sie ist langlebig und feuchtigkeitsbest\u00e4ndig, wenn sie richtig behandelt wird, und Sie m\u00fcssen nicht zu viel Wert darauf legen. \u201eJede zus\u00e4tzliche Abnutzung tr\u00e4gt zum Charme bei und sorgt daf\u00fcr, dass sich das Badezimmer geerdet, komfortabel und auf einzigartige Weise mit der Natur verbunden anf\u00fchlt\u201c, stimmt Gemma zu.<\/p>\n<div id=\"ad-unit-2\" class=\"ad-unit\"><\/div>\n<h3 class=\"article-body__section\" id=\"section-2-incorporate-aged-finishes\"><span>2. Integrieren Sie gealterte Oberfl\u00e4chen <\/span><\/h3>\n<figure class=\"van-image-figure inline-layout \" data-bordeaux-image-check>\n<div class=\"image-full-width-wrapper\">\n<div class=\"image-widthsetter\" style=\"max-width:2000px;\"><\/div>\n<\/div><figcaption class=\"inline-layout \">\n<div class=\"caption-text\">\n<p><em>Kupferbadewanne aus verwittertem Kupfer, <\/em><em>Catchpole &#038; Roggen.<\/em><\/p>\n<\/div>\n<\/figcaption><\/figure>\n<p>Bei der von den Bergregionen inspirierten Badezimmergestaltung geht es vor allem darum, eine gem\u00fctliche Atmosph\u00e4re zu schaffen; R\u00e4ume, die W\u00e4rme und Ruhe vor der k\u00fchlen Au\u00dfenluft ausstrahlen. \u201eUm dies zu erreichen, eignen sich gelebte Oberfl\u00e4chen besser als Hochglanz, da sie so wunderbar zu den rustikalen H\u00f6lzern und eher hyggeartigen Designelementen passen, die typisch f\u00fcr alpine Immobilien sind\u201c, sagt Lizzi Catchpole, Designleiterin bei Catchpole &#038; Rye.<\/p>\n<p>Das verwitterte Kupferfinish dieser gro\u00dfz\u00fcgigen freistehenden Badewanne vor einem Hintergrund aus Altholzb\u00f6den ist das perfekte Beispiel. \u201eEs ist erw\u00e4hnenswert, dass Metallbadewannen die W\u00e4rme effektiver speichern als Keramikbadewannen und sich daher gut f\u00fcr l\u00e4ngere B\u00e4der in k\u00e4lteren Klimazonen eignen\u201c, f\u00fcgt Lizzi hinzu.<\/p>\n<h3 class=\"article-body__section\" id=\"section-3-aim-for-recreating-the-look-of-a-traditional-sauna\"><span>3. Versuchen Sie, das Aussehen einer traditionellen Sauna nachzubilden<\/span><\/h3>\n<figure class=\"van-image-figure inline-layout \" data-bordeaux-image-check>\n<div class=\"image-full-width-wrapper\">\n<div class=\"image-widthsetter\" style=\"max-width:2000px;\"><\/div>\n<\/div><figcaption class=\"inline-layout \">\n<div class=\"caption-text\">\n<p><em>Easton Aufputz-Thermostatduschen, <\/em><em>Wasserwerk<\/em><em>. Projekt von <\/em><em>Kligerman Architektur &#038; Design.<\/em><\/p>\n<\/div>\n<\/figcaption><\/figure>\n<p>In diesem mit Teakholz verkleideten Doppelduschraum von Kligerman Architecture &#038; Design sind starke Saunaeinfl\u00fcsse zu sp\u00fcren, der genauso gem\u00fctlich und einladend aussieht wie jedes nordische Design. Aber ist es eine kluge Idee, so viel Holz in so direkten Kontakt mit Wasser zu bringen? Der Gr\u00fcndungspartner Thomas Kligerman ist dieser Meinung.<\/p>\n<p>\u201eTeak ist ein verrottungsbest\u00e4ndiges Holz, das seit jeher f\u00fcr Boote verwendet wird.\u201c Aber anstatt es unbehandelt zu lassen, was dazu f\u00fchren w\u00fcrde, dass das Wasser das Holz fleckig und grau verf\u00e4rbt, wurden bei der Herstellung mehrere Schichten einer wasserfesten Oberfl\u00e4che aufgetragen\u201c, erkl\u00e4rt er. \u201eEtwa j\u00e4hrlich wird es erneut aufgetragen, um die Form dieses Duschschiffs zu erhalten.\u201c Da dieses Anwesen den Ozean \u00fcberblickt, w\u00e4hlte er f\u00fcr die Duscharmaturen poliertes, unlackiertes Messing als Anspielung auf die langlebigen Beschl\u00e4ge eines eleganten Segelboots.<\/p>\n<h3 class=\"article-body__section\" id=\"section-4-embrace-the-past\"><span>4. Umarme die Vergangenheit <\/span><\/h3>\n<figure class=\"van-image-figure inline-layout \" data-bordeaux-image-check>\n<div class=\"image-full-width-wrapper\">\n<div class=\"image-widthsetter\" style=\"max-width:2000px;\"><\/div>\n<\/div><figcaption class=\"inline-layout \">\n<div class=\"caption-text\">\n<p><em><\/em><\/p>\n<\/div>\n<\/figcaption><\/figure>\n<p>Um die Essenz des Alpenstils einzufangen, besteht der Trick darin, sich von au\u00dfen inspirieren zu lassen und unn\u00f6tige Modernisierungen zu vermeiden. Bei der Modernisierung dieses Schweizer Chalets aus den 1930er-Jahren achtete Oakley Moore darauf, die Umgebung zu respektieren.<\/p>\n<p>\u201eDurch die Verschmelzung moderner Details mit der traditionellen Umgangssprache haben wir ein harmonisches, komfortables Bad mit einem ausgepr\u00e4gten Ortsgef\u00fchl angestrebt\u201c, erinnert sich Gr\u00fcnderin und Kreativdirektorin Kate Aslangul. \u201eIn Anlehnung an die \u00f6rtliche Umgebung w\u00e4hlten wir Granitfliesen und beauftragten einen Schreiner mit der Feinbearbeitung des Sockels f\u00fcr das Becken, um den Au\u00dfenbereich effektiv nach innen zu holen.\u201c<\/p>\n<h3 class=\"article-body__section\" id=\"section-5-make-the-most-of-natural-light-and-views\"><span>5. Machen Sie das Beste aus nat\u00fcrlichem Licht und Aussicht<\/span><\/h3>\n<figure class=\"van-image-figure inline-layout \" data-bordeaux-image-check>\n<div class=\"image-full-width-wrapper\">\n<div class=\"image-widthsetter\" style=\"max-width:2000px;\"><\/div>\n<\/div><figcaption class=\"inline-layout \">\n<div class=\"caption-text\">\n<p><em>Rockwell Bath, <\/em><em>Das Wassermonopol<\/em><em>. Landmark bodenstehender Einhebel-Wannen-\/Brausemischer, <\/em><em>Samuel Heide<\/em><em>. Projekt von <\/em><em>Das Vawdrey-Haus<\/em><em>.<\/em><\/p>\n<\/div>\n<\/figcaption><\/figure>\n<p>Erwecken Sie den ruhigen, rustikalen Geist des alpinen Designs hervor, indem Sie in Ihrem Badezimmer eine gem\u00fctliche, mit Holz verkleidete Fensterbank installieren. Sophie Chapman, eine Mitarbeiterin von The Vawdrey House, hat bei diesem Dachgeschoss eindeutig den \u00dcberblick verloren, indem sie sich den ung\u00fcnstig geformten Raum mit schr\u00e4gen Decken zunutze gemacht hat, um einen Fensterplatz zu schaffen, auf dem die Eigent\u00fcmer sitzen und die weite Aussicht auf die Baumwipfel genie\u00dfen k\u00f6nnen.<\/p>\n<p>Die als ruhiger, erholsamer Zufluchtsort konzipierte Giebelwand wurde mit recycelten Dielen verkleidet und mit Kissen in Naturt\u00f6nen gef\u00fcllt. \u201eDadurch werden die harten Oberfl\u00e4chen der Badezimmerarmaturen weicher und verleihen W\u00e4rme und Struktur.\u201c \u201eEs ist der perfekte Ort, um mit einem Buch zu entspannen oder sich mit jemandem zu unterhalten, der sich in der Badewanne entspannt\u201c, sagt Sophie.<\/p>\n<div class=\"product-container hero-product-container product-block-no-wrap\"><\/div>\n<hr>\n<p>Zweifellos gibt es viele Gr\u00fcnde, warum ein \u201eAlpenbad\u201c das Richtige f\u00fcr Sie sein k\u00f6nnte. Badezimmer sind R\u00e4ume, in denen wir uns nat\u00fcrlich entspannen und verw\u00f6hnen lassen m\u00f6chten, und die holzige, sauna\u00e4hnliche Gem\u00fctlichkeit eines R\u00fcckzugsortes in den Bergen passt sicherlich zu dieser Stimmung der Selbstf\u00fcrsorge.<\/p>\n<p>Wenn es eine M\u00f6glichkeit gibt, den rustikalen Look mit dem Rest Ihres Zuhauses und Ihrer Umgebung zu verbinden, k\u00f6nnte dies die perfekte praktische M\u00f6glichkeit sein, eine t\u00e4gliche Dosis der Medizin einzuf\u00fchren, die die herrlich frische Luft der Alpenregion bietet in Ihr t\u00e4gliches Leben.<\/p>\n<\/div>\n","protected":false},"excerpt":{"rendered":"<p>Wir haben einen neuen Trend am Horizont entdeckt: den faszinierenden Aufstieg eines alpin inspirierten Badezimmers. Diese Zimmer zeichnen sich durch eine Holznote aus, die Sie<\/p>\n","protected":false},"author":1,"featured_media":2384,"comment_status":"closed","ping_status":"","sticky":false,"template":"","format":"standard","meta":{"footnotes":""},"categories":[118],"tags":[4052,2411,2250,143,208,43,164,934,163,4053,781,306,165,326,26,429],"class_list":["post-2383","post","type-post","status-publish","format-standard","has-post-thumbnail","hentry","category-haus-garten","tag-alpinen","tag-badezimmer","tag-beweisen","tag-diese","tag-diesen","tag-ein","tag-erfahren","tag-gemuetlich","tag-hier","tag-hinbekommen","tag-kann","tag-sein","tag-sie","tag-trendigen","tag-wie","tag-wirklich","generate-columns","tablet-grid-50","mobile-grid-100","grid-parent","grid-50"],"yoast_head":"<!-- This site is optimized with the Yoast SEO plugin v27.3 - https:\/\/yoast.com\/product\/yoast-seo-wordpress\/ -->\n<title>Diese alpinen Badezimmer beweisen, wie gem\u00fctlich ein Badezimmer wirklich sein kann \u2013 hier erfahren Sie, wie Sie diesen trendigen Look hinbekommen - Nachrichten - Stra\u00dfenweb<\/title>\n<meta name=\"robots\" content=\"index, follow, max-snippet:-1, max-image-preview:large, max-video-preview:-1\" \/>\n<link rel=\"canonical\" href=\"https:\/\/www.strassenweb.de\/nachrichten\/diese-alpinen-badezimmer-beweisen-wie-gemuetlich-ein-badezimmer-wirklich-sein-kann-hier-erfahren-sie-wie-sie-diesen-trendigen-look-hinbekommen\/\" \/>\n<meta property=\"og:locale\" content=\"de_DE\" \/>\n<meta property=\"og:type\" content=\"article\" \/>\n<meta property=\"og:title\" content=\"Diese alpinen Badezimmer beweisen, wie gem\u00fctlich ein Badezimmer wirklich sein kann \u2013 hier erfahren Sie, wie Sie diesen trendigen Look hinbekommen - Nachrichten - Stra\u00dfenweb\" \/>\n<meta property=\"og:description\" content=\"Wir haben einen neuen Trend am Horizont entdeckt: den faszinierenden Aufstieg eines alpin inspirierten Badezimmers. Diese Zimmer zeichnen sich durch eine Holznote aus, die Sie\" \/>\n<meta property=\"og:url\" content=\"https:\/\/www.strassenweb.de\/nachrichten\/diese-alpinen-badezimmer-beweisen-wie-gemuetlich-ein-badezimmer-wirklich-sein-kann-hier-erfahren-sie-wie-sie-diesen-trendigen-look-hinbekommen\/\" \/>\n<meta property=\"og:site_name\" content=\"Stra\u00dfenweb\" \/>\n<meta property=\"article:publisher\" content=\"https:\/\/www.facebook.com\/strassenweb\/\" \/>\n<meta property=\"article:published_time\" content=\"2024-12-28T06:39:52+00:00\" \/>\n<meta property=\"article:modified_time\" content=\"2024-12-28T06:39:53+00:00\" \/>\n<meta property=\"og:image\" content=\"https:\/\/www.strassenweb.de\/nachrichten\/wp-content\/uploads\/2024\/12\/Diese-alpinen-Badezimmer-beweisen-wie-gemuetlich-ein-Badezimmer-wirklich-sein.jpg\" \/>\n\t<meta property=\"og:image:width\" content=\"1200\" \/>\n\t<meta property=\"og:image:height\" content=\"675\" \/>\n\t<meta property=\"og:image:type\" content=\"image\/jpeg\" \/>\n<meta name=\"author\" content=\"Robert Hoffmann\" \/>\n<meta name=\"twitter:card\" content=\"summary_large_image\" \/>\n<meta name=\"twitter:label1\" content=\"Verfasst von\" \/>\n\t<meta name=\"twitter:data1\" content=\"Robert Hoffmann\" \/>\n\t<meta name=\"twitter:label2\" content=\"Gesch\u00e4tzte Lesezeit\" \/>\n\t<meta name=\"twitter:data2\" content=\"5\u00a0Minuten\" \/>\n<script type=\"application\/ld+json\" class=\"yoast-schema-graph\">{\"@context\":\"https:\\\/\\\/schema.org\",\"@graph\":[{\"@type\":\"Article\",\"@id\":\"https:\\\/\\\/www.strassenweb.de\\\/nachrichten\\\/diese-alpinen-badezimmer-beweisen-wie-gemuetlich-ein-badezimmer-wirklich-sein-kann-hier-erfahren-sie-wie-sie-diesen-trendigen-look-hinbekommen\\\/#article\",\"isPartOf\":{\"@id\":\"https:\\\/\\\/www.strassenweb.de\\\/nachrichten\\\/diese-alpinen-badezimmer-beweisen-wie-gemuetlich-ein-badezimmer-wirklich-sein-kann-hier-erfahren-sie-wie-sie-diesen-trendigen-look-hinbekommen\\\/\"},\"author\":{\"name\":\"Robert Hoffmann\",\"@id\":\"https:\\\/\\\/www.strassenweb.de\\\/nachrichten\\\/#\\\/schema\\\/person\\\/87c9c9067f1211da429a744dc5a5aa41\"},\"headline\":\"Diese alpinen Badezimmer beweisen, wie gem\u00fctlich ein Badezimmer wirklich sein kann \u2013 hier erfahren Sie, wie Sie diesen trendigen Look hinbekommen\",\"datePublished\":\"2024-12-28T06:39:52+00:00\",\"dateModified\":\"2024-12-28T06:39:53+00:00\",\"mainEntityOfPage\":{\"@id\":\"https:\\\/\\\/www.strassenweb.de\\\/nachrichten\\\/diese-alpinen-badezimmer-beweisen-wie-gemuetlich-ein-badezimmer-wirklich-sein-kann-hier-erfahren-sie-wie-sie-diesen-trendigen-look-hinbekommen\\\/\"},\"wordCount\":998,\"publisher\":{\"@id\":\"https:\\\/\\\/www.strassenweb.de\\\/nachrichten\\\/#organization\"},\"image\":{\"@id\":\"https:\\\/\\\/www.strassenweb.de\\\/nachrichten\\\/diese-alpinen-badezimmer-beweisen-wie-gemuetlich-ein-badezimmer-wirklich-sein-kann-hier-erfahren-sie-wie-sie-diesen-trendigen-look-hinbekommen\\\/#primaryimage\"},\"thumbnailUrl\":\"https:\\\/\\\/www.strassenweb.de\\\/nachrichten\\\/wp-content\\\/uploads\\\/2024\\\/12\\\/Diese-alpinen-Badezimmer-beweisen-wie-gemuetlich-ein-Badezimmer-wirklich-sein.jpg\",\"keywords\":[\"alpinen\",\"Badezimmer\",\"beweisen\",\"diese\",\"diesen\",\"ein\",\"erfahren\",\"gem\u00fctlich\",\"hier\",\"hinbekommen\",\"kann\",\"sein\",\"Sie\",\"trendigen\",\"Wie\",\"wirklich\"],\"articleSection\":[\"Haus &amp; Garten\"],\"inLanguage\":\"de\"},{\"@type\":\"WebPage\",\"@id\":\"https:\\\/\\\/www.strassenweb.de\\\/nachrichten\\\/diese-alpinen-badezimmer-beweisen-wie-gemuetlich-ein-badezimmer-wirklich-sein-kann-hier-erfahren-sie-wie-sie-diesen-trendigen-look-hinbekommen\\\/\",\"url\":\"https:\\\/\\\/www.strassenweb.de\\\/nachrichten\\\/diese-alpinen-badezimmer-beweisen-wie-gemuetlich-ein-badezimmer-wirklich-sein-kann-hier-erfahren-sie-wie-sie-diesen-trendigen-look-hinbekommen\\\/\",\"name\":\"Diese alpinen Badezimmer beweisen, wie gem\u00fctlich ein Badezimmer wirklich sein kann \u2013 hier erfahren Sie, wie Sie diesen trendigen Look hinbekommen - Nachrichten - Stra\u00dfenweb\",\"isPartOf\":{\"@id\":\"https:\\\/\\\/www.strassenweb.de\\\/nachrichten\\\/#website\"},\"primaryImageOfPage\":{\"@id\":\"https:\\\/\\\/www.strassenweb.de\\\/nachrichten\\\/diese-alpinen-badezimmer-beweisen-wie-gemuetlich-ein-badezimmer-wirklich-sein-kann-hier-erfahren-sie-wie-sie-diesen-trendigen-look-hinbekommen\\\/#primaryimage\"},\"image\":{\"@id\":\"https:\\\/\\\/www.strassenweb.de\\\/nachrichten\\\/diese-alpinen-badezimmer-beweisen-wie-gemuetlich-ein-badezimmer-wirklich-sein-kann-hier-erfahren-sie-wie-sie-diesen-trendigen-look-hinbekommen\\\/#primaryimage\"},\"thumbnailUrl\":\"https:\\\/\\\/www.strassenweb.de\\\/nachrichten\\\/wp-content\\\/uploads\\\/2024\\\/12\\\/Diese-alpinen-Badezimmer-beweisen-wie-gemuetlich-ein-Badezimmer-wirklich-sein.jpg\",\"datePublished\":\"2024-12-28T06:39:52+00:00\",\"dateModified\":\"2024-12-28T06:39:53+00:00\",\"breadcrumb\":{\"@id\":\"https:\\\/\\\/www.strassenweb.de\\\/nachrichten\\\/diese-alpinen-badezimmer-beweisen-wie-gemuetlich-ein-badezimmer-wirklich-sein-kann-hier-erfahren-sie-wie-sie-diesen-trendigen-look-hinbekommen\\\/#breadcrumb\"},\"inLanguage\":\"de\",\"potentialAction\":[{\"@type\":\"ReadAction\",\"target\":[\"https:\\\/\\\/www.strassenweb.de\\\/nachrichten\\\/diese-alpinen-badezimmer-beweisen-wie-gemuetlich-ein-badezimmer-wirklich-sein-kann-hier-erfahren-sie-wie-sie-diesen-trendigen-look-hinbekommen\\\/\"]}]},{\"@type\":\"ImageObject\",\"inLanguage\":\"de\",\"@id\":\"https:\\\/\\\/www.strassenweb.de\\\/nachrichten\\\/diese-alpinen-badezimmer-beweisen-wie-gemuetlich-ein-badezimmer-wirklich-sein-kann-hier-erfahren-sie-wie-sie-diesen-trendigen-look-hinbekommen\\\/#primaryimage\",\"url\":\"https:\\\/\\\/www.strassenweb.de\\\/nachrichten\\\/wp-content\\\/uploads\\\/2024\\\/12\\\/Diese-alpinen-Badezimmer-beweisen-wie-gemuetlich-ein-Badezimmer-wirklich-sein.jpg\",\"contentUrl\":\"https:\\\/\\\/www.strassenweb.de\\\/nachrichten\\\/wp-content\\\/uploads\\\/2024\\\/12\\\/Diese-alpinen-Badezimmer-beweisen-wie-gemuetlich-ein-Badezimmer-wirklich-sein.jpg\",\"width\":1200,\"height\":675,\"caption\":\"Diese alpinen Badezimmer beweisen, wie gem\u00fctlich ein Badezimmer wirklich sein kann \u2013 hier erfahren Sie, wie Sie diesen trendigen Look hinbekommen\"},{\"@type\":\"BreadcrumbList\",\"@id\":\"https:\\\/\\\/www.strassenweb.de\\\/nachrichten\\\/diese-alpinen-badezimmer-beweisen-wie-gemuetlich-ein-badezimmer-wirklich-sein-kann-hier-erfahren-sie-wie-sie-diesen-trendigen-look-hinbekommen\\\/#breadcrumb\",\"itemListElement\":[{\"@type\":\"ListItem\",\"position\":1,\"name\":\"Home\",\"item\":\"https:\\\/\\\/www.strassenweb.de\\\/nachrichten\\\/\"},{\"@type\":\"ListItem\",\"position\":2,\"name\":\"Diese alpinen Badezimmer beweisen, wie gem\u00fctlich ein Badezimmer wirklich sein kann \u2013 hier erfahren Sie, wie Sie diesen trendigen Look hinbekommen\"}]},{\"@type\":\"WebSite\",\"@id\":\"https:\\\/\\\/www.strassenweb.de\\\/nachrichten\\\/#website\",\"url\":\"https:\\\/\\\/www.strassenweb.de\\\/nachrichten\\\/\",\"name\":\"Stra\u00dfenweb\",\"description\":\"Stra\u00dfenverzeichnis f\u00fcr Deutschland\",\"publisher\":{\"@id\":\"https:\\\/\\\/www.strassenweb.de\\\/nachrichten\\\/#organization\"},\"potentialAction\":[{\"@type\":\"SearchAction\",\"target\":{\"@type\":\"EntryPoint\",\"urlTemplate\":\"https:\\\/\\\/www.strassenweb.de\\\/nachrichten\\\/?s={search_term_string}\"},\"query-input\":{\"@type\":\"PropertyValueSpecification\",\"valueRequired\":true,\"valueName\":\"search_term_string\"}}],\"inLanguage\":\"de\"},{\"@type\":\"Organization\",\"@id\":\"https:\\\/\\\/www.strassenweb.de\\\/nachrichten\\\/#organization\",\"name\":\"Stra\u00dfenweb\",\"url\":\"https:\\\/\\\/www.strassenweb.de\\\/nachrichten\\\/\",\"logo\":{\"@type\":\"ImageObject\",\"inLanguage\":\"de\",\"@id\":\"https:\\\/\\\/www.strassenweb.de\\\/nachrichten\\\/#\\\/schema\\\/logo\\\/image\\\/\",\"url\":\"https:\\\/\\\/www.strassenweb.de\\\/nachrichten\\\/wp-content\\\/uploads\\\/2024\\\/09\\\/cropped-favicon.png\",\"contentUrl\":\"https:\\\/\\\/www.strassenweb.de\\\/nachrichten\\\/wp-content\\\/uploads\\\/2024\\\/09\\\/cropped-favicon.png\",\"width\":512,\"height\":512,\"caption\":\"Stra\u00dfenweb\"},\"image\":{\"@id\":\"https:\\\/\\\/www.strassenweb.de\\\/nachrichten\\\/#\\\/schema\\\/logo\\\/image\\\/\"},\"sameAs\":[\"https:\\\/\\\/www.facebook.com\\\/strassenweb\\\/\"]},{\"@type\":\"Person\",\"@id\":\"https:\\\/\\\/www.strassenweb.de\\\/nachrichten\\\/#\\\/schema\\\/person\\\/87c9c9067f1211da429a744dc5a5aa41\",\"name\":\"Robert Hoffmann\",\"image\":{\"@type\":\"ImageObject\",\"inLanguage\":\"de\",\"@id\":\"https:\\\/\\\/www.strassenweb.de\\\/nachrichten\\\/wp-content\\\/uploads\\\/2024\\\/09\\\/strassenweb-150x150.jpg\",\"url\":\"https:\\\/\\\/www.strassenweb.de\\\/nachrichten\\\/wp-content\\\/uploads\\\/2024\\\/09\\\/strassenweb-150x150.jpg\",\"contentUrl\":\"https:\\\/\\\/www.strassenweb.de\\\/nachrichten\\\/wp-content\\\/uploads\\\/2024\\\/09\\\/strassenweb-150x150.jpg\",\"caption\":\"Robert Hoffmann\"},\"description\":\"Ich hei\u00dfe Robert Hoffmann und ich bin ein leidenschaftlicher Verfechter von \u00d6kologie und Biodiversit\u00e4t. Seit meiner Kindheit in den W\u00e4ldern Bayerns f\u00fchle ich mich mit der Natur verbunden und bin entschlossen, sie zu sch\u00fctzen. Heute widme ich mein Leben der Sensibilisierung anderer f\u00fcr die Bedeutung des Umweltschutzes f\u00fcr zuk\u00fcnftige Generationen.\",\"sameAs\":[\"https:\\\/\\\/www.strassenweb.de\\\/\"]}]}<\/script>\n<!-- \/ Yoast SEO plugin. -->","yoast_head_json":{"title":"Diese alpinen Badezimmer beweisen, wie gem\u00fctlich ein Badezimmer wirklich sein kann \u2013 hier erfahren Sie, wie Sie diesen trendigen Look hinbekommen - Nachrichten - Stra\u00dfenweb","robots":{"index":"index","follow":"follow","max-snippet":"max-snippet:-1","max-image-preview":"max-image-preview:large","max-video-preview":"max-video-preview:-1"},"canonical":"https:\/\/www.strassenweb.de\/nachrichten\/diese-alpinen-badezimmer-beweisen-wie-gemuetlich-ein-badezimmer-wirklich-sein-kann-hier-erfahren-sie-wie-sie-diesen-trendigen-look-hinbekommen\/","og_locale":"de_DE","og_type":"article","og_title":"Diese alpinen Badezimmer beweisen, wie gem\u00fctlich ein Badezimmer wirklich sein kann \u2013 hier erfahren Sie, wie Sie diesen trendigen Look hinbekommen - Nachrichten - Stra\u00dfenweb","og_description":"Wir haben einen neuen Trend am Horizont entdeckt: den faszinierenden Aufstieg eines alpin inspirierten Badezimmers. Diese Zimmer zeichnen sich durch eine Holznote aus, die Sie","og_url":"https:\/\/www.strassenweb.de\/nachrichten\/diese-alpinen-badezimmer-beweisen-wie-gemuetlich-ein-badezimmer-wirklich-sein-kann-hier-erfahren-sie-wie-sie-diesen-trendigen-look-hinbekommen\/","og_site_name":"Stra\u00dfenweb","article_publisher":"https:\/\/www.facebook.com\/strassenweb\/","article_published_time":"2024-12-28T06:39:52+00:00","article_modified_time":"2024-12-28T06:39:53+00:00","og_image":[{"width":1200,"height":675,"url":"https:\/\/www.strassenweb.de\/nachrichten\/wp-content\/uploads\/2024\/12\/Diese-alpinen-Badezimmer-beweisen-wie-gemuetlich-ein-Badezimmer-wirklich-sein.jpg","type":"image\/jpeg"}],"author":"Robert Hoffmann","twitter_card":"summary_large_image","twitter_misc":{"Verfasst von":"Robert Hoffmann","Gesch\u00e4tzte Lesezeit":"5\u00a0Minuten"},"schema":{"@context":"https:\/\/schema.org","@graph":[{"@type":"Article","@id":"https:\/\/www.strassenweb.de\/nachrichten\/diese-alpinen-badezimmer-beweisen-wie-gemuetlich-ein-badezimmer-wirklich-sein-kann-hier-erfahren-sie-wie-sie-diesen-trendigen-look-hinbekommen\/#article","isPartOf":{"@id":"https:\/\/www.strassenweb.de\/nachrichten\/diese-alpinen-badezimmer-beweisen-wie-gemuetlich-ein-badezimmer-wirklich-sein-kann-hier-erfahren-sie-wie-sie-diesen-trendigen-look-hinbekommen\/"},"author":{"name":"Robert Hoffmann","@id":"https:\/\/www.strassenweb.de\/nachrichten\/#\/schema\/person\/87c9c9067f1211da429a744dc5a5aa41"},"headline":"Diese alpinen Badezimmer beweisen, wie gem\u00fctlich ein Badezimmer wirklich sein kann \u2013 hier erfahren Sie, wie Sie diesen trendigen Look hinbekommen","datePublished":"2024-12-28T06:39:52+00:00","dateModified":"2024-12-28T06:39:53+00:00","mainEntityOfPage":{"@id":"https:\/\/www.strassenweb.de\/nachrichten\/diese-alpinen-badezimmer-beweisen-wie-gemuetlich-ein-badezimmer-wirklich-sein-kann-hier-erfahren-sie-wie-sie-diesen-trendigen-look-hinbekommen\/"},"wordCount":998,"publisher":{"@id":"https:\/\/www.strassenweb.de\/nachrichten\/#organization"},"image":{"@id":"https:\/\/www.strassenweb.de\/nachrichten\/diese-alpinen-badezimmer-beweisen-wie-gemuetlich-ein-badezimmer-wirklich-sein-kann-hier-erfahren-sie-wie-sie-diesen-trendigen-look-hinbekommen\/#primaryimage"},"thumbnailUrl":"https:\/\/www.strassenweb.de\/nachrichten\/wp-content\/uploads\/2024\/12\/Diese-alpinen-Badezimmer-beweisen-wie-gemuetlich-ein-Badezimmer-wirklich-sein.jpg","keywords":["alpinen","Badezimmer","beweisen","diese","diesen","ein","erfahren","gem\u00fctlich","hier","hinbekommen","kann","sein","Sie","trendigen","Wie","wirklich"],"articleSection":["Haus &amp; Garten"],"inLanguage":"de"},{"@type":"WebPage","@id":"https:\/\/www.strassenweb.de\/nachrichten\/diese-alpinen-badezimmer-beweisen-wie-gemuetlich-ein-badezimmer-wirklich-sein-kann-hier-erfahren-sie-wie-sie-diesen-trendigen-look-hinbekommen\/","url":"https:\/\/www.strassenweb.de\/nachrichten\/diese-alpinen-badezimmer-beweisen-wie-gemuetlich-ein-badezimmer-wirklich-sein-kann-hier-erfahren-sie-wie-sie-diesen-trendigen-look-hinbekommen\/","name":"Diese alpinen Badezimmer beweisen, wie gem\u00fctlich ein Badezimmer wirklich sein kann \u2013 hier erfahren Sie, wie Sie diesen trendigen Look hinbekommen - Nachrichten - Stra\u00dfenweb","isPartOf":{"@id":"https:\/\/www.strassenweb.de\/nachrichten\/#website"},"primaryImageOfPage":{"@id":"https:\/\/www.strassenweb.de\/nachrichten\/diese-alpinen-badezimmer-beweisen-wie-gemuetlich-ein-badezimmer-wirklich-sein-kann-hier-erfahren-sie-wie-sie-diesen-trendigen-look-hinbekommen\/#primaryimage"},"image":{"@id":"https:\/\/www.strassenweb.de\/nachrichten\/diese-alpinen-badezimmer-beweisen-wie-gemuetlich-ein-badezimmer-wirklich-sein-kann-hier-erfahren-sie-wie-sie-diesen-trendigen-look-hinbekommen\/#primaryimage"},"thumbnailUrl":"https:\/\/www.strassenweb.de\/nachrichten\/wp-content\/uploads\/2024\/12\/Diese-alpinen-Badezimmer-beweisen-wie-gemuetlich-ein-Badezimmer-wirklich-sein.jpg","datePublished":"2024-12-28T06:39:52+00:00","dateModified":"2024-12-28T06:39:53+00:00","breadcrumb":{"@id":"https:\/\/www.strassenweb.de\/nachrichten\/diese-alpinen-badezimmer-beweisen-wie-gemuetlich-ein-badezimmer-wirklich-sein-kann-hier-erfahren-sie-wie-sie-diesen-trendigen-look-hinbekommen\/#breadcrumb"},"inLanguage":"de","potentialAction":[{"@type":"ReadAction","target":["https:\/\/www.strassenweb.de\/nachrichten\/diese-alpinen-badezimmer-beweisen-wie-gemuetlich-ein-badezimmer-wirklich-sein-kann-hier-erfahren-sie-wie-sie-diesen-trendigen-look-hinbekommen\/"]}]},{"@type":"ImageObject","inLanguage":"de","@id":"https:\/\/www.strassenweb.de\/nachrichten\/diese-alpinen-badezimmer-beweisen-wie-gemuetlich-ein-badezimmer-wirklich-sein-kann-hier-erfahren-sie-wie-sie-diesen-trendigen-look-hinbekommen\/#primaryimage","url":"https:\/\/www.strassenweb.de\/nachrichten\/wp-content\/uploads\/2024\/12\/Diese-alpinen-Badezimmer-beweisen-wie-gemuetlich-ein-Badezimmer-wirklich-sein.jpg","contentUrl":"https:\/\/www.strassenweb.de\/nachrichten\/wp-content\/uploads\/2024\/12\/Diese-alpinen-Badezimmer-beweisen-wie-gemuetlich-ein-Badezimmer-wirklich-sein.jpg","width":1200,"height":675,"caption":"Diese alpinen Badezimmer beweisen, wie gem\u00fctlich ein Badezimmer wirklich sein kann \u2013 hier erfahren Sie, wie Sie diesen trendigen Look hinbekommen"},{"@type":"BreadcrumbList","@id":"https:\/\/www.strassenweb.de\/nachrichten\/diese-alpinen-badezimmer-beweisen-wie-gemuetlich-ein-badezimmer-wirklich-sein-kann-hier-erfahren-sie-wie-sie-diesen-trendigen-look-hinbekommen\/#breadcrumb","itemListElement":[{"@type":"ListItem","position":1,"name":"Home","item":"https:\/\/www.strassenweb.de\/nachrichten\/"},{"@type":"ListItem","position":2,"name":"Diese alpinen Badezimmer beweisen, wie gem\u00fctlich ein Badezimmer wirklich sein kann \u2013 hier erfahren Sie, wie Sie diesen trendigen Look hinbekommen"}]},{"@type":"WebSite","@id":"https:\/\/www.strassenweb.de\/nachrichten\/#website","url":"https:\/\/www.strassenweb.de\/nachrichten\/","name":"Stra\u00dfenweb","description":"Stra\u00dfenverzeichnis f\u00fcr Deutschland","publisher":{"@id":"https:\/\/www.strassenweb.de\/nachrichten\/#organization"},"potentialAction":[{"@type":"SearchAction","target":{"@type":"EntryPoint","urlTemplate":"https:\/\/www.strassenweb.de\/nachrichten\/?s={search_term_string}"},"query-input":{"@type":"PropertyValueSpecification","valueRequired":true,"valueName":"search_term_string"}}],"inLanguage":"de"},{"@type":"Organization","@id":"https:\/\/www.strassenweb.de\/nachrichten\/#organization","name":"Stra\u00dfenweb","url":"https:\/\/www.strassenweb.de\/nachrichten\/","logo":{"@type":"ImageObject","inLanguage":"de","@id":"https:\/\/www.strassenweb.de\/nachrichten\/#\/schema\/logo\/image\/","url":"https:\/\/www.strassenweb.de\/nachrichten\/wp-content\/uploads\/2024\/09\/cropped-favicon.png","contentUrl":"https:\/\/www.strassenweb.de\/nachrichten\/wp-content\/uploads\/2024\/09\/cropped-favicon.png","width":512,"height":512,"caption":"Stra\u00dfenweb"},"image":{"@id":"https:\/\/www.strassenweb.de\/nachrichten\/#\/schema\/logo\/image\/"},"sameAs":["https:\/\/www.facebook.com\/strassenweb\/"]},{"@type":"Person","@id":"https:\/\/www.strassenweb.de\/nachrichten\/#\/schema\/person\/87c9c9067f1211da429a744dc5a5aa41","name":"Robert Hoffmann","image":{"@type":"ImageObject","inLanguage":"de","@id":"https:\/\/www.strassenweb.de\/nachrichten\/wp-content\/uploads\/2024\/09\/strassenweb-150x150.jpg","url":"https:\/\/www.strassenweb.de\/nachrichten\/wp-content\/uploads\/2024\/09\/strassenweb-150x150.jpg","contentUrl":"https:\/\/www.strassenweb.de\/nachrichten\/wp-content\/uploads\/2024\/09\/strassenweb-150x150.jpg","caption":"Robert Hoffmann"},"description":"Ich hei\u00dfe Robert Hoffmann und ich bin ein leidenschaftlicher Verfechter von \u00d6kologie und Biodiversit\u00e4t. Seit meiner Kindheit in den W\u00e4ldern Bayerns f\u00fchle ich mich mit der Natur verbunden und bin entschlossen, sie zu sch\u00fctzen. Heute widme ich mein Leben der Sensibilisierung anderer f\u00fcr die Bedeutung des Umweltschutzes f\u00fcr zuk\u00fcnftige Generationen.","sameAs":["https:\/\/www.strassenweb.de\/"]}]}},"_links":{"self":[{"href":"https:\/\/www.strassenweb.de\/nachrichten\/wp-json\/wp\/v2\/posts\/2383","targetHints":{"allow":["GET"]}}],"collection":[{"href":"https:\/\/www.strassenweb.de\/nachrichten\/wp-json\/wp\/v2\/posts"}],"about":[{"href":"https:\/\/www.strassenweb.de\/nachrichten\/wp-json\/wp\/v2\/types\/post"}],"author":[{"embeddable":true,"href":"https:\/\/www.strassenweb.de\/nachrichten\/wp-json\/wp\/v2\/users\/1"}],"replies":[{"embeddable":true,"href":"https:\/\/www.strassenweb.de\/nachrichten\/wp-json\/wp\/v2\/comments?post=2383"}],"version-history":[{"count":0,"href":"https:\/\/www.strassenweb.de\/nachrichten\/wp-json\/wp\/v2\/posts\/2383\/revisions"}],"wp:featuredmedia":[{"embeddable":true,"href":"https:\/\/www.strassenweb.de\/nachrichten\/wp-json\/wp\/v2\/media\/2384"}],"wp:attachment":[{"href":"https:\/\/www.strassenweb.de\/nachrichten\/wp-json\/wp\/v2\/media?parent=2383"}],"wp:term":[{"taxonomy":"category","embeddable":true,"href":"https:\/\/www.strassenweb.de\/nachrichten\/wp-json\/wp\/v2\/categories?post=2383"},{"taxonomy":"post_tag","embeddable":true,"href":"https:\/\/www.strassenweb.de\/nachrichten\/wp-json\/wp\/v2\/tags?post=2383"}],"curies":[{"name":"wp","href":"https:\/\/api.w.org\/{rel}","templated":true}]}}