{"id":2381,"date":"2024-12-28T03:45:36","date_gmt":"2024-12-28T02:45:36","guid":{"rendered":"https:\/\/www.strassenweb.de\/nachrichten\/laut-experten-wird-anne-hathaways-unerwartete-kuechenschrankfarbe-im-jahr-2025-unsere-haeuser-erobern\/"},"modified":"2024-12-28T03:45:36","modified_gmt":"2024-12-28T02:45:36","slug":"laut-experten-wird-anne-hathaways-unerwartete-kuechenschrankfarbe-im-jahr-2025-unsere-haeuser-erobern","status":"publish","type":"post","link":"https:\/\/www.strassenweb.de\/nachrichten\/laut-experten-wird-anne-hathaways-unerwartete-kuechenschrankfarbe-im-jahr-2025-unsere-haeuser-erobern\/","title":{"rendered":"Laut Experten wird Anne Hathaways unerwartete K\u00fcchenschrankfarbe im Jahr 2025 unsere H\u00e4user erobern"},"content":{"rendered":"<p><\/p>\n<div id=\"article-body\" class=\"article__body \">\n<p>Gibt es etwas, das besser zum Jahr 2025 passt als ein meerschaumgr\u00fcnes Farbschema? In einer Zeit, in der unser Gl\u00fcck und unsere Gesundheit wichtiger denn je zu sein scheinen, ist es nur richtig, dass wir uns in Farbt\u00f6nen umgeben m\u00f6chten, die Natur, Wachstum und Erneuerung symbolisieren.<\/p>\n<div id=\"ad-unit-1\" class=\"ad-unit\"><\/div>\n<p>Dies ist auch Innenarchitekten und Dekorateuren nicht verborgen geblieben, die die Kraft des Gr\u00fcns erkannt und es auf intelligente und raffinierte Weise wieder in ihre K\u00fcchenideen integriert haben. Tats\u00e4chlich sagen viele Trend- und Farbprognostiker voraus, dass diese Farbe bis weit in das Jahr 2026 hinein wieder an Beliebtheit gewinnen wird. Auf fantasievolle Weise eingesetzt, ist es eine Farbe, die \u00fcber alle Modeerscheinungen hinausgeht.<\/p>\n<aside class=\"hawk-nest\" data-block-type=\"embed\" data-render-type=\"fte\" data-skip=\"dealsy\" data-widget-type=\"seasonal\">\n<div class=\"hawk-master-widget-hawk-base-wrapper\"><\/div>\n<\/aside>\n<p>Wenn es darum geht, im Jahr 2025 mit Gr\u00fcn zu dekorieren, bemerken wir eine Abkehr vom einst beliebten Marineblau hin zu Mittelt\u00f6nen, die sich viel frischer anf\u00fchlen. Erwarten Sie im Jahr 2025 Farben wie Meeresschaum, Pistazien und Minze, die f\u00fcr eine kr\u00e4ftige und dennoch ruhige Farbdosis sorgen.<\/p>\n<div id=\"desktop-in-article\" class=\"in-article ad-unit\">\n<div id=\"desktop-taboola-mid-article\"><\/div>\n<\/div>\n<div id=\"mobile-in-article\" class=\"in-article ad-unit\">\n<div id=\"mobile-taboola-mid-article\"><\/div>\n<\/div>\n<p>In der modernen, rustikalen K\u00fcche der Schauspielerin Anne Hathaway singt die dezente hellgr\u00fcne Farbgebung der K\u00fcchenschr\u00e4nke eher, als dass sie schreit. Der Schirm ist transformierend, wenn er in der K\u00fcche verwendet wird. Es ist eine vielseitige Farbe, die sich perfekt dazu eignet, in belebten R\u00e4umen Ruhe zu schaffen oder ruhigen R\u00e4umen Ruhe zu verleihen. Meeresschaumgr\u00fcn erinnert an w\u00e4rmere Klimazonen und bildet einen wundersch\u00f6nen Hintergrund f\u00fcr fast jeden anderen neutralen Farbton.<\/p>\n<div class=\"van_vid_carousel\">\n<div class=\"van_vid_carousel__padding\">\n<div class=\"van_vid_carousel__container\"><\/div>\n<\/div>\n<\/div>\n<div class=\"instagram-embed\">\n<blockquote class=\"instagram-media\" data-instgrm-captioned data-instgrm-version=\"6\" style=\"width:99.375%; width:-webkit-calc(100% - 2px); width:calc(100% - 2px);\">\n<p>Ein von Studio Shamshiri (@studioshamshiri) geteilter Beitrag<\/p>\n<p>Ein Foto gepostet von am <\/p>\n<\/blockquote>\n<\/div>\n<p>Ruhig und doch aufmunternd wirkt dieses ged\u00e4mpfte Gr\u00fcn wie eine Neutralit\u00e4t im Innendesign und durchdringt R\u00e4ume mit den beruhigenden T\u00f6nen der Natur. Belebte R\u00e4ume profitieren oft von ged\u00e4mpften und ruhigeren Farben und eine K\u00fcche mit ihrem modernen Status als Mittelpunkt des Zuhauses ist nur einer dieser R\u00e4ume.<\/p>\n<div id=\"ad-unit-2\" class=\"ad-unit\"><\/div>\n<p>Gr\u00fcn steht f\u00fcr die Best\u00e4ndigkeit und Sch\u00f6nheit der Natur und ist eine zeitlose Wahl f\u00fcr ruhige Luxusk\u00fcchen. Die Dekoration mit Gr\u00fcn, insbesondere in seinen helleren Variationen, ist im Allgemeinen eine entspannende Farbe. Als Raumfarbe, die die Natur repr\u00e4sentiert, gibt sie uns ein gutes und positives Gef\u00fchl. Ein grundlegender Wunsch f\u00fcr das Herzst\u00fcck des Hauses.<\/p>\n<p>Patrick O&#8217;Donnell, Markenbotschafter von Farrow &#038; Ball, stimmt zu: \u201eEs macht Freude, Gr\u00fcn zu verwenden: die Prim\u00e4rfarbe der Natur.\u201c Es ist die perfekte Option, um f\u00fcr Ruhe und Gelassenheit zu sorgen, und kann daher auch in den belebtesten R\u00e4umen des Hauses eingesetzt werden, um sicherzustellen, dass es ein Ort der Behaglichkeit bleibt. Es symbolisiert Erneuerung und Wachstum.&#8216;<\/p>\n<div id=\"slice-container-newsletterForm-articleInbodyContent-Z32tNody5WJEG2tjVuDKyd\" class=\"slice-container newsletter-inbodyContent-slice newsletterForm-articleInbodyContent-Z32tNody5WJEG2tjVuDKyd slice-container-newsletterForm\"><\/div>\n<p>In dieser modernen, rustikalen K\u00fcche ist der vom karibischen Meer inspirierte hellgr\u00fcne Farbton ein Dauerbrenner f\u00fcr klassische und zeitlose Dekorationen. Dieser farbver\u00e4ndernde Farbton ist einer der cleversten Gr\u00fcnt\u00f6ne im Spektrum und vereint subtile Blau- und Gr\u00fcnt\u00f6ne, was ihn zu einer anspruchsvollen Wahl f\u00fcr moderne H\u00e4user macht und mit seinem organischen Ursprung auch biophile Vorteile mit sich bringt.<\/p>\n<p>\u201eWir stellen eine Ver\u00e4nderung bei der Verwendung sanfterer Farbt\u00f6ne fest, etwa Salbei und Meeresschaum, die \u00fcberall als Grundfarbe verwendet werden, genau wie neutrale Farben traditionell verwendet wurden\u201c, sagt Ruth Mottershead, Kreativdirektorin bei Little Greene. \u201eDies sind sehr beruhigende, positive Farbt\u00f6ne von zeitloser Qualit\u00e4t, die ged\u00e4mpft sind, aber nicht so stark, dass sie in den Hintergrund verschwinden, so dass sie wunderbar als Hintergrund f\u00fcr \u00e4hnliche Erdt\u00f6ne und kr\u00e4ftigere Farben wie Braun und Ocker funktionieren, die einen \u2026\u201c dynamischere Wirkung.&#8216;<\/p>\n<p>Unser Interiors-Redakteur Hebe Hatton glaubt, dass dieser Farbtrend bei K\u00fcchenschr\u00e4nken \u00fcber das Jahr 2025 hinaus anhalten wird. \u201eZus\u00e4tzlich zu seinen stimmungsaufhellenden Eigenschaften wird Blassgr\u00fcn von Innenarchitekten wegen seiner Vielseitigkeit geliebt, und ich erwarte, dass diese Farbe dominieren wird.\u201c unsere H\u00e4user auch im Jahr 2026.&#8216;<\/p>\n<p>Klassisch, beruhigend und ein Synonym f\u00fcr die Natur \u2013 das blasse Meeresschaumgr\u00fcn ist ein Farbton, der f\u00fcr Ruhe sorgt.<\/p>\n<h3 class=\"article-body__section\" id=\"section-shop-the-look\"><span>Shoppen Sie den Look<\/span><\/h3>\n<div class=\"product-container hero-product-container product-block-no-wrap\"><\/div>\n<\/div>\n<p><script async src=\"\/\/www.instagram.com\/embed.js\"><\/script><\/p>\n","protected":false},"excerpt":{"rendered":"<p>Gibt es etwas, das besser zum Jahr 2025 passt als ein meerschaumgr\u00fcnes Farbschema? In einer Zeit, in der unser Gl\u00fcck und unsere Gesundheit wichtiger denn<\/p>\n","protected":false},"author":1,"featured_media":1359,"comment_status":"closed","ping_status":"","sticky":false,"template":"","format":"standard","meta":{"footnotes":""},"categories":[118],"tags":[1459,4051,667,3169,370,384,4050,329,532,1068,71],"class_list":["post-2381","post","type-post","status-publish","format-standard","has-post-thumbnail","hentry","category-haus-garten","tag-anne","tag-erobern","tag-experten","tag-hathaways","tag-haeuser","tag-jahr","tag-kuechenschrankfarbe","tag-laut","tag-unerwartete","tag-unsere","tag-wird","generate-columns","tablet-grid-50","mobile-grid-100","grid-parent","grid-50"],"yoast_head":"<!-- This site is optimized with the Yoast SEO plugin v27.3 - https:\/\/yoast.com\/product\/yoast-seo-wordpress\/ -->\n<title>Laut Experten wird Anne Hathaways unerwartete K\u00fcchenschrankfarbe im Jahr 2025 unsere H\u00e4user erobern - Nachrichten - Stra\u00dfenweb<\/title>\n<meta name=\"robots\" content=\"index, follow, max-snippet:-1, max-image-preview:large, max-video-preview:-1\" \/>\n<link rel=\"canonical\" href=\"https:\/\/www.strassenweb.de\/nachrichten\/laut-experten-wird-anne-hathaways-unerwartete-kuechenschrankfarbe-im-jahr-2025-unsere-haeuser-erobern\/\" \/>\n<meta property=\"og:locale\" content=\"de_DE\" \/>\n<meta property=\"og:type\" content=\"article\" \/>\n<meta property=\"og:title\" content=\"Laut Experten wird Anne Hathaways unerwartete K\u00fcchenschrankfarbe im Jahr 2025 unsere H\u00e4user erobern - Nachrichten - Stra\u00dfenweb\" \/>\n<meta property=\"og:description\" content=\"Gibt es etwas, das besser zum Jahr 2025 passt als ein meerschaumgr\u00fcnes Farbschema? In einer Zeit, in der unser Gl\u00fcck und unsere Gesundheit wichtiger denn\" \/>\n<meta property=\"og:url\" content=\"https:\/\/www.strassenweb.de\/nachrichten\/laut-experten-wird-anne-hathaways-unerwartete-kuechenschrankfarbe-im-jahr-2025-unsere-haeuser-erobern\/\" \/>\n<meta property=\"og:site_name\" content=\"Stra\u00dfenweb\" \/>\n<meta property=\"article:publisher\" content=\"https:\/\/www.facebook.com\/strassenweb\/\" \/>\n<meta property=\"article:published_time\" content=\"2024-12-28T02:45:36+00:00\" \/>\n<meta property=\"og:image\" content=\"https:\/\/www.strassenweb.de\/nachrichten\/wp-content\/uploads\/2024\/11\/Die-unorthodoxe-Kuechenbeleuchtung-von-Anne-Hathaway-erweckt-einen-klassischen-Stil.jpg\" \/>\n\t<meta property=\"og:image:width\" content=\"1200\" \/>\n\t<meta property=\"og:image:height\" content=\"675\" \/>\n\t<meta property=\"og:image:type\" content=\"image\/jpeg\" \/>\n<meta name=\"author\" content=\"Robert Hoffmann\" \/>\n<meta name=\"twitter:card\" content=\"summary_large_image\" \/>\n<meta name=\"twitter:label1\" content=\"Verfasst von\" \/>\n\t<meta name=\"twitter:data1\" content=\"Robert Hoffmann\" \/>\n\t<meta name=\"twitter:label2\" content=\"Gesch\u00e4tzte Lesezeit\" \/>\n\t<meta name=\"twitter:data2\" content=\"3\u00a0Minuten\" \/>\n<script type=\"application\/ld+json\" class=\"yoast-schema-graph\">{\"@context\":\"https:\\\/\\\/schema.org\",\"@graph\":[{\"@type\":\"Article\",\"@id\":\"https:\\\/\\\/www.strassenweb.de\\\/nachrichten\\\/laut-experten-wird-anne-hathaways-unerwartete-kuechenschrankfarbe-im-jahr-2025-unsere-haeuser-erobern\\\/#article\",\"isPartOf\":{\"@id\":\"https:\\\/\\\/www.strassenweb.de\\\/nachrichten\\\/laut-experten-wird-anne-hathaways-unerwartete-kuechenschrankfarbe-im-jahr-2025-unsere-haeuser-erobern\\\/\"},\"author\":{\"name\":\"Robert Hoffmann\",\"@id\":\"https:\\\/\\\/www.strassenweb.de\\\/nachrichten\\\/#\\\/schema\\\/person\\\/87c9c9067f1211da429a744dc5a5aa41\"},\"headline\":\"Laut Experten wird Anne Hathaways unerwartete K\u00fcchenschrankfarbe im Jahr 2025 unsere H\u00e4user erobern\",\"datePublished\":\"2024-12-28T02:45:36+00:00\",\"mainEntityOfPage\":{\"@id\":\"https:\\\/\\\/www.strassenweb.de\\\/nachrichten\\\/laut-experten-wird-anne-hathaways-unerwartete-kuechenschrankfarbe-im-jahr-2025-unsere-haeuser-erobern\\\/\"},\"wordCount\":677,\"publisher\":{\"@id\":\"https:\\\/\\\/www.strassenweb.de\\\/nachrichten\\\/#organization\"},\"image\":{\"@id\":\"https:\\\/\\\/www.strassenweb.de\\\/nachrichten\\\/laut-experten-wird-anne-hathaways-unerwartete-kuechenschrankfarbe-im-jahr-2025-unsere-haeuser-erobern\\\/#primaryimage\"},\"thumbnailUrl\":\"https:\\\/\\\/www.strassenweb.de\\\/nachrichten\\\/wp-content\\\/uploads\\\/2024\\\/11\\\/Die-unorthodoxe-Kuechenbeleuchtung-von-Anne-Hathaway-erweckt-einen-klassischen-Stil.jpg\",\"keywords\":[\"Anne\",\"erobern\",\"Experten\",\"Hathaways\",\"H\u00e4user\",\"Jahr\",\"K\u00fcchenschrankfarbe\",\"laut\",\"unerwartete\",\"Unsere\",\"wird\"],\"articleSection\":[\"Haus &amp; Garten\"],\"inLanguage\":\"de\"},{\"@type\":\"WebPage\",\"@id\":\"https:\\\/\\\/www.strassenweb.de\\\/nachrichten\\\/laut-experten-wird-anne-hathaways-unerwartete-kuechenschrankfarbe-im-jahr-2025-unsere-haeuser-erobern\\\/\",\"url\":\"https:\\\/\\\/www.strassenweb.de\\\/nachrichten\\\/laut-experten-wird-anne-hathaways-unerwartete-kuechenschrankfarbe-im-jahr-2025-unsere-haeuser-erobern\\\/\",\"name\":\"Laut Experten wird Anne Hathaways unerwartete K\u00fcchenschrankfarbe im Jahr 2025 unsere H\u00e4user erobern - Nachrichten - Stra\u00dfenweb\",\"isPartOf\":{\"@id\":\"https:\\\/\\\/www.strassenweb.de\\\/nachrichten\\\/#website\"},\"primaryImageOfPage\":{\"@id\":\"https:\\\/\\\/www.strassenweb.de\\\/nachrichten\\\/laut-experten-wird-anne-hathaways-unerwartete-kuechenschrankfarbe-im-jahr-2025-unsere-haeuser-erobern\\\/#primaryimage\"},\"image\":{\"@id\":\"https:\\\/\\\/www.strassenweb.de\\\/nachrichten\\\/laut-experten-wird-anne-hathaways-unerwartete-kuechenschrankfarbe-im-jahr-2025-unsere-haeuser-erobern\\\/#primaryimage\"},\"thumbnailUrl\":\"https:\\\/\\\/www.strassenweb.de\\\/nachrichten\\\/wp-content\\\/uploads\\\/2024\\\/11\\\/Die-unorthodoxe-Kuechenbeleuchtung-von-Anne-Hathaway-erweckt-einen-klassischen-Stil.jpg\",\"datePublished\":\"2024-12-28T02:45:36+00:00\",\"breadcrumb\":{\"@id\":\"https:\\\/\\\/www.strassenweb.de\\\/nachrichten\\\/laut-experten-wird-anne-hathaways-unerwartete-kuechenschrankfarbe-im-jahr-2025-unsere-haeuser-erobern\\\/#breadcrumb\"},\"inLanguage\":\"de\",\"potentialAction\":[{\"@type\":\"ReadAction\",\"target\":[\"https:\\\/\\\/www.strassenweb.de\\\/nachrichten\\\/laut-experten-wird-anne-hathaways-unerwartete-kuechenschrankfarbe-im-jahr-2025-unsere-haeuser-erobern\\\/\"]}]},{\"@type\":\"ImageObject\",\"inLanguage\":\"de\",\"@id\":\"https:\\\/\\\/www.strassenweb.de\\\/nachrichten\\\/laut-experten-wird-anne-hathaways-unerwartete-kuechenschrankfarbe-im-jahr-2025-unsere-haeuser-erobern\\\/#primaryimage\",\"url\":\"https:\\\/\\\/www.strassenweb.de\\\/nachrichten\\\/wp-content\\\/uploads\\\/2024\\\/11\\\/Die-unorthodoxe-Kuechenbeleuchtung-von-Anne-Hathaway-erweckt-einen-klassischen-Stil.jpg\",\"contentUrl\":\"https:\\\/\\\/www.strassenweb.de\\\/nachrichten\\\/wp-content\\\/uploads\\\/2024\\\/11\\\/Die-unorthodoxe-Kuechenbeleuchtung-von-Anne-Hathaway-erweckt-einen-klassischen-Stil.jpg\",\"width\":1200,\"height\":675,\"caption\":\"Die unorthodoxe K\u00fcchenbeleuchtung von Anne Hathaway erweckt einen klassischen Stil zu neuem Leben \u2013 bis ich ihn sah, war ich vom modernen Bauernhaus-Look fasziniert\"},{\"@type\":\"BreadcrumbList\",\"@id\":\"https:\\\/\\\/www.strassenweb.de\\\/nachrichten\\\/laut-experten-wird-anne-hathaways-unerwartete-kuechenschrankfarbe-im-jahr-2025-unsere-haeuser-erobern\\\/#breadcrumb\",\"itemListElement\":[{\"@type\":\"ListItem\",\"position\":1,\"name\":\"Home\",\"item\":\"https:\\\/\\\/www.strassenweb.de\\\/nachrichten\\\/\"},{\"@type\":\"ListItem\",\"position\":2,\"name\":\"Laut Experten wird Anne Hathaways unerwartete K\u00fcchenschrankfarbe im Jahr 2025 unsere H\u00e4user erobern\"}]},{\"@type\":\"WebSite\",\"@id\":\"https:\\\/\\\/www.strassenweb.de\\\/nachrichten\\\/#website\",\"url\":\"https:\\\/\\\/www.strassenweb.de\\\/nachrichten\\\/\",\"name\":\"Stra\u00dfenweb\",\"description\":\"Stra\u00dfenverzeichnis f\u00fcr Deutschland\",\"publisher\":{\"@id\":\"https:\\\/\\\/www.strassenweb.de\\\/nachrichten\\\/#organization\"},\"potentialAction\":[{\"@type\":\"SearchAction\",\"target\":{\"@type\":\"EntryPoint\",\"urlTemplate\":\"https:\\\/\\\/www.strassenweb.de\\\/nachrichten\\\/?s={search_term_string}\"},\"query-input\":{\"@type\":\"PropertyValueSpecification\",\"valueRequired\":true,\"valueName\":\"search_term_string\"}}],\"inLanguage\":\"de\"},{\"@type\":\"Organization\",\"@id\":\"https:\\\/\\\/www.strassenweb.de\\\/nachrichten\\\/#organization\",\"name\":\"Stra\u00dfenweb\",\"url\":\"https:\\\/\\\/www.strassenweb.de\\\/nachrichten\\\/\",\"logo\":{\"@type\":\"ImageObject\",\"inLanguage\":\"de\",\"@id\":\"https:\\\/\\\/www.strassenweb.de\\\/nachrichten\\\/#\\\/schema\\\/logo\\\/image\\\/\",\"url\":\"https:\\\/\\\/www.strassenweb.de\\\/nachrichten\\\/wp-content\\\/uploads\\\/2024\\\/09\\\/cropped-favicon.png\",\"contentUrl\":\"https:\\\/\\\/www.strassenweb.de\\\/nachrichten\\\/wp-content\\\/uploads\\\/2024\\\/09\\\/cropped-favicon.png\",\"width\":512,\"height\":512,\"caption\":\"Stra\u00dfenweb\"},\"image\":{\"@id\":\"https:\\\/\\\/www.strassenweb.de\\\/nachrichten\\\/#\\\/schema\\\/logo\\\/image\\\/\"},\"sameAs\":[\"https:\\\/\\\/www.facebook.com\\\/strassenweb\\\/\"]},{\"@type\":\"Person\",\"@id\":\"https:\\\/\\\/www.strassenweb.de\\\/nachrichten\\\/#\\\/schema\\\/person\\\/87c9c9067f1211da429a744dc5a5aa41\",\"name\":\"Robert Hoffmann\",\"image\":{\"@type\":\"ImageObject\",\"inLanguage\":\"de\",\"@id\":\"https:\\\/\\\/www.strassenweb.de\\\/nachrichten\\\/wp-content\\\/uploads\\\/2024\\\/09\\\/strassenweb-150x150.jpg\",\"url\":\"https:\\\/\\\/www.strassenweb.de\\\/nachrichten\\\/wp-content\\\/uploads\\\/2024\\\/09\\\/strassenweb-150x150.jpg\",\"contentUrl\":\"https:\\\/\\\/www.strassenweb.de\\\/nachrichten\\\/wp-content\\\/uploads\\\/2024\\\/09\\\/strassenweb-150x150.jpg\",\"caption\":\"Robert Hoffmann\"},\"description\":\"Ich hei\u00dfe Robert Hoffmann und ich bin ein leidenschaftlicher Verfechter von \u00d6kologie und Biodiversit\u00e4t. Seit meiner Kindheit in den W\u00e4ldern Bayerns f\u00fchle ich mich mit der Natur verbunden und bin entschlossen, sie zu sch\u00fctzen. Heute widme ich mein Leben der Sensibilisierung anderer f\u00fcr die Bedeutung des Umweltschutzes f\u00fcr zuk\u00fcnftige Generationen.\",\"sameAs\":[\"https:\\\/\\\/www.strassenweb.de\\\/\"]}]}<\/script>\n<!-- \/ Yoast SEO plugin. -->","yoast_head_json":{"title":"Laut Experten wird Anne Hathaways unerwartete K\u00fcchenschrankfarbe im Jahr 2025 unsere H\u00e4user erobern - Nachrichten - Stra\u00dfenweb","robots":{"index":"index","follow":"follow","max-snippet":"max-snippet:-1","max-image-preview":"max-image-preview:large","max-video-preview":"max-video-preview:-1"},"canonical":"https:\/\/www.strassenweb.de\/nachrichten\/laut-experten-wird-anne-hathaways-unerwartete-kuechenschrankfarbe-im-jahr-2025-unsere-haeuser-erobern\/","og_locale":"de_DE","og_type":"article","og_title":"Laut Experten wird Anne Hathaways unerwartete K\u00fcchenschrankfarbe im Jahr 2025 unsere H\u00e4user erobern - Nachrichten - Stra\u00dfenweb","og_description":"Gibt es etwas, das besser zum Jahr 2025 passt als ein meerschaumgr\u00fcnes Farbschema? In einer Zeit, in der unser Gl\u00fcck und unsere Gesundheit wichtiger denn","og_url":"https:\/\/www.strassenweb.de\/nachrichten\/laut-experten-wird-anne-hathaways-unerwartete-kuechenschrankfarbe-im-jahr-2025-unsere-haeuser-erobern\/","og_site_name":"Stra\u00dfenweb","article_publisher":"https:\/\/www.facebook.com\/strassenweb\/","article_published_time":"2024-12-28T02:45:36+00:00","og_image":[{"width":1200,"height":675,"url":"https:\/\/www.strassenweb.de\/nachrichten\/wp-content\/uploads\/2024\/11\/Die-unorthodoxe-Kuechenbeleuchtung-von-Anne-Hathaway-erweckt-einen-klassischen-Stil.jpg","type":"image\/jpeg"}],"author":"Robert Hoffmann","twitter_card":"summary_large_image","twitter_misc":{"Verfasst von":"Robert Hoffmann","Gesch\u00e4tzte Lesezeit":"3\u00a0Minuten"},"schema":{"@context":"https:\/\/schema.org","@graph":[{"@type":"Article","@id":"https:\/\/www.strassenweb.de\/nachrichten\/laut-experten-wird-anne-hathaways-unerwartete-kuechenschrankfarbe-im-jahr-2025-unsere-haeuser-erobern\/#article","isPartOf":{"@id":"https:\/\/www.strassenweb.de\/nachrichten\/laut-experten-wird-anne-hathaways-unerwartete-kuechenschrankfarbe-im-jahr-2025-unsere-haeuser-erobern\/"},"author":{"name":"Robert Hoffmann","@id":"https:\/\/www.strassenweb.de\/nachrichten\/#\/schema\/person\/87c9c9067f1211da429a744dc5a5aa41"},"headline":"Laut Experten wird Anne Hathaways unerwartete K\u00fcchenschrankfarbe im Jahr 2025 unsere H\u00e4user erobern","datePublished":"2024-12-28T02:45:36+00:00","mainEntityOfPage":{"@id":"https:\/\/www.strassenweb.de\/nachrichten\/laut-experten-wird-anne-hathaways-unerwartete-kuechenschrankfarbe-im-jahr-2025-unsere-haeuser-erobern\/"},"wordCount":677,"publisher":{"@id":"https:\/\/www.strassenweb.de\/nachrichten\/#organization"},"image":{"@id":"https:\/\/www.strassenweb.de\/nachrichten\/laut-experten-wird-anne-hathaways-unerwartete-kuechenschrankfarbe-im-jahr-2025-unsere-haeuser-erobern\/#primaryimage"},"thumbnailUrl":"https:\/\/www.strassenweb.de\/nachrichten\/wp-content\/uploads\/2024\/11\/Die-unorthodoxe-Kuechenbeleuchtung-von-Anne-Hathaway-erweckt-einen-klassischen-Stil.jpg","keywords":["Anne","erobern","Experten","Hathaways","H\u00e4user","Jahr","K\u00fcchenschrankfarbe","laut","unerwartete","Unsere","wird"],"articleSection":["Haus &amp; Garten"],"inLanguage":"de"},{"@type":"WebPage","@id":"https:\/\/www.strassenweb.de\/nachrichten\/laut-experten-wird-anne-hathaways-unerwartete-kuechenschrankfarbe-im-jahr-2025-unsere-haeuser-erobern\/","url":"https:\/\/www.strassenweb.de\/nachrichten\/laut-experten-wird-anne-hathaways-unerwartete-kuechenschrankfarbe-im-jahr-2025-unsere-haeuser-erobern\/","name":"Laut Experten wird Anne Hathaways unerwartete K\u00fcchenschrankfarbe im Jahr 2025 unsere H\u00e4user erobern - Nachrichten - Stra\u00dfenweb","isPartOf":{"@id":"https:\/\/www.strassenweb.de\/nachrichten\/#website"},"primaryImageOfPage":{"@id":"https:\/\/www.strassenweb.de\/nachrichten\/laut-experten-wird-anne-hathaways-unerwartete-kuechenschrankfarbe-im-jahr-2025-unsere-haeuser-erobern\/#primaryimage"},"image":{"@id":"https:\/\/www.strassenweb.de\/nachrichten\/laut-experten-wird-anne-hathaways-unerwartete-kuechenschrankfarbe-im-jahr-2025-unsere-haeuser-erobern\/#primaryimage"},"thumbnailUrl":"https:\/\/www.strassenweb.de\/nachrichten\/wp-content\/uploads\/2024\/11\/Die-unorthodoxe-Kuechenbeleuchtung-von-Anne-Hathaway-erweckt-einen-klassischen-Stil.jpg","datePublished":"2024-12-28T02:45:36+00:00","breadcrumb":{"@id":"https:\/\/www.strassenweb.de\/nachrichten\/laut-experten-wird-anne-hathaways-unerwartete-kuechenschrankfarbe-im-jahr-2025-unsere-haeuser-erobern\/#breadcrumb"},"inLanguage":"de","potentialAction":[{"@type":"ReadAction","target":["https:\/\/www.strassenweb.de\/nachrichten\/laut-experten-wird-anne-hathaways-unerwartete-kuechenschrankfarbe-im-jahr-2025-unsere-haeuser-erobern\/"]}]},{"@type":"ImageObject","inLanguage":"de","@id":"https:\/\/www.strassenweb.de\/nachrichten\/laut-experten-wird-anne-hathaways-unerwartete-kuechenschrankfarbe-im-jahr-2025-unsere-haeuser-erobern\/#primaryimage","url":"https:\/\/www.strassenweb.de\/nachrichten\/wp-content\/uploads\/2024\/11\/Die-unorthodoxe-Kuechenbeleuchtung-von-Anne-Hathaway-erweckt-einen-klassischen-Stil.jpg","contentUrl":"https:\/\/www.strassenweb.de\/nachrichten\/wp-content\/uploads\/2024\/11\/Die-unorthodoxe-Kuechenbeleuchtung-von-Anne-Hathaway-erweckt-einen-klassischen-Stil.jpg","width":1200,"height":675,"caption":"Die unorthodoxe K\u00fcchenbeleuchtung von Anne Hathaway erweckt einen klassischen Stil zu neuem Leben \u2013 bis ich ihn sah, war ich vom modernen Bauernhaus-Look fasziniert"},{"@type":"BreadcrumbList","@id":"https:\/\/www.strassenweb.de\/nachrichten\/laut-experten-wird-anne-hathaways-unerwartete-kuechenschrankfarbe-im-jahr-2025-unsere-haeuser-erobern\/#breadcrumb","itemListElement":[{"@type":"ListItem","position":1,"name":"Home","item":"https:\/\/www.strassenweb.de\/nachrichten\/"},{"@type":"ListItem","position":2,"name":"Laut Experten wird Anne Hathaways unerwartete K\u00fcchenschrankfarbe im Jahr 2025 unsere H\u00e4user erobern"}]},{"@type":"WebSite","@id":"https:\/\/www.strassenweb.de\/nachrichten\/#website","url":"https:\/\/www.strassenweb.de\/nachrichten\/","name":"Stra\u00dfenweb","description":"Stra\u00dfenverzeichnis f\u00fcr Deutschland","publisher":{"@id":"https:\/\/www.strassenweb.de\/nachrichten\/#organization"},"potentialAction":[{"@type":"SearchAction","target":{"@type":"EntryPoint","urlTemplate":"https:\/\/www.strassenweb.de\/nachrichten\/?s={search_term_string}"},"query-input":{"@type":"PropertyValueSpecification","valueRequired":true,"valueName":"search_term_string"}}],"inLanguage":"de"},{"@type":"Organization","@id":"https:\/\/www.strassenweb.de\/nachrichten\/#organization","name":"Stra\u00dfenweb","url":"https:\/\/www.strassenweb.de\/nachrichten\/","logo":{"@type":"ImageObject","inLanguage":"de","@id":"https:\/\/www.strassenweb.de\/nachrichten\/#\/schema\/logo\/image\/","url":"https:\/\/www.strassenweb.de\/nachrichten\/wp-content\/uploads\/2024\/09\/cropped-favicon.png","contentUrl":"https:\/\/www.strassenweb.de\/nachrichten\/wp-content\/uploads\/2024\/09\/cropped-favicon.png","width":512,"height":512,"caption":"Stra\u00dfenweb"},"image":{"@id":"https:\/\/www.strassenweb.de\/nachrichten\/#\/schema\/logo\/image\/"},"sameAs":["https:\/\/www.facebook.com\/strassenweb\/"]},{"@type":"Person","@id":"https:\/\/www.strassenweb.de\/nachrichten\/#\/schema\/person\/87c9c9067f1211da429a744dc5a5aa41","name":"Robert Hoffmann","image":{"@type":"ImageObject","inLanguage":"de","@id":"https:\/\/www.strassenweb.de\/nachrichten\/wp-content\/uploads\/2024\/09\/strassenweb-150x150.jpg","url":"https:\/\/www.strassenweb.de\/nachrichten\/wp-content\/uploads\/2024\/09\/strassenweb-150x150.jpg","contentUrl":"https:\/\/www.strassenweb.de\/nachrichten\/wp-content\/uploads\/2024\/09\/strassenweb-150x150.jpg","caption":"Robert Hoffmann"},"description":"Ich hei\u00dfe Robert Hoffmann und ich bin ein leidenschaftlicher Verfechter von \u00d6kologie und Biodiversit\u00e4t. Seit meiner Kindheit in den W\u00e4ldern Bayerns f\u00fchle ich mich mit der Natur verbunden und bin entschlossen, sie zu sch\u00fctzen. Heute widme ich mein Leben der Sensibilisierung anderer f\u00fcr die Bedeutung des Umweltschutzes f\u00fcr zuk\u00fcnftige Generationen.","sameAs":["https:\/\/www.strassenweb.de\/"]}]}},"_links":{"self":[{"href":"https:\/\/www.strassenweb.de\/nachrichten\/wp-json\/wp\/v2\/posts\/2381","targetHints":{"allow":["GET"]}}],"collection":[{"href":"https:\/\/www.strassenweb.de\/nachrichten\/wp-json\/wp\/v2\/posts"}],"about":[{"href":"https:\/\/www.strassenweb.de\/nachrichten\/wp-json\/wp\/v2\/types\/post"}],"author":[{"embeddable":true,"href":"https:\/\/www.strassenweb.de\/nachrichten\/wp-json\/wp\/v2\/users\/1"}],"replies":[{"embeddable":true,"href":"https:\/\/www.strassenweb.de\/nachrichten\/wp-json\/wp\/v2\/comments?post=2381"}],"version-history":[{"count":0,"href":"https:\/\/www.strassenweb.de\/nachrichten\/wp-json\/wp\/v2\/posts\/2381\/revisions"}],"wp:featuredmedia":[{"embeddable":true,"href":"https:\/\/www.strassenweb.de\/nachrichten\/wp-json\/wp\/v2\/media\/1359"}],"wp:attachment":[{"href":"https:\/\/www.strassenweb.de\/nachrichten\/wp-json\/wp\/v2\/media?parent=2381"}],"wp:term":[{"taxonomy":"category","embeddable":true,"href":"https:\/\/www.strassenweb.de\/nachrichten\/wp-json\/wp\/v2\/categories?post=2381"},{"taxonomy":"post_tag","embeddable":true,"href":"https:\/\/www.strassenweb.de\/nachrichten\/wp-json\/wp\/v2\/tags?post=2381"}],"curies":[{"name":"wp","href":"https:\/\/api.w.org\/{rel}","templated":true}]}}