{"id":2369,"date":"2024-12-27T12:03:18","date_gmt":"2024-12-27T11:03:18","guid":{"rendered":"https:\/\/www.strassenweb.de\/nachrichten\/8-ikea-produkte-die-designer-derzeit-lieben\/"},"modified":"2024-12-27T12:03:19","modified_gmt":"2024-12-27T11:03:19","slug":"8-ikea-produkte-die-designer-derzeit-lieben","status":"publish","type":"post","link":"https:\/\/www.strassenweb.de\/nachrichten\/8-ikea-produkte-die-designer-derzeit-lieben\/","title":{"rendered":"8 IKEA-Produkte, die Designer derzeit lieben"},"content":{"rendered":"<p><\/p>\n<div id=\"article-body\" class=\"article__body \">\n<p>Designer lieben IKEA genauso wie der Rest von uns. Aufgrund ihrer geschulten Augen, ihrer laserfokussierten F\u00e4higkeit, Sch\u00e4tze zu erkennen, und ihres Selbstvertrauens, R\u00e4ume auf unerwartete Weise zu gestalten, sind sie die Meister darin, die verborgenen Sch\u00e4tze von IKEA und raffinierte IKEA-Hacks zu entdecken.<\/p>\n<div id=\"ad-unit-1\" class=\"ad-unit\"><\/div>\n<p>Denn wie wir alle wissen, besteht das Problem bei IKEA darin, wie \u00fcberw\u00e4ltigend es ist. Es gibt so viel Auswahl und so viele Dinge, die vielleicht nicht auf Ihrer Liste stehen, und Sie m\u00fcssen an jedem Artikel vorbeigehen, um zur Kasse zu gelangen. Anstatt also bei Ihrem n\u00e4chsten Besuch das gesamte IKEA-Angebot in Angriff zu nehmen, folgen Sie diesem Leitfaden zu den St\u00fccken, die Designer lieben und in ihren eigenen H\u00e4usern und Projekten verwenden.<\/p>\n<h3 class=\"article-body__section\" id=\"section-1-tesamans-collection\"><span>1. TESAMANS-Sammlung<\/span><\/h3>\n<figure class=\"van-image-figure inline-layout \" data-bordeaux-image-check>\n<div class=\"image-full-width-wrapper\">\n<div class=\"image-widthsetter\" style=\"max-width:1608px;\"><\/div>\n<\/div>\n<\/figure>\n<p>\u201eMir gef\u00e4llt besonders die neueste Tesammans-Kollektion, die die Sch\u00f6nheit und Energie der Farbe zelebriert\u201c, sagt die Innenarchitektin Tola Ojuolape. \u201eIch habe die Kollektion vor ein paar Monaten im Laden gesehen. Der Einsatz von Farbe und Lebendigkeit in den Kissen und Textilien \u2013 insbesondere den \u00dcberw\u00fcrfen und Tischdecken \u2013 war erfrischend anzusehen. \u201eJede Sammlung kann sicherlich f\u00fcr Fr\u00f6hlichkeit und Freude sorgen, wenn sie im richtigen Kontext platziert wird.\u201c<\/p>\n<div id=\"desktop-in-article\" class=\"in-article ad-unit\">\n<div id=\"desktop-taboola-mid-article\"><\/div>\n<\/div>\n<div id=\"mobile-in-article\" class=\"in-article ad-unit\">\n<div id=\"mobile-taboola-mid-article\"><\/div>\n<\/div>\n<h3 class=\"article-body__section\" id=\"section-2-hovet-mirror\"><span>2. HOVET-Spiegel<\/span><\/h3>\n<figure class=\"van-image-figure inline-layout \" data-bordeaux-image-check>\n<div class=\"image-full-width-wrapper\">\n<div class=\"image-widthsetter\" style=\"max-width:1664px;\"><\/div>\n<\/div>\n<\/figure>\n<p>\u201eIch denke, IKEA hat einige der hochwertigsten Spiegel f\u00fcr ihren Preis\u201c, sagt der in San Francisco ans\u00e4ssige Innenarchitekt Noz Nozawa. \u201eDer HOVET-Spiegel ist ein unschlagbares Schn\u00e4ppchen pro Quadratfu\u00df Spiegelfl\u00e4che, bei einer H\u00f6he von fast 7 Fu\u00df.\u201c Sein klarer, minimalistischer Rahmen macht den Spiegel vielseitig genug, um ihn mit verschiedenen Stilrichtungen zu kombinieren.\u201c<\/p>\n<div class=\"van_vid_carousel\">\n<div class=\"van_vid_carousel__padding\">\n<div class=\"van_vid_carousel__container\"><\/div>\n<\/div>\n<\/div>\n<aside class=\"hawk-nest\" data-block-type=\"embed\" data-render-type=\"fte\" data-skip=\"dealsy\" data-widget-type=\"seasonal\">\n<div class=\"hawk-master-widget-hawk-base-wrapper\"><\/div>\n<\/aside>\n<p>\u201eIch habe den Spiegel in den Esszimmern von Kunden montiert, einen habe ich an die handgemalten Wandgem\u00e4lde in meinem eigenen Schlafzimmer gelehnt (das ich seit 16 Jahren besitze!) und ich habe auch gerade drei in einer Reihe angebracht.\u201c ein fantastisches Heim-Fitnessstudio.&#8216;<\/p>\n<div id=\"ad-unit-2\" class=\"ad-unit\"><\/div>\n<h3 class=\"article-body__section\" id=\"section-3-vingsoen-outdoor-chair\"><span>3. VINGS\u00d6N Outdoor-Stuhl <\/span><\/h3>\n<figure class=\"van-image-figure inline-layout \" data-bordeaux-image-check>\n<div class=\"image-full-width-wrapper\">\n<div class=\"image-widthsetter\" style=\"max-width:1584px;\"><\/div>\n<\/div>\n<\/figure>\n<p>\u201eDer VINGS\u00d6N-Stuhl \u00fcbertrifft sein Gewicht in Stil und Qualit\u00e4t im Vergleich zu dem, was man allgemein von einem Outdoor-Angebot von IKEA erwarten w\u00fcrde\u201c, sagt Noz und w\u00e4hlt einen weiteren Favoriten aus.<\/p>\n<p>\u201eDieser Stuhl mit seiner dramatisch \u00fcbergro\u00dfen Wingback-Silhouette und dem glatten, trendbewussten Geflecht erinnert mich an einige der inspirierenderen Outdoor-M\u00f6belformen, die ich aus Italien gesehen habe!\u201c<\/p>\n<p>\u201eSo sehr ich dieses unerwartet schicke IKEA-St\u00fcck auch genie\u00dfe, f\u00fcr mich ist der gro\u00dfe Vorteil die M\u00f6glichkeit, den VINGS\u00d6N mit den Kissen Ihrer Wahl zu kombinieren!\u201c Auf meiner Terrasse habe ich ein erschwingliches IKEA-Au\u00dfensofagestell mit ma\u00dfgefertigten Kissen kombiniert, die ehrlich gesagt ein Vielfaches mehr kosten als das Sofagestell, sodass sich das ganze St\u00fcck ma\u00dfgeschneidert und originell anf\u00fchlt!\u201c<\/p>\n<h3 class=\"article-body__section\" id=\"section-4-blasverk-pendant\"><span>4. BLASVERK-Anh\u00e4nger<\/span><\/h3>\n<figure class=\"van-image-figure inline-layout \" data-bordeaux-image-check>\n<div class=\"image-full-width-wrapper\">\n<div class=\"image-widthsetter\" style=\"max-width:1522px;\"><\/div>\n<\/div>\n<\/figure>\n<p>\u201eEin Trick, den wir gerne anwenden, besteht darin, eine Leuchte wie eine IKEA-H\u00e4ngeleuchte aufzuwerten, indem wir sie mit einer edleren Stoffschnur oder einem schlankeren Baldachin-Set neu verkabeln\u201c, sagt die in Michigan ans\u00e4ssige Innenarchitektin Liz Hoekzema von KLH Homes. \u201eIKEAs k\u00f6nnen ziemlich gro\u00df sein). \u201eDas BLASVERK haben wir k\u00fcrzlich in gro\u00dfen Mengen in einem Heim-Fitnessraum installiert \u2013 wir lieben die schlichte, geformte Form und die Kombination aus gl\u00e4nzenden und matten Mandel- und Elfenbeinoberfl\u00e4chen.\u201c<\/p>\n<p>Liz kauft auch gerne Accessoires. \u201eVon Zeit zu Zeit nutzen wir ihre Dekorationsst\u00fccke auch zum Stylen\u201c, f\u00fcgt sie hinzu. \u201eSie haben oft wunderbar reine Formen oder frische Formen, wie dieses Spielspielzeugset und die amorphe Glassockelschale.\u201c<\/p>\n<h3 class=\"article-body__section\" id=\"section-5-knipsa-basket\"><span>5. KNIPSA-Korb<\/span><\/h3>\n<figure class=\"van-image-figure inline-layout \" data-bordeaux-image-check>\n<div class=\"image-full-width-wrapper\">\n<div class=\"image-widthsetter\" style=\"max-width:1270px;\"><\/div>\n<\/div>\n<\/figure>\n<p>\u201eIKEA ist ein erstaunliches und zukunftsorientiertes Unternehmen, wenn es um Aufbewahrungsl\u00f6sungen geht\u201c, sagt Angeline Hall, Inhaberin und Leiterin des in Dallas ans\u00e4ssigen Studios Angeline Guido Design.<\/p>\n<p>\u201eDie Details, die IKEA in seine Designarbeit einbezieht, insbesondere bei den K\u00fcchen und Schr\u00e4nken, sind gut durchdacht und haben den Endverbraucher im Blick. Als ich mein Studio in Dallas entwarf, wandten wir uns an IKEA, um vielf\u00e4ltige, vielseitige M\u00f6bel und Aufbewahrungsst\u00fccke zu finden, die wir brauchten, um die kollaborativen Designr\u00e4ume zu schaffen, die wir jetzt haben. Zu unseren Lieblingsaufbewahrungsartikeln geh\u00f6rt die Kombination aus KNIPSA-Korb und KALLAX-Regaleinheit, die uns die einfache Aufbewahrung von Mustern und Inspirationsst\u00fccken erm\u00f6glicht.\u201c<\/p>\n<h3 class=\"article-body__section\" id=\"section-6-lommarp-cabinet\"><span>6. LOMMARP-Schrank<\/span><\/h3>\n<figure class=\"van-image-figure inline-layout \" data-bordeaux-image-check>\n<div class=\"image-full-width-wrapper\">\n<div class=\"image-widthsetter\" style=\"max-width:1652px;\"><\/div>\n<\/div>\n<\/figure>\n<p>\u201eMein Lieblingsst\u00fcck von IKEA w\u00e4re der LOMMARP-Schrank in der Farbe Dunkelgr\u00fcn\/Blau\u201c, sagt der Designer Enass Mahmoud von Studio Enass. \u201eEs sieht aus wie etwas, das man in einem High-End-Gesch\u00e4ft kaufen w\u00fcrde.\u201c Der Preis ist gro\u00dfartig und Sie k\u00f6nnen ihn individuell gestalten, indem Sie die Griffe durch ein antikes St\u00fcck oder etwas Detaillierteres ersetzen, um ihm ein anderes Aussehen zu verleihen. Erg\u00e4nzen Sie das Ganze mit sch\u00f6nen Accessoires und Bildb\u00e4nden.<\/p>\n<h3 class=\"article-body__section\" id=\"section-7-domsten-stools\"><span>7. DOMSTEN-Hocker<\/span><\/h3>\n<figure class=\"van-image-figure inline-layout \" data-bordeaux-image-check>\n<div class=\"image-full-width-wrapper\">\n<div class=\"image-widthsetter\" style=\"max-width:1588px;\"><\/div>\n<\/div>\n<\/figure>\n<p>\u201eMir gefallen die DOMSTEN-Hocker wegen der kr\u00e4ftigen Farben sehr gut\u201c, sagt die Siebdruckdesignerin und K\u00fcnstlerin Hannah Carvell. \u201eIch liebe besonders die Kombination aus Fliedergr\u00fcn und Orange. Sie sahen retro aus, erinnerten mich an die Schule und waren sehr g\u00fcnstig. Ich denke, sie k\u00f6nnten problemlos als Couchtische oder Nachttische verwendet werden, da sie gerade gro\u00df genug f\u00fcr eine Tasse oder ein Glas und ein Buch sind. Mir gef\u00e4llt auch sehr, dass sie aus Metall und Holz statt aus Kunststoff sind.\u201c<\/p>\n<h3 class=\"article-body__section\" id=\"section-8-kallax-shelving\"><span>8. KALLAX-Regal<\/span><\/h3>\n<figure class=\"van-image-figure inline-layout \" data-bordeaux-image-check>\n<div class=\"image-full-width-wrapper\">\n<div class=\"image-widthsetter\" style=\"max-width:1672px;\"><\/div>\n<\/div>\n<\/figure>\n<p>\u201eBei gutem Design geht es nicht nur um die Herkunft eines Designers oder den Preis eines St\u00fccks\u201c, sagt die Designerin Ini Archibong. \u201eZu gutem Design geh\u00f6rt IKEA, und das KALLAX-Regal ist eines meiner Lieblingsdesignobjekte.\u201c \u201eEs ist eine sehr minimalistische, elegante L\u00f6sung, Dinge in einem geradlinigen Raum unterzubringen, wie es in den meisten Wohnungen der Fall ist.\u201c<\/p>\n<hr>\n<p>Schick, erschwinglich und vom Designer gepr\u00fcft \u2013 das sind die IKEA-St\u00fccke, die Sie auf Ihre Einkaufsliste setzen sollten. Und wie viele dieser Designer raten, kommt es oft darauf an, was man mit dem St\u00fcck macht, um es zu stylen und es zu etwas Eigenem zu machen, was es wirklich aufwertet. Denken Sie also \u00fcber das hinaus, was Sie im Laden sehen, und \u00fcberlegen Sie, wie Sie es am einfachsten anpassen und optimieren k\u00f6nnen von St\u00fccken zu etwas wirklich Aussagekr\u00e4ftigem.<\/p>\n<\/div>\n","protected":false},"excerpt":{"rendered":"<p>Designer lieben IKEA genauso wie der Rest von uns. Aufgrund ihrer geschulten Augen, ihrer laserfokussierten F\u00e4higkeit, Sch\u00e4tze zu erkennen, und ihres Selbstvertrauens, R\u00e4ume auf unerwartete<\/p>\n","protected":false},"author":1,"featured_media":2370,"comment_status":"closed","ping_status":"","sticky":false,"template":"","format":"standard","meta":{"footnotes":""},"categories":[118],"tags":[1473,216,9,4036,217],"class_list":["post-2369","post","type-post","status-publish","format-standard","has-post-thumbnail","hentry","category-haus-garten","tag-derzeit","tag-designer","tag-die","tag-ikeaprodukte","tag-lieben","generate-columns","tablet-grid-50","mobile-grid-100","grid-parent","grid-50"],"yoast_head":"<!-- This site is optimized with the Yoast SEO plugin v27.3 - https:\/\/yoast.com\/product\/yoast-seo-wordpress\/ -->\n<title>8 IKEA-Produkte, die Designer derzeit lieben - Nachrichten - Stra\u00dfenweb<\/title>\n<meta name=\"robots\" content=\"index, follow, max-snippet:-1, max-image-preview:large, max-video-preview:-1\" \/>\n<link rel=\"canonical\" href=\"https:\/\/www.strassenweb.de\/nachrichten\/8-ikea-produkte-die-designer-derzeit-lieben\/\" \/>\n<meta property=\"og:locale\" content=\"de_DE\" \/>\n<meta property=\"og:type\" content=\"article\" \/>\n<meta property=\"og:title\" content=\"8 IKEA-Produkte, die Designer derzeit lieben - Nachrichten - Stra\u00dfenweb\" \/>\n<meta property=\"og:description\" content=\"Designer lieben IKEA genauso wie der Rest von uns. Aufgrund ihrer geschulten Augen, ihrer laserfokussierten F\u00e4higkeit, Sch\u00e4tze zu erkennen, und ihres Selbstvertrauens, R\u00e4ume auf unerwartete\" \/>\n<meta property=\"og:url\" content=\"https:\/\/www.strassenweb.de\/nachrichten\/8-ikea-produkte-die-designer-derzeit-lieben\/\" \/>\n<meta property=\"og:site_name\" content=\"Stra\u00dfenweb\" \/>\n<meta property=\"article:publisher\" content=\"https:\/\/www.facebook.com\/strassenweb\/\" \/>\n<meta property=\"article:published_time\" content=\"2024-12-27T11:03:18+00:00\" \/>\n<meta property=\"article:modified_time\" content=\"2024-12-27T11:03:19+00:00\" \/>\n<meta property=\"og:image\" content=\"https:\/\/www.strassenweb.de\/nachrichten\/wp-content\/uploads\/2024\/12\/8-IKEA-Produkte-die-Designer-derzeit-lieben.jpg\" \/>\n\t<meta property=\"og:image:width\" content=\"1200\" \/>\n\t<meta property=\"og:image:height\" content=\"675\" \/>\n\t<meta property=\"og:image:type\" content=\"image\/jpeg\" \/>\n<meta name=\"author\" content=\"Robert Hoffmann\" \/>\n<meta name=\"twitter:card\" content=\"summary_large_image\" \/>\n<meta name=\"twitter:label1\" content=\"Verfasst von\" \/>\n\t<meta name=\"twitter:data1\" content=\"Robert Hoffmann\" \/>\n\t<meta name=\"twitter:label2\" content=\"Gesch\u00e4tzte Lesezeit\" \/>\n\t<meta name=\"twitter:data2\" content=\"5\u00a0Minuten\" \/>\n<script type=\"application\/ld+json\" class=\"yoast-schema-graph\">{\"@context\":\"https:\\\/\\\/schema.org\",\"@graph\":[{\"@type\":\"Article\",\"@id\":\"https:\\\/\\\/www.strassenweb.de\\\/nachrichten\\\/8-ikea-produkte-die-designer-derzeit-lieben\\\/#article\",\"isPartOf\":{\"@id\":\"https:\\\/\\\/www.strassenweb.de\\\/nachrichten\\\/8-ikea-produkte-die-designer-derzeit-lieben\\\/\"},\"author\":{\"name\":\"Robert Hoffmann\",\"@id\":\"https:\\\/\\\/www.strassenweb.de\\\/nachrichten\\\/#\\\/schema\\\/person\\\/87c9c9067f1211da429a744dc5a5aa41\"},\"headline\":\"8 IKEA-Produkte, die Designer derzeit lieben\",\"datePublished\":\"2024-12-27T11:03:18+00:00\",\"dateModified\":\"2024-12-27T11:03:19+00:00\",\"mainEntityOfPage\":{\"@id\":\"https:\\\/\\\/www.strassenweb.de\\\/nachrichten\\\/8-ikea-produkte-die-designer-derzeit-lieben\\\/\"},\"wordCount\":977,\"publisher\":{\"@id\":\"https:\\\/\\\/www.strassenweb.de\\\/nachrichten\\\/#organization\"},\"image\":{\"@id\":\"https:\\\/\\\/www.strassenweb.de\\\/nachrichten\\\/8-ikea-produkte-die-designer-derzeit-lieben\\\/#primaryimage\"},\"thumbnailUrl\":\"https:\\\/\\\/www.strassenweb.de\\\/nachrichten\\\/wp-content\\\/uploads\\\/2024\\\/12\\\/8-IKEA-Produkte-die-Designer-derzeit-lieben.jpg\",\"keywords\":[\"derzeit\",\"Designer\",\"die\",\"IKEAProdukte\",\"lieben\"],\"articleSection\":[\"Haus &amp; Garten\"],\"inLanguage\":\"de\"},{\"@type\":\"WebPage\",\"@id\":\"https:\\\/\\\/www.strassenweb.de\\\/nachrichten\\\/8-ikea-produkte-die-designer-derzeit-lieben\\\/\",\"url\":\"https:\\\/\\\/www.strassenweb.de\\\/nachrichten\\\/8-ikea-produkte-die-designer-derzeit-lieben\\\/\",\"name\":\"8 IKEA-Produkte, die Designer derzeit lieben - Nachrichten - Stra\u00dfenweb\",\"isPartOf\":{\"@id\":\"https:\\\/\\\/www.strassenweb.de\\\/nachrichten\\\/#website\"},\"primaryImageOfPage\":{\"@id\":\"https:\\\/\\\/www.strassenweb.de\\\/nachrichten\\\/8-ikea-produkte-die-designer-derzeit-lieben\\\/#primaryimage\"},\"image\":{\"@id\":\"https:\\\/\\\/www.strassenweb.de\\\/nachrichten\\\/8-ikea-produkte-die-designer-derzeit-lieben\\\/#primaryimage\"},\"thumbnailUrl\":\"https:\\\/\\\/www.strassenweb.de\\\/nachrichten\\\/wp-content\\\/uploads\\\/2024\\\/12\\\/8-IKEA-Produkte-die-Designer-derzeit-lieben.jpg\",\"datePublished\":\"2024-12-27T11:03:18+00:00\",\"dateModified\":\"2024-12-27T11:03:19+00:00\",\"breadcrumb\":{\"@id\":\"https:\\\/\\\/www.strassenweb.de\\\/nachrichten\\\/8-ikea-produkte-die-designer-derzeit-lieben\\\/#breadcrumb\"},\"inLanguage\":\"de\",\"potentialAction\":[{\"@type\":\"ReadAction\",\"target\":[\"https:\\\/\\\/www.strassenweb.de\\\/nachrichten\\\/8-ikea-produkte-die-designer-derzeit-lieben\\\/\"]}]},{\"@type\":\"ImageObject\",\"inLanguage\":\"de\",\"@id\":\"https:\\\/\\\/www.strassenweb.de\\\/nachrichten\\\/8-ikea-produkte-die-designer-derzeit-lieben\\\/#primaryimage\",\"url\":\"https:\\\/\\\/www.strassenweb.de\\\/nachrichten\\\/wp-content\\\/uploads\\\/2024\\\/12\\\/8-IKEA-Produkte-die-Designer-derzeit-lieben.jpg\",\"contentUrl\":\"https:\\\/\\\/www.strassenweb.de\\\/nachrichten\\\/wp-content\\\/uploads\\\/2024\\\/12\\\/8-IKEA-Produkte-die-Designer-derzeit-lieben.jpg\",\"width\":1200,\"height\":675,\"caption\":\"8 IKEA-Produkte, die Designer derzeit lieben\"},{\"@type\":\"BreadcrumbList\",\"@id\":\"https:\\\/\\\/www.strassenweb.de\\\/nachrichten\\\/8-ikea-produkte-die-designer-derzeit-lieben\\\/#breadcrumb\",\"itemListElement\":[{\"@type\":\"ListItem\",\"position\":1,\"name\":\"Home\",\"item\":\"https:\\\/\\\/www.strassenweb.de\\\/nachrichten\\\/\"},{\"@type\":\"ListItem\",\"position\":2,\"name\":\"8 IKEA-Produkte, die Designer derzeit lieben\"}]},{\"@type\":\"WebSite\",\"@id\":\"https:\\\/\\\/www.strassenweb.de\\\/nachrichten\\\/#website\",\"url\":\"https:\\\/\\\/www.strassenweb.de\\\/nachrichten\\\/\",\"name\":\"Stra\u00dfenweb\",\"description\":\"Stra\u00dfenverzeichnis f\u00fcr Deutschland\",\"publisher\":{\"@id\":\"https:\\\/\\\/www.strassenweb.de\\\/nachrichten\\\/#organization\"},\"potentialAction\":[{\"@type\":\"SearchAction\",\"target\":{\"@type\":\"EntryPoint\",\"urlTemplate\":\"https:\\\/\\\/www.strassenweb.de\\\/nachrichten\\\/?s={search_term_string}\"},\"query-input\":{\"@type\":\"PropertyValueSpecification\",\"valueRequired\":true,\"valueName\":\"search_term_string\"}}],\"inLanguage\":\"de\"},{\"@type\":\"Organization\",\"@id\":\"https:\\\/\\\/www.strassenweb.de\\\/nachrichten\\\/#organization\",\"name\":\"Stra\u00dfenweb\",\"url\":\"https:\\\/\\\/www.strassenweb.de\\\/nachrichten\\\/\",\"logo\":{\"@type\":\"ImageObject\",\"inLanguage\":\"de\",\"@id\":\"https:\\\/\\\/www.strassenweb.de\\\/nachrichten\\\/#\\\/schema\\\/logo\\\/image\\\/\",\"url\":\"https:\\\/\\\/www.strassenweb.de\\\/nachrichten\\\/wp-content\\\/uploads\\\/2024\\\/09\\\/cropped-favicon.png\",\"contentUrl\":\"https:\\\/\\\/www.strassenweb.de\\\/nachrichten\\\/wp-content\\\/uploads\\\/2024\\\/09\\\/cropped-favicon.png\",\"width\":512,\"height\":512,\"caption\":\"Stra\u00dfenweb\"},\"image\":{\"@id\":\"https:\\\/\\\/www.strassenweb.de\\\/nachrichten\\\/#\\\/schema\\\/logo\\\/image\\\/\"},\"sameAs\":[\"https:\\\/\\\/www.facebook.com\\\/strassenweb\\\/\"]},{\"@type\":\"Person\",\"@id\":\"https:\\\/\\\/www.strassenweb.de\\\/nachrichten\\\/#\\\/schema\\\/person\\\/87c9c9067f1211da429a744dc5a5aa41\",\"name\":\"Robert Hoffmann\",\"image\":{\"@type\":\"ImageObject\",\"inLanguage\":\"de\",\"@id\":\"https:\\\/\\\/www.strassenweb.de\\\/nachrichten\\\/wp-content\\\/uploads\\\/2024\\\/09\\\/strassenweb-150x150.jpg\",\"url\":\"https:\\\/\\\/www.strassenweb.de\\\/nachrichten\\\/wp-content\\\/uploads\\\/2024\\\/09\\\/strassenweb-150x150.jpg\",\"contentUrl\":\"https:\\\/\\\/www.strassenweb.de\\\/nachrichten\\\/wp-content\\\/uploads\\\/2024\\\/09\\\/strassenweb-150x150.jpg\",\"caption\":\"Robert Hoffmann\"},\"description\":\"Ich hei\u00dfe Robert Hoffmann und ich bin ein leidenschaftlicher Verfechter von \u00d6kologie und Biodiversit\u00e4t. Seit meiner Kindheit in den W\u00e4ldern Bayerns f\u00fchle ich mich mit der Natur verbunden und bin entschlossen, sie zu sch\u00fctzen. Heute widme ich mein Leben der Sensibilisierung anderer f\u00fcr die Bedeutung des Umweltschutzes f\u00fcr zuk\u00fcnftige Generationen.\",\"sameAs\":[\"https:\\\/\\\/www.strassenweb.de\\\/\"]}]}<\/script>\n<!-- \/ Yoast SEO plugin. -->","yoast_head_json":{"title":"8 IKEA-Produkte, die Designer derzeit lieben - Nachrichten - Stra\u00dfenweb","robots":{"index":"index","follow":"follow","max-snippet":"max-snippet:-1","max-image-preview":"max-image-preview:large","max-video-preview":"max-video-preview:-1"},"canonical":"https:\/\/www.strassenweb.de\/nachrichten\/8-ikea-produkte-die-designer-derzeit-lieben\/","og_locale":"de_DE","og_type":"article","og_title":"8 IKEA-Produkte, die Designer derzeit lieben - Nachrichten - Stra\u00dfenweb","og_description":"Designer lieben IKEA genauso wie der Rest von uns. Aufgrund ihrer geschulten Augen, ihrer laserfokussierten F\u00e4higkeit, Sch\u00e4tze zu erkennen, und ihres Selbstvertrauens, R\u00e4ume auf unerwartete","og_url":"https:\/\/www.strassenweb.de\/nachrichten\/8-ikea-produkte-die-designer-derzeit-lieben\/","og_site_name":"Stra\u00dfenweb","article_publisher":"https:\/\/www.facebook.com\/strassenweb\/","article_published_time":"2024-12-27T11:03:18+00:00","article_modified_time":"2024-12-27T11:03:19+00:00","og_image":[{"width":1200,"height":675,"url":"https:\/\/www.strassenweb.de\/nachrichten\/wp-content\/uploads\/2024\/12\/8-IKEA-Produkte-die-Designer-derzeit-lieben.jpg","type":"image\/jpeg"}],"author":"Robert Hoffmann","twitter_card":"summary_large_image","twitter_misc":{"Verfasst von":"Robert Hoffmann","Gesch\u00e4tzte Lesezeit":"5\u00a0Minuten"},"schema":{"@context":"https:\/\/schema.org","@graph":[{"@type":"Article","@id":"https:\/\/www.strassenweb.de\/nachrichten\/8-ikea-produkte-die-designer-derzeit-lieben\/#article","isPartOf":{"@id":"https:\/\/www.strassenweb.de\/nachrichten\/8-ikea-produkte-die-designer-derzeit-lieben\/"},"author":{"name":"Robert Hoffmann","@id":"https:\/\/www.strassenweb.de\/nachrichten\/#\/schema\/person\/87c9c9067f1211da429a744dc5a5aa41"},"headline":"8 IKEA-Produkte, die Designer derzeit lieben","datePublished":"2024-12-27T11:03:18+00:00","dateModified":"2024-12-27T11:03:19+00:00","mainEntityOfPage":{"@id":"https:\/\/www.strassenweb.de\/nachrichten\/8-ikea-produkte-die-designer-derzeit-lieben\/"},"wordCount":977,"publisher":{"@id":"https:\/\/www.strassenweb.de\/nachrichten\/#organization"},"image":{"@id":"https:\/\/www.strassenweb.de\/nachrichten\/8-ikea-produkte-die-designer-derzeit-lieben\/#primaryimage"},"thumbnailUrl":"https:\/\/www.strassenweb.de\/nachrichten\/wp-content\/uploads\/2024\/12\/8-IKEA-Produkte-die-Designer-derzeit-lieben.jpg","keywords":["derzeit","Designer","die","IKEAProdukte","lieben"],"articleSection":["Haus &amp; Garten"],"inLanguage":"de"},{"@type":"WebPage","@id":"https:\/\/www.strassenweb.de\/nachrichten\/8-ikea-produkte-die-designer-derzeit-lieben\/","url":"https:\/\/www.strassenweb.de\/nachrichten\/8-ikea-produkte-die-designer-derzeit-lieben\/","name":"8 IKEA-Produkte, die Designer derzeit lieben - Nachrichten - Stra\u00dfenweb","isPartOf":{"@id":"https:\/\/www.strassenweb.de\/nachrichten\/#website"},"primaryImageOfPage":{"@id":"https:\/\/www.strassenweb.de\/nachrichten\/8-ikea-produkte-die-designer-derzeit-lieben\/#primaryimage"},"image":{"@id":"https:\/\/www.strassenweb.de\/nachrichten\/8-ikea-produkte-die-designer-derzeit-lieben\/#primaryimage"},"thumbnailUrl":"https:\/\/www.strassenweb.de\/nachrichten\/wp-content\/uploads\/2024\/12\/8-IKEA-Produkte-die-Designer-derzeit-lieben.jpg","datePublished":"2024-12-27T11:03:18+00:00","dateModified":"2024-12-27T11:03:19+00:00","breadcrumb":{"@id":"https:\/\/www.strassenweb.de\/nachrichten\/8-ikea-produkte-die-designer-derzeit-lieben\/#breadcrumb"},"inLanguage":"de","potentialAction":[{"@type":"ReadAction","target":["https:\/\/www.strassenweb.de\/nachrichten\/8-ikea-produkte-die-designer-derzeit-lieben\/"]}]},{"@type":"ImageObject","inLanguage":"de","@id":"https:\/\/www.strassenweb.de\/nachrichten\/8-ikea-produkte-die-designer-derzeit-lieben\/#primaryimage","url":"https:\/\/www.strassenweb.de\/nachrichten\/wp-content\/uploads\/2024\/12\/8-IKEA-Produkte-die-Designer-derzeit-lieben.jpg","contentUrl":"https:\/\/www.strassenweb.de\/nachrichten\/wp-content\/uploads\/2024\/12\/8-IKEA-Produkte-die-Designer-derzeit-lieben.jpg","width":1200,"height":675,"caption":"8 IKEA-Produkte, die Designer derzeit lieben"},{"@type":"BreadcrumbList","@id":"https:\/\/www.strassenweb.de\/nachrichten\/8-ikea-produkte-die-designer-derzeit-lieben\/#breadcrumb","itemListElement":[{"@type":"ListItem","position":1,"name":"Home","item":"https:\/\/www.strassenweb.de\/nachrichten\/"},{"@type":"ListItem","position":2,"name":"8 IKEA-Produkte, die Designer derzeit lieben"}]},{"@type":"WebSite","@id":"https:\/\/www.strassenweb.de\/nachrichten\/#website","url":"https:\/\/www.strassenweb.de\/nachrichten\/","name":"Stra\u00dfenweb","description":"Stra\u00dfenverzeichnis f\u00fcr Deutschland","publisher":{"@id":"https:\/\/www.strassenweb.de\/nachrichten\/#organization"},"potentialAction":[{"@type":"SearchAction","target":{"@type":"EntryPoint","urlTemplate":"https:\/\/www.strassenweb.de\/nachrichten\/?s={search_term_string}"},"query-input":{"@type":"PropertyValueSpecification","valueRequired":true,"valueName":"search_term_string"}}],"inLanguage":"de"},{"@type":"Organization","@id":"https:\/\/www.strassenweb.de\/nachrichten\/#organization","name":"Stra\u00dfenweb","url":"https:\/\/www.strassenweb.de\/nachrichten\/","logo":{"@type":"ImageObject","inLanguage":"de","@id":"https:\/\/www.strassenweb.de\/nachrichten\/#\/schema\/logo\/image\/","url":"https:\/\/www.strassenweb.de\/nachrichten\/wp-content\/uploads\/2024\/09\/cropped-favicon.png","contentUrl":"https:\/\/www.strassenweb.de\/nachrichten\/wp-content\/uploads\/2024\/09\/cropped-favicon.png","width":512,"height":512,"caption":"Stra\u00dfenweb"},"image":{"@id":"https:\/\/www.strassenweb.de\/nachrichten\/#\/schema\/logo\/image\/"},"sameAs":["https:\/\/www.facebook.com\/strassenweb\/"]},{"@type":"Person","@id":"https:\/\/www.strassenweb.de\/nachrichten\/#\/schema\/person\/87c9c9067f1211da429a744dc5a5aa41","name":"Robert Hoffmann","image":{"@type":"ImageObject","inLanguage":"de","@id":"https:\/\/www.strassenweb.de\/nachrichten\/wp-content\/uploads\/2024\/09\/strassenweb-150x150.jpg","url":"https:\/\/www.strassenweb.de\/nachrichten\/wp-content\/uploads\/2024\/09\/strassenweb-150x150.jpg","contentUrl":"https:\/\/www.strassenweb.de\/nachrichten\/wp-content\/uploads\/2024\/09\/strassenweb-150x150.jpg","caption":"Robert Hoffmann"},"description":"Ich hei\u00dfe Robert Hoffmann und ich bin ein leidenschaftlicher Verfechter von \u00d6kologie und Biodiversit\u00e4t. Seit meiner Kindheit in den W\u00e4ldern Bayerns f\u00fchle ich mich mit der Natur verbunden und bin entschlossen, sie zu sch\u00fctzen. Heute widme ich mein Leben der Sensibilisierung anderer f\u00fcr die Bedeutung des Umweltschutzes f\u00fcr zuk\u00fcnftige Generationen.","sameAs":["https:\/\/www.strassenweb.de\/"]}]}},"_links":{"self":[{"href":"https:\/\/www.strassenweb.de\/nachrichten\/wp-json\/wp\/v2\/posts\/2369","targetHints":{"allow":["GET"]}}],"collection":[{"href":"https:\/\/www.strassenweb.de\/nachrichten\/wp-json\/wp\/v2\/posts"}],"about":[{"href":"https:\/\/www.strassenweb.de\/nachrichten\/wp-json\/wp\/v2\/types\/post"}],"author":[{"embeddable":true,"href":"https:\/\/www.strassenweb.de\/nachrichten\/wp-json\/wp\/v2\/users\/1"}],"replies":[{"embeddable":true,"href":"https:\/\/www.strassenweb.de\/nachrichten\/wp-json\/wp\/v2\/comments?post=2369"}],"version-history":[{"count":0,"href":"https:\/\/www.strassenweb.de\/nachrichten\/wp-json\/wp\/v2\/posts\/2369\/revisions"}],"wp:featuredmedia":[{"embeddable":true,"href":"https:\/\/www.strassenweb.de\/nachrichten\/wp-json\/wp\/v2\/media\/2370"}],"wp:attachment":[{"href":"https:\/\/www.strassenweb.de\/nachrichten\/wp-json\/wp\/v2\/media?parent=2369"}],"wp:term":[{"taxonomy":"category","embeddable":true,"href":"https:\/\/www.strassenweb.de\/nachrichten\/wp-json\/wp\/v2\/categories?post=2369"},{"taxonomy":"post_tag","embeddable":true,"href":"https:\/\/www.strassenweb.de\/nachrichten\/wp-json\/wp\/v2\/tags?post=2369"}],"curies":[{"name":"wp","href":"https:\/\/api.w.org\/{rel}","templated":true}]}}