{"id":2360,"date":"2024-12-26T23:52:19","date_gmt":"2024-12-26T22:52:19","guid":{"rendered":"https:\/\/www.strassenweb.de\/nachrichten\/kristen-bell-teilte-ihren-beeindruckenden-wicked-weihnachtsbaum-geschmueckt-mit-den-beruehmten-rubinroten-hausschuhen-und-gelben-backsteinstrassen\/"},"modified":"2024-12-26T23:52:20","modified_gmt":"2024-12-26T22:52:20","slug":"kristen-bell-teilte-ihren-beeindruckenden-wicked-weihnachtsbaum-geschmueckt-mit-den-beruehmten-rubinroten-hausschuhen-und-gelben-backsteinstrassen","status":"publish","type":"post","link":"https:\/\/www.strassenweb.de\/nachrichten\/kristen-bell-teilte-ihren-beeindruckenden-wicked-weihnachtsbaum-geschmueckt-mit-den-beruehmten-rubinroten-hausschuhen-und-gelben-backsteinstrassen\/","title":{"rendered":"Kristen Bell teilte ihren beeindruckenden \u201eWicked\u201c-Weihnachtsbaum \u2013 geschm\u00fcckt mit den ber\u00fchmten rubinroten Hausschuhen und gelben Backsteinstra\u00dfen"},"content":{"rendered":"<p><\/p>\n<div id=\"article-body\" class=\"article__body \">\n<p><em>B\u00f6se<\/em> ist in Tinseltown seit dem Kinostart des Films in aller Munde, und dieser zeitgeistige Trend hat sich vom roten Teppich in die Mode und nun auch in unser Zuhause geschlichen.<\/p>\n<div id=\"ad-unit-1\" class=\"ad-unit\"><\/div>\n<p>Zu verdanken ist dies unter anderem den Filmstars Cynthia Erivo und Ariana Grande. Das Duo liebt Elphabas Smaragdgr\u00fcn und Glindas Pastellrosa, seit das Paar im M\u00e4rz die Oscar-Verleihung 2024 ausrichtete. \u201eIch hoffe wirklich, dass Sie alle f\u00fcr diese Pressetour bereit sind\u201c, postete Erivo damals in ihrer Instagram-Story mit einem Foto von sich und Grande in ma\u00dfgeschneiderten gr\u00fcnen und rosa glitzernden Louis Vuitton-Trikots.<\/p>\n<aside class=\"hawk-nest\" data-block-type=\"embed\" data-render-type=\"fte\" data-skip=\"dealsy\" data-widget-type=\"seasonal\">\n<div class=\"hawk-master-widget-hawk-base-wrapper\"><\/div>\n<\/aside>\n<p>Der jahrelange Aufbau hat das Publikum verzaubert und ein gro\u00dfes Medieninteresse hervorgerufen, dem man sich kaum entziehen konnte. Aber wenn Sie dachten, Ihre Weihnachtsdeko-Ideen seien sicher, denken Sie noch einmal dar\u00fcber nach. <\/p>\n<div id=\"desktop-in-article\" class=\"in-article ad-unit\">\n<div id=\"desktop-taboola-mid-article\"><\/div>\n<\/div>\n<div id=\"mobile-in-article\" class=\"in-article ad-unit\">\n<div id=\"mobile-taboola-mid-article\"><\/div>\n<\/div>\n<p>Der in Rosa und Gr\u00fcn geh\u00fcllte Weihnachtsbaum von Kristen Bell ist das perfekte Beispiel daf\u00fcr, wie Sie Ihr Zuhause in ein geschmackvolles Zuhause verwandeln k\u00f6nnen <em>B\u00f6se<\/em> Filmset. Letztes Jahr dekorierten die amerikanische Schauspielerin Kristen Bell und ihr Ehemann Dax Shepard zu Weihnachten mit einer Grinch-inspirierten \u00c4sthetik, sodass es ihnen nicht fremd ist, aktuellen Trends im Innendesign zu folgen.<\/p>\n<div class=\"van_vid_carousel\">\n<div class=\"van_vid_carousel__padding\">\n<div class=\"van_vid_carousel__container\"><\/div>\n<\/div>\n<\/div>\n<div class=\"instagram-embed\">\n<blockquote class=\"instagram-media\" data-instgrm-captioned data-instgrm-version=\"6\" style=\"width:99.375%; width:-webkit-calc(100% - 2px); width:calc(100% - 2px);\">\n<p>Ein von kristen bell (@kristenanniebell) geteilter Beitrag<\/p>\n<p>Ein Foto gepostet von am <\/p>\n<\/blockquote>\n<\/div>\n<p>Es ist keine \u00dcberraschung, dass Bell sich f\u00fcr a entschieden hat <em>Zauberer von Oz<\/em> Thema f\u00fcr 2024. Die Schauspielerin gab zuvor bekannt, dass sie ein Fan von ist <em>B\u00f6se<\/em>und zwar so sehr, dass sie sogar ihren Chor mitnahm, um es zu sehen.<\/p>\n<div id=\"ad-unit-2\" class=\"ad-unit\"><\/div>\n<p>Auf dem Foto, das die Schauspielerin auf Instagram geteilt hat, schien zu ihrem Weihnachtsbaum eine gelbe Backsteinstra\u00dfe zu f\u00fchren, aus der zwei Beine (die die b\u00f6se Hexe des Ostens symbolisieren) unter dem Baum hervorragten.<\/p>\n<p>Die Beine mit den auff\u00e4lligen roten Rubinpantoffeln aus dem Judy Garland-Film von 1939 sind eine ikonische Szene, w\u00e4hrend der Baum h\u00fcbsche rosa und rote Kugeln mit einer wundersch\u00f6n platzierten rosa Schleife aufweist \u2013 ein beliebter Weihnachtsbaumtrend f\u00fcr 2024.<\/p>\n<div id=\"slice-container-newsletterForm-articleInbodyContent-na9XcJMJctwSUqsidcTLY7\" class=\"slice-container newsletter-inbodyContent-slice newsletterForm-articleInbodyContent-na9XcJMJctwSUqsidcTLY7 slice-container-newsletterForm\"><\/div>\n<p>H\u00fcbsch darauf sitzen zwei einzigartige Weihnachtsbaumspitzen mit den Hauptfiguren von Wicked, Glinda und Elphaba. Das gesamte Spektakel ist eine wunderbare Hommage an die Lieblingshexen aller.<\/p>\n<h2 id=\"shop-the-look-3\">Shoppen Sie den Look<\/h2>\n<div class=\"product-container hero-product-container product-block-no-wrap\"><\/div>\n<\/div>\n<p><script async src=\"\/\/www.instagram.com\/embed.js\"><\/script><\/p>\n","protected":false},"excerpt":{"rendered":"<p>B\u00f6se ist in Tinseltown seit dem Kinostart des Films in aller Munde, und dieser zeitgeistige Trend hat sich vom roten Teppich in die Mode und<\/p>\n","protected":false},"author":1,"featured_media":2361,"comment_status":"closed","ping_status":"","sticky":false,"template":"","format":"standard","meta":{"footnotes":""},"categories":[118],"tags":[4025,4020,4018,2193,78,2832,4022,4024,325,4017,146,4023,4019,37,4021],"class_list":["post-2360","post","type-post","status-publish","format-standard","has-post-thumbnail","hentry","category-haus-garten","tag-backsteinstrassen","tag-beeindruckenden","tag-bell","tag-beruehmten","tag-den","tag-gelben","tag-geschmueckt","tag-hausschuhen","tag-ihren","tag-kristen","tag-mit","tag-rubinroten","tag-teilte","tag-und","tag-wickedweihnachtsbaum","generate-columns","tablet-grid-50","mobile-grid-100","grid-parent","grid-50"],"yoast_head":"<!-- This site is optimized with the Yoast SEO plugin v27.3 - https:\/\/yoast.com\/product\/yoast-seo-wordpress\/ -->\n<title>Kristen Bell teilte ihren beeindruckenden \u201eWicked\u201c-Weihnachtsbaum \u2013 geschm\u00fcckt mit den ber\u00fchmten rubinroten Hausschuhen und gelben Backsteinstra\u00dfen - Nachrichten - Stra\u00dfenweb<\/title>\n<meta name=\"robots\" content=\"index, follow, max-snippet:-1, max-image-preview:large, max-video-preview:-1\" \/>\n<link rel=\"canonical\" href=\"https:\/\/www.strassenweb.de\/nachrichten\/kristen-bell-teilte-ihren-beeindruckenden-wicked-weihnachtsbaum-geschmueckt-mit-den-beruehmten-rubinroten-hausschuhen-und-gelben-backsteinstrassen\/\" \/>\n<meta property=\"og:locale\" content=\"de_DE\" \/>\n<meta property=\"og:type\" content=\"article\" \/>\n<meta property=\"og:title\" content=\"Kristen Bell teilte ihren beeindruckenden \u201eWicked\u201c-Weihnachtsbaum \u2013 geschm\u00fcckt mit den ber\u00fchmten rubinroten Hausschuhen und gelben Backsteinstra\u00dfen - Nachrichten - Stra\u00dfenweb\" \/>\n<meta property=\"og:description\" content=\"B\u00f6se ist in Tinseltown seit dem Kinostart des Films in aller Munde, und dieser zeitgeistige Trend hat sich vom roten Teppich in die Mode und\" \/>\n<meta property=\"og:url\" content=\"https:\/\/www.strassenweb.de\/nachrichten\/kristen-bell-teilte-ihren-beeindruckenden-wicked-weihnachtsbaum-geschmueckt-mit-den-beruehmten-rubinroten-hausschuhen-und-gelben-backsteinstrassen\/\" \/>\n<meta property=\"og:site_name\" content=\"Stra\u00dfenweb\" \/>\n<meta property=\"article:publisher\" content=\"https:\/\/www.facebook.com\/strassenweb\/\" \/>\n<meta property=\"article:published_time\" content=\"2024-12-26T22:52:19+00:00\" \/>\n<meta property=\"article:modified_time\" content=\"2024-12-26T22:52:20+00:00\" \/>\n<meta property=\"og:image\" content=\"https:\/\/www.strassenweb.de\/nachrichten\/wp-content\/uploads\/2024\/12\/Kristen-Bell-teilte-ihren-beeindruckenden-\u201eWicked-Weihnachtsbaum-\u2013-geschmueckt-mit-den.jpg\" \/>\n\t<meta property=\"og:image:width\" content=\"1200\" \/>\n\t<meta property=\"og:image:height\" content=\"675\" \/>\n\t<meta property=\"og:image:type\" content=\"image\/jpeg\" \/>\n<meta name=\"author\" content=\"Robert Hoffmann\" \/>\n<meta name=\"twitter:card\" content=\"summary_large_image\" \/>\n<meta name=\"twitter:label1\" content=\"Verfasst von\" \/>\n\t<meta name=\"twitter:data1\" content=\"Robert Hoffmann\" \/>\n\t<meta name=\"twitter:label2\" content=\"Gesch\u00e4tzte Lesezeit\" \/>\n\t<meta name=\"twitter:data2\" content=\"2\u00a0Minuten\" \/>\n<script type=\"application\/ld+json\" class=\"yoast-schema-graph\">{\"@context\":\"https:\\\/\\\/schema.org\",\"@graph\":[{\"@type\":\"Article\",\"@id\":\"https:\\\/\\\/www.strassenweb.de\\\/nachrichten\\\/kristen-bell-teilte-ihren-beeindruckenden-wicked-weihnachtsbaum-geschmueckt-mit-den-beruehmten-rubinroten-hausschuhen-und-gelben-backsteinstrassen\\\/#article\",\"isPartOf\":{\"@id\":\"https:\\\/\\\/www.strassenweb.de\\\/nachrichten\\\/kristen-bell-teilte-ihren-beeindruckenden-wicked-weihnachtsbaum-geschmueckt-mit-den-beruehmten-rubinroten-hausschuhen-und-gelben-backsteinstrassen\\\/\"},\"author\":{\"name\":\"Robert Hoffmann\",\"@id\":\"https:\\\/\\\/www.strassenweb.de\\\/nachrichten\\\/#\\\/schema\\\/person\\\/87c9c9067f1211da429a744dc5a5aa41\"},\"headline\":\"Kristen Bell teilte ihren beeindruckenden \u201eWicked\u201c-Weihnachtsbaum \u2013 geschm\u00fcckt mit den ber\u00fchmten rubinroten Hausschuhen und gelben Backsteinstra\u00dfen\",\"datePublished\":\"2024-12-26T22:52:19+00:00\",\"dateModified\":\"2024-12-26T22:52:20+00:00\",\"mainEntityOfPage\":{\"@id\":\"https:\\\/\\\/www.strassenweb.de\\\/nachrichten\\\/kristen-bell-teilte-ihren-beeindruckenden-wicked-weihnachtsbaum-geschmueckt-mit-den-beruehmten-rubinroten-hausschuhen-und-gelben-backsteinstrassen\\\/\"},\"wordCount\":377,\"publisher\":{\"@id\":\"https:\\\/\\\/www.strassenweb.de\\\/nachrichten\\\/#organization\"},\"image\":{\"@id\":\"https:\\\/\\\/www.strassenweb.de\\\/nachrichten\\\/kristen-bell-teilte-ihren-beeindruckenden-wicked-weihnachtsbaum-geschmueckt-mit-den-beruehmten-rubinroten-hausschuhen-und-gelben-backsteinstrassen\\\/#primaryimage\"},\"thumbnailUrl\":\"https:\\\/\\\/www.strassenweb.de\\\/nachrichten\\\/wp-content\\\/uploads\\\/2024\\\/12\\\/Kristen-Bell-teilte-ihren-beeindruckenden-\u201eWicked-Weihnachtsbaum-\u2013-geschmueckt-mit-den.jpg\",\"keywords\":[\"Backsteinstra\u00dfen\",\"beeindruckenden\",\"Bell\",\"ber\u00fchmten\",\"den\",\"gelben\",\"geschm\u00fcckt\",\"Hausschuhen\",\"ihren\",\"Kristen\",\"mit\",\"rubinroten\",\"teilte\",\"und\",\"WickedWeihnachtsbaum\"],\"articleSection\":[\"Haus &amp; Garten\"],\"inLanguage\":\"de\"},{\"@type\":\"WebPage\",\"@id\":\"https:\\\/\\\/www.strassenweb.de\\\/nachrichten\\\/kristen-bell-teilte-ihren-beeindruckenden-wicked-weihnachtsbaum-geschmueckt-mit-den-beruehmten-rubinroten-hausschuhen-und-gelben-backsteinstrassen\\\/\",\"url\":\"https:\\\/\\\/www.strassenweb.de\\\/nachrichten\\\/kristen-bell-teilte-ihren-beeindruckenden-wicked-weihnachtsbaum-geschmueckt-mit-den-beruehmten-rubinroten-hausschuhen-und-gelben-backsteinstrassen\\\/\",\"name\":\"Kristen Bell teilte ihren beeindruckenden \u201eWicked\u201c-Weihnachtsbaum \u2013 geschm\u00fcckt mit den ber\u00fchmten rubinroten Hausschuhen und gelben Backsteinstra\u00dfen - Nachrichten - Stra\u00dfenweb\",\"isPartOf\":{\"@id\":\"https:\\\/\\\/www.strassenweb.de\\\/nachrichten\\\/#website\"},\"primaryImageOfPage\":{\"@id\":\"https:\\\/\\\/www.strassenweb.de\\\/nachrichten\\\/kristen-bell-teilte-ihren-beeindruckenden-wicked-weihnachtsbaum-geschmueckt-mit-den-beruehmten-rubinroten-hausschuhen-und-gelben-backsteinstrassen\\\/#primaryimage\"},\"image\":{\"@id\":\"https:\\\/\\\/www.strassenweb.de\\\/nachrichten\\\/kristen-bell-teilte-ihren-beeindruckenden-wicked-weihnachtsbaum-geschmueckt-mit-den-beruehmten-rubinroten-hausschuhen-und-gelben-backsteinstrassen\\\/#primaryimage\"},\"thumbnailUrl\":\"https:\\\/\\\/www.strassenweb.de\\\/nachrichten\\\/wp-content\\\/uploads\\\/2024\\\/12\\\/Kristen-Bell-teilte-ihren-beeindruckenden-\u201eWicked-Weihnachtsbaum-\u2013-geschmueckt-mit-den.jpg\",\"datePublished\":\"2024-12-26T22:52:19+00:00\",\"dateModified\":\"2024-12-26T22:52:20+00:00\",\"breadcrumb\":{\"@id\":\"https:\\\/\\\/www.strassenweb.de\\\/nachrichten\\\/kristen-bell-teilte-ihren-beeindruckenden-wicked-weihnachtsbaum-geschmueckt-mit-den-beruehmten-rubinroten-hausschuhen-und-gelben-backsteinstrassen\\\/#breadcrumb\"},\"inLanguage\":\"de\",\"potentialAction\":[{\"@type\":\"ReadAction\",\"target\":[\"https:\\\/\\\/www.strassenweb.de\\\/nachrichten\\\/kristen-bell-teilte-ihren-beeindruckenden-wicked-weihnachtsbaum-geschmueckt-mit-den-beruehmten-rubinroten-hausschuhen-und-gelben-backsteinstrassen\\\/\"]}]},{\"@type\":\"ImageObject\",\"inLanguage\":\"de\",\"@id\":\"https:\\\/\\\/www.strassenweb.de\\\/nachrichten\\\/kristen-bell-teilte-ihren-beeindruckenden-wicked-weihnachtsbaum-geschmueckt-mit-den-beruehmten-rubinroten-hausschuhen-und-gelben-backsteinstrassen\\\/#primaryimage\",\"url\":\"https:\\\/\\\/www.strassenweb.de\\\/nachrichten\\\/wp-content\\\/uploads\\\/2024\\\/12\\\/Kristen-Bell-teilte-ihren-beeindruckenden-\u201eWicked-Weihnachtsbaum-\u2013-geschmueckt-mit-den.jpg\",\"contentUrl\":\"https:\\\/\\\/www.strassenweb.de\\\/nachrichten\\\/wp-content\\\/uploads\\\/2024\\\/12\\\/Kristen-Bell-teilte-ihren-beeindruckenden-\u201eWicked-Weihnachtsbaum-\u2013-geschmueckt-mit-den.jpg\",\"width\":1200,\"height\":675,\"caption\":\"Kristen Bell teilte ihren beeindruckenden \u201eWicked\u201c-Weihnachtsbaum \u2013 geschm\u00fcckt mit den ber\u00fchmten rubinroten Hausschuhen und gelben Backsteinstra\u00dfen\"},{\"@type\":\"BreadcrumbList\",\"@id\":\"https:\\\/\\\/www.strassenweb.de\\\/nachrichten\\\/kristen-bell-teilte-ihren-beeindruckenden-wicked-weihnachtsbaum-geschmueckt-mit-den-beruehmten-rubinroten-hausschuhen-und-gelben-backsteinstrassen\\\/#breadcrumb\",\"itemListElement\":[{\"@type\":\"ListItem\",\"position\":1,\"name\":\"Home\",\"item\":\"https:\\\/\\\/www.strassenweb.de\\\/nachrichten\\\/\"},{\"@type\":\"ListItem\",\"position\":2,\"name\":\"Kristen Bell teilte ihren beeindruckenden \u201eWicked\u201c-Weihnachtsbaum \u2013 geschm\u00fcckt mit den ber\u00fchmten rubinroten Hausschuhen und gelben Backsteinstra\u00dfen\"}]},{\"@type\":\"WebSite\",\"@id\":\"https:\\\/\\\/www.strassenweb.de\\\/nachrichten\\\/#website\",\"url\":\"https:\\\/\\\/www.strassenweb.de\\\/nachrichten\\\/\",\"name\":\"Stra\u00dfenweb\",\"description\":\"Stra\u00dfenverzeichnis f\u00fcr Deutschland\",\"publisher\":{\"@id\":\"https:\\\/\\\/www.strassenweb.de\\\/nachrichten\\\/#organization\"},\"potentialAction\":[{\"@type\":\"SearchAction\",\"target\":{\"@type\":\"EntryPoint\",\"urlTemplate\":\"https:\\\/\\\/www.strassenweb.de\\\/nachrichten\\\/?s={search_term_string}\"},\"query-input\":{\"@type\":\"PropertyValueSpecification\",\"valueRequired\":true,\"valueName\":\"search_term_string\"}}],\"inLanguage\":\"de\"},{\"@type\":\"Organization\",\"@id\":\"https:\\\/\\\/www.strassenweb.de\\\/nachrichten\\\/#organization\",\"name\":\"Stra\u00dfenweb\",\"url\":\"https:\\\/\\\/www.strassenweb.de\\\/nachrichten\\\/\",\"logo\":{\"@type\":\"ImageObject\",\"inLanguage\":\"de\",\"@id\":\"https:\\\/\\\/www.strassenweb.de\\\/nachrichten\\\/#\\\/schema\\\/logo\\\/image\\\/\",\"url\":\"https:\\\/\\\/www.strassenweb.de\\\/nachrichten\\\/wp-content\\\/uploads\\\/2024\\\/09\\\/cropped-favicon.png\",\"contentUrl\":\"https:\\\/\\\/www.strassenweb.de\\\/nachrichten\\\/wp-content\\\/uploads\\\/2024\\\/09\\\/cropped-favicon.png\",\"width\":512,\"height\":512,\"caption\":\"Stra\u00dfenweb\"},\"image\":{\"@id\":\"https:\\\/\\\/www.strassenweb.de\\\/nachrichten\\\/#\\\/schema\\\/logo\\\/image\\\/\"},\"sameAs\":[\"https:\\\/\\\/www.facebook.com\\\/strassenweb\\\/\"]},{\"@type\":\"Person\",\"@id\":\"https:\\\/\\\/www.strassenweb.de\\\/nachrichten\\\/#\\\/schema\\\/person\\\/87c9c9067f1211da429a744dc5a5aa41\",\"name\":\"Robert Hoffmann\",\"image\":{\"@type\":\"ImageObject\",\"inLanguage\":\"de\",\"@id\":\"https:\\\/\\\/www.strassenweb.de\\\/nachrichten\\\/wp-content\\\/uploads\\\/2024\\\/09\\\/strassenweb-150x150.jpg\",\"url\":\"https:\\\/\\\/www.strassenweb.de\\\/nachrichten\\\/wp-content\\\/uploads\\\/2024\\\/09\\\/strassenweb-150x150.jpg\",\"contentUrl\":\"https:\\\/\\\/www.strassenweb.de\\\/nachrichten\\\/wp-content\\\/uploads\\\/2024\\\/09\\\/strassenweb-150x150.jpg\",\"caption\":\"Robert Hoffmann\"},\"description\":\"Ich hei\u00dfe Robert Hoffmann und ich bin ein leidenschaftlicher Verfechter von \u00d6kologie und Biodiversit\u00e4t. Seit meiner Kindheit in den W\u00e4ldern Bayerns f\u00fchle ich mich mit der Natur verbunden und bin entschlossen, sie zu sch\u00fctzen. Heute widme ich mein Leben der Sensibilisierung anderer f\u00fcr die Bedeutung des Umweltschutzes f\u00fcr zuk\u00fcnftige Generationen.\",\"sameAs\":[\"https:\\\/\\\/www.strassenweb.de\\\/\"]}]}<\/script>\n<!-- \/ Yoast SEO plugin. -->","yoast_head_json":{"title":"Kristen Bell teilte ihren beeindruckenden \u201eWicked\u201c-Weihnachtsbaum \u2013 geschm\u00fcckt mit den ber\u00fchmten rubinroten Hausschuhen und gelben Backsteinstra\u00dfen - Nachrichten - Stra\u00dfenweb","robots":{"index":"index","follow":"follow","max-snippet":"max-snippet:-1","max-image-preview":"max-image-preview:large","max-video-preview":"max-video-preview:-1"},"canonical":"https:\/\/www.strassenweb.de\/nachrichten\/kristen-bell-teilte-ihren-beeindruckenden-wicked-weihnachtsbaum-geschmueckt-mit-den-beruehmten-rubinroten-hausschuhen-und-gelben-backsteinstrassen\/","og_locale":"de_DE","og_type":"article","og_title":"Kristen Bell teilte ihren beeindruckenden \u201eWicked\u201c-Weihnachtsbaum \u2013 geschm\u00fcckt mit den ber\u00fchmten rubinroten Hausschuhen und gelben Backsteinstra\u00dfen - Nachrichten - Stra\u00dfenweb","og_description":"B\u00f6se ist in Tinseltown seit dem Kinostart des Films in aller Munde, und dieser zeitgeistige Trend hat sich vom roten Teppich in die Mode und","og_url":"https:\/\/www.strassenweb.de\/nachrichten\/kristen-bell-teilte-ihren-beeindruckenden-wicked-weihnachtsbaum-geschmueckt-mit-den-beruehmten-rubinroten-hausschuhen-und-gelben-backsteinstrassen\/","og_site_name":"Stra\u00dfenweb","article_publisher":"https:\/\/www.facebook.com\/strassenweb\/","article_published_time":"2024-12-26T22:52:19+00:00","article_modified_time":"2024-12-26T22:52:20+00:00","og_image":[{"width":1200,"height":675,"url":"https:\/\/www.strassenweb.de\/nachrichten\/wp-content\/uploads\/2024\/12\/Kristen-Bell-teilte-ihren-beeindruckenden-\u201eWicked-Weihnachtsbaum-\u2013-geschmueckt-mit-den.jpg","type":"image\/jpeg"}],"author":"Robert Hoffmann","twitter_card":"summary_large_image","twitter_misc":{"Verfasst von":"Robert Hoffmann","Gesch\u00e4tzte Lesezeit":"2\u00a0Minuten"},"schema":{"@context":"https:\/\/schema.org","@graph":[{"@type":"Article","@id":"https:\/\/www.strassenweb.de\/nachrichten\/kristen-bell-teilte-ihren-beeindruckenden-wicked-weihnachtsbaum-geschmueckt-mit-den-beruehmten-rubinroten-hausschuhen-und-gelben-backsteinstrassen\/#article","isPartOf":{"@id":"https:\/\/www.strassenweb.de\/nachrichten\/kristen-bell-teilte-ihren-beeindruckenden-wicked-weihnachtsbaum-geschmueckt-mit-den-beruehmten-rubinroten-hausschuhen-und-gelben-backsteinstrassen\/"},"author":{"name":"Robert Hoffmann","@id":"https:\/\/www.strassenweb.de\/nachrichten\/#\/schema\/person\/87c9c9067f1211da429a744dc5a5aa41"},"headline":"Kristen Bell teilte ihren beeindruckenden \u201eWicked\u201c-Weihnachtsbaum \u2013 geschm\u00fcckt mit den ber\u00fchmten rubinroten Hausschuhen und gelben Backsteinstra\u00dfen","datePublished":"2024-12-26T22:52:19+00:00","dateModified":"2024-12-26T22:52:20+00:00","mainEntityOfPage":{"@id":"https:\/\/www.strassenweb.de\/nachrichten\/kristen-bell-teilte-ihren-beeindruckenden-wicked-weihnachtsbaum-geschmueckt-mit-den-beruehmten-rubinroten-hausschuhen-und-gelben-backsteinstrassen\/"},"wordCount":377,"publisher":{"@id":"https:\/\/www.strassenweb.de\/nachrichten\/#organization"},"image":{"@id":"https:\/\/www.strassenweb.de\/nachrichten\/kristen-bell-teilte-ihren-beeindruckenden-wicked-weihnachtsbaum-geschmueckt-mit-den-beruehmten-rubinroten-hausschuhen-und-gelben-backsteinstrassen\/#primaryimage"},"thumbnailUrl":"https:\/\/www.strassenweb.de\/nachrichten\/wp-content\/uploads\/2024\/12\/Kristen-Bell-teilte-ihren-beeindruckenden-\u201eWicked-Weihnachtsbaum-\u2013-geschmueckt-mit-den.jpg","keywords":["Backsteinstra\u00dfen","beeindruckenden","Bell","ber\u00fchmten","den","gelben","geschm\u00fcckt","Hausschuhen","ihren","Kristen","mit","rubinroten","teilte","und","WickedWeihnachtsbaum"],"articleSection":["Haus &amp; Garten"],"inLanguage":"de"},{"@type":"WebPage","@id":"https:\/\/www.strassenweb.de\/nachrichten\/kristen-bell-teilte-ihren-beeindruckenden-wicked-weihnachtsbaum-geschmueckt-mit-den-beruehmten-rubinroten-hausschuhen-und-gelben-backsteinstrassen\/","url":"https:\/\/www.strassenweb.de\/nachrichten\/kristen-bell-teilte-ihren-beeindruckenden-wicked-weihnachtsbaum-geschmueckt-mit-den-beruehmten-rubinroten-hausschuhen-und-gelben-backsteinstrassen\/","name":"Kristen Bell teilte ihren beeindruckenden \u201eWicked\u201c-Weihnachtsbaum \u2013 geschm\u00fcckt mit den ber\u00fchmten rubinroten Hausschuhen und gelben Backsteinstra\u00dfen - Nachrichten - Stra\u00dfenweb","isPartOf":{"@id":"https:\/\/www.strassenweb.de\/nachrichten\/#website"},"primaryImageOfPage":{"@id":"https:\/\/www.strassenweb.de\/nachrichten\/kristen-bell-teilte-ihren-beeindruckenden-wicked-weihnachtsbaum-geschmueckt-mit-den-beruehmten-rubinroten-hausschuhen-und-gelben-backsteinstrassen\/#primaryimage"},"image":{"@id":"https:\/\/www.strassenweb.de\/nachrichten\/kristen-bell-teilte-ihren-beeindruckenden-wicked-weihnachtsbaum-geschmueckt-mit-den-beruehmten-rubinroten-hausschuhen-und-gelben-backsteinstrassen\/#primaryimage"},"thumbnailUrl":"https:\/\/www.strassenweb.de\/nachrichten\/wp-content\/uploads\/2024\/12\/Kristen-Bell-teilte-ihren-beeindruckenden-\u201eWicked-Weihnachtsbaum-\u2013-geschmueckt-mit-den.jpg","datePublished":"2024-12-26T22:52:19+00:00","dateModified":"2024-12-26T22:52:20+00:00","breadcrumb":{"@id":"https:\/\/www.strassenweb.de\/nachrichten\/kristen-bell-teilte-ihren-beeindruckenden-wicked-weihnachtsbaum-geschmueckt-mit-den-beruehmten-rubinroten-hausschuhen-und-gelben-backsteinstrassen\/#breadcrumb"},"inLanguage":"de","potentialAction":[{"@type":"ReadAction","target":["https:\/\/www.strassenweb.de\/nachrichten\/kristen-bell-teilte-ihren-beeindruckenden-wicked-weihnachtsbaum-geschmueckt-mit-den-beruehmten-rubinroten-hausschuhen-und-gelben-backsteinstrassen\/"]}]},{"@type":"ImageObject","inLanguage":"de","@id":"https:\/\/www.strassenweb.de\/nachrichten\/kristen-bell-teilte-ihren-beeindruckenden-wicked-weihnachtsbaum-geschmueckt-mit-den-beruehmten-rubinroten-hausschuhen-und-gelben-backsteinstrassen\/#primaryimage","url":"https:\/\/www.strassenweb.de\/nachrichten\/wp-content\/uploads\/2024\/12\/Kristen-Bell-teilte-ihren-beeindruckenden-\u201eWicked-Weihnachtsbaum-\u2013-geschmueckt-mit-den.jpg","contentUrl":"https:\/\/www.strassenweb.de\/nachrichten\/wp-content\/uploads\/2024\/12\/Kristen-Bell-teilte-ihren-beeindruckenden-\u201eWicked-Weihnachtsbaum-\u2013-geschmueckt-mit-den.jpg","width":1200,"height":675,"caption":"Kristen Bell teilte ihren beeindruckenden \u201eWicked\u201c-Weihnachtsbaum \u2013 geschm\u00fcckt mit den ber\u00fchmten rubinroten Hausschuhen und gelben Backsteinstra\u00dfen"},{"@type":"BreadcrumbList","@id":"https:\/\/www.strassenweb.de\/nachrichten\/kristen-bell-teilte-ihren-beeindruckenden-wicked-weihnachtsbaum-geschmueckt-mit-den-beruehmten-rubinroten-hausschuhen-und-gelben-backsteinstrassen\/#breadcrumb","itemListElement":[{"@type":"ListItem","position":1,"name":"Home","item":"https:\/\/www.strassenweb.de\/nachrichten\/"},{"@type":"ListItem","position":2,"name":"Kristen Bell teilte ihren beeindruckenden \u201eWicked\u201c-Weihnachtsbaum \u2013 geschm\u00fcckt mit den ber\u00fchmten rubinroten Hausschuhen und gelben Backsteinstra\u00dfen"}]},{"@type":"WebSite","@id":"https:\/\/www.strassenweb.de\/nachrichten\/#website","url":"https:\/\/www.strassenweb.de\/nachrichten\/","name":"Stra\u00dfenweb","description":"Stra\u00dfenverzeichnis f\u00fcr Deutschland","publisher":{"@id":"https:\/\/www.strassenweb.de\/nachrichten\/#organization"},"potentialAction":[{"@type":"SearchAction","target":{"@type":"EntryPoint","urlTemplate":"https:\/\/www.strassenweb.de\/nachrichten\/?s={search_term_string}"},"query-input":{"@type":"PropertyValueSpecification","valueRequired":true,"valueName":"search_term_string"}}],"inLanguage":"de"},{"@type":"Organization","@id":"https:\/\/www.strassenweb.de\/nachrichten\/#organization","name":"Stra\u00dfenweb","url":"https:\/\/www.strassenweb.de\/nachrichten\/","logo":{"@type":"ImageObject","inLanguage":"de","@id":"https:\/\/www.strassenweb.de\/nachrichten\/#\/schema\/logo\/image\/","url":"https:\/\/www.strassenweb.de\/nachrichten\/wp-content\/uploads\/2024\/09\/cropped-favicon.png","contentUrl":"https:\/\/www.strassenweb.de\/nachrichten\/wp-content\/uploads\/2024\/09\/cropped-favicon.png","width":512,"height":512,"caption":"Stra\u00dfenweb"},"image":{"@id":"https:\/\/www.strassenweb.de\/nachrichten\/#\/schema\/logo\/image\/"},"sameAs":["https:\/\/www.facebook.com\/strassenweb\/"]},{"@type":"Person","@id":"https:\/\/www.strassenweb.de\/nachrichten\/#\/schema\/person\/87c9c9067f1211da429a744dc5a5aa41","name":"Robert Hoffmann","image":{"@type":"ImageObject","inLanguage":"de","@id":"https:\/\/www.strassenweb.de\/nachrichten\/wp-content\/uploads\/2024\/09\/strassenweb-150x150.jpg","url":"https:\/\/www.strassenweb.de\/nachrichten\/wp-content\/uploads\/2024\/09\/strassenweb-150x150.jpg","contentUrl":"https:\/\/www.strassenweb.de\/nachrichten\/wp-content\/uploads\/2024\/09\/strassenweb-150x150.jpg","caption":"Robert Hoffmann"},"description":"Ich hei\u00dfe Robert Hoffmann und ich bin ein leidenschaftlicher Verfechter von \u00d6kologie und Biodiversit\u00e4t. Seit meiner Kindheit in den W\u00e4ldern Bayerns f\u00fchle ich mich mit der Natur verbunden und bin entschlossen, sie zu sch\u00fctzen. Heute widme ich mein Leben der Sensibilisierung anderer f\u00fcr die Bedeutung des Umweltschutzes f\u00fcr zuk\u00fcnftige Generationen.","sameAs":["https:\/\/www.strassenweb.de\/"]}]}},"_links":{"self":[{"href":"https:\/\/www.strassenweb.de\/nachrichten\/wp-json\/wp\/v2\/posts\/2360","targetHints":{"allow":["GET"]}}],"collection":[{"href":"https:\/\/www.strassenweb.de\/nachrichten\/wp-json\/wp\/v2\/posts"}],"about":[{"href":"https:\/\/www.strassenweb.de\/nachrichten\/wp-json\/wp\/v2\/types\/post"}],"author":[{"embeddable":true,"href":"https:\/\/www.strassenweb.de\/nachrichten\/wp-json\/wp\/v2\/users\/1"}],"replies":[{"embeddable":true,"href":"https:\/\/www.strassenweb.de\/nachrichten\/wp-json\/wp\/v2\/comments?post=2360"}],"version-history":[{"count":0,"href":"https:\/\/www.strassenweb.de\/nachrichten\/wp-json\/wp\/v2\/posts\/2360\/revisions"}],"wp:featuredmedia":[{"embeddable":true,"href":"https:\/\/www.strassenweb.de\/nachrichten\/wp-json\/wp\/v2\/media\/2361"}],"wp:attachment":[{"href":"https:\/\/www.strassenweb.de\/nachrichten\/wp-json\/wp\/v2\/media?parent=2360"}],"wp:term":[{"taxonomy":"category","embeddable":true,"href":"https:\/\/www.strassenweb.de\/nachrichten\/wp-json\/wp\/v2\/categories?post=2360"},{"taxonomy":"post_tag","embeddable":true,"href":"https:\/\/www.strassenweb.de\/nachrichten\/wp-json\/wp\/v2\/tags?post=2360"}],"curies":[{"name":"wp","href":"https:\/\/api.w.org\/{rel}","templated":true}]}}