{"id":233,"date":"2024-09-25T16:59:29","date_gmt":"2024-09-25T14:59:29","guid":{"rendered":"https:\/\/www.strassenweb.de\/nachrichten\/ungewoehnliche-gefiedervariation-bei-voegeln-die-nicht-ganz-schwarz-und-weiss-sind\/"},"modified":"2024-09-25T16:59:30","modified_gmt":"2024-09-25T14:59:30","slug":"ungewoehnliche-gefiedervariation-bei-voegeln-die-nicht-ganz-schwarz-und-weiss-sind","status":"publish","type":"post","link":"https:\/\/www.strassenweb.de\/nachrichten\/ungewoehnliche-gefiedervariation-bei-voegeln-die-nicht-ganz-schwarz-und-weiss-sind\/","title":{"rendered":"Ungew\u00f6hnliche Gefiedervariation bei V\u00f6geln, die nicht ganz schwarz und wei\u00df sind"},"content":{"rendered":"<p><strong>Bekannte Gartenv\u00f6gel mit ungew\u00f6hnlichen Gefiedermerkmalen, wie etwa eine Amsel oder ein Spatz mit auff\u00e4llig wei\u00dfen Federn, fallen uns oft auf, und der British Trust for Ornithology (BTO) bittet um Unterst\u00fctzung bei der Kartierung dieser seltenen Vorkommen.<\/strong><\/p>\n<p>Jedes Jahr erh\u00e4lt BTO zahlreiche Anrufe und Nachrichten von B\u00fcrgern, die in ihrem Garten etwas Ungew\u00f6hnliches entdeckt haben. Diese Sichtungen beziehen sich oft auf einen gew\u00f6hnlichen Vogel, der nicht ganz richtig aussieht \u2026 ein Star mit wei\u00dfem Kopf? Ein Spatz mit wei\u00dfen Fl\u00fcgeln? Eine ganz wei\u00dfe Elster? Ein Rotkehlchen ohne seine charakteristische rote Brust?<\/p>\n<p>Bei vielen V\u00f6geln k\u00f6nnen unerwartete Gefiederver\u00e4nderungen auftreten und Ornithologen hoffen, einige der Geheimnisse dieses weit verbreiteten Ph\u00e4nomens zu l\u00fcften.<\/p>\n<p>Es gibt zahlreiche Arten von Gefiederabweichungen, von V\u00f6geln mit ein paar vereinzelten helleren oder dunkleren Federn bis hin zu reinen Albinos und mehreren weiteren Variationen dazwischen.<\/p>\n<p>Zu den V\u00f6geln, die am h\u00e4ufigsten mit ungew\u00f6hnlichen Federmerkmalen auffallen, geh\u00f6ren Amseln, und viele Hausbesitzer in ganz Gro\u00dfbritannien berichten, dass sie ungew\u00f6hnliche, gescheckte Varianten in ihren G\u00e4rten gesehen haben. Oft haben diese markanten V\u00f6gel eine Mischung aus dem normalen schwarzen Gefieder und hier und da wei\u00dfen Flecken. Dies wird als Leuzismus bezeichnet und wird durch einen Mangel des dunklen Pigments Melanin verursacht, dessen Fehlen zu wei\u00dfen Federn f\u00fchrt.<\/p>\n<p>Dieser Pigmentverlust kann auch zu schw\u00e4cheren Federn f\u00fchren, die dadurch anf\u00e4lliger f\u00fcr Verschlei\u00df werden. Ein Vogel mit \u00fcberm\u00e4\u00dfigem Leuzismus kann feststellen, dass er weniger beweglich und auff\u00e4lliger ist und daher eher Raubtieren zum Opfer f\u00e4llt. Ein Mangel an Pigment kann auch die Isolationseigenschaften beeintr\u00e4chtigen und solche V\u00f6gel k\u00f6nnen bei k\u00fchleren Bedingungen \u00fcberm\u00e4\u00dfig leiden.<\/p>\n<p>Wenn Melanin vollst\u00e4ndig fehlt, k\u00f6nnen reine Albinos entstehen, was zu ganz wei\u00dfen V\u00f6geln mit rosa Augen f\u00fchrt. Leider ist die Wahrscheinlichkeit, dass diese seltenen Individuen bis zum Erwachsenenalter \u00fcberleben, aufgrund damit verbundener Probleme wie schlechter Sehkraft gering.<\/p>\n<p>Gelegentlich kann die Melaninmenge in den Federn teilweise reduziert sein und V\u00f6gel k\u00f6nnen ein verwaschenes, blasses Aussehen haben. Dies wird als Verd\u00fcnnung bezeichnet.<\/p>\n<p>Auch das Gegenteil kann passieren: Zu viel dunkles Pigment kann eine seltene Erkrankung namens Melanismus verursachen. Dies f\u00fchrt zu viel dunkleren V\u00f6geln, obwohl dies oft weniger offensichtlich ist als Leuzismus.<\/p>\n<p>Zu den selteneren Formen der Pigmentver\u00e4nderung z\u00e4hlen der Erythrismus, bei dem ein kastanienrotes Pigment bestimmte andere Pigmente ersetzt, und der Xanthochromismus, bei dem ein \u00dcberschuss an gelbem Pigment vorhanden ist, das oft die roten Federn ersetzt.<\/p>\n<p><strong>Santiago C\u00e1rdenas, Organisator der Garden BirdWatch-Umfrage, sagte <\/strong>\u201eSeit wir 2011 mit der Abnormal Plumage Survey begonnen haben, haben wir Tausende von Aufzeichnungen erhalten. Amseln waren bisher die wahren Stars der Show, wobei sich viele der Berichte auf diese h\u00e4ufig vorkommende Gartenart beziehen. Es wurden jedoch auch viele andere V\u00f6gel gesichtet, die eine Vielzahl von Gefiederanomalien aufweisen. Wir m\u00fcssen noch viel \u00fcber die Verbreitung dieser ungew\u00f6hnlichen V\u00f6gel lernen und freuen uns \u00fcber alle Aufzeichnungen von Gartenvogelbeobachtern aus ganz Gro\u00dfbritannien.\u201c <\/p>\n<p>Wenn Sie zuf\u00e4llig einen dieser au\u00dfergew\u00f6hnlichen V\u00f6gel in Ihrem Garten entdecken, w\u00fcrde sich BTO \u00fcber Ihre Nachricht freuen. Um Ihre Sichtung zu melden, besuchen Sie bitte die Seite \u201eAbnormal Plumage Survey\u201c auf ihrer Website unter www.bto\/abnormal-plumage und senden Sie Ihren Bericht ein.<\/p>\n","protected":false},"excerpt":{"rendered":"<p>Bekannte Gartenv\u00f6gel mit ungew\u00f6hnlichen Gefiedermerkmalen, wie etwa eine Amsel oder ein Spatz mit auff\u00e4llig wei\u00dfen Federn, fallen uns oft auf, und der British Trust for<\/p>\n","protected":false},"author":1,"featured_media":234,"comment_status":"closed","ping_status":"","sticky":false,"template":"","format":"standard","meta":{"footnotes":""},"categories":[101],"tags":[152,9,480,478,61,481,58,37,477,479,482],"class_list":["post-233","post","type-post","status-publish","format-standard","has-post-thumbnail","hentry","category-oekologie","tag-bei","tag-die","tag-ganz","tag-gefiedervariation","tag-nicht","tag-schwarz","tag-sind","tag-und","tag-ungewoehnliche","tag-voegeln","tag-weiss","generate-columns","tablet-grid-50","mobile-grid-100","grid-parent","grid-50"],"yoast_head":"<!-- This site is optimized with the Yoast SEO plugin v27.3 - https:\/\/yoast.com\/product\/yoast-seo-wordpress\/ -->\n<title>Ungew\u00f6hnliche Gefiedervariation bei V\u00f6geln, die nicht ganz schwarz und wei\u00df sind - Nachrichten - Stra\u00dfenweb<\/title>\n<meta name=\"robots\" content=\"index, follow, max-snippet:-1, max-image-preview:large, max-video-preview:-1\" \/>\n<link rel=\"canonical\" href=\"https:\/\/www.strassenweb.de\/nachrichten\/ungewoehnliche-gefiedervariation-bei-voegeln-die-nicht-ganz-schwarz-und-weiss-sind\/\" \/>\n<meta property=\"og:locale\" content=\"de_DE\" \/>\n<meta property=\"og:type\" content=\"article\" \/>\n<meta property=\"og:title\" content=\"Ungew\u00f6hnliche Gefiedervariation bei V\u00f6geln, die nicht ganz schwarz und wei\u00df sind - Nachrichten - Stra\u00dfenweb\" \/>\n<meta property=\"og:description\" content=\"Bekannte Gartenv\u00f6gel mit ungew\u00f6hnlichen Gefiedermerkmalen, wie etwa eine Amsel oder ein Spatz mit auff\u00e4llig wei\u00dfen Federn, fallen uns oft auf, und der British Trust for\" \/>\n<meta property=\"og:url\" content=\"https:\/\/www.strassenweb.de\/nachrichten\/ungewoehnliche-gefiedervariation-bei-voegeln-die-nicht-ganz-schwarz-und-weiss-sind\/\" \/>\n<meta property=\"og:site_name\" content=\"Stra\u00dfenweb\" \/>\n<meta property=\"article:publisher\" content=\"https:\/\/www.facebook.com\/strassenweb\/\" \/>\n<meta property=\"article:published_time\" content=\"2024-09-25T14:59:29+00:00\" \/>\n<meta property=\"article:modified_time\" content=\"2024-09-25T14:59:30+00:00\" \/>\n<meta property=\"og:image\" content=\"https:\/\/www.strassenweb.de\/nachrichten\/wp-content\/uploads\/2024\/09\/Ungewoehnliche-Gefiedervariation-bei-Voegeln-die-nicht-ganz-schwarz-und-weiss.jpg\" \/>\n\t<meta property=\"og:image:width\" content=\"800\" \/>\n\t<meta property=\"og:image:height\" content=\"534\" \/>\n\t<meta property=\"og:image:type\" content=\"image\/jpeg\" \/>\n<meta name=\"author\" content=\"Robert Hoffmann\" \/>\n<meta name=\"twitter:card\" content=\"summary_large_image\" \/>\n<meta name=\"twitter:label1\" content=\"Verfasst von\" \/>\n\t<meta name=\"twitter:data1\" content=\"Robert Hoffmann\" \/>\n\t<meta name=\"twitter:label2\" content=\"Gesch\u00e4tzte Lesezeit\" \/>\n\t<meta name=\"twitter:data2\" content=\"3\u00a0Minuten\" \/>\n<script type=\"application\/ld+json\" class=\"yoast-schema-graph\">{\"@context\":\"https:\\\/\\\/schema.org\",\"@graph\":[{\"@type\":\"Article\",\"@id\":\"https:\\\/\\\/www.strassenweb.de\\\/nachrichten\\\/ungewoehnliche-gefiedervariation-bei-voegeln-die-nicht-ganz-schwarz-und-weiss-sind\\\/#article\",\"isPartOf\":{\"@id\":\"https:\\\/\\\/www.strassenweb.de\\\/nachrichten\\\/ungewoehnliche-gefiedervariation-bei-voegeln-die-nicht-ganz-schwarz-und-weiss-sind\\\/\"},\"author\":{\"name\":\"Robert Hoffmann\",\"@id\":\"https:\\\/\\\/www.strassenweb.de\\\/nachrichten\\\/#\\\/schema\\\/person\\\/87c9c9067f1211da429a744dc5a5aa41\"},\"headline\":\"Ungew\u00f6hnliche Gefiedervariation bei V\u00f6geln, die nicht ganz schwarz und wei\u00df sind\",\"datePublished\":\"2024-09-25T14:59:29+00:00\",\"dateModified\":\"2024-09-25T14:59:30+00:00\",\"mainEntityOfPage\":{\"@id\":\"https:\\\/\\\/www.strassenweb.de\\\/nachrichten\\\/ungewoehnliche-gefiedervariation-bei-voegeln-die-nicht-ganz-schwarz-und-weiss-sind\\\/\"},\"wordCount\":581,\"publisher\":{\"@id\":\"https:\\\/\\\/www.strassenweb.de\\\/nachrichten\\\/#organization\"},\"image\":{\"@id\":\"https:\\\/\\\/www.strassenweb.de\\\/nachrichten\\\/ungewoehnliche-gefiedervariation-bei-voegeln-die-nicht-ganz-schwarz-und-weiss-sind\\\/#primaryimage\"},\"thumbnailUrl\":\"https:\\\/\\\/www.strassenweb.de\\\/nachrichten\\\/wp-content\\\/uploads\\\/2024\\\/09\\\/Ungewoehnliche-Gefiedervariation-bei-Voegeln-die-nicht-ganz-schwarz-und-weiss.jpg\",\"keywords\":[\"Bei\",\"die\",\"ganz\",\"Gefiedervariation\",\"nicht\",\"schwarz\",\"sind\",\"und\",\"Ungew\u00f6hnliche\",\"V\u00f6geln\",\"wei\u00df\"],\"articleSection\":[\"\u00d6kologie\"],\"inLanguage\":\"de\"},{\"@type\":\"WebPage\",\"@id\":\"https:\\\/\\\/www.strassenweb.de\\\/nachrichten\\\/ungewoehnliche-gefiedervariation-bei-voegeln-die-nicht-ganz-schwarz-und-weiss-sind\\\/\",\"url\":\"https:\\\/\\\/www.strassenweb.de\\\/nachrichten\\\/ungewoehnliche-gefiedervariation-bei-voegeln-die-nicht-ganz-schwarz-und-weiss-sind\\\/\",\"name\":\"Ungew\u00f6hnliche Gefiedervariation bei V\u00f6geln, die nicht ganz schwarz und wei\u00df sind - Nachrichten - Stra\u00dfenweb\",\"isPartOf\":{\"@id\":\"https:\\\/\\\/www.strassenweb.de\\\/nachrichten\\\/#website\"},\"primaryImageOfPage\":{\"@id\":\"https:\\\/\\\/www.strassenweb.de\\\/nachrichten\\\/ungewoehnliche-gefiedervariation-bei-voegeln-die-nicht-ganz-schwarz-und-weiss-sind\\\/#primaryimage\"},\"image\":{\"@id\":\"https:\\\/\\\/www.strassenweb.de\\\/nachrichten\\\/ungewoehnliche-gefiedervariation-bei-voegeln-die-nicht-ganz-schwarz-und-weiss-sind\\\/#primaryimage\"},\"thumbnailUrl\":\"https:\\\/\\\/www.strassenweb.de\\\/nachrichten\\\/wp-content\\\/uploads\\\/2024\\\/09\\\/Ungewoehnliche-Gefiedervariation-bei-Voegeln-die-nicht-ganz-schwarz-und-weiss.jpg\",\"datePublished\":\"2024-09-25T14:59:29+00:00\",\"dateModified\":\"2024-09-25T14:59:30+00:00\",\"breadcrumb\":{\"@id\":\"https:\\\/\\\/www.strassenweb.de\\\/nachrichten\\\/ungewoehnliche-gefiedervariation-bei-voegeln-die-nicht-ganz-schwarz-und-weiss-sind\\\/#breadcrumb\"},\"inLanguage\":\"de\",\"potentialAction\":[{\"@type\":\"ReadAction\",\"target\":[\"https:\\\/\\\/www.strassenweb.de\\\/nachrichten\\\/ungewoehnliche-gefiedervariation-bei-voegeln-die-nicht-ganz-schwarz-und-weiss-sind\\\/\"]}]},{\"@type\":\"ImageObject\",\"inLanguage\":\"de\",\"@id\":\"https:\\\/\\\/www.strassenweb.de\\\/nachrichten\\\/ungewoehnliche-gefiedervariation-bei-voegeln-die-nicht-ganz-schwarz-und-weiss-sind\\\/#primaryimage\",\"url\":\"https:\\\/\\\/www.strassenweb.de\\\/nachrichten\\\/wp-content\\\/uploads\\\/2024\\\/09\\\/Ungewoehnliche-Gefiedervariation-bei-Voegeln-die-nicht-ganz-schwarz-und-weiss.jpg\",\"contentUrl\":\"https:\\\/\\\/www.strassenweb.de\\\/nachrichten\\\/wp-content\\\/uploads\\\/2024\\\/09\\\/Ungewoehnliche-Gefiedervariation-bei-Voegeln-die-nicht-ganz-schwarz-und-weiss.jpg\",\"width\":800,\"height\":534,\"caption\":\"Unusual plumage variation in birds not so black and white\"},{\"@type\":\"BreadcrumbList\",\"@id\":\"https:\\\/\\\/www.strassenweb.de\\\/nachrichten\\\/ungewoehnliche-gefiedervariation-bei-voegeln-die-nicht-ganz-schwarz-und-weiss-sind\\\/#breadcrumb\",\"itemListElement\":[{\"@type\":\"ListItem\",\"position\":1,\"name\":\"Home\",\"item\":\"https:\\\/\\\/www.strassenweb.de\\\/nachrichten\\\/\"},{\"@type\":\"ListItem\",\"position\":2,\"name\":\"Ungew\u00f6hnliche Gefiedervariation bei V\u00f6geln, die nicht ganz schwarz und wei\u00df sind\"}]},{\"@type\":\"WebSite\",\"@id\":\"https:\\\/\\\/www.strassenweb.de\\\/nachrichten\\\/#website\",\"url\":\"https:\\\/\\\/www.strassenweb.de\\\/nachrichten\\\/\",\"name\":\"Stra\u00dfenweb\",\"description\":\"Stra\u00dfenverzeichnis f\u00fcr Deutschland\",\"publisher\":{\"@id\":\"https:\\\/\\\/www.strassenweb.de\\\/nachrichten\\\/#organization\"},\"potentialAction\":[{\"@type\":\"SearchAction\",\"target\":{\"@type\":\"EntryPoint\",\"urlTemplate\":\"https:\\\/\\\/www.strassenweb.de\\\/nachrichten\\\/?s={search_term_string}\"},\"query-input\":{\"@type\":\"PropertyValueSpecification\",\"valueRequired\":true,\"valueName\":\"search_term_string\"}}],\"inLanguage\":\"de\"},{\"@type\":\"Organization\",\"@id\":\"https:\\\/\\\/www.strassenweb.de\\\/nachrichten\\\/#organization\",\"name\":\"Stra\u00dfenweb\",\"url\":\"https:\\\/\\\/www.strassenweb.de\\\/nachrichten\\\/\",\"logo\":{\"@type\":\"ImageObject\",\"inLanguage\":\"de\",\"@id\":\"https:\\\/\\\/www.strassenweb.de\\\/nachrichten\\\/#\\\/schema\\\/logo\\\/image\\\/\",\"url\":\"https:\\\/\\\/www.strassenweb.de\\\/nachrichten\\\/wp-content\\\/uploads\\\/2024\\\/09\\\/cropped-favicon.png\",\"contentUrl\":\"https:\\\/\\\/www.strassenweb.de\\\/nachrichten\\\/wp-content\\\/uploads\\\/2024\\\/09\\\/cropped-favicon.png\",\"width\":512,\"height\":512,\"caption\":\"Stra\u00dfenweb\"},\"image\":{\"@id\":\"https:\\\/\\\/www.strassenweb.de\\\/nachrichten\\\/#\\\/schema\\\/logo\\\/image\\\/\"},\"sameAs\":[\"https:\\\/\\\/www.facebook.com\\\/strassenweb\\\/\"]},{\"@type\":\"Person\",\"@id\":\"https:\\\/\\\/www.strassenweb.de\\\/nachrichten\\\/#\\\/schema\\\/person\\\/87c9c9067f1211da429a744dc5a5aa41\",\"name\":\"Robert Hoffmann\",\"image\":{\"@type\":\"ImageObject\",\"inLanguage\":\"de\",\"@id\":\"https:\\\/\\\/www.strassenweb.de\\\/nachrichten\\\/wp-content\\\/uploads\\\/2024\\\/09\\\/strassenweb-150x150.jpg\",\"url\":\"https:\\\/\\\/www.strassenweb.de\\\/nachrichten\\\/wp-content\\\/uploads\\\/2024\\\/09\\\/strassenweb-150x150.jpg\",\"contentUrl\":\"https:\\\/\\\/www.strassenweb.de\\\/nachrichten\\\/wp-content\\\/uploads\\\/2024\\\/09\\\/strassenweb-150x150.jpg\",\"caption\":\"Robert Hoffmann\"},\"description\":\"Ich hei\u00dfe Robert Hoffmann und ich bin ein leidenschaftlicher Verfechter von \u00d6kologie und Biodiversit\u00e4t. Seit meiner Kindheit in den W\u00e4ldern Bayerns f\u00fchle ich mich mit der Natur verbunden und bin entschlossen, sie zu sch\u00fctzen. Heute widme ich mein Leben der Sensibilisierung anderer f\u00fcr die Bedeutung des Umweltschutzes f\u00fcr zuk\u00fcnftige Generationen.\",\"sameAs\":[\"https:\\\/\\\/www.strassenweb.de\\\/\"]}]}<\/script>\n<!-- \/ Yoast SEO plugin. -->","yoast_head_json":{"title":"Ungew\u00f6hnliche Gefiedervariation bei V\u00f6geln, die nicht ganz schwarz und wei\u00df sind - Nachrichten - Stra\u00dfenweb","robots":{"index":"index","follow":"follow","max-snippet":"max-snippet:-1","max-image-preview":"max-image-preview:large","max-video-preview":"max-video-preview:-1"},"canonical":"https:\/\/www.strassenweb.de\/nachrichten\/ungewoehnliche-gefiedervariation-bei-voegeln-die-nicht-ganz-schwarz-und-weiss-sind\/","og_locale":"de_DE","og_type":"article","og_title":"Ungew\u00f6hnliche Gefiedervariation bei V\u00f6geln, die nicht ganz schwarz und wei\u00df sind - Nachrichten - Stra\u00dfenweb","og_description":"Bekannte Gartenv\u00f6gel mit ungew\u00f6hnlichen Gefiedermerkmalen, wie etwa eine Amsel oder ein Spatz mit auff\u00e4llig wei\u00dfen Federn, fallen uns oft auf, und der British Trust for","og_url":"https:\/\/www.strassenweb.de\/nachrichten\/ungewoehnliche-gefiedervariation-bei-voegeln-die-nicht-ganz-schwarz-und-weiss-sind\/","og_site_name":"Stra\u00dfenweb","article_publisher":"https:\/\/www.facebook.com\/strassenweb\/","article_published_time":"2024-09-25T14:59:29+00:00","article_modified_time":"2024-09-25T14:59:30+00:00","og_image":[{"width":800,"height":534,"url":"https:\/\/www.strassenweb.de\/nachrichten\/wp-content\/uploads\/2024\/09\/Ungewoehnliche-Gefiedervariation-bei-Voegeln-die-nicht-ganz-schwarz-und-weiss.jpg","type":"image\/jpeg"}],"author":"Robert Hoffmann","twitter_card":"summary_large_image","twitter_misc":{"Verfasst von":"Robert Hoffmann","Gesch\u00e4tzte Lesezeit":"3\u00a0Minuten"},"schema":{"@context":"https:\/\/schema.org","@graph":[{"@type":"Article","@id":"https:\/\/www.strassenweb.de\/nachrichten\/ungewoehnliche-gefiedervariation-bei-voegeln-die-nicht-ganz-schwarz-und-weiss-sind\/#article","isPartOf":{"@id":"https:\/\/www.strassenweb.de\/nachrichten\/ungewoehnliche-gefiedervariation-bei-voegeln-die-nicht-ganz-schwarz-und-weiss-sind\/"},"author":{"name":"Robert Hoffmann","@id":"https:\/\/www.strassenweb.de\/nachrichten\/#\/schema\/person\/87c9c9067f1211da429a744dc5a5aa41"},"headline":"Ungew\u00f6hnliche Gefiedervariation bei V\u00f6geln, die nicht ganz schwarz und wei\u00df sind","datePublished":"2024-09-25T14:59:29+00:00","dateModified":"2024-09-25T14:59:30+00:00","mainEntityOfPage":{"@id":"https:\/\/www.strassenweb.de\/nachrichten\/ungewoehnliche-gefiedervariation-bei-voegeln-die-nicht-ganz-schwarz-und-weiss-sind\/"},"wordCount":581,"publisher":{"@id":"https:\/\/www.strassenweb.de\/nachrichten\/#organization"},"image":{"@id":"https:\/\/www.strassenweb.de\/nachrichten\/ungewoehnliche-gefiedervariation-bei-voegeln-die-nicht-ganz-schwarz-und-weiss-sind\/#primaryimage"},"thumbnailUrl":"https:\/\/www.strassenweb.de\/nachrichten\/wp-content\/uploads\/2024\/09\/Ungewoehnliche-Gefiedervariation-bei-Voegeln-die-nicht-ganz-schwarz-und-weiss.jpg","keywords":["Bei","die","ganz","Gefiedervariation","nicht","schwarz","sind","und","Ungew\u00f6hnliche","V\u00f6geln","wei\u00df"],"articleSection":["\u00d6kologie"],"inLanguage":"de"},{"@type":"WebPage","@id":"https:\/\/www.strassenweb.de\/nachrichten\/ungewoehnliche-gefiedervariation-bei-voegeln-die-nicht-ganz-schwarz-und-weiss-sind\/","url":"https:\/\/www.strassenweb.de\/nachrichten\/ungewoehnliche-gefiedervariation-bei-voegeln-die-nicht-ganz-schwarz-und-weiss-sind\/","name":"Ungew\u00f6hnliche Gefiedervariation bei V\u00f6geln, die nicht ganz schwarz und wei\u00df sind - Nachrichten - Stra\u00dfenweb","isPartOf":{"@id":"https:\/\/www.strassenweb.de\/nachrichten\/#website"},"primaryImageOfPage":{"@id":"https:\/\/www.strassenweb.de\/nachrichten\/ungewoehnliche-gefiedervariation-bei-voegeln-die-nicht-ganz-schwarz-und-weiss-sind\/#primaryimage"},"image":{"@id":"https:\/\/www.strassenweb.de\/nachrichten\/ungewoehnliche-gefiedervariation-bei-voegeln-die-nicht-ganz-schwarz-und-weiss-sind\/#primaryimage"},"thumbnailUrl":"https:\/\/www.strassenweb.de\/nachrichten\/wp-content\/uploads\/2024\/09\/Ungewoehnliche-Gefiedervariation-bei-Voegeln-die-nicht-ganz-schwarz-und-weiss.jpg","datePublished":"2024-09-25T14:59:29+00:00","dateModified":"2024-09-25T14:59:30+00:00","breadcrumb":{"@id":"https:\/\/www.strassenweb.de\/nachrichten\/ungewoehnliche-gefiedervariation-bei-voegeln-die-nicht-ganz-schwarz-und-weiss-sind\/#breadcrumb"},"inLanguage":"de","potentialAction":[{"@type":"ReadAction","target":["https:\/\/www.strassenweb.de\/nachrichten\/ungewoehnliche-gefiedervariation-bei-voegeln-die-nicht-ganz-schwarz-und-weiss-sind\/"]}]},{"@type":"ImageObject","inLanguage":"de","@id":"https:\/\/www.strassenweb.de\/nachrichten\/ungewoehnliche-gefiedervariation-bei-voegeln-die-nicht-ganz-schwarz-und-weiss-sind\/#primaryimage","url":"https:\/\/www.strassenweb.de\/nachrichten\/wp-content\/uploads\/2024\/09\/Ungewoehnliche-Gefiedervariation-bei-Voegeln-die-nicht-ganz-schwarz-und-weiss.jpg","contentUrl":"https:\/\/www.strassenweb.de\/nachrichten\/wp-content\/uploads\/2024\/09\/Ungewoehnliche-Gefiedervariation-bei-Voegeln-die-nicht-ganz-schwarz-und-weiss.jpg","width":800,"height":534,"caption":"Unusual plumage variation in birds not so black and white"},{"@type":"BreadcrumbList","@id":"https:\/\/www.strassenweb.de\/nachrichten\/ungewoehnliche-gefiedervariation-bei-voegeln-die-nicht-ganz-schwarz-und-weiss-sind\/#breadcrumb","itemListElement":[{"@type":"ListItem","position":1,"name":"Home","item":"https:\/\/www.strassenweb.de\/nachrichten\/"},{"@type":"ListItem","position":2,"name":"Ungew\u00f6hnliche Gefiedervariation bei V\u00f6geln, die nicht ganz schwarz und wei\u00df sind"}]},{"@type":"WebSite","@id":"https:\/\/www.strassenweb.de\/nachrichten\/#website","url":"https:\/\/www.strassenweb.de\/nachrichten\/","name":"Stra\u00dfenweb","description":"Stra\u00dfenverzeichnis f\u00fcr Deutschland","publisher":{"@id":"https:\/\/www.strassenweb.de\/nachrichten\/#organization"},"potentialAction":[{"@type":"SearchAction","target":{"@type":"EntryPoint","urlTemplate":"https:\/\/www.strassenweb.de\/nachrichten\/?s={search_term_string}"},"query-input":{"@type":"PropertyValueSpecification","valueRequired":true,"valueName":"search_term_string"}}],"inLanguage":"de"},{"@type":"Organization","@id":"https:\/\/www.strassenweb.de\/nachrichten\/#organization","name":"Stra\u00dfenweb","url":"https:\/\/www.strassenweb.de\/nachrichten\/","logo":{"@type":"ImageObject","inLanguage":"de","@id":"https:\/\/www.strassenweb.de\/nachrichten\/#\/schema\/logo\/image\/","url":"https:\/\/www.strassenweb.de\/nachrichten\/wp-content\/uploads\/2024\/09\/cropped-favicon.png","contentUrl":"https:\/\/www.strassenweb.de\/nachrichten\/wp-content\/uploads\/2024\/09\/cropped-favicon.png","width":512,"height":512,"caption":"Stra\u00dfenweb"},"image":{"@id":"https:\/\/www.strassenweb.de\/nachrichten\/#\/schema\/logo\/image\/"},"sameAs":["https:\/\/www.facebook.com\/strassenweb\/"]},{"@type":"Person","@id":"https:\/\/www.strassenweb.de\/nachrichten\/#\/schema\/person\/87c9c9067f1211da429a744dc5a5aa41","name":"Robert Hoffmann","image":{"@type":"ImageObject","inLanguage":"de","@id":"https:\/\/www.strassenweb.de\/nachrichten\/wp-content\/uploads\/2024\/09\/strassenweb-150x150.jpg","url":"https:\/\/www.strassenweb.de\/nachrichten\/wp-content\/uploads\/2024\/09\/strassenweb-150x150.jpg","contentUrl":"https:\/\/www.strassenweb.de\/nachrichten\/wp-content\/uploads\/2024\/09\/strassenweb-150x150.jpg","caption":"Robert Hoffmann"},"description":"Ich hei\u00dfe Robert Hoffmann und ich bin ein leidenschaftlicher Verfechter von \u00d6kologie und Biodiversit\u00e4t. Seit meiner Kindheit in den W\u00e4ldern Bayerns f\u00fchle ich mich mit der Natur verbunden und bin entschlossen, sie zu sch\u00fctzen. Heute widme ich mein Leben der Sensibilisierung anderer f\u00fcr die Bedeutung des Umweltschutzes f\u00fcr zuk\u00fcnftige Generationen.","sameAs":["https:\/\/www.strassenweb.de\/"]}]}},"_links":{"self":[{"href":"https:\/\/www.strassenweb.de\/nachrichten\/wp-json\/wp\/v2\/posts\/233","targetHints":{"allow":["GET"]}}],"collection":[{"href":"https:\/\/www.strassenweb.de\/nachrichten\/wp-json\/wp\/v2\/posts"}],"about":[{"href":"https:\/\/www.strassenweb.de\/nachrichten\/wp-json\/wp\/v2\/types\/post"}],"author":[{"embeddable":true,"href":"https:\/\/www.strassenweb.de\/nachrichten\/wp-json\/wp\/v2\/users\/1"}],"replies":[{"embeddable":true,"href":"https:\/\/www.strassenweb.de\/nachrichten\/wp-json\/wp\/v2\/comments?post=233"}],"version-history":[{"count":0,"href":"https:\/\/www.strassenweb.de\/nachrichten\/wp-json\/wp\/v2\/posts\/233\/revisions"}],"wp:featuredmedia":[{"embeddable":true,"href":"https:\/\/www.strassenweb.de\/nachrichten\/wp-json\/wp\/v2\/media\/234"}],"wp:attachment":[{"href":"https:\/\/www.strassenweb.de\/nachrichten\/wp-json\/wp\/v2\/media?parent=233"}],"wp:term":[{"taxonomy":"category","embeddable":true,"href":"https:\/\/www.strassenweb.de\/nachrichten\/wp-json\/wp\/v2\/categories?post=233"},{"taxonomy":"post_tag","embeddable":true,"href":"https:\/\/www.strassenweb.de\/nachrichten\/wp-json\/wp\/v2\/tags?post=233"}],"curies":[{"name":"wp","href":"https:\/\/api.w.org\/{rel}","templated":true}]}}