{"id":2319,"date":"2024-12-24T11:41:38","date_gmt":"2024-12-24T10:41:38","guid":{"rendered":"https:\/\/www.strassenweb.de\/nachrichten\/wie-man-ebereschen-zuechtet-fuer-eine-uralte-art-mit-einem-hauch-festlicher-magie\/"},"modified":"2024-12-24T11:41:40","modified_gmt":"2024-12-24T10:41:40","slug":"wie-man-ebereschen-zuechtet-fuer-eine-uralte-art-mit-einem-hauch-festlicher-magie","status":"publish","type":"post","link":"https:\/\/www.strassenweb.de\/nachrichten\/wie-man-ebereschen-zuechtet-fuer-eine-uralte-art-mit-einem-hauch-festlicher-magie\/","title":{"rendered":"Wie man Ebereschen z\u00fcchtet \u2013 f\u00fcr eine uralte Art mit einem Hauch festlicher Magie"},"content":{"rendered":"<p><\/p>\n<div id=\"article-body\" class=\"article__body \">\n<p>Die Vogelbeere, bekannt als Eberesche, ist ein mystischer und uralter Baum, der in der Folklore seit langem wegen seiner dekorativen Sch\u00f6nheit und angeblichen Schutzwirkung gefeiert wird. Beispielsweise wurden in keltischen Gemeinden in Wales, Schottland und Irland Ebereschenb\u00e4ume typischerweise in der N\u00e4he von D\u00f6rfern und H\u00e4usern gepflanzt, um b\u00f6se Geister abzuwehren.<\/p>\n<div id=\"ad-unit-1\" class=\"ad-unit\"><\/div>\n<p>\u00dcber ihre sch\u00fctzenden Kr\u00e4fte hinaus k\u00f6nnen Ebereschenb\u00e4ume oder <em>Sorbus<\/em>Es handelt sich in der Regel um kleine bis mittelgro\u00dfe B\u00e4ume, die im Herbst und Winter zarte, gefiederte Bl\u00e4tter produzieren, die durch leuchtend rote Beeren erg\u00e4nzt werden. Wenn Sie auf der Suche nach einer kompakten und pflegeleichten Art f\u00fcr Ihr Grundst\u00fcck sind, ist die Vogelbeere genau das Richtige f\u00fcr Sie.<\/p>\n<p>Hier verr\u00e4t Ihnen ein Gartenexperte alles, was Sie \u00fcber den Anbau von Ebereschen wissen m\u00fcssen, um \u00fcppiges, gr\u00fcnes Laub und eine F\u00fclle an bunten Beeren zu gew\u00e4hrleisten. Ganz gleich, ob Sie Ihren Rabatten im Herbst und Winter etwas Farbe verleihen m\u00f6chten oder vielleicht einen der sch\u00f6nsten B\u00e4ume in einer Ecke Ihres Gartens anbringen m\u00f6chten, unser Ratgeber zum Vogelbeerbaum deckt alle Grundlagen ab.<\/p>\n<div id=\"desktop-in-article\" class=\"in-article ad-unit\">\n<div id=\"desktop-taboola-mid-article\"><\/div>\n<\/div>\n<div id=\"mobile-in-article\" class=\"in-article ad-unit\">\n<div id=\"mobile-taboola-mid-article\"><\/div>\n<\/div>\n<figure class=\"van-image-figure inline-layout \" data-bordeaux-image-check>\n<div class=\"image-full-width-wrapper\">\n<div class=\"image-widthsetter\" style=\"max-width:2400px;\"><\/div>\n<\/div>\n<\/figure>\n<h2 id=\"how-to-grow-rowan-trees-3\">Wie man Ebereschenb\u00e4ume z\u00fcchtet<\/h2>\n<aside class=\"hawk-nest\" data-block-type=\"embed\" data-render-type=\"fte\" data-skip=\"dealsy\" data-widget-type=\"seasonal\">\n<div class=\"hawk-master-widget-hawk-base-wrapper\"><\/div>\n<\/aside>\n<p>W\u00e4hrend es im Herbst- und Wintergarten schwierig ist, Farbe zu finden, ist das Erlernen des Anbaus von Ebereschen eine gute M\u00f6glichkeit, eine saisonale Ausstrahlung in Ihrem Garten zu gew\u00e4hrleisten. Denn wer w\u00fcrde sich nicht \u00fcber B\u00e4ume oder Str\u00e4ucher mit Herbstbeeren freuen, und die Eberesche ist sicherlich eine der sch\u00f6nsten.<\/p>\n<div class=\"van_vid_carousel\">\n<div class=\"van_vid_carousel__padding\">\n<div class=\"van_vid_carousel__container\"><\/div>\n<\/div>\n<\/div>\n<h3 class=\"article-body__section\" id=\"section-growing-habits-of-rowan-trees\"><span>Wachstumsgewohnheiten von Ebereschenb\u00e4umen<\/span><\/h3>\n<figure class=\"van-image-figure inline-layout \" data-bordeaux-image-check>\n<div class=\"image-full-width-wrapper\">\n<div class=\"image-widthsetter\" style=\"max-width:2400px;\"><\/div>\n<\/div>\n<\/figure>\n<p>\u201eEbereschenb\u00e4ume, oder<em> Sorbus, <\/em>\u201eEs handelt sich haupts\u00e4chlich um kleine bis mittelgro\u00dfe Laubb\u00e4ume, die im ausgewachsenen Zustand eine H\u00f6he von \u00fcber 50 Fu\u00df erreichen k\u00f6nnen\u201c, sagt Tammy Sons, G\u00e4rtnerin und CEO von TN Nurseries mit Sitz in Altamont, Tennessee. \u201eEs handelt sich jedoch um pflegeleichte B\u00e4ume, die regelm\u00e4\u00dfiges Formen und Beschneiden tolerieren, um sie in Schach zu halten.\u201c<\/p>\n<div id=\"ad-unit-2\" class=\"ad-unit\"><\/div>\n<p>\u201eEbereschenb\u00e4ume gedeihen am besten zwischen US-Winterh\u00e4rtezone 3 und US-Winterh\u00e4rtezone 6 und halten K\u00e4lte und Frost stand. Sie eignen sich daher ideal f\u00fcr k\u00fchlere Regionen in ganz Nordamerika\u201c, f\u00fcgt Tammy hinzu. Lebende Ebereschenb\u00e4ume sind bei Amazon erh\u00e4ltlich.<\/p>\n<p>W\u00e4hrend Ebereschen offene, sonnige Standorte bevorzugen, neigen sie dazu, ein flaches Wurzelsystem zu haben, sodass sie im Sommer schnell austrocknen k\u00f6nnen. Aus diesem Grund ist es eine gute Idee, einige der besten Bodendecker zu verwenden, um die Wurzeln zu beschatten und zu sch\u00fctzen und gleichzeitig zu gie\u00dfen, w\u00e4hrend sich Ihr Baum etabliert.<\/p>\n<p>\u201eSchlie\u00dflich sind Ebereschenb\u00e4ume in der Ferienzeit immer beliebt\u201c, sagt Tammy, \u201eund werden wegen ihrer bezaubernden St\u00e4mme und Beeren gefeiert.\u201c Wenn Sie einen Ebereschenbaum als Weihnachtsdekoration verwenden m\u00f6chten, w\u00e4hlen Sie gesunde Zweige aus und achten Sie darauf, die St\u00e4mme in einem 45-Grad-Winkel abzuschneiden. Bespr\u00fchen Sie sie regelm\u00e4\u00dfig, wenn sie nicht in einer Vase stehen, damit die Beeren l\u00e4nger frisch bleiben.<\/p>\n<h3 class=\"article-body__section\" id=\"section-grow-guide-for-rowan-trees\"><span>Wachstumsanleitung f\u00fcr Ebereschenb\u00e4ume<\/span><\/h3>\n<figure class=\"van-image-figure inline-layout \" data-bordeaux-image-check>\n<div class=\"image-full-width-wrapper\">\n<div class=\"image-widthsetter\" style=\"max-width:2400px;\"><\/div>\n<\/div>\n<\/figure>\n<p><strong>Boden:<\/strong> \u201eEbereschenb\u00e4ume bevorzugen B\u00f6den, die gut entw\u00e4ssern und m\u00e4\u00dfig fruchtbar sind\u201c, f\u00e4hrt Tammy fort. \u201eSie k\u00f6nnen in G\u00e4rten mit neutralen bis sauren Boden-pH-Werten angebaut werden, am besten gedeihen sie jedoch in leicht sauren B\u00f6den, typischerweise mit einem pH-Wert von 6,5.\u201c Ebereschenb\u00e4ume m\u00f6gen keine feuchten B\u00f6den, daher sollten alle H\u00f6fe, die viel Lehm enthalten, durch Mulchen bearbeitet werden, um die Entw\u00e4sserung zu verbessern.\u201c Mulch ist bei Amazon erh\u00e4ltlich. \u201eDas Auftragen einer dicken, zwei bis drei Zoll dicken Schicht Mulch entlang der Bodenoberfl\u00e4che tr\u00e4gt dazu bei, die Feuchtigkeit zu speichern und das Unkraut noch weiter zu unterdr\u00fccken.\u201c<\/p>\n<p><strong>Licht: <\/strong>\u201eEbereschen gedeihen am besten in H\u00f6fen mit Halbschatten bis voller Sonne\u201c, f\u00e4hrt Tammy fort. \u201eF\u00fcr das beste Wachstum ben\u00f6tigen sie mindestens f\u00fcnf bis sechs Stunden Sonnenlicht dort, wo die Strahlen direkt auf sie treffen, was zu einer optimalen Beerenproduktion f\u00fchrt.\u201c<\/p>\n<p><strong>Bew\u00e4sserung:<\/strong> \u201eEs ist wichtig, Ebereschenb\u00e4ume zu bew\u00e4ssern, wenn sie sich etablieren.\u201c \u201eDazu geh\u00f6rt eine gleichm\u00e4\u00dfige Feuchtigkeitsversorgung und gr\u00fcndliche Bew\u00e4sserung in den ersten zwei Jahren nach der Pflanzung\u201c, sagt Tammy. \u201eSobald diese B\u00e4ume in Ihrem Garten angesiedelt sind, sind sie sowohl pflegeleicht als auch trockenheitstolerant, obwohl ein gewisser Schutz f\u00fcr die flachen Wurzeln wichtig ist.\u201c<\/p>\n<p><strong>D\u00fcngung: <\/strong>Vogelbeeren m\u00fcssen nicht gef\u00fcttert werden. Diese Art ist relativ autark und bezieht die ben\u00f6tigten N\u00e4hrstoffe typischerweise aus dem Boden. Um die Qualit\u00e4t Ihrer Rabatten zu verbessern, hilft das Mulchen einmal pro Jahr dabei, Ihren B\u00e4umen, Str\u00e4uchern und Stauden neuen Schwung zu verleihen.<\/p>\n<p><strong>Beschneidung: <\/strong>\u201eDer sp\u00e4te Winter bis zum fr\u00fchen Fr\u00fchling, wenn der Baum ruht, ist der optimale Zeitpunkt, um Ebereschenb\u00e4ume zu beschneiden\u201c, sagt Tammy. \u201eEin Schnitt in diesem Stadium verringert das Risiko einer Infektion oder eines \u00fcberm\u00e4\u00dfigen Saftverlusts.\u201c Entfernen Sie zun\u00e4chst abgestorbene oder kranke \u00c4ste und verd\u00fcnnen Sie dann alle kreuzenden oder \u00fcberf\u00fcllten St\u00e4mme, um das Eindringen von Sonnenlicht und die Luftzirkulation in die Mitte des Baumes zu verbessern. Achten Sie darauf, dass Sie innerhalb eines Jahres nicht mehr als zwanzig Prozent des Baumes f\u00e4llen, da es sonst zu einem Schock f\u00fcr den Baum kommen k\u00f6nnte.<\/p>\n<p><strong>Toxizit\u00e4t: <\/strong>Obwohl sie prall und k\u00f6stlich aussehen k\u00f6nnen, sollten Sie es vermeiden, die Fr\u00fcchte von Ebereschenb\u00e4umen zu essen. Die rohen Beeren enthalten Parasorbins\u00e4ure, die Verdauungssch\u00e4den im Magen und in den Nieren verursachen kann. Dar\u00fcber hinaus sollten Sie beim Beschneiden von Ebereschen immer Gartenhandschuhe tragen, da der Saft Hautreizungen verursachen kann. Gartenhandschuhe gibt es bei Amazon.<\/p>\n<div class=\"product-container hero-product-container product-block-no-wrap\"><\/div>\n<h3 class=\"article-body__section\" id=\"section-faqs\"><span>FAQs<\/span><\/h3>\n<h2 id=\"can-i-grow-rowan-trees-in-a-pot-3\">Kann ich Ebereschenb\u00e4ume in einem Topf anbauen? <\/h2>\n<p>Ja, Sie k\u00f6nnen einen Ebereschenbaum in einem Topf oder Beh\u00e4lter z\u00fcchten, was eine gute Option f\u00fcr G\u00e4rtner mit kleineren G\u00e4rten ist. Damit Ihr Ebereschenbaum gesund bleibt, ist jedoch eine regelm\u00e4\u00dfige Pflege erforderlich. Ein j\u00e4hrlicher R\u00fcckschnitt ist wichtig, um den Baum in einer kompakten und buschigen Form zu halten. Au\u00dferdem m\u00fcssen Sie die Eberesche alle zwei bis drei Jahre umtopfen, um ihr frische Erde und etwas mehr Platz zum Wachsen zu bieten.<\/p>\n<h2 id=\"what-should-i-do-with-suckers-and-shoots-at-the-base-of-my-rowan-tree-3\">Was soll ich mit den Ausl\u00e4ufern und Trieben am Fu\u00df meines Ebereschenbaums tun? <\/h2>\n<p>\u201eSie k\u00f6nnen alle Ausl\u00e4ufer oder Triebe entfernen, indem Sie sie einfach abschneiden oder mit der Hand abbrechen\u201c, sagt Tammy. \u201eAchten Sie darauf, f\u00fcr gr\u00f6\u00dfere Triebe immer sterile Werkzeuge wie eine Astschere oder eine kleine Asts\u00e4ge zu verwenden. Sterilisieren Sie jedes Werkzeug zwischen den Eins\u00e4tzen, um die Ausbreitung von Infektionen oder Krankheiten zu verhindern, die der vorherige Baum m\u00f6glicherweise \u00fcbertragen hat.\u201c<\/p>\n<hr>\n<p>Wenn Sie andere einzigartige und interessante B\u00e4ume mit hervorragender Saisonalit\u00e4t suchen, sollten Sie lernen, wie man Spindelb\u00e4ume anbaut. Mit auff\u00e4lligen orangefarbenen und rosafarbenen Fr\u00fcchten k\u00f6nnen Spindelb\u00e4ume dazu beitragen, das Interesse an jeder Parzelle in den Herbstmonaten zu steigern, und gl\u00fccklicherweise sind sie \u00fcberraschend einfach zu z\u00fcchten.<\/p>\n<\/div>\n","protected":false},"excerpt":{"rendered":"<p>Die Vogelbeere, bekannt als Eberesche, ist ein mystischer und uralter Baum, der in der Folklore seit langem wegen seiner dekorativen Sch\u00f6nheit und angeblichen Schutzwirkung gefeiert<\/p>\n","protected":false},"author":1,"featured_media":2320,"comment_status":"closed","ping_status":"","sticky":false,"template":"","format":"standard","meta":{"footnotes":""},"categories":[118],"tags":[188,3957,74,22,3960,55,3666,3961,134,146,3959,26,3958],"class_list":["post-2319","post","type-post","status-publish","format-standard","has-post-thumbnail","hentry","category-haus-garten","tag-art","tag-ebereschen","tag-eine","tag-einem","tag-festlicher","tag-fuer","tag-hauch","tag-magie","tag-man","tag-mit","tag-uralte","tag-wie","tag-zuechtet","generate-columns","tablet-grid-50","mobile-grid-100","grid-parent","grid-50"],"yoast_head":"<!-- This site is optimized with the Yoast SEO plugin v27.3 - https:\/\/yoast.com\/product\/yoast-seo-wordpress\/ -->\n<title>Wie man Ebereschen z\u00fcchtet \u2013 f\u00fcr eine uralte Art mit einem Hauch festlicher Magie - Nachrichten - Stra\u00dfenweb<\/title>\n<meta name=\"robots\" content=\"index, follow, max-snippet:-1, max-image-preview:large, max-video-preview:-1\" \/>\n<link rel=\"canonical\" href=\"https:\/\/www.strassenweb.de\/nachrichten\/wie-man-ebereschen-zuechtet-fuer-eine-uralte-art-mit-einem-hauch-festlicher-magie\/\" \/>\n<meta property=\"og:locale\" content=\"de_DE\" \/>\n<meta property=\"og:type\" content=\"article\" \/>\n<meta property=\"og:title\" content=\"Wie man Ebereschen z\u00fcchtet \u2013 f\u00fcr eine uralte Art mit einem Hauch festlicher Magie - Nachrichten - Stra\u00dfenweb\" \/>\n<meta property=\"og:description\" content=\"Die Vogelbeere, bekannt als Eberesche, ist ein mystischer und uralter Baum, der in der Folklore seit langem wegen seiner dekorativen Sch\u00f6nheit und angeblichen Schutzwirkung gefeiert\" \/>\n<meta property=\"og:url\" content=\"https:\/\/www.strassenweb.de\/nachrichten\/wie-man-ebereschen-zuechtet-fuer-eine-uralte-art-mit-einem-hauch-festlicher-magie\/\" \/>\n<meta property=\"og:site_name\" content=\"Stra\u00dfenweb\" \/>\n<meta property=\"article:publisher\" content=\"https:\/\/www.facebook.com\/strassenweb\/\" \/>\n<meta property=\"article:published_time\" content=\"2024-12-24T10:41:38+00:00\" \/>\n<meta property=\"article:modified_time\" content=\"2024-12-24T10:41:40+00:00\" \/>\n<meta property=\"og:image\" content=\"https:\/\/www.strassenweb.de\/nachrichten\/wp-content\/uploads\/2024\/12\/Wie-man-Ebereschen-zuechtet-\u2013-fuer-eine-uralte-Art-mit.jpg\" \/>\n\t<meta property=\"og:image:width\" content=\"1200\" \/>\n\t<meta property=\"og:image:height\" content=\"675\" \/>\n\t<meta property=\"og:image:type\" content=\"image\/jpeg\" \/>\n<meta name=\"author\" content=\"Robert Hoffmann\" \/>\n<meta name=\"twitter:card\" content=\"summary_large_image\" \/>\n<meta name=\"twitter:label1\" content=\"Verfasst von\" \/>\n\t<meta name=\"twitter:data1\" content=\"Robert Hoffmann\" \/>\n\t<meta name=\"twitter:label2\" content=\"Gesch\u00e4tzte Lesezeit\" \/>\n\t<meta name=\"twitter:data2\" content=\"6\u00a0Minuten\" \/>\n<script type=\"application\/ld+json\" class=\"yoast-schema-graph\">{\"@context\":\"https:\\\/\\\/schema.org\",\"@graph\":[{\"@type\":\"Article\",\"@id\":\"https:\\\/\\\/www.strassenweb.de\\\/nachrichten\\\/wie-man-ebereschen-zuechtet-fuer-eine-uralte-art-mit-einem-hauch-festlicher-magie\\\/#article\",\"isPartOf\":{\"@id\":\"https:\\\/\\\/www.strassenweb.de\\\/nachrichten\\\/wie-man-ebereschen-zuechtet-fuer-eine-uralte-art-mit-einem-hauch-festlicher-magie\\\/\"},\"author\":{\"name\":\"Robert Hoffmann\",\"@id\":\"https:\\\/\\\/www.strassenweb.de\\\/nachrichten\\\/#\\\/schema\\\/person\\\/87c9c9067f1211da429a744dc5a5aa41\"},\"headline\":\"Wie man Ebereschen z\u00fcchtet \u2013 f\u00fcr eine uralte Art mit einem Hauch festlicher Magie\",\"datePublished\":\"2024-12-24T10:41:38+00:00\",\"dateModified\":\"2024-12-24T10:41:40+00:00\",\"mainEntityOfPage\":{\"@id\":\"https:\\\/\\\/www.strassenweb.de\\\/nachrichten\\\/wie-man-ebereschen-zuechtet-fuer-eine-uralte-art-mit-einem-hauch-festlicher-magie\\\/\"},\"wordCount\":1183,\"publisher\":{\"@id\":\"https:\\\/\\\/www.strassenweb.de\\\/nachrichten\\\/#organization\"},\"image\":{\"@id\":\"https:\\\/\\\/www.strassenweb.de\\\/nachrichten\\\/wie-man-ebereschen-zuechtet-fuer-eine-uralte-art-mit-einem-hauch-festlicher-magie\\\/#primaryimage\"},\"thumbnailUrl\":\"https:\\\/\\\/www.strassenweb.de\\\/nachrichten\\\/wp-content\\\/uploads\\\/2024\\\/12\\\/Wie-man-Ebereschen-zuechtet-\u2013-fuer-eine-uralte-Art-mit.jpg\",\"keywords\":[\"Art\",\"Ebereschen\",\"eine\",\"einem\",\"festlicher\",\"f\u00fcr\",\"Hauch\",\"Magie\",\"man\",\"mit\",\"uralte\",\"Wie\",\"z\u00fcchtet\"],\"articleSection\":[\"Haus &amp; Garten\"],\"inLanguage\":\"de\"},{\"@type\":\"WebPage\",\"@id\":\"https:\\\/\\\/www.strassenweb.de\\\/nachrichten\\\/wie-man-ebereschen-zuechtet-fuer-eine-uralte-art-mit-einem-hauch-festlicher-magie\\\/\",\"url\":\"https:\\\/\\\/www.strassenweb.de\\\/nachrichten\\\/wie-man-ebereschen-zuechtet-fuer-eine-uralte-art-mit-einem-hauch-festlicher-magie\\\/\",\"name\":\"Wie man Ebereschen z\u00fcchtet \u2013 f\u00fcr eine uralte Art mit einem Hauch festlicher Magie - Nachrichten - Stra\u00dfenweb\",\"isPartOf\":{\"@id\":\"https:\\\/\\\/www.strassenweb.de\\\/nachrichten\\\/#website\"},\"primaryImageOfPage\":{\"@id\":\"https:\\\/\\\/www.strassenweb.de\\\/nachrichten\\\/wie-man-ebereschen-zuechtet-fuer-eine-uralte-art-mit-einem-hauch-festlicher-magie\\\/#primaryimage\"},\"image\":{\"@id\":\"https:\\\/\\\/www.strassenweb.de\\\/nachrichten\\\/wie-man-ebereschen-zuechtet-fuer-eine-uralte-art-mit-einem-hauch-festlicher-magie\\\/#primaryimage\"},\"thumbnailUrl\":\"https:\\\/\\\/www.strassenweb.de\\\/nachrichten\\\/wp-content\\\/uploads\\\/2024\\\/12\\\/Wie-man-Ebereschen-zuechtet-\u2013-fuer-eine-uralte-Art-mit.jpg\",\"datePublished\":\"2024-12-24T10:41:38+00:00\",\"dateModified\":\"2024-12-24T10:41:40+00:00\",\"breadcrumb\":{\"@id\":\"https:\\\/\\\/www.strassenweb.de\\\/nachrichten\\\/wie-man-ebereschen-zuechtet-fuer-eine-uralte-art-mit-einem-hauch-festlicher-magie\\\/#breadcrumb\"},\"inLanguage\":\"de\",\"potentialAction\":[{\"@type\":\"ReadAction\",\"target\":[\"https:\\\/\\\/www.strassenweb.de\\\/nachrichten\\\/wie-man-ebereschen-zuechtet-fuer-eine-uralte-art-mit-einem-hauch-festlicher-magie\\\/\"]}]},{\"@type\":\"ImageObject\",\"inLanguage\":\"de\",\"@id\":\"https:\\\/\\\/www.strassenweb.de\\\/nachrichten\\\/wie-man-ebereschen-zuechtet-fuer-eine-uralte-art-mit-einem-hauch-festlicher-magie\\\/#primaryimage\",\"url\":\"https:\\\/\\\/www.strassenweb.de\\\/nachrichten\\\/wp-content\\\/uploads\\\/2024\\\/12\\\/Wie-man-Ebereschen-zuechtet-\u2013-fuer-eine-uralte-Art-mit.jpg\",\"contentUrl\":\"https:\\\/\\\/www.strassenweb.de\\\/nachrichten\\\/wp-content\\\/uploads\\\/2024\\\/12\\\/Wie-man-Ebereschen-zuechtet-\u2013-fuer-eine-uralte-Art-mit.jpg\",\"width\":1200,\"height\":675,\"caption\":\"Wie man Ebereschen z\u00fcchtet \u2013 f\u00fcr eine uralte Art mit einem Hauch festlicher Magie\"},{\"@type\":\"BreadcrumbList\",\"@id\":\"https:\\\/\\\/www.strassenweb.de\\\/nachrichten\\\/wie-man-ebereschen-zuechtet-fuer-eine-uralte-art-mit-einem-hauch-festlicher-magie\\\/#breadcrumb\",\"itemListElement\":[{\"@type\":\"ListItem\",\"position\":1,\"name\":\"Home\",\"item\":\"https:\\\/\\\/www.strassenweb.de\\\/nachrichten\\\/\"},{\"@type\":\"ListItem\",\"position\":2,\"name\":\"Wie man Ebereschen z\u00fcchtet \u2013 f\u00fcr eine uralte Art mit einem Hauch festlicher Magie\"}]},{\"@type\":\"WebSite\",\"@id\":\"https:\\\/\\\/www.strassenweb.de\\\/nachrichten\\\/#website\",\"url\":\"https:\\\/\\\/www.strassenweb.de\\\/nachrichten\\\/\",\"name\":\"Stra\u00dfenweb\",\"description\":\"Stra\u00dfenverzeichnis f\u00fcr Deutschland\",\"publisher\":{\"@id\":\"https:\\\/\\\/www.strassenweb.de\\\/nachrichten\\\/#organization\"},\"potentialAction\":[{\"@type\":\"SearchAction\",\"target\":{\"@type\":\"EntryPoint\",\"urlTemplate\":\"https:\\\/\\\/www.strassenweb.de\\\/nachrichten\\\/?s={search_term_string}\"},\"query-input\":{\"@type\":\"PropertyValueSpecification\",\"valueRequired\":true,\"valueName\":\"search_term_string\"}}],\"inLanguage\":\"de\"},{\"@type\":\"Organization\",\"@id\":\"https:\\\/\\\/www.strassenweb.de\\\/nachrichten\\\/#organization\",\"name\":\"Stra\u00dfenweb\",\"url\":\"https:\\\/\\\/www.strassenweb.de\\\/nachrichten\\\/\",\"logo\":{\"@type\":\"ImageObject\",\"inLanguage\":\"de\",\"@id\":\"https:\\\/\\\/www.strassenweb.de\\\/nachrichten\\\/#\\\/schema\\\/logo\\\/image\\\/\",\"url\":\"https:\\\/\\\/www.strassenweb.de\\\/nachrichten\\\/wp-content\\\/uploads\\\/2024\\\/09\\\/cropped-favicon.png\",\"contentUrl\":\"https:\\\/\\\/www.strassenweb.de\\\/nachrichten\\\/wp-content\\\/uploads\\\/2024\\\/09\\\/cropped-favicon.png\",\"width\":512,\"height\":512,\"caption\":\"Stra\u00dfenweb\"},\"image\":{\"@id\":\"https:\\\/\\\/www.strassenweb.de\\\/nachrichten\\\/#\\\/schema\\\/logo\\\/image\\\/\"},\"sameAs\":[\"https:\\\/\\\/www.facebook.com\\\/strassenweb\\\/\"]},{\"@type\":\"Person\",\"@id\":\"https:\\\/\\\/www.strassenweb.de\\\/nachrichten\\\/#\\\/schema\\\/person\\\/87c9c9067f1211da429a744dc5a5aa41\",\"name\":\"Robert Hoffmann\",\"image\":{\"@type\":\"ImageObject\",\"inLanguage\":\"de\",\"@id\":\"https:\\\/\\\/www.strassenweb.de\\\/nachrichten\\\/wp-content\\\/uploads\\\/2024\\\/09\\\/strassenweb-150x150.jpg\",\"url\":\"https:\\\/\\\/www.strassenweb.de\\\/nachrichten\\\/wp-content\\\/uploads\\\/2024\\\/09\\\/strassenweb-150x150.jpg\",\"contentUrl\":\"https:\\\/\\\/www.strassenweb.de\\\/nachrichten\\\/wp-content\\\/uploads\\\/2024\\\/09\\\/strassenweb-150x150.jpg\",\"caption\":\"Robert Hoffmann\"},\"description\":\"Ich hei\u00dfe Robert Hoffmann und ich bin ein leidenschaftlicher Verfechter von \u00d6kologie und Biodiversit\u00e4t. Seit meiner Kindheit in den W\u00e4ldern Bayerns f\u00fchle ich mich mit der Natur verbunden und bin entschlossen, sie zu sch\u00fctzen. Heute widme ich mein Leben der Sensibilisierung anderer f\u00fcr die Bedeutung des Umweltschutzes f\u00fcr zuk\u00fcnftige Generationen.\",\"sameAs\":[\"https:\\\/\\\/www.strassenweb.de\\\/\"]}]}<\/script>\n<!-- \/ Yoast SEO plugin. -->","yoast_head_json":{"title":"Wie man Ebereschen z\u00fcchtet \u2013 f\u00fcr eine uralte Art mit einem Hauch festlicher Magie - Nachrichten - Stra\u00dfenweb","robots":{"index":"index","follow":"follow","max-snippet":"max-snippet:-1","max-image-preview":"max-image-preview:large","max-video-preview":"max-video-preview:-1"},"canonical":"https:\/\/www.strassenweb.de\/nachrichten\/wie-man-ebereschen-zuechtet-fuer-eine-uralte-art-mit-einem-hauch-festlicher-magie\/","og_locale":"de_DE","og_type":"article","og_title":"Wie man Ebereschen z\u00fcchtet \u2013 f\u00fcr eine uralte Art mit einem Hauch festlicher Magie - Nachrichten - Stra\u00dfenweb","og_description":"Die Vogelbeere, bekannt als Eberesche, ist ein mystischer und uralter Baum, der in der Folklore seit langem wegen seiner dekorativen Sch\u00f6nheit und angeblichen Schutzwirkung gefeiert","og_url":"https:\/\/www.strassenweb.de\/nachrichten\/wie-man-ebereschen-zuechtet-fuer-eine-uralte-art-mit-einem-hauch-festlicher-magie\/","og_site_name":"Stra\u00dfenweb","article_publisher":"https:\/\/www.facebook.com\/strassenweb\/","article_published_time":"2024-12-24T10:41:38+00:00","article_modified_time":"2024-12-24T10:41:40+00:00","og_image":[{"width":1200,"height":675,"url":"https:\/\/www.strassenweb.de\/nachrichten\/wp-content\/uploads\/2024\/12\/Wie-man-Ebereschen-zuechtet-\u2013-fuer-eine-uralte-Art-mit.jpg","type":"image\/jpeg"}],"author":"Robert Hoffmann","twitter_card":"summary_large_image","twitter_misc":{"Verfasst von":"Robert Hoffmann","Gesch\u00e4tzte Lesezeit":"6\u00a0Minuten"},"schema":{"@context":"https:\/\/schema.org","@graph":[{"@type":"Article","@id":"https:\/\/www.strassenweb.de\/nachrichten\/wie-man-ebereschen-zuechtet-fuer-eine-uralte-art-mit-einem-hauch-festlicher-magie\/#article","isPartOf":{"@id":"https:\/\/www.strassenweb.de\/nachrichten\/wie-man-ebereschen-zuechtet-fuer-eine-uralte-art-mit-einem-hauch-festlicher-magie\/"},"author":{"name":"Robert Hoffmann","@id":"https:\/\/www.strassenweb.de\/nachrichten\/#\/schema\/person\/87c9c9067f1211da429a744dc5a5aa41"},"headline":"Wie man Ebereschen z\u00fcchtet \u2013 f\u00fcr eine uralte Art mit einem Hauch festlicher Magie","datePublished":"2024-12-24T10:41:38+00:00","dateModified":"2024-12-24T10:41:40+00:00","mainEntityOfPage":{"@id":"https:\/\/www.strassenweb.de\/nachrichten\/wie-man-ebereschen-zuechtet-fuer-eine-uralte-art-mit-einem-hauch-festlicher-magie\/"},"wordCount":1183,"publisher":{"@id":"https:\/\/www.strassenweb.de\/nachrichten\/#organization"},"image":{"@id":"https:\/\/www.strassenweb.de\/nachrichten\/wie-man-ebereschen-zuechtet-fuer-eine-uralte-art-mit-einem-hauch-festlicher-magie\/#primaryimage"},"thumbnailUrl":"https:\/\/www.strassenweb.de\/nachrichten\/wp-content\/uploads\/2024\/12\/Wie-man-Ebereschen-zuechtet-\u2013-fuer-eine-uralte-Art-mit.jpg","keywords":["Art","Ebereschen","eine","einem","festlicher","f\u00fcr","Hauch","Magie","man","mit","uralte","Wie","z\u00fcchtet"],"articleSection":["Haus &amp; Garten"],"inLanguage":"de"},{"@type":"WebPage","@id":"https:\/\/www.strassenweb.de\/nachrichten\/wie-man-ebereschen-zuechtet-fuer-eine-uralte-art-mit-einem-hauch-festlicher-magie\/","url":"https:\/\/www.strassenweb.de\/nachrichten\/wie-man-ebereschen-zuechtet-fuer-eine-uralte-art-mit-einem-hauch-festlicher-magie\/","name":"Wie man Ebereschen z\u00fcchtet \u2013 f\u00fcr eine uralte Art mit einem Hauch festlicher Magie - Nachrichten - Stra\u00dfenweb","isPartOf":{"@id":"https:\/\/www.strassenweb.de\/nachrichten\/#website"},"primaryImageOfPage":{"@id":"https:\/\/www.strassenweb.de\/nachrichten\/wie-man-ebereschen-zuechtet-fuer-eine-uralte-art-mit-einem-hauch-festlicher-magie\/#primaryimage"},"image":{"@id":"https:\/\/www.strassenweb.de\/nachrichten\/wie-man-ebereschen-zuechtet-fuer-eine-uralte-art-mit-einem-hauch-festlicher-magie\/#primaryimage"},"thumbnailUrl":"https:\/\/www.strassenweb.de\/nachrichten\/wp-content\/uploads\/2024\/12\/Wie-man-Ebereschen-zuechtet-\u2013-fuer-eine-uralte-Art-mit.jpg","datePublished":"2024-12-24T10:41:38+00:00","dateModified":"2024-12-24T10:41:40+00:00","breadcrumb":{"@id":"https:\/\/www.strassenweb.de\/nachrichten\/wie-man-ebereschen-zuechtet-fuer-eine-uralte-art-mit-einem-hauch-festlicher-magie\/#breadcrumb"},"inLanguage":"de","potentialAction":[{"@type":"ReadAction","target":["https:\/\/www.strassenweb.de\/nachrichten\/wie-man-ebereschen-zuechtet-fuer-eine-uralte-art-mit-einem-hauch-festlicher-magie\/"]}]},{"@type":"ImageObject","inLanguage":"de","@id":"https:\/\/www.strassenweb.de\/nachrichten\/wie-man-ebereschen-zuechtet-fuer-eine-uralte-art-mit-einem-hauch-festlicher-magie\/#primaryimage","url":"https:\/\/www.strassenweb.de\/nachrichten\/wp-content\/uploads\/2024\/12\/Wie-man-Ebereschen-zuechtet-\u2013-fuer-eine-uralte-Art-mit.jpg","contentUrl":"https:\/\/www.strassenweb.de\/nachrichten\/wp-content\/uploads\/2024\/12\/Wie-man-Ebereschen-zuechtet-\u2013-fuer-eine-uralte-Art-mit.jpg","width":1200,"height":675,"caption":"Wie man Ebereschen z\u00fcchtet \u2013 f\u00fcr eine uralte Art mit einem Hauch festlicher Magie"},{"@type":"BreadcrumbList","@id":"https:\/\/www.strassenweb.de\/nachrichten\/wie-man-ebereschen-zuechtet-fuer-eine-uralte-art-mit-einem-hauch-festlicher-magie\/#breadcrumb","itemListElement":[{"@type":"ListItem","position":1,"name":"Home","item":"https:\/\/www.strassenweb.de\/nachrichten\/"},{"@type":"ListItem","position":2,"name":"Wie man Ebereschen z\u00fcchtet \u2013 f\u00fcr eine uralte Art mit einem Hauch festlicher Magie"}]},{"@type":"WebSite","@id":"https:\/\/www.strassenweb.de\/nachrichten\/#website","url":"https:\/\/www.strassenweb.de\/nachrichten\/","name":"Stra\u00dfenweb","description":"Stra\u00dfenverzeichnis f\u00fcr Deutschland","publisher":{"@id":"https:\/\/www.strassenweb.de\/nachrichten\/#organization"},"potentialAction":[{"@type":"SearchAction","target":{"@type":"EntryPoint","urlTemplate":"https:\/\/www.strassenweb.de\/nachrichten\/?s={search_term_string}"},"query-input":{"@type":"PropertyValueSpecification","valueRequired":true,"valueName":"search_term_string"}}],"inLanguage":"de"},{"@type":"Organization","@id":"https:\/\/www.strassenweb.de\/nachrichten\/#organization","name":"Stra\u00dfenweb","url":"https:\/\/www.strassenweb.de\/nachrichten\/","logo":{"@type":"ImageObject","inLanguage":"de","@id":"https:\/\/www.strassenweb.de\/nachrichten\/#\/schema\/logo\/image\/","url":"https:\/\/www.strassenweb.de\/nachrichten\/wp-content\/uploads\/2024\/09\/cropped-favicon.png","contentUrl":"https:\/\/www.strassenweb.de\/nachrichten\/wp-content\/uploads\/2024\/09\/cropped-favicon.png","width":512,"height":512,"caption":"Stra\u00dfenweb"},"image":{"@id":"https:\/\/www.strassenweb.de\/nachrichten\/#\/schema\/logo\/image\/"},"sameAs":["https:\/\/www.facebook.com\/strassenweb\/"]},{"@type":"Person","@id":"https:\/\/www.strassenweb.de\/nachrichten\/#\/schema\/person\/87c9c9067f1211da429a744dc5a5aa41","name":"Robert Hoffmann","image":{"@type":"ImageObject","inLanguage":"de","@id":"https:\/\/www.strassenweb.de\/nachrichten\/wp-content\/uploads\/2024\/09\/strassenweb-150x150.jpg","url":"https:\/\/www.strassenweb.de\/nachrichten\/wp-content\/uploads\/2024\/09\/strassenweb-150x150.jpg","contentUrl":"https:\/\/www.strassenweb.de\/nachrichten\/wp-content\/uploads\/2024\/09\/strassenweb-150x150.jpg","caption":"Robert Hoffmann"},"description":"Ich hei\u00dfe Robert Hoffmann und ich bin ein leidenschaftlicher Verfechter von \u00d6kologie und Biodiversit\u00e4t. Seit meiner Kindheit in den W\u00e4ldern Bayerns f\u00fchle ich mich mit der Natur verbunden und bin entschlossen, sie zu sch\u00fctzen. Heute widme ich mein Leben der Sensibilisierung anderer f\u00fcr die Bedeutung des Umweltschutzes f\u00fcr zuk\u00fcnftige Generationen.","sameAs":["https:\/\/www.strassenweb.de\/"]}]}},"_links":{"self":[{"href":"https:\/\/www.strassenweb.de\/nachrichten\/wp-json\/wp\/v2\/posts\/2319","targetHints":{"allow":["GET"]}}],"collection":[{"href":"https:\/\/www.strassenweb.de\/nachrichten\/wp-json\/wp\/v2\/posts"}],"about":[{"href":"https:\/\/www.strassenweb.de\/nachrichten\/wp-json\/wp\/v2\/types\/post"}],"author":[{"embeddable":true,"href":"https:\/\/www.strassenweb.de\/nachrichten\/wp-json\/wp\/v2\/users\/1"}],"replies":[{"embeddable":true,"href":"https:\/\/www.strassenweb.de\/nachrichten\/wp-json\/wp\/v2\/comments?post=2319"}],"version-history":[{"count":0,"href":"https:\/\/www.strassenweb.de\/nachrichten\/wp-json\/wp\/v2\/posts\/2319\/revisions"}],"wp:featuredmedia":[{"embeddable":true,"href":"https:\/\/www.strassenweb.de\/nachrichten\/wp-json\/wp\/v2\/media\/2320"}],"wp:attachment":[{"href":"https:\/\/www.strassenweb.de\/nachrichten\/wp-json\/wp\/v2\/media?parent=2319"}],"wp:term":[{"taxonomy":"category","embeddable":true,"href":"https:\/\/www.strassenweb.de\/nachrichten\/wp-json\/wp\/v2\/categories?post=2319"},{"taxonomy":"post_tag","embeddable":true,"href":"https:\/\/www.strassenweb.de\/nachrichten\/wp-json\/wp\/v2\/tags?post=2319"}],"curies":[{"name":"wp","href":"https:\/\/api.w.org\/{rel}","templated":true}]}}