{"id":2313,"date":"2024-12-24T03:39:50","date_gmt":"2024-12-24T02:39:50","guid":{"rendered":"https:\/\/www.strassenweb.de\/nachrichten\/betrachten-sie-kunst-als-integralen-bestandteil-des-raums-und-nicht-als-nachtraeglichen-gedanken-die-kreativdirektorin-von-devol-gibt-ihre-expertentipps-zur-auswahl-des-per\/"},"modified":"2024-12-24T03:39:51","modified_gmt":"2024-12-24T02:39:51","slug":"betrachten-sie-kunst-als-integralen-bestandteil-des-raums-und-nicht-als-nachtraeglichen-gedanken-die-kreativdirektorin-von-devol-gibt-ihre-expertentipps-zur-auswahl-des-per","status":"publish","type":"post","link":"https:\/\/www.strassenweb.de\/nachrichten\/betrachten-sie-kunst-als-integralen-bestandteil-des-raums-und-nicht-als-nachtraeglichen-gedanken-die-kreativdirektorin-von-devol-gibt-ihre-expertentipps-zur-auswahl-des-per\/","title":{"rendered":"\u201eBetrachten Sie Kunst als integralen Bestandteil des Raums und nicht als nachtr\u00e4glichen Gedanken\u201c \u2013 die Kreativdirektorin von deVOL gibt ihre Expertentipps zur Auswahl des perfekten Kunstwerks f\u00fcr Ihre K\u00fcche"},"content":{"rendered":"<p><\/p>\n<div id=\"article-body\" class=\"article__body \">\n<p>Kunstwerke verleihen einer K\u00fcche Charakter und eine einladende Ausstrahlung, die diesem eher funktionalen Raum oft fehlt. Und die von Ihnen ausgew\u00e4hlten Kunstwerke (und Rahmen) k\u00f6nnen dabei helfen, Ihr Design zusammenzufassen.<\/p>\n<div id=\"ad-unit-1\" class=\"ad-unit\"><\/div>\n<p>Obwohl es sich um ein wirkungsvolles Dekorationselement f\u00fcr Ihre K\u00fcche handelt, ist die Auswahl der richtigen St\u00fccke nicht immer einfach. Es muss sich nicht nur in Ihrem Raum wohlf\u00fchlen, sondern auch Ihren Geschmack treffen.<\/p>\n<aside class=\"hawk-nest\" data-block-type=\"embed\" data-render-type=\"fte\" data-skip=\"dealsy\" data-widget-type=\"seasonal\">\n<div class=\"hawk-master-widget-hawk-base-wrapper\"><\/div>\n<\/aside>\n<p>Und von wem k\u00f6nnte man besser lernen als vom Team von deVOL kitchens \u2013 dessen aktueller Instagram-Beitrag \u00fcber ihren New Yorker Showroom beweist, wie wirkungsvoll das richtige Kunstwerk in einer K\u00fcche sein kann. Hier erz\u00e4hlt Kreativdirektorin Helen Parker <em>H&#038;G<\/em> Alles, was Sie \u00fcber die Einf\u00fchrung von K\u00fcchenkunst wissen m\u00fcssen.<\/p>\n<div id=\"desktop-in-article\" class=\"in-article ad-unit\">\n<div id=\"desktop-taboola-mid-article\"><\/div>\n<\/div>\n<div id=\"mobile-in-article\" class=\"in-article ad-unit\">\n<div id=\"mobile-taboola-mid-article\"><\/div>\n<\/div>\n<div class=\"instagram-embed\">\n<blockquote class=\"instagram-media\" data-instgrm-captioned data-instgrm-version=\"6\" style=\"width:99.375%; width:-webkit-calc(100% - 2px); width:calc(100% - 2px);\">\n<p>Ein von deVOL Kitchens (@devolkitchens) geteilter Beitrag<\/p>\n<p>Ein Foto gepostet von am <\/p>\n<\/blockquote>\n<\/div>\n<p>\u201eIm letzten Jahrzehnt sind Kunstwerke in K\u00fcchen immer beliebter und akzeptabler geworden.\u201c \u201eEs gab eine Zeit, in der eine K\u00fcche ein funktionaler Nutzraum war und es keinen Platz f\u00fcr Kunstwerke, Tapeten oder Textilien gab\u201c, sagt Helen.<\/p>\n<div class=\"van_vid_carousel\">\n<div class=\"van_vid_carousel__padding\">\n<div class=\"van_vid_carousel__container\"><\/div>\n<\/div>\n<\/div>\n<p>Aber heutzutage, da unsere K\u00fcchen zu gesellschaftlichen Treffpunkten werden und oft Ess- und Wohnbereiche integrieren, wird es immer wichtiger, einen gem\u00fctlicheren, stilvolleren Raum zu schaffen. Und Kunst ist die perfekte Erg\u00e4nzung.<\/p>\n<div id=\"ad-unit-2\" class=\"ad-unit\"><\/div>\n<p>\u201eDer Wandel begann damit, dass die Menschen die R\u00e4ume in ihren H\u00e4usern \u00f6ffneten, um Wohnen und Essen zu integrieren. \u201eDas bedeutete, dass Wohndekor Teil der K\u00fcche wurde, die R\u00e4ume gesellig waren und daher weniger k\u00fcchenm\u00e4\u00dfig aussehen mussten\u201c, erkl\u00e4rt sie.<\/p>\n<p>\u201eDiese Ver\u00e4nderung hat dazu gef\u00fchrt, dass die Menschen ihre K\u00fcchen als komfortable, gesellige und sch\u00f6ne R\u00e4ume sch\u00e4tzen, die in den Rest ihres Zuhauses \u00fcbergehen.\u201c Das Kunstwerk ist zum Mittelpunkt geworden, fast zu einer Notwendigkeit. Es verleiht einem Raum, der einst ein v\u00f6lliger Kontrast zum Rest des Hauses war, Pers\u00f6nlichkeit und Stil. Selbst in kleinen K\u00fcchen ohne Essbereich ist ein Kunstwerk mittlerweile fast unabdingbar!\u2018<\/p>\n<figure class=\"van-image-figure inline-layout \" data-bordeaux-image-check>\n<div class=\"image-full-width-wrapper\">\n<div class=\"image-widthsetter\" style=\"max-width:2000px;\"><\/div>\n<\/div>\n<\/figure>\n<p>Der deVOL-Showroom in New York ist ein eindrucksvolles Beispiel daf\u00fcr, wie das richtige Kunstwerk ein K\u00fcchenkonzept aufwerten kann. Das stimmungsvolle, dramatische Farbschema wird wunderbar durch Werke im gleichen Stil erg\u00e4nzt und mit auff\u00e4lligen Goldrahmen eingerahmt. Der Grund daf\u00fcr, dass es so gut funktioniert, liegt darin, dass die ausgew\u00e4hlte Kunst als Inspirationspunkt f\u00fcr das restliche K\u00fcchendesign dient.<\/p>\n<p>\u201eEs war mir ein gro\u00dfes Anliegen, den New Yorker Showroom aufregend, farbenfroh und einzigartig zu gestalten.\u201c \u201eIch hatte mehrere K\u00fcnstler, deren Arbeit ich liebte, weil ich ihnen auf Instagram folgte, also beschloss ich, ihren Arbeiten R\u00e4ume zu widmen\u201c, erkl\u00e4rt Helen.<\/p>\n<p>Sorgf\u00e4ltig ausgew\u00e4hlte Kunstwerke in jedem der Ausstellungsr\u00e4ume tragen nicht nur dazu bei, eine zusammenh\u00e4ngende Farbpalette zu schaffen, sondern geben auch den Ton f\u00fcr das Design an und verleihen jeder K\u00fcche die richtige Pers\u00f6nlichkeit.<\/p>\n<figure class=\"van-image-figure inline-layout \" data-bordeaux-image-check>\n<div class=\"image-full-width-wrapper\">\n<div class=\"image-widthsetter\" style=\"max-width:2000px;\"><\/div>\n<\/div>\n<\/figure>\n<p>\u201eEs hat mir bei der Entscheidungsfindung zu Farben und Stil in den gesamten Ausstellungsr\u00e4umen wirklich geholfen.\u201c \u201eDie Arbeiten waren alle originell und anders und gaben jedem Ausstellungsraum einen eigenen Charakter, was wirklich dazu beitrug, jeden Raum und jede M\u00f6belkollektion von anderen abzuheben\u201c, f\u00fcgt Helen hinzu.<\/p>\n<p>\u201eIntelligente, klassische Stilllebenbilder und der Stil alter Meister passen wunderbar in den formellen Classic-Showroom.\u201c \u201eDie romantischen, reichhaltigen Portr\u00e4ts verliehen dem Essbereich eine stimmungsvolle Atmosph\u00e4re und echte Pers\u00f6nlichkeit.\u201c<\/p>\n<p>Der New Yorker Showroom ist nicht das einzige Design, das kostenlose Kunstwerke umfasst. In einem der britischen R\u00e4ume f\u00f6rdert ein v\u00f6llig anderer Kunststil ein rustikaleres, l\u00e4ndlicheres K\u00fcchendesign.<\/p>\n<p>\u201eDie zeitgen\u00f6ssischeren Stilllebengem\u00e4lde im Ausstellungsraum von Sebastian Cox waren rustikaler und passten hervorragend zu einfachen Schr\u00e4nken und Backsteinw\u00e4nden\u201c, f\u00fcgt sie hinzu.<\/p>\n<figure class=\"van-image-figure inline-layout \" data-bordeaux-image-check>\n<div class=\"image-full-width-wrapper\">\n<div class=\"image-widthsetter\" style=\"max-width:2000px;\"><\/div>\n<\/div>\n<\/figure>\n<p>Auch wenn die Auswahl von Kunst f\u00fcr eine K\u00fcche eine schwierige Entscheidung sein mag, k\u00f6nnen Sie tats\u00e4chlich den gleichen Ansatz w\u00e4hlen, als w\u00fcrden Sie Kunst f\u00fcr ein Wohnzimmer oder ein Schlafzimmer ausw\u00e4hlen.<\/p>\n<p>\u201eVersuchen Sie, die Kunst zu nutzen, um Ihren Stil und Geschmack zu zeigen.\u201c Nehmen Sie sich die Zeit, etwas auszuw\u00e4hlen, mit dem Sie leicht leben k\u00f6nnen, und sorgen Sie f\u00fcr Gespr\u00e4chsstoff. Ich denke, die Leute h\u00e4ngen oft einfach ein Bild auf, ohne viel dar\u00fcber nachzudenken. Es ist einfach und schnell, einen Nagel in die Wand zu schlagen, aber man sollte sich mehr Gedanken dar\u00fcber machen\u201c, sagt Helen.<\/p>\n<p>\u201eIch neige dazu, ein Bild als Ausgangspunkt f\u00fcr einen Raum zu w\u00e4hlen. Es gibt mir Orientierung und Farbinspiration und wird auf wichtige Weise Teil der K\u00fcche. Kunst kann teuer sein oder ein gl\u00fccklicher Fund auf einer Vintage-Messe, so oder so, sie sollte etwas Besonderes sein und Sie ansprechen, damit Sie wissen, dass Sie jeden Tag damit leben k\u00f6nnen und nicht m\u00fcde werden.&#8216;<\/p>\n<p>Ihr wichtigster Rat ist, die Auswahl von Kunstwerken f\u00fcr Ihre K\u00fcche zu einer Priorit\u00e4t und Grundlage f\u00fcr Ihr Design zu machen, anstatt sie nur als letzten Schliff zu verwenden. Dieser Ansatz stellt sicher, dass jedes Element des Raums zusammenh\u00e4ngend und gut durchdacht wirkt.<\/p>\n<p>\u201eBetrachten Sie Kunst als integralen Bestandteil des Raumes und nicht als nachtr\u00e4glichen Gedanken. Nehmen Sie sich Zeit, sie wird den Unterschied zu Ihrem fertigen Raum ausmachen.\u201c<\/p>\n<div class=\"product-container hero-product-container product-block-no-wrap\"><\/div>\n<hr>\n<p>Kunst ist bei der Gestaltung Ihrer K\u00fcche wichtiger als nur der letzte Schliff. Es sollte nicht nur Ihren Geschmack ansprechen, sondern sich auch als Teil Ihres Gesamtkonzepts anf\u00fchlen \u2013 als w\u00e4re es ein Teil der Struktur des Raums. Ganz gleich, ob Ihr Raum rustikal, industriell, traditionell oder minimalistisch gestaltet ist, das richtige Kunstwerk ist das St\u00fcck, das Ihrer K\u00fcche bisher gefehlt hat.<\/p>\n<\/div>\n<p><script async src=\"\/\/www.instagram.com\/embed.js\"><\/script><\/p>\n","protected":false},"excerpt":{"rendered":"<p>Kunstwerke verleihen einer K\u00fcche Charakter und eine einladende Ausstrahlung, die diesem eher funktionalen Raum oft fehlt. Und die von Ihnen ausgew\u00e4hlten Kunstwerke (und Rahmen) k\u00f6nnen<\/p>\n","protected":false},"author":1,"featured_media":2314,"comment_status":"closed","ping_status":"","sticky":false,"template":"","format":"standard","meta":{"footnotes":""},"categories":[118],"tags":[935,1293,3950,3947,281,3953,9,416,55,3502,53,225,3949,3952,468,3948,3954,3951,61,319,3565,165,37,21,99],"class_list":["post-2313","post","type-post","status-publish","format-standard","has-post-thumbnail","hentry","category-haus-garten","tag-als","tag-auswahl","tag-bestandteil","tag-betrachten","tag-des","tag-devol","tag-die","tag-expertentipps","tag-fuer","tag-gedanken","tag-gibt","tag-ihre","tag-integralen","tag-kreativdirektorin","tag-kueche","tag-kunst","tag-kunstwerks","tag-nachtraeglichen","tag-nicht","tag-perfekten","tag-raums","tag-sie","tag-und","tag-von","tag-zur","generate-columns","tablet-grid-50","mobile-grid-100","grid-parent","grid-50"],"yoast_head":"<!-- This site is optimized with the Yoast SEO plugin v27.3 - https:\/\/yoast.com\/product\/yoast-seo-wordpress\/ -->\n<title>\u201eBetrachten Sie Kunst als integralen Bestandteil des Raums und nicht als nachtr\u00e4glichen Gedanken\u201c \u2013 die Kreativdirektorin von deVOL gibt ihre Expertentipps zur Auswahl des perfekten Kunstwerks f\u00fcr Ihre K\u00fcche - Nachrichten - Stra\u00dfenweb<\/title>\n<meta name=\"robots\" content=\"index, follow, max-snippet:-1, max-image-preview:large, max-video-preview:-1\" \/>\n<link rel=\"canonical\" href=\"https:\/\/www.strassenweb.de\/nachrichten\/betrachten-sie-kunst-als-integralen-bestandteil-des-raums-und-nicht-als-nachtraeglichen-gedanken-die-kreativdirektorin-von-devol-gibt-ihre-expertentipps-zur-auswahl-des-per\/\" \/>\n<meta property=\"og:locale\" content=\"de_DE\" \/>\n<meta property=\"og:type\" content=\"article\" \/>\n<meta property=\"og:title\" content=\"\u201eBetrachten Sie Kunst als integralen Bestandteil des Raums und nicht als nachtr\u00e4glichen Gedanken\u201c \u2013 die Kreativdirektorin von deVOL gibt ihre Expertentipps zur Auswahl des perfekten Kunstwerks f\u00fcr Ihre K\u00fcche - Nachrichten - Stra\u00dfenweb\" \/>\n<meta property=\"og:description\" content=\"Kunstwerke verleihen einer K\u00fcche Charakter und eine einladende Ausstrahlung, die diesem eher funktionalen Raum oft fehlt. Und die von Ihnen ausgew\u00e4hlten Kunstwerke (und Rahmen) k\u00f6nnen\" \/>\n<meta property=\"og:url\" content=\"https:\/\/www.strassenweb.de\/nachrichten\/betrachten-sie-kunst-als-integralen-bestandteil-des-raums-und-nicht-als-nachtraeglichen-gedanken-die-kreativdirektorin-von-devol-gibt-ihre-expertentipps-zur-auswahl-des-per\/\" \/>\n<meta property=\"og:site_name\" content=\"Stra\u00dfenweb\" \/>\n<meta property=\"article:publisher\" content=\"https:\/\/www.facebook.com\/strassenweb\/\" \/>\n<meta property=\"article:published_time\" content=\"2024-12-24T02:39:50+00:00\" \/>\n<meta property=\"article:modified_time\" content=\"2024-12-24T02:39:51+00:00\" \/>\n<meta property=\"og:image\" content=\"https:\/\/www.strassenweb.de\/nachrichten\/wp-content\/uploads\/2024\/12\/\u201eBetrachten-Sie-Kunst-als-integralen-Bestandteil-des-Raums-und-nicht.jpg\" \/>\n\t<meta property=\"og:image:width\" content=\"1200\" \/>\n\t<meta property=\"og:image:height\" content=\"675\" \/>\n\t<meta property=\"og:image:type\" content=\"image\/jpeg\" \/>\n<meta name=\"author\" content=\"Robert Hoffmann\" \/>\n<meta name=\"twitter:card\" content=\"summary_large_image\" \/>\n<meta name=\"twitter:label1\" content=\"Verfasst von\" \/>\n\t<meta name=\"twitter:data1\" content=\"Robert Hoffmann\" \/>\n\t<meta name=\"twitter:label2\" content=\"Gesch\u00e4tzte Lesezeit\" \/>\n\t<meta name=\"twitter:data2\" content=\"5\u00a0Minuten\" \/>\n<script type=\"application\/ld+json\" class=\"yoast-schema-graph\">{\"@context\":\"https:\\\/\\\/schema.org\",\"@graph\":[{\"@type\":\"Article\",\"@id\":\"https:\\\/\\\/www.strassenweb.de\\\/nachrichten\\\/betrachten-sie-kunst-als-integralen-bestandteil-des-raums-und-nicht-als-nachtraeglichen-gedanken-die-kreativdirektorin-von-devol-gibt-ihre-expertentipps-zur-auswahl-des-per\\\/#article\",\"isPartOf\":{\"@id\":\"https:\\\/\\\/www.strassenweb.de\\\/nachrichten\\\/betrachten-sie-kunst-als-integralen-bestandteil-des-raums-und-nicht-als-nachtraeglichen-gedanken-die-kreativdirektorin-von-devol-gibt-ihre-expertentipps-zur-auswahl-des-per\\\/\"},\"author\":{\"name\":\"Robert Hoffmann\",\"@id\":\"https:\\\/\\\/www.strassenweb.de\\\/nachrichten\\\/#\\\/schema\\\/person\\\/87c9c9067f1211da429a744dc5a5aa41\"},\"headline\":\"\u201eBetrachten Sie Kunst als integralen Bestandteil des Raums und nicht als nachtr\u00e4glichen Gedanken\u201c \u2013 die Kreativdirektorin von deVOL gibt ihre Expertentipps zur Auswahl des perfekten Kunstwerks f\u00fcr Ihre K\u00fcche\",\"datePublished\":\"2024-12-24T02:39:50+00:00\",\"dateModified\":\"2024-12-24T02:39:51+00:00\",\"mainEntityOfPage\":{\"@id\":\"https:\\\/\\\/www.strassenweb.de\\\/nachrichten\\\/betrachten-sie-kunst-als-integralen-bestandteil-des-raums-und-nicht-als-nachtraeglichen-gedanken-die-kreativdirektorin-von-devol-gibt-ihre-expertentipps-zur-auswahl-des-per\\\/\"},\"wordCount\":967,\"publisher\":{\"@id\":\"https:\\\/\\\/www.strassenweb.de\\\/nachrichten\\\/#organization\"},\"image\":{\"@id\":\"https:\\\/\\\/www.strassenweb.de\\\/nachrichten\\\/betrachten-sie-kunst-als-integralen-bestandteil-des-raums-und-nicht-als-nachtraeglichen-gedanken-die-kreativdirektorin-von-devol-gibt-ihre-expertentipps-zur-auswahl-des-per\\\/#primaryimage\"},\"thumbnailUrl\":\"https:\\\/\\\/www.strassenweb.de\\\/nachrichten\\\/wp-content\\\/uploads\\\/2024\\\/12\\\/\u201eBetrachten-Sie-Kunst-als-integralen-Bestandteil-des-Raums-und-nicht.jpg\",\"keywords\":[\"als\",\"Auswahl\",\"Bestandteil\",\"Betrachten\",\"des\",\"deVOL\",\"die\",\"Expertentipps\",\"f\u00fcr\",\"Gedanken\",\"gibt\",\"ihre\",\"integralen\",\"Kreativdirektorin\",\"K\u00fcche\",\"Kunst\",\"Kunstwerks\",\"nachtr\u00e4glichen\",\"nicht\",\"perfekten\",\"Raums\",\"Sie\",\"und\",\"von\",\"zur\"],\"articleSection\":[\"Haus &amp; Garten\"],\"inLanguage\":\"de\"},{\"@type\":\"WebPage\",\"@id\":\"https:\\\/\\\/www.strassenweb.de\\\/nachrichten\\\/betrachten-sie-kunst-als-integralen-bestandteil-des-raums-und-nicht-als-nachtraeglichen-gedanken-die-kreativdirektorin-von-devol-gibt-ihre-expertentipps-zur-auswahl-des-per\\\/\",\"url\":\"https:\\\/\\\/www.strassenweb.de\\\/nachrichten\\\/betrachten-sie-kunst-als-integralen-bestandteil-des-raums-und-nicht-als-nachtraeglichen-gedanken-die-kreativdirektorin-von-devol-gibt-ihre-expertentipps-zur-auswahl-des-per\\\/\",\"name\":\"\u201eBetrachten Sie Kunst als integralen Bestandteil des Raums und nicht als nachtr\u00e4glichen Gedanken\u201c \u2013 die Kreativdirektorin von deVOL gibt ihre Expertentipps zur Auswahl des perfekten Kunstwerks f\u00fcr Ihre K\u00fcche - Nachrichten - Stra\u00dfenweb\",\"isPartOf\":{\"@id\":\"https:\\\/\\\/www.strassenweb.de\\\/nachrichten\\\/#website\"},\"primaryImageOfPage\":{\"@id\":\"https:\\\/\\\/www.strassenweb.de\\\/nachrichten\\\/betrachten-sie-kunst-als-integralen-bestandteil-des-raums-und-nicht-als-nachtraeglichen-gedanken-die-kreativdirektorin-von-devol-gibt-ihre-expertentipps-zur-auswahl-des-per\\\/#primaryimage\"},\"image\":{\"@id\":\"https:\\\/\\\/www.strassenweb.de\\\/nachrichten\\\/betrachten-sie-kunst-als-integralen-bestandteil-des-raums-und-nicht-als-nachtraeglichen-gedanken-die-kreativdirektorin-von-devol-gibt-ihre-expertentipps-zur-auswahl-des-per\\\/#primaryimage\"},\"thumbnailUrl\":\"https:\\\/\\\/www.strassenweb.de\\\/nachrichten\\\/wp-content\\\/uploads\\\/2024\\\/12\\\/\u201eBetrachten-Sie-Kunst-als-integralen-Bestandteil-des-Raums-und-nicht.jpg\",\"datePublished\":\"2024-12-24T02:39:50+00:00\",\"dateModified\":\"2024-12-24T02:39:51+00:00\",\"breadcrumb\":{\"@id\":\"https:\\\/\\\/www.strassenweb.de\\\/nachrichten\\\/betrachten-sie-kunst-als-integralen-bestandteil-des-raums-und-nicht-als-nachtraeglichen-gedanken-die-kreativdirektorin-von-devol-gibt-ihre-expertentipps-zur-auswahl-des-per\\\/#breadcrumb\"},\"inLanguage\":\"de\",\"potentialAction\":[{\"@type\":\"ReadAction\",\"target\":[\"https:\\\/\\\/www.strassenweb.de\\\/nachrichten\\\/betrachten-sie-kunst-als-integralen-bestandteil-des-raums-und-nicht-als-nachtraeglichen-gedanken-die-kreativdirektorin-von-devol-gibt-ihre-expertentipps-zur-auswahl-des-per\\\/\"]}]},{\"@type\":\"ImageObject\",\"inLanguage\":\"de\",\"@id\":\"https:\\\/\\\/www.strassenweb.de\\\/nachrichten\\\/betrachten-sie-kunst-als-integralen-bestandteil-des-raums-und-nicht-als-nachtraeglichen-gedanken-die-kreativdirektorin-von-devol-gibt-ihre-expertentipps-zur-auswahl-des-per\\\/#primaryimage\",\"url\":\"https:\\\/\\\/www.strassenweb.de\\\/nachrichten\\\/wp-content\\\/uploads\\\/2024\\\/12\\\/\u201eBetrachten-Sie-Kunst-als-integralen-Bestandteil-des-Raums-und-nicht.jpg\",\"contentUrl\":\"https:\\\/\\\/www.strassenweb.de\\\/nachrichten\\\/wp-content\\\/uploads\\\/2024\\\/12\\\/\u201eBetrachten-Sie-Kunst-als-integralen-Bestandteil-des-Raums-und-nicht.jpg\",\"width\":1200,\"height\":675,\"caption\":\"\u201eBetrachten Sie Kunst als integralen Bestandteil des Raums und nicht als nachtr\u00e4glichen Gedanken\u201c \u2013 die Kreativdirektorin von deVOL gibt ihre Expertentipps zur Auswahl des perfekten Kunstwerks f\u00fcr Ihre K\u00fcche\"},{\"@type\":\"BreadcrumbList\",\"@id\":\"https:\\\/\\\/www.strassenweb.de\\\/nachrichten\\\/betrachten-sie-kunst-als-integralen-bestandteil-des-raums-und-nicht-als-nachtraeglichen-gedanken-die-kreativdirektorin-von-devol-gibt-ihre-expertentipps-zur-auswahl-des-per\\\/#breadcrumb\",\"itemListElement\":[{\"@type\":\"ListItem\",\"position\":1,\"name\":\"Home\",\"item\":\"https:\\\/\\\/www.strassenweb.de\\\/nachrichten\\\/\"},{\"@type\":\"ListItem\",\"position\":2,\"name\":\"\u201eBetrachten Sie Kunst als integralen Bestandteil des Raums und nicht als nachtr\u00e4glichen Gedanken\u201c \u2013 die Kreativdirektorin von deVOL gibt ihre Expertentipps zur Auswahl des perfekten Kunstwerks f\u00fcr Ihre K\u00fcche\"}]},{\"@type\":\"WebSite\",\"@id\":\"https:\\\/\\\/www.strassenweb.de\\\/nachrichten\\\/#website\",\"url\":\"https:\\\/\\\/www.strassenweb.de\\\/nachrichten\\\/\",\"name\":\"Stra\u00dfenweb\",\"description\":\"Stra\u00dfenverzeichnis f\u00fcr Deutschland\",\"publisher\":{\"@id\":\"https:\\\/\\\/www.strassenweb.de\\\/nachrichten\\\/#organization\"},\"potentialAction\":[{\"@type\":\"SearchAction\",\"target\":{\"@type\":\"EntryPoint\",\"urlTemplate\":\"https:\\\/\\\/www.strassenweb.de\\\/nachrichten\\\/?s={search_term_string}\"},\"query-input\":{\"@type\":\"PropertyValueSpecification\",\"valueRequired\":true,\"valueName\":\"search_term_string\"}}],\"inLanguage\":\"de\"},{\"@type\":\"Organization\",\"@id\":\"https:\\\/\\\/www.strassenweb.de\\\/nachrichten\\\/#organization\",\"name\":\"Stra\u00dfenweb\",\"url\":\"https:\\\/\\\/www.strassenweb.de\\\/nachrichten\\\/\",\"logo\":{\"@type\":\"ImageObject\",\"inLanguage\":\"de\",\"@id\":\"https:\\\/\\\/www.strassenweb.de\\\/nachrichten\\\/#\\\/schema\\\/logo\\\/image\\\/\",\"url\":\"https:\\\/\\\/www.strassenweb.de\\\/nachrichten\\\/wp-content\\\/uploads\\\/2024\\\/09\\\/cropped-favicon.png\",\"contentUrl\":\"https:\\\/\\\/www.strassenweb.de\\\/nachrichten\\\/wp-content\\\/uploads\\\/2024\\\/09\\\/cropped-favicon.png\",\"width\":512,\"height\":512,\"caption\":\"Stra\u00dfenweb\"},\"image\":{\"@id\":\"https:\\\/\\\/www.strassenweb.de\\\/nachrichten\\\/#\\\/schema\\\/logo\\\/image\\\/\"},\"sameAs\":[\"https:\\\/\\\/www.facebook.com\\\/strassenweb\\\/\"]},{\"@type\":\"Person\",\"@id\":\"https:\\\/\\\/www.strassenweb.de\\\/nachrichten\\\/#\\\/schema\\\/person\\\/87c9c9067f1211da429a744dc5a5aa41\",\"name\":\"Robert Hoffmann\",\"image\":{\"@type\":\"ImageObject\",\"inLanguage\":\"de\",\"@id\":\"https:\\\/\\\/www.strassenweb.de\\\/nachrichten\\\/wp-content\\\/uploads\\\/2024\\\/09\\\/strassenweb-150x150.jpg\",\"url\":\"https:\\\/\\\/www.strassenweb.de\\\/nachrichten\\\/wp-content\\\/uploads\\\/2024\\\/09\\\/strassenweb-150x150.jpg\",\"contentUrl\":\"https:\\\/\\\/www.strassenweb.de\\\/nachrichten\\\/wp-content\\\/uploads\\\/2024\\\/09\\\/strassenweb-150x150.jpg\",\"caption\":\"Robert Hoffmann\"},\"description\":\"Ich hei\u00dfe Robert Hoffmann und ich bin ein leidenschaftlicher Verfechter von \u00d6kologie und Biodiversit\u00e4t. Seit meiner Kindheit in den W\u00e4ldern Bayerns f\u00fchle ich mich mit der Natur verbunden und bin entschlossen, sie zu sch\u00fctzen. Heute widme ich mein Leben der Sensibilisierung anderer f\u00fcr die Bedeutung des Umweltschutzes f\u00fcr zuk\u00fcnftige Generationen.\",\"sameAs\":[\"https:\\\/\\\/www.strassenweb.de\\\/\"]}]}<\/script>\n<!-- \/ Yoast SEO plugin. -->","yoast_head_json":{"title":"\u201eBetrachten Sie Kunst als integralen Bestandteil des Raums und nicht als nachtr\u00e4glichen Gedanken\u201c \u2013 die Kreativdirektorin von deVOL gibt ihre Expertentipps zur Auswahl des perfekten Kunstwerks f\u00fcr Ihre K\u00fcche - Nachrichten - Stra\u00dfenweb","robots":{"index":"index","follow":"follow","max-snippet":"max-snippet:-1","max-image-preview":"max-image-preview:large","max-video-preview":"max-video-preview:-1"},"canonical":"https:\/\/www.strassenweb.de\/nachrichten\/betrachten-sie-kunst-als-integralen-bestandteil-des-raums-und-nicht-als-nachtraeglichen-gedanken-die-kreativdirektorin-von-devol-gibt-ihre-expertentipps-zur-auswahl-des-per\/","og_locale":"de_DE","og_type":"article","og_title":"\u201eBetrachten Sie Kunst als integralen Bestandteil des Raums und nicht als nachtr\u00e4glichen Gedanken\u201c \u2013 die Kreativdirektorin von deVOL gibt ihre Expertentipps zur Auswahl des perfekten Kunstwerks f\u00fcr Ihre K\u00fcche - Nachrichten - Stra\u00dfenweb","og_description":"Kunstwerke verleihen einer K\u00fcche Charakter und eine einladende Ausstrahlung, die diesem eher funktionalen Raum oft fehlt. Und die von Ihnen ausgew\u00e4hlten Kunstwerke (und Rahmen) k\u00f6nnen","og_url":"https:\/\/www.strassenweb.de\/nachrichten\/betrachten-sie-kunst-als-integralen-bestandteil-des-raums-und-nicht-als-nachtraeglichen-gedanken-die-kreativdirektorin-von-devol-gibt-ihre-expertentipps-zur-auswahl-des-per\/","og_site_name":"Stra\u00dfenweb","article_publisher":"https:\/\/www.facebook.com\/strassenweb\/","article_published_time":"2024-12-24T02:39:50+00:00","article_modified_time":"2024-12-24T02:39:51+00:00","og_image":[{"width":1200,"height":675,"url":"https:\/\/www.strassenweb.de\/nachrichten\/wp-content\/uploads\/2024\/12\/\u201eBetrachten-Sie-Kunst-als-integralen-Bestandteil-des-Raums-und-nicht.jpg","type":"image\/jpeg"}],"author":"Robert Hoffmann","twitter_card":"summary_large_image","twitter_misc":{"Verfasst von":"Robert Hoffmann","Gesch\u00e4tzte Lesezeit":"5\u00a0Minuten"},"schema":{"@context":"https:\/\/schema.org","@graph":[{"@type":"Article","@id":"https:\/\/www.strassenweb.de\/nachrichten\/betrachten-sie-kunst-als-integralen-bestandteil-des-raums-und-nicht-als-nachtraeglichen-gedanken-die-kreativdirektorin-von-devol-gibt-ihre-expertentipps-zur-auswahl-des-per\/#article","isPartOf":{"@id":"https:\/\/www.strassenweb.de\/nachrichten\/betrachten-sie-kunst-als-integralen-bestandteil-des-raums-und-nicht-als-nachtraeglichen-gedanken-die-kreativdirektorin-von-devol-gibt-ihre-expertentipps-zur-auswahl-des-per\/"},"author":{"name":"Robert Hoffmann","@id":"https:\/\/www.strassenweb.de\/nachrichten\/#\/schema\/person\/87c9c9067f1211da429a744dc5a5aa41"},"headline":"\u201eBetrachten Sie Kunst als integralen Bestandteil des Raums und nicht als nachtr\u00e4glichen Gedanken\u201c \u2013 die Kreativdirektorin von deVOL gibt ihre Expertentipps zur Auswahl des perfekten Kunstwerks f\u00fcr Ihre K\u00fcche","datePublished":"2024-12-24T02:39:50+00:00","dateModified":"2024-12-24T02:39:51+00:00","mainEntityOfPage":{"@id":"https:\/\/www.strassenweb.de\/nachrichten\/betrachten-sie-kunst-als-integralen-bestandteil-des-raums-und-nicht-als-nachtraeglichen-gedanken-die-kreativdirektorin-von-devol-gibt-ihre-expertentipps-zur-auswahl-des-per\/"},"wordCount":967,"publisher":{"@id":"https:\/\/www.strassenweb.de\/nachrichten\/#organization"},"image":{"@id":"https:\/\/www.strassenweb.de\/nachrichten\/betrachten-sie-kunst-als-integralen-bestandteil-des-raums-und-nicht-als-nachtraeglichen-gedanken-die-kreativdirektorin-von-devol-gibt-ihre-expertentipps-zur-auswahl-des-per\/#primaryimage"},"thumbnailUrl":"https:\/\/www.strassenweb.de\/nachrichten\/wp-content\/uploads\/2024\/12\/\u201eBetrachten-Sie-Kunst-als-integralen-Bestandteil-des-Raums-und-nicht.jpg","keywords":["als","Auswahl","Bestandteil","Betrachten","des","deVOL","die","Expertentipps","f\u00fcr","Gedanken","gibt","ihre","integralen","Kreativdirektorin","K\u00fcche","Kunst","Kunstwerks","nachtr\u00e4glichen","nicht","perfekten","Raums","Sie","und","von","zur"],"articleSection":["Haus &amp; Garten"],"inLanguage":"de"},{"@type":"WebPage","@id":"https:\/\/www.strassenweb.de\/nachrichten\/betrachten-sie-kunst-als-integralen-bestandteil-des-raums-und-nicht-als-nachtraeglichen-gedanken-die-kreativdirektorin-von-devol-gibt-ihre-expertentipps-zur-auswahl-des-per\/","url":"https:\/\/www.strassenweb.de\/nachrichten\/betrachten-sie-kunst-als-integralen-bestandteil-des-raums-und-nicht-als-nachtraeglichen-gedanken-die-kreativdirektorin-von-devol-gibt-ihre-expertentipps-zur-auswahl-des-per\/","name":"\u201eBetrachten Sie Kunst als integralen Bestandteil des Raums und nicht als nachtr\u00e4glichen Gedanken\u201c \u2013 die Kreativdirektorin von deVOL gibt ihre Expertentipps zur Auswahl des perfekten Kunstwerks f\u00fcr Ihre K\u00fcche - Nachrichten - Stra\u00dfenweb","isPartOf":{"@id":"https:\/\/www.strassenweb.de\/nachrichten\/#website"},"primaryImageOfPage":{"@id":"https:\/\/www.strassenweb.de\/nachrichten\/betrachten-sie-kunst-als-integralen-bestandteil-des-raums-und-nicht-als-nachtraeglichen-gedanken-die-kreativdirektorin-von-devol-gibt-ihre-expertentipps-zur-auswahl-des-per\/#primaryimage"},"image":{"@id":"https:\/\/www.strassenweb.de\/nachrichten\/betrachten-sie-kunst-als-integralen-bestandteil-des-raums-und-nicht-als-nachtraeglichen-gedanken-die-kreativdirektorin-von-devol-gibt-ihre-expertentipps-zur-auswahl-des-per\/#primaryimage"},"thumbnailUrl":"https:\/\/www.strassenweb.de\/nachrichten\/wp-content\/uploads\/2024\/12\/\u201eBetrachten-Sie-Kunst-als-integralen-Bestandteil-des-Raums-und-nicht.jpg","datePublished":"2024-12-24T02:39:50+00:00","dateModified":"2024-12-24T02:39:51+00:00","breadcrumb":{"@id":"https:\/\/www.strassenweb.de\/nachrichten\/betrachten-sie-kunst-als-integralen-bestandteil-des-raums-und-nicht-als-nachtraeglichen-gedanken-die-kreativdirektorin-von-devol-gibt-ihre-expertentipps-zur-auswahl-des-per\/#breadcrumb"},"inLanguage":"de","potentialAction":[{"@type":"ReadAction","target":["https:\/\/www.strassenweb.de\/nachrichten\/betrachten-sie-kunst-als-integralen-bestandteil-des-raums-und-nicht-als-nachtraeglichen-gedanken-die-kreativdirektorin-von-devol-gibt-ihre-expertentipps-zur-auswahl-des-per\/"]}]},{"@type":"ImageObject","inLanguage":"de","@id":"https:\/\/www.strassenweb.de\/nachrichten\/betrachten-sie-kunst-als-integralen-bestandteil-des-raums-und-nicht-als-nachtraeglichen-gedanken-die-kreativdirektorin-von-devol-gibt-ihre-expertentipps-zur-auswahl-des-per\/#primaryimage","url":"https:\/\/www.strassenweb.de\/nachrichten\/wp-content\/uploads\/2024\/12\/\u201eBetrachten-Sie-Kunst-als-integralen-Bestandteil-des-Raums-und-nicht.jpg","contentUrl":"https:\/\/www.strassenweb.de\/nachrichten\/wp-content\/uploads\/2024\/12\/\u201eBetrachten-Sie-Kunst-als-integralen-Bestandteil-des-Raums-und-nicht.jpg","width":1200,"height":675,"caption":"\u201eBetrachten Sie Kunst als integralen Bestandteil des Raums und nicht als nachtr\u00e4glichen Gedanken\u201c \u2013 die Kreativdirektorin von deVOL gibt ihre Expertentipps zur Auswahl des perfekten Kunstwerks f\u00fcr Ihre K\u00fcche"},{"@type":"BreadcrumbList","@id":"https:\/\/www.strassenweb.de\/nachrichten\/betrachten-sie-kunst-als-integralen-bestandteil-des-raums-und-nicht-als-nachtraeglichen-gedanken-die-kreativdirektorin-von-devol-gibt-ihre-expertentipps-zur-auswahl-des-per\/#breadcrumb","itemListElement":[{"@type":"ListItem","position":1,"name":"Home","item":"https:\/\/www.strassenweb.de\/nachrichten\/"},{"@type":"ListItem","position":2,"name":"\u201eBetrachten Sie Kunst als integralen Bestandteil des Raums und nicht als nachtr\u00e4glichen Gedanken\u201c \u2013 die Kreativdirektorin von deVOL gibt ihre Expertentipps zur Auswahl des perfekten Kunstwerks f\u00fcr Ihre K\u00fcche"}]},{"@type":"WebSite","@id":"https:\/\/www.strassenweb.de\/nachrichten\/#website","url":"https:\/\/www.strassenweb.de\/nachrichten\/","name":"Stra\u00dfenweb","description":"Stra\u00dfenverzeichnis f\u00fcr Deutschland","publisher":{"@id":"https:\/\/www.strassenweb.de\/nachrichten\/#organization"},"potentialAction":[{"@type":"SearchAction","target":{"@type":"EntryPoint","urlTemplate":"https:\/\/www.strassenweb.de\/nachrichten\/?s={search_term_string}"},"query-input":{"@type":"PropertyValueSpecification","valueRequired":true,"valueName":"search_term_string"}}],"inLanguage":"de"},{"@type":"Organization","@id":"https:\/\/www.strassenweb.de\/nachrichten\/#organization","name":"Stra\u00dfenweb","url":"https:\/\/www.strassenweb.de\/nachrichten\/","logo":{"@type":"ImageObject","inLanguage":"de","@id":"https:\/\/www.strassenweb.de\/nachrichten\/#\/schema\/logo\/image\/","url":"https:\/\/www.strassenweb.de\/nachrichten\/wp-content\/uploads\/2024\/09\/cropped-favicon.png","contentUrl":"https:\/\/www.strassenweb.de\/nachrichten\/wp-content\/uploads\/2024\/09\/cropped-favicon.png","width":512,"height":512,"caption":"Stra\u00dfenweb"},"image":{"@id":"https:\/\/www.strassenweb.de\/nachrichten\/#\/schema\/logo\/image\/"},"sameAs":["https:\/\/www.facebook.com\/strassenweb\/"]},{"@type":"Person","@id":"https:\/\/www.strassenweb.de\/nachrichten\/#\/schema\/person\/87c9c9067f1211da429a744dc5a5aa41","name":"Robert Hoffmann","image":{"@type":"ImageObject","inLanguage":"de","@id":"https:\/\/www.strassenweb.de\/nachrichten\/wp-content\/uploads\/2024\/09\/strassenweb-150x150.jpg","url":"https:\/\/www.strassenweb.de\/nachrichten\/wp-content\/uploads\/2024\/09\/strassenweb-150x150.jpg","contentUrl":"https:\/\/www.strassenweb.de\/nachrichten\/wp-content\/uploads\/2024\/09\/strassenweb-150x150.jpg","caption":"Robert Hoffmann"},"description":"Ich hei\u00dfe Robert Hoffmann und ich bin ein leidenschaftlicher Verfechter von \u00d6kologie und Biodiversit\u00e4t. Seit meiner Kindheit in den W\u00e4ldern Bayerns f\u00fchle ich mich mit der Natur verbunden und bin entschlossen, sie zu sch\u00fctzen. Heute widme ich mein Leben der Sensibilisierung anderer f\u00fcr die Bedeutung des Umweltschutzes f\u00fcr zuk\u00fcnftige Generationen.","sameAs":["https:\/\/www.strassenweb.de\/"]}]}},"_links":{"self":[{"href":"https:\/\/www.strassenweb.de\/nachrichten\/wp-json\/wp\/v2\/posts\/2313","targetHints":{"allow":["GET"]}}],"collection":[{"href":"https:\/\/www.strassenweb.de\/nachrichten\/wp-json\/wp\/v2\/posts"}],"about":[{"href":"https:\/\/www.strassenweb.de\/nachrichten\/wp-json\/wp\/v2\/types\/post"}],"author":[{"embeddable":true,"href":"https:\/\/www.strassenweb.de\/nachrichten\/wp-json\/wp\/v2\/users\/1"}],"replies":[{"embeddable":true,"href":"https:\/\/www.strassenweb.de\/nachrichten\/wp-json\/wp\/v2\/comments?post=2313"}],"version-history":[{"count":0,"href":"https:\/\/www.strassenweb.de\/nachrichten\/wp-json\/wp\/v2\/posts\/2313\/revisions"}],"wp:featuredmedia":[{"embeddable":true,"href":"https:\/\/www.strassenweb.de\/nachrichten\/wp-json\/wp\/v2\/media\/2314"}],"wp:attachment":[{"href":"https:\/\/www.strassenweb.de\/nachrichten\/wp-json\/wp\/v2\/media?parent=2313"}],"wp:term":[{"taxonomy":"category","embeddable":true,"href":"https:\/\/www.strassenweb.de\/nachrichten\/wp-json\/wp\/v2\/categories?post=2313"},{"taxonomy":"post_tag","embeddable":true,"href":"https:\/\/www.strassenweb.de\/nachrichten\/wp-json\/wp\/v2\/tags?post=2313"}],"curies":[{"name":"wp","href":"https:\/\/api.w.org\/{rel}","templated":true}]}}