{"id":2289,"date":"2024-12-22T19:47:12","date_gmt":"2024-12-22T18:47:12","guid":{"rendered":"https:\/\/www.strassenweb.de\/nachrichten\/gwyneth-paltrows-fruehstuecksecke-nutzt-den-ungenutzten-raum-in-der-kueche-geschickt-aus-es-ist-ein-effizienter-ort-an-dem-der-morgen-beginnt\/"},"modified":"2024-12-22T19:47:13","modified_gmt":"2024-12-22T18:47:13","slug":"gwyneth-paltrows-fruehstuecksecke-nutzt-den-ungenutzten-raum-in-der-kueche-geschickt-aus-es-ist-ein-effizienter-ort-an-dem-der-morgen-beginnt","status":"publish","type":"post","link":"https:\/\/www.strassenweb.de\/nachrichten\/gwyneth-paltrows-fruehstuecksecke-nutzt-den-ungenutzten-raum-in-der-kueche-geschickt-aus-es-ist-ein-effizienter-ort-an-dem-der-morgen-beginnt\/","title":{"rendered":"Gwyneth Paltrows Fr\u00fchst\u00fccksecke nutzt den ungenutzten Raum in der K\u00fcche geschickt aus \u2013 es ist ein effizienter Ort, an dem der Morgen beginnt"},"content":{"rendered":"<p><\/p>\n<div id=\"article-body\" class=\"article__body \">\n<p>Gwyneth Paltrows Gesp\u00fcr f\u00fcr Design verk\u00f6rpert ruhigen Luxus, wobei klare Linien und schlanke Silhouetten ihre Innenr\u00e4ume dominieren. Ihre Fr\u00fchst\u00fccksecke folgt diesem Beispiel und wir sind begeistert.<\/p>\n<div id=\"ad-unit-1\" class=\"ad-unit\"><\/div>\n<p>In einem Clip, der k\u00fcrzlich auf ihrer Instagram-Seite geteilt wurde, k\u00f6nnen wir sehen, dass Paltrows ger\u00e4umige Fr\u00fchst\u00fccksecke mit einem langen Esstisch aus Holz, einer Mischung aus Sitzb\u00e4nken und einzelnen St\u00fchlen sowie einer eleganten Beleuchtung ausgestattet ist, die den Raum neben dem gro\u00dfen, vom Boden bis zum Boden reichenden Raum beleuchtet. Deckenfenster.<\/p>\n<aside class=\"hawk-nest\" data-block-type=\"embed\" data-render-type=\"fte\" data-skip=\"dealsy\" data-widget-type=\"seasonal\">\n<div class=\"hawk-master-widget-hawk-base-wrapper\"><\/div>\n<\/aside>\n<p>Die Mischung aus nat\u00fcrlichen, rustikalen Elementen und k\u00fchlen Glas- und Metallmaterialien ist modern rustikal vom Feinsten. Dar\u00fcber hinaus nutzt der gro\u00dfe Tisch den sonst m\u00f6glicherweise ungenutzten Platz in einer gro\u00dfen K\u00fcche hervorragend aus.<\/p>\n<div id=\"desktop-in-article\" class=\"in-article ad-unit\">\n<div id=\"desktop-taboola-mid-article\"><\/div>\n<\/div>\n<div id=\"mobile-in-article\" class=\"in-article ad-unit\">\n<div id=\"mobile-taboola-mid-article\"><\/div>\n<\/div>\n<div class=\"instagram-embed\">\n<blockquote class=\"instagram-media\" data-instgrm-captioned data-instgrm-version=\"6\" style=\"width:99.375%; width:-webkit-calc(100% - 2px); width:calc(100% - 2px);\">\n<p>Ein von Gwyneth Paltrow (@gwynethpaltrow) geteilter Beitrag<\/p>\n<p>Ein Foto gepostet von am <\/p>\n<\/blockquote>\n<\/div>\n<p>Wenn es um Ideen f\u00fcr eine Wohnk\u00fcche geht, sagen Experten, dass viele Faktoren im Hinblick auf die Raumaufteilung und die Bewohner im Auge zu behalten sind.<\/p>\n<div class=\"van_vid_carousel\">\n<div class=\"van_vid_carousel__padding\">\n<div class=\"van_vid_carousel__container\"><\/div>\n<\/div>\n<\/div>\n<p>\u201e\u00dcberlegen Sie zun\u00e4chst, wie Sie Ihre K\u00fcche nutzen werden\u201c, sagt Richard Davonport, Gesch\u00e4ftsf\u00fchrer von Davonport. \u201eIst es der Ort, an dem Sie alle Ihre Mahlzeiten einnehmen \u2013 auch die Bewirtung \u2013 oder nur das Fr\u00fchst\u00fcck? Ist es Teil eines offenen Wohnbereichs \u2013 muss das Design mit vorhandenen M\u00f6beln oder Polsterm\u00f6beln harmonieren? Soll es ein Ort sein, an dem sich Freunde bei einem entspannten Kaffee oder einem Aperitif treffen (wenn letzteres der Fall ist, sollten Sie vielleicht \u00fcber einen Getr\u00e4nkeschrank nachdenken)? All diese \u00dcberlegungen \u2013 zusammen mit dem Platz, der Ihnen zur Verf\u00fcgung steht \u2013 werden einen Unterschied bei der Art der Sitzgelegenheiten machen, f\u00fcr die Sie sich entscheiden.\u201c<\/p>\n<div id=\"ad-unit-2\" class=\"ad-unit\"><\/div>\n<p>Davonport sagt, dass eine Fr\u00fchst\u00fccksecke wie die von Paltrow eine wunderbare Wahl f\u00fcr gro\u00dfe Gruppen ist und ausreichend Platz zum Beisammensein bietet.<\/p>\n<p>\u201eIn vielen H\u00e4usern ist die K\u00fcche das Herzst\u00fcck des Zuhauses \u2013 hier beginnen Familien den Tag und setzen sich zum Fr\u00fchst\u00fcck hin, bevor sie zur Schule oder zur Arbeit gehen\u201c, erkl\u00e4rt Davonport. \u201eEine Fr\u00fchst\u00fccksecke mit B\u00e4nken oder Hockern \u2013 vielleicht neben einer Fr\u00fchst\u00fccksstation \u2013 ist eine gro\u00dfartige M\u00f6glichkeit, gesch\u00e4ftige Morgen effizienter zu gestalten.\u201c Ideal, wenn Sie keinen Platz f\u00fcr einen Tisch mit St\u00fchlen haben \u2013 Hocker und B\u00e4nke k\u00f6nnen bei Nichtgebrauch ordentlich unter den Tisch geschoben werden. Dies kann auch ein toller Ort f\u00fcr Hausaufgaben sein \u2013 und wenn es um Snacks nach der Schule geht, lohnt es sich, darauf zu achten, dass diese Sitzgelegenheiten leicht sauber zu halten sind.\u201c<\/p>\n<div id=\"slice-container-newsletterForm-articleInbodyContent-RqbHPjnVd47yR3DpEEUz3U\" class=\"slice-container newsletter-inbodyContent-slice newsletterForm-articleInbodyContent-RqbHPjnVd47yR3DpEEUz3U slice-container-newsletterForm\"><\/div>\n<p>Wenn es um Sitzgelegenheiten geht, empfiehlt Davonport, St\u00fchle und B\u00e4nke auf den Tisch abzustimmen, um ein einheitliches Erscheinungsbild zu erzielen.<\/p>\n<p>\u201eGanz gleich, ob Sie eine ger\u00e4umige Wohnk\u00fcche haben oder Ihre K\u00fcche in Ihren offenen Wohnbereich \u00fcbergeht, vielleicht m\u00f6chten Sie Esszimmerm\u00f6bel w\u00e4hlen, die Ihre handgefertigte K\u00fcche erg\u00e4nzen\u201c, erkl\u00e4rt er. \u201eDas k\u00f6nnen Esszimmerst\u00fchle aus dem gleichen Holz wie Ihre K\u00fcche, eine passende Lackierung oder ein kontrastierender Look sein.\u201c Denken Sie dar\u00fcber nach, das Design Ihres Esszimmerstuhls mit den Hockern auf der Insel zu verkn\u00fcpfen \u2013 oder den gleichen Stoff- oder Lederbezug f\u00fcr Ihren Fensterplatz zu verwenden. \u201eWenn Sie Ihren Look mit ein paar sorgf\u00e4ltig ausgew\u00e4hlten Details erg\u00e4nzen, wird Ihre K\u00fcche ein durchdachtes Erscheinungsbild und eine durchdachte Atmosph\u00e4re erhalten.\u201c<\/p>\n<div class=\"product-container hero-product-container product-block-no-wrap\"><\/div>\n<p>F\u00fcr einen etwas eklektischeren Look empfehlen wir die Kombination von St\u00fchlen und B\u00e4nken oder ein v\u00f6llig einheitliches Stuhlset f\u00fcr ein traditionelles Erscheinungsbild.<\/p>\n<hr>\n<\/div>\n<p><script async src=\"\/\/www.instagram.com\/embed.js\"><\/script><\/p>\n","protected":false},"excerpt":{"rendered":"<p>Gwyneth Paltrows Gesp\u00fcr f\u00fcr Design verk\u00f6rpert ruhigen Luxus, wobei klare Linien und schlanke Silhouetten ihre Innenr\u00e4ume dominieren. Ihre Fr\u00fchst\u00fccksecke folgt diesem Beispiel und wir sind<\/p>\n","protected":false},"author":1,"featured_media":2290,"comment_status":"closed","ping_status":"","sticky":false,"template":"","format":"standard","meta":{"footnotes":""},"categories":[118],"tags":[287,3916,91,78,81,3915,43,3912,3914,3910,15,468,1097,621,3903,3911,182,3913],"class_list":["post-2289","post","type-post","status-publish","format-standard","has-post-thumbnail","hentry","category-haus-garten","tag-aus","tag-beginnt","tag-dem","tag-den","tag-der","tag-effizienter","tag-ein","tag-fruehstuecksecke","tag-geschickt","tag-gwyneth","tag-ist","tag-kueche","tag-morgen","tag-nutzt","tag-ort","tag-paltrows","tag-raum","tag-ungenutzten","generate-columns","tablet-grid-50","mobile-grid-100","grid-parent","grid-50"],"yoast_head":"<!-- This site is optimized with the Yoast SEO plugin v27.3 - https:\/\/yoast.com\/product\/yoast-seo-wordpress\/ -->\n<title>Gwyneth Paltrows Fr\u00fchst\u00fccksecke nutzt den ungenutzten Raum in der K\u00fcche geschickt aus \u2013 es ist ein effizienter Ort, an dem der Morgen beginnt - Nachrichten - Stra\u00dfenweb<\/title>\n<meta name=\"robots\" content=\"index, follow, max-snippet:-1, max-image-preview:large, max-video-preview:-1\" \/>\n<link rel=\"canonical\" href=\"https:\/\/www.strassenweb.de\/nachrichten\/gwyneth-paltrows-fruehstuecksecke-nutzt-den-ungenutzten-raum-in-der-kueche-geschickt-aus-es-ist-ein-effizienter-ort-an-dem-der-morgen-beginnt\/\" \/>\n<meta property=\"og:locale\" content=\"de_DE\" \/>\n<meta property=\"og:type\" content=\"article\" \/>\n<meta property=\"og:title\" content=\"Gwyneth Paltrows Fr\u00fchst\u00fccksecke nutzt den ungenutzten Raum in der K\u00fcche geschickt aus \u2013 es ist ein effizienter Ort, an dem der Morgen beginnt - Nachrichten - Stra\u00dfenweb\" \/>\n<meta property=\"og:description\" content=\"Gwyneth Paltrows Gesp\u00fcr f\u00fcr Design verk\u00f6rpert ruhigen Luxus, wobei klare Linien und schlanke Silhouetten ihre Innenr\u00e4ume dominieren. Ihre Fr\u00fchst\u00fccksecke folgt diesem Beispiel und wir sind\" \/>\n<meta property=\"og:url\" content=\"https:\/\/www.strassenweb.de\/nachrichten\/gwyneth-paltrows-fruehstuecksecke-nutzt-den-ungenutzten-raum-in-der-kueche-geschickt-aus-es-ist-ein-effizienter-ort-an-dem-der-morgen-beginnt\/\" \/>\n<meta property=\"og:site_name\" content=\"Stra\u00dfenweb\" \/>\n<meta property=\"article:publisher\" content=\"https:\/\/www.facebook.com\/strassenweb\/\" \/>\n<meta property=\"article:published_time\" content=\"2024-12-22T18:47:12+00:00\" \/>\n<meta property=\"article:modified_time\" content=\"2024-12-22T18:47:13+00:00\" \/>\n<meta property=\"og:image\" content=\"https:\/\/www.strassenweb.de\/nachrichten\/wp-content\/uploads\/2024\/12\/Gwyneth-Paltrows-Fruehstuecksecke-nutzt-den-ungenutzten-Raum-in-der-Kueche.jpg\" \/>\n\t<meta property=\"og:image:width\" content=\"1200\" \/>\n\t<meta property=\"og:image:height\" content=\"675\" \/>\n\t<meta property=\"og:image:type\" content=\"image\/jpeg\" \/>\n<meta name=\"author\" content=\"Robert Hoffmann\" \/>\n<meta name=\"twitter:card\" content=\"summary_large_image\" \/>\n<meta name=\"twitter:label1\" content=\"Verfasst von\" \/>\n\t<meta name=\"twitter:data1\" content=\"Robert Hoffmann\" \/>\n\t<meta name=\"twitter:label2\" content=\"Gesch\u00e4tzte Lesezeit\" \/>\n\t<meta name=\"twitter:data2\" content=\"3\u00a0Minuten\" \/>\n<script type=\"application\/ld+json\" class=\"yoast-schema-graph\">{\"@context\":\"https:\\\/\\\/schema.org\",\"@graph\":[{\"@type\":\"Article\",\"@id\":\"https:\\\/\\\/www.strassenweb.de\\\/nachrichten\\\/gwyneth-paltrows-fruehstuecksecke-nutzt-den-ungenutzten-raum-in-der-kueche-geschickt-aus-es-ist-ein-effizienter-ort-an-dem-der-morgen-beginnt\\\/#article\",\"isPartOf\":{\"@id\":\"https:\\\/\\\/www.strassenweb.de\\\/nachrichten\\\/gwyneth-paltrows-fruehstuecksecke-nutzt-den-ungenutzten-raum-in-der-kueche-geschickt-aus-es-ist-ein-effizienter-ort-an-dem-der-morgen-beginnt\\\/\"},\"author\":{\"name\":\"Robert Hoffmann\",\"@id\":\"https:\\\/\\\/www.strassenweb.de\\\/nachrichten\\\/#\\\/schema\\\/person\\\/87c9c9067f1211da429a744dc5a5aa41\"},\"headline\":\"Gwyneth Paltrows Fr\u00fchst\u00fccksecke nutzt den ungenutzten Raum in der K\u00fcche geschickt aus \u2013 es ist ein effizienter Ort, an dem der Morgen beginnt\",\"datePublished\":\"2024-12-22T18:47:12+00:00\",\"dateModified\":\"2024-12-22T18:47:13+00:00\",\"mainEntityOfPage\":{\"@id\":\"https:\\\/\\\/www.strassenweb.de\\\/nachrichten\\\/gwyneth-paltrows-fruehstuecksecke-nutzt-den-ungenutzten-raum-in-der-kueche-geschickt-aus-es-ist-ein-effizienter-ort-an-dem-der-morgen-beginnt\\\/\"},\"wordCount\":624,\"publisher\":{\"@id\":\"https:\\\/\\\/www.strassenweb.de\\\/nachrichten\\\/#organization\"},\"image\":{\"@id\":\"https:\\\/\\\/www.strassenweb.de\\\/nachrichten\\\/gwyneth-paltrows-fruehstuecksecke-nutzt-den-ungenutzten-raum-in-der-kueche-geschickt-aus-es-ist-ein-effizienter-ort-an-dem-der-morgen-beginnt\\\/#primaryimage\"},\"thumbnailUrl\":\"https:\\\/\\\/www.strassenweb.de\\\/nachrichten\\\/wp-content\\\/uploads\\\/2024\\\/12\\\/Gwyneth-Paltrows-Fruehstuecksecke-nutzt-den-ungenutzten-Raum-in-der-Kueche.jpg\",\"keywords\":[\"aus\",\"beginnt\",\"dem\",\"den\",\"der\",\"effizienter\",\"ein\",\"Fr\u00fchst\u00fccksecke\",\"geschickt\",\"Gwyneth\",\"ist\",\"K\u00fcche\",\"Morgen\",\"nutzt\",\"Ort\",\"Paltrows\",\"Raum\",\"ungenutzten\"],\"articleSection\":[\"Haus &amp; Garten\"],\"inLanguage\":\"de\"},{\"@type\":\"WebPage\",\"@id\":\"https:\\\/\\\/www.strassenweb.de\\\/nachrichten\\\/gwyneth-paltrows-fruehstuecksecke-nutzt-den-ungenutzten-raum-in-der-kueche-geschickt-aus-es-ist-ein-effizienter-ort-an-dem-der-morgen-beginnt\\\/\",\"url\":\"https:\\\/\\\/www.strassenweb.de\\\/nachrichten\\\/gwyneth-paltrows-fruehstuecksecke-nutzt-den-ungenutzten-raum-in-der-kueche-geschickt-aus-es-ist-ein-effizienter-ort-an-dem-der-morgen-beginnt\\\/\",\"name\":\"Gwyneth Paltrows Fr\u00fchst\u00fccksecke nutzt den ungenutzten Raum in der K\u00fcche geschickt aus \u2013 es ist ein effizienter Ort, an dem der Morgen beginnt - Nachrichten - Stra\u00dfenweb\",\"isPartOf\":{\"@id\":\"https:\\\/\\\/www.strassenweb.de\\\/nachrichten\\\/#website\"},\"primaryImageOfPage\":{\"@id\":\"https:\\\/\\\/www.strassenweb.de\\\/nachrichten\\\/gwyneth-paltrows-fruehstuecksecke-nutzt-den-ungenutzten-raum-in-der-kueche-geschickt-aus-es-ist-ein-effizienter-ort-an-dem-der-morgen-beginnt\\\/#primaryimage\"},\"image\":{\"@id\":\"https:\\\/\\\/www.strassenweb.de\\\/nachrichten\\\/gwyneth-paltrows-fruehstuecksecke-nutzt-den-ungenutzten-raum-in-der-kueche-geschickt-aus-es-ist-ein-effizienter-ort-an-dem-der-morgen-beginnt\\\/#primaryimage\"},\"thumbnailUrl\":\"https:\\\/\\\/www.strassenweb.de\\\/nachrichten\\\/wp-content\\\/uploads\\\/2024\\\/12\\\/Gwyneth-Paltrows-Fruehstuecksecke-nutzt-den-ungenutzten-Raum-in-der-Kueche.jpg\",\"datePublished\":\"2024-12-22T18:47:12+00:00\",\"dateModified\":\"2024-12-22T18:47:13+00:00\",\"breadcrumb\":{\"@id\":\"https:\\\/\\\/www.strassenweb.de\\\/nachrichten\\\/gwyneth-paltrows-fruehstuecksecke-nutzt-den-ungenutzten-raum-in-der-kueche-geschickt-aus-es-ist-ein-effizienter-ort-an-dem-der-morgen-beginnt\\\/#breadcrumb\"},\"inLanguage\":\"de\",\"potentialAction\":[{\"@type\":\"ReadAction\",\"target\":[\"https:\\\/\\\/www.strassenweb.de\\\/nachrichten\\\/gwyneth-paltrows-fruehstuecksecke-nutzt-den-ungenutzten-raum-in-der-kueche-geschickt-aus-es-ist-ein-effizienter-ort-an-dem-der-morgen-beginnt\\\/\"]}]},{\"@type\":\"ImageObject\",\"inLanguage\":\"de\",\"@id\":\"https:\\\/\\\/www.strassenweb.de\\\/nachrichten\\\/gwyneth-paltrows-fruehstuecksecke-nutzt-den-ungenutzten-raum-in-der-kueche-geschickt-aus-es-ist-ein-effizienter-ort-an-dem-der-morgen-beginnt\\\/#primaryimage\",\"url\":\"https:\\\/\\\/www.strassenweb.de\\\/nachrichten\\\/wp-content\\\/uploads\\\/2024\\\/12\\\/Gwyneth-Paltrows-Fruehstuecksecke-nutzt-den-ungenutzten-Raum-in-der-Kueche.jpg\",\"contentUrl\":\"https:\\\/\\\/www.strassenweb.de\\\/nachrichten\\\/wp-content\\\/uploads\\\/2024\\\/12\\\/Gwyneth-Paltrows-Fruehstuecksecke-nutzt-den-ungenutzten-Raum-in-der-Kueche.jpg\",\"width\":1200,\"height\":675,\"caption\":\"Gwyneth Paltrows Fr\u00fchst\u00fccksecke nutzt den ungenutzten Raum in der K\u00fcche geschickt aus \u2013 es ist ein effizienter Ort, an dem der Morgen beginnt\"},{\"@type\":\"BreadcrumbList\",\"@id\":\"https:\\\/\\\/www.strassenweb.de\\\/nachrichten\\\/gwyneth-paltrows-fruehstuecksecke-nutzt-den-ungenutzten-raum-in-der-kueche-geschickt-aus-es-ist-ein-effizienter-ort-an-dem-der-morgen-beginnt\\\/#breadcrumb\",\"itemListElement\":[{\"@type\":\"ListItem\",\"position\":1,\"name\":\"Home\",\"item\":\"https:\\\/\\\/www.strassenweb.de\\\/nachrichten\\\/\"},{\"@type\":\"ListItem\",\"position\":2,\"name\":\"Gwyneth Paltrows Fr\u00fchst\u00fccksecke nutzt den ungenutzten Raum in der K\u00fcche geschickt aus \u2013 es ist ein effizienter Ort, an dem der Morgen beginnt\"}]},{\"@type\":\"WebSite\",\"@id\":\"https:\\\/\\\/www.strassenweb.de\\\/nachrichten\\\/#website\",\"url\":\"https:\\\/\\\/www.strassenweb.de\\\/nachrichten\\\/\",\"name\":\"Stra\u00dfenweb\",\"description\":\"Stra\u00dfenverzeichnis f\u00fcr Deutschland\",\"publisher\":{\"@id\":\"https:\\\/\\\/www.strassenweb.de\\\/nachrichten\\\/#organization\"},\"potentialAction\":[{\"@type\":\"SearchAction\",\"target\":{\"@type\":\"EntryPoint\",\"urlTemplate\":\"https:\\\/\\\/www.strassenweb.de\\\/nachrichten\\\/?s={search_term_string}\"},\"query-input\":{\"@type\":\"PropertyValueSpecification\",\"valueRequired\":true,\"valueName\":\"search_term_string\"}}],\"inLanguage\":\"de\"},{\"@type\":\"Organization\",\"@id\":\"https:\\\/\\\/www.strassenweb.de\\\/nachrichten\\\/#organization\",\"name\":\"Stra\u00dfenweb\",\"url\":\"https:\\\/\\\/www.strassenweb.de\\\/nachrichten\\\/\",\"logo\":{\"@type\":\"ImageObject\",\"inLanguage\":\"de\",\"@id\":\"https:\\\/\\\/www.strassenweb.de\\\/nachrichten\\\/#\\\/schema\\\/logo\\\/image\\\/\",\"url\":\"https:\\\/\\\/www.strassenweb.de\\\/nachrichten\\\/wp-content\\\/uploads\\\/2024\\\/09\\\/cropped-favicon.png\",\"contentUrl\":\"https:\\\/\\\/www.strassenweb.de\\\/nachrichten\\\/wp-content\\\/uploads\\\/2024\\\/09\\\/cropped-favicon.png\",\"width\":512,\"height\":512,\"caption\":\"Stra\u00dfenweb\"},\"image\":{\"@id\":\"https:\\\/\\\/www.strassenweb.de\\\/nachrichten\\\/#\\\/schema\\\/logo\\\/image\\\/\"},\"sameAs\":[\"https:\\\/\\\/www.facebook.com\\\/strassenweb\\\/\"]},{\"@type\":\"Person\",\"@id\":\"https:\\\/\\\/www.strassenweb.de\\\/nachrichten\\\/#\\\/schema\\\/person\\\/87c9c9067f1211da429a744dc5a5aa41\",\"name\":\"Robert Hoffmann\",\"image\":{\"@type\":\"ImageObject\",\"inLanguage\":\"de\",\"@id\":\"https:\\\/\\\/www.strassenweb.de\\\/nachrichten\\\/wp-content\\\/uploads\\\/2024\\\/09\\\/strassenweb-150x150.jpg\",\"url\":\"https:\\\/\\\/www.strassenweb.de\\\/nachrichten\\\/wp-content\\\/uploads\\\/2024\\\/09\\\/strassenweb-150x150.jpg\",\"contentUrl\":\"https:\\\/\\\/www.strassenweb.de\\\/nachrichten\\\/wp-content\\\/uploads\\\/2024\\\/09\\\/strassenweb-150x150.jpg\",\"caption\":\"Robert Hoffmann\"},\"description\":\"Ich hei\u00dfe Robert Hoffmann und ich bin ein leidenschaftlicher Verfechter von \u00d6kologie und Biodiversit\u00e4t. Seit meiner Kindheit in den W\u00e4ldern Bayerns f\u00fchle ich mich mit der Natur verbunden und bin entschlossen, sie zu sch\u00fctzen. Heute widme ich mein Leben der Sensibilisierung anderer f\u00fcr die Bedeutung des Umweltschutzes f\u00fcr zuk\u00fcnftige Generationen.\",\"sameAs\":[\"https:\\\/\\\/www.strassenweb.de\\\/\"]}]}<\/script>\n<!-- \/ Yoast SEO plugin. -->","yoast_head_json":{"title":"Gwyneth Paltrows Fr\u00fchst\u00fccksecke nutzt den ungenutzten Raum in der K\u00fcche geschickt aus \u2013 es ist ein effizienter Ort, an dem der Morgen beginnt - Nachrichten - Stra\u00dfenweb","robots":{"index":"index","follow":"follow","max-snippet":"max-snippet:-1","max-image-preview":"max-image-preview:large","max-video-preview":"max-video-preview:-1"},"canonical":"https:\/\/www.strassenweb.de\/nachrichten\/gwyneth-paltrows-fruehstuecksecke-nutzt-den-ungenutzten-raum-in-der-kueche-geschickt-aus-es-ist-ein-effizienter-ort-an-dem-der-morgen-beginnt\/","og_locale":"de_DE","og_type":"article","og_title":"Gwyneth Paltrows Fr\u00fchst\u00fccksecke nutzt den ungenutzten Raum in der K\u00fcche geschickt aus \u2013 es ist ein effizienter Ort, an dem der Morgen beginnt - Nachrichten - Stra\u00dfenweb","og_description":"Gwyneth Paltrows Gesp\u00fcr f\u00fcr Design verk\u00f6rpert ruhigen Luxus, wobei klare Linien und schlanke Silhouetten ihre Innenr\u00e4ume dominieren. Ihre Fr\u00fchst\u00fccksecke folgt diesem Beispiel und wir sind","og_url":"https:\/\/www.strassenweb.de\/nachrichten\/gwyneth-paltrows-fruehstuecksecke-nutzt-den-ungenutzten-raum-in-der-kueche-geschickt-aus-es-ist-ein-effizienter-ort-an-dem-der-morgen-beginnt\/","og_site_name":"Stra\u00dfenweb","article_publisher":"https:\/\/www.facebook.com\/strassenweb\/","article_published_time":"2024-12-22T18:47:12+00:00","article_modified_time":"2024-12-22T18:47:13+00:00","og_image":[{"width":1200,"height":675,"url":"https:\/\/www.strassenweb.de\/nachrichten\/wp-content\/uploads\/2024\/12\/Gwyneth-Paltrows-Fruehstuecksecke-nutzt-den-ungenutzten-Raum-in-der-Kueche.jpg","type":"image\/jpeg"}],"author":"Robert Hoffmann","twitter_card":"summary_large_image","twitter_misc":{"Verfasst von":"Robert Hoffmann","Gesch\u00e4tzte Lesezeit":"3\u00a0Minuten"},"schema":{"@context":"https:\/\/schema.org","@graph":[{"@type":"Article","@id":"https:\/\/www.strassenweb.de\/nachrichten\/gwyneth-paltrows-fruehstuecksecke-nutzt-den-ungenutzten-raum-in-der-kueche-geschickt-aus-es-ist-ein-effizienter-ort-an-dem-der-morgen-beginnt\/#article","isPartOf":{"@id":"https:\/\/www.strassenweb.de\/nachrichten\/gwyneth-paltrows-fruehstuecksecke-nutzt-den-ungenutzten-raum-in-der-kueche-geschickt-aus-es-ist-ein-effizienter-ort-an-dem-der-morgen-beginnt\/"},"author":{"name":"Robert Hoffmann","@id":"https:\/\/www.strassenweb.de\/nachrichten\/#\/schema\/person\/87c9c9067f1211da429a744dc5a5aa41"},"headline":"Gwyneth Paltrows Fr\u00fchst\u00fccksecke nutzt den ungenutzten Raum in der K\u00fcche geschickt aus \u2013 es ist ein effizienter Ort, an dem der Morgen beginnt","datePublished":"2024-12-22T18:47:12+00:00","dateModified":"2024-12-22T18:47:13+00:00","mainEntityOfPage":{"@id":"https:\/\/www.strassenweb.de\/nachrichten\/gwyneth-paltrows-fruehstuecksecke-nutzt-den-ungenutzten-raum-in-der-kueche-geschickt-aus-es-ist-ein-effizienter-ort-an-dem-der-morgen-beginnt\/"},"wordCount":624,"publisher":{"@id":"https:\/\/www.strassenweb.de\/nachrichten\/#organization"},"image":{"@id":"https:\/\/www.strassenweb.de\/nachrichten\/gwyneth-paltrows-fruehstuecksecke-nutzt-den-ungenutzten-raum-in-der-kueche-geschickt-aus-es-ist-ein-effizienter-ort-an-dem-der-morgen-beginnt\/#primaryimage"},"thumbnailUrl":"https:\/\/www.strassenweb.de\/nachrichten\/wp-content\/uploads\/2024\/12\/Gwyneth-Paltrows-Fruehstuecksecke-nutzt-den-ungenutzten-Raum-in-der-Kueche.jpg","keywords":["aus","beginnt","dem","den","der","effizienter","ein","Fr\u00fchst\u00fccksecke","geschickt","Gwyneth","ist","K\u00fcche","Morgen","nutzt","Ort","Paltrows","Raum","ungenutzten"],"articleSection":["Haus &amp; Garten"],"inLanguage":"de"},{"@type":"WebPage","@id":"https:\/\/www.strassenweb.de\/nachrichten\/gwyneth-paltrows-fruehstuecksecke-nutzt-den-ungenutzten-raum-in-der-kueche-geschickt-aus-es-ist-ein-effizienter-ort-an-dem-der-morgen-beginnt\/","url":"https:\/\/www.strassenweb.de\/nachrichten\/gwyneth-paltrows-fruehstuecksecke-nutzt-den-ungenutzten-raum-in-der-kueche-geschickt-aus-es-ist-ein-effizienter-ort-an-dem-der-morgen-beginnt\/","name":"Gwyneth Paltrows Fr\u00fchst\u00fccksecke nutzt den ungenutzten Raum in der K\u00fcche geschickt aus \u2013 es ist ein effizienter Ort, an dem der Morgen beginnt - Nachrichten - Stra\u00dfenweb","isPartOf":{"@id":"https:\/\/www.strassenweb.de\/nachrichten\/#website"},"primaryImageOfPage":{"@id":"https:\/\/www.strassenweb.de\/nachrichten\/gwyneth-paltrows-fruehstuecksecke-nutzt-den-ungenutzten-raum-in-der-kueche-geschickt-aus-es-ist-ein-effizienter-ort-an-dem-der-morgen-beginnt\/#primaryimage"},"image":{"@id":"https:\/\/www.strassenweb.de\/nachrichten\/gwyneth-paltrows-fruehstuecksecke-nutzt-den-ungenutzten-raum-in-der-kueche-geschickt-aus-es-ist-ein-effizienter-ort-an-dem-der-morgen-beginnt\/#primaryimage"},"thumbnailUrl":"https:\/\/www.strassenweb.de\/nachrichten\/wp-content\/uploads\/2024\/12\/Gwyneth-Paltrows-Fruehstuecksecke-nutzt-den-ungenutzten-Raum-in-der-Kueche.jpg","datePublished":"2024-12-22T18:47:12+00:00","dateModified":"2024-12-22T18:47:13+00:00","breadcrumb":{"@id":"https:\/\/www.strassenweb.de\/nachrichten\/gwyneth-paltrows-fruehstuecksecke-nutzt-den-ungenutzten-raum-in-der-kueche-geschickt-aus-es-ist-ein-effizienter-ort-an-dem-der-morgen-beginnt\/#breadcrumb"},"inLanguage":"de","potentialAction":[{"@type":"ReadAction","target":["https:\/\/www.strassenweb.de\/nachrichten\/gwyneth-paltrows-fruehstuecksecke-nutzt-den-ungenutzten-raum-in-der-kueche-geschickt-aus-es-ist-ein-effizienter-ort-an-dem-der-morgen-beginnt\/"]}]},{"@type":"ImageObject","inLanguage":"de","@id":"https:\/\/www.strassenweb.de\/nachrichten\/gwyneth-paltrows-fruehstuecksecke-nutzt-den-ungenutzten-raum-in-der-kueche-geschickt-aus-es-ist-ein-effizienter-ort-an-dem-der-morgen-beginnt\/#primaryimage","url":"https:\/\/www.strassenweb.de\/nachrichten\/wp-content\/uploads\/2024\/12\/Gwyneth-Paltrows-Fruehstuecksecke-nutzt-den-ungenutzten-Raum-in-der-Kueche.jpg","contentUrl":"https:\/\/www.strassenweb.de\/nachrichten\/wp-content\/uploads\/2024\/12\/Gwyneth-Paltrows-Fruehstuecksecke-nutzt-den-ungenutzten-Raum-in-der-Kueche.jpg","width":1200,"height":675,"caption":"Gwyneth Paltrows Fr\u00fchst\u00fccksecke nutzt den ungenutzten Raum in der K\u00fcche geschickt aus \u2013 es ist ein effizienter Ort, an dem der Morgen beginnt"},{"@type":"BreadcrumbList","@id":"https:\/\/www.strassenweb.de\/nachrichten\/gwyneth-paltrows-fruehstuecksecke-nutzt-den-ungenutzten-raum-in-der-kueche-geschickt-aus-es-ist-ein-effizienter-ort-an-dem-der-morgen-beginnt\/#breadcrumb","itemListElement":[{"@type":"ListItem","position":1,"name":"Home","item":"https:\/\/www.strassenweb.de\/nachrichten\/"},{"@type":"ListItem","position":2,"name":"Gwyneth Paltrows Fr\u00fchst\u00fccksecke nutzt den ungenutzten Raum in der K\u00fcche geschickt aus \u2013 es ist ein effizienter Ort, an dem der Morgen beginnt"}]},{"@type":"WebSite","@id":"https:\/\/www.strassenweb.de\/nachrichten\/#website","url":"https:\/\/www.strassenweb.de\/nachrichten\/","name":"Stra\u00dfenweb","description":"Stra\u00dfenverzeichnis f\u00fcr Deutschland","publisher":{"@id":"https:\/\/www.strassenweb.de\/nachrichten\/#organization"},"potentialAction":[{"@type":"SearchAction","target":{"@type":"EntryPoint","urlTemplate":"https:\/\/www.strassenweb.de\/nachrichten\/?s={search_term_string}"},"query-input":{"@type":"PropertyValueSpecification","valueRequired":true,"valueName":"search_term_string"}}],"inLanguage":"de"},{"@type":"Organization","@id":"https:\/\/www.strassenweb.de\/nachrichten\/#organization","name":"Stra\u00dfenweb","url":"https:\/\/www.strassenweb.de\/nachrichten\/","logo":{"@type":"ImageObject","inLanguage":"de","@id":"https:\/\/www.strassenweb.de\/nachrichten\/#\/schema\/logo\/image\/","url":"https:\/\/www.strassenweb.de\/nachrichten\/wp-content\/uploads\/2024\/09\/cropped-favicon.png","contentUrl":"https:\/\/www.strassenweb.de\/nachrichten\/wp-content\/uploads\/2024\/09\/cropped-favicon.png","width":512,"height":512,"caption":"Stra\u00dfenweb"},"image":{"@id":"https:\/\/www.strassenweb.de\/nachrichten\/#\/schema\/logo\/image\/"},"sameAs":["https:\/\/www.facebook.com\/strassenweb\/"]},{"@type":"Person","@id":"https:\/\/www.strassenweb.de\/nachrichten\/#\/schema\/person\/87c9c9067f1211da429a744dc5a5aa41","name":"Robert Hoffmann","image":{"@type":"ImageObject","inLanguage":"de","@id":"https:\/\/www.strassenweb.de\/nachrichten\/wp-content\/uploads\/2024\/09\/strassenweb-150x150.jpg","url":"https:\/\/www.strassenweb.de\/nachrichten\/wp-content\/uploads\/2024\/09\/strassenweb-150x150.jpg","contentUrl":"https:\/\/www.strassenweb.de\/nachrichten\/wp-content\/uploads\/2024\/09\/strassenweb-150x150.jpg","caption":"Robert Hoffmann"},"description":"Ich hei\u00dfe Robert Hoffmann und ich bin ein leidenschaftlicher Verfechter von \u00d6kologie und Biodiversit\u00e4t. Seit meiner Kindheit in den W\u00e4ldern Bayerns f\u00fchle ich mich mit der Natur verbunden und bin entschlossen, sie zu sch\u00fctzen. Heute widme ich mein Leben der Sensibilisierung anderer f\u00fcr die Bedeutung des Umweltschutzes f\u00fcr zuk\u00fcnftige Generationen.","sameAs":["https:\/\/www.strassenweb.de\/"]}]}},"_links":{"self":[{"href":"https:\/\/www.strassenweb.de\/nachrichten\/wp-json\/wp\/v2\/posts\/2289","targetHints":{"allow":["GET"]}}],"collection":[{"href":"https:\/\/www.strassenweb.de\/nachrichten\/wp-json\/wp\/v2\/posts"}],"about":[{"href":"https:\/\/www.strassenweb.de\/nachrichten\/wp-json\/wp\/v2\/types\/post"}],"author":[{"embeddable":true,"href":"https:\/\/www.strassenweb.de\/nachrichten\/wp-json\/wp\/v2\/users\/1"}],"replies":[{"embeddable":true,"href":"https:\/\/www.strassenweb.de\/nachrichten\/wp-json\/wp\/v2\/comments?post=2289"}],"version-history":[{"count":0,"href":"https:\/\/www.strassenweb.de\/nachrichten\/wp-json\/wp\/v2\/posts\/2289\/revisions"}],"wp:featuredmedia":[{"embeddable":true,"href":"https:\/\/www.strassenweb.de\/nachrichten\/wp-json\/wp\/v2\/media\/2290"}],"wp:attachment":[{"href":"https:\/\/www.strassenweb.de\/nachrichten\/wp-json\/wp\/v2\/media?parent=2289"}],"wp:term":[{"taxonomy":"category","embeddable":true,"href":"https:\/\/www.strassenweb.de\/nachrichten\/wp-json\/wp\/v2\/categories?post=2289"},{"taxonomy":"post_tag","embeddable":true,"href":"https:\/\/www.strassenweb.de\/nachrichten\/wp-json\/wp\/v2\/tags?post=2289"}],"curies":[{"name":"wp","href":"https:\/\/api.w.org\/{rel}","templated":true}]}}