{"id":2277,"date":"2024-12-22T02:41:04","date_gmt":"2024-12-22T01:41:04","guid":{"rendered":"https:\/\/www.strassenweb.de\/nachrichten\/7-gegenstaende-die-sie-definitiv-am-falschen-ort-aufbewahren-und-wo-sie-sie-stattdessen-aufbewahren-sollten\/"},"modified":"2024-12-22T02:41:05","modified_gmt":"2024-12-22T01:41:05","slug":"7-gegenstaende-die-sie-definitiv-am-falschen-ort-aufbewahren-und-wo-sie-sie-stattdessen-aufbewahren-sollten","status":"publish","type":"post","link":"https:\/\/www.strassenweb.de\/nachrichten\/7-gegenstaende-die-sie-definitiv-am-falschen-ort-aufbewahren-und-wo-sie-sie-stattdessen-aufbewahren-sollten\/","title":{"rendered":"7 Gegenst\u00e4nde, die Sie definitiv am falschen Ort aufbewahren \u2013 und wo Sie sie stattdessen aufbewahren sollten"},"content":{"rendered":"<p><\/p>\n<div id=\"article-body\" class=\"article__body \">\n<p>Es ist schwierig genug, im Haus Platz zum Aufbewahren von Gegenst\u00e4nden zu finden, aber die Probleme nehmen nur zu, wenn die Dinge falsch verstaut werden.<\/p>\n<div id=\"ad-unit-1\" class=\"ad-unit\"><\/div>\n<p>Tats\u00e4chlich macht die falsche Lagerung von Gegenst\u00e4nden \u2013 von B\u00fcchern \u00fcber K\u00fcchenger\u00e4te bis hin zu Gep\u00e4ck \u2013 nicht nur das Leben schwieriger, sondern birgt auch die Gefahr, dass sie besch\u00e4digt werden und dabei Feuchtigkeit, Schimmel und Mehltau ausgesetzt werden.<\/p>\n<aside class=\"hawk-nest\" data-block-type=\"embed\" data-render-type=\"fte\" data-skip=\"dealsy\" data-widget-type=\"seasonal\">\n<div class=\"hawk-master-widget-hawk-base-wrapper\"><\/div>\n<\/aside>\n<p>Hier verr\u00e4t Ihnen unser Gremium aus professionellen Organisatoren und Aufbewahrungsexperten die Gegenst\u00e4nde, die Sie definitiv am falschen Ort aufbewahren, und gibt Ratschl\u00e4ge, wie Sie Organisationsfehler vermeiden k\u00f6nnen, die jeder macht.<\/p>\n<div id=\"desktop-in-article\" class=\"in-article ad-unit\">\n<div id=\"desktop-taboola-mid-article\"><\/div>\n<\/div>\n<div id=\"mobile-in-article\" class=\"in-article ad-unit\">\n<div id=\"mobile-taboola-mid-article\"><\/div>\n<\/div>\n<h2 id=\"why-storing-things-in-the-wrong-place-is-a-problem-3\">Warum es ein Problem ist, Dinge am \u201efalschen\u201c Ort aufzubewahren<\/h2>\n<p>Billy Kornfield, Inhaber der Camelot Moving and Storage Company, erkl\u00e4rt: \u201eDie Hauptverursacher, die Gegenst\u00e4nde in unserem Haus besch\u00e4digen k\u00f6nnen, sind Temperatur, Licht und Feuchtigkeit.\u201c<\/p>\n<div class=\"van_vid_carousel\">\n<div class=\"van_vid_carousel__padding\">\n<div class=\"van_vid_carousel__container\"><\/div>\n<\/div>\n<\/div>\n<p>\u201eGanz gleich, ob Sie den Aufbewahrungsort f\u00fcr etwas auf der Grundlage von Zweckm\u00e4\u00dfigkeit oder Pr\u00e4sentation ausw\u00e4hlen, bedenken Sie, wie sich die Umgebung dieses Artikels im Laufe des Tages ver\u00e4ndern kann.\u201c<\/p>\n<div id=\"ad-unit-2\" class=\"ad-unit\"><\/div>\n<h3 class=\"article-body__section\" id=\"section-1-books\"><span>1. B\u00fccher<\/span><\/h3>\n<figure class=\"van-image-figure inline-layout \" data-bordeaux-image-check>\n<div class=\"image-full-width-wrapper\">\n<div class=\"image-widthsetter\" style=\"max-width:2000px;\"><\/div>\n<\/div>\n<\/figure>\n<p>B\u00fccherregal-Ideen sind eine sch\u00f6ne M\u00f6glichkeit, Ihre Sammlung zur Schau zu stellen und einem Raum eine charmante, gem\u00fctliche Atmosph\u00e4re zu verleihen, aber Peter Corry, Gr\u00fcnder und CEO von Moore Storage, weist darauf hin, dass viele Hausbesitzer B\u00fccher in Schlafzimmerschr\u00e4nken verstauen, weil der Platz auf den Regalen begrenzt ist.<\/p>\n<p>Er sagt: \u201eB\u00fccher, die au\u00dfer Sichtweite bleiben, bleiben oft ungelesen und verstauben.\u201c Je nach Situation k\u00f6nnen sie sogar schimmeln.\u201c Sie k\u00f6nnen auch anf\u00e4llig f\u00fcr Kakerlaken werden, die gerne Leim fressen, Silberfische, die leicht Papier fressen, und andere Zimmersch\u00e4dlinge.<\/p>\n<p>Um dies zu vermeiden, empfiehlt Corry, in Ihren Wohnzimmerideen schwebende Regale aufzuh\u00e4ngen oder Ideen f\u00fcr Leseecken in Betracht zu ziehen, um Ihre wertvolle Ausstellung aufzuwerten. \u201eDie schwebenden Wandregale Homfa von Walmart eignen sich hervorragend f\u00fcr die Ausstellung von B\u00fcchern\u201c, f\u00fcgt er hinzu.<\/p>\n<p>Dann ist es wichtig, offene Regale abzustauben, sagt Aufbewahrungsexperte Kornfield, und die B\u00fccherregale und Vitrinen nur an Innenw\u00e4nden zu platzieren. \u201eAu\u00dfenw\u00e4nde unterliegen gr\u00f6\u00dferen Temperaturschwankungen und sind anf\u00e4llig f\u00fcr Feuchtigkeit und Kondensation\u201c, erkl\u00e4rt er.<\/p>\n<p><em>Alle Preise gelten zum Zeitpunkt der Ver\u00f6ffentlichung.<\/em><\/p>\n<div class=\"product-container hero-product-container product-block-no-wrap\"><\/div>\n<h3 class=\"article-body__section\" id=\"section-2-rarely-used-kitchen-gadgets-in-prime-drawer-space\"><span>2. Selten genutzte K\u00fcchenger\u00e4te in bester Schubladengr\u00f6\u00dfe<\/span><\/h3>\n<figure class=\"van-image-figure inline-layout \" data-bordeaux-image-check>\n<div class=\"image-full-width-wrapper\">\n<div class=\"image-widthsetter\" style=\"max-width:2000px;\"><\/div>\n<\/div>\n<\/figure>\n<p>K\u00fcchenger\u00e4te sind zum Kochen und Backen unerl\u00e4sslich, aber Ger\u00e4te, die man nicht oft benutzt, sollten bei der Organisation von K\u00fcchenschubladen nicht an leicht zug\u00e4nglichen Orten aufbewahrt werden, sagt Di Ter Avest, professioneller Organisator und Gr\u00fcnder von Diisorganized.<\/p>\n<p>Sie erkl\u00e4rt: \u201eGer\u00e4te und Gadgets wie Waffeleisen, Fonduet\u00f6pfe oder Nudelroller k\u00f6nnen wertvollen K\u00fcchenraum beanspruchen, wenn sie nur gelegentlich verwendet werden.\u201c Dadurch ist es schwieriger, auf Ihre Alltagswerkzeuge zuzugreifen, und sie werden zu Gegenst\u00e4nden, die Ihre K\u00fcchenschubladen verstopfen.<\/p>\n<p>\u201eStellen Sie selten verwendete Gegenst\u00e4nde in h\u00f6here Regale, in eine Speisekammer oder sogar in einen Lagerbereich au\u00dferhalb der K\u00fcche, wenn der Platz knapp ist\u201c, empfiehlt Ter Avest. \u201eBewahren Sie Alltagsgegenst\u00e4nde wie Messer, Spatel und Messbecher in zug\u00e4nglichen Schubladen oder Schr\u00e4nken in der N\u00e4he Ihres Kochplatzes auf.\u201c<\/p>\n<p>Um K\u00fcchenschubladen zu organisieren, empfehlen wir die Verwendung eines Organizers, wie zum Beispiel des erweiterbaren Schubladen-Organizers f\u00fcr Utensilienhalter Pipishell Bamboo, der bei Amazon erh\u00e4ltlich ist.<\/p>\n<h3 class=\"article-body__section\" id=\"section-3-medicine\"><span>3. Medizin<\/span><\/h3>\n<figure class=\"van-image-figure inline-layout \" data-bordeaux-image-check>\n<div class=\"image-full-width-wrapper\">\n<div class=\"image-widthsetter\" style=\"max-width:2000px;\"><\/div>\n<\/div>\n<\/figure>\n<p>Wenn es um die Organisation eines Medikamentenschranks geht, halten Sie Ihre Medikamente von Badezus\u00e4tzen fern, sagt Lagerungsexperte Kornfield.<\/p>\n<p>Er r\u00e4t: \u201eMedikamente liegen zwar griffbereit im Badezimmerschrank, sind aber auch anf\u00e4llig f\u00fcr Feuchtigkeit und Hitze.\u201c Bewahren Sie es an einem k\u00fchlen, trockenen Ort auf, beispielsweise in einer Kommodenschublade, die f\u00fcr Kinder unzug\u00e4nglich ist, oder, wie der professionelle Organisator Ter Avest vorschl\u00e4gt, in einer Ihrer kleinen Aufbewahrungsideen f\u00fcr W\u00e4scheschr\u00e4nke.<\/p>\n<h3 class=\"article-body__section\" id=\"section-4-seasonal-items\"><span>4. Saisonartikel<\/span><\/h3>\n<figure class=\"van-image-figure inline-layout \" data-bordeaux-image-check>\n<div class=\"image-full-width-wrapper\">\n<div class=\"image-widthsetter\" style=\"max-width:2000px;\"><\/div>\n<\/div>\n<\/figure>\n<p>Da sie nur einmal im Jahr ben\u00f6tigt werden, ist es am besten, Weihnachtsdekoideen, Fr\u00fchlingsdekoideen oder andere saisonale Gegenst\u00e4nde nicht an erstklassigen Lagerorten aufzubewahren.<\/p>\n<p>Lagerungsexperte Corry sagt: \u201eF\u00fcr eine bessere L\u00f6sung verwenden Sie h\u00f6here Regale oder weniger zug\u00e4ngliche R\u00e4ume f\u00fcr Saisonartikel\u201c, wie zum Beispiel Ideen f\u00fcr Garagenregale.<\/p>\n<p>\u201eF\u00fcr h\u00e4ufig verwendete Gegenst\u00e4nde empfehle ich die mDesign-Aufbewahrungsbeh\u00e4lter, die bei Amazon erh\u00e4ltlich sind, um mehr Platz zu sparen.\u201c<\/p>\n<p>Sie k\u00f6nnen sie im Keller, auf dem Dachboden oder in der Garage aufbewahren. Bewahren Sie sie jedoch in Plastikbeh\u00e4ltern mit Deckel auf, damit es nicht zu Sch\u00e4dlingen kommt, die zwischen ihnen Unterschlupf oder Unterschlupf suchen.<\/p>\n<h3 class=\"article-body__section\" id=\"section-5-important-documents\"><span>5. Wichtige Dokumente<\/span><\/h3>\n<figure class=\"van-image-figure inline-layout \" data-bordeaux-image-check>\n<div class=\"image-full-width-wrapper\">\n<div class=\"image-widthsetter\" style=\"max-width:2000px;\"><\/div>\n<\/div>\n<\/figure>\n<p>Selbst wenn man den Papierkram beseitigt hat, kann das Organisieren des Papierkrams zu Hause oft stressig sein.<\/p>\n<p>Der professionelle Organisator Ter Avest sagt: \u201eWenn wichtige Dokumente wie Geburtsurkunden, Reisep\u00e4sse oder Steuerdokumente verstreut liegen, sind sie bei Bedarf nur schwer wiederzufinden und erh\u00f6hen das Risiko einer Besch\u00e4digung.\u201c<\/p>\n<p>\u201eVerwenden Sie stattdessen einen feuerfesten Dokumentenordner oder Aktenschrank.\u201c Bewahren Sie es an einem sicheren und einheitlichen Ort auf, etwa im Arbeitszimmer oder im Schrank\u201c, schl\u00e4gt sie vor.<\/p>\n<p>Es geh\u00f6rt zu den Gegenst\u00e4nden, die laut Profis niemals in einem Keller oder Dachboden aufbewahrt werden sollten, da diese normalerweise nicht klimatisiert sind und bei einem Leck oder einer \u00dcberschwemmung wichtige Gegenst\u00e4nde zerst\u00f6rt werden.<\/p>\n<div class=\"product-container hero-product-container product-block-no-wrap\"><\/div>\n<h3 class=\"article-body__section\" id=\"section-6-photo-albums\"><span>6. Fotoalben<\/span><\/h3>\n<figure class=\"van-image-figure inline-layout \" data-bordeaux-image-check>\n<div class=\"image-full-width-wrapper\">\n<div class=\"image-widthsetter\" style=\"max-width:2000px;\"><\/div>\n<\/div><figcaption class=\"inline-layout \">\n<div class=\"caption-text\">\n<p>Pr\u00e4sentieren Sie Bilder stattdessen in Rahmen oder bewahren Sie Fotoalben in einem B\u00fcro oder B\u00fccherregal auf.<\/p>\n<\/div>\n<\/figcaption><\/figure>\n<p>Fotoalben sind eine sch\u00f6ne M\u00f6glichkeit, Erinnerungen festzuhalten, das hei\u00dft, sie sollten genossen werden und nicht in Schr\u00e4nken aufbewahrt werden, sagen Scott und April Goodger, Franchise-Inhaber von Kitchen Wise und Closet Wise.<\/p>\n<p>Sie sagen: \u201e\u00dcberraschenderweise kann ein unorganisierter Kleiderschrank den Stress im Alltag erh\u00f6hen.\u201c Als Experten f\u00fcr Schrankdesign sehen wir regelm\u00e4\u00dfig gro\u00dfe Kleiderschr\u00e4nke, die vollgepackt sind mit fast allem, was Sie sich vorstellen k\u00f6nnen, zum Beispiel Fotoalben.<\/p>\n<p>\u201eViele dieser Gegenst\u00e4nde geh\u00f6ren jedoch in andere Bereiche des Hauses.\u201c Die Goodgers schlagen zum Beispiel vor, Fotoalben in Ihrem Heimb\u00fcro oder B\u00fccherregal aufzubewahren.<\/p>\n<p>Alternativ k\u00f6nnen Sie sie auch an einer Bilderwand ausstellen. Wenn Sie sich nicht sicher sind, wie Sie eine Galeriewand aufh\u00e4ngen sollen, erkl\u00e4rt Ihnen unser fachkundiger Leitfaden Schritt f\u00fcr Schritt, damit Sie Fehler bei der Galeriewand vermeiden k\u00f6nnen.<\/p>\n<h3 class=\"article-body__section\" id=\"section-7-luggage\"><span>7. Gep\u00e4ck<\/span><\/h3>\n<figure class=\"van-image-figure inline-layout \" data-bordeaux-image-check>\n<div class=\"image-full-width-wrapper\">\n<div class=\"image-widthsetter\" style=\"max-width:2000px;\"><\/div>\n<\/div>\n<\/figure>\n<p>Schlie\u00dflich sagt der professionelle Organisator Ter Avest: \u201eGep\u00e4ck nimmt wertvollen Platz in Schr\u00e4nken ein, der besser f\u00fcr Kleidung oder Schuhe genutzt werden k\u00f6nnte.\u201c<\/p>\n<p>\u201eBewahren Sie Ihr Gep\u00e4ck stattdessen auf dem Dachboden, im Keller oder in der Garage auf.\u201c Sie k\u00f6nnen das Innere von Koffern auch zur Aufbewahrung saisonaler Kleidung nutzen. Dies ist eine clevere M\u00f6glichkeit, einen Kleiderschrank zu organisieren, wenn Sie keinen saisonalen Stauraum haben.<\/p>\n<hr>\n<p>Machen Sie irgendwelche Fehler bei der Unterbett-Organisation? Es ist ein gro\u00dfartiger Ort zum Aufbewahren von Gegenst\u00e4nden, aber die Maximierung des Platzes kann dazu beitragen, Unordnung im Haus zu vermeiden.<\/p>\n<\/div>\n","protected":false},"excerpt":{"rendered":"<p>Es ist schwierig genug, im Haus Platz zum Aufbewahren von Gegenst\u00e4nden zu finden, aber die Probleme nehmen nur zu, wenn die Dinge falsch verstaut werden.<\/p>\n","protected":false},"author":1,"featured_media":2278,"comment_status":"closed","ping_status":"","sticky":false,"template":"","format":"standard","meta":{"footnotes":""},"categories":[118],"tags":[763,3512,9,2655,2070,3903,165,560,646,37],"class_list":["post-2277","post","type-post","status-publish","format-standard","has-post-thumbnail","hentry","category-haus-garten","tag-aufbewahren","tag-definitiv","tag-die","tag-falschen","tag-gegenstaende","tag-ort","tag-sie","tag-sollten","tag-stattdessen","tag-und","generate-columns","tablet-grid-50","mobile-grid-100","grid-parent","grid-50"],"yoast_head":"<!-- This site is optimized with the Yoast SEO plugin v27.3 - https:\/\/yoast.com\/product\/yoast-seo-wordpress\/ -->\n<title>7 Gegenst\u00e4nde, die Sie definitiv am falschen Ort aufbewahren \u2013 und wo Sie sie stattdessen aufbewahren sollten - Nachrichten - Stra\u00dfenweb<\/title>\n<meta name=\"robots\" content=\"index, follow, max-snippet:-1, max-image-preview:large, max-video-preview:-1\" \/>\n<link rel=\"canonical\" href=\"https:\/\/www.strassenweb.de\/nachrichten\/7-gegenstaende-die-sie-definitiv-am-falschen-ort-aufbewahren-und-wo-sie-sie-stattdessen-aufbewahren-sollten\/\" \/>\n<meta property=\"og:locale\" content=\"de_DE\" \/>\n<meta property=\"og:type\" content=\"article\" \/>\n<meta property=\"og:title\" content=\"7 Gegenst\u00e4nde, die Sie definitiv am falschen Ort aufbewahren \u2013 und wo Sie sie stattdessen aufbewahren sollten - Nachrichten - Stra\u00dfenweb\" \/>\n<meta property=\"og:description\" content=\"Es ist schwierig genug, im Haus Platz zum Aufbewahren von Gegenst\u00e4nden zu finden, aber die Probleme nehmen nur zu, wenn die Dinge falsch verstaut werden.\" \/>\n<meta property=\"og:url\" content=\"https:\/\/www.strassenweb.de\/nachrichten\/7-gegenstaende-die-sie-definitiv-am-falschen-ort-aufbewahren-und-wo-sie-sie-stattdessen-aufbewahren-sollten\/\" \/>\n<meta property=\"og:site_name\" content=\"Stra\u00dfenweb\" \/>\n<meta property=\"article:publisher\" content=\"https:\/\/www.facebook.com\/strassenweb\/\" \/>\n<meta property=\"article:published_time\" content=\"2024-12-22T01:41:04+00:00\" \/>\n<meta property=\"article:modified_time\" content=\"2024-12-22T01:41:05+00:00\" \/>\n<meta property=\"og:image\" content=\"https:\/\/www.strassenweb.de\/nachrichten\/wp-content\/uploads\/2024\/12\/7-Gegenstaende-die-Sie-definitiv-am-falschen-Ort-aufbewahren-\u2013.jpg\" \/>\n\t<meta property=\"og:image:width\" content=\"1200\" \/>\n\t<meta property=\"og:image:height\" content=\"675\" \/>\n\t<meta property=\"og:image:type\" content=\"image\/jpeg\" \/>\n<meta name=\"author\" content=\"Robert Hoffmann\" \/>\n<meta name=\"twitter:card\" content=\"summary_large_image\" \/>\n<meta name=\"twitter:label1\" content=\"Verfasst von\" \/>\n\t<meta name=\"twitter:data1\" content=\"Robert Hoffmann\" \/>\n\t<meta name=\"twitter:label2\" content=\"Gesch\u00e4tzte Lesezeit\" \/>\n\t<meta name=\"twitter:data2\" content=\"6\u00a0Minuten\" \/>\n<script type=\"application\/ld+json\" class=\"yoast-schema-graph\">{\"@context\":\"https:\\\/\\\/schema.org\",\"@graph\":[{\"@type\":\"Article\",\"@id\":\"https:\\\/\\\/www.strassenweb.de\\\/nachrichten\\\/7-gegenstaende-die-sie-definitiv-am-falschen-ort-aufbewahren-und-wo-sie-sie-stattdessen-aufbewahren-sollten\\\/#article\",\"isPartOf\":{\"@id\":\"https:\\\/\\\/www.strassenweb.de\\\/nachrichten\\\/7-gegenstaende-die-sie-definitiv-am-falschen-ort-aufbewahren-und-wo-sie-sie-stattdessen-aufbewahren-sollten\\\/\"},\"author\":{\"name\":\"Robert Hoffmann\",\"@id\":\"https:\\\/\\\/www.strassenweb.de\\\/nachrichten\\\/#\\\/schema\\\/person\\\/87c9c9067f1211da429a744dc5a5aa41\"},\"headline\":\"7 Gegenst\u00e4nde, die Sie definitiv am falschen Ort aufbewahren \u2013 und wo Sie sie stattdessen aufbewahren sollten\",\"datePublished\":\"2024-12-22T01:41:04+00:00\",\"dateModified\":\"2024-12-22T01:41:05+00:00\",\"mainEntityOfPage\":{\"@id\":\"https:\\\/\\\/www.strassenweb.de\\\/nachrichten\\\/7-gegenstaende-die-sie-definitiv-am-falschen-ort-aufbewahren-und-wo-sie-sie-stattdessen-aufbewahren-sollten\\\/\"},\"wordCount\":1155,\"publisher\":{\"@id\":\"https:\\\/\\\/www.strassenweb.de\\\/nachrichten\\\/#organization\"},\"image\":{\"@id\":\"https:\\\/\\\/www.strassenweb.de\\\/nachrichten\\\/7-gegenstaende-die-sie-definitiv-am-falschen-ort-aufbewahren-und-wo-sie-sie-stattdessen-aufbewahren-sollten\\\/#primaryimage\"},\"thumbnailUrl\":\"https:\\\/\\\/www.strassenweb.de\\\/nachrichten\\\/wp-content\\\/uploads\\\/2024\\\/12\\\/7-Gegenstaende-die-Sie-definitiv-am-falschen-Ort-aufbewahren-\u2013.jpg\",\"keywords\":[\"aufbewahren\",\"definitiv\",\"die\",\"falschen\",\"Gegenst\u00e4nde\",\"Ort\",\"Sie\",\"sollten\",\"stattdessen\",\"und\"],\"articleSection\":[\"Haus &amp; Garten\"],\"inLanguage\":\"de\"},{\"@type\":\"WebPage\",\"@id\":\"https:\\\/\\\/www.strassenweb.de\\\/nachrichten\\\/7-gegenstaende-die-sie-definitiv-am-falschen-ort-aufbewahren-und-wo-sie-sie-stattdessen-aufbewahren-sollten\\\/\",\"url\":\"https:\\\/\\\/www.strassenweb.de\\\/nachrichten\\\/7-gegenstaende-die-sie-definitiv-am-falschen-ort-aufbewahren-und-wo-sie-sie-stattdessen-aufbewahren-sollten\\\/\",\"name\":\"7 Gegenst\u00e4nde, die Sie definitiv am falschen Ort aufbewahren \u2013 und wo Sie sie stattdessen aufbewahren sollten - Nachrichten - Stra\u00dfenweb\",\"isPartOf\":{\"@id\":\"https:\\\/\\\/www.strassenweb.de\\\/nachrichten\\\/#website\"},\"primaryImageOfPage\":{\"@id\":\"https:\\\/\\\/www.strassenweb.de\\\/nachrichten\\\/7-gegenstaende-die-sie-definitiv-am-falschen-ort-aufbewahren-und-wo-sie-sie-stattdessen-aufbewahren-sollten\\\/#primaryimage\"},\"image\":{\"@id\":\"https:\\\/\\\/www.strassenweb.de\\\/nachrichten\\\/7-gegenstaende-die-sie-definitiv-am-falschen-ort-aufbewahren-und-wo-sie-sie-stattdessen-aufbewahren-sollten\\\/#primaryimage\"},\"thumbnailUrl\":\"https:\\\/\\\/www.strassenweb.de\\\/nachrichten\\\/wp-content\\\/uploads\\\/2024\\\/12\\\/7-Gegenstaende-die-Sie-definitiv-am-falschen-Ort-aufbewahren-\u2013.jpg\",\"datePublished\":\"2024-12-22T01:41:04+00:00\",\"dateModified\":\"2024-12-22T01:41:05+00:00\",\"breadcrumb\":{\"@id\":\"https:\\\/\\\/www.strassenweb.de\\\/nachrichten\\\/7-gegenstaende-die-sie-definitiv-am-falschen-ort-aufbewahren-und-wo-sie-sie-stattdessen-aufbewahren-sollten\\\/#breadcrumb\"},\"inLanguage\":\"de\",\"potentialAction\":[{\"@type\":\"ReadAction\",\"target\":[\"https:\\\/\\\/www.strassenweb.de\\\/nachrichten\\\/7-gegenstaende-die-sie-definitiv-am-falschen-ort-aufbewahren-und-wo-sie-sie-stattdessen-aufbewahren-sollten\\\/\"]}]},{\"@type\":\"ImageObject\",\"inLanguage\":\"de\",\"@id\":\"https:\\\/\\\/www.strassenweb.de\\\/nachrichten\\\/7-gegenstaende-die-sie-definitiv-am-falschen-ort-aufbewahren-und-wo-sie-sie-stattdessen-aufbewahren-sollten\\\/#primaryimage\",\"url\":\"https:\\\/\\\/www.strassenweb.de\\\/nachrichten\\\/wp-content\\\/uploads\\\/2024\\\/12\\\/7-Gegenstaende-die-Sie-definitiv-am-falschen-Ort-aufbewahren-\u2013.jpg\",\"contentUrl\":\"https:\\\/\\\/www.strassenweb.de\\\/nachrichten\\\/wp-content\\\/uploads\\\/2024\\\/12\\\/7-Gegenstaende-die-Sie-definitiv-am-falschen-Ort-aufbewahren-\u2013.jpg\",\"width\":1200,\"height\":675,\"caption\":\"7 Gegenst\u00e4nde, die Sie definitiv am falschen Ort aufbewahren \u2013 und wo Sie sie stattdessen aufbewahren sollten\"},{\"@type\":\"BreadcrumbList\",\"@id\":\"https:\\\/\\\/www.strassenweb.de\\\/nachrichten\\\/7-gegenstaende-die-sie-definitiv-am-falschen-ort-aufbewahren-und-wo-sie-sie-stattdessen-aufbewahren-sollten\\\/#breadcrumb\",\"itemListElement\":[{\"@type\":\"ListItem\",\"position\":1,\"name\":\"Home\",\"item\":\"https:\\\/\\\/www.strassenweb.de\\\/nachrichten\\\/\"},{\"@type\":\"ListItem\",\"position\":2,\"name\":\"7 Gegenst\u00e4nde, die Sie definitiv am falschen Ort aufbewahren \u2013 und wo Sie sie stattdessen aufbewahren sollten\"}]},{\"@type\":\"WebSite\",\"@id\":\"https:\\\/\\\/www.strassenweb.de\\\/nachrichten\\\/#website\",\"url\":\"https:\\\/\\\/www.strassenweb.de\\\/nachrichten\\\/\",\"name\":\"Stra\u00dfenweb\",\"description\":\"Stra\u00dfenverzeichnis f\u00fcr Deutschland\",\"publisher\":{\"@id\":\"https:\\\/\\\/www.strassenweb.de\\\/nachrichten\\\/#organization\"},\"potentialAction\":[{\"@type\":\"SearchAction\",\"target\":{\"@type\":\"EntryPoint\",\"urlTemplate\":\"https:\\\/\\\/www.strassenweb.de\\\/nachrichten\\\/?s={search_term_string}\"},\"query-input\":{\"@type\":\"PropertyValueSpecification\",\"valueRequired\":true,\"valueName\":\"search_term_string\"}}],\"inLanguage\":\"de\"},{\"@type\":\"Organization\",\"@id\":\"https:\\\/\\\/www.strassenweb.de\\\/nachrichten\\\/#organization\",\"name\":\"Stra\u00dfenweb\",\"url\":\"https:\\\/\\\/www.strassenweb.de\\\/nachrichten\\\/\",\"logo\":{\"@type\":\"ImageObject\",\"inLanguage\":\"de\",\"@id\":\"https:\\\/\\\/www.strassenweb.de\\\/nachrichten\\\/#\\\/schema\\\/logo\\\/image\\\/\",\"url\":\"https:\\\/\\\/www.strassenweb.de\\\/nachrichten\\\/wp-content\\\/uploads\\\/2024\\\/09\\\/cropped-favicon.png\",\"contentUrl\":\"https:\\\/\\\/www.strassenweb.de\\\/nachrichten\\\/wp-content\\\/uploads\\\/2024\\\/09\\\/cropped-favicon.png\",\"width\":512,\"height\":512,\"caption\":\"Stra\u00dfenweb\"},\"image\":{\"@id\":\"https:\\\/\\\/www.strassenweb.de\\\/nachrichten\\\/#\\\/schema\\\/logo\\\/image\\\/\"},\"sameAs\":[\"https:\\\/\\\/www.facebook.com\\\/strassenweb\\\/\"]},{\"@type\":\"Person\",\"@id\":\"https:\\\/\\\/www.strassenweb.de\\\/nachrichten\\\/#\\\/schema\\\/person\\\/87c9c9067f1211da429a744dc5a5aa41\",\"name\":\"Robert Hoffmann\",\"image\":{\"@type\":\"ImageObject\",\"inLanguage\":\"de\",\"@id\":\"https:\\\/\\\/www.strassenweb.de\\\/nachrichten\\\/wp-content\\\/uploads\\\/2024\\\/09\\\/strassenweb-150x150.jpg\",\"url\":\"https:\\\/\\\/www.strassenweb.de\\\/nachrichten\\\/wp-content\\\/uploads\\\/2024\\\/09\\\/strassenweb-150x150.jpg\",\"contentUrl\":\"https:\\\/\\\/www.strassenweb.de\\\/nachrichten\\\/wp-content\\\/uploads\\\/2024\\\/09\\\/strassenweb-150x150.jpg\",\"caption\":\"Robert Hoffmann\"},\"description\":\"Ich hei\u00dfe Robert Hoffmann und ich bin ein leidenschaftlicher Verfechter von \u00d6kologie und Biodiversit\u00e4t. Seit meiner Kindheit in den W\u00e4ldern Bayerns f\u00fchle ich mich mit der Natur verbunden und bin entschlossen, sie zu sch\u00fctzen. Heute widme ich mein Leben der Sensibilisierung anderer f\u00fcr die Bedeutung des Umweltschutzes f\u00fcr zuk\u00fcnftige Generationen.\",\"sameAs\":[\"https:\\\/\\\/www.strassenweb.de\\\/\"]}]}<\/script>\n<!-- \/ Yoast SEO plugin. -->","yoast_head_json":{"title":"7 Gegenst\u00e4nde, die Sie definitiv am falschen Ort aufbewahren \u2013 und wo Sie sie stattdessen aufbewahren sollten - Nachrichten - Stra\u00dfenweb","robots":{"index":"index","follow":"follow","max-snippet":"max-snippet:-1","max-image-preview":"max-image-preview:large","max-video-preview":"max-video-preview:-1"},"canonical":"https:\/\/www.strassenweb.de\/nachrichten\/7-gegenstaende-die-sie-definitiv-am-falschen-ort-aufbewahren-und-wo-sie-sie-stattdessen-aufbewahren-sollten\/","og_locale":"de_DE","og_type":"article","og_title":"7 Gegenst\u00e4nde, die Sie definitiv am falschen Ort aufbewahren \u2013 und wo Sie sie stattdessen aufbewahren sollten - Nachrichten - Stra\u00dfenweb","og_description":"Es ist schwierig genug, im Haus Platz zum Aufbewahren von Gegenst\u00e4nden zu finden, aber die Probleme nehmen nur zu, wenn die Dinge falsch verstaut werden.","og_url":"https:\/\/www.strassenweb.de\/nachrichten\/7-gegenstaende-die-sie-definitiv-am-falschen-ort-aufbewahren-und-wo-sie-sie-stattdessen-aufbewahren-sollten\/","og_site_name":"Stra\u00dfenweb","article_publisher":"https:\/\/www.facebook.com\/strassenweb\/","article_published_time":"2024-12-22T01:41:04+00:00","article_modified_time":"2024-12-22T01:41:05+00:00","og_image":[{"width":1200,"height":675,"url":"https:\/\/www.strassenweb.de\/nachrichten\/wp-content\/uploads\/2024\/12\/7-Gegenstaende-die-Sie-definitiv-am-falschen-Ort-aufbewahren-\u2013.jpg","type":"image\/jpeg"}],"author":"Robert Hoffmann","twitter_card":"summary_large_image","twitter_misc":{"Verfasst von":"Robert Hoffmann","Gesch\u00e4tzte Lesezeit":"6\u00a0Minuten"},"schema":{"@context":"https:\/\/schema.org","@graph":[{"@type":"Article","@id":"https:\/\/www.strassenweb.de\/nachrichten\/7-gegenstaende-die-sie-definitiv-am-falschen-ort-aufbewahren-und-wo-sie-sie-stattdessen-aufbewahren-sollten\/#article","isPartOf":{"@id":"https:\/\/www.strassenweb.de\/nachrichten\/7-gegenstaende-die-sie-definitiv-am-falschen-ort-aufbewahren-und-wo-sie-sie-stattdessen-aufbewahren-sollten\/"},"author":{"name":"Robert Hoffmann","@id":"https:\/\/www.strassenweb.de\/nachrichten\/#\/schema\/person\/87c9c9067f1211da429a744dc5a5aa41"},"headline":"7 Gegenst\u00e4nde, die Sie definitiv am falschen Ort aufbewahren \u2013 und wo Sie sie stattdessen aufbewahren sollten","datePublished":"2024-12-22T01:41:04+00:00","dateModified":"2024-12-22T01:41:05+00:00","mainEntityOfPage":{"@id":"https:\/\/www.strassenweb.de\/nachrichten\/7-gegenstaende-die-sie-definitiv-am-falschen-ort-aufbewahren-und-wo-sie-sie-stattdessen-aufbewahren-sollten\/"},"wordCount":1155,"publisher":{"@id":"https:\/\/www.strassenweb.de\/nachrichten\/#organization"},"image":{"@id":"https:\/\/www.strassenweb.de\/nachrichten\/7-gegenstaende-die-sie-definitiv-am-falschen-ort-aufbewahren-und-wo-sie-sie-stattdessen-aufbewahren-sollten\/#primaryimage"},"thumbnailUrl":"https:\/\/www.strassenweb.de\/nachrichten\/wp-content\/uploads\/2024\/12\/7-Gegenstaende-die-Sie-definitiv-am-falschen-Ort-aufbewahren-\u2013.jpg","keywords":["aufbewahren","definitiv","die","falschen","Gegenst\u00e4nde","Ort","Sie","sollten","stattdessen","und"],"articleSection":["Haus &amp; Garten"],"inLanguage":"de"},{"@type":"WebPage","@id":"https:\/\/www.strassenweb.de\/nachrichten\/7-gegenstaende-die-sie-definitiv-am-falschen-ort-aufbewahren-und-wo-sie-sie-stattdessen-aufbewahren-sollten\/","url":"https:\/\/www.strassenweb.de\/nachrichten\/7-gegenstaende-die-sie-definitiv-am-falschen-ort-aufbewahren-und-wo-sie-sie-stattdessen-aufbewahren-sollten\/","name":"7 Gegenst\u00e4nde, die Sie definitiv am falschen Ort aufbewahren \u2013 und wo Sie sie stattdessen aufbewahren sollten - Nachrichten - Stra\u00dfenweb","isPartOf":{"@id":"https:\/\/www.strassenweb.de\/nachrichten\/#website"},"primaryImageOfPage":{"@id":"https:\/\/www.strassenweb.de\/nachrichten\/7-gegenstaende-die-sie-definitiv-am-falschen-ort-aufbewahren-und-wo-sie-sie-stattdessen-aufbewahren-sollten\/#primaryimage"},"image":{"@id":"https:\/\/www.strassenweb.de\/nachrichten\/7-gegenstaende-die-sie-definitiv-am-falschen-ort-aufbewahren-und-wo-sie-sie-stattdessen-aufbewahren-sollten\/#primaryimage"},"thumbnailUrl":"https:\/\/www.strassenweb.de\/nachrichten\/wp-content\/uploads\/2024\/12\/7-Gegenstaende-die-Sie-definitiv-am-falschen-Ort-aufbewahren-\u2013.jpg","datePublished":"2024-12-22T01:41:04+00:00","dateModified":"2024-12-22T01:41:05+00:00","breadcrumb":{"@id":"https:\/\/www.strassenweb.de\/nachrichten\/7-gegenstaende-die-sie-definitiv-am-falschen-ort-aufbewahren-und-wo-sie-sie-stattdessen-aufbewahren-sollten\/#breadcrumb"},"inLanguage":"de","potentialAction":[{"@type":"ReadAction","target":["https:\/\/www.strassenweb.de\/nachrichten\/7-gegenstaende-die-sie-definitiv-am-falschen-ort-aufbewahren-und-wo-sie-sie-stattdessen-aufbewahren-sollten\/"]}]},{"@type":"ImageObject","inLanguage":"de","@id":"https:\/\/www.strassenweb.de\/nachrichten\/7-gegenstaende-die-sie-definitiv-am-falschen-ort-aufbewahren-und-wo-sie-sie-stattdessen-aufbewahren-sollten\/#primaryimage","url":"https:\/\/www.strassenweb.de\/nachrichten\/wp-content\/uploads\/2024\/12\/7-Gegenstaende-die-Sie-definitiv-am-falschen-Ort-aufbewahren-\u2013.jpg","contentUrl":"https:\/\/www.strassenweb.de\/nachrichten\/wp-content\/uploads\/2024\/12\/7-Gegenstaende-die-Sie-definitiv-am-falschen-Ort-aufbewahren-\u2013.jpg","width":1200,"height":675,"caption":"7 Gegenst\u00e4nde, die Sie definitiv am falschen Ort aufbewahren \u2013 und wo Sie sie stattdessen aufbewahren sollten"},{"@type":"BreadcrumbList","@id":"https:\/\/www.strassenweb.de\/nachrichten\/7-gegenstaende-die-sie-definitiv-am-falschen-ort-aufbewahren-und-wo-sie-sie-stattdessen-aufbewahren-sollten\/#breadcrumb","itemListElement":[{"@type":"ListItem","position":1,"name":"Home","item":"https:\/\/www.strassenweb.de\/nachrichten\/"},{"@type":"ListItem","position":2,"name":"7 Gegenst\u00e4nde, die Sie definitiv am falschen Ort aufbewahren \u2013 und wo Sie sie stattdessen aufbewahren sollten"}]},{"@type":"WebSite","@id":"https:\/\/www.strassenweb.de\/nachrichten\/#website","url":"https:\/\/www.strassenweb.de\/nachrichten\/","name":"Stra\u00dfenweb","description":"Stra\u00dfenverzeichnis f\u00fcr Deutschland","publisher":{"@id":"https:\/\/www.strassenweb.de\/nachrichten\/#organization"},"potentialAction":[{"@type":"SearchAction","target":{"@type":"EntryPoint","urlTemplate":"https:\/\/www.strassenweb.de\/nachrichten\/?s={search_term_string}"},"query-input":{"@type":"PropertyValueSpecification","valueRequired":true,"valueName":"search_term_string"}}],"inLanguage":"de"},{"@type":"Organization","@id":"https:\/\/www.strassenweb.de\/nachrichten\/#organization","name":"Stra\u00dfenweb","url":"https:\/\/www.strassenweb.de\/nachrichten\/","logo":{"@type":"ImageObject","inLanguage":"de","@id":"https:\/\/www.strassenweb.de\/nachrichten\/#\/schema\/logo\/image\/","url":"https:\/\/www.strassenweb.de\/nachrichten\/wp-content\/uploads\/2024\/09\/cropped-favicon.png","contentUrl":"https:\/\/www.strassenweb.de\/nachrichten\/wp-content\/uploads\/2024\/09\/cropped-favicon.png","width":512,"height":512,"caption":"Stra\u00dfenweb"},"image":{"@id":"https:\/\/www.strassenweb.de\/nachrichten\/#\/schema\/logo\/image\/"},"sameAs":["https:\/\/www.facebook.com\/strassenweb\/"]},{"@type":"Person","@id":"https:\/\/www.strassenweb.de\/nachrichten\/#\/schema\/person\/87c9c9067f1211da429a744dc5a5aa41","name":"Robert Hoffmann","image":{"@type":"ImageObject","inLanguage":"de","@id":"https:\/\/www.strassenweb.de\/nachrichten\/wp-content\/uploads\/2024\/09\/strassenweb-150x150.jpg","url":"https:\/\/www.strassenweb.de\/nachrichten\/wp-content\/uploads\/2024\/09\/strassenweb-150x150.jpg","contentUrl":"https:\/\/www.strassenweb.de\/nachrichten\/wp-content\/uploads\/2024\/09\/strassenweb-150x150.jpg","caption":"Robert Hoffmann"},"description":"Ich hei\u00dfe Robert Hoffmann und ich bin ein leidenschaftlicher Verfechter von \u00d6kologie und Biodiversit\u00e4t. Seit meiner Kindheit in den W\u00e4ldern Bayerns f\u00fchle ich mich mit der Natur verbunden und bin entschlossen, sie zu sch\u00fctzen. Heute widme ich mein Leben der Sensibilisierung anderer f\u00fcr die Bedeutung des Umweltschutzes f\u00fcr zuk\u00fcnftige Generationen.","sameAs":["https:\/\/www.strassenweb.de\/"]}]}},"_links":{"self":[{"href":"https:\/\/www.strassenweb.de\/nachrichten\/wp-json\/wp\/v2\/posts\/2277","targetHints":{"allow":["GET"]}}],"collection":[{"href":"https:\/\/www.strassenweb.de\/nachrichten\/wp-json\/wp\/v2\/posts"}],"about":[{"href":"https:\/\/www.strassenweb.de\/nachrichten\/wp-json\/wp\/v2\/types\/post"}],"author":[{"embeddable":true,"href":"https:\/\/www.strassenweb.de\/nachrichten\/wp-json\/wp\/v2\/users\/1"}],"replies":[{"embeddable":true,"href":"https:\/\/www.strassenweb.de\/nachrichten\/wp-json\/wp\/v2\/comments?post=2277"}],"version-history":[{"count":0,"href":"https:\/\/www.strassenweb.de\/nachrichten\/wp-json\/wp\/v2\/posts\/2277\/revisions"}],"wp:featuredmedia":[{"embeddable":true,"href":"https:\/\/www.strassenweb.de\/nachrichten\/wp-json\/wp\/v2\/media\/2278"}],"wp:attachment":[{"href":"https:\/\/www.strassenweb.de\/nachrichten\/wp-json\/wp\/v2\/media?parent=2277"}],"wp:term":[{"taxonomy":"category","embeddable":true,"href":"https:\/\/www.strassenweb.de\/nachrichten\/wp-json\/wp\/v2\/categories?post=2277"},{"taxonomy":"post_tag","embeddable":true,"href":"https:\/\/www.strassenweb.de\/nachrichten\/wp-json\/wp\/v2\/tags?post=2277"}],"curies":[{"name":"wp","href":"https:\/\/api.w.org\/{rel}","templated":true}]}}