{"id":227,"date":"2024-09-25T12:14:17","date_gmt":"2024-09-25T10:14:17","guid":{"rendered":"https:\/\/www.strassenweb.de\/nachrichten\/alles-ist-in-bourdieudeutschland-hat-sich-nie-von-nazis-befreit-und-die-afd-ist-ihr-letzter-ausdruck\/"},"modified":"2024-09-25T12:14:19","modified_gmt":"2024-09-25T10:14:19","slug":"alles-ist-in-bourdieudeutschland-hat-sich-nie-von-nazis-befreit-und-die-afd-ist-ihr-letzter-ausdruck","status":"publish","type":"post","link":"https:\/\/www.strassenweb.de\/nachrichten\/alles-ist-in-bourdieudeutschland-hat-sich-nie-von-nazis-befreit-und-die-afd-ist-ihr-letzter-ausdruck\/","title":{"rendered":"ALLES IST IN BOURDIEUDeutschland hat sich nie von Nazis befreit und die AfD ist ihr letzter Ausdruck"},"content":{"rendered":"<p>Es ist nicht schwer zu verstehen, wie a<b> Neonazi-Klarzeichen-Partei<\/b> und mit einer offen nationalsozialistischen Rede, in der er sich sogar einiger seiner Proklamationen bediente, hat er es getan <b>eine Wahl in einem Land gewinnen konnte<\/b> die mit ihren mythologisierten und bis vor Kurzem als Beispiel f\u00fcr die \u00dcberwindung ihrer nationalsozialistischen Vergangenheit galt <b>falsche Entnazifizierung<\/b>. Die \u00dcberraschung, den Sieg einer Partei wie der AfD zu verstehen, kann nur von denen kommen, die jedes Mal, wenn in Spanien eine Lobpreisung des Franco-Regimes zu sehen war, als Slogan den Satz hatten: \u201eDas w\u00fcrde in Deutschland nicht passieren\u201c, denn das ist die Wahrheit es passiert, es ist passiert und es wird passieren, weil <b>Die Entnazifizierungsgeschichte war ein Scherz<\/b> So gut ge\u00f6lt wie das Modell des \u00dcbergangs, das von den Alliierten mit den USA an der Spitze gef\u00f6rdert wurde, um zu rechtfertigen, dass alle ihre Kollaborateure im Kampf gegen den Kommunismus nicht aus dem Nationalsozialismus stammten und sauber waren.<\/p>\n<p>Der <b>AfD-Sieg in Th\u00fcringen<\/b> Es ist nur ein weiteres Beispiel f\u00fcr diese Besch\u00f6nigung des Nationalsozialismus im wahrsten Sinne des Wortes, da die Eingliederung von Nazis in die Geheimdienste, die hohe institutionelle Vertretung und die Justiz mit Geleitausweisen erfolgte, die als solche fungierten <b>eidesstattliche Erkl\u00e4rung, dass er nicht dazugeh\u00f6rt habe<\/b> von der NSDAP umgangssprachlich \u201ePersil\u201c genannt, nach dem Waschmittel, das wei\u00dfer w\u00e4scht. Deshalb <b>Bj\u00f6rn Hocke<\/b> Er hatte den Weg geebnet, als er diese Nazi-Parolen in seinen Reden und Proklamationen verwendete und diejenigen ermutigte, die in ihrer Familie privat all jene Ideen geh\u00f6rt hatten, von denen einige glaubten, sie seien verbannt. Nur in einem Land, in dem diese Werte weiterhin akzeptabel sind, kann eine Idee wie die R\u00fcckwanderung Fu\u00df fassen, die die Ausweisung aller Menschen aus dem Land fordert, die nicht die deutsche Kultur teilen, eine Definition derjenigen, die fr\u00fcher als Arier bezeichnet wurden, und wer wird ausgewiesen werden m\u00fcssen an alle Deutschen, die diese Ideen auch unter Anwendung von Gewalt nicht teilen. Das ist die Ideologie des extremistischsten Zweigs der AfD, der in Th\u00fcringen gewonnen hat und hat <b>zweite Kraft in Sachsen<\/b>.<\/p>\n<p>Die Besonderheiten jeder Region lassen sich nicht automatisch auf andere L\u00e4nder \u00fcbertragen, aber es gibt Parameter, die \u00e4hnlich wirken und aus denen unbedingt gelernt werden muss. Einer davon ist die Bedeutung der Einwanderungsdebatte im Zusammenhang mit Sicherheit und ihr Gewicht in der \u00f6ffentlichen Meinung. Der regionale Wahlkampf in Ostdeutschland konzentrierte sich auf Einwanderung und Sicherheit, unterst\u00fctzt durch den Terroranschlag in Solingen durch einen syrischen Fl\u00fcchtling, das Gewicht in der Diskussion dieser Themen war zentral und wird durch die \u00dcbernahme der Ultra-Postulate in den Parteien unterst\u00fctzt Rest der Ideologien. Im Falle Sachsens und Th\u00fcringens ist es nicht nur so, dass die CDU-Konservativen diese Botschaft \u00fcbernehmen, oder dass die <b>Sozialdemokratie von Kanzler Scholz<\/b> hat darauf hingewiesen, wie wichtig es ist, die Asyl- und Fl\u00fcchtlingspolitik zu versch\u00e4rfen, sondern vielmehr<b> sogar auf der radikalen Linken<\/b> Die Rahmenbedingungen des AfD-Diskurses wurden \u00fcbernommen, wie es auch bei der Partei von Sahra Wagenknecht, der ehemaligen Vorsitzenden der Linken, der Fall ist, die mit einem rotbraunen Diskurs W\u00e4hlerquoten von \u00fcber 10 % erreicht hat <b>basierend auf der Ablehnung der Einwanderung<\/b>die Reaktion in Form postmaterieller Elemente und die Konzentration auf eine protektionistische Wirtschaftsbotschaft. Alle diese Parteien \u00fcbernehmen die AfD-Botschaft. Das Einzige, was sie erreicht haben, ist, dass die AfD die Partei mit den meisten Stimmen ist, indem sie die Werte, die sie alle zu verteidigen behaupten, besser vertritt. Dies soll in Spanien als Erinnerung daran dienen, dass die Diskussion \u00fcber Migration in Ultras nur den Ultras n\u00fctzt.<\/p>\n<div><\/div>\n<p>Ohne ein Gef\u00fchl der Trauer und einer sozialen Kluft kann es keine Botschaft geben, den Feind zu suchen und das Anderssein zu leugnen. Die Antwort auf den Sieg der AfD in Th\u00fcringen muss auch in der liegen<b> massiver Kapitalismusbetrug nach dem Untergang der DDR<\/b>. Der <b>Ostdeutschland existiert noch <\/b>in allen Parametern des Lebensstandards und der Ungleichheit und der <i>Ostalgie <\/i>Es ist in der politischen Emotion seiner Bewohner sehr pr\u00e4sent. Alle hofften, dass die versprochene Wiedervereinigung und das ersehnte Paradies des Kapitals eine wesentliche Verbesserung des Lebensstandards f\u00fcr diejenigen bedeuten w\u00fcrden, die vom Sirenengesang der kapitalistischen Goldgrube in Versuchung gef\u00fchrt worden waren. Aber man muss sich nur eine beliebige Karte des heutigen Deutschlands ansehen, um zu verstehen, dass die Grenze zwischen der BRD und der DDR immer noch bestehen bleibt. Die Ern\u00fcchterung, die nach dem Fall der Berliner Mauer aufkam, wurde durch die Einf\u00fchrung der Treuhand-Agentur f\u00fcr den industriellen R\u00fcckbau unter dem Slogan \u201eEs gibt keine Alternative\u201c ges\u00e4t, die zu Unruhen f\u00fchrte <i>Schock <\/i>der Arbeitslosigkeit ohne den massiven Schutz des Staates und wird jetzt eingezogen. T<b>Nicht alles, was heute entsteht, entsteht aus dem Nichts<\/b> und es begann vor Jahren Gestalt anzunehmen. Wie konnte es passieren? Wir werden uns fragen. Man muss nur auf die Schilder achten.<\/p>\n","protected":false},"excerpt":{"rendered":"<p>Es ist nicht schwer zu verstehen, wie a Neonazi-Klarzeichen-Partei und mit einer offen nationalsozialistischen Rede, in der er sich sogar einiger seiner Proklamationen bediente, hat<\/p>\n","protected":false},"author":1,"featured_media":228,"comment_status":"closed","ping_status":"","sticky":false,"template":"","format":"standard","meta":{"footnotes":""},"categories":[4],"tags":[463,157,465,462,459,9,189,170,15,464,461,460,142,37,21],"class_list":["post-227","post","type-post","status-publish","format-standard","has-post-thumbnail","hentry","category-aktuelle-nachrichten","tag-afd","tag-alles","tag-ausdruck","tag-befreit","tag-bourdieudeutschland","tag-die","tag-hat","tag-ihr","tag-ist","tag-letzter","tag-nazis","tag-nie","tag-sich","tag-und","tag-von","generate-columns","tablet-grid-50","mobile-grid-100","grid-parent","grid-50"],"yoast_head":"<!-- This site is optimized with the Yoast SEO plugin v27.3 - https:\/\/yoast.com\/product\/yoast-seo-wordpress\/ -->\n<title>ALLES IST IN BOURDIEUDeutschland hat sich nie von Nazis befreit und die AfD ist ihr letzter Ausdruck - Nachrichten - Stra\u00dfenweb<\/title>\n<meta name=\"robots\" content=\"index, follow, max-snippet:-1, max-image-preview:large, max-video-preview:-1\" \/>\n<link rel=\"canonical\" href=\"https:\/\/www.strassenweb.de\/nachrichten\/alles-ist-in-bourdieudeutschland-hat-sich-nie-von-nazis-befreit-und-die-afd-ist-ihr-letzter-ausdruck\/\" \/>\n<meta property=\"og:locale\" content=\"de_DE\" \/>\n<meta property=\"og:type\" content=\"article\" \/>\n<meta property=\"og:title\" content=\"ALLES IST IN BOURDIEUDeutschland hat sich nie von Nazis befreit und die AfD ist ihr letzter Ausdruck - Nachrichten - Stra\u00dfenweb\" \/>\n<meta property=\"og:description\" content=\"Es ist nicht schwer zu verstehen, wie a Neonazi-Klarzeichen-Partei und mit einer offen nationalsozialistischen Rede, in der er sich sogar einiger seiner Proklamationen bediente, hat\" \/>\n<meta property=\"og:url\" content=\"https:\/\/www.strassenweb.de\/nachrichten\/alles-ist-in-bourdieudeutschland-hat-sich-nie-von-nazis-befreit-und-die-afd-ist-ihr-letzter-ausdruck\/\" \/>\n<meta property=\"og:site_name\" content=\"Stra\u00dfenweb\" \/>\n<meta property=\"article:publisher\" content=\"https:\/\/www.facebook.com\/strassenweb\/\" \/>\n<meta property=\"article:published_time\" content=\"2024-09-25T10:14:17+00:00\" \/>\n<meta property=\"article:modified_time\" content=\"2024-09-25T10:14:19+00:00\" \/>\n<meta property=\"og:image\" content=\"https:\/\/www.strassenweb.de\/nachrichten\/wp-content\/uploads\/2024\/09\/ALLES-IST-IN-BOURDIEUDeutschland-hat-sich-nie-von-Nazis-befreit.jpg\" \/>\n\t<meta property=\"og:image:width\" content=\"1280\" \/>\n\t<meta property=\"og:image:height\" content=\"720\" \/>\n\t<meta property=\"og:image:type\" content=\"image\/jpeg\" \/>\n<meta name=\"author\" content=\"Robert Hoffmann\" \/>\n<meta name=\"twitter:card\" content=\"summary_large_image\" \/>\n<meta name=\"twitter:label1\" content=\"Verfasst von\" \/>\n\t<meta name=\"twitter:data1\" content=\"Robert Hoffmann\" \/>\n\t<meta name=\"twitter:label2\" content=\"Gesch\u00e4tzte Lesezeit\" \/>\n\t<meta name=\"twitter:data2\" content=\"4\u00a0Minuten\" \/>\n<script type=\"application\/ld+json\" class=\"yoast-schema-graph\">{\"@context\":\"https:\\\/\\\/schema.org\",\"@graph\":[{\"@type\":\"Article\",\"@id\":\"https:\\\/\\\/www.strassenweb.de\\\/nachrichten\\\/alles-ist-in-bourdieudeutschland-hat-sich-nie-von-nazis-befreit-und-die-afd-ist-ihr-letzter-ausdruck\\\/#article\",\"isPartOf\":{\"@id\":\"https:\\\/\\\/www.strassenweb.de\\\/nachrichten\\\/alles-ist-in-bourdieudeutschland-hat-sich-nie-von-nazis-befreit-und-die-afd-ist-ihr-letzter-ausdruck\\\/\"},\"author\":{\"name\":\"Robert Hoffmann\",\"@id\":\"https:\\\/\\\/www.strassenweb.de\\\/nachrichten\\\/#\\\/schema\\\/person\\\/87c9c9067f1211da429a744dc5a5aa41\"},\"headline\":\"ALLES IST IN BOURDIEUDeutschland hat sich nie von Nazis befreit und die AfD ist ihr letzter Ausdruck\",\"datePublished\":\"2024-09-25T10:14:17+00:00\",\"dateModified\":\"2024-09-25T10:14:19+00:00\",\"mainEntityOfPage\":{\"@id\":\"https:\\\/\\\/www.strassenweb.de\\\/nachrichten\\\/alles-ist-in-bourdieudeutschland-hat-sich-nie-von-nazis-befreit-und-die-afd-ist-ihr-letzter-ausdruck\\\/\"},\"wordCount\":831,\"publisher\":{\"@id\":\"https:\\\/\\\/www.strassenweb.de\\\/nachrichten\\\/#organization\"},\"image\":{\"@id\":\"https:\\\/\\\/www.strassenweb.de\\\/nachrichten\\\/alles-ist-in-bourdieudeutschland-hat-sich-nie-von-nazis-befreit-und-die-afd-ist-ihr-letzter-ausdruck\\\/#primaryimage\"},\"thumbnailUrl\":\"https:\\\/\\\/www.strassenweb.de\\\/nachrichten\\\/wp-content\\\/uploads\\\/2024\\\/09\\\/ALLES-IST-IN-BOURDIEUDeutschland-hat-sich-nie-von-Nazis-befreit.jpg\",\"keywords\":[\"AfD\",\"alles\",\"Ausdruck\",\"befreit\",\"BOURDIEUDeutschland\",\"die\",\"hat\",\"Ihr\",\"ist\",\"letzter\",\"Nazis\",\"nie\",\"sich\",\"und\",\"von\"],\"articleSection\":[\"Aktuelle Nachrichten\"],\"inLanguage\":\"de\"},{\"@type\":\"WebPage\",\"@id\":\"https:\\\/\\\/www.strassenweb.de\\\/nachrichten\\\/alles-ist-in-bourdieudeutschland-hat-sich-nie-von-nazis-befreit-und-die-afd-ist-ihr-letzter-ausdruck\\\/\",\"url\":\"https:\\\/\\\/www.strassenweb.de\\\/nachrichten\\\/alles-ist-in-bourdieudeutschland-hat-sich-nie-von-nazis-befreit-und-die-afd-ist-ihr-letzter-ausdruck\\\/\",\"name\":\"ALLES IST IN BOURDIEUDeutschland hat sich nie von Nazis befreit und die AfD ist ihr letzter Ausdruck - Nachrichten - Stra\u00dfenweb\",\"isPartOf\":{\"@id\":\"https:\\\/\\\/www.strassenweb.de\\\/nachrichten\\\/#website\"},\"primaryImageOfPage\":{\"@id\":\"https:\\\/\\\/www.strassenweb.de\\\/nachrichten\\\/alles-ist-in-bourdieudeutschland-hat-sich-nie-von-nazis-befreit-und-die-afd-ist-ihr-letzter-ausdruck\\\/#primaryimage\"},\"image\":{\"@id\":\"https:\\\/\\\/www.strassenweb.de\\\/nachrichten\\\/alles-ist-in-bourdieudeutschland-hat-sich-nie-von-nazis-befreit-und-die-afd-ist-ihr-letzter-ausdruck\\\/#primaryimage\"},\"thumbnailUrl\":\"https:\\\/\\\/www.strassenweb.de\\\/nachrichten\\\/wp-content\\\/uploads\\\/2024\\\/09\\\/ALLES-IST-IN-BOURDIEUDeutschland-hat-sich-nie-von-Nazis-befreit.jpg\",\"datePublished\":\"2024-09-25T10:14:17+00:00\",\"dateModified\":\"2024-09-25T10:14:19+00:00\",\"breadcrumb\":{\"@id\":\"https:\\\/\\\/www.strassenweb.de\\\/nachrichten\\\/alles-ist-in-bourdieudeutschland-hat-sich-nie-von-nazis-befreit-und-die-afd-ist-ihr-letzter-ausdruck\\\/#breadcrumb\"},\"inLanguage\":\"de\",\"potentialAction\":[{\"@type\":\"ReadAction\",\"target\":[\"https:\\\/\\\/www.strassenweb.de\\\/nachrichten\\\/alles-ist-in-bourdieudeutschland-hat-sich-nie-von-nazis-befreit-und-die-afd-ist-ihr-letzter-ausdruck\\\/\"]}]},{\"@type\":\"ImageObject\",\"inLanguage\":\"de\",\"@id\":\"https:\\\/\\\/www.strassenweb.de\\\/nachrichten\\\/alles-ist-in-bourdieudeutschland-hat-sich-nie-von-nazis-befreit-und-die-afd-ist-ihr-letzter-ausdruck\\\/#primaryimage\",\"url\":\"https:\\\/\\\/www.strassenweb.de\\\/nachrichten\\\/wp-content\\\/uploads\\\/2024\\\/09\\\/ALLES-IST-IN-BOURDIEUDeutschland-hat-sich-nie-von-Nazis-befreit.jpg\",\"contentUrl\":\"https:\\\/\\\/www.strassenweb.de\\\/nachrichten\\\/wp-content\\\/uploads\\\/2024\\\/09\\\/ALLES-IST-IN-BOURDIEUDeutschland-hat-sich-nie-von-Nazis-befreit.jpg\",\"width\":1280,\"height\":720,\"caption\":\"ALLES IST IN BOURDIEUDeutschland hat sich nie von Nazis befreit und die AfD ist ihr letzter Ausdruck\"},{\"@type\":\"BreadcrumbList\",\"@id\":\"https:\\\/\\\/www.strassenweb.de\\\/nachrichten\\\/alles-ist-in-bourdieudeutschland-hat-sich-nie-von-nazis-befreit-und-die-afd-ist-ihr-letzter-ausdruck\\\/#breadcrumb\",\"itemListElement\":[{\"@type\":\"ListItem\",\"position\":1,\"name\":\"Home\",\"item\":\"https:\\\/\\\/www.strassenweb.de\\\/nachrichten\\\/\"},{\"@type\":\"ListItem\",\"position\":2,\"name\":\"ALLES IST IN BOURDIEUDeutschland hat sich nie von Nazis befreit und die AfD ist ihr letzter Ausdruck\"}]},{\"@type\":\"WebSite\",\"@id\":\"https:\\\/\\\/www.strassenweb.de\\\/nachrichten\\\/#website\",\"url\":\"https:\\\/\\\/www.strassenweb.de\\\/nachrichten\\\/\",\"name\":\"Stra\u00dfenweb\",\"description\":\"Stra\u00dfenverzeichnis f\u00fcr Deutschland\",\"publisher\":{\"@id\":\"https:\\\/\\\/www.strassenweb.de\\\/nachrichten\\\/#organization\"},\"potentialAction\":[{\"@type\":\"SearchAction\",\"target\":{\"@type\":\"EntryPoint\",\"urlTemplate\":\"https:\\\/\\\/www.strassenweb.de\\\/nachrichten\\\/?s={search_term_string}\"},\"query-input\":{\"@type\":\"PropertyValueSpecification\",\"valueRequired\":true,\"valueName\":\"search_term_string\"}}],\"inLanguage\":\"de\"},{\"@type\":\"Organization\",\"@id\":\"https:\\\/\\\/www.strassenweb.de\\\/nachrichten\\\/#organization\",\"name\":\"Stra\u00dfenweb\",\"url\":\"https:\\\/\\\/www.strassenweb.de\\\/nachrichten\\\/\",\"logo\":{\"@type\":\"ImageObject\",\"inLanguage\":\"de\",\"@id\":\"https:\\\/\\\/www.strassenweb.de\\\/nachrichten\\\/#\\\/schema\\\/logo\\\/image\\\/\",\"url\":\"https:\\\/\\\/www.strassenweb.de\\\/nachrichten\\\/wp-content\\\/uploads\\\/2024\\\/09\\\/cropped-favicon.png\",\"contentUrl\":\"https:\\\/\\\/www.strassenweb.de\\\/nachrichten\\\/wp-content\\\/uploads\\\/2024\\\/09\\\/cropped-favicon.png\",\"width\":512,\"height\":512,\"caption\":\"Stra\u00dfenweb\"},\"image\":{\"@id\":\"https:\\\/\\\/www.strassenweb.de\\\/nachrichten\\\/#\\\/schema\\\/logo\\\/image\\\/\"},\"sameAs\":[\"https:\\\/\\\/www.facebook.com\\\/strassenweb\\\/\"]},{\"@type\":\"Person\",\"@id\":\"https:\\\/\\\/www.strassenweb.de\\\/nachrichten\\\/#\\\/schema\\\/person\\\/87c9c9067f1211da429a744dc5a5aa41\",\"name\":\"Robert Hoffmann\",\"image\":{\"@type\":\"ImageObject\",\"inLanguage\":\"de\",\"@id\":\"https:\\\/\\\/www.strassenweb.de\\\/nachrichten\\\/wp-content\\\/uploads\\\/2024\\\/09\\\/strassenweb-150x150.jpg\",\"url\":\"https:\\\/\\\/www.strassenweb.de\\\/nachrichten\\\/wp-content\\\/uploads\\\/2024\\\/09\\\/strassenweb-150x150.jpg\",\"contentUrl\":\"https:\\\/\\\/www.strassenweb.de\\\/nachrichten\\\/wp-content\\\/uploads\\\/2024\\\/09\\\/strassenweb-150x150.jpg\",\"caption\":\"Robert Hoffmann\"},\"description\":\"Ich hei\u00dfe Robert Hoffmann und ich bin ein leidenschaftlicher Verfechter von \u00d6kologie und Biodiversit\u00e4t. Seit meiner Kindheit in den W\u00e4ldern Bayerns f\u00fchle ich mich mit der Natur verbunden und bin entschlossen, sie zu sch\u00fctzen. Heute widme ich mein Leben der Sensibilisierung anderer f\u00fcr die Bedeutung des Umweltschutzes f\u00fcr zuk\u00fcnftige Generationen.\",\"sameAs\":[\"https:\\\/\\\/www.strassenweb.de\\\/\"]}]}<\/script>\n<!-- \/ Yoast SEO plugin. -->","yoast_head_json":{"title":"ALLES IST IN BOURDIEUDeutschland hat sich nie von Nazis befreit und die AfD ist ihr letzter Ausdruck - Nachrichten - Stra\u00dfenweb","robots":{"index":"index","follow":"follow","max-snippet":"max-snippet:-1","max-image-preview":"max-image-preview:large","max-video-preview":"max-video-preview:-1"},"canonical":"https:\/\/www.strassenweb.de\/nachrichten\/alles-ist-in-bourdieudeutschland-hat-sich-nie-von-nazis-befreit-und-die-afd-ist-ihr-letzter-ausdruck\/","og_locale":"de_DE","og_type":"article","og_title":"ALLES IST IN BOURDIEUDeutschland hat sich nie von Nazis befreit und die AfD ist ihr letzter Ausdruck - Nachrichten - Stra\u00dfenweb","og_description":"Es ist nicht schwer zu verstehen, wie a Neonazi-Klarzeichen-Partei und mit einer offen nationalsozialistischen Rede, in der er sich sogar einiger seiner Proklamationen bediente, hat","og_url":"https:\/\/www.strassenweb.de\/nachrichten\/alles-ist-in-bourdieudeutschland-hat-sich-nie-von-nazis-befreit-und-die-afd-ist-ihr-letzter-ausdruck\/","og_site_name":"Stra\u00dfenweb","article_publisher":"https:\/\/www.facebook.com\/strassenweb\/","article_published_time":"2024-09-25T10:14:17+00:00","article_modified_time":"2024-09-25T10:14:19+00:00","og_image":[{"width":1280,"height":720,"url":"https:\/\/www.strassenweb.de\/nachrichten\/wp-content\/uploads\/2024\/09\/ALLES-IST-IN-BOURDIEUDeutschland-hat-sich-nie-von-Nazis-befreit.jpg","type":"image\/jpeg"}],"author":"Robert Hoffmann","twitter_card":"summary_large_image","twitter_misc":{"Verfasst von":"Robert Hoffmann","Gesch\u00e4tzte Lesezeit":"4\u00a0Minuten"},"schema":{"@context":"https:\/\/schema.org","@graph":[{"@type":"Article","@id":"https:\/\/www.strassenweb.de\/nachrichten\/alles-ist-in-bourdieudeutschland-hat-sich-nie-von-nazis-befreit-und-die-afd-ist-ihr-letzter-ausdruck\/#article","isPartOf":{"@id":"https:\/\/www.strassenweb.de\/nachrichten\/alles-ist-in-bourdieudeutschland-hat-sich-nie-von-nazis-befreit-und-die-afd-ist-ihr-letzter-ausdruck\/"},"author":{"name":"Robert Hoffmann","@id":"https:\/\/www.strassenweb.de\/nachrichten\/#\/schema\/person\/87c9c9067f1211da429a744dc5a5aa41"},"headline":"ALLES IST IN BOURDIEUDeutschland hat sich nie von Nazis befreit und die AfD ist ihr letzter Ausdruck","datePublished":"2024-09-25T10:14:17+00:00","dateModified":"2024-09-25T10:14:19+00:00","mainEntityOfPage":{"@id":"https:\/\/www.strassenweb.de\/nachrichten\/alles-ist-in-bourdieudeutschland-hat-sich-nie-von-nazis-befreit-und-die-afd-ist-ihr-letzter-ausdruck\/"},"wordCount":831,"publisher":{"@id":"https:\/\/www.strassenweb.de\/nachrichten\/#organization"},"image":{"@id":"https:\/\/www.strassenweb.de\/nachrichten\/alles-ist-in-bourdieudeutschland-hat-sich-nie-von-nazis-befreit-und-die-afd-ist-ihr-letzter-ausdruck\/#primaryimage"},"thumbnailUrl":"https:\/\/www.strassenweb.de\/nachrichten\/wp-content\/uploads\/2024\/09\/ALLES-IST-IN-BOURDIEUDeutschland-hat-sich-nie-von-Nazis-befreit.jpg","keywords":["AfD","alles","Ausdruck","befreit","BOURDIEUDeutschland","die","hat","Ihr","ist","letzter","Nazis","nie","sich","und","von"],"articleSection":["Aktuelle Nachrichten"],"inLanguage":"de"},{"@type":"WebPage","@id":"https:\/\/www.strassenweb.de\/nachrichten\/alles-ist-in-bourdieudeutschland-hat-sich-nie-von-nazis-befreit-und-die-afd-ist-ihr-letzter-ausdruck\/","url":"https:\/\/www.strassenweb.de\/nachrichten\/alles-ist-in-bourdieudeutschland-hat-sich-nie-von-nazis-befreit-und-die-afd-ist-ihr-letzter-ausdruck\/","name":"ALLES IST IN BOURDIEUDeutschland hat sich nie von Nazis befreit und die AfD ist ihr letzter Ausdruck - Nachrichten - Stra\u00dfenweb","isPartOf":{"@id":"https:\/\/www.strassenweb.de\/nachrichten\/#website"},"primaryImageOfPage":{"@id":"https:\/\/www.strassenweb.de\/nachrichten\/alles-ist-in-bourdieudeutschland-hat-sich-nie-von-nazis-befreit-und-die-afd-ist-ihr-letzter-ausdruck\/#primaryimage"},"image":{"@id":"https:\/\/www.strassenweb.de\/nachrichten\/alles-ist-in-bourdieudeutschland-hat-sich-nie-von-nazis-befreit-und-die-afd-ist-ihr-letzter-ausdruck\/#primaryimage"},"thumbnailUrl":"https:\/\/www.strassenweb.de\/nachrichten\/wp-content\/uploads\/2024\/09\/ALLES-IST-IN-BOURDIEUDeutschland-hat-sich-nie-von-Nazis-befreit.jpg","datePublished":"2024-09-25T10:14:17+00:00","dateModified":"2024-09-25T10:14:19+00:00","breadcrumb":{"@id":"https:\/\/www.strassenweb.de\/nachrichten\/alles-ist-in-bourdieudeutschland-hat-sich-nie-von-nazis-befreit-und-die-afd-ist-ihr-letzter-ausdruck\/#breadcrumb"},"inLanguage":"de","potentialAction":[{"@type":"ReadAction","target":["https:\/\/www.strassenweb.de\/nachrichten\/alles-ist-in-bourdieudeutschland-hat-sich-nie-von-nazis-befreit-und-die-afd-ist-ihr-letzter-ausdruck\/"]}]},{"@type":"ImageObject","inLanguage":"de","@id":"https:\/\/www.strassenweb.de\/nachrichten\/alles-ist-in-bourdieudeutschland-hat-sich-nie-von-nazis-befreit-und-die-afd-ist-ihr-letzter-ausdruck\/#primaryimage","url":"https:\/\/www.strassenweb.de\/nachrichten\/wp-content\/uploads\/2024\/09\/ALLES-IST-IN-BOURDIEUDeutschland-hat-sich-nie-von-Nazis-befreit.jpg","contentUrl":"https:\/\/www.strassenweb.de\/nachrichten\/wp-content\/uploads\/2024\/09\/ALLES-IST-IN-BOURDIEUDeutschland-hat-sich-nie-von-Nazis-befreit.jpg","width":1280,"height":720,"caption":"ALLES IST IN BOURDIEUDeutschland hat sich nie von Nazis befreit und die AfD ist ihr letzter Ausdruck"},{"@type":"BreadcrumbList","@id":"https:\/\/www.strassenweb.de\/nachrichten\/alles-ist-in-bourdieudeutschland-hat-sich-nie-von-nazis-befreit-und-die-afd-ist-ihr-letzter-ausdruck\/#breadcrumb","itemListElement":[{"@type":"ListItem","position":1,"name":"Home","item":"https:\/\/www.strassenweb.de\/nachrichten\/"},{"@type":"ListItem","position":2,"name":"ALLES IST IN BOURDIEUDeutschland hat sich nie von Nazis befreit und die AfD ist ihr letzter Ausdruck"}]},{"@type":"WebSite","@id":"https:\/\/www.strassenweb.de\/nachrichten\/#website","url":"https:\/\/www.strassenweb.de\/nachrichten\/","name":"Stra\u00dfenweb","description":"Stra\u00dfenverzeichnis f\u00fcr Deutschland","publisher":{"@id":"https:\/\/www.strassenweb.de\/nachrichten\/#organization"},"potentialAction":[{"@type":"SearchAction","target":{"@type":"EntryPoint","urlTemplate":"https:\/\/www.strassenweb.de\/nachrichten\/?s={search_term_string}"},"query-input":{"@type":"PropertyValueSpecification","valueRequired":true,"valueName":"search_term_string"}}],"inLanguage":"de"},{"@type":"Organization","@id":"https:\/\/www.strassenweb.de\/nachrichten\/#organization","name":"Stra\u00dfenweb","url":"https:\/\/www.strassenweb.de\/nachrichten\/","logo":{"@type":"ImageObject","inLanguage":"de","@id":"https:\/\/www.strassenweb.de\/nachrichten\/#\/schema\/logo\/image\/","url":"https:\/\/www.strassenweb.de\/nachrichten\/wp-content\/uploads\/2024\/09\/cropped-favicon.png","contentUrl":"https:\/\/www.strassenweb.de\/nachrichten\/wp-content\/uploads\/2024\/09\/cropped-favicon.png","width":512,"height":512,"caption":"Stra\u00dfenweb"},"image":{"@id":"https:\/\/www.strassenweb.de\/nachrichten\/#\/schema\/logo\/image\/"},"sameAs":["https:\/\/www.facebook.com\/strassenweb\/"]},{"@type":"Person","@id":"https:\/\/www.strassenweb.de\/nachrichten\/#\/schema\/person\/87c9c9067f1211da429a744dc5a5aa41","name":"Robert Hoffmann","image":{"@type":"ImageObject","inLanguage":"de","@id":"https:\/\/www.strassenweb.de\/nachrichten\/wp-content\/uploads\/2024\/09\/strassenweb-150x150.jpg","url":"https:\/\/www.strassenweb.de\/nachrichten\/wp-content\/uploads\/2024\/09\/strassenweb-150x150.jpg","contentUrl":"https:\/\/www.strassenweb.de\/nachrichten\/wp-content\/uploads\/2024\/09\/strassenweb-150x150.jpg","caption":"Robert Hoffmann"},"description":"Ich hei\u00dfe Robert Hoffmann und ich bin ein leidenschaftlicher Verfechter von \u00d6kologie und Biodiversit\u00e4t. Seit meiner Kindheit in den W\u00e4ldern Bayerns f\u00fchle ich mich mit der Natur verbunden und bin entschlossen, sie zu sch\u00fctzen. Heute widme ich mein Leben der Sensibilisierung anderer f\u00fcr die Bedeutung des Umweltschutzes f\u00fcr zuk\u00fcnftige Generationen.","sameAs":["https:\/\/www.strassenweb.de\/"]}]}},"_links":{"self":[{"href":"https:\/\/www.strassenweb.de\/nachrichten\/wp-json\/wp\/v2\/posts\/227","targetHints":{"allow":["GET"]}}],"collection":[{"href":"https:\/\/www.strassenweb.de\/nachrichten\/wp-json\/wp\/v2\/posts"}],"about":[{"href":"https:\/\/www.strassenweb.de\/nachrichten\/wp-json\/wp\/v2\/types\/post"}],"author":[{"embeddable":true,"href":"https:\/\/www.strassenweb.de\/nachrichten\/wp-json\/wp\/v2\/users\/1"}],"replies":[{"embeddable":true,"href":"https:\/\/www.strassenweb.de\/nachrichten\/wp-json\/wp\/v2\/comments?post=227"}],"version-history":[{"count":0,"href":"https:\/\/www.strassenweb.de\/nachrichten\/wp-json\/wp\/v2\/posts\/227\/revisions"}],"wp:featuredmedia":[{"embeddable":true,"href":"https:\/\/www.strassenweb.de\/nachrichten\/wp-json\/wp\/v2\/media\/228"}],"wp:attachment":[{"href":"https:\/\/www.strassenweb.de\/nachrichten\/wp-json\/wp\/v2\/media?parent=227"}],"wp:term":[{"taxonomy":"category","embeddable":true,"href":"https:\/\/www.strassenweb.de\/nachrichten\/wp-json\/wp\/v2\/categories?post=227"},{"taxonomy":"post_tag","embeddable":true,"href":"https:\/\/www.strassenweb.de\/nachrichten\/wp-json\/wp\/v2\/tags?post=227"}],"curies":[{"name":"wp","href":"https:\/\/api.w.org\/{rel}","templated":true}]}}