{"id":2250,"date":"2024-12-21T00:40:34","date_gmt":"2024-12-20T23:40:34","guid":{"rendered":"https:\/\/www.strassenweb.de\/nachrichten\/victoria-beckham-nutzt-ein-gruenes-sofa-um-einen-trendigen-blickfang-in-ihrem-ankleidezimmer-zu-schaffen-designer-sagen-es-sei-ueberraschend-einfach-zu-stylen\/"},"modified":"2024-12-21T00:40:35","modified_gmt":"2024-12-20T23:40:35","slug":"victoria-beckham-nutzt-ein-gruenes-sofa-um-einen-trendigen-blickfang-in-ihrem-ankleidezimmer-zu-schaffen-designer-sagen-es-sei-ueberraschend-einfach-zu-stylen","status":"publish","type":"post","link":"https:\/\/www.strassenweb.de\/nachrichten\/victoria-beckham-nutzt-ein-gruenes-sofa-um-einen-trendigen-blickfang-in-ihrem-ankleidezimmer-zu-schaffen-designer-sagen-es-sei-ueberraschend-einfach-zu-stylen\/","title":{"rendered":"Victoria Beckham nutzt ein gr\u00fcnes Sofa, um einen trendigen Blickfang in ihrem Ankleidezimmer zu schaffen \u2013 Designer sagen, es sei \u00fcberraschend einfach zu stylen"},"content":{"rendered":"<p><\/p>\n<div id=\"article-body\" class=\"article__body \">\n<p>Das neue Jahr ist die perfekte Ausrede, um unsere H\u00e4user zu versch\u00f6nern und mit neuen St\u00fccken zu experimentieren, und f\u00fcr 2025 denken wir dar\u00fcber nach, wie wir Farbe in unsere R\u00e4ume integrieren k\u00f6nnen.<\/p>\n<div id=\"ad-unit-1\" class=\"ad-unit\"><\/div>\n<p>W\u00e4hrend einige von uns von Natur aus neutrale Farben bevorzugen, liegen Dopamindekor und Prim\u00e4rfarben weiterhin im Trend. Dabei orientieren wir uns an der immer stilvollen und eleganten Victoria Beckham, die es geschafft hat, ihrem Ankleidezimmer mit einem farbenfrohen Sofa eine kr\u00e4ftige Portion Farbe zu verleihen.<\/p>\n<aside class=\"hawk-nest\" data-block-type=\"embed\" data-render-type=\"fte\" data-skip=\"dealsy\" data-widget-type=\"seasonal\">\n<div class=\"hawk-master-widget-hawk-base-wrapper\"><\/div>\n<\/aside>\n<p>In einem Beitrag, der dem Designer und ehemaligen geteilt wurde<em> <\/em>Auf der Instagram-Seite von Spice Girl k\u00f6nnen wir eine lindgr\u00fcne Couch sehen, die in dem ansonsten neutralen Raum ein subtiles Statement setzt. Es dient als Erg\u00e4nzung zu den Altholzb\u00f6den, dem marineblauen Teppich und dem Kristallkronleuchter und verleiht dem Raum genau das richtige Ma\u00df an Lebendigkeit. Es stellt sich heraus, dass diese Farbe im kommenden Jahr voll im Trend liegt, falls Sie noch mehr \u00dcberzeugungsarbeit ben\u00f6tigen.<\/p>\n<div id=\"desktop-in-article\" class=\"in-article ad-unit\">\n<div id=\"desktop-taboola-mid-article\"><\/div>\n<\/div>\n<div id=\"mobile-in-article\" class=\"in-article ad-unit\">\n<div id=\"mobile-taboola-mid-article\"><\/div>\n<\/div>\n<div class=\"instagram-embed\">\n<blockquote class=\"instagram-media\" data-instgrm-captioned data-instgrm-version=\"6\" style=\"width:99.375%; width:-webkit-calc(100% - 2px); width:calc(100% - 2px);\">\n<p>Ein von Victoria Beckham (@victoriabeckham) geteilter Beitrag<\/p>\n<p>Ein Foto gepostet von am <\/p>\n<\/blockquote>\n<\/div>\n<p>W\u00e4hrend die Einf\u00fchrung eines Sofas in leuchtenden Farben in einem Raum eine Aussage ist, sagen Experten, dass Farbinfusionen in kleinen Dosen f\u00fcr diejenigen eingesetzt werden k\u00f6nnen, die neutrale Farben gewohnt sind.<\/p>\n<div class=\"van_vid_carousel\">\n<div class=\"van_vid_carousel__padding\">\n<div class=\"van_vid_carousel__container\"><\/div>\n<\/div>\n<\/div>\n<p>\u201eDas Experimentieren mit einer kr\u00e4ftigen Farbe kann sich wie eine entmutigende Aufgabe anf\u00fchlen, besonders wenn sie sich in einem Hauptraum Ihres Zuhauses befindet und Sie noch nie mit Farben gespielt haben\u201c, sagt Innenarchitektin Jade Crooks. \u201eMan k\u00f6nnte klein anfangen, mit bunten Kissen oder einem auff\u00e4lligen Teppich.\u201c Um jedoch ein echtes Statement zu setzen, w\u00e4hlen Sie ein zentrales M\u00f6belst\u00fcck \u2013 wie ein Sofa oder einen verzierten Sessel \u2013 und gehen Sie aufs Ganze.\u201c<\/p>\n<div id=\"ad-unit-2\" class=\"ad-unit\"><\/div>\n<p>Sie f\u00e4hrt fort: \u201eWenn Sie nicht sicher sind, wo Sie anfangen sollen, denken Sie mit Ihrem Herzen und nicht mit Ihrer Einrichtung.\u201c Helle Farben wirken oft anregender als neutrale Farben und wecken starke Assoziationen. Gelb zum Beispiel verleiht jedem Raum einen erfrischenden Energieschub.\u201c<\/p>\n<figure class=\"van-image-figure inline-layout \" data-bordeaux-image-check>\n<div class=\"image-full-width-wrapper\">\n<div class=\"image-widthsetter\" style=\"max-width:2000px;\"><\/div>\n<\/div>\n<\/figure>\n<p>Gr\u00fcn ist eine besonders vielseitige Farbwahl, die gut zu beliebten Einrichtungskonzepten wie Japandi und organischen modernen Designtrends passt.<\/p>\n<div id=\"slice-container-newsletterForm-articleInbodyContent-nES8y3wKL9dsyURDGxUyAb\" class=\"slice-container newsletter-inbodyContent-slice newsletterForm-articleInbodyContent-nES8y3wKL9dsyURDGxUyAb slice-container-newsletterForm\"><\/div>\n<p>\u201eDie Farbe Gr\u00fcn wird am h\u00e4ufigsten mit der Natur assoziiert und bietet einen Zufluchtsort vor den Stressfaktoren des Alltags\u201c, sagt Crooks. \u201eWie wenn man an einem sonnigen Abend nach einem langen Tag Zeit in seinem Garten verbringt, kann es ein Gef\u00fchl der Ruhe hervorrufen, wenn man am Ende des Tages auf einem gr\u00fcnen Sofa versinkt.\u201c<\/p>\n<p>Beckhams Ankleidezimmer wirkt auf jeden Fall beruhigend, denn die Holzb\u00f6den verleihen dem Raum eine nat\u00fcrliche Atmosph\u00e4re.<\/p>\n<p>\u201eWenn Sie Ihr gr\u00fcnes Sofa mit Braunt\u00f6nen und strukturierten Neutralt\u00f6nen kombinieren, k\u00f6nnen Sie dieses Gef\u00fchl der Natur verst\u00e4rken\u201c, sagt sie. \u201eUm noch einen Schritt weiter zu gehen, versuchen Sie, Topfpflanzen in Ihren Raum zu integrieren.\u201c Alternativ k\u00f6nnen Sie es mit einem Kronleuchter kombinieren, um den ultimativen, von Victoria-Beckham inspirierten Look zu erzielen.<\/p>\n<h2 id=\"shop-h-g-s-statement-green-edit-3\">Kaufen Sie H&#038;Gs Statement-Gr\u00fcn-Edit<\/h2>\n<div class=\"product-container hero-product-container product-block-no-wrap\"><\/div>\n<p>Das Sch\u00f6ne an Gr\u00fcn ist, dass es so viele verschiedene Farbt\u00f6ne zur Auswahl gibt: Salbei ist ein ewiger Klassiker, w\u00e4hrend Smaragdgr\u00fcn sich k\u00f6niglich anf\u00fchlt und Lindgr\u00fcn ein mutiges Statement setzt.<\/p>\n<hr>\n<\/div>\n<p><script async src=\"\/\/www.instagram.com\/embed.js\"><\/script><\/p>\n","protected":false},"excerpt":{"rendered":"<p>Das neue Jahr ist die perfekte Ausrede, um unsere H\u00e4user zu versch\u00f6nern und mit neuen St\u00fccken zu experimentieren, und f\u00fcr 2025 denken wir dar\u00fcber nach,<\/p>\n","protected":false},"author":1,"featured_media":2251,"comment_status":"closed","ping_status":"","sticky":false,"template":"","format":"standard","meta":{"footnotes":""},"categories":[118],"tags":[2277,3875,2807,216,43,166,355,3876,534,621,284,215,1249,2806,2161,326,1641,515],"class_list":["post-2250","post","type-post","status-publish","format-standard","has-post-thumbnail","hentry","category-haus-garten","tag-ankleidezimmer","tag-beckham","tag-blickfang","tag-designer","tag-ein","tag-einen","tag-einfach","tag-gruenes","tag-ihrem","tag-nutzt","tag-sagen","tag-schaffen","tag-sei","tag-sofa","tag-stylen","tag-trendigen","tag-ueberraschend","tag-victoria","generate-columns","tablet-grid-50","mobile-grid-100","grid-parent","grid-50"],"yoast_head":"<!-- This site is optimized with the Yoast SEO plugin v27.3 - https:\/\/yoast.com\/product\/yoast-seo-wordpress\/ -->\n<title>Victoria Beckham nutzt ein gr\u00fcnes Sofa, um einen trendigen Blickfang in ihrem Ankleidezimmer zu schaffen \u2013 Designer sagen, es sei \u00fcberraschend einfach zu stylen - Nachrichten - Stra\u00dfenweb<\/title>\n<meta name=\"robots\" content=\"index, follow, max-snippet:-1, max-image-preview:large, max-video-preview:-1\" \/>\n<link rel=\"canonical\" href=\"https:\/\/www.strassenweb.de\/nachrichten\/victoria-beckham-nutzt-ein-gruenes-sofa-um-einen-trendigen-blickfang-in-ihrem-ankleidezimmer-zu-schaffen-designer-sagen-es-sei-ueberraschend-einfach-zu-stylen\/\" \/>\n<meta property=\"og:locale\" content=\"de_DE\" \/>\n<meta property=\"og:type\" content=\"article\" \/>\n<meta property=\"og:title\" content=\"Victoria Beckham nutzt ein gr\u00fcnes Sofa, um einen trendigen Blickfang in ihrem Ankleidezimmer zu schaffen \u2013 Designer sagen, es sei \u00fcberraschend einfach zu stylen - Nachrichten - Stra\u00dfenweb\" \/>\n<meta property=\"og:description\" content=\"Das neue Jahr ist die perfekte Ausrede, um unsere H\u00e4user zu versch\u00f6nern und mit neuen St\u00fccken zu experimentieren, und f\u00fcr 2025 denken wir dar\u00fcber nach,\" \/>\n<meta property=\"og:url\" content=\"https:\/\/www.strassenweb.de\/nachrichten\/victoria-beckham-nutzt-ein-gruenes-sofa-um-einen-trendigen-blickfang-in-ihrem-ankleidezimmer-zu-schaffen-designer-sagen-es-sei-ueberraschend-einfach-zu-stylen\/\" \/>\n<meta property=\"og:site_name\" content=\"Stra\u00dfenweb\" \/>\n<meta property=\"article:publisher\" content=\"https:\/\/www.facebook.com\/strassenweb\/\" \/>\n<meta property=\"article:published_time\" content=\"2024-12-20T23:40:34+00:00\" \/>\n<meta property=\"article:modified_time\" content=\"2024-12-20T23:40:35+00:00\" \/>\n<meta property=\"og:image\" content=\"https:\/\/www.strassenweb.de\/nachrichten\/wp-content\/uploads\/2024\/12\/Victoria-Beckham-nutzt-ein-gruenes-Sofa-um-einen-trendigen-Blickfang.jpg\" \/>\n\t<meta property=\"og:image:width\" content=\"1200\" \/>\n\t<meta property=\"og:image:height\" content=\"675\" \/>\n\t<meta property=\"og:image:type\" content=\"image\/jpeg\" \/>\n<meta name=\"author\" content=\"Robert Hoffmann\" \/>\n<meta name=\"twitter:card\" content=\"summary_large_image\" \/>\n<meta name=\"twitter:label1\" content=\"Verfasst von\" \/>\n\t<meta name=\"twitter:data1\" content=\"Robert Hoffmann\" \/>\n\t<meta name=\"twitter:label2\" content=\"Gesch\u00e4tzte Lesezeit\" \/>\n\t<meta name=\"twitter:data2\" content=\"3\u00a0Minuten\" \/>\n<script type=\"application\/ld+json\" class=\"yoast-schema-graph\">{\"@context\":\"https:\\\/\\\/schema.org\",\"@graph\":[{\"@type\":\"Article\",\"@id\":\"https:\\\/\\\/www.strassenweb.de\\\/nachrichten\\\/victoria-beckham-nutzt-ein-gruenes-sofa-um-einen-trendigen-blickfang-in-ihrem-ankleidezimmer-zu-schaffen-designer-sagen-es-sei-ueberraschend-einfach-zu-stylen\\\/#article\",\"isPartOf\":{\"@id\":\"https:\\\/\\\/www.strassenweb.de\\\/nachrichten\\\/victoria-beckham-nutzt-ein-gruenes-sofa-um-einen-trendigen-blickfang-in-ihrem-ankleidezimmer-zu-schaffen-designer-sagen-es-sei-ueberraschend-einfach-zu-stylen\\\/\"},\"author\":{\"name\":\"Robert Hoffmann\",\"@id\":\"https:\\\/\\\/www.strassenweb.de\\\/nachrichten\\\/#\\\/schema\\\/person\\\/87c9c9067f1211da429a744dc5a5aa41\"},\"headline\":\"Victoria Beckham nutzt ein gr\u00fcnes Sofa, um einen trendigen Blickfang in ihrem Ankleidezimmer zu schaffen \u2013 Designer sagen, es sei \u00fcberraschend einfach zu stylen\",\"datePublished\":\"2024-12-20T23:40:34+00:00\",\"dateModified\":\"2024-12-20T23:40:35+00:00\",\"mainEntityOfPage\":{\"@id\":\"https:\\\/\\\/www.strassenweb.de\\\/nachrichten\\\/victoria-beckham-nutzt-ein-gruenes-sofa-um-einen-trendigen-blickfang-in-ihrem-ankleidezimmer-zu-schaffen-designer-sagen-es-sei-ueberraschend-einfach-zu-stylen\\\/\"},\"wordCount\":559,\"publisher\":{\"@id\":\"https:\\\/\\\/www.strassenweb.de\\\/nachrichten\\\/#organization\"},\"image\":{\"@id\":\"https:\\\/\\\/www.strassenweb.de\\\/nachrichten\\\/victoria-beckham-nutzt-ein-gruenes-sofa-um-einen-trendigen-blickfang-in-ihrem-ankleidezimmer-zu-schaffen-designer-sagen-es-sei-ueberraschend-einfach-zu-stylen\\\/#primaryimage\"},\"thumbnailUrl\":\"https:\\\/\\\/www.strassenweb.de\\\/nachrichten\\\/wp-content\\\/uploads\\\/2024\\\/12\\\/Victoria-Beckham-nutzt-ein-gruenes-Sofa-um-einen-trendigen-Blickfang.jpg\",\"keywords\":[\"Ankleidezimmer\",\"Beckham\",\"Blickfang\",\"Designer\",\"ein\",\"einen\",\"einfach\",\"gr\u00fcnes\",\"ihrem\",\"nutzt\",\"sagen\",\"schaffen\",\"sei\",\"Sofa\",\"Stylen\",\"trendigen\",\"\u00fcberraschend\",\"Victoria\"],\"articleSection\":[\"Haus &amp; Garten\"],\"inLanguage\":\"de\"},{\"@type\":\"WebPage\",\"@id\":\"https:\\\/\\\/www.strassenweb.de\\\/nachrichten\\\/victoria-beckham-nutzt-ein-gruenes-sofa-um-einen-trendigen-blickfang-in-ihrem-ankleidezimmer-zu-schaffen-designer-sagen-es-sei-ueberraschend-einfach-zu-stylen\\\/\",\"url\":\"https:\\\/\\\/www.strassenweb.de\\\/nachrichten\\\/victoria-beckham-nutzt-ein-gruenes-sofa-um-einen-trendigen-blickfang-in-ihrem-ankleidezimmer-zu-schaffen-designer-sagen-es-sei-ueberraschend-einfach-zu-stylen\\\/\",\"name\":\"Victoria Beckham nutzt ein gr\u00fcnes Sofa, um einen trendigen Blickfang in ihrem Ankleidezimmer zu schaffen \u2013 Designer sagen, es sei \u00fcberraschend einfach zu stylen - Nachrichten - Stra\u00dfenweb\",\"isPartOf\":{\"@id\":\"https:\\\/\\\/www.strassenweb.de\\\/nachrichten\\\/#website\"},\"primaryImageOfPage\":{\"@id\":\"https:\\\/\\\/www.strassenweb.de\\\/nachrichten\\\/victoria-beckham-nutzt-ein-gruenes-sofa-um-einen-trendigen-blickfang-in-ihrem-ankleidezimmer-zu-schaffen-designer-sagen-es-sei-ueberraschend-einfach-zu-stylen\\\/#primaryimage\"},\"image\":{\"@id\":\"https:\\\/\\\/www.strassenweb.de\\\/nachrichten\\\/victoria-beckham-nutzt-ein-gruenes-sofa-um-einen-trendigen-blickfang-in-ihrem-ankleidezimmer-zu-schaffen-designer-sagen-es-sei-ueberraschend-einfach-zu-stylen\\\/#primaryimage\"},\"thumbnailUrl\":\"https:\\\/\\\/www.strassenweb.de\\\/nachrichten\\\/wp-content\\\/uploads\\\/2024\\\/12\\\/Victoria-Beckham-nutzt-ein-gruenes-Sofa-um-einen-trendigen-Blickfang.jpg\",\"datePublished\":\"2024-12-20T23:40:34+00:00\",\"dateModified\":\"2024-12-20T23:40:35+00:00\",\"breadcrumb\":{\"@id\":\"https:\\\/\\\/www.strassenweb.de\\\/nachrichten\\\/victoria-beckham-nutzt-ein-gruenes-sofa-um-einen-trendigen-blickfang-in-ihrem-ankleidezimmer-zu-schaffen-designer-sagen-es-sei-ueberraschend-einfach-zu-stylen\\\/#breadcrumb\"},\"inLanguage\":\"de\",\"potentialAction\":[{\"@type\":\"ReadAction\",\"target\":[\"https:\\\/\\\/www.strassenweb.de\\\/nachrichten\\\/victoria-beckham-nutzt-ein-gruenes-sofa-um-einen-trendigen-blickfang-in-ihrem-ankleidezimmer-zu-schaffen-designer-sagen-es-sei-ueberraschend-einfach-zu-stylen\\\/\"]}]},{\"@type\":\"ImageObject\",\"inLanguage\":\"de\",\"@id\":\"https:\\\/\\\/www.strassenweb.de\\\/nachrichten\\\/victoria-beckham-nutzt-ein-gruenes-sofa-um-einen-trendigen-blickfang-in-ihrem-ankleidezimmer-zu-schaffen-designer-sagen-es-sei-ueberraschend-einfach-zu-stylen\\\/#primaryimage\",\"url\":\"https:\\\/\\\/www.strassenweb.de\\\/nachrichten\\\/wp-content\\\/uploads\\\/2024\\\/12\\\/Victoria-Beckham-nutzt-ein-gruenes-Sofa-um-einen-trendigen-Blickfang.jpg\",\"contentUrl\":\"https:\\\/\\\/www.strassenweb.de\\\/nachrichten\\\/wp-content\\\/uploads\\\/2024\\\/12\\\/Victoria-Beckham-nutzt-ein-gruenes-Sofa-um-einen-trendigen-Blickfang.jpg\",\"width\":1200,\"height\":675,\"caption\":\"Victoria Beckham nutzt ein gr\u00fcnes Sofa, um einen trendigen Blickfang in ihrem Ankleidezimmer zu schaffen \u2013 Designer sagen, es sei \u00fcberraschend einfach zu stylen\"},{\"@type\":\"BreadcrumbList\",\"@id\":\"https:\\\/\\\/www.strassenweb.de\\\/nachrichten\\\/victoria-beckham-nutzt-ein-gruenes-sofa-um-einen-trendigen-blickfang-in-ihrem-ankleidezimmer-zu-schaffen-designer-sagen-es-sei-ueberraschend-einfach-zu-stylen\\\/#breadcrumb\",\"itemListElement\":[{\"@type\":\"ListItem\",\"position\":1,\"name\":\"Home\",\"item\":\"https:\\\/\\\/www.strassenweb.de\\\/nachrichten\\\/\"},{\"@type\":\"ListItem\",\"position\":2,\"name\":\"Victoria Beckham nutzt ein gr\u00fcnes Sofa, um einen trendigen Blickfang in ihrem Ankleidezimmer zu schaffen \u2013 Designer sagen, es sei \u00fcberraschend einfach zu stylen\"}]},{\"@type\":\"WebSite\",\"@id\":\"https:\\\/\\\/www.strassenweb.de\\\/nachrichten\\\/#website\",\"url\":\"https:\\\/\\\/www.strassenweb.de\\\/nachrichten\\\/\",\"name\":\"Stra\u00dfenweb\",\"description\":\"Stra\u00dfenverzeichnis f\u00fcr Deutschland\",\"publisher\":{\"@id\":\"https:\\\/\\\/www.strassenweb.de\\\/nachrichten\\\/#organization\"},\"potentialAction\":[{\"@type\":\"SearchAction\",\"target\":{\"@type\":\"EntryPoint\",\"urlTemplate\":\"https:\\\/\\\/www.strassenweb.de\\\/nachrichten\\\/?s={search_term_string}\"},\"query-input\":{\"@type\":\"PropertyValueSpecification\",\"valueRequired\":true,\"valueName\":\"search_term_string\"}}],\"inLanguage\":\"de\"},{\"@type\":\"Organization\",\"@id\":\"https:\\\/\\\/www.strassenweb.de\\\/nachrichten\\\/#organization\",\"name\":\"Stra\u00dfenweb\",\"url\":\"https:\\\/\\\/www.strassenweb.de\\\/nachrichten\\\/\",\"logo\":{\"@type\":\"ImageObject\",\"inLanguage\":\"de\",\"@id\":\"https:\\\/\\\/www.strassenweb.de\\\/nachrichten\\\/#\\\/schema\\\/logo\\\/image\\\/\",\"url\":\"https:\\\/\\\/www.strassenweb.de\\\/nachrichten\\\/wp-content\\\/uploads\\\/2024\\\/09\\\/cropped-favicon.png\",\"contentUrl\":\"https:\\\/\\\/www.strassenweb.de\\\/nachrichten\\\/wp-content\\\/uploads\\\/2024\\\/09\\\/cropped-favicon.png\",\"width\":512,\"height\":512,\"caption\":\"Stra\u00dfenweb\"},\"image\":{\"@id\":\"https:\\\/\\\/www.strassenweb.de\\\/nachrichten\\\/#\\\/schema\\\/logo\\\/image\\\/\"},\"sameAs\":[\"https:\\\/\\\/www.facebook.com\\\/strassenweb\\\/\"]},{\"@type\":\"Person\",\"@id\":\"https:\\\/\\\/www.strassenweb.de\\\/nachrichten\\\/#\\\/schema\\\/person\\\/87c9c9067f1211da429a744dc5a5aa41\",\"name\":\"Robert Hoffmann\",\"image\":{\"@type\":\"ImageObject\",\"inLanguage\":\"de\",\"@id\":\"https:\\\/\\\/www.strassenweb.de\\\/nachrichten\\\/wp-content\\\/uploads\\\/2024\\\/09\\\/strassenweb-150x150.jpg\",\"url\":\"https:\\\/\\\/www.strassenweb.de\\\/nachrichten\\\/wp-content\\\/uploads\\\/2024\\\/09\\\/strassenweb-150x150.jpg\",\"contentUrl\":\"https:\\\/\\\/www.strassenweb.de\\\/nachrichten\\\/wp-content\\\/uploads\\\/2024\\\/09\\\/strassenweb-150x150.jpg\",\"caption\":\"Robert Hoffmann\"},\"description\":\"Ich hei\u00dfe Robert Hoffmann und ich bin ein leidenschaftlicher Verfechter von \u00d6kologie und Biodiversit\u00e4t. Seit meiner Kindheit in den W\u00e4ldern Bayerns f\u00fchle ich mich mit der Natur verbunden und bin entschlossen, sie zu sch\u00fctzen. Heute widme ich mein Leben der Sensibilisierung anderer f\u00fcr die Bedeutung des Umweltschutzes f\u00fcr zuk\u00fcnftige Generationen.\",\"sameAs\":[\"https:\\\/\\\/www.strassenweb.de\\\/\"]}]}<\/script>\n<!-- \/ Yoast SEO plugin. -->","yoast_head_json":{"title":"Victoria Beckham nutzt ein gr\u00fcnes Sofa, um einen trendigen Blickfang in ihrem Ankleidezimmer zu schaffen \u2013 Designer sagen, es sei \u00fcberraschend einfach zu stylen - Nachrichten - Stra\u00dfenweb","robots":{"index":"index","follow":"follow","max-snippet":"max-snippet:-1","max-image-preview":"max-image-preview:large","max-video-preview":"max-video-preview:-1"},"canonical":"https:\/\/www.strassenweb.de\/nachrichten\/victoria-beckham-nutzt-ein-gruenes-sofa-um-einen-trendigen-blickfang-in-ihrem-ankleidezimmer-zu-schaffen-designer-sagen-es-sei-ueberraschend-einfach-zu-stylen\/","og_locale":"de_DE","og_type":"article","og_title":"Victoria Beckham nutzt ein gr\u00fcnes Sofa, um einen trendigen Blickfang in ihrem Ankleidezimmer zu schaffen \u2013 Designer sagen, es sei \u00fcberraschend einfach zu stylen - Nachrichten - Stra\u00dfenweb","og_description":"Das neue Jahr ist die perfekte Ausrede, um unsere H\u00e4user zu versch\u00f6nern und mit neuen St\u00fccken zu experimentieren, und f\u00fcr 2025 denken wir dar\u00fcber nach,","og_url":"https:\/\/www.strassenweb.de\/nachrichten\/victoria-beckham-nutzt-ein-gruenes-sofa-um-einen-trendigen-blickfang-in-ihrem-ankleidezimmer-zu-schaffen-designer-sagen-es-sei-ueberraschend-einfach-zu-stylen\/","og_site_name":"Stra\u00dfenweb","article_publisher":"https:\/\/www.facebook.com\/strassenweb\/","article_published_time":"2024-12-20T23:40:34+00:00","article_modified_time":"2024-12-20T23:40:35+00:00","og_image":[{"width":1200,"height":675,"url":"https:\/\/www.strassenweb.de\/nachrichten\/wp-content\/uploads\/2024\/12\/Victoria-Beckham-nutzt-ein-gruenes-Sofa-um-einen-trendigen-Blickfang.jpg","type":"image\/jpeg"}],"author":"Robert Hoffmann","twitter_card":"summary_large_image","twitter_misc":{"Verfasst von":"Robert Hoffmann","Gesch\u00e4tzte Lesezeit":"3\u00a0Minuten"},"schema":{"@context":"https:\/\/schema.org","@graph":[{"@type":"Article","@id":"https:\/\/www.strassenweb.de\/nachrichten\/victoria-beckham-nutzt-ein-gruenes-sofa-um-einen-trendigen-blickfang-in-ihrem-ankleidezimmer-zu-schaffen-designer-sagen-es-sei-ueberraschend-einfach-zu-stylen\/#article","isPartOf":{"@id":"https:\/\/www.strassenweb.de\/nachrichten\/victoria-beckham-nutzt-ein-gruenes-sofa-um-einen-trendigen-blickfang-in-ihrem-ankleidezimmer-zu-schaffen-designer-sagen-es-sei-ueberraschend-einfach-zu-stylen\/"},"author":{"name":"Robert Hoffmann","@id":"https:\/\/www.strassenweb.de\/nachrichten\/#\/schema\/person\/87c9c9067f1211da429a744dc5a5aa41"},"headline":"Victoria Beckham nutzt ein gr\u00fcnes Sofa, um einen trendigen Blickfang in ihrem Ankleidezimmer zu schaffen \u2013 Designer sagen, es sei \u00fcberraschend einfach zu stylen","datePublished":"2024-12-20T23:40:34+00:00","dateModified":"2024-12-20T23:40:35+00:00","mainEntityOfPage":{"@id":"https:\/\/www.strassenweb.de\/nachrichten\/victoria-beckham-nutzt-ein-gruenes-sofa-um-einen-trendigen-blickfang-in-ihrem-ankleidezimmer-zu-schaffen-designer-sagen-es-sei-ueberraschend-einfach-zu-stylen\/"},"wordCount":559,"publisher":{"@id":"https:\/\/www.strassenweb.de\/nachrichten\/#organization"},"image":{"@id":"https:\/\/www.strassenweb.de\/nachrichten\/victoria-beckham-nutzt-ein-gruenes-sofa-um-einen-trendigen-blickfang-in-ihrem-ankleidezimmer-zu-schaffen-designer-sagen-es-sei-ueberraschend-einfach-zu-stylen\/#primaryimage"},"thumbnailUrl":"https:\/\/www.strassenweb.de\/nachrichten\/wp-content\/uploads\/2024\/12\/Victoria-Beckham-nutzt-ein-gruenes-Sofa-um-einen-trendigen-Blickfang.jpg","keywords":["Ankleidezimmer","Beckham","Blickfang","Designer","ein","einen","einfach","gr\u00fcnes","ihrem","nutzt","sagen","schaffen","sei","Sofa","Stylen","trendigen","\u00fcberraschend","Victoria"],"articleSection":["Haus &amp; Garten"],"inLanguage":"de"},{"@type":"WebPage","@id":"https:\/\/www.strassenweb.de\/nachrichten\/victoria-beckham-nutzt-ein-gruenes-sofa-um-einen-trendigen-blickfang-in-ihrem-ankleidezimmer-zu-schaffen-designer-sagen-es-sei-ueberraschend-einfach-zu-stylen\/","url":"https:\/\/www.strassenweb.de\/nachrichten\/victoria-beckham-nutzt-ein-gruenes-sofa-um-einen-trendigen-blickfang-in-ihrem-ankleidezimmer-zu-schaffen-designer-sagen-es-sei-ueberraschend-einfach-zu-stylen\/","name":"Victoria Beckham nutzt ein gr\u00fcnes Sofa, um einen trendigen Blickfang in ihrem Ankleidezimmer zu schaffen \u2013 Designer sagen, es sei \u00fcberraschend einfach zu stylen - Nachrichten - Stra\u00dfenweb","isPartOf":{"@id":"https:\/\/www.strassenweb.de\/nachrichten\/#website"},"primaryImageOfPage":{"@id":"https:\/\/www.strassenweb.de\/nachrichten\/victoria-beckham-nutzt-ein-gruenes-sofa-um-einen-trendigen-blickfang-in-ihrem-ankleidezimmer-zu-schaffen-designer-sagen-es-sei-ueberraschend-einfach-zu-stylen\/#primaryimage"},"image":{"@id":"https:\/\/www.strassenweb.de\/nachrichten\/victoria-beckham-nutzt-ein-gruenes-sofa-um-einen-trendigen-blickfang-in-ihrem-ankleidezimmer-zu-schaffen-designer-sagen-es-sei-ueberraschend-einfach-zu-stylen\/#primaryimage"},"thumbnailUrl":"https:\/\/www.strassenweb.de\/nachrichten\/wp-content\/uploads\/2024\/12\/Victoria-Beckham-nutzt-ein-gruenes-Sofa-um-einen-trendigen-Blickfang.jpg","datePublished":"2024-12-20T23:40:34+00:00","dateModified":"2024-12-20T23:40:35+00:00","breadcrumb":{"@id":"https:\/\/www.strassenweb.de\/nachrichten\/victoria-beckham-nutzt-ein-gruenes-sofa-um-einen-trendigen-blickfang-in-ihrem-ankleidezimmer-zu-schaffen-designer-sagen-es-sei-ueberraschend-einfach-zu-stylen\/#breadcrumb"},"inLanguage":"de","potentialAction":[{"@type":"ReadAction","target":["https:\/\/www.strassenweb.de\/nachrichten\/victoria-beckham-nutzt-ein-gruenes-sofa-um-einen-trendigen-blickfang-in-ihrem-ankleidezimmer-zu-schaffen-designer-sagen-es-sei-ueberraschend-einfach-zu-stylen\/"]}]},{"@type":"ImageObject","inLanguage":"de","@id":"https:\/\/www.strassenweb.de\/nachrichten\/victoria-beckham-nutzt-ein-gruenes-sofa-um-einen-trendigen-blickfang-in-ihrem-ankleidezimmer-zu-schaffen-designer-sagen-es-sei-ueberraschend-einfach-zu-stylen\/#primaryimage","url":"https:\/\/www.strassenweb.de\/nachrichten\/wp-content\/uploads\/2024\/12\/Victoria-Beckham-nutzt-ein-gruenes-Sofa-um-einen-trendigen-Blickfang.jpg","contentUrl":"https:\/\/www.strassenweb.de\/nachrichten\/wp-content\/uploads\/2024\/12\/Victoria-Beckham-nutzt-ein-gruenes-Sofa-um-einen-trendigen-Blickfang.jpg","width":1200,"height":675,"caption":"Victoria Beckham nutzt ein gr\u00fcnes Sofa, um einen trendigen Blickfang in ihrem Ankleidezimmer zu schaffen \u2013 Designer sagen, es sei \u00fcberraschend einfach zu stylen"},{"@type":"BreadcrumbList","@id":"https:\/\/www.strassenweb.de\/nachrichten\/victoria-beckham-nutzt-ein-gruenes-sofa-um-einen-trendigen-blickfang-in-ihrem-ankleidezimmer-zu-schaffen-designer-sagen-es-sei-ueberraschend-einfach-zu-stylen\/#breadcrumb","itemListElement":[{"@type":"ListItem","position":1,"name":"Home","item":"https:\/\/www.strassenweb.de\/nachrichten\/"},{"@type":"ListItem","position":2,"name":"Victoria Beckham nutzt ein gr\u00fcnes Sofa, um einen trendigen Blickfang in ihrem Ankleidezimmer zu schaffen \u2013 Designer sagen, es sei \u00fcberraschend einfach zu stylen"}]},{"@type":"WebSite","@id":"https:\/\/www.strassenweb.de\/nachrichten\/#website","url":"https:\/\/www.strassenweb.de\/nachrichten\/","name":"Stra\u00dfenweb","description":"Stra\u00dfenverzeichnis f\u00fcr Deutschland","publisher":{"@id":"https:\/\/www.strassenweb.de\/nachrichten\/#organization"},"potentialAction":[{"@type":"SearchAction","target":{"@type":"EntryPoint","urlTemplate":"https:\/\/www.strassenweb.de\/nachrichten\/?s={search_term_string}"},"query-input":{"@type":"PropertyValueSpecification","valueRequired":true,"valueName":"search_term_string"}}],"inLanguage":"de"},{"@type":"Organization","@id":"https:\/\/www.strassenweb.de\/nachrichten\/#organization","name":"Stra\u00dfenweb","url":"https:\/\/www.strassenweb.de\/nachrichten\/","logo":{"@type":"ImageObject","inLanguage":"de","@id":"https:\/\/www.strassenweb.de\/nachrichten\/#\/schema\/logo\/image\/","url":"https:\/\/www.strassenweb.de\/nachrichten\/wp-content\/uploads\/2024\/09\/cropped-favicon.png","contentUrl":"https:\/\/www.strassenweb.de\/nachrichten\/wp-content\/uploads\/2024\/09\/cropped-favicon.png","width":512,"height":512,"caption":"Stra\u00dfenweb"},"image":{"@id":"https:\/\/www.strassenweb.de\/nachrichten\/#\/schema\/logo\/image\/"},"sameAs":["https:\/\/www.facebook.com\/strassenweb\/"]},{"@type":"Person","@id":"https:\/\/www.strassenweb.de\/nachrichten\/#\/schema\/person\/87c9c9067f1211da429a744dc5a5aa41","name":"Robert Hoffmann","image":{"@type":"ImageObject","inLanguage":"de","@id":"https:\/\/www.strassenweb.de\/nachrichten\/wp-content\/uploads\/2024\/09\/strassenweb-150x150.jpg","url":"https:\/\/www.strassenweb.de\/nachrichten\/wp-content\/uploads\/2024\/09\/strassenweb-150x150.jpg","contentUrl":"https:\/\/www.strassenweb.de\/nachrichten\/wp-content\/uploads\/2024\/09\/strassenweb-150x150.jpg","caption":"Robert Hoffmann"},"description":"Ich hei\u00dfe Robert Hoffmann und ich bin ein leidenschaftlicher Verfechter von \u00d6kologie und Biodiversit\u00e4t. Seit meiner Kindheit in den W\u00e4ldern Bayerns f\u00fchle ich mich mit der Natur verbunden und bin entschlossen, sie zu sch\u00fctzen. Heute widme ich mein Leben der Sensibilisierung anderer f\u00fcr die Bedeutung des Umweltschutzes f\u00fcr zuk\u00fcnftige Generationen.","sameAs":["https:\/\/www.strassenweb.de\/"]}]}},"_links":{"self":[{"href":"https:\/\/www.strassenweb.de\/nachrichten\/wp-json\/wp\/v2\/posts\/2250","targetHints":{"allow":["GET"]}}],"collection":[{"href":"https:\/\/www.strassenweb.de\/nachrichten\/wp-json\/wp\/v2\/posts"}],"about":[{"href":"https:\/\/www.strassenweb.de\/nachrichten\/wp-json\/wp\/v2\/types\/post"}],"author":[{"embeddable":true,"href":"https:\/\/www.strassenweb.de\/nachrichten\/wp-json\/wp\/v2\/users\/1"}],"replies":[{"embeddable":true,"href":"https:\/\/www.strassenweb.de\/nachrichten\/wp-json\/wp\/v2\/comments?post=2250"}],"version-history":[{"count":0,"href":"https:\/\/www.strassenweb.de\/nachrichten\/wp-json\/wp\/v2\/posts\/2250\/revisions"}],"wp:featuredmedia":[{"embeddable":true,"href":"https:\/\/www.strassenweb.de\/nachrichten\/wp-json\/wp\/v2\/media\/2251"}],"wp:attachment":[{"href":"https:\/\/www.strassenweb.de\/nachrichten\/wp-json\/wp\/v2\/media?parent=2250"}],"wp:term":[{"taxonomy":"category","embeddable":true,"href":"https:\/\/www.strassenweb.de\/nachrichten\/wp-json\/wp\/v2\/categories?post=2250"},{"taxonomy":"post_tag","embeddable":true,"href":"https:\/\/www.strassenweb.de\/nachrichten\/wp-json\/wp\/v2\/tags?post=2250"}],"curies":[{"name":"wp","href":"https:\/\/api.w.org\/{rel}","templated":true}]}}