{"id":2241,"date":"2024-12-20T17:41:09","date_gmt":"2024-12-20T16:41:09","guid":{"rendered":"https:\/\/www.strassenweb.de\/nachrichten\/ausgestorbener-schmetterling-aus-belgien-in-england-in-fuenfjahresprojekt-wieder-zum-leben-erweckt\/"},"modified":"2024-12-20T17:41:10","modified_gmt":"2024-12-20T16:41:10","slug":"ausgestorbener-schmetterling-aus-belgien-in-england-in-fuenfjahresprojekt-wieder-zum-leben-erweckt","status":"publish","type":"post","link":"https:\/\/www.strassenweb.de\/nachrichten\/ausgestorbener-schmetterling-aus-belgien-in-england-in-fuenfjahresprojekt-wieder-zum-leben-erweckt\/","title":{"rendered":"Ausgestorbener Schmetterling aus Belgien in England in F\u00fcnfjahresprojekt wieder zum Leben erweckt"},"content":{"rendered":"<p>Ein Schmetterling, der in England vor mehr als 40 Jahren ausgestorben ist, wurde erfolgreich in den W\u00e4ldern, in denen er zuletzt lebte, wieder angesiedelt.<\/p>\n<p>Die nationale Wohlt\u00e4tigkeitsorganisation Butterfly Conservation hat den Checkered Skipper mithilfe einer Spenderpopulation in Belgien zur\u00fcck in den Rockingham Forest in Northamptonshire gebracht.<\/p>\n<p>Das Projekt begann im Jahr 2018 und Butterfly Conservation hat nun ein wissenschaftliches Papier ver\u00f6ffentlicht, in dem die ersten f\u00fcnf Jahre offiziell als Erfolg erkl\u00e4rt werden.<\/p>\n<p>Die Nachricht kommt, nachdem die Wohlt\u00e4tigkeitsorganisation im September im Vereinigten K\u00f6nigreich den Schmetterlingsnotstand ausgerufen hatte, nachdem die Ergebnisse der j\u00e4hrlichen Z\u00e4hlung gro\u00dfer Schmetterlinge bisher die schlechtesten waren. Laut Butterfly Conservation zeigt diese erfolgreiche Wiederansiedlung einen Weg, wie Menschen beginnen k\u00f6nnen, jahrelange Sch\u00e4den an der nat\u00fcrlichen Umwelt wiedergutzumachen.<\/p>\n<p>Susannah O&#8217;Riordan, Projektmanagerin bei Butterfly Conservation Checkered Skipper, sagte: <em>\u201eDie Ergebnisse dieses Projekts sind sehr spannend: So ein Projekt haben wir noch nie zuvor durchgef\u00fchrt und es war ein echtes Experiment, aber es war ein Erfolg.\u201c Wir haben diesen wunderbaren Schmetterling nach England zur\u00fcckgebracht.<\/em><\/p>\n<p><em>\u201eUnsere Arbeit kann nun dazu beitragen, zuk\u00fcnftige Wiederansiedlungen und alle Arten von Naturschutzprojekten zu inspirieren und zu informieren \u2013 f\u00fcr Schmetterlinge und dar\u00fcber hinaus.\u201c<\/em><\/p>\n<p>Bis in die 1950er-Jahre war der Karierte Skipper noch lokal in feuchten W\u00e4ldern und Mooren in den East Midlands, einschlie\u00dflich des Rockingham Forest, verbreitet.<\/p>\n<p>Sie begann jedoch zu sinken, weil die Landbesitzer ihre Waldbewirtschaftung ver\u00e4nderten \u2013 sie pflanzten Nadelb\u00e4ume, wodurch dichtere, dunklere Bereiche entstanden, und stellten die traditionelle Bewirtschaftung von Niederw\u00e4ldern ein, was dazu f\u00fchrte, dass offene Fl\u00e4chen nicht mehr gepflegt wurden.<\/p>\n<p>Nach einem letzten raschen R\u00fcckgang war der Checkered Skipper 1976 in England ausgestorben, und in Schottland \u00fcberlebten nur noch wenige Exemplare. Die Art ist in Teilen Europas und Asiens immer noch verbreitet, in mehreren L\u00e4ndern ist jedoch ein besorgniserregender R\u00fcckgang zu verzeichnen.<\/p>\n<p>Butterfly Conservation begann 2010 mit der Pr\u00fcfung der M\u00f6glichkeit einer Wiederansiedlung und verbrachte acht Jahre damit, die Machbarkeit zu pr\u00fcfen.<\/p>\n<p>Einer der Hauptfaktoren, die die Wohlt\u00e4tigkeitsorganisation davon \u00fcberzeugten, das Projekt im Rockingham Forest zu versuchen, war, dass Landbesitzer, darunter Forestry England und Bedfordshire, Cambridgeshire &#038; Northamptonshire Wildlife Trust, ab 2015 mit Butterfly Conservation zusammenarbeiteten, um die Bewirtschaftung der W\u00e4lder zu \u00e4ndern: Die Partner begannen mit der Bewirtschaftung 23 Hektar Vegetation speziell zur Schaffung von Lebensr\u00e4umen, in denen sich der Checkered Skipper ausbreiten und gedeihen kann.<\/p>\n<p>Forestry England verbesserte auch den Waldlebensraum, indem es die \u201eFahrten\u201c durch den Wald \u2013 offene Korridore zwischen den B\u00e4umen \u2013 verbreiterte und andere offene, sonnige Lebensr\u00e4ume schuf, die den Schmetterlingen zugute kamen.<\/p>\n<p>Die Wissenschaftler f\u00fchrten sogar Computersimulationen durch, um zu modellieren, welche Auswirkungen der Klimawandel bis 2070 auf den Rockingham Forest haben k\u00f6nnte, und kamen zu dem Schluss, dass steigende Temperaturen und mehr Niederschl\u00e4ge die Art tats\u00e4chlich beg\u00fcnstigen k\u00f6nnten.<\/p>\n<p>Schlie\u00dflich fand das Team in einem belgischen Gebiet, das dem Rockingham Forest \u00e4hnelte, eine gesunde Population von Checkered Skipper und begann 2018 mit der ersten Sammlung.<\/p>\n<p>W\u00e4hrend des Fangs und Transports der belgischen Schmetterlinge reinigte das Team ihre Ausr\u00fcstung und Schuhe mit Desinfektionsmitteln und verwendete H\u00e4ndedesinfektionsmittel in chirurgischer Qualit\u00e4t. Sie wurden sogar von einem Tierarzt der Zoological Society of London begleitet, der vor und nach der Reise jeden einzelnen Schmetterling einem Gesundheitscheck unterzog.<\/p>\n<p>Die Wohlt\u00e4tigkeitsorganisation hat inzwischen vier Umsiedlungen durchgef\u00fchrt und insgesamt 128 Schmetterlinge (101 Weibchen und 27 M\u00e4nnchen) im Rockingham Forest freigelassen \u2013 71 im Forestry England Fineshade Wood zwischen Corby und Stamford und 57 an einem geheimen zweiten Standort.<\/p>\n<p>Der n\u00e4chste Schritt des Projekts bestand darin, die neue Population zu \u00fcberwachen und die wichtigste Frage zu beantworten \u2013 ob und wie viel die Schmetterlinge br\u00fcteten.<\/p>\n<p>Zu diesem Zweck testete Butterfly Conservation erfolgreich eine neue Technik, die t\u00e4uschend einfach klingt: das Fotografieren.<\/p>\n<p>Die Standardmethode zur \u00dcberwachung einzelner Wildtiere ist das \u201eMarkieren und Wiedereinfangen\u201c, zum Beispiel das Fangen eines Schmetterlings in einem Netz, das Anbringen einer kleinen Markierung auf seinem Fl\u00fcgel und das anschlie\u00dfende Freilassen.<\/p>\n<p>Aufgrund der einzigartigen Muster auf den Fl\u00fcgeln des Checkered Skippers lassen sich einzelne Schmetterlinge jedoch bei n\u00e4herer Betrachtung identifizieren. Deshalb erprobte der damalige Doktorand Jamie Wildman eine neue Technik, bei der Freiwillige so viele Checkered Skippers fotografierten, wie sie konnten Vergleichen Sie einfach die einzigartigen Fl\u00fcgelmarkierungen auf den Bildern, um die Anzahl der tats\u00e4chlich gesehenen Individuen zu ermitteln.<\/p>\n<p>Die Technik hat perfekt funktioniert und ist vor allem weniger invasiv und st\u00f6rend f\u00fcr die Schmetterlinge.<\/p>\n<p>Dr. Wildman ver\u00f6ffentlichte im April in der Zeitschrift Biodiversity and Conservation einen Artikel \u00fcber den Erfolg dieser Technik und erg\u00e4nzte damit die Erfolgsliste des Projekts.<\/p>\n<p>Allein im Jahr 2019 verzeichnete das Team beeindruckende 105 Sichtungen von Checkered Skipper-Schmetterlingen im Forestry England Fineshade Wood, die Nachkommen der urspr\u00fcnglich umgesiedelten Insekten waren, was best\u00e4tigt, dass die Schmetterlinge zum ersten Mal seit den 1970er Jahren in England erfolgreich br\u00fcteten. Insgesamt wurden mittlerweile mehr als 350 einzelne Checkered Skipper gez\u00e4hlt.<\/p>\n<p>Dar\u00fcber hinaus nahm das Gebiet, in dem die Schmetterlinge lebten, bis 2022 jedes Jahr zu, mit einem leichten R\u00fcckgang im Jahr 2023. Die Zahlen blieben dieses Jahr stabil, aber mit einigen verlockenden Sichtungen in neuen Gebieten zeigt dies, dass die Population ihr Verbreitungsgebiet immer noch erweitert.<\/p>\n<p>Mit der richtigen Finanzierung und den richtigen Ressourcen sollte es laut Butterfly Conservation m\u00f6glich sein, mindestens eine funktionierende \u201eMetapopulation\u201c zu schaffen: eine sich selbst erhaltende Population, die das Potenzial hat, sich zu dauerhaften neuen Brutst\u00e4tten auszudehnen und so ihre \u00dcberlebenschancen zu erh\u00f6hen. Das Team sucht nun nach weiteren Standorten, an denen es seine Arbeit konzentrieren kann.<\/p>\n<p>Butterfly Conservation bewertete die ersten f\u00fcnf Jahre des Projekts als Erfolg, betonte aber auch, dass dieser Erfolg nur aufgrund jahrelanger engagierter Forschung und Planung und, was entscheidend war, \u00c4nderungen im Habitatmanagement durch Forestry England und andere Waldverwalter m\u00f6glich war.<\/p>\n<p>Der Chefwissenschaftler von Butterfly Conservation, Dr. Nigel Bourn, Susannah und andere Projektbeteiligte ver\u00f6ffentlichten diesen Sommer au\u00dferdem einen Artikel im Journal of Insect Conservation, in dem sie den Erfolg des Programms feierten und die Auswirkungen auf die Naturschutzarbeit im gesamten Vereinigten K\u00f6nigreich und dar\u00fcber hinaus hervorhoben.<\/p>\n<p>Dr. Bourn sagte: <em>\u201eWir haben so viel zu feiern und freuen uns, die ersten f\u00fcnf Jahre als Erfolg bezeichnen zu k\u00f6nnen. Allerdings gibt es einen Vorbehalt: Dieses Projekt zeigt uns, dass die Wiederherstellung der Tierwelt m\u00f6glich ist, aber nur, wenn wir uns engagiert und nachhaltig daf\u00fcr einsetzen Befassen Sie sich mit den Gr\u00fcnden, warum die Art \u00fcberhaupt ausgestorben ist.<\/em><\/p>\n<p><em>\u201eDer Klimawandel wird weitere Herausforderungen und Chancen mit sich bringen, aber was auch immer sie sein m\u00f6gen, wir m\u00fcssen sicherstellen, dass wir wertvolle wilde Lebensr\u00e4ume schaffen und erhalten, damit unsere wunderbaren und geliebten einheimischen Arten \u00fcberleben k\u00f6nnen.\u201c<\/em><\/p>\n<p>Erfahren Sie mehr \u00fcber den Checkered Skipper und das Wiederansiedlungsprojekt unter Butterfly-conservation.org\/butterflies\/chequered-skipper<\/p>\n<p>Um Ihren Besuch bei Forestry England Fineshade Wood zum Beobachten von Schmetterlingen zu planen, besuchen Sie www.forestryengland.uk\/fineshade-wood<\/p>\n<hr class=\"wp-block-separator has-alpha-channel-opacity\">\n<p><em>Bildnachweis: Checkered Skipper von Dave James<\/em><\/p><\/p>\n","protected":false},"excerpt":{"rendered":"<p>Ein Schmetterling, der in England vor mehr als 40 Jahren ausgestorben ist, wurde erfolgreich in den W\u00e4ldern, in denen er zuletzt lebte, wieder angesiedelt. Die<\/p>\n","protected":false},"author":1,"featured_media":2242,"comment_status":"closed","ping_status":"","sticky":false,"template":"","format":"standard","meta":{"footnotes":""},"categories":[101],"tags":[287,3866,1730,1358,2544,3867,1071,1700,1440,67],"class_list":["post-2241","post","type-post","status-publish","format-standard","has-post-thumbnail","hentry","category-oekologie","tag-aus","tag-ausgestorbener","tag-belgien","tag-england","tag-erweckt","tag-fuenfjahresprojekt","tag-leben","tag-schmetterling","tag-wieder","tag-zum","generate-columns","tablet-grid-50","mobile-grid-100","grid-parent","grid-50"],"yoast_head":"<!-- This site is optimized with the Yoast SEO plugin v27.3 - https:\/\/yoast.com\/product\/yoast-seo-wordpress\/ -->\n<title>Ausgestorbener Schmetterling aus Belgien in England in F\u00fcnfjahresprojekt wieder zum Leben erweckt - Nachrichten - Stra\u00dfenweb<\/title>\n<meta name=\"robots\" content=\"index, follow, max-snippet:-1, max-image-preview:large, max-video-preview:-1\" \/>\n<link rel=\"canonical\" href=\"https:\/\/www.strassenweb.de\/nachrichten\/ausgestorbener-schmetterling-aus-belgien-in-england-in-fuenfjahresprojekt-wieder-zum-leben-erweckt\/\" \/>\n<meta property=\"og:locale\" content=\"de_DE\" \/>\n<meta property=\"og:type\" content=\"article\" \/>\n<meta property=\"og:title\" content=\"Ausgestorbener Schmetterling aus Belgien in England in F\u00fcnfjahresprojekt wieder zum Leben erweckt - Nachrichten - Stra\u00dfenweb\" \/>\n<meta property=\"og:description\" content=\"Ein Schmetterling, der in England vor mehr als 40 Jahren ausgestorben ist, wurde erfolgreich in den W\u00e4ldern, in denen er zuletzt lebte, wieder angesiedelt. Die\" \/>\n<meta property=\"og:url\" content=\"https:\/\/www.strassenweb.de\/nachrichten\/ausgestorbener-schmetterling-aus-belgien-in-england-in-fuenfjahresprojekt-wieder-zum-leben-erweckt\/\" \/>\n<meta property=\"og:site_name\" content=\"Stra\u00dfenweb\" \/>\n<meta property=\"article:publisher\" content=\"https:\/\/www.facebook.com\/strassenweb\/\" \/>\n<meta property=\"article:published_time\" content=\"2024-12-20T16:41:09+00:00\" \/>\n<meta property=\"article:modified_time\" content=\"2024-12-20T16:41:10+00:00\" \/>\n<meta property=\"og:image\" content=\"https:\/\/www.strassenweb.de\/nachrichten\/wp-content\/uploads\/2024\/12\/Ausgestorbener-Schmetterling-aus-Belgien-in-England-in-Fuenfjahresprojekt-wieder-zum.jpg\" \/>\n\t<meta property=\"og:image:width\" content=\"900\" \/>\n\t<meta property=\"og:image:height\" content=\"601\" \/>\n\t<meta property=\"og:image:type\" content=\"image\/jpeg\" \/>\n<meta name=\"author\" content=\"Robert Hoffmann\" \/>\n<meta name=\"twitter:card\" content=\"summary_large_image\" \/>\n<meta name=\"twitter:label1\" content=\"Verfasst von\" \/>\n\t<meta name=\"twitter:data1\" content=\"Robert Hoffmann\" \/>\n\t<meta name=\"twitter:label2\" content=\"Gesch\u00e4tzte Lesezeit\" \/>\n\t<meta name=\"twitter:data2\" content=\"6\u00a0Minuten\" \/>\n<script type=\"application\/ld+json\" class=\"yoast-schema-graph\">{\"@context\":\"https:\\\/\\\/schema.org\",\"@graph\":[{\"@type\":\"Article\",\"@id\":\"https:\\\/\\\/www.strassenweb.de\\\/nachrichten\\\/ausgestorbener-schmetterling-aus-belgien-in-england-in-fuenfjahresprojekt-wieder-zum-leben-erweckt\\\/#article\",\"isPartOf\":{\"@id\":\"https:\\\/\\\/www.strassenweb.de\\\/nachrichten\\\/ausgestorbener-schmetterling-aus-belgien-in-england-in-fuenfjahresprojekt-wieder-zum-leben-erweckt\\\/\"},\"author\":{\"name\":\"Robert Hoffmann\",\"@id\":\"https:\\\/\\\/www.strassenweb.de\\\/nachrichten\\\/#\\\/schema\\\/person\\\/87c9c9067f1211da429a744dc5a5aa41\"},\"headline\":\"Ausgestorbener Schmetterling aus Belgien in England in F\u00fcnfjahresprojekt wieder zum Leben erweckt\",\"datePublished\":\"2024-12-20T16:41:09+00:00\",\"dateModified\":\"2024-12-20T16:41:10+00:00\",\"mainEntityOfPage\":{\"@id\":\"https:\\\/\\\/www.strassenweb.de\\\/nachrichten\\\/ausgestorbener-schmetterling-aus-belgien-in-england-in-fuenfjahresprojekt-wieder-zum-leben-erweckt\\\/\"},\"wordCount\":1180,\"publisher\":{\"@id\":\"https:\\\/\\\/www.strassenweb.de\\\/nachrichten\\\/#organization\"},\"image\":{\"@id\":\"https:\\\/\\\/www.strassenweb.de\\\/nachrichten\\\/ausgestorbener-schmetterling-aus-belgien-in-england-in-fuenfjahresprojekt-wieder-zum-leben-erweckt\\\/#primaryimage\"},\"thumbnailUrl\":\"https:\\\/\\\/www.strassenweb.de\\\/nachrichten\\\/wp-content\\\/uploads\\\/2024\\\/12\\\/Ausgestorbener-Schmetterling-aus-Belgien-in-England-in-Fuenfjahresprojekt-wieder-zum.jpg\",\"keywords\":[\"aus\",\"Ausgestorbener\",\"Belgien\",\"England\",\"erweckt\",\"F\u00fcnfjahresprojekt\",\"leben\",\"Schmetterling\",\"wieder\",\"zum\"],\"articleSection\":[\"\u00d6kologie\"],\"inLanguage\":\"de\"},{\"@type\":\"WebPage\",\"@id\":\"https:\\\/\\\/www.strassenweb.de\\\/nachrichten\\\/ausgestorbener-schmetterling-aus-belgien-in-england-in-fuenfjahresprojekt-wieder-zum-leben-erweckt\\\/\",\"url\":\"https:\\\/\\\/www.strassenweb.de\\\/nachrichten\\\/ausgestorbener-schmetterling-aus-belgien-in-england-in-fuenfjahresprojekt-wieder-zum-leben-erweckt\\\/\",\"name\":\"Ausgestorbener Schmetterling aus Belgien in England in F\u00fcnfjahresprojekt wieder zum Leben erweckt - Nachrichten - Stra\u00dfenweb\",\"isPartOf\":{\"@id\":\"https:\\\/\\\/www.strassenweb.de\\\/nachrichten\\\/#website\"},\"primaryImageOfPage\":{\"@id\":\"https:\\\/\\\/www.strassenweb.de\\\/nachrichten\\\/ausgestorbener-schmetterling-aus-belgien-in-england-in-fuenfjahresprojekt-wieder-zum-leben-erweckt\\\/#primaryimage\"},\"image\":{\"@id\":\"https:\\\/\\\/www.strassenweb.de\\\/nachrichten\\\/ausgestorbener-schmetterling-aus-belgien-in-england-in-fuenfjahresprojekt-wieder-zum-leben-erweckt\\\/#primaryimage\"},\"thumbnailUrl\":\"https:\\\/\\\/www.strassenweb.de\\\/nachrichten\\\/wp-content\\\/uploads\\\/2024\\\/12\\\/Ausgestorbener-Schmetterling-aus-Belgien-in-England-in-Fuenfjahresprojekt-wieder-zum.jpg\",\"datePublished\":\"2024-12-20T16:41:09+00:00\",\"dateModified\":\"2024-12-20T16:41:10+00:00\",\"breadcrumb\":{\"@id\":\"https:\\\/\\\/www.strassenweb.de\\\/nachrichten\\\/ausgestorbener-schmetterling-aus-belgien-in-england-in-fuenfjahresprojekt-wieder-zum-leben-erweckt\\\/#breadcrumb\"},\"inLanguage\":\"de\",\"potentialAction\":[{\"@type\":\"ReadAction\",\"target\":[\"https:\\\/\\\/www.strassenweb.de\\\/nachrichten\\\/ausgestorbener-schmetterling-aus-belgien-in-england-in-fuenfjahresprojekt-wieder-zum-leben-erweckt\\\/\"]}]},{\"@type\":\"ImageObject\",\"inLanguage\":\"de\",\"@id\":\"https:\\\/\\\/www.strassenweb.de\\\/nachrichten\\\/ausgestorbener-schmetterling-aus-belgien-in-england-in-fuenfjahresprojekt-wieder-zum-leben-erweckt\\\/#primaryimage\",\"url\":\"https:\\\/\\\/www.strassenweb.de\\\/nachrichten\\\/wp-content\\\/uploads\\\/2024\\\/12\\\/Ausgestorbener-Schmetterling-aus-Belgien-in-England-in-Fuenfjahresprojekt-wieder-zum.jpg\",\"contentUrl\":\"https:\\\/\\\/www.strassenweb.de\\\/nachrichten\\\/wp-content\\\/uploads\\\/2024\\\/12\\\/Ausgestorbener-Schmetterling-aus-Belgien-in-England-in-Fuenfjahresprojekt-wieder-zum.jpg\",\"width\":900,\"height\":601,\"caption\":\"Extinct butterfly brought back to life in England from Belgium in five-year project\"},{\"@type\":\"BreadcrumbList\",\"@id\":\"https:\\\/\\\/www.strassenweb.de\\\/nachrichten\\\/ausgestorbener-schmetterling-aus-belgien-in-england-in-fuenfjahresprojekt-wieder-zum-leben-erweckt\\\/#breadcrumb\",\"itemListElement\":[{\"@type\":\"ListItem\",\"position\":1,\"name\":\"Home\",\"item\":\"https:\\\/\\\/www.strassenweb.de\\\/nachrichten\\\/\"},{\"@type\":\"ListItem\",\"position\":2,\"name\":\"Ausgestorbener Schmetterling aus Belgien in England in F\u00fcnfjahresprojekt wieder zum Leben erweckt\"}]},{\"@type\":\"WebSite\",\"@id\":\"https:\\\/\\\/www.strassenweb.de\\\/nachrichten\\\/#website\",\"url\":\"https:\\\/\\\/www.strassenweb.de\\\/nachrichten\\\/\",\"name\":\"Stra\u00dfenweb\",\"description\":\"Stra\u00dfenverzeichnis f\u00fcr Deutschland\",\"publisher\":{\"@id\":\"https:\\\/\\\/www.strassenweb.de\\\/nachrichten\\\/#organization\"},\"potentialAction\":[{\"@type\":\"SearchAction\",\"target\":{\"@type\":\"EntryPoint\",\"urlTemplate\":\"https:\\\/\\\/www.strassenweb.de\\\/nachrichten\\\/?s={search_term_string}\"},\"query-input\":{\"@type\":\"PropertyValueSpecification\",\"valueRequired\":true,\"valueName\":\"search_term_string\"}}],\"inLanguage\":\"de\"},{\"@type\":\"Organization\",\"@id\":\"https:\\\/\\\/www.strassenweb.de\\\/nachrichten\\\/#organization\",\"name\":\"Stra\u00dfenweb\",\"url\":\"https:\\\/\\\/www.strassenweb.de\\\/nachrichten\\\/\",\"logo\":{\"@type\":\"ImageObject\",\"inLanguage\":\"de\",\"@id\":\"https:\\\/\\\/www.strassenweb.de\\\/nachrichten\\\/#\\\/schema\\\/logo\\\/image\\\/\",\"url\":\"https:\\\/\\\/www.strassenweb.de\\\/nachrichten\\\/wp-content\\\/uploads\\\/2024\\\/09\\\/cropped-favicon.png\",\"contentUrl\":\"https:\\\/\\\/www.strassenweb.de\\\/nachrichten\\\/wp-content\\\/uploads\\\/2024\\\/09\\\/cropped-favicon.png\",\"width\":512,\"height\":512,\"caption\":\"Stra\u00dfenweb\"},\"image\":{\"@id\":\"https:\\\/\\\/www.strassenweb.de\\\/nachrichten\\\/#\\\/schema\\\/logo\\\/image\\\/\"},\"sameAs\":[\"https:\\\/\\\/www.facebook.com\\\/strassenweb\\\/\"]},{\"@type\":\"Person\",\"@id\":\"https:\\\/\\\/www.strassenweb.de\\\/nachrichten\\\/#\\\/schema\\\/person\\\/87c9c9067f1211da429a744dc5a5aa41\",\"name\":\"Robert Hoffmann\",\"image\":{\"@type\":\"ImageObject\",\"inLanguage\":\"de\",\"@id\":\"https:\\\/\\\/www.strassenweb.de\\\/nachrichten\\\/wp-content\\\/uploads\\\/2024\\\/09\\\/strassenweb-150x150.jpg\",\"url\":\"https:\\\/\\\/www.strassenweb.de\\\/nachrichten\\\/wp-content\\\/uploads\\\/2024\\\/09\\\/strassenweb-150x150.jpg\",\"contentUrl\":\"https:\\\/\\\/www.strassenweb.de\\\/nachrichten\\\/wp-content\\\/uploads\\\/2024\\\/09\\\/strassenweb-150x150.jpg\",\"caption\":\"Robert Hoffmann\"},\"description\":\"Ich hei\u00dfe Robert Hoffmann und ich bin ein leidenschaftlicher Verfechter von \u00d6kologie und Biodiversit\u00e4t. Seit meiner Kindheit in den W\u00e4ldern Bayerns f\u00fchle ich mich mit der Natur verbunden und bin entschlossen, sie zu sch\u00fctzen. Heute widme ich mein Leben der Sensibilisierung anderer f\u00fcr die Bedeutung des Umweltschutzes f\u00fcr zuk\u00fcnftige Generationen.\",\"sameAs\":[\"https:\\\/\\\/www.strassenweb.de\\\/\"]}]}<\/script>\n<!-- \/ Yoast SEO plugin. -->","yoast_head_json":{"title":"Ausgestorbener Schmetterling aus Belgien in England in F\u00fcnfjahresprojekt wieder zum Leben erweckt - Nachrichten - Stra\u00dfenweb","robots":{"index":"index","follow":"follow","max-snippet":"max-snippet:-1","max-image-preview":"max-image-preview:large","max-video-preview":"max-video-preview:-1"},"canonical":"https:\/\/www.strassenweb.de\/nachrichten\/ausgestorbener-schmetterling-aus-belgien-in-england-in-fuenfjahresprojekt-wieder-zum-leben-erweckt\/","og_locale":"de_DE","og_type":"article","og_title":"Ausgestorbener Schmetterling aus Belgien in England in F\u00fcnfjahresprojekt wieder zum Leben erweckt - Nachrichten - Stra\u00dfenweb","og_description":"Ein Schmetterling, der in England vor mehr als 40 Jahren ausgestorben ist, wurde erfolgreich in den W\u00e4ldern, in denen er zuletzt lebte, wieder angesiedelt. Die","og_url":"https:\/\/www.strassenweb.de\/nachrichten\/ausgestorbener-schmetterling-aus-belgien-in-england-in-fuenfjahresprojekt-wieder-zum-leben-erweckt\/","og_site_name":"Stra\u00dfenweb","article_publisher":"https:\/\/www.facebook.com\/strassenweb\/","article_published_time":"2024-12-20T16:41:09+00:00","article_modified_time":"2024-12-20T16:41:10+00:00","og_image":[{"width":900,"height":601,"url":"https:\/\/www.strassenweb.de\/nachrichten\/wp-content\/uploads\/2024\/12\/Ausgestorbener-Schmetterling-aus-Belgien-in-England-in-Fuenfjahresprojekt-wieder-zum.jpg","type":"image\/jpeg"}],"author":"Robert Hoffmann","twitter_card":"summary_large_image","twitter_misc":{"Verfasst von":"Robert Hoffmann","Gesch\u00e4tzte Lesezeit":"6\u00a0Minuten"},"schema":{"@context":"https:\/\/schema.org","@graph":[{"@type":"Article","@id":"https:\/\/www.strassenweb.de\/nachrichten\/ausgestorbener-schmetterling-aus-belgien-in-england-in-fuenfjahresprojekt-wieder-zum-leben-erweckt\/#article","isPartOf":{"@id":"https:\/\/www.strassenweb.de\/nachrichten\/ausgestorbener-schmetterling-aus-belgien-in-england-in-fuenfjahresprojekt-wieder-zum-leben-erweckt\/"},"author":{"name":"Robert Hoffmann","@id":"https:\/\/www.strassenweb.de\/nachrichten\/#\/schema\/person\/87c9c9067f1211da429a744dc5a5aa41"},"headline":"Ausgestorbener Schmetterling aus Belgien in England in F\u00fcnfjahresprojekt wieder zum Leben erweckt","datePublished":"2024-12-20T16:41:09+00:00","dateModified":"2024-12-20T16:41:10+00:00","mainEntityOfPage":{"@id":"https:\/\/www.strassenweb.de\/nachrichten\/ausgestorbener-schmetterling-aus-belgien-in-england-in-fuenfjahresprojekt-wieder-zum-leben-erweckt\/"},"wordCount":1180,"publisher":{"@id":"https:\/\/www.strassenweb.de\/nachrichten\/#organization"},"image":{"@id":"https:\/\/www.strassenweb.de\/nachrichten\/ausgestorbener-schmetterling-aus-belgien-in-england-in-fuenfjahresprojekt-wieder-zum-leben-erweckt\/#primaryimage"},"thumbnailUrl":"https:\/\/www.strassenweb.de\/nachrichten\/wp-content\/uploads\/2024\/12\/Ausgestorbener-Schmetterling-aus-Belgien-in-England-in-Fuenfjahresprojekt-wieder-zum.jpg","keywords":["aus","Ausgestorbener","Belgien","England","erweckt","F\u00fcnfjahresprojekt","leben","Schmetterling","wieder","zum"],"articleSection":["\u00d6kologie"],"inLanguage":"de"},{"@type":"WebPage","@id":"https:\/\/www.strassenweb.de\/nachrichten\/ausgestorbener-schmetterling-aus-belgien-in-england-in-fuenfjahresprojekt-wieder-zum-leben-erweckt\/","url":"https:\/\/www.strassenweb.de\/nachrichten\/ausgestorbener-schmetterling-aus-belgien-in-england-in-fuenfjahresprojekt-wieder-zum-leben-erweckt\/","name":"Ausgestorbener Schmetterling aus Belgien in England in F\u00fcnfjahresprojekt wieder zum Leben erweckt - Nachrichten - Stra\u00dfenweb","isPartOf":{"@id":"https:\/\/www.strassenweb.de\/nachrichten\/#website"},"primaryImageOfPage":{"@id":"https:\/\/www.strassenweb.de\/nachrichten\/ausgestorbener-schmetterling-aus-belgien-in-england-in-fuenfjahresprojekt-wieder-zum-leben-erweckt\/#primaryimage"},"image":{"@id":"https:\/\/www.strassenweb.de\/nachrichten\/ausgestorbener-schmetterling-aus-belgien-in-england-in-fuenfjahresprojekt-wieder-zum-leben-erweckt\/#primaryimage"},"thumbnailUrl":"https:\/\/www.strassenweb.de\/nachrichten\/wp-content\/uploads\/2024\/12\/Ausgestorbener-Schmetterling-aus-Belgien-in-England-in-Fuenfjahresprojekt-wieder-zum.jpg","datePublished":"2024-12-20T16:41:09+00:00","dateModified":"2024-12-20T16:41:10+00:00","breadcrumb":{"@id":"https:\/\/www.strassenweb.de\/nachrichten\/ausgestorbener-schmetterling-aus-belgien-in-england-in-fuenfjahresprojekt-wieder-zum-leben-erweckt\/#breadcrumb"},"inLanguage":"de","potentialAction":[{"@type":"ReadAction","target":["https:\/\/www.strassenweb.de\/nachrichten\/ausgestorbener-schmetterling-aus-belgien-in-england-in-fuenfjahresprojekt-wieder-zum-leben-erweckt\/"]}]},{"@type":"ImageObject","inLanguage":"de","@id":"https:\/\/www.strassenweb.de\/nachrichten\/ausgestorbener-schmetterling-aus-belgien-in-england-in-fuenfjahresprojekt-wieder-zum-leben-erweckt\/#primaryimage","url":"https:\/\/www.strassenweb.de\/nachrichten\/wp-content\/uploads\/2024\/12\/Ausgestorbener-Schmetterling-aus-Belgien-in-England-in-Fuenfjahresprojekt-wieder-zum.jpg","contentUrl":"https:\/\/www.strassenweb.de\/nachrichten\/wp-content\/uploads\/2024\/12\/Ausgestorbener-Schmetterling-aus-Belgien-in-England-in-Fuenfjahresprojekt-wieder-zum.jpg","width":900,"height":601,"caption":"Extinct butterfly brought back to life in England from Belgium in five-year project"},{"@type":"BreadcrumbList","@id":"https:\/\/www.strassenweb.de\/nachrichten\/ausgestorbener-schmetterling-aus-belgien-in-england-in-fuenfjahresprojekt-wieder-zum-leben-erweckt\/#breadcrumb","itemListElement":[{"@type":"ListItem","position":1,"name":"Home","item":"https:\/\/www.strassenweb.de\/nachrichten\/"},{"@type":"ListItem","position":2,"name":"Ausgestorbener Schmetterling aus Belgien in England in F\u00fcnfjahresprojekt wieder zum Leben erweckt"}]},{"@type":"WebSite","@id":"https:\/\/www.strassenweb.de\/nachrichten\/#website","url":"https:\/\/www.strassenweb.de\/nachrichten\/","name":"Stra\u00dfenweb","description":"Stra\u00dfenverzeichnis f\u00fcr Deutschland","publisher":{"@id":"https:\/\/www.strassenweb.de\/nachrichten\/#organization"},"potentialAction":[{"@type":"SearchAction","target":{"@type":"EntryPoint","urlTemplate":"https:\/\/www.strassenweb.de\/nachrichten\/?s={search_term_string}"},"query-input":{"@type":"PropertyValueSpecification","valueRequired":true,"valueName":"search_term_string"}}],"inLanguage":"de"},{"@type":"Organization","@id":"https:\/\/www.strassenweb.de\/nachrichten\/#organization","name":"Stra\u00dfenweb","url":"https:\/\/www.strassenweb.de\/nachrichten\/","logo":{"@type":"ImageObject","inLanguage":"de","@id":"https:\/\/www.strassenweb.de\/nachrichten\/#\/schema\/logo\/image\/","url":"https:\/\/www.strassenweb.de\/nachrichten\/wp-content\/uploads\/2024\/09\/cropped-favicon.png","contentUrl":"https:\/\/www.strassenweb.de\/nachrichten\/wp-content\/uploads\/2024\/09\/cropped-favicon.png","width":512,"height":512,"caption":"Stra\u00dfenweb"},"image":{"@id":"https:\/\/www.strassenweb.de\/nachrichten\/#\/schema\/logo\/image\/"},"sameAs":["https:\/\/www.facebook.com\/strassenweb\/"]},{"@type":"Person","@id":"https:\/\/www.strassenweb.de\/nachrichten\/#\/schema\/person\/87c9c9067f1211da429a744dc5a5aa41","name":"Robert Hoffmann","image":{"@type":"ImageObject","inLanguage":"de","@id":"https:\/\/www.strassenweb.de\/nachrichten\/wp-content\/uploads\/2024\/09\/strassenweb-150x150.jpg","url":"https:\/\/www.strassenweb.de\/nachrichten\/wp-content\/uploads\/2024\/09\/strassenweb-150x150.jpg","contentUrl":"https:\/\/www.strassenweb.de\/nachrichten\/wp-content\/uploads\/2024\/09\/strassenweb-150x150.jpg","caption":"Robert Hoffmann"},"description":"Ich hei\u00dfe Robert Hoffmann und ich bin ein leidenschaftlicher Verfechter von \u00d6kologie und Biodiversit\u00e4t. Seit meiner Kindheit in den W\u00e4ldern Bayerns f\u00fchle ich mich mit der Natur verbunden und bin entschlossen, sie zu sch\u00fctzen. Heute widme ich mein Leben der Sensibilisierung anderer f\u00fcr die Bedeutung des Umweltschutzes f\u00fcr zuk\u00fcnftige Generationen.","sameAs":["https:\/\/www.strassenweb.de\/"]}]}},"_links":{"self":[{"href":"https:\/\/www.strassenweb.de\/nachrichten\/wp-json\/wp\/v2\/posts\/2241","targetHints":{"allow":["GET"]}}],"collection":[{"href":"https:\/\/www.strassenweb.de\/nachrichten\/wp-json\/wp\/v2\/posts"}],"about":[{"href":"https:\/\/www.strassenweb.de\/nachrichten\/wp-json\/wp\/v2\/types\/post"}],"author":[{"embeddable":true,"href":"https:\/\/www.strassenweb.de\/nachrichten\/wp-json\/wp\/v2\/users\/1"}],"replies":[{"embeddable":true,"href":"https:\/\/www.strassenweb.de\/nachrichten\/wp-json\/wp\/v2\/comments?post=2241"}],"version-history":[{"count":0,"href":"https:\/\/www.strassenweb.de\/nachrichten\/wp-json\/wp\/v2\/posts\/2241\/revisions"}],"wp:featuredmedia":[{"embeddable":true,"href":"https:\/\/www.strassenweb.de\/nachrichten\/wp-json\/wp\/v2\/media\/2242"}],"wp:attachment":[{"href":"https:\/\/www.strassenweb.de\/nachrichten\/wp-json\/wp\/v2\/media?parent=2241"}],"wp:term":[{"taxonomy":"category","embeddable":true,"href":"https:\/\/www.strassenweb.de\/nachrichten\/wp-json\/wp\/v2\/categories?post=2241"},{"taxonomy":"post_tag","embeddable":true,"href":"https:\/\/www.strassenweb.de\/nachrichten\/wp-json\/wp\/v2\/tags?post=2241"}],"curies":[{"name":"wp","href":"https:\/\/api.w.org\/{rel}","templated":true}]}}