{"id":2238,"date":"2024-12-20T16:48:41","date_gmt":"2024-12-20T15:48:41","guid":{"rendered":"https:\/\/www.strassenweb.de\/nachrichten\/der-schlichte-weihnachtsbaum-von-celine-dion-ist-eine-ruhige-luxusversion-des-winterwunderland-looks-der-schlichte-stil-wird-jedes-jahr-elegant-aussehen\/"},"modified":"2024-12-20T16:48:45","modified_gmt":"2024-12-20T15:48:45","slug":"der-schlichte-weihnachtsbaum-von-celine-dion-ist-eine-ruhige-luxusversion-des-winterwunderland-looks-der-schlichte-stil-wird-jedes-jahr-elegant-aussehen","status":"publish","type":"post","link":"https:\/\/www.strassenweb.de\/nachrichten\/der-schlichte-weihnachtsbaum-von-celine-dion-ist-eine-ruhige-luxusversion-des-winterwunderland-looks-der-schlichte-stil-wird-jedes-jahr-elegant-aussehen\/","title":{"rendered":"Der schlichte Weihnachtsbaum von Celine Dion ist eine ruhige Luxusversion des \u201eWinterwunderland\u201c-Looks \u2013 der schlichte Stil wird jedes Jahr elegant aussehen"},"content":{"rendered":"<p><\/p>\n<div id=\"article-body\" class=\"article__body \">\n<p>Obwohl Schnee und Wei\u00df zu den am h\u00e4ufigsten mit der Weihnachtszeit verbundenen Motiven geh\u00f6ren, verwenden wir sie nicht oft zum Schm\u00fccken eines Weihnachtsbaums. C\u00e9line Dion \u00e4ndert dies.<\/p>\n<div id=\"ad-unit-1\" class=\"ad-unit\"><\/div>\n<p>Ein Foto der Power-Balladen-S\u00e4ngerin auf ihrem offiziellen Instagram zeigt, dass ihr Weihnachtsbaum ein Fest aus Wei\u00df und Silber ist. Der schlichte Baum ist mit wei\u00dfen Lichtern an d\u00fcnnem Silberdraht bedeckt, die kaskadierend \u00fcber seine Oberfl\u00e4che fallen. Wei\u00dfe und silberne Ornamente sind quer \u00fcber den Baum geh\u00e4ngt und sorgen f\u00fcr einen auff\u00e4lligen Eindruck. Eine geschichtete, bl\u00fchende Bl\u00fcte verleiht dem Baum Eleganz und Reife. Darunter wallen Wellen aus silbernem und grauem T\u00fcll und bilden eine neblige, vertr\u00e4umte Basis. Es ist einfach, aber elegant.<\/p>\n<aside class=\"hawk-nest\" data-block-type=\"embed\" data-render-type=\"fte\" data-skip=\"dealsy\" data-widget-type=\"seasonal\">\n<div class=\"hawk-master-widget-hawk-base-wrapper\"><\/div>\n<\/aside>\n<p>Was sorgt daf\u00fcr, dass der Look funktioniert? Die Antwort liegt zum gro\u00dfen Teil in seinem ruhigen Luxusgef\u00fchl. Durch den sparsamen Dekorationsstil kommen die frischen gr\u00fcnen Zweige in ihrer nat\u00fcrlichen Sch\u00f6nheit zur Geltung. Was Dions Design an Farbe fehlt, macht es durch Form und Textur wett, und die Kurven der B\u00e4nder und Kugeln \u00fcber dem Baum sorgen f\u00fcr einen Look, der sofort die Blicke auf sich zieht. Dar\u00fcber hinaus sorgt das schneewei\u00dfe Leuchten des Baums daf\u00fcr, dass er nicht zu steril wirkt . Es ist gleichzeitig erhaben, aber \u00e4u\u00dferst festlich.<\/p>\n<div id=\"desktop-in-article\" class=\"in-article ad-unit\">\n<div id=\"desktop-taboola-mid-article\"><\/div>\n<\/div>\n<div id=\"mobile-in-article\" class=\"in-article ad-unit\">\n<div id=\"mobile-taboola-mid-article\"><\/div>\n<\/div>\n<div class=\"instagram-embed\">\n<blockquote class=\"instagram-media\" data-instgrm-captioned data-instgrm-version=\"6\" style=\"width:99.375%; width:-webkit-calc(100% - 2px); width:calc(100% - 2px);\">\n<p>Ein von C\u00e9line Dion (@celinedion) geteilter Beitrag<\/p>\n<p>Ein Foto gepostet von am <\/p>\n<\/blockquote>\n<\/div>\n<div class=\"product-container hero-product-container product-block-no-wrap\"><\/div>\n<p>Zum Gl\u00fcck f\u00fcr Fans von Dions ruhiger Luxus-Weihnachtsdekorationsidee ist es einfach, sie zu reproduzieren. Gisela Graham, Expertin f\u00fcr Weihnachtsdekoration, empfiehlt: \u201eUm ein richtiges Winterwunderland-Feeling zu erreichen, brauchen Sie viele funkelnde Lichter, funkelnde wei\u00dfe und klare Dekorationen und den einen oder anderen Blick auf Eisblau.\u201c<\/p>\n<div class=\"van_vid_carousel\">\n<div class=\"van_vid_carousel__padding\">\n<div class=\"van_vid_carousel__container\"><\/div>\n<\/div>\n<\/div>\n<p>Dar\u00fcber hinaus ist dieser Stil nicht auf den Baum beschr\u00e4nkt. Der Zauber des Winterwunderlandes l\u00e4sst sich genauso wunderbar auf die festliche Tischdekoration \u00fcbertragen. Graham sagt: \u201eVergessen Sie nicht, dass Dekorationen auch sch\u00f6n aussehen, wenn sie \u00fcber dem Esstisch an einem rustikalen Ast oder einem horizontal aufgeh\u00e4ngten Kranz h\u00e4ngen.\u201c Diese wei\u00dfen und silbernen Akzente w\u00fcrden \u00fcber einer wei\u00dfen oder blauen Tischdecke wundersch\u00f6n aussehen.<\/p>\n<div id=\"ad-unit-2\" class=\"ad-unit\"><\/div>\n<hr>\n<div id=\"slice-container-newsletterForm-articleInbodyContent-FAGxi3bqgnjXvmPWoxYuhG\" class=\"slice-container newsletter-inbodyContent-slice newsletterForm-articleInbodyContent-FAGxi3bqgnjXvmPWoxYuhG slice-container-newsletterForm\"><\/div>\n<\/div>\n<p><script async src=\"\/\/www.instagram.com\/embed.js\"><\/script><\/p>\n","protected":false},"excerpt":{"rendered":"<p>Obwohl Schnee und Wei\u00df zu den am h\u00e4ufigsten mit der Weihnachtszeit verbundenen Motiven geh\u00f6ren, verwenden wir sie nicht oft zum Schm\u00fccken eines Weihnachtsbaums. C\u00e9line Dion<\/p>\n","protected":false},"author":1,"featured_media":2239,"comment_status":"closed","ping_status":"","sticky":false,"template":"","format":"standard","meta":{"footnotes":""},"categories":[118],"tags":[1562,3861,81,281,3862,74,3305,15,384,2617,3864,3863,2732,322,21,3018,3865,71],"class_list":["post-2238","post","type-post","status-publish","format-standard","has-post-thumbnail","hentry","category-haus-garten","tag-aussehen","tag-celine","tag-der","tag-des","tag-dion","tag-eine","tag-elegant","tag-ist","tag-jahr","tag-jedes","tag-luxusversion","tag-ruhige","tag-schlichte","tag-stil","tag-von","tag-weihnachtsbaum","tag-winterwunderlandlooks","tag-wird","generate-columns","tablet-grid-50","mobile-grid-100","grid-parent","grid-50"],"yoast_head":"<!-- This site is optimized with the Yoast SEO plugin v27.3 - https:\/\/yoast.com\/product\/yoast-seo-wordpress\/ -->\n<title>Der schlichte Weihnachtsbaum von Celine Dion ist eine ruhige Luxusversion des \u201eWinterwunderland\u201c-Looks \u2013 der schlichte Stil wird jedes Jahr elegant aussehen - Nachrichten - Stra\u00dfenweb<\/title>\n<meta name=\"robots\" content=\"index, follow, max-snippet:-1, max-image-preview:large, max-video-preview:-1\" \/>\n<link rel=\"canonical\" href=\"https:\/\/www.strassenweb.de\/nachrichten\/der-schlichte-weihnachtsbaum-von-celine-dion-ist-eine-ruhige-luxusversion-des-winterwunderland-looks-der-schlichte-stil-wird-jedes-jahr-elegant-aussehen\/\" \/>\n<meta property=\"og:locale\" content=\"de_DE\" \/>\n<meta property=\"og:type\" content=\"article\" \/>\n<meta property=\"og:title\" content=\"Der schlichte Weihnachtsbaum von Celine Dion ist eine ruhige Luxusversion des \u201eWinterwunderland\u201c-Looks \u2013 der schlichte Stil wird jedes Jahr elegant aussehen - Nachrichten - Stra\u00dfenweb\" \/>\n<meta property=\"og:description\" content=\"Obwohl Schnee und Wei\u00df zu den am h\u00e4ufigsten mit der Weihnachtszeit verbundenen Motiven geh\u00f6ren, verwenden wir sie nicht oft zum Schm\u00fccken eines Weihnachtsbaums. C\u00e9line Dion\" \/>\n<meta property=\"og:url\" content=\"https:\/\/www.strassenweb.de\/nachrichten\/der-schlichte-weihnachtsbaum-von-celine-dion-ist-eine-ruhige-luxusversion-des-winterwunderland-looks-der-schlichte-stil-wird-jedes-jahr-elegant-aussehen\/\" \/>\n<meta property=\"og:site_name\" content=\"Stra\u00dfenweb\" \/>\n<meta property=\"article:publisher\" content=\"https:\/\/www.facebook.com\/strassenweb\/\" \/>\n<meta property=\"article:published_time\" content=\"2024-12-20T15:48:41+00:00\" \/>\n<meta property=\"article:modified_time\" content=\"2024-12-20T15:48:45+00:00\" \/>\n<meta property=\"og:image\" content=\"https:\/\/www.strassenweb.de\/nachrichten\/wp-content\/uploads\/2024\/12\/Der-schlichte-Weihnachtsbaum-von-Celine-Dion-ist-eine-ruhige-Luxusversion.png\" \/>\n\t<meta property=\"og:image:width\" content=\"1200\" \/>\n\t<meta property=\"og:image:height\" content=\"675\" \/>\n\t<meta property=\"og:image:type\" content=\"image\/png\" \/>\n<meta name=\"author\" content=\"Robert Hoffmann\" \/>\n<meta name=\"twitter:card\" content=\"summary_large_image\" \/>\n<meta name=\"twitter:label1\" content=\"Verfasst von\" \/>\n\t<meta name=\"twitter:data1\" content=\"Robert Hoffmann\" \/>\n\t<meta name=\"twitter:label2\" content=\"Gesch\u00e4tzte Lesezeit\" \/>\n\t<meta name=\"twitter:data2\" content=\"2\u00a0Minuten\" \/>\n<script type=\"application\/ld+json\" class=\"yoast-schema-graph\">{\"@context\":\"https:\\\/\\\/schema.org\",\"@graph\":[{\"@type\":\"Article\",\"@id\":\"https:\\\/\\\/www.strassenweb.de\\\/nachrichten\\\/der-schlichte-weihnachtsbaum-von-celine-dion-ist-eine-ruhige-luxusversion-des-winterwunderland-looks-der-schlichte-stil-wird-jedes-jahr-elegant-aussehen\\\/#article\",\"isPartOf\":{\"@id\":\"https:\\\/\\\/www.strassenweb.de\\\/nachrichten\\\/der-schlichte-weihnachtsbaum-von-celine-dion-ist-eine-ruhige-luxusversion-des-winterwunderland-looks-der-schlichte-stil-wird-jedes-jahr-elegant-aussehen\\\/\"},\"author\":{\"name\":\"Robert Hoffmann\",\"@id\":\"https:\\\/\\\/www.strassenweb.de\\\/nachrichten\\\/#\\\/schema\\\/person\\\/87c9c9067f1211da429a744dc5a5aa41\"},\"headline\":\"Der schlichte Weihnachtsbaum von Celine Dion ist eine ruhige Luxusversion des \u201eWinterwunderland\u201c-Looks \u2013 der schlichte Stil wird jedes Jahr elegant aussehen\",\"datePublished\":\"2024-12-20T15:48:41+00:00\",\"dateModified\":\"2024-12-20T15:48:45+00:00\",\"mainEntityOfPage\":{\"@id\":\"https:\\\/\\\/www.strassenweb.de\\\/nachrichten\\\/der-schlichte-weihnachtsbaum-von-celine-dion-ist-eine-ruhige-luxusversion-des-winterwunderland-looks-der-schlichte-stil-wird-jedes-jahr-elegant-aussehen\\\/\"},\"wordCount\":378,\"publisher\":{\"@id\":\"https:\\\/\\\/www.strassenweb.de\\\/nachrichten\\\/#organization\"},\"image\":{\"@id\":\"https:\\\/\\\/www.strassenweb.de\\\/nachrichten\\\/der-schlichte-weihnachtsbaum-von-celine-dion-ist-eine-ruhige-luxusversion-des-winterwunderland-looks-der-schlichte-stil-wird-jedes-jahr-elegant-aussehen\\\/#primaryimage\"},\"thumbnailUrl\":\"https:\\\/\\\/www.strassenweb.de\\\/nachrichten\\\/wp-content\\\/uploads\\\/2024\\\/12\\\/Der-schlichte-Weihnachtsbaum-von-Celine-Dion-ist-eine-ruhige-Luxusversion.png\",\"keywords\":[\"aussehen\",\"Celine\",\"der\",\"des\",\"Dion\",\"eine\",\"elegant\",\"ist\",\"Jahr\",\"jedes\",\"Luxusversion\",\"ruhige\",\"schlichte\",\"Stil\",\"von\",\"Weihnachtsbaum\",\"WinterwunderlandLooks\",\"wird\"],\"articleSection\":[\"Haus &amp; Garten\"],\"inLanguage\":\"de\"},{\"@type\":\"WebPage\",\"@id\":\"https:\\\/\\\/www.strassenweb.de\\\/nachrichten\\\/der-schlichte-weihnachtsbaum-von-celine-dion-ist-eine-ruhige-luxusversion-des-winterwunderland-looks-der-schlichte-stil-wird-jedes-jahr-elegant-aussehen\\\/\",\"url\":\"https:\\\/\\\/www.strassenweb.de\\\/nachrichten\\\/der-schlichte-weihnachtsbaum-von-celine-dion-ist-eine-ruhige-luxusversion-des-winterwunderland-looks-der-schlichte-stil-wird-jedes-jahr-elegant-aussehen\\\/\",\"name\":\"Der schlichte Weihnachtsbaum von Celine Dion ist eine ruhige Luxusversion des \u201eWinterwunderland\u201c-Looks \u2013 der schlichte Stil wird jedes Jahr elegant aussehen - Nachrichten - Stra\u00dfenweb\",\"isPartOf\":{\"@id\":\"https:\\\/\\\/www.strassenweb.de\\\/nachrichten\\\/#website\"},\"primaryImageOfPage\":{\"@id\":\"https:\\\/\\\/www.strassenweb.de\\\/nachrichten\\\/der-schlichte-weihnachtsbaum-von-celine-dion-ist-eine-ruhige-luxusversion-des-winterwunderland-looks-der-schlichte-stil-wird-jedes-jahr-elegant-aussehen\\\/#primaryimage\"},\"image\":{\"@id\":\"https:\\\/\\\/www.strassenweb.de\\\/nachrichten\\\/der-schlichte-weihnachtsbaum-von-celine-dion-ist-eine-ruhige-luxusversion-des-winterwunderland-looks-der-schlichte-stil-wird-jedes-jahr-elegant-aussehen\\\/#primaryimage\"},\"thumbnailUrl\":\"https:\\\/\\\/www.strassenweb.de\\\/nachrichten\\\/wp-content\\\/uploads\\\/2024\\\/12\\\/Der-schlichte-Weihnachtsbaum-von-Celine-Dion-ist-eine-ruhige-Luxusversion.png\",\"datePublished\":\"2024-12-20T15:48:41+00:00\",\"dateModified\":\"2024-12-20T15:48:45+00:00\",\"breadcrumb\":{\"@id\":\"https:\\\/\\\/www.strassenweb.de\\\/nachrichten\\\/der-schlichte-weihnachtsbaum-von-celine-dion-ist-eine-ruhige-luxusversion-des-winterwunderland-looks-der-schlichte-stil-wird-jedes-jahr-elegant-aussehen\\\/#breadcrumb\"},\"inLanguage\":\"de\",\"potentialAction\":[{\"@type\":\"ReadAction\",\"target\":[\"https:\\\/\\\/www.strassenweb.de\\\/nachrichten\\\/der-schlichte-weihnachtsbaum-von-celine-dion-ist-eine-ruhige-luxusversion-des-winterwunderland-looks-der-schlichte-stil-wird-jedes-jahr-elegant-aussehen\\\/\"]}]},{\"@type\":\"ImageObject\",\"inLanguage\":\"de\",\"@id\":\"https:\\\/\\\/www.strassenweb.de\\\/nachrichten\\\/der-schlichte-weihnachtsbaum-von-celine-dion-ist-eine-ruhige-luxusversion-des-winterwunderland-looks-der-schlichte-stil-wird-jedes-jahr-elegant-aussehen\\\/#primaryimage\",\"url\":\"https:\\\/\\\/www.strassenweb.de\\\/nachrichten\\\/wp-content\\\/uploads\\\/2024\\\/12\\\/Der-schlichte-Weihnachtsbaum-von-Celine-Dion-ist-eine-ruhige-Luxusversion.png\",\"contentUrl\":\"https:\\\/\\\/www.strassenweb.de\\\/nachrichten\\\/wp-content\\\/uploads\\\/2024\\\/12\\\/Der-schlichte-Weihnachtsbaum-von-Celine-Dion-ist-eine-ruhige-Luxusversion.png\",\"width\":1200,\"height\":675,\"caption\":\"Der schlichte Weihnachtsbaum von Celine Dion ist eine ruhige Luxusversion des \u201eWinterwunderland\u201c-Looks \u2013 der schlichte Stil wird jedes Jahr elegant aussehen\"},{\"@type\":\"BreadcrumbList\",\"@id\":\"https:\\\/\\\/www.strassenweb.de\\\/nachrichten\\\/der-schlichte-weihnachtsbaum-von-celine-dion-ist-eine-ruhige-luxusversion-des-winterwunderland-looks-der-schlichte-stil-wird-jedes-jahr-elegant-aussehen\\\/#breadcrumb\",\"itemListElement\":[{\"@type\":\"ListItem\",\"position\":1,\"name\":\"Home\",\"item\":\"https:\\\/\\\/www.strassenweb.de\\\/nachrichten\\\/\"},{\"@type\":\"ListItem\",\"position\":2,\"name\":\"Der schlichte Weihnachtsbaum von Celine Dion ist eine ruhige Luxusversion des \u201eWinterwunderland\u201c-Looks \u2013 der schlichte Stil wird jedes Jahr elegant aussehen\"}]},{\"@type\":\"WebSite\",\"@id\":\"https:\\\/\\\/www.strassenweb.de\\\/nachrichten\\\/#website\",\"url\":\"https:\\\/\\\/www.strassenweb.de\\\/nachrichten\\\/\",\"name\":\"Stra\u00dfenweb\",\"description\":\"Stra\u00dfenverzeichnis f\u00fcr Deutschland\",\"publisher\":{\"@id\":\"https:\\\/\\\/www.strassenweb.de\\\/nachrichten\\\/#organization\"},\"potentialAction\":[{\"@type\":\"SearchAction\",\"target\":{\"@type\":\"EntryPoint\",\"urlTemplate\":\"https:\\\/\\\/www.strassenweb.de\\\/nachrichten\\\/?s={search_term_string}\"},\"query-input\":{\"@type\":\"PropertyValueSpecification\",\"valueRequired\":true,\"valueName\":\"search_term_string\"}}],\"inLanguage\":\"de\"},{\"@type\":\"Organization\",\"@id\":\"https:\\\/\\\/www.strassenweb.de\\\/nachrichten\\\/#organization\",\"name\":\"Stra\u00dfenweb\",\"url\":\"https:\\\/\\\/www.strassenweb.de\\\/nachrichten\\\/\",\"logo\":{\"@type\":\"ImageObject\",\"inLanguage\":\"de\",\"@id\":\"https:\\\/\\\/www.strassenweb.de\\\/nachrichten\\\/#\\\/schema\\\/logo\\\/image\\\/\",\"url\":\"https:\\\/\\\/www.strassenweb.de\\\/nachrichten\\\/wp-content\\\/uploads\\\/2024\\\/09\\\/cropped-favicon.png\",\"contentUrl\":\"https:\\\/\\\/www.strassenweb.de\\\/nachrichten\\\/wp-content\\\/uploads\\\/2024\\\/09\\\/cropped-favicon.png\",\"width\":512,\"height\":512,\"caption\":\"Stra\u00dfenweb\"},\"image\":{\"@id\":\"https:\\\/\\\/www.strassenweb.de\\\/nachrichten\\\/#\\\/schema\\\/logo\\\/image\\\/\"},\"sameAs\":[\"https:\\\/\\\/www.facebook.com\\\/strassenweb\\\/\"]},{\"@type\":\"Person\",\"@id\":\"https:\\\/\\\/www.strassenweb.de\\\/nachrichten\\\/#\\\/schema\\\/person\\\/87c9c9067f1211da429a744dc5a5aa41\",\"name\":\"Robert Hoffmann\",\"image\":{\"@type\":\"ImageObject\",\"inLanguage\":\"de\",\"@id\":\"https:\\\/\\\/www.strassenweb.de\\\/nachrichten\\\/wp-content\\\/uploads\\\/2024\\\/09\\\/strassenweb-150x150.jpg\",\"url\":\"https:\\\/\\\/www.strassenweb.de\\\/nachrichten\\\/wp-content\\\/uploads\\\/2024\\\/09\\\/strassenweb-150x150.jpg\",\"contentUrl\":\"https:\\\/\\\/www.strassenweb.de\\\/nachrichten\\\/wp-content\\\/uploads\\\/2024\\\/09\\\/strassenweb-150x150.jpg\",\"caption\":\"Robert Hoffmann\"},\"description\":\"Ich hei\u00dfe Robert Hoffmann und ich bin ein leidenschaftlicher Verfechter von \u00d6kologie und Biodiversit\u00e4t. Seit meiner Kindheit in den W\u00e4ldern Bayerns f\u00fchle ich mich mit der Natur verbunden und bin entschlossen, sie zu sch\u00fctzen. Heute widme ich mein Leben der Sensibilisierung anderer f\u00fcr die Bedeutung des Umweltschutzes f\u00fcr zuk\u00fcnftige Generationen.\",\"sameAs\":[\"https:\\\/\\\/www.strassenweb.de\\\/\"]}]}<\/script>\n<!-- \/ Yoast SEO plugin. -->","yoast_head_json":{"title":"Der schlichte Weihnachtsbaum von Celine Dion ist eine ruhige Luxusversion des \u201eWinterwunderland\u201c-Looks \u2013 der schlichte Stil wird jedes Jahr elegant aussehen - Nachrichten - Stra\u00dfenweb","robots":{"index":"index","follow":"follow","max-snippet":"max-snippet:-1","max-image-preview":"max-image-preview:large","max-video-preview":"max-video-preview:-1"},"canonical":"https:\/\/www.strassenweb.de\/nachrichten\/der-schlichte-weihnachtsbaum-von-celine-dion-ist-eine-ruhige-luxusversion-des-winterwunderland-looks-der-schlichte-stil-wird-jedes-jahr-elegant-aussehen\/","og_locale":"de_DE","og_type":"article","og_title":"Der schlichte Weihnachtsbaum von Celine Dion ist eine ruhige Luxusversion des \u201eWinterwunderland\u201c-Looks \u2013 der schlichte Stil wird jedes Jahr elegant aussehen - Nachrichten - Stra\u00dfenweb","og_description":"Obwohl Schnee und Wei\u00df zu den am h\u00e4ufigsten mit der Weihnachtszeit verbundenen Motiven geh\u00f6ren, verwenden wir sie nicht oft zum Schm\u00fccken eines Weihnachtsbaums. C\u00e9line Dion","og_url":"https:\/\/www.strassenweb.de\/nachrichten\/der-schlichte-weihnachtsbaum-von-celine-dion-ist-eine-ruhige-luxusversion-des-winterwunderland-looks-der-schlichte-stil-wird-jedes-jahr-elegant-aussehen\/","og_site_name":"Stra\u00dfenweb","article_publisher":"https:\/\/www.facebook.com\/strassenweb\/","article_published_time":"2024-12-20T15:48:41+00:00","article_modified_time":"2024-12-20T15:48:45+00:00","og_image":[{"width":1200,"height":675,"url":"https:\/\/www.strassenweb.de\/nachrichten\/wp-content\/uploads\/2024\/12\/Der-schlichte-Weihnachtsbaum-von-Celine-Dion-ist-eine-ruhige-Luxusversion.png","type":"image\/png"}],"author":"Robert Hoffmann","twitter_card":"summary_large_image","twitter_misc":{"Verfasst von":"Robert Hoffmann","Gesch\u00e4tzte Lesezeit":"2\u00a0Minuten"},"schema":{"@context":"https:\/\/schema.org","@graph":[{"@type":"Article","@id":"https:\/\/www.strassenweb.de\/nachrichten\/der-schlichte-weihnachtsbaum-von-celine-dion-ist-eine-ruhige-luxusversion-des-winterwunderland-looks-der-schlichte-stil-wird-jedes-jahr-elegant-aussehen\/#article","isPartOf":{"@id":"https:\/\/www.strassenweb.de\/nachrichten\/der-schlichte-weihnachtsbaum-von-celine-dion-ist-eine-ruhige-luxusversion-des-winterwunderland-looks-der-schlichte-stil-wird-jedes-jahr-elegant-aussehen\/"},"author":{"name":"Robert Hoffmann","@id":"https:\/\/www.strassenweb.de\/nachrichten\/#\/schema\/person\/87c9c9067f1211da429a744dc5a5aa41"},"headline":"Der schlichte Weihnachtsbaum von Celine Dion ist eine ruhige Luxusversion des \u201eWinterwunderland\u201c-Looks \u2013 der schlichte Stil wird jedes Jahr elegant aussehen","datePublished":"2024-12-20T15:48:41+00:00","dateModified":"2024-12-20T15:48:45+00:00","mainEntityOfPage":{"@id":"https:\/\/www.strassenweb.de\/nachrichten\/der-schlichte-weihnachtsbaum-von-celine-dion-ist-eine-ruhige-luxusversion-des-winterwunderland-looks-der-schlichte-stil-wird-jedes-jahr-elegant-aussehen\/"},"wordCount":378,"publisher":{"@id":"https:\/\/www.strassenweb.de\/nachrichten\/#organization"},"image":{"@id":"https:\/\/www.strassenweb.de\/nachrichten\/der-schlichte-weihnachtsbaum-von-celine-dion-ist-eine-ruhige-luxusversion-des-winterwunderland-looks-der-schlichte-stil-wird-jedes-jahr-elegant-aussehen\/#primaryimage"},"thumbnailUrl":"https:\/\/www.strassenweb.de\/nachrichten\/wp-content\/uploads\/2024\/12\/Der-schlichte-Weihnachtsbaum-von-Celine-Dion-ist-eine-ruhige-Luxusversion.png","keywords":["aussehen","Celine","der","des","Dion","eine","elegant","ist","Jahr","jedes","Luxusversion","ruhige","schlichte","Stil","von","Weihnachtsbaum","WinterwunderlandLooks","wird"],"articleSection":["Haus &amp; Garten"],"inLanguage":"de"},{"@type":"WebPage","@id":"https:\/\/www.strassenweb.de\/nachrichten\/der-schlichte-weihnachtsbaum-von-celine-dion-ist-eine-ruhige-luxusversion-des-winterwunderland-looks-der-schlichte-stil-wird-jedes-jahr-elegant-aussehen\/","url":"https:\/\/www.strassenweb.de\/nachrichten\/der-schlichte-weihnachtsbaum-von-celine-dion-ist-eine-ruhige-luxusversion-des-winterwunderland-looks-der-schlichte-stil-wird-jedes-jahr-elegant-aussehen\/","name":"Der schlichte Weihnachtsbaum von Celine Dion ist eine ruhige Luxusversion des \u201eWinterwunderland\u201c-Looks \u2013 der schlichte Stil wird jedes Jahr elegant aussehen - Nachrichten - Stra\u00dfenweb","isPartOf":{"@id":"https:\/\/www.strassenweb.de\/nachrichten\/#website"},"primaryImageOfPage":{"@id":"https:\/\/www.strassenweb.de\/nachrichten\/der-schlichte-weihnachtsbaum-von-celine-dion-ist-eine-ruhige-luxusversion-des-winterwunderland-looks-der-schlichte-stil-wird-jedes-jahr-elegant-aussehen\/#primaryimage"},"image":{"@id":"https:\/\/www.strassenweb.de\/nachrichten\/der-schlichte-weihnachtsbaum-von-celine-dion-ist-eine-ruhige-luxusversion-des-winterwunderland-looks-der-schlichte-stil-wird-jedes-jahr-elegant-aussehen\/#primaryimage"},"thumbnailUrl":"https:\/\/www.strassenweb.de\/nachrichten\/wp-content\/uploads\/2024\/12\/Der-schlichte-Weihnachtsbaum-von-Celine-Dion-ist-eine-ruhige-Luxusversion.png","datePublished":"2024-12-20T15:48:41+00:00","dateModified":"2024-12-20T15:48:45+00:00","breadcrumb":{"@id":"https:\/\/www.strassenweb.de\/nachrichten\/der-schlichte-weihnachtsbaum-von-celine-dion-ist-eine-ruhige-luxusversion-des-winterwunderland-looks-der-schlichte-stil-wird-jedes-jahr-elegant-aussehen\/#breadcrumb"},"inLanguage":"de","potentialAction":[{"@type":"ReadAction","target":["https:\/\/www.strassenweb.de\/nachrichten\/der-schlichte-weihnachtsbaum-von-celine-dion-ist-eine-ruhige-luxusversion-des-winterwunderland-looks-der-schlichte-stil-wird-jedes-jahr-elegant-aussehen\/"]}]},{"@type":"ImageObject","inLanguage":"de","@id":"https:\/\/www.strassenweb.de\/nachrichten\/der-schlichte-weihnachtsbaum-von-celine-dion-ist-eine-ruhige-luxusversion-des-winterwunderland-looks-der-schlichte-stil-wird-jedes-jahr-elegant-aussehen\/#primaryimage","url":"https:\/\/www.strassenweb.de\/nachrichten\/wp-content\/uploads\/2024\/12\/Der-schlichte-Weihnachtsbaum-von-Celine-Dion-ist-eine-ruhige-Luxusversion.png","contentUrl":"https:\/\/www.strassenweb.de\/nachrichten\/wp-content\/uploads\/2024\/12\/Der-schlichte-Weihnachtsbaum-von-Celine-Dion-ist-eine-ruhige-Luxusversion.png","width":1200,"height":675,"caption":"Der schlichte Weihnachtsbaum von Celine Dion ist eine ruhige Luxusversion des \u201eWinterwunderland\u201c-Looks \u2013 der schlichte Stil wird jedes Jahr elegant aussehen"},{"@type":"BreadcrumbList","@id":"https:\/\/www.strassenweb.de\/nachrichten\/der-schlichte-weihnachtsbaum-von-celine-dion-ist-eine-ruhige-luxusversion-des-winterwunderland-looks-der-schlichte-stil-wird-jedes-jahr-elegant-aussehen\/#breadcrumb","itemListElement":[{"@type":"ListItem","position":1,"name":"Home","item":"https:\/\/www.strassenweb.de\/nachrichten\/"},{"@type":"ListItem","position":2,"name":"Der schlichte Weihnachtsbaum von Celine Dion ist eine ruhige Luxusversion des \u201eWinterwunderland\u201c-Looks \u2013 der schlichte Stil wird jedes Jahr elegant aussehen"}]},{"@type":"WebSite","@id":"https:\/\/www.strassenweb.de\/nachrichten\/#website","url":"https:\/\/www.strassenweb.de\/nachrichten\/","name":"Stra\u00dfenweb","description":"Stra\u00dfenverzeichnis f\u00fcr Deutschland","publisher":{"@id":"https:\/\/www.strassenweb.de\/nachrichten\/#organization"},"potentialAction":[{"@type":"SearchAction","target":{"@type":"EntryPoint","urlTemplate":"https:\/\/www.strassenweb.de\/nachrichten\/?s={search_term_string}"},"query-input":{"@type":"PropertyValueSpecification","valueRequired":true,"valueName":"search_term_string"}}],"inLanguage":"de"},{"@type":"Organization","@id":"https:\/\/www.strassenweb.de\/nachrichten\/#organization","name":"Stra\u00dfenweb","url":"https:\/\/www.strassenweb.de\/nachrichten\/","logo":{"@type":"ImageObject","inLanguage":"de","@id":"https:\/\/www.strassenweb.de\/nachrichten\/#\/schema\/logo\/image\/","url":"https:\/\/www.strassenweb.de\/nachrichten\/wp-content\/uploads\/2024\/09\/cropped-favicon.png","contentUrl":"https:\/\/www.strassenweb.de\/nachrichten\/wp-content\/uploads\/2024\/09\/cropped-favicon.png","width":512,"height":512,"caption":"Stra\u00dfenweb"},"image":{"@id":"https:\/\/www.strassenweb.de\/nachrichten\/#\/schema\/logo\/image\/"},"sameAs":["https:\/\/www.facebook.com\/strassenweb\/"]},{"@type":"Person","@id":"https:\/\/www.strassenweb.de\/nachrichten\/#\/schema\/person\/87c9c9067f1211da429a744dc5a5aa41","name":"Robert Hoffmann","image":{"@type":"ImageObject","inLanguage":"de","@id":"https:\/\/www.strassenweb.de\/nachrichten\/wp-content\/uploads\/2024\/09\/strassenweb-150x150.jpg","url":"https:\/\/www.strassenweb.de\/nachrichten\/wp-content\/uploads\/2024\/09\/strassenweb-150x150.jpg","contentUrl":"https:\/\/www.strassenweb.de\/nachrichten\/wp-content\/uploads\/2024\/09\/strassenweb-150x150.jpg","caption":"Robert Hoffmann"},"description":"Ich hei\u00dfe Robert Hoffmann und ich bin ein leidenschaftlicher Verfechter von \u00d6kologie und Biodiversit\u00e4t. Seit meiner Kindheit in den W\u00e4ldern Bayerns f\u00fchle ich mich mit der Natur verbunden und bin entschlossen, sie zu sch\u00fctzen. Heute widme ich mein Leben der Sensibilisierung anderer f\u00fcr die Bedeutung des Umweltschutzes f\u00fcr zuk\u00fcnftige Generationen.","sameAs":["https:\/\/www.strassenweb.de\/"]}]}},"_links":{"self":[{"href":"https:\/\/www.strassenweb.de\/nachrichten\/wp-json\/wp\/v2\/posts\/2238","targetHints":{"allow":["GET"]}}],"collection":[{"href":"https:\/\/www.strassenweb.de\/nachrichten\/wp-json\/wp\/v2\/posts"}],"about":[{"href":"https:\/\/www.strassenweb.de\/nachrichten\/wp-json\/wp\/v2\/types\/post"}],"author":[{"embeddable":true,"href":"https:\/\/www.strassenweb.de\/nachrichten\/wp-json\/wp\/v2\/users\/1"}],"replies":[{"embeddable":true,"href":"https:\/\/www.strassenweb.de\/nachrichten\/wp-json\/wp\/v2\/comments?post=2238"}],"version-history":[{"count":0,"href":"https:\/\/www.strassenweb.de\/nachrichten\/wp-json\/wp\/v2\/posts\/2238\/revisions"}],"wp:featuredmedia":[{"embeddable":true,"href":"https:\/\/www.strassenweb.de\/nachrichten\/wp-json\/wp\/v2\/media\/2239"}],"wp:attachment":[{"href":"https:\/\/www.strassenweb.de\/nachrichten\/wp-json\/wp\/v2\/media?parent=2238"}],"wp:term":[{"taxonomy":"category","embeddable":true,"href":"https:\/\/www.strassenweb.de\/nachrichten\/wp-json\/wp\/v2\/categories?post=2238"},{"taxonomy":"post_tag","embeddable":true,"href":"https:\/\/www.strassenweb.de\/nachrichten\/wp-json\/wp\/v2\/tags?post=2238"}],"curies":[{"name":"wp","href":"https:\/\/api.w.org\/{rel}","templated":true}]}}