{"id":2224,"date":"2024-12-19T20:45:38","date_gmt":"2024-12-19T19:45:38","guid":{"rendered":"https:\/\/www.strassenweb.de\/nachrichten\/wir-haben-10-innenarchitekten-gefragt-welche-lackfarben-im-jahr-2025-aus-der-mode-kommen-auf-diese-drei-farbtoene-waren-sich-alle-einig\/"},"modified":"2024-12-19T20:45:40","modified_gmt":"2024-12-19T19:45:40","slug":"wir-haben-10-innenarchitekten-gefragt-welche-lackfarben-im-jahr-2025-aus-der-mode-kommen-auf-diese-drei-farbtoene-waren-sich-alle-einig","status":"publish","type":"post","link":"https:\/\/www.strassenweb.de\/nachrichten\/wir-haben-10-innenarchitekten-gefragt-welche-lackfarben-im-jahr-2025-aus-der-mode-kommen-auf-diese-drei-farbtoene-waren-sich-alle-einig\/","title":{"rendered":"Wir haben 10 Innenarchitekten gefragt, welche Lackfarben im Jahr 2025 aus der Mode kommen \u2013 auf diese drei Farbt\u00f6ne waren sich alle einig"},"content":{"rendered":"<p><\/p>\n<div id=\"article-body\" class=\"article__body \">\n<p>W\u00e4hrend wir auf das neue Jahr blicken, ist es der ideale Zeitpunkt, \u00fcber Heimdekorationsprojekte nachzudenken, um Ihren R\u00e4umen im Januar neuen Schwung zu verleihen. Um dies stilvoll zu tun, ist es wichtig zu wissen, welche Lackfarben m\u00f6glicherweise in Ungnade gefallen sind.<\/p>\n<div id=\"ad-unit-1\" class=\"ad-unit\"><\/div>\n<p>2024 war ein farbzentriertes Jahr, in dem viele Designer auf fr\u00f6hliche Farbt\u00f6ne setzten, w\u00e4hrend Neutralt\u00f6ne nach wie vor in so vielen H\u00e4usern und Einrichtungsstilen im Mittelpunkt stehen.<\/p>\n<aside class=\"hawk-nest\" data-block-type=\"embed\" data-render-type=\"fte\" data-skip=\"dealsy\" data-widget-type=\"seasonal\">\n<div class=\"hawk-master-widget-hawk-base-wrapper\"><\/div>\n<\/aside>\n<p>Hier untersuchen wir, welche Farbtrends im Jahr 2025 aus der Mode kommen. Wir haben Innenarchitekten befragt, deren Ansichten wir unten zusammengefasst haben \u2013 lesen Sie weiter, um sicherzustellen, dass Ihre Raumfarbideen f\u00fcr 2025 vom Designer best\u00e4tigt werden.<\/p>\n<div id=\"desktop-in-article\" class=\"in-article ad-unit\">\n<div id=\"desktop-taboola-mid-article\"><\/div>\n<\/div>\n<div id=\"mobile-in-article\" class=\"in-article ad-unit\">\n<div id=\"mobile-taboola-mid-article\"><\/div>\n<\/div>\n<h2 id=\"3-paint-colors-going-out-of-style-in-2025-3\">3 Lackfarben, die im Jahr 2025 aus der Mode kommen<\/h2>\n<p>\u201eK\u00fchle Farben sind auf dem Weg nach drau\u00dfen \u2013 leuchtende Schwarz-Wei\u00df-Kombinationen, k\u00fchle Graut\u00f6ne und Prim\u00e4rfarben.\u201c Farben, die etwas tr\u00fcb oder warm wirken, erfreuen sich immer gr\u00f6\u00dferer Beliebtheit: gebrochenes Wei\u00df und Cremet\u00f6ne, interessante Farbkombinationen (denken Sie an Burgund und Senf) und w\u00e4rmere Graut\u00f6ne. \u201eIm Allgemeinen ist mehr Farbe im Trend und neutrale R\u00e4ume sind auf dem R\u00fcckzug\u201c, sagt Innenarchitektin<strong> <\/strong>Maren Baker.<\/p>\n<div class=\"van_vid_carousel\">\n<div class=\"van_vid_carousel__padding\">\n<div class=\"van_vid_carousel__container\"><\/div>\n<\/div>\n<\/div>\n<h3 class=\"article-body__section\" id=\"section-white\"><span>Wei\u00df<\/span><\/h3>\n<figure class=\"van-image-figure inline-layout \" data-bordeaux-image-check>\n<div class=\"image-full-width-wrapper\">\n<div class=\"image-widthsetter\" style=\"max-width:2000px;\"><\/div>\n<\/div>\n<\/figure>\n<p>In diesem Jahr wurden kr\u00e4ftige wei\u00dfe Farben durch w\u00e4rmere gebrochene Wei\u00dft\u00f6ne ersetzt, und dieser Wandel wird voraussichtlich im Jahr 2025 noch zunehmen. W\u00e4hrend helle Wei\u00dft\u00f6ne steril wirken k\u00f6nnen, verleihen die beliebteren warmwei\u00dfen Farben unseren H\u00e4usern eine subtile Gem\u00fctlichkeit und sorgen gleichzeitig f\u00fcr ein helles Licht und luftiges Gef\u00fchl.<\/p>\n<div id=\"ad-unit-2\" class=\"ad-unit\"><\/div>\n<p>\u201eWei\u00dfe Lackfarben sind im Jahr 2025 auf dem Vormarsch\u201c, prognostiziert Innenarchitekt Jamie Gasparovic, Gr\u00fcnder von Studio Gaspo. \u201eW\u00e4rmere T\u00f6ne sind im Trend und wir werden sehen, dass einst strahlend wei\u00dfe W\u00e4nde zu Taupe- und Beiget\u00f6nen tendieren.\u201c<\/p>\n<p>Debbie Mathews, Gr\u00fcnderin und Chefdesignerin von Debbie Mathews Antiques &#038; Designs mit Sitz in Nashville, sieht ebenfalls eine anhaltende Abkehr von strahlend wei\u00dfen Innenr\u00e4umen und f\u00fcgt hinzu: \u201eIch denke, dass wir uns nach Jahren steriler wei\u00dfer und grauer minimalistischer Innenr\u00e4ume nach W\u00e4rme und Gem\u00fctlichkeit sehnen.\u201c Diese Farben k\u00f6nnen nicht liefern. Stattdessen empfehle ich cremigere Wei\u00df-, Braun-, Braun-, Gr\u00fcn- und Gelbt\u00f6ne. \u201eDiese Farben im richtigen Farbton k\u00f6nnen Sie im wahrsten Sinne des Wortes in W\u00e4rme einh\u00fcllen und f\u00fcr ein Gef\u00fchl des Wohlbefindens sorgen.\u201c<\/p>\n<figure class=\"van-image-figure inline-layout \" data-bordeaux-image-check>\n<div class=\"image-full-width-wrapper\">\n<div class=\"image-widthsetter\" style=\"max-width:2000px;\"><\/div>\n<\/div>\n<\/figure>\n<p>W\u00e4hrend es viele beliebte warmwei\u00dfe Farben gibt, die anstelle von echtem Wei\u00df verwendet werden k\u00f6nnen, wie zum Beispiel Benjamin Moores Alabaster oder Simply White, schlagen Designer auch vor, kr\u00e4ftiger vorzugehen und Wei\u00df durch kr\u00e4ftigere Farbt\u00f6ne zu ersetzen:<\/p>\n<p>\u201eWei\u00dfe Farbe, insbesondere alles Wei\u00dfe, ist in Ungnade gefallen, da sich Hausbesitzer zunehmend f\u00fcr kr\u00e4ftigere, ausdrucksst\u00e4rkere Farben entscheiden\u201c, erkl\u00e4rt Innenarchitektin Betsy Wentz. \u201eStattdessen sind w\u00e4rmere Neutralt\u00f6ne und satte, satte Farbt\u00f6ne die erste Wahl, um einem Raum Tiefe und Pers\u00f6nlichkeit zu verleihen.\u201c \u201eEinige meiner Favoriten sind Benjamin Moores Smokey Green, Beach Glass und Wedgewood Grey.\u201c<\/p>\n<h3 class=\"article-body__section\" id=\"section-gray\"><span>Grau<\/span><\/h3>\n<figure class=\"van-image-figure inline-layout \" data-bordeaux-image-check>\n<div class=\"image-full-width-wrapper\">\n<div class=\"image-widthsetter\" style=\"max-width:2000px;\"><\/div>\n<\/div>\n<\/figure>\n<p>\u00c4hnlich wie helles Wei\u00df k\u00f6nnen auch k\u00fchle Graut\u00f6ne gleicherma\u00dfen eint\u00f6nig wirken. W\u00e4hrend die Innenarchitekturtrends der letzten Jahre bereits begonnen haben, sich von grauen Raumideen zu entfernen, gehen Designer davon aus, dass w\u00e4rmere Neutralt\u00f6ne auch im n\u00e4chsten Jahr Bestand haben werden.<\/p>\n<p>\u201eGrau k\u00f6nnte im Jahr 2025 endlich auf dem Markt sein \u2013 es ist \u00fcbertrieben und kann kalt und uninspiriert wirken, wenn es nicht sorgf\u00e4ltig eingesetzt wird\u201c, sagt Kevie Murphy, Direktor und CEO von KA Murphy Interiors. \u201eWenn Sie Grau immer noch lieben, versuchen Sie es mit einer Version mit etwas Glanz, um Dimension und W\u00e4rme zu verleihen. Es ist eine subtile Aufwertung, die den Raum aufwertet.\u201c<\/p>\n<p>Die Abkehr von Grau geht mit der aktuellen Tendenz zu warmen Farbschemata einher, statt zu k\u00fchlen Farbschemata, die sich im Allgemeinen gem\u00fctlicher anf\u00fchlen. Wenn es darum geht, mit neutralen Farben zu dekorieren, sind warme neutrale Farben wie Braun eine trendige M\u00f6glichkeit, Tiefe und W\u00e4rme zu verleihen.<\/p>\n<p>Katara Cade, Innenarchitektin bei der Pearson Design Group, f\u00fchrt aus: \u201eCoole Farben kommen im Jahr 2025 aus der Mode!\u201c Das hat ein paar Jahre gedauert, aber wir sehen, dass die Leute wieder zu w\u00e4rmeren Farbt\u00f6nen tendieren. Lange Zeit herrschte \u00fcberall k\u00fchles Grau. Die Menschen f\u00fcllten ihre H\u00e4user mit Grau. Aber egal, ob es sich um W\u00e4nde oder Schr\u00e4nke handelt, k\u00fchle Farben k\u00f6nnen steril und abweisend wirken. Warme Lackfarben wirken viel einladender. \u201eSogar Pantones Farbe des Jahres 2025 ist Mokka-Mousse \u2013 ein weiches, sanftes Braun, das Behaglichkeit und W\u00e4rme ausstrahlt.\u201c<\/p>\n<p>\u201eSatte und warme Farben liegen voll im Trend, und wir lieben es, Farben zu verwenden, die Hausbesitzern schmeicheln und ihnen Zuflucht bieten\u201c, stimmt Ryan Kopet von Miles and Kirk Design zu. \u201eDie eher juwelenartigen Versionen traditioneller Farben verleihen den Schemata einen gehobenen Eindruck. \u201eWir haben k\u00fcrzlich f\u00fcr Benjamin Moores Brown Sugar ein tiefes Braun verwendet, das einem Esszimmer F\u00fclle und Ernsthaftigkeit verleiht und gleichzeitig einladend und gem\u00fctlich wirkt.\u201c<\/p>\n<figure class=\"van-image-figure inline-layout \" data-bordeaux-image-check>\n<div class=\"image-full-width-wrapper\">\n<div class=\"image-widthsetter\" style=\"max-width:2000px;\"><\/div>\n<\/div>\n<\/figure>\n<p>Die Designerin Jessika Gatewood von Gatewood Designs sieht im n\u00e4chsten Jahr ebenfalls einen R\u00fcckgang der Graut\u00f6ne zugunsten w\u00e4rmerer Neutralt\u00f6ne und f\u00fcgt hinzu: \u201eIch gehe davon aus, dass k\u00fchle Graut\u00f6ne, die jahrelang dominiert haben, weiterhin an Beliebtheit verlieren werden.\u201c Stattdessen w\u00fcrde ich erdige Neutralt\u00f6ne wie Taupe oder warmes Greige empfehlen, die sich weicher und organischer anf\u00fchlen.\u201c<\/p>\n<p>W\u00e4hrend warme, neutrale Farben eine willkommene Alternative zu Grau darstellen, k\u00f6nnen sie auch durch farbenfrohere Farbt\u00f6ne wie satte Blau- und Braunt\u00f6ne ersetzt werden, schl\u00e4gt die in Chicago ans\u00e4ssige Designerin Elizabeth Taich vor:<\/p>\n<p>\u201eHat Hellgrau nicht schon 2024 auf den Markt kommen sollen?\u201c Ich sehe es immer noch auftauchen und hoffe wirklich, dass es dieses Jahr herauskommt. Stattdessen w\u00fcrde ich mir lieber tiefere Blau- und Braunt\u00f6ne w\u00fcnschen, um gem\u00fctlichere R\u00e4ume zu schaffen, in denen man es sich mit einem guten Buch gem\u00fctlich machen und sich einfach in der W\u00e4rme des Raums verlieren kann. Ich arbeite derzeit an einem Raum mit Braun-, Mitternachtsblau-, Karamell-Taupe- und gebrannten Oranget\u00f6nen. Der Name dieses Zimmers wurde treffend als \u201egem\u00fctliches Zimmer\u201c bezeichnet.<\/p>\n<h3 class=\"article-body__section\" id=\"section-navy-blue\"><span>Marineblau<\/span><\/h3>\n<figure class=\"van-image-figure inline-layout \" data-bordeaux-image-check>\n<div class=\"image-full-width-wrapper\">\n<div class=\"image-widthsetter\" style=\"max-width:2000px;\"><\/div>\n<\/div>\n<\/figure>\n<p>W\u00e4hrend Dunkelblau in den letzten Jahren als Farbe f\u00fcr Innenr\u00e4ume immer beliebter geworden ist, nicht zuletzt in K\u00fcchen, wo es f\u00fcr K\u00fcchenschr\u00e4nke verwendet wird, ist es m\u00f6glicherweise endlich an der Zeit, sich von diesem tiefen und dunklen Farbton zu verabschieden.<\/p>\n<p>\u201eIch habe das Gef\u00fchl, dass blaue Farben auf dem R\u00fcckzug sind\u201c, bemerkt die in Charlotte ans\u00e4ssige Innenarchitektin Alexis Warren. \u201eIn den letzten vier bis f\u00fcnf Jahren haben wir wirklich alle Blaut\u00f6ne in den H\u00e4usern unserer Kunden ausgesch\u00f6pft und es ist Zeit, die Dinge aufzuw\u00e4rmen.\u201c Ich sehe viel Gr\u00fcn, Braun, Lila und sogar Gelb. Jeder w\u00fcnscht sich W\u00e4rme in seinem Zuhause und zieht sich von Blau- und Wei\u00dft\u00f6nen zur\u00fcck. \u201eWenn Sie im Jahr 2025 etwas \u00e4ndern m\u00f6chten, greifen Sie zu Gr\u00fcn statt zu Blau.\u201c<\/p>\n<p>In dem von Alexis Warren Designs entworfenen Raum darunter wird Beverly von Farrow &#038; Ball verwendet, um den Raum mit Farbe zu durchtr\u00e4nken und so eine erdigere Alternative zu Marineblau zu schaffen.<\/p>\n<figure class=\"van-image-figure inline-layout \" data-bordeaux-image-check>\n<div class=\"image-full-width-wrapper\">\n<div class=\"image-widthsetter\" style=\"max-width:2000px;\"><\/div>\n<\/div>\n<\/figure>\n<p>Neben den trendigen dunklen Gr\u00fcnt\u00f6nen gibt es viele andere stimmungsvolle Lackfarben, die eine stilvolle Alternative zu Marineblau darstellen. W\u00e4rmende, raffinierte Farbt\u00f6ne wie Burgunderrot und Schokoladenbraun sorgen f\u00fcr ein ebenso wirkungsvolles Gesamtkonzept, jedoch mit mehr W\u00e4rme.<\/p>\n<p>Wenn Sie dunkles Blau verwenden m\u00f6chten, versuchen Sie es mit Farbt\u00f6nen wie Hague Blue von Farrow &#038; Ball, das durch seine gr\u00fcnen Untert\u00f6ne nuanciert wirkt, oder sogar mit dem viel dunkleren Railings, das wie ein tiefes Blauschwarz wirkt.<\/p>\n<hr>\n<p>Auch wenn diese drei Lackfarben in den Augen von Designern vielleicht nicht gerade im Trend liegen, hei\u00dft das nicht, dass Sie sie nicht verwenden sollten. Jede dieser Farben kann im richtigen Raum gut aussehen, je nachdem, welchen Look Sie kreieren m\u00f6chten; Es gibt jedoch auch aktuellere Alternativen, die f\u00fcr das kommende Jahr in Betracht gezogen werden sollten.<\/p>\n<\/div>\n","protected":false},"excerpt":{"rendered":"<p>W\u00e4hrend wir auf das neue Jahr blicken, ist es der ideale Zeitpunkt, \u00fcber Heimdekorationsprojekte nachzudenken, um Ihren R\u00e4umen im Januar neuen Schwung zu verleihen. Um<\/p>\n","protected":false},"author":1,"featured_media":2225,"comment_status":"closed","ping_status":"","sticky":false,"template":"","format":"standard","meta":{"footnotes":""},"categories":[118],"tags":[176,46,287,81,143,851,3424,162,3543,469,717,384,2119,1995,2252,142,1130,1606,411],"class_list":["post-2224","post","type-post","status-publish","format-standard","has-post-thumbnail","hentry","category-haus-garten","tag-alle","tag-auf","tag-aus","tag-der","tag-diese","tag-drei","tag-einig","tag-farbtoene","tag-gefragt","tag-haben","tag-innenarchitekten","tag-jahr","tag-kommen","tag-lackfarben","tag-mode","tag-sich","tag-waren","tag-welche","tag-wir","generate-columns","tablet-grid-50","mobile-grid-100","grid-parent","grid-50"],"yoast_head":"<!-- This site is optimized with the Yoast SEO plugin v27.3 - https:\/\/yoast.com\/product\/yoast-seo-wordpress\/ -->\n<title>Wir haben 10 Innenarchitekten gefragt, welche Lackfarben im Jahr 2025 aus der Mode kommen \u2013 auf diese drei Farbt\u00f6ne waren sich alle einig - Nachrichten - Stra\u00dfenweb<\/title>\n<meta name=\"robots\" content=\"index, follow, max-snippet:-1, max-image-preview:large, max-video-preview:-1\" \/>\n<link rel=\"canonical\" href=\"https:\/\/www.strassenweb.de\/nachrichten\/wir-haben-10-innenarchitekten-gefragt-welche-lackfarben-im-jahr-2025-aus-der-mode-kommen-auf-diese-drei-farbtoene-waren-sich-alle-einig\/\" \/>\n<meta property=\"og:locale\" content=\"de_DE\" \/>\n<meta property=\"og:type\" content=\"article\" \/>\n<meta property=\"og:title\" content=\"Wir haben 10 Innenarchitekten gefragt, welche Lackfarben im Jahr 2025 aus der Mode kommen \u2013 auf diese drei Farbt\u00f6ne waren sich alle einig - Nachrichten - Stra\u00dfenweb\" \/>\n<meta property=\"og:description\" content=\"W\u00e4hrend wir auf das neue Jahr blicken, ist es der ideale Zeitpunkt, \u00fcber Heimdekorationsprojekte nachzudenken, um Ihren R\u00e4umen im Januar neuen Schwung zu verleihen. Um\" \/>\n<meta property=\"og:url\" content=\"https:\/\/www.strassenweb.de\/nachrichten\/wir-haben-10-innenarchitekten-gefragt-welche-lackfarben-im-jahr-2025-aus-der-mode-kommen-auf-diese-drei-farbtoene-waren-sich-alle-einig\/\" \/>\n<meta property=\"og:site_name\" content=\"Stra\u00dfenweb\" \/>\n<meta property=\"article:publisher\" content=\"https:\/\/www.facebook.com\/strassenweb\/\" \/>\n<meta property=\"article:published_time\" content=\"2024-12-19T19:45:38+00:00\" \/>\n<meta property=\"article:modified_time\" content=\"2024-12-19T19:45:40+00:00\" \/>\n<meta property=\"og:image\" content=\"https:\/\/www.strassenweb.de\/nachrichten\/wp-content\/uploads\/2024\/12\/Wir-haben-10-Innenarchitekten-gefragt-welche-Lackfarben-im-Jahr-2025.jpg\" \/>\n\t<meta property=\"og:image:width\" content=\"1200\" \/>\n\t<meta property=\"og:image:height\" content=\"675\" \/>\n\t<meta property=\"og:image:type\" content=\"image\/jpeg\" \/>\n<meta name=\"author\" content=\"Robert Hoffmann\" \/>\n<meta name=\"twitter:card\" content=\"summary_large_image\" \/>\n<meta name=\"twitter:label1\" content=\"Verfasst von\" \/>\n\t<meta name=\"twitter:data1\" content=\"Robert Hoffmann\" \/>\n\t<meta name=\"twitter:label2\" content=\"Gesch\u00e4tzte Lesezeit\" \/>\n\t<meta name=\"twitter:data2\" content=\"7\u00a0Minuten\" \/>\n<script type=\"application\/ld+json\" class=\"yoast-schema-graph\">{\"@context\":\"https:\\\/\\\/schema.org\",\"@graph\":[{\"@type\":\"Article\",\"@id\":\"https:\\\/\\\/www.strassenweb.de\\\/nachrichten\\\/wir-haben-10-innenarchitekten-gefragt-welche-lackfarben-im-jahr-2025-aus-der-mode-kommen-auf-diese-drei-farbtoene-waren-sich-alle-einig\\\/#article\",\"isPartOf\":{\"@id\":\"https:\\\/\\\/www.strassenweb.de\\\/nachrichten\\\/wir-haben-10-innenarchitekten-gefragt-welche-lackfarben-im-jahr-2025-aus-der-mode-kommen-auf-diese-drei-farbtoene-waren-sich-alle-einig\\\/\"},\"author\":{\"name\":\"Robert Hoffmann\",\"@id\":\"https:\\\/\\\/www.strassenweb.de\\\/nachrichten\\\/#\\\/schema\\\/person\\\/87c9c9067f1211da429a744dc5a5aa41\"},\"headline\":\"Wir haben 10 Innenarchitekten gefragt, welche Lackfarben im Jahr 2025 aus der Mode kommen \u2013 auf diese drei Farbt\u00f6ne waren sich alle einig\",\"datePublished\":\"2024-12-19T19:45:38+00:00\",\"dateModified\":\"2024-12-19T19:45:40+00:00\",\"mainEntityOfPage\":{\"@id\":\"https:\\\/\\\/www.strassenweb.de\\\/nachrichten\\\/wir-haben-10-innenarchitekten-gefragt-welche-lackfarben-im-jahr-2025-aus-der-mode-kommen-auf-diese-drei-farbtoene-waren-sich-alle-einig\\\/\"},\"wordCount\":1374,\"publisher\":{\"@id\":\"https:\\\/\\\/www.strassenweb.de\\\/nachrichten\\\/#organization\"},\"image\":{\"@id\":\"https:\\\/\\\/www.strassenweb.de\\\/nachrichten\\\/wir-haben-10-innenarchitekten-gefragt-welche-lackfarben-im-jahr-2025-aus-der-mode-kommen-auf-diese-drei-farbtoene-waren-sich-alle-einig\\\/#primaryimage\"},\"thumbnailUrl\":\"https:\\\/\\\/www.strassenweb.de\\\/nachrichten\\\/wp-content\\\/uploads\\\/2024\\\/12\\\/Wir-haben-10-Innenarchitekten-gefragt-welche-Lackfarben-im-Jahr-2025.jpg\",\"keywords\":[\"alle\",\"auf\",\"aus\",\"der\",\"diese\",\"drei\",\"einig\",\"Farbt\u00f6ne\",\"gefragt\",\"haben\",\"Innenarchitekten\",\"Jahr\",\"kommen\",\"Lackfarben\",\"Mode\",\"sich\",\"waren\",\"welche\",\"wir\"],\"articleSection\":[\"Haus &amp; Garten\"],\"inLanguage\":\"de\"},{\"@type\":\"WebPage\",\"@id\":\"https:\\\/\\\/www.strassenweb.de\\\/nachrichten\\\/wir-haben-10-innenarchitekten-gefragt-welche-lackfarben-im-jahr-2025-aus-der-mode-kommen-auf-diese-drei-farbtoene-waren-sich-alle-einig\\\/\",\"url\":\"https:\\\/\\\/www.strassenweb.de\\\/nachrichten\\\/wir-haben-10-innenarchitekten-gefragt-welche-lackfarben-im-jahr-2025-aus-der-mode-kommen-auf-diese-drei-farbtoene-waren-sich-alle-einig\\\/\",\"name\":\"Wir haben 10 Innenarchitekten gefragt, welche Lackfarben im Jahr 2025 aus der Mode kommen \u2013 auf diese drei Farbt\u00f6ne waren sich alle einig - Nachrichten - Stra\u00dfenweb\",\"isPartOf\":{\"@id\":\"https:\\\/\\\/www.strassenweb.de\\\/nachrichten\\\/#website\"},\"primaryImageOfPage\":{\"@id\":\"https:\\\/\\\/www.strassenweb.de\\\/nachrichten\\\/wir-haben-10-innenarchitekten-gefragt-welche-lackfarben-im-jahr-2025-aus-der-mode-kommen-auf-diese-drei-farbtoene-waren-sich-alle-einig\\\/#primaryimage\"},\"image\":{\"@id\":\"https:\\\/\\\/www.strassenweb.de\\\/nachrichten\\\/wir-haben-10-innenarchitekten-gefragt-welche-lackfarben-im-jahr-2025-aus-der-mode-kommen-auf-diese-drei-farbtoene-waren-sich-alle-einig\\\/#primaryimage\"},\"thumbnailUrl\":\"https:\\\/\\\/www.strassenweb.de\\\/nachrichten\\\/wp-content\\\/uploads\\\/2024\\\/12\\\/Wir-haben-10-Innenarchitekten-gefragt-welche-Lackfarben-im-Jahr-2025.jpg\",\"datePublished\":\"2024-12-19T19:45:38+00:00\",\"dateModified\":\"2024-12-19T19:45:40+00:00\",\"breadcrumb\":{\"@id\":\"https:\\\/\\\/www.strassenweb.de\\\/nachrichten\\\/wir-haben-10-innenarchitekten-gefragt-welche-lackfarben-im-jahr-2025-aus-der-mode-kommen-auf-diese-drei-farbtoene-waren-sich-alle-einig\\\/#breadcrumb\"},\"inLanguage\":\"de\",\"potentialAction\":[{\"@type\":\"ReadAction\",\"target\":[\"https:\\\/\\\/www.strassenweb.de\\\/nachrichten\\\/wir-haben-10-innenarchitekten-gefragt-welche-lackfarben-im-jahr-2025-aus-der-mode-kommen-auf-diese-drei-farbtoene-waren-sich-alle-einig\\\/\"]}]},{\"@type\":\"ImageObject\",\"inLanguage\":\"de\",\"@id\":\"https:\\\/\\\/www.strassenweb.de\\\/nachrichten\\\/wir-haben-10-innenarchitekten-gefragt-welche-lackfarben-im-jahr-2025-aus-der-mode-kommen-auf-diese-drei-farbtoene-waren-sich-alle-einig\\\/#primaryimage\",\"url\":\"https:\\\/\\\/www.strassenweb.de\\\/nachrichten\\\/wp-content\\\/uploads\\\/2024\\\/12\\\/Wir-haben-10-Innenarchitekten-gefragt-welche-Lackfarben-im-Jahr-2025.jpg\",\"contentUrl\":\"https:\\\/\\\/www.strassenweb.de\\\/nachrichten\\\/wp-content\\\/uploads\\\/2024\\\/12\\\/Wir-haben-10-Innenarchitekten-gefragt-welche-Lackfarben-im-Jahr-2025.jpg\",\"width\":1200,\"height\":675,\"caption\":\"Wir haben 10 Innenarchitekten gefragt, welche Lackfarben im Jahr 2025 aus der Mode kommen \u2013 auf diese drei Farbt\u00f6ne waren sich alle einig\"},{\"@type\":\"BreadcrumbList\",\"@id\":\"https:\\\/\\\/www.strassenweb.de\\\/nachrichten\\\/wir-haben-10-innenarchitekten-gefragt-welche-lackfarben-im-jahr-2025-aus-der-mode-kommen-auf-diese-drei-farbtoene-waren-sich-alle-einig\\\/#breadcrumb\",\"itemListElement\":[{\"@type\":\"ListItem\",\"position\":1,\"name\":\"Home\",\"item\":\"https:\\\/\\\/www.strassenweb.de\\\/nachrichten\\\/\"},{\"@type\":\"ListItem\",\"position\":2,\"name\":\"Wir haben 10 Innenarchitekten gefragt, welche Lackfarben im Jahr 2025 aus der Mode kommen \u2013 auf diese drei Farbt\u00f6ne waren sich alle einig\"}]},{\"@type\":\"WebSite\",\"@id\":\"https:\\\/\\\/www.strassenweb.de\\\/nachrichten\\\/#website\",\"url\":\"https:\\\/\\\/www.strassenweb.de\\\/nachrichten\\\/\",\"name\":\"Stra\u00dfenweb\",\"description\":\"Stra\u00dfenverzeichnis f\u00fcr Deutschland\",\"publisher\":{\"@id\":\"https:\\\/\\\/www.strassenweb.de\\\/nachrichten\\\/#organization\"},\"potentialAction\":[{\"@type\":\"SearchAction\",\"target\":{\"@type\":\"EntryPoint\",\"urlTemplate\":\"https:\\\/\\\/www.strassenweb.de\\\/nachrichten\\\/?s={search_term_string}\"},\"query-input\":{\"@type\":\"PropertyValueSpecification\",\"valueRequired\":true,\"valueName\":\"search_term_string\"}}],\"inLanguage\":\"de\"},{\"@type\":\"Organization\",\"@id\":\"https:\\\/\\\/www.strassenweb.de\\\/nachrichten\\\/#organization\",\"name\":\"Stra\u00dfenweb\",\"url\":\"https:\\\/\\\/www.strassenweb.de\\\/nachrichten\\\/\",\"logo\":{\"@type\":\"ImageObject\",\"inLanguage\":\"de\",\"@id\":\"https:\\\/\\\/www.strassenweb.de\\\/nachrichten\\\/#\\\/schema\\\/logo\\\/image\\\/\",\"url\":\"https:\\\/\\\/www.strassenweb.de\\\/nachrichten\\\/wp-content\\\/uploads\\\/2024\\\/09\\\/cropped-favicon.png\",\"contentUrl\":\"https:\\\/\\\/www.strassenweb.de\\\/nachrichten\\\/wp-content\\\/uploads\\\/2024\\\/09\\\/cropped-favicon.png\",\"width\":512,\"height\":512,\"caption\":\"Stra\u00dfenweb\"},\"image\":{\"@id\":\"https:\\\/\\\/www.strassenweb.de\\\/nachrichten\\\/#\\\/schema\\\/logo\\\/image\\\/\"},\"sameAs\":[\"https:\\\/\\\/www.facebook.com\\\/strassenweb\\\/\"]},{\"@type\":\"Person\",\"@id\":\"https:\\\/\\\/www.strassenweb.de\\\/nachrichten\\\/#\\\/schema\\\/person\\\/87c9c9067f1211da429a744dc5a5aa41\",\"name\":\"Robert Hoffmann\",\"image\":{\"@type\":\"ImageObject\",\"inLanguage\":\"de\",\"@id\":\"https:\\\/\\\/www.strassenweb.de\\\/nachrichten\\\/wp-content\\\/uploads\\\/2024\\\/09\\\/strassenweb-150x150.jpg\",\"url\":\"https:\\\/\\\/www.strassenweb.de\\\/nachrichten\\\/wp-content\\\/uploads\\\/2024\\\/09\\\/strassenweb-150x150.jpg\",\"contentUrl\":\"https:\\\/\\\/www.strassenweb.de\\\/nachrichten\\\/wp-content\\\/uploads\\\/2024\\\/09\\\/strassenweb-150x150.jpg\",\"caption\":\"Robert Hoffmann\"},\"description\":\"Ich hei\u00dfe Robert Hoffmann und ich bin ein leidenschaftlicher Verfechter von \u00d6kologie und Biodiversit\u00e4t. Seit meiner Kindheit in den W\u00e4ldern Bayerns f\u00fchle ich mich mit der Natur verbunden und bin entschlossen, sie zu sch\u00fctzen. Heute widme ich mein Leben der Sensibilisierung anderer f\u00fcr die Bedeutung des Umweltschutzes f\u00fcr zuk\u00fcnftige Generationen.\",\"sameAs\":[\"https:\\\/\\\/www.strassenweb.de\\\/\"]}]}<\/script>\n<!-- \/ Yoast SEO plugin. -->","yoast_head_json":{"title":"Wir haben 10 Innenarchitekten gefragt, welche Lackfarben im Jahr 2025 aus der Mode kommen \u2013 auf diese drei Farbt\u00f6ne waren sich alle einig - Nachrichten - Stra\u00dfenweb","robots":{"index":"index","follow":"follow","max-snippet":"max-snippet:-1","max-image-preview":"max-image-preview:large","max-video-preview":"max-video-preview:-1"},"canonical":"https:\/\/www.strassenweb.de\/nachrichten\/wir-haben-10-innenarchitekten-gefragt-welche-lackfarben-im-jahr-2025-aus-der-mode-kommen-auf-diese-drei-farbtoene-waren-sich-alle-einig\/","og_locale":"de_DE","og_type":"article","og_title":"Wir haben 10 Innenarchitekten gefragt, welche Lackfarben im Jahr 2025 aus der Mode kommen \u2013 auf diese drei Farbt\u00f6ne waren sich alle einig - Nachrichten - Stra\u00dfenweb","og_description":"W\u00e4hrend wir auf das neue Jahr blicken, ist es der ideale Zeitpunkt, \u00fcber Heimdekorationsprojekte nachzudenken, um Ihren R\u00e4umen im Januar neuen Schwung zu verleihen. Um","og_url":"https:\/\/www.strassenweb.de\/nachrichten\/wir-haben-10-innenarchitekten-gefragt-welche-lackfarben-im-jahr-2025-aus-der-mode-kommen-auf-diese-drei-farbtoene-waren-sich-alle-einig\/","og_site_name":"Stra\u00dfenweb","article_publisher":"https:\/\/www.facebook.com\/strassenweb\/","article_published_time":"2024-12-19T19:45:38+00:00","article_modified_time":"2024-12-19T19:45:40+00:00","og_image":[{"width":1200,"height":675,"url":"https:\/\/www.strassenweb.de\/nachrichten\/wp-content\/uploads\/2024\/12\/Wir-haben-10-Innenarchitekten-gefragt-welche-Lackfarben-im-Jahr-2025.jpg","type":"image\/jpeg"}],"author":"Robert Hoffmann","twitter_card":"summary_large_image","twitter_misc":{"Verfasst von":"Robert Hoffmann","Gesch\u00e4tzte Lesezeit":"7\u00a0Minuten"},"schema":{"@context":"https:\/\/schema.org","@graph":[{"@type":"Article","@id":"https:\/\/www.strassenweb.de\/nachrichten\/wir-haben-10-innenarchitekten-gefragt-welche-lackfarben-im-jahr-2025-aus-der-mode-kommen-auf-diese-drei-farbtoene-waren-sich-alle-einig\/#article","isPartOf":{"@id":"https:\/\/www.strassenweb.de\/nachrichten\/wir-haben-10-innenarchitekten-gefragt-welche-lackfarben-im-jahr-2025-aus-der-mode-kommen-auf-diese-drei-farbtoene-waren-sich-alle-einig\/"},"author":{"name":"Robert Hoffmann","@id":"https:\/\/www.strassenweb.de\/nachrichten\/#\/schema\/person\/87c9c9067f1211da429a744dc5a5aa41"},"headline":"Wir haben 10 Innenarchitekten gefragt, welche Lackfarben im Jahr 2025 aus der Mode kommen \u2013 auf diese drei Farbt\u00f6ne waren sich alle einig","datePublished":"2024-12-19T19:45:38+00:00","dateModified":"2024-12-19T19:45:40+00:00","mainEntityOfPage":{"@id":"https:\/\/www.strassenweb.de\/nachrichten\/wir-haben-10-innenarchitekten-gefragt-welche-lackfarben-im-jahr-2025-aus-der-mode-kommen-auf-diese-drei-farbtoene-waren-sich-alle-einig\/"},"wordCount":1374,"publisher":{"@id":"https:\/\/www.strassenweb.de\/nachrichten\/#organization"},"image":{"@id":"https:\/\/www.strassenweb.de\/nachrichten\/wir-haben-10-innenarchitekten-gefragt-welche-lackfarben-im-jahr-2025-aus-der-mode-kommen-auf-diese-drei-farbtoene-waren-sich-alle-einig\/#primaryimage"},"thumbnailUrl":"https:\/\/www.strassenweb.de\/nachrichten\/wp-content\/uploads\/2024\/12\/Wir-haben-10-Innenarchitekten-gefragt-welche-Lackfarben-im-Jahr-2025.jpg","keywords":["alle","auf","aus","der","diese","drei","einig","Farbt\u00f6ne","gefragt","haben","Innenarchitekten","Jahr","kommen","Lackfarben","Mode","sich","waren","welche","wir"],"articleSection":["Haus &amp; Garten"],"inLanguage":"de"},{"@type":"WebPage","@id":"https:\/\/www.strassenweb.de\/nachrichten\/wir-haben-10-innenarchitekten-gefragt-welche-lackfarben-im-jahr-2025-aus-der-mode-kommen-auf-diese-drei-farbtoene-waren-sich-alle-einig\/","url":"https:\/\/www.strassenweb.de\/nachrichten\/wir-haben-10-innenarchitekten-gefragt-welche-lackfarben-im-jahr-2025-aus-der-mode-kommen-auf-diese-drei-farbtoene-waren-sich-alle-einig\/","name":"Wir haben 10 Innenarchitekten gefragt, welche Lackfarben im Jahr 2025 aus der Mode kommen \u2013 auf diese drei Farbt\u00f6ne waren sich alle einig - Nachrichten - Stra\u00dfenweb","isPartOf":{"@id":"https:\/\/www.strassenweb.de\/nachrichten\/#website"},"primaryImageOfPage":{"@id":"https:\/\/www.strassenweb.de\/nachrichten\/wir-haben-10-innenarchitekten-gefragt-welche-lackfarben-im-jahr-2025-aus-der-mode-kommen-auf-diese-drei-farbtoene-waren-sich-alle-einig\/#primaryimage"},"image":{"@id":"https:\/\/www.strassenweb.de\/nachrichten\/wir-haben-10-innenarchitekten-gefragt-welche-lackfarben-im-jahr-2025-aus-der-mode-kommen-auf-diese-drei-farbtoene-waren-sich-alle-einig\/#primaryimage"},"thumbnailUrl":"https:\/\/www.strassenweb.de\/nachrichten\/wp-content\/uploads\/2024\/12\/Wir-haben-10-Innenarchitekten-gefragt-welche-Lackfarben-im-Jahr-2025.jpg","datePublished":"2024-12-19T19:45:38+00:00","dateModified":"2024-12-19T19:45:40+00:00","breadcrumb":{"@id":"https:\/\/www.strassenweb.de\/nachrichten\/wir-haben-10-innenarchitekten-gefragt-welche-lackfarben-im-jahr-2025-aus-der-mode-kommen-auf-diese-drei-farbtoene-waren-sich-alle-einig\/#breadcrumb"},"inLanguage":"de","potentialAction":[{"@type":"ReadAction","target":["https:\/\/www.strassenweb.de\/nachrichten\/wir-haben-10-innenarchitekten-gefragt-welche-lackfarben-im-jahr-2025-aus-der-mode-kommen-auf-diese-drei-farbtoene-waren-sich-alle-einig\/"]}]},{"@type":"ImageObject","inLanguage":"de","@id":"https:\/\/www.strassenweb.de\/nachrichten\/wir-haben-10-innenarchitekten-gefragt-welche-lackfarben-im-jahr-2025-aus-der-mode-kommen-auf-diese-drei-farbtoene-waren-sich-alle-einig\/#primaryimage","url":"https:\/\/www.strassenweb.de\/nachrichten\/wp-content\/uploads\/2024\/12\/Wir-haben-10-Innenarchitekten-gefragt-welche-Lackfarben-im-Jahr-2025.jpg","contentUrl":"https:\/\/www.strassenweb.de\/nachrichten\/wp-content\/uploads\/2024\/12\/Wir-haben-10-Innenarchitekten-gefragt-welche-Lackfarben-im-Jahr-2025.jpg","width":1200,"height":675,"caption":"Wir haben 10 Innenarchitekten gefragt, welche Lackfarben im Jahr 2025 aus der Mode kommen \u2013 auf diese drei Farbt\u00f6ne waren sich alle einig"},{"@type":"BreadcrumbList","@id":"https:\/\/www.strassenweb.de\/nachrichten\/wir-haben-10-innenarchitekten-gefragt-welche-lackfarben-im-jahr-2025-aus-der-mode-kommen-auf-diese-drei-farbtoene-waren-sich-alle-einig\/#breadcrumb","itemListElement":[{"@type":"ListItem","position":1,"name":"Home","item":"https:\/\/www.strassenweb.de\/nachrichten\/"},{"@type":"ListItem","position":2,"name":"Wir haben 10 Innenarchitekten gefragt, welche Lackfarben im Jahr 2025 aus der Mode kommen \u2013 auf diese drei Farbt\u00f6ne waren sich alle einig"}]},{"@type":"WebSite","@id":"https:\/\/www.strassenweb.de\/nachrichten\/#website","url":"https:\/\/www.strassenweb.de\/nachrichten\/","name":"Stra\u00dfenweb","description":"Stra\u00dfenverzeichnis f\u00fcr Deutschland","publisher":{"@id":"https:\/\/www.strassenweb.de\/nachrichten\/#organization"},"potentialAction":[{"@type":"SearchAction","target":{"@type":"EntryPoint","urlTemplate":"https:\/\/www.strassenweb.de\/nachrichten\/?s={search_term_string}"},"query-input":{"@type":"PropertyValueSpecification","valueRequired":true,"valueName":"search_term_string"}}],"inLanguage":"de"},{"@type":"Organization","@id":"https:\/\/www.strassenweb.de\/nachrichten\/#organization","name":"Stra\u00dfenweb","url":"https:\/\/www.strassenweb.de\/nachrichten\/","logo":{"@type":"ImageObject","inLanguage":"de","@id":"https:\/\/www.strassenweb.de\/nachrichten\/#\/schema\/logo\/image\/","url":"https:\/\/www.strassenweb.de\/nachrichten\/wp-content\/uploads\/2024\/09\/cropped-favicon.png","contentUrl":"https:\/\/www.strassenweb.de\/nachrichten\/wp-content\/uploads\/2024\/09\/cropped-favicon.png","width":512,"height":512,"caption":"Stra\u00dfenweb"},"image":{"@id":"https:\/\/www.strassenweb.de\/nachrichten\/#\/schema\/logo\/image\/"},"sameAs":["https:\/\/www.facebook.com\/strassenweb\/"]},{"@type":"Person","@id":"https:\/\/www.strassenweb.de\/nachrichten\/#\/schema\/person\/87c9c9067f1211da429a744dc5a5aa41","name":"Robert Hoffmann","image":{"@type":"ImageObject","inLanguage":"de","@id":"https:\/\/www.strassenweb.de\/nachrichten\/wp-content\/uploads\/2024\/09\/strassenweb-150x150.jpg","url":"https:\/\/www.strassenweb.de\/nachrichten\/wp-content\/uploads\/2024\/09\/strassenweb-150x150.jpg","contentUrl":"https:\/\/www.strassenweb.de\/nachrichten\/wp-content\/uploads\/2024\/09\/strassenweb-150x150.jpg","caption":"Robert Hoffmann"},"description":"Ich hei\u00dfe Robert Hoffmann und ich bin ein leidenschaftlicher Verfechter von \u00d6kologie und Biodiversit\u00e4t. Seit meiner Kindheit in den W\u00e4ldern Bayerns f\u00fchle ich mich mit der Natur verbunden und bin entschlossen, sie zu sch\u00fctzen. Heute widme ich mein Leben der Sensibilisierung anderer f\u00fcr die Bedeutung des Umweltschutzes f\u00fcr zuk\u00fcnftige Generationen.","sameAs":["https:\/\/www.strassenweb.de\/"]}]}},"_links":{"self":[{"href":"https:\/\/www.strassenweb.de\/nachrichten\/wp-json\/wp\/v2\/posts\/2224","targetHints":{"allow":["GET"]}}],"collection":[{"href":"https:\/\/www.strassenweb.de\/nachrichten\/wp-json\/wp\/v2\/posts"}],"about":[{"href":"https:\/\/www.strassenweb.de\/nachrichten\/wp-json\/wp\/v2\/types\/post"}],"author":[{"embeddable":true,"href":"https:\/\/www.strassenweb.de\/nachrichten\/wp-json\/wp\/v2\/users\/1"}],"replies":[{"embeddable":true,"href":"https:\/\/www.strassenweb.de\/nachrichten\/wp-json\/wp\/v2\/comments?post=2224"}],"version-history":[{"count":0,"href":"https:\/\/www.strassenweb.de\/nachrichten\/wp-json\/wp\/v2\/posts\/2224\/revisions"}],"wp:featuredmedia":[{"embeddable":true,"href":"https:\/\/www.strassenweb.de\/nachrichten\/wp-json\/wp\/v2\/media\/2225"}],"wp:attachment":[{"href":"https:\/\/www.strassenweb.de\/nachrichten\/wp-json\/wp\/v2\/media?parent=2224"}],"wp:term":[{"taxonomy":"category","embeddable":true,"href":"https:\/\/www.strassenweb.de\/nachrichten\/wp-json\/wp\/v2\/categories?post=2224"},{"taxonomy":"post_tag","embeddable":true,"href":"https:\/\/www.strassenweb.de\/nachrichten\/wp-json\/wp\/v2\/tags?post=2224"}],"curies":[{"name":"wp","href":"https:\/\/api.w.org\/{rel}","templated":true}]}}