{"id":2221,"date":"2024-12-19T16:51:34","date_gmt":"2024-12-19T15:51:34","guid":{"rendered":"https:\/\/www.strassenweb.de\/nachrichten\/die-auswahl-unseres-kuechenredakteurs-aus-dem-hexclad-sale-von-koechen-empfohlene-pfannen-woks-und-mehr\/"},"modified":"2024-12-19T16:51:38","modified_gmt":"2024-12-19T15:51:38","slug":"die-auswahl-unseres-kuechenredakteurs-aus-dem-hexclad-sale-von-koechen-empfohlene-pfannen-woks-und-mehr","status":"publish","type":"post","link":"https:\/\/www.strassenweb.de\/nachrichten\/die-auswahl-unseres-kuechenredakteurs-aus-dem-hexclad-sale-von-koechen-empfohlene-pfannen-woks-und-mehr\/","title":{"rendered":"Die Auswahl unseres K\u00fcchenredakteurs aus dem HexClad-Sale \u2013 von K\u00f6chen empfohlene Pfannen, Woks und mehr"},"content":{"rendered":"<p><\/p>\n<div id=\"article-body\" class=\"article__body \">\n<p>Wenn Sie gerne kochen, haben Sie wahrscheinlich schon von HexClad geh\u00f6rt. HexClad ist f\u00fcr sein Hybriddesign bekannt und vereint das Beste aus Edelstahl, ungiftiger und Antihaft-Technologie. HexClad wird von niemand geringerem als Gordon Ramsay empfohlen und hat sich seinen Platz in den K\u00fcchen sowohl von Hobbyk\u00f6chen als auch von Profik\u00f6chen (mich eingeschlossen) verdient.<\/p>\n<div id=\"ad-unit-1\" class=\"ad-unit\"><\/div>\n<p>Bei so viel Lob ist es keine \u00dcberraschung, dass HexClad-Kochgeschirr eine hohe Investition sein kann. Es findet jedoch ein Feiertagsverkauf statt<em> w\u00e4hrend wir sprechen<\/em> \u2013 Das ist die beste Gelegenheit, einen Rabatt zu ergattern.<\/p>\n<aside class=\"hawk-nest\" data-block-type=\"embed\" data-render-type=\"fte\" data-skip=\"dealsy\" data-widget-type=\"seasonal\">\n<div class=\"hawk-master-widget-hawk-base-wrapper\"><\/div>\n<\/aside>\n<p>Sie k\u00f6nnen sich bis zu 41 % Rabatt auf die meistverkauften Sets oder 20 % Rabatt auf einzelne Produkte sichern. Als ausgebildeter Koch und K\u00fcchenger\u00e4te-Redakteur sind dies meine Top-Auswahl aus dem Verkauf. Leider sind einige meiner Lieblingsst\u00fccke bereits ausverkauft \u2013 also sollten Sie keine Zeit verlieren.<\/p>\n<div id=\"desktop-in-article\" class=\"in-article ad-unit\">\n<div id=\"desktop-taboola-mid-article\"><\/div>\n<\/div>\n<div id=\"mobile-in-article\" class=\"in-article ad-unit\">\n<div id=\"mobile-taboola-mid-article\"><\/div>\n<\/div>\n<h2 class=\"article-body__section\" id=\"section-my-top-picks-from-the-hexclad-holiday-sale\"><span>Meine Top-Auswahl aus dem HexClad-Weihnachtsverkauf<\/span><\/h2>\n<p>Wenn Sie gerne kochen, gibt es nichts Besseres als diese T\u00f6pfe und Pfannen. Passend zu den Feiertagen erhalten Sie bis zu 41 % Rabatt auf diese Favoriten des K\u00fcchenchefs.<\/p>\n<div class=\"van_vid_carousel\">\n<div class=\"van_vid_carousel__padding\">\n<div class=\"van_vid_carousel__container\"><\/div>\n<\/div>\n<\/div>\n<div class=\"product-container hero-product-container product-block-no-wrap\"><\/div>\n<h2 class=\"article-body__section\" id=\"section-knives-cutting-boards\"><span>Messer und Schneidebretter<\/span><\/h2>\n<p>Ich stimme dem Sprichwort von Gordon Ramsey voll und ganz zu: Ein Koch ist nur so gut wie seine Messer. Obwohl die meisten HexClad-Weihnachtsmesserpakete ausverkauft sind, sind diese einzelnen Messer und Bretter immer noch im Angebot \u2013 auch mit einigen Gratisgeschenken.<\/p>\n<div id=\"ad-unit-2\" class=\"ad-unit\"><\/div>\n<div class=\"product-container hero-product-container product-block-no-wrap\"><\/div>\n<h2 class=\"article-body__section\" id=\"section-are-hexclad-s-pans-worth-it\"><span>Lohnen sich die Pfannen von HexClad?<\/span><\/h2>\n<figure class=\"van-image-figure inline-layout \" data-bordeaux-image-check>\n<div class=\"image-full-width-wrapper\">\n<div class=\"image-widthsetter\" style=\"max-width:2400px;\"><\/div>\n<\/div>\n<\/figure>\n<p>Wenn Sie jeden Tag kochen und Ihre Werkzeuge richtig pflegen, bietet HexClad-Kochgeschirr meiner Meinung nach ein hervorragendes Preis-Leistungs-Verh\u00e4ltnis. Hier sind meiner Meinung nach die Vor- und Nachteile:<\/p>\n<h2 id=\"pros-of-hexclad-cookware-3\">Vorteile von HexClad-Kochgeschirr:<\/h2>\n<ul>\n<li><strong>Lebenslange Garantie<\/strong>: HexClad gew\u00e4hrt auf seine Pfannen, T\u00f6pfe und Bestecke eine lebenslange Garantie gegen M\u00e4ngel. Sie investieren also in ein Produkt, das auf Langlebigkeit ausgelegt ist.<\/li>\n<li><strong>Langlebig und leicht zu reinigen<\/strong>: HexClad-Pfannen sind robust. Sie sind sp\u00fclmaschinenfest, ofenfest bis 500 \u00b0F und k\u00f6nnen sicher mit Metallutensilien verwendet werden \u2013 ein seltenes Dreifach bei Kochgeschirr.<\/li>\n<li><strong>Bequeme Griffe<\/strong>: Die ergonomisch gestalteten Griffe machen das Kochen zu einem komfortablen Erlebnis.<\/li>\n<li><strong>Tolle Kochleistung: <\/strong>Wenn Sie bei niedriger bis mittlerer Temperatur kochen (hohe Hitze vermeiden), erhalten Sie gleichm\u00e4\u00dfige, goldene Zutaten ohne Anhaften oder Anbrennen.<\/li>\n<\/ul>\n<h2 id=\"cons-of-hexclad-cookware-3\">Nachteile von HexClad-Kochgeschirr:<\/h2>\n<ul>\n<li><strong>Ziemlich schwer<\/strong>: Wenn Sie schwache Handgelenke haben, sollten Sie nach einer leichteren Option suchen.<\/li>\n<li><strong>Erfordert Gew\u00fcrze<\/strong>: Sie m\u00fcssen das Kochgeschirr richtig pflegen, damit es lange h\u00e4lt \u2013 dazu geh\u00f6rt auch, die Pfanne regelm\u00e4\u00dfig zu w\u00fcrzen (mit \u00d6l einzureiben), um die Antihafteigenschaften zu bewahren. Aber meiner Meinung nach ist das ein sehr geringer Preis f\u00fcr eine ungiftige Pfanne, die ein Leben lang h\u00e4lt.<\/li>\n<\/ul>\n<h2 class=\"article-body__section\" id=\"section-how-long-do-hexclad-pans-last\"><span>Wie lange halten HexClad-Pfannen?<\/span><\/h2>\n<p>HexClad-Kochgeschirr ist auf eine lebenslange Lebensdauer ausgelegt, ein Anspruch, der durch die lebenslange Garantie auf M\u00e4ngel untermauert wird. Die Langlebigkeit h\u00e4ngt jedoch von der richtigen Verwendung und Pflege ab. Die Garantie deckt keine Sch\u00e4den ab, die durch unsachgem\u00e4\u00dfe Reinigung oder Missbrauch entstehen. Daher ist es wichtig, dass Sie die Anweisungen sorgf\u00e4ltig lesen, bevor Sie mit dem Kochen beginnen!<\/p>\n<div id=\"slice-container-newsletterForm-articleInbodyContent-zE86o24igXEDKXzhutecPa\" class=\"slice-container newsletter-inbodyContent-slice newsletterForm-articleInbodyContent-zE86o24igXEDKXzhutecPa slice-container-newsletterForm\"><\/div>\n<p>Hier sind meine Tipps, um sicherzustellen, dass Ihre HexClad-Pfannen Ihnen viele Jahre lang gute Dienste leisten:<\/p>\n<ul>\n<li><strong>Vermeiden Sie hohe Hitze <\/strong>auf dem Herd; Niedrig bis mittelhoch ist f\u00fcr die meisten Kochaufgaben ausreichend.<\/li>\n<li><strong>Vermeiden Sie scharfe Reinigungsmittel<\/strong> Verwenden Sie beim Reinigen keine Scheuerschw\u00e4mme oder Scheuerschw\u00e4mme, da diese die Materialien besch\u00e4digen k\u00f6nnen.<\/li>\n<li><strong>W\u00fcrzen Sie Ihre Pfannen <\/strong>Tragen Sie gelegentlich, insbesondere in den ersten Wochen der Anwendung, eine d\u00fcnne \u00d6lschicht auf.<\/li>\n<\/ul>\n<p>Mit der richtigen Pflege bleiben HexClad-Pfannen ein Leben lang Ihre vertrauensw\u00fcrdigen K\u00fcchenbegleiter.<\/p>\n<h2 class=\"article-body__section\" id=\"section-is-hexclad-non-toxic\"><span>Ist HexClad ungiftig?<\/span><\/h2>\n<p>Ja. HexClad sagt: \u201eUnser Kochgeschirr verf\u00fcgt \u00fcber unsere propriet\u00e4re TerraBond\u2122-Keramik-Antihaftbeschichtung, die PFAS-frei ist und ein besseres Kocherlebnis gew\u00e4hrleistet.\u201c Wir haben unsere T\u00f6pfe und Pfannen auf PFAS-Verbindungen getestet und alle Ergebnisse lagen unter den Nachweisgrenzen des Labors, die als \u201eNon-Detect\u201c bezeichnet werden.<\/p>\n<\/div>\n","protected":false},"excerpt":{"rendered":"<p>Wenn Sie gerne kochen, haben Sie wahrscheinlich schon von HexClad geh\u00f6rt. HexClad ist f\u00fcr sein Hybriddesign bekannt und vereint das Beste aus Edelstahl, ungiftiger und<\/p>\n","protected":false},"author":1,"featured_media":2222,"comment_status":"closed","ping_status":"","sticky":false,"template":"","format":"standard","meta":{"footnotes":""},"categories":[118],"tags":[287,1293,91,9,2615,3839,2139,3838,301,3840,37,3837,21,3841],"class_list":["post-2221","post","type-post","status-publish","format-standard","has-post-thumbnail","hentry","category-haus-garten","tag-aus","tag-auswahl","tag-dem","tag-die","tag-empfohlene","tag-hexcladsale","tag-kochen","tag-kuechenredakteurs","tag-mehr","tag-pfannen","tag-und","tag-unseres","tag-von","tag-woks","generate-columns","tablet-grid-50","mobile-grid-100","grid-parent","grid-50"],"yoast_head":"<!-- This site is optimized with the Yoast SEO plugin v27.3 - https:\/\/yoast.com\/product\/yoast-seo-wordpress\/ -->\n<title>Die Auswahl unseres K\u00fcchenredakteurs aus dem HexClad-Sale \u2013 von K\u00f6chen empfohlene Pfannen, Woks und mehr - Nachrichten - Stra\u00dfenweb<\/title>\n<meta name=\"robots\" content=\"index, follow, max-snippet:-1, max-image-preview:large, max-video-preview:-1\" \/>\n<link rel=\"canonical\" href=\"https:\/\/www.strassenweb.de\/nachrichten\/die-auswahl-unseres-kuechenredakteurs-aus-dem-hexclad-sale-von-koechen-empfohlene-pfannen-woks-und-mehr\/\" \/>\n<meta property=\"og:locale\" content=\"de_DE\" \/>\n<meta property=\"og:type\" content=\"article\" \/>\n<meta property=\"og:title\" content=\"Die Auswahl unseres K\u00fcchenredakteurs aus dem HexClad-Sale \u2013 von K\u00f6chen empfohlene Pfannen, Woks und mehr - Nachrichten - Stra\u00dfenweb\" \/>\n<meta property=\"og:description\" content=\"Wenn Sie gerne kochen, haben Sie wahrscheinlich schon von HexClad geh\u00f6rt. HexClad ist f\u00fcr sein Hybriddesign bekannt und vereint das Beste aus Edelstahl, ungiftiger und\" \/>\n<meta property=\"og:url\" content=\"https:\/\/www.strassenweb.de\/nachrichten\/die-auswahl-unseres-kuechenredakteurs-aus-dem-hexclad-sale-von-koechen-empfohlene-pfannen-woks-und-mehr\/\" \/>\n<meta property=\"og:site_name\" content=\"Stra\u00dfenweb\" \/>\n<meta property=\"article:publisher\" content=\"https:\/\/www.facebook.com\/strassenweb\/\" \/>\n<meta property=\"article:published_time\" content=\"2024-12-19T15:51:34+00:00\" \/>\n<meta property=\"article:modified_time\" content=\"2024-12-19T15:51:38+00:00\" \/>\n<meta property=\"og:image\" content=\"https:\/\/www.strassenweb.de\/nachrichten\/wp-content\/uploads\/2024\/12\/Die-Auswahl-unseres-Kuechenredakteurs-aus-dem-HexClad-Sale-\u2013-von-Koechen.png\" \/>\n\t<meta property=\"og:image:width\" content=\"1200\" \/>\n\t<meta property=\"og:image:height\" content=\"675\" \/>\n\t<meta property=\"og:image:type\" content=\"image\/png\" \/>\n<meta name=\"author\" content=\"Robert Hoffmann\" \/>\n<meta name=\"twitter:card\" content=\"summary_large_image\" \/>\n<meta name=\"twitter:label1\" content=\"Verfasst von\" \/>\n\t<meta name=\"twitter:data1\" content=\"Robert Hoffmann\" \/>\n\t<meta name=\"twitter:label2\" content=\"Gesch\u00e4tzte Lesezeit\" \/>\n\t<meta name=\"twitter:data2\" content=\"3\u00a0Minuten\" \/>\n<script type=\"application\/ld+json\" class=\"yoast-schema-graph\">{\"@context\":\"https:\\\/\\\/schema.org\",\"@graph\":[{\"@type\":\"Article\",\"@id\":\"https:\\\/\\\/www.strassenweb.de\\\/nachrichten\\\/die-auswahl-unseres-kuechenredakteurs-aus-dem-hexclad-sale-von-koechen-empfohlene-pfannen-woks-und-mehr\\\/#article\",\"isPartOf\":{\"@id\":\"https:\\\/\\\/www.strassenweb.de\\\/nachrichten\\\/die-auswahl-unseres-kuechenredakteurs-aus-dem-hexclad-sale-von-koechen-empfohlene-pfannen-woks-und-mehr\\\/\"},\"author\":{\"name\":\"Robert Hoffmann\",\"@id\":\"https:\\\/\\\/www.strassenweb.de\\\/nachrichten\\\/#\\\/schema\\\/person\\\/87c9c9067f1211da429a744dc5a5aa41\"},\"headline\":\"Die Auswahl unseres K\u00fcchenredakteurs aus dem HexClad-Sale \u2013 von K\u00f6chen empfohlene Pfannen, Woks und mehr\",\"datePublished\":\"2024-12-19T15:51:34+00:00\",\"dateModified\":\"2024-12-19T15:51:38+00:00\",\"mainEntityOfPage\":{\"@id\":\"https:\\\/\\\/www.strassenweb.de\\\/nachrichten\\\/die-auswahl-unseres-kuechenredakteurs-aus-dem-hexclad-sale-von-koechen-empfohlene-pfannen-woks-und-mehr\\\/\"},\"wordCount\":637,\"publisher\":{\"@id\":\"https:\\\/\\\/www.strassenweb.de\\\/nachrichten\\\/#organization\"},\"image\":{\"@id\":\"https:\\\/\\\/www.strassenweb.de\\\/nachrichten\\\/die-auswahl-unseres-kuechenredakteurs-aus-dem-hexclad-sale-von-koechen-empfohlene-pfannen-woks-und-mehr\\\/#primaryimage\"},\"thumbnailUrl\":\"https:\\\/\\\/www.strassenweb.de\\\/nachrichten\\\/wp-content\\\/uploads\\\/2024\\\/12\\\/Die-Auswahl-unseres-Kuechenredakteurs-aus-dem-HexClad-Sale-\u2013-von-Koechen.png\",\"keywords\":[\"aus\",\"Auswahl\",\"dem\",\"die\",\"empfohlene\",\"HexCladSale\",\"Kochen\",\"K\u00fcchenredakteurs\",\"mehr\",\"Pfannen\",\"und\",\"unseres\",\"von\",\"Woks\"],\"articleSection\":[\"Haus &amp; Garten\"],\"inLanguage\":\"de\"},{\"@type\":\"WebPage\",\"@id\":\"https:\\\/\\\/www.strassenweb.de\\\/nachrichten\\\/die-auswahl-unseres-kuechenredakteurs-aus-dem-hexclad-sale-von-koechen-empfohlene-pfannen-woks-und-mehr\\\/\",\"url\":\"https:\\\/\\\/www.strassenweb.de\\\/nachrichten\\\/die-auswahl-unseres-kuechenredakteurs-aus-dem-hexclad-sale-von-koechen-empfohlene-pfannen-woks-und-mehr\\\/\",\"name\":\"Die Auswahl unseres K\u00fcchenredakteurs aus dem HexClad-Sale \u2013 von K\u00f6chen empfohlene Pfannen, Woks und mehr - Nachrichten - Stra\u00dfenweb\",\"isPartOf\":{\"@id\":\"https:\\\/\\\/www.strassenweb.de\\\/nachrichten\\\/#website\"},\"primaryImageOfPage\":{\"@id\":\"https:\\\/\\\/www.strassenweb.de\\\/nachrichten\\\/die-auswahl-unseres-kuechenredakteurs-aus-dem-hexclad-sale-von-koechen-empfohlene-pfannen-woks-und-mehr\\\/#primaryimage\"},\"image\":{\"@id\":\"https:\\\/\\\/www.strassenweb.de\\\/nachrichten\\\/die-auswahl-unseres-kuechenredakteurs-aus-dem-hexclad-sale-von-koechen-empfohlene-pfannen-woks-und-mehr\\\/#primaryimage\"},\"thumbnailUrl\":\"https:\\\/\\\/www.strassenweb.de\\\/nachrichten\\\/wp-content\\\/uploads\\\/2024\\\/12\\\/Die-Auswahl-unseres-Kuechenredakteurs-aus-dem-HexClad-Sale-\u2013-von-Koechen.png\",\"datePublished\":\"2024-12-19T15:51:34+00:00\",\"dateModified\":\"2024-12-19T15:51:38+00:00\",\"breadcrumb\":{\"@id\":\"https:\\\/\\\/www.strassenweb.de\\\/nachrichten\\\/die-auswahl-unseres-kuechenredakteurs-aus-dem-hexclad-sale-von-koechen-empfohlene-pfannen-woks-und-mehr\\\/#breadcrumb\"},\"inLanguage\":\"de\",\"potentialAction\":[{\"@type\":\"ReadAction\",\"target\":[\"https:\\\/\\\/www.strassenweb.de\\\/nachrichten\\\/die-auswahl-unseres-kuechenredakteurs-aus-dem-hexclad-sale-von-koechen-empfohlene-pfannen-woks-und-mehr\\\/\"]}]},{\"@type\":\"ImageObject\",\"inLanguage\":\"de\",\"@id\":\"https:\\\/\\\/www.strassenweb.de\\\/nachrichten\\\/die-auswahl-unseres-kuechenredakteurs-aus-dem-hexclad-sale-von-koechen-empfohlene-pfannen-woks-und-mehr\\\/#primaryimage\",\"url\":\"https:\\\/\\\/www.strassenweb.de\\\/nachrichten\\\/wp-content\\\/uploads\\\/2024\\\/12\\\/Die-Auswahl-unseres-Kuechenredakteurs-aus-dem-HexClad-Sale-\u2013-von-Koechen.png\",\"contentUrl\":\"https:\\\/\\\/www.strassenweb.de\\\/nachrichten\\\/wp-content\\\/uploads\\\/2024\\\/12\\\/Die-Auswahl-unseres-Kuechenredakteurs-aus-dem-HexClad-Sale-\u2013-von-Koechen.png\",\"width\":1200,\"height\":675,\"caption\":\"Die Auswahl unseres K\u00fcchenredakteurs aus dem HexClad-Sale \u2013 von K\u00f6chen empfohlene Pfannen, Woks und mehr\"},{\"@type\":\"BreadcrumbList\",\"@id\":\"https:\\\/\\\/www.strassenweb.de\\\/nachrichten\\\/die-auswahl-unseres-kuechenredakteurs-aus-dem-hexclad-sale-von-koechen-empfohlene-pfannen-woks-und-mehr\\\/#breadcrumb\",\"itemListElement\":[{\"@type\":\"ListItem\",\"position\":1,\"name\":\"Home\",\"item\":\"https:\\\/\\\/www.strassenweb.de\\\/nachrichten\\\/\"},{\"@type\":\"ListItem\",\"position\":2,\"name\":\"Die Auswahl unseres K\u00fcchenredakteurs aus dem HexClad-Sale \u2013 von K\u00f6chen empfohlene Pfannen, Woks und mehr\"}]},{\"@type\":\"WebSite\",\"@id\":\"https:\\\/\\\/www.strassenweb.de\\\/nachrichten\\\/#website\",\"url\":\"https:\\\/\\\/www.strassenweb.de\\\/nachrichten\\\/\",\"name\":\"Stra\u00dfenweb\",\"description\":\"Stra\u00dfenverzeichnis f\u00fcr Deutschland\",\"publisher\":{\"@id\":\"https:\\\/\\\/www.strassenweb.de\\\/nachrichten\\\/#organization\"},\"potentialAction\":[{\"@type\":\"SearchAction\",\"target\":{\"@type\":\"EntryPoint\",\"urlTemplate\":\"https:\\\/\\\/www.strassenweb.de\\\/nachrichten\\\/?s={search_term_string}\"},\"query-input\":{\"@type\":\"PropertyValueSpecification\",\"valueRequired\":true,\"valueName\":\"search_term_string\"}}],\"inLanguage\":\"de\"},{\"@type\":\"Organization\",\"@id\":\"https:\\\/\\\/www.strassenweb.de\\\/nachrichten\\\/#organization\",\"name\":\"Stra\u00dfenweb\",\"url\":\"https:\\\/\\\/www.strassenweb.de\\\/nachrichten\\\/\",\"logo\":{\"@type\":\"ImageObject\",\"inLanguage\":\"de\",\"@id\":\"https:\\\/\\\/www.strassenweb.de\\\/nachrichten\\\/#\\\/schema\\\/logo\\\/image\\\/\",\"url\":\"https:\\\/\\\/www.strassenweb.de\\\/nachrichten\\\/wp-content\\\/uploads\\\/2024\\\/09\\\/cropped-favicon.png\",\"contentUrl\":\"https:\\\/\\\/www.strassenweb.de\\\/nachrichten\\\/wp-content\\\/uploads\\\/2024\\\/09\\\/cropped-favicon.png\",\"width\":512,\"height\":512,\"caption\":\"Stra\u00dfenweb\"},\"image\":{\"@id\":\"https:\\\/\\\/www.strassenweb.de\\\/nachrichten\\\/#\\\/schema\\\/logo\\\/image\\\/\"},\"sameAs\":[\"https:\\\/\\\/www.facebook.com\\\/strassenweb\\\/\"]},{\"@type\":\"Person\",\"@id\":\"https:\\\/\\\/www.strassenweb.de\\\/nachrichten\\\/#\\\/schema\\\/person\\\/87c9c9067f1211da429a744dc5a5aa41\",\"name\":\"Robert Hoffmann\",\"image\":{\"@type\":\"ImageObject\",\"inLanguage\":\"de\",\"@id\":\"https:\\\/\\\/www.strassenweb.de\\\/nachrichten\\\/wp-content\\\/uploads\\\/2024\\\/09\\\/strassenweb-150x150.jpg\",\"url\":\"https:\\\/\\\/www.strassenweb.de\\\/nachrichten\\\/wp-content\\\/uploads\\\/2024\\\/09\\\/strassenweb-150x150.jpg\",\"contentUrl\":\"https:\\\/\\\/www.strassenweb.de\\\/nachrichten\\\/wp-content\\\/uploads\\\/2024\\\/09\\\/strassenweb-150x150.jpg\",\"caption\":\"Robert Hoffmann\"},\"description\":\"Ich hei\u00dfe Robert Hoffmann und ich bin ein leidenschaftlicher Verfechter von \u00d6kologie und Biodiversit\u00e4t. Seit meiner Kindheit in den W\u00e4ldern Bayerns f\u00fchle ich mich mit der Natur verbunden und bin entschlossen, sie zu sch\u00fctzen. Heute widme ich mein Leben der Sensibilisierung anderer f\u00fcr die Bedeutung des Umweltschutzes f\u00fcr zuk\u00fcnftige Generationen.\",\"sameAs\":[\"https:\\\/\\\/www.strassenweb.de\\\/\"]}]}<\/script>\n<!-- \/ Yoast SEO plugin. -->","yoast_head_json":{"title":"Die Auswahl unseres K\u00fcchenredakteurs aus dem HexClad-Sale \u2013 von K\u00f6chen empfohlene Pfannen, Woks und mehr - Nachrichten - Stra\u00dfenweb","robots":{"index":"index","follow":"follow","max-snippet":"max-snippet:-1","max-image-preview":"max-image-preview:large","max-video-preview":"max-video-preview:-1"},"canonical":"https:\/\/www.strassenweb.de\/nachrichten\/die-auswahl-unseres-kuechenredakteurs-aus-dem-hexclad-sale-von-koechen-empfohlene-pfannen-woks-und-mehr\/","og_locale":"de_DE","og_type":"article","og_title":"Die Auswahl unseres K\u00fcchenredakteurs aus dem HexClad-Sale \u2013 von K\u00f6chen empfohlene Pfannen, Woks und mehr - Nachrichten - Stra\u00dfenweb","og_description":"Wenn Sie gerne kochen, haben Sie wahrscheinlich schon von HexClad geh\u00f6rt. HexClad ist f\u00fcr sein Hybriddesign bekannt und vereint das Beste aus Edelstahl, ungiftiger und","og_url":"https:\/\/www.strassenweb.de\/nachrichten\/die-auswahl-unseres-kuechenredakteurs-aus-dem-hexclad-sale-von-koechen-empfohlene-pfannen-woks-und-mehr\/","og_site_name":"Stra\u00dfenweb","article_publisher":"https:\/\/www.facebook.com\/strassenweb\/","article_published_time":"2024-12-19T15:51:34+00:00","article_modified_time":"2024-12-19T15:51:38+00:00","og_image":[{"width":1200,"height":675,"url":"https:\/\/www.strassenweb.de\/nachrichten\/wp-content\/uploads\/2024\/12\/Die-Auswahl-unseres-Kuechenredakteurs-aus-dem-HexClad-Sale-\u2013-von-Koechen.png","type":"image\/png"}],"author":"Robert Hoffmann","twitter_card":"summary_large_image","twitter_misc":{"Verfasst von":"Robert Hoffmann","Gesch\u00e4tzte Lesezeit":"3\u00a0Minuten"},"schema":{"@context":"https:\/\/schema.org","@graph":[{"@type":"Article","@id":"https:\/\/www.strassenweb.de\/nachrichten\/die-auswahl-unseres-kuechenredakteurs-aus-dem-hexclad-sale-von-koechen-empfohlene-pfannen-woks-und-mehr\/#article","isPartOf":{"@id":"https:\/\/www.strassenweb.de\/nachrichten\/die-auswahl-unseres-kuechenredakteurs-aus-dem-hexclad-sale-von-koechen-empfohlene-pfannen-woks-und-mehr\/"},"author":{"name":"Robert Hoffmann","@id":"https:\/\/www.strassenweb.de\/nachrichten\/#\/schema\/person\/87c9c9067f1211da429a744dc5a5aa41"},"headline":"Die Auswahl unseres K\u00fcchenredakteurs aus dem HexClad-Sale \u2013 von K\u00f6chen empfohlene Pfannen, Woks und mehr","datePublished":"2024-12-19T15:51:34+00:00","dateModified":"2024-12-19T15:51:38+00:00","mainEntityOfPage":{"@id":"https:\/\/www.strassenweb.de\/nachrichten\/die-auswahl-unseres-kuechenredakteurs-aus-dem-hexclad-sale-von-koechen-empfohlene-pfannen-woks-und-mehr\/"},"wordCount":637,"publisher":{"@id":"https:\/\/www.strassenweb.de\/nachrichten\/#organization"},"image":{"@id":"https:\/\/www.strassenweb.de\/nachrichten\/die-auswahl-unseres-kuechenredakteurs-aus-dem-hexclad-sale-von-koechen-empfohlene-pfannen-woks-und-mehr\/#primaryimage"},"thumbnailUrl":"https:\/\/www.strassenweb.de\/nachrichten\/wp-content\/uploads\/2024\/12\/Die-Auswahl-unseres-Kuechenredakteurs-aus-dem-HexClad-Sale-\u2013-von-Koechen.png","keywords":["aus","Auswahl","dem","die","empfohlene","HexCladSale","Kochen","K\u00fcchenredakteurs","mehr","Pfannen","und","unseres","von","Woks"],"articleSection":["Haus &amp; Garten"],"inLanguage":"de"},{"@type":"WebPage","@id":"https:\/\/www.strassenweb.de\/nachrichten\/die-auswahl-unseres-kuechenredakteurs-aus-dem-hexclad-sale-von-koechen-empfohlene-pfannen-woks-und-mehr\/","url":"https:\/\/www.strassenweb.de\/nachrichten\/die-auswahl-unseres-kuechenredakteurs-aus-dem-hexclad-sale-von-koechen-empfohlene-pfannen-woks-und-mehr\/","name":"Die Auswahl unseres K\u00fcchenredakteurs aus dem HexClad-Sale \u2013 von K\u00f6chen empfohlene Pfannen, Woks und mehr - Nachrichten - Stra\u00dfenweb","isPartOf":{"@id":"https:\/\/www.strassenweb.de\/nachrichten\/#website"},"primaryImageOfPage":{"@id":"https:\/\/www.strassenweb.de\/nachrichten\/die-auswahl-unseres-kuechenredakteurs-aus-dem-hexclad-sale-von-koechen-empfohlene-pfannen-woks-und-mehr\/#primaryimage"},"image":{"@id":"https:\/\/www.strassenweb.de\/nachrichten\/die-auswahl-unseres-kuechenredakteurs-aus-dem-hexclad-sale-von-koechen-empfohlene-pfannen-woks-und-mehr\/#primaryimage"},"thumbnailUrl":"https:\/\/www.strassenweb.de\/nachrichten\/wp-content\/uploads\/2024\/12\/Die-Auswahl-unseres-Kuechenredakteurs-aus-dem-HexClad-Sale-\u2013-von-Koechen.png","datePublished":"2024-12-19T15:51:34+00:00","dateModified":"2024-12-19T15:51:38+00:00","breadcrumb":{"@id":"https:\/\/www.strassenweb.de\/nachrichten\/die-auswahl-unseres-kuechenredakteurs-aus-dem-hexclad-sale-von-koechen-empfohlene-pfannen-woks-und-mehr\/#breadcrumb"},"inLanguage":"de","potentialAction":[{"@type":"ReadAction","target":["https:\/\/www.strassenweb.de\/nachrichten\/die-auswahl-unseres-kuechenredakteurs-aus-dem-hexclad-sale-von-koechen-empfohlene-pfannen-woks-und-mehr\/"]}]},{"@type":"ImageObject","inLanguage":"de","@id":"https:\/\/www.strassenweb.de\/nachrichten\/die-auswahl-unseres-kuechenredakteurs-aus-dem-hexclad-sale-von-koechen-empfohlene-pfannen-woks-und-mehr\/#primaryimage","url":"https:\/\/www.strassenweb.de\/nachrichten\/wp-content\/uploads\/2024\/12\/Die-Auswahl-unseres-Kuechenredakteurs-aus-dem-HexClad-Sale-\u2013-von-Koechen.png","contentUrl":"https:\/\/www.strassenweb.de\/nachrichten\/wp-content\/uploads\/2024\/12\/Die-Auswahl-unseres-Kuechenredakteurs-aus-dem-HexClad-Sale-\u2013-von-Koechen.png","width":1200,"height":675,"caption":"Die Auswahl unseres K\u00fcchenredakteurs aus dem HexClad-Sale \u2013 von K\u00f6chen empfohlene Pfannen, Woks und mehr"},{"@type":"BreadcrumbList","@id":"https:\/\/www.strassenweb.de\/nachrichten\/die-auswahl-unseres-kuechenredakteurs-aus-dem-hexclad-sale-von-koechen-empfohlene-pfannen-woks-und-mehr\/#breadcrumb","itemListElement":[{"@type":"ListItem","position":1,"name":"Home","item":"https:\/\/www.strassenweb.de\/nachrichten\/"},{"@type":"ListItem","position":2,"name":"Die Auswahl unseres K\u00fcchenredakteurs aus dem HexClad-Sale \u2013 von K\u00f6chen empfohlene Pfannen, Woks und mehr"}]},{"@type":"WebSite","@id":"https:\/\/www.strassenweb.de\/nachrichten\/#website","url":"https:\/\/www.strassenweb.de\/nachrichten\/","name":"Stra\u00dfenweb","description":"Stra\u00dfenverzeichnis f\u00fcr Deutschland","publisher":{"@id":"https:\/\/www.strassenweb.de\/nachrichten\/#organization"},"potentialAction":[{"@type":"SearchAction","target":{"@type":"EntryPoint","urlTemplate":"https:\/\/www.strassenweb.de\/nachrichten\/?s={search_term_string}"},"query-input":{"@type":"PropertyValueSpecification","valueRequired":true,"valueName":"search_term_string"}}],"inLanguage":"de"},{"@type":"Organization","@id":"https:\/\/www.strassenweb.de\/nachrichten\/#organization","name":"Stra\u00dfenweb","url":"https:\/\/www.strassenweb.de\/nachrichten\/","logo":{"@type":"ImageObject","inLanguage":"de","@id":"https:\/\/www.strassenweb.de\/nachrichten\/#\/schema\/logo\/image\/","url":"https:\/\/www.strassenweb.de\/nachrichten\/wp-content\/uploads\/2024\/09\/cropped-favicon.png","contentUrl":"https:\/\/www.strassenweb.de\/nachrichten\/wp-content\/uploads\/2024\/09\/cropped-favicon.png","width":512,"height":512,"caption":"Stra\u00dfenweb"},"image":{"@id":"https:\/\/www.strassenweb.de\/nachrichten\/#\/schema\/logo\/image\/"},"sameAs":["https:\/\/www.facebook.com\/strassenweb\/"]},{"@type":"Person","@id":"https:\/\/www.strassenweb.de\/nachrichten\/#\/schema\/person\/87c9c9067f1211da429a744dc5a5aa41","name":"Robert Hoffmann","image":{"@type":"ImageObject","inLanguage":"de","@id":"https:\/\/www.strassenweb.de\/nachrichten\/wp-content\/uploads\/2024\/09\/strassenweb-150x150.jpg","url":"https:\/\/www.strassenweb.de\/nachrichten\/wp-content\/uploads\/2024\/09\/strassenweb-150x150.jpg","contentUrl":"https:\/\/www.strassenweb.de\/nachrichten\/wp-content\/uploads\/2024\/09\/strassenweb-150x150.jpg","caption":"Robert Hoffmann"},"description":"Ich hei\u00dfe Robert Hoffmann und ich bin ein leidenschaftlicher Verfechter von \u00d6kologie und Biodiversit\u00e4t. Seit meiner Kindheit in den W\u00e4ldern Bayerns f\u00fchle ich mich mit der Natur verbunden und bin entschlossen, sie zu sch\u00fctzen. Heute widme ich mein Leben der Sensibilisierung anderer f\u00fcr die Bedeutung des Umweltschutzes f\u00fcr zuk\u00fcnftige Generationen.","sameAs":["https:\/\/www.strassenweb.de\/"]}]}},"_links":{"self":[{"href":"https:\/\/www.strassenweb.de\/nachrichten\/wp-json\/wp\/v2\/posts\/2221","targetHints":{"allow":["GET"]}}],"collection":[{"href":"https:\/\/www.strassenweb.de\/nachrichten\/wp-json\/wp\/v2\/posts"}],"about":[{"href":"https:\/\/www.strassenweb.de\/nachrichten\/wp-json\/wp\/v2\/types\/post"}],"author":[{"embeddable":true,"href":"https:\/\/www.strassenweb.de\/nachrichten\/wp-json\/wp\/v2\/users\/1"}],"replies":[{"embeddable":true,"href":"https:\/\/www.strassenweb.de\/nachrichten\/wp-json\/wp\/v2\/comments?post=2221"}],"version-history":[{"count":0,"href":"https:\/\/www.strassenweb.de\/nachrichten\/wp-json\/wp\/v2\/posts\/2221\/revisions"}],"wp:featuredmedia":[{"embeddable":true,"href":"https:\/\/www.strassenweb.de\/nachrichten\/wp-json\/wp\/v2\/media\/2222"}],"wp:attachment":[{"href":"https:\/\/www.strassenweb.de\/nachrichten\/wp-json\/wp\/v2\/media?parent=2221"}],"wp:term":[{"taxonomy":"category","embeddable":true,"href":"https:\/\/www.strassenweb.de\/nachrichten\/wp-json\/wp\/v2\/categories?post=2221"},{"taxonomy":"post_tag","embeddable":true,"href":"https:\/\/www.strassenweb.de\/nachrichten\/wp-json\/wp\/v2\/tags?post=2221"}],"curies":[{"name":"wp","href":"https:\/\/api.w.org\/{rel}","templated":true}]}}