{"id":221,"date":"2024-09-25T08:51:04","date_gmt":"2024-09-25T06:51:04","guid":{"rendered":"https:\/\/www.strassenweb.de\/nachrichten\/informationen-zur-demonstration-zur-beendigung-der-dachs-abschluss-am-dienstag-3-september-2024-westminster\/"},"modified":"2024-09-25T08:51:05","modified_gmt":"2024-09-25T06:51:05","slug":"informationen-zur-demonstration-zur-beendigung-der-dachs-abschluss-am-dienstag-3-september-2024-westminster","status":"publish","type":"post","link":"https:\/\/www.strassenweb.de\/nachrichten\/informationen-zur-demonstration-zur-beendigung-der-dachs-abschluss-am-dienstag-3-september-2024-westminster\/","title":{"rendered":"INFORMATIONEN ZUR DEMONSTRATION ZUR BEENDIGUNG DER DACHS-ABSCHLUSS AM DIENSTAG, 3. SEPTEMBER 2024, WESTMINSTER"},"content":{"rendered":"<p><strong>Presse und Rundfunk sind bei dieser Veranstaltung herzlich willkommen \u2013 Chris Packham, Dale Vince und Dr. Alice Brough sind unter den Rednern, die \u00fcber die Naturkatastrophe der Dachsjagd sprechen.<\/strong><\/p>\n<p>Badger Trust und verwandte Tier- und Naturschutzgruppen veranstalten am Dienstag, den 3. September, von 11 bis 14 Uhr eine Demonstration und eine Massenlobby vor dem Parlament.<strong>. <\/strong>Wir sind<strong> <\/strong>Sie kamen in einer eindrucksvollen Demonstration der Einigkeit zusammen, um die neue Regierung aufzufordern, die Keulung zu beenden, da die intensive Dachsjagd wieder beginnt.  <\/p>\n<p>Der neue Defra-Staatssekret\u00e4r Steve Reed MP ist dem Beispiel der Staatssekret\u00e4re Owen Paterson und Liz Truss gefolgt und hat Lizenzen f\u00fcr die T\u00f6tung von weiteren Zehntausenden gesch\u00fctzten Dachsen erteilt, zus\u00e4tzlich zu den bereits geschlachteten 230.000.  <\/p>\n<p>Sch\u00e4tzungen zufolge ist die von der Regierung genehmigte Keulung seit 2012 der H\u00e4lfte der Dachspopulation zum Opfer gefallen, obwohl es wissenschaftliche Belege daf\u00fcr gibt, dass es keinen kausalen Zusammenhang zwischen Dachsen und der Verbreitung von Rindertuberkulose bei Rindern gibt. Dar\u00fcber hinaus zeigen die Zahlen der Regierung, dass 94 % der F\u00e4lle von Rindertuberkulose von Rindern auf Rinder \u00fcbertragen werden und dass Dachse 800 Mal h\u00e4ufiger bei Rindern mit Rindertuberkulose infiziert werden, als dass sie selbst Rinder infizieren.<\/p>\n<p>Eine k\u00fcrzlich erschienene BBC-Dokumentation mit Brian May als Moderator untermauerte unsere Behauptung, dass die Antwort auf die Bek\u00e4mpfung der Verbreitung der Rinder-TB in Ma\u00dfnahmen liege, die sich auf Rinder konzentrieren. Dennoch zielt die Regierung weiterhin auf Dachse ab. In ihrem Wahlmanifest bezeichnete Labour die Dachsjagd als \u201eineffektiv\u201c. Warum also wurde die intensive Dachsjagd an diesem Wochenende unter ihrer Aufsicht wieder aufgenommen?<\/p>\n<p>Ab 11 Uhr, Parliament Square Green <\/p>\n<p><strong>Ab 11 Uhr<\/strong> Eine vereinte Front von Menschen aus Dachsgruppen, Wildtier- und Naturorganisationen sowie Dachsunterst\u00fctzern wird sich am <strong>oberes Ende des Parliament Square Green<\/strong>gegen\u00fcber dem Parlamentsgeb\u00e4ude. Diese engagierte Koalition wird gemeinsam friedlich und legal gegen die Dachsjagd demonstrieren.  <\/p>\n<p>H\u00f6ren Sie sich die Redner ab 12 Uhr am Parliament Square Green an.<\/p>\n<p><strong>Ab 12 Uhr<\/strong> Etwa eine Stunde lang werden Aktivisten wie Chris Packham, Dale Vince, Dr. Alice Brough, Mark Jones und Rachel Bigsby Reden \u00fcber die Dachsjagd halten und ihre Gr\u00fcnde dagegen darlegen. <\/p>\n<p><strong>Zwischen 13.30 und 14.00 Uhr<\/strong>wer sich uns bei einer Massenlobby der Abgeordneten anschlie\u00dfen m\u00f6chte, \u00fcberquert gemeinsam die Stra\u00dfe zum Unterhaus und stellt sich am Eingang von St. Stephen an.  <\/p>\n<p>Die intensive Dachsjagd dieses Jahres hat gerade erst begonnen und l\u00e4uft parallel zur erg\u00e4nzenden Jagd, die im Juni begonnen hat. Das bedeutet, dass staatlich lizenzierte Jagdsch\u00fctzen bis Januar, einschlie\u00dflich des 3. Septembers, in ganz England Tausende weitere Dachse abschlachten werden.<\/p>\n<p><strong>F\u00fcr weitere Informationen oder zur Vereinbarung von Interviews kontaktieren Sie bitte:<\/strong><\/p>\n<p><strong>Peter Hambly 07764 948970<\/strong><\/p>\n<p><strong>Um Interviews mit Chris Packham zu vereinbaren, kontaktieren Sie Emma Smart unter 07594 827278<\/strong><\/p>\n<p><strong>Um Interviews mit Dale Vince zu vereinbaren, kontaktieren Sie Ciaran Naidoo unter 07768 931315<\/strong><\/p>\n","protected":false},"excerpt":{"rendered":"<p>Presse und Rundfunk sind bei dieser Veranstaltung herzlich willkommen \u2013 Chris Packham, Dale Vince und Dr. Alice Brough sind unter den Rednern, die \u00fcber die<\/p>\n","protected":false},"author":1,"featured_media":222,"comment_status":"closed","ping_status":"","sticky":false,"template":"","format":"standard","meta":{"footnotes":""},"categories":[101],"tags":[452,453,451,81,454,450,92,455,99],"class_list":["post-221","post","type-post","status-publish","format-standard","has-post-thumbnail","hentry","category-oekologie","tag-beendigung","tag-dachsabschluss","tag-demonstration","tag-der","tag-dienstag","tag-informationen","tag-september","tag-westminster","tag-zur","generate-columns","tablet-grid-50","mobile-grid-100","grid-parent","grid-50"],"yoast_head":"<!-- This site is optimized with the Yoast SEO plugin v27.3 - https:\/\/yoast.com\/product\/yoast-seo-wordpress\/ -->\n<title>INFORMATIONEN ZUR DEMONSTRATION ZUR BEENDIGUNG DER DACHS-ABSCHLUSS AM DIENSTAG, 3. SEPTEMBER 2024, WESTMINSTER - Nachrichten - Stra\u00dfenweb<\/title>\n<meta name=\"robots\" content=\"index, follow, max-snippet:-1, max-image-preview:large, max-video-preview:-1\" \/>\n<link rel=\"canonical\" href=\"https:\/\/www.strassenweb.de\/nachrichten\/informationen-zur-demonstration-zur-beendigung-der-dachs-abschluss-am-dienstag-3-september-2024-westminster\/\" \/>\n<meta property=\"og:locale\" content=\"de_DE\" \/>\n<meta property=\"og:type\" content=\"article\" \/>\n<meta property=\"og:title\" content=\"INFORMATIONEN ZUR DEMONSTRATION ZUR BEENDIGUNG DER DACHS-ABSCHLUSS AM DIENSTAG, 3. SEPTEMBER 2024, WESTMINSTER - Nachrichten - Stra\u00dfenweb\" \/>\n<meta property=\"og:description\" content=\"Presse und Rundfunk sind bei dieser Veranstaltung herzlich willkommen \u2013 Chris Packham, Dale Vince und Dr. Alice Brough sind unter den Rednern, die \u00fcber die\" \/>\n<meta property=\"og:url\" content=\"https:\/\/www.strassenweb.de\/nachrichten\/informationen-zur-demonstration-zur-beendigung-der-dachs-abschluss-am-dienstag-3-september-2024-westminster\/\" \/>\n<meta property=\"og:site_name\" content=\"Stra\u00dfenweb\" \/>\n<meta property=\"article:publisher\" content=\"https:\/\/www.facebook.com\/strassenweb\/\" \/>\n<meta property=\"article:published_time\" content=\"2024-09-25T06:51:04+00:00\" \/>\n<meta property=\"article:modified_time\" content=\"2024-09-25T06:51:05+00:00\" \/>\n<meta property=\"og:image\" content=\"https:\/\/www.strassenweb.de\/nachrichten\/wp-content\/uploads\/2024\/09\/INFORMATIONEN-ZUR-DEMONSTRATION-ZUR-BEENDIGUNG-DER-DACHS-ABSCHLUSS-AM-DIENSTAG-3.jpg\" \/>\n\t<meta property=\"og:image:width\" content=\"900\" \/>\n\t<meta property=\"og:image:height\" content=\"600\" \/>\n\t<meta property=\"og:image:type\" content=\"image\/jpeg\" \/>\n<meta name=\"author\" content=\"Robert Hoffmann\" \/>\n<meta name=\"twitter:card\" content=\"summary_large_image\" \/>\n<meta name=\"twitter:label1\" content=\"Verfasst von\" \/>\n\t<meta name=\"twitter:data1\" content=\"Robert Hoffmann\" \/>\n\t<meta name=\"twitter:label2\" content=\"Gesch\u00e4tzte Lesezeit\" \/>\n\t<meta name=\"twitter:data2\" content=\"2\u00a0Minuten\" \/>\n<script type=\"application\/ld+json\" class=\"yoast-schema-graph\">{\"@context\":\"https:\\\/\\\/schema.org\",\"@graph\":[{\"@type\":\"Article\",\"@id\":\"https:\\\/\\\/www.strassenweb.de\\\/nachrichten\\\/informationen-zur-demonstration-zur-beendigung-der-dachs-abschluss-am-dienstag-3-september-2024-westminster\\\/#article\",\"isPartOf\":{\"@id\":\"https:\\\/\\\/www.strassenweb.de\\\/nachrichten\\\/informationen-zur-demonstration-zur-beendigung-der-dachs-abschluss-am-dienstag-3-september-2024-westminster\\\/\"},\"author\":{\"name\":\"Robert Hoffmann\",\"@id\":\"https:\\\/\\\/www.strassenweb.de\\\/nachrichten\\\/#\\\/schema\\\/person\\\/87c9c9067f1211da429a744dc5a5aa41\"},\"headline\":\"INFORMATIONEN ZUR DEMONSTRATION ZUR BEENDIGUNG DER DACHS-ABSCHLUSS AM DIENSTAG, 3. SEPTEMBER 2024, WESTMINSTER\",\"datePublished\":\"2024-09-25T06:51:04+00:00\",\"dateModified\":\"2024-09-25T06:51:05+00:00\",\"mainEntityOfPage\":{\"@id\":\"https:\\\/\\\/www.strassenweb.de\\\/nachrichten\\\/informationen-zur-demonstration-zur-beendigung-der-dachs-abschluss-am-dienstag-3-september-2024-westminster\\\/\"},\"wordCount\":472,\"publisher\":{\"@id\":\"https:\\\/\\\/www.strassenweb.de\\\/nachrichten\\\/#organization\"},\"image\":{\"@id\":\"https:\\\/\\\/www.strassenweb.de\\\/nachrichten\\\/informationen-zur-demonstration-zur-beendigung-der-dachs-abschluss-am-dienstag-3-september-2024-westminster\\\/#primaryimage\"},\"thumbnailUrl\":\"https:\\\/\\\/www.strassenweb.de\\\/nachrichten\\\/wp-content\\\/uploads\\\/2024\\\/09\\\/INFORMATIONEN-ZUR-DEMONSTRATION-ZUR-BEENDIGUNG-DER-DACHS-ABSCHLUSS-AM-DIENSTAG-3.jpg\",\"keywords\":[\"BEENDIGUNG\",\"DACHSABSCHLUSS\",\"DEMONSTRATION\",\"der\",\"DIENSTAG\",\"INFORMATIONEN\",\"September\",\"WESTMINSTER\",\"zur\"],\"articleSection\":[\"\u00d6kologie\"],\"inLanguage\":\"de\"},{\"@type\":\"WebPage\",\"@id\":\"https:\\\/\\\/www.strassenweb.de\\\/nachrichten\\\/informationen-zur-demonstration-zur-beendigung-der-dachs-abschluss-am-dienstag-3-september-2024-westminster\\\/\",\"url\":\"https:\\\/\\\/www.strassenweb.de\\\/nachrichten\\\/informationen-zur-demonstration-zur-beendigung-der-dachs-abschluss-am-dienstag-3-september-2024-westminster\\\/\",\"name\":\"INFORMATIONEN ZUR DEMONSTRATION ZUR BEENDIGUNG DER DACHS-ABSCHLUSS AM DIENSTAG, 3. SEPTEMBER 2024, WESTMINSTER - Nachrichten - Stra\u00dfenweb\",\"isPartOf\":{\"@id\":\"https:\\\/\\\/www.strassenweb.de\\\/nachrichten\\\/#website\"},\"primaryImageOfPage\":{\"@id\":\"https:\\\/\\\/www.strassenweb.de\\\/nachrichten\\\/informationen-zur-demonstration-zur-beendigung-der-dachs-abschluss-am-dienstag-3-september-2024-westminster\\\/#primaryimage\"},\"image\":{\"@id\":\"https:\\\/\\\/www.strassenweb.de\\\/nachrichten\\\/informationen-zur-demonstration-zur-beendigung-der-dachs-abschluss-am-dienstag-3-september-2024-westminster\\\/#primaryimage\"},\"thumbnailUrl\":\"https:\\\/\\\/www.strassenweb.de\\\/nachrichten\\\/wp-content\\\/uploads\\\/2024\\\/09\\\/INFORMATIONEN-ZUR-DEMONSTRATION-ZUR-BEENDIGUNG-DER-DACHS-ABSCHLUSS-AM-DIENSTAG-3.jpg\",\"datePublished\":\"2024-09-25T06:51:04+00:00\",\"dateModified\":\"2024-09-25T06:51:05+00:00\",\"breadcrumb\":{\"@id\":\"https:\\\/\\\/www.strassenweb.de\\\/nachrichten\\\/informationen-zur-demonstration-zur-beendigung-der-dachs-abschluss-am-dienstag-3-september-2024-westminster\\\/#breadcrumb\"},\"inLanguage\":\"de\",\"potentialAction\":[{\"@type\":\"ReadAction\",\"target\":[\"https:\\\/\\\/www.strassenweb.de\\\/nachrichten\\\/informationen-zur-demonstration-zur-beendigung-der-dachs-abschluss-am-dienstag-3-september-2024-westminster\\\/\"]}]},{\"@type\":\"ImageObject\",\"inLanguage\":\"de\",\"@id\":\"https:\\\/\\\/www.strassenweb.de\\\/nachrichten\\\/informationen-zur-demonstration-zur-beendigung-der-dachs-abschluss-am-dienstag-3-september-2024-westminster\\\/#primaryimage\",\"url\":\"https:\\\/\\\/www.strassenweb.de\\\/nachrichten\\\/wp-content\\\/uploads\\\/2024\\\/09\\\/INFORMATIONEN-ZUR-DEMONSTRATION-ZUR-BEENDIGUNG-DER-DACHS-ABSCHLUSS-AM-DIENSTAG-3.jpg\",\"contentUrl\":\"https:\\\/\\\/www.strassenweb.de\\\/nachrichten\\\/wp-content\\\/uploads\\\/2024\\\/09\\\/INFORMATIONEN-ZUR-DEMONSTRATION-ZUR-BEENDIGUNG-DER-DACHS-ABSCHLUSS-AM-DIENSTAG-3.jpg\",\"width\":900,\"height\":600,\"caption\":\"National Day of Action Against the Badger Cull called for Tuesday, 3 September 2024\"},{\"@type\":\"BreadcrumbList\",\"@id\":\"https:\\\/\\\/www.strassenweb.de\\\/nachrichten\\\/informationen-zur-demonstration-zur-beendigung-der-dachs-abschluss-am-dienstag-3-september-2024-westminster\\\/#breadcrumb\",\"itemListElement\":[{\"@type\":\"ListItem\",\"position\":1,\"name\":\"Home\",\"item\":\"https:\\\/\\\/www.strassenweb.de\\\/nachrichten\\\/\"},{\"@type\":\"ListItem\",\"position\":2,\"name\":\"INFORMATIONEN ZUR DEMONSTRATION ZUR BEENDIGUNG DER DACHS-ABSCHLUSS AM DIENSTAG, 3. SEPTEMBER 2024, WESTMINSTER\"}]},{\"@type\":\"WebSite\",\"@id\":\"https:\\\/\\\/www.strassenweb.de\\\/nachrichten\\\/#website\",\"url\":\"https:\\\/\\\/www.strassenweb.de\\\/nachrichten\\\/\",\"name\":\"Stra\u00dfenweb\",\"description\":\"Stra\u00dfenverzeichnis f\u00fcr Deutschland\",\"publisher\":{\"@id\":\"https:\\\/\\\/www.strassenweb.de\\\/nachrichten\\\/#organization\"},\"potentialAction\":[{\"@type\":\"SearchAction\",\"target\":{\"@type\":\"EntryPoint\",\"urlTemplate\":\"https:\\\/\\\/www.strassenweb.de\\\/nachrichten\\\/?s={search_term_string}\"},\"query-input\":{\"@type\":\"PropertyValueSpecification\",\"valueRequired\":true,\"valueName\":\"search_term_string\"}}],\"inLanguage\":\"de\"},{\"@type\":\"Organization\",\"@id\":\"https:\\\/\\\/www.strassenweb.de\\\/nachrichten\\\/#organization\",\"name\":\"Stra\u00dfenweb\",\"url\":\"https:\\\/\\\/www.strassenweb.de\\\/nachrichten\\\/\",\"logo\":{\"@type\":\"ImageObject\",\"inLanguage\":\"de\",\"@id\":\"https:\\\/\\\/www.strassenweb.de\\\/nachrichten\\\/#\\\/schema\\\/logo\\\/image\\\/\",\"url\":\"https:\\\/\\\/www.strassenweb.de\\\/nachrichten\\\/wp-content\\\/uploads\\\/2024\\\/09\\\/cropped-favicon.png\",\"contentUrl\":\"https:\\\/\\\/www.strassenweb.de\\\/nachrichten\\\/wp-content\\\/uploads\\\/2024\\\/09\\\/cropped-favicon.png\",\"width\":512,\"height\":512,\"caption\":\"Stra\u00dfenweb\"},\"image\":{\"@id\":\"https:\\\/\\\/www.strassenweb.de\\\/nachrichten\\\/#\\\/schema\\\/logo\\\/image\\\/\"},\"sameAs\":[\"https:\\\/\\\/www.facebook.com\\\/strassenweb\\\/\"]},{\"@type\":\"Person\",\"@id\":\"https:\\\/\\\/www.strassenweb.de\\\/nachrichten\\\/#\\\/schema\\\/person\\\/87c9c9067f1211da429a744dc5a5aa41\",\"name\":\"Robert Hoffmann\",\"image\":{\"@type\":\"ImageObject\",\"inLanguage\":\"de\",\"@id\":\"https:\\\/\\\/www.strassenweb.de\\\/nachrichten\\\/wp-content\\\/uploads\\\/2024\\\/09\\\/strassenweb-150x150.jpg\",\"url\":\"https:\\\/\\\/www.strassenweb.de\\\/nachrichten\\\/wp-content\\\/uploads\\\/2024\\\/09\\\/strassenweb-150x150.jpg\",\"contentUrl\":\"https:\\\/\\\/www.strassenweb.de\\\/nachrichten\\\/wp-content\\\/uploads\\\/2024\\\/09\\\/strassenweb-150x150.jpg\",\"caption\":\"Robert Hoffmann\"},\"description\":\"Ich hei\u00dfe Robert Hoffmann und ich bin ein leidenschaftlicher Verfechter von \u00d6kologie und Biodiversit\u00e4t. Seit meiner Kindheit in den W\u00e4ldern Bayerns f\u00fchle ich mich mit der Natur verbunden und bin entschlossen, sie zu sch\u00fctzen. Heute widme ich mein Leben der Sensibilisierung anderer f\u00fcr die Bedeutung des Umweltschutzes f\u00fcr zuk\u00fcnftige Generationen.\",\"sameAs\":[\"https:\\\/\\\/www.strassenweb.de\\\/\"]}]}<\/script>\n<!-- \/ Yoast SEO plugin. -->","yoast_head_json":{"title":"INFORMATIONEN ZUR DEMONSTRATION ZUR BEENDIGUNG DER DACHS-ABSCHLUSS AM DIENSTAG, 3. SEPTEMBER 2024, WESTMINSTER - Nachrichten - Stra\u00dfenweb","robots":{"index":"index","follow":"follow","max-snippet":"max-snippet:-1","max-image-preview":"max-image-preview:large","max-video-preview":"max-video-preview:-1"},"canonical":"https:\/\/www.strassenweb.de\/nachrichten\/informationen-zur-demonstration-zur-beendigung-der-dachs-abschluss-am-dienstag-3-september-2024-westminster\/","og_locale":"de_DE","og_type":"article","og_title":"INFORMATIONEN ZUR DEMONSTRATION ZUR BEENDIGUNG DER DACHS-ABSCHLUSS AM DIENSTAG, 3. SEPTEMBER 2024, WESTMINSTER - Nachrichten - Stra\u00dfenweb","og_description":"Presse und Rundfunk sind bei dieser Veranstaltung herzlich willkommen \u2013 Chris Packham, Dale Vince und Dr. Alice Brough sind unter den Rednern, die \u00fcber die","og_url":"https:\/\/www.strassenweb.de\/nachrichten\/informationen-zur-demonstration-zur-beendigung-der-dachs-abschluss-am-dienstag-3-september-2024-westminster\/","og_site_name":"Stra\u00dfenweb","article_publisher":"https:\/\/www.facebook.com\/strassenweb\/","article_published_time":"2024-09-25T06:51:04+00:00","article_modified_time":"2024-09-25T06:51:05+00:00","og_image":[{"width":900,"height":600,"url":"https:\/\/www.strassenweb.de\/nachrichten\/wp-content\/uploads\/2024\/09\/INFORMATIONEN-ZUR-DEMONSTRATION-ZUR-BEENDIGUNG-DER-DACHS-ABSCHLUSS-AM-DIENSTAG-3.jpg","type":"image\/jpeg"}],"author":"Robert Hoffmann","twitter_card":"summary_large_image","twitter_misc":{"Verfasst von":"Robert Hoffmann","Gesch\u00e4tzte Lesezeit":"2\u00a0Minuten"},"schema":{"@context":"https:\/\/schema.org","@graph":[{"@type":"Article","@id":"https:\/\/www.strassenweb.de\/nachrichten\/informationen-zur-demonstration-zur-beendigung-der-dachs-abschluss-am-dienstag-3-september-2024-westminster\/#article","isPartOf":{"@id":"https:\/\/www.strassenweb.de\/nachrichten\/informationen-zur-demonstration-zur-beendigung-der-dachs-abschluss-am-dienstag-3-september-2024-westminster\/"},"author":{"name":"Robert Hoffmann","@id":"https:\/\/www.strassenweb.de\/nachrichten\/#\/schema\/person\/87c9c9067f1211da429a744dc5a5aa41"},"headline":"INFORMATIONEN ZUR DEMONSTRATION ZUR BEENDIGUNG DER DACHS-ABSCHLUSS AM DIENSTAG, 3. SEPTEMBER 2024, WESTMINSTER","datePublished":"2024-09-25T06:51:04+00:00","dateModified":"2024-09-25T06:51:05+00:00","mainEntityOfPage":{"@id":"https:\/\/www.strassenweb.de\/nachrichten\/informationen-zur-demonstration-zur-beendigung-der-dachs-abschluss-am-dienstag-3-september-2024-westminster\/"},"wordCount":472,"publisher":{"@id":"https:\/\/www.strassenweb.de\/nachrichten\/#organization"},"image":{"@id":"https:\/\/www.strassenweb.de\/nachrichten\/informationen-zur-demonstration-zur-beendigung-der-dachs-abschluss-am-dienstag-3-september-2024-westminster\/#primaryimage"},"thumbnailUrl":"https:\/\/www.strassenweb.de\/nachrichten\/wp-content\/uploads\/2024\/09\/INFORMATIONEN-ZUR-DEMONSTRATION-ZUR-BEENDIGUNG-DER-DACHS-ABSCHLUSS-AM-DIENSTAG-3.jpg","keywords":["BEENDIGUNG","DACHSABSCHLUSS","DEMONSTRATION","der","DIENSTAG","INFORMATIONEN","September","WESTMINSTER","zur"],"articleSection":["\u00d6kologie"],"inLanguage":"de"},{"@type":"WebPage","@id":"https:\/\/www.strassenweb.de\/nachrichten\/informationen-zur-demonstration-zur-beendigung-der-dachs-abschluss-am-dienstag-3-september-2024-westminster\/","url":"https:\/\/www.strassenweb.de\/nachrichten\/informationen-zur-demonstration-zur-beendigung-der-dachs-abschluss-am-dienstag-3-september-2024-westminster\/","name":"INFORMATIONEN ZUR DEMONSTRATION ZUR BEENDIGUNG DER DACHS-ABSCHLUSS AM DIENSTAG, 3. SEPTEMBER 2024, WESTMINSTER - Nachrichten - Stra\u00dfenweb","isPartOf":{"@id":"https:\/\/www.strassenweb.de\/nachrichten\/#website"},"primaryImageOfPage":{"@id":"https:\/\/www.strassenweb.de\/nachrichten\/informationen-zur-demonstration-zur-beendigung-der-dachs-abschluss-am-dienstag-3-september-2024-westminster\/#primaryimage"},"image":{"@id":"https:\/\/www.strassenweb.de\/nachrichten\/informationen-zur-demonstration-zur-beendigung-der-dachs-abschluss-am-dienstag-3-september-2024-westminster\/#primaryimage"},"thumbnailUrl":"https:\/\/www.strassenweb.de\/nachrichten\/wp-content\/uploads\/2024\/09\/INFORMATIONEN-ZUR-DEMONSTRATION-ZUR-BEENDIGUNG-DER-DACHS-ABSCHLUSS-AM-DIENSTAG-3.jpg","datePublished":"2024-09-25T06:51:04+00:00","dateModified":"2024-09-25T06:51:05+00:00","breadcrumb":{"@id":"https:\/\/www.strassenweb.de\/nachrichten\/informationen-zur-demonstration-zur-beendigung-der-dachs-abschluss-am-dienstag-3-september-2024-westminster\/#breadcrumb"},"inLanguage":"de","potentialAction":[{"@type":"ReadAction","target":["https:\/\/www.strassenweb.de\/nachrichten\/informationen-zur-demonstration-zur-beendigung-der-dachs-abschluss-am-dienstag-3-september-2024-westminster\/"]}]},{"@type":"ImageObject","inLanguage":"de","@id":"https:\/\/www.strassenweb.de\/nachrichten\/informationen-zur-demonstration-zur-beendigung-der-dachs-abschluss-am-dienstag-3-september-2024-westminster\/#primaryimage","url":"https:\/\/www.strassenweb.de\/nachrichten\/wp-content\/uploads\/2024\/09\/INFORMATIONEN-ZUR-DEMONSTRATION-ZUR-BEENDIGUNG-DER-DACHS-ABSCHLUSS-AM-DIENSTAG-3.jpg","contentUrl":"https:\/\/www.strassenweb.de\/nachrichten\/wp-content\/uploads\/2024\/09\/INFORMATIONEN-ZUR-DEMONSTRATION-ZUR-BEENDIGUNG-DER-DACHS-ABSCHLUSS-AM-DIENSTAG-3.jpg","width":900,"height":600,"caption":"National Day of Action Against the Badger Cull called for Tuesday, 3 September 2024"},{"@type":"BreadcrumbList","@id":"https:\/\/www.strassenweb.de\/nachrichten\/informationen-zur-demonstration-zur-beendigung-der-dachs-abschluss-am-dienstag-3-september-2024-westminster\/#breadcrumb","itemListElement":[{"@type":"ListItem","position":1,"name":"Home","item":"https:\/\/www.strassenweb.de\/nachrichten\/"},{"@type":"ListItem","position":2,"name":"INFORMATIONEN ZUR DEMONSTRATION ZUR BEENDIGUNG DER DACHS-ABSCHLUSS AM DIENSTAG, 3. SEPTEMBER 2024, WESTMINSTER"}]},{"@type":"WebSite","@id":"https:\/\/www.strassenweb.de\/nachrichten\/#website","url":"https:\/\/www.strassenweb.de\/nachrichten\/","name":"Stra\u00dfenweb","description":"Stra\u00dfenverzeichnis f\u00fcr Deutschland","publisher":{"@id":"https:\/\/www.strassenweb.de\/nachrichten\/#organization"},"potentialAction":[{"@type":"SearchAction","target":{"@type":"EntryPoint","urlTemplate":"https:\/\/www.strassenweb.de\/nachrichten\/?s={search_term_string}"},"query-input":{"@type":"PropertyValueSpecification","valueRequired":true,"valueName":"search_term_string"}}],"inLanguage":"de"},{"@type":"Organization","@id":"https:\/\/www.strassenweb.de\/nachrichten\/#organization","name":"Stra\u00dfenweb","url":"https:\/\/www.strassenweb.de\/nachrichten\/","logo":{"@type":"ImageObject","inLanguage":"de","@id":"https:\/\/www.strassenweb.de\/nachrichten\/#\/schema\/logo\/image\/","url":"https:\/\/www.strassenweb.de\/nachrichten\/wp-content\/uploads\/2024\/09\/cropped-favicon.png","contentUrl":"https:\/\/www.strassenweb.de\/nachrichten\/wp-content\/uploads\/2024\/09\/cropped-favicon.png","width":512,"height":512,"caption":"Stra\u00dfenweb"},"image":{"@id":"https:\/\/www.strassenweb.de\/nachrichten\/#\/schema\/logo\/image\/"},"sameAs":["https:\/\/www.facebook.com\/strassenweb\/"]},{"@type":"Person","@id":"https:\/\/www.strassenweb.de\/nachrichten\/#\/schema\/person\/87c9c9067f1211da429a744dc5a5aa41","name":"Robert Hoffmann","image":{"@type":"ImageObject","inLanguage":"de","@id":"https:\/\/www.strassenweb.de\/nachrichten\/wp-content\/uploads\/2024\/09\/strassenweb-150x150.jpg","url":"https:\/\/www.strassenweb.de\/nachrichten\/wp-content\/uploads\/2024\/09\/strassenweb-150x150.jpg","contentUrl":"https:\/\/www.strassenweb.de\/nachrichten\/wp-content\/uploads\/2024\/09\/strassenweb-150x150.jpg","caption":"Robert Hoffmann"},"description":"Ich hei\u00dfe Robert Hoffmann und ich bin ein leidenschaftlicher Verfechter von \u00d6kologie und Biodiversit\u00e4t. Seit meiner Kindheit in den W\u00e4ldern Bayerns f\u00fchle ich mich mit der Natur verbunden und bin entschlossen, sie zu sch\u00fctzen. Heute widme ich mein Leben der Sensibilisierung anderer f\u00fcr die Bedeutung des Umweltschutzes f\u00fcr zuk\u00fcnftige Generationen.","sameAs":["https:\/\/www.strassenweb.de\/"]}]}},"_links":{"self":[{"href":"https:\/\/www.strassenweb.de\/nachrichten\/wp-json\/wp\/v2\/posts\/221","targetHints":{"allow":["GET"]}}],"collection":[{"href":"https:\/\/www.strassenweb.de\/nachrichten\/wp-json\/wp\/v2\/posts"}],"about":[{"href":"https:\/\/www.strassenweb.de\/nachrichten\/wp-json\/wp\/v2\/types\/post"}],"author":[{"embeddable":true,"href":"https:\/\/www.strassenweb.de\/nachrichten\/wp-json\/wp\/v2\/users\/1"}],"replies":[{"embeddable":true,"href":"https:\/\/www.strassenweb.de\/nachrichten\/wp-json\/wp\/v2\/comments?post=221"}],"version-history":[{"count":0,"href":"https:\/\/www.strassenweb.de\/nachrichten\/wp-json\/wp\/v2\/posts\/221\/revisions"}],"wp:featuredmedia":[{"embeddable":true,"href":"https:\/\/www.strassenweb.de\/nachrichten\/wp-json\/wp\/v2\/media\/222"}],"wp:attachment":[{"href":"https:\/\/www.strassenweb.de\/nachrichten\/wp-json\/wp\/v2\/media?parent=221"}],"wp:term":[{"taxonomy":"category","embeddable":true,"href":"https:\/\/www.strassenweb.de\/nachrichten\/wp-json\/wp\/v2\/categories?post=221"},{"taxonomy":"post_tag","embeddable":true,"href":"https:\/\/www.strassenweb.de\/nachrichten\/wp-json\/wp\/v2\/tags?post=221"}],"curies":[{"name":"wp","href":"https:\/\/api.w.org\/{rel}","templated":true}]}}