{"id":2187,"date":"2024-12-17T18:10:23","date_gmt":"2024-12-17T17:10:23","guid":{"rendered":"https:\/\/www.strassenweb.de\/nachrichten\/der-saenger-von-wellerman-sea-shanty-fordert-die-schottische-regierung-auf-sich-fuer-die-renaturierung-einzusetzen\/"},"modified":"2024-12-17T18:10:24","modified_gmt":"2024-12-17T17:10:24","slug":"der-saenger-von-wellerman-sea-shanty-fordert-die-schottische-regierung-auf-sich-fuer-die-renaturierung-einzusetzen","status":"publish","type":"post","link":"https:\/\/www.strassenweb.de\/nachrichten\/der-saenger-von-wellerman-sea-shanty-fordert-die-schottische-regierung-auf-sich-fuer-die-renaturierung-einzusetzen\/","title":{"rendered":"Der S\u00e4nger von Wellerman (Sea Shanty) fordert die schottische Regierung auf, sich f\u00fcr die Renaturierung einzusetzen"},"content":{"rendered":"<p><strong><em>Nathan Evans k\u00fcndigt seinen 2,2 Millionen Followern auf TikTok und Instagram seine Unterst\u00fctzung an<\/em><\/strong><strong><\/strong><\/p>\n<p>Der schottische Shanty-S\u00e4nger Nathan Evans hat heute eine Kampagne unterst\u00fctzt, die die schottische Regierung dazu auffordert, Schottland zur ersten Rewilding-Nation der Welt zu erkl\u00e4ren und sich zur Wiederverwilderung von 30 % des Landes und der Meere zu verpflichten.<\/p>\n<p>In einer Nachricht an seine insgesamt 2,2 Millionen Follower auf Instagram und TikTok sagte der 28-j\u00e4hrige S\u00e4nger aus Airdrie, Lanarkshire, \u00fcber Schottland: \u201eIch liebe diesen Ort von ganzem Herzen und er wird f\u00fcr immer mein Zuhause sein, und er beeinflusst mich.\u201c vieles von dem, was ich tue.\u201c<\/p>\n<p>Der S\u00e4nger fordert seine Social-Media-Follower auf, die Rewilding Nation Charter der Scottish Rewilding Alliance zu unterzeichnen. \u201eAuf diese Weise k\u00f6nnen Sie den Leuten in der schottischen Regierung sagen, sie sollen zuh\u00f6ren, sich f\u00fcr die Wiederherstellung unseres wunderbaren Landes einsetzen und sich f\u00fcr die Wiederverwilderung von 30 % unseres Landes und unserer Meere einsetzen\u201c, sagte er.<\/p>\n<p>Die heutige \u00f6ffentliche Unterst\u00fctzung erfolgt zwei Wochen, nachdem die Scottish Rewilding Alliance, ein Zusammenschluss von mehr als 20 Organisationen, dem schottischen Klimaschutzminister Alasdair Allan bei einem Empfang in Edinburgh ihre \u201eVision der Hoffnung\u201c vorgestellt hat.<\/p>\n<p>Steve Micklewright, Co-Initiator der Scottish Rewilding Alliance und Gesch\u00e4ftsf\u00fchrer von Trees for Life, sagte: \u201eWir sind Nathan \u00e4u\u00dferst dankbar, dass er seinen Namen in die Scottish Rewilding Nation Charter aufgenommen hat.\u201c Wir hoffen, dass dies Tausende weitere Menschen dazu inspiriert, ihren Namen hinzuzuf\u00fcgen und die schottische Regierung aufzufordern, sich f\u00fcr die Wiederherstellung der Natur auf 30 % unseres Landes und unserer Meere zu engagieren.<\/p>\n<p>\u201eDie Wiederverwilderung kann unmittelbare und dauerhafte Auswirkungen auf Natur- und Klimanotf\u00e4lle haben und eine F\u00fclle von Vorteilen f\u00fcr die Menschen mit sich bringen \u2013 darunter Arbeitspl\u00e4tze, eine verbesserte Gesundheit sowie saubere Luft und sauberes Wasser.\u201c Wir haben eine einmalige Chance f\u00fcr Schottland, das erste Land der Welt zu werden, das zur Wiederaufbaunation erkl\u00e4rt wird. Bitte unterzeichnen Sie noch heute die Scottish Rewilding Nation Charter.\u201c<\/p>\n<p>Die Wiederverwilderung von 30 % Schottlands kann durch die Wiederherstellung von Lebensr\u00e4umen wie Torfmooren, einheimischen W\u00e4ldern, Feuchtgebieten, Fl\u00fcssen und Meeren erreicht werden, w\u00e4hrend gleichzeitig produktives Ackerland erhalten und genutzt wird.<\/p>\n<p>Die Erkl\u00e4rung Schottlands zur \u201eRewilding Nation\u201c w\u00fcrde zu sinnvollen Ma\u00dfnahmen f\u00fchren, bei denen sich die Minister dazu verpflichten w\u00fcrden, die nat\u00fcrliche Umwelt durch Gesetze und Finanzmittel wiederherzustellen, um die Wiederverwilderung zu erm\u00f6glichen und lokale Gemeinschaften zu st\u00e4rken, sagt die Scottish Rewilding Alliance.<\/p>\n<p>Der Rewilding Nation-Pfad der Allianz, der der Regierung am 3. Dezember vorgelegt wurde, umfasst Vorschl\u00e4ge, die Wiederherstellung der Natur zum Hauptzweck gesch\u00fctzter Landschaften und Meereslandschaften zu machen, wilde Zonen rund um Fl\u00fcsse und K\u00fcsten einzurichten, die einheimische Waldfl\u00e4che zu verdoppeln, Torfmoore wiederherzustellen und die Ausbaggerung und Bodenbearbeitung einzuschr\u00e4nken Schleppnetzfischerei durch Meeresschutzgebiete.<\/p>\n<p>Die Vorschl\u00e4ge betonen die entscheidende Rolle von Menschen und Gemeinschaften und umfassen Ma\u00dfnahmen f\u00fcr das Zusammenleben mit Wildtieren, Unterst\u00fctzung f\u00fcr Landbewirtschafter und Landwirte sowie Investitionen in naturbasierte Wirtschaft, Arbeitspl\u00e4tze und Kompetenzen. Wiederherstellungsziele w\u00fcrden die Wiederherstellung des Lebensraums sowie eine Erh\u00f6hung der Artenvielfalt und -vielfalt gew\u00e4hrleisten. <\/p>\n<p>Die Rewilding Nation-Kampagne hat breite Unterst\u00fctzung von Menschen und Organisationen in ganz Schottland gefunden. Letzten Monat erhielt es au\u00dferdem \u00f6ffentliche Unterst\u00fctzung vom schottischen Schauspieler Brian Cox und im April dieses Jahres von Leonardo DiCaprio.<\/p>\n<p>Die Scottish Rewilding Alliance ruft Menschen aus allen Gesellschaftsschichten auf, die Rewilding Nation Charter unter rewild.scot\/charter zu unterzeichnen.<\/p>\n<hr class=\"wp-block-separator has-alpha-channel-opacity\">\n<p>: Europ\u00e4ischer Biber \u00a9 Peter Cairns; scotlandbigpicture.com<\/p>\n<p><script async src=\"\/\/www.instagram.com\/embed.js\"><\/script><\/p>\n","protected":false},"excerpt":{"rendered":"<p>Nathan Evans k\u00fcndigt seinen 2,2 Millionen Followern auf TikTok und Instagram seine Unterst\u00fctzung an Der schottische Shanty-S\u00e4nger Nathan Evans hat heute eine Kampagne unterst\u00fctzt, die<\/p>\n","protected":false},"author":1,"featured_media":2188,"comment_status":"closed","ping_status":"","sticky":false,"template":"","format":"standard","meta":{"footnotes":""},"categories":[101],"tags":[46,81,9,3788,1072,55,140,3787,3783,2795,3785,3786,142,21,3784],"class_list":["post-2187","post","type-post","status-publish","format-standard","has-post-thumbnail","hentry","category-oekologie","tag-auf","tag-der","tag-die","tag-einzusetzen","tag-fordert","tag-fuer","tag-regierung","tag-renaturierung","tag-saenger","tag-schottische","tag-sea","tag-shanty","tag-sich","tag-von","tag-wellerman","generate-columns","tablet-grid-50","mobile-grid-100","grid-parent","grid-50"],"yoast_head":"<!-- This site is optimized with the Yoast SEO plugin v27.3 - https:\/\/yoast.com\/product\/yoast-seo-wordpress\/ -->\n<title>Der S\u00e4nger von Wellerman (Sea Shanty) fordert die schottische Regierung auf, sich f\u00fcr die Renaturierung einzusetzen - Nachrichten - Stra\u00dfenweb<\/title>\n<meta name=\"robots\" content=\"index, follow, max-snippet:-1, max-image-preview:large, max-video-preview:-1\" \/>\n<link rel=\"canonical\" href=\"https:\/\/www.strassenweb.de\/nachrichten\/der-saenger-von-wellerman-sea-shanty-fordert-die-schottische-regierung-auf-sich-fuer-die-renaturierung-einzusetzen\/\" \/>\n<meta property=\"og:locale\" content=\"de_DE\" \/>\n<meta property=\"og:type\" content=\"article\" \/>\n<meta property=\"og:title\" content=\"Der S\u00e4nger von Wellerman (Sea Shanty) fordert die schottische Regierung auf, sich f\u00fcr die Renaturierung einzusetzen - Nachrichten - Stra\u00dfenweb\" \/>\n<meta property=\"og:description\" content=\"Nathan Evans k\u00fcndigt seinen 2,2 Millionen Followern auf TikTok und Instagram seine Unterst\u00fctzung an Der schottische Shanty-S\u00e4nger Nathan Evans hat heute eine Kampagne unterst\u00fctzt, die\" \/>\n<meta property=\"og:url\" content=\"https:\/\/www.strassenweb.de\/nachrichten\/der-saenger-von-wellerman-sea-shanty-fordert-die-schottische-regierung-auf-sich-fuer-die-renaturierung-einzusetzen\/\" \/>\n<meta property=\"og:site_name\" content=\"Stra\u00dfenweb\" \/>\n<meta property=\"article:publisher\" content=\"https:\/\/www.facebook.com\/strassenweb\/\" \/>\n<meta property=\"article:published_time\" content=\"2024-12-17T17:10:23+00:00\" \/>\n<meta property=\"article:modified_time\" content=\"2024-12-17T17:10:24+00:00\" \/>\n<meta property=\"og:image\" content=\"https:\/\/www.strassenweb.de\/nachrichten\/wp-content\/uploads\/2024\/12\/Der-Saenger-von-Wellerman-Sea-Shanty-fordert-die-schottische-Regierung.jpg\" \/>\n\t<meta property=\"og:image:width\" content=\"900\" \/>\n\t<meta property=\"og:image:height\" content=\"600\" \/>\n\t<meta property=\"og:image:type\" content=\"image\/jpeg\" \/>\n<meta name=\"author\" content=\"Robert Hoffmann\" \/>\n<meta name=\"twitter:card\" content=\"summary_large_image\" \/>\n<meta name=\"twitter:label1\" content=\"Verfasst von\" \/>\n\t<meta name=\"twitter:data1\" content=\"Robert Hoffmann\" \/>\n\t<meta name=\"twitter:label2\" content=\"Gesch\u00e4tzte Lesezeit\" \/>\n\t<meta name=\"twitter:data2\" content=\"3\u00a0Minuten\" \/>\n<script type=\"application\/ld+json\" class=\"yoast-schema-graph\">{\"@context\":\"https:\\\/\\\/schema.org\",\"@graph\":[{\"@type\":\"Article\",\"@id\":\"https:\\\/\\\/www.strassenweb.de\\\/nachrichten\\\/der-saenger-von-wellerman-sea-shanty-fordert-die-schottische-regierung-auf-sich-fuer-die-renaturierung-einzusetzen\\\/#article\",\"isPartOf\":{\"@id\":\"https:\\\/\\\/www.strassenweb.de\\\/nachrichten\\\/der-saenger-von-wellerman-sea-shanty-fordert-die-schottische-regierung-auf-sich-fuer-die-renaturierung-einzusetzen\\\/\"},\"author\":{\"name\":\"Robert Hoffmann\",\"@id\":\"https:\\\/\\\/www.strassenweb.de\\\/nachrichten\\\/#\\\/schema\\\/person\\\/87c9c9067f1211da429a744dc5a5aa41\"},\"headline\":\"Der S\u00e4nger von Wellerman (Sea Shanty) fordert die schottische Regierung auf, sich f\u00fcr die Renaturierung einzusetzen\",\"datePublished\":\"2024-12-17T17:10:23+00:00\",\"dateModified\":\"2024-12-17T17:10:24+00:00\",\"mainEntityOfPage\":{\"@id\":\"https:\\\/\\\/www.strassenweb.de\\\/nachrichten\\\/der-saenger-von-wellerman-sea-shanty-fordert-die-schottische-regierung-auf-sich-fuer-die-renaturierung-einzusetzen\\\/\"},\"wordCount\":606,\"publisher\":{\"@id\":\"https:\\\/\\\/www.strassenweb.de\\\/nachrichten\\\/#organization\"},\"image\":{\"@id\":\"https:\\\/\\\/www.strassenweb.de\\\/nachrichten\\\/der-saenger-von-wellerman-sea-shanty-fordert-die-schottische-regierung-auf-sich-fuer-die-renaturierung-einzusetzen\\\/#primaryimage\"},\"thumbnailUrl\":\"https:\\\/\\\/www.strassenweb.de\\\/nachrichten\\\/wp-content\\\/uploads\\\/2024\\\/12\\\/Der-Saenger-von-Wellerman-Sea-Shanty-fordert-die-schottische-Regierung.jpg\",\"keywords\":[\"auf\",\"der\",\"die\",\"einzusetzen\",\"fordert\",\"f\u00fcr\",\"Regierung\",\"Renaturierung\",\"S\u00e4nger\",\"schottische\",\"Sea\",\"Shanty\",\"sich\",\"von\",\"Wellerman\"],\"articleSection\":[\"\u00d6kologie\"],\"inLanguage\":\"de\"},{\"@type\":\"WebPage\",\"@id\":\"https:\\\/\\\/www.strassenweb.de\\\/nachrichten\\\/der-saenger-von-wellerman-sea-shanty-fordert-die-schottische-regierung-auf-sich-fuer-die-renaturierung-einzusetzen\\\/\",\"url\":\"https:\\\/\\\/www.strassenweb.de\\\/nachrichten\\\/der-saenger-von-wellerman-sea-shanty-fordert-die-schottische-regierung-auf-sich-fuer-die-renaturierung-einzusetzen\\\/\",\"name\":\"Der S\u00e4nger von Wellerman (Sea Shanty) fordert die schottische Regierung auf, sich f\u00fcr die Renaturierung einzusetzen - Nachrichten - Stra\u00dfenweb\",\"isPartOf\":{\"@id\":\"https:\\\/\\\/www.strassenweb.de\\\/nachrichten\\\/#website\"},\"primaryImageOfPage\":{\"@id\":\"https:\\\/\\\/www.strassenweb.de\\\/nachrichten\\\/der-saenger-von-wellerman-sea-shanty-fordert-die-schottische-regierung-auf-sich-fuer-die-renaturierung-einzusetzen\\\/#primaryimage\"},\"image\":{\"@id\":\"https:\\\/\\\/www.strassenweb.de\\\/nachrichten\\\/der-saenger-von-wellerman-sea-shanty-fordert-die-schottische-regierung-auf-sich-fuer-die-renaturierung-einzusetzen\\\/#primaryimage\"},\"thumbnailUrl\":\"https:\\\/\\\/www.strassenweb.de\\\/nachrichten\\\/wp-content\\\/uploads\\\/2024\\\/12\\\/Der-Saenger-von-Wellerman-Sea-Shanty-fordert-die-schottische-Regierung.jpg\",\"datePublished\":\"2024-12-17T17:10:23+00:00\",\"dateModified\":\"2024-12-17T17:10:24+00:00\",\"breadcrumb\":{\"@id\":\"https:\\\/\\\/www.strassenweb.de\\\/nachrichten\\\/der-saenger-von-wellerman-sea-shanty-fordert-die-schottische-regierung-auf-sich-fuer-die-renaturierung-einzusetzen\\\/#breadcrumb\"},\"inLanguage\":\"de\",\"potentialAction\":[{\"@type\":\"ReadAction\",\"target\":[\"https:\\\/\\\/www.strassenweb.de\\\/nachrichten\\\/der-saenger-von-wellerman-sea-shanty-fordert-die-schottische-regierung-auf-sich-fuer-die-renaturierung-einzusetzen\\\/\"]}]},{\"@type\":\"ImageObject\",\"inLanguage\":\"de\",\"@id\":\"https:\\\/\\\/www.strassenweb.de\\\/nachrichten\\\/der-saenger-von-wellerman-sea-shanty-fordert-die-schottische-regierung-auf-sich-fuer-die-renaturierung-einzusetzen\\\/#primaryimage\",\"url\":\"https:\\\/\\\/www.strassenweb.de\\\/nachrichten\\\/wp-content\\\/uploads\\\/2024\\\/12\\\/Der-Saenger-von-Wellerman-Sea-Shanty-fordert-die-schottische-Regierung.jpg\",\"contentUrl\":\"https:\\\/\\\/www.strassenweb.de\\\/nachrichten\\\/wp-content\\\/uploads\\\/2024\\\/12\\\/Der-Saenger-von-Wellerman-Sea-Shanty-fordert-die-schottische-Regierung.jpg\",\"width\":900,\"height\":600,\"caption\":\"Der S\u00e4nger von Wellerman (Sea Shanty) fordert die schottische Regierung auf, sich f\u00fcr die Renaturierung einzusetzen\"},{\"@type\":\"BreadcrumbList\",\"@id\":\"https:\\\/\\\/www.strassenweb.de\\\/nachrichten\\\/der-saenger-von-wellerman-sea-shanty-fordert-die-schottische-regierung-auf-sich-fuer-die-renaturierung-einzusetzen\\\/#breadcrumb\",\"itemListElement\":[{\"@type\":\"ListItem\",\"position\":1,\"name\":\"Home\",\"item\":\"https:\\\/\\\/www.strassenweb.de\\\/nachrichten\\\/\"},{\"@type\":\"ListItem\",\"position\":2,\"name\":\"Der S\u00e4nger von Wellerman (Sea Shanty) fordert die schottische Regierung auf, sich f\u00fcr die Renaturierung einzusetzen\"}]},{\"@type\":\"WebSite\",\"@id\":\"https:\\\/\\\/www.strassenweb.de\\\/nachrichten\\\/#website\",\"url\":\"https:\\\/\\\/www.strassenweb.de\\\/nachrichten\\\/\",\"name\":\"Stra\u00dfenweb\",\"description\":\"Stra\u00dfenverzeichnis f\u00fcr Deutschland\",\"publisher\":{\"@id\":\"https:\\\/\\\/www.strassenweb.de\\\/nachrichten\\\/#organization\"},\"potentialAction\":[{\"@type\":\"SearchAction\",\"target\":{\"@type\":\"EntryPoint\",\"urlTemplate\":\"https:\\\/\\\/www.strassenweb.de\\\/nachrichten\\\/?s={search_term_string}\"},\"query-input\":{\"@type\":\"PropertyValueSpecification\",\"valueRequired\":true,\"valueName\":\"search_term_string\"}}],\"inLanguage\":\"de\"},{\"@type\":\"Organization\",\"@id\":\"https:\\\/\\\/www.strassenweb.de\\\/nachrichten\\\/#organization\",\"name\":\"Stra\u00dfenweb\",\"url\":\"https:\\\/\\\/www.strassenweb.de\\\/nachrichten\\\/\",\"logo\":{\"@type\":\"ImageObject\",\"inLanguage\":\"de\",\"@id\":\"https:\\\/\\\/www.strassenweb.de\\\/nachrichten\\\/#\\\/schema\\\/logo\\\/image\\\/\",\"url\":\"https:\\\/\\\/www.strassenweb.de\\\/nachrichten\\\/wp-content\\\/uploads\\\/2024\\\/09\\\/cropped-favicon.png\",\"contentUrl\":\"https:\\\/\\\/www.strassenweb.de\\\/nachrichten\\\/wp-content\\\/uploads\\\/2024\\\/09\\\/cropped-favicon.png\",\"width\":512,\"height\":512,\"caption\":\"Stra\u00dfenweb\"},\"image\":{\"@id\":\"https:\\\/\\\/www.strassenweb.de\\\/nachrichten\\\/#\\\/schema\\\/logo\\\/image\\\/\"},\"sameAs\":[\"https:\\\/\\\/www.facebook.com\\\/strassenweb\\\/\"]},{\"@type\":\"Person\",\"@id\":\"https:\\\/\\\/www.strassenweb.de\\\/nachrichten\\\/#\\\/schema\\\/person\\\/87c9c9067f1211da429a744dc5a5aa41\",\"name\":\"Robert Hoffmann\",\"image\":{\"@type\":\"ImageObject\",\"inLanguage\":\"de\",\"@id\":\"https:\\\/\\\/www.strassenweb.de\\\/nachrichten\\\/wp-content\\\/uploads\\\/2024\\\/09\\\/strassenweb-150x150.jpg\",\"url\":\"https:\\\/\\\/www.strassenweb.de\\\/nachrichten\\\/wp-content\\\/uploads\\\/2024\\\/09\\\/strassenweb-150x150.jpg\",\"contentUrl\":\"https:\\\/\\\/www.strassenweb.de\\\/nachrichten\\\/wp-content\\\/uploads\\\/2024\\\/09\\\/strassenweb-150x150.jpg\",\"caption\":\"Robert Hoffmann\"},\"description\":\"Ich hei\u00dfe Robert Hoffmann und ich bin ein leidenschaftlicher Verfechter von \u00d6kologie und Biodiversit\u00e4t. Seit meiner Kindheit in den W\u00e4ldern Bayerns f\u00fchle ich mich mit der Natur verbunden und bin entschlossen, sie zu sch\u00fctzen. Heute widme ich mein Leben der Sensibilisierung anderer f\u00fcr die Bedeutung des Umweltschutzes f\u00fcr zuk\u00fcnftige Generationen.\",\"sameAs\":[\"https:\\\/\\\/www.strassenweb.de\\\/\"]}]}<\/script>\n<!-- \/ Yoast SEO plugin. -->","yoast_head_json":{"title":"Der S\u00e4nger von Wellerman (Sea Shanty) fordert die schottische Regierung auf, sich f\u00fcr die Renaturierung einzusetzen - Nachrichten - Stra\u00dfenweb","robots":{"index":"index","follow":"follow","max-snippet":"max-snippet:-1","max-image-preview":"max-image-preview:large","max-video-preview":"max-video-preview:-1"},"canonical":"https:\/\/www.strassenweb.de\/nachrichten\/der-saenger-von-wellerman-sea-shanty-fordert-die-schottische-regierung-auf-sich-fuer-die-renaturierung-einzusetzen\/","og_locale":"de_DE","og_type":"article","og_title":"Der S\u00e4nger von Wellerman (Sea Shanty) fordert die schottische Regierung auf, sich f\u00fcr die Renaturierung einzusetzen - Nachrichten - Stra\u00dfenweb","og_description":"Nathan Evans k\u00fcndigt seinen 2,2 Millionen Followern auf TikTok und Instagram seine Unterst\u00fctzung an Der schottische Shanty-S\u00e4nger Nathan Evans hat heute eine Kampagne unterst\u00fctzt, die","og_url":"https:\/\/www.strassenweb.de\/nachrichten\/der-saenger-von-wellerman-sea-shanty-fordert-die-schottische-regierung-auf-sich-fuer-die-renaturierung-einzusetzen\/","og_site_name":"Stra\u00dfenweb","article_publisher":"https:\/\/www.facebook.com\/strassenweb\/","article_published_time":"2024-12-17T17:10:23+00:00","article_modified_time":"2024-12-17T17:10:24+00:00","og_image":[{"width":900,"height":600,"url":"https:\/\/www.strassenweb.de\/nachrichten\/wp-content\/uploads\/2024\/12\/Der-Saenger-von-Wellerman-Sea-Shanty-fordert-die-schottische-Regierung.jpg","type":"image\/jpeg"}],"author":"Robert Hoffmann","twitter_card":"summary_large_image","twitter_misc":{"Verfasst von":"Robert Hoffmann","Gesch\u00e4tzte Lesezeit":"3\u00a0Minuten"},"schema":{"@context":"https:\/\/schema.org","@graph":[{"@type":"Article","@id":"https:\/\/www.strassenweb.de\/nachrichten\/der-saenger-von-wellerman-sea-shanty-fordert-die-schottische-regierung-auf-sich-fuer-die-renaturierung-einzusetzen\/#article","isPartOf":{"@id":"https:\/\/www.strassenweb.de\/nachrichten\/der-saenger-von-wellerman-sea-shanty-fordert-die-schottische-regierung-auf-sich-fuer-die-renaturierung-einzusetzen\/"},"author":{"name":"Robert Hoffmann","@id":"https:\/\/www.strassenweb.de\/nachrichten\/#\/schema\/person\/87c9c9067f1211da429a744dc5a5aa41"},"headline":"Der S\u00e4nger von Wellerman (Sea Shanty) fordert die schottische Regierung auf, sich f\u00fcr die Renaturierung einzusetzen","datePublished":"2024-12-17T17:10:23+00:00","dateModified":"2024-12-17T17:10:24+00:00","mainEntityOfPage":{"@id":"https:\/\/www.strassenweb.de\/nachrichten\/der-saenger-von-wellerman-sea-shanty-fordert-die-schottische-regierung-auf-sich-fuer-die-renaturierung-einzusetzen\/"},"wordCount":606,"publisher":{"@id":"https:\/\/www.strassenweb.de\/nachrichten\/#organization"},"image":{"@id":"https:\/\/www.strassenweb.de\/nachrichten\/der-saenger-von-wellerman-sea-shanty-fordert-die-schottische-regierung-auf-sich-fuer-die-renaturierung-einzusetzen\/#primaryimage"},"thumbnailUrl":"https:\/\/www.strassenweb.de\/nachrichten\/wp-content\/uploads\/2024\/12\/Der-Saenger-von-Wellerman-Sea-Shanty-fordert-die-schottische-Regierung.jpg","keywords":["auf","der","die","einzusetzen","fordert","f\u00fcr","Regierung","Renaturierung","S\u00e4nger","schottische","Sea","Shanty","sich","von","Wellerman"],"articleSection":["\u00d6kologie"],"inLanguage":"de"},{"@type":"WebPage","@id":"https:\/\/www.strassenweb.de\/nachrichten\/der-saenger-von-wellerman-sea-shanty-fordert-die-schottische-regierung-auf-sich-fuer-die-renaturierung-einzusetzen\/","url":"https:\/\/www.strassenweb.de\/nachrichten\/der-saenger-von-wellerman-sea-shanty-fordert-die-schottische-regierung-auf-sich-fuer-die-renaturierung-einzusetzen\/","name":"Der S\u00e4nger von Wellerman (Sea Shanty) fordert die schottische Regierung auf, sich f\u00fcr die Renaturierung einzusetzen - Nachrichten - Stra\u00dfenweb","isPartOf":{"@id":"https:\/\/www.strassenweb.de\/nachrichten\/#website"},"primaryImageOfPage":{"@id":"https:\/\/www.strassenweb.de\/nachrichten\/der-saenger-von-wellerman-sea-shanty-fordert-die-schottische-regierung-auf-sich-fuer-die-renaturierung-einzusetzen\/#primaryimage"},"image":{"@id":"https:\/\/www.strassenweb.de\/nachrichten\/der-saenger-von-wellerman-sea-shanty-fordert-die-schottische-regierung-auf-sich-fuer-die-renaturierung-einzusetzen\/#primaryimage"},"thumbnailUrl":"https:\/\/www.strassenweb.de\/nachrichten\/wp-content\/uploads\/2024\/12\/Der-Saenger-von-Wellerman-Sea-Shanty-fordert-die-schottische-Regierung.jpg","datePublished":"2024-12-17T17:10:23+00:00","dateModified":"2024-12-17T17:10:24+00:00","breadcrumb":{"@id":"https:\/\/www.strassenweb.de\/nachrichten\/der-saenger-von-wellerman-sea-shanty-fordert-die-schottische-regierung-auf-sich-fuer-die-renaturierung-einzusetzen\/#breadcrumb"},"inLanguage":"de","potentialAction":[{"@type":"ReadAction","target":["https:\/\/www.strassenweb.de\/nachrichten\/der-saenger-von-wellerman-sea-shanty-fordert-die-schottische-regierung-auf-sich-fuer-die-renaturierung-einzusetzen\/"]}]},{"@type":"ImageObject","inLanguage":"de","@id":"https:\/\/www.strassenweb.de\/nachrichten\/der-saenger-von-wellerman-sea-shanty-fordert-die-schottische-regierung-auf-sich-fuer-die-renaturierung-einzusetzen\/#primaryimage","url":"https:\/\/www.strassenweb.de\/nachrichten\/wp-content\/uploads\/2024\/12\/Der-Saenger-von-Wellerman-Sea-Shanty-fordert-die-schottische-Regierung.jpg","contentUrl":"https:\/\/www.strassenweb.de\/nachrichten\/wp-content\/uploads\/2024\/12\/Der-Saenger-von-Wellerman-Sea-Shanty-fordert-die-schottische-Regierung.jpg","width":900,"height":600,"caption":"Der S\u00e4nger von Wellerman (Sea Shanty) fordert die schottische Regierung auf, sich f\u00fcr die Renaturierung einzusetzen"},{"@type":"BreadcrumbList","@id":"https:\/\/www.strassenweb.de\/nachrichten\/der-saenger-von-wellerman-sea-shanty-fordert-die-schottische-regierung-auf-sich-fuer-die-renaturierung-einzusetzen\/#breadcrumb","itemListElement":[{"@type":"ListItem","position":1,"name":"Home","item":"https:\/\/www.strassenweb.de\/nachrichten\/"},{"@type":"ListItem","position":2,"name":"Der S\u00e4nger von Wellerman (Sea Shanty) fordert die schottische Regierung auf, sich f\u00fcr die Renaturierung einzusetzen"}]},{"@type":"WebSite","@id":"https:\/\/www.strassenweb.de\/nachrichten\/#website","url":"https:\/\/www.strassenweb.de\/nachrichten\/","name":"Stra\u00dfenweb","description":"Stra\u00dfenverzeichnis f\u00fcr Deutschland","publisher":{"@id":"https:\/\/www.strassenweb.de\/nachrichten\/#organization"},"potentialAction":[{"@type":"SearchAction","target":{"@type":"EntryPoint","urlTemplate":"https:\/\/www.strassenweb.de\/nachrichten\/?s={search_term_string}"},"query-input":{"@type":"PropertyValueSpecification","valueRequired":true,"valueName":"search_term_string"}}],"inLanguage":"de"},{"@type":"Organization","@id":"https:\/\/www.strassenweb.de\/nachrichten\/#organization","name":"Stra\u00dfenweb","url":"https:\/\/www.strassenweb.de\/nachrichten\/","logo":{"@type":"ImageObject","inLanguage":"de","@id":"https:\/\/www.strassenweb.de\/nachrichten\/#\/schema\/logo\/image\/","url":"https:\/\/www.strassenweb.de\/nachrichten\/wp-content\/uploads\/2024\/09\/cropped-favicon.png","contentUrl":"https:\/\/www.strassenweb.de\/nachrichten\/wp-content\/uploads\/2024\/09\/cropped-favicon.png","width":512,"height":512,"caption":"Stra\u00dfenweb"},"image":{"@id":"https:\/\/www.strassenweb.de\/nachrichten\/#\/schema\/logo\/image\/"},"sameAs":["https:\/\/www.facebook.com\/strassenweb\/"]},{"@type":"Person","@id":"https:\/\/www.strassenweb.de\/nachrichten\/#\/schema\/person\/87c9c9067f1211da429a744dc5a5aa41","name":"Robert Hoffmann","image":{"@type":"ImageObject","inLanguage":"de","@id":"https:\/\/www.strassenweb.de\/nachrichten\/wp-content\/uploads\/2024\/09\/strassenweb-150x150.jpg","url":"https:\/\/www.strassenweb.de\/nachrichten\/wp-content\/uploads\/2024\/09\/strassenweb-150x150.jpg","contentUrl":"https:\/\/www.strassenweb.de\/nachrichten\/wp-content\/uploads\/2024\/09\/strassenweb-150x150.jpg","caption":"Robert Hoffmann"},"description":"Ich hei\u00dfe Robert Hoffmann und ich bin ein leidenschaftlicher Verfechter von \u00d6kologie und Biodiversit\u00e4t. Seit meiner Kindheit in den W\u00e4ldern Bayerns f\u00fchle ich mich mit der Natur verbunden und bin entschlossen, sie zu sch\u00fctzen. Heute widme ich mein Leben der Sensibilisierung anderer f\u00fcr die Bedeutung des Umweltschutzes f\u00fcr zuk\u00fcnftige Generationen.","sameAs":["https:\/\/www.strassenweb.de\/"]}]}},"_links":{"self":[{"href":"https:\/\/www.strassenweb.de\/nachrichten\/wp-json\/wp\/v2\/posts\/2187","targetHints":{"allow":["GET"]}}],"collection":[{"href":"https:\/\/www.strassenweb.de\/nachrichten\/wp-json\/wp\/v2\/posts"}],"about":[{"href":"https:\/\/www.strassenweb.de\/nachrichten\/wp-json\/wp\/v2\/types\/post"}],"author":[{"embeddable":true,"href":"https:\/\/www.strassenweb.de\/nachrichten\/wp-json\/wp\/v2\/users\/1"}],"replies":[{"embeddable":true,"href":"https:\/\/www.strassenweb.de\/nachrichten\/wp-json\/wp\/v2\/comments?post=2187"}],"version-history":[{"count":0,"href":"https:\/\/www.strassenweb.de\/nachrichten\/wp-json\/wp\/v2\/posts\/2187\/revisions"}],"wp:featuredmedia":[{"embeddable":true,"href":"https:\/\/www.strassenweb.de\/nachrichten\/wp-json\/wp\/v2\/media\/2188"}],"wp:attachment":[{"href":"https:\/\/www.strassenweb.de\/nachrichten\/wp-json\/wp\/v2\/media?parent=2187"}],"wp:term":[{"taxonomy":"category","embeddable":true,"href":"https:\/\/www.strassenweb.de\/nachrichten\/wp-json\/wp\/v2\/categories?post=2187"},{"taxonomy":"post_tag","embeddable":true,"href":"https:\/\/www.strassenweb.de\/nachrichten\/wp-json\/wp\/v2\/tags?post=2187"}],"curies":[{"name":"wp","href":"https:\/\/api.w.org\/{rel}","templated":true}]}}