{"id":218,"date":"2024-09-25T08:15:58","date_gmt":"2024-09-25T06:15:58","guid":{"rendered":"https:\/\/www.strassenweb.de\/nachrichten\/wann-man-baeume-niemals-beschneiden-sollte-professionelle-baumpfleger-verraten-wann-es-im-jahr-entscheidend-ist-auf-das-beschneiden-zu-verzichten\/"},"modified":"2024-09-25T08:15:59","modified_gmt":"2024-09-25T06:15:59","slug":"wann-man-baeume-niemals-beschneiden-sollte-professionelle-baumpfleger-verraten-wann-es-im-jahr-entscheidend-ist-auf-das-beschneiden-zu-verzichten","status":"publish","type":"post","link":"https:\/\/www.strassenweb.de\/nachrichten\/wann-man-baeume-niemals-beschneiden-sollte-professionelle-baumpfleger-verraten-wann-es-im-jahr-entscheidend-ist-auf-das-beschneiden-zu-verzichten\/","title":{"rendered":"Wann man B\u00e4ume niemals beschneiden sollte \u2013 professionelle Baumpfleger verraten, wann es im Jahr entscheidend ist, auf das Beschneiden zu verzichten"},"content":{"rendered":"<p><\/p>\n<div id=\"article-body\" class=\"article__body \">\n<p>Das Beschneiden ist ein wesentlicher Bestandteil der Baumpflege. Es muss zwar keine regelm\u00e4\u00dfige Arbeit sein, aber es ist eine Aufgabe, die daf\u00fcr sorgt, dass ein Baum \u00fcber Jahre hinweg sicher, geformt und gesund bleibt.<\/p>\n<div id=\"ad-unit-1\" class=\"ad-unit\"><\/div>\n<p>Zu wissen, wann man B\u00e4ume beschneiden sollte, ist entscheidend f\u00fcr die Gesundheit eines Baumes. Es gibt empfohlene Jahreszeiten, in denen das Beschneiden sicher ist, es gibt jedoch auch Zeiten, in denen Sie durch das Beschneiden die Gesundheit eines Baumes gef\u00e4hrden k\u00f6nnen.<\/p>\n<p>Ich habe Tipps von Baumexperten gesammelt, um herauszufinden, wann es am riskantesten ist, mit den Gartenger\u00e4ten rauszugehen und B\u00e4ume im Garten zu beschneiden. Dies sind allgemeine Regeln, die Sie beim Planen des Beschneidens befolgen sollten. Sie variieren jedoch je nach Baumart und es gibt einige Ausnahmen.<\/p>\n<div id=\"desktop-in-article\" class=\"in-article ad-unit\">\n<div id=\"desktop-taboola-mid-article\"><\/div>\n<\/div>\n<div id=\"mobile-in-article\" class=\"in-article ad-unit\">\n<div id=\"mobile-taboola-mid-article\"><\/div>\n<\/div>\n<figure class=\"van-image-figure inline-layout \" data-bordeaux-image-check>\n<div class=\"image-full-width-wrapper\">\n<div class=\"image-widthsetter\" style=\"max-width:2400px;\"><\/div>\n<\/div>\n<\/figure>\n<h2 id=\"is-there-a-bad-time-to-prune-trees-3\">Gibt es einen schlechten Zeitpunkt zum Beschneiden von B\u00e4umen? <\/h2>\n<aside class=\"hawk-nest\" data-render-type=\"fte\" data-skip=\"dealsy\" data-widget-type=\"seasonal\">\n<div class=\"hawk-master-widget-hawk-base-wrapper\"><\/div>\n<\/aside>\n<p>Der ideale Zeitpunkt zum Beschneiden von Laubb\u00e4umen ist w\u00e4hrend ihrer Ruhezeit. Immergr\u00fcne B\u00e4ume werden am besten im Sp\u00e4twinter oder im fr\u00fchen Fr\u00fchjahr beschnitten, bevor sie neu austreiben.<\/p>\n<div class=\"van_vid_carousel\">\n<div class=\"van_vid_carousel__padding\">\n<div class=\"van_vid_carousel__container\"><\/div>\n<\/div>\n<\/div>\n<p>Das Beschneiden zur richtigen Jahreszeit sch\u00fctzt den Baum vor Sch\u00e4dlingen und Krankheiten, w\u00e4hrend das Beschneiden zur falschen Zeit ein Fehler beim Baumbeschneiden ist, der den Baum anf\u00e4lliger f\u00fcr Probleme macht. Bestimmte Jahreszeiten bergen erh\u00f6hte Risiken und sind definitiv schlechte Zeiten zum Beschneiden von B\u00e4umen.<\/p>\n<div id=\"ad-unit-2\" class=\"ad-unit\"><\/div>\n<h3 class=\"article-body__section\" id=\"section-when-should-you-not-prune-trees\"><span>Wann sollte man B\u00e4ume nicht beschneiden?<\/span><\/h3>\n<p>Das Beschneiden von \u00c4sten zu diesen Jahreszeiten kann ein Gl\u00fccksspiel sein, das die Gesundheit eines Baumes gef\u00e4hrdet. Es kann ein Fehler sein, mit Gartenger\u00e4ten hinauszugehen \u2013 also tun Sie es auf eigene Gefahr.<\/p>\n<h2 id=\"avoid-pruning-in-extreme-weather-3\">Vermeiden Sie das Beschneiden bei extremem Wetter <\/h2>\n<figure class=\"van-image-figure inline-layout \" data-bordeaux-image-check>\n<div class=\"image-full-width-wrapper\">\n<div class=\"image-widthsetter\" style=\"max-width:2400px;\"><\/div>\n<\/div>\n<\/figure>\n<p>Das Beschneiden von B\u00e4umen ist nicht zu empfehlen, wenn das Wetter an Ihrem Standort extrem ist, beispielsweise mitten in einem kalten Winter oder einem sehr hei\u00dfen Sommer. Die H\u00f6hen und Tiefen Ihres Wetters h\u00e4ngen von Ihrem Standort und der US-Winterh\u00e4rtezone ab. Wenn Sie jedoch in einem Klima mit extremen Wetterbedingungen leben, ist es besser, Ihr Beschneidungsprogramm anzupassen, um den Baum nicht zu sch\u00e4digen.<\/p>\n<p>Sowohl gro\u00dfe Hitze als auch extreme K\u00e4lte k\u00f6nnen einem Baum schaden. Sein Wachstum kann zur\u00fcckgehen und der Baum kann durch das Beschneiden bei extremen Wetterbedingungen absterben.<\/p>\n<p>Ken Wickham, ein ISA-zertifizierter Baumpfleger bei Joshua Tree Experts, warnt, dass beispielsweise das Beschneiden bei gro\u00dfer Hitze \u201eeinen bereits gestressten Baum\u201c zus\u00e4tzlich belasten kann, da die Umweltbedingungen Hitze- oder D\u00fcrrestress verursachen. \u201eDieser Stress kann den Baum auch anf\u00e4llig f\u00fcr Insektenbefall oder Krankheiten machen\u201c, warnt er.<\/p>\n<p>Lisa Tadewaldt, Gr\u00fcnderin von Urban Forest Pro, geht sogar noch weiter und warnt: \u201eWenn Sie im Winter oder in der Sommerhitze zu weit zur\u00fcckschneiden, kann der Baum negativ reagieren und absterben oder vollst\u00e4ndig absterben. Wenn Sie jedoch in einem milderen Klima leben, ist dies normalerweise kein Problem, au\u00dfer bei unerwarteten Wetterextremen.\u201c<\/p>\n<p>B\u00e4ume k\u00f6nnen im Winter beschnitten werden, wenn sie in der Ruhephase sind. Wenn Sie jedoch in extrem kalten Perioden beschneiden, besteht die Gefahr, dass Frost in den Schnitt eindringt und den Baum schw\u00e4cht. Dies ist besonders gef\u00e4hrlich, wenn Sie j\u00fcngere B\u00e4ume beschneiden oder gro\u00dfe Schnitte an etablierten B\u00e4umen vornehmen.<\/p>\n<p>Es wird empfohlen, mitten im Winter nicht zu beschneiden, da die Risiken geringer sind, wenn man mit der Aufgabe bis zum Sp\u00e4twinter oder fr\u00fchen Fr\u00fchling wartet.<\/p>\n<h2 id=\"avoid-pruning-in-late-spring-3\">Vermeiden Sie das Beschneiden im sp\u00e4ten Fr\u00fchjahr <\/h2>\n<figure class=\"van-image-figure inline-layout \" data-bordeaux-image-check>\n<div class=\"image-full-width-wrapper\">\n<div class=\"image-widthsetter\" style=\"max-width:2400px;\"><\/div>\n<\/div>\n<\/figure>\n<p>B\u00e4ume erwachen im Fr\u00fchling zum neuen Jahr. Zu dieser Zeit steigt der Saft und der Baum verbraucht viel Energie, um neue Triebe und Bl\u00e4tter wachsen zu lassen. Das Beschneiden zu dieser Zeit unterbricht diesen nat\u00fcrlichen Prozess und f\u00fchrt dazu, dass der Baum viel Energie aufwenden muss, um diese frischen Schnittwunden zu heilen.<\/p>\n<p>Basil Camu, ein ISA-zertifizierter Baumpfleger und Gr\u00fcnder von Leaf &#038; Limb, warnt, dass \u201edas Beschneiden zu dieser Zeit Stress verursachen und die Heilungsf\u00e4higkeit des Baumes beeintr\u00e4chtigen kann\u201c. Er f\u00fcgt hinzu: \u201eIm Allgemeinen ist es am besten, das Beschneiden zwischen Ende M\u00e4rz und Anfang Mai zu vermeiden, je nach Region und Baumart. Zu dieser Zeit erleben viele B\u00e4ume einen erheblichen Saftfluss und ein starkes Wachstum.\u201c<\/p>\n<p>Im Fr\u00fchling sind Pilzkrankheiten weit verbreitet, darunter auch Kernf\u00e4ule, die Sch\u00e4den am Stamm und an den \u00c4sten verursachen kann. Zu dieser Jahreszeit k\u00f6nnen die Pilze auch in Schnittwunden eindringen. Viele B\u00e4ume verlieren au\u00dferdem Saft, wenn sie im Fr\u00fchling oder Sommer beschnitten werden, was den Baum schw\u00e4cht und ihn zunehmend anf\u00e4lliger f\u00fcr Sch\u00e4dlinge und Krankheiten macht.<\/p>\n<p>Es ist jedoch zu beachten, dass einige B\u00e4ume eher im Sommer als im Winter beschnitten werden m\u00fcssen. Birken, Ahornb\u00e4ume und Walnussb\u00e4ume verlieren beim Beschneiden im Winter viel Saft und k\u00f6nnen daher im Hoch- bis Sp\u00e4tsommer beschnitten werden.<\/p>\n<h2 id=\"avoid-pruning-in-late-summer-3\">Vermeiden Sie einen R\u00fcckschnitt im Sp\u00e4tsommer <\/h2>\n<figure class=\"van-image-figure inline-layout \" data-bordeaux-image-check>\n<div class=\"image-full-width-wrapper\">\n<div class=\"image-widthsetter\" style=\"max-width:2400px;\"><\/div>\n<\/div>\n<\/figure>\n<p>Scott Seargeant, ein international t\u00e4tiger Baumpfleger, warnt, dass der Sp\u00e4tsommer bis Herbst die \u201eschlechteste Zeit\u201c zum Beschneiden von Laubb\u00e4umen sein kann. Er sagt: \u201eIn dieser Zeit speichern B\u00e4ume Energie, die sie im Fr\u00fchjahr f\u00fcr neues Wachstum ben\u00f6tigen. Die Bl\u00e4tter produzieren die Nahrung f\u00fcr den Baum. Das Beschneiden verringert also die F\u00e4higkeit eines Baumes, Nahrung zu produzieren und zu speichern.\u201c<\/p>\n<p>\u201eAu\u00dferdem hinterl\u00e4sst das Beschneiden im Herbst offene Wunden, f\u00fcr deren Abschottung der Baum zus\u00e4tzliche Energiereserven aufwenden muss. Offene Wunden sind Eintrittspunkte f\u00fcr Insekten und Krankheiten.\u201c<\/p>\n<p>Eine weitere Gefahr beim Beschneiden im Sp\u00e4tsommer oder fr\u00fchen Herbst besteht darin, dass der Baum als Reaktion auf das Beschneiden neues Wachstum ausbilden kann. Dieses frische Wachstum wird nicht rechtzeitig hart und wird durch den Winterfrost besch\u00e4digt.<\/p>\n<h2 id=\"shop-tools-for-tree-pruning-3\">Werkzeuge f\u00fcr den Baumschnitt kaufen <\/h2>\n<div class=\"product-container hero-product-container product-block-no-wrap\"><\/div>\n<hr>\n<p>Die oben aufgef\u00fchrten Ratschl\u00e4ge gelten vor allem f\u00fcr das Beschneiden gr\u00f6\u00dferer B\u00e4ume. Wenn Sie abgebrochene oder kranke \u00c4ste entdecken, sollten Sie diese am besten zu jeder Jahreszeit entfernen. Notfallschnitte zum Schutz oder zur Gesundheit des Baumes oder kleinere Schnitte zum Entfernen kleinerer abgebrochener \u00c4ste k\u00f6nnen nach Bedarf durchgef\u00fchrt werden.<\/p>\n<\/div>\n","protected":false},"excerpt":{"rendered":"<p>Das Beschneiden ist ein wesentlicher Bestandteil der Baumpflege. Es muss zwar keine regelm\u00e4\u00dfige Arbeit sein, aber es ist eine Aufgabe, die daf\u00fcr sorgt, dass ein<\/p>\n","protected":false},"author":1,"featured_media":219,"comment_status":"closed","ping_status":"","sticky":false,"template":"","format":"standard","meta":{"footnotes":""},"categories":[118],"tags":[46,443,447,445,112,448,15,384,134,444,446,62,352,449,131],"class_list":["post-218","post","type-post","status-publish","format-standard","has-post-thumbnail","hentry","category-haus-garten","tag-auf","tag-baeume","tag-baumpfleger","tag-beschneiden","tag-das","tag-entscheidend","tag-ist","tag-jahr","tag-man","tag-niemals","tag-professionelle","tag-sollte","tag-verraten","tag-verzichten","tag-wann","generate-columns","tablet-grid-50","mobile-grid-100","grid-parent","grid-50"],"yoast_head":"<!-- This site is optimized with the Yoast SEO plugin v27.3 - https:\/\/yoast.com\/product\/yoast-seo-wordpress\/ -->\n<title>Wann man B\u00e4ume niemals beschneiden sollte \u2013 professionelle Baumpfleger verraten, wann es im Jahr entscheidend ist, auf das Beschneiden zu verzichten - Nachrichten - Stra\u00dfenweb<\/title>\n<meta name=\"robots\" content=\"index, follow, max-snippet:-1, max-image-preview:large, max-video-preview:-1\" \/>\n<link rel=\"canonical\" href=\"https:\/\/www.strassenweb.de\/nachrichten\/wann-man-baeume-niemals-beschneiden-sollte-professionelle-baumpfleger-verraten-wann-es-im-jahr-entscheidend-ist-auf-das-beschneiden-zu-verzichten\/\" \/>\n<meta property=\"og:locale\" content=\"de_DE\" \/>\n<meta property=\"og:type\" content=\"article\" \/>\n<meta property=\"og:title\" content=\"Wann man B\u00e4ume niemals beschneiden sollte \u2013 professionelle Baumpfleger verraten, wann es im Jahr entscheidend ist, auf das Beschneiden zu verzichten - Nachrichten - Stra\u00dfenweb\" \/>\n<meta property=\"og:description\" content=\"Das Beschneiden ist ein wesentlicher Bestandteil der Baumpflege. Es muss zwar keine regelm\u00e4\u00dfige Arbeit sein, aber es ist eine Aufgabe, die daf\u00fcr sorgt, dass ein\" \/>\n<meta property=\"og:url\" content=\"https:\/\/www.strassenweb.de\/nachrichten\/wann-man-baeume-niemals-beschneiden-sollte-professionelle-baumpfleger-verraten-wann-es-im-jahr-entscheidend-ist-auf-das-beschneiden-zu-verzichten\/\" \/>\n<meta property=\"og:site_name\" content=\"Stra\u00dfenweb\" \/>\n<meta property=\"article:publisher\" content=\"https:\/\/www.facebook.com\/strassenweb\/\" \/>\n<meta property=\"article:published_time\" content=\"2024-09-25T06:15:58+00:00\" \/>\n<meta property=\"article:modified_time\" content=\"2024-09-25T06:15:59+00:00\" \/>\n<meta property=\"og:image\" content=\"https:\/\/www.strassenweb.de\/nachrichten\/wp-content\/uploads\/2024\/09\/Wann-man-Baeume-niemals-beschneiden-sollte-\u2013-professionelle-Baumpfleger-verraten.jpg\" \/>\n\t<meta property=\"og:image:width\" content=\"1200\" \/>\n\t<meta property=\"og:image:height\" content=\"675\" \/>\n\t<meta property=\"og:image:type\" content=\"image\/jpeg\" \/>\n<meta name=\"author\" content=\"Robert Hoffmann\" \/>\n<meta name=\"twitter:card\" content=\"summary_large_image\" \/>\n<meta name=\"twitter:label1\" content=\"Verfasst von\" \/>\n\t<meta name=\"twitter:data1\" content=\"Robert Hoffmann\" \/>\n\t<meta name=\"twitter:label2\" content=\"Gesch\u00e4tzte Lesezeit\" \/>\n\t<meta name=\"twitter:data2\" content=\"5\u00a0Minuten\" \/>\n<script type=\"application\/ld+json\" class=\"yoast-schema-graph\">{\"@context\":\"https:\\\/\\\/schema.org\",\"@graph\":[{\"@type\":\"Article\",\"@id\":\"https:\\\/\\\/www.strassenweb.de\\\/nachrichten\\\/wann-man-baeume-niemals-beschneiden-sollte-professionelle-baumpfleger-verraten-wann-es-im-jahr-entscheidend-ist-auf-das-beschneiden-zu-verzichten\\\/#article\",\"isPartOf\":{\"@id\":\"https:\\\/\\\/www.strassenweb.de\\\/nachrichten\\\/wann-man-baeume-niemals-beschneiden-sollte-professionelle-baumpfleger-verraten-wann-es-im-jahr-entscheidend-ist-auf-das-beschneiden-zu-verzichten\\\/\"},\"author\":{\"name\":\"Robert Hoffmann\",\"@id\":\"https:\\\/\\\/www.strassenweb.de\\\/nachrichten\\\/#\\\/schema\\\/person\\\/87c9c9067f1211da429a744dc5a5aa41\"},\"headline\":\"Wann man B\u00e4ume niemals beschneiden sollte \u2013 professionelle Baumpfleger verraten, wann es im Jahr entscheidend ist, auf das Beschneiden zu verzichten\",\"datePublished\":\"2024-09-25T06:15:58+00:00\",\"dateModified\":\"2024-09-25T06:15:59+00:00\",\"mainEntityOfPage\":{\"@id\":\"https:\\\/\\\/www.strassenweb.de\\\/nachrichten\\\/wann-man-baeume-niemals-beschneiden-sollte-professionelle-baumpfleger-verraten-wann-es-im-jahr-entscheidend-ist-auf-das-beschneiden-zu-verzichten\\\/\"},\"wordCount\":1037,\"publisher\":{\"@id\":\"https:\\\/\\\/www.strassenweb.de\\\/nachrichten\\\/#organization\"},\"image\":{\"@id\":\"https:\\\/\\\/www.strassenweb.de\\\/nachrichten\\\/wann-man-baeume-niemals-beschneiden-sollte-professionelle-baumpfleger-verraten-wann-es-im-jahr-entscheidend-ist-auf-das-beschneiden-zu-verzichten\\\/#primaryimage\"},\"thumbnailUrl\":\"https:\\\/\\\/www.strassenweb.de\\\/nachrichten\\\/wp-content\\\/uploads\\\/2024\\\/09\\\/Wann-man-Baeume-niemals-beschneiden-sollte-\u2013-professionelle-Baumpfleger-verraten.jpg\",\"keywords\":[\"auf\",\"B\u00e4ume\",\"Baumpfleger\",\"beschneiden\",\"das\",\"entscheidend\",\"ist\",\"Jahr\",\"man\",\"niemals\",\"professionelle\",\"Sollte\",\"verraten\",\"verzichten\",\"Wann\"],\"articleSection\":[\"Haus &amp; Garten\"],\"inLanguage\":\"de\"},{\"@type\":\"WebPage\",\"@id\":\"https:\\\/\\\/www.strassenweb.de\\\/nachrichten\\\/wann-man-baeume-niemals-beschneiden-sollte-professionelle-baumpfleger-verraten-wann-es-im-jahr-entscheidend-ist-auf-das-beschneiden-zu-verzichten\\\/\",\"url\":\"https:\\\/\\\/www.strassenweb.de\\\/nachrichten\\\/wann-man-baeume-niemals-beschneiden-sollte-professionelle-baumpfleger-verraten-wann-es-im-jahr-entscheidend-ist-auf-das-beschneiden-zu-verzichten\\\/\",\"name\":\"Wann man B\u00e4ume niemals beschneiden sollte \u2013 professionelle Baumpfleger verraten, wann es im Jahr entscheidend ist, auf das Beschneiden zu verzichten - Nachrichten - Stra\u00dfenweb\",\"isPartOf\":{\"@id\":\"https:\\\/\\\/www.strassenweb.de\\\/nachrichten\\\/#website\"},\"primaryImageOfPage\":{\"@id\":\"https:\\\/\\\/www.strassenweb.de\\\/nachrichten\\\/wann-man-baeume-niemals-beschneiden-sollte-professionelle-baumpfleger-verraten-wann-es-im-jahr-entscheidend-ist-auf-das-beschneiden-zu-verzichten\\\/#primaryimage\"},\"image\":{\"@id\":\"https:\\\/\\\/www.strassenweb.de\\\/nachrichten\\\/wann-man-baeume-niemals-beschneiden-sollte-professionelle-baumpfleger-verraten-wann-es-im-jahr-entscheidend-ist-auf-das-beschneiden-zu-verzichten\\\/#primaryimage\"},\"thumbnailUrl\":\"https:\\\/\\\/www.strassenweb.de\\\/nachrichten\\\/wp-content\\\/uploads\\\/2024\\\/09\\\/Wann-man-Baeume-niemals-beschneiden-sollte-\u2013-professionelle-Baumpfleger-verraten.jpg\",\"datePublished\":\"2024-09-25T06:15:58+00:00\",\"dateModified\":\"2024-09-25T06:15:59+00:00\",\"breadcrumb\":{\"@id\":\"https:\\\/\\\/www.strassenweb.de\\\/nachrichten\\\/wann-man-baeume-niemals-beschneiden-sollte-professionelle-baumpfleger-verraten-wann-es-im-jahr-entscheidend-ist-auf-das-beschneiden-zu-verzichten\\\/#breadcrumb\"},\"inLanguage\":\"de\",\"potentialAction\":[{\"@type\":\"ReadAction\",\"target\":[\"https:\\\/\\\/www.strassenweb.de\\\/nachrichten\\\/wann-man-baeume-niemals-beschneiden-sollte-professionelle-baumpfleger-verraten-wann-es-im-jahr-entscheidend-ist-auf-das-beschneiden-zu-verzichten\\\/\"]}]},{\"@type\":\"ImageObject\",\"inLanguage\":\"de\",\"@id\":\"https:\\\/\\\/www.strassenweb.de\\\/nachrichten\\\/wann-man-baeume-niemals-beschneiden-sollte-professionelle-baumpfleger-verraten-wann-es-im-jahr-entscheidend-ist-auf-das-beschneiden-zu-verzichten\\\/#primaryimage\",\"url\":\"https:\\\/\\\/www.strassenweb.de\\\/nachrichten\\\/wp-content\\\/uploads\\\/2024\\\/09\\\/Wann-man-Baeume-niemals-beschneiden-sollte-\u2013-professionelle-Baumpfleger-verraten.jpg\",\"contentUrl\":\"https:\\\/\\\/www.strassenweb.de\\\/nachrichten\\\/wp-content\\\/uploads\\\/2024\\\/09\\\/Wann-man-Baeume-niemals-beschneiden-sollte-\u2013-professionelle-Baumpfleger-verraten.jpg\",\"width\":1200,\"height\":675,\"caption\":\"Wann man B\u00e4ume niemals beschneiden sollte \u2013 professionelle Baumpfleger verraten, wann es im Jahr entscheidend ist, auf das Beschneiden zu verzichten\"},{\"@type\":\"BreadcrumbList\",\"@id\":\"https:\\\/\\\/www.strassenweb.de\\\/nachrichten\\\/wann-man-baeume-niemals-beschneiden-sollte-professionelle-baumpfleger-verraten-wann-es-im-jahr-entscheidend-ist-auf-das-beschneiden-zu-verzichten\\\/#breadcrumb\",\"itemListElement\":[{\"@type\":\"ListItem\",\"position\":1,\"name\":\"Home\",\"item\":\"https:\\\/\\\/www.strassenweb.de\\\/nachrichten\\\/\"},{\"@type\":\"ListItem\",\"position\":2,\"name\":\"Wann man B\u00e4ume niemals beschneiden sollte \u2013 professionelle Baumpfleger verraten, wann es im Jahr entscheidend ist, auf das Beschneiden zu verzichten\"}]},{\"@type\":\"WebSite\",\"@id\":\"https:\\\/\\\/www.strassenweb.de\\\/nachrichten\\\/#website\",\"url\":\"https:\\\/\\\/www.strassenweb.de\\\/nachrichten\\\/\",\"name\":\"Stra\u00dfenweb\",\"description\":\"Stra\u00dfenverzeichnis f\u00fcr Deutschland\",\"publisher\":{\"@id\":\"https:\\\/\\\/www.strassenweb.de\\\/nachrichten\\\/#organization\"},\"potentialAction\":[{\"@type\":\"SearchAction\",\"target\":{\"@type\":\"EntryPoint\",\"urlTemplate\":\"https:\\\/\\\/www.strassenweb.de\\\/nachrichten\\\/?s={search_term_string}\"},\"query-input\":{\"@type\":\"PropertyValueSpecification\",\"valueRequired\":true,\"valueName\":\"search_term_string\"}}],\"inLanguage\":\"de\"},{\"@type\":\"Organization\",\"@id\":\"https:\\\/\\\/www.strassenweb.de\\\/nachrichten\\\/#organization\",\"name\":\"Stra\u00dfenweb\",\"url\":\"https:\\\/\\\/www.strassenweb.de\\\/nachrichten\\\/\",\"logo\":{\"@type\":\"ImageObject\",\"inLanguage\":\"de\",\"@id\":\"https:\\\/\\\/www.strassenweb.de\\\/nachrichten\\\/#\\\/schema\\\/logo\\\/image\\\/\",\"url\":\"https:\\\/\\\/www.strassenweb.de\\\/nachrichten\\\/wp-content\\\/uploads\\\/2024\\\/09\\\/cropped-favicon.png\",\"contentUrl\":\"https:\\\/\\\/www.strassenweb.de\\\/nachrichten\\\/wp-content\\\/uploads\\\/2024\\\/09\\\/cropped-favicon.png\",\"width\":512,\"height\":512,\"caption\":\"Stra\u00dfenweb\"},\"image\":{\"@id\":\"https:\\\/\\\/www.strassenweb.de\\\/nachrichten\\\/#\\\/schema\\\/logo\\\/image\\\/\"},\"sameAs\":[\"https:\\\/\\\/www.facebook.com\\\/strassenweb\\\/\"]},{\"@type\":\"Person\",\"@id\":\"https:\\\/\\\/www.strassenweb.de\\\/nachrichten\\\/#\\\/schema\\\/person\\\/87c9c9067f1211da429a744dc5a5aa41\",\"name\":\"Robert Hoffmann\",\"image\":{\"@type\":\"ImageObject\",\"inLanguage\":\"de\",\"@id\":\"https:\\\/\\\/www.strassenweb.de\\\/nachrichten\\\/wp-content\\\/uploads\\\/2024\\\/09\\\/strassenweb-150x150.jpg\",\"url\":\"https:\\\/\\\/www.strassenweb.de\\\/nachrichten\\\/wp-content\\\/uploads\\\/2024\\\/09\\\/strassenweb-150x150.jpg\",\"contentUrl\":\"https:\\\/\\\/www.strassenweb.de\\\/nachrichten\\\/wp-content\\\/uploads\\\/2024\\\/09\\\/strassenweb-150x150.jpg\",\"caption\":\"Robert Hoffmann\"},\"description\":\"Ich hei\u00dfe Robert Hoffmann und ich bin ein leidenschaftlicher Verfechter von \u00d6kologie und Biodiversit\u00e4t. Seit meiner Kindheit in den W\u00e4ldern Bayerns f\u00fchle ich mich mit der Natur verbunden und bin entschlossen, sie zu sch\u00fctzen. Heute widme ich mein Leben der Sensibilisierung anderer f\u00fcr die Bedeutung des Umweltschutzes f\u00fcr zuk\u00fcnftige Generationen.\",\"sameAs\":[\"https:\\\/\\\/www.strassenweb.de\\\/\"]}]}<\/script>\n<!-- \/ Yoast SEO plugin. -->","yoast_head_json":{"title":"Wann man B\u00e4ume niemals beschneiden sollte \u2013 professionelle Baumpfleger verraten, wann es im Jahr entscheidend ist, auf das Beschneiden zu verzichten - Nachrichten - Stra\u00dfenweb","robots":{"index":"index","follow":"follow","max-snippet":"max-snippet:-1","max-image-preview":"max-image-preview:large","max-video-preview":"max-video-preview:-1"},"canonical":"https:\/\/www.strassenweb.de\/nachrichten\/wann-man-baeume-niemals-beschneiden-sollte-professionelle-baumpfleger-verraten-wann-es-im-jahr-entscheidend-ist-auf-das-beschneiden-zu-verzichten\/","og_locale":"de_DE","og_type":"article","og_title":"Wann man B\u00e4ume niemals beschneiden sollte \u2013 professionelle Baumpfleger verraten, wann es im Jahr entscheidend ist, auf das Beschneiden zu verzichten - Nachrichten - Stra\u00dfenweb","og_description":"Das Beschneiden ist ein wesentlicher Bestandteil der Baumpflege. Es muss zwar keine regelm\u00e4\u00dfige Arbeit sein, aber es ist eine Aufgabe, die daf\u00fcr sorgt, dass ein","og_url":"https:\/\/www.strassenweb.de\/nachrichten\/wann-man-baeume-niemals-beschneiden-sollte-professionelle-baumpfleger-verraten-wann-es-im-jahr-entscheidend-ist-auf-das-beschneiden-zu-verzichten\/","og_site_name":"Stra\u00dfenweb","article_publisher":"https:\/\/www.facebook.com\/strassenweb\/","article_published_time":"2024-09-25T06:15:58+00:00","article_modified_time":"2024-09-25T06:15:59+00:00","og_image":[{"width":1200,"height":675,"url":"https:\/\/www.strassenweb.de\/nachrichten\/wp-content\/uploads\/2024\/09\/Wann-man-Baeume-niemals-beschneiden-sollte-\u2013-professionelle-Baumpfleger-verraten.jpg","type":"image\/jpeg"}],"author":"Robert Hoffmann","twitter_card":"summary_large_image","twitter_misc":{"Verfasst von":"Robert Hoffmann","Gesch\u00e4tzte Lesezeit":"5\u00a0Minuten"},"schema":{"@context":"https:\/\/schema.org","@graph":[{"@type":"Article","@id":"https:\/\/www.strassenweb.de\/nachrichten\/wann-man-baeume-niemals-beschneiden-sollte-professionelle-baumpfleger-verraten-wann-es-im-jahr-entscheidend-ist-auf-das-beschneiden-zu-verzichten\/#article","isPartOf":{"@id":"https:\/\/www.strassenweb.de\/nachrichten\/wann-man-baeume-niemals-beschneiden-sollte-professionelle-baumpfleger-verraten-wann-es-im-jahr-entscheidend-ist-auf-das-beschneiden-zu-verzichten\/"},"author":{"name":"Robert Hoffmann","@id":"https:\/\/www.strassenweb.de\/nachrichten\/#\/schema\/person\/87c9c9067f1211da429a744dc5a5aa41"},"headline":"Wann man B\u00e4ume niemals beschneiden sollte \u2013 professionelle Baumpfleger verraten, wann es im Jahr entscheidend ist, auf das Beschneiden zu verzichten","datePublished":"2024-09-25T06:15:58+00:00","dateModified":"2024-09-25T06:15:59+00:00","mainEntityOfPage":{"@id":"https:\/\/www.strassenweb.de\/nachrichten\/wann-man-baeume-niemals-beschneiden-sollte-professionelle-baumpfleger-verraten-wann-es-im-jahr-entscheidend-ist-auf-das-beschneiden-zu-verzichten\/"},"wordCount":1037,"publisher":{"@id":"https:\/\/www.strassenweb.de\/nachrichten\/#organization"},"image":{"@id":"https:\/\/www.strassenweb.de\/nachrichten\/wann-man-baeume-niemals-beschneiden-sollte-professionelle-baumpfleger-verraten-wann-es-im-jahr-entscheidend-ist-auf-das-beschneiden-zu-verzichten\/#primaryimage"},"thumbnailUrl":"https:\/\/www.strassenweb.de\/nachrichten\/wp-content\/uploads\/2024\/09\/Wann-man-Baeume-niemals-beschneiden-sollte-\u2013-professionelle-Baumpfleger-verraten.jpg","keywords":["auf","B\u00e4ume","Baumpfleger","beschneiden","das","entscheidend","ist","Jahr","man","niemals","professionelle","Sollte","verraten","verzichten","Wann"],"articleSection":["Haus &amp; Garten"],"inLanguage":"de"},{"@type":"WebPage","@id":"https:\/\/www.strassenweb.de\/nachrichten\/wann-man-baeume-niemals-beschneiden-sollte-professionelle-baumpfleger-verraten-wann-es-im-jahr-entscheidend-ist-auf-das-beschneiden-zu-verzichten\/","url":"https:\/\/www.strassenweb.de\/nachrichten\/wann-man-baeume-niemals-beschneiden-sollte-professionelle-baumpfleger-verraten-wann-es-im-jahr-entscheidend-ist-auf-das-beschneiden-zu-verzichten\/","name":"Wann man B\u00e4ume niemals beschneiden sollte \u2013 professionelle Baumpfleger verraten, wann es im Jahr entscheidend ist, auf das Beschneiden zu verzichten - Nachrichten - Stra\u00dfenweb","isPartOf":{"@id":"https:\/\/www.strassenweb.de\/nachrichten\/#website"},"primaryImageOfPage":{"@id":"https:\/\/www.strassenweb.de\/nachrichten\/wann-man-baeume-niemals-beschneiden-sollte-professionelle-baumpfleger-verraten-wann-es-im-jahr-entscheidend-ist-auf-das-beschneiden-zu-verzichten\/#primaryimage"},"image":{"@id":"https:\/\/www.strassenweb.de\/nachrichten\/wann-man-baeume-niemals-beschneiden-sollte-professionelle-baumpfleger-verraten-wann-es-im-jahr-entscheidend-ist-auf-das-beschneiden-zu-verzichten\/#primaryimage"},"thumbnailUrl":"https:\/\/www.strassenweb.de\/nachrichten\/wp-content\/uploads\/2024\/09\/Wann-man-Baeume-niemals-beschneiden-sollte-\u2013-professionelle-Baumpfleger-verraten.jpg","datePublished":"2024-09-25T06:15:58+00:00","dateModified":"2024-09-25T06:15:59+00:00","breadcrumb":{"@id":"https:\/\/www.strassenweb.de\/nachrichten\/wann-man-baeume-niemals-beschneiden-sollte-professionelle-baumpfleger-verraten-wann-es-im-jahr-entscheidend-ist-auf-das-beschneiden-zu-verzichten\/#breadcrumb"},"inLanguage":"de","potentialAction":[{"@type":"ReadAction","target":["https:\/\/www.strassenweb.de\/nachrichten\/wann-man-baeume-niemals-beschneiden-sollte-professionelle-baumpfleger-verraten-wann-es-im-jahr-entscheidend-ist-auf-das-beschneiden-zu-verzichten\/"]}]},{"@type":"ImageObject","inLanguage":"de","@id":"https:\/\/www.strassenweb.de\/nachrichten\/wann-man-baeume-niemals-beschneiden-sollte-professionelle-baumpfleger-verraten-wann-es-im-jahr-entscheidend-ist-auf-das-beschneiden-zu-verzichten\/#primaryimage","url":"https:\/\/www.strassenweb.de\/nachrichten\/wp-content\/uploads\/2024\/09\/Wann-man-Baeume-niemals-beschneiden-sollte-\u2013-professionelle-Baumpfleger-verraten.jpg","contentUrl":"https:\/\/www.strassenweb.de\/nachrichten\/wp-content\/uploads\/2024\/09\/Wann-man-Baeume-niemals-beschneiden-sollte-\u2013-professionelle-Baumpfleger-verraten.jpg","width":1200,"height":675,"caption":"Wann man B\u00e4ume niemals beschneiden sollte \u2013 professionelle Baumpfleger verraten, wann es im Jahr entscheidend ist, auf das Beschneiden zu verzichten"},{"@type":"BreadcrumbList","@id":"https:\/\/www.strassenweb.de\/nachrichten\/wann-man-baeume-niemals-beschneiden-sollte-professionelle-baumpfleger-verraten-wann-es-im-jahr-entscheidend-ist-auf-das-beschneiden-zu-verzichten\/#breadcrumb","itemListElement":[{"@type":"ListItem","position":1,"name":"Home","item":"https:\/\/www.strassenweb.de\/nachrichten\/"},{"@type":"ListItem","position":2,"name":"Wann man B\u00e4ume niemals beschneiden sollte \u2013 professionelle Baumpfleger verraten, wann es im Jahr entscheidend ist, auf das Beschneiden zu verzichten"}]},{"@type":"WebSite","@id":"https:\/\/www.strassenweb.de\/nachrichten\/#website","url":"https:\/\/www.strassenweb.de\/nachrichten\/","name":"Stra\u00dfenweb","description":"Stra\u00dfenverzeichnis f\u00fcr Deutschland","publisher":{"@id":"https:\/\/www.strassenweb.de\/nachrichten\/#organization"},"potentialAction":[{"@type":"SearchAction","target":{"@type":"EntryPoint","urlTemplate":"https:\/\/www.strassenweb.de\/nachrichten\/?s={search_term_string}"},"query-input":{"@type":"PropertyValueSpecification","valueRequired":true,"valueName":"search_term_string"}}],"inLanguage":"de"},{"@type":"Organization","@id":"https:\/\/www.strassenweb.de\/nachrichten\/#organization","name":"Stra\u00dfenweb","url":"https:\/\/www.strassenweb.de\/nachrichten\/","logo":{"@type":"ImageObject","inLanguage":"de","@id":"https:\/\/www.strassenweb.de\/nachrichten\/#\/schema\/logo\/image\/","url":"https:\/\/www.strassenweb.de\/nachrichten\/wp-content\/uploads\/2024\/09\/cropped-favicon.png","contentUrl":"https:\/\/www.strassenweb.de\/nachrichten\/wp-content\/uploads\/2024\/09\/cropped-favicon.png","width":512,"height":512,"caption":"Stra\u00dfenweb"},"image":{"@id":"https:\/\/www.strassenweb.de\/nachrichten\/#\/schema\/logo\/image\/"},"sameAs":["https:\/\/www.facebook.com\/strassenweb\/"]},{"@type":"Person","@id":"https:\/\/www.strassenweb.de\/nachrichten\/#\/schema\/person\/87c9c9067f1211da429a744dc5a5aa41","name":"Robert Hoffmann","image":{"@type":"ImageObject","inLanguage":"de","@id":"https:\/\/www.strassenweb.de\/nachrichten\/wp-content\/uploads\/2024\/09\/strassenweb-150x150.jpg","url":"https:\/\/www.strassenweb.de\/nachrichten\/wp-content\/uploads\/2024\/09\/strassenweb-150x150.jpg","contentUrl":"https:\/\/www.strassenweb.de\/nachrichten\/wp-content\/uploads\/2024\/09\/strassenweb-150x150.jpg","caption":"Robert Hoffmann"},"description":"Ich hei\u00dfe Robert Hoffmann und ich bin ein leidenschaftlicher Verfechter von \u00d6kologie und Biodiversit\u00e4t. Seit meiner Kindheit in den W\u00e4ldern Bayerns f\u00fchle ich mich mit der Natur verbunden und bin entschlossen, sie zu sch\u00fctzen. Heute widme ich mein Leben der Sensibilisierung anderer f\u00fcr die Bedeutung des Umweltschutzes f\u00fcr zuk\u00fcnftige Generationen.","sameAs":["https:\/\/www.strassenweb.de\/"]}]}},"_links":{"self":[{"href":"https:\/\/www.strassenweb.de\/nachrichten\/wp-json\/wp\/v2\/posts\/218","targetHints":{"allow":["GET"]}}],"collection":[{"href":"https:\/\/www.strassenweb.de\/nachrichten\/wp-json\/wp\/v2\/posts"}],"about":[{"href":"https:\/\/www.strassenweb.de\/nachrichten\/wp-json\/wp\/v2\/types\/post"}],"author":[{"embeddable":true,"href":"https:\/\/www.strassenweb.de\/nachrichten\/wp-json\/wp\/v2\/users\/1"}],"replies":[{"embeddable":true,"href":"https:\/\/www.strassenweb.de\/nachrichten\/wp-json\/wp\/v2\/comments?post=218"}],"version-history":[{"count":0,"href":"https:\/\/www.strassenweb.de\/nachrichten\/wp-json\/wp\/v2\/posts\/218\/revisions"}],"wp:featuredmedia":[{"embeddable":true,"href":"https:\/\/www.strassenweb.de\/nachrichten\/wp-json\/wp\/v2\/media\/219"}],"wp:attachment":[{"href":"https:\/\/www.strassenweb.de\/nachrichten\/wp-json\/wp\/v2\/media?parent=218"}],"wp:term":[{"taxonomy":"category","embeddable":true,"href":"https:\/\/www.strassenweb.de\/nachrichten\/wp-json\/wp\/v2\/categories?post=218"},{"taxonomy":"post_tag","embeddable":true,"href":"https:\/\/www.strassenweb.de\/nachrichten\/wp-json\/wp\/v2\/tags?post=218"}],"curies":[{"name":"wp","href":"https:\/\/api.w.org\/{rel}","templated":true}]}}