{"id":2175,"date":"2024-12-17T08:39:43","date_gmt":"2024-12-17T07:39:43","guid":{"rendered":"https:\/\/www.strassenweb.de\/nachrichten\/exklusiv-kevin-und-danielle-jonas-ueber-die-gestaltung-eines-kaufhaus-wuerdigen-weihnachtsbaums-und-die-feiertagstraditionen-in-ihrem-haushalt\/"},"modified":"2024-12-17T08:39:44","modified_gmt":"2024-12-17T07:39:44","slug":"exklusiv-kevin-und-danielle-jonas-ueber-die-gestaltung-eines-kaufhaus-wuerdigen-weihnachtsbaums-und-die-feiertagstraditionen-in-ihrem-haushalt","status":"publish","type":"post","link":"https:\/\/www.strassenweb.de\/nachrichten\/exklusiv-kevin-und-danielle-jonas-ueber-die-gestaltung-eines-kaufhaus-wuerdigen-weihnachtsbaums-und-die-feiertagstraditionen-in-ihrem-haushalt\/","title":{"rendered":"Exklusiv: Kevin und Danielle Jonas \u00fcber die Gestaltung eines Kaufhaus-w\u00fcrdigen Weihnachtsbaums \u2013 und die Feiertagstraditionen in ihrem Haushalt"},"content":{"rendered":"<p><\/p>\n<div id=\"article-body\" class=\"article__body \">\n<p>Wenn 2023 das Jahr des Maximalismus war (denken Sie an Dopamin-Dekor, Cluttercore und die lebhafte Farbe Viva Magenta des Jahres), erlebte 2024 die R\u00fcckkehr des Minimalismus \u2013 eine Bewegung, die durch ber\u00fchmte Weihnachtsb\u00e4ume nur noch weiter angeheizt wurde. Dieses Jahr haben wir gesehen, wie Victoria Beckham und Kourtney Kardashian einen schlichten Baum zur Schau stellten (der nichts als String-Likes zeigt), und nach einem Interview mit Kevin und Danielle Jonas k\u00f6nnen wir best\u00e4tigen, dass sie sich in guter Gesellschaft befinden.<\/p>\n<div id=\"ad-unit-1\" class=\"ad-unit\"><\/div>\n<p>Der Musiker und<em> Anspruch auf Ruhm<\/em> Der Gastgeber hat sich k\u00fcrzlich mit getroffen <em>H&#038;G<\/em> anl\u00e4sslich ihrer Partnerschaft mit Lowe&#8217;s \u2013 und Weihnachtsdekoration stand zwangsl\u00e4ufig ganz oben auf ihrer Agenda. Als Erstes: diesen Monat ein \u00fcberraschender Weihnachtsdeko-Trick aus der Jonas-Familie.<\/p>\n<p>\u201eIch liebe Weihnachtsb\u00e4ume, deshalb bin ich sehr gut darin.\u201c \u201eWir haben dieses Jahr etwas weniger gemacht\u201c, sagt Danielle. Ihr Weihnachtsbaum ist nicht so minimalistisch wie die oben genannten, aber dank eines Kabelbinder-Tricks immer noch zur\u00fcckhaltender als sonst \u2013 und sauber. \u201eIch befestige Drahtbinder an den Ornamenten, drehe sie um und binde sie dann an den Zweig\u201c, erkl\u00e4rt Danielle. \u201eDu l\u00e4sst die Eier nicht h\u00e4ngen; Sie sind tats\u00e4chlich verkehrt herum an den Ast gebunden. \u201eEs verleiht ihm den Kaufhaus-Look\u201c, f\u00fcgt Kevin hinzu.<\/p>\n<div id=\"desktop-in-article\" class=\"in-article ad-unit\">\n<div id=\"desktop-taboola-mid-article\"><\/div>\n<\/div>\n<div id=\"mobile-in-article\" class=\"in-article ad-unit\">\n<div id=\"mobile-taboola-mid-article\"><\/div>\n<\/div>\n<figure class=\"van-image-figure inline-layout \" data-bordeaux-image-check>\n<div class=\"image-full-width-wrapper\">\n<div class=\"image-widthsetter\" style=\"max-width:2000px;\"><\/div>\n<\/div>\n<\/figure>\n<p>\u201eEinige (Ornamente) werden auf den Kopf gestellt, und dann gibt es einige, die klein sind, und dann benutzt man den kleinen Haken daf\u00fcr, weil ich es auch mag, wenn sie baumeln.\u201c Dieses Jahr habe ich eine durchsichtige Schnur verwendet, an der kleine Kristalle hingen, und sie an den Baum geh\u00e4ngt, damit die Kristalle dort h\u00e4ngen konnten. Dann habe ich kleine Samtschleifen gemacht; \u201eEs hat Spa\u00df gemacht\u201c, f\u00fcgt Danielle hinzu. \u201eManchmal ist ein Baum mit nur Lichtern alles, was man braucht.\u201c Es ist perfekt.&#8216;<\/p>\n<div class=\"van_vid_carousel\">\n<div class=\"van_vid_carousel__padding\">\n<div class=\"van_vid_carousel__container\"><\/div>\n<\/div>\n<\/div>\n<aside class=\"hawk-nest\" data-block-type=\"embed\" data-render-type=\"fte\" data-skip=\"dealsy\" data-widget-type=\"seasonal\">\n<div class=\"hawk-master-widget-hawk-base-wrapper\"><\/div>\n<\/aside>\n<p>Weihnachtstrends (wie alle Designtrends) entwickeln sich mit den Jahren weiter, aber auch die Dekorationen und Traditionen von Kevin und Danielle haben sich im Laufe ihrer Familie ver\u00e4ndert.<\/p>\n<div id=\"ad-unit-2\" class=\"ad-unit\"><\/div>\n<p>\u201eIm Familienleben geht es auch um Spa\u00df.\u201c Es gibt immer noch die sch\u00f6ne Seite der Dinge. Aber jetzt sind unsere beiden M\u00e4dchen elf und acht Jahre alt. \u201eSie haben auf jeden Fall ihre eigene Vorstellung davon, was sie sich von der Dekoration w\u00fcnschen und m\u00f6gen ihre R\u00e4ume, was wirklich cool ist, und dann muss man das Sch\u00f6ne einbeziehen, aber sie f\u00fcgen auch die lustigen Dinge hinzu\u201c, sagt Kevin.<\/p>\n<figure class=\"van-image-figure inline-layout \" data-bordeaux-image-check>\n<div class=\"image-full-width-wrapper\">\n<div class=\"image-widthsetter\" style=\"max-width:2000px;\"><\/div>\n<\/div>\n<\/figure>\n<p>Wenn es um Weihnachtstraditionen geht, sagen Kevin und Danielle, dass ihr Urlaub direkt nach Thanksgiving mit einem Familienausflug zu Lowe&#8217;s beginnt. \u201eEigentlich beginnen wir unsere Ferienzeit meistens dort, weil unsere M\u00e4dchen es lieben, all ihre Weihnachtsdekorationen, H\u00fcpfburgen und die Dinge zu sehen, die man zu Weihnachten bekommen kann.\u201c Wenn man dann dort ist, ist es erstaunlich, denn wir entdecken, dass f\u00fcr jeden etwas dabei ist\u201c, sagt Kevin.<\/p>\n<div id=\"slice-container-newsletterForm-articleInbodyContent-2giRsstEXqCScp7CkmG3in\" class=\"slice-container newsletter-inbodyContent-slice newsletterForm-articleInbodyContent-2giRsstEXqCScp7CkmG3in slice-container-newsletterForm\"><\/div>\n<p>\u201eIch wei\u00df, dass ich von dort jederzeit gerne etwas bekommen w\u00fcrde, also bin ich gut damit.\u201c (Danielle) hat dort definitiv ihren Schaden angerichtet, was wunderbar ist. \u201eWir fahren jedes Jahr dorthin, gleich nach Thanksgiving sind wir dort.\u201c<\/p>\n<figure class=\"van-image-figure inline-layout \" data-bordeaux-image-check>\n<div class=\"image-full-width-wrapper\">\n<div class=\"image-widthsetter\" style=\"max-width:2000px;\"><\/div>\n<\/div>\n<\/figure>\n<p>Zur\u00fcck im Haus der Familie Jonas werden die Traditionen in Form von Weihnachtspl\u00e4tzchen fortgef\u00fchrt. \u201eUnser gesamter Dezemberkalender basiert auf den Tagen, an denen Danny, ihre Schwestern und ihre Mutter zum Backen zusammenkommen.\u201c Du wirst etwas essen, aber sie backen zu viele Kekse; Es ist eine absurde Menge an Keksen. Ich verstehe es nicht wirklich, aber ich beschwere mich nicht. Wir sagen: \u201eWir k\u00f6nnen es schaffen, aber wir k\u00f6nnen es an diesem Tag nicht machen, weil wir backen\u201c, sagt Kevin.<\/p>\n<p>\u201eWir haben auch einen besonderen Tag, an dem sie vor Heiligabend ausgehen und abholen.\u201c <em>(Danielles) <\/em>Italienischer Vater und gehe zur Arthur Avenue, einer coolen Stra\u00dfe in einer Old-School-Gemeinde. Hier bekommen Sie Ihr Brot, Ihr Fleisch, Ihren K\u00e4se, Fisch und alles f\u00fcr das Heiligabendessen. Ihr Vater ging immer am Vortag dorthin, zwei Tage bevor man alles einkaufen ging. Es ist ein tolles Erlebnis und es macht super viel Spa\u00df. \u201eDas machen wir schon seit unserer Hochzeit.\u201c<\/p>\n<p>Dem Beispiel von Jonas zu folgen ist in vielerlei Hinsicht m\u00f6glich (auch wenn wir Little Italy nicht alle vor Heiligabend besuchen k\u00f6nnen). Kaufen Sie unsere wichtigsten Auswahlm\u00f6glichkeiten (einschlie\u00dflich einiger wichtiger Drahtbinder f\u00fcr eine minimalistische \u00c4sthetik an Ihrem Baum). Die folgenden Kabelbinder (erh\u00e4ltlich bei Amazon) sind so konzipiert, dass sie sich nahtlos in Ihren Baum einf\u00fcgen und so den ultimativen nahtlosen Effekt erzielen.<\/p>\n<div class=\"product-container hero-product-container product-block-no-wrap\"><\/div>\n<hr>\n<\/div>\n","protected":false},"excerpt":{"rendered":"<p>Wenn 2023 das Jahr des Maximalismus war (denken Sie an Dopamin-Dekor, Cluttercore und die lebhafte Farbe Viva Magenta des Jahres), erlebte 2024 die R\u00fcckkehr des<\/p>\n","protected":false},"author":1,"featured_media":2176,"comment_status":"closed","ping_status":"","sticky":false,"template":"","format":"standard","meta":{"footnotes":""},"categories":[118],"tags":[3768,9,827,3521,3772,1457,2786,534,3769,3770,3054,260,37,3771],"class_list":["post-2175","post","type-post","status-publish","format-standard","has-post-thumbnail","hentry","category-haus-garten","tag-danielle","tag-die","tag-eines","tag-exklusiv","tag-feiertagstraditionen","tag-gestaltung","tag-haushalt","tag-ihrem","tag-jonas","tag-kaufhauswuerdigen","tag-kevin","tag-ueber","tag-und","tag-weihnachtsbaums","generate-columns","tablet-grid-50","mobile-grid-100","grid-parent","grid-50"],"yoast_head":"<!-- This site is optimized with the Yoast SEO plugin v27.3 - https:\/\/yoast.com\/product\/yoast-seo-wordpress\/ -->\n<title>Exklusiv: Kevin und Danielle Jonas \u00fcber die Gestaltung eines Kaufhaus-w\u00fcrdigen Weihnachtsbaums \u2013 und die Feiertagstraditionen in ihrem Haushalt - Nachrichten - Stra\u00dfenweb<\/title>\n<meta name=\"robots\" content=\"index, follow, max-snippet:-1, max-image-preview:large, max-video-preview:-1\" \/>\n<link rel=\"canonical\" href=\"https:\/\/www.strassenweb.de\/nachrichten\/exklusiv-kevin-und-danielle-jonas-ueber-die-gestaltung-eines-kaufhaus-wuerdigen-weihnachtsbaums-und-die-feiertagstraditionen-in-ihrem-haushalt\/\" \/>\n<meta property=\"og:locale\" content=\"de_DE\" \/>\n<meta property=\"og:type\" content=\"article\" \/>\n<meta property=\"og:title\" content=\"Exklusiv: Kevin und Danielle Jonas \u00fcber die Gestaltung eines Kaufhaus-w\u00fcrdigen Weihnachtsbaums \u2013 und die Feiertagstraditionen in ihrem Haushalt - Nachrichten - Stra\u00dfenweb\" \/>\n<meta property=\"og:description\" content=\"Wenn 2023 das Jahr des Maximalismus war (denken Sie an Dopamin-Dekor, Cluttercore und die lebhafte Farbe Viva Magenta des Jahres), erlebte 2024 die R\u00fcckkehr des\" \/>\n<meta property=\"og:url\" content=\"https:\/\/www.strassenweb.de\/nachrichten\/exklusiv-kevin-und-danielle-jonas-ueber-die-gestaltung-eines-kaufhaus-wuerdigen-weihnachtsbaums-und-die-feiertagstraditionen-in-ihrem-haushalt\/\" \/>\n<meta property=\"og:site_name\" content=\"Stra\u00dfenweb\" \/>\n<meta property=\"article:publisher\" content=\"https:\/\/www.facebook.com\/strassenweb\/\" \/>\n<meta property=\"article:published_time\" content=\"2024-12-17T07:39:43+00:00\" \/>\n<meta property=\"article:modified_time\" content=\"2024-12-17T07:39:44+00:00\" \/>\n<meta property=\"og:image\" content=\"https:\/\/www.strassenweb.de\/nachrichten\/wp-content\/uploads\/2024\/12\/Exklusiv-Kevin-und-Danielle-Jonas-ueber-die-Gestaltung-eines-Kaufhaus-wuerdigen.jpg\" \/>\n\t<meta property=\"og:image:width\" content=\"1200\" \/>\n\t<meta property=\"og:image:height\" content=\"675\" \/>\n\t<meta property=\"og:image:type\" content=\"image\/jpeg\" \/>\n<meta name=\"author\" content=\"Robert Hoffmann\" \/>\n<meta name=\"twitter:card\" content=\"summary_large_image\" \/>\n<meta name=\"twitter:label1\" content=\"Verfasst von\" \/>\n\t<meta name=\"twitter:data1\" content=\"Robert Hoffmann\" \/>\n\t<meta name=\"twitter:label2\" content=\"Gesch\u00e4tzte Lesezeit\" \/>\n\t<meta name=\"twitter:data2\" content=\"4\u00a0Minuten\" \/>\n<script type=\"application\/ld+json\" class=\"yoast-schema-graph\">{\"@context\":\"https:\\\/\\\/schema.org\",\"@graph\":[{\"@type\":\"Article\",\"@id\":\"https:\\\/\\\/www.strassenweb.de\\\/nachrichten\\\/exklusiv-kevin-und-danielle-jonas-ueber-die-gestaltung-eines-kaufhaus-wuerdigen-weihnachtsbaums-und-die-feiertagstraditionen-in-ihrem-haushalt\\\/#article\",\"isPartOf\":{\"@id\":\"https:\\\/\\\/www.strassenweb.de\\\/nachrichten\\\/exklusiv-kevin-und-danielle-jonas-ueber-die-gestaltung-eines-kaufhaus-wuerdigen-weihnachtsbaums-und-die-feiertagstraditionen-in-ihrem-haushalt\\\/\"},\"author\":{\"name\":\"Robert Hoffmann\",\"@id\":\"https:\\\/\\\/www.strassenweb.de\\\/nachrichten\\\/#\\\/schema\\\/person\\\/87c9c9067f1211da429a744dc5a5aa41\"},\"headline\":\"Exklusiv: Kevin und Danielle Jonas \u00fcber die Gestaltung eines Kaufhaus-w\u00fcrdigen Weihnachtsbaums \u2013 und die Feiertagstraditionen in ihrem Haushalt\",\"datePublished\":\"2024-12-17T07:39:43+00:00\",\"dateModified\":\"2024-12-17T07:39:44+00:00\",\"mainEntityOfPage\":{\"@id\":\"https:\\\/\\\/www.strassenweb.de\\\/nachrichten\\\/exklusiv-kevin-und-danielle-jonas-ueber-die-gestaltung-eines-kaufhaus-wuerdigen-weihnachtsbaums-und-die-feiertagstraditionen-in-ihrem-haushalt\\\/\"},\"wordCount\":759,\"publisher\":{\"@id\":\"https:\\\/\\\/www.strassenweb.de\\\/nachrichten\\\/#organization\"},\"image\":{\"@id\":\"https:\\\/\\\/www.strassenweb.de\\\/nachrichten\\\/exklusiv-kevin-und-danielle-jonas-ueber-die-gestaltung-eines-kaufhaus-wuerdigen-weihnachtsbaums-und-die-feiertagstraditionen-in-ihrem-haushalt\\\/#primaryimage\"},\"thumbnailUrl\":\"https:\\\/\\\/www.strassenweb.de\\\/nachrichten\\\/wp-content\\\/uploads\\\/2024\\\/12\\\/Exklusiv-Kevin-und-Danielle-Jonas-ueber-die-Gestaltung-eines-Kaufhaus-wuerdigen.jpg\",\"keywords\":[\"Danielle\",\"die\",\"eines\",\"Exklusiv\",\"Feiertagstraditionen\",\"Gestaltung\",\"Haushalt\",\"ihrem\",\"Jonas\",\"Kaufhausw\u00fcrdigen\",\"Kevin\",\"\u00fcber\",\"und\",\"Weihnachtsbaums\"],\"articleSection\":[\"Haus &amp; Garten\"],\"inLanguage\":\"de\"},{\"@type\":\"WebPage\",\"@id\":\"https:\\\/\\\/www.strassenweb.de\\\/nachrichten\\\/exklusiv-kevin-und-danielle-jonas-ueber-die-gestaltung-eines-kaufhaus-wuerdigen-weihnachtsbaums-und-die-feiertagstraditionen-in-ihrem-haushalt\\\/\",\"url\":\"https:\\\/\\\/www.strassenweb.de\\\/nachrichten\\\/exklusiv-kevin-und-danielle-jonas-ueber-die-gestaltung-eines-kaufhaus-wuerdigen-weihnachtsbaums-und-die-feiertagstraditionen-in-ihrem-haushalt\\\/\",\"name\":\"Exklusiv: Kevin und Danielle Jonas \u00fcber die Gestaltung eines Kaufhaus-w\u00fcrdigen Weihnachtsbaums \u2013 und die Feiertagstraditionen in ihrem Haushalt - Nachrichten - Stra\u00dfenweb\",\"isPartOf\":{\"@id\":\"https:\\\/\\\/www.strassenweb.de\\\/nachrichten\\\/#website\"},\"primaryImageOfPage\":{\"@id\":\"https:\\\/\\\/www.strassenweb.de\\\/nachrichten\\\/exklusiv-kevin-und-danielle-jonas-ueber-die-gestaltung-eines-kaufhaus-wuerdigen-weihnachtsbaums-und-die-feiertagstraditionen-in-ihrem-haushalt\\\/#primaryimage\"},\"image\":{\"@id\":\"https:\\\/\\\/www.strassenweb.de\\\/nachrichten\\\/exklusiv-kevin-und-danielle-jonas-ueber-die-gestaltung-eines-kaufhaus-wuerdigen-weihnachtsbaums-und-die-feiertagstraditionen-in-ihrem-haushalt\\\/#primaryimage\"},\"thumbnailUrl\":\"https:\\\/\\\/www.strassenweb.de\\\/nachrichten\\\/wp-content\\\/uploads\\\/2024\\\/12\\\/Exklusiv-Kevin-und-Danielle-Jonas-ueber-die-Gestaltung-eines-Kaufhaus-wuerdigen.jpg\",\"datePublished\":\"2024-12-17T07:39:43+00:00\",\"dateModified\":\"2024-12-17T07:39:44+00:00\",\"breadcrumb\":{\"@id\":\"https:\\\/\\\/www.strassenweb.de\\\/nachrichten\\\/exklusiv-kevin-und-danielle-jonas-ueber-die-gestaltung-eines-kaufhaus-wuerdigen-weihnachtsbaums-und-die-feiertagstraditionen-in-ihrem-haushalt\\\/#breadcrumb\"},\"inLanguage\":\"de\",\"potentialAction\":[{\"@type\":\"ReadAction\",\"target\":[\"https:\\\/\\\/www.strassenweb.de\\\/nachrichten\\\/exklusiv-kevin-und-danielle-jonas-ueber-die-gestaltung-eines-kaufhaus-wuerdigen-weihnachtsbaums-und-die-feiertagstraditionen-in-ihrem-haushalt\\\/\"]}]},{\"@type\":\"ImageObject\",\"inLanguage\":\"de\",\"@id\":\"https:\\\/\\\/www.strassenweb.de\\\/nachrichten\\\/exklusiv-kevin-und-danielle-jonas-ueber-die-gestaltung-eines-kaufhaus-wuerdigen-weihnachtsbaums-und-die-feiertagstraditionen-in-ihrem-haushalt\\\/#primaryimage\",\"url\":\"https:\\\/\\\/www.strassenweb.de\\\/nachrichten\\\/wp-content\\\/uploads\\\/2024\\\/12\\\/Exklusiv-Kevin-und-Danielle-Jonas-ueber-die-Gestaltung-eines-Kaufhaus-wuerdigen.jpg\",\"contentUrl\":\"https:\\\/\\\/www.strassenweb.de\\\/nachrichten\\\/wp-content\\\/uploads\\\/2024\\\/12\\\/Exklusiv-Kevin-und-Danielle-Jonas-ueber-die-Gestaltung-eines-Kaufhaus-wuerdigen.jpg\",\"width\":1200,\"height\":675,\"caption\":\"Exklusiv: Kevin und Danielle Jonas \u00fcber die Gestaltung eines Kaufhaus-w\u00fcrdigen Weihnachtsbaums \u2013 und die Feiertagstraditionen in ihrem Haushalt\"},{\"@type\":\"BreadcrumbList\",\"@id\":\"https:\\\/\\\/www.strassenweb.de\\\/nachrichten\\\/exklusiv-kevin-und-danielle-jonas-ueber-die-gestaltung-eines-kaufhaus-wuerdigen-weihnachtsbaums-und-die-feiertagstraditionen-in-ihrem-haushalt\\\/#breadcrumb\",\"itemListElement\":[{\"@type\":\"ListItem\",\"position\":1,\"name\":\"Home\",\"item\":\"https:\\\/\\\/www.strassenweb.de\\\/nachrichten\\\/\"},{\"@type\":\"ListItem\",\"position\":2,\"name\":\"Exklusiv: Kevin und Danielle Jonas \u00fcber die Gestaltung eines Kaufhaus-w\u00fcrdigen Weihnachtsbaums \u2013 und die Feiertagstraditionen in ihrem Haushalt\"}]},{\"@type\":\"WebSite\",\"@id\":\"https:\\\/\\\/www.strassenweb.de\\\/nachrichten\\\/#website\",\"url\":\"https:\\\/\\\/www.strassenweb.de\\\/nachrichten\\\/\",\"name\":\"Stra\u00dfenweb\",\"description\":\"Stra\u00dfenverzeichnis f\u00fcr Deutschland\",\"publisher\":{\"@id\":\"https:\\\/\\\/www.strassenweb.de\\\/nachrichten\\\/#organization\"},\"potentialAction\":[{\"@type\":\"SearchAction\",\"target\":{\"@type\":\"EntryPoint\",\"urlTemplate\":\"https:\\\/\\\/www.strassenweb.de\\\/nachrichten\\\/?s={search_term_string}\"},\"query-input\":{\"@type\":\"PropertyValueSpecification\",\"valueRequired\":true,\"valueName\":\"search_term_string\"}}],\"inLanguage\":\"de\"},{\"@type\":\"Organization\",\"@id\":\"https:\\\/\\\/www.strassenweb.de\\\/nachrichten\\\/#organization\",\"name\":\"Stra\u00dfenweb\",\"url\":\"https:\\\/\\\/www.strassenweb.de\\\/nachrichten\\\/\",\"logo\":{\"@type\":\"ImageObject\",\"inLanguage\":\"de\",\"@id\":\"https:\\\/\\\/www.strassenweb.de\\\/nachrichten\\\/#\\\/schema\\\/logo\\\/image\\\/\",\"url\":\"https:\\\/\\\/www.strassenweb.de\\\/nachrichten\\\/wp-content\\\/uploads\\\/2024\\\/09\\\/cropped-favicon.png\",\"contentUrl\":\"https:\\\/\\\/www.strassenweb.de\\\/nachrichten\\\/wp-content\\\/uploads\\\/2024\\\/09\\\/cropped-favicon.png\",\"width\":512,\"height\":512,\"caption\":\"Stra\u00dfenweb\"},\"image\":{\"@id\":\"https:\\\/\\\/www.strassenweb.de\\\/nachrichten\\\/#\\\/schema\\\/logo\\\/image\\\/\"},\"sameAs\":[\"https:\\\/\\\/www.facebook.com\\\/strassenweb\\\/\"]},{\"@type\":\"Person\",\"@id\":\"https:\\\/\\\/www.strassenweb.de\\\/nachrichten\\\/#\\\/schema\\\/person\\\/87c9c9067f1211da429a744dc5a5aa41\",\"name\":\"Robert Hoffmann\",\"image\":{\"@type\":\"ImageObject\",\"inLanguage\":\"de\",\"@id\":\"https:\\\/\\\/www.strassenweb.de\\\/nachrichten\\\/wp-content\\\/uploads\\\/2024\\\/09\\\/strassenweb-150x150.jpg\",\"url\":\"https:\\\/\\\/www.strassenweb.de\\\/nachrichten\\\/wp-content\\\/uploads\\\/2024\\\/09\\\/strassenweb-150x150.jpg\",\"contentUrl\":\"https:\\\/\\\/www.strassenweb.de\\\/nachrichten\\\/wp-content\\\/uploads\\\/2024\\\/09\\\/strassenweb-150x150.jpg\",\"caption\":\"Robert Hoffmann\"},\"description\":\"Ich hei\u00dfe Robert Hoffmann und ich bin ein leidenschaftlicher Verfechter von \u00d6kologie und Biodiversit\u00e4t. Seit meiner Kindheit in den W\u00e4ldern Bayerns f\u00fchle ich mich mit der Natur verbunden und bin entschlossen, sie zu sch\u00fctzen. Heute widme ich mein Leben der Sensibilisierung anderer f\u00fcr die Bedeutung des Umweltschutzes f\u00fcr zuk\u00fcnftige Generationen.\",\"sameAs\":[\"https:\\\/\\\/www.strassenweb.de\\\/\"]}]}<\/script>\n<!-- \/ Yoast SEO plugin. -->","yoast_head_json":{"title":"Exklusiv: Kevin und Danielle Jonas \u00fcber die Gestaltung eines Kaufhaus-w\u00fcrdigen Weihnachtsbaums \u2013 und die Feiertagstraditionen in ihrem Haushalt - Nachrichten - Stra\u00dfenweb","robots":{"index":"index","follow":"follow","max-snippet":"max-snippet:-1","max-image-preview":"max-image-preview:large","max-video-preview":"max-video-preview:-1"},"canonical":"https:\/\/www.strassenweb.de\/nachrichten\/exklusiv-kevin-und-danielle-jonas-ueber-die-gestaltung-eines-kaufhaus-wuerdigen-weihnachtsbaums-und-die-feiertagstraditionen-in-ihrem-haushalt\/","og_locale":"de_DE","og_type":"article","og_title":"Exklusiv: Kevin und Danielle Jonas \u00fcber die Gestaltung eines Kaufhaus-w\u00fcrdigen Weihnachtsbaums \u2013 und die Feiertagstraditionen in ihrem Haushalt - Nachrichten - Stra\u00dfenweb","og_description":"Wenn 2023 das Jahr des Maximalismus war (denken Sie an Dopamin-Dekor, Cluttercore und die lebhafte Farbe Viva Magenta des Jahres), erlebte 2024 die R\u00fcckkehr des","og_url":"https:\/\/www.strassenweb.de\/nachrichten\/exklusiv-kevin-und-danielle-jonas-ueber-die-gestaltung-eines-kaufhaus-wuerdigen-weihnachtsbaums-und-die-feiertagstraditionen-in-ihrem-haushalt\/","og_site_name":"Stra\u00dfenweb","article_publisher":"https:\/\/www.facebook.com\/strassenweb\/","article_published_time":"2024-12-17T07:39:43+00:00","article_modified_time":"2024-12-17T07:39:44+00:00","og_image":[{"width":1200,"height":675,"url":"https:\/\/www.strassenweb.de\/nachrichten\/wp-content\/uploads\/2024\/12\/Exklusiv-Kevin-und-Danielle-Jonas-ueber-die-Gestaltung-eines-Kaufhaus-wuerdigen.jpg","type":"image\/jpeg"}],"author":"Robert Hoffmann","twitter_card":"summary_large_image","twitter_misc":{"Verfasst von":"Robert Hoffmann","Gesch\u00e4tzte Lesezeit":"4\u00a0Minuten"},"schema":{"@context":"https:\/\/schema.org","@graph":[{"@type":"Article","@id":"https:\/\/www.strassenweb.de\/nachrichten\/exklusiv-kevin-und-danielle-jonas-ueber-die-gestaltung-eines-kaufhaus-wuerdigen-weihnachtsbaums-und-die-feiertagstraditionen-in-ihrem-haushalt\/#article","isPartOf":{"@id":"https:\/\/www.strassenweb.de\/nachrichten\/exklusiv-kevin-und-danielle-jonas-ueber-die-gestaltung-eines-kaufhaus-wuerdigen-weihnachtsbaums-und-die-feiertagstraditionen-in-ihrem-haushalt\/"},"author":{"name":"Robert Hoffmann","@id":"https:\/\/www.strassenweb.de\/nachrichten\/#\/schema\/person\/87c9c9067f1211da429a744dc5a5aa41"},"headline":"Exklusiv: Kevin und Danielle Jonas \u00fcber die Gestaltung eines Kaufhaus-w\u00fcrdigen Weihnachtsbaums \u2013 und die Feiertagstraditionen in ihrem Haushalt","datePublished":"2024-12-17T07:39:43+00:00","dateModified":"2024-12-17T07:39:44+00:00","mainEntityOfPage":{"@id":"https:\/\/www.strassenweb.de\/nachrichten\/exklusiv-kevin-und-danielle-jonas-ueber-die-gestaltung-eines-kaufhaus-wuerdigen-weihnachtsbaums-und-die-feiertagstraditionen-in-ihrem-haushalt\/"},"wordCount":759,"publisher":{"@id":"https:\/\/www.strassenweb.de\/nachrichten\/#organization"},"image":{"@id":"https:\/\/www.strassenweb.de\/nachrichten\/exklusiv-kevin-und-danielle-jonas-ueber-die-gestaltung-eines-kaufhaus-wuerdigen-weihnachtsbaums-und-die-feiertagstraditionen-in-ihrem-haushalt\/#primaryimage"},"thumbnailUrl":"https:\/\/www.strassenweb.de\/nachrichten\/wp-content\/uploads\/2024\/12\/Exklusiv-Kevin-und-Danielle-Jonas-ueber-die-Gestaltung-eines-Kaufhaus-wuerdigen.jpg","keywords":["Danielle","die","eines","Exklusiv","Feiertagstraditionen","Gestaltung","Haushalt","ihrem","Jonas","Kaufhausw\u00fcrdigen","Kevin","\u00fcber","und","Weihnachtsbaums"],"articleSection":["Haus &amp; Garten"],"inLanguage":"de"},{"@type":"WebPage","@id":"https:\/\/www.strassenweb.de\/nachrichten\/exklusiv-kevin-und-danielle-jonas-ueber-die-gestaltung-eines-kaufhaus-wuerdigen-weihnachtsbaums-und-die-feiertagstraditionen-in-ihrem-haushalt\/","url":"https:\/\/www.strassenweb.de\/nachrichten\/exklusiv-kevin-und-danielle-jonas-ueber-die-gestaltung-eines-kaufhaus-wuerdigen-weihnachtsbaums-und-die-feiertagstraditionen-in-ihrem-haushalt\/","name":"Exklusiv: Kevin und Danielle Jonas \u00fcber die Gestaltung eines Kaufhaus-w\u00fcrdigen Weihnachtsbaums \u2013 und die Feiertagstraditionen in ihrem Haushalt - Nachrichten - Stra\u00dfenweb","isPartOf":{"@id":"https:\/\/www.strassenweb.de\/nachrichten\/#website"},"primaryImageOfPage":{"@id":"https:\/\/www.strassenweb.de\/nachrichten\/exklusiv-kevin-und-danielle-jonas-ueber-die-gestaltung-eines-kaufhaus-wuerdigen-weihnachtsbaums-und-die-feiertagstraditionen-in-ihrem-haushalt\/#primaryimage"},"image":{"@id":"https:\/\/www.strassenweb.de\/nachrichten\/exklusiv-kevin-und-danielle-jonas-ueber-die-gestaltung-eines-kaufhaus-wuerdigen-weihnachtsbaums-und-die-feiertagstraditionen-in-ihrem-haushalt\/#primaryimage"},"thumbnailUrl":"https:\/\/www.strassenweb.de\/nachrichten\/wp-content\/uploads\/2024\/12\/Exklusiv-Kevin-und-Danielle-Jonas-ueber-die-Gestaltung-eines-Kaufhaus-wuerdigen.jpg","datePublished":"2024-12-17T07:39:43+00:00","dateModified":"2024-12-17T07:39:44+00:00","breadcrumb":{"@id":"https:\/\/www.strassenweb.de\/nachrichten\/exklusiv-kevin-und-danielle-jonas-ueber-die-gestaltung-eines-kaufhaus-wuerdigen-weihnachtsbaums-und-die-feiertagstraditionen-in-ihrem-haushalt\/#breadcrumb"},"inLanguage":"de","potentialAction":[{"@type":"ReadAction","target":["https:\/\/www.strassenweb.de\/nachrichten\/exklusiv-kevin-und-danielle-jonas-ueber-die-gestaltung-eines-kaufhaus-wuerdigen-weihnachtsbaums-und-die-feiertagstraditionen-in-ihrem-haushalt\/"]}]},{"@type":"ImageObject","inLanguage":"de","@id":"https:\/\/www.strassenweb.de\/nachrichten\/exklusiv-kevin-und-danielle-jonas-ueber-die-gestaltung-eines-kaufhaus-wuerdigen-weihnachtsbaums-und-die-feiertagstraditionen-in-ihrem-haushalt\/#primaryimage","url":"https:\/\/www.strassenweb.de\/nachrichten\/wp-content\/uploads\/2024\/12\/Exklusiv-Kevin-und-Danielle-Jonas-ueber-die-Gestaltung-eines-Kaufhaus-wuerdigen.jpg","contentUrl":"https:\/\/www.strassenweb.de\/nachrichten\/wp-content\/uploads\/2024\/12\/Exklusiv-Kevin-und-Danielle-Jonas-ueber-die-Gestaltung-eines-Kaufhaus-wuerdigen.jpg","width":1200,"height":675,"caption":"Exklusiv: Kevin und Danielle Jonas \u00fcber die Gestaltung eines Kaufhaus-w\u00fcrdigen Weihnachtsbaums \u2013 und die Feiertagstraditionen in ihrem Haushalt"},{"@type":"BreadcrumbList","@id":"https:\/\/www.strassenweb.de\/nachrichten\/exklusiv-kevin-und-danielle-jonas-ueber-die-gestaltung-eines-kaufhaus-wuerdigen-weihnachtsbaums-und-die-feiertagstraditionen-in-ihrem-haushalt\/#breadcrumb","itemListElement":[{"@type":"ListItem","position":1,"name":"Home","item":"https:\/\/www.strassenweb.de\/nachrichten\/"},{"@type":"ListItem","position":2,"name":"Exklusiv: Kevin und Danielle Jonas \u00fcber die Gestaltung eines Kaufhaus-w\u00fcrdigen Weihnachtsbaums \u2013 und die Feiertagstraditionen in ihrem Haushalt"}]},{"@type":"WebSite","@id":"https:\/\/www.strassenweb.de\/nachrichten\/#website","url":"https:\/\/www.strassenweb.de\/nachrichten\/","name":"Stra\u00dfenweb","description":"Stra\u00dfenverzeichnis f\u00fcr Deutschland","publisher":{"@id":"https:\/\/www.strassenweb.de\/nachrichten\/#organization"},"potentialAction":[{"@type":"SearchAction","target":{"@type":"EntryPoint","urlTemplate":"https:\/\/www.strassenweb.de\/nachrichten\/?s={search_term_string}"},"query-input":{"@type":"PropertyValueSpecification","valueRequired":true,"valueName":"search_term_string"}}],"inLanguage":"de"},{"@type":"Organization","@id":"https:\/\/www.strassenweb.de\/nachrichten\/#organization","name":"Stra\u00dfenweb","url":"https:\/\/www.strassenweb.de\/nachrichten\/","logo":{"@type":"ImageObject","inLanguage":"de","@id":"https:\/\/www.strassenweb.de\/nachrichten\/#\/schema\/logo\/image\/","url":"https:\/\/www.strassenweb.de\/nachrichten\/wp-content\/uploads\/2024\/09\/cropped-favicon.png","contentUrl":"https:\/\/www.strassenweb.de\/nachrichten\/wp-content\/uploads\/2024\/09\/cropped-favicon.png","width":512,"height":512,"caption":"Stra\u00dfenweb"},"image":{"@id":"https:\/\/www.strassenweb.de\/nachrichten\/#\/schema\/logo\/image\/"},"sameAs":["https:\/\/www.facebook.com\/strassenweb\/"]},{"@type":"Person","@id":"https:\/\/www.strassenweb.de\/nachrichten\/#\/schema\/person\/87c9c9067f1211da429a744dc5a5aa41","name":"Robert Hoffmann","image":{"@type":"ImageObject","inLanguage":"de","@id":"https:\/\/www.strassenweb.de\/nachrichten\/wp-content\/uploads\/2024\/09\/strassenweb-150x150.jpg","url":"https:\/\/www.strassenweb.de\/nachrichten\/wp-content\/uploads\/2024\/09\/strassenweb-150x150.jpg","contentUrl":"https:\/\/www.strassenweb.de\/nachrichten\/wp-content\/uploads\/2024\/09\/strassenweb-150x150.jpg","caption":"Robert Hoffmann"},"description":"Ich hei\u00dfe Robert Hoffmann und ich bin ein leidenschaftlicher Verfechter von \u00d6kologie und Biodiversit\u00e4t. Seit meiner Kindheit in den W\u00e4ldern Bayerns f\u00fchle ich mich mit der Natur verbunden und bin entschlossen, sie zu sch\u00fctzen. Heute widme ich mein Leben der Sensibilisierung anderer f\u00fcr die Bedeutung des Umweltschutzes f\u00fcr zuk\u00fcnftige Generationen.","sameAs":["https:\/\/www.strassenweb.de\/"]}]}},"_links":{"self":[{"href":"https:\/\/www.strassenweb.de\/nachrichten\/wp-json\/wp\/v2\/posts\/2175","targetHints":{"allow":["GET"]}}],"collection":[{"href":"https:\/\/www.strassenweb.de\/nachrichten\/wp-json\/wp\/v2\/posts"}],"about":[{"href":"https:\/\/www.strassenweb.de\/nachrichten\/wp-json\/wp\/v2\/types\/post"}],"author":[{"embeddable":true,"href":"https:\/\/www.strassenweb.de\/nachrichten\/wp-json\/wp\/v2\/users\/1"}],"replies":[{"embeddable":true,"href":"https:\/\/www.strassenweb.de\/nachrichten\/wp-json\/wp\/v2\/comments?post=2175"}],"version-history":[{"count":0,"href":"https:\/\/www.strassenweb.de\/nachrichten\/wp-json\/wp\/v2\/posts\/2175\/revisions"}],"wp:featuredmedia":[{"embeddable":true,"href":"https:\/\/www.strassenweb.de\/nachrichten\/wp-json\/wp\/v2\/media\/2176"}],"wp:attachment":[{"href":"https:\/\/www.strassenweb.de\/nachrichten\/wp-json\/wp\/v2\/media?parent=2175"}],"wp:term":[{"taxonomy":"category","embeddable":true,"href":"https:\/\/www.strassenweb.de\/nachrichten\/wp-json\/wp\/v2\/categories?post=2175"},{"taxonomy":"post_tag","embeddable":true,"href":"https:\/\/www.strassenweb.de\/nachrichten\/wp-json\/wp\/v2\/tags?post=2175"}],"curies":[{"name":"wp","href":"https:\/\/api.w.org\/{rel}","templated":true}]}}