{"id":2155,"date":"2024-12-16T03:40:58","date_gmt":"2024-12-16T02:40:58","guid":{"rendered":"https:\/\/www.strassenweb.de\/nachrichten\/wie-viele-weihnachtslichter-fuer-den-aussenbereich-benoetige-ich-ein-erfahrener-elektriker-erklaert-die-fuenfzig-pro-fuss-regel\/"},"modified":"2024-12-16T03:40:59","modified_gmt":"2024-12-16T02:40:59","slug":"wie-viele-weihnachtslichter-fuer-den-aussenbereich-benoetige-ich-ein-erfahrener-elektriker-erklaert-die-fuenfzig-pro-fuss-regel","status":"publish","type":"post","link":"https:\/\/www.strassenweb.de\/nachrichten\/wie-viele-weihnachtslichter-fuer-den-aussenbereich-benoetige-ich-ein-erfahrener-elektriker-erklaert-die-fuenfzig-pro-fuss-regel\/","title":{"rendered":"Wie viele Weihnachtslichter f\u00fcr den Au\u00dfenbereich ben\u00f6tige ich? Ein erfahrener Elektriker erkl\u00e4rt die \u201eF\u00fcnfzig-pro-Fu\u00df\u201c-Regel"},"content":{"rendered":"<p><\/p>\n<div id=\"article-body\" class=\"article__body \">\n<p>Die Dekoration Ihres Vorgartens mit Lichterketten ist die perfekte M\u00f6glichkeit, Ihrem Zuhause etwas Festliches zu verleihen. Es kann jedoch etwas schwierig sein, herauszufinden, wie viele Lichter Sie ben\u00f6tigen.<\/p>\n<div id=\"ad-unit-1\" class=\"ad-unit\"><\/div>\n<p>Sie m\u00fcssen die Lichter in die Zweige ein- und ausflechten, daher reicht es nicht aus, einfach die L\u00e4nge einer Hecke zu messen. Es ist leicht, es zu unterlassen und keine Lichter mehr zu haben, oder man kauft zu viele und hat am Ende einen strahlend hellen Vorgarten.<\/p>\n<aside class=\"hawk-nest\" data-block-type=\"embed\" data-render-type=\"fte\" data-skip=\"dealsy\" data-widget-type=\"seasonal\">\n<div class=\"hawk-master-widget-hawk-base-wrapper\"><\/div>\n<\/aside>\n<p>Ich habe mit einem Beleuchtungsexperten und Elektriker gesprochen, der mir eine praktische Faustregel gegeben hat, um herauszufinden, wie viele LED-Lampen Sie zur Weihnachtsdekoration Ihres Vorgartens ben\u00f6tigen. Kurz gesagt, Sie ben\u00f6tigen f\u00fcnfzig LEDs pro Quadratfu\u00df, aber es gibt einige kleine Dinge, die Sie beachten sollten, bevor Sie Ihre Weihnachtsbeleuchtung f\u00fcr den Au\u00dfenbereich aufstellen.<\/p>\n<div id=\"desktop-in-article\" class=\"in-article ad-unit\">\n<div id=\"desktop-taboola-mid-article\"><\/div>\n<\/div>\n<div id=\"mobile-in-article\" class=\"in-article ad-unit\">\n<div id=\"mobile-taboola-mid-article\"><\/div>\n<\/div>\n<h3 class=\"article-body__section\" id=\"section-the-fifty-per-foot-rule\"><span>Die F\u00fcnfzig-pro-Fu\u00df-Regel<\/span><\/h3>\n<figure class=\"van-image-figure inline-layout \" data-bordeaux-image-check>\n<div class=\"image-full-width-wrapper\">\n<div class=\"image-widthsetter\" style=\"max-width:2400px;\"><\/div>\n<\/div>\n<\/figure>\n<p>Der Elektriker und Beleuchtungsexperte Joel Worthington gab mir eine grobe Regel, um herauszufinden, wie viele Weihnachtslichter Sie ben\u00f6tigen: \u201eIm Allgemeinen ben\u00f6tigen Sie etwa 50 bis 100 Lichter pro Quadratfu\u00df, um ein dichtes und lebendiges Erscheinungsbild zu erzielen.\u201c<\/p>\n<div class=\"van_vid_carousel\">\n<div class=\"van_vid_carousel__padding\">\n<div class=\"van_vid_carousel__container\"><\/div>\n<\/div>\n<\/div>\n<p>Wenn Sie also wissen, dass Sie zehn Fu\u00df Str\u00e4ucher mit Weihnachtslichtern bedecken m\u00fcssen, ben\u00f6tigen Sie 500 Gl\u00fchbirnen, um eine gute Abdeckung zu schaffen. Das klingt nach viel, aber Sie m\u00fcssen die gesamte Oberfl\u00e4che des Busches bedecken, also brauchen Sie viele kleine LED-Gl\u00fchbirnen.<\/p>\n<div id=\"ad-unit-2\" class=\"ad-unit\"><\/div>\n<h3 class=\"article-body__section\" id=\"section-lighting-shrubs\"><span>Beleuchtung von Str\u00e4uchern<\/span><\/h3>\n<figure class=\"van-image-figure inline-layout \" data-bordeaux-image-check>\n<div class=\"image-full-width-wrapper\">\n<div class=\"image-widthsetter\" style=\"max-width:2000px;\"><\/div>\n<\/div>\n<\/figure>\n<p>Die F\u00fcnfzig-pro-Fu\u00df-Regel gilt am besten f\u00fcr Str\u00e4ucher und B\u00fcsche. Wenn Sie Buchsbaum- oder Eibenb\u00fcsche zum Beleuchten haben, verwenden Sie f\u00fcnfzig Lichterketten pro Quadratmeter.<\/p>\n<p>Der bei weitem einfachste Weg, diese Pflanzen abzudecken, ist jedoch die Verwendung von Netzlichtern. Sie m\u00fcssen weder rechnen noch die Lichter durch \u00c4ste und Bl\u00e4tter wickeln. Netzlichter bestehen aus einem gro\u00dfen Gitter aus Dr\u00e4hten und LEDs, sodass Sie das gesamte Set \u00fcber einen Busch oder Strauch werfen k\u00f6nnen.<\/p>\n<p>Sie m\u00fcssen lediglich die Pflanze ausmessen \u2013 oder auch nur die sichtbare Fl\u00e4che, wenn sie an einer Wand oder einem Zaun steht \u2013 und dann online die richtige Gr\u00f6\u00dfe kaufen. Netzlichter sind leicht zu finden \u2013 ein solches Netzlichter-Set k\u00f6nnen Sie bei Amazon f\u00fcr weniger als 20 US-Dollar bekommen.<\/p>\n<h3 class=\"article-body__section\" id=\"section-lighting-trees\"><span>B\u00e4ume anz\u00fcnden<\/span><\/h3>\n<figure class=\"van-image-figure inline-layout \" data-bordeaux-image-check>\n<div class=\"image-full-width-wrapper\">\n<div class=\"image-widthsetter\" style=\"max-width:2400px;\"><\/div>\n<\/div>\n<\/figure>\n<p>Joels F\u00fcnfzig-pro-Fu\u00df-Regel gilt auch f\u00fcr B\u00e4ume. Die \u00fcbliche Regel f\u00fcr die Beleuchtung von Weihnachtsb\u00e4umen im Innenbereich ist die Verwendung von 100 Lichtern pro Fu\u00df Baum, aber das k\u00f6nnte f\u00fcr die Au\u00dfendekoration etwas zu viel Licht sein. Es kann auch zu einer Menge Lichtern kommen \u2013 wenn Sie einen 20 Fu\u00df hohen Baum anz\u00fcnden m\u00f6chten, k\u00f6nnten 2000 Lichter \u00fcbertrieben sein.<\/p>\n<p>Um einen Baum im Vorgarten anzuz\u00fcnden, ben\u00f6tigen Sie also etwa f\u00fcnfzig Gl\u00fchbirnen pro Fu\u00df. Dadurch entsteht ein gem\u00fctlicher, einladender Effekt, der weniger intensiv ist als<\/p>\n<p>Alternativ k\u00f6nnen Sie den Baum auch von oben beleuchten. Dies ist immer eine einfachere Art, einen Baum anzuz\u00fcnden, als lange Weihnachtslichterketten aufzuh\u00e4ngen. Alles, was Sie tun m\u00fcssen, ist, eine kleine Stableuchte am Fu\u00df des Baumes anzubringen und sie auf die \u00c4ste zu richten. Dadurch kann viel schneller eine festliche Beleuchtung geschaffen werden, als wenn viele Lichter verwendet werden.<\/p>\n<h3 class=\"article-body__section\" id=\"section-lighting-walls-and-fences\"><span>Beleuchtung von W\u00e4nden und Z\u00e4unen<\/span><\/h3>\n<figure class=\"van-image-figure inline-layout \" data-bordeaux-image-check>\n<div class=\"image-full-width-wrapper\">\n<div class=\"image-widthsetter\" style=\"max-width:2400px;\"><\/div>\n<\/div>\n<\/figure>\n<p>Sie k\u00f6nnen diese Regel f\u00fcr die Beleuchtung von W\u00e4nden und Z\u00e4unen mit Lichterketten anpassen. Sie ben\u00f6tigen nicht f\u00fcnfzig Blumenzwiebeln pro Quadratfu\u00df, sondern streben etwa f\u00fcnfzig Blumenzwiebeln pro Fl\u00e4che an. Ein 10 Fu\u00df langer Wandabschnitt ben\u00f6tigt etwa 500 Lichter, aber sie m\u00fcssen nicht die gesamte Wand bedecken.<\/p>\n<p>Denn Lichterketten an Z\u00e4unen und Mauern m\u00fcssen nicht die gesamte Struktur beleuchten. Es w\u00fcrde hart und grell aussehen, zu viel Fokus auf einen Holzzaun oder eine Ziegelmauer zu legen. Eine einzelne Lichterkette, die entlang einer Wand drapiert wird, reicht aus, Sie sollten also nicht das Gef\u00fchl haben, es \u00fcbertreiben zu m\u00fcssen.<\/p>\n<h3 class=\"article-body__section\" id=\"section-don-t-get-caught-up-on-the-rule\"><span>Lassen Sie sich nicht von der Regel einfangen<\/span><\/h3>\n<figure class=\"van-image-figure inline-layout \" data-bordeaux-image-check>\n<div class=\"image-full-width-wrapper\">\n<div class=\"image-widthsetter\" style=\"max-width:2000px;\"><\/div>\n<\/div>\n<\/figure>\n<p>Beachten Sie jedoch, dass dies eine Faustregel ist, die Ihnen dabei hilft, herauszufinden, wie viele LEDs Sie ben\u00f6tigen. Sie k\u00f6nnen die Lichtmenge je nach gew\u00fcnschtem Effekt erh\u00f6hen oder verringern. F\u00fcr einen helleren Garten erh\u00f6hen Sie die Anzahl auf bis zu 100 Lichter pro Quadratfu\u00df; F\u00fcr einen entspannteren Look verringern Sie den Wert auf 25 Dioden pro Fu\u00df.<\/p>\n<p>Beleuchtungsexpertin Dara Greaney sagt: \u201eLetztendlich gibt es keine korrekte Zahl f\u00fcr die Menge an Licht, die Sie pro Quadratfu\u00df ben\u00f6tigen.\u201c Wir empfehlen immer, die Str\u00e4nge so gleichm\u00e4\u00dfig wie m\u00f6glich zu halten, sodass f\u00fcr Str\u00e4ucher und B\u00fcsche derselbe Strang verwendet werden sollte, den Sie durch das Haus gezogen haben. Auf diese Weise haben Sie eine gleichm\u00e4\u00dfige Lichtausbeute pro Quadratfu\u00df, anstatt zu versuchen, ein bestimmtes Ziel zu treffen.\u201c<\/p>\n<hr>\n<p>Wenn Sie die Anzahl der LED-Lampen sortiert haben, m\u00fcssen Sie eine wichtige Entscheidung \u00fcber Ihr weihnachtliches Farbschema treffen. Das Abw\u00e4gen der besten Weihnachtslichtfarben f\u00fcr den Au\u00dfenbereich kann Ihnen dabei helfen, die perfekte festliche Beleuchtung f\u00fcr Ihr Zuhause zu finden.<\/p>\n<\/div>\n","protected":false},"excerpt":{"rendered":"<p>Die Dekoration Ihres Vorgartens mit Lichterketten ist die perfekte M\u00f6glichkeit, Ihrem Zuhause etwas Festliches zu verleihen. Es kann jedoch etwas schwierig sein, herauszufinden, wie viele<\/p>\n","protected":false},"author":1,"featured_media":2156,"comment_status":"closed","ping_status":"","sticky":false,"template":"","format":"standard","meta":{"footnotes":""},"categories":[118],"tags":[3489,128,78,9,43,3746,3745,3747,3748,55,129,127,3744,26],"class_list":["post-2155","post","type-post","status-publish","format-standard","has-post-thumbnail","hentry","category-haus-garten","tag-aussenbereich","tag-benoetige","tag-den","tag-die","tag-ein","tag-elektriker","tag-erfahrener","tag-erklaert","tag-fuenfzigprofussregel","tag-fuer","tag-ich","tag-viele","tag-weihnachtslichter","tag-wie","generate-columns","tablet-grid-50","mobile-grid-100","grid-parent","grid-50"],"yoast_head":"<!-- This site is optimized with the Yoast SEO plugin v27.3 - https:\/\/yoast.com\/product\/yoast-seo-wordpress\/ -->\n<title>Wie viele Weihnachtslichter f\u00fcr den Au\u00dfenbereich ben\u00f6tige ich? Ein erfahrener Elektriker erkl\u00e4rt die \u201eF\u00fcnfzig-pro-Fu\u00df\u201c-Regel - Nachrichten - Stra\u00dfenweb<\/title>\n<meta name=\"robots\" content=\"index, follow, max-snippet:-1, max-image-preview:large, max-video-preview:-1\" \/>\n<link rel=\"canonical\" href=\"https:\/\/www.strassenweb.de\/nachrichten\/wie-viele-weihnachtslichter-fuer-den-aussenbereich-benoetige-ich-ein-erfahrener-elektriker-erklaert-die-fuenfzig-pro-fuss-regel\/\" \/>\n<meta property=\"og:locale\" content=\"de_DE\" \/>\n<meta property=\"og:type\" content=\"article\" \/>\n<meta property=\"og:title\" content=\"Wie viele Weihnachtslichter f\u00fcr den Au\u00dfenbereich ben\u00f6tige ich? Ein erfahrener Elektriker erkl\u00e4rt die \u201eF\u00fcnfzig-pro-Fu\u00df\u201c-Regel - Nachrichten - Stra\u00dfenweb\" \/>\n<meta property=\"og:description\" content=\"Die Dekoration Ihres Vorgartens mit Lichterketten ist die perfekte M\u00f6glichkeit, Ihrem Zuhause etwas Festliches zu verleihen. Es kann jedoch etwas schwierig sein, herauszufinden, wie viele\" \/>\n<meta property=\"og:url\" content=\"https:\/\/www.strassenweb.de\/nachrichten\/wie-viele-weihnachtslichter-fuer-den-aussenbereich-benoetige-ich-ein-erfahrener-elektriker-erklaert-die-fuenfzig-pro-fuss-regel\/\" \/>\n<meta property=\"og:site_name\" content=\"Stra\u00dfenweb\" \/>\n<meta property=\"article:publisher\" content=\"https:\/\/www.facebook.com\/strassenweb\/\" \/>\n<meta property=\"article:published_time\" content=\"2024-12-16T02:40:58+00:00\" \/>\n<meta property=\"article:modified_time\" content=\"2024-12-16T02:40:59+00:00\" \/>\n<meta property=\"og:image\" content=\"https:\/\/www.strassenweb.de\/nachrichten\/wp-content\/uploads\/2024\/12\/Wie-viele-Weihnachtslichter-fuer-den-Aussenbereich-benoetige-ich-Ein-erfahrener.jpg\" \/>\n\t<meta property=\"og:image:width\" content=\"1200\" \/>\n\t<meta property=\"og:image:height\" content=\"675\" \/>\n\t<meta property=\"og:image:type\" content=\"image\/jpeg\" \/>\n<meta name=\"author\" content=\"Robert Hoffmann\" \/>\n<meta name=\"twitter:card\" content=\"summary_large_image\" \/>\n<meta name=\"twitter:label1\" content=\"Verfasst von\" \/>\n\t<meta name=\"twitter:data1\" content=\"Robert Hoffmann\" \/>\n\t<meta name=\"twitter:label2\" content=\"Gesch\u00e4tzte Lesezeit\" \/>\n\t<meta name=\"twitter:data2\" content=\"4\u00a0Minuten\" \/>\n<script type=\"application\/ld+json\" class=\"yoast-schema-graph\">{\"@context\":\"https:\\\/\\\/schema.org\",\"@graph\":[{\"@type\":\"Article\",\"@id\":\"https:\\\/\\\/www.strassenweb.de\\\/nachrichten\\\/wie-viele-weihnachtslichter-fuer-den-aussenbereich-benoetige-ich-ein-erfahrener-elektriker-erklaert-die-fuenfzig-pro-fuss-regel\\\/#article\",\"isPartOf\":{\"@id\":\"https:\\\/\\\/www.strassenweb.de\\\/nachrichten\\\/wie-viele-weihnachtslichter-fuer-den-aussenbereich-benoetige-ich-ein-erfahrener-elektriker-erklaert-die-fuenfzig-pro-fuss-regel\\\/\"},\"author\":{\"name\":\"Robert Hoffmann\",\"@id\":\"https:\\\/\\\/www.strassenweb.de\\\/nachrichten\\\/#\\\/schema\\\/person\\\/87c9c9067f1211da429a744dc5a5aa41\"},\"headline\":\"Wie viele Weihnachtslichter f\u00fcr den Au\u00dfenbereich ben\u00f6tige ich? Ein erfahrener Elektriker erkl\u00e4rt die \u201eF\u00fcnfzig-pro-Fu\u00df\u201c-Regel\",\"datePublished\":\"2024-12-16T02:40:58+00:00\",\"dateModified\":\"2024-12-16T02:40:59+00:00\",\"mainEntityOfPage\":{\"@id\":\"https:\\\/\\\/www.strassenweb.de\\\/nachrichten\\\/wie-viele-weihnachtslichter-fuer-den-aussenbereich-benoetige-ich-ein-erfahrener-elektriker-erklaert-die-fuenfzig-pro-fuss-regel\\\/\"},\"wordCount\":851,\"publisher\":{\"@id\":\"https:\\\/\\\/www.strassenweb.de\\\/nachrichten\\\/#organization\"},\"image\":{\"@id\":\"https:\\\/\\\/www.strassenweb.de\\\/nachrichten\\\/wie-viele-weihnachtslichter-fuer-den-aussenbereich-benoetige-ich-ein-erfahrener-elektriker-erklaert-die-fuenfzig-pro-fuss-regel\\\/#primaryimage\"},\"thumbnailUrl\":\"https:\\\/\\\/www.strassenweb.de\\\/nachrichten\\\/wp-content\\\/uploads\\\/2024\\\/12\\\/Wie-viele-Weihnachtslichter-fuer-den-Aussenbereich-benoetige-ich-Ein-erfahrener.jpg\",\"keywords\":[\"Au\u00dfenbereich\",\"ben\u00f6tige\",\"den\",\"die\",\"ein\",\"Elektriker\",\"erfahrener\",\"erkl\u00e4rt\",\"F\u00fcnfzigproFu\u00dfRegel\",\"f\u00fcr\",\"ich\",\"viele\",\"Weihnachtslichter\",\"Wie\"],\"articleSection\":[\"Haus &amp; Garten\"],\"inLanguage\":\"de\"},{\"@type\":\"WebPage\",\"@id\":\"https:\\\/\\\/www.strassenweb.de\\\/nachrichten\\\/wie-viele-weihnachtslichter-fuer-den-aussenbereich-benoetige-ich-ein-erfahrener-elektriker-erklaert-die-fuenfzig-pro-fuss-regel\\\/\",\"url\":\"https:\\\/\\\/www.strassenweb.de\\\/nachrichten\\\/wie-viele-weihnachtslichter-fuer-den-aussenbereich-benoetige-ich-ein-erfahrener-elektriker-erklaert-die-fuenfzig-pro-fuss-regel\\\/\",\"name\":\"Wie viele Weihnachtslichter f\u00fcr den Au\u00dfenbereich ben\u00f6tige ich? Ein erfahrener Elektriker erkl\u00e4rt die \u201eF\u00fcnfzig-pro-Fu\u00df\u201c-Regel - Nachrichten - Stra\u00dfenweb\",\"isPartOf\":{\"@id\":\"https:\\\/\\\/www.strassenweb.de\\\/nachrichten\\\/#website\"},\"primaryImageOfPage\":{\"@id\":\"https:\\\/\\\/www.strassenweb.de\\\/nachrichten\\\/wie-viele-weihnachtslichter-fuer-den-aussenbereich-benoetige-ich-ein-erfahrener-elektriker-erklaert-die-fuenfzig-pro-fuss-regel\\\/#primaryimage\"},\"image\":{\"@id\":\"https:\\\/\\\/www.strassenweb.de\\\/nachrichten\\\/wie-viele-weihnachtslichter-fuer-den-aussenbereich-benoetige-ich-ein-erfahrener-elektriker-erklaert-die-fuenfzig-pro-fuss-regel\\\/#primaryimage\"},\"thumbnailUrl\":\"https:\\\/\\\/www.strassenweb.de\\\/nachrichten\\\/wp-content\\\/uploads\\\/2024\\\/12\\\/Wie-viele-Weihnachtslichter-fuer-den-Aussenbereich-benoetige-ich-Ein-erfahrener.jpg\",\"datePublished\":\"2024-12-16T02:40:58+00:00\",\"dateModified\":\"2024-12-16T02:40:59+00:00\",\"breadcrumb\":{\"@id\":\"https:\\\/\\\/www.strassenweb.de\\\/nachrichten\\\/wie-viele-weihnachtslichter-fuer-den-aussenbereich-benoetige-ich-ein-erfahrener-elektriker-erklaert-die-fuenfzig-pro-fuss-regel\\\/#breadcrumb\"},\"inLanguage\":\"de\",\"potentialAction\":[{\"@type\":\"ReadAction\",\"target\":[\"https:\\\/\\\/www.strassenweb.de\\\/nachrichten\\\/wie-viele-weihnachtslichter-fuer-den-aussenbereich-benoetige-ich-ein-erfahrener-elektriker-erklaert-die-fuenfzig-pro-fuss-regel\\\/\"]}]},{\"@type\":\"ImageObject\",\"inLanguage\":\"de\",\"@id\":\"https:\\\/\\\/www.strassenweb.de\\\/nachrichten\\\/wie-viele-weihnachtslichter-fuer-den-aussenbereich-benoetige-ich-ein-erfahrener-elektriker-erklaert-die-fuenfzig-pro-fuss-regel\\\/#primaryimage\",\"url\":\"https:\\\/\\\/www.strassenweb.de\\\/nachrichten\\\/wp-content\\\/uploads\\\/2024\\\/12\\\/Wie-viele-Weihnachtslichter-fuer-den-Aussenbereich-benoetige-ich-Ein-erfahrener.jpg\",\"contentUrl\":\"https:\\\/\\\/www.strassenweb.de\\\/nachrichten\\\/wp-content\\\/uploads\\\/2024\\\/12\\\/Wie-viele-Weihnachtslichter-fuer-den-Aussenbereich-benoetige-ich-Ein-erfahrener.jpg\",\"width\":1200,\"height\":675,\"caption\":\"Wie viele Weihnachtslichter f\u00fcr den Au\u00dfenbereich ben\u00f6tige ich? Ein erfahrener Elektriker erkl\u00e4rt die \u201eF\u00fcnfzig-pro-Fu\u00df\u201c-Regel\"},{\"@type\":\"BreadcrumbList\",\"@id\":\"https:\\\/\\\/www.strassenweb.de\\\/nachrichten\\\/wie-viele-weihnachtslichter-fuer-den-aussenbereich-benoetige-ich-ein-erfahrener-elektriker-erklaert-die-fuenfzig-pro-fuss-regel\\\/#breadcrumb\",\"itemListElement\":[{\"@type\":\"ListItem\",\"position\":1,\"name\":\"Home\",\"item\":\"https:\\\/\\\/www.strassenweb.de\\\/nachrichten\\\/\"},{\"@type\":\"ListItem\",\"position\":2,\"name\":\"Wie viele Weihnachtslichter f\u00fcr den Au\u00dfenbereich ben\u00f6tige ich? Ein erfahrener Elektriker erkl\u00e4rt die \u201eF\u00fcnfzig-pro-Fu\u00df\u201c-Regel\"}]},{\"@type\":\"WebSite\",\"@id\":\"https:\\\/\\\/www.strassenweb.de\\\/nachrichten\\\/#website\",\"url\":\"https:\\\/\\\/www.strassenweb.de\\\/nachrichten\\\/\",\"name\":\"Stra\u00dfenweb\",\"description\":\"Stra\u00dfenverzeichnis f\u00fcr Deutschland\",\"publisher\":{\"@id\":\"https:\\\/\\\/www.strassenweb.de\\\/nachrichten\\\/#organization\"},\"potentialAction\":[{\"@type\":\"SearchAction\",\"target\":{\"@type\":\"EntryPoint\",\"urlTemplate\":\"https:\\\/\\\/www.strassenweb.de\\\/nachrichten\\\/?s={search_term_string}\"},\"query-input\":{\"@type\":\"PropertyValueSpecification\",\"valueRequired\":true,\"valueName\":\"search_term_string\"}}],\"inLanguage\":\"de\"},{\"@type\":\"Organization\",\"@id\":\"https:\\\/\\\/www.strassenweb.de\\\/nachrichten\\\/#organization\",\"name\":\"Stra\u00dfenweb\",\"url\":\"https:\\\/\\\/www.strassenweb.de\\\/nachrichten\\\/\",\"logo\":{\"@type\":\"ImageObject\",\"inLanguage\":\"de\",\"@id\":\"https:\\\/\\\/www.strassenweb.de\\\/nachrichten\\\/#\\\/schema\\\/logo\\\/image\\\/\",\"url\":\"https:\\\/\\\/www.strassenweb.de\\\/nachrichten\\\/wp-content\\\/uploads\\\/2024\\\/09\\\/cropped-favicon.png\",\"contentUrl\":\"https:\\\/\\\/www.strassenweb.de\\\/nachrichten\\\/wp-content\\\/uploads\\\/2024\\\/09\\\/cropped-favicon.png\",\"width\":512,\"height\":512,\"caption\":\"Stra\u00dfenweb\"},\"image\":{\"@id\":\"https:\\\/\\\/www.strassenweb.de\\\/nachrichten\\\/#\\\/schema\\\/logo\\\/image\\\/\"},\"sameAs\":[\"https:\\\/\\\/www.facebook.com\\\/strassenweb\\\/\"]},{\"@type\":\"Person\",\"@id\":\"https:\\\/\\\/www.strassenweb.de\\\/nachrichten\\\/#\\\/schema\\\/person\\\/87c9c9067f1211da429a744dc5a5aa41\",\"name\":\"Robert Hoffmann\",\"image\":{\"@type\":\"ImageObject\",\"inLanguage\":\"de\",\"@id\":\"https:\\\/\\\/www.strassenweb.de\\\/nachrichten\\\/wp-content\\\/uploads\\\/2024\\\/09\\\/strassenweb-150x150.jpg\",\"url\":\"https:\\\/\\\/www.strassenweb.de\\\/nachrichten\\\/wp-content\\\/uploads\\\/2024\\\/09\\\/strassenweb-150x150.jpg\",\"contentUrl\":\"https:\\\/\\\/www.strassenweb.de\\\/nachrichten\\\/wp-content\\\/uploads\\\/2024\\\/09\\\/strassenweb-150x150.jpg\",\"caption\":\"Robert Hoffmann\"},\"description\":\"Ich hei\u00dfe Robert Hoffmann und ich bin ein leidenschaftlicher Verfechter von \u00d6kologie und Biodiversit\u00e4t. Seit meiner Kindheit in den W\u00e4ldern Bayerns f\u00fchle ich mich mit der Natur verbunden und bin entschlossen, sie zu sch\u00fctzen. Heute widme ich mein Leben der Sensibilisierung anderer f\u00fcr die Bedeutung des Umweltschutzes f\u00fcr zuk\u00fcnftige Generationen.\",\"sameAs\":[\"https:\\\/\\\/www.strassenweb.de\\\/\"]}]}<\/script>\n<!-- \/ Yoast SEO plugin. -->","yoast_head_json":{"title":"Wie viele Weihnachtslichter f\u00fcr den Au\u00dfenbereich ben\u00f6tige ich? Ein erfahrener Elektriker erkl\u00e4rt die \u201eF\u00fcnfzig-pro-Fu\u00df\u201c-Regel - Nachrichten - Stra\u00dfenweb","robots":{"index":"index","follow":"follow","max-snippet":"max-snippet:-1","max-image-preview":"max-image-preview:large","max-video-preview":"max-video-preview:-1"},"canonical":"https:\/\/www.strassenweb.de\/nachrichten\/wie-viele-weihnachtslichter-fuer-den-aussenbereich-benoetige-ich-ein-erfahrener-elektriker-erklaert-die-fuenfzig-pro-fuss-regel\/","og_locale":"de_DE","og_type":"article","og_title":"Wie viele Weihnachtslichter f\u00fcr den Au\u00dfenbereich ben\u00f6tige ich? Ein erfahrener Elektriker erkl\u00e4rt die \u201eF\u00fcnfzig-pro-Fu\u00df\u201c-Regel - Nachrichten - Stra\u00dfenweb","og_description":"Die Dekoration Ihres Vorgartens mit Lichterketten ist die perfekte M\u00f6glichkeit, Ihrem Zuhause etwas Festliches zu verleihen. Es kann jedoch etwas schwierig sein, herauszufinden, wie viele","og_url":"https:\/\/www.strassenweb.de\/nachrichten\/wie-viele-weihnachtslichter-fuer-den-aussenbereich-benoetige-ich-ein-erfahrener-elektriker-erklaert-die-fuenfzig-pro-fuss-regel\/","og_site_name":"Stra\u00dfenweb","article_publisher":"https:\/\/www.facebook.com\/strassenweb\/","article_published_time":"2024-12-16T02:40:58+00:00","article_modified_time":"2024-12-16T02:40:59+00:00","og_image":[{"width":1200,"height":675,"url":"https:\/\/www.strassenweb.de\/nachrichten\/wp-content\/uploads\/2024\/12\/Wie-viele-Weihnachtslichter-fuer-den-Aussenbereich-benoetige-ich-Ein-erfahrener.jpg","type":"image\/jpeg"}],"author":"Robert Hoffmann","twitter_card":"summary_large_image","twitter_misc":{"Verfasst von":"Robert Hoffmann","Gesch\u00e4tzte Lesezeit":"4\u00a0Minuten"},"schema":{"@context":"https:\/\/schema.org","@graph":[{"@type":"Article","@id":"https:\/\/www.strassenweb.de\/nachrichten\/wie-viele-weihnachtslichter-fuer-den-aussenbereich-benoetige-ich-ein-erfahrener-elektriker-erklaert-die-fuenfzig-pro-fuss-regel\/#article","isPartOf":{"@id":"https:\/\/www.strassenweb.de\/nachrichten\/wie-viele-weihnachtslichter-fuer-den-aussenbereich-benoetige-ich-ein-erfahrener-elektriker-erklaert-die-fuenfzig-pro-fuss-regel\/"},"author":{"name":"Robert Hoffmann","@id":"https:\/\/www.strassenweb.de\/nachrichten\/#\/schema\/person\/87c9c9067f1211da429a744dc5a5aa41"},"headline":"Wie viele Weihnachtslichter f\u00fcr den Au\u00dfenbereich ben\u00f6tige ich? Ein erfahrener Elektriker erkl\u00e4rt die \u201eF\u00fcnfzig-pro-Fu\u00df\u201c-Regel","datePublished":"2024-12-16T02:40:58+00:00","dateModified":"2024-12-16T02:40:59+00:00","mainEntityOfPage":{"@id":"https:\/\/www.strassenweb.de\/nachrichten\/wie-viele-weihnachtslichter-fuer-den-aussenbereich-benoetige-ich-ein-erfahrener-elektriker-erklaert-die-fuenfzig-pro-fuss-regel\/"},"wordCount":851,"publisher":{"@id":"https:\/\/www.strassenweb.de\/nachrichten\/#organization"},"image":{"@id":"https:\/\/www.strassenweb.de\/nachrichten\/wie-viele-weihnachtslichter-fuer-den-aussenbereich-benoetige-ich-ein-erfahrener-elektriker-erklaert-die-fuenfzig-pro-fuss-regel\/#primaryimage"},"thumbnailUrl":"https:\/\/www.strassenweb.de\/nachrichten\/wp-content\/uploads\/2024\/12\/Wie-viele-Weihnachtslichter-fuer-den-Aussenbereich-benoetige-ich-Ein-erfahrener.jpg","keywords":["Au\u00dfenbereich","ben\u00f6tige","den","die","ein","Elektriker","erfahrener","erkl\u00e4rt","F\u00fcnfzigproFu\u00dfRegel","f\u00fcr","ich","viele","Weihnachtslichter","Wie"],"articleSection":["Haus &amp; Garten"],"inLanguage":"de"},{"@type":"WebPage","@id":"https:\/\/www.strassenweb.de\/nachrichten\/wie-viele-weihnachtslichter-fuer-den-aussenbereich-benoetige-ich-ein-erfahrener-elektriker-erklaert-die-fuenfzig-pro-fuss-regel\/","url":"https:\/\/www.strassenweb.de\/nachrichten\/wie-viele-weihnachtslichter-fuer-den-aussenbereich-benoetige-ich-ein-erfahrener-elektriker-erklaert-die-fuenfzig-pro-fuss-regel\/","name":"Wie viele Weihnachtslichter f\u00fcr den Au\u00dfenbereich ben\u00f6tige ich? Ein erfahrener Elektriker erkl\u00e4rt die \u201eF\u00fcnfzig-pro-Fu\u00df\u201c-Regel - Nachrichten - Stra\u00dfenweb","isPartOf":{"@id":"https:\/\/www.strassenweb.de\/nachrichten\/#website"},"primaryImageOfPage":{"@id":"https:\/\/www.strassenweb.de\/nachrichten\/wie-viele-weihnachtslichter-fuer-den-aussenbereich-benoetige-ich-ein-erfahrener-elektriker-erklaert-die-fuenfzig-pro-fuss-regel\/#primaryimage"},"image":{"@id":"https:\/\/www.strassenweb.de\/nachrichten\/wie-viele-weihnachtslichter-fuer-den-aussenbereich-benoetige-ich-ein-erfahrener-elektriker-erklaert-die-fuenfzig-pro-fuss-regel\/#primaryimage"},"thumbnailUrl":"https:\/\/www.strassenweb.de\/nachrichten\/wp-content\/uploads\/2024\/12\/Wie-viele-Weihnachtslichter-fuer-den-Aussenbereich-benoetige-ich-Ein-erfahrener.jpg","datePublished":"2024-12-16T02:40:58+00:00","dateModified":"2024-12-16T02:40:59+00:00","breadcrumb":{"@id":"https:\/\/www.strassenweb.de\/nachrichten\/wie-viele-weihnachtslichter-fuer-den-aussenbereich-benoetige-ich-ein-erfahrener-elektriker-erklaert-die-fuenfzig-pro-fuss-regel\/#breadcrumb"},"inLanguage":"de","potentialAction":[{"@type":"ReadAction","target":["https:\/\/www.strassenweb.de\/nachrichten\/wie-viele-weihnachtslichter-fuer-den-aussenbereich-benoetige-ich-ein-erfahrener-elektriker-erklaert-die-fuenfzig-pro-fuss-regel\/"]}]},{"@type":"ImageObject","inLanguage":"de","@id":"https:\/\/www.strassenweb.de\/nachrichten\/wie-viele-weihnachtslichter-fuer-den-aussenbereich-benoetige-ich-ein-erfahrener-elektriker-erklaert-die-fuenfzig-pro-fuss-regel\/#primaryimage","url":"https:\/\/www.strassenweb.de\/nachrichten\/wp-content\/uploads\/2024\/12\/Wie-viele-Weihnachtslichter-fuer-den-Aussenbereich-benoetige-ich-Ein-erfahrener.jpg","contentUrl":"https:\/\/www.strassenweb.de\/nachrichten\/wp-content\/uploads\/2024\/12\/Wie-viele-Weihnachtslichter-fuer-den-Aussenbereich-benoetige-ich-Ein-erfahrener.jpg","width":1200,"height":675,"caption":"Wie viele Weihnachtslichter f\u00fcr den Au\u00dfenbereich ben\u00f6tige ich? Ein erfahrener Elektriker erkl\u00e4rt die \u201eF\u00fcnfzig-pro-Fu\u00df\u201c-Regel"},{"@type":"BreadcrumbList","@id":"https:\/\/www.strassenweb.de\/nachrichten\/wie-viele-weihnachtslichter-fuer-den-aussenbereich-benoetige-ich-ein-erfahrener-elektriker-erklaert-die-fuenfzig-pro-fuss-regel\/#breadcrumb","itemListElement":[{"@type":"ListItem","position":1,"name":"Home","item":"https:\/\/www.strassenweb.de\/nachrichten\/"},{"@type":"ListItem","position":2,"name":"Wie viele Weihnachtslichter f\u00fcr den Au\u00dfenbereich ben\u00f6tige ich? Ein erfahrener Elektriker erkl\u00e4rt die \u201eF\u00fcnfzig-pro-Fu\u00df\u201c-Regel"}]},{"@type":"WebSite","@id":"https:\/\/www.strassenweb.de\/nachrichten\/#website","url":"https:\/\/www.strassenweb.de\/nachrichten\/","name":"Stra\u00dfenweb","description":"Stra\u00dfenverzeichnis f\u00fcr Deutschland","publisher":{"@id":"https:\/\/www.strassenweb.de\/nachrichten\/#organization"},"potentialAction":[{"@type":"SearchAction","target":{"@type":"EntryPoint","urlTemplate":"https:\/\/www.strassenweb.de\/nachrichten\/?s={search_term_string}"},"query-input":{"@type":"PropertyValueSpecification","valueRequired":true,"valueName":"search_term_string"}}],"inLanguage":"de"},{"@type":"Organization","@id":"https:\/\/www.strassenweb.de\/nachrichten\/#organization","name":"Stra\u00dfenweb","url":"https:\/\/www.strassenweb.de\/nachrichten\/","logo":{"@type":"ImageObject","inLanguage":"de","@id":"https:\/\/www.strassenweb.de\/nachrichten\/#\/schema\/logo\/image\/","url":"https:\/\/www.strassenweb.de\/nachrichten\/wp-content\/uploads\/2024\/09\/cropped-favicon.png","contentUrl":"https:\/\/www.strassenweb.de\/nachrichten\/wp-content\/uploads\/2024\/09\/cropped-favicon.png","width":512,"height":512,"caption":"Stra\u00dfenweb"},"image":{"@id":"https:\/\/www.strassenweb.de\/nachrichten\/#\/schema\/logo\/image\/"},"sameAs":["https:\/\/www.facebook.com\/strassenweb\/"]},{"@type":"Person","@id":"https:\/\/www.strassenweb.de\/nachrichten\/#\/schema\/person\/87c9c9067f1211da429a744dc5a5aa41","name":"Robert Hoffmann","image":{"@type":"ImageObject","inLanguage":"de","@id":"https:\/\/www.strassenweb.de\/nachrichten\/wp-content\/uploads\/2024\/09\/strassenweb-150x150.jpg","url":"https:\/\/www.strassenweb.de\/nachrichten\/wp-content\/uploads\/2024\/09\/strassenweb-150x150.jpg","contentUrl":"https:\/\/www.strassenweb.de\/nachrichten\/wp-content\/uploads\/2024\/09\/strassenweb-150x150.jpg","caption":"Robert Hoffmann"},"description":"Ich hei\u00dfe Robert Hoffmann und ich bin ein leidenschaftlicher Verfechter von \u00d6kologie und Biodiversit\u00e4t. Seit meiner Kindheit in den W\u00e4ldern Bayerns f\u00fchle ich mich mit der Natur verbunden und bin entschlossen, sie zu sch\u00fctzen. Heute widme ich mein Leben der Sensibilisierung anderer f\u00fcr die Bedeutung des Umweltschutzes f\u00fcr zuk\u00fcnftige Generationen.","sameAs":["https:\/\/www.strassenweb.de\/"]}]}},"_links":{"self":[{"href":"https:\/\/www.strassenweb.de\/nachrichten\/wp-json\/wp\/v2\/posts\/2155","targetHints":{"allow":["GET"]}}],"collection":[{"href":"https:\/\/www.strassenweb.de\/nachrichten\/wp-json\/wp\/v2\/posts"}],"about":[{"href":"https:\/\/www.strassenweb.de\/nachrichten\/wp-json\/wp\/v2\/types\/post"}],"author":[{"embeddable":true,"href":"https:\/\/www.strassenweb.de\/nachrichten\/wp-json\/wp\/v2\/users\/1"}],"replies":[{"embeddable":true,"href":"https:\/\/www.strassenweb.de\/nachrichten\/wp-json\/wp\/v2\/comments?post=2155"}],"version-history":[{"count":0,"href":"https:\/\/www.strassenweb.de\/nachrichten\/wp-json\/wp\/v2\/posts\/2155\/revisions"}],"wp:featuredmedia":[{"embeddable":true,"href":"https:\/\/www.strassenweb.de\/nachrichten\/wp-json\/wp\/v2\/media\/2156"}],"wp:attachment":[{"href":"https:\/\/www.strassenweb.de\/nachrichten\/wp-json\/wp\/v2\/media?parent=2155"}],"wp:term":[{"taxonomy":"category","embeddable":true,"href":"https:\/\/www.strassenweb.de\/nachrichten\/wp-json\/wp\/v2\/categories?post=2155"},{"taxonomy":"post_tag","embeddable":true,"href":"https:\/\/www.strassenweb.de\/nachrichten\/wp-json\/wp\/v2\/tags?post=2155"}],"curies":[{"name":"wp","href":"https:\/\/api.w.org\/{rel}","templated":true}]}}