{"id":2152,"date":"2024-12-15T23:49:25","date_gmt":"2024-12-15T22:49:25","guid":{"rendered":"https:\/\/www.strassenweb.de\/nachrichten\/der-weihnachtsbaum-von-derek-hough-und-hayley-erbert-feiert-den-groessten-trend-der-saison-der-hochglanz-look-wird-dieses-jahr-in-allen-haeusern-zu-finden-sein\/"},"modified":"2024-12-15T23:49:26","modified_gmt":"2024-12-15T22:49:26","slug":"der-weihnachtsbaum-von-derek-hough-und-hayley-erbert-feiert-den-groessten-trend-der-saison-der-hochglanz-look-wird-dieses-jahr-in-allen-haeusern-zu-finden-sein","status":"publish","type":"post","link":"https:\/\/www.strassenweb.de\/nachrichten\/der-weihnachtsbaum-von-derek-hough-und-hayley-erbert-feiert-den-groessten-trend-der-saison-der-hochglanz-look-wird-dieses-jahr-in-allen-haeusern-zu-finden-sein\/","title":{"rendered":"Der Weihnachtsbaum von Derek Hough und Hayley Erbert feiert den gr\u00f6\u00dften Trend der Saison \u2013 der Hochglanz-Look wird dieses Jahr in allen H\u00e4usern zu finden sein"},"content":{"rendered":"<p><\/p>\n<div id=\"article-body\" class=\"article__body \">\n<p>Silber und Gold, Silber und Gold. Der Schneemann von <em>Rudolph das Rentier mit der roten Nase<\/em> Vielleicht habe ich es zuerst gesagt, aber seit den modernen Anf\u00e4ngen der Feiertage dominieren Metallic-Farben die Weihnachtsdekoration. Dieses Jahr nehmen sie sich eine besonders schimmernde Version vor.<\/p>\n<div id=\"ad-unit-1\" class=\"ad-unit\"><\/div>\n<p>Weihnachtstrendberichte der Experten von Etsy prognostizierten \u201eChrome-mas\u201c als einen der gr\u00f6\u00dften Stile des Jahres 2024, und Derek Hough und Hayley Erberts Weihnachtsbaum 2023 ist die perfekte Inspiration. Der <em>Tanzen mit den Sternen<\/em> Der Baum des Power-Paares ist mit silbernen und goldenen Akzenten bedeckt. Von den goldenen Weihnachtsdekorationen bis hin zu den Weihnachtssternen und leuchtend silbernen Kugeln ist es ein Fest des Chroms. Warme gelbe Lichter verleihen dem Ganzen eine traditionelle und einladende Atmosph\u00e4re.<\/p>\n<aside class=\"hawk-nest\" data-block-type=\"embed\" data-render-type=\"fte\" data-skip=\"dealsy\" data-widget-type=\"seasonal\">\n<div class=\"hawk-master-widget-hawk-base-wrapper\"><\/div>\n<\/aside>\n<p>Obwohl der Look dieses Jahr ein Trend f\u00fcr Weihnachtsdekorationen ist, ist er auch zeitlos. Metallic-Farben sind wunderbar, weil sie in jedes Designschema passen. Designexpertin Lena Gierasinska erkl\u00e4rt: \u201eGold und Silber sind ein Synonym f\u00fcr die festliche Zeit, dennoch bieten sie eine zeitlose Eleganz, die das ganze Jahr \u00fcber zu jedem Thema passt.\u201c<\/p>\n<div id=\"desktop-in-article\" class=\"in-article ad-unit\">\n<div id=\"desktop-taboola-mid-article\"><\/div>\n<\/div>\n<div id=\"mobile-in-article\" class=\"in-article ad-unit\">\n<div id=\"mobile-taboola-mid-article\"><\/div>\n<\/div>\n<div class=\"instagram-embed\">\n<blockquote class=\"instagram-media\" data-instgrm-captioned data-instgrm-version=\"6\" style=\"width:99.375%; width:-webkit-calc(100% - 2px); width:calc(100% - 2px);\">\n<p>Ein Beitrag geteilt von Hayley Erbert Hough (@hayley.erbert)<\/p>\n<p>Ein Foto gepostet von am <\/p>\n<\/blockquote>\n<\/div>\n<div class=\"product-container hero-product-container product-block-no-wrap\"><\/div>\n<p>Wenn Sie den Look Ihrem eigenen Weihnachtsbaum verleihen m\u00f6chten, gibt es ein paar Dinge, die Sie tun k\u00f6nnen, damit er richtig zur Geltung kommt. Gierasinska empfiehlt: \u201eVersuchen Sie, metallische Akzente dort zu platzieren, wo sie nat\u00fcrliches Licht oder den warmen Schein eines Kamins einfangen und so einen funkelnden Effekt erzeugen, der die festliche Ausstrahlung Ihres Raums verst\u00e4rkt.\u201c Ganz gleich, ob Sie diese Metalle in kleinen Ornamenten, Bilderrahmen oder sogar Geschirr verwenden, sie sorgen f\u00fcr einen edlen Glanz, der das Ambiente des Raumes sofort aufwertet.\u201c<\/p>\n<div class=\"van_vid_carousel\">\n<div class=\"van_vid_carousel__padding\">\n<div class=\"van_vid_carousel__container\"><\/div>\n<\/div>\n<\/div>\n<hr>\n<p>Chrome ist immer eine gute Idee. Was auch immer Ihr Stil ist, ein wenig Glanz kann nicht schaden. \u00dcbernehmen Sie die F\u00fchrung von Derek Hough und Hayley Erbert.<\/p>\n<div id=\"ad-unit-2\" class=\"ad-unit\"><\/div>\n<hr>\n<div id=\"slice-container-newsletterForm-articleInbodyContent-3fqfbXM5MMQJVpWseynrsZ\" class=\"slice-container newsletter-inbodyContent-slice newsletterForm-articleInbodyContent-3fqfbXM5MMQJVpWseynrsZ slice-container-newsletterForm\"><\/div>\n<\/div>\n<p><script async src=\"\/\/www.instagram.com\/embed.js\"><\/script><\/p>\n","protected":false},"excerpt":{"rendered":"<p>Silber und Gold, Silber und Gold. Der Schneemann von Rudolph das Rentier mit der roten Nase Vielleicht habe ich es zuerst gesagt, aber seit den<\/p>\n","protected":false},"author":1,"featured_media":2153,"comment_status":"closed","ping_status":"","sticky":false,"template":"","format":"standard","meta":{"footnotes":""},"categories":[118],"tags":[40,78,81,3739,531,3742,105,605,2600,753,3741,3743,3740,384,2292,306,504,37,21,3018,71],"class_list":["post-2152","post","type-post","status-publish","format-standard","has-post-thumbnail","hentry","category-haus-garten","tag-allen","tag-den","tag-der","tag-derek","tag-dieses","tag-erbert","tag-feiert","tag-finden","tag-groessten","tag-haeusern","tag-hayley","tag-hochglanzlook","tag-hough","tag-jahr","tag-saison","tag-sein","tag-trend","tag-und","tag-von","tag-weihnachtsbaum","tag-wird","generate-columns","tablet-grid-50","mobile-grid-100","grid-parent","grid-50"],"yoast_head":"<!-- This site is optimized with the Yoast SEO plugin v27.3 - https:\/\/yoast.com\/product\/yoast-seo-wordpress\/ -->\n<title>Der Weihnachtsbaum von Derek Hough und Hayley Erbert feiert den gr\u00f6\u00dften Trend der Saison \u2013 der Hochglanz-Look wird dieses Jahr in allen H\u00e4usern zu finden sein - Nachrichten - Stra\u00dfenweb<\/title>\n<meta name=\"robots\" content=\"index, follow, max-snippet:-1, max-image-preview:large, max-video-preview:-1\" \/>\n<link rel=\"canonical\" href=\"https:\/\/www.strassenweb.de\/nachrichten\/der-weihnachtsbaum-von-derek-hough-und-hayley-erbert-feiert-den-groessten-trend-der-saison-der-hochglanz-look-wird-dieses-jahr-in-allen-haeusern-zu-finden-sein\/\" \/>\n<meta property=\"og:locale\" content=\"de_DE\" \/>\n<meta property=\"og:type\" content=\"article\" \/>\n<meta property=\"og:title\" content=\"Der Weihnachtsbaum von Derek Hough und Hayley Erbert feiert den gr\u00f6\u00dften Trend der Saison \u2013 der Hochglanz-Look wird dieses Jahr in allen H\u00e4usern zu finden sein - Nachrichten - Stra\u00dfenweb\" \/>\n<meta property=\"og:description\" content=\"Silber und Gold, Silber und Gold. Der Schneemann von Rudolph das Rentier mit der roten Nase Vielleicht habe ich es zuerst gesagt, aber seit den\" \/>\n<meta property=\"og:url\" content=\"https:\/\/www.strassenweb.de\/nachrichten\/der-weihnachtsbaum-von-derek-hough-und-hayley-erbert-feiert-den-groessten-trend-der-saison-der-hochglanz-look-wird-dieses-jahr-in-allen-haeusern-zu-finden-sein\/\" \/>\n<meta property=\"og:site_name\" content=\"Stra\u00dfenweb\" \/>\n<meta property=\"article:publisher\" content=\"https:\/\/www.facebook.com\/strassenweb\/\" \/>\n<meta property=\"article:published_time\" content=\"2024-12-15T22:49:25+00:00\" \/>\n<meta property=\"article:modified_time\" content=\"2024-12-15T22:49:26+00:00\" \/>\n<meta property=\"og:image\" content=\"https:\/\/www.strassenweb.de\/nachrichten\/wp-content\/uploads\/2024\/12\/Der-Weihnachtsbaum-von-Derek-Hough-und-Hayley-Erbert-feiert-den.jpg\" \/>\n\t<meta property=\"og:image:width\" content=\"1200\" \/>\n\t<meta property=\"og:image:height\" content=\"675\" \/>\n\t<meta property=\"og:image:type\" content=\"image\/jpeg\" \/>\n<meta name=\"author\" content=\"Robert Hoffmann\" \/>\n<meta name=\"twitter:card\" content=\"summary_large_image\" \/>\n<meta name=\"twitter:label1\" content=\"Verfasst von\" \/>\n\t<meta name=\"twitter:data1\" content=\"Robert Hoffmann\" \/>\n\t<meta name=\"twitter:label2\" content=\"Gesch\u00e4tzte Lesezeit\" \/>\n\t<meta name=\"twitter:data2\" content=\"2\u00a0Minuten\" \/>\n<script type=\"application\/ld+json\" class=\"yoast-schema-graph\">{\"@context\":\"https:\\\/\\\/schema.org\",\"@graph\":[{\"@type\":\"Article\",\"@id\":\"https:\\\/\\\/www.strassenweb.de\\\/nachrichten\\\/der-weihnachtsbaum-von-derek-hough-und-hayley-erbert-feiert-den-groessten-trend-der-saison-der-hochglanz-look-wird-dieses-jahr-in-allen-haeusern-zu-finden-sein\\\/#article\",\"isPartOf\":{\"@id\":\"https:\\\/\\\/www.strassenweb.de\\\/nachrichten\\\/der-weihnachtsbaum-von-derek-hough-und-hayley-erbert-feiert-den-groessten-trend-der-saison-der-hochglanz-look-wird-dieses-jahr-in-allen-haeusern-zu-finden-sein\\\/\"},\"author\":{\"name\":\"Robert Hoffmann\",\"@id\":\"https:\\\/\\\/www.strassenweb.de\\\/nachrichten\\\/#\\\/schema\\\/person\\\/87c9c9067f1211da429a744dc5a5aa41\"},\"headline\":\"Der Weihnachtsbaum von Derek Hough und Hayley Erbert feiert den gr\u00f6\u00dften Trend der Saison \u2013 der Hochglanz-Look wird dieses Jahr in allen H\u00e4usern zu finden sein\",\"datePublished\":\"2024-12-15T22:49:25+00:00\",\"dateModified\":\"2024-12-15T22:49:26+00:00\",\"mainEntityOfPage\":{\"@id\":\"https:\\\/\\\/www.strassenweb.de\\\/nachrichten\\\/der-weihnachtsbaum-von-derek-hough-und-hayley-erbert-feiert-den-groessten-trend-der-saison-der-hochglanz-look-wird-dieses-jahr-in-allen-haeusern-zu-finden-sein\\\/\"},\"wordCount\":331,\"publisher\":{\"@id\":\"https:\\\/\\\/www.strassenweb.de\\\/nachrichten\\\/#organization\"},\"image\":{\"@id\":\"https:\\\/\\\/www.strassenweb.de\\\/nachrichten\\\/der-weihnachtsbaum-von-derek-hough-und-hayley-erbert-feiert-den-groessten-trend-der-saison-der-hochglanz-look-wird-dieses-jahr-in-allen-haeusern-zu-finden-sein\\\/#primaryimage\"},\"thumbnailUrl\":\"https:\\\/\\\/www.strassenweb.de\\\/nachrichten\\\/wp-content\\\/uploads\\\/2024\\\/12\\\/Der-Weihnachtsbaum-von-Derek-Hough-und-Hayley-Erbert-feiert-den.jpg\",\"keywords\":[\"allen\",\"den\",\"der\",\"Derek\",\"dieses\",\"Erbert\",\"feiert\",\"finden\",\"gr\u00f6\u00dften\",\"H\u00e4usern\",\"Hayley\",\"HochglanzLook\",\"Hough\",\"Jahr\",\"Saison\",\"sein\",\"Trend\",\"und\",\"von\",\"Weihnachtsbaum\",\"wird\"],\"articleSection\":[\"Haus &amp; Garten\"],\"inLanguage\":\"de\"},{\"@type\":\"WebPage\",\"@id\":\"https:\\\/\\\/www.strassenweb.de\\\/nachrichten\\\/der-weihnachtsbaum-von-derek-hough-und-hayley-erbert-feiert-den-groessten-trend-der-saison-der-hochglanz-look-wird-dieses-jahr-in-allen-haeusern-zu-finden-sein\\\/\",\"url\":\"https:\\\/\\\/www.strassenweb.de\\\/nachrichten\\\/der-weihnachtsbaum-von-derek-hough-und-hayley-erbert-feiert-den-groessten-trend-der-saison-der-hochglanz-look-wird-dieses-jahr-in-allen-haeusern-zu-finden-sein\\\/\",\"name\":\"Der Weihnachtsbaum von Derek Hough und Hayley Erbert feiert den gr\u00f6\u00dften Trend der Saison \u2013 der Hochglanz-Look wird dieses Jahr in allen H\u00e4usern zu finden sein - Nachrichten - Stra\u00dfenweb\",\"isPartOf\":{\"@id\":\"https:\\\/\\\/www.strassenweb.de\\\/nachrichten\\\/#website\"},\"primaryImageOfPage\":{\"@id\":\"https:\\\/\\\/www.strassenweb.de\\\/nachrichten\\\/der-weihnachtsbaum-von-derek-hough-und-hayley-erbert-feiert-den-groessten-trend-der-saison-der-hochglanz-look-wird-dieses-jahr-in-allen-haeusern-zu-finden-sein\\\/#primaryimage\"},\"image\":{\"@id\":\"https:\\\/\\\/www.strassenweb.de\\\/nachrichten\\\/der-weihnachtsbaum-von-derek-hough-und-hayley-erbert-feiert-den-groessten-trend-der-saison-der-hochglanz-look-wird-dieses-jahr-in-allen-haeusern-zu-finden-sein\\\/#primaryimage\"},\"thumbnailUrl\":\"https:\\\/\\\/www.strassenweb.de\\\/nachrichten\\\/wp-content\\\/uploads\\\/2024\\\/12\\\/Der-Weihnachtsbaum-von-Derek-Hough-und-Hayley-Erbert-feiert-den.jpg\",\"datePublished\":\"2024-12-15T22:49:25+00:00\",\"dateModified\":\"2024-12-15T22:49:26+00:00\",\"breadcrumb\":{\"@id\":\"https:\\\/\\\/www.strassenweb.de\\\/nachrichten\\\/der-weihnachtsbaum-von-derek-hough-und-hayley-erbert-feiert-den-groessten-trend-der-saison-der-hochglanz-look-wird-dieses-jahr-in-allen-haeusern-zu-finden-sein\\\/#breadcrumb\"},\"inLanguage\":\"de\",\"potentialAction\":[{\"@type\":\"ReadAction\",\"target\":[\"https:\\\/\\\/www.strassenweb.de\\\/nachrichten\\\/der-weihnachtsbaum-von-derek-hough-und-hayley-erbert-feiert-den-groessten-trend-der-saison-der-hochglanz-look-wird-dieses-jahr-in-allen-haeusern-zu-finden-sein\\\/\"]}]},{\"@type\":\"ImageObject\",\"inLanguage\":\"de\",\"@id\":\"https:\\\/\\\/www.strassenweb.de\\\/nachrichten\\\/der-weihnachtsbaum-von-derek-hough-und-hayley-erbert-feiert-den-groessten-trend-der-saison-der-hochglanz-look-wird-dieses-jahr-in-allen-haeusern-zu-finden-sein\\\/#primaryimage\",\"url\":\"https:\\\/\\\/www.strassenweb.de\\\/nachrichten\\\/wp-content\\\/uploads\\\/2024\\\/12\\\/Der-Weihnachtsbaum-von-Derek-Hough-und-Hayley-Erbert-feiert-den.jpg\",\"contentUrl\":\"https:\\\/\\\/www.strassenweb.de\\\/nachrichten\\\/wp-content\\\/uploads\\\/2024\\\/12\\\/Der-Weihnachtsbaum-von-Derek-Hough-und-Hayley-Erbert-feiert-den.jpg\",\"width\":1200,\"height\":675,\"caption\":\"Der Weihnachtsbaum von Derek Hough und Hayley Erbert feiert den gr\u00f6\u00dften Trend der Saison \u2013 der Hochglanz-Look wird dieses Jahr in allen H\u00e4usern zu finden sein\"},{\"@type\":\"BreadcrumbList\",\"@id\":\"https:\\\/\\\/www.strassenweb.de\\\/nachrichten\\\/der-weihnachtsbaum-von-derek-hough-und-hayley-erbert-feiert-den-groessten-trend-der-saison-der-hochglanz-look-wird-dieses-jahr-in-allen-haeusern-zu-finden-sein\\\/#breadcrumb\",\"itemListElement\":[{\"@type\":\"ListItem\",\"position\":1,\"name\":\"Home\",\"item\":\"https:\\\/\\\/www.strassenweb.de\\\/nachrichten\\\/\"},{\"@type\":\"ListItem\",\"position\":2,\"name\":\"Der Weihnachtsbaum von Derek Hough und Hayley Erbert feiert den gr\u00f6\u00dften Trend der Saison \u2013 der Hochglanz-Look wird dieses Jahr in allen H\u00e4usern zu finden sein\"}]},{\"@type\":\"WebSite\",\"@id\":\"https:\\\/\\\/www.strassenweb.de\\\/nachrichten\\\/#website\",\"url\":\"https:\\\/\\\/www.strassenweb.de\\\/nachrichten\\\/\",\"name\":\"Stra\u00dfenweb\",\"description\":\"Stra\u00dfenverzeichnis f\u00fcr Deutschland\",\"publisher\":{\"@id\":\"https:\\\/\\\/www.strassenweb.de\\\/nachrichten\\\/#organization\"},\"potentialAction\":[{\"@type\":\"SearchAction\",\"target\":{\"@type\":\"EntryPoint\",\"urlTemplate\":\"https:\\\/\\\/www.strassenweb.de\\\/nachrichten\\\/?s={search_term_string}\"},\"query-input\":{\"@type\":\"PropertyValueSpecification\",\"valueRequired\":true,\"valueName\":\"search_term_string\"}}],\"inLanguage\":\"de\"},{\"@type\":\"Organization\",\"@id\":\"https:\\\/\\\/www.strassenweb.de\\\/nachrichten\\\/#organization\",\"name\":\"Stra\u00dfenweb\",\"url\":\"https:\\\/\\\/www.strassenweb.de\\\/nachrichten\\\/\",\"logo\":{\"@type\":\"ImageObject\",\"inLanguage\":\"de\",\"@id\":\"https:\\\/\\\/www.strassenweb.de\\\/nachrichten\\\/#\\\/schema\\\/logo\\\/image\\\/\",\"url\":\"https:\\\/\\\/www.strassenweb.de\\\/nachrichten\\\/wp-content\\\/uploads\\\/2024\\\/09\\\/cropped-favicon.png\",\"contentUrl\":\"https:\\\/\\\/www.strassenweb.de\\\/nachrichten\\\/wp-content\\\/uploads\\\/2024\\\/09\\\/cropped-favicon.png\",\"width\":512,\"height\":512,\"caption\":\"Stra\u00dfenweb\"},\"image\":{\"@id\":\"https:\\\/\\\/www.strassenweb.de\\\/nachrichten\\\/#\\\/schema\\\/logo\\\/image\\\/\"},\"sameAs\":[\"https:\\\/\\\/www.facebook.com\\\/strassenweb\\\/\"]},{\"@type\":\"Person\",\"@id\":\"https:\\\/\\\/www.strassenweb.de\\\/nachrichten\\\/#\\\/schema\\\/person\\\/87c9c9067f1211da429a744dc5a5aa41\",\"name\":\"Robert Hoffmann\",\"image\":{\"@type\":\"ImageObject\",\"inLanguage\":\"de\",\"@id\":\"https:\\\/\\\/www.strassenweb.de\\\/nachrichten\\\/wp-content\\\/uploads\\\/2024\\\/09\\\/strassenweb-150x150.jpg\",\"url\":\"https:\\\/\\\/www.strassenweb.de\\\/nachrichten\\\/wp-content\\\/uploads\\\/2024\\\/09\\\/strassenweb-150x150.jpg\",\"contentUrl\":\"https:\\\/\\\/www.strassenweb.de\\\/nachrichten\\\/wp-content\\\/uploads\\\/2024\\\/09\\\/strassenweb-150x150.jpg\",\"caption\":\"Robert Hoffmann\"},\"description\":\"Ich hei\u00dfe Robert Hoffmann und ich bin ein leidenschaftlicher Verfechter von \u00d6kologie und Biodiversit\u00e4t. Seit meiner Kindheit in den W\u00e4ldern Bayerns f\u00fchle ich mich mit der Natur verbunden und bin entschlossen, sie zu sch\u00fctzen. Heute widme ich mein Leben der Sensibilisierung anderer f\u00fcr die Bedeutung des Umweltschutzes f\u00fcr zuk\u00fcnftige Generationen.\",\"sameAs\":[\"https:\\\/\\\/www.strassenweb.de\\\/\"]}]}<\/script>\n<!-- \/ Yoast SEO plugin. -->","yoast_head_json":{"title":"Der Weihnachtsbaum von Derek Hough und Hayley Erbert feiert den gr\u00f6\u00dften Trend der Saison \u2013 der Hochglanz-Look wird dieses Jahr in allen H\u00e4usern zu finden sein - Nachrichten - Stra\u00dfenweb","robots":{"index":"index","follow":"follow","max-snippet":"max-snippet:-1","max-image-preview":"max-image-preview:large","max-video-preview":"max-video-preview:-1"},"canonical":"https:\/\/www.strassenweb.de\/nachrichten\/der-weihnachtsbaum-von-derek-hough-und-hayley-erbert-feiert-den-groessten-trend-der-saison-der-hochglanz-look-wird-dieses-jahr-in-allen-haeusern-zu-finden-sein\/","og_locale":"de_DE","og_type":"article","og_title":"Der Weihnachtsbaum von Derek Hough und Hayley Erbert feiert den gr\u00f6\u00dften Trend der Saison \u2013 der Hochglanz-Look wird dieses Jahr in allen H\u00e4usern zu finden sein - Nachrichten - Stra\u00dfenweb","og_description":"Silber und Gold, Silber und Gold. Der Schneemann von Rudolph das Rentier mit der roten Nase Vielleicht habe ich es zuerst gesagt, aber seit den","og_url":"https:\/\/www.strassenweb.de\/nachrichten\/der-weihnachtsbaum-von-derek-hough-und-hayley-erbert-feiert-den-groessten-trend-der-saison-der-hochglanz-look-wird-dieses-jahr-in-allen-haeusern-zu-finden-sein\/","og_site_name":"Stra\u00dfenweb","article_publisher":"https:\/\/www.facebook.com\/strassenweb\/","article_published_time":"2024-12-15T22:49:25+00:00","article_modified_time":"2024-12-15T22:49:26+00:00","og_image":[{"width":1200,"height":675,"url":"https:\/\/www.strassenweb.de\/nachrichten\/wp-content\/uploads\/2024\/12\/Der-Weihnachtsbaum-von-Derek-Hough-und-Hayley-Erbert-feiert-den.jpg","type":"image\/jpeg"}],"author":"Robert Hoffmann","twitter_card":"summary_large_image","twitter_misc":{"Verfasst von":"Robert Hoffmann","Gesch\u00e4tzte Lesezeit":"2\u00a0Minuten"},"schema":{"@context":"https:\/\/schema.org","@graph":[{"@type":"Article","@id":"https:\/\/www.strassenweb.de\/nachrichten\/der-weihnachtsbaum-von-derek-hough-und-hayley-erbert-feiert-den-groessten-trend-der-saison-der-hochglanz-look-wird-dieses-jahr-in-allen-haeusern-zu-finden-sein\/#article","isPartOf":{"@id":"https:\/\/www.strassenweb.de\/nachrichten\/der-weihnachtsbaum-von-derek-hough-und-hayley-erbert-feiert-den-groessten-trend-der-saison-der-hochglanz-look-wird-dieses-jahr-in-allen-haeusern-zu-finden-sein\/"},"author":{"name":"Robert Hoffmann","@id":"https:\/\/www.strassenweb.de\/nachrichten\/#\/schema\/person\/87c9c9067f1211da429a744dc5a5aa41"},"headline":"Der Weihnachtsbaum von Derek Hough und Hayley Erbert feiert den gr\u00f6\u00dften Trend der Saison \u2013 der Hochglanz-Look wird dieses Jahr in allen H\u00e4usern zu finden sein","datePublished":"2024-12-15T22:49:25+00:00","dateModified":"2024-12-15T22:49:26+00:00","mainEntityOfPage":{"@id":"https:\/\/www.strassenweb.de\/nachrichten\/der-weihnachtsbaum-von-derek-hough-und-hayley-erbert-feiert-den-groessten-trend-der-saison-der-hochglanz-look-wird-dieses-jahr-in-allen-haeusern-zu-finden-sein\/"},"wordCount":331,"publisher":{"@id":"https:\/\/www.strassenweb.de\/nachrichten\/#organization"},"image":{"@id":"https:\/\/www.strassenweb.de\/nachrichten\/der-weihnachtsbaum-von-derek-hough-und-hayley-erbert-feiert-den-groessten-trend-der-saison-der-hochglanz-look-wird-dieses-jahr-in-allen-haeusern-zu-finden-sein\/#primaryimage"},"thumbnailUrl":"https:\/\/www.strassenweb.de\/nachrichten\/wp-content\/uploads\/2024\/12\/Der-Weihnachtsbaum-von-Derek-Hough-und-Hayley-Erbert-feiert-den.jpg","keywords":["allen","den","der","Derek","dieses","Erbert","feiert","finden","gr\u00f6\u00dften","H\u00e4usern","Hayley","HochglanzLook","Hough","Jahr","Saison","sein","Trend","und","von","Weihnachtsbaum","wird"],"articleSection":["Haus &amp; Garten"],"inLanguage":"de"},{"@type":"WebPage","@id":"https:\/\/www.strassenweb.de\/nachrichten\/der-weihnachtsbaum-von-derek-hough-und-hayley-erbert-feiert-den-groessten-trend-der-saison-der-hochglanz-look-wird-dieses-jahr-in-allen-haeusern-zu-finden-sein\/","url":"https:\/\/www.strassenweb.de\/nachrichten\/der-weihnachtsbaum-von-derek-hough-und-hayley-erbert-feiert-den-groessten-trend-der-saison-der-hochglanz-look-wird-dieses-jahr-in-allen-haeusern-zu-finden-sein\/","name":"Der Weihnachtsbaum von Derek Hough und Hayley Erbert feiert den gr\u00f6\u00dften Trend der Saison \u2013 der Hochglanz-Look wird dieses Jahr in allen H\u00e4usern zu finden sein - Nachrichten - Stra\u00dfenweb","isPartOf":{"@id":"https:\/\/www.strassenweb.de\/nachrichten\/#website"},"primaryImageOfPage":{"@id":"https:\/\/www.strassenweb.de\/nachrichten\/der-weihnachtsbaum-von-derek-hough-und-hayley-erbert-feiert-den-groessten-trend-der-saison-der-hochglanz-look-wird-dieses-jahr-in-allen-haeusern-zu-finden-sein\/#primaryimage"},"image":{"@id":"https:\/\/www.strassenweb.de\/nachrichten\/der-weihnachtsbaum-von-derek-hough-und-hayley-erbert-feiert-den-groessten-trend-der-saison-der-hochglanz-look-wird-dieses-jahr-in-allen-haeusern-zu-finden-sein\/#primaryimage"},"thumbnailUrl":"https:\/\/www.strassenweb.de\/nachrichten\/wp-content\/uploads\/2024\/12\/Der-Weihnachtsbaum-von-Derek-Hough-und-Hayley-Erbert-feiert-den.jpg","datePublished":"2024-12-15T22:49:25+00:00","dateModified":"2024-12-15T22:49:26+00:00","breadcrumb":{"@id":"https:\/\/www.strassenweb.de\/nachrichten\/der-weihnachtsbaum-von-derek-hough-und-hayley-erbert-feiert-den-groessten-trend-der-saison-der-hochglanz-look-wird-dieses-jahr-in-allen-haeusern-zu-finden-sein\/#breadcrumb"},"inLanguage":"de","potentialAction":[{"@type":"ReadAction","target":["https:\/\/www.strassenweb.de\/nachrichten\/der-weihnachtsbaum-von-derek-hough-und-hayley-erbert-feiert-den-groessten-trend-der-saison-der-hochglanz-look-wird-dieses-jahr-in-allen-haeusern-zu-finden-sein\/"]}]},{"@type":"ImageObject","inLanguage":"de","@id":"https:\/\/www.strassenweb.de\/nachrichten\/der-weihnachtsbaum-von-derek-hough-und-hayley-erbert-feiert-den-groessten-trend-der-saison-der-hochglanz-look-wird-dieses-jahr-in-allen-haeusern-zu-finden-sein\/#primaryimage","url":"https:\/\/www.strassenweb.de\/nachrichten\/wp-content\/uploads\/2024\/12\/Der-Weihnachtsbaum-von-Derek-Hough-und-Hayley-Erbert-feiert-den.jpg","contentUrl":"https:\/\/www.strassenweb.de\/nachrichten\/wp-content\/uploads\/2024\/12\/Der-Weihnachtsbaum-von-Derek-Hough-und-Hayley-Erbert-feiert-den.jpg","width":1200,"height":675,"caption":"Der Weihnachtsbaum von Derek Hough und Hayley Erbert feiert den gr\u00f6\u00dften Trend der Saison \u2013 der Hochglanz-Look wird dieses Jahr in allen H\u00e4usern zu finden sein"},{"@type":"BreadcrumbList","@id":"https:\/\/www.strassenweb.de\/nachrichten\/der-weihnachtsbaum-von-derek-hough-und-hayley-erbert-feiert-den-groessten-trend-der-saison-der-hochglanz-look-wird-dieses-jahr-in-allen-haeusern-zu-finden-sein\/#breadcrumb","itemListElement":[{"@type":"ListItem","position":1,"name":"Home","item":"https:\/\/www.strassenweb.de\/nachrichten\/"},{"@type":"ListItem","position":2,"name":"Der Weihnachtsbaum von Derek Hough und Hayley Erbert feiert den gr\u00f6\u00dften Trend der Saison \u2013 der Hochglanz-Look wird dieses Jahr in allen H\u00e4usern zu finden sein"}]},{"@type":"WebSite","@id":"https:\/\/www.strassenweb.de\/nachrichten\/#website","url":"https:\/\/www.strassenweb.de\/nachrichten\/","name":"Stra\u00dfenweb","description":"Stra\u00dfenverzeichnis f\u00fcr Deutschland","publisher":{"@id":"https:\/\/www.strassenweb.de\/nachrichten\/#organization"},"potentialAction":[{"@type":"SearchAction","target":{"@type":"EntryPoint","urlTemplate":"https:\/\/www.strassenweb.de\/nachrichten\/?s={search_term_string}"},"query-input":{"@type":"PropertyValueSpecification","valueRequired":true,"valueName":"search_term_string"}}],"inLanguage":"de"},{"@type":"Organization","@id":"https:\/\/www.strassenweb.de\/nachrichten\/#organization","name":"Stra\u00dfenweb","url":"https:\/\/www.strassenweb.de\/nachrichten\/","logo":{"@type":"ImageObject","inLanguage":"de","@id":"https:\/\/www.strassenweb.de\/nachrichten\/#\/schema\/logo\/image\/","url":"https:\/\/www.strassenweb.de\/nachrichten\/wp-content\/uploads\/2024\/09\/cropped-favicon.png","contentUrl":"https:\/\/www.strassenweb.de\/nachrichten\/wp-content\/uploads\/2024\/09\/cropped-favicon.png","width":512,"height":512,"caption":"Stra\u00dfenweb"},"image":{"@id":"https:\/\/www.strassenweb.de\/nachrichten\/#\/schema\/logo\/image\/"},"sameAs":["https:\/\/www.facebook.com\/strassenweb\/"]},{"@type":"Person","@id":"https:\/\/www.strassenweb.de\/nachrichten\/#\/schema\/person\/87c9c9067f1211da429a744dc5a5aa41","name":"Robert Hoffmann","image":{"@type":"ImageObject","inLanguage":"de","@id":"https:\/\/www.strassenweb.de\/nachrichten\/wp-content\/uploads\/2024\/09\/strassenweb-150x150.jpg","url":"https:\/\/www.strassenweb.de\/nachrichten\/wp-content\/uploads\/2024\/09\/strassenweb-150x150.jpg","contentUrl":"https:\/\/www.strassenweb.de\/nachrichten\/wp-content\/uploads\/2024\/09\/strassenweb-150x150.jpg","caption":"Robert Hoffmann"},"description":"Ich hei\u00dfe Robert Hoffmann und ich bin ein leidenschaftlicher Verfechter von \u00d6kologie und Biodiversit\u00e4t. Seit meiner Kindheit in den W\u00e4ldern Bayerns f\u00fchle ich mich mit der Natur verbunden und bin entschlossen, sie zu sch\u00fctzen. Heute widme ich mein Leben der Sensibilisierung anderer f\u00fcr die Bedeutung des Umweltschutzes f\u00fcr zuk\u00fcnftige Generationen.","sameAs":["https:\/\/www.strassenweb.de\/"]}]}},"_links":{"self":[{"href":"https:\/\/www.strassenweb.de\/nachrichten\/wp-json\/wp\/v2\/posts\/2152","targetHints":{"allow":["GET"]}}],"collection":[{"href":"https:\/\/www.strassenweb.de\/nachrichten\/wp-json\/wp\/v2\/posts"}],"about":[{"href":"https:\/\/www.strassenweb.de\/nachrichten\/wp-json\/wp\/v2\/types\/post"}],"author":[{"embeddable":true,"href":"https:\/\/www.strassenweb.de\/nachrichten\/wp-json\/wp\/v2\/users\/1"}],"replies":[{"embeddable":true,"href":"https:\/\/www.strassenweb.de\/nachrichten\/wp-json\/wp\/v2\/comments?post=2152"}],"version-history":[{"count":0,"href":"https:\/\/www.strassenweb.de\/nachrichten\/wp-json\/wp\/v2\/posts\/2152\/revisions"}],"wp:featuredmedia":[{"embeddable":true,"href":"https:\/\/www.strassenweb.de\/nachrichten\/wp-json\/wp\/v2\/media\/2153"}],"wp:attachment":[{"href":"https:\/\/www.strassenweb.de\/nachrichten\/wp-json\/wp\/v2\/media?parent=2152"}],"wp:term":[{"taxonomy":"category","embeddable":true,"href":"https:\/\/www.strassenweb.de\/nachrichten\/wp-json\/wp\/v2\/categories?post=2152"},{"taxonomy":"post_tag","embeddable":true,"href":"https:\/\/www.strassenweb.de\/nachrichten\/wp-json\/wp\/v2\/tags?post=2152"}],"curies":[{"name":"wp","href":"https:\/\/api.w.org\/{rel}","templated":true}]}}