{"id":215,"date":"2024-09-25T07:06:58","date_gmt":"2024-09-25T05:06:58","guid":{"rendered":"https:\/\/www.strassenweb.de\/nachrichten\/die-wirtschaft-braucht-politische-stabilitaet-auch-neonazis-schaden-der-tasche-der-ultra-sieg-in-deutschland-wird-fuehren-arbeitskraeftemangel\/"},"modified":"2024-09-25T07:07:00","modified_gmt":"2024-09-25T05:07:00","slug":"die-wirtschaft-braucht-politische-stabilitaet-auch-neonazis-schaden-der-tasche-der-ultra-sieg-in-deutschland-wird-fuehren-arbeitskraeftemangel","status":"publish","type":"post","link":"https:\/\/www.strassenweb.de\/nachrichten\/die-wirtschaft-braucht-politische-stabilitaet-auch-neonazis-schaden-der-tasche-der-ultra-sieg-in-deutschland-wird-fuehren-arbeitskraeftemangel\/","title":{"rendered":"Die Wirtschaft braucht politische Stabilit\u00e4t Auch Neonazis schaden der Tasche: Der Ultra-Sieg in Deutschland wird f\u00fchren &quot;Arbeitskr\u00e4ftemangel&quot;"},"content":{"rendered":"<footer class=\"article-main__signed\"><\/footer>\n<p>Deutschland versucht zu verstehen, warum die Neonazis Wahlen gewonnen haben und welche Konsequenzen ihr Sieg haben wird. Und inzwischen erhebt die Gesch\u00e4ftswelt heute ihre Stimme. Diese drei Experten sind sich in ihren Analysen der letzten Stunden einig: Neonazis schaden auch dem Geldbeutel.<\/p>\n<p>Rainer-Viktor Dulger, Pr\u00e4sident des deutschen Arbeitgeberverbandes \u201eDeutsche Garamendi\u201c, erinnert daran, dass die Wirtschaft politische Stabilit\u00e4t brauche, genau das Gegenteil von dem, was sie sei. <b>Alternative f\u00fcr Deutschland<\/b> (AfD).<\/p>\n<p>Die Pr\u00e4sidentin des Sachverst\u00e4ndigenrats zur Begutachtung der deutschen Wirtschaft, Monika Schnitzer, eine prominente Pers\u00f6nlichkeit im Land, prognostiziert, dass dort die Ultras gesiegt haben<b> \u201eEs wird ihnen an qualifizierten Arbeitskr\u00e4ften mangeln.\u201c<\/b><\/p>\n<p>Diese Experten waren nicht die Einzigen, die vorhersagten, dass Neonazis den Geldbeuteln schaden werden. Der Pr\u00e4sident des Deutschen Instituts f\u00fcr Wirtschaftsforschung, Marcel Fratzscher, warnt vor dem \u201eVerlust von Arbeitspl\u00e4tzen und ausl\u00e4ndischen Investitionen\u201c.<\/p>\n<h2 class=\"title-h2\">Nazis gewinnen erneut Wahlen in Deutschland<\/h2>\n<p>Die deutsche extreme Rechte war die <b>Gro\u00dfer Gewinner der Regionalwahlen<\/b> Sie fanden in Th\u00fcringen und Sachsen statt und belegten in der ersten Region, in der die Nazis 1929 Teil einer Regierung waren, den ersten und im anderen Bundesland (knapp) den zweiten Platz. In Th\u00fcringen erreichten sie jede dritte Stimme, w\u00e4hrend die Sozialdemokraten von Kanzler Olaf Scholz nicht einmal 10 % erreichten.<\/p>\n<p>Die Wahrheit ist, dass die Alternative f\u00fcr Deutschland (AfD) trotz ihres Sieges keine Mehrheit hat und gegen die Partei ein \u201eCordon sanitaire\u201c besteht, um sie an der Regierung zu hindern. Auf den Sieg wurde mit Demonstrationen in verschiedenen Teilen des Landes reagiert, bei denen es zu Protesten und Sprechch\u00f6ren gegen die AfD kam, w\u00e4hrend ihre wichtigsten F\u00fchrer mit dem Sieg prahlten.<\/p>\n<div><\/div>\n<p>\u201eWir sind mit Abstand st\u00e4rkste Kraft. Wir sind die neue Volkspartei in Th\u00fcringen, das ist ein historischer Sieg f\u00fcr uns und was mich auch stolz macht, ist, dass wir als AfD Th\u00fcringen der erste Landesverband sind, der diesen gro\u00dfartigen Parlamentssieg errungen hat.\u201c f\u00fcr die AfD\u201c, sagte Bj\u00f6rn H\u00f6cke.<\/p>\n","protected":false},"excerpt":{"rendered":"<p>Deutschland versucht zu verstehen, warum die Neonazis Wahlen gewonnen haben und welche Konsequenzen ihr Sieg haben wird. Und inzwischen erhebt die Gesch\u00e4ftswelt heute ihre Stimme.<\/p>\n","protected":false},"author":1,"featured_media":216,"comment_status":"closed","ping_status":"","sticky":false,"template":"","format":"standard","meta":{"footnotes":""},"categories":[4],"tags":[436,433,81,35,9,441,437,434,442,438,435,439,440,71,243],"class_list":["post-215","post","type-post","status-publish","format-standard","has-post-thumbnail","hentry","category-aktuelle-nachrichten","tag-auch","tag-braucht","tag-der","tag-deutschland","tag-die","tag-fuehren","tag-neonazis","tag-politische","tag-quotarbeitskraeftemangelquot","tag-schaden","tag-stabilitaet","tag-tasche","tag-ultrasieg","tag-wird","tag-wirtschaft","generate-columns","tablet-grid-50","mobile-grid-100","grid-parent","grid-50"],"yoast_head":"<!-- This site is optimized with the Yoast SEO plugin v27.3 - https:\/\/yoast.com\/product\/yoast-seo-wordpress\/ -->\n<title>Die Wirtschaft braucht politische Stabilit\u00e4t Auch Neonazis schaden der Tasche: Der Ultra-Sieg in Deutschland wird f\u00fchren &quot;Arbeitskr\u00e4ftemangel&quot; - Nachrichten - Stra\u00dfenweb<\/title>\n<meta name=\"robots\" content=\"index, follow, max-snippet:-1, max-image-preview:large, max-video-preview:-1\" \/>\n<link rel=\"canonical\" href=\"https:\/\/www.strassenweb.de\/nachrichten\/die-wirtschaft-braucht-politische-stabilitaet-auch-neonazis-schaden-der-tasche-der-ultra-sieg-in-deutschland-wird-fuehren-arbeitskraeftemangel\/\" \/>\n<meta property=\"og:locale\" content=\"de_DE\" \/>\n<meta property=\"og:type\" content=\"article\" \/>\n<meta property=\"og:title\" content=\"Die Wirtschaft braucht politische Stabilit\u00e4t Auch Neonazis schaden der Tasche: Der Ultra-Sieg in Deutschland wird f\u00fchren &quot;Arbeitskr\u00e4ftemangel&quot; - Nachrichten - Stra\u00dfenweb\" \/>\n<meta property=\"og:description\" content=\"Deutschland versucht zu verstehen, warum die Neonazis Wahlen gewonnen haben und welche Konsequenzen ihr Sieg haben wird. Und inzwischen erhebt die Gesch\u00e4ftswelt heute ihre Stimme.\" \/>\n<meta property=\"og:url\" content=\"https:\/\/www.strassenweb.de\/nachrichten\/die-wirtschaft-braucht-politische-stabilitaet-auch-neonazis-schaden-der-tasche-der-ultra-sieg-in-deutschland-wird-fuehren-arbeitskraeftemangel\/\" \/>\n<meta property=\"og:site_name\" content=\"Stra\u00dfenweb\" \/>\n<meta property=\"article:publisher\" content=\"https:\/\/www.facebook.com\/strassenweb\/\" \/>\n<meta property=\"article:published_time\" content=\"2024-09-25T05:06:58+00:00\" \/>\n<meta property=\"article:modified_time\" content=\"2024-09-25T05:07:00+00:00\" \/>\n<meta property=\"og:image\" content=\"https:\/\/www.strassenweb.de\/nachrichten\/wp-content\/uploads\/2024\/09\/Die-Wirtschaft-braucht-politische-Stabilitaet-Auch-Neonazis-schaden-der-Tasche.jpg\" \/>\n\t<meta property=\"og:image:width\" content=\"1280\" \/>\n\t<meta property=\"og:image:height\" content=\"720\" \/>\n\t<meta property=\"og:image:type\" content=\"image\/jpeg\" \/>\n<meta name=\"author\" content=\"Robert Hoffmann\" \/>\n<meta name=\"twitter:card\" content=\"summary_large_image\" \/>\n<meta name=\"twitter:label1\" content=\"Verfasst von\" \/>\n\t<meta name=\"twitter:data1\" content=\"Robert Hoffmann\" \/>\n\t<meta name=\"twitter:label2\" content=\"Gesch\u00e4tzte Lesezeit\" \/>\n\t<meta name=\"twitter:data2\" content=\"2\u00a0Minuten\" \/>\n<script type=\"application\/ld+json\" class=\"yoast-schema-graph\">{\"@context\":\"https:\\\/\\\/schema.org\",\"@graph\":[{\"@type\":\"Article\",\"@id\":\"https:\\\/\\\/www.strassenweb.de\\\/nachrichten\\\/die-wirtschaft-braucht-politische-stabilitaet-auch-neonazis-schaden-der-tasche-der-ultra-sieg-in-deutschland-wird-fuehren-arbeitskraeftemangel\\\/#article\",\"isPartOf\":{\"@id\":\"https:\\\/\\\/www.strassenweb.de\\\/nachrichten\\\/die-wirtschaft-braucht-politische-stabilitaet-auch-neonazis-schaden-der-tasche-der-ultra-sieg-in-deutschland-wird-fuehren-arbeitskraeftemangel\\\/\"},\"author\":{\"name\":\"Robert Hoffmann\",\"@id\":\"https:\\\/\\\/www.strassenweb.de\\\/nachrichten\\\/#\\\/schema\\\/person\\\/87c9c9067f1211da429a744dc5a5aa41\"},\"headline\":\"Die Wirtschaft braucht politische Stabilit\u00e4t Auch Neonazis schaden der Tasche: Der Ultra-Sieg in Deutschland wird f\u00fchren &quot;Arbeitskr\u00e4ftemangel&quot;\",\"datePublished\":\"2024-09-25T05:06:58+00:00\",\"dateModified\":\"2024-09-25T05:07:00+00:00\",\"mainEntityOfPage\":{\"@id\":\"https:\\\/\\\/www.strassenweb.de\\\/nachrichten\\\/die-wirtschaft-braucht-politische-stabilitaet-auch-neonazis-schaden-der-tasche-der-ultra-sieg-in-deutschland-wird-fuehren-arbeitskraeftemangel\\\/\"},\"wordCount\":355,\"publisher\":{\"@id\":\"https:\\\/\\\/www.strassenweb.de\\\/nachrichten\\\/#organization\"},\"image\":{\"@id\":\"https:\\\/\\\/www.strassenweb.de\\\/nachrichten\\\/die-wirtschaft-braucht-politische-stabilitaet-auch-neonazis-schaden-der-tasche-der-ultra-sieg-in-deutschland-wird-fuehren-arbeitskraeftemangel\\\/#primaryimage\"},\"thumbnailUrl\":\"https:\\\/\\\/www.strassenweb.de\\\/nachrichten\\\/wp-content\\\/uploads\\\/2024\\\/09\\\/Die-Wirtschaft-braucht-politische-Stabilitaet-Auch-Neonazis-schaden-der-Tasche.jpg\",\"keywords\":[\"Auch\",\"braucht\",\"der\",\"Deutschland\",\"die\",\"f\u00fchren\",\"Neonazis\",\"politische\",\"quotArbeitskr\u00e4ftemangelquot\",\"schaden\",\"Stabilit\u00e4t\",\"Tasche\",\"UltraSieg\",\"wird\",\"Wirtschaft\"],\"articleSection\":[\"Aktuelle Nachrichten\"],\"inLanguage\":\"de\"},{\"@type\":\"WebPage\",\"@id\":\"https:\\\/\\\/www.strassenweb.de\\\/nachrichten\\\/die-wirtschaft-braucht-politische-stabilitaet-auch-neonazis-schaden-der-tasche-der-ultra-sieg-in-deutschland-wird-fuehren-arbeitskraeftemangel\\\/\",\"url\":\"https:\\\/\\\/www.strassenweb.de\\\/nachrichten\\\/die-wirtschaft-braucht-politische-stabilitaet-auch-neonazis-schaden-der-tasche-der-ultra-sieg-in-deutschland-wird-fuehren-arbeitskraeftemangel\\\/\",\"name\":\"Die Wirtschaft braucht politische Stabilit\u00e4t Auch Neonazis schaden der Tasche: Der Ultra-Sieg in Deutschland wird f\u00fchren &quot;Arbeitskr\u00e4ftemangel&quot; - Nachrichten - Stra\u00dfenweb\",\"isPartOf\":{\"@id\":\"https:\\\/\\\/www.strassenweb.de\\\/nachrichten\\\/#website\"},\"primaryImageOfPage\":{\"@id\":\"https:\\\/\\\/www.strassenweb.de\\\/nachrichten\\\/die-wirtschaft-braucht-politische-stabilitaet-auch-neonazis-schaden-der-tasche-der-ultra-sieg-in-deutschland-wird-fuehren-arbeitskraeftemangel\\\/#primaryimage\"},\"image\":{\"@id\":\"https:\\\/\\\/www.strassenweb.de\\\/nachrichten\\\/die-wirtschaft-braucht-politische-stabilitaet-auch-neonazis-schaden-der-tasche-der-ultra-sieg-in-deutschland-wird-fuehren-arbeitskraeftemangel\\\/#primaryimage\"},\"thumbnailUrl\":\"https:\\\/\\\/www.strassenweb.de\\\/nachrichten\\\/wp-content\\\/uploads\\\/2024\\\/09\\\/Die-Wirtschaft-braucht-politische-Stabilitaet-Auch-Neonazis-schaden-der-Tasche.jpg\",\"datePublished\":\"2024-09-25T05:06:58+00:00\",\"dateModified\":\"2024-09-25T05:07:00+00:00\",\"breadcrumb\":{\"@id\":\"https:\\\/\\\/www.strassenweb.de\\\/nachrichten\\\/die-wirtschaft-braucht-politische-stabilitaet-auch-neonazis-schaden-der-tasche-der-ultra-sieg-in-deutschland-wird-fuehren-arbeitskraeftemangel\\\/#breadcrumb\"},\"inLanguage\":\"de\",\"potentialAction\":[{\"@type\":\"ReadAction\",\"target\":[\"https:\\\/\\\/www.strassenweb.de\\\/nachrichten\\\/die-wirtschaft-braucht-politische-stabilitaet-auch-neonazis-schaden-der-tasche-der-ultra-sieg-in-deutschland-wird-fuehren-arbeitskraeftemangel\\\/\"]}]},{\"@type\":\"ImageObject\",\"inLanguage\":\"de\",\"@id\":\"https:\\\/\\\/www.strassenweb.de\\\/nachrichten\\\/die-wirtschaft-braucht-politische-stabilitaet-auch-neonazis-schaden-der-tasche-der-ultra-sieg-in-deutschland-wird-fuehren-arbeitskraeftemangel\\\/#primaryimage\",\"url\":\"https:\\\/\\\/www.strassenweb.de\\\/nachrichten\\\/wp-content\\\/uploads\\\/2024\\\/09\\\/Die-Wirtschaft-braucht-politische-Stabilitaet-Auch-Neonazis-schaden-der-Tasche.jpg\",\"contentUrl\":\"https:\\\/\\\/www.strassenweb.de\\\/nachrichten\\\/wp-content\\\/uploads\\\/2024\\\/09\\\/Die-Wirtschaft-braucht-politische-Stabilitaet-Auch-Neonazis-schaden-der-Tasche.jpg\",\"width\":1280,\"height\":720,\"caption\":\"Die Wirtschaft braucht politische Stabilit\u00e4t Auch Neonazis schaden der Tasche: Der Ultra-Sieg in Deutschland wird f\u00fchren &quot;Arbeitskr\u00e4ftemangel&quot;\"},{\"@type\":\"BreadcrumbList\",\"@id\":\"https:\\\/\\\/www.strassenweb.de\\\/nachrichten\\\/die-wirtschaft-braucht-politische-stabilitaet-auch-neonazis-schaden-der-tasche-der-ultra-sieg-in-deutschland-wird-fuehren-arbeitskraeftemangel\\\/#breadcrumb\",\"itemListElement\":[{\"@type\":\"ListItem\",\"position\":1,\"name\":\"Home\",\"item\":\"https:\\\/\\\/www.strassenweb.de\\\/nachrichten\\\/\"},{\"@type\":\"ListItem\",\"position\":2,\"name\":\"Die Wirtschaft braucht politische Stabilit\u00e4t Auch Neonazis schaden der Tasche: Der Ultra-Sieg in Deutschland wird f\u00fchren &quot;Arbeitskr\u00e4ftemangel&quot;\"}]},{\"@type\":\"WebSite\",\"@id\":\"https:\\\/\\\/www.strassenweb.de\\\/nachrichten\\\/#website\",\"url\":\"https:\\\/\\\/www.strassenweb.de\\\/nachrichten\\\/\",\"name\":\"Stra\u00dfenweb\",\"description\":\"Stra\u00dfenverzeichnis f\u00fcr Deutschland\",\"publisher\":{\"@id\":\"https:\\\/\\\/www.strassenweb.de\\\/nachrichten\\\/#organization\"},\"potentialAction\":[{\"@type\":\"SearchAction\",\"target\":{\"@type\":\"EntryPoint\",\"urlTemplate\":\"https:\\\/\\\/www.strassenweb.de\\\/nachrichten\\\/?s={search_term_string}\"},\"query-input\":{\"@type\":\"PropertyValueSpecification\",\"valueRequired\":true,\"valueName\":\"search_term_string\"}}],\"inLanguage\":\"de\"},{\"@type\":\"Organization\",\"@id\":\"https:\\\/\\\/www.strassenweb.de\\\/nachrichten\\\/#organization\",\"name\":\"Stra\u00dfenweb\",\"url\":\"https:\\\/\\\/www.strassenweb.de\\\/nachrichten\\\/\",\"logo\":{\"@type\":\"ImageObject\",\"inLanguage\":\"de\",\"@id\":\"https:\\\/\\\/www.strassenweb.de\\\/nachrichten\\\/#\\\/schema\\\/logo\\\/image\\\/\",\"url\":\"https:\\\/\\\/www.strassenweb.de\\\/nachrichten\\\/wp-content\\\/uploads\\\/2024\\\/09\\\/cropped-favicon.png\",\"contentUrl\":\"https:\\\/\\\/www.strassenweb.de\\\/nachrichten\\\/wp-content\\\/uploads\\\/2024\\\/09\\\/cropped-favicon.png\",\"width\":512,\"height\":512,\"caption\":\"Stra\u00dfenweb\"},\"image\":{\"@id\":\"https:\\\/\\\/www.strassenweb.de\\\/nachrichten\\\/#\\\/schema\\\/logo\\\/image\\\/\"},\"sameAs\":[\"https:\\\/\\\/www.facebook.com\\\/strassenweb\\\/\"]},{\"@type\":\"Person\",\"@id\":\"https:\\\/\\\/www.strassenweb.de\\\/nachrichten\\\/#\\\/schema\\\/person\\\/87c9c9067f1211da429a744dc5a5aa41\",\"name\":\"Robert Hoffmann\",\"image\":{\"@type\":\"ImageObject\",\"inLanguage\":\"de\",\"@id\":\"https:\\\/\\\/www.strassenweb.de\\\/nachrichten\\\/wp-content\\\/uploads\\\/2024\\\/09\\\/strassenweb-150x150.jpg\",\"url\":\"https:\\\/\\\/www.strassenweb.de\\\/nachrichten\\\/wp-content\\\/uploads\\\/2024\\\/09\\\/strassenweb-150x150.jpg\",\"contentUrl\":\"https:\\\/\\\/www.strassenweb.de\\\/nachrichten\\\/wp-content\\\/uploads\\\/2024\\\/09\\\/strassenweb-150x150.jpg\",\"caption\":\"Robert Hoffmann\"},\"description\":\"Ich hei\u00dfe Robert Hoffmann und ich bin ein leidenschaftlicher Verfechter von \u00d6kologie und Biodiversit\u00e4t. Seit meiner Kindheit in den W\u00e4ldern Bayerns f\u00fchle ich mich mit der Natur verbunden und bin entschlossen, sie zu sch\u00fctzen. Heute widme ich mein Leben der Sensibilisierung anderer f\u00fcr die Bedeutung des Umweltschutzes f\u00fcr zuk\u00fcnftige Generationen.\",\"sameAs\":[\"https:\\\/\\\/www.strassenweb.de\\\/\"]}]}<\/script>\n<!-- \/ Yoast SEO plugin. -->","yoast_head_json":{"title":"Die Wirtschaft braucht politische Stabilit\u00e4t Auch Neonazis schaden der Tasche: Der Ultra-Sieg in Deutschland wird f\u00fchren &quot;Arbeitskr\u00e4ftemangel&quot; - Nachrichten - Stra\u00dfenweb","robots":{"index":"index","follow":"follow","max-snippet":"max-snippet:-1","max-image-preview":"max-image-preview:large","max-video-preview":"max-video-preview:-1"},"canonical":"https:\/\/www.strassenweb.de\/nachrichten\/die-wirtschaft-braucht-politische-stabilitaet-auch-neonazis-schaden-der-tasche-der-ultra-sieg-in-deutschland-wird-fuehren-arbeitskraeftemangel\/","og_locale":"de_DE","og_type":"article","og_title":"Die Wirtschaft braucht politische Stabilit\u00e4t Auch Neonazis schaden der Tasche: Der Ultra-Sieg in Deutschland wird f\u00fchren &quot;Arbeitskr\u00e4ftemangel&quot; - Nachrichten - Stra\u00dfenweb","og_description":"Deutschland versucht zu verstehen, warum die Neonazis Wahlen gewonnen haben und welche Konsequenzen ihr Sieg haben wird. Und inzwischen erhebt die Gesch\u00e4ftswelt heute ihre Stimme.","og_url":"https:\/\/www.strassenweb.de\/nachrichten\/die-wirtschaft-braucht-politische-stabilitaet-auch-neonazis-schaden-der-tasche-der-ultra-sieg-in-deutschland-wird-fuehren-arbeitskraeftemangel\/","og_site_name":"Stra\u00dfenweb","article_publisher":"https:\/\/www.facebook.com\/strassenweb\/","article_published_time":"2024-09-25T05:06:58+00:00","article_modified_time":"2024-09-25T05:07:00+00:00","og_image":[{"width":1280,"height":720,"url":"https:\/\/www.strassenweb.de\/nachrichten\/wp-content\/uploads\/2024\/09\/Die-Wirtschaft-braucht-politische-Stabilitaet-Auch-Neonazis-schaden-der-Tasche.jpg","type":"image\/jpeg"}],"author":"Robert Hoffmann","twitter_card":"summary_large_image","twitter_misc":{"Verfasst von":"Robert Hoffmann","Gesch\u00e4tzte Lesezeit":"2\u00a0Minuten"},"schema":{"@context":"https:\/\/schema.org","@graph":[{"@type":"Article","@id":"https:\/\/www.strassenweb.de\/nachrichten\/die-wirtschaft-braucht-politische-stabilitaet-auch-neonazis-schaden-der-tasche-der-ultra-sieg-in-deutschland-wird-fuehren-arbeitskraeftemangel\/#article","isPartOf":{"@id":"https:\/\/www.strassenweb.de\/nachrichten\/die-wirtschaft-braucht-politische-stabilitaet-auch-neonazis-schaden-der-tasche-der-ultra-sieg-in-deutschland-wird-fuehren-arbeitskraeftemangel\/"},"author":{"name":"Robert Hoffmann","@id":"https:\/\/www.strassenweb.de\/nachrichten\/#\/schema\/person\/87c9c9067f1211da429a744dc5a5aa41"},"headline":"Die Wirtschaft braucht politische Stabilit\u00e4t Auch Neonazis schaden der Tasche: Der Ultra-Sieg in Deutschland wird f\u00fchren &quot;Arbeitskr\u00e4ftemangel&quot;","datePublished":"2024-09-25T05:06:58+00:00","dateModified":"2024-09-25T05:07:00+00:00","mainEntityOfPage":{"@id":"https:\/\/www.strassenweb.de\/nachrichten\/die-wirtschaft-braucht-politische-stabilitaet-auch-neonazis-schaden-der-tasche-der-ultra-sieg-in-deutschland-wird-fuehren-arbeitskraeftemangel\/"},"wordCount":355,"publisher":{"@id":"https:\/\/www.strassenweb.de\/nachrichten\/#organization"},"image":{"@id":"https:\/\/www.strassenweb.de\/nachrichten\/die-wirtschaft-braucht-politische-stabilitaet-auch-neonazis-schaden-der-tasche-der-ultra-sieg-in-deutschland-wird-fuehren-arbeitskraeftemangel\/#primaryimage"},"thumbnailUrl":"https:\/\/www.strassenweb.de\/nachrichten\/wp-content\/uploads\/2024\/09\/Die-Wirtschaft-braucht-politische-Stabilitaet-Auch-Neonazis-schaden-der-Tasche.jpg","keywords":["Auch","braucht","der","Deutschland","die","f\u00fchren","Neonazis","politische","quotArbeitskr\u00e4ftemangelquot","schaden","Stabilit\u00e4t","Tasche","UltraSieg","wird","Wirtschaft"],"articleSection":["Aktuelle Nachrichten"],"inLanguage":"de"},{"@type":"WebPage","@id":"https:\/\/www.strassenweb.de\/nachrichten\/die-wirtschaft-braucht-politische-stabilitaet-auch-neonazis-schaden-der-tasche-der-ultra-sieg-in-deutschland-wird-fuehren-arbeitskraeftemangel\/","url":"https:\/\/www.strassenweb.de\/nachrichten\/die-wirtschaft-braucht-politische-stabilitaet-auch-neonazis-schaden-der-tasche-der-ultra-sieg-in-deutschland-wird-fuehren-arbeitskraeftemangel\/","name":"Die Wirtschaft braucht politische Stabilit\u00e4t Auch Neonazis schaden der Tasche: Der Ultra-Sieg in Deutschland wird f\u00fchren &quot;Arbeitskr\u00e4ftemangel&quot; - Nachrichten - Stra\u00dfenweb","isPartOf":{"@id":"https:\/\/www.strassenweb.de\/nachrichten\/#website"},"primaryImageOfPage":{"@id":"https:\/\/www.strassenweb.de\/nachrichten\/die-wirtschaft-braucht-politische-stabilitaet-auch-neonazis-schaden-der-tasche-der-ultra-sieg-in-deutschland-wird-fuehren-arbeitskraeftemangel\/#primaryimage"},"image":{"@id":"https:\/\/www.strassenweb.de\/nachrichten\/die-wirtschaft-braucht-politische-stabilitaet-auch-neonazis-schaden-der-tasche-der-ultra-sieg-in-deutschland-wird-fuehren-arbeitskraeftemangel\/#primaryimage"},"thumbnailUrl":"https:\/\/www.strassenweb.de\/nachrichten\/wp-content\/uploads\/2024\/09\/Die-Wirtschaft-braucht-politische-Stabilitaet-Auch-Neonazis-schaden-der-Tasche.jpg","datePublished":"2024-09-25T05:06:58+00:00","dateModified":"2024-09-25T05:07:00+00:00","breadcrumb":{"@id":"https:\/\/www.strassenweb.de\/nachrichten\/die-wirtschaft-braucht-politische-stabilitaet-auch-neonazis-schaden-der-tasche-der-ultra-sieg-in-deutschland-wird-fuehren-arbeitskraeftemangel\/#breadcrumb"},"inLanguage":"de","potentialAction":[{"@type":"ReadAction","target":["https:\/\/www.strassenweb.de\/nachrichten\/die-wirtschaft-braucht-politische-stabilitaet-auch-neonazis-schaden-der-tasche-der-ultra-sieg-in-deutschland-wird-fuehren-arbeitskraeftemangel\/"]}]},{"@type":"ImageObject","inLanguage":"de","@id":"https:\/\/www.strassenweb.de\/nachrichten\/die-wirtschaft-braucht-politische-stabilitaet-auch-neonazis-schaden-der-tasche-der-ultra-sieg-in-deutschland-wird-fuehren-arbeitskraeftemangel\/#primaryimage","url":"https:\/\/www.strassenweb.de\/nachrichten\/wp-content\/uploads\/2024\/09\/Die-Wirtschaft-braucht-politische-Stabilitaet-Auch-Neonazis-schaden-der-Tasche.jpg","contentUrl":"https:\/\/www.strassenweb.de\/nachrichten\/wp-content\/uploads\/2024\/09\/Die-Wirtschaft-braucht-politische-Stabilitaet-Auch-Neonazis-schaden-der-Tasche.jpg","width":1280,"height":720,"caption":"Die Wirtschaft braucht politische Stabilit\u00e4t Auch Neonazis schaden der Tasche: Der Ultra-Sieg in Deutschland wird f\u00fchren &quot;Arbeitskr\u00e4ftemangel&quot;"},{"@type":"BreadcrumbList","@id":"https:\/\/www.strassenweb.de\/nachrichten\/die-wirtschaft-braucht-politische-stabilitaet-auch-neonazis-schaden-der-tasche-der-ultra-sieg-in-deutschland-wird-fuehren-arbeitskraeftemangel\/#breadcrumb","itemListElement":[{"@type":"ListItem","position":1,"name":"Home","item":"https:\/\/www.strassenweb.de\/nachrichten\/"},{"@type":"ListItem","position":2,"name":"Die Wirtschaft braucht politische Stabilit\u00e4t Auch Neonazis schaden der Tasche: Der Ultra-Sieg in Deutschland wird f\u00fchren &quot;Arbeitskr\u00e4ftemangel&quot;"}]},{"@type":"WebSite","@id":"https:\/\/www.strassenweb.de\/nachrichten\/#website","url":"https:\/\/www.strassenweb.de\/nachrichten\/","name":"Stra\u00dfenweb","description":"Stra\u00dfenverzeichnis f\u00fcr Deutschland","publisher":{"@id":"https:\/\/www.strassenweb.de\/nachrichten\/#organization"},"potentialAction":[{"@type":"SearchAction","target":{"@type":"EntryPoint","urlTemplate":"https:\/\/www.strassenweb.de\/nachrichten\/?s={search_term_string}"},"query-input":{"@type":"PropertyValueSpecification","valueRequired":true,"valueName":"search_term_string"}}],"inLanguage":"de"},{"@type":"Organization","@id":"https:\/\/www.strassenweb.de\/nachrichten\/#organization","name":"Stra\u00dfenweb","url":"https:\/\/www.strassenweb.de\/nachrichten\/","logo":{"@type":"ImageObject","inLanguage":"de","@id":"https:\/\/www.strassenweb.de\/nachrichten\/#\/schema\/logo\/image\/","url":"https:\/\/www.strassenweb.de\/nachrichten\/wp-content\/uploads\/2024\/09\/cropped-favicon.png","contentUrl":"https:\/\/www.strassenweb.de\/nachrichten\/wp-content\/uploads\/2024\/09\/cropped-favicon.png","width":512,"height":512,"caption":"Stra\u00dfenweb"},"image":{"@id":"https:\/\/www.strassenweb.de\/nachrichten\/#\/schema\/logo\/image\/"},"sameAs":["https:\/\/www.facebook.com\/strassenweb\/"]},{"@type":"Person","@id":"https:\/\/www.strassenweb.de\/nachrichten\/#\/schema\/person\/87c9c9067f1211da429a744dc5a5aa41","name":"Robert Hoffmann","image":{"@type":"ImageObject","inLanguage":"de","@id":"https:\/\/www.strassenweb.de\/nachrichten\/wp-content\/uploads\/2024\/09\/strassenweb-150x150.jpg","url":"https:\/\/www.strassenweb.de\/nachrichten\/wp-content\/uploads\/2024\/09\/strassenweb-150x150.jpg","contentUrl":"https:\/\/www.strassenweb.de\/nachrichten\/wp-content\/uploads\/2024\/09\/strassenweb-150x150.jpg","caption":"Robert Hoffmann"},"description":"Ich hei\u00dfe Robert Hoffmann und ich bin ein leidenschaftlicher Verfechter von \u00d6kologie und Biodiversit\u00e4t. Seit meiner Kindheit in den W\u00e4ldern Bayerns f\u00fchle ich mich mit der Natur verbunden und bin entschlossen, sie zu sch\u00fctzen. Heute widme ich mein Leben der Sensibilisierung anderer f\u00fcr die Bedeutung des Umweltschutzes f\u00fcr zuk\u00fcnftige Generationen.","sameAs":["https:\/\/www.strassenweb.de\/"]}]}},"_links":{"self":[{"href":"https:\/\/www.strassenweb.de\/nachrichten\/wp-json\/wp\/v2\/posts\/215","targetHints":{"allow":["GET"]}}],"collection":[{"href":"https:\/\/www.strassenweb.de\/nachrichten\/wp-json\/wp\/v2\/posts"}],"about":[{"href":"https:\/\/www.strassenweb.de\/nachrichten\/wp-json\/wp\/v2\/types\/post"}],"author":[{"embeddable":true,"href":"https:\/\/www.strassenweb.de\/nachrichten\/wp-json\/wp\/v2\/users\/1"}],"replies":[{"embeddable":true,"href":"https:\/\/www.strassenweb.de\/nachrichten\/wp-json\/wp\/v2\/comments?post=215"}],"version-history":[{"count":0,"href":"https:\/\/www.strassenweb.de\/nachrichten\/wp-json\/wp\/v2\/posts\/215\/revisions"}],"wp:featuredmedia":[{"embeddable":true,"href":"https:\/\/www.strassenweb.de\/nachrichten\/wp-json\/wp\/v2\/media\/216"}],"wp:attachment":[{"href":"https:\/\/www.strassenweb.de\/nachrichten\/wp-json\/wp\/v2\/media?parent=215"}],"wp:term":[{"taxonomy":"category","embeddable":true,"href":"https:\/\/www.strassenweb.de\/nachrichten\/wp-json\/wp\/v2\/categories?post=215"},{"taxonomy":"post_tag","embeddable":true,"href":"https:\/\/www.strassenweb.de\/nachrichten\/wp-json\/wp\/v2\/tags?post=215"}],"curies":[{"name":"wp","href":"https:\/\/api.w.org\/{rel}","templated":true}]}}