{"id":2146,"date":"2024-12-15T15:44:15","date_gmt":"2024-12-15T14:44:15","guid":{"rendered":"https:\/\/www.strassenweb.de\/nachrichten\/alle-europaeischen-designer-schwoeren-auf-diese-teuer-wirkende-farbe-um-ihren-raeumen-mehr-eleganz-zu-verleihen\/"},"modified":"2024-12-15T15:44:16","modified_gmt":"2024-12-15T14:44:16","slug":"alle-europaeischen-designer-schwoeren-auf-diese-teuer-wirkende-farbe-um-ihren-raeumen-mehr-eleganz-zu-verleihen","status":"publish","type":"post","link":"https:\/\/www.strassenweb.de\/nachrichten\/alle-europaeischen-designer-schwoeren-auf-diese-teuer-wirkende-farbe-um-ihren-raeumen-mehr-eleganz-zu-verleihen\/","title":{"rendered":"Alle europ\u00e4ischen Designer schw\u00f6ren auf diese teuer wirkende Farbe, um ihren R\u00e4umen mehr Eleganz zu verleihen"},"content":{"rendered":"<p><\/p>\n<div id=\"article-body\" class=\"article__body \">\n<p>Die europ\u00e4ische Designszene gilt international als die raffinierteste. Pariser und Mail\u00e4nder Designer bevorzugen tendenziell luxuri\u00f6se Oberfl\u00e4chen und organische Formen, w\u00e4hrend britische Experten die Textur wie nie zuvor bevorzugen. Und auf dem gesamten Kontinent, in so weit entfernten L\u00e4ndern wie Norwegen und der Ukraine, sind sich die Designer \u00fcber eine Akzentfarbe einig, die teuer aussieht und R\u00e4ume eleganter macht. Spoiler-Alarm: Es ist rot.<\/p>\n<div id=\"ad-unit-1\" class=\"ad-unit\"><\/div>\n<p>Rot hat im vergangenen Jahr f\u00fcr Design-Schlagzeilen gesorgt, da der Farbtrend \u201eUnexpected Red Theory\u201c auf TikTok die Runde machte. Es hei\u00dft, dass ein roter Schimmer, wenn er in einem Raum verwendet wird, den man vielleicht nicht erwartet (weil die Farbpalette neutraler oder vielleicht dunkler ist), einem Raum v\u00f6llige Energie verleihen kann.<\/p>\n<p>\u201eIch glaube nicht, dass man einfach ein rotes Akzentkissen einlegen und damit fertig sein kann: Das ist zu gek\u00fcnstelt\u201c, sagt die in Minneapolis ans\u00e4ssige Designerin Anne McDonald von Anne McDonald Design. \u201eWas f\u00fcr mich an dieser Theorie funktioniert, ist, dass Sie aufgefordert werden, sich Ihr Zimmer anzusehen und zu entscheiden, ob es Sie erregt oder nicht.\u201c Und wenn nicht, kann es durchaus sein, dass Ihnen ein unerwarteter Ton entgeht, der leicht ein Rot sein k\u00f6nnte.\u201c Und die europ\u00e4ischen Designer sind sich v\u00f6llig einig.<\/p>\n<div id=\"desktop-in-article\" class=\"in-article ad-unit\">\n<div id=\"desktop-taboola-mid-article\"><\/div>\n<\/div>\n<div id=\"mobile-in-article\" class=\"in-article ad-unit\">\n<div id=\"mobile-taboola-mid-article\"><\/div>\n<\/div>\n<figure class=\"van-image-figure inline-layout \" data-bordeaux-image-check>\n<div class=\"image-full-width-wrapper\">\n<div class=\"image-widthsetter\" style=\"max-width:2000px;\"><\/div>\n<\/div>\n<\/figure>\n<p>\u201eRot ist die einzige Farbe, die einen Raum immer aufwertet\u201c, sagt der britische Designer Angus Buchanan von Buchanan Studio. Er verwendete es mit gro\u00dfer Wirkung auf seinem ikonischen Studio Chair and Sofa (siehe Abbildung oben) und seinen auff\u00e4lligen roten und wei\u00dfen Streifen. \u201eSie werden Rot noch lange lieben\u201c, f\u00fcgt er hinzu. \u201eEs ist nie aus der Mode gekommen und hat eine sehr lange Anziehungskraft.\u201c<\/p>\n<div class=\"van_vid_carousel\">\n<div class=\"van_vid_carousel__padding\">\n<div class=\"van_vid_carousel__container\"><\/div>\n<\/div>\n<\/div>\n<aside class=\"hawk-nest\" data-block-type=\"embed\" data-render-type=\"fte\" data-skip=\"dealsy\" data-widget-type=\"seasonal\">\n<div class=\"hawk-master-widget-hawk-base-wrapper\"><\/div>\n<\/aside>\n<p>Die franz\u00f6sische Designerin Manola Ballerio vom in Monaco ans\u00e4ssigen Studio Sabrina Montecarlo stimmt zu, dass Rot derzeit die richtige Farbe ist. \u201eEs sieht teurer aus\u201c, sagt sie. \u201eWenn Sie es als Akzent verwenden, sieht es so aus, als h\u00e4tten Sie etwas Pers\u00f6nlichkeit hinzugef\u00fcgt.\u201c<\/p>\n<div id=\"ad-unit-2\" class=\"ad-unit\"><\/div>\n<p>\u201eRot bleibt einem im Ged\u00e4chtnis \u2013 es ist eine echte Power-Farbe\u201c, stimmt die britische Designerin Lara Bates, Gr\u00fcnderin des internationalen Studios Lara Et Al, zu.<\/p>\n<h3 class=\"article-body__section\" id=\"section-how-designers-are-using-red-to-elevate-any-room\"><span>Wie Designer Rot verwenden, um jeden Raum aufzuwerten<\/span><\/h3>\n<figure class=\"van-image-figure inline-layout \" data-bordeaux-image-check>\n<div class=\"image-full-width-wrapper\">\n<div class=\"image-widthsetter\" style=\"max-width:2000px;\"><\/div>\n<\/div>\n<\/figure>\n<p>Die norwegische Farbexpertin Dagny Thurmann-Moe von Koi Color Studio sieht Rot als Teil einer breiteren Palette, die sich f\u00fcr den Moment genau richtig anf\u00fchlt. Sie glaubt, dass \u201eSonnenuntergangsfarben\u201c wie Rouge, Gelb, Orange, Terrakotta und, ja, ein Hauch von Rot f\u00fcr die erh\u00f6hte W\u00e4rme sorgen, nach der wir uns jetzt alle sehnen.<\/p>\n<p>\u201eEs ist nicht besonders schwierig, mit dieser Palette herumzuspielen\u201c, sagt sie. \u201eGelb, Orange, Rot und Rosa sind allesamt Nachbarn im Farbkreis, sodass man sie nicht wirklich \u00fcbersehen kann, wenn man sie miteinander verbindet.\u201c Suchen Sie einfach nach unterschiedlichen Farbt\u00f6nen \u2013 Sie m\u00f6chten, dass sich die Elemente in einem Raum eher wie eine Familie als wie Zwillinge anf\u00fchlen. So w\u00fcrden Sie beispielsweise f\u00fcr die Vorh\u00e4nge ein etwas anderes Gelb verwenden als f\u00fcr den T\u00fcrrahmen und ein feuriges Rot beispielsweise neben einem sanfteren Rosa.&#8216;<\/p>\n<p>Die ukrainische Designerin Nastia Mirzoyan vom in Kiew ans\u00e4ssigen Studio Mirzoyan Studio tendiert dazu, die W\u00e4nde mit neutralen Farben zu dekorieren, setzt aber Rot als unerwarteten Akzent. \u201eFarbe wird strategisch eingesetzt, um Schwerpunkte zu setzen und dem Raum Energie zu verleihen\u201c, sagt sie. \u201eZum Beispiel bringt ein roter Beistelltisch Leben in ansonsten neutrale R\u00e4ume.\u201c \u201eWir verwenden diese Farben sparsam, um das Gleichgewicht zu wahren und gleichzeitig visuelles Interesse zu wecken.\u201c<\/p>\n<p>\u201eIch w\u00fcrde rote M\u00f6bel meiden, aber ich liebe sie als Akzent in Dingen wie Kunstwerken, Blumen oder Kissen\u201c, sagt Manola Ballerio. \u201eEs ist so wirkungsvoll wie ein kleiner Moment in einem ansonsten monochromatischen Schema.\u201c Sie hat dieses Schlafzimmer oben entworfen, eine Oase aus Alpenholz und Wei\u00dft\u00f6nen, belebt durch rote Details.<\/p>\n<p>Der britische Farbexperte Joa Studholme, Farbkurator f\u00fcr Farrow and Ball, verwendet Rot gerne in kleineren Bereichen und setzt es gro\u00df raus. \u201eErdige Rott\u00f6ne eignen sich sehr gut f\u00fcr kleine R\u00e4ume wie G\u00e4stetoiletten\u201c, sagt sie. \u201eUnd sie passen besonders gut zu Braunt\u00f6nen, solange sie eine rote Basis haben, die ich vielleicht f\u00fcr den Besatz verwenden w\u00fcrde.\u201c<\/p>\n<figure class=\"van-image-figure inline-layout \" data-bordeaux-image-check>\n<div class=\"image-full-width-wrapper\">\n<div class=\"image-widthsetter\" style=\"max-width:2000px;\"><\/div>\n<\/div>\n<\/figure>\n<p>\u201eBei Rot kommt es darauf an, den richtigen Farbton zu treffen\u201c, sagt die Londoner Designerin Lara Bates. \u201eSie m\u00f6chten dieses tiefe, erdige Rot, mit dem Sie leichter arbeiten und leben k\u00f6nnen.\u201c<\/p>\n<p>Dagnys Lieblingsfarben f\u00fcr den Sonnenuntergang weisen tendenziell Oranget\u00f6ne auf, w\u00e4hrend Ochsenblut derzeit ein gro\u00dfer Farbtrend ist, eine dunklere Version von Rot mit Braunt\u00f6nen. Sie werden feststellen, dass europ\u00e4ische Designer diese d\u00fcsteren T\u00f6ne den purpurnen Akzenten vorziehen, wie in dieser Bibliothek oben, die von Farrow und Ball in Red Earth bemalt wurde.<\/p>\n<div class=\"product-container hero-product-container product-block-no-wrap\"><\/div>\n<hr>\n<p>Und das ist letztendlich der Grund, warum europ\u00e4ische Designer es lieben, mit Rot zu dekorieren \u2013 es ist in fast jedem Raum einfach zu verwenden, ein sofortiger Stimmungsaufheller, der sowohl elegant als auch einladend anregend ist.<\/p>\n<\/div>\n","protected":false},"excerpt":{"rendered":"<p>Die europ\u00e4ische Designszene gilt international als die raffinierteste. Pariser und Mail\u00e4nder Designer bevorzugen tendenziell luxuri\u00f6se Oberfl\u00e4chen und organische Formen, w\u00e4hrend britische Experten die Textur wie<\/p>\n","protected":false},"author":1,"featured_media":2147,"comment_status":"closed","ping_status":"","sticky":false,"template":"","format":"standard","meta":{"footnotes":""},"categories":[118],"tags":[176,46,216,143,388,79,1202,325,301,3736,1971,198,783,3735],"class_list":["post-2146","post","type-post","status-publish","format-standard","has-post-thumbnail","hentry","category-haus-garten","tag-alle","tag-auf","tag-designer","tag-diese","tag-eleganz","tag-europaeischen","tag-farbe","tag-ihren","tag-mehr","tag-raeumen","tag-schwoeren","tag-teuer","tag-verleihen","tag-wirkende","generate-columns","tablet-grid-50","mobile-grid-100","grid-parent","grid-50"],"yoast_head":"<!-- This site is optimized with the Yoast SEO plugin v27.3 - https:\/\/yoast.com\/product\/yoast-seo-wordpress\/ -->\n<title>Alle europ\u00e4ischen Designer schw\u00f6ren auf diese teuer wirkende Farbe, um ihren R\u00e4umen mehr Eleganz zu verleihen - Nachrichten - Stra\u00dfenweb<\/title>\n<meta name=\"robots\" content=\"index, follow, max-snippet:-1, max-image-preview:large, max-video-preview:-1\" \/>\n<link rel=\"canonical\" href=\"https:\/\/www.strassenweb.de\/nachrichten\/alle-europaeischen-designer-schwoeren-auf-diese-teuer-wirkende-farbe-um-ihren-raeumen-mehr-eleganz-zu-verleihen\/\" \/>\n<meta property=\"og:locale\" content=\"de_DE\" \/>\n<meta property=\"og:type\" content=\"article\" \/>\n<meta property=\"og:title\" content=\"Alle europ\u00e4ischen Designer schw\u00f6ren auf diese teuer wirkende Farbe, um ihren R\u00e4umen mehr Eleganz zu verleihen - Nachrichten - Stra\u00dfenweb\" \/>\n<meta property=\"og:description\" content=\"Die europ\u00e4ische Designszene gilt international als die raffinierteste. Pariser und Mail\u00e4nder Designer bevorzugen tendenziell luxuri\u00f6se Oberfl\u00e4chen und organische Formen, w\u00e4hrend britische Experten die Textur wie\" \/>\n<meta property=\"og:url\" content=\"https:\/\/www.strassenweb.de\/nachrichten\/alle-europaeischen-designer-schwoeren-auf-diese-teuer-wirkende-farbe-um-ihren-raeumen-mehr-eleganz-zu-verleihen\/\" \/>\n<meta property=\"og:site_name\" content=\"Stra\u00dfenweb\" \/>\n<meta property=\"article:publisher\" content=\"https:\/\/www.facebook.com\/strassenweb\/\" \/>\n<meta property=\"article:published_time\" content=\"2024-12-15T14:44:15+00:00\" \/>\n<meta property=\"article:modified_time\" content=\"2024-12-15T14:44:16+00:00\" \/>\n<meta property=\"og:image\" content=\"https:\/\/www.strassenweb.de\/nachrichten\/wp-content\/uploads\/2024\/12\/Alle-europaeischen-Designer-schwoeren-auf-diese-teuer-wirkende-Farbe-um.jpg\" \/>\n\t<meta property=\"og:image:width\" content=\"1200\" \/>\n\t<meta property=\"og:image:height\" content=\"675\" \/>\n\t<meta property=\"og:image:type\" content=\"image\/jpeg\" \/>\n<meta name=\"author\" content=\"Robert Hoffmann\" \/>\n<meta name=\"twitter:card\" content=\"summary_large_image\" \/>\n<meta name=\"twitter:label1\" content=\"Verfasst von\" \/>\n\t<meta name=\"twitter:data1\" content=\"Robert Hoffmann\" \/>\n\t<meta name=\"twitter:label2\" content=\"Gesch\u00e4tzte Lesezeit\" \/>\n\t<meta name=\"twitter:data2\" content=\"4\u00a0Minuten\" \/>\n<script type=\"application\/ld+json\" class=\"yoast-schema-graph\">{\"@context\":\"https:\\\/\\\/schema.org\",\"@graph\":[{\"@type\":\"Article\",\"@id\":\"https:\\\/\\\/www.strassenweb.de\\\/nachrichten\\\/alle-europaeischen-designer-schwoeren-auf-diese-teuer-wirkende-farbe-um-ihren-raeumen-mehr-eleganz-zu-verleihen\\\/#article\",\"isPartOf\":{\"@id\":\"https:\\\/\\\/www.strassenweb.de\\\/nachrichten\\\/alle-europaeischen-designer-schwoeren-auf-diese-teuer-wirkende-farbe-um-ihren-raeumen-mehr-eleganz-zu-verleihen\\\/\"},\"author\":{\"name\":\"Robert Hoffmann\",\"@id\":\"https:\\\/\\\/www.strassenweb.de\\\/nachrichten\\\/#\\\/schema\\\/person\\\/87c9c9067f1211da429a744dc5a5aa41\"},\"headline\":\"Alle europ\u00e4ischen Designer schw\u00f6ren auf diese teuer wirkende Farbe, um ihren R\u00e4umen mehr Eleganz zu verleihen\",\"datePublished\":\"2024-12-15T14:44:15+00:00\",\"dateModified\":\"2024-12-15T14:44:16+00:00\",\"mainEntityOfPage\":{\"@id\":\"https:\\\/\\\/www.strassenweb.de\\\/nachrichten\\\/alle-europaeischen-designer-schwoeren-auf-diese-teuer-wirkende-farbe-um-ihren-raeumen-mehr-eleganz-zu-verleihen\\\/\"},\"wordCount\":844,\"publisher\":{\"@id\":\"https:\\\/\\\/www.strassenweb.de\\\/nachrichten\\\/#organization\"},\"image\":{\"@id\":\"https:\\\/\\\/www.strassenweb.de\\\/nachrichten\\\/alle-europaeischen-designer-schwoeren-auf-diese-teuer-wirkende-farbe-um-ihren-raeumen-mehr-eleganz-zu-verleihen\\\/#primaryimage\"},\"thumbnailUrl\":\"https:\\\/\\\/www.strassenweb.de\\\/nachrichten\\\/wp-content\\\/uploads\\\/2024\\\/12\\\/Alle-europaeischen-Designer-schwoeren-auf-diese-teuer-wirkende-Farbe-um.jpg\",\"keywords\":[\"alle\",\"auf\",\"Designer\",\"diese\",\"Eleganz\",\"europ\u00e4ischen\",\"Farbe\",\"ihren\",\"mehr\",\"R\u00e4umen\",\"schw\u00f6ren\",\"teuer\",\"verleihen\",\"wirkende\"],\"articleSection\":[\"Haus &amp; Garten\"],\"inLanguage\":\"de\"},{\"@type\":\"WebPage\",\"@id\":\"https:\\\/\\\/www.strassenweb.de\\\/nachrichten\\\/alle-europaeischen-designer-schwoeren-auf-diese-teuer-wirkende-farbe-um-ihren-raeumen-mehr-eleganz-zu-verleihen\\\/\",\"url\":\"https:\\\/\\\/www.strassenweb.de\\\/nachrichten\\\/alle-europaeischen-designer-schwoeren-auf-diese-teuer-wirkende-farbe-um-ihren-raeumen-mehr-eleganz-zu-verleihen\\\/\",\"name\":\"Alle europ\u00e4ischen Designer schw\u00f6ren auf diese teuer wirkende Farbe, um ihren R\u00e4umen mehr Eleganz zu verleihen - Nachrichten - Stra\u00dfenweb\",\"isPartOf\":{\"@id\":\"https:\\\/\\\/www.strassenweb.de\\\/nachrichten\\\/#website\"},\"primaryImageOfPage\":{\"@id\":\"https:\\\/\\\/www.strassenweb.de\\\/nachrichten\\\/alle-europaeischen-designer-schwoeren-auf-diese-teuer-wirkende-farbe-um-ihren-raeumen-mehr-eleganz-zu-verleihen\\\/#primaryimage\"},\"image\":{\"@id\":\"https:\\\/\\\/www.strassenweb.de\\\/nachrichten\\\/alle-europaeischen-designer-schwoeren-auf-diese-teuer-wirkende-farbe-um-ihren-raeumen-mehr-eleganz-zu-verleihen\\\/#primaryimage\"},\"thumbnailUrl\":\"https:\\\/\\\/www.strassenweb.de\\\/nachrichten\\\/wp-content\\\/uploads\\\/2024\\\/12\\\/Alle-europaeischen-Designer-schwoeren-auf-diese-teuer-wirkende-Farbe-um.jpg\",\"datePublished\":\"2024-12-15T14:44:15+00:00\",\"dateModified\":\"2024-12-15T14:44:16+00:00\",\"breadcrumb\":{\"@id\":\"https:\\\/\\\/www.strassenweb.de\\\/nachrichten\\\/alle-europaeischen-designer-schwoeren-auf-diese-teuer-wirkende-farbe-um-ihren-raeumen-mehr-eleganz-zu-verleihen\\\/#breadcrumb\"},\"inLanguage\":\"de\",\"potentialAction\":[{\"@type\":\"ReadAction\",\"target\":[\"https:\\\/\\\/www.strassenweb.de\\\/nachrichten\\\/alle-europaeischen-designer-schwoeren-auf-diese-teuer-wirkende-farbe-um-ihren-raeumen-mehr-eleganz-zu-verleihen\\\/\"]}]},{\"@type\":\"ImageObject\",\"inLanguage\":\"de\",\"@id\":\"https:\\\/\\\/www.strassenweb.de\\\/nachrichten\\\/alle-europaeischen-designer-schwoeren-auf-diese-teuer-wirkende-farbe-um-ihren-raeumen-mehr-eleganz-zu-verleihen\\\/#primaryimage\",\"url\":\"https:\\\/\\\/www.strassenweb.de\\\/nachrichten\\\/wp-content\\\/uploads\\\/2024\\\/12\\\/Alle-europaeischen-Designer-schwoeren-auf-diese-teuer-wirkende-Farbe-um.jpg\",\"contentUrl\":\"https:\\\/\\\/www.strassenweb.de\\\/nachrichten\\\/wp-content\\\/uploads\\\/2024\\\/12\\\/Alle-europaeischen-Designer-schwoeren-auf-diese-teuer-wirkende-Farbe-um.jpg\",\"width\":1200,\"height\":675,\"caption\":\"Alle europ\u00e4ischen Designer schw\u00f6ren auf diese teuer wirkende Farbe, um ihren R\u00e4umen mehr Eleganz zu verleihen\"},{\"@type\":\"BreadcrumbList\",\"@id\":\"https:\\\/\\\/www.strassenweb.de\\\/nachrichten\\\/alle-europaeischen-designer-schwoeren-auf-diese-teuer-wirkende-farbe-um-ihren-raeumen-mehr-eleganz-zu-verleihen\\\/#breadcrumb\",\"itemListElement\":[{\"@type\":\"ListItem\",\"position\":1,\"name\":\"Home\",\"item\":\"https:\\\/\\\/www.strassenweb.de\\\/nachrichten\\\/\"},{\"@type\":\"ListItem\",\"position\":2,\"name\":\"Alle europ\u00e4ischen Designer schw\u00f6ren auf diese teuer wirkende Farbe, um ihren R\u00e4umen mehr Eleganz zu verleihen\"}]},{\"@type\":\"WebSite\",\"@id\":\"https:\\\/\\\/www.strassenweb.de\\\/nachrichten\\\/#website\",\"url\":\"https:\\\/\\\/www.strassenweb.de\\\/nachrichten\\\/\",\"name\":\"Stra\u00dfenweb\",\"description\":\"Stra\u00dfenverzeichnis f\u00fcr Deutschland\",\"publisher\":{\"@id\":\"https:\\\/\\\/www.strassenweb.de\\\/nachrichten\\\/#organization\"},\"potentialAction\":[{\"@type\":\"SearchAction\",\"target\":{\"@type\":\"EntryPoint\",\"urlTemplate\":\"https:\\\/\\\/www.strassenweb.de\\\/nachrichten\\\/?s={search_term_string}\"},\"query-input\":{\"@type\":\"PropertyValueSpecification\",\"valueRequired\":true,\"valueName\":\"search_term_string\"}}],\"inLanguage\":\"de\"},{\"@type\":\"Organization\",\"@id\":\"https:\\\/\\\/www.strassenweb.de\\\/nachrichten\\\/#organization\",\"name\":\"Stra\u00dfenweb\",\"url\":\"https:\\\/\\\/www.strassenweb.de\\\/nachrichten\\\/\",\"logo\":{\"@type\":\"ImageObject\",\"inLanguage\":\"de\",\"@id\":\"https:\\\/\\\/www.strassenweb.de\\\/nachrichten\\\/#\\\/schema\\\/logo\\\/image\\\/\",\"url\":\"https:\\\/\\\/www.strassenweb.de\\\/nachrichten\\\/wp-content\\\/uploads\\\/2024\\\/09\\\/cropped-favicon.png\",\"contentUrl\":\"https:\\\/\\\/www.strassenweb.de\\\/nachrichten\\\/wp-content\\\/uploads\\\/2024\\\/09\\\/cropped-favicon.png\",\"width\":512,\"height\":512,\"caption\":\"Stra\u00dfenweb\"},\"image\":{\"@id\":\"https:\\\/\\\/www.strassenweb.de\\\/nachrichten\\\/#\\\/schema\\\/logo\\\/image\\\/\"},\"sameAs\":[\"https:\\\/\\\/www.facebook.com\\\/strassenweb\\\/\"]},{\"@type\":\"Person\",\"@id\":\"https:\\\/\\\/www.strassenweb.de\\\/nachrichten\\\/#\\\/schema\\\/person\\\/87c9c9067f1211da429a744dc5a5aa41\",\"name\":\"Robert Hoffmann\",\"image\":{\"@type\":\"ImageObject\",\"inLanguage\":\"de\",\"@id\":\"https:\\\/\\\/www.strassenweb.de\\\/nachrichten\\\/wp-content\\\/uploads\\\/2024\\\/09\\\/strassenweb-150x150.jpg\",\"url\":\"https:\\\/\\\/www.strassenweb.de\\\/nachrichten\\\/wp-content\\\/uploads\\\/2024\\\/09\\\/strassenweb-150x150.jpg\",\"contentUrl\":\"https:\\\/\\\/www.strassenweb.de\\\/nachrichten\\\/wp-content\\\/uploads\\\/2024\\\/09\\\/strassenweb-150x150.jpg\",\"caption\":\"Robert Hoffmann\"},\"description\":\"Ich hei\u00dfe Robert Hoffmann und ich bin ein leidenschaftlicher Verfechter von \u00d6kologie und Biodiversit\u00e4t. Seit meiner Kindheit in den W\u00e4ldern Bayerns f\u00fchle ich mich mit der Natur verbunden und bin entschlossen, sie zu sch\u00fctzen. Heute widme ich mein Leben der Sensibilisierung anderer f\u00fcr die Bedeutung des Umweltschutzes f\u00fcr zuk\u00fcnftige Generationen.\",\"sameAs\":[\"https:\\\/\\\/www.strassenweb.de\\\/\"]}]}<\/script>\n<!-- \/ Yoast SEO plugin. -->","yoast_head_json":{"title":"Alle europ\u00e4ischen Designer schw\u00f6ren auf diese teuer wirkende Farbe, um ihren R\u00e4umen mehr Eleganz zu verleihen - Nachrichten - Stra\u00dfenweb","robots":{"index":"index","follow":"follow","max-snippet":"max-snippet:-1","max-image-preview":"max-image-preview:large","max-video-preview":"max-video-preview:-1"},"canonical":"https:\/\/www.strassenweb.de\/nachrichten\/alle-europaeischen-designer-schwoeren-auf-diese-teuer-wirkende-farbe-um-ihren-raeumen-mehr-eleganz-zu-verleihen\/","og_locale":"de_DE","og_type":"article","og_title":"Alle europ\u00e4ischen Designer schw\u00f6ren auf diese teuer wirkende Farbe, um ihren R\u00e4umen mehr Eleganz zu verleihen - Nachrichten - Stra\u00dfenweb","og_description":"Die europ\u00e4ische Designszene gilt international als die raffinierteste. Pariser und Mail\u00e4nder Designer bevorzugen tendenziell luxuri\u00f6se Oberfl\u00e4chen und organische Formen, w\u00e4hrend britische Experten die Textur wie","og_url":"https:\/\/www.strassenweb.de\/nachrichten\/alle-europaeischen-designer-schwoeren-auf-diese-teuer-wirkende-farbe-um-ihren-raeumen-mehr-eleganz-zu-verleihen\/","og_site_name":"Stra\u00dfenweb","article_publisher":"https:\/\/www.facebook.com\/strassenweb\/","article_published_time":"2024-12-15T14:44:15+00:00","article_modified_time":"2024-12-15T14:44:16+00:00","og_image":[{"width":1200,"height":675,"url":"https:\/\/www.strassenweb.de\/nachrichten\/wp-content\/uploads\/2024\/12\/Alle-europaeischen-Designer-schwoeren-auf-diese-teuer-wirkende-Farbe-um.jpg","type":"image\/jpeg"}],"author":"Robert Hoffmann","twitter_card":"summary_large_image","twitter_misc":{"Verfasst von":"Robert Hoffmann","Gesch\u00e4tzte Lesezeit":"4\u00a0Minuten"},"schema":{"@context":"https:\/\/schema.org","@graph":[{"@type":"Article","@id":"https:\/\/www.strassenweb.de\/nachrichten\/alle-europaeischen-designer-schwoeren-auf-diese-teuer-wirkende-farbe-um-ihren-raeumen-mehr-eleganz-zu-verleihen\/#article","isPartOf":{"@id":"https:\/\/www.strassenweb.de\/nachrichten\/alle-europaeischen-designer-schwoeren-auf-diese-teuer-wirkende-farbe-um-ihren-raeumen-mehr-eleganz-zu-verleihen\/"},"author":{"name":"Robert Hoffmann","@id":"https:\/\/www.strassenweb.de\/nachrichten\/#\/schema\/person\/87c9c9067f1211da429a744dc5a5aa41"},"headline":"Alle europ\u00e4ischen Designer schw\u00f6ren auf diese teuer wirkende Farbe, um ihren R\u00e4umen mehr Eleganz zu verleihen","datePublished":"2024-12-15T14:44:15+00:00","dateModified":"2024-12-15T14:44:16+00:00","mainEntityOfPage":{"@id":"https:\/\/www.strassenweb.de\/nachrichten\/alle-europaeischen-designer-schwoeren-auf-diese-teuer-wirkende-farbe-um-ihren-raeumen-mehr-eleganz-zu-verleihen\/"},"wordCount":844,"publisher":{"@id":"https:\/\/www.strassenweb.de\/nachrichten\/#organization"},"image":{"@id":"https:\/\/www.strassenweb.de\/nachrichten\/alle-europaeischen-designer-schwoeren-auf-diese-teuer-wirkende-farbe-um-ihren-raeumen-mehr-eleganz-zu-verleihen\/#primaryimage"},"thumbnailUrl":"https:\/\/www.strassenweb.de\/nachrichten\/wp-content\/uploads\/2024\/12\/Alle-europaeischen-Designer-schwoeren-auf-diese-teuer-wirkende-Farbe-um.jpg","keywords":["alle","auf","Designer","diese","Eleganz","europ\u00e4ischen","Farbe","ihren","mehr","R\u00e4umen","schw\u00f6ren","teuer","verleihen","wirkende"],"articleSection":["Haus &amp; Garten"],"inLanguage":"de"},{"@type":"WebPage","@id":"https:\/\/www.strassenweb.de\/nachrichten\/alle-europaeischen-designer-schwoeren-auf-diese-teuer-wirkende-farbe-um-ihren-raeumen-mehr-eleganz-zu-verleihen\/","url":"https:\/\/www.strassenweb.de\/nachrichten\/alle-europaeischen-designer-schwoeren-auf-diese-teuer-wirkende-farbe-um-ihren-raeumen-mehr-eleganz-zu-verleihen\/","name":"Alle europ\u00e4ischen Designer schw\u00f6ren auf diese teuer wirkende Farbe, um ihren R\u00e4umen mehr Eleganz zu verleihen - Nachrichten - Stra\u00dfenweb","isPartOf":{"@id":"https:\/\/www.strassenweb.de\/nachrichten\/#website"},"primaryImageOfPage":{"@id":"https:\/\/www.strassenweb.de\/nachrichten\/alle-europaeischen-designer-schwoeren-auf-diese-teuer-wirkende-farbe-um-ihren-raeumen-mehr-eleganz-zu-verleihen\/#primaryimage"},"image":{"@id":"https:\/\/www.strassenweb.de\/nachrichten\/alle-europaeischen-designer-schwoeren-auf-diese-teuer-wirkende-farbe-um-ihren-raeumen-mehr-eleganz-zu-verleihen\/#primaryimage"},"thumbnailUrl":"https:\/\/www.strassenweb.de\/nachrichten\/wp-content\/uploads\/2024\/12\/Alle-europaeischen-Designer-schwoeren-auf-diese-teuer-wirkende-Farbe-um.jpg","datePublished":"2024-12-15T14:44:15+00:00","dateModified":"2024-12-15T14:44:16+00:00","breadcrumb":{"@id":"https:\/\/www.strassenweb.de\/nachrichten\/alle-europaeischen-designer-schwoeren-auf-diese-teuer-wirkende-farbe-um-ihren-raeumen-mehr-eleganz-zu-verleihen\/#breadcrumb"},"inLanguage":"de","potentialAction":[{"@type":"ReadAction","target":["https:\/\/www.strassenweb.de\/nachrichten\/alle-europaeischen-designer-schwoeren-auf-diese-teuer-wirkende-farbe-um-ihren-raeumen-mehr-eleganz-zu-verleihen\/"]}]},{"@type":"ImageObject","inLanguage":"de","@id":"https:\/\/www.strassenweb.de\/nachrichten\/alle-europaeischen-designer-schwoeren-auf-diese-teuer-wirkende-farbe-um-ihren-raeumen-mehr-eleganz-zu-verleihen\/#primaryimage","url":"https:\/\/www.strassenweb.de\/nachrichten\/wp-content\/uploads\/2024\/12\/Alle-europaeischen-Designer-schwoeren-auf-diese-teuer-wirkende-Farbe-um.jpg","contentUrl":"https:\/\/www.strassenweb.de\/nachrichten\/wp-content\/uploads\/2024\/12\/Alle-europaeischen-Designer-schwoeren-auf-diese-teuer-wirkende-Farbe-um.jpg","width":1200,"height":675,"caption":"Alle europ\u00e4ischen Designer schw\u00f6ren auf diese teuer wirkende Farbe, um ihren R\u00e4umen mehr Eleganz zu verleihen"},{"@type":"BreadcrumbList","@id":"https:\/\/www.strassenweb.de\/nachrichten\/alle-europaeischen-designer-schwoeren-auf-diese-teuer-wirkende-farbe-um-ihren-raeumen-mehr-eleganz-zu-verleihen\/#breadcrumb","itemListElement":[{"@type":"ListItem","position":1,"name":"Home","item":"https:\/\/www.strassenweb.de\/nachrichten\/"},{"@type":"ListItem","position":2,"name":"Alle europ\u00e4ischen Designer schw\u00f6ren auf diese teuer wirkende Farbe, um ihren R\u00e4umen mehr Eleganz zu verleihen"}]},{"@type":"WebSite","@id":"https:\/\/www.strassenweb.de\/nachrichten\/#website","url":"https:\/\/www.strassenweb.de\/nachrichten\/","name":"Stra\u00dfenweb","description":"Stra\u00dfenverzeichnis f\u00fcr Deutschland","publisher":{"@id":"https:\/\/www.strassenweb.de\/nachrichten\/#organization"},"potentialAction":[{"@type":"SearchAction","target":{"@type":"EntryPoint","urlTemplate":"https:\/\/www.strassenweb.de\/nachrichten\/?s={search_term_string}"},"query-input":{"@type":"PropertyValueSpecification","valueRequired":true,"valueName":"search_term_string"}}],"inLanguage":"de"},{"@type":"Organization","@id":"https:\/\/www.strassenweb.de\/nachrichten\/#organization","name":"Stra\u00dfenweb","url":"https:\/\/www.strassenweb.de\/nachrichten\/","logo":{"@type":"ImageObject","inLanguage":"de","@id":"https:\/\/www.strassenweb.de\/nachrichten\/#\/schema\/logo\/image\/","url":"https:\/\/www.strassenweb.de\/nachrichten\/wp-content\/uploads\/2024\/09\/cropped-favicon.png","contentUrl":"https:\/\/www.strassenweb.de\/nachrichten\/wp-content\/uploads\/2024\/09\/cropped-favicon.png","width":512,"height":512,"caption":"Stra\u00dfenweb"},"image":{"@id":"https:\/\/www.strassenweb.de\/nachrichten\/#\/schema\/logo\/image\/"},"sameAs":["https:\/\/www.facebook.com\/strassenweb\/"]},{"@type":"Person","@id":"https:\/\/www.strassenweb.de\/nachrichten\/#\/schema\/person\/87c9c9067f1211da429a744dc5a5aa41","name":"Robert Hoffmann","image":{"@type":"ImageObject","inLanguage":"de","@id":"https:\/\/www.strassenweb.de\/nachrichten\/wp-content\/uploads\/2024\/09\/strassenweb-150x150.jpg","url":"https:\/\/www.strassenweb.de\/nachrichten\/wp-content\/uploads\/2024\/09\/strassenweb-150x150.jpg","contentUrl":"https:\/\/www.strassenweb.de\/nachrichten\/wp-content\/uploads\/2024\/09\/strassenweb-150x150.jpg","caption":"Robert Hoffmann"},"description":"Ich hei\u00dfe Robert Hoffmann und ich bin ein leidenschaftlicher Verfechter von \u00d6kologie und Biodiversit\u00e4t. Seit meiner Kindheit in den W\u00e4ldern Bayerns f\u00fchle ich mich mit der Natur verbunden und bin entschlossen, sie zu sch\u00fctzen. Heute widme ich mein Leben der Sensibilisierung anderer f\u00fcr die Bedeutung des Umweltschutzes f\u00fcr zuk\u00fcnftige Generationen.","sameAs":["https:\/\/www.strassenweb.de\/"]}]}},"_links":{"self":[{"href":"https:\/\/www.strassenweb.de\/nachrichten\/wp-json\/wp\/v2\/posts\/2146","targetHints":{"allow":["GET"]}}],"collection":[{"href":"https:\/\/www.strassenweb.de\/nachrichten\/wp-json\/wp\/v2\/posts"}],"about":[{"href":"https:\/\/www.strassenweb.de\/nachrichten\/wp-json\/wp\/v2\/types\/post"}],"author":[{"embeddable":true,"href":"https:\/\/www.strassenweb.de\/nachrichten\/wp-json\/wp\/v2\/users\/1"}],"replies":[{"embeddable":true,"href":"https:\/\/www.strassenweb.de\/nachrichten\/wp-json\/wp\/v2\/comments?post=2146"}],"version-history":[{"count":0,"href":"https:\/\/www.strassenweb.de\/nachrichten\/wp-json\/wp\/v2\/posts\/2146\/revisions"}],"wp:featuredmedia":[{"embeddable":true,"href":"https:\/\/www.strassenweb.de\/nachrichten\/wp-json\/wp\/v2\/media\/2147"}],"wp:attachment":[{"href":"https:\/\/www.strassenweb.de\/nachrichten\/wp-json\/wp\/v2\/media?parent=2146"}],"wp:term":[{"taxonomy":"category","embeddable":true,"href":"https:\/\/www.strassenweb.de\/nachrichten\/wp-json\/wp\/v2\/categories?post=2146"},{"taxonomy":"post_tag","embeddable":true,"href":"https:\/\/www.strassenweb.de\/nachrichten\/wp-json\/wp\/v2\/tags?post=2146"}],"curies":[{"name":"wp","href":"https:\/\/api.w.org\/{rel}","templated":true}]}}