{"id":2137,"date":"2024-12-15T03:44:34","date_gmt":"2024-12-15T02:44:34","guid":{"rendered":"https:\/\/www.strassenweb.de\/nachrichten\/der-buecherregal-wohlstandstrend-haelt-auch-zu-weihnachten-an-hier-erfahren-sie-wie-sie-ihre-buecherregale-fuer-die-festliche-zeit-dekorieren\/"},"modified":"2024-12-15T03:44:35","modified_gmt":"2024-12-15T02:44:35","slug":"der-buecherregal-wohlstandstrend-haelt-auch-zu-weihnachten-an-hier-erfahren-sie-wie-sie-ihre-buecherregale-fuer-die-festliche-zeit-dekorieren","status":"publish","type":"post","link":"https:\/\/www.strassenweb.de\/nachrichten\/der-buecherregal-wohlstandstrend-haelt-auch-zu-weihnachten-an-hier-erfahren-sie-wie-sie-ihre-buecherregale-fuer-die-festliche-zeit-dekorieren\/","title":{"rendered":"Der B\u00fccherregal-Wohlstandstrend h\u00e4lt auch zu Weihnachten an \u2013 hier erfahren Sie, wie Sie Ihre B\u00fccherregale f\u00fcr die festliche Zeit dekorieren"},"content":{"rendered":"<p><\/p>\n<div id=\"article-body\" class=\"article__body \">\n<p>Das Gestalten von B\u00fccherregalen ist das Geheimrezept eines Innenarchitekten. Sie alle haben ihre eigenen Lieblingsmethoden, Must-Haves und kleinen Tricks, um die perfekte B\u00fccherregal-Vignette zu gestalten \u2013 aber wie funktioniert das zur Weihnachtszeit?<\/p>\n<div id=\"ad-unit-1\" class=\"ad-unit\"><\/div>\n<p>Ihre B\u00fccherregale sind oft ein gro\u00dfer Mittelpunkt eines Raumes und k\u00f6nnen bei der Weihnachtsdekoration zugunsten von B\u00e4umen und Tischen oft \u00fcbersehen werden. Aber diese erstklassige Immobilie in Ihrem Umfeld sollte auch ein wenig festlich behandelt werden.<\/p>\n<aside class=\"hawk-nest\" data-block-type=\"embed\" data-render-type=\"fte\" data-skip=\"dealsy\" data-widget-type=\"seasonal\">\n<div class=\"hawk-master-widget-hawk-base-wrapper\"><\/div>\n<\/aside>\n<p>Hier sprechen wir mit Innenarchitekten und Weihnachtsexperten, um ihre Meinung dar\u00fcber zu erfahren, wie man B\u00fccherregal-Wohlstand mit einem festlichen Touch erreichen kann. Von funkelnden Lichtern bis hin zu kunstvoll arrangierten Girlanden k\u00f6nnen Ihre Regale zur Leinwand f\u00fcr weihnachtliche Kreativit\u00e4t werden.<\/p>\n<div id=\"desktop-in-article\" class=\"in-article ad-unit\">\n<div id=\"desktop-taboola-mid-article\"><\/div>\n<\/div>\n<div id=\"mobile-in-article\" class=\"in-article ad-unit\">\n<div id=\"mobile-taboola-mid-article\"><\/div>\n<\/div>\n<h2 id=\"how-to-decorate-your-bookshelves-for-christmas-3\">So dekorieren Sie Ihre B\u00fccherregale weihnachtlich<\/h2>\n<figure class=\"van-image-figure inline-layout \" data-bordeaux-image-check>\n<div class=\"image-full-width-wrapper\">\n<div class=\"image-widthsetter\" style=\"max-width:2000px;\"><\/div>\n<\/div>\n<\/figure>\n<p>Auch Ihre B\u00fccherregale verdienen zu Weihnachten ein wenig Aufmerksamkeit. Beginnen Sie also oben und arbeiten Sie sich nach unten vor, indem Sie auf dem Weg ein wenig Magie hinzuf\u00fcgen.<\/p>\n<div class=\"van_vid_carousel\">\n<div class=\"van_vid_carousel__padding\">\n<div class=\"van_vid_carousel__container\"><\/div>\n<\/div>\n<\/div>\n<p>\u201eMan \u00fcbersieht leicht einige der offensichtlichsten Orte, an denen man ein wenig festliche Magie hinzuf\u00fcgen kann, und einer dieser Orte sind B\u00fccherregale und Regale\u201c, sagt Kreativdirektorin Gisela Graham. \u201eMit ihrer nat\u00fcrlichen H\u00f6he und verschiedenen Ebenen f\u00fcr zus\u00e4tzliches Interesse sind sie der perfekte Ort, um eine kuratierte Sammlung Ihrer Lieblings-Weihnachtsornamente und -dekorationen zu pr\u00e4sentieren.\u201c<\/p>\n<div id=\"ad-unit-2\" class=\"ad-unit\"><\/div>\n<p>Genau wie die Gestaltung einer Anrichte oder eines Weihnachtskamins schafft die Gestaltung eines B\u00fccherregals zu Weihnachten kleine Taschen voller Weihnachtsstimmung, die dazu beitragen, Ihr saisonales Programm im ganzen Haus fortzusetzen. Um Ihnen dabei zu helfen, solch eine festliche Leistung zu vollbringen, haben wir die Experten nach ihren Tipps f\u00fcr die weihnachtliche Dekoration eines B\u00fccherregals gefragt.<\/p>\n<h3 class=\"article-body__section\" id=\"section-1-swap-any-framed-photos-for-holiday-snaps\"><span>1. Tauschen Sie alle gerahmten Fotos gegen Urlaubsfotos aus <\/span><\/h3>\n<figure class=\"van-image-figure inline-layout \" data-bordeaux-image-check>\n<div class=\"image-full-width-wrapper\">\n<div class=\"image-widthsetter\" style=\"max-width:2000px;\"><\/div>\n<\/div>\n<\/figure>\n<p>Das Sch\u00f6ne an der Dekoration Ihrer B\u00fccherregale ist, dass Sie nicht wirklich etwas v\u00f6llig Neues brauchen, um ihnen eine festliche Note zu verleihen.<\/p>\n<p>Angenommen, Sie haben mit einer charaktervollen Mischung aus Dekoration mit B\u00fcchern, Schmuckst\u00fccken, Buchst\u00fctzen, personalisierten St\u00fccken, die Ihr Herz zum Singen bringen, und gerahmten Fotos bereits den ultimativen Reichtum im B\u00fccherregal erreicht. K\u00f6nnten wir vorschlagen, eine Bestandsaufnahme all dessen zu machen und ein paar urlaubsreife \u00c4nderungen vorzunehmen, wie zum Beispiel alle Urlaubsfotos durch Fotos von vergangenen Weihnachten zu ersetzen?<\/p>\n<p>\u201eTauschen Sie Familienurlaubsfotos (oder Fotos mit dem Weihnachtsmann) im Laufe der Jahre in vorhandenen Rahmen aus\u201c, schl\u00e4gt Kirsty Williams, Chief Design Officer bei Serena &#038; Lily, vor. \u201eDrucken Sie sie f\u00fcr eine visuelle Kontinuit\u00e4t in Schwarzwei\u00df aus \u2013 je \u00e4lter, desto besser!\u201c<\/p>\n<h3 class=\"article-body__section\" id=\"section-2-add-drapery-with-garlands-and-greenery\"><span>2. F\u00fcgen Sie Vorh\u00e4nge mit Girlanden und Gr\u00fcn hinzu<\/span><\/h3>\n<figure class=\"van-image-figure inline-layout \" data-bordeaux-image-check>\n<div class=\"image-full-width-wrapper\">\n<div class=\"image-widthsetter\" style=\"max-width:2000px;\"><\/div>\n<\/div>\n<\/figure>\n<p>Ebenso wie Ihr Kaminsims werden auch Ihre B\u00fccherregale von einer Weihnachtsgirlande profitieren. Versuchen Sie es mit gesammeltem oder k\u00fcnstlichem Laub oder werden Sie kreativ mit Papiergirlanden, wie in diesem gem\u00fctlichen Wohnzimmer oben von Neptune zu sehen ist.<\/p>\n<p>Alternativ k\u00f6nnen Sie sich dem Weihnachtsdekor-Trend mit Schleifen zuwenden und eine Bandgirlande oder schm\u00fcckende Ornamente ausprobieren, wie Lucy Uren, Kreativdirektorin und Gr\u00fcnderin von Rowen &#038; Wren, vorschl\u00e4gt.<\/p>\n<p>\u201eDa Sie fest davon \u00fcberzeugt sind, dass alles besser aussieht, wenn es mit einem Band zusammengebunden ist, versuchen Sie, kleine Verzierungen oder sogar die Buchr\u00fccken von geliebten B\u00fcchern zu verzieren, um eine skurrile, pers\u00f6nliche Note zu verleihen\u201c, sagt Lucy. \u201eEs geht darum, saisonalen Charme zu kombinieren und gleichzeitig den Charakter des Raums zu bewahren.\u201c<\/p>\n<p>\u201eSie k\u00f6nnen einige Dekorationen auch an einem Samtband \u00fcber den Rand des Regals oder B\u00fccherregals h\u00e4ngen oder unter dem Regal aufh\u00e4ngen\u201c, stimmt Gisela Graham zu.<\/p>\n<div class=\"product-container hero-product-container product-block-no-wrap\"><\/div>\n<h3 class=\"article-body__section\" id=\"section-3-use-festive-ornaments-as-to-spruce-things-up\"><span>3. Verwenden Sie festliche Dekorationen, um die Dinge aufzupeppen<\/span><\/h3>\n<figure class=\"van-image-figure inline-layout \" data-bordeaux-image-check>\n<div class=\"image-full-width-wrapper\">\n<div class=\"image-widthsetter\" style=\"max-width:2000px;\"><\/div>\n<\/div>\n<\/figure>\n<p>\u201eIch f\u00fcge meinen B\u00fccherregalen f\u00fcr die Feiertage gerne subtile saisonale Akzente hinzu, um einfach einen Hauch von Spa\u00df und Festlichkeit hinzuzuf\u00fcgen, ohne zu \u00fcbertreiben\u201c, sagt Innenarchitektin Kathy Kuo.<\/p>\n<p>\u201eMit gr\u00fcnen Zweigen, B\u00fcchern zum Thema Feiertage, Duftkerzen mit saisonalen D\u00fcften sowie weihnachtlich inspirierten Schmuckst\u00fccken und Erbst\u00fccken kann man nichts falsch machen \u2013 alles tolle Erg\u00e4nzungen f\u00fcr die Vignetten im Dezember-B\u00fccherregal\u201c, schl\u00e4gt sie vor.<\/p>\n<p>Dar\u00fcber hinaus arrangiert Kirsty von Serena &#038; Lily gerne kleine Weidenb\u00e4ume als Buchtrenner in den Regalen und \u201ef\u00fcllt Schalen, Gef\u00e4\u00dfe oder etwas Unerwartetes wie eine gro\u00dfe Muschel mit Vintage-Ornamenten oder Tannenzapfen\u201c.<\/p>\n<p>\u201eRaffen Sie Ihr B\u00fccherregal f\u00fcr Weihnachten mit saisonalen Accessoires wie winterlichen Zweigen, farbenfrohen Glaswaren und Keramikakzenten wie Teelichthaltern, um Ihre Regale in eine festliche Dekoration zu verwandeln\u201c, f\u00fcgt Fred Horlock, Design Director bei Neptune, hinzu.<\/p>\n<div class=\"product-container hero-product-container product-block-no-wrap\"><\/div>\n<h3 class=\"article-body__section\" id=\"section-4-create-height-with-your-displays\"><span>4. Schaffen Sie H\u00f6he mit Ihren Displays<\/span><\/h3>\n<figure class=\"van-image-figure inline-layout \" data-bordeaux-image-check>\n<div class=\"image-full-width-wrapper\">\n<div class=\"image-widthsetter\" style=\"max-width:2000px;\"><\/div>\n<\/div>\n<\/figure>\n<p>Das Sch\u00f6ne an B\u00fccherregalen, ob eingebaut oder freistehend, kompakt oder riesig, ist, dass sie Platz f\u00fcr die Pr\u00e4sentation von Dingen bieten, die Sie lieben, und gleichzeitig ein Gef\u00fchl von H\u00f6he und Erhabenheit in einem Raum erzeugen.<\/p>\n<p>Bauen Sie Vignetten auf Ihren Regalen auf, indem Sie B\u00fccherstapel oder ein Tablett als Basis verwenden, und f\u00fcgen Sie dann Dekorationen hinzu, eine nach der anderen, und schichten Sie sie immer mehr auf, bis Sie den gew\u00fcnschten Effekt erzielen. Denken Sie daran, die H\u00f6he mit verschiedenen Formen zu erh\u00f6hen und Gr\u00f6\u00dfen\u201c, r\u00e4t Gisela.<\/p>\n<p>Wenn Sie Platz \u00fcber Ihrem B\u00fccherregal haben, achten Sie darauf, diesem auch eine festliche Note zu verleihen. Sie k\u00f6nnten es mit einer Reihe von Flaschenb\u00fcrsten-Weihnachtsb\u00e4umen versuchen, wie oben von Studio McGee gezeigt. Alternativ k\u00f6nnen Sie \u201eeine Girlande \u00fcber die Oberseite eines B\u00fccherregals drapieren, um einen behelfsm\u00e4\u00dfigen Kaminsims zu schaffen\u201c, f\u00fcgt Kirsty Williams hinzu.<\/p>\n<div class=\"product-container hero-product-container product-block-no-wrap\"><\/div>\n<h3 class=\"article-body__section\" id=\"section-5-don-t-forget-some-sparkle\"><span>5. Vergessen Sie nicht etwas Glitzer<\/span><\/h3>\n<figure class=\"van-image-figure inline-layout \" data-bordeaux-image-check>\n<div class=\"image-full-width-wrapper\">\n<div class=\"image-widthsetter\" style=\"max-width:2400px;\"><\/div>\n<\/div>\n<\/figure>\n<p>Ohne funkelnde Lichter w\u00e4re Weihnachten einfach kein Weihnachten. Ob in Form von Kerzenlicht (seien Sie vorsichtig bei der Beleuchtung rund um Ihre Lieblingsromane!) oder LEDs \u2013 runden Sie Ihr B\u00fccherregal mit einem warmen Glanz ab. \u201eF\u00fcgen Sie zum Schluss noch Batterielichter hinzu, um noch mehr Funkeln und Weihnachtszauber zu erzeugen\u201c, stimmt Gisela zu.<\/p>\n<p>\u201eDrapieren Sie eine zarte Girlande entlang der Regalr\u00e4nder, binden Sie warme Lichterketten zwischen Ihre Lieblingstitel und f\u00fcgen Sie durchdachte Details wie Kugeln oder Kerzenst\u00e4nder hinzu, um f\u00fcr ein sanftes, flackerndes Leuchten zu sorgen\u201c, schl\u00e4gt Lucy Uren vor.<\/p>\n<hr>\n<p>Wenn Sie Ihre Flure bereits geschm\u00fcckt und Ihren Baum geschm\u00fcckt haben und auf der Suche nach einem neuen Opfer sind, das Sie weihnachtlich verw\u00f6hnen k\u00f6nnen, probieren Sie diese Tipps aus, die Ihnen bei der Dekoration des perfekten festlichen B\u00fccherregals helfen.<\/p>\n<\/div>\n","protected":false},"excerpt":{"rendered":"<p>Das Gestalten von B\u00fccherregalen ist das Geheimrezept eines Innenarchitekten. Sie alle haben ihre eigenen Lieblingsmethoden, Must-Haves und kleinen Tricks, um die perfekte B\u00fccherregal-Vignette zu gestalten<\/p>\n","protected":false},"author":1,"featured_media":2138,"comment_status":"closed","ping_status":"","sticky":false,"template":"","format":"standard","meta":{"footnotes":""},"categories":[118],"tags":[436,3732,3731,1126,81,9,164,2971,55,430,163,225,165,2105,26,526],"class_list":["post-2137","post","type-post","status-publish","format-standard","has-post-thumbnail","hentry","category-haus-garten","tag-auch","tag-buecherregale","tag-buecherregalwohlstandstrend","tag-dekorieren","tag-der","tag-die","tag-erfahren","tag-festliche","tag-fuer","tag-haelt","tag-hier","tag-ihre","tag-sie","tag-weihnachten","tag-wie","tag-zeit","generate-columns","tablet-grid-50","mobile-grid-100","grid-parent","grid-50"],"yoast_head":"<!-- This site is optimized with the Yoast SEO plugin v27.3 - https:\/\/yoast.com\/product\/yoast-seo-wordpress\/ -->\n<title>Der B\u00fccherregal-Wohlstandstrend h\u00e4lt auch zu Weihnachten an \u2013 hier erfahren Sie, wie Sie Ihre B\u00fccherregale f\u00fcr die festliche Zeit dekorieren - Nachrichten - Stra\u00dfenweb<\/title>\n<meta name=\"robots\" content=\"index, follow, max-snippet:-1, max-image-preview:large, max-video-preview:-1\" \/>\n<link rel=\"canonical\" href=\"https:\/\/www.strassenweb.de\/nachrichten\/der-buecherregal-wohlstandstrend-haelt-auch-zu-weihnachten-an-hier-erfahren-sie-wie-sie-ihre-buecherregale-fuer-die-festliche-zeit-dekorieren\/\" \/>\n<meta property=\"og:locale\" content=\"de_DE\" \/>\n<meta property=\"og:type\" content=\"article\" \/>\n<meta property=\"og:title\" content=\"Der B\u00fccherregal-Wohlstandstrend h\u00e4lt auch zu Weihnachten an \u2013 hier erfahren Sie, wie Sie Ihre B\u00fccherregale f\u00fcr die festliche Zeit dekorieren - Nachrichten - Stra\u00dfenweb\" \/>\n<meta property=\"og:description\" content=\"Das Gestalten von B\u00fccherregalen ist das Geheimrezept eines Innenarchitekten. Sie alle haben ihre eigenen Lieblingsmethoden, Must-Haves und kleinen Tricks, um die perfekte B\u00fccherregal-Vignette zu gestalten\" \/>\n<meta property=\"og:url\" content=\"https:\/\/www.strassenweb.de\/nachrichten\/der-buecherregal-wohlstandstrend-haelt-auch-zu-weihnachten-an-hier-erfahren-sie-wie-sie-ihre-buecherregale-fuer-die-festliche-zeit-dekorieren\/\" \/>\n<meta property=\"og:site_name\" content=\"Stra\u00dfenweb\" \/>\n<meta property=\"article:publisher\" content=\"https:\/\/www.facebook.com\/strassenweb\/\" \/>\n<meta property=\"article:published_time\" content=\"2024-12-15T02:44:34+00:00\" \/>\n<meta property=\"article:modified_time\" content=\"2024-12-15T02:44:35+00:00\" \/>\n<meta property=\"og:image\" content=\"https:\/\/www.strassenweb.de\/nachrichten\/wp-content\/uploads\/2024\/12\/Der-Buecherregal-Wohlstandstrend-haelt-auch-zu-Weihnachten-an-\u2013-hier-erfahren.jpg\" \/>\n\t<meta property=\"og:image:width\" content=\"1200\" \/>\n\t<meta property=\"og:image:height\" content=\"675\" \/>\n\t<meta property=\"og:image:type\" content=\"image\/jpeg\" \/>\n<meta name=\"author\" content=\"Robert Hoffmann\" \/>\n<meta name=\"twitter:card\" content=\"summary_large_image\" \/>\n<meta name=\"twitter:label1\" content=\"Verfasst von\" \/>\n\t<meta name=\"twitter:data1\" content=\"Robert Hoffmann\" \/>\n\t<meta name=\"twitter:label2\" content=\"Gesch\u00e4tzte Lesezeit\" \/>\n\t<meta name=\"twitter:data2\" content=\"5\u00a0Minuten\" \/>\n<script type=\"application\/ld+json\" class=\"yoast-schema-graph\">{\"@context\":\"https:\\\/\\\/schema.org\",\"@graph\":[{\"@type\":\"Article\",\"@id\":\"https:\\\/\\\/www.strassenweb.de\\\/nachrichten\\\/der-buecherregal-wohlstandstrend-haelt-auch-zu-weihnachten-an-hier-erfahren-sie-wie-sie-ihre-buecherregale-fuer-die-festliche-zeit-dekorieren\\\/#article\",\"isPartOf\":{\"@id\":\"https:\\\/\\\/www.strassenweb.de\\\/nachrichten\\\/der-buecherregal-wohlstandstrend-haelt-auch-zu-weihnachten-an-hier-erfahren-sie-wie-sie-ihre-buecherregale-fuer-die-festliche-zeit-dekorieren\\\/\"},\"author\":{\"name\":\"Robert Hoffmann\",\"@id\":\"https:\\\/\\\/www.strassenweb.de\\\/nachrichten\\\/#\\\/schema\\\/person\\\/87c9c9067f1211da429a744dc5a5aa41\"},\"headline\":\"Der B\u00fccherregal-Wohlstandstrend h\u00e4lt auch zu Weihnachten an \u2013 hier erfahren Sie, wie Sie Ihre B\u00fccherregale f\u00fcr die festliche Zeit dekorieren\",\"datePublished\":\"2024-12-15T02:44:34+00:00\",\"dateModified\":\"2024-12-15T02:44:35+00:00\",\"mainEntityOfPage\":{\"@id\":\"https:\\\/\\\/www.strassenweb.de\\\/nachrichten\\\/der-buecherregal-wohlstandstrend-haelt-auch-zu-weihnachten-an-hier-erfahren-sie-wie-sie-ihre-buecherregale-fuer-die-festliche-zeit-dekorieren\\\/\"},\"wordCount\":1077,\"publisher\":{\"@id\":\"https:\\\/\\\/www.strassenweb.de\\\/nachrichten\\\/#organization\"},\"image\":{\"@id\":\"https:\\\/\\\/www.strassenweb.de\\\/nachrichten\\\/der-buecherregal-wohlstandstrend-haelt-auch-zu-weihnachten-an-hier-erfahren-sie-wie-sie-ihre-buecherregale-fuer-die-festliche-zeit-dekorieren\\\/#primaryimage\"},\"thumbnailUrl\":\"https:\\\/\\\/www.strassenweb.de\\\/nachrichten\\\/wp-content\\\/uploads\\\/2024\\\/12\\\/Der-Buecherregal-Wohlstandstrend-haelt-auch-zu-Weihnachten-an-\u2013-hier-erfahren.jpg\",\"keywords\":[\"Auch\",\"B\u00fccherregale\",\"B\u00fccherregalWohlstandstrend\",\"dekorieren\",\"der\",\"die\",\"erfahren\",\"festliche\",\"f\u00fcr\",\"h\u00e4lt\",\"hier\",\"ihre\",\"Sie\",\"Weihnachten\",\"Wie\",\"Zeit\"],\"articleSection\":[\"Haus &amp; Garten\"],\"inLanguage\":\"de\"},{\"@type\":\"WebPage\",\"@id\":\"https:\\\/\\\/www.strassenweb.de\\\/nachrichten\\\/der-buecherregal-wohlstandstrend-haelt-auch-zu-weihnachten-an-hier-erfahren-sie-wie-sie-ihre-buecherregale-fuer-die-festliche-zeit-dekorieren\\\/\",\"url\":\"https:\\\/\\\/www.strassenweb.de\\\/nachrichten\\\/der-buecherregal-wohlstandstrend-haelt-auch-zu-weihnachten-an-hier-erfahren-sie-wie-sie-ihre-buecherregale-fuer-die-festliche-zeit-dekorieren\\\/\",\"name\":\"Der B\u00fccherregal-Wohlstandstrend h\u00e4lt auch zu Weihnachten an \u2013 hier erfahren Sie, wie Sie Ihre B\u00fccherregale f\u00fcr die festliche Zeit dekorieren - Nachrichten - Stra\u00dfenweb\",\"isPartOf\":{\"@id\":\"https:\\\/\\\/www.strassenweb.de\\\/nachrichten\\\/#website\"},\"primaryImageOfPage\":{\"@id\":\"https:\\\/\\\/www.strassenweb.de\\\/nachrichten\\\/der-buecherregal-wohlstandstrend-haelt-auch-zu-weihnachten-an-hier-erfahren-sie-wie-sie-ihre-buecherregale-fuer-die-festliche-zeit-dekorieren\\\/#primaryimage\"},\"image\":{\"@id\":\"https:\\\/\\\/www.strassenweb.de\\\/nachrichten\\\/der-buecherregal-wohlstandstrend-haelt-auch-zu-weihnachten-an-hier-erfahren-sie-wie-sie-ihre-buecherregale-fuer-die-festliche-zeit-dekorieren\\\/#primaryimage\"},\"thumbnailUrl\":\"https:\\\/\\\/www.strassenweb.de\\\/nachrichten\\\/wp-content\\\/uploads\\\/2024\\\/12\\\/Der-Buecherregal-Wohlstandstrend-haelt-auch-zu-Weihnachten-an-\u2013-hier-erfahren.jpg\",\"datePublished\":\"2024-12-15T02:44:34+00:00\",\"dateModified\":\"2024-12-15T02:44:35+00:00\",\"breadcrumb\":{\"@id\":\"https:\\\/\\\/www.strassenweb.de\\\/nachrichten\\\/der-buecherregal-wohlstandstrend-haelt-auch-zu-weihnachten-an-hier-erfahren-sie-wie-sie-ihre-buecherregale-fuer-die-festliche-zeit-dekorieren\\\/#breadcrumb\"},\"inLanguage\":\"de\",\"potentialAction\":[{\"@type\":\"ReadAction\",\"target\":[\"https:\\\/\\\/www.strassenweb.de\\\/nachrichten\\\/der-buecherregal-wohlstandstrend-haelt-auch-zu-weihnachten-an-hier-erfahren-sie-wie-sie-ihre-buecherregale-fuer-die-festliche-zeit-dekorieren\\\/\"]}]},{\"@type\":\"ImageObject\",\"inLanguage\":\"de\",\"@id\":\"https:\\\/\\\/www.strassenweb.de\\\/nachrichten\\\/der-buecherregal-wohlstandstrend-haelt-auch-zu-weihnachten-an-hier-erfahren-sie-wie-sie-ihre-buecherregale-fuer-die-festliche-zeit-dekorieren\\\/#primaryimage\",\"url\":\"https:\\\/\\\/www.strassenweb.de\\\/nachrichten\\\/wp-content\\\/uploads\\\/2024\\\/12\\\/Der-Buecherregal-Wohlstandstrend-haelt-auch-zu-Weihnachten-an-\u2013-hier-erfahren.jpg\",\"contentUrl\":\"https:\\\/\\\/www.strassenweb.de\\\/nachrichten\\\/wp-content\\\/uploads\\\/2024\\\/12\\\/Der-Buecherregal-Wohlstandstrend-haelt-auch-zu-Weihnachten-an-\u2013-hier-erfahren.jpg\",\"width\":1200,\"height\":675,\"caption\":\"Der B\u00fccherregal-Wohlstandstrend h\u00e4lt auch zu Weihnachten an \u2013 hier erfahren Sie, wie Sie Ihre B\u00fccherregale f\u00fcr die festliche Zeit dekorieren\"},{\"@type\":\"BreadcrumbList\",\"@id\":\"https:\\\/\\\/www.strassenweb.de\\\/nachrichten\\\/der-buecherregal-wohlstandstrend-haelt-auch-zu-weihnachten-an-hier-erfahren-sie-wie-sie-ihre-buecherregale-fuer-die-festliche-zeit-dekorieren\\\/#breadcrumb\",\"itemListElement\":[{\"@type\":\"ListItem\",\"position\":1,\"name\":\"Home\",\"item\":\"https:\\\/\\\/www.strassenweb.de\\\/nachrichten\\\/\"},{\"@type\":\"ListItem\",\"position\":2,\"name\":\"Der B\u00fccherregal-Wohlstandstrend h\u00e4lt auch zu Weihnachten an \u2013 hier erfahren Sie, wie Sie Ihre B\u00fccherregale f\u00fcr die festliche Zeit dekorieren\"}]},{\"@type\":\"WebSite\",\"@id\":\"https:\\\/\\\/www.strassenweb.de\\\/nachrichten\\\/#website\",\"url\":\"https:\\\/\\\/www.strassenweb.de\\\/nachrichten\\\/\",\"name\":\"Stra\u00dfenweb\",\"description\":\"Stra\u00dfenverzeichnis f\u00fcr Deutschland\",\"publisher\":{\"@id\":\"https:\\\/\\\/www.strassenweb.de\\\/nachrichten\\\/#organization\"},\"potentialAction\":[{\"@type\":\"SearchAction\",\"target\":{\"@type\":\"EntryPoint\",\"urlTemplate\":\"https:\\\/\\\/www.strassenweb.de\\\/nachrichten\\\/?s={search_term_string}\"},\"query-input\":{\"@type\":\"PropertyValueSpecification\",\"valueRequired\":true,\"valueName\":\"search_term_string\"}}],\"inLanguage\":\"de\"},{\"@type\":\"Organization\",\"@id\":\"https:\\\/\\\/www.strassenweb.de\\\/nachrichten\\\/#organization\",\"name\":\"Stra\u00dfenweb\",\"url\":\"https:\\\/\\\/www.strassenweb.de\\\/nachrichten\\\/\",\"logo\":{\"@type\":\"ImageObject\",\"inLanguage\":\"de\",\"@id\":\"https:\\\/\\\/www.strassenweb.de\\\/nachrichten\\\/#\\\/schema\\\/logo\\\/image\\\/\",\"url\":\"https:\\\/\\\/www.strassenweb.de\\\/nachrichten\\\/wp-content\\\/uploads\\\/2024\\\/09\\\/cropped-favicon.png\",\"contentUrl\":\"https:\\\/\\\/www.strassenweb.de\\\/nachrichten\\\/wp-content\\\/uploads\\\/2024\\\/09\\\/cropped-favicon.png\",\"width\":512,\"height\":512,\"caption\":\"Stra\u00dfenweb\"},\"image\":{\"@id\":\"https:\\\/\\\/www.strassenweb.de\\\/nachrichten\\\/#\\\/schema\\\/logo\\\/image\\\/\"},\"sameAs\":[\"https:\\\/\\\/www.facebook.com\\\/strassenweb\\\/\"]},{\"@type\":\"Person\",\"@id\":\"https:\\\/\\\/www.strassenweb.de\\\/nachrichten\\\/#\\\/schema\\\/person\\\/87c9c9067f1211da429a744dc5a5aa41\",\"name\":\"Robert Hoffmann\",\"image\":{\"@type\":\"ImageObject\",\"inLanguage\":\"de\",\"@id\":\"https:\\\/\\\/www.strassenweb.de\\\/nachrichten\\\/wp-content\\\/uploads\\\/2024\\\/09\\\/strassenweb-150x150.jpg\",\"url\":\"https:\\\/\\\/www.strassenweb.de\\\/nachrichten\\\/wp-content\\\/uploads\\\/2024\\\/09\\\/strassenweb-150x150.jpg\",\"contentUrl\":\"https:\\\/\\\/www.strassenweb.de\\\/nachrichten\\\/wp-content\\\/uploads\\\/2024\\\/09\\\/strassenweb-150x150.jpg\",\"caption\":\"Robert Hoffmann\"},\"description\":\"Ich hei\u00dfe Robert Hoffmann und ich bin ein leidenschaftlicher Verfechter von \u00d6kologie und Biodiversit\u00e4t. Seit meiner Kindheit in den W\u00e4ldern Bayerns f\u00fchle ich mich mit der Natur verbunden und bin entschlossen, sie zu sch\u00fctzen. Heute widme ich mein Leben der Sensibilisierung anderer f\u00fcr die Bedeutung des Umweltschutzes f\u00fcr zuk\u00fcnftige Generationen.\",\"sameAs\":[\"https:\\\/\\\/www.strassenweb.de\\\/\"]}]}<\/script>\n<!-- \/ Yoast SEO plugin. -->","yoast_head_json":{"title":"Der B\u00fccherregal-Wohlstandstrend h\u00e4lt auch zu Weihnachten an \u2013 hier erfahren Sie, wie Sie Ihre B\u00fccherregale f\u00fcr die festliche Zeit dekorieren - Nachrichten - Stra\u00dfenweb","robots":{"index":"index","follow":"follow","max-snippet":"max-snippet:-1","max-image-preview":"max-image-preview:large","max-video-preview":"max-video-preview:-1"},"canonical":"https:\/\/www.strassenweb.de\/nachrichten\/der-buecherregal-wohlstandstrend-haelt-auch-zu-weihnachten-an-hier-erfahren-sie-wie-sie-ihre-buecherregale-fuer-die-festliche-zeit-dekorieren\/","og_locale":"de_DE","og_type":"article","og_title":"Der B\u00fccherregal-Wohlstandstrend h\u00e4lt auch zu Weihnachten an \u2013 hier erfahren Sie, wie Sie Ihre B\u00fccherregale f\u00fcr die festliche Zeit dekorieren - Nachrichten - Stra\u00dfenweb","og_description":"Das Gestalten von B\u00fccherregalen ist das Geheimrezept eines Innenarchitekten. Sie alle haben ihre eigenen Lieblingsmethoden, Must-Haves und kleinen Tricks, um die perfekte B\u00fccherregal-Vignette zu gestalten","og_url":"https:\/\/www.strassenweb.de\/nachrichten\/der-buecherregal-wohlstandstrend-haelt-auch-zu-weihnachten-an-hier-erfahren-sie-wie-sie-ihre-buecherregale-fuer-die-festliche-zeit-dekorieren\/","og_site_name":"Stra\u00dfenweb","article_publisher":"https:\/\/www.facebook.com\/strassenweb\/","article_published_time":"2024-12-15T02:44:34+00:00","article_modified_time":"2024-12-15T02:44:35+00:00","og_image":[{"width":1200,"height":675,"url":"https:\/\/www.strassenweb.de\/nachrichten\/wp-content\/uploads\/2024\/12\/Der-Buecherregal-Wohlstandstrend-haelt-auch-zu-Weihnachten-an-\u2013-hier-erfahren.jpg","type":"image\/jpeg"}],"author":"Robert Hoffmann","twitter_card":"summary_large_image","twitter_misc":{"Verfasst von":"Robert Hoffmann","Gesch\u00e4tzte Lesezeit":"5\u00a0Minuten"},"schema":{"@context":"https:\/\/schema.org","@graph":[{"@type":"Article","@id":"https:\/\/www.strassenweb.de\/nachrichten\/der-buecherregal-wohlstandstrend-haelt-auch-zu-weihnachten-an-hier-erfahren-sie-wie-sie-ihre-buecherregale-fuer-die-festliche-zeit-dekorieren\/#article","isPartOf":{"@id":"https:\/\/www.strassenweb.de\/nachrichten\/der-buecherregal-wohlstandstrend-haelt-auch-zu-weihnachten-an-hier-erfahren-sie-wie-sie-ihre-buecherregale-fuer-die-festliche-zeit-dekorieren\/"},"author":{"name":"Robert Hoffmann","@id":"https:\/\/www.strassenweb.de\/nachrichten\/#\/schema\/person\/87c9c9067f1211da429a744dc5a5aa41"},"headline":"Der B\u00fccherregal-Wohlstandstrend h\u00e4lt auch zu Weihnachten an \u2013 hier erfahren Sie, wie Sie Ihre B\u00fccherregale f\u00fcr die festliche Zeit dekorieren","datePublished":"2024-12-15T02:44:34+00:00","dateModified":"2024-12-15T02:44:35+00:00","mainEntityOfPage":{"@id":"https:\/\/www.strassenweb.de\/nachrichten\/der-buecherregal-wohlstandstrend-haelt-auch-zu-weihnachten-an-hier-erfahren-sie-wie-sie-ihre-buecherregale-fuer-die-festliche-zeit-dekorieren\/"},"wordCount":1077,"publisher":{"@id":"https:\/\/www.strassenweb.de\/nachrichten\/#organization"},"image":{"@id":"https:\/\/www.strassenweb.de\/nachrichten\/der-buecherregal-wohlstandstrend-haelt-auch-zu-weihnachten-an-hier-erfahren-sie-wie-sie-ihre-buecherregale-fuer-die-festliche-zeit-dekorieren\/#primaryimage"},"thumbnailUrl":"https:\/\/www.strassenweb.de\/nachrichten\/wp-content\/uploads\/2024\/12\/Der-Buecherregal-Wohlstandstrend-haelt-auch-zu-Weihnachten-an-\u2013-hier-erfahren.jpg","keywords":["Auch","B\u00fccherregale","B\u00fccherregalWohlstandstrend","dekorieren","der","die","erfahren","festliche","f\u00fcr","h\u00e4lt","hier","ihre","Sie","Weihnachten","Wie","Zeit"],"articleSection":["Haus &amp; Garten"],"inLanguage":"de"},{"@type":"WebPage","@id":"https:\/\/www.strassenweb.de\/nachrichten\/der-buecherregal-wohlstandstrend-haelt-auch-zu-weihnachten-an-hier-erfahren-sie-wie-sie-ihre-buecherregale-fuer-die-festliche-zeit-dekorieren\/","url":"https:\/\/www.strassenweb.de\/nachrichten\/der-buecherregal-wohlstandstrend-haelt-auch-zu-weihnachten-an-hier-erfahren-sie-wie-sie-ihre-buecherregale-fuer-die-festliche-zeit-dekorieren\/","name":"Der B\u00fccherregal-Wohlstandstrend h\u00e4lt auch zu Weihnachten an \u2013 hier erfahren Sie, wie Sie Ihre B\u00fccherregale f\u00fcr die festliche Zeit dekorieren - Nachrichten - Stra\u00dfenweb","isPartOf":{"@id":"https:\/\/www.strassenweb.de\/nachrichten\/#website"},"primaryImageOfPage":{"@id":"https:\/\/www.strassenweb.de\/nachrichten\/der-buecherregal-wohlstandstrend-haelt-auch-zu-weihnachten-an-hier-erfahren-sie-wie-sie-ihre-buecherregale-fuer-die-festliche-zeit-dekorieren\/#primaryimage"},"image":{"@id":"https:\/\/www.strassenweb.de\/nachrichten\/der-buecherregal-wohlstandstrend-haelt-auch-zu-weihnachten-an-hier-erfahren-sie-wie-sie-ihre-buecherregale-fuer-die-festliche-zeit-dekorieren\/#primaryimage"},"thumbnailUrl":"https:\/\/www.strassenweb.de\/nachrichten\/wp-content\/uploads\/2024\/12\/Der-Buecherregal-Wohlstandstrend-haelt-auch-zu-Weihnachten-an-\u2013-hier-erfahren.jpg","datePublished":"2024-12-15T02:44:34+00:00","dateModified":"2024-12-15T02:44:35+00:00","breadcrumb":{"@id":"https:\/\/www.strassenweb.de\/nachrichten\/der-buecherregal-wohlstandstrend-haelt-auch-zu-weihnachten-an-hier-erfahren-sie-wie-sie-ihre-buecherregale-fuer-die-festliche-zeit-dekorieren\/#breadcrumb"},"inLanguage":"de","potentialAction":[{"@type":"ReadAction","target":["https:\/\/www.strassenweb.de\/nachrichten\/der-buecherregal-wohlstandstrend-haelt-auch-zu-weihnachten-an-hier-erfahren-sie-wie-sie-ihre-buecherregale-fuer-die-festliche-zeit-dekorieren\/"]}]},{"@type":"ImageObject","inLanguage":"de","@id":"https:\/\/www.strassenweb.de\/nachrichten\/der-buecherregal-wohlstandstrend-haelt-auch-zu-weihnachten-an-hier-erfahren-sie-wie-sie-ihre-buecherregale-fuer-die-festliche-zeit-dekorieren\/#primaryimage","url":"https:\/\/www.strassenweb.de\/nachrichten\/wp-content\/uploads\/2024\/12\/Der-Buecherregal-Wohlstandstrend-haelt-auch-zu-Weihnachten-an-\u2013-hier-erfahren.jpg","contentUrl":"https:\/\/www.strassenweb.de\/nachrichten\/wp-content\/uploads\/2024\/12\/Der-Buecherregal-Wohlstandstrend-haelt-auch-zu-Weihnachten-an-\u2013-hier-erfahren.jpg","width":1200,"height":675,"caption":"Der B\u00fccherregal-Wohlstandstrend h\u00e4lt auch zu Weihnachten an \u2013 hier erfahren Sie, wie Sie Ihre B\u00fccherregale f\u00fcr die festliche Zeit dekorieren"},{"@type":"BreadcrumbList","@id":"https:\/\/www.strassenweb.de\/nachrichten\/der-buecherregal-wohlstandstrend-haelt-auch-zu-weihnachten-an-hier-erfahren-sie-wie-sie-ihre-buecherregale-fuer-die-festliche-zeit-dekorieren\/#breadcrumb","itemListElement":[{"@type":"ListItem","position":1,"name":"Home","item":"https:\/\/www.strassenweb.de\/nachrichten\/"},{"@type":"ListItem","position":2,"name":"Der B\u00fccherregal-Wohlstandstrend h\u00e4lt auch zu Weihnachten an \u2013 hier erfahren Sie, wie Sie Ihre B\u00fccherregale f\u00fcr die festliche Zeit dekorieren"}]},{"@type":"WebSite","@id":"https:\/\/www.strassenweb.de\/nachrichten\/#website","url":"https:\/\/www.strassenweb.de\/nachrichten\/","name":"Stra\u00dfenweb","description":"Stra\u00dfenverzeichnis f\u00fcr Deutschland","publisher":{"@id":"https:\/\/www.strassenweb.de\/nachrichten\/#organization"},"potentialAction":[{"@type":"SearchAction","target":{"@type":"EntryPoint","urlTemplate":"https:\/\/www.strassenweb.de\/nachrichten\/?s={search_term_string}"},"query-input":{"@type":"PropertyValueSpecification","valueRequired":true,"valueName":"search_term_string"}}],"inLanguage":"de"},{"@type":"Organization","@id":"https:\/\/www.strassenweb.de\/nachrichten\/#organization","name":"Stra\u00dfenweb","url":"https:\/\/www.strassenweb.de\/nachrichten\/","logo":{"@type":"ImageObject","inLanguage":"de","@id":"https:\/\/www.strassenweb.de\/nachrichten\/#\/schema\/logo\/image\/","url":"https:\/\/www.strassenweb.de\/nachrichten\/wp-content\/uploads\/2024\/09\/cropped-favicon.png","contentUrl":"https:\/\/www.strassenweb.de\/nachrichten\/wp-content\/uploads\/2024\/09\/cropped-favicon.png","width":512,"height":512,"caption":"Stra\u00dfenweb"},"image":{"@id":"https:\/\/www.strassenweb.de\/nachrichten\/#\/schema\/logo\/image\/"},"sameAs":["https:\/\/www.facebook.com\/strassenweb\/"]},{"@type":"Person","@id":"https:\/\/www.strassenweb.de\/nachrichten\/#\/schema\/person\/87c9c9067f1211da429a744dc5a5aa41","name":"Robert Hoffmann","image":{"@type":"ImageObject","inLanguage":"de","@id":"https:\/\/www.strassenweb.de\/nachrichten\/wp-content\/uploads\/2024\/09\/strassenweb-150x150.jpg","url":"https:\/\/www.strassenweb.de\/nachrichten\/wp-content\/uploads\/2024\/09\/strassenweb-150x150.jpg","contentUrl":"https:\/\/www.strassenweb.de\/nachrichten\/wp-content\/uploads\/2024\/09\/strassenweb-150x150.jpg","caption":"Robert Hoffmann"},"description":"Ich hei\u00dfe Robert Hoffmann und ich bin ein leidenschaftlicher Verfechter von \u00d6kologie und Biodiversit\u00e4t. Seit meiner Kindheit in den W\u00e4ldern Bayerns f\u00fchle ich mich mit der Natur verbunden und bin entschlossen, sie zu sch\u00fctzen. Heute widme ich mein Leben der Sensibilisierung anderer f\u00fcr die Bedeutung des Umweltschutzes f\u00fcr zuk\u00fcnftige Generationen.","sameAs":["https:\/\/www.strassenweb.de\/"]}]}},"_links":{"self":[{"href":"https:\/\/www.strassenweb.de\/nachrichten\/wp-json\/wp\/v2\/posts\/2137","targetHints":{"allow":["GET"]}}],"collection":[{"href":"https:\/\/www.strassenweb.de\/nachrichten\/wp-json\/wp\/v2\/posts"}],"about":[{"href":"https:\/\/www.strassenweb.de\/nachrichten\/wp-json\/wp\/v2\/types\/post"}],"author":[{"embeddable":true,"href":"https:\/\/www.strassenweb.de\/nachrichten\/wp-json\/wp\/v2\/users\/1"}],"replies":[{"embeddable":true,"href":"https:\/\/www.strassenweb.de\/nachrichten\/wp-json\/wp\/v2\/comments?post=2137"}],"version-history":[{"count":0,"href":"https:\/\/www.strassenweb.de\/nachrichten\/wp-json\/wp\/v2\/posts\/2137\/revisions"}],"wp:featuredmedia":[{"embeddable":true,"href":"https:\/\/www.strassenweb.de\/nachrichten\/wp-json\/wp\/v2\/media\/2138"}],"wp:attachment":[{"href":"https:\/\/www.strassenweb.de\/nachrichten\/wp-json\/wp\/v2\/media?parent=2137"}],"wp:term":[{"taxonomy":"category","embeddable":true,"href":"https:\/\/www.strassenweb.de\/nachrichten\/wp-json\/wp\/v2\/categories?post=2137"},{"taxonomy":"post_tag","embeddable":true,"href":"https:\/\/www.strassenweb.de\/nachrichten\/wp-json\/wp\/v2\/tags?post=2137"}],"curies":[{"name":"wp","href":"https:\/\/api.w.org\/{rel}","templated":true}]}}