{"id":2132,"date":"2024-12-14T19:49:40","date_gmt":"2024-12-14T18:49:40","guid":{"rendered":"https:\/\/www.strassenweb.de\/nachrichten\/beleuchtungsexperten-verraten-wie-man-eine-veranda-zu-weihnachten-beleuchtet-5-tipps-von-erfahrenen-designern\/"},"modified":"2024-12-14T19:49:40","modified_gmt":"2024-12-14T18:49:40","slug":"beleuchtungsexperten-verraten-wie-man-eine-veranda-zu-weihnachten-beleuchtet-5-tipps-von-erfahrenen-designern","status":"publish","type":"post","link":"https:\/\/www.strassenweb.de\/nachrichten\/beleuchtungsexperten-verraten-wie-man-eine-veranda-zu-weihnachten-beleuchtet-5-tipps-von-erfahrenen-designern\/","title":{"rendered":"Beleuchtungsexperten verraten, wie man eine Veranda zu Weihnachten beleuchtet \u2013 5 Tipps von erfahrenen Designern"},"content":{"rendered":"<p><\/p>\n<div id=\"article-body\" class=\"article__body \">\n<p>Eine gut beleuchtete Veranda ist die perfekte M\u00f6glichkeit, an Weihnachten G\u00e4ste in Ihrem Zuhause willkommen zu hei\u00dfen. Es sorgt f\u00fcr eine gem\u00fctliche Weihnachtsstimmung, noch bevor jemand Ihr Zuhause betreten hat.<\/p>\n<div id=\"ad-unit-1\" class=\"ad-unit\"><\/div>\n<p>Es kann jedoch leicht passieren, dass Sie bei der Beleuchtung Ihrer Veranda einen Fehler machen. Zu dunkel kann Ihr Zuhause nicht einladend wirken lassen, zu hell kann Ihre Privatsph\u00e4re beeintr\u00e4chtigen.<\/p>\n<aside class=\"hawk-nest\" data-block-type=\"embed\" data-render-type=\"fte\" data-skip=\"dealsy\" data-widget-type=\"seasonal\">\n<div class=\"hawk-master-widget-hawk-base-wrapper\"><\/div>\n<\/aside>\n<p>Ich habe mit Lichtexperten dar\u00fcber gesprochen, wie man eine Veranda am besten beleuchtet, um zu Weihnachten G\u00e4ste in Ihrem Zuhause willkommen zu hei\u00dfen, und sie haben mir 5 Insidertipps f\u00fcr die perfekte festliche Verandabeleuchtung gegeben.<\/p>\n<div id=\"desktop-in-article\" class=\"in-article ad-unit\">\n<div id=\"desktop-taboola-mid-article\"><\/div>\n<\/div>\n<div id=\"mobile-in-article\" class=\"in-article ad-unit\">\n<div id=\"mobile-taboola-mid-article\"><\/div>\n<\/div>\n<h3 class=\"article-body__section\" id=\"section-light-up-wreaths-and-garlands\"><span>Leuchtende Kr\u00e4nze und Girlanden<\/span><\/h3>\n<figure class=\"van-image-figure inline-layout \" data-bordeaux-image-check>\n<div class=\"image-full-width-wrapper\">\n<div class=\"image-widthsetter\" style=\"max-width:2400px;\"><\/div>\n<\/div>\n<\/figure>\n<p>Ein Kranz ist eine klassische Art, G\u00e4ste zu begr\u00fc\u00dfen, aber Sie k\u00f6nnen den Look mit einem leuchtenden Kranz aufwerten. Sie k\u00f6nnen auch leuchtende Girlanden finden. Dies ist eine effiziente M\u00f6glichkeit, Dekor und Licht in einem Arbeitsgang zu schaffen. Anstatt nur Lichterketten zu verwenden, sorgen leuchtende Kr\u00e4nze und Girlanden f\u00fcr Gr\u00fcn und Licht und sorgen f\u00fcr eine gem\u00fctliche Veranda. Patricia Derpinski, Expertin f\u00fcr Weihnachtsbeleuchtung, sagt: \u201eGirlanden, Kr\u00e4nze und andere nat\u00fcrliche Akzente machen den Look weicher und lassen alles einladender wirken.\u201c &#8218;<\/p>\n<div class=\"van_vid_carousel\">\n<div class=\"van_vid_carousel__padding\">\n<div class=\"van_vid_carousel__container\"><\/div>\n<\/div>\n<\/div>\n<p>Sie sind auch vielseitige Optionen. Sie m\u00fcssen einen Kranz nicht nur an Ihrer T\u00fcr verwenden, sondern k\u00f6nnen ihn auch an einer Wand oder \u00fcber einem Gel\u00e4nder platzieren. Normalerweise werden Girlanden um die Haust\u00fcr herum angebracht, Sie k\u00f6nnen sie aber auch um S\u00e4ulen oder Gel\u00e4nder wickeln, um etwas Gr\u00fcn hinzuzuf\u00fcgen. Sie sind leicht zu finden \u2013 Sie k\u00f6nnen beispielsweise bei Pottery Barn einen beleuchteten Kranz und eine Girlande kaufen, die meisten gro\u00dfen Einzelh\u00e4ndler bieten \u00e4hnliche Produkte an. Alternativ k\u00f6nnen Sie Ihren eigenen Kranz basteln und einige Lichterketten einflechten, um einen \u00e4hnlichen Effekt zu erzielen.<\/p>\n<div id=\"ad-unit-2\" class=\"ad-unit\"><\/div>\n<p>Stellen Sie einfach sicher, dass Ihr Kranz ordnungsgem\u00e4\u00df wetterfest ist. Au\u00dfenleuchten sollten mindestens die Schutzart IP55 aufweisen, damit sie etwas Wind und Regen standhalten. Dar\u00fcber hinaus ist es, genau wie bei der Weihnachtsbeleuchtung, gut, einen Kranz mit einem Timer oder einer Fernbedienung zu finden, um den Betrieb zu erleichtern.<\/p>\n<h3 class=\"article-body__section\" id=\"section-icicle-lights\"><span>Eiszapfenlichter<\/span><\/h3>\n<figure class=\"van-image-figure inline-layout \" data-bordeaux-image-check>\n<div class=\"image-full-width-wrapper\">\n<div class=\"image-widthsetter\" style=\"max-width:2400px;\"><\/div>\n<\/div>\n<\/figure>\n<p>Eiszapfenlichter sind nicht ohne Grund ein Klassiker. Diese Lichter h\u00e4ngen in Str\u00e4ngen herab und bringen sowohl Struktur als auch Licht. Anstelle von \u00fcber eine Wand gespannten Lichterketten sorgen Eiszapfenlichter f\u00fcr visuelles Interesse. Sie umh\u00fcllen die Veranda und schaffen einen gem\u00fctlichen, sicheren Raum abseits der Au\u00dfenwelt.<\/p>\n<p>Das Beste daran ist, dass sie auf subtile Weise an Eiszapfen und fallenden Schnee erinnern, sodass sie festlich wirken, ohne zu offensichtlich zu sein.<\/p>\n<p>Ein Fehler, den viele Leute bei ihren Eiszapfenlichtern jedoch machen, ist der Kauf von Sets mit dicken Dr\u00e4hten. Wenn der Draht zu deutlich und zu schwer ist, wird er die Lichter beschweren und sie sehen sp\u00e4rlich und schlaff aus. Wenn Sie k\u00f6nnen, versuchen Sie, Eiszapfenlichter wie diese bei Amazon zu verwenden \u2013 sie sind d\u00fcnn und leicht, sodass Sie den Lichteffekt ohne offensichtliche Kabel erzielen.<\/p>\n<h3 class=\"article-body__section\" id=\"section-lights-in-front-door-trees\"><span>Lichter in den B\u00e4umen vor der Haust\u00fcr<\/span><\/h3>\n<p>B\u00e4ume auf Veranden bieten eine tolle M\u00f6glichkeit, etwas Licht ins Spiel zu bringen, und Sie haben viele M\u00f6glichkeiten. Sie k\u00f6nnen hier den klassischen Weg gehen und einige Lichterketten verwenden. Versuchen Sie es aus Effizienzgr\u00fcnden mit Netzlichtern, die viel schneller auf- und abgebaut werden k\u00f6nnen als Lichterketten. Sie k\u00f6nnen einfach das gesamte Netz auf einmal \u00fcber den Baum oder Strauch werfen.<\/p>\n<p>Sie k\u00f6nnen jedoch auch eine dramatische Beleuchtung ausprobieren. Sie brauchen nichts Besonderes \u2013 auch billige Strahler wie dieser von Walmart reichen aus. Platzieren Sie die Strahler am Fu\u00df des Baumes und beleuchten Sie ihn von unten. Dies ist die perfekte M\u00f6glichkeit, eine festliche Beleuchtung zu schaffen, ohne auf eine offensichtliche Weihnachtsbeleuchtung zur\u00fcckgreifen zu m\u00fcssen.<\/p>\n<h3 class=\"article-body__section\" id=\"section-candles-and-lanterns\"><span>Kerzen und Laternen<\/span><\/h3>\n<figure class=\"van-image-figure inline-layout \" data-bordeaux-image-check>\n<div class=\"image-full-width-wrapper\">\n<div class=\"image-widthsetter\" style=\"max-width:2400px;\"><\/div>\n<\/div>\n<\/figure>\n<p>Sie werden diese nicht als praktische Beleuchtung verwenden wollen, und f\u00fcr den t\u00e4glichen Gebrauch w\u00e4ren sie zu aufw\u00e4ndig. Allerdings k\u00f6nnen Kerzen eine tolle M\u00f6glichkeit sein, an Weihnachten eine gem\u00fctliche Atmosph\u00e4re zu schaffen. Eine Veranda ist ein gro\u00dfartiger Ort f\u00fcr eine traditionelle Laterne, da sie windgesch\u00fctzt ist und Ihre Kerzen nicht ausblasen.<\/p>\n<p>Die besten Pl\u00e4tze sind auf den Stufen zur Veranda oder vor der Haust\u00fcr. Wenn Sie die Kerzen auf dem ebenen Boden aufbewahren, ist es schwieriger, sie umzusto\u00dfen, und die Brandgefahr verringert sich. Au\u00dferdem ist es eine tolle M\u00f6glichkeit, die Beleuchtung einheitlicher zu gestalten. Wenn Sie Eiszapfenlichter in der Traufe haben, kommt das Licht vollst\u00e4ndig von oben, aber Kerzen auf den Stufen k\u00f6nnen den Look ausgleichen.<\/p>\n<h3 class=\"article-body__section\" id=\"section-decorate-your-sconces\"><span>Dekorieren Sie Ihre Wandleuchten<\/span><\/h3>\n<figure class=\"van-image-figure inline-layout \" data-bordeaux-image-check>\n<div class=\"image-full-width-wrapper\">\n<div class=\"image-widthsetter\" style=\"max-width:2400px;\"><\/div>\n<\/div>\n<\/figure>\n<p>Eine letzte clevere M\u00f6glichkeit, eine weihnachtliche Beleuchtung zu schaffen, besteht darin, \u00fcberhaupt keine Beleuchtung einzuf\u00fchren. Wenn Sie Wand- oder Deckenleuchten haben, ist das Hinzuf\u00fcgen von Weihnachtsdekoration die perfekte M\u00f6glichkeit, eine gem\u00fctliche, einladende Beleuchtung zu schaffen. Einige Schleifen oder Girlanden um Ihre Wandleuchten k\u00f6nnen Ihre praktische Alltagsbeleuchtung viel sch\u00f6ner machen.<\/p>\n<hr>\n<p>Eine Veranda ist nicht der einzige Ort, an dem es an den Feiertagen Licht gibt. Zu lernen, wie man einen Gartenweg zu Weihnachten beleuchtet, ist ein entscheidender Teil der weihnachtlichen Au\u00dfenbeleuchtung. Halten Sie sich au\u00dferdem von grell get\u00f6nten Lichtern fern \u2013 Lichtdesigner haben mir beigebracht, dass dies eine der einfachsten M\u00f6glichkeiten ist, kitschige Weihnachtsbeleuchtung zu vermeiden.<\/p>\n<\/div>\n","protected":false},"excerpt":{"rendered":"<p>Eine gut beleuchtete Veranda ist die perfekte M\u00f6glichkeit, an Weihnachten G\u00e4ste in Ihrem Zuhause willkommen zu hei\u00dfen. Es sorgt f\u00fcr eine gem\u00fctliche Weihnachtsstimmung, noch bevor<\/p>\n","protected":false},"author":1,"featured_media":1820,"comment_status":"closed","ping_status":"","sticky":false,"template":"","format":"standard","meta":{"footnotes":""},"categories":[118],"tags":[3727,3726,1719,74,2097,134,1701,1844,352,21,2105,26],"class_list":["post-2132","post","type-post","status-publish","format-standard","has-post-thumbnail","hentry","category-haus-garten","tag-beleuchtet","tag-beleuchtungsexperten","tag-designern","tag-eine","tag-erfahrenen","tag-man","tag-tipps","tag-veranda","tag-verraten","tag-von","tag-weihnachten","tag-wie","generate-columns","tablet-grid-50","mobile-grid-100","grid-parent","grid-50"],"yoast_head":"<!-- This site is optimized with the Yoast SEO plugin v27.3 - https:\/\/yoast.com\/product\/yoast-seo-wordpress\/ -->\n<title>Beleuchtungsexperten verraten, wie man eine Veranda zu Weihnachten beleuchtet \u2013 5 Tipps von erfahrenen Designern - Nachrichten - Stra\u00dfenweb<\/title>\n<meta name=\"robots\" content=\"index, follow, max-snippet:-1, max-image-preview:large, max-video-preview:-1\" \/>\n<link rel=\"canonical\" href=\"https:\/\/www.strassenweb.de\/nachrichten\/beleuchtungsexperten-verraten-wie-man-eine-veranda-zu-weihnachten-beleuchtet-5-tipps-von-erfahrenen-designern\/\" \/>\n<meta property=\"og:locale\" content=\"de_DE\" \/>\n<meta property=\"og:type\" content=\"article\" \/>\n<meta property=\"og:title\" content=\"Beleuchtungsexperten verraten, wie man eine Veranda zu Weihnachten beleuchtet \u2013 5 Tipps von erfahrenen Designern - Nachrichten - Stra\u00dfenweb\" \/>\n<meta property=\"og:description\" content=\"Eine gut beleuchtete Veranda ist die perfekte M\u00f6glichkeit, an Weihnachten G\u00e4ste in Ihrem Zuhause willkommen zu hei\u00dfen. Es sorgt f\u00fcr eine gem\u00fctliche Weihnachtsstimmung, noch bevor\" \/>\n<meta property=\"og:url\" content=\"https:\/\/www.strassenweb.de\/nachrichten\/beleuchtungsexperten-verraten-wie-man-eine-veranda-zu-weihnachten-beleuchtet-5-tipps-von-erfahrenen-designern\/\" \/>\n<meta property=\"og:site_name\" content=\"Stra\u00dfenweb\" \/>\n<meta property=\"article:publisher\" content=\"https:\/\/www.facebook.com\/strassenweb\/\" \/>\n<meta property=\"article:published_time\" content=\"2024-12-14T18:49:40+00:00\" \/>\n<meta property=\"og:image\" content=\"https:\/\/www.strassenweb.de\/nachrichten\/wp-content\/uploads\/2024\/11\/Lichtdesigner-verraten-7-Moeglichkeiten-kitschige-Weihnachtsbeleuchtung-im-Freien-zu-vermeiden.jpg\" \/>\n\t<meta property=\"og:image:width\" content=\"1200\" \/>\n\t<meta property=\"og:image:height\" content=\"675\" \/>\n\t<meta property=\"og:image:type\" content=\"image\/jpeg\" \/>\n<meta name=\"author\" content=\"Robert Hoffmann\" \/>\n<meta name=\"twitter:card\" content=\"summary_large_image\" \/>\n<meta name=\"twitter:label1\" content=\"Verfasst von\" \/>\n\t<meta name=\"twitter:data1\" content=\"Robert Hoffmann\" \/>\n\t<meta name=\"twitter:label2\" content=\"Gesch\u00e4tzte Lesezeit\" \/>\n\t<meta name=\"twitter:data2\" content=\"4\u00a0Minuten\" \/>\n<script type=\"application\/ld+json\" class=\"yoast-schema-graph\">{\"@context\":\"https:\\\/\\\/schema.org\",\"@graph\":[{\"@type\":\"Article\",\"@id\":\"https:\\\/\\\/www.strassenweb.de\\\/nachrichten\\\/beleuchtungsexperten-verraten-wie-man-eine-veranda-zu-weihnachten-beleuchtet-5-tipps-von-erfahrenen-designern\\\/#article\",\"isPartOf\":{\"@id\":\"https:\\\/\\\/www.strassenweb.de\\\/nachrichten\\\/beleuchtungsexperten-verraten-wie-man-eine-veranda-zu-weihnachten-beleuchtet-5-tipps-von-erfahrenen-designern\\\/\"},\"author\":{\"name\":\"Robert Hoffmann\",\"@id\":\"https:\\\/\\\/www.strassenweb.de\\\/nachrichten\\\/#\\\/schema\\\/person\\\/87c9c9067f1211da429a744dc5a5aa41\"},\"headline\":\"Beleuchtungsexperten verraten, wie man eine Veranda zu Weihnachten beleuchtet \u2013 5 Tipps von erfahrenen Designern\",\"datePublished\":\"2024-12-14T18:49:40+00:00\",\"mainEntityOfPage\":{\"@id\":\"https:\\\/\\\/www.strassenweb.de\\\/nachrichten\\\/beleuchtungsexperten-verraten-wie-man-eine-veranda-zu-weihnachten-beleuchtet-5-tipps-von-erfahrenen-designern\\\/\"},\"wordCount\":905,\"publisher\":{\"@id\":\"https:\\\/\\\/www.strassenweb.de\\\/nachrichten\\\/#organization\"},\"image\":{\"@id\":\"https:\\\/\\\/www.strassenweb.de\\\/nachrichten\\\/beleuchtungsexperten-verraten-wie-man-eine-veranda-zu-weihnachten-beleuchtet-5-tipps-von-erfahrenen-designern\\\/#primaryimage\"},\"thumbnailUrl\":\"https:\\\/\\\/www.strassenweb.de\\\/nachrichten\\\/wp-content\\\/uploads\\\/2024\\\/11\\\/Lichtdesigner-verraten-7-Moeglichkeiten-kitschige-Weihnachtsbeleuchtung-im-Freien-zu-vermeiden.jpg\",\"keywords\":[\"beleuchtet\",\"Beleuchtungsexperten\",\"Designern\",\"eine\",\"erfahrenen\",\"man\",\"Tipps\",\"Veranda\",\"verraten\",\"von\",\"Weihnachten\",\"Wie\"],\"articleSection\":[\"Haus &amp; Garten\"],\"inLanguage\":\"de\"},{\"@type\":\"WebPage\",\"@id\":\"https:\\\/\\\/www.strassenweb.de\\\/nachrichten\\\/beleuchtungsexperten-verraten-wie-man-eine-veranda-zu-weihnachten-beleuchtet-5-tipps-von-erfahrenen-designern\\\/\",\"url\":\"https:\\\/\\\/www.strassenweb.de\\\/nachrichten\\\/beleuchtungsexperten-verraten-wie-man-eine-veranda-zu-weihnachten-beleuchtet-5-tipps-von-erfahrenen-designern\\\/\",\"name\":\"Beleuchtungsexperten verraten, wie man eine Veranda zu Weihnachten beleuchtet \u2013 5 Tipps von erfahrenen Designern - Nachrichten - Stra\u00dfenweb\",\"isPartOf\":{\"@id\":\"https:\\\/\\\/www.strassenweb.de\\\/nachrichten\\\/#website\"},\"primaryImageOfPage\":{\"@id\":\"https:\\\/\\\/www.strassenweb.de\\\/nachrichten\\\/beleuchtungsexperten-verraten-wie-man-eine-veranda-zu-weihnachten-beleuchtet-5-tipps-von-erfahrenen-designern\\\/#primaryimage\"},\"image\":{\"@id\":\"https:\\\/\\\/www.strassenweb.de\\\/nachrichten\\\/beleuchtungsexperten-verraten-wie-man-eine-veranda-zu-weihnachten-beleuchtet-5-tipps-von-erfahrenen-designern\\\/#primaryimage\"},\"thumbnailUrl\":\"https:\\\/\\\/www.strassenweb.de\\\/nachrichten\\\/wp-content\\\/uploads\\\/2024\\\/11\\\/Lichtdesigner-verraten-7-Moeglichkeiten-kitschige-Weihnachtsbeleuchtung-im-Freien-zu-vermeiden.jpg\",\"datePublished\":\"2024-12-14T18:49:40+00:00\",\"breadcrumb\":{\"@id\":\"https:\\\/\\\/www.strassenweb.de\\\/nachrichten\\\/beleuchtungsexperten-verraten-wie-man-eine-veranda-zu-weihnachten-beleuchtet-5-tipps-von-erfahrenen-designern\\\/#breadcrumb\"},\"inLanguage\":\"de\",\"potentialAction\":[{\"@type\":\"ReadAction\",\"target\":[\"https:\\\/\\\/www.strassenweb.de\\\/nachrichten\\\/beleuchtungsexperten-verraten-wie-man-eine-veranda-zu-weihnachten-beleuchtet-5-tipps-von-erfahrenen-designern\\\/\"]}]},{\"@type\":\"ImageObject\",\"inLanguage\":\"de\",\"@id\":\"https:\\\/\\\/www.strassenweb.de\\\/nachrichten\\\/beleuchtungsexperten-verraten-wie-man-eine-veranda-zu-weihnachten-beleuchtet-5-tipps-von-erfahrenen-designern\\\/#primaryimage\",\"url\":\"https:\\\/\\\/www.strassenweb.de\\\/nachrichten\\\/wp-content\\\/uploads\\\/2024\\\/11\\\/Lichtdesigner-verraten-7-Moeglichkeiten-kitschige-Weihnachtsbeleuchtung-im-Freien-zu-vermeiden.jpg\",\"contentUrl\":\"https:\\\/\\\/www.strassenweb.de\\\/nachrichten\\\/wp-content\\\/uploads\\\/2024\\\/11\\\/Lichtdesigner-verraten-7-Moeglichkeiten-kitschige-Weihnachtsbeleuchtung-im-Freien-zu-vermeiden.jpg\",\"width\":1200,\"height\":675,\"caption\":\"Lichtdesigner verraten 7 M\u00f6glichkeiten, kitschige Weihnachtsbeleuchtung im Freien zu vermeiden und was man stattdessen tun kann\"},{\"@type\":\"BreadcrumbList\",\"@id\":\"https:\\\/\\\/www.strassenweb.de\\\/nachrichten\\\/beleuchtungsexperten-verraten-wie-man-eine-veranda-zu-weihnachten-beleuchtet-5-tipps-von-erfahrenen-designern\\\/#breadcrumb\",\"itemListElement\":[{\"@type\":\"ListItem\",\"position\":1,\"name\":\"Home\",\"item\":\"https:\\\/\\\/www.strassenweb.de\\\/nachrichten\\\/\"},{\"@type\":\"ListItem\",\"position\":2,\"name\":\"Beleuchtungsexperten verraten, wie man eine Veranda zu Weihnachten beleuchtet \u2013 5 Tipps von erfahrenen Designern\"}]},{\"@type\":\"WebSite\",\"@id\":\"https:\\\/\\\/www.strassenweb.de\\\/nachrichten\\\/#website\",\"url\":\"https:\\\/\\\/www.strassenweb.de\\\/nachrichten\\\/\",\"name\":\"Stra\u00dfenweb\",\"description\":\"Stra\u00dfenverzeichnis f\u00fcr Deutschland\",\"publisher\":{\"@id\":\"https:\\\/\\\/www.strassenweb.de\\\/nachrichten\\\/#organization\"},\"potentialAction\":[{\"@type\":\"SearchAction\",\"target\":{\"@type\":\"EntryPoint\",\"urlTemplate\":\"https:\\\/\\\/www.strassenweb.de\\\/nachrichten\\\/?s={search_term_string}\"},\"query-input\":{\"@type\":\"PropertyValueSpecification\",\"valueRequired\":true,\"valueName\":\"search_term_string\"}}],\"inLanguage\":\"de\"},{\"@type\":\"Organization\",\"@id\":\"https:\\\/\\\/www.strassenweb.de\\\/nachrichten\\\/#organization\",\"name\":\"Stra\u00dfenweb\",\"url\":\"https:\\\/\\\/www.strassenweb.de\\\/nachrichten\\\/\",\"logo\":{\"@type\":\"ImageObject\",\"inLanguage\":\"de\",\"@id\":\"https:\\\/\\\/www.strassenweb.de\\\/nachrichten\\\/#\\\/schema\\\/logo\\\/image\\\/\",\"url\":\"https:\\\/\\\/www.strassenweb.de\\\/nachrichten\\\/wp-content\\\/uploads\\\/2024\\\/09\\\/cropped-favicon.png\",\"contentUrl\":\"https:\\\/\\\/www.strassenweb.de\\\/nachrichten\\\/wp-content\\\/uploads\\\/2024\\\/09\\\/cropped-favicon.png\",\"width\":512,\"height\":512,\"caption\":\"Stra\u00dfenweb\"},\"image\":{\"@id\":\"https:\\\/\\\/www.strassenweb.de\\\/nachrichten\\\/#\\\/schema\\\/logo\\\/image\\\/\"},\"sameAs\":[\"https:\\\/\\\/www.facebook.com\\\/strassenweb\\\/\"]},{\"@type\":\"Person\",\"@id\":\"https:\\\/\\\/www.strassenweb.de\\\/nachrichten\\\/#\\\/schema\\\/person\\\/87c9c9067f1211da429a744dc5a5aa41\",\"name\":\"Robert Hoffmann\",\"image\":{\"@type\":\"ImageObject\",\"inLanguage\":\"de\",\"@id\":\"https:\\\/\\\/www.strassenweb.de\\\/nachrichten\\\/wp-content\\\/uploads\\\/2024\\\/09\\\/strassenweb-150x150.jpg\",\"url\":\"https:\\\/\\\/www.strassenweb.de\\\/nachrichten\\\/wp-content\\\/uploads\\\/2024\\\/09\\\/strassenweb-150x150.jpg\",\"contentUrl\":\"https:\\\/\\\/www.strassenweb.de\\\/nachrichten\\\/wp-content\\\/uploads\\\/2024\\\/09\\\/strassenweb-150x150.jpg\",\"caption\":\"Robert Hoffmann\"},\"description\":\"Ich hei\u00dfe Robert Hoffmann und ich bin ein leidenschaftlicher Verfechter von \u00d6kologie und Biodiversit\u00e4t. Seit meiner Kindheit in den W\u00e4ldern Bayerns f\u00fchle ich mich mit der Natur verbunden und bin entschlossen, sie zu sch\u00fctzen. Heute widme ich mein Leben der Sensibilisierung anderer f\u00fcr die Bedeutung des Umweltschutzes f\u00fcr zuk\u00fcnftige Generationen.\",\"sameAs\":[\"https:\\\/\\\/www.strassenweb.de\\\/\"]}]}<\/script>\n<!-- \/ Yoast SEO plugin. -->","yoast_head_json":{"title":"Beleuchtungsexperten verraten, wie man eine Veranda zu Weihnachten beleuchtet \u2013 5 Tipps von erfahrenen Designern - Nachrichten - Stra\u00dfenweb","robots":{"index":"index","follow":"follow","max-snippet":"max-snippet:-1","max-image-preview":"max-image-preview:large","max-video-preview":"max-video-preview:-1"},"canonical":"https:\/\/www.strassenweb.de\/nachrichten\/beleuchtungsexperten-verraten-wie-man-eine-veranda-zu-weihnachten-beleuchtet-5-tipps-von-erfahrenen-designern\/","og_locale":"de_DE","og_type":"article","og_title":"Beleuchtungsexperten verraten, wie man eine Veranda zu Weihnachten beleuchtet \u2013 5 Tipps von erfahrenen Designern - Nachrichten - Stra\u00dfenweb","og_description":"Eine gut beleuchtete Veranda ist die perfekte M\u00f6glichkeit, an Weihnachten G\u00e4ste in Ihrem Zuhause willkommen zu hei\u00dfen. Es sorgt f\u00fcr eine gem\u00fctliche Weihnachtsstimmung, noch bevor","og_url":"https:\/\/www.strassenweb.de\/nachrichten\/beleuchtungsexperten-verraten-wie-man-eine-veranda-zu-weihnachten-beleuchtet-5-tipps-von-erfahrenen-designern\/","og_site_name":"Stra\u00dfenweb","article_publisher":"https:\/\/www.facebook.com\/strassenweb\/","article_published_time":"2024-12-14T18:49:40+00:00","og_image":[{"width":1200,"height":675,"url":"https:\/\/www.strassenweb.de\/nachrichten\/wp-content\/uploads\/2024\/11\/Lichtdesigner-verraten-7-Moeglichkeiten-kitschige-Weihnachtsbeleuchtung-im-Freien-zu-vermeiden.jpg","type":"image\/jpeg"}],"author":"Robert Hoffmann","twitter_card":"summary_large_image","twitter_misc":{"Verfasst von":"Robert Hoffmann","Gesch\u00e4tzte Lesezeit":"4\u00a0Minuten"},"schema":{"@context":"https:\/\/schema.org","@graph":[{"@type":"Article","@id":"https:\/\/www.strassenweb.de\/nachrichten\/beleuchtungsexperten-verraten-wie-man-eine-veranda-zu-weihnachten-beleuchtet-5-tipps-von-erfahrenen-designern\/#article","isPartOf":{"@id":"https:\/\/www.strassenweb.de\/nachrichten\/beleuchtungsexperten-verraten-wie-man-eine-veranda-zu-weihnachten-beleuchtet-5-tipps-von-erfahrenen-designern\/"},"author":{"name":"Robert Hoffmann","@id":"https:\/\/www.strassenweb.de\/nachrichten\/#\/schema\/person\/87c9c9067f1211da429a744dc5a5aa41"},"headline":"Beleuchtungsexperten verraten, wie man eine Veranda zu Weihnachten beleuchtet \u2013 5 Tipps von erfahrenen Designern","datePublished":"2024-12-14T18:49:40+00:00","mainEntityOfPage":{"@id":"https:\/\/www.strassenweb.de\/nachrichten\/beleuchtungsexperten-verraten-wie-man-eine-veranda-zu-weihnachten-beleuchtet-5-tipps-von-erfahrenen-designern\/"},"wordCount":905,"publisher":{"@id":"https:\/\/www.strassenweb.de\/nachrichten\/#organization"},"image":{"@id":"https:\/\/www.strassenweb.de\/nachrichten\/beleuchtungsexperten-verraten-wie-man-eine-veranda-zu-weihnachten-beleuchtet-5-tipps-von-erfahrenen-designern\/#primaryimage"},"thumbnailUrl":"https:\/\/www.strassenweb.de\/nachrichten\/wp-content\/uploads\/2024\/11\/Lichtdesigner-verraten-7-Moeglichkeiten-kitschige-Weihnachtsbeleuchtung-im-Freien-zu-vermeiden.jpg","keywords":["beleuchtet","Beleuchtungsexperten","Designern","eine","erfahrenen","man","Tipps","Veranda","verraten","von","Weihnachten","Wie"],"articleSection":["Haus &amp; Garten"],"inLanguage":"de"},{"@type":"WebPage","@id":"https:\/\/www.strassenweb.de\/nachrichten\/beleuchtungsexperten-verraten-wie-man-eine-veranda-zu-weihnachten-beleuchtet-5-tipps-von-erfahrenen-designern\/","url":"https:\/\/www.strassenweb.de\/nachrichten\/beleuchtungsexperten-verraten-wie-man-eine-veranda-zu-weihnachten-beleuchtet-5-tipps-von-erfahrenen-designern\/","name":"Beleuchtungsexperten verraten, wie man eine Veranda zu Weihnachten beleuchtet \u2013 5 Tipps von erfahrenen Designern - Nachrichten - Stra\u00dfenweb","isPartOf":{"@id":"https:\/\/www.strassenweb.de\/nachrichten\/#website"},"primaryImageOfPage":{"@id":"https:\/\/www.strassenweb.de\/nachrichten\/beleuchtungsexperten-verraten-wie-man-eine-veranda-zu-weihnachten-beleuchtet-5-tipps-von-erfahrenen-designern\/#primaryimage"},"image":{"@id":"https:\/\/www.strassenweb.de\/nachrichten\/beleuchtungsexperten-verraten-wie-man-eine-veranda-zu-weihnachten-beleuchtet-5-tipps-von-erfahrenen-designern\/#primaryimage"},"thumbnailUrl":"https:\/\/www.strassenweb.de\/nachrichten\/wp-content\/uploads\/2024\/11\/Lichtdesigner-verraten-7-Moeglichkeiten-kitschige-Weihnachtsbeleuchtung-im-Freien-zu-vermeiden.jpg","datePublished":"2024-12-14T18:49:40+00:00","breadcrumb":{"@id":"https:\/\/www.strassenweb.de\/nachrichten\/beleuchtungsexperten-verraten-wie-man-eine-veranda-zu-weihnachten-beleuchtet-5-tipps-von-erfahrenen-designern\/#breadcrumb"},"inLanguage":"de","potentialAction":[{"@type":"ReadAction","target":["https:\/\/www.strassenweb.de\/nachrichten\/beleuchtungsexperten-verraten-wie-man-eine-veranda-zu-weihnachten-beleuchtet-5-tipps-von-erfahrenen-designern\/"]}]},{"@type":"ImageObject","inLanguage":"de","@id":"https:\/\/www.strassenweb.de\/nachrichten\/beleuchtungsexperten-verraten-wie-man-eine-veranda-zu-weihnachten-beleuchtet-5-tipps-von-erfahrenen-designern\/#primaryimage","url":"https:\/\/www.strassenweb.de\/nachrichten\/wp-content\/uploads\/2024\/11\/Lichtdesigner-verraten-7-Moeglichkeiten-kitschige-Weihnachtsbeleuchtung-im-Freien-zu-vermeiden.jpg","contentUrl":"https:\/\/www.strassenweb.de\/nachrichten\/wp-content\/uploads\/2024\/11\/Lichtdesigner-verraten-7-Moeglichkeiten-kitschige-Weihnachtsbeleuchtung-im-Freien-zu-vermeiden.jpg","width":1200,"height":675,"caption":"Lichtdesigner verraten 7 M\u00f6glichkeiten, kitschige Weihnachtsbeleuchtung im Freien zu vermeiden und was man stattdessen tun kann"},{"@type":"BreadcrumbList","@id":"https:\/\/www.strassenweb.de\/nachrichten\/beleuchtungsexperten-verraten-wie-man-eine-veranda-zu-weihnachten-beleuchtet-5-tipps-von-erfahrenen-designern\/#breadcrumb","itemListElement":[{"@type":"ListItem","position":1,"name":"Home","item":"https:\/\/www.strassenweb.de\/nachrichten\/"},{"@type":"ListItem","position":2,"name":"Beleuchtungsexperten verraten, wie man eine Veranda zu Weihnachten beleuchtet \u2013 5 Tipps von erfahrenen Designern"}]},{"@type":"WebSite","@id":"https:\/\/www.strassenweb.de\/nachrichten\/#website","url":"https:\/\/www.strassenweb.de\/nachrichten\/","name":"Stra\u00dfenweb","description":"Stra\u00dfenverzeichnis f\u00fcr Deutschland","publisher":{"@id":"https:\/\/www.strassenweb.de\/nachrichten\/#organization"},"potentialAction":[{"@type":"SearchAction","target":{"@type":"EntryPoint","urlTemplate":"https:\/\/www.strassenweb.de\/nachrichten\/?s={search_term_string}"},"query-input":{"@type":"PropertyValueSpecification","valueRequired":true,"valueName":"search_term_string"}}],"inLanguage":"de"},{"@type":"Organization","@id":"https:\/\/www.strassenweb.de\/nachrichten\/#organization","name":"Stra\u00dfenweb","url":"https:\/\/www.strassenweb.de\/nachrichten\/","logo":{"@type":"ImageObject","inLanguage":"de","@id":"https:\/\/www.strassenweb.de\/nachrichten\/#\/schema\/logo\/image\/","url":"https:\/\/www.strassenweb.de\/nachrichten\/wp-content\/uploads\/2024\/09\/cropped-favicon.png","contentUrl":"https:\/\/www.strassenweb.de\/nachrichten\/wp-content\/uploads\/2024\/09\/cropped-favicon.png","width":512,"height":512,"caption":"Stra\u00dfenweb"},"image":{"@id":"https:\/\/www.strassenweb.de\/nachrichten\/#\/schema\/logo\/image\/"},"sameAs":["https:\/\/www.facebook.com\/strassenweb\/"]},{"@type":"Person","@id":"https:\/\/www.strassenweb.de\/nachrichten\/#\/schema\/person\/87c9c9067f1211da429a744dc5a5aa41","name":"Robert Hoffmann","image":{"@type":"ImageObject","inLanguage":"de","@id":"https:\/\/www.strassenweb.de\/nachrichten\/wp-content\/uploads\/2024\/09\/strassenweb-150x150.jpg","url":"https:\/\/www.strassenweb.de\/nachrichten\/wp-content\/uploads\/2024\/09\/strassenweb-150x150.jpg","contentUrl":"https:\/\/www.strassenweb.de\/nachrichten\/wp-content\/uploads\/2024\/09\/strassenweb-150x150.jpg","caption":"Robert Hoffmann"},"description":"Ich hei\u00dfe Robert Hoffmann und ich bin ein leidenschaftlicher Verfechter von \u00d6kologie und Biodiversit\u00e4t. Seit meiner Kindheit in den W\u00e4ldern Bayerns f\u00fchle ich mich mit der Natur verbunden und bin entschlossen, sie zu sch\u00fctzen. Heute widme ich mein Leben der Sensibilisierung anderer f\u00fcr die Bedeutung des Umweltschutzes f\u00fcr zuk\u00fcnftige Generationen.","sameAs":["https:\/\/www.strassenweb.de\/"]}]}},"_links":{"self":[{"href":"https:\/\/www.strassenweb.de\/nachrichten\/wp-json\/wp\/v2\/posts\/2132","targetHints":{"allow":["GET"]}}],"collection":[{"href":"https:\/\/www.strassenweb.de\/nachrichten\/wp-json\/wp\/v2\/posts"}],"about":[{"href":"https:\/\/www.strassenweb.de\/nachrichten\/wp-json\/wp\/v2\/types\/post"}],"author":[{"embeddable":true,"href":"https:\/\/www.strassenweb.de\/nachrichten\/wp-json\/wp\/v2\/users\/1"}],"replies":[{"embeddable":true,"href":"https:\/\/www.strassenweb.de\/nachrichten\/wp-json\/wp\/v2\/comments?post=2132"}],"version-history":[{"count":0,"href":"https:\/\/www.strassenweb.de\/nachrichten\/wp-json\/wp\/v2\/posts\/2132\/revisions"}],"wp:featuredmedia":[{"embeddable":true,"href":"https:\/\/www.strassenweb.de\/nachrichten\/wp-json\/wp\/v2\/media\/1820"}],"wp:attachment":[{"href":"https:\/\/www.strassenweb.de\/nachrichten\/wp-json\/wp\/v2\/media?parent=2132"}],"wp:term":[{"taxonomy":"category","embeddable":true,"href":"https:\/\/www.strassenweb.de\/nachrichten\/wp-json\/wp\/v2\/categories?post=2132"},{"taxonomy":"post_tag","embeddable":true,"href":"https:\/\/www.strassenweb.de\/nachrichten\/wp-json\/wp\/v2\/tags?post=2132"}],"curies":[{"name":"wp","href":"https:\/\/api.w.org\/{rel}","templated":true}]}}