{"id":2127,"date":"2024-12-14T11:45:37","date_gmt":"2024-12-14T10:45:37","guid":{"rendered":"https:\/\/www.strassenweb.de\/nachrichten\/martha-stewart-sagt-dieser-kranz-habe-die-meisten-kommentare-hervorgerufen-ihr-design-sei-eine-ueberraschend-erschwingliche-und-festliche-alternative-zum-traditionellen-im\/"},"modified":"2024-12-14T11:45:37","modified_gmt":"2024-12-14T10:45:37","slug":"martha-stewart-sagt-dieser-kranz-habe-die-meisten-kommentare-hervorgerufen-ihr-design-sei-eine-ueberraschend-erschwingliche-und-festliche-alternative-zum-traditionellen-im","status":"publish","type":"post","link":"https:\/\/www.strassenweb.de\/nachrichten\/martha-stewart-sagt-dieser-kranz-habe-die-meisten-kommentare-hervorgerufen-ihr-design-sei-eine-ueberraschend-erschwingliche-und-festliche-alternative-zum-traditionellen-im\/","title":{"rendered":"Martha Stewart sagt, dieser Kranz habe \u201edie meisten Kommentare hervorgerufen\u201c \u2013 ihr Design sei eine \u00fcberraschend erschwingliche und festliche Alternative zum traditionellen Immergr\u00fcn"},"content":{"rendered":"<p><\/p>\n<div id=\"article-body\" class=\"article__body \">\n<p>\u00dcberlassen Sie es Martha Stewart und machen Sie etwas, das wir hunderte Male gesehen haben, wieder neu. Die Doyenne aller Haushalte teilte auf Instagram ihren Lieblings-Weihnachtskranz, der komplett aus farbenfrohen Ornamenten besteht.<\/p>\n<div id=\"ad-unit-1\" class=\"ad-unit\"><\/div>\n<p>Neben einem Foto des Weihnachtskranzes teilte sie mit: \u201eVon allen meinen Kr\u00e4nzen hat dieser die meisten Kommentare hervorgerufen.\u201c Mit einem Durchmesser von mehr als 40 Zoll und Dutzenden wundersch\u00f6ner Ornamente gl\u00e4nzt es an der Seitent\u00fcr v\u00f6llig!!&#8216; Der riesige Kreis integriert an verschiedenen Seiten eine Vielzahl bunter Metallornamente, durch die silberne Lamettast\u00fccke ragen. Es hellt ihre gr\u00fcngrauen W\u00e4nde sofort auf.<\/p>\n<aside class=\"hawk-nest\" data-block-type=\"embed\" data-render-type=\"fte\" data-skip=\"dealsy\" data-widget-type=\"seasonal\">\n<div class=\"hawk-master-widget-hawk-base-wrapper\"><\/div>\n<\/aside>\n<p>Marthas genaues Modell wurde von ihrem Kollegen Kevin Sharkey, dem Executive Director of Design bei Martha Stewart Living Omnimedia, angefertigt, daher ist es unm\u00f6glich, ihren Look genau zu kreieren, es gibt viele \u00e4hnliche Weihnachtsdekorationen auf dem Markt. Von ebenso farbenfrohen Looks bis hin zu einem eher einfarbigen Ornamentkranz \u2013 es ist einfach, ihren Stil mit Ihrer ganz pers\u00f6nlichen Note zu reproduzieren. Hier sind einige unserer Lieblingsoptionen.<\/p>\n<div id=\"desktop-in-article\" class=\"in-article ad-unit\">\n<div id=\"desktop-taboola-mid-article\"><\/div>\n<\/div>\n<div id=\"mobile-in-article\" class=\"in-article ad-unit\">\n<div id=\"mobile-taboola-mid-article\"><\/div>\n<\/div>\n<div class=\"instagram-embed\">\n<blockquote class=\"instagram-media\" data-instgrm-captioned data-instgrm-version=\"6\" style=\"width:99.375%; width:-webkit-calc(100% - 2px); width:calc(100% - 2px);\">\n<p>Ein von Martha Stewart (@marthastewart48) geteilter Beitrag<\/p>\n<p>Ein Foto gepostet von am <\/p>\n<\/blockquote>\n<\/div>\n<div class=\"product-container hero-product-container product-block-no-wrap\"><\/div>\n<p>Zus\u00e4tzlich zu den offensichtlichen \u00e4sthetischen Vorteilen hat Stewarts unkonventionelle Weihnachtsdekorationsidee einen zus\u00e4tzlichen Vorteil: ihre Kosten. Auch wenn sich der Preis zun\u00e4chst nicht wesentlich von einem klassischen Kranz unterscheidet, wird dieses Design Jahr f\u00fcr Jahr Bestand haben. Sicherlich im Vergleich zu einem frischen Kranz, aber selbst im Vergleich zu k\u00fcnstlichem Immergr\u00fcn wirkt das mit Kugeln verzierte Design viel herzhafter. Kaufen Sie zum Aufbewahren unbedingt einen Kranzbeutel, um Staub und im Keller lebende Lebewesen von Ihrer sch\u00f6nen Dekoration fernzuhalten, damit sie viele Jahre lang halten kann.<\/p>\n<div class=\"van_vid_carousel\">\n<div class=\"van_vid_carousel__padding\">\n<div class=\"van_vid_carousel__container\"><\/div>\n<\/div>\n<\/div>\n<p>Wenn Sie Stewarts Kranzidee nachahmen m\u00f6chten, sollten Sie eine Farbe w\u00e4hlen, die zu Ihrem Weihnachtsbaum passt, um einen besonders stimmigen und stilisierten Look zu erzielen. Ich pers\u00f6nlich liebe die Idee eines komplett silbernen Ornamentkranzes mit einem dazugeh\u00f6rigen rosa-silbernen Weihnachtsbaum, wie der in Kathy Hiltons Haus.<\/p>\n<div id=\"ad-unit-2\" class=\"ad-unit\"><\/div>\n<hr>\n<p>Nur weil jedes Jahr Weihnachten vor der T\u00fcr steht, hei\u00dft das nicht, dass Ihre Dekoration gleich sein muss. Der Kontakt zu talentierten Heimwerkern, Designern und Innovatoren im h\u00e4uslichen Bereich wie Martha Stewart ist eine gro\u00dfartige M\u00f6glichkeit, Inspiration f\u00fcr eine einzigartige Urlaubsgestaltung zu finden. Ein Zierkranz ist der perfekte Ausgangspunkt.<\/p>\n<hr>\n<div id=\"slice-container-newsletterForm-articleInbodyContent-92TWYEKEgMdfcdxxSqt4X\" class=\"slice-container newsletter-inbodyContent-slice newsletterForm-articleInbodyContent-92TWYEKEgMdfcdxxSqt4X slice-container-newsletterForm\"><\/div>\n<\/div>\n<p><script async src=\"\/\/www.instagram.com\/embed.js\"><\/script><\/p>\n","protected":false},"excerpt":{"rendered":"<p>\u00dcberlassen Sie es Martha Stewart und machen Sie etwas, das wir hunderte Male gesehen haben, wieder neu. Die Doyenne aller Haushalte teilte auf Instagram ihren<\/p>\n","protected":false},"author":1,"featured_media":1999,"comment_status":"closed","ping_status":"","sticky":false,"template":"","format":"standard","meta":{"footnotes":""},"categories":[118],"tags":[685,679,9,1554,74,2508,2971,823,3718,170,3719,3717,3716,2894,2314,1175,1249,3131,1898,1641,37,67],"class_list":["post-2127","post","type-post","status-publish","format-standard","has-post-thumbnail","hentry","category-haus-garten","tag-alternative","tag-design","tag-die","tag-dieser","tag-eine","tag-erschwingliche","tag-festliche","tag-habe","tag-hervorgerufen","tag-ihr","tag-immergruen","tag-kommentare","tag-kranz","tag-martha","tag-meisten","tag-sagt","tag-sei","tag-stewart","tag-traditionellen","tag-ueberraschend","tag-und","tag-zum","generate-columns","tablet-grid-50","mobile-grid-100","grid-parent","grid-50"],"yoast_head":"<!-- This site is optimized with the Yoast SEO plugin v27.3 - https:\/\/yoast.com\/product\/yoast-seo-wordpress\/ -->\n<title>Martha Stewart sagt, dieser Kranz habe \u201edie meisten Kommentare hervorgerufen\u201c \u2013 ihr Design sei eine \u00fcberraschend erschwingliche und festliche Alternative zum traditionellen Immergr\u00fcn - Nachrichten - Stra\u00dfenweb<\/title>\n<meta name=\"robots\" content=\"index, follow, max-snippet:-1, max-image-preview:large, max-video-preview:-1\" \/>\n<link rel=\"canonical\" href=\"https:\/\/www.strassenweb.de\/nachrichten\/martha-stewart-sagt-dieser-kranz-habe-die-meisten-kommentare-hervorgerufen-ihr-design-sei-eine-ueberraschend-erschwingliche-und-festliche-alternative-zum-traditionellen-im\/\" \/>\n<meta property=\"og:locale\" content=\"de_DE\" \/>\n<meta property=\"og:type\" content=\"article\" \/>\n<meta property=\"og:title\" content=\"Martha Stewart sagt, dieser Kranz habe \u201edie meisten Kommentare hervorgerufen\u201c \u2013 ihr Design sei eine \u00fcberraschend erschwingliche und festliche Alternative zum traditionellen Immergr\u00fcn - Nachrichten - Stra\u00dfenweb\" \/>\n<meta property=\"og:description\" content=\"\u00dcberlassen Sie es Martha Stewart und machen Sie etwas, das wir hunderte Male gesehen haben, wieder neu. Die Doyenne aller Haushalte teilte auf Instagram ihren\" \/>\n<meta property=\"og:url\" content=\"https:\/\/www.strassenweb.de\/nachrichten\/martha-stewart-sagt-dieser-kranz-habe-die-meisten-kommentare-hervorgerufen-ihr-design-sei-eine-ueberraschend-erschwingliche-und-festliche-alternative-zum-traditionellen-im\/\" \/>\n<meta property=\"og:site_name\" content=\"Stra\u00dfenweb\" \/>\n<meta property=\"article:publisher\" content=\"https:\/\/www.facebook.com\/strassenweb\/\" \/>\n<meta property=\"article:published_time\" content=\"2024-12-14T10:45:37+00:00\" \/>\n<meta property=\"og:image\" content=\"https:\/\/www.strassenweb.de\/nachrichten\/wp-content\/uploads\/2024\/12\/Martha-Stewarts-goldener-Weihnachtsbaum-ist-der-Vorreiter-des-Metallic-Trends-der.jpg\" \/>\n\t<meta property=\"og:image:width\" content=\"1200\" \/>\n\t<meta property=\"og:image:height\" content=\"675\" \/>\n\t<meta property=\"og:image:type\" content=\"image\/jpeg\" \/>\n<meta name=\"author\" content=\"Robert Hoffmann\" \/>\n<meta name=\"twitter:card\" content=\"summary_large_image\" \/>\n<meta name=\"twitter:label1\" content=\"Verfasst von\" \/>\n\t<meta name=\"twitter:data1\" content=\"Robert Hoffmann\" \/>\n\t<meta name=\"twitter:label2\" content=\"Gesch\u00e4tzte Lesezeit\" \/>\n\t<meta name=\"twitter:data2\" content=\"2\u00a0Minuten\" \/>\n<script type=\"application\/ld+json\" class=\"yoast-schema-graph\">{\"@context\":\"https:\\\/\\\/schema.org\",\"@graph\":[{\"@type\":\"Article\",\"@id\":\"https:\\\/\\\/www.strassenweb.de\\\/nachrichten\\\/martha-stewart-sagt-dieser-kranz-habe-die-meisten-kommentare-hervorgerufen-ihr-design-sei-eine-ueberraschend-erschwingliche-und-festliche-alternative-zum-traditionellen-im\\\/#article\",\"isPartOf\":{\"@id\":\"https:\\\/\\\/www.strassenweb.de\\\/nachrichten\\\/martha-stewart-sagt-dieser-kranz-habe-die-meisten-kommentare-hervorgerufen-ihr-design-sei-eine-ueberraschend-erschwingliche-und-festliche-alternative-zum-traditionellen-im\\\/\"},\"author\":{\"name\":\"Robert Hoffmann\",\"@id\":\"https:\\\/\\\/www.strassenweb.de\\\/nachrichten\\\/#\\\/schema\\\/person\\\/87c9c9067f1211da429a744dc5a5aa41\"},\"headline\":\"Martha Stewart sagt, dieser Kranz habe \u201edie meisten Kommentare hervorgerufen\u201c \u2013 ihr Design sei eine \u00fcberraschend erschwingliche und festliche Alternative zum traditionellen Immergr\u00fcn\",\"datePublished\":\"2024-12-14T10:45:37+00:00\",\"mainEntityOfPage\":{\"@id\":\"https:\\\/\\\/www.strassenweb.de\\\/nachrichten\\\/martha-stewart-sagt-dieser-kranz-habe-die-meisten-kommentare-hervorgerufen-ihr-design-sei-eine-ueberraschend-erschwingliche-und-festliche-alternative-zum-traditionellen-im\\\/\"},\"wordCount\":395,\"publisher\":{\"@id\":\"https:\\\/\\\/www.strassenweb.de\\\/nachrichten\\\/#organization\"},\"image\":{\"@id\":\"https:\\\/\\\/www.strassenweb.de\\\/nachrichten\\\/martha-stewart-sagt-dieser-kranz-habe-die-meisten-kommentare-hervorgerufen-ihr-design-sei-eine-ueberraschend-erschwingliche-und-festliche-alternative-zum-traditionellen-im\\\/#primaryimage\"},\"thumbnailUrl\":\"https:\\\/\\\/www.strassenweb.de\\\/nachrichten\\\/wp-content\\\/uploads\\\/2024\\\/12\\\/Martha-Stewarts-goldener-Weihnachtsbaum-ist-der-Vorreiter-des-Metallic-Trends-der.jpg\",\"keywords\":[\"alternative\",\"Design\",\"die\",\"dieser\",\"eine\",\"erschwingliche\",\"festliche\",\"habe\",\"hervorgerufen\",\"Ihr\",\"Immergr\u00fcn\",\"Kommentare\",\"Kranz\",\"Martha\",\"meisten\",\"sagt\",\"sei\",\"Stewart\",\"traditionellen\",\"\u00fcberraschend\",\"und\",\"zum\"],\"articleSection\":[\"Haus &amp; Garten\"],\"inLanguage\":\"de\"},{\"@type\":\"WebPage\",\"@id\":\"https:\\\/\\\/www.strassenweb.de\\\/nachrichten\\\/martha-stewart-sagt-dieser-kranz-habe-die-meisten-kommentare-hervorgerufen-ihr-design-sei-eine-ueberraschend-erschwingliche-und-festliche-alternative-zum-traditionellen-im\\\/\",\"url\":\"https:\\\/\\\/www.strassenweb.de\\\/nachrichten\\\/martha-stewart-sagt-dieser-kranz-habe-die-meisten-kommentare-hervorgerufen-ihr-design-sei-eine-ueberraschend-erschwingliche-und-festliche-alternative-zum-traditionellen-im\\\/\",\"name\":\"Martha Stewart sagt, dieser Kranz habe \u201edie meisten Kommentare hervorgerufen\u201c \u2013 ihr Design sei eine \u00fcberraschend erschwingliche und festliche Alternative zum traditionellen Immergr\u00fcn - Nachrichten - Stra\u00dfenweb\",\"isPartOf\":{\"@id\":\"https:\\\/\\\/www.strassenweb.de\\\/nachrichten\\\/#website\"},\"primaryImageOfPage\":{\"@id\":\"https:\\\/\\\/www.strassenweb.de\\\/nachrichten\\\/martha-stewart-sagt-dieser-kranz-habe-die-meisten-kommentare-hervorgerufen-ihr-design-sei-eine-ueberraschend-erschwingliche-und-festliche-alternative-zum-traditionellen-im\\\/#primaryimage\"},\"image\":{\"@id\":\"https:\\\/\\\/www.strassenweb.de\\\/nachrichten\\\/martha-stewart-sagt-dieser-kranz-habe-die-meisten-kommentare-hervorgerufen-ihr-design-sei-eine-ueberraschend-erschwingliche-und-festliche-alternative-zum-traditionellen-im\\\/#primaryimage\"},\"thumbnailUrl\":\"https:\\\/\\\/www.strassenweb.de\\\/nachrichten\\\/wp-content\\\/uploads\\\/2024\\\/12\\\/Martha-Stewarts-goldener-Weihnachtsbaum-ist-der-Vorreiter-des-Metallic-Trends-der.jpg\",\"datePublished\":\"2024-12-14T10:45:37+00:00\",\"breadcrumb\":{\"@id\":\"https:\\\/\\\/www.strassenweb.de\\\/nachrichten\\\/martha-stewart-sagt-dieser-kranz-habe-die-meisten-kommentare-hervorgerufen-ihr-design-sei-eine-ueberraschend-erschwingliche-und-festliche-alternative-zum-traditionellen-im\\\/#breadcrumb\"},\"inLanguage\":\"de\",\"potentialAction\":[{\"@type\":\"ReadAction\",\"target\":[\"https:\\\/\\\/www.strassenweb.de\\\/nachrichten\\\/martha-stewart-sagt-dieser-kranz-habe-die-meisten-kommentare-hervorgerufen-ihr-design-sei-eine-ueberraschend-erschwingliche-und-festliche-alternative-zum-traditionellen-im\\\/\"]}]},{\"@type\":\"ImageObject\",\"inLanguage\":\"de\",\"@id\":\"https:\\\/\\\/www.strassenweb.de\\\/nachrichten\\\/martha-stewart-sagt-dieser-kranz-habe-die-meisten-kommentare-hervorgerufen-ihr-design-sei-eine-ueberraschend-erschwingliche-und-festliche-alternative-zum-traditionellen-im\\\/#primaryimage\",\"url\":\"https:\\\/\\\/www.strassenweb.de\\\/nachrichten\\\/wp-content\\\/uploads\\\/2024\\\/12\\\/Martha-Stewarts-goldener-Weihnachtsbaum-ist-der-Vorreiter-des-Metallic-Trends-der.jpg\",\"contentUrl\":\"https:\\\/\\\/www.strassenweb.de\\\/nachrichten\\\/wp-content\\\/uploads\\\/2024\\\/12\\\/Martha-Stewarts-goldener-Weihnachtsbaum-ist-der-Vorreiter-des-Metallic-Trends-der.jpg\",\"width\":1200,\"height\":675,\"caption\":\"Martha Stewarts goldener Weihnachtsbaum ist der Vorreiter des Metallic-Trends, der dieses Jahr die Oberhand gewinnt \u2013 reproduzieren Sie ihren markanten Stil f\u00fcr unter 30 US-Dollar\"},{\"@type\":\"BreadcrumbList\",\"@id\":\"https:\\\/\\\/www.strassenweb.de\\\/nachrichten\\\/martha-stewart-sagt-dieser-kranz-habe-die-meisten-kommentare-hervorgerufen-ihr-design-sei-eine-ueberraschend-erschwingliche-und-festliche-alternative-zum-traditionellen-im\\\/#breadcrumb\",\"itemListElement\":[{\"@type\":\"ListItem\",\"position\":1,\"name\":\"Home\",\"item\":\"https:\\\/\\\/www.strassenweb.de\\\/nachrichten\\\/\"},{\"@type\":\"ListItem\",\"position\":2,\"name\":\"Martha Stewart sagt, dieser Kranz habe \u201edie meisten Kommentare hervorgerufen\u201c \u2013 ihr Design sei eine \u00fcberraschend erschwingliche und festliche Alternative zum traditionellen Immergr\u00fcn\"}]},{\"@type\":\"WebSite\",\"@id\":\"https:\\\/\\\/www.strassenweb.de\\\/nachrichten\\\/#website\",\"url\":\"https:\\\/\\\/www.strassenweb.de\\\/nachrichten\\\/\",\"name\":\"Stra\u00dfenweb\",\"description\":\"Stra\u00dfenverzeichnis f\u00fcr Deutschland\",\"publisher\":{\"@id\":\"https:\\\/\\\/www.strassenweb.de\\\/nachrichten\\\/#organization\"},\"potentialAction\":[{\"@type\":\"SearchAction\",\"target\":{\"@type\":\"EntryPoint\",\"urlTemplate\":\"https:\\\/\\\/www.strassenweb.de\\\/nachrichten\\\/?s={search_term_string}\"},\"query-input\":{\"@type\":\"PropertyValueSpecification\",\"valueRequired\":true,\"valueName\":\"search_term_string\"}}],\"inLanguage\":\"de\"},{\"@type\":\"Organization\",\"@id\":\"https:\\\/\\\/www.strassenweb.de\\\/nachrichten\\\/#organization\",\"name\":\"Stra\u00dfenweb\",\"url\":\"https:\\\/\\\/www.strassenweb.de\\\/nachrichten\\\/\",\"logo\":{\"@type\":\"ImageObject\",\"inLanguage\":\"de\",\"@id\":\"https:\\\/\\\/www.strassenweb.de\\\/nachrichten\\\/#\\\/schema\\\/logo\\\/image\\\/\",\"url\":\"https:\\\/\\\/www.strassenweb.de\\\/nachrichten\\\/wp-content\\\/uploads\\\/2024\\\/09\\\/cropped-favicon.png\",\"contentUrl\":\"https:\\\/\\\/www.strassenweb.de\\\/nachrichten\\\/wp-content\\\/uploads\\\/2024\\\/09\\\/cropped-favicon.png\",\"width\":512,\"height\":512,\"caption\":\"Stra\u00dfenweb\"},\"image\":{\"@id\":\"https:\\\/\\\/www.strassenweb.de\\\/nachrichten\\\/#\\\/schema\\\/logo\\\/image\\\/\"},\"sameAs\":[\"https:\\\/\\\/www.facebook.com\\\/strassenweb\\\/\"]},{\"@type\":\"Person\",\"@id\":\"https:\\\/\\\/www.strassenweb.de\\\/nachrichten\\\/#\\\/schema\\\/person\\\/87c9c9067f1211da429a744dc5a5aa41\",\"name\":\"Robert Hoffmann\",\"image\":{\"@type\":\"ImageObject\",\"inLanguage\":\"de\",\"@id\":\"https:\\\/\\\/www.strassenweb.de\\\/nachrichten\\\/wp-content\\\/uploads\\\/2024\\\/09\\\/strassenweb-150x150.jpg\",\"url\":\"https:\\\/\\\/www.strassenweb.de\\\/nachrichten\\\/wp-content\\\/uploads\\\/2024\\\/09\\\/strassenweb-150x150.jpg\",\"contentUrl\":\"https:\\\/\\\/www.strassenweb.de\\\/nachrichten\\\/wp-content\\\/uploads\\\/2024\\\/09\\\/strassenweb-150x150.jpg\",\"caption\":\"Robert Hoffmann\"},\"description\":\"Ich hei\u00dfe Robert Hoffmann und ich bin ein leidenschaftlicher Verfechter von \u00d6kologie und Biodiversit\u00e4t. Seit meiner Kindheit in den W\u00e4ldern Bayerns f\u00fchle ich mich mit der Natur verbunden und bin entschlossen, sie zu sch\u00fctzen. Heute widme ich mein Leben der Sensibilisierung anderer f\u00fcr die Bedeutung des Umweltschutzes f\u00fcr zuk\u00fcnftige Generationen.\",\"sameAs\":[\"https:\\\/\\\/www.strassenweb.de\\\/\"]}]}<\/script>\n<!-- \/ Yoast SEO plugin. -->","yoast_head_json":{"title":"Martha Stewart sagt, dieser Kranz habe \u201edie meisten Kommentare hervorgerufen\u201c \u2013 ihr Design sei eine \u00fcberraschend erschwingliche und festliche Alternative zum traditionellen Immergr\u00fcn - Nachrichten - Stra\u00dfenweb","robots":{"index":"index","follow":"follow","max-snippet":"max-snippet:-1","max-image-preview":"max-image-preview:large","max-video-preview":"max-video-preview:-1"},"canonical":"https:\/\/www.strassenweb.de\/nachrichten\/martha-stewart-sagt-dieser-kranz-habe-die-meisten-kommentare-hervorgerufen-ihr-design-sei-eine-ueberraschend-erschwingliche-und-festliche-alternative-zum-traditionellen-im\/","og_locale":"de_DE","og_type":"article","og_title":"Martha Stewart sagt, dieser Kranz habe \u201edie meisten Kommentare hervorgerufen\u201c \u2013 ihr Design sei eine \u00fcberraschend erschwingliche und festliche Alternative zum traditionellen Immergr\u00fcn - Nachrichten - Stra\u00dfenweb","og_description":"\u00dcberlassen Sie es Martha Stewart und machen Sie etwas, das wir hunderte Male gesehen haben, wieder neu. Die Doyenne aller Haushalte teilte auf Instagram ihren","og_url":"https:\/\/www.strassenweb.de\/nachrichten\/martha-stewart-sagt-dieser-kranz-habe-die-meisten-kommentare-hervorgerufen-ihr-design-sei-eine-ueberraschend-erschwingliche-und-festliche-alternative-zum-traditionellen-im\/","og_site_name":"Stra\u00dfenweb","article_publisher":"https:\/\/www.facebook.com\/strassenweb\/","article_published_time":"2024-12-14T10:45:37+00:00","og_image":[{"width":1200,"height":675,"url":"https:\/\/www.strassenweb.de\/nachrichten\/wp-content\/uploads\/2024\/12\/Martha-Stewarts-goldener-Weihnachtsbaum-ist-der-Vorreiter-des-Metallic-Trends-der.jpg","type":"image\/jpeg"}],"author":"Robert Hoffmann","twitter_card":"summary_large_image","twitter_misc":{"Verfasst von":"Robert Hoffmann","Gesch\u00e4tzte Lesezeit":"2\u00a0Minuten"},"schema":{"@context":"https:\/\/schema.org","@graph":[{"@type":"Article","@id":"https:\/\/www.strassenweb.de\/nachrichten\/martha-stewart-sagt-dieser-kranz-habe-die-meisten-kommentare-hervorgerufen-ihr-design-sei-eine-ueberraschend-erschwingliche-und-festliche-alternative-zum-traditionellen-im\/#article","isPartOf":{"@id":"https:\/\/www.strassenweb.de\/nachrichten\/martha-stewart-sagt-dieser-kranz-habe-die-meisten-kommentare-hervorgerufen-ihr-design-sei-eine-ueberraschend-erschwingliche-und-festliche-alternative-zum-traditionellen-im\/"},"author":{"name":"Robert Hoffmann","@id":"https:\/\/www.strassenweb.de\/nachrichten\/#\/schema\/person\/87c9c9067f1211da429a744dc5a5aa41"},"headline":"Martha Stewart sagt, dieser Kranz habe \u201edie meisten Kommentare hervorgerufen\u201c \u2013 ihr Design sei eine \u00fcberraschend erschwingliche und festliche Alternative zum traditionellen Immergr\u00fcn","datePublished":"2024-12-14T10:45:37+00:00","mainEntityOfPage":{"@id":"https:\/\/www.strassenweb.de\/nachrichten\/martha-stewart-sagt-dieser-kranz-habe-die-meisten-kommentare-hervorgerufen-ihr-design-sei-eine-ueberraschend-erschwingliche-und-festliche-alternative-zum-traditionellen-im\/"},"wordCount":395,"publisher":{"@id":"https:\/\/www.strassenweb.de\/nachrichten\/#organization"},"image":{"@id":"https:\/\/www.strassenweb.de\/nachrichten\/martha-stewart-sagt-dieser-kranz-habe-die-meisten-kommentare-hervorgerufen-ihr-design-sei-eine-ueberraschend-erschwingliche-und-festliche-alternative-zum-traditionellen-im\/#primaryimage"},"thumbnailUrl":"https:\/\/www.strassenweb.de\/nachrichten\/wp-content\/uploads\/2024\/12\/Martha-Stewarts-goldener-Weihnachtsbaum-ist-der-Vorreiter-des-Metallic-Trends-der.jpg","keywords":["alternative","Design","die","dieser","eine","erschwingliche","festliche","habe","hervorgerufen","Ihr","Immergr\u00fcn","Kommentare","Kranz","Martha","meisten","sagt","sei","Stewart","traditionellen","\u00fcberraschend","und","zum"],"articleSection":["Haus &amp; Garten"],"inLanguage":"de"},{"@type":"WebPage","@id":"https:\/\/www.strassenweb.de\/nachrichten\/martha-stewart-sagt-dieser-kranz-habe-die-meisten-kommentare-hervorgerufen-ihr-design-sei-eine-ueberraschend-erschwingliche-und-festliche-alternative-zum-traditionellen-im\/","url":"https:\/\/www.strassenweb.de\/nachrichten\/martha-stewart-sagt-dieser-kranz-habe-die-meisten-kommentare-hervorgerufen-ihr-design-sei-eine-ueberraschend-erschwingliche-und-festliche-alternative-zum-traditionellen-im\/","name":"Martha Stewart sagt, dieser Kranz habe \u201edie meisten Kommentare hervorgerufen\u201c \u2013 ihr Design sei eine \u00fcberraschend erschwingliche und festliche Alternative zum traditionellen Immergr\u00fcn - Nachrichten - Stra\u00dfenweb","isPartOf":{"@id":"https:\/\/www.strassenweb.de\/nachrichten\/#website"},"primaryImageOfPage":{"@id":"https:\/\/www.strassenweb.de\/nachrichten\/martha-stewart-sagt-dieser-kranz-habe-die-meisten-kommentare-hervorgerufen-ihr-design-sei-eine-ueberraschend-erschwingliche-und-festliche-alternative-zum-traditionellen-im\/#primaryimage"},"image":{"@id":"https:\/\/www.strassenweb.de\/nachrichten\/martha-stewart-sagt-dieser-kranz-habe-die-meisten-kommentare-hervorgerufen-ihr-design-sei-eine-ueberraschend-erschwingliche-und-festliche-alternative-zum-traditionellen-im\/#primaryimage"},"thumbnailUrl":"https:\/\/www.strassenweb.de\/nachrichten\/wp-content\/uploads\/2024\/12\/Martha-Stewarts-goldener-Weihnachtsbaum-ist-der-Vorreiter-des-Metallic-Trends-der.jpg","datePublished":"2024-12-14T10:45:37+00:00","breadcrumb":{"@id":"https:\/\/www.strassenweb.de\/nachrichten\/martha-stewart-sagt-dieser-kranz-habe-die-meisten-kommentare-hervorgerufen-ihr-design-sei-eine-ueberraschend-erschwingliche-und-festliche-alternative-zum-traditionellen-im\/#breadcrumb"},"inLanguage":"de","potentialAction":[{"@type":"ReadAction","target":["https:\/\/www.strassenweb.de\/nachrichten\/martha-stewart-sagt-dieser-kranz-habe-die-meisten-kommentare-hervorgerufen-ihr-design-sei-eine-ueberraschend-erschwingliche-und-festliche-alternative-zum-traditionellen-im\/"]}]},{"@type":"ImageObject","inLanguage":"de","@id":"https:\/\/www.strassenweb.de\/nachrichten\/martha-stewart-sagt-dieser-kranz-habe-die-meisten-kommentare-hervorgerufen-ihr-design-sei-eine-ueberraschend-erschwingliche-und-festliche-alternative-zum-traditionellen-im\/#primaryimage","url":"https:\/\/www.strassenweb.de\/nachrichten\/wp-content\/uploads\/2024\/12\/Martha-Stewarts-goldener-Weihnachtsbaum-ist-der-Vorreiter-des-Metallic-Trends-der.jpg","contentUrl":"https:\/\/www.strassenweb.de\/nachrichten\/wp-content\/uploads\/2024\/12\/Martha-Stewarts-goldener-Weihnachtsbaum-ist-der-Vorreiter-des-Metallic-Trends-der.jpg","width":1200,"height":675,"caption":"Martha Stewarts goldener Weihnachtsbaum ist der Vorreiter des Metallic-Trends, der dieses Jahr die Oberhand gewinnt \u2013 reproduzieren Sie ihren markanten Stil f\u00fcr unter 30 US-Dollar"},{"@type":"BreadcrumbList","@id":"https:\/\/www.strassenweb.de\/nachrichten\/martha-stewart-sagt-dieser-kranz-habe-die-meisten-kommentare-hervorgerufen-ihr-design-sei-eine-ueberraschend-erschwingliche-und-festliche-alternative-zum-traditionellen-im\/#breadcrumb","itemListElement":[{"@type":"ListItem","position":1,"name":"Home","item":"https:\/\/www.strassenweb.de\/nachrichten\/"},{"@type":"ListItem","position":2,"name":"Martha Stewart sagt, dieser Kranz habe \u201edie meisten Kommentare hervorgerufen\u201c \u2013 ihr Design sei eine \u00fcberraschend erschwingliche und festliche Alternative zum traditionellen Immergr\u00fcn"}]},{"@type":"WebSite","@id":"https:\/\/www.strassenweb.de\/nachrichten\/#website","url":"https:\/\/www.strassenweb.de\/nachrichten\/","name":"Stra\u00dfenweb","description":"Stra\u00dfenverzeichnis f\u00fcr Deutschland","publisher":{"@id":"https:\/\/www.strassenweb.de\/nachrichten\/#organization"},"potentialAction":[{"@type":"SearchAction","target":{"@type":"EntryPoint","urlTemplate":"https:\/\/www.strassenweb.de\/nachrichten\/?s={search_term_string}"},"query-input":{"@type":"PropertyValueSpecification","valueRequired":true,"valueName":"search_term_string"}}],"inLanguage":"de"},{"@type":"Organization","@id":"https:\/\/www.strassenweb.de\/nachrichten\/#organization","name":"Stra\u00dfenweb","url":"https:\/\/www.strassenweb.de\/nachrichten\/","logo":{"@type":"ImageObject","inLanguage":"de","@id":"https:\/\/www.strassenweb.de\/nachrichten\/#\/schema\/logo\/image\/","url":"https:\/\/www.strassenweb.de\/nachrichten\/wp-content\/uploads\/2024\/09\/cropped-favicon.png","contentUrl":"https:\/\/www.strassenweb.de\/nachrichten\/wp-content\/uploads\/2024\/09\/cropped-favicon.png","width":512,"height":512,"caption":"Stra\u00dfenweb"},"image":{"@id":"https:\/\/www.strassenweb.de\/nachrichten\/#\/schema\/logo\/image\/"},"sameAs":["https:\/\/www.facebook.com\/strassenweb\/"]},{"@type":"Person","@id":"https:\/\/www.strassenweb.de\/nachrichten\/#\/schema\/person\/87c9c9067f1211da429a744dc5a5aa41","name":"Robert Hoffmann","image":{"@type":"ImageObject","inLanguage":"de","@id":"https:\/\/www.strassenweb.de\/nachrichten\/wp-content\/uploads\/2024\/09\/strassenweb-150x150.jpg","url":"https:\/\/www.strassenweb.de\/nachrichten\/wp-content\/uploads\/2024\/09\/strassenweb-150x150.jpg","contentUrl":"https:\/\/www.strassenweb.de\/nachrichten\/wp-content\/uploads\/2024\/09\/strassenweb-150x150.jpg","caption":"Robert Hoffmann"},"description":"Ich hei\u00dfe Robert Hoffmann und ich bin ein leidenschaftlicher Verfechter von \u00d6kologie und Biodiversit\u00e4t. Seit meiner Kindheit in den W\u00e4ldern Bayerns f\u00fchle ich mich mit der Natur verbunden und bin entschlossen, sie zu sch\u00fctzen. Heute widme ich mein Leben der Sensibilisierung anderer f\u00fcr die Bedeutung des Umweltschutzes f\u00fcr zuk\u00fcnftige Generationen.","sameAs":["https:\/\/www.strassenweb.de\/"]}]}},"_links":{"self":[{"href":"https:\/\/www.strassenweb.de\/nachrichten\/wp-json\/wp\/v2\/posts\/2127","targetHints":{"allow":["GET"]}}],"collection":[{"href":"https:\/\/www.strassenweb.de\/nachrichten\/wp-json\/wp\/v2\/posts"}],"about":[{"href":"https:\/\/www.strassenweb.de\/nachrichten\/wp-json\/wp\/v2\/types\/post"}],"author":[{"embeddable":true,"href":"https:\/\/www.strassenweb.de\/nachrichten\/wp-json\/wp\/v2\/users\/1"}],"replies":[{"embeddable":true,"href":"https:\/\/www.strassenweb.de\/nachrichten\/wp-json\/wp\/v2\/comments?post=2127"}],"version-history":[{"count":0,"href":"https:\/\/www.strassenweb.de\/nachrichten\/wp-json\/wp\/v2\/posts\/2127\/revisions"}],"wp:featuredmedia":[{"embeddable":true,"href":"https:\/\/www.strassenweb.de\/nachrichten\/wp-json\/wp\/v2\/media\/1999"}],"wp:attachment":[{"href":"https:\/\/www.strassenweb.de\/nachrichten\/wp-json\/wp\/v2\/media?parent=2127"}],"wp:term":[{"taxonomy":"category","embeddable":true,"href":"https:\/\/www.strassenweb.de\/nachrichten\/wp-json\/wp\/v2\/categories?post=2127"},{"taxonomy":"post_tag","embeddable":true,"href":"https:\/\/www.strassenweb.de\/nachrichten\/wp-json\/wp\/v2\/tags?post=2127"}],"curies":[{"name":"wp","href":"https:\/\/api.w.org\/{rel}","templated":true}]}}