{"id":2112,"date":"2024-12-13T20:41:49","date_gmt":"2024-12-13T19:41:49","guid":{"rendered":"https:\/\/www.strassenweb.de\/nachrichten\/giraffen-haben-grosse-probleme-mit-steigungen\/"},"modified":"2024-12-13T20:41:50","modified_gmt":"2024-12-13T19:41:50","slug":"giraffen-haben-grosse-probleme-mit-steigungen","status":"publish","type":"post","link":"https:\/\/www.strassenweb.de\/nachrichten\/giraffen-haben-grosse-probleme-mit-steigungen\/","title":{"rendered":"Giraffen haben gro\u00dfe Probleme mit Steigungen"},"content":{"rendered":"<p>Neue Forschungsergebnisse zeigen, dass Giraffen flaches Gel\u00e4nde bevorzugen und keine H\u00e4nge mit einer Neigung von mehr als 20\u00b0 \u00fcberqueren, was den Zugang zu Gebieten innerhalb und au\u00dferhalb gesch\u00fctzter Reservate stark einschr\u00e4nkt. Die Ergebnisse, die noch ver\u00f6ffentlicht werden m\u00fcssen, werden auf der Jahrestagung der British Ecological Society (BES) am 13. in Liverpool vorgestellt<sup>Th<\/sup> Dezember.<\/p>\n<p>Eine neue Studie, die die Bewegungen von 33 Giraffen mit GPS-Halsband in S\u00fcdafrika analysiert, hat ergeben, dass sie steiles Gel\u00e4nde meiden und nicht in der Lage sind, H\u00e4nge mit einem Gef\u00e4lle von mehr als 20\u00b0 zu bew\u00e4ltigen, was h\u00f6chstwahrscheinlich auf den Energieaufwand und die Sturzgefahr zur\u00fcckzuf\u00fchren ist.<\/p>\n<p>Die Forscher der University of Manchester und der University of the Free State, S\u00fcdafrika, fanden heraus, dass Giraffen Gel\u00e4nde mit einer Neigung von bis zu 12\u00b0 tolerieren, allerdings nur, wenn dies zu einer g\u00fcnstigen Vegetation f\u00fchrt.<\/p>\n<p>Jessica Granweiler, Doktorandin an der Universit\u00e4t Manchester, die diese Forschung auf der BES-Jahrestagung vorstellen wird, sagte: \u201eWir denken oft an Giraffen, die in gro\u00dfen, flachen Graslandsavannen in Afrika umherstreifen, aber das ist nicht wirklich ihr wahrer Lebensraum, den gibt es aber auch.\u201c Sanfte H\u00fcgel, tiefe Flussbetten und Hochebenen.<\/p>\n<p>\u201eUnsere Studie zeigt, dass Giraffen flache Gebiete deutlich bevorzugen. Sie tolerieren eine gewisse Steilheit, um an Nahrung zu gelangen, k\u00f6nnen aber einfach keine Bereiche mit einem Gef\u00e4lle von mehr als 20\u00b0 erreichen. Es ist ziemlich schockierend, wenn man sich die Verbreitungskarten ansieht.\u201c<\/p>\n<p>\u201eGiraffen sind tolerante Tiere und widerstandsf\u00e4hig gegen\u00fcber vielen Dingen wie Nahrungsverf\u00fcgbarkeit und menschlichem Druck, aber dies ist ein Szenario, in dem sie aufgrund physiologischer Grenzen m\u00f6glicherweise einfach nicht in der Lage sind, sich anzupassen.\u201c<\/p>\n<p>Die Ergebnisse verdeutlichen ein Missverh\u00e4ltnis zwischen den idealen, flachen Lebensr\u00e4umen der Giraffen und den Gebieten, in denen sie gesch\u00fctzt werden. Mithilfe der neu entdeckten Gradientenschwelle von 20\u00b0 konnten die Forscher den Anteil der Lebensr\u00e4ume in wichtigen afrikanischen L\u00e4ndern berechnen, in denen sich Giraffen derzeit aufhalten gefunden, die f\u00fcr die Tiere unzug\u00e4nglich sind.<\/p>\n<p>\u201eIn Namibia und Tansania sind es etwa 8.000 km<sup>2<\/sup> Das k\u00f6nnte f\u00fcr Giraffen unbrauchbar sein, das ist fast halb so gro\u00df wie Wales.\u201c sagte Jessica. \u201eIn Kenia und S\u00fcdafrika sind es ungef\u00e4hr 4.000 km<sup>2 <\/sup>das kann unbrauchbar sein. Noch besorgniserregender ist, dass von allen L\u00e4ndern, die wir kartiert haben, eines von drei mehr unbrauchbare Gebiete in Schutzgebieten hatte als au\u00dferhalb von Schutzgebieten.\u201c<\/p>\n<p>Dieses Problem versch\u00e4rft sich, wenn Schutzgebiete eingez\u00e4unt sind, was in S\u00fcdafrika h\u00e4ufig der Fall ist. \u201eWenn ein Reservat beispielsweise 200 Hektar gro\u00df ist, sich aber in der Mitte ein gro\u00dfer Berg befindet, ist dieses Reservat aus der Perspektive einer Giraffe nicht mehr 200 Hektar gro\u00df.\u201c sagte Jessica. \u201eWir m\u00fcssen damit beginnen, die Topographie in die Planung des Giraffenschutzes und in die Lebensraumbewertung einzubeziehen, insbesondere bei kleinen eingez\u00e4unten Reservaten.\u201c<\/p>\n<p>Professor Susanne Shultz, leitende Betreuerin von Jessicas Doktorarbeit, kommentierte weiter: \u201eSteile und raue Umgebungen sind eine Herausforderung f\u00fcr Tiere mit gro\u00dfem K\u00f6rper wie Giraffen. Leider werden an solchen Orten eher Natur- und Schutzgebiete angelegt, was zu einem Missverh\u00e4ltnis zwischen den Landschaften, die Tiere \u201enutzen\u201c wollen, und den Landschaften, die wir ihnen \u201e\u00fcberlassen\u201c haben, f\u00fchren kann. Die Einbeziehung geografischer und physischer Einschr\u00e4nkungen in die Lebensraumbewertung kann dazu beitragen, die Erhaltung von Tieren an ungeeigneten Orten zu vermeiden.\u201c<\/p>\n<p>Derzeit gibt es Giraffen in 21 afrikanischen L\u00e4ndern, aber trotz ihrer weiten Verbreitung sind die Populationen aufgrund von Lebensraumverlust, Wilderei und Konflikten zwischen Mensch und Tier zur\u00fcckgegangen. Naturschutzinitiativen sind f\u00fcr ihr \u00dcberleben von entscheidender Bedeutung. Traditionelle Modelle zur Lebensraumeignung konzentrieren sich jedoch haupts\u00e4chlich auf die Vegetationsverteilung, Raubtiere und menschliche St\u00f6rungen und \u00fcbersehen die Topographie.<\/p>\n<p>In der Studie nutzten die Forscher GPS-Daten, die zwischen 2011 und 2023 vom Team von Dr. Francois Deacon an der University of the Free State in S\u00fcdafrika gesammelt wurden, das 33 Giraffen (10 M\u00e4nnchen und 23 Weibchen) in f\u00fcnf Reservaten in S\u00fcdafrika mit GPS-Halsb\u00e4ndern versehen hatte. Die Forscher kombinierten diese Daten mit topografischen Karten, um die Steigungen zu ermitteln, die Giraffen bew\u00e4ltigen konnten und welche nicht.<\/p>\n<p>Dr. Francois Deacon, der ebenfalls an dieser Forschung beteiligt war, sagte: \u201eJe mehr Bewusstsein wir f\u00fcr die \u00d6kologie der Giraffen schaffen k\u00f6nnen, desto mehr Forschungsanstrengungen werden in Zukunft zu dieser Art unternommen.\u201c Die Tatsache, dass wir immer noch erhebliche Einschr\u00e4nkungen oder Treiber ihrer \u00d6kologie und ihres Verhaltens entdecken, ist besorgniserregend. Aber Forschung wie unsere tr\u00e4gt dazu bei, diese Wissensl\u00fccke zu schlie\u00dfen und wird in Zukunft zu einem besseren Management und Schutz von Giraffen beitragen.\u201c<\/p>\n","protected":false},"excerpt":{"rendered":"<p>Neue Forschungsergebnisse zeigen, dass Giraffen flaches Gel\u00e4nde bevorzugen und keine H\u00e4nge mit einer Neigung von mehr als 20\u00b0 \u00fcberqueren, was den Zugang zu Gebieten innerhalb<\/p>\n","protected":false},"author":1,"featured_media":2113,"comment_status":"closed","ping_status":"","sticky":false,"template":"","format":"standard","meta":{"footnotes":""},"categories":[101],"tags":[3690,358,469,146,672,3691],"class_list":["post-2112","post","type-post","status-publish","format-standard","has-post-thumbnail","hentry","category-oekologie","tag-giraffen","tag-grosse","tag-haben","tag-mit","tag-probleme","tag-steigungen","generate-columns","tablet-grid-50","mobile-grid-100","grid-parent","grid-50"],"yoast_head":"<!-- This site is optimized with the Yoast SEO plugin v27.3 - https:\/\/yoast.com\/product\/yoast-seo-wordpress\/ -->\n<title>Giraffen haben gro\u00dfe Probleme mit Steigungen - Nachrichten - Stra\u00dfenweb<\/title>\n<meta name=\"robots\" content=\"index, follow, max-snippet:-1, max-image-preview:large, max-video-preview:-1\" \/>\n<link rel=\"canonical\" href=\"https:\/\/www.strassenweb.de\/nachrichten\/giraffen-haben-grosse-probleme-mit-steigungen\/\" \/>\n<meta property=\"og:locale\" content=\"de_DE\" \/>\n<meta property=\"og:type\" content=\"article\" \/>\n<meta property=\"og:title\" content=\"Giraffen haben gro\u00dfe Probleme mit Steigungen - Nachrichten - Stra\u00dfenweb\" \/>\n<meta property=\"og:description\" content=\"Neue Forschungsergebnisse zeigen, dass Giraffen flaches Gel\u00e4nde bevorzugen und keine H\u00e4nge mit einer Neigung von mehr als 20\u00b0 \u00fcberqueren, was den Zugang zu Gebieten innerhalb\" \/>\n<meta property=\"og:url\" content=\"https:\/\/www.strassenweb.de\/nachrichten\/giraffen-haben-grosse-probleme-mit-steigungen\/\" \/>\n<meta property=\"og:site_name\" content=\"Stra\u00dfenweb\" \/>\n<meta property=\"article:publisher\" content=\"https:\/\/www.facebook.com\/strassenweb\/\" \/>\n<meta property=\"article:published_time\" content=\"2024-12-13T19:41:49+00:00\" \/>\n<meta property=\"article:modified_time\" content=\"2024-12-13T19:41:50+00:00\" \/>\n<meta property=\"og:image\" content=\"https:\/\/www.strassenweb.de\/nachrichten\/wp-content\/uploads\/2024\/12\/Giraffen-haben-grosse-Probleme-mit-Steigungen.jpg\" \/>\n\t<meta property=\"og:image:width\" content=\"900\" \/>\n\t<meta property=\"og:image:height\" content=\"604\" \/>\n\t<meta property=\"og:image:type\" content=\"image\/jpeg\" \/>\n<meta name=\"author\" content=\"Robert Hoffmann\" \/>\n<meta name=\"twitter:card\" content=\"summary_large_image\" \/>\n<meta name=\"twitter:label1\" content=\"Verfasst von\" \/>\n\t<meta name=\"twitter:data1\" content=\"Robert Hoffmann\" \/>\n\t<meta name=\"twitter:label2\" content=\"Gesch\u00e4tzte Lesezeit\" \/>\n\t<meta name=\"twitter:data2\" content=\"4\u00a0Minuten\" \/>\n<script type=\"application\/ld+json\" class=\"yoast-schema-graph\">{\"@context\":\"https:\\\/\\\/schema.org\",\"@graph\":[{\"@type\":\"Article\",\"@id\":\"https:\\\/\\\/www.strassenweb.de\\\/nachrichten\\\/giraffen-haben-grosse-probleme-mit-steigungen\\\/#article\",\"isPartOf\":{\"@id\":\"https:\\\/\\\/www.strassenweb.de\\\/nachrichten\\\/giraffen-haben-grosse-probleme-mit-steigungen\\\/\"},\"author\":{\"name\":\"Robert Hoffmann\",\"@id\":\"https:\\\/\\\/www.strassenweb.de\\\/nachrichten\\\/#\\\/schema\\\/person\\\/87c9c9067f1211da429a744dc5a5aa41\"},\"headline\":\"Giraffen haben gro\u00dfe Probleme mit Steigungen\",\"datePublished\":\"2024-12-13T19:41:49+00:00\",\"dateModified\":\"2024-12-13T19:41:50+00:00\",\"mainEntityOfPage\":{\"@id\":\"https:\\\/\\\/www.strassenweb.de\\\/nachrichten\\\/giraffen-haben-grosse-probleme-mit-steigungen\\\/\"},\"wordCount\":773,\"publisher\":{\"@id\":\"https:\\\/\\\/www.strassenweb.de\\\/nachrichten\\\/#organization\"},\"image\":{\"@id\":\"https:\\\/\\\/www.strassenweb.de\\\/nachrichten\\\/giraffen-haben-grosse-probleme-mit-steigungen\\\/#primaryimage\"},\"thumbnailUrl\":\"https:\\\/\\\/www.strassenweb.de\\\/nachrichten\\\/wp-content\\\/uploads\\\/2024\\\/12\\\/Giraffen-haben-grosse-Probleme-mit-Steigungen.jpg\",\"keywords\":[\"Giraffen\",\"gro\u00dfe\",\"haben\",\"mit\",\"Probleme\",\"Steigungen\"],\"articleSection\":[\"\u00d6kologie\"],\"inLanguage\":\"de\"},{\"@type\":\"WebPage\",\"@id\":\"https:\\\/\\\/www.strassenweb.de\\\/nachrichten\\\/giraffen-haben-grosse-probleme-mit-steigungen\\\/\",\"url\":\"https:\\\/\\\/www.strassenweb.de\\\/nachrichten\\\/giraffen-haben-grosse-probleme-mit-steigungen\\\/\",\"name\":\"Giraffen haben gro\u00dfe Probleme mit Steigungen - Nachrichten - Stra\u00dfenweb\",\"isPartOf\":{\"@id\":\"https:\\\/\\\/www.strassenweb.de\\\/nachrichten\\\/#website\"},\"primaryImageOfPage\":{\"@id\":\"https:\\\/\\\/www.strassenweb.de\\\/nachrichten\\\/giraffen-haben-grosse-probleme-mit-steigungen\\\/#primaryimage\"},\"image\":{\"@id\":\"https:\\\/\\\/www.strassenweb.de\\\/nachrichten\\\/giraffen-haben-grosse-probleme-mit-steigungen\\\/#primaryimage\"},\"thumbnailUrl\":\"https:\\\/\\\/www.strassenweb.de\\\/nachrichten\\\/wp-content\\\/uploads\\\/2024\\\/12\\\/Giraffen-haben-grosse-Probleme-mit-Steigungen.jpg\",\"datePublished\":\"2024-12-13T19:41:49+00:00\",\"dateModified\":\"2024-12-13T19:41:50+00:00\",\"breadcrumb\":{\"@id\":\"https:\\\/\\\/www.strassenweb.de\\\/nachrichten\\\/giraffen-haben-grosse-probleme-mit-steigungen\\\/#breadcrumb\"},\"inLanguage\":\"de\",\"potentialAction\":[{\"@type\":\"ReadAction\",\"target\":[\"https:\\\/\\\/www.strassenweb.de\\\/nachrichten\\\/giraffen-haben-grosse-probleme-mit-steigungen\\\/\"]}]},{\"@type\":\"ImageObject\",\"inLanguage\":\"de\",\"@id\":\"https:\\\/\\\/www.strassenweb.de\\\/nachrichten\\\/giraffen-haben-grosse-probleme-mit-steigungen\\\/#primaryimage\",\"url\":\"https:\\\/\\\/www.strassenweb.de\\\/nachrichten\\\/wp-content\\\/uploads\\\/2024\\\/12\\\/Giraffen-haben-grosse-Probleme-mit-Steigungen.jpg\",\"contentUrl\":\"https:\\\/\\\/www.strassenweb.de\\\/nachrichten\\\/wp-content\\\/uploads\\\/2024\\\/12\\\/Giraffen-haben-grosse-Probleme-mit-Steigungen.jpg\",\"width\":900,\"height\":604,\"caption\":\"Giraffen haben gro\u00dfe Probleme mit Steigungen\"},{\"@type\":\"BreadcrumbList\",\"@id\":\"https:\\\/\\\/www.strassenweb.de\\\/nachrichten\\\/giraffen-haben-grosse-probleme-mit-steigungen\\\/#breadcrumb\",\"itemListElement\":[{\"@type\":\"ListItem\",\"position\":1,\"name\":\"Home\",\"item\":\"https:\\\/\\\/www.strassenweb.de\\\/nachrichten\\\/\"},{\"@type\":\"ListItem\",\"position\":2,\"name\":\"Giraffen haben gro\u00dfe Probleme mit Steigungen\"}]},{\"@type\":\"WebSite\",\"@id\":\"https:\\\/\\\/www.strassenweb.de\\\/nachrichten\\\/#website\",\"url\":\"https:\\\/\\\/www.strassenweb.de\\\/nachrichten\\\/\",\"name\":\"Stra\u00dfenweb\",\"description\":\"Stra\u00dfenverzeichnis f\u00fcr Deutschland\",\"publisher\":{\"@id\":\"https:\\\/\\\/www.strassenweb.de\\\/nachrichten\\\/#organization\"},\"potentialAction\":[{\"@type\":\"SearchAction\",\"target\":{\"@type\":\"EntryPoint\",\"urlTemplate\":\"https:\\\/\\\/www.strassenweb.de\\\/nachrichten\\\/?s={search_term_string}\"},\"query-input\":{\"@type\":\"PropertyValueSpecification\",\"valueRequired\":true,\"valueName\":\"search_term_string\"}}],\"inLanguage\":\"de\"},{\"@type\":\"Organization\",\"@id\":\"https:\\\/\\\/www.strassenweb.de\\\/nachrichten\\\/#organization\",\"name\":\"Stra\u00dfenweb\",\"url\":\"https:\\\/\\\/www.strassenweb.de\\\/nachrichten\\\/\",\"logo\":{\"@type\":\"ImageObject\",\"inLanguage\":\"de\",\"@id\":\"https:\\\/\\\/www.strassenweb.de\\\/nachrichten\\\/#\\\/schema\\\/logo\\\/image\\\/\",\"url\":\"https:\\\/\\\/www.strassenweb.de\\\/nachrichten\\\/wp-content\\\/uploads\\\/2024\\\/09\\\/cropped-favicon.png\",\"contentUrl\":\"https:\\\/\\\/www.strassenweb.de\\\/nachrichten\\\/wp-content\\\/uploads\\\/2024\\\/09\\\/cropped-favicon.png\",\"width\":512,\"height\":512,\"caption\":\"Stra\u00dfenweb\"},\"image\":{\"@id\":\"https:\\\/\\\/www.strassenweb.de\\\/nachrichten\\\/#\\\/schema\\\/logo\\\/image\\\/\"},\"sameAs\":[\"https:\\\/\\\/www.facebook.com\\\/strassenweb\\\/\"]},{\"@type\":\"Person\",\"@id\":\"https:\\\/\\\/www.strassenweb.de\\\/nachrichten\\\/#\\\/schema\\\/person\\\/87c9c9067f1211da429a744dc5a5aa41\",\"name\":\"Robert Hoffmann\",\"image\":{\"@type\":\"ImageObject\",\"inLanguage\":\"de\",\"@id\":\"https:\\\/\\\/www.strassenweb.de\\\/nachrichten\\\/wp-content\\\/uploads\\\/2024\\\/09\\\/strassenweb-150x150.jpg\",\"url\":\"https:\\\/\\\/www.strassenweb.de\\\/nachrichten\\\/wp-content\\\/uploads\\\/2024\\\/09\\\/strassenweb-150x150.jpg\",\"contentUrl\":\"https:\\\/\\\/www.strassenweb.de\\\/nachrichten\\\/wp-content\\\/uploads\\\/2024\\\/09\\\/strassenweb-150x150.jpg\",\"caption\":\"Robert Hoffmann\"},\"description\":\"Ich hei\u00dfe Robert Hoffmann und ich bin ein leidenschaftlicher Verfechter von \u00d6kologie und Biodiversit\u00e4t. Seit meiner Kindheit in den W\u00e4ldern Bayerns f\u00fchle ich mich mit der Natur verbunden und bin entschlossen, sie zu sch\u00fctzen. Heute widme ich mein Leben der Sensibilisierung anderer f\u00fcr die Bedeutung des Umweltschutzes f\u00fcr zuk\u00fcnftige Generationen.\",\"sameAs\":[\"https:\\\/\\\/www.strassenweb.de\\\/\"]}]}<\/script>\n<!-- \/ Yoast SEO plugin. -->","yoast_head_json":{"title":"Giraffen haben gro\u00dfe Probleme mit Steigungen - Nachrichten - Stra\u00dfenweb","robots":{"index":"index","follow":"follow","max-snippet":"max-snippet:-1","max-image-preview":"max-image-preview:large","max-video-preview":"max-video-preview:-1"},"canonical":"https:\/\/www.strassenweb.de\/nachrichten\/giraffen-haben-grosse-probleme-mit-steigungen\/","og_locale":"de_DE","og_type":"article","og_title":"Giraffen haben gro\u00dfe Probleme mit Steigungen - Nachrichten - Stra\u00dfenweb","og_description":"Neue Forschungsergebnisse zeigen, dass Giraffen flaches Gel\u00e4nde bevorzugen und keine H\u00e4nge mit einer Neigung von mehr als 20\u00b0 \u00fcberqueren, was den Zugang zu Gebieten innerhalb","og_url":"https:\/\/www.strassenweb.de\/nachrichten\/giraffen-haben-grosse-probleme-mit-steigungen\/","og_site_name":"Stra\u00dfenweb","article_publisher":"https:\/\/www.facebook.com\/strassenweb\/","article_published_time":"2024-12-13T19:41:49+00:00","article_modified_time":"2024-12-13T19:41:50+00:00","og_image":[{"width":900,"height":604,"url":"https:\/\/www.strassenweb.de\/nachrichten\/wp-content\/uploads\/2024\/12\/Giraffen-haben-grosse-Probleme-mit-Steigungen.jpg","type":"image\/jpeg"}],"author":"Robert Hoffmann","twitter_card":"summary_large_image","twitter_misc":{"Verfasst von":"Robert Hoffmann","Gesch\u00e4tzte Lesezeit":"4\u00a0Minuten"},"schema":{"@context":"https:\/\/schema.org","@graph":[{"@type":"Article","@id":"https:\/\/www.strassenweb.de\/nachrichten\/giraffen-haben-grosse-probleme-mit-steigungen\/#article","isPartOf":{"@id":"https:\/\/www.strassenweb.de\/nachrichten\/giraffen-haben-grosse-probleme-mit-steigungen\/"},"author":{"name":"Robert Hoffmann","@id":"https:\/\/www.strassenweb.de\/nachrichten\/#\/schema\/person\/87c9c9067f1211da429a744dc5a5aa41"},"headline":"Giraffen haben gro\u00dfe Probleme mit Steigungen","datePublished":"2024-12-13T19:41:49+00:00","dateModified":"2024-12-13T19:41:50+00:00","mainEntityOfPage":{"@id":"https:\/\/www.strassenweb.de\/nachrichten\/giraffen-haben-grosse-probleme-mit-steigungen\/"},"wordCount":773,"publisher":{"@id":"https:\/\/www.strassenweb.de\/nachrichten\/#organization"},"image":{"@id":"https:\/\/www.strassenweb.de\/nachrichten\/giraffen-haben-grosse-probleme-mit-steigungen\/#primaryimage"},"thumbnailUrl":"https:\/\/www.strassenweb.de\/nachrichten\/wp-content\/uploads\/2024\/12\/Giraffen-haben-grosse-Probleme-mit-Steigungen.jpg","keywords":["Giraffen","gro\u00dfe","haben","mit","Probleme","Steigungen"],"articleSection":["\u00d6kologie"],"inLanguage":"de"},{"@type":"WebPage","@id":"https:\/\/www.strassenweb.de\/nachrichten\/giraffen-haben-grosse-probleme-mit-steigungen\/","url":"https:\/\/www.strassenweb.de\/nachrichten\/giraffen-haben-grosse-probleme-mit-steigungen\/","name":"Giraffen haben gro\u00dfe Probleme mit Steigungen - Nachrichten - Stra\u00dfenweb","isPartOf":{"@id":"https:\/\/www.strassenweb.de\/nachrichten\/#website"},"primaryImageOfPage":{"@id":"https:\/\/www.strassenweb.de\/nachrichten\/giraffen-haben-grosse-probleme-mit-steigungen\/#primaryimage"},"image":{"@id":"https:\/\/www.strassenweb.de\/nachrichten\/giraffen-haben-grosse-probleme-mit-steigungen\/#primaryimage"},"thumbnailUrl":"https:\/\/www.strassenweb.de\/nachrichten\/wp-content\/uploads\/2024\/12\/Giraffen-haben-grosse-Probleme-mit-Steigungen.jpg","datePublished":"2024-12-13T19:41:49+00:00","dateModified":"2024-12-13T19:41:50+00:00","breadcrumb":{"@id":"https:\/\/www.strassenweb.de\/nachrichten\/giraffen-haben-grosse-probleme-mit-steigungen\/#breadcrumb"},"inLanguage":"de","potentialAction":[{"@type":"ReadAction","target":["https:\/\/www.strassenweb.de\/nachrichten\/giraffen-haben-grosse-probleme-mit-steigungen\/"]}]},{"@type":"ImageObject","inLanguage":"de","@id":"https:\/\/www.strassenweb.de\/nachrichten\/giraffen-haben-grosse-probleme-mit-steigungen\/#primaryimage","url":"https:\/\/www.strassenweb.de\/nachrichten\/wp-content\/uploads\/2024\/12\/Giraffen-haben-grosse-Probleme-mit-Steigungen.jpg","contentUrl":"https:\/\/www.strassenweb.de\/nachrichten\/wp-content\/uploads\/2024\/12\/Giraffen-haben-grosse-Probleme-mit-Steigungen.jpg","width":900,"height":604,"caption":"Giraffen haben gro\u00dfe Probleme mit Steigungen"},{"@type":"BreadcrumbList","@id":"https:\/\/www.strassenweb.de\/nachrichten\/giraffen-haben-grosse-probleme-mit-steigungen\/#breadcrumb","itemListElement":[{"@type":"ListItem","position":1,"name":"Home","item":"https:\/\/www.strassenweb.de\/nachrichten\/"},{"@type":"ListItem","position":2,"name":"Giraffen haben gro\u00dfe Probleme mit Steigungen"}]},{"@type":"WebSite","@id":"https:\/\/www.strassenweb.de\/nachrichten\/#website","url":"https:\/\/www.strassenweb.de\/nachrichten\/","name":"Stra\u00dfenweb","description":"Stra\u00dfenverzeichnis f\u00fcr Deutschland","publisher":{"@id":"https:\/\/www.strassenweb.de\/nachrichten\/#organization"},"potentialAction":[{"@type":"SearchAction","target":{"@type":"EntryPoint","urlTemplate":"https:\/\/www.strassenweb.de\/nachrichten\/?s={search_term_string}"},"query-input":{"@type":"PropertyValueSpecification","valueRequired":true,"valueName":"search_term_string"}}],"inLanguage":"de"},{"@type":"Organization","@id":"https:\/\/www.strassenweb.de\/nachrichten\/#organization","name":"Stra\u00dfenweb","url":"https:\/\/www.strassenweb.de\/nachrichten\/","logo":{"@type":"ImageObject","inLanguage":"de","@id":"https:\/\/www.strassenweb.de\/nachrichten\/#\/schema\/logo\/image\/","url":"https:\/\/www.strassenweb.de\/nachrichten\/wp-content\/uploads\/2024\/09\/cropped-favicon.png","contentUrl":"https:\/\/www.strassenweb.de\/nachrichten\/wp-content\/uploads\/2024\/09\/cropped-favicon.png","width":512,"height":512,"caption":"Stra\u00dfenweb"},"image":{"@id":"https:\/\/www.strassenweb.de\/nachrichten\/#\/schema\/logo\/image\/"},"sameAs":["https:\/\/www.facebook.com\/strassenweb\/"]},{"@type":"Person","@id":"https:\/\/www.strassenweb.de\/nachrichten\/#\/schema\/person\/87c9c9067f1211da429a744dc5a5aa41","name":"Robert Hoffmann","image":{"@type":"ImageObject","inLanguage":"de","@id":"https:\/\/www.strassenweb.de\/nachrichten\/wp-content\/uploads\/2024\/09\/strassenweb-150x150.jpg","url":"https:\/\/www.strassenweb.de\/nachrichten\/wp-content\/uploads\/2024\/09\/strassenweb-150x150.jpg","contentUrl":"https:\/\/www.strassenweb.de\/nachrichten\/wp-content\/uploads\/2024\/09\/strassenweb-150x150.jpg","caption":"Robert Hoffmann"},"description":"Ich hei\u00dfe Robert Hoffmann und ich bin ein leidenschaftlicher Verfechter von \u00d6kologie und Biodiversit\u00e4t. Seit meiner Kindheit in den W\u00e4ldern Bayerns f\u00fchle ich mich mit der Natur verbunden und bin entschlossen, sie zu sch\u00fctzen. Heute widme ich mein Leben der Sensibilisierung anderer f\u00fcr die Bedeutung des Umweltschutzes f\u00fcr zuk\u00fcnftige Generationen.","sameAs":["https:\/\/www.strassenweb.de\/"]}]}},"_links":{"self":[{"href":"https:\/\/www.strassenweb.de\/nachrichten\/wp-json\/wp\/v2\/posts\/2112","targetHints":{"allow":["GET"]}}],"collection":[{"href":"https:\/\/www.strassenweb.de\/nachrichten\/wp-json\/wp\/v2\/posts"}],"about":[{"href":"https:\/\/www.strassenweb.de\/nachrichten\/wp-json\/wp\/v2\/types\/post"}],"author":[{"embeddable":true,"href":"https:\/\/www.strassenweb.de\/nachrichten\/wp-json\/wp\/v2\/users\/1"}],"replies":[{"embeddable":true,"href":"https:\/\/www.strassenweb.de\/nachrichten\/wp-json\/wp\/v2\/comments?post=2112"}],"version-history":[{"count":0,"href":"https:\/\/www.strassenweb.de\/nachrichten\/wp-json\/wp\/v2\/posts\/2112\/revisions"}],"wp:featuredmedia":[{"embeddable":true,"href":"https:\/\/www.strassenweb.de\/nachrichten\/wp-json\/wp\/v2\/media\/2113"}],"wp:attachment":[{"href":"https:\/\/www.strassenweb.de\/nachrichten\/wp-json\/wp\/v2\/media?parent=2112"}],"wp:term":[{"taxonomy":"category","embeddable":true,"href":"https:\/\/www.strassenweb.de\/nachrichten\/wp-json\/wp\/v2\/categories?post=2112"},{"taxonomy":"post_tag","embeddable":true,"href":"https:\/\/www.strassenweb.de\/nachrichten\/wp-json\/wp\/v2\/tags?post=2112"}],"curies":[{"name":"wp","href":"https:\/\/api.w.org\/{rel}","templated":true}]}}