{"id":2109,"date":"2024-12-13T19:41:52","date_gmt":"2024-12-13T18:41:52","guid":{"rendered":"https:\/\/www.strassenweb.de\/nachrichten\/5-veraltete-weihnachtsdekorationen-die-dieses-jahr-ein-comeback-erleben-und-innenarchitekten-sagen-wir-sollten-sie-alle-annehmen\/"},"modified":"2024-12-13T19:41:54","modified_gmt":"2024-12-13T18:41:54","slug":"5-veraltete-weihnachtsdekorationen-die-dieses-jahr-ein-comeback-erleben-und-innenarchitekten-sagen-wir-sollten-sie-alle-annehmen","status":"publish","type":"post","link":"https:\/\/www.strassenweb.de\/nachrichten\/5-veraltete-weihnachtsdekorationen-die-dieses-jahr-ein-comeback-erleben-und-innenarchitekten-sagen-wir-sollten-sie-alle-annehmen\/","title":{"rendered":"5 veraltete Weihnachtsdekorationen, die dieses Jahr ein Comeback erleben \u2013 und Innenarchitekten sagen, wir sollten sie alle annehmen"},"content":{"rendered":"<p><\/p>\n<div id=\"article-body\" class=\"article__body \">\n<p>Die Weihnachtsdekoration folgte in den letzten Jahren einem eher minimalistischen Stil, wobei sich reduzierte Designs und ged\u00e4mpfte Farbpaletten als am beliebtesten erwiesen. Aber dieses Jahr feiert die veraltete Weihnachtsdekoration ein Comeback und es geht vor allem um Farbe und Nostalgie.<\/p>\n<div id=\"ad-unit-1\" class=\"ad-unit\"><\/div>\n<p>Man kann mit Fug und Recht sagen, dass wir uns alle von der Instagram-Weihnachts\u00e4sthetik erholt haben, die jeglicher Pers\u00f6nlichkeit oder Charakter entbehrte \u2013 und die diesj\u00e4hrigen Weihnachtsdeko-Ideen beweisen es.<\/p>\n<aside class=\"hawk-nest\" data-block-type=\"embed\" data-render-type=\"fte\" data-skip=\"dealsy\" data-widget-type=\"seasonal\">\n<div class=\"hawk-master-widget-hawk-base-wrapper\"><\/div>\n<\/aside>\n<p>Von \u00fcbergro\u00dfen Schleifen und unpassenden Designs bis hin zur R\u00fcckkehr traditionellerer Farbpaletten: Dies sind die veralteten Weihnachtsdekorationstrends, die dieses Jahr ein Comeback erleben \u2013 und Designer k\u00f6nnen einfach nicht genug bekommen.<\/p>\n<div id=\"desktop-in-article\" class=\"in-article ad-unit\">\n<div id=\"desktop-taboola-mid-article\"><\/div>\n<\/div>\n<div id=\"mobile-in-article\" class=\"in-article ad-unit\">\n<div id=\"mobile-taboola-mid-article\"><\/div>\n<\/div>\n<h2 id=\"5-outdated-christmas-decorations-making-a-comeback-3\">5 veraltete Weihnachtsdekorationen feiern ein Comeback<\/h2>\n<p>Nichts bleibt lange veraltet. Die diesj\u00e4hrigen wiederbelebten Trends stammen aus den 90er-Jahren und dar\u00fcber hinaus und bringen den nostalgischen Look eines klassischen Weihnachtsfests in der Kindheit zur\u00fcck. Von Lametta bis hin zu kitschigem Dekor gibt es hier viel, um all die Urlaubserinnerungen zur\u00fcckzubringen.<\/p>\n<div class=\"van_vid_carousel\">\n<div class=\"van_vid_carousel__padding\">\n<div class=\"van_vid_carousel__container\"><\/div>\n<\/div>\n<\/div>\n<h3 class=\"article-body__section\" id=\"section-1-kitschy-holiday-decorations\"><span>1. Kitschige Weihnachtsdekoration<\/span><\/h3>\n<figure class=\"van-image-figure inline-layout \" data-bordeaux-image-check>\n<div class=\"image-full-width-wrapper\">\n<div class=\"image-widthsetter\" style=\"max-width:2000px;\"><\/div>\n<\/div>\n<\/figure>\n<p>Nostalgie ist das Schlagwort von Weihnachten 2024, wobei wiederbelebte Trends vergangener Jahrzehnte wieder g\u00fcnstig werden. Und kitschiges Dekor ist wieder voll im Trend, Farben und unpassende Designs erfreuen sich gro\u00dfer Beliebtheit.<\/p>\n<div id=\"ad-unit-2\" class=\"ad-unit\"><\/div>\n<p>\u201eWir bemerken ein Wiederaufleben kitschiger Weihnachtsdekorationen \u2013 aber dieses Mal werden sie bewusster und stilvoller eingesetzt.\u201c Denken Sie an \u00fcbergro\u00dfe rote Schleifen, klingelnde Gl\u00f6ckchen, nicht zusammenpassende Str\u00fcmpfe und sogar an den immer polarisierenden Elf on the Shelf. \u201eDiese nostalgischen Akzente halten ihren Weg zur\u00fcck in die H\u00e4user und wir sind absolut daf\u00fcr\u201c, sagt Kailee Blalock, Mitbegr\u00fcnderin von House of Hive Design Co.<\/p>\n<p>\u201eDas Sch\u00f6ne an diesem Trend ist seine Flexibilit\u00e4t.\u201c F\u00fcgen Sie diese Elemente auf eine Art und Weise ein, die sich in Ihrem Raum nat\u00fcrlich anf\u00fchlt. Vielleicht ist es eine gro\u00dfe rote Schleife an Ihrem Eingangskranz, Vintage-Glocken an Ihrem Baum oder einfach eine Mischung aus Str\u00fcmpfen, die die Geschichte Ihrer Familie erz\u00e4hlen. Lassen Sie den einzigartigen Charakter Ihres Zuhauses mit durchdachten, nostalgischen Akzenten durchscheinen!&#8216;<\/p>\n<div class=\"product-container hero-product-container product-block-no-wrap\"><\/div>\n<h3 class=\"article-body__section\" id=\"section-2-icicles-and-teardrop-ornaments\"><span>2. Eiszapfen und Tropfenornamente<\/span><\/h3>\n<figure class=\"van-image-figure inline-layout \" data-bordeaux-image-check>\n<div class=\"image-full-width-wrapper\">\n<div class=\"image-widthsetter\" style=\"max-width:2000px;\"><\/div>\n<\/div>\n<\/figure>\n<p>Ein Gro\u00dfteil der veralteten Weihnachtsdekoration, die dieses Jahr ein Comeback feiert, dreht sich um den Baum \u2013 und vor allem h\u00e4ngende Glasornamente haben in diesem Jahr eine besondere Bedeutung.<\/p>\n<p>\u201e2024 scheint das Jahr des Retro-Weihnachts-Revivals zu sein, und ich bin voll und ganz daf\u00fcr\u201c, sagt Charlotte Olby. <em>H&#038;Gs<\/em> Stil- und Trendredakteurin, die dieses Jahr mehrere wiederbelebte Trends in ihre Weihnachtsdekoration einbringt.<\/p>\n<p>\u201eIch sehne mich nach einer Portion festlicher Nostalgie der 90er Jahre und m\u00f6chte dieses Jahr wieder Eiszapfen an meinen Baum bringen und werde tropfenf\u00f6rmige Glasornamente hinzuf\u00fcgen\u201c, erkl\u00e4rt sie.<\/p>\n<div class=\"product-container hero-product-container product-block-no-wrap\"><\/div>\n<h3 class=\"article-body__section\" id=\"section-3-generational-heirlooms\"><span>3. Generationenerbst\u00fccke<\/span><\/h3>\n<figure class=\"van-image-figure inline-layout \" data-bordeaux-image-check>\n<div class=\"image-full-width-wrapper\">\n<div class=\"image-widthsetter\" style=\"max-width:2000px;\"><\/div>\n<\/div>\n<\/figure>\n<p>Lange Zeit konzentrierten sich die Dekorationstrends auf das Neue und Gl\u00e4nzende, und die sentimentalen St\u00fccke, die von fr\u00fcheren Generationen geerbt wurden, blieben in Schachteln und wurden nicht in Weihnachtsdekorationen verwendet. Aber dieses Jahr steht die Dekoration von Erbst\u00fccken im Mittelpunkt unserer H\u00e4user.<\/p>\n<p>\u201eDa unsere Generation damit beginnt, gesch\u00e4tzte Dekorationen von Gro\u00dfeltern und Eltern zu erben, erleben wir einen Wandel hin zur Integration dieser Erbst\u00fccke.\u201c \u201eSie liegen vielleicht nicht ganz im Trend, aber sie haben einen sentimentalen Wert, der einem Haus w\u00e4hrend der Feiertage das Gef\u00fchl gibt, zu Hause zu sein\u201c, sagt Kailee.<\/p>\n<p>\u201eEs hat etwas Erfrischendes, sich vom Druck zu l\u00f6sen, eine bildsch\u00f6ne, ultra-kuratierte \u00c4sthetik aufrechtzuerhalten.\u201c Das Mischen bedeutungsvoller, lustiger und nostalgischer Elemente verleiht Ihrer Weihnachtsdekoration Pers\u00f6nlichkeit und Herz. Es geht nicht darum, kitschig zu sein; \u201eEs geht darum, das anzunehmen, was sich f\u00fcr einen authentisch weihnachtlich anf\u00fchlt\u201c, erkl\u00e4rt sie.<\/p>\n<h3 class=\"article-body__section\" id=\"section-4-colorful-christmas-tree-lights\"><span>4. Bunte Weihnachtsbaumbeleuchtungen<\/span><\/h3>\n<figure class=\"van-image-figure inline-layout \" data-bordeaux-image-check>\n<div class=\"image-full-width-wrapper\">\n<div class=\"image-widthsetter\" style=\"max-width:2000px;\"><\/div>\n<\/div>\n<\/figure>\n<p>W\u00e4hrend die neutraleren Dekorateure unter uns diesen wiederbelebten Trend wahrscheinlich nicht teilen werden, ist er f\u00fcr alle, die ein maximalistisches Weihnachtsfest lieben, kein Unbekannter.<\/p>\n<p>Bunte Weihnachtslichter sind wieder im Trend \u2013 vor allem mehrfarbige Lichterketten. Kaltwei\u00dfes Licht hat ausgedient und wurde durch ein w\u00e4rmeres Licht ersetzt, oder in diesem Jahr durch helles und farbenfrohes Licht.<\/p>\n<p>Auch wenn sie sich als Baumlichter gro\u00dfer Beliebtheit erfreuen, lassen sie sich auch als Girlanden an Weihnachtskamine und Treppengel\u00e4ndern einsetzen oder sogar entlang Ihrer B\u00fccherregale drapieren.<\/p>\n<h3 class=\"article-body__section\" id=\"section-5-tinsel\"><span>5. Lametta<\/span><\/h3>\n<figure class=\"van-image-figure inline-layout \" data-bordeaux-image-check>\n<div class=\"image-full-width-wrapper\">\n<div class=\"image-widthsetter\" style=\"max-width:2000px;\"><\/div>\n<\/div>\n<\/figure>\n<p>Lametta ist vielleicht eine umstrittene Weihnachtsdekoration, ist aber schon seit geraumer Zeit aus der Mode gekommen und gilt als kitschig und veraltet. Aber dieses Jahr wird es bewusster eingesetzt und erregt die Aufmerksamkeit von Hausbesitzern und Designern gleicherma\u00dfen.<\/p>\n<p>\u201eZus\u00e4tzlich zu den Eiszapfen f\u00fcge ich (Shock-Horror-)kitschiges, leicht klebriges Lametta-Lametta hinzu, um es \u00fcber die Zweige meines Baumes zu drapieren, um ihm einen magischen, frostigen Effekt zu verleihen.\u201c \u201eBei mir zu Hause wird es bestimmt kein minimalistisches Weihnachtsfest\u201c, sagt Charlotte.<\/p>\n<p>Anstatt Ihren Baum wahllos mit Lametta zu bedecken, entscheiden Sie sich f\u00fcr einen \u00fcberlegteren Ansatz. Sorgf\u00e4ltig zur H\u00e4lfte \u00fcber die Enden der Zweige drapierte B\u00fcndel sorgen f\u00fcr den geschichteten, drapierten Look, der Ihrer Einrichtung einen Hauch von Glanz verleiht. Diese hochwertigen Eiszapfen-Lametta-Str\u00e4nge haben die perfekte festliche Farbe und kommen p\u00fcnktlich zu Weihnachten an.<\/p>\n<hr>\n<p>Ganz gleich, ob Sie mit Glas-Eiszapfenornamenten dezente nostalgische Akzente setzen oder mit unpassenden Str\u00fcmpfen und Lametta-Lametta aufs Ganze gehen m\u00f6chten, diese gehobenere Interpretation veralteter Weihnachtsdekorationen ist eine willkommene Abwechslung zu den Feiertagstrends.<\/p>\n<\/div>\n","protected":false},"excerpt":{"rendered":"<p>Die Weihnachtsdekoration folgte in den letzten Jahren einem eher minimalistischen Stil, wobei sich reduzierte Designs und ged\u00e4mpfte Farbpaletten als am beliebtesten erwiesen. Aber dieses Jahr<\/p>\n","protected":false},"author":1,"featured_media":2110,"comment_status":"closed","ping_status":"","sticky":false,"template":"","format":"standard","meta":{"footnotes":""},"categories":[118],"tags":[176,2834,2187,9,531,43,2186,717,384,284,165,560,37,2656,2957,411],"class_list":["post-2109","post","type-post","status-publish","format-standard","has-post-thumbnail","hentry","category-haus-garten","tag-alle","tag-annehmen","tag-comeback","tag-die","tag-dieses","tag-ein","tag-erleben","tag-innenarchitekten","tag-jahr","tag-sagen","tag-sie","tag-sollten","tag-und","tag-veraltete","tag-weihnachtsdekorationen","tag-wir","generate-columns","tablet-grid-50","mobile-grid-100","grid-parent","grid-50"],"yoast_head":"<!-- This site is optimized with the Yoast SEO plugin v27.3 - https:\/\/yoast.com\/product\/yoast-seo-wordpress\/ -->\n<title>5 veraltete Weihnachtsdekorationen, die dieses Jahr ein Comeback erleben \u2013 und Innenarchitekten sagen, wir sollten sie alle annehmen - Nachrichten - Stra\u00dfenweb<\/title>\n<meta name=\"robots\" content=\"index, follow, max-snippet:-1, max-image-preview:large, max-video-preview:-1\" \/>\n<link rel=\"canonical\" href=\"https:\/\/www.strassenweb.de\/nachrichten\/5-veraltete-weihnachtsdekorationen-die-dieses-jahr-ein-comeback-erleben-und-innenarchitekten-sagen-wir-sollten-sie-alle-annehmen\/\" \/>\n<meta property=\"og:locale\" content=\"de_DE\" \/>\n<meta property=\"og:type\" content=\"article\" \/>\n<meta property=\"og:title\" content=\"5 veraltete Weihnachtsdekorationen, die dieses Jahr ein Comeback erleben \u2013 und Innenarchitekten sagen, wir sollten sie alle annehmen - Nachrichten - Stra\u00dfenweb\" \/>\n<meta property=\"og:description\" content=\"Die Weihnachtsdekoration folgte in den letzten Jahren einem eher minimalistischen Stil, wobei sich reduzierte Designs und ged\u00e4mpfte Farbpaletten als am beliebtesten erwiesen. Aber dieses Jahr\" \/>\n<meta property=\"og:url\" content=\"https:\/\/www.strassenweb.de\/nachrichten\/5-veraltete-weihnachtsdekorationen-die-dieses-jahr-ein-comeback-erleben-und-innenarchitekten-sagen-wir-sollten-sie-alle-annehmen\/\" \/>\n<meta property=\"og:site_name\" content=\"Stra\u00dfenweb\" \/>\n<meta property=\"article:publisher\" content=\"https:\/\/www.facebook.com\/strassenweb\/\" \/>\n<meta property=\"article:published_time\" content=\"2024-12-13T18:41:52+00:00\" \/>\n<meta property=\"article:modified_time\" content=\"2024-12-13T18:41:54+00:00\" \/>\n<meta property=\"og:image\" content=\"https:\/\/www.strassenweb.de\/nachrichten\/wp-content\/uploads\/2024\/12\/5-veraltete-Weihnachtsdekorationen-die-dieses-Jahr-ein-Comeback-erleben-\u2013.jpg\" \/>\n\t<meta property=\"og:image:width\" content=\"1200\" \/>\n\t<meta property=\"og:image:height\" content=\"675\" \/>\n\t<meta property=\"og:image:type\" content=\"image\/jpeg\" \/>\n<meta name=\"author\" content=\"Robert Hoffmann\" \/>\n<meta name=\"twitter:card\" content=\"summary_large_image\" \/>\n<meta name=\"twitter:label1\" content=\"Verfasst von\" \/>\n\t<meta name=\"twitter:data1\" content=\"Robert Hoffmann\" \/>\n\t<meta name=\"twitter:label2\" content=\"Gesch\u00e4tzte Lesezeit\" \/>\n\t<meta name=\"twitter:data2\" content=\"4\u00a0Minuten\" \/>\n<script type=\"application\/ld+json\" class=\"yoast-schema-graph\">{\"@context\":\"https:\\\/\\\/schema.org\",\"@graph\":[{\"@type\":\"Article\",\"@id\":\"https:\\\/\\\/www.strassenweb.de\\\/nachrichten\\\/5-veraltete-weihnachtsdekorationen-die-dieses-jahr-ein-comeback-erleben-und-innenarchitekten-sagen-wir-sollten-sie-alle-annehmen\\\/#article\",\"isPartOf\":{\"@id\":\"https:\\\/\\\/www.strassenweb.de\\\/nachrichten\\\/5-veraltete-weihnachtsdekorationen-die-dieses-jahr-ein-comeback-erleben-und-innenarchitekten-sagen-wir-sollten-sie-alle-annehmen\\\/\"},\"author\":{\"name\":\"Robert Hoffmann\",\"@id\":\"https:\\\/\\\/www.strassenweb.de\\\/nachrichten\\\/#\\\/schema\\\/person\\\/87c9c9067f1211da429a744dc5a5aa41\"},\"headline\":\"5 veraltete Weihnachtsdekorationen, die dieses Jahr ein Comeback erleben \u2013 und Innenarchitekten sagen, wir sollten sie alle annehmen\",\"datePublished\":\"2024-12-13T18:41:52+00:00\",\"dateModified\":\"2024-12-13T18:41:54+00:00\",\"mainEntityOfPage\":{\"@id\":\"https:\\\/\\\/www.strassenweb.de\\\/nachrichten\\\/5-veraltete-weihnachtsdekorationen-die-dieses-jahr-ein-comeback-erleben-und-innenarchitekten-sagen-wir-sollten-sie-alle-annehmen\\\/\"},\"wordCount\":868,\"publisher\":{\"@id\":\"https:\\\/\\\/www.strassenweb.de\\\/nachrichten\\\/#organization\"},\"image\":{\"@id\":\"https:\\\/\\\/www.strassenweb.de\\\/nachrichten\\\/5-veraltete-weihnachtsdekorationen-die-dieses-jahr-ein-comeback-erleben-und-innenarchitekten-sagen-wir-sollten-sie-alle-annehmen\\\/#primaryimage\"},\"thumbnailUrl\":\"https:\\\/\\\/www.strassenweb.de\\\/nachrichten\\\/wp-content\\\/uploads\\\/2024\\\/12\\\/5-veraltete-Weihnachtsdekorationen-die-dieses-Jahr-ein-Comeback-erleben-\u2013.jpg\",\"keywords\":[\"alle\",\"annehmen\",\"Comeback\",\"die\",\"dieses\",\"ein\",\"erleben\",\"Innenarchitekten\",\"Jahr\",\"sagen\",\"Sie\",\"sollten\",\"und\",\"veraltete\",\"Weihnachtsdekorationen\",\"wir\"],\"articleSection\":[\"Haus &amp; Garten\"],\"inLanguage\":\"de\"},{\"@type\":\"WebPage\",\"@id\":\"https:\\\/\\\/www.strassenweb.de\\\/nachrichten\\\/5-veraltete-weihnachtsdekorationen-die-dieses-jahr-ein-comeback-erleben-und-innenarchitekten-sagen-wir-sollten-sie-alle-annehmen\\\/\",\"url\":\"https:\\\/\\\/www.strassenweb.de\\\/nachrichten\\\/5-veraltete-weihnachtsdekorationen-die-dieses-jahr-ein-comeback-erleben-und-innenarchitekten-sagen-wir-sollten-sie-alle-annehmen\\\/\",\"name\":\"5 veraltete Weihnachtsdekorationen, die dieses Jahr ein Comeback erleben \u2013 und Innenarchitekten sagen, wir sollten sie alle annehmen - Nachrichten - Stra\u00dfenweb\",\"isPartOf\":{\"@id\":\"https:\\\/\\\/www.strassenweb.de\\\/nachrichten\\\/#website\"},\"primaryImageOfPage\":{\"@id\":\"https:\\\/\\\/www.strassenweb.de\\\/nachrichten\\\/5-veraltete-weihnachtsdekorationen-die-dieses-jahr-ein-comeback-erleben-und-innenarchitekten-sagen-wir-sollten-sie-alle-annehmen\\\/#primaryimage\"},\"image\":{\"@id\":\"https:\\\/\\\/www.strassenweb.de\\\/nachrichten\\\/5-veraltete-weihnachtsdekorationen-die-dieses-jahr-ein-comeback-erleben-und-innenarchitekten-sagen-wir-sollten-sie-alle-annehmen\\\/#primaryimage\"},\"thumbnailUrl\":\"https:\\\/\\\/www.strassenweb.de\\\/nachrichten\\\/wp-content\\\/uploads\\\/2024\\\/12\\\/5-veraltete-Weihnachtsdekorationen-die-dieses-Jahr-ein-Comeback-erleben-\u2013.jpg\",\"datePublished\":\"2024-12-13T18:41:52+00:00\",\"dateModified\":\"2024-12-13T18:41:54+00:00\",\"breadcrumb\":{\"@id\":\"https:\\\/\\\/www.strassenweb.de\\\/nachrichten\\\/5-veraltete-weihnachtsdekorationen-die-dieses-jahr-ein-comeback-erleben-und-innenarchitekten-sagen-wir-sollten-sie-alle-annehmen\\\/#breadcrumb\"},\"inLanguage\":\"de\",\"potentialAction\":[{\"@type\":\"ReadAction\",\"target\":[\"https:\\\/\\\/www.strassenweb.de\\\/nachrichten\\\/5-veraltete-weihnachtsdekorationen-die-dieses-jahr-ein-comeback-erleben-und-innenarchitekten-sagen-wir-sollten-sie-alle-annehmen\\\/\"]}]},{\"@type\":\"ImageObject\",\"inLanguage\":\"de\",\"@id\":\"https:\\\/\\\/www.strassenweb.de\\\/nachrichten\\\/5-veraltete-weihnachtsdekorationen-die-dieses-jahr-ein-comeback-erleben-und-innenarchitekten-sagen-wir-sollten-sie-alle-annehmen\\\/#primaryimage\",\"url\":\"https:\\\/\\\/www.strassenweb.de\\\/nachrichten\\\/wp-content\\\/uploads\\\/2024\\\/12\\\/5-veraltete-Weihnachtsdekorationen-die-dieses-Jahr-ein-Comeback-erleben-\u2013.jpg\",\"contentUrl\":\"https:\\\/\\\/www.strassenweb.de\\\/nachrichten\\\/wp-content\\\/uploads\\\/2024\\\/12\\\/5-veraltete-Weihnachtsdekorationen-die-dieses-Jahr-ein-Comeback-erleben-\u2013.jpg\",\"width\":1200,\"height\":675,\"caption\":\"5 veraltete Weihnachtsdekorationen, die dieses Jahr ein Comeback erleben \u2013 und Innenarchitekten sagen, wir sollten sie alle annehmen\"},{\"@type\":\"BreadcrumbList\",\"@id\":\"https:\\\/\\\/www.strassenweb.de\\\/nachrichten\\\/5-veraltete-weihnachtsdekorationen-die-dieses-jahr-ein-comeback-erleben-und-innenarchitekten-sagen-wir-sollten-sie-alle-annehmen\\\/#breadcrumb\",\"itemListElement\":[{\"@type\":\"ListItem\",\"position\":1,\"name\":\"Home\",\"item\":\"https:\\\/\\\/www.strassenweb.de\\\/nachrichten\\\/\"},{\"@type\":\"ListItem\",\"position\":2,\"name\":\"5 veraltete Weihnachtsdekorationen, die dieses Jahr ein Comeback erleben \u2013 und Innenarchitekten sagen, wir sollten sie alle annehmen\"}]},{\"@type\":\"WebSite\",\"@id\":\"https:\\\/\\\/www.strassenweb.de\\\/nachrichten\\\/#website\",\"url\":\"https:\\\/\\\/www.strassenweb.de\\\/nachrichten\\\/\",\"name\":\"Stra\u00dfenweb\",\"description\":\"Stra\u00dfenverzeichnis f\u00fcr Deutschland\",\"publisher\":{\"@id\":\"https:\\\/\\\/www.strassenweb.de\\\/nachrichten\\\/#organization\"},\"potentialAction\":[{\"@type\":\"SearchAction\",\"target\":{\"@type\":\"EntryPoint\",\"urlTemplate\":\"https:\\\/\\\/www.strassenweb.de\\\/nachrichten\\\/?s={search_term_string}\"},\"query-input\":{\"@type\":\"PropertyValueSpecification\",\"valueRequired\":true,\"valueName\":\"search_term_string\"}}],\"inLanguage\":\"de\"},{\"@type\":\"Organization\",\"@id\":\"https:\\\/\\\/www.strassenweb.de\\\/nachrichten\\\/#organization\",\"name\":\"Stra\u00dfenweb\",\"url\":\"https:\\\/\\\/www.strassenweb.de\\\/nachrichten\\\/\",\"logo\":{\"@type\":\"ImageObject\",\"inLanguage\":\"de\",\"@id\":\"https:\\\/\\\/www.strassenweb.de\\\/nachrichten\\\/#\\\/schema\\\/logo\\\/image\\\/\",\"url\":\"https:\\\/\\\/www.strassenweb.de\\\/nachrichten\\\/wp-content\\\/uploads\\\/2024\\\/09\\\/cropped-favicon.png\",\"contentUrl\":\"https:\\\/\\\/www.strassenweb.de\\\/nachrichten\\\/wp-content\\\/uploads\\\/2024\\\/09\\\/cropped-favicon.png\",\"width\":512,\"height\":512,\"caption\":\"Stra\u00dfenweb\"},\"image\":{\"@id\":\"https:\\\/\\\/www.strassenweb.de\\\/nachrichten\\\/#\\\/schema\\\/logo\\\/image\\\/\"},\"sameAs\":[\"https:\\\/\\\/www.facebook.com\\\/strassenweb\\\/\"]},{\"@type\":\"Person\",\"@id\":\"https:\\\/\\\/www.strassenweb.de\\\/nachrichten\\\/#\\\/schema\\\/person\\\/87c9c9067f1211da429a744dc5a5aa41\",\"name\":\"Robert Hoffmann\",\"image\":{\"@type\":\"ImageObject\",\"inLanguage\":\"de\",\"@id\":\"https:\\\/\\\/www.strassenweb.de\\\/nachrichten\\\/wp-content\\\/uploads\\\/2024\\\/09\\\/strassenweb-150x150.jpg\",\"url\":\"https:\\\/\\\/www.strassenweb.de\\\/nachrichten\\\/wp-content\\\/uploads\\\/2024\\\/09\\\/strassenweb-150x150.jpg\",\"contentUrl\":\"https:\\\/\\\/www.strassenweb.de\\\/nachrichten\\\/wp-content\\\/uploads\\\/2024\\\/09\\\/strassenweb-150x150.jpg\",\"caption\":\"Robert Hoffmann\"},\"description\":\"Ich hei\u00dfe Robert Hoffmann und ich bin ein leidenschaftlicher Verfechter von \u00d6kologie und Biodiversit\u00e4t. Seit meiner Kindheit in den W\u00e4ldern Bayerns f\u00fchle ich mich mit der Natur verbunden und bin entschlossen, sie zu sch\u00fctzen. Heute widme ich mein Leben der Sensibilisierung anderer f\u00fcr die Bedeutung des Umweltschutzes f\u00fcr zuk\u00fcnftige Generationen.\",\"sameAs\":[\"https:\\\/\\\/www.strassenweb.de\\\/\"]}]}<\/script>\n<!-- \/ Yoast SEO plugin. -->","yoast_head_json":{"title":"5 veraltete Weihnachtsdekorationen, die dieses Jahr ein Comeback erleben \u2013 und Innenarchitekten sagen, wir sollten sie alle annehmen - Nachrichten - Stra\u00dfenweb","robots":{"index":"index","follow":"follow","max-snippet":"max-snippet:-1","max-image-preview":"max-image-preview:large","max-video-preview":"max-video-preview:-1"},"canonical":"https:\/\/www.strassenweb.de\/nachrichten\/5-veraltete-weihnachtsdekorationen-die-dieses-jahr-ein-comeback-erleben-und-innenarchitekten-sagen-wir-sollten-sie-alle-annehmen\/","og_locale":"de_DE","og_type":"article","og_title":"5 veraltete Weihnachtsdekorationen, die dieses Jahr ein Comeback erleben \u2013 und Innenarchitekten sagen, wir sollten sie alle annehmen - Nachrichten - Stra\u00dfenweb","og_description":"Die Weihnachtsdekoration folgte in den letzten Jahren einem eher minimalistischen Stil, wobei sich reduzierte Designs und ged\u00e4mpfte Farbpaletten als am beliebtesten erwiesen. Aber dieses Jahr","og_url":"https:\/\/www.strassenweb.de\/nachrichten\/5-veraltete-weihnachtsdekorationen-die-dieses-jahr-ein-comeback-erleben-und-innenarchitekten-sagen-wir-sollten-sie-alle-annehmen\/","og_site_name":"Stra\u00dfenweb","article_publisher":"https:\/\/www.facebook.com\/strassenweb\/","article_published_time":"2024-12-13T18:41:52+00:00","article_modified_time":"2024-12-13T18:41:54+00:00","og_image":[{"width":1200,"height":675,"url":"https:\/\/www.strassenweb.de\/nachrichten\/wp-content\/uploads\/2024\/12\/5-veraltete-Weihnachtsdekorationen-die-dieses-Jahr-ein-Comeback-erleben-\u2013.jpg","type":"image\/jpeg"}],"author":"Robert Hoffmann","twitter_card":"summary_large_image","twitter_misc":{"Verfasst von":"Robert Hoffmann","Gesch\u00e4tzte Lesezeit":"4\u00a0Minuten"},"schema":{"@context":"https:\/\/schema.org","@graph":[{"@type":"Article","@id":"https:\/\/www.strassenweb.de\/nachrichten\/5-veraltete-weihnachtsdekorationen-die-dieses-jahr-ein-comeback-erleben-und-innenarchitekten-sagen-wir-sollten-sie-alle-annehmen\/#article","isPartOf":{"@id":"https:\/\/www.strassenweb.de\/nachrichten\/5-veraltete-weihnachtsdekorationen-die-dieses-jahr-ein-comeback-erleben-und-innenarchitekten-sagen-wir-sollten-sie-alle-annehmen\/"},"author":{"name":"Robert Hoffmann","@id":"https:\/\/www.strassenweb.de\/nachrichten\/#\/schema\/person\/87c9c9067f1211da429a744dc5a5aa41"},"headline":"5 veraltete Weihnachtsdekorationen, die dieses Jahr ein Comeback erleben \u2013 und Innenarchitekten sagen, wir sollten sie alle annehmen","datePublished":"2024-12-13T18:41:52+00:00","dateModified":"2024-12-13T18:41:54+00:00","mainEntityOfPage":{"@id":"https:\/\/www.strassenweb.de\/nachrichten\/5-veraltete-weihnachtsdekorationen-die-dieses-jahr-ein-comeback-erleben-und-innenarchitekten-sagen-wir-sollten-sie-alle-annehmen\/"},"wordCount":868,"publisher":{"@id":"https:\/\/www.strassenweb.de\/nachrichten\/#organization"},"image":{"@id":"https:\/\/www.strassenweb.de\/nachrichten\/5-veraltete-weihnachtsdekorationen-die-dieses-jahr-ein-comeback-erleben-und-innenarchitekten-sagen-wir-sollten-sie-alle-annehmen\/#primaryimage"},"thumbnailUrl":"https:\/\/www.strassenweb.de\/nachrichten\/wp-content\/uploads\/2024\/12\/5-veraltete-Weihnachtsdekorationen-die-dieses-Jahr-ein-Comeback-erleben-\u2013.jpg","keywords":["alle","annehmen","Comeback","die","dieses","ein","erleben","Innenarchitekten","Jahr","sagen","Sie","sollten","und","veraltete","Weihnachtsdekorationen","wir"],"articleSection":["Haus &amp; Garten"],"inLanguage":"de"},{"@type":"WebPage","@id":"https:\/\/www.strassenweb.de\/nachrichten\/5-veraltete-weihnachtsdekorationen-die-dieses-jahr-ein-comeback-erleben-und-innenarchitekten-sagen-wir-sollten-sie-alle-annehmen\/","url":"https:\/\/www.strassenweb.de\/nachrichten\/5-veraltete-weihnachtsdekorationen-die-dieses-jahr-ein-comeback-erleben-und-innenarchitekten-sagen-wir-sollten-sie-alle-annehmen\/","name":"5 veraltete Weihnachtsdekorationen, die dieses Jahr ein Comeback erleben \u2013 und Innenarchitekten sagen, wir sollten sie alle annehmen - Nachrichten - Stra\u00dfenweb","isPartOf":{"@id":"https:\/\/www.strassenweb.de\/nachrichten\/#website"},"primaryImageOfPage":{"@id":"https:\/\/www.strassenweb.de\/nachrichten\/5-veraltete-weihnachtsdekorationen-die-dieses-jahr-ein-comeback-erleben-und-innenarchitekten-sagen-wir-sollten-sie-alle-annehmen\/#primaryimage"},"image":{"@id":"https:\/\/www.strassenweb.de\/nachrichten\/5-veraltete-weihnachtsdekorationen-die-dieses-jahr-ein-comeback-erleben-und-innenarchitekten-sagen-wir-sollten-sie-alle-annehmen\/#primaryimage"},"thumbnailUrl":"https:\/\/www.strassenweb.de\/nachrichten\/wp-content\/uploads\/2024\/12\/5-veraltete-Weihnachtsdekorationen-die-dieses-Jahr-ein-Comeback-erleben-\u2013.jpg","datePublished":"2024-12-13T18:41:52+00:00","dateModified":"2024-12-13T18:41:54+00:00","breadcrumb":{"@id":"https:\/\/www.strassenweb.de\/nachrichten\/5-veraltete-weihnachtsdekorationen-die-dieses-jahr-ein-comeback-erleben-und-innenarchitekten-sagen-wir-sollten-sie-alle-annehmen\/#breadcrumb"},"inLanguage":"de","potentialAction":[{"@type":"ReadAction","target":["https:\/\/www.strassenweb.de\/nachrichten\/5-veraltete-weihnachtsdekorationen-die-dieses-jahr-ein-comeback-erleben-und-innenarchitekten-sagen-wir-sollten-sie-alle-annehmen\/"]}]},{"@type":"ImageObject","inLanguage":"de","@id":"https:\/\/www.strassenweb.de\/nachrichten\/5-veraltete-weihnachtsdekorationen-die-dieses-jahr-ein-comeback-erleben-und-innenarchitekten-sagen-wir-sollten-sie-alle-annehmen\/#primaryimage","url":"https:\/\/www.strassenweb.de\/nachrichten\/wp-content\/uploads\/2024\/12\/5-veraltete-Weihnachtsdekorationen-die-dieses-Jahr-ein-Comeback-erleben-\u2013.jpg","contentUrl":"https:\/\/www.strassenweb.de\/nachrichten\/wp-content\/uploads\/2024\/12\/5-veraltete-Weihnachtsdekorationen-die-dieses-Jahr-ein-Comeback-erleben-\u2013.jpg","width":1200,"height":675,"caption":"5 veraltete Weihnachtsdekorationen, die dieses Jahr ein Comeback erleben \u2013 und Innenarchitekten sagen, wir sollten sie alle annehmen"},{"@type":"BreadcrumbList","@id":"https:\/\/www.strassenweb.de\/nachrichten\/5-veraltete-weihnachtsdekorationen-die-dieses-jahr-ein-comeback-erleben-und-innenarchitekten-sagen-wir-sollten-sie-alle-annehmen\/#breadcrumb","itemListElement":[{"@type":"ListItem","position":1,"name":"Home","item":"https:\/\/www.strassenweb.de\/nachrichten\/"},{"@type":"ListItem","position":2,"name":"5 veraltete Weihnachtsdekorationen, die dieses Jahr ein Comeback erleben \u2013 und Innenarchitekten sagen, wir sollten sie alle annehmen"}]},{"@type":"WebSite","@id":"https:\/\/www.strassenweb.de\/nachrichten\/#website","url":"https:\/\/www.strassenweb.de\/nachrichten\/","name":"Stra\u00dfenweb","description":"Stra\u00dfenverzeichnis f\u00fcr Deutschland","publisher":{"@id":"https:\/\/www.strassenweb.de\/nachrichten\/#organization"},"potentialAction":[{"@type":"SearchAction","target":{"@type":"EntryPoint","urlTemplate":"https:\/\/www.strassenweb.de\/nachrichten\/?s={search_term_string}"},"query-input":{"@type":"PropertyValueSpecification","valueRequired":true,"valueName":"search_term_string"}}],"inLanguage":"de"},{"@type":"Organization","@id":"https:\/\/www.strassenweb.de\/nachrichten\/#organization","name":"Stra\u00dfenweb","url":"https:\/\/www.strassenweb.de\/nachrichten\/","logo":{"@type":"ImageObject","inLanguage":"de","@id":"https:\/\/www.strassenweb.de\/nachrichten\/#\/schema\/logo\/image\/","url":"https:\/\/www.strassenweb.de\/nachrichten\/wp-content\/uploads\/2024\/09\/cropped-favicon.png","contentUrl":"https:\/\/www.strassenweb.de\/nachrichten\/wp-content\/uploads\/2024\/09\/cropped-favicon.png","width":512,"height":512,"caption":"Stra\u00dfenweb"},"image":{"@id":"https:\/\/www.strassenweb.de\/nachrichten\/#\/schema\/logo\/image\/"},"sameAs":["https:\/\/www.facebook.com\/strassenweb\/"]},{"@type":"Person","@id":"https:\/\/www.strassenweb.de\/nachrichten\/#\/schema\/person\/87c9c9067f1211da429a744dc5a5aa41","name":"Robert Hoffmann","image":{"@type":"ImageObject","inLanguage":"de","@id":"https:\/\/www.strassenweb.de\/nachrichten\/wp-content\/uploads\/2024\/09\/strassenweb-150x150.jpg","url":"https:\/\/www.strassenweb.de\/nachrichten\/wp-content\/uploads\/2024\/09\/strassenweb-150x150.jpg","contentUrl":"https:\/\/www.strassenweb.de\/nachrichten\/wp-content\/uploads\/2024\/09\/strassenweb-150x150.jpg","caption":"Robert Hoffmann"},"description":"Ich hei\u00dfe Robert Hoffmann und ich bin ein leidenschaftlicher Verfechter von \u00d6kologie und Biodiversit\u00e4t. Seit meiner Kindheit in den W\u00e4ldern Bayerns f\u00fchle ich mich mit der Natur verbunden und bin entschlossen, sie zu sch\u00fctzen. Heute widme ich mein Leben der Sensibilisierung anderer f\u00fcr die Bedeutung des Umweltschutzes f\u00fcr zuk\u00fcnftige Generationen.","sameAs":["https:\/\/www.strassenweb.de\/"]}]}},"_links":{"self":[{"href":"https:\/\/www.strassenweb.de\/nachrichten\/wp-json\/wp\/v2\/posts\/2109","targetHints":{"allow":["GET"]}}],"collection":[{"href":"https:\/\/www.strassenweb.de\/nachrichten\/wp-json\/wp\/v2\/posts"}],"about":[{"href":"https:\/\/www.strassenweb.de\/nachrichten\/wp-json\/wp\/v2\/types\/post"}],"author":[{"embeddable":true,"href":"https:\/\/www.strassenweb.de\/nachrichten\/wp-json\/wp\/v2\/users\/1"}],"replies":[{"embeddable":true,"href":"https:\/\/www.strassenweb.de\/nachrichten\/wp-json\/wp\/v2\/comments?post=2109"}],"version-history":[{"count":0,"href":"https:\/\/www.strassenweb.de\/nachrichten\/wp-json\/wp\/v2\/posts\/2109\/revisions"}],"wp:featuredmedia":[{"embeddable":true,"href":"https:\/\/www.strassenweb.de\/nachrichten\/wp-json\/wp\/v2\/media\/2110"}],"wp:attachment":[{"href":"https:\/\/www.strassenweb.de\/nachrichten\/wp-json\/wp\/v2\/media?parent=2109"}],"wp:term":[{"taxonomy":"category","embeddable":true,"href":"https:\/\/www.strassenweb.de\/nachrichten\/wp-json\/wp\/v2\/categories?post=2109"},{"taxonomy":"post_tag","embeddable":true,"href":"https:\/\/www.strassenweb.de\/nachrichten\/wp-json\/wp\/v2\/tags?post=2109"}],"curies":[{"name":"wp","href":"https:\/\/api.w.org\/{rel}","templated":true}]}}