{"id":2078,"date":"2024-12-12T12:41:37","date_gmt":"2024-12-12T11:41:37","guid":{"rendered":"https:\/\/www.strassenweb.de\/nachrichten\/ein-flexibler-winterschlaf-koennte-igeln-helfen-sich-an-umweltveraenderungen-anzupassen\/"},"modified":"2024-12-12T12:41:38","modified_gmt":"2024-12-12T11:41:38","slug":"ein-flexibler-winterschlaf-koennte-igeln-helfen-sich-an-umweltveraenderungen-anzupassen","status":"publish","type":"post","link":"https:\/\/www.strassenweb.de\/nachrichten\/ein-flexibler-winterschlaf-koennte-igeln-helfen-sich-an-umweltveraenderungen-anzupassen\/","title":{"rendered":"Ein flexibler Winterschlaf k\u00f6nnte Igeln helfen, sich an Umweltver\u00e4nderungen anzupassen"},"content":{"rendered":"<p>Neue Forschungen haben ergeben, dass Igel, die in derselben, halbl\u00e4ndlichen Gegend leben, gro\u00dfe Unterschiede im Zeitpunkt und Muster des Winterschlafs aufweisen, wobei einige bis zu drei Monate sp\u00e4ter in den Winterschlaf gehen als andere. Die Forscher sagen, diese Flexibilit\u00e4t k\u00f6nnte ihnen helfen, sich an den Klimawandel und die Urbanisierung anzupassen.<\/p>\n<p>In einer neuen Studie \u00fcberwachten Forscher der Liverpool John Moores University die Winterschlafmuster wilder Igel, die auf einem stillgelegten Golfplatz am Wirral lebten. Die noch nicht ver\u00f6ffentlichten Forschungsergebnisse werden am 11. auf der Jahrestagung der British Ecological Society (BES) in Liverpool vorgestellt<sup>Th<\/sup> Dezember.<\/p>\n<p>Mithilfe einer Kombination von Funkortungsger\u00e4ten, die sowohl die Tiere lokalisieren als auch ihre Hauttemperatur aufzeichnen konnten, sowie n\u00e4chtlichen Fackelwanderungen ist dies die erste Studie, die die \u00fcberraschend vielf\u00e4ltigen Winterschlafmuster wilder Igel in diesem Detaillierungsgrad aufdeckt.<\/p>\n<p>Alle f\u00fcnf per Funk verfolgten Igel in der Studie durchliefen den Winterschlaf, die Forscher beobachteten jedoch Unterschiede von bis zu 93 Tagen beim Startdatum des Winterschlafs und 47 Tagen beim Enddatum des Winterschlafs zwischen den einzelnen Tieren.<\/p>\n<p>\u201eEs war eine \u00dcberraschung zu sehen, dass wilde Igel, die in derselben Umgebung leben, so viele Unterschiede in ihrem Winterschlafmuster aufweisen.\u201c sagte Katie Crawford, eine Doktorandin an der John Moores University, die die Forschung auf der BES-Jahrestagung vorstellen wird.<\/p>\n<p>\u201eDer erste Igel begann Mitte September mit dem Winterschlaf, als die Temperatur 19 \u00b0C betrug (eine sehr hohe Wintertemperatur), und ein anderer ging erst Mitte Dezember in den Winterschlaf, als die Temperaturen bis zu -6 \u00b0C lagen (eine sehr hohe Temperatur). niedrige Temperatur, damit sie noch aktiv sind).\u201c<\/p>\n<p>Wenn Igel Winterschlaf halten, durchlaufen sie Zyklen der Erstarrung, in denen ihr Stoffwechsel und ihre K\u00f6rpertemperatur sinken. Anf\u00e4lle von Benommenheit, die typischerweise einige Tage bis Wochen andauern, werden von Erregungsausbr\u00fcchen unterbrochen, die einige Stunden bis zu einigen Tagen andauern.<\/p>\n<p>In der Studie stellten die Forscher jedoch fest, dass einige Individuen zu Beginn und am Ende des Winterschlafs kurze Erstarrungsphasen gefolgt von l\u00e4ngeren Aktivit\u00e4tsphasen nutzten, in denen die Tiere wahrscheinlich bis zu f\u00fcnf Tage lang auf Nahrungssuche gingen.<\/p>\n<p>Die Forscher sagen, dass dieser flexible Ansatz f\u00fcr den Winterschlaf Igeln helfen k\u00f6nnte, sich an ver\u00e4nderte Umweltbedingungen anzupassen.<\/p>\n<p>\u201eWinterschl\u00e4fer sind durch den Klimawandel erheblich gef\u00e4hrdet, da sie stark von der Umgebungstemperatur abh\u00e4ngig sind. Bei h\u00f6heren Temperaturen k\u00f6nnen sie nicht so viel Energie sparen, weil sie ihre K\u00f6rpertemperatur nicht so weit senken.\u201c erkl\u00e4rte Katie. Dies kann problematisch sein, da sie im Winterschlaf von ihren Fettreserven leben.<\/p>\n<p>\u201eAber wenn Igel flexible Winterschlafstrategien anwenden, um sicherzustellen, dass sie gen\u00fcgend Nahrung erhalten, k\u00f6nnte ihnen das helfen, da die Winter in Gro\u00dfbritannien milder und weniger vorhersehbar werden.\u201c<\/p>\n<p>Europ\u00e4ische Igel wurden k\u00fcrzlich auf der Roten Liste der IUCN auf den Status \u201enahezu gef\u00e4hrdet\u201c hochgestuft, wobei Stra\u00dfenunf\u00e4lle eine der gr\u00f6\u00dften Bedrohungen f\u00fcr sie im Vereinigten K\u00f6nigreich darstellen. Die Bev\u00f6lkerung in l\u00e4ndlichen Gebieten des Vereinigten K\u00f6nigreichs ist r\u00fcckl\u00e4ufig, w\u00e4hrend die st\u00e4dtische Bev\u00f6lkerung stabil bleibt und in einigen Gebieten zunimmt. <\/p>\n<p>Katie beschrieb das Experiment, das von Fr\u00fchjahr 2023 bis Fr\u00fchjahr 2024 stattfand, wie folgt: \u201eZu Beginn des Experiments gingen wir nachts mit gro\u00dfen Taschenlampen auf den Golfplatz, um Igel zu finden.\u201c Die Bev\u00f6lkerungszahl dort war wirklich recht hoch, allein im Sommer waren rund 26 Personen auf diesem Golfplatz.<\/p>\n<p>\u201eMit Hilfe meiner Vorgesetzten, Dr. Julia Nowack, haben wir eine Untergruppe von ihnen mit Funketiketten versehen und sie dann t\u00e4glich vom Beginn des Winterschlafs bis zum Ende des Winterschlafs \u00fcberwacht.\u201c<\/p>\n<p>Die Forscher weisen darauf hin, dass die Stichprobengr\u00f6\u00dfe mit nur f\u00fcnf Igeln gering ist. Dies ist auf den intensiven Charakter der Forschung zur\u00fcckzuf\u00fchren, der es schwierig macht, mehr Personen mit diesem Detaillierungsgrad zu \u00fcberwachen.<\/p>\n<p>Die Forscher f\u00fchren derzeit ein Folgeexperiment durch, bei dem sie 11 Igel in verschiedenen Lebensr\u00e4umen in der gesamten Merseyside-Region markierten, um zu sehen, ob Tiere in st\u00e4dtischen Gebieten noch gr\u00f6\u00dfere Unterschiede aufweisen. \u201eWir sehen bereits eine gro\u00dfe Flexibilit\u00e4t in den Winterschlafmustern der diesj\u00e4hrigen Kohorte.\u201c f\u00fcgte Katie hinzu.<\/p>\n<p>Katie Crawford wird die Arbeit auf der BES-Jahrestagung vorstellen. Dieses Werk ist derzeit unver\u00f6ffentlicht. Auf dieser Konferenz werden \u00fcber 1.500 \u00d6kologen zusammenkommen, um die neuesten \u00f6kologischen Forschungsergebnisse zu diskutieren.<\/p>\n<hr class=\"wp-block-separator has-alpha-channel-opacity\">\n<p><em>: Igel wird befragt. Kredit: Julia Nowack<\/em><\/p>\n","protected":false},"excerpt":{"rendered":"<p>Neue Forschungen haben ergeben, dass Igel, die in derselben, halbl\u00e4ndlichen Gegend leben, gro\u00dfe Unterschiede im Zeitpunkt und Muster des Winterschlafs aufweisen, wobei einige bis zu<\/p>\n","protected":false},"author":1,"featured_media":2079,"comment_status":"closed","ping_status":"","sticky":false,"template":"","format":"standard","meta":{"footnotes":""},"categories":[101],"tags":[3642,43,3638,470,3640,694,142,3641,3639],"class_list":["post-2078","post","type-post","status-publish","format-standard","has-post-thumbnail","hentry","category-oekologie","tag-anzupassen","tag-ein","tag-flexibler","tag-helfen","tag-igeln","tag-koennte","tag-sich","tag-umweltveraenderungen","tag-winterschlaf","generate-columns","tablet-grid-50","mobile-grid-100","grid-parent","grid-50"],"yoast_head":"<!-- This site is optimized with the Yoast SEO plugin v27.3 - https:\/\/yoast.com\/product\/yoast-seo-wordpress\/ -->\n<title>Ein flexibler Winterschlaf k\u00f6nnte Igeln helfen, sich an Umweltver\u00e4nderungen anzupassen - Nachrichten - Stra\u00dfenweb<\/title>\n<meta name=\"robots\" content=\"index, follow, max-snippet:-1, max-image-preview:large, max-video-preview:-1\" \/>\n<link rel=\"canonical\" href=\"https:\/\/www.strassenweb.de\/nachrichten\/ein-flexibler-winterschlaf-koennte-igeln-helfen-sich-an-umweltveraenderungen-anzupassen\/\" \/>\n<meta property=\"og:locale\" content=\"de_DE\" \/>\n<meta property=\"og:type\" content=\"article\" \/>\n<meta property=\"og:title\" content=\"Ein flexibler Winterschlaf k\u00f6nnte Igeln helfen, sich an Umweltver\u00e4nderungen anzupassen - Nachrichten - Stra\u00dfenweb\" \/>\n<meta property=\"og:description\" content=\"Neue Forschungen haben ergeben, dass Igel, die in derselben, halbl\u00e4ndlichen Gegend leben, gro\u00dfe Unterschiede im Zeitpunkt und Muster des Winterschlafs aufweisen, wobei einige bis zu\" \/>\n<meta property=\"og:url\" content=\"https:\/\/www.strassenweb.de\/nachrichten\/ein-flexibler-winterschlaf-koennte-igeln-helfen-sich-an-umweltveraenderungen-anzupassen\/\" \/>\n<meta property=\"og:site_name\" content=\"Stra\u00dfenweb\" \/>\n<meta property=\"article:publisher\" content=\"https:\/\/www.facebook.com\/strassenweb\/\" \/>\n<meta property=\"article:published_time\" content=\"2024-12-12T11:41:37+00:00\" \/>\n<meta property=\"article:modified_time\" content=\"2024-12-12T11:41:38+00:00\" \/>\n<meta property=\"og:image\" content=\"https:\/\/www.strassenweb.de\/nachrichten\/wp-content\/uploads\/2024\/12\/Ein-flexibler-Winterschlaf-koennte-Igeln-helfen-sich-an-Umweltveraenderungen-anzupassen.jpg\" \/>\n\t<meta property=\"og:image:width\" content=\"900\" \/>\n\t<meta property=\"og:image:height\" content=\"526\" \/>\n\t<meta property=\"og:image:type\" content=\"image\/jpeg\" \/>\n<meta name=\"author\" content=\"Robert Hoffmann\" \/>\n<meta name=\"twitter:card\" content=\"summary_large_image\" \/>\n<meta name=\"twitter:label1\" content=\"Verfasst von\" \/>\n\t<meta name=\"twitter:data1\" content=\"Robert Hoffmann\" \/>\n\t<meta name=\"twitter:label2\" content=\"Gesch\u00e4tzte Lesezeit\" \/>\n\t<meta name=\"twitter:data2\" content=\"4\u00a0Minuten\" \/>\n<script type=\"application\/ld+json\" class=\"yoast-schema-graph\">{\"@context\":\"https:\\\/\\\/schema.org\",\"@graph\":[{\"@type\":\"Article\",\"@id\":\"https:\\\/\\\/www.strassenweb.de\\\/nachrichten\\\/ein-flexibler-winterschlaf-koennte-igeln-helfen-sich-an-umweltveraenderungen-anzupassen\\\/#article\",\"isPartOf\":{\"@id\":\"https:\\\/\\\/www.strassenweb.de\\\/nachrichten\\\/ein-flexibler-winterschlaf-koennte-igeln-helfen-sich-an-umweltveraenderungen-anzupassen\\\/\"},\"author\":{\"name\":\"Robert Hoffmann\",\"@id\":\"https:\\\/\\\/www.strassenweb.de\\\/nachrichten\\\/#\\\/schema\\\/person\\\/87c9c9067f1211da429a744dc5a5aa41\"},\"headline\":\"Ein flexibler Winterschlaf k\u00f6nnte Igeln helfen, sich an Umweltver\u00e4nderungen anzupassen\",\"datePublished\":\"2024-12-12T11:41:37+00:00\",\"dateModified\":\"2024-12-12T11:41:38+00:00\",\"mainEntityOfPage\":{\"@id\":\"https:\\\/\\\/www.strassenweb.de\\\/nachrichten\\\/ein-flexibler-winterschlaf-koennte-igeln-helfen-sich-an-umweltveraenderungen-anzupassen\\\/\"},\"wordCount\":730,\"publisher\":{\"@id\":\"https:\\\/\\\/www.strassenweb.de\\\/nachrichten\\\/#organization\"},\"image\":{\"@id\":\"https:\\\/\\\/www.strassenweb.de\\\/nachrichten\\\/ein-flexibler-winterschlaf-koennte-igeln-helfen-sich-an-umweltveraenderungen-anzupassen\\\/#primaryimage\"},\"thumbnailUrl\":\"https:\\\/\\\/www.strassenweb.de\\\/nachrichten\\\/wp-content\\\/uploads\\\/2024\\\/12\\\/Ein-flexibler-Winterschlaf-koennte-Igeln-helfen-sich-an-Umweltveraenderungen-anzupassen.jpg\",\"keywords\":[\"anzupassen\",\"ein\",\"flexibler\",\"helfen\",\"Igeln\",\"k\u00f6nnte\",\"sich\",\"Umweltver\u00e4nderungen\",\"Winterschlaf\"],\"articleSection\":[\"\u00d6kologie\"],\"inLanguage\":\"de\"},{\"@type\":\"WebPage\",\"@id\":\"https:\\\/\\\/www.strassenweb.de\\\/nachrichten\\\/ein-flexibler-winterschlaf-koennte-igeln-helfen-sich-an-umweltveraenderungen-anzupassen\\\/\",\"url\":\"https:\\\/\\\/www.strassenweb.de\\\/nachrichten\\\/ein-flexibler-winterschlaf-koennte-igeln-helfen-sich-an-umweltveraenderungen-anzupassen\\\/\",\"name\":\"Ein flexibler Winterschlaf k\u00f6nnte Igeln helfen, sich an Umweltver\u00e4nderungen anzupassen - Nachrichten - Stra\u00dfenweb\",\"isPartOf\":{\"@id\":\"https:\\\/\\\/www.strassenweb.de\\\/nachrichten\\\/#website\"},\"primaryImageOfPage\":{\"@id\":\"https:\\\/\\\/www.strassenweb.de\\\/nachrichten\\\/ein-flexibler-winterschlaf-koennte-igeln-helfen-sich-an-umweltveraenderungen-anzupassen\\\/#primaryimage\"},\"image\":{\"@id\":\"https:\\\/\\\/www.strassenweb.de\\\/nachrichten\\\/ein-flexibler-winterschlaf-koennte-igeln-helfen-sich-an-umweltveraenderungen-anzupassen\\\/#primaryimage\"},\"thumbnailUrl\":\"https:\\\/\\\/www.strassenweb.de\\\/nachrichten\\\/wp-content\\\/uploads\\\/2024\\\/12\\\/Ein-flexibler-Winterschlaf-koennte-Igeln-helfen-sich-an-Umweltveraenderungen-anzupassen.jpg\",\"datePublished\":\"2024-12-12T11:41:37+00:00\",\"dateModified\":\"2024-12-12T11:41:38+00:00\",\"breadcrumb\":{\"@id\":\"https:\\\/\\\/www.strassenweb.de\\\/nachrichten\\\/ein-flexibler-winterschlaf-koennte-igeln-helfen-sich-an-umweltveraenderungen-anzupassen\\\/#breadcrumb\"},\"inLanguage\":\"de\",\"potentialAction\":[{\"@type\":\"ReadAction\",\"target\":[\"https:\\\/\\\/www.strassenweb.de\\\/nachrichten\\\/ein-flexibler-winterschlaf-koennte-igeln-helfen-sich-an-umweltveraenderungen-anzupassen\\\/\"]}]},{\"@type\":\"ImageObject\",\"inLanguage\":\"de\",\"@id\":\"https:\\\/\\\/www.strassenweb.de\\\/nachrichten\\\/ein-flexibler-winterschlaf-koennte-igeln-helfen-sich-an-umweltveraenderungen-anzupassen\\\/#primaryimage\",\"url\":\"https:\\\/\\\/www.strassenweb.de\\\/nachrichten\\\/wp-content\\\/uploads\\\/2024\\\/12\\\/Ein-flexibler-Winterschlaf-koennte-Igeln-helfen-sich-an-Umweltveraenderungen-anzupassen.jpg\",\"contentUrl\":\"https:\\\/\\\/www.strassenweb.de\\\/nachrichten\\\/wp-content\\\/uploads\\\/2024\\\/12\\\/Ein-flexibler-Winterschlaf-koennte-Igeln-helfen-sich-an-Umweltveraenderungen-anzupassen.jpg\",\"width\":900,\"height\":526,\"caption\":\"Flexible hibernation could help hedgehogs adapt to environmental changes\"},{\"@type\":\"BreadcrumbList\",\"@id\":\"https:\\\/\\\/www.strassenweb.de\\\/nachrichten\\\/ein-flexibler-winterschlaf-koennte-igeln-helfen-sich-an-umweltveraenderungen-anzupassen\\\/#breadcrumb\",\"itemListElement\":[{\"@type\":\"ListItem\",\"position\":1,\"name\":\"Home\",\"item\":\"https:\\\/\\\/www.strassenweb.de\\\/nachrichten\\\/\"},{\"@type\":\"ListItem\",\"position\":2,\"name\":\"Ein flexibler Winterschlaf k\u00f6nnte Igeln helfen, sich an Umweltver\u00e4nderungen anzupassen\"}]},{\"@type\":\"WebSite\",\"@id\":\"https:\\\/\\\/www.strassenweb.de\\\/nachrichten\\\/#website\",\"url\":\"https:\\\/\\\/www.strassenweb.de\\\/nachrichten\\\/\",\"name\":\"Stra\u00dfenweb\",\"description\":\"Stra\u00dfenverzeichnis f\u00fcr Deutschland\",\"publisher\":{\"@id\":\"https:\\\/\\\/www.strassenweb.de\\\/nachrichten\\\/#organization\"},\"potentialAction\":[{\"@type\":\"SearchAction\",\"target\":{\"@type\":\"EntryPoint\",\"urlTemplate\":\"https:\\\/\\\/www.strassenweb.de\\\/nachrichten\\\/?s={search_term_string}\"},\"query-input\":{\"@type\":\"PropertyValueSpecification\",\"valueRequired\":true,\"valueName\":\"search_term_string\"}}],\"inLanguage\":\"de\"},{\"@type\":\"Organization\",\"@id\":\"https:\\\/\\\/www.strassenweb.de\\\/nachrichten\\\/#organization\",\"name\":\"Stra\u00dfenweb\",\"url\":\"https:\\\/\\\/www.strassenweb.de\\\/nachrichten\\\/\",\"logo\":{\"@type\":\"ImageObject\",\"inLanguage\":\"de\",\"@id\":\"https:\\\/\\\/www.strassenweb.de\\\/nachrichten\\\/#\\\/schema\\\/logo\\\/image\\\/\",\"url\":\"https:\\\/\\\/www.strassenweb.de\\\/nachrichten\\\/wp-content\\\/uploads\\\/2024\\\/09\\\/cropped-favicon.png\",\"contentUrl\":\"https:\\\/\\\/www.strassenweb.de\\\/nachrichten\\\/wp-content\\\/uploads\\\/2024\\\/09\\\/cropped-favicon.png\",\"width\":512,\"height\":512,\"caption\":\"Stra\u00dfenweb\"},\"image\":{\"@id\":\"https:\\\/\\\/www.strassenweb.de\\\/nachrichten\\\/#\\\/schema\\\/logo\\\/image\\\/\"},\"sameAs\":[\"https:\\\/\\\/www.facebook.com\\\/strassenweb\\\/\"]},{\"@type\":\"Person\",\"@id\":\"https:\\\/\\\/www.strassenweb.de\\\/nachrichten\\\/#\\\/schema\\\/person\\\/87c9c9067f1211da429a744dc5a5aa41\",\"name\":\"Robert Hoffmann\",\"image\":{\"@type\":\"ImageObject\",\"inLanguage\":\"de\",\"@id\":\"https:\\\/\\\/www.strassenweb.de\\\/nachrichten\\\/wp-content\\\/uploads\\\/2024\\\/09\\\/strassenweb-150x150.jpg\",\"url\":\"https:\\\/\\\/www.strassenweb.de\\\/nachrichten\\\/wp-content\\\/uploads\\\/2024\\\/09\\\/strassenweb-150x150.jpg\",\"contentUrl\":\"https:\\\/\\\/www.strassenweb.de\\\/nachrichten\\\/wp-content\\\/uploads\\\/2024\\\/09\\\/strassenweb-150x150.jpg\",\"caption\":\"Robert Hoffmann\"},\"description\":\"Ich hei\u00dfe Robert Hoffmann und ich bin ein leidenschaftlicher Verfechter von \u00d6kologie und Biodiversit\u00e4t. Seit meiner Kindheit in den W\u00e4ldern Bayerns f\u00fchle ich mich mit der Natur verbunden und bin entschlossen, sie zu sch\u00fctzen. Heute widme ich mein Leben der Sensibilisierung anderer f\u00fcr die Bedeutung des Umweltschutzes f\u00fcr zuk\u00fcnftige Generationen.\",\"sameAs\":[\"https:\\\/\\\/www.strassenweb.de\\\/\"]}]}<\/script>\n<!-- \/ Yoast SEO plugin. -->","yoast_head_json":{"title":"Ein flexibler Winterschlaf k\u00f6nnte Igeln helfen, sich an Umweltver\u00e4nderungen anzupassen - Nachrichten - Stra\u00dfenweb","robots":{"index":"index","follow":"follow","max-snippet":"max-snippet:-1","max-image-preview":"max-image-preview:large","max-video-preview":"max-video-preview:-1"},"canonical":"https:\/\/www.strassenweb.de\/nachrichten\/ein-flexibler-winterschlaf-koennte-igeln-helfen-sich-an-umweltveraenderungen-anzupassen\/","og_locale":"de_DE","og_type":"article","og_title":"Ein flexibler Winterschlaf k\u00f6nnte Igeln helfen, sich an Umweltver\u00e4nderungen anzupassen - Nachrichten - Stra\u00dfenweb","og_description":"Neue Forschungen haben ergeben, dass Igel, die in derselben, halbl\u00e4ndlichen Gegend leben, gro\u00dfe Unterschiede im Zeitpunkt und Muster des Winterschlafs aufweisen, wobei einige bis zu","og_url":"https:\/\/www.strassenweb.de\/nachrichten\/ein-flexibler-winterschlaf-koennte-igeln-helfen-sich-an-umweltveraenderungen-anzupassen\/","og_site_name":"Stra\u00dfenweb","article_publisher":"https:\/\/www.facebook.com\/strassenweb\/","article_published_time":"2024-12-12T11:41:37+00:00","article_modified_time":"2024-12-12T11:41:38+00:00","og_image":[{"width":900,"height":526,"url":"https:\/\/www.strassenweb.de\/nachrichten\/wp-content\/uploads\/2024\/12\/Ein-flexibler-Winterschlaf-koennte-Igeln-helfen-sich-an-Umweltveraenderungen-anzupassen.jpg","type":"image\/jpeg"}],"author":"Robert Hoffmann","twitter_card":"summary_large_image","twitter_misc":{"Verfasst von":"Robert Hoffmann","Gesch\u00e4tzte Lesezeit":"4\u00a0Minuten"},"schema":{"@context":"https:\/\/schema.org","@graph":[{"@type":"Article","@id":"https:\/\/www.strassenweb.de\/nachrichten\/ein-flexibler-winterschlaf-koennte-igeln-helfen-sich-an-umweltveraenderungen-anzupassen\/#article","isPartOf":{"@id":"https:\/\/www.strassenweb.de\/nachrichten\/ein-flexibler-winterschlaf-koennte-igeln-helfen-sich-an-umweltveraenderungen-anzupassen\/"},"author":{"name":"Robert Hoffmann","@id":"https:\/\/www.strassenweb.de\/nachrichten\/#\/schema\/person\/87c9c9067f1211da429a744dc5a5aa41"},"headline":"Ein flexibler Winterschlaf k\u00f6nnte Igeln helfen, sich an Umweltver\u00e4nderungen anzupassen","datePublished":"2024-12-12T11:41:37+00:00","dateModified":"2024-12-12T11:41:38+00:00","mainEntityOfPage":{"@id":"https:\/\/www.strassenweb.de\/nachrichten\/ein-flexibler-winterschlaf-koennte-igeln-helfen-sich-an-umweltveraenderungen-anzupassen\/"},"wordCount":730,"publisher":{"@id":"https:\/\/www.strassenweb.de\/nachrichten\/#organization"},"image":{"@id":"https:\/\/www.strassenweb.de\/nachrichten\/ein-flexibler-winterschlaf-koennte-igeln-helfen-sich-an-umweltveraenderungen-anzupassen\/#primaryimage"},"thumbnailUrl":"https:\/\/www.strassenweb.de\/nachrichten\/wp-content\/uploads\/2024\/12\/Ein-flexibler-Winterschlaf-koennte-Igeln-helfen-sich-an-Umweltveraenderungen-anzupassen.jpg","keywords":["anzupassen","ein","flexibler","helfen","Igeln","k\u00f6nnte","sich","Umweltver\u00e4nderungen","Winterschlaf"],"articleSection":["\u00d6kologie"],"inLanguage":"de"},{"@type":"WebPage","@id":"https:\/\/www.strassenweb.de\/nachrichten\/ein-flexibler-winterschlaf-koennte-igeln-helfen-sich-an-umweltveraenderungen-anzupassen\/","url":"https:\/\/www.strassenweb.de\/nachrichten\/ein-flexibler-winterschlaf-koennte-igeln-helfen-sich-an-umweltveraenderungen-anzupassen\/","name":"Ein flexibler Winterschlaf k\u00f6nnte Igeln helfen, sich an Umweltver\u00e4nderungen anzupassen - Nachrichten - Stra\u00dfenweb","isPartOf":{"@id":"https:\/\/www.strassenweb.de\/nachrichten\/#website"},"primaryImageOfPage":{"@id":"https:\/\/www.strassenweb.de\/nachrichten\/ein-flexibler-winterschlaf-koennte-igeln-helfen-sich-an-umweltveraenderungen-anzupassen\/#primaryimage"},"image":{"@id":"https:\/\/www.strassenweb.de\/nachrichten\/ein-flexibler-winterschlaf-koennte-igeln-helfen-sich-an-umweltveraenderungen-anzupassen\/#primaryimage"},"thumbnailUrl":"https:\/\/www.strassenweb.de\/nachrichten\/wp-content\/uploads\/2024\/12\/Ein-flexibler-Winterschlaf-koennte-Igeln-helfen-sich-an-Umweltveraenderungen-anzupassen.jpg","datePublished":"2024-12-12T11:41:37+00:00","dateModified":"2024-12-12T11:41:38+00:00","breadcrumb":{"@id":"https:\/\/www.strassenweb.de\/nachrichten\/ein-flexibler-winterschlaf-koennte-igeln-helfen-sich-an-umweltveraenderungen-anzupassen\/#breadcrumb"},"inLanguage":"de","potentialAction":[{"@type":"ReadAction","target":["https:\/\/www.strassenweb.de\/nachrichten\/ein-flexibler-winterschlaf-koennte-igeln-helfen-sich-an-umweltveraenderungen-anzupassen\/"]}]},{"@type":"ImageObject","inLanguage":"de","@id":"https:\/\/www.strassenweb.de\/nachrichten\/ein-flexibler-winterschlaf-koennte-igeln-helfen-sich-an-umweltveraenderungen-anzupassen\/#primaryimage","url":"https:\/\/www.strassenweb.de\/nachrichten\/wp-content\/uploads\/2024\/12\/Ein-flexibler-Winterschlaf-koennte-Igeln-helfen-sich-an-Umweltveraenderungen-anzupassen.jpg","contentUrl":"https:\/\/www.strassenweb.de\/nachrichten\/wp-content\/uploads\/2024\/12\/Ein-flexibler-Winterschlaf-koennte-Igeln-helfen-sich-an-Umweltveraenderungen-anzupassen.jpg","width":900,"height":526,"caption":"Flexible hibernation could help hedgehogs adapt to environmental changes"},{"@type":"BreadcrumbList","@id":"https:\/\/www.strassenweb.de\/nachrichten\/ein-flexibler-winterschlaf-koennte-igeln-helfen-sich-an-umweltveraenderungen-anzupassen\/#breadcrumb","itemListElement":[{"@type":"ListItem","position":1,"name":"Home","item":"https:\/\/www.strassenweb.de\/nachrichten\/"},{"@type":"ListItem","position":2,"name":"Ein flexibler Winterschlaf k\u00f6nnte Igeln helfen, sich an Umweltver\u00e4nderungen anzupassen"}]},{"@type":"WebSite","@id":"https:\/\/www.strassenweb.de\/nachrichten\/#website","url":"https:\/\/www.strassenweb.de\/nachrichten\/","name":"Stra\u00dfenweb","description":"Stra\u00dfenverzeichnis f\u00fcr Deutschland","publisher":{"@id":"https:\/\/www.strassenweb.de\/nachrichten\/#organization"},"potentialAction":[{"@type":"SearchAction","target":{"@type":"EntryPoint","urlTemplate":"https:\/\/www.strassenweb.de\/nachrichten\/?s={search_term_string}"},"query-input":{"@type":"PropertyValueSpecification","valueRequired":true,"valueName":"search_term_string"}}],"inLanguage":"de"},{"@type":"Organization","@id":"https:\/\/www.strassenweb.de\/nachrichten\/#organization","name":"Stra\u00dfenweb","url":"https:\/\/www.strassenweb.de\/nachrichten\/","logo":{"@type":"ImageObject","inLanguage":"de","@id":"https:\/\/www.strassenweb.de\/nachrichten\/#\/schema\/logo\/image\/","url":"https:\/\/www.strassenweb.de\/nachrichten\/wp-content\/uploads\/2024\/09\/cropped-favicon.png","contentUrl":"https:\/\/www.strassenweb.de\/nachrichten\/wp-content\/uploads\/2024\/09\/cropped-favicon.png","width":512,"height":512,"caption":"Stra\u00dfenweb"},"image":{"@id":"https:\/\/www.strassenweb.de\/nachrichten\/#\/schema\/logo\/image\/"},"sameAs":["https:\/\/www.facebook.com\/strassenweb\/"]},{"@type":"Person","@id":"https:\/\/www.strassenweb.de\/nachrichten\/#\/schema\/person\/87c9c9067f1211da429a744dc5a5aa41","name":"Robert Hoffmann","image":{"@type":"ImageObject","inLanguage":"de","@id":"https:\/\/www.strassenweb.de\/nachrichten\/wp-content\/uploads\/2024\/09\/strassenweb-150x150.jpg","url":"https:\/\/www.strassenweb.de\/nachrichten\/wp-content\/uploads\/2024\/09\/strassenweb-150x150.jpg","contentUrl":"https:\/\/www.strassenweb.de\/nachrichten\/wp-content\/uploads\/2024\/09\/strassenweb-150x150.jpg","caption":"Robert Hoffmann"},"description":"Ich hei\u00dfe Robert Hoffmann und ich bin ein leidenschaftlicher Verfechter von \u00d6kologie und Biodiversit\u00e4t. Seit meiner Kindheit in den W\u00e4ldern Bayerns f\u00fchle ich mich mit der Natur verbunden und bin entschlossen, sie zu sch\u00fctzen. Heute widme ich mein Leben der Sensibilisierung anderer f\u00fcr die Bedeutung des Umweltschutzes f\u00fcr zuk\u00fcnftige Generationen.","sameAs":["https:\/\/www.strassenweb.de\/"]}]}},"_links":{"self":[{"href":"https:\/\/www.strassenweb.de\/nachrichten\/wp-json\/wp\/v2\/posts\/2078","targetHints":{"allow":["GET"]}}],"collection":[{"href":"https:\/\/www.strassenweb.de\/nachrichten\/wp-json\/wp\/v2\/posts"}],"about":[{"href":"https:\/\/www.strassenweb.de\/nachrichten\/wp-json\/wp\/v2\/types\/post"}],"author":[{"embeddable":true,"href":"https:\/\/www.strassenweb.de\/nachrichten\/wp-json\/wp\/v2\/users\/1"}],"replies":[{"embeddable":true,"href":"https:\/\/www.strassenweb.de\/nachrichten\/wp-json\/wp\/v2\/comments?post=2078"}],"version-history":[{"count":0,"href":"https:\/\/www.strassenweb.de\/nachrichten\/wp-json\/wp\/v2\/posts\/2078\/revisions"}],"wp:featuredmedia":[{"embeddable":true,"href":"https:\/\/www.strassenweb.de\/nachrichten\/wp-json\/wp\/v2\/media\/2079"}],"wp:attachment":[{"href":"https:\/\/www.strassenweb.de\/nachrichten\/wp-json\/wp\/v2\/media?parent=2078"}],"wp:term":[{"taxonomy":"category","embeddable":true,"href":"https:\/\/www.strassenweb.de\/nachrichten\/wp-json\/wp\/v2\/categories?post=2078"},{"taxonomy":"post_tag","embeddable":true,"href":"https:\/\/www.strassenweb.de\/nachrichten\/wp-json\/wp\/v2\/tags?post=2078"}],"curies":[{"name":"wp","href":"https:\/\/api.w.org\/{rel}","templated":true}]}}