{"id":2075,"date":"2024-12-12T11:43:52","date_gmt":"2024-12-12T10:43:52","guid":{"rendered":"https:\/\/www.strassenweb.de\/nachrichten\/die-besten-immergruenen-farne-5-ungewoehnliche-anbaumoeglichkeiten-fuer-ganzjaehriges-gruen-in-ihrem-garten\/"},"modified":"2024-12-12T11:43:53","modified_gmt":"2024-12-12T10:43:53","slug":"die-besten-immergruenen-farne-5-ungewoehnliche-anbaumoeglichkeiten-fuer-ganzjaehriges-gruen-in-ihrem-garten","status":"publish","type":"post","link":"https:\/\/www.strassenweb.de\/nachrichten\/die-besten-immergruenen-farne-5-ungewoehnliche-anbaumoeglichkeiten-fuer-ganzjaehriges-gruen-in-ihrem-garten\/","title":{"rendered":"Die besten immergr\u00fcnen Farne \u2013 5 ungew\u00f6hnliche Anbaum\u00f6glichkeiten f\u00fcr ganzj\u00e4hriges Gr\u00fcn in Ihrem Garten"},"content":{"rendered":"<p><\/p>\n<div id=\"article-body\" class=\"article__body \">\n<p>Weltweit wachsen etwa 12.000 Farnarten, die meisten davon kommen in W\u00e4ldern, Waldgebieten oder tropischen Regionen vor. Obwohl es unm\u00f6glich w\u00e4re, alle davon zu sammeln, genie\u00dfen die meisten von uns G\u00e4rtnern den Anbau einer Handvoll Farne im Hinterhof, die f\u00fcr ihr \u00fcppiges Laub und ihre Toleranz gegen\u00fcber schattigen Bedingungen gesch\u00e4tzt werden.<\/p>\n<div id=\"ad-unit-1\" class=\"ad-unit\"><\/div>\n<p>Als ehemaliger professioneller G\u00e4rtner habe ich viele verschiedene Farne gez\u00fcchtet und gepflegt, und obwohl es unm\u00f6glich w\u00e4re, einen Favoriten auszuw\u00e4hlen, habe ich den Hirschzungenfarn schon immer geliebt. <em>Asplenium scolopendrium<\/em>wie im Bild oben zu sehen. Mit dicken, \u00fcppigen, immergr\u00fcnen Wedeln kann dieser Farn selbst in kalten, n\u00f6rdlichen Regionen Gro\u00dfbritanniens das ganze Jahr \u00fcber f\u00fcr Interesse sorgen.<\/p>\n<p>Es gibt viele andere immergr\u00fcne Farne, die ihre Wedel in den Herbst- und Wintermonaten behalten und sich so als n\u00fctzlich erweisen, damit Ihr Garten zu jeder Jahreszeit eindrucksvoll aussieht. Ganz gleich, ob Sie auf der Suche nach immergr\u00fcnen Farnen sind, die Schatten spenden, oder vielleicht eine Wintertopfpr\u00e4sentation gestalten m\u00f6chten, die folgenden f\u00fcnf Optionen sollten ganz oben auf Ihrer Wunschliste f\u00fcr Pflanzen stehen.<\/p>\n<div id=\"desktop-in-article\" class=\"in-article ad-unit\">\n<div id=\"desktop-taboola-mid-article\"><\/div>\n<\/div>\n<div id=\"mobile-in-article\" class=\"in-article ad-unit\">\n<div id=\"mobile-taboola-mid-article\"><\/div>\n<\/div>\n<figure class=\"van-image-figure inline-layout \" data-bordeaux-image-check>\n<div class=\"image-full-width-wrapper\">\n<div class=\"image-widthsetter\" style=\"max-width:2400px;\"><\/div>\n<\/div>\n<\/figure>\n<h2 id=\"five-evergreen-ferns-3\">F\u00fcnf immergr\u00fcne Farne<\/h2>\n<aside class=\"hawk-nest\" data-block-type=\"embed\" data-render-type=\"fte\" data-skip=\"dealsy\" data-widget-type=\"seasonal\">\n<div class=\"hawk-master-widget-hawk-base-wrapper\"><\/div>\n<\/aside>\n<p>Wenn man dar\u00fcber nachdenkt, wie man Farne z\u00fcchtet, k\u00f6nnen die meisten von der US-Winterh\u00e4rtezone 3 bis zur US-Winterh\u00e4rtezone 8 angebaut werden. Wie Sie vielleicht bereits wissen, bevorzugen Farne Halb- bis Vollschatten und vertragen sanftes Sonnenlicht am Morgen. Waldbeete sind das ideale Zuhause f\u00fcr die meisten Farne, die sich \u00fcber n\u00e4hrstoffreiche, humusreiche und feuchte B\u00f6den freuen. Hier sind f\u00fcnf immergr\u00fcne Optionen, um Ihrem Grundst\u00fcck das ganze Jahr \u00fcber Gr\u00fcn zu verleihen.<\/p>\n<div class=\"van_vid_carousel\">\n<div class=\"van_vid_carousel__padding\">\n<div class=\"van_vid_carousel__container\"><\/div>\n<\/div>\n<\/div>\n<h3 class=\"article-body__section\" id=\"section-1-autumn-fern\"><span>1. Herbstfarn<\/span><\/h3>\n<figure class=\"van-image-figure inline-layout \" data-bordeaux-image-check>\n<div class=\"image-full-width-wrapper\">\n<div class=\"image-widthsetter\" style=\"max-width:2400px;\"><\/div>\n<\/div>\n<\/figure>\n<p>\u201eWenn Sie auf der Suche nach einem der besten immergr\u00fcnen Farne sind, die Sie dieses Jahr Ihrer Sammlung hinzuf\u00fcgen k\u00f6nnen, dann sollten Sie den wundersch\u00f6nen Herbstfarn kennenlernen, der bei Perfect Plants erh\u00e4ltlich ist\u201c, sagt Alex Kantor, Inhaber der Perfect Plants Nursery.<\/p>\n<div id=\"ad-unit-2\" class=\"ad-unit\"><\/div>\n<p>\u201eIm Fr\u00fchling wachsen die Wedel rot und orange, im Sommer und Herbst reifen sie schlie\u00dflich zu einem \u00fcppigen Gr\u00fcn heran.\u201c \u201eEs ist ein wahrer Genuss, es anzusehen\u201c, f\u00e4hrt Alex fort. \u201eDer Herbstfarn, <em>Dryopteris erythrosora, <\/em>kann in der US-Winterh\u00e4rtezone 4 plus angebaut werden und beh\u00e4lt in milderen Regionen auch w\u00e4hrend der Wintermonate seine \u00fcppigen Wedel. In k\u00fchleren Zonen ist es eine halbimmergr\u00fcne Pflanze.<\/p>\n<p>\u201eDieser Farn ist eine der besten Pflanzen f\u00fcr unter B\u00e4umen und gedeiht gut bei gefiltertem Sonnenlicht und feuchtem Boden\u201c, f\u00fcgt Alex hinzu. \u201eHerbstfarne k\u00f6nnen sowohl in T\u00f6pfen als auch im Boden gez\u00fcchtet werden, direkte Sonneneinstrahlung sollte jedoch vermieden werden.\u201c Im Fr\u00fchling k\u00f6nnen Sie Pflanzen beschneiden, um sie aufzur\u00e4umen, falls im Winter irgendwelche Wedel besch\u00e4digt wurden.\u201c<\/p>\n<h3 class=\"article-body__section\" id=\"section-2-hart-s-tongue-fern\"><span>2. Hartzungenfarn<\/span><\/h3>\n<figure class=\"van-image-figure inline-layout \" data-bordeaux-image-check>\n<div class=\"image-full-width-wrapper\">\n<div class=\"image-widthsetter\" style=\"max-width:2400px;\"><\/div>\n<\/div>\n<\/figure>\n<p>Der Hirschzungenfarn, <em>Asplenium scolopendrium<\/em>Er ist in Gro\u00dfbritannien und Europa beheimatet und kann in den US-Winterh\u00e4rtezonen 4 bis 9 angebaut werden. Mit seinen gl\u00e4nzenden, immergr\u00fcnen Wedeln ohne Z\u00e4hne ist es schwer, sich nicht in diesen Farn zu verlieben.<\/p>\n<p>Ich habe Hirschzungenfarne als Waldpflanzen, aber auch als K\u00fcbelpflanzen f\u00fcr schattige G\u00e4rten angebaut und kann die Widerstandsf\u00e4higkeit dieses Farns bezeugen. In kalten Zonen mit feuchtem Boden und dunklen R\u00e4ndern \u00fcberlebt der Hirschzungenfarn nicht nur, sondern gedeiht auch.<\/p>\n<p>Wedel werden in der Regel 10 bis 16 Zoll lang und bleiben auch in n\u00f6rdlichen Regionen immergr\u00fcn. Sie k\u00f6nnen Farne im Fr\u00fchjahr beschneiden, um besch\u00e4digte oder \u00e4ltere Wedel zu entfernen. Achten Sie nur darauf, keine neuen Triebe abzuschneiden, die sich entfalten.<\/p>\n<p>Aspleniumfarne k\u00f6nnen bei Walmart bestellt werden.<\/p>\n<div class=\"product-container hero-product-container product-block-no-wrap\"><\/div>\n<h3 class=\"article-body__section\" id=\"section-3-maidenhair-spleenwort\"><span>3. Frauenhaarmilzkraut<\/span><\/h3>\n<figure class=\"van-image-figure inline-layout \" data-bordeaux-image-check>\n<div class=\"image-full-width-wrapper\">\n<div class=\"image-widthsetter\" style=\"max-width:2400px;\"><\/div>\n<\/div>\n<\/figure>\n<p>Frauenhaar-Streifenkraut, oder <em>Asplenium<\/em> <em>Trichomanoides, <\/em>w\u00e4chst auf der ganzen Welt. Dieser Miniaturfarn wird oft nicht gr\u00f6\u00dfer als 15 cm, doch trotz seiner geringen Gr\u00f6\u00dfe ist er eine der widerstandsf\u00e4higsten Arten. Es kann bis in die US-Winterh\u00e4rtezone 3 wachsen, auch in Montana, Wyoming und Alaska, wo Winterfr\u00f6ste eine Herausforderung darstellen k\u00f6nnen.<\/p>\n<p>Wie man von allen hier aufgef\u00fchrten Arten sagen kann, ist der Streifenfarn eine der besten Schattenpflanzen und gedeiht gut in dunklen Rabatten oder an schattigen W\u00e4nden. Wie Sie auf dem Bild hier sehen k\u00f6nnen, eignet sich diese Art ideal zum Wachsen in Rissen und Spalten und tr\u00e4gt dazu bei, festen Landschaftselementen eine nat\u00fcrliche, gr\u00fcne Note zu verleihen.<\/p>\n<p>Versuchen Sie, neben verschiedenen Moosarten in einer nach Westen, Osten oder Norden ausgerichteten Steinmauer zu wachsen. Pflanzen und Rhizome des Braunen Streifenfarns k\u00f6nnen bei Amazon bestellt werden.<\/p>\n<h3 class=\"article-body__section\" id=\"section-4-common-polypody\"><span>4. Gemeinsame Polypodie<\/span><\/h3>\n<figure class=\"van-image-figure inline-layout \" data-bordeaux-image-check>\n<div class=\"image-full-width-wrapper\">\n<div class=\"image-widthsetter\" style=\"max-width:2400px;\"><\/div>\n<\/div>\n<\/figure>\n<p>Der gemeine Polypodenfarn oder <em>Polypodium<\/em> <em>vulg\u00e4r,<\/em><em><strong> <\/strong><\/em>ist ein weiterer immergr\u00fcner Farn, den man in Betracht ziehen sollte. Er kann bis zu 30 cm hoch werden und bildet lanzenf\u00f6rmige dunkelgr\u00fcne Wedel. Wenn Sie auf der Suche nach au\u00dfergew\u00f6hnlichen Blattpflanzen sind oder sich f\u00fcr tropische Gartenideen interessieren, k\u00f6nnte der Gew\u00f6hnliche Polypodenfarn genau das Richtige f\u00fcr Sie sein.<\/p>\n<p>Diese Art kann bis zur US-Winterh\u00e4rtezone 6 angebaut werden und ist eine Seltenheit unter den Farnen, da sie an einem sonnigen oder schattigen Beet gepflanzt werden kann. W\u00e4hrend im Halbschatten die besten Ergebnisse erzielt werden, gedeiht der Vielf\u00fc\u00dfler auch an einem sonnigen Standort.<\/p>\n<p>Achten Sie darauf, den Boden im ersten Jahr nach der Pflanzung feucht zu halten und eine feuchte, wald\u00e4hnliche Umgebung nachzuahmen, damit sich Ihre neue Pflanze besser ansiedeln kann.<\/p>\n<h3 class=\"article-body__section\" id=\"section-5-sword-fern\"><span>5. Schwertfarn<\/span><\/h3>\n<figure class=\"van-image-figure inline-layout \" data-bordeaux-image-check>\n<div class=\"image-full-width-wrapper\">\n<div class=\"image-widthsetter\" style=\"max-width:2400px;\"><\/div>\n<\/div>\n<\/figure>\n<p>Der westliche Schwertfarn, <em>Polystichum munitum, <\/em>ist eine immergr\u00fcne Pflanze, die im Westen Nordamerikas beheimatet ist, von Zone 3 bis Zone 8 w\u00e4chst und in weiten Teilen Alaskas, Oregons, Washingtons und Kaliforniens zu finden ist.<\/p>\n<p>Was den Anbau und die Pflege von Schwertfarnen betrifft, gedeihen sie am besten bei direkter Sonneneinstrahlung und ben\u00f6tigen nur wenige Stunden Sonne pro Tag, um optimal auszusehen. Pflanzen Sie Ihre Westlichen Schwertfarne daher am Rand feuchter, schattiger Rabatten, wo sie ein oder zwei Stunden Morgensonne genie\u00dfen k\u00f6nnen.<\/p>\n<p>Lebende Schwertfarnpflanzen sind bei Amazon erh\u00e4ltlich.<\/p>\n<h3 class=\"article-body__section\" id=\"section-faqs\"><span>FAQs<\/span><\/h3>\n<h2 id=\"are-tree-ferns-evergreen-3\">Sind Baumfarne immergr\u00fcn?<\/h2>\n<p>In milden oder tropischen Regionen wachsen Baumfarne, <em>Dicksonia<\/em> <em>Antarktis, <\/em>k\u00f6nnen als immergr\u00fcne Pflanzen wachsen und ihre gro\u00dfen f\u00e4cherartigen Wedel w\u00e4hrend der Wintermonate behalten. F\u00fcr diejenigen von uns, die in k\u00fchleren, n\u00f6rdlichen Regionen leben, k\u00f6nnen Baumfarne jedoch in den kalten, frostigen Monaten des Jahres ihr Laub verlieren.<\/p>\n<p>Wenn es darum geht, Baumfarne winterfest zu machen, sollten Sie sich darauf konzentrieren, die Stammkrone zu sch\u00fctzen, sie mit Stroh zu f\u00fcllen, bevor Sie die Wedel nach oben binden und den gesamten Baumfarn in Sackleinen oder Frosttuch einwickeln. Sofern die Krone des Baumfarns nicht dem Frost zum Opfer gefallen ist, treibt Ihre Pflanze im Fr\u00fchjahr neue Wedel aus und besch\u00e4digte Wedel k\u00f6nnen beim Auspacken beschnitten werden.<\/p>\n<hr>\n<p>Es gibt auch viele immergr\u00fcne Farne f\u00fcr den Innenanbau, darunter den Bostonfarn, den Spargelfarn und den Hasenfu\u00dffarn. Farne k\u00f6nnen drinnen genauso gut aussehen wie drau\u00dfen, aber es gibt spezielle Pflegehinweise, die befolgt werden m\u00fcssen, um sie gesund zu halten. In unserem Ratgeber finden Sie alle Informationen, die Sie ben\u00f6tigen.<\/p>\n<\/div>\n","protected":false},"excerpt":{"rendered":"<p>Weltweit wachsen etwa 12.000 Farnarten, die meisten davon kommen in W\u00e4ldern, Waldgebieten oder tropischen Regionen vor. Obwohl es unm\u00f6glich w\u00e4re, alle davon zu sammeln, genie\u00dfen<\/p>\n","protected":false},"author":1,"featured_media":2076,"comment_status":"closed","ping_status":"","sticky":false,"template":"","format":"standard","meta":{"footnotes":""},"categories":[118],"tags":[3637,484,9,3636,55,3593,320,3594,534,2692,477],"class_list":["post-2075","post","type-post","status-publish","format-standard","has-post-thumbnail","hentry","category-haus-garten","tag-anbaumoeglichkeiten","tag-besten","tag-die","tag-farne","tag-fuer","tag-ganzjaehriges","tag-garten","tag-gruen","tag-ihrem","tag-immergruenen","tag-ungewoehnliche","generate-columns","tablet-grid-50","mobile-grid-100","grid-parent","grid-50"],"yoast_head":"<!-- This site is optimized with the Yoast SEO plugin v27.3 - https:\/\/yoast.com\/product\/yoast-seo-wordpress\/ -->\n<title>Die besten immergr\u00fcnen Farne \u2013 5 ungew\u00f6hnliche Anbaum\u00f6glichkeiten f\u00fcr ganzj\u00e4hriges Gr\u00fcn in Ihrem Garten - Nachrichten - Stra\u00dfenweb<\/title>\n<meta name=\"robots\" content=\"index, follow, max-snippet:-1, max-image-preview:large, max-video-preview:-1\" \/>\n<link rel=\"canonical\" href=\"https:\/\/www.strassenweb.de\/nachrichten\/die-besten-immergruenen-farne-5-ungewoehnliche-anbaumoeglichkeiten-fuer-ganzjaehriges-gruen-in-ihrem-garten\/\" \/>\n<meta property=\"og:locale\" content=\"de_DE\" \/>\n<meta property=\"og:type\" content=\"article\" \/>\n<meta property=\"og:title\" content=\"Die besten immergr\u00fcnen Farne \u2013 5 ungew\u00f6hnliche Anbaum\u00f6glichkeiten f\u00fcr ganzj\u00e4hriges Gr\u00fcn in Ihrem Garten - Nachrichten - Stra\u00dfenweb\" \/>\n<meta property=\"og:description\" content=\"Weltweit wachsen etwa 12.000 Farnarten, die meisten davon kommen in W\u00e4ldern, Waldgebieten oder tropischen Regionen vor. Obwohl es unm\u00f6glich w\u00e4re, alle davon zu sammeln, genie\u00dfen\" \/>\n<meta property=\"og:url\" content=\"https:\/\/www.strassenweb.de\/nachrichten\/die-besten-immergruenen-farne-5-ungewoehnliche-anbaumoeglichkeiten-fuer-ganzjaehriges-gruen-in-ihrem-garten\/\" \/>\n<meta property=\"og:site_name\" content=\"Stra\u00dfenweb\" \/>\n<meta property=\"article:publisher\" content=\"https:\/\/www.facebook.com\/strassenweb\/\" \/>\n<meta property=\"article:published_time\" content=\"2024-12-12T10:43:52+00:00\" \/>\n<meta property=\"article:modified_time\" content=\"2024-12-12T10:43:53+00:00\" \/>\n<meta property=\"og:image\" content=\"https:\/\/www.strassenweb.de\/nachrichten\/wp-content\/uploads\/2024\/12\/Die-besten-immergruenen-Farne-\u2013-5-ungewoehnliche-Anbaumoeglichkeiten-fuer-ganzjaehriges.jpg\" \/>\n\t<meta property=\"og:image:width\" content=\"1200\" \/>\n\t<meta property=\"og:image:height\" content=\"675\" \/>\n\t<meta property=\"og:image:type\" content=\"image\/jpeg\" \/>\n<meta name=\"author\" content=\"Robert Hoffmann\" \/>\n<meta name=\"twitter:card\" content=\"summary_large_image\" \/>\n<meta name=\"twitter:label1\" content=\"Verfasst von\" \/>\n\t<meta name=\"twitter:data1\" content=\"Robert Hoffmann\" \/>\n\t<meta name=\"twitter:label2\" content=\"Gesch\u00e4tzte Lesezeit\" \/>\n\t<meta name=\"twitter:data2\" content=\"6\u00a0Minuten\" \/>\n<script type=\"application\/ld+json\" class=\"yoast-schema-graph\">{\"@context\":\"https:\\\/\\\/schema.org\",\"@graph\":[{\"@type\":\"Article\",\"@id\":\"https:\\\/\\\/www.strassenweb.de\\\/nachrichten\\\/die-besten-immergruenen-farne-5-ungewoehnliche-anbaumoeglichkeiten-fuer-ganzjaehriges-gruen-in-ihrem-garten\\\/#article\",\"isPartOf\":{\"@id\":\"https:\\\/\\\/www.strassenweb.de\\\/nachrichten\\\/die-besten-immergruenen-farne-5-ungewoehnliche-anbaumoeglichkeiten-fuer-ganzjaehriges-gruen-in-ihrem-garten\\\/\"},\"author\":{\"name\":\"Robert Hoffmann\",\"@id\":\"https:\\\/\\\/www.strassenweb.de\\\/nachrichten\\\/#\\\/schema\\\/person\\\/87c9c9067f1211da429a744dc5a5aa41\"},\"headline\":\"Die besten immergr\u00fcnen Farne \u2013 5 ungew\u00f6hnliche Anbaum\u00f6glichkeiten f\u00fcr ganzj\u00e4hriges Gr\u00fcn in Ihrem Garten\",\"datePublished\":\"2024-12-12T10:43:52+00:00\",\"dateModified\":\"2024-12-12T10:43:53+00:00\",\"mainEntityOfPage\":{\"@id\":\"https:\\\/\\\/www.strassenweb.de\\\/nachrichten\\\/die-besten-immergruenen-farne-5-ungewoehnliche-anbaumoeglichkeiten-fuer-ganzjaehriges-gruen-in-ihrem-garten\\\/\"},\"wordCount\":1174,\"publisher\":{\"@id\":\"https:\\\/\\\/www.strassenweb.de\\\/nachrichten\\\/#organization\"},\"image\":{\"@id\":\"https:\\\/\\\/www.strassenweb.de\\\/nachrichten\\\/die-besten-immergruenen-farne-5-ungewoehnliche-anbaumoeglichkeiten-fuer-ganzjaehriges-gruen-in-ihrem-garten\\\/#primaryimage\"},\"thumbnailUrl\":\"https:\\\/\\\/www.strassenweb.de\\\/nachrichten\\\/wp-content\\\/uploads\\\/2024\\\/12\\\/Die-besten-immergruenen-Farne-\u2013-5-ungewoehnliche-Anbaumoeglichkeiten-fuer-ganzjaehriges.jpg\",\"keywords\":[\"Anbaum\u00f6glichkeiten\",\"besten\",\"die\",\"Farne\",\"f\u00fcr\",\"ganzj\u00e4hriges\",\"Garten\",\"Gr\u00fcn\",\"ihrem\",\"immergr\u00fcnen\",\"Ungew\u00f6hnliche\"],\"articleSection\":[\"Haus &amp; Garten\"],\"inLanguage\":\"de\"},{\"@type\":\"WebPage\",\"@id\":\"https:\\\/\\\/www.strassenweb.de\\\/nachrichten\\\/die-besten-immergruenen-farne-5-ungewoehnliche-anbaumoeglichkeiten-fuer-ganzjaehriges-gruen-in-ihrem-garten\\\/\",\"url\":\"https:\\\/\\\/www.strassenweb.de\\\/nachrichten\\\/die-besten-immergruenen-farne-5-ungewoehnliche-anbaumoeglichkeiten-fuer-ganzjaehriges-gruen-in-ihrem-garten\\\/\",\"name\":\"Die besten immergr\u00fcnen Farne \u2013 5 ungew\u00f6hnliche Anbaum\u00f6glichkeiten f\u00fcr ganzj\u00e4hriges Gr\u00fcn in Ihrem Garten - Nachrichten - Stra\u00dfenweb\",\"isPartOf\":{\"@id\":\"https:\\\/\\\/www.strassenweb.de\\\/nachrichten\\\/#website\"},\"primaryImageOfPage\":{\"@id\":\"https:\\\/\\\/www.strassenweb.de\\\/nachrichten\\\/die-besten-immergruenen-farne-5-ungewoehnliche-anbaumoeglichkeiten-fuer-ganzjaehriges-gruen-in-ihrem-garten\\\/#primaryimage\"},\"image\":{\"@id\":\"https:\\\/\\\/www.strassenweb.de\\\/nachrichten\\\/die-besten-immergruenen-farne-5-ungewoehnliche-anbaumoeglichkeiten-fuer-ganzjaehriges-gruen-in-ihrem-garten\\\/#primaryimage\"},\"thumbnailUrl\":\"https:\\\/\\\/www.strassenweb.de\\\/nachrichten\\\/wp-content\\\/uploads\\\/2024\\\/12\\\/Die-besten-immergruenen-Farne-\u2013-5-ungewoehnliche-Anbaumoeglichkeiten-fuer-ganzjaehriges.jpg\",\"datePublished\":\"2024-12-12T10:43:52+00:00\",\"dateModified\":\"2024-12-12T10:43:53+00:00\",\"breadcrumb\":{\"@id\":\"https:\\\/\\\/www.strassenweb.de\\\/nachrichten\\\/die-besten-immergruenen-farne-5-ungewoehnliche-anbaumoeglichkeiten-fuer-ganzjaehriges-gruen-in-ihrem-garten\\\/#breadcrumb\"},\"inLanguage\":\"de\",\"potentialAction\":[{\"@type\":\"ReadAction\",\"target\":[\"https:\\\/\\\/www.strassenweb.de\\\/nachrichten\\\/die-besten-immergruenen-farne-5-ungewoehnliche-anbaumoeglichkeiten-fuer-ganzjaehriges-gruen-in-ihrem-garten\\\/\"]}]},{\"@type\":\"ImageObject\",\"inLanguage\":\"de\",\"@id\":\"https:\\\/\\\/www.strassenweb.de\\\/nachrichten\\\/die-besten-immergruenen-farne-5-ungewoehnliche-anbaumoeglichkeiten-fuer-ganzjaehriges-gruen-in-ihrem-garten\\\/#primaryimage\",\"url\":\"https:\\\/\\\/www.strassenweb.de\\\/nachrichten\\\/wp-content\\\/uploads\\\/2024\\\/12\\\/Die-besten-immergruenen-Farne-\u2013-5-ungewoehnliche-Anbaumoeglichkeiten-fuer-ganzjaehriges.jpg\",\"contentUrl\":\"https:\\\/\\\/www.strassenweb.de\\\/nachrichten\\\/wp-content\\\/uploads\\\/2024\\\/12\\\/Die-besten-immergruenen-Farne-\u2013-5-ungewoehnliche-Anbaumoeglichkeiten-fuer-ganzjaehriges.jpg\",\"width\":1200,\"height\":675,\"caption\":\"Die besten immergr\u00fcnen Farne \u2013 5 ungew\u00f6hnliche Anbaum\u00f6glichkeiten f\u00fcr ganzj\u00e4hriges Gr\u00fcn in Ihrem Garten\"},{\"@type\":\"BreadcrumbList\",\"@id\":\"https:\\\/\\\/www.strassenweb.de\\\/nachrichten\\\/die-besten-immergruenen-farne-5-ungewoehnliche-anbaumoeglichkeiten-fuer-ganzjaehriges-gruen-in-ihrem-garten\\\/#breadcrumb\",\"itemListElement\":[{\"@type\":\"ListItem\",\"position\":1,\"name\":\"Home\",\"item\":\"https:\\\/\\\/www.strassenweb.de\\\/nachrichten\\\/\"},{\"@type\":\"ListItem\",\"position\":2,\"name\":\"Die besten immergr\u00fcnen Farne \u2013 5 ungew\u00f6hnliche Anbaum\u00f6glichkeiten f\u00fcr ganzj\u00e4hriges Gr\u00fcn in Ihrem Garten\"}]},{\"@type\":\"WebSite\",\"@id\":\"https:\\\/\\\/www.strassenweb.de\\\/nachrichten\\\/#website\",\"url\":\"https:\\\/\\\/www.strassenweb.de\\\/nachrichten\\\/\",\"name\":\"Stra\u00dfenweb\",\"description\":\"Stra\u00dfenverzeichnis f\u00fcr Deutschland\",\"publisher\":{\"@id\":\"https:\\\/\\\/www.strassenweb.de\\\/nachrichten\\\/#organization\"},\"potentialAction\":[{\"@type\":\"SearchAction\",\"target\":{\"@type\":\"EntryPoint\",\"urlTemplate\":\"https:\\\/\\\/www.strassenweb.de\\\/nachrichten\\\/?s={search_term_string}\"},\"query-input\":{\"@type\":\"PropertyValueSpecification\",\"valueRequired\":true,\"valueName\":\"search_term_string\"}}],\"inLanguage\":\"de\"},{\"@type\":\"Organization\",\"@id\":\"https:\\\/\\\/www.strassenweb.de\\\/nachrichten\\\/#organization\",\"name\":\"Stra\u00dfenweb\",\"url\":\"https:\\\/\\\/www.strassenweb.de\\\/nachrichten\\\/\",\"logo\":{\"@type\":\"ImageObject\",\"inLanguage\":\"de\",\"@id\":\"https:\\\/\\\/www.strassenweb.de\\\/nachrichten\\\/#\\\/schema\\\/logo\\\/image\\\/\",\"url\":\"https:\\\/\\\/www.strassenweb.de\\\/nachrichten\\\/wp-content\\\/uploads\\\/2024\\\/09\\\/cropped-favicon.png\",\"contentUrl\":\"https:\\\/\\\/www.strassenweb.de\\\/nachrichten\\\/wp-content\\\/uploads\\\/2024\\\/09\\\/cropped-favicon.png\",\"width\":512,\"height\":512,\"caption\":\"Stra\u00dfenweb\"},\"image\":{\"@id\":\"https:\\\/\\\/www.strassenweb.de\\\/nachrichten\\\/#\\\/schema\\\/logo\\\/image\\\/\"},\"sameAs\":[\"https:\\\/\\\/www.facebook.com\\\/strassenweb\\\/\"]},{\"@type\":\"Person\",\"@id\":\"https:\\\/\\\/www.strassenweb.de\\\/nachrichten\\\/#\\\/schema\\\/person\\\/87c9c9067f1211da429a744dc5a5aa41\",\"name\":\"Robert Hoffmann\",\"image\":{\"@type\":\"ImageObject\",\"inLanguage\":\"de\",\"@id\":\"https:\\\/\\\/www.strassenweb.de\\\/nachrichten\\\/wp-content\\\/uploads\\\/2024\\\/09\\\/strassenweb-150x150.jpg\",\"url\":\"https:\\\/\\\/www.strassenweb.de\\\/nachrichten\\\/wp-content\\\/uploads\\\/2024\\\/09\\\/strassenweb-150x150.jpg\",\"contentUrl\":\"https:\\\/\\\/www.strassenweb.de\\\/nachrichten\\\/wp-content\\\/uploads\\\/2024\\\/09\\\/strassenweb-150x150.jpg\",\"caption\":\"Robert Hoffmann\"},\"description\":\"Ich hei\u00dfe Robert Hoffmann und ich bin ein leidenschaftlicher Verfechter von \u00d6kologie und Biodiversit\u00e4t. Seit meiner Kindheit in den W\u00e4ldern Bayerns f\u00fchle ich mich mit der Natur verbunden und bin entschlossen, sie zu sch\u00fctzen. Heute widme ich mein Leben der Sensibilisierung anderer f\u00fcr die Bedeutung des Umweltschutzes f\u00fcr zuk\u00fcnftige Generationen.\",\"sameAs\":[\"https:\\\/\\\/www.strassenweb.de\\\/\"]}]}<\/script>\n<!-- \/ Yoast SEO plugin. -->","yoast_head_json":{"title":"Die besten immergr\u00fcnen Farne \u2013 5 ungew\u00f6hnliche Anbaum\u00f6glichkeiten f\u00fcr ganzj\u00e4hriges Gr\u00fcn in Ihrem Garten - Nachrichten - Stra\u00dfenweb","robots":{"index":"index","follow":"follow","max-snippet":"max-snippet:-1","max-image-preview":"max-image-preview:large","max-video-preview":"max-video-preview:-1"},"canonical":"https:\/\/www.strassenweb.de\/nachrichten\/die-besten-immergruenen-farne-5-ungewoehnliche-anbaumoeglichkeiten-fuer-ganzjaehriges-gruen-in-ihrem-garten\/","og_locale":"de_DE","og_type":"article","og_title":"Die besten immergr\u00fcnen Farne \u2013 5 ungew\u00f6hnliche Anbaum\u00f6glichkeiten f\u00fcr ganzj\u00e4hriges Gr\u00fcn in Ihrem Garten - Nachrichten - Stra\u00dfenweb","og_description":"Weltweit wachsen etwa 12.000 Farnarten, die meisten davon kommen in W\u00e4ldern, Waldgebieten oder tropischen Regionen vor. Obwohl es unm\u00f6glich w\u00e4re, alle davon zu sammeln, genie\u00dfen","og_url":"https:\/\/www.strassenweb.de\/nachrichten\/die-besten-immergruenen-farne-5-ungewoehnliche-anbaumoeglichkeiten-fuer-ganzjaehriges-gruen-in-ihrem-garten\/","og_site_name":"Stra\u00dfenweb","article_publisher":"https:\/\/www.facebook.com\/strassenweb\/","article_published_time":"2024-12-12T10:43:52+00:00","article_modified_time":"2024-12-12T10:43:53+00:00","og_image":[{"width":1200,"height":675,"url":"https:\/\/www.strassenweb.de\/nachrichten\/wp-content\/uploads\/2024\/12\/Die-besten-immergruenen-Farne-\u2013-5-ungewoehnliche-Anbaumoeglichkeiten-fuer-ganzjaehriges.jpg","type":"image\/jpeg"}],"author":"Robert Hoffmann","twitter_card":"summary_large_image","twitter_misc":{"Verfasst von":"Robert Hoffmann","Gesch\u00e4tzte Lesezeit":"6\u00a0Minuten"},"schema":{"@context":"https:\/\/schema.org","@graph":[{"@type":"Article","@id":"https:\/\/www.strassenweb.de\/nachrichten\/die-besten-immergruenen-farne-5-ungewoehnliche-anbaumoeglichkeiten-fuer-ganzjaehriges-gruen-in-ihrem-garten\/#article","isPartOf":{"@id":"https:\/\/www.strassenweb.de\/nachrichten\/die-besten-immergruenen-farne-5-ungewoehnliche-anbaumoeglichkeiten-fuer-ganzjaehriges-gruen-in-ihrem-garten\/"},"author":{"name":"Robert Hoffmann","@id":"https:\/\/www.strassenweb.de\/nachrichten\/#\/schema\/person\/87c9c9067f1211da429a744dc5a5aa41"},"headline":"Die besten immergr\u00fcnen Farne \u2013 5 ungew\u00f6hnliche Anbaum\u00f6glichkeiten f\u00fcr ganzj\u00e4hriges Gr\u00fcn in Ihrem Garten","datePublished":"2024-12-12T10:43:52+00:00","dateModified":"2024-12-12T10:43:53+00:00","mainEntityOfPage":{"@id":"https:\/\/www.strassenweb.de\/nachrichten\/die-besten-immergruenen-farne-5-ungewoehnliche-anbaumoeglichkeiten-fuer-ganzjaehriges-gruen-in-ihrem-garten\/"},"wordCount":1174,"publisher":{"@id":"https:\/\/www.strassenweb.de\/nachrichten\/#organization"},"image":{"@id":"https:\/\/www.strassenweb.de\/nachrichten\/die-besten-immergruenen-farne-5-ungewoehnliche-anbaumoeglichkeiten-fuer-ganzjaehriges-gruen-in-ihrem-garten\/#primaryimage"},"thumbnailUrl":"https:\/\/www.strassenweb.de\/nachrichten\/wp-content\/uploads\/2024\/12\/Die-besten-immergruenen-Farne-\u2013-5-ungewoehnliche-Anbaumoeglichkeiten-fuer-ganzjaehriges.jpg","keywords":["Anbaum\u00f6glichkeiten","besten","die","Farne","f\u00fcr","ganzj\u00e4hriges","Garten","Gr\u00fcn","ihrem","immergr\u00fcnen","Ungew\u00f6hnliche"],"articleSection":["Haus &amp; Garten"],"inLanguage":"de"},{"@type":"WebPage","@id":"https:\/\/www.strassenweb.de\/nachrichten\/die-besten-immergruenen-farne-5-ungewoehnliche-anbaumoeglichkeiten-fuer-ganzjaehriges-gruen-in-ihrem-garten\/","url":"https:\/\/www.strassenweb.de\/nachrichten\/die-besten-immergruenen-farne-5-ungewoehnliche-anbaumoeglichkeiten-fuer-ganzjaehriges-gruen-in-ihrem-garten\/","name":"Die besten immergr\u00fcnen Farne \u2013 5 ungew\u00f6hnliche Anbaum\u00f6glichkeiten f\u00fcr ganzj\u00e4hriges Gr\u00fcn in Ihrem Garten - Nachrichten - Stra\u00dfenweb","isPartOf":{"@id":"https:\/\/www.strassenweb.de\/nachrichten\/#website"},"primaryImageOfPage":{"@id":"https:\/\/www.strassenweb.de\/nachrichten\/die-besten-immergruenen-farne-5-ungewoehnliche-anbaumoeglichkeiten-fuer-ganzjaehriges-gruen-in-ihrem-garten\/#primaryimage"},"image":{"@id":"https:\/\/www.strassenweb.de\/nachrichten\/die-besten-immergruenen-farne-5-ungewoehnliche-anbaumoeglichkeiten-fuer-ganzjaehriges-gruen-in-ihrem-garten\/#primaryimage"},"thumbnailUrl":"https:\/\/www.strassenweb.de\/nachrichten\/wp-content\/uploads\/2024\/12\/Die-besten-immergruenen-Farne-\u2013-5-ungewoehnliche-Anbaumoeglichkeiten-fuer-ganzjaehriges.jpg","datePublished":"2024-12-12T10:43:52+00:00","dateModified":"2024-12-12T10:43:53+00:00","breadcrumb":{"@id":"https:\/\/www.strassenweb.de\/nachrichten\/die-besten-immergruenen-farne-5-ungewoehnliche-anbaumoeglichkeiten-fuer-ganzjaehriges-gruen-in-ihrem-garten\/#breadcrumb"},"inLanguage":"de","potentialAction":[{"@type":"ReadAction","target":["https:\/\/www.strassenweb.de\/nachrichten\/die-besten-immergruenen-farne-5-ungewoehnliche-anbaumoeglichkeiten-fuer-ganzjaehriges-gruen-in-ihrem-garten\/"]}]},{"@type":"ImageObject","inLanguage":"de","@id":"https:\/\/www.strassenweb.de\/nachrichten\/die-besten-immergruenen-farne-5-ungewoehnliche-anbaumoeglichkeiten-fuer-ganzjaehriges-gruen-in-ihrem-garten\/#primaryimage","url":"https:\/\/www.strassenweb.de\/nachrichten\/wp-content\/uploads\/2024\/12\/Die-besten-immergruenen-Farne-\u2013-5-ungewoehnliche-Anbaumoeglichkeiten-fuer-ganzjaehriges.jpg","contentUrl":"https:\/\/www.strassenweb.de\/nachrichten\/wp-content\/uploads\/2024\/12\/Die-besten-immergruenen-Farne-\u2013-5-ungewoehnliche-Anbaumoeglichkeiten-fuer-ganzjaehriges.jpg","width":1200,"height":675,"caption":"Die besten immergr\u00fcnen Farne \u2013 5 ungew\u00f6hnliche Anbaum\u00f6glichkeiten f\u00fcr ganzj\u00e4hriges Gr\u00fcn in Ihrem Garten"},{"@type":"BreadcrumbList","@id":"https:\/\/www.strassenweb.de\/nachrichten\/die-besten-immergruenen-farne-5-ungewoehnliche-anbaumoeglichkeiten-fuer-ganzjaehriges-gruen-in-ihrem-garten\/#breadcrumb","itemListElement":[{"@type":"ListItem","position":1,"name":"Home","item":"https:\/\/www.strassenweb.de\/nachrichten\/"},{"@type":"ListItem","position":2,"name":"Die besten immergr\u00fcnen Farne \u2013 5 ungew\u00f6hnliche Anbaum\u00f6glichkeiten f\u00fcr ganzj\u00e4hriges Gr\u00fcn in Ihrem Garten"}]},{"@type":"WebSite","@id":"https:\/\/www.strassenweb.de\/nachrichten\/#website","url":"https:\/\/www.strassenweb.de\/nachrichten\/","name":"Stra\u00dfenweb","description":"Stra\u00dfenverzeichnis f\u00fcr Deutschland","publisher":{"@id":"https:\/\/www.strassenweb.de\/nachrichten\/#organization"},"potentialAction":[{"@type":"SearchAction","target":{"@type":"EntryPoint","urlTemplate":"https:\/\/www.strassenweb.de\/nachrichten\/?s={search_term_string}"},"query-input":{"@type":"PropertyValueSpecification","valueRequired":true,"valueName":"search_term_string"}}],"inLanguage":"de"},{"@type":"Organization","@id":"https:\/\/www.strassenweb.de\/nachrichten\/#organization","name":"Stra\u00dfenweb","url":"https:\/\/www.strassenweb.de\/nachrichten\/","logo":{"@type":"ImageObject","inLanguage":"de","@id":"https:\/\/www.strassenweb.de\/nachrichten\/#\/schema\/logo\/image\/","url":"https:\/\/www.strassenweb.de\/nachrichten\/wp-content\/uploads\/2024\/09\/cropped-favicon.png","contentUrl":"https:\/\/www.strassenweb.de\/nachrichten\/wp-content\/uploads\/2024\/09\/cropped-favicon.png","width":512,"height":512,"caption":"Stra\u00dfenweb"},"image":{"@id":"https:\/\/www.strassenweb.de\/nachrichten\/#\/schema\/logo\/image\/"},"sameAs":["https:\/\/www.facebook.com\/strassenweb\/"]},{"@type":"Person","@id":"https:\/\/www.strassenweb.de\/nachrichten\/#\/schema\/person\/87c9c9067f1211da429a744dc5a5aa41","name":"Robert Hoffmann","image":{"@type":"ImageObject","inLanguage":"de","@id":"https:\/\/www.strassenweb.de\/nachrichten\/wp-content\/uploads\/2024\/09\/strassenweb-150x150.jpg","url":"https:\/\/www.strassenweb.de\/nachrichten\/wp-content\/uploads\/2024\/09\/strassenweb-150x150.jpg","contentUrl":"https:\/\/www.strassenweb.de\/nachrichten\/wp-content\/uploads\/2024\/09\/strassenweb-150x150.jpg","caption":"Robert Hoffmann"},"description":"Ich hei\u00dfe Robert Hoffmann und ich bin ein leidenschaftlicher Verfechter von \u00d6kologie und Biodiversit\u00e4t. Seit meiner Kindheit in den W\u00e4ldern Bayerns f\u00fchle ich mich mit der Natur verbunden und bin entschlossen, sie zu sch\u00fctzen. Heute widme ich mein Leben der Sensibilisierung anderer f\u00fcr die Bedeutung des Umweltschutzes f\u00fcr zuk\u00fcnftige Generationen.","sameAs":["https:\/\/www.strassenweb.de\/"]}]}},"_links":{"self":[{"href":"https:\/\/www.strassenweb.de\/nachrichten\/wp-json\/wp\/v2\/posts\/2075","targetHints":{"allow":["GET"]}}],"collection":[{"href":"https:\/\/www.strassenweb.de\/nachrichten\/wp-json\/wp\/v2\/posts"}],"about":[{"href":"https:\/\/www.strassenweb.de\/nachrichten\/wp-json\/wp\/v2\/types\/post"}],"author":[{"embeddable":true,"href":"https:\/\/www.strassenweb.de\/nachrichten\/wp-json\/wp\/v2\/users\/1"}],"replies":[{"embeddable":true,"href":"https:\/\/www.strassenweb.de\/nachrichten\/wp-json\/wp\/v2\/comments?post=2075"}],"version-history":[{"count":0,"href":"https:\/\/www.strassenweb.de\/nachrichten\/wp-json\/wp\/v2\/posts\/2075\/revisions"}],"wp:featuredmedia":[{"embeddable":true,"href":"https:\/\/www.strassenweb.de\/nachrichten\/wp-json\/wp\/v2\/media\/2076"}],"wp:attachment":[{"href":"https:\/\/www.strassenweb.de\/nachrichten\/wp-json\/wp\/v2\/media?parent=2075"}],"wp:term":[{"taxonomy":"category","embeddable":true,"href":"https:\/\/www.strassenweb.de\/nachrichten\/wp-json\/wp\/v2\/categories?post=2075"},{"taxonomy":"post_tag","embeddable":true,"href":"https:\/\/www.strassenweb.de\/nachrichten\/wp-json\/wp\/v2\/tags?post=2075"}],"curies":[{"name":"wp","href":"https:\/\/api.w.org\/{rel}","templated":true}]}}