{"id":2063,"date":"2024-12-12T00:16:38","date_gmt":"2024-12-11T23:16:38","guid":{"rendered":"https:\/\/www.strassenweb.de\/nachrichten\/ich-habe-nicht-einen-gefunden-sondern-zwei-le-creuset-feiertagsverkaeufe-sie-werden-nicht-lange-dauern-also-fuege-ich-heute-abend-meinen-wagen-hinzu\/"},"modified":"2024-12-12T00:16:41","modified_gmt":"2024-12-11T23:16:41","slug":"ich-habe-nicht-einen-gefunden-sondern-zwei-le-creuset-feiertagsverkaeufe-sie-werden-nicht-lange-dauern-also-fuege-ich-heute-abend-meinen-wagen-hinzu","status":"publish","type":"post","link":"https:\/\/www.strassenweb.de\/nachrichten\/ich-habe-nicht-einen-gefunden-sondern-zwei-le-creuset-feiertagsverkaeufe-sie-werden-nicht-lange-dauern-also-fuege-ich-heute-abend-meinen-wagen-hinzu\/","title":{"rendered":"Ich habe nicht einen gefunden, sondern zwei Le Creuset -Feiertagsverk\u00e4ufe &#8211; sie werden nicht lange dauern, also f\u00fcge ich heute Abend meinen Wagen hinzu"},"content":{"rendered":"<p><\/p>\n<div id=\"article-body\" class=\"article__body \">\n<p>Es ist nicht Weihnachten ohne Le Creuset. Egal, ob es sich um einen gem\u00fctlichen Wintertopf, ein dekadentes Dessert handelt oder einfach den Tisch mit extra festlichem Flair, Le Creuset verleiht der Saison einen magischen Hauch von W\u00e4rme und Eleganz.<\/p>\n<div id=\"ad-unit-1\" class=\"ad-unit\"><\/div>\n<p>Nun, die guten Nachrichten &#8211; ich bin gerade auf einen festlichen Verkauf von Le Creuset gesto\u00dfen. Ja, Sie haben das Recht gelesen. W\u00e4hrend dieses Premium-Kochgeschirr f\u00fcr investitionsw\u00fcrdige Qualit\u00e4t und Preise bekannt ist, habe ich bei QVC und LecreUSet.com, insbesondere bei der Weihnachtskollektion, unwiderstehliche Feiertagsangebote festgestellt. Die schlechte Nachricht ist, dass die Verk\u00e4ufe nur begrenzt sind. Es sieht so aus, als ob der QVC -Verkauf morgen (12\/12) endet und der Le Creuset etwas vage so am besten ist, schnell zu handeln.<\/p>\n<p>Mit der Jahreszeit, in der es sich um den Gesamtschwung handelt, gibt es keine bessere Zeit, um sich selbst, Lieben oder Ihr Zuhause f\u00fcr diese zeitlosen Sch\u00e4tze zu g\u00f6nnen. Hier ist, was gerade in meinem Karren ist.<\/p>\n<div id=\"desktop-in-article\" class=\"in-article ad-unit\">\n<div id=\"desktop-taboola-mid-article\"><\/div>\n<\/div>\n<div id=\"mobile-in-article\" class=\"in-article ad-unit\">\n<div id=\"mobile-taboola-mid-article\"><\/div>\n<\/div>\n<figure class=\"van-image-figure inline-layout \" data-bordeaux-image-check>\n<div class=\"image-full-width-wrapper\">\n<div class=\"image-widthsetter\" style=\"max-width:2400px;\"><\/div>\n<\/div>\n<\/figure>\n<h3 class=\"article-body__section\" id=\"section-what-s-in-my-cart-from-the-le-creuset-holiday-sales\"><span>Was ist in meinem Karren aus dem Le Creuset -Feiertagsverk\u00e4ufe in meinem Karren?<\/span><\/h3>\n<div class=\"product-container hero-product-container product-block-no-wrap\"><\/div>\n<section class=\"article__schema-question\">\n<h3>Lohnt sich Le Creuset?<\/h3>\n<article class=\"article__schema-answer\">\n<p>Selbst zum vollen Preis ist Le Creuset es wert. Sicher, die Kosten f\u00fcr die Voraus sind viel, aber diese K\u00fcchen wichtige Erbst\u00fccke werden schnell zu Erbst\u00fccken. Le Creuset gew\u00e4hrt allen Produkten lange Garantien. Wenn Sie also Kosten pro Verwendung ausarbeiten, ist es sinnvoll, in Qualit\u00e4t \u00fcber Quantit\u00e4t zu investieren.<\/p>\n<p>Wir haben einen ganzen Artikel gewidmet <u>Ob Sie Le Creuset kaufen sollten<\/u> Und wenn Sie wollen, was Sie kaufen sollten. Es wurde von einem lebenslangen Nutzer von Le Creuset, Emilia, geschrieben.<\/p>\n<\/article>\n<\/section>\n<hr>\n<aside class=\"hawk-nest\" data-block-type=\"embed\" data-render-type=\"fte\" data-skip=\"dealsy\" data-widget-type=\"seasonal\">\n<div class=\"hawk-master-widget-hawk-base-wrapper\"><\/div>\n<\/aside>\n<p>Von ihrer legend\u00e4ren Haltbarkeit bis hin zu den skurrilen franz\u00f6sischen No\u00ebl -Designs dieser Saison sind diese Artikel nicht nur sch\u00f6n, sondern auch f\u00fcr Generationen gebaut. Egal, ob Sie Kochen, Hosting oder Geschenke, jedes St\u00fcck f\u00fchlt sich in den kommenden Jahren wie eine Investition in Freude an. Der Verkauf ist einfach ein Bonus!<\/p>\n<div class=\"van_vid_carousel\">\n<div class=\"van_vid_carousel__padding\">\n<div class=\"van_vid_carousel__container\"><\/div>\n<\/div>\n<\/div>\n<div id=\"slice-container-newsletterForm-articleInbodyContent-QSXnV6EhbsFvNgBTMt2SpH\" class=\"slice-container newsletter-inbodyContent-slice newsletterForm-articleInbodyContent-QSXnV6EhbsFvNgBTMt2SpH slice-container-newsletterForm\"><\/div>\n<div id=\"ad-unit-2\" class=\"ad-unit\"><\/div>\n<\/div>\n","protected":false},"excerpt":{"rendered":"<p>Es ist nicht Weihnachten ohne Le Creuset. Egal, ob es sich um einen gem\u00fctlichen Wintertopf, ein dekadentes Dessert handelt oder einfach den Tisch mit extra<\/p>\n","protected":false},"author":1,"featured_media":2064,"comment_status":"closed","ping_status":"","sticky":false,"template":"","format":"standard","meta":{"footnotes":""},"categories":[118],"tags":[3621,3616,3619,166,3617,3620,626,823,614,3623,129,3618,1096,61,165,3615,3622,27,559],"class_list":["post-2063","post","type-post","status-publish","format-standard","has-post-thumbnail","hentry","category-haus-garten","tag-abend","tag-creuset","tag-dauern","tag-einen","tag-feiertagsverkaeufe","tag-fuege","tag-gefunden","tag-habe","tag-heute","tag-hinzu","tag-ich","tag-lange","tag-meinen","tag-nicht","tag-sie","tag-sondern","tag-wagen","tag-werden","tag-zwei","generate-columns","tablet-grid-50","mobile-grid-100","grid-parent","grid-50"],"yoast_head":"<!-- This site is optimized with the Yoast SEO plugin v27.3 - https:\/\/yoast.com\/product\/yoast-seo-wordpress\/ -->\n<title>Ich habe nicht einen gefunden, sondern zwei Le Creuset -Feiertagsverk\u00e4ufe - sie werden nicht lange dauern, also f\u00fcge ich heute Abend meinen Wagen hinzu - Nachrichten - Stra\u00dfenweb<\/title>\n<meta name=\"robots\" content=\"index, follow, max-snippet:-1, max-image-preview:large, max-video-preview:-1\" \/>\n<link rel=\"canonical\" href=\"https:\/\/www.strassenweb.de\/nachrichten\/ich-habe-nicht-einen-gefunden-sondern-zwei-le-creuset-feiertagsverkaeufe-sie-werden-nicht-lange-dauern-also-fuege-ich-heute-abend-meinen-wagen-hinzu\/\" \/>\n<meta property=\"og:locale\" content=\"de_DE\" \/>\n<meta property=\"og:type\" content=\"article\" \/>\n<meta property=\"og:title\" content=\"Ich habe nicht einen gefunden, sondern zwei Le Creuset -Feiertagsverk\u00e4ufe - sie werden nicht lange dauern, also f\u00fcge ich heute Abend meinen Wagen hinzu - Nachrichten - Stra\u00dfenweb\" \/>\n<meta property=\"og:description\" content=\"Es ist nicht Weihnachten ohne Le Creuset. Egal, ob es sich um einen gem\u00fctlichen Wintertopf, ein dekadentes Dessert handelt oder einfach den Tisch mit extra\" \/>\n<meta property=\"og:url\" content=\"https:\/\/www.strassenweb.de\/nachrichten\/ich-habe-nicht-einen-gefunden-sondern-zwei-le-creuset-feiertagsverkaeufe-sie-werden-nicht-lange-dauern-also-fuege-ich-heute-abend-meinen-wagen-hinzu\/\" \/>\n<meta property=\"og:site_name\" content=\"Stra\u00dfenweb\" \/>\n<meta property=\"article:publisher\" content=\"https:\/\/www.facebook.com\/strassenweb\/\" \/>\n<meta property=\"article:published_time\" content=\"2024-12-11T23:16:38+00:00\" \/>\n<meta property=\"article:modified_time\" content=\"2024-12-11T23:16:41+00:00\" \/>\n<meta property=\"og:image\" content=\"https:\/\/www.strassenweb.de\/nachrichten\/wp-content\/uploads\/2024\/12\/Ich-habe-nicht-einen-gefunden-sondern-zwei-Le-Creuset-Feiertagsverkaeufe.png\" \/>\n\t<meta property=\"og:image:width\" content=\"1200\" \/>\n\t<meta property=\"og:image:height\" content=\"675\" \/>\n\t<meta property=\"og:image:type\" content=\"image\/png\" \/>\n<meta name=\"author\" content=\"Robert Hoffmann\" \/>\n<meta name=\"twitter:card\" content=\"summary_large_image\" \/>\n<meta name=\"twitter:label1\" content=\"Verfasst von\" \/>\n\t<meta name=\"twitter:data1\" content=\"Robert Hoffmann\" \/>\n\t<meta name=\"twitter:label2\" content=\"Gesch\u00e4tzte Lesezeit\" \/>\n\t<meta name=\"twitter:data2\" content=\"2\u00a0Minuten\" \/>\n<script type=\"application\/ld+json\" class=\"yoast-schema-graph\">{\"@context\":\"https:\\\/\\\/schema.org\",\"@graph\":[{\"@type\":\"Article\",\"@id\":\"https:\\\/\\\/www.strassenweb.de\\\/nachrichten\\\/ich-habe-nicht-einen-gefunden-sondern-zwei-le-creuset-feiertagsverkaeufe-sie-werden-nicht-lange-dauern-also-fuege-ich-heute-abend-meinen-wagen-hinzu\\\/#article\",\"isPartOf\":{\"@id\":\"https:\\\/\\\/www.strassenweb.de\\\/nachrichten\\\/ich-habe-nicht-einen-gefunden-sondern-zwei-le-creuset-feiertagsverkaeufe-sie-werden-nicht-lange-dauern-also-fuege-ich-heute-abend-meinen-wagen-hinzu\\\/\"},\"author\":{\"name\":\"Robert Hoffmann\",\"@id\":\"https:\\\/\\\/www.strassenweb.de\\\/nachrichten\\\/#\\\/schema\\\/person\\\/87c9c9067f1211da429a744dc5a5aa41\"},\"headline\":\"Ich habe nicht einen gefunden, sondern zwei Le Creuset -Feiertagsverk\u00e4ufe &#8211; sie werden nicht lange dauern, also f\u00fcge ich heute Abend meinen Wagen hinzu\",\"datePublished\":\"2024-12-11T23:16:38+00:00\",\"dateModified\":\"2024-12-11T23:16:41+00:00\",\"mainEntityOfPage\":{\"@id\":\"https:\\\/\\\/www.strassenweb.de\\\/nachrichten\\\/ich-habe-nicht-einen-gefunden-sondern-zwei-le-creuset-feiertagsverkaeufe-sie-werden-nicht-lange-dauern-also-fuege-ich-heute-abend-meinen-wagen-hinzu\\\/\"},\"wordCount\":357,\"publisher\":{\"@id\":\"https:\\\/\\\/www.strassenweb.de\\\/nachrichten\\\/#organization\"},\"image\":{\"@id\":\"https:\\\/\\\/www.strassenweb.de\\\/nachrichten\\\/ich-habe-nicht-einen-gefunden-sondern-zwei-le-creuset-feiertagsverkaeufe-sie-werden-nicht-lange-dauern-also-fuege-ich-heute-abend-meinen-wagen-hinzu\\\/#primaryimage\"},\"thumbnailUrl\":\"https:\\\/\\\/www.strassenweb.de\\\/nachrichten\\\/wp-content\\\/uploads\\\/2024\\\/12\\\/Ich-habe-nicht-einen-gefunden-sondern-zwei-Le-Creuset-Feiertagsverkaeufe.png\",\"keywords\":[\"Abend\",\"Creuset\",\"dauern\",\"einen\",\"Feiertagsverk\u00e4ufe\",\"f\u00fcge\",\"gefunden\",\"habe\",\"heute\",\"hinzu\",\"ich\",\"lange\",\"meinen\",\"nicht\",\"Sie\",\"sondern\",\"Wagen\",\"werden\",\"zwei\"],\"articleSection\":[\"Haus &amp; Garten\"],\"inLanguage\":\"de\"},{\"@type\":\"WebPage\",\"@id\":\"https:\\\/\\\/www.strassenweb.de\\\/nachrichten\\\/ich-habe-nicht-einen-gefunden-sondern-zwei-le-creuset-feiertagsverkaeufe-sie-werden-nicht-lange-dauern-also-fuege-ich-heute-abend-meinen-wagen-hinzu\\\/\",\"url\":\"https:\\\/\\\/www.strassenweb.de\\\/nachrichten\\\/ich-habe-nicht-einen-gefunden-sondern-zwei-le-creuset-feiertagsverkaeufe-sie-werden-nicht-lange-dauern-also-fuege-ich-heute-abend-meinen-wagen-hinzu\\\/\",\"name\":\"Ich habe nicht einen gefunden, sondern zwei Le Creuset -Feiertagsverk\u00e4ufe - sie werden nicht lange dauern, also f\u00fcge ich heute Abend meinen Wagen hinzu - Nachrichten - Stra\u00dfenweb\",\"isPartOf\":{\"@id\":\"https:\\\/\\\/www.strassenweb.de\\\/nachrichten\\\/#website\"},\"primaryImageOfPage\":{\"@id\":\"https:\\\/\\\/www.strassenweb.de\\\/nachrichten\\\/ich-habe-nicht-einen-gefunden-sondern-zwei-le-creuset-feiertagsverkaeufe-sie-werden-nicht-lange-dauern-also-fuege-ich-heute-abend-meinen-wagen-hinzu\\\/#primaryimage\"},\"image\":{\"@id\":\"https:\\\/\\\/www.strassenweb.de\\\/nachrichten\\\/ich-habe-nicht-einen-gefunden-sondern-zwei-le-creuset-feiertagsverkaeufe-sie-werden-nicht-lange-dauern-also-fuege-ich-heute-abend-meinen-wagen-hinzu\\\/#primaryimage\"},\"thumbnailUrl\":\"https:\\\/\\\/www.strassenweb.de\\\/nachrichten\\\/wp-content\\\/uploads\\\/2024\\\/12\\\/Ich-habe-nicht-einen-gefunden-sondern-zwei-Le-Creuset-Feiertagsverkaeufe.png\",\"datePublished\":\"2024-12-11T23:16:38+00:00\",\"dateModified\":\"2024-12-11T23:16:41+00:00\",\"breadcrumb\":{\"@id\":\"https:\\\/\\\/www.strassenweb.de\\\/nachrichten\\\/ich-habe-nicht-einen-gefunden-sondern-zwei-le-creuset-feiertagsverkaeufe-sie-werden-nicht-lange-dauern-also-fuege-ich-heute-abend-meinen-wagen-hinzu\\\/#breadcrumb\"},\"inLanguage\":\"de\",\"potentialAction\":[{\"@type\":\"ReadAction\",\"target\":[\"https:\\\/\\\/www.strassenweb.de\\\/nachrichten\\\/ich-habe-nicht-einen-gefunden-sondern-zwei-le-creuset-feiertagsverkaeufe-sie-werden-nicht-lange-dauern-also-fuege-ich-heute-abend-meinen-wagen-hinzu\\\/\"]}]},{\"@type\":\"ImageObject\",\"inLanguage\":\"de\",\"@id\":\"https:\\\/\\\/www.strassenweb.de\\\/nachrichten\\\/ich-habe-nicht-einen-gefunden-sondern-zwei-le-creuset-feiertagsverkaeufe-sie-werden-nicht-lange-dauern-also-fuege-ich-heute-abend-meinen-wagen-hinzu\\\/#primaryimage\",\"url\":\"https:\\\/\\\/www.strassenweb.de\\\/nachrichten\\\/wp-content\\\/uploads\\\/2024\\\/12\\\/Ich-habe-nicht-einen-gefunden-sondern-zwei-Le-Creuset-Feiertagsverkaeufe.png\",\"contentUrl\":\"https:\\\/\\\/www.strassenweb.de\\\/nachrichten\\\/wp-content\\\/uploads\\\/2024\\\/12\\\/Ich-habe-nicht-einen-gefunden-sondern-zwei-Le-Creuset-Feiertagsverkaeufe.png\",\"width\":1200,\"height\":675,\"caption\":\"Ich habe nicht einen gefunden, sondern zwei Le Creuset -Feiertagsverk\u00e4ufe - sie werden nicht lange dauern, also f\u00fcge ich heute Abend meinen Wagen hinzu\"},{\"@type\":\"BreadcrumbList\",\"@id\":\"https:\\\/\\\/www.strassenweb.de\\\/nachrichten\\\/ich-habe-nicht-einen-gefunden-sondern-zwei-le-creuset-feiertagsverkaeufe-sie-werden-nicht-lange-dauern-also-fuege-ich-heute-abend-meinen-wagen-hinzu\\\/#breadcrumb\",\"itemListElement\":[{\"@type\":\"ListItem\",\"position\":1,\"name\":\"Home\",\"item\":\"https:\\\/\\\/www.strassenweb.de\\\/nachrichten\\\/\"},{\"@type\":\"ListItem\",\"position\":2,\"name\":\"Ich habe nicht einen gefunden, sondern zwei Le Creuset -Feiertagsverk\u00e4ufe &#8211; sie werden nicht lange dauern, also f\u00fcge ich heute Abend meinen Wagen hinzu\"}]},{\"@type\":\"WebSite\",\"@id\":\"https:\\\/\\\/www.strassenweb.de\\\/nachrichten\\\/#website\",\"url\":\"https:\\\/\\\/www.strassenweb.de\\\/nachrichten\\\/\",\"name\":\"Stra\u00dfenweb\",\"description\":\"Stra\u00dfenverzeichnis f\u00fcr Deutschland\",\"publisher\":{\"@id\":\"https:\\\/\\\/www.strassenweb.de\\\/nachrichten\\\/#organization\"},\"potentialAction\":[{\"@type\":\"SearchAction\",\"target\":{\"@type\":\"EntryPoint\",\"urlTemplate\":\"https:\\\/\\\/www.strassenweb.de\\\/nachrichten\\\/?s={search_term_string}\"},\"query-input\":{\"@type\":\"PropertyValueSpecification\",\"valueRequired\":true,\"valueName\":\"search_term_string\"}}],\"inLanguage\":\"de\"},{\"@type\":\"Organization\",\"@id\":\"https:\\\/\\\/www.strassenweb.de\\\/nachrichten\\\/#organization\",\"name\":\"Stra\u00dfenweb\",\"url\":\"https:\\\/\\\/www.strassenweb.de\\\/nachrichten\\\/\",\"logo\":{\"@type\":\"ImageObject\",\"inLanguage\":\"de\",\"@id\":\"https:\\\/\\\/www.strassenweb.de\\\/nachrichten\\\/#\\\/schema\\\/logo\\\/image\\\/\",\"url\":\"https:\\\/\\\/www.strassenweb.de\\\/nachrichten\\\/wp-content\\\/uploads\\\/2024\\\/09\\\/cropped-favicon.png\",\"contentUrl\":\"https:\\\/\\\/www.strassenweb.de\\\/nachrichten\\\/wp-content\\\/uploads\\\/2024\\\/09\\\/cropped-favicon.png\",\"width\":512,\"height\":512,\"caption\":\"Stra\u00dfenweb\"},\"image\":{\"@id\":\"https:\\\/\\\/www.strassenweb.de\\\/nachrichten\\\/#\\\/schema\\\/logo\\\/image\\\/\"},\"sameAs\":[\"https:\\\/\\\/www.facebook.com\\\/strassenweb\\\/\"]},{\"@type\":\"Person\",\"@id\":\"https:\\\/\\\/www.strassenweb.de\\\/nachrichten\\\/#\\\/schema\\\/person\\\/87c9c9067f1211da429a744dc5a5aa41\",\"name\":\"Robert Hoffmann\",\"image\":{\"@type\":\"ImageObject\",\"inLanguage\":\"de\",\"@id\":\"https:\\\/\\\/www.strassenweb.de\\\/nachrichten\\\/wp-content\\\/uploads\\\/2024\\\/09\\\/strassenweb-150x150.jpg\",\"url\":\"https:\\\/\\\/www.strassenweb.de\\\/nachrichten\\\/wp-content\\\/uploads\\\/2024\\\/09\\\/strassenweb-150x150.jpg\",\"contentUrl\":\"https:\\\/\\\/www.strassenweb.de\\\/nachrichten\\\/wp-content\\\/uploads\\\/2024\\\/09\\\/strassenweb-150x150.jpg\",\"caption\":\"Robert Hoffmann\"},\"description\":\"Ich hei\u00dfe Robert Hoffmann und ich bin ein leidenschaftlicher Verfechter von \u00d6kologie und Biodiversit\u00e4t. Seit meiner Kindheit in den W\u00e4ldern Bayerns f\u00fchle ich mich mit der Natur verbunden und bin entschlossen, sie zu sch\u00fctzen. Heute widme ich mein Leben der Sensibilisierung anderer f\u00fcr die Bedeutung des Umweltschutzes f\u00fcr zuk\u00fcnftige Generationen.\",\"sameAs\":[\"https:\\\/\\\/www.strassenweb.de\\\/\"]}]}<\/script>\n<!-- \/ Yoast SEO plugin. -->","yoast_head_json":{"title":"Ich habe nicht einen gefunden, sondern zwei Le Creuset -Feiertagsverk\u00e4ufe - sie werden nicht lange dauern, also f\u00fcge ich heute Abend meinen Wagen hinzu - Nachrichten - Stra\u00dfenweb","robots":{"index":"index","follow":"follow","max-snippet":"max-snippet:-1","max-image-preview":"max-image-preview:large","max-video-preview":"max-video-preview:-1"},"canonical":"https:\/\/www.strassenweb.de\/nachrichten\/ich-habe-nicht-einen-gefunden-sondern-zwei-le-creuset-feiertagsverkaeufe-sie-werden-nicht-lange-dauern-also-fuege-ich-heute-abend-meinen-wagen-hinzu\/","og_locale":"de_DE","og_type":"article","og_title":"Ich habe nicht einen gefunden, sondern zwei Le Creuset -Feiertagsverk\u00e4ufe - sie werden nicht lange dauern, also f\u00fcge ich heute Abend meinen Wagen hinzu - Nachrichten - Stra\u00dfenweb","og_description":"Es ist nicht Weihnachten ohne Le Creuset. Egal, ob es sich um einen gem\u00fctlichen Wintertopf, ein dekadentes Dessert handelt oder einfach den Tisch mit extra","og_url":"https:\/\/www.strassenweb.de\/nachrichten\/ich-habe-nicht-einen-gefunden-sondern-zwei-le-creuset-feiertagsverkaeufe-sie-werden-nicht-lange-dauern-also-fuege-ich-heute-abend-meinen-wagen-hinzu\/","og_site_name":"Stra\u00dfenweb","article_publisher":"https:\/\/www.facebook.com\/strassenweb\/","article_published_time":"2024-12-11T23:16:38+00:00","article_modified_time":"2024-12-11T23:16:41+00:00","og_image":[{"width":1200,"height":675,"url":"https:\/\/www.strassenweb.de\/nachrichten\/wp-content\/uploads\/2024\/12\/Ich-habe-nicht-einen-gefunden-sondern-zwei-Le-Creuset-Feiertagsverkaeufe.png","type":"image\/png"}],"author":"Robert Hoffmann","twitter_card":"summary_large_image","twitter_misc":{"Verfasst von":"Robert Hoffmann","Gesch\u00e4tzte Lesezeit":"2\u00a0Minuten"},"schema":{"@context":"https:\/\/schema.org","@graph":[{"@type":"Article","@id":"https:\/\/www.strassenweb.de\/nachrichten\/ich-habe-nicht-einen-gefunden-sondern-zwei-le-creuset-feiertagsverkaeufe-sie-werden-nicht-lange-dauern-also-fuege-ich-heute-abend-meinen-wagen-hinzu\/#article","isPartOf":{"@id":"https:\/\/www.strassenweb.de\/nachrichten\/ich-habe-nicht-einen-gefunden-sondern-zwei-le-creuset-feiertagsverkaeufe-sie-werden-nicht-lange-dauern-also-fuege-ich-heute-abend-meinen-wagen-hinzu\/"},"author":{"name":"Robert Hoffmann","@id":"https:\/\/www.strassenweb.de\/nachrichten\/#\/schema\/person\/87c9c9067f1211da429a744dc5a5aa41"},"headline":"Ich habe nicht einen gefunden, sondern zwei Le Creuset -Feiertagsverk\u00e4ufe &#8211; sie werden nicht lange dauern, also f\u00fcge ich heute Abend meinen Wagen hinzu","datePublished":"2024-12-11T23:16:38+00:00","dateModified":"2024-12-11T23:16:41+00:00","mainEntityOfPage":{"@id":"https:\/\/www.strassenweb.de\/nachrichten\/ich-habe-nicht-einen-gefunden-sondern-zwei-le-creuset-feiertagsverkaeufe-sie-werden-nicht-lange-dauern-also-fuege-ich-heute-abend-meinen-wagen-hinzu\/"},"wordCount":357,"publisher":{"@id":"https:\/\/www.strassenweb.de\/nachrichten\/#organization"},"image":{"@id":"https:\/\/www.strassenweb.de\/nachrichten\/ich-habe-nicht-einen-gefunden-sondern-zwei-le-creuset-feiertagsverkaeufe-sie-werden-nicht-lange-dauern-also-fuege-ich-heute-abend-meinen-wagen-hinzu\/#primaryimage"},"thumbnailUrl":"https:\/\/www.strassenweb.de\/nachrichten\/wp-content\/uploads\/2024\/12\/Ich-habe-nicht-einen-gefunden-sondern-zwei-Le-Creuset-Feiertagsverkaeufe.png","keywords":["Abend","Creuset","dauern","einen","Feiertagsverk\u00e4ufe","f\u00fcge","gefunden","habe","heute","hinzu","ich","lange","meinen","nicht","Sie","sondern","Wagen","werden","zwei"],"articleSection":["Haus &amp; Garten"],"inLanguage":"de"},{"@type":"WebPage","@id":"https:\/\/www.strassenweb.de\/nachrichten\/ich-habe-nicht-einen-gefunden-sondern-zwei-le-creuset-feiertagsverkaeufe-sie-werden-nicht-lange-dauern-also-fuege-ich-heute-abend-meinen-wagen-hinzu\/","url":"https:\/\/www.strassenweb.de\/nachrichten\/ich-habe-nicht-einen-gefunden-sondern-zwei-le-creuset-feiertagsverkaeufe-sie-werden-nicht-lange-dauern-also-fuege-ich-heute-abend-meinen-wagen-hinzu\/","name":"Ich habe nicht einen gefunden, sondern zwei Le Creuset -Feiertagsverk\u00e4ufe - sie werden nicht lange dauern, also f\u00fcge ich heute Abend meinen Wagen hinzu - Nachrichten - Stra\u00dfenweb","isPartOf":{"@id":"https:\/\/www.strassenweb.de\/nachrichten\/#website"},"primaryImageOfPage":{"@id":"https:\/\/www.strassenweb.de\/nachrichten\/ich-habe-nicht-einen-gefunden-sondern-zwei-le-creuset-feiertagsverkaeufe-sie-werden-nicht-lange-dauern-also-fuege-ich-heute-abend-meinen-wagen-hinzu\/#primaryimage"},"image":{"@id":"https:\/\/www.strassenweb.de\/nachrichten\/ich-habe-nicht-einen-gefunden-sondern-zwei-le-creuset-feiertagsverkaeufe-sie-werden-nicht-lange-dauern-also-fuege-ich-heute-abend-meinen-wagen-hinzu\/#primaryimage"},"thumbnailUrl":"https:\/\/www.strassenweb.de\/nachrichten\/wp-content\/uploads\/2024\/12\/Ich-habe-nicht-einen-gefunden-sondern-zwei-Le-Creuset-Feiertagsverkaeufe.png","datePublished":"2024-12-11T23:16:38+00:00","dateModified":"2024-12-11T23:16:41+00:00","breadcrumb":{"@id":"https:\/\/www.strassenweb.de\/nachrichten\/ich-habe-nicht-einen-gefunden-sondern-zwei-le-creuset-feiertagsverkaeufe-sie-werden-nicht-lange-dauern-also-fuege-ich-heute-abend-meinen-wagen-hinzu\/#breadcrumb"},"inLanguage":"de","potentialAction":[{"@type":"ReadAction","target":["https:\/\/www.strassenweb.de\/nachrichten\/ich-habe-nicht-einen-gefunden-sondern-zwei-le-creuset-feiertagsverkaeufe-sie-werden-nicht-lange-dauern-also-fuege-ich-heute-abend-meinen-wagen-hinzu\/"]}]},{"@type":"ImageObject","inLanguage":"de","@id":"https:\/\/www.strassenweb.de\/nachrichten\/ich-habe-nicht-einen-gefunden-sondern-zwei-le-creuset-feiertagsverkaeufe-sie-werden-nicht-lange-dauern-also-fuege-ich-heute-abend-meinen-wagen-hinzu\/#primaryimage","url":"https:\/\/www.strassenweb.de\/nachrichten\/wp-content\/uploads\/2024\/12\/Ich-habe-nicht-einen-gefunden-sondern-zwei-Le-Creuset-Feiertagsverkaeufe.png","contentUrl":"https:\/\/www.strassenweb.de\/nachrichten\/wp-content\/uploads\/2024\/12\/Ich-habe-nicht-einen-gefunden-sondern-zwei-Le-Creuset-Feiertagsverkaeufe.png","width":1200,"height":675,"caption":"Ich habe nicht einen gefunden, sondern zwei Le Creuset -Feiertagsverk\u00e4ufe - sie werden nicht lange dauern, also f\u00fcge ich heute Abend meinen Wagen hinzu"},{"@type":"BreadcrumbList","@id":"https:\/\/www.strassenweb.de\/nachrichten\/ich-habe-nicht-einen-gefunden-sondern-zwei-le-creuset-feiertagsverkaeufe-sie-werden-nicht-lange-dauern-also-fuege-ich-heute-abend-meinen-wagen-hinzu\/#breadcrumb","itemListElement":[{"@type":"ListItem","position":1,"name":"Home","item":"https:\/\/www.strassenweb.de\/nachrichten\/"},{"@type":"ListItem","position":2,"name":"Ich habe nicht einen gefunden, sondern zwei Le Creuset -Feiertagsverk\u00e4ufe &#8211; sie werden nicht lange dauern, also f\u00fcge ich heute Abend meinen Wagen hinzu"}]},{"@type":"WebSite","@id":"https:\/\/www.strassenweb.de\/nachrichten\/#website","url":"https:\/\/www.strassenweb.de\/nachrichten\/","name":"Stra\u00dfenweb","description":"Stra\u00dfenverzeichnis f\u00fcr Deutschland","publisher":{"@id":"https:\/\/www.strassenweb.de\/nachrichten\/#organization"},"potentialAction":[{"@type":"SearchAction","target":{"@type":"EntryPoint","urlTemplate":"https:\/\/www.strassenweb.de\/nachrichten\/?s={search_term_string}"},"query-input":{"@type":"PropertyValueSpecification","valueRequired":true,"valueName":"search_term_string"}}],"inLanguage":"de"},{"@type":"Organization","@id":"https:\/\/www.strassenweb.de\/nachrichten\/#organization","name":"Stra\u00dfenweb","url":"https:\/\/www.strassenweb.de\/nachrichten\/","logo":{"@type":"ImageObject","inLanguage":"de","@id":"https:\/\/www.strassenweb.de\/nachrichten\/#\/schema\/logo\/image\/","url":"https:\/\/www.strassenweb.de\/nachrichten\/wp-content\/uploads\/2024\/09\/cropped-favicon.png","contentUrl":"https:\/\/www.strassenweb.de\/nachrichten\/wp-content\/uploads\/2024\/09\/cropped-favicon.png","width":512,"height":512,"caption":"Stra\u00dfenweb"},"image":{"@id":"https:\/\/www.strassenweb.de\/nachrichten\/#\/schema\/logo\/image\/"},"sameAs":["https:\/\/www.facebook.com\/strassenweb\/"]},{"@type":"Person","@id":"https:\/\/www.strassenweb.de\/nachrichten\/#\/schema\/person\/87c9c9067f1211da429a744dc5a5aa41","name":"Robert Hoffmann","image":{"@type":"ImageObject","inLanguage":"de","@id":"https:\/\/www.strassenweb.de\/nachrichten\/wp-content\/uploads\/2024\/09\/strassenweb-150x150.jpg","url":"https:\/\/www.strassenweb.de\/nachrichten\/wp-content\/uploads\/2024\/09\/strassenweb-150x150.jpg","contentUrl":"https:\/\/www.strassenweb.de\/nachrichten\/wp-content\/uploads\/2024\/09\/strassenweb-150x150.jpg","caption":"Robert Hoffmann"},"description":"Ich hei\u00dfe Robert Hoffmann und ich bin ein leidenschaftlicher Verfechter von \u00d6kologie und Biodiversit\u00e4t. Seit meiner Kindheit in den W\u00e4ldern Bayerns f\u00fchle ich mich mit der Natur verbunden und bin entschlossen, sie zu sch\u00fctzen. Heute widme ich mein Leben der Sensibilisierung anderer f\u00fcr die Bedeutung des Umweltschutzes f\u00fcr zuk\u00fcnftige Generationen.","sameAs":["https:\/\/www.strassenweb.de\/"]}]}},"_links":{"self":[{"href":"https:\/\/www.strassenweb.de\/nachrichten\/wp-json\/wp\/v2\/posts\/2063","targetHints":{"allow":["GET"]}}],"collection":[{"href":"https:\/\/www.strassenweb.de\/nachrichten\/wp-json\/wp\/v2\/posts"}],"about":[{"href":"https:\/\/www.strassenweb.de\/nachrichten\/wp-json\/wp\/v2\/types\/post"}],"author":[{"embeddable":true,"href":"https:\/\/www.strassenweb.de\/nachrichten\/wp-json\/wp\/v2\/users\/1"}],"replies":[{"embeddable":true,"href":"https:\/\/www.strassenweb.de\/nachrichten\/wp-json\/wp\/v2\/comments?post=2063"}],"version-history":[{"count":0,"href":"https:\/\/www.strassenweb.de\/nachrichten\/wp-json\/wp\/v2\/posts\/2063\/revisions"}],"wp:featuredmedia":[{"embeddable":true,"href":"https:\/\/www.strassenweb.de\/nachrichten\/wp-json\/wp\/v2\/media\/2064"}],"wp:attachment":[{"href":"https:\/\/www.strassenweb.de\/nachrichten\/wp-json\/wp\/v2\/media?parent=2063"}],"wp:term":[{"taxonomy":"category","embeddable":true,"href":"https:\/\/www.strassenweb.de\/nachrichten\/wp-json\/wp\/v2\/categories?post=2063"},{"taxonomy":"post_tag","embeddable":true,"href":"https:\/\/www.strassenweb.de\/nachrichten\/wp-json\/wp\/v2\/tags?post=2063"}],"curies":[{"name":"wp","href":"https:\/\/api.w.org\/{rel}","templated":true}]}}