{"id":2054,"date":"2024-12-11T18:56:38","date_gmt":"2024-12-11T17:56:38","guid":{"rendered":"https:\/\/www.strassenweb.de\/nachrichten\/was-ersetzt-die-gruene-kueche-im-jahr-2025-5-farben-designer-sagen-sie-sollten-es-stattdessen-versuchen\/"},"modified":"2024-12-11T18:56:39","modified_gmt":"2024-12-11T17:56:39","slug":"was-ersetzt-die-gruene-kueche-im-jahr-2025-5-farben-designer-sagen-sie-sollten-es-stattdessen-versuchen","status":"publish","type":"post","link":"https:\/\/www.strassenweb.de\/nachrichten\/was-ersetzt-die-gruene-kueche-im-jahr-2025-5-farben-designer-sagen-sie-sollten-es-stattdessen-versuchen\/","title":{"rendered":"Was ersetzt die gr\u00fcne K\u00fcche im Jahr 2025? 5-Farben-Designer sagen, Sie sollten es stattdessen versuchen"},"content":{"rendered":"<p><\/p>\n<div id=\"article-body\" class=\"article__body \">\n<p>Gr\u00fcne K\u00fcchen standen in den letzten Jahren an der Spitze der Farbtrends, aber dieses Jahr erwarten wir, dass neue Farbt\u00f6ne sie an Beliebtheit \u00fcberholen werden. Doch welche Farben ersetzen in diesem Jahr gr\u00fcne K\u00fcchen?<\/p>\n<div id=\"ad-unit-1\" class=\"ad-unit\"><\/div>\n<p>W\u00e4hrend sich einige Farbideen f\u00fcr die K\u00fcche als zeitlos erweisen \u2013 wie viele Gr\u00fcnt\u00f6ne \u2013, gibt es immer bestimmte Farbt\u00f6ne, die die Oberhand gewinnen. Es gibt viele Farben, die in einer K\u00fcche wunderbar funktionieren, und im Jahr 2025 geht es darum, sich auf etwas Neues einzulassen.<\/p>\n<aside class=\"hawk-nest\" data-block-type=\"embed\" data-render-type=\"fte\" data-skip=\"dealsy\" data-widget-type=\"seasonal\">\n<div class=\"hawk-master-widget-hawk-base-wrapper\"><\/div>\n<\/aside>\n<p>Um herauszufinden, welche K\u00fcchenfarben man anstelle von Gr\u00fcn w\u00e4hlen sollte, haben wir Designer nach ihren Favoriten gefragt \u2013 und sie werden nicht entt\u00e4uscht. Von lebendigen Blaut\u00f6nen bis hin zu nat\u00fcrlichen Holzt\u00f6nen gibt es dieses Jahr eine gro\u00dfe Auswahl an Farbt\u00f6nen zum Ausprobieren.<\/p>\n<div id=\"desktop-in-article\" class=\"in-article ad-unit\">\n<div id=\"desktop-taboola-mid-article\"><\/div>\n<\/div>\n<div id=\"mobile-in-article\" class=\"in-article ad-unit\">\n<div id=\"mobile-taboola-mid-article\"><\/div>\n<\/div>\n<h2 id=\"5-colors-replacing-green-in-kitchen-design-this-year-3\">5 Farben ersetzen dieses Jahr Gr\u00fcn im K\u00fcchendesign<\/h2>\n<p>Von satten Farbt\u00f6nen bis hin zu dunklen Neutralt\u00f6nen bieten die Farben, die in diesem Jahr die gr\u00fcne K\u00fcche ersetzen, eine gro\u00dfe Vielfalt f\u00fcr jeden Einrichtungsstil.<\/p>\n<div class=\"van_vid_carousel\">\n<div class=\"van_vid_carousel__padding\">\n<div class=\"van_vid_carousel__container\"><\/div>\n<\/div>\n<\/div>\n<h3 class=\"article-body__section\" id=\"section-1-off-white-and-taupe\"><span>1. Cremewei\u00df und Taupe<\/span><\/h3>\n<figure class=\"van-image-figure inline-layout \" data-bordeaux-image-check>\n<div class=\"image-full-width-wrapper\">\n<div class=\"image-widthsetter\" style=\"max-width:2000px;\"><\/div>\n<\/div>\n<\/figure>\n<p>Warmer Minimalismus wird im Jahr 2025 ein gro\u00dfer Trend sein und mit den richtigen Farbt\u00f6nen k\u00f6nnen Sie ein schickes K\u00fcchendesign kreieren. Es ist auch eine tolle Farbwahl, wenn Sie Gr\u00fcn mit etwas Neutralerem kombinieren m\u00f6chten.<\/p>\n<div id=\"ad-unit-2\" class=\"ad-unit\"><\/div>\n<p>\u201eWir sehen ein viel gr\u00f6\u00dferes Interesse an gebrochenem Wei\u00df, Taupe und Mokka, die 2025 in die Farbpalette aufgenommen werden. Gr\u00fcnt\u00f6ne werden immer \u201ein\u201c sein, werden jedoch eher mit einem helleren Beigeton als mit einem Gesamtton kombiniert\u201c, sagt Jayne Everett, kreativer Designer bei Naked Kitchens.<\/p>\n<p>\u201eWir lieben diesen Trend, da er einer K\u00fcche eine wirklich ruhige Atmosph\u00e4re verleiht und wunderbar funktioniert, egal ob mit tieferen Gr\u00fcn-, Blau- oder Graut\u00f6nen kombiniert\u201c, erkl\u00e4rte sie. Dies ist ein stilvoller Ansatz, wenn Sie zweifarbige K\u00fcchenschr\u00e4nke bevorzugen.<\/p>\n<h3 class=\"article-body__section\" id=\"section-2-wood-tones\"><span>2. Holzt\u00f6ne<\/span><\/h3>\n<figure class=\"van-image-figure inline-layout \" data-bordeaux-image-check>\n<div class=\"image-full-width-wrapper\">\n<div class=\"image-widthsetter\" style=\"max-width:2000px;\"><\/div>\n<\/div>\n<\/figure>\n<p>Anstatt sich f\u00fcr bemalte K\u00fcchenschr\u00e4nke zu entscheiden, kann es manchmal so sein, dass man sich f\u00fcr etwas Nat\u00fcrlicheres und Organischeres entscheidet und so viel Reiz in den eigenen Entwurf bringt. In diesem Jahr erleben K\u00fcchenschr\u00e4nke aus Holz ein gro\u00dfes Comeback \u2013 und werden das allseits beliebte Gr\u00fcn ersetzen.<\/p>\n<p>\u201eIn der K\u00fcche wird im kommenden Jahr die Philosophie \u201eWeniger ist mehr\u201c herrschen. \u201eDas bedeutet reduziertes Design, das klare Linien und ein luftiges Ambiente zelebriert\u201c, sagt Nina Anastasopoulou, Designerin bei Tom Howley.<\/p>\n<p>\u201eIn Abkehr von den rein wei\u00dfen R\u00e4umen der Vorjahre werden Holzm\u00f6bel mit gro\u00dfen Ger\u00e4ten aus Edelstahl kombiniert \u2013 was eine warme und einladende und dennoch moderne Atmosph\u00e4re schafft\u201c, f\u00fcgt sie hinzu.<\/p>\n<h3 class=\"article-body__section\" id=\"section-3-bold-shades-of-blue\"><span>3. Kr\u00e4ftige Blaut\u00f6ne<\/span><\/h3>\n<figure class=\"van-image-figure inline-layout \" data-bordeaux-image-check>\n<div class=\"image-full-width-wrapper\">\n<div class=\"image-widthsetter\" style=\"max-width:2400px;\"><\/div>\n<\/div>\n<\/figure>\n<p>Farbenfrohe K\u00fcchen sind immer noch ein gro\u00dfer Trend. Auch wenn Sie sich von der gr\u00fcnen K\u00fcche entfernen, erfreuen sich dieses Jahr Farbt\u00f6ne, die die gleiche Atmosph\u00e4re schaffen, als beliebt.<\/p>\n<p>\u201eBlau feiert im Jahr 2025 ein gro\u00dfes Comeback in K\u00fcchen. W\u00e4hrend Marine vor ein paar Jahren einen Moment erlebte, sind die Blaut\u00f6ne der Zukunft ges\u00e4ttigter und weniger neutral\u201c, sagt Innenarchitektin Bethany Adams.<\/p>\n<p>\u201eEin blasserer Blauton passt wunderbar zu modernen Schr\u00e4nken und strahlend wei\u00dfen W\u00e4nden, w\u00e4hrend ein kr\u00e4ftigeres Blau gut zu traditionellen Shaker-T\u00fcren und Walnuss-Akzenten passt\u201c, erkl\u00e4rt sie.<\/p>\n<h3 class=\"article-body__section\" id=\"section-4-regency-hues\"><span>4. Regency-Farbt\u00f6ne<\/span><\/h3>\n<figure class=\"van-image-figure inline-layout \" data-bordeaux-image-check>\n<div class=\"image-full-width-wrapper\">\n<div class=\"image-widthsetter\" style=\"max-width:2000px;\"><\/div>\n<\/div>\n<\/figure>\n<p>Es gibt so viel Inspiration aus vergangenen Epochen \u2013 und keine hatte mehr Einfluss als die Regentschaftszeit. W\u00e4hrend es die Familienk\u00fcche damals vielleicht noch nicht gab, k\u00f6nnen wir heute viel von ihrem Design in unsere K\u00fcche \u00fcbernehmen \u2013 zum Beispiel die Farbe.<\/p>\n<p>\u201e2025 ist das Jahr des Bridgerton-Einflusses.\u201c \u00c4hnlich wie bei der Show scheinen wir auch die Freude zu entdecken, die sich aus der Mischung von Modernem und Traditionellem in unserer K\u00fcche ergibt. Gehen Sie mutig mit Farben um, aber denken Sie an Regency-T\u00f6ne \u2013 lebendige Blaut\u00f6ne, h\u00fcbsche Rosat\u00f6ne und k\u00f6nigliche Rott\u00f6ne\u201c, sagt Rosalind Lang, Designerin bei Tom Howley.<\/p>\n<p>\u201eEs ist Zeit, in traditionelle, lokal hergestellte Handwerkskunst zu investieren.\u201c Und Muster sind zur\u00fcck! W\u00e4hrend es vielleicht noch zu fr\u00fch ist, all Ihre Heimtextilien voll mit Fransen und Blumen zu gestalten, verleiht ein Hauch von Muster Ihrem Raum Tiefe und vielleicht ein wenig Romantik. \u201eDenken Sie an William Morris und Vintage-Liberty-Drucke\u201c, f\u00fcgt sie hinzu.<\/p>\n<h3 class=\"article-body__section\" id=\"section-5-warm-browns\"><span>5. Warme Braunt\u00f6ne<\/span><\/h3>\n<figure class=\"van-image-figure inline-layout \" data-bordeaux-image-check>\n<div class=\"image-full-width-wrapper\">\n<div class=\"image-widthsetter\" style=\"max-width:2000px;\"><\/div>\n<\/div>\n<\/figure>\n<p>Nach der Ver\u00f6ffentlichung der Pantone-Farbe des Jahres 2025 \u00fcberrascht es vielleicht nicht, dass warme Braunt\u00f6ne in diesem Jahr ein gro\u00dfer Farbtrend in der K\u00fcche sein werden und subtile Farben einf\u00fchren, die zu neutralen und farbenfroheren Paletten passen.<\/p>\n<p>\u201eVon warmen Braunt\u00f6nen bis hin zu tiefen Br\u00e4unungen bevorzugen Hausbesitzer w\u00e4rmere und stimmungsvollere Farben, um ihren pers\u00f6nlichen Stil widerzuspiegeln.\u201c Warme Holzt\u00f6ne und nuancierte Farbt\u00f6ne sind von nat\u00fcrlichen Materialien und Textilien inspiriert und wirken zeitlos, komfortabel und durchdacht\u201c, sagt Hannah Yeo, Senior Managerin f\u00fcr Farbmarketing bei Benjamin Moore.<\/p>\n<p>\u201eVor einem neutralen Hintergrund passen warme Br\u00e4une und Braunt\u00f6ne m\u00fchelos zu einer Vielzahl von Farbt\u00f6nen.\u201c Kombinieren Sie Texturen und Muster \u2013 denken Sie an metallische Beschl\u00e4ge mit matten Silikongriffen oder gemusterten K\u00fcchenhandt\u00fcchern \u2013, um die K\u00fcche auf den neuesten Stand zu bringen und ihr ein einzigartiges Gef\u00fchl zu verleihen.\u201c<\/p>\n<hr>\n<p>Egal, ob Sie sich f\u00fcr ein warmes Braun oder einen leuchtenden Blauton entscheiden, die Farben, die in diesem Jahr die gr\u00fcne K\u00fcche ersetzen, bieten eine gesunde Portion Charakter, Stil und pers\u00f6nlichkeitsreiches Design.<\/p>\n<\/div>\n","protected":false},"excerpt":{"rendered":"<p>Gr\u00fcne K\u00fcchen standen in den letzten Jahren an der Spitze der Farbtrends, aber dieses Jahr erwarten wir, dass neue Farbt\u00f6ne sie an Beliebtheit \u00fcberholen werden.<\/p>\n","protected":false},"author":1,"featured_media":2055,"comment_status":"closed","ping_status":"","sticky":false,"template":"","format":"standard","meta":{"footnotes":""},"categories":[118],"tags":[3610,9,990,1327,384,468,284,165,560,646,3611],"class_list":["post-2054","post","type-post","status-publish","format-standard","has-post-thumbnail","hentry","category-haus-garten","tag-5farbendesigner","tag-die","tag-ersetzt","tag-gruene","tag-jahr","tag-kueche","tag-sagen","tag-sie","tag-sollten","tag-stattdessen","tag-versuchen","generate-columns","tablet-grid-50","mobile-grid-100","grid-parent","grid-50"],"yoast_head":"<!-- This site is optimized with the Yoast SEO plugin v27.3 - https:\/\/yoast.com\/product\/yoast-seo-wordpress\/ -->\n<title>Was ersetzt die gr\u00fcne K\u00fcche im Jahr 2025? 5-Farben-Designer sagen, Sie sollten es stattdessen versuchen - Nachrichten - Stra\u00dfenweb<\/title>\n<meta name=\"robots\" content=\"index, follow, max-snippet:-1, max-image-preview:large, max-video-preview:-1\" \/>\n<link rel=\"canonical\" href=\"https:\/\/www.strassenweb.de\/nachrichten\/was-ersetzt-die-gruene-kueche-im-jahr-2025-5-farben-designer-sagen-sie-sollten-es-stattdessen-versuchen\/\" \/>\n<meta property=\"og:locale\" content=\"de_DE\" \/>\n<meta property=\"og:type\" content=\"article\" \/>\n<meta property=\"og:title\" content=\"Was ersetzt die gr\u00fcne K\u00fcche im Jahr 2025? 5-Farben-Designer sagen, Sie sollten es stattdessen versuchen - Nachrichten - Stra\u00dfenweb\" \/>\n<meta property=\"og:description\" content=\"Gr\u00fcne K\u00fcchen standen in den letzten Jahren an der Spitze der Farbtrends, aber dieses Jahr erwarten wir, dass neue Farbt\u00f6ne sie an Beliebtheit \u00fcberholen werden.\" \/>\n<meta property=\"og:url\" content=\"https:\/\/www.strassenweb.de\/nachrichten\/was-ersetzt-die-gruene-kueche-im-jahr-2025-5-farben-designer-sagen-sie-sollten-es-stattdessen-versuchen\/\" \/>\n<meta property=\"og:site_name\" content=\"Stra\u00dfenweb\" \/>\n<meta property=\"article:publisher\" content=\"https:\/\/www.facebook.com\/strassenweb\/\" \/>\n<meta property=\"article:published_time\" content=\"2024-12-11T17:56:38+00:00\" \/>\n<meta property=\"article:modified_time\" content=\"2024-12-11T17:56:39+00:00\" \/>\n<meta property=\"og:image\" content=\"https:\/\/www.strassenweb.de\/nachrichten\/wp-content\/uploads\/2024\/12\/Was-ersetzt-die-gruene-Kueche-im-Jahr-2025-5-Farben-Designer-sagen.jpg\" \/>\n\t<meta property=\"og:image:width\" content=\"1200\" \/>\n\t<meta property=\"og:image:height\" content=\"675\" \/>\n\t<meta property=\"og:image:type\" content=\"image\/jpeg\" \/>\n<meta name=\"author\" content=\"Robert Hoffmann\" \/>\n<meta name=\"twitter:card\" content=\"summary_large_image\" \/>\n<meta name=\"twitter:label1\" content=\"Verfasst von\" \/>\n\t<meta name=\"twitter:data1\" content=\"Robert Hoffmann\" \/>\n\t<meta name=\"twitter:label2\" content=\"Gesch\u00e4tzte Lesezeit\" \/>\n\t<meta name=\"twitter:data2\" content=\"4\u00a0Minuten\" \/>\n<script type=\"application\/ld+json\" class=\"yoast-schema-graph\">{\"@context\":\"https:\\\/\\\/schema.org\",\"@graph\":[{\"@type\":\"Article\",\"@id\":\"https:\\\/\\\/www.strassenweb.de\\\/nachrichten\\\/was-ersetzt-die-gruene-kueche-im-jahr-2025-5-farben-designer-sagen-sie-sollten-es-stattdessen-versuchen\\\/#article\",\"isPartOf\":{\"@id\":\"https:\\\/\\\/www.strassenweb.de\\\/nachrichten\\\/was-ersetzt-die-gruene-kueche-im-jahr-2025-5-farben-designer-sagen-sie-sollten-es-stattdessen-versuchen\\\/\"},\"author\":{\"name\":\"Robert Hoffmann\",\"@id\":\"https:\\\/\\\/www.strassenweb.de\\\/nachrichten\\\/#\\\/schema\\\/person\\\/87c9c9067f1211da429a744dc5a5aa41\"},\"headline\":\"Was ersetzt die gr\u00fcne K\u00fcche im Jahr 2025? 5-Farben-Designer sagen, Sie sollten es stattdessen versuchen\",\"datePublished\":\"2024-12-11T17:56:38+00:00\",\"dateModified\":\"2024-12-11T17:56:39+00:00\",\"mainEntityOfPage\":{\"@id\":\"https:\\\/\\\/www.strassenweb.de\\\/nachrichten\\\/was-ersetzt-die-gruene-kueche-im-jahr-2025-5-farben-designer-sagen-sie-sollten-es-stattdessen-versuchen\\\/\"},\"wordCount\":920,\"publisher\":{\"@id\":\"https:\\\/\\\/www.strassenweb.de\\\/nachrichten\\\/#organization\"},\"image\":{\"@id\":\"https:\\\/\\\/www.strassenweb.de\\\/nachrichten\\\/was-ersetzt-die-gruene-kueche-im-jahr-2025-5-farben-designer-sagen-sie-sollten-es-stattdessen-versuchen\\\/#primaryimage\"},\"thumbnailUrl\":\"https:\\\/\\\/www.strassenweb.de\\\/nachrichten\\\/wp-content\\\/uploads\\\/2024\\\/12\\\/Was-ersetzt-die-gruene-Kueche-im-Jahr-2025-5-Farben-Designer-sagen.jpg\",\"keywords\":[\"5FarbenDesigner\",\"die\",\"ersetzt\",\"gr\u00fcne\",\"Jahr\",\"K\u00fcche\",\"sagen\",\"Sie\",\"sollten\",\"stattdessen\",\"versuchen\"],\"articleSection\":[\"Haus &amp; Garten\"],\"inLanguage\":\"de\"},{\"@type\":\"WebPage\",\"@id\":\"https:\\\/\\\/www.strassenweb.de\\\/nachrichten\\\/was-ersetzt-die-gruene-kueche-im-jahr-2025-5-farben-designer-sagen-sie-sollten-es-stattdessen-versuchen\\\/\",\"url\":\"https:\\\/\\\/www.strassenweb.de\\\/nachrichten\\\/was-ersetzt-die-gruene-kueche-im-jahr-2025-5-farben-designer-sagen-sie-sollten-es-stattdessen-versuchen\\\/\",\"name\":\"Was ersetzt die gr\u00fcne K\u00fcche im Jahr 2025? 5-Farben-Designer sagen, Sie sollten es stattdessen versuchen - Nachrichten - Stra\u00dfenweb\",\"isPartOf\":{\"@id\":\"https:\\\/\\\/www.strassenweb.de\\\/nachrichten\\\/#website\"},\"primaryImageOfPage\":{\"@id\":\"https:\\\/\\\/www.strassenweb.de\\\/nachrichten\\\/was-ersetzt-die-gruene-kueche-im-jahr-2025-5-farben-designer-sagen-sie-sollten-es-stattdessen-versuchen\\\/#primaryimage\"},\"image\":{\"@id\":\"https:\\\/\\\/www.strassenweb.de\\\/nachrichten\\\/was-ersetzt-die-gruene-kueche-im-jahr-2025-5-farben-designer-sagen-sie-sollten-es-stattdessen-versuchen\\\/#primaryimage\"},\"thumbnailUrl\":\"https:\\\/\\\/www.strassenweb.de\\\/nachrichten\\\/wp-content\\\/uploads\\\/2024\\\/12\\\/Was-ersetzt-die-gruene-Kueche-im-Jahr-2025-5-Farben-Designer-sagen.jpg\",\"datePublished\":\"2024-12-11T17:56:38+00:00\",\"dateModified\":\"2024-12-11T17:56:39+00:00\",\"breadcrumb\":{\"@id\":\"https:\\\/\\\/www.strassenweb.de\\\/nachrichten\\\/was-ersetzt-die-gruene-kueche-im-jahr-2025-5-farben-designer-sagen-sie-sollten-es-stattdessen-versuchen\\\/#breadcrumb\"},\"inLanguage\":\"de\",\"potentialAction\":[{\"@type\":\"ReadAction\",\"target\":[\"https:\\\/\\\/www.strassenweb.de\\\/nachrichten\\\/was-ersetzt-die-gruene-kueche-im-jahr-2025-5-farben-designer-sagen-sie-sollten-es-stattdessen-versuchen\\\/\"]}]},{\"@type\":\"ImageObject\",\"inLanguage\":\"de\",\"@id\":\"https:\\\/\\\/www.strassenweb.de\\\/nachrichten\\\/was-ersetzt-die-gruene-kueche-im-jahr-2025-5-farben-designer-sagen-sie-sollten-es-stattdessen-versuchen\\\/#primaryimage\",\"url\":\"https:\\\/\\\/www.strassenweb.de\\\/nachrichten\\\/wp-content\\\/uploads\\\/2024\\\/12\\\/Was-ersetzt-die-gruene-Kueche-im-Jahr-2025-5-Farben-Designer-sagen.jpg\",\"contentUrl\":\"https:\\\/\\\/www.strassenweb.de\\\/nachrichten\\\/wp-content\\\/uploads\\\/2024\\\/12\\\/Was-ersetzt-die-gruene-Kueche-im-Jahr-2025-5-Farben-Designer-sagen.jpg\",\"width\":1200,\"height\":675,\"caption\":\"Was ersetzt die gr\u00fcne K\u00fcche im Jahr 2025? 5-Farben-Designer sagen, Sie sollten es stattdessen versuchen\"},{\"@type\":\"BreadcrumbList\",\"@id\":\"https:\\\/\\\/www.strassenweb.de\\\/nachrichten\\\/was-ersetzt-die-gruene-kueche-im-jahr-2025-5-farben-designer-sagen-sie-sollten-es-stattdessen-versuchen\\\/#breadcrumb\",\"itemListElement\":[{\"@type\":\"ListItem\",\"position\":1,\"name\":\"Home\",\"item\":\"https:\\\/\\\/www.strassenweb.de\\\/nachrichten\\\/\"},{\"@type\":\"ListItem\",\"position\":2,\"name\":\"Was ersetzt die gr\u00fcne K\u00fcche im Jahr 2025? 5-Farben-Designer sagen, Sie sollten es stattdessen versuchen\"}]},{\"@type\":\"WebSite\",\"@id\":\"https:\\\/\\\/www.strassenweb.de\\\/nachrichten\\\/#website\",\"url\":\"https:\\\/\\\/www.strassenweb.de\\\/nachrichten\\\/\",\"name\":\"Stra\u00dfenweb\",\"description\":\"Stra\u00dfenverzeichnis f\u00fcr Deutschland\",\"publisher\":{\"@id\":\"https:\\\/\\\/www.strassenweb.de\\\/nachrichten\\\/#organization\"},\"potentialAction\":[{\"@type\":\"SearchAction\",\"target\":{\"@type\":\"EntryPoint\",\"urlTemplate\":\"https:\\\/\\\/www.strassenweb.de\\\/nachrichten\\\/?s={search_term_string}\"},\"query-input\":{\"@type\":\"PropertyValueSpecification\",\"valueRequired\":true,\"valueName\":\"search_term_string\"}}],\"inLanguage\":\"de\"},{\"@type\":\"Organization\",\"@id\":\"https:\\\/\\\/www.strassenweb.de\\\/nachrichten\\\/#organization\",\"name\":\"Stra\u00dfenweb\",\"url\":\"https:\\\/\\\/www.strassenweb.de\\\/nachrichten\\\/\",\"logo\":{\"@type\":\"ImageObject\",\"inLanguage\":\"de\",\"@id\":\"https:\\\/\\\/www.strassenweb.de\\\/nachrichten\\\/#\\\/schema\\\/logo\\\/image\\\/\",\"url\":\"https:\\\/\\\/www.strassenweb.de\\\/nachrichten\\\/wp-content\\\/uploads\\\/2024\\\/09\\\/cropped-favicon.png\",\"contentUrl\":\"https:\\\/\\\/www.strassenweb.de\\\/nachrichten\\\/wp-content\\\/uploads\\\/2024\\\/09\\\/cropped-favicon.png\",\"width\":512,\"height\":512,\"caption\":\"Stra\u00dfenweb\"},\"image\":{\"@id\":\"https:\\\/\\\/www.strassenweb.de\\\/nachrichten\\\/#\\\/schema\\\/logo\\\/image\\\/\"},\"sameAs\":[\"https:\\\/\\\/www.facebook.com\\\/strassenweb\\\/\"]},{\"@type\":\"Person\",\"@id\":\"https:\\\/\\\/www.strassenweb.de\\\/nachrichten\\\/#\\\/schema\\\/person\\\/87c9c9067f1211da429a744dc5a5aa41\",\"name\":\"Robert Hoffmann\",\"image\":{\"@type\":\"ImageObject\",\"inLanguage\":\"de\",\"@id\":\"https:\\\/\\\/www.strassenweb.de\\\/nachrichten\\\/wp-content\\\/uploads\\\/2024\\\/09\\\/strassenweb-150x150.jpg\",\"url\":\"https:\\\/\\\/www.strassenweb.de\\\/nachrichten\\\/wp-content\\\/uploads\\\/2024\\\/09\\\/strassenweb-150x150.jpg\",\"contentUrl\":\"https:\\\/\\\/www.strassenweb.de\\\/nachrichten\\\/wp-content\\\/uploads\\\/2024\\\/09\\\/strassenweb-150x150.jpg\",\"caption\":\"Robert Hoffmann\"},\"description\":\"Ich hei\u00dfe Robert Hoffmann und ich bin ein leidenschaftlicher Verfechter von \u00d6kologie und Biodiversit\u00e4t. Seit meiner Kindheit in den W\u00e4ldern Bayerns f\u00fchle ich mich mit der Natur verbunden und bin entschlossen, sie zu sch\u00fctzen. Heute widme ich mein Leben der Sensibilisierung anderer f\u00fcr die Bedeutung des Umweltschutzes f\u00fcr zuk\u00fcnftige Generationen.\",\"sameAs\":[\"https:\\\/\\\/www.strassenweb.de\\\/\"]}]}<\/script>\n<!-- \/ Yoast SEO plugin. -->","yoast_head_json":{"title":"Was ersetzt die gr\u00fcne K\u00fcche im Jahr 2025? 5-Farben-Designer sagen, Sie sollten es stattdessen versuchen - Nachrichten - Stra\u00dfenweb","robots":{"index":"index","follow":"follow","max-snippet":"max-snippet:-1","max-image-preview":"max-image-preview:large","max-video-preview":"max-video-preview:-1"},"canonical":"https:\/\/www.strassenweb.de\/nachrichten\/was-ersetzt-die-gruene-kueche-im-jahr-2025-5-farben-designer-sagen-sie-sollten-es-stattdessen-versuchen\/","og_locale":"de_DE","og_type":"article","og_title":"Was ersetzt die gr\u00fcne K\u00fcche im Jahr 2025? 5-Farben-Designer sagen, Sie sollten es stattdessen versuchen - Nachrichten - Stra\u00dfenweb","og_description":"Gr\u00fcne K\u00fcchen standen in den letzten Jahren an der Spitze der Farbtrends, aber dieses Jahr erwarten wir, dass neue Farbt\u00f6ne sie an Beliebtheit \u00fcberholen werden.","og_url":"https:\/\/www.strassenweb.de\/nachrichten\/was-ersetzt-die-gruene-kueche-im-jahr-2025-5-farben-designer-sagen-sie-sollten-es-stattdessen-versuchen\/","og_site_name":"Stra\u00dfenweb","article_publisher":"https:\/\/www.facebook.com\/strassenweb\/","article_published_time":"2024-12-11T17:56:38+00:00","article_modified_time":"2024-12-11T17:56:39+00:00","og_image":[{"width":1200,"height":675,"url":"https:\/\/www.strassenweb.de\/nachrichten\/wp-content\/uploads\/2024\/12\/Was-ersetzt-die-gruene-Kueche-im-Jahr-2025-5-Farben-Designer-sagen.jpg","type":"image\/jpeg"}],"author":"Robert Hoffmann","twitter_card":"summary_large_image","twitter_misc":{"Verfasst von":"Robert Hoffmann","Gesch\u00e4tzte Lesezeit":"4\u00a0Minuten"},"schema":{"@context":"https:\/\/schema.org","@graph":[{"@type":"Article","@id":"https:\/\/www.strassenweb.de\/nachrichten\/was-ersetzt-die-gruene-kueche-im-jahr-2025-5-farben-designer-sagen-sie-sollten-es-stattdessen-versuchen\/#article","isPartOf":{"@id":"https:\/\/www.strassenweb.de\/nachrichten\/was-ersetzt-die-gruene-kueche-im-jahr-2025-5-farben-designer-sagen-sie-sollten-es-stattdessen-versuchen\/"},"author":{"name":"Robert Hoffmann","@id":"https:\/\/www.strassenweb.de\/nachrichten\/#\/schema\/person\/87c9c9067f1211da429a744dc5a5aa41"},"headline":"Was ersetzt die gr\u00fcne K\u00fcche im Jahr 2025? 5-Farben-Designer sagen, Sie sollten es stattdessen versuchen","datePublished":"2024-12-11T17:56:38+00:00","dateModified":"2024-12-11T17:56:39+00:00","mainEntityOfPage":{"@id":"https:\/\/www.strassenweb.de\/nachrichten\/was-ersetzt-die-gruene-kueche-im-jahr-2025-5-farben-designer-sagen-sie-sollten-es-stattdessen-versuchen\/"},"wordCount":920,"publisher":{"@id":"https:\/\/www.strassenweb.de\/nachrichten\/#organization"},"image":{"@id":"https:\/\/www.strassenweb.de\/nachrichten\/was-ersetzt-die-gruene-kueche-im-jahr-2025-5-farben-designer-sagen-sie-sollten-es-stattdessen-versuchen\/#primaryimage"},"thumbnailUrl":"https:\/\/www.strassenweb.de\/nachrichten\/wp-content\/uploads\/2024\/12\/Was-ersetzt-die-gruene-Kueche-im-Jahr-2025-5-Farben-Designer-sagen.jpg","keywords":["5FarbenDesigner","die","ersetzt","gr\u00fcne","Jahr","K\u00fcche","sagen","Sie","sollten","stattdessen","versuchen"],"articleSection":["Haus &amp; Garten"],"inLanguage":"de"},{"@type":"WebPage","@id":"https:\/\/www.strassenweb.de\/nachrichten\/was-ersetzt-die-gruene-kueche-im-jahr-2025-5-farben-designer-sagen-sie-sollten-es-stattdessen-versuchen\/","url":"https:\/\/www.strassenweb.de\/nachrichten\/was-ersetzt-die-gruene-kueche-im-jahr-2025-5-farben-designer-sagen-sie-sollten-es-stattdessen-versuchen\/","name":"Was ersetzt die gr\u00fcne K\u00fcche im Jahr 2025? 5-Farben-Designer sagen, Sie sollten es stattdessen versuchen - Nachrichten - Stra\u00dfenweb","isPartOf":{"@id":"https:\/\/www.strassenweb.de\/nachrichten\/#website"},"primaryImageOfPage":{"@id":"https:\/\/www.strassenweb.de\/nachrichten\/was-ersetzt-die-gruene-kueche-im-jahr-2025-5-farben-designer-sagen-sie-sollten-es-stattdessen-versuchen\/#primaryimage"},"image":{"@id":"https:\/\/www.strassenweb.de\/nachrichten\/was-ersetzt-die-gruene-kueche-im-jahr-2025-5-farben-designer-sagen-sie-sollten-es-stattdessen-versuchen\/#primaryimage"},"thumbnailUrl":"https:\/\/www.strassenweb.de\/nachrichten\/wp-content\/uploads\/2024\/12\/Was-ersetzt-die-gruene-Kueche-im-Jahr-2025-5-Farben-Designer-sagen.jpg","datePublished":"2024-12-11T17:56:38+00:00","dateModified":"2024-12-11T17:56:39+00:00","breadcrumb":{"@id":"https:\/\/www.strassenweb.de\/nachrichten\/was-ersetzt-die-gruene-kueche-im-jahr-2025-5-farben-designer-sagen-sie-sollten-es-stattdessen-versuchen\/#breadcrumb"},"inLanguage":"de","potentialAction":[{"@type":"ReadAction","target":["https:\/\/www.strassenweb.de\/nachrichten\/was-ersetzt-die-gruene-kueche-im-jahr-2025-5-farben-designer-sagen-sie-sollten-es-stattdessen-versuchen\/"]}]},{"@type":"ImageObject","inLanguage":"de","@id":"https:\/\/www.strassenweb.de\/nachrichten\/was-ersetzt-die-gruene-kueche-im-jahr-2025-5-farben-designer-sagen-sie-sollten-es-stattdessen-versuchen\/#primaryimage","url":"https:\/\/www.strassenweb.de\/nachrichten\/wp-content\/uploads\/2024\/12\/Was-ersetzt-die-gruene-Kueche-im-Jahr-2025-5-Farben-Designer-sagen.jpg","contentUrl":"https:\/\/www.strassenweb.de\/nachrichten\/wp-content\/uploads\/2024\/12\/Was-ersetzt-die-gruene-Kueche-im-Jahr-2025-5-Farben-Designer-sagen.jpg","width":1200,"height":675,"caption":"Was ersetzt die gr\u00fcne K\u00fcche im Jahr 2025? 5-Farben-Designer sagen, Sie sollten es stattdessen versuchen"},{"@type":"BreadcrumbList","@id":"https:\/\/www.strassenweb.de\/nachrichten\/was-ersetzt-die-gruene-kueche-im-jahr-2025-5-farben-designer-sagen-sie-sollten-es-stattdessen-versuchen\/#breadcrumb","itemListElement":[{"@type":"ListItem","position":1,"name":"Home","item":"https:\/\/www.strassenweb.de\/nachrichten\/"},{"@type":"ListItem","position":2,"name":"Was ersetzt die gr\u00fcne K\u00fcche im Jahr 2025? 5-Farben-Designer sagen, Sie sollten es stattdessen versuchen"}]},{"@type":"WebSite","@id":"https:\/\/www.strassenweb.de\/nachrichten\/#website","url":"https:\/\/www.strassenweb.de\/nachrichten\/","name":"Stra\u00dfenweb","description":"Stra\u00dfenverzeichnis f\u00fcr Deutschland","publisher":{"@id":"https:\/\/www.strassenweb.de\/nachrichten\/#organization"},"potentialAction":[{"@type":"SearchAction","target":{"@type":"EntryPoint","urlTemplate":"https:\/\/www.strassenweb.de\/nachrichten\/?s={search_term_string}"},"query-input":{"@type":"PropertyValueSpecification","valueRequired":true,"valueName":"search_term_string"}}],"inLanguage":"de"},{"@type":"Organization","@id":"https:\/\/www.strassenweb.de\/nachrichten\/#organization","name":"Stra\u00dfenweb","url":"https:\/\/www.strassenweb.de\/nachrichten\/","logo":{"@type":"ImageObject","inLanguage":"de","@id":"https:\/\/www.strassenweb.de\/nachrichten\/#\/schema\/logo\/image\/","url":"https:\/\/www.strassenweb.de\/nachrichten\/wp-content\/uploads\/2024\/09\/cropped-favicon.png","contentUrl":"https:\/\/www.strassenweb.de\/nachrichten\/wp-content\/uploads\/2024\/09\/cropped-favicon.png","width":512,"height":512,"caption":"Stra\u00dfenweb"},"image":{"@id":"https:\/\/www.strassenweb.de\/nachrichten\/#\/schema\/logo\/image\/"},"sameAs":["https:\/\/www.facebook.com\/strassenweb\/"]},{"@type":"Person","@id":"https:\/\/www.strassenweb.de\/nachrichten\/#\/schema\/person\/87c9c9067f1211da429a744dc5a5aa41","name":"Robert Hoffmann","image":{"@type":"ImageObject","inLanguage":"de","@id":"https:\/\/www.strassenweb.de\/nachrichten\/wp-content\/uploads\/2024\/09\/strassenweb-150x150.jpg","url":"https:\/\/www.strassenweb.de\/nachrichten\/wp-content\/uploads\/2024\/09\/strassenweb-150x150.jpg","contentUrl":"https:\/\/www.strassenweb.de\/nachrichten\/wp-content\/uploads\/2024\/09\/strassenweb-150x150.jpg","caption":"Robert Hoffmann"},"description":"Ich hei\u00dfe Robert Hoffmann und ich bin ein leidenschaftlicher Verfechter von \u00d6kologie und Biodiversit\u00e4t. Seit meiner Kindheit in den W\u00e4ldern Bayerns f\u00fchle ich mich mit der Natur verbunden und bin entschlossen, sie zu sch\u00fctzen. Heute widme ich mein Leben der Sensibilisierung anderer f\u00fcr die Bedeutung des Umweltschutzes f\u00fcr zuk\u00fcnftige Generationen.","sameAs":["https:\/\/www.strassenweb.de\/"]}]}},"_links":{"self":[{"href":"https:\/\/www.strassenweb.de\/nachrichten\/wp-json\/wp\/v2\/posts\/2054","targetHints":{"allow":["GET"]}}],"collection":[{"href":"https:\/\/www.strassenweb.de\/nachrichten\/wp-json\/wp\/v2\/posts"}],"about":[{"href":"https:\/\/www.strassenweb.de\/nachrichten\/wp-json\/wp\/v2\/types\/post"}],"author":[{"embeddable":true,"href":"https:\/\/www.strassenweb.de\/nachrichten\/wp-json\/wp\/v2\/users\/1"}],"replies":[{"embeddable":true,"href":"https:\/\/www.strassenweb.de\/nachrichten\/wp-json\/wp\/v2\/comments?post=2054"}],"version-history":[{"count":0,"href":"https:\/\/www.strassenweb.de\/nachrichten\/wp-json\/wp\/v2\/posts\/2054\/revisions"}],"wp:featuredmedia":[{"embeddable":true,"href":"https:\/\/www.strassenweb.de\/nachrichten\/wp-json\/wp\/v2\/media\/2055"}],"wp:attachment":[{"href":"https:\/\/www.strassenweb.de\/nachrichten\/wp-json\/wp\/v2\/media?parent=2054"}],"wp:term":[{"taxonomy":"category","embeddable":true,"href":"https:\/\/www.strassenweb.de\/nachrichten\/wp-json\/wp\/v2\/categories?post=2054"},{"taxonomy":"post_tag","embeddable":true,"href":"https:\/\/www.strassenweb.de\/nachrichten\/wp-json\/wp\/v2\/tags?post=2054"}],"curies":[{"name":"wp","href":"https:\/\/api.w.org\/{rel}","templated":true}]}}