{"id":2048,"date":"2024-12-11T14:53:48","date_gmt":"2024-12-11T13:53:48","guid":{"rendered":"https:\/\/www.strassenweb.de\/nachrichten\/millie-bobby-brown-schmueckt-ihren-weihnachtsbaum-mit-diesem-jahrhundertealten-feiertagsaccessoire-es-verleiht-den-weissen-lichtern-und-zweigen-sofort-struktur\/"},"modified":"2024-12-11T14:53:49","modified_gmt":"2024-12-11T13:53:49","slug":"millie-bobby-brown-schmueckt-ihren-weihnachtsbaum-mit-diesem-jahrhundertealten-feiertagsaccessoire-es-verleiht-den-weissen-lichtern-und-zweigen-sofort-struktur","status":"publish","type":"post","link":"https:\/\/www.strassenweb.de\/nachrichten\/millie-bobby-brown-schmueckt-ihren-weihnachtsbaum-mit-diesem-jahrhundertealten-feiertagsaccessoire-es-verleiht-den-weissen-lichtern-und-zweigen-sofort-struktur\/","title":{"rendered":"Millie Bobby Brown schm\u00fcckt ihren Weihnachtsbaum mit diesem jahrhundertealten Feiertagsaccessoire \u2013 es verleiht den wei\u00dfen Lichtern und Zweigen sofort Struktur"},"content":{"rendered":"<p><\/p>\n<div id=\"article-body\" class=\"article__body \">\n<p>Nur wenige Weihnachtstraditionen sind so zeitlos wie rote B\u00e4nder \u2013 eine Tradition (die angeblich famili\u00e4re Bindungen symbolisiert), die sich \u00fcber Jahrzehnte st\u00e4ndig wechselnder Dekorationstrends erstreckt. Rote B\u00e4nder sind preisg\u00fcnstig, einfach und f\u00fcr jedermann zug\u00e4nglich, aber das hat Leute wie Millie Bobby Brown nicht davon abgehalten, sie in den Vordergrund ihres Stammbaums zu r\u00fccken.<\/p>\n<div id=\"ad-unit-1\" class=\"ad-unit\"><\/div>\n<p>Der<em> Fremde Dinge<\/em> Schauspielerin und Model Jake Bongiovi nutzten ihren Weihnachtsbaum als Erinnerung daran, dass altehrw\u00fcrdige Feiertagstraditionen aus gutem Grund zeitlos sind \u2013 indem sie rote B\u00e4nder (mit goldenem Rand) verwendeten, um ihrem Baum sofort Struktur zu verleihen. Das Paar blieb weiteren weihnachtlichen Dekorationstraditionen treu und erg\u00e4nzte das Band mit roten und gr\u00fcnen Ornamenten und wei\u00dfen Lichterketten \u2013 so entstand eine Farbpalette, die sich \u00fcber Jahre erstreckt.<\/p>\n<aside class=\"hawk-nest\" data-block-type=\"embed\" data-render-type=\"fte\" data-skip=\"dealsy\" data-widget-type=\"seasonal\">\n<div class=\"hawk-master-widget-hawk-base-wrapper\"><\/div>\n<\/aside>\n<p>\u201eEin Weihnachtsklassiker, das rote Band, ist eine gro\u00dfartige Investition, da es in der festlichen Jahreszeit nie aus der Mode kommt\u201c, kommentiert Samantha Picard, Botschafterin bei Balsam Hill. Beim Styling von Red Ribbon kann man nichts falsch machen. Bobby Brown wickelt das Band um den Baum \u2013 doch dieses Jahr empfiehlt Picard, die B\u00e4nder in Schleifen zu verwandeln.<\/p>\n<div id=\"desktop-in-article\" class=\"in-article ad-unit\">\n<div id=\"desktop-taboola-mid-article\"><\/div>\n<\/div>\n<div id=\"mobile-in-article\" class=\"in-article ad-unit\">\n<div id=\"mobile-taboola-mid-article\"><\/div>\n<\/div>\n<p>\u201eB\u00e4nder liegen in diesem Jahr im Trend, weil die Beliebtheit von Schleifen immer noch nicht nachl\u00e4sst: Schleifenvideos auf TikTok wurden mehr als eine Milliarde Mal angesehen\u201c, kommentiert sie. \u201eIch liebe es, vorgefertigte Schleifen an meinen Girlanden und Kr\u00e4nzen zu befestigen, da diese \u00fcbergro\u00dfen St\u00fccke eine fantastische Wirkung und Dramatik verleihen und au\u00dferdem das Rot sich wirklich gut von dem gr\u00fcnen Laub abhebt!\u201c<\/p>\n<div class=\"van_vid_carousel\">\n<div class=\"van_vid_carousel__padding\">\n<div class=\"van_vid_carousel__container\"><\/div>\n<\/div>\n<\/div>\n<div class=\"instagram-embed\">\n<blockquote class=\"instagram-media\" data-instgrm-captioned data-instgrm-version=\"6\" style=\"width:99.375%; width:-webkit-calc(100% - 2px); width:calc(100% - 2px);\">\n<p>Ein von Millie Bobby Brown (@milliebobbybrown) geteilter Beitrag<\/p>\n<p>Ein Foto gepostet von am <\/p>\n<\/blockquote>\n<\/div>\n<h2 id=\"get-the-look-3\">Holen Sie sich den Look<\/h2>\n<div class=\"product-container hero-product-container product-block-no-wrap\"><\/div>\n<p>\u201eRotes Band verleiht der Weihnachtsdekoration einen zeitlosen Charme.\u201c Sein kr\u00e4ftiger Farbton ruft W\u00e4rme und Festlichkeit hervor; \u201eEs ist auch eine vielseitige Wahl f\u00fcr verschiedene Umgebungen\u201c, f\u00fcgen die Experten hinzu <u>Bl\u00fchendes Haus<\/u>. B\u00e4nder sind eine M\u00f6glichkeit, Ihrem Baum ein modernes Aussehen zu verleihen. Sie empfehlen jedoch auch, das Band durch die Zweige zu weben, um einen kaskadierenden, modernen Effekt zu erzielen.<\/p>\n<div id=\"ad-unit-2\" class=\"ad-unit\"><\/div>\n<p>\u201eIm Eingangsbereich oder an Ihrer Haust\u00fcr wird normalerweise ein rotes Band verwendet, um Kr\u00e4nze zu schm\u00fccken oder aufzuh\u00e4ngen. Das rote Band ist gerne der Haupt- und einzige Charakter f\u00fcr eine einfache, aber wirkungsvolle festliche Note, oder es kann auch eine Erg\u00e4nzung zu vielen anderen festlichen Dekorationen sein. F\u00fcr zus\u00e4tzlichen Charme w\u00e4hlen Sie dunkelrote Samtb\u00e4nder. Ein Bonus ist, dass Sie es Jahr f\u00fcr Jahr nutzen k\u00f6nnen!\u2018<\/p>\n<div class=\"product-container hero-product-container product-block-no-wrap\"><\/div>\n<hr>\n<div id=\"slice-container-newsletterForm-articleInbodyContent-RvVmZNaohNDDAXRHjsboLP\" class=\"slice-container newsletter-inbodyContent-slice newsletterForm-articleInbodyContent-RvVmZNaohNDDAXRHjsboLP slice-container-newsletterForm\"><\/div>\n<\/div>\n<p><script async src=\"\/\/www.instagram.com\/embed.js\"><\/script><\/p>\n","protected":false},"excerpt":{"rendered":"<p>Nur wenige Weihnachtstraditionen sind so zeitlos wie rote B\u00e4nder \u2013 eine Tradition (die angeblich famili\u00e4re Bindungen symbolisiert), die sich \u00fcber Jahrzehnte st\u00e4ndig wechselnder Dekorationstrends erstreckt.<\/p>\n","protected":false},"author":1,"featured_media":2049,"comment_status":"closed","ping_status":"","sticky":false,"template":"","format":"standard","meta":{"footnotes":""},"categories":[118],"tags":[3600,3601,78,32,3602,325,3074,3603,3599,146,3006,197,782,37,958,3018,2930,3604],"class_list":["post-2048","post","type-post","status-publish","format-standard","has-post-thumbnail","hentry","category-haus-garten","tag-bobby","tag-brown","tag-den","tag-diesem","tag-feiertagsaccessoire","tag-ihren","tag-jahrhundertealten","tag-lichtern","tag-millie","tag-mit","tag-schmueckt","tag-sofort","tag-struktur","tag-und","tag-verleiht","tag-weihnachtsbaum","tag-weissen","tag-zweigen","generate-columns","tablet-grid-50","mobile-grid-100","grid-parent","grid-50"],"yoast_head":"<!-- This site is optimized with the Yoast SEO plugin v27.3 - https:\/\/yoast.com\/product\/yoast-seo-wordpress\/ -->\n<title>Millie Bobby Brown schm\u00fcckt ihren Weihnachtsbaum mit diesem jahrhundertealten Feiertagsaccessoire \u2013 es verleiht den wei\u00dfen Lichtern und Zweigen sofort Struktur - Nachrichten - Stra\u00dfenweb<\/title>\n<meta name=\"robots\" content=\"index, follow, max-snippet:-1, max-image-preview:large, max-video-preview:-1\" \/>\n<link rel=\"canonical\" href=\"https:\/\/www.strassenweb.de\/nachrichten\/millie-bobby-brown-schmueckt-ihren-weihnachtsbaum-mit-diesem-jahrhundertealten-feiertagsaccessoire-es-verleiht-den-weissen-lichtern-und-zweigen-sofort-struktur\/\" \/>\n<meta property=\"og:locale\" content=\"de_DE\" \/>\n<meta property=\"og:type\" content=\"article\" \/>\n<meta property=\"og:title\" content=\"Millie Bobby Brown schm\u00fcckt ihren Weihnachtsbaum mit diesem jahrhundertealten Feiertagsaccessoire \u2013 es verleiht den wei\u00dfen Lichtern und Zweigen sofort Struktur - Nachrichten - Stra\u00dfenweb\" \/>\n<meta property=\"og:description\" content=\"Nur wenige Weihnachtstraditionen sind so zeitlos wie rote B\u00e4nder \u2013 eine Tradition (die angeblich famili\u00e4re Bindungen symbolisiert), die sich \u00fcber Jahrzehnte st\u00e4ndig wechselnder Dekorationstrends erstreckt.\" \/>\n<meta property=\"og:url\" content=\"https:\/\/www.strassenweb.de\/nachrichten\/millie-bobby-brown-schmueckt-ihren-weihnachtsbaum-mit-diesem-jahrhundertealten-feiertagsaccessoire-es-verleiht-den-weissen-lichtern-und-zweigen-sofort-struktur\/\" \/>\n<meta property=\"og:site_name\" content=\"Stra\u00dfenweb\" \/>\n<meta property=\"article:publisher\" content=\"https:\/\/www.facebook.com\/strassenweb\/\" \/>\n<meta property=\"article:published_time\" content=\"2024-12-11T13:53:48+00:00\" \/>\n<meta property=\"article:modified_time\" content=\"2024-12-11T13:53:49+00:00\" \/>\n<meta property=\"og:image\" content=\"https:\/\/www.strassenweb.de\/nachrichten\/wp-content\/uploads\/2024\/12\/Millie-Bobby-Brown-schmueckt-ihren-Weihnachtsbaum-mit-diesem-jahrhundertealten-Feiertagsaccessoire.jpg\" \/>\n\t<meta property=\"og:image:width\" content=\"1200\" \/>\n\t<meta property=\"og:image:height\" content=\"675\" \/>\n\t<meta property=\"og:image:type\" content=\"image\/jpeg\" \/>\n<meta name=\"author\" content=\"Robert Hoffmann\" \/>\n<meta name=\"twitter:card\" content=\"summary_large_image\" \/>\n<meta name=\"twitter:label1\" content=\"Verfasst von\" \/>\n\t<meta name=\"twitter:data1\" content=\"Robert Hoffmann\" \/>\n\t<meta name=\"twitter:label2\" content=\"Gesch\u00e4tzte Lesezeit\" \/>\n\t<meta name=\"twitter:data2\" content=\"2\u00a0Minuten\" \/>\n<script type=\"application\/ld+json\" class=\"yoast-schema-graph\">{\"@context\":\"https:\\\/\\\/schema.org\",\"@graph\":[{\"@type\":\"Article\",\"@id\":\"https:\\\/\\\/www.strassenweb.de\\\/nachrichten\\\/millie-bobby-brown-schmueckt-ihren-weihnachtsbaum-mit-diesem-jahrhundertealten-feiertagsaccessoire-es-verleiht-den-weissen-lichtern-und-zweigen-sofort-struktur\\\/#article\",\"isPartOf\":{\"@id\":\"https:\\\/\\\/www.strassenweb.de\\\/nachrichten\\\/millie-bobby-brown-schmueckt-ihren-weihnachtsbaum-mit-diesem-jahrhundertealten-feiertagsaccessoire-es-verleiht-den-weissen-lichtern-und-zweigen-sofort-struktur\\\/\"},\"author\":{\"name\":\"Robert Hoffmann\",\"@id\":\"https:\\\/\\\/www.strassenweb.de\\\/nachrichten\\\/#\\\/schema\\\/person\\\/87c9c9067f1211da429a744dc5a5aa41\"},\"headline\":\"Millie Bobby Brown schm\u00fcckt ihren Weihnachtsbaum mit diesem jahrhundertealten Feiertagsaccessoire \u2013 es verleiht den wei\u00dfen Lichtern und Zweigen sofort Struktur\",\"datePublished\":\"2024-12-11T13:53:48+00:00\",\"dateModified\":\"2024-12-11T13:53:49+00:00\",\"mainEntityOfPage\":{\"@id\":\"https:\\\/\\\/www.strassenweb.de\\\/nachrichten\\\/millie-bobby-brown-schmueckt-ihren-weihnachtsbaum-mit-diesem-jahrhundertealten-feiertagsaccessoire-es-verleiht-den-weissen-lichtern-und-zweigen-sofort-struktur\\\/\"},\"wordCount\":440,\"publisher\":{\"@id\":\"https:\\\/\\\/www.strassenweb.de\\\/nachrichten\\\/#organization\"},\"image\":{\"@id\":\"https:\\\/\\\/www.strassenweb.de\\\/nachrichten\\\/millie-bobby-brown-schmueckt-ihren-weihnachtsbaum-mit-diesem-jahrhundertealten-feiertagsaccessoire-es-verleiht-den-weissen-lichtern-und-zweigen-sofort-struktur\\\/#primaryimage\"},\"thumbnailUrl\":\"https:\\\/\\\/www.strassenweb.de\\\/nachrichten\\\/wp-content\\\/uploads\\\/2024\\\/12\\\/Millie-Bobby-Brown-schmueckt-ihren-Weihnachtsbaum-mit-diesem-jahrhundertealten-Feiertagsaccessoire.jpg\",\"keywords\":[\"Bobby\",\"Brown\",\"den\",\"diesem\",\"Feiertagsaccessoire\",\"ihren\",\"jahrhundertealten\",\"Lichtern\",\"Millie\",\"mit\",\"schm\u00fcckt\",\"sofort\",\"Struktur\",\"und\",\"verleiht\",\"Weihnachtsbaum\",\"wei\u00dfen\",\"Zweigen\"],\"articleSection\":[\"Haus &amp; Garten\"],\"inLanguage\":\"de\"},{\"@type\":\"WebPage\",\"@id\":\"https:\\\/\\\/www.strassenweb.de\\\/nachrichten\\\/millie-bobby-brown-schmueckt-ihren-weihnachtsbaum-mit-diesem-jahrhundertealten-feiertagsaccessoire-es-verleiht-den-weissen-lichtern-und-zweigen-sofort-struktur\\\/\",\"url\":\"https:\\\/\\\/www.strassenweb.de\\\/nachrichten\\\/millie-bobby-brown-schmueckt-ihren-weihnachtsbaum-mit-diesem-jahrhundertealten-feiertagsaccessoire-es-verleiht-den-weissen-lichtern-und-zweigen-sofort-struktur\\\/\",\"name\":\"Millie Bobby Brown schm\u00fcckt ihren Weihnachtsbaum mit diesem jahrhundertealten Feiertagsaccessoire \u2013 es verleiht den wei\u00dfen Lichtern und Zweigen sofort Struktur - Nachrichten - Stra\u00dfenweb\",\"isPartOf\":{\"@id\":\"https:\\\/\\\/www.strassenweb.de\\\/nachrichten\\\/#website\"},\"primaryImageOfPage\":{\"@id\":\"https:\\\/\\\/www.strassenweb.de\\\/nachrichten\\\/millie-bobby-brown-schmueckt-ihren-weihnachtsbaum-mit-diesem-jahrhundertealten-feiertagsaccessoire-es-verleiht-den-weissen-lichtern-und-zweigen-sofort-struktur\\\/#primaryimage\"},\"image\":{\"@id\":\"https:\\\/\\\/www.strassenweb.de\\\/nachrichten\\\/millie-bobby-brown-schmueckt-ihren-weihnachtsbaum-mit-diesem-jahrhundertealten-feiertagsaccessoire-es-verleiht-den-weissen-lichtern-und-zweigen-sofort-struktur\\\/#primaryimage\"},\"thumbnailUrl\":\"https:\\\/\\\/www.strassenweb.de\\\/nachrichten\\\/wp-content\\\/uploads\\\/2024\\\/12\\\/Millie-Bobby-Brown-schmueckt-ihren-Weihnachtsbaum-mit-diesem-jahrhundertealten-Feiertagsaccessoire.jpg\",\"datePublished\":\"2024-12-11T13:53:48+00:00\",\"dateModified\":\"2024-12-11T13:53:49+00:00\",\"breadcrumb\":{\"@id\":\"https:\\\/\\\/www.strassenweb.de\\\/nachrichten\\\/millie-bobby-brown-schmueckt-ihren-weihnachtsbaum-mit-diesem-jahrhundertealten-feiertagsaccessoire-es-verleiht-den-weissen-lichtern-und-zweigen-sofort-struktur\\\/#breadcrumb\"},\"inLanguage\":\"de\",\"potentialAction\":[{\"@type\":\"ReadAction\",\"target\":[\"https:\\\/\\\/www.strassenweb.de\\\/nachrichten\\\/millie-bobby-brown-schmueckt-ihren-weihnachtsbaum-mit-diesem-jahrhundertealten-feiertagsaccessoire-es-verleiht-den-weissen-lichtern-und-zweigen-sofort-struktur\\\/\"]}]},{\"@type\":\"ImageObject\",\"inLanguage\":\"de\",\"@id\":\"https:\\\/\\\/www.strassenweb.de\\\/nachrichten\\\/millie-bobby-brown-schmueckt-ihren-weihnachtsbaum-mit-diesem-jahrhundertealten-feiertagsaccessoire-es-verleiht-den-weissen-lichtern-und-zweigen-sofort-struktur\\\/#primaryimage\",\"url\":\"https:\\\/\\\/www.strassenweb.de\\\/nachrichten\\\/wp-content\\\/uploads\\\/2024\\\/12\\\/Millie-Bobby-Brown-schmueckt-ihren-Weihnachtsbaum-mit-diesem-jahrhundertealten-Feiertagsaccessoire.jpg\",\"contentUrl\":\"https:\\\/\\\/www.strassenweb.de\\\/nachrichten\\\/wp-content\\\/uploads\\\/2024\\\/12\\\/Millie-Bobby-Brown-schmueckt-ihren-Weihnachtsbaum-mit-diesem-jahrhundertealten-Feiertagsaccessoire.jpg\",\"width\":1200,\"height\":675,\"caption\":\"Millie Bobby Brown schm\u00fcckt ihren Weihnachtsbaum mit diesem jahrhundertealten Feiertagsaccessoire \u2013 es verleiht den wei\u00dfen Lichtern und Zweigen sofort Struktur\"},{\"@type\":\"BreadcrumbList\",\"@id\":\"https:\\\/\\\/www.strassenweb.de\\\/nachrichten\\\/millie-bobby-brown-schmueckt-ihren-weihnachtsbaum-mit-diesem-jahrhundertealten-feiertagsaccessoire-es-verleiht-den-weissen-lichtern-und-zweigen-sofort-struktur\\\/#breadcrumb\",\"itemListElement\":[{\"@type\":\"ListItem\",\"position\":1,\"name\":\"Home\",\"item\":\"https:\\\/\\\/www.strassenweb.de\\\/nachrichten\\\/\"},{\"@type\":\"ListItem\",\"position\":2,\"name\":\"Millie Bobby Brown schm\u00fcckt ihren Weihnachtsbaum mit diesem jahrhundertealten Feiertagsaccessoire \u2013 es verleiht den wei\u00dfen Lichtern und Zweigen sofort Struktur\"}]},{\"@type\":\"WebSite\",\"@id\":\"https:\\\/\\\/www.strassenweb.de\\\/nachrichten\\\/#website\",\"url\":\"https:\\\/\\\/www.strassenweb.de\\\/nachrichten\\\/\",\"name\":\"Stra\u00dfenweb\",\"description\":\"Stra\u00dfenverzeichnis f\u00fcr Deutschland\",\"publisher\":{\"@id\":\"https:\\\/\\\/www.strassenweb.de\\\/nachrichten\\\/#organization\"},\"potentialAction\":[{\"@type\":\"SearchAction\",\"target\":{\"@type\":\"EntryPoint\",\"urlTemplate\":\"https:\\\/\\\/www.strassenweb.de\\\/nachrichten\\\/?s={search_term_string}\"},\"query-input\":{\"@type\":\"PropertyValueSpecification\",\"valueRequired\":true,\"valueName\":\"search_term_string\"}}],\"inLanguage\":\"de\"},{\"@type\":\"Organization\",\"@id\":\"https:\\\/\\\/www.strassenweb.de\\\/nachrichten\\\/#organization\",\"name\":\"Stra\u00dfenweb\",\"url\":\"https:\\\/\\\/www.strassenweb.de\\\/nachrichten\\\/\",\"logo\":{\"@type\":\"ImageObject\",\"inLanguage\":\"de\",\"@id\":\"https:\\\/\\\/www.strassenweb.de\\\/nachrichten\\\/#\\\/schema\\\/logo\\\/image\\\/\",\"url\":\"https:\\\/\\\/www.strassenweb.de\\\/nachrichten\\\/wp-content\\\/uploads\\\/2024\\\/09\\\/cropped-favicon.png\",\"contentUrl\":\"https:\\\/\\\/www.strassenweb.de\\\/nachrichten\\\/wp-content\\\/uploads\\\/2024\\\/09\\\/cropped-favicon.png\",\"width\":512,\"height\":512,\"caption\":\"Stra\u00dfenweb\"},\"image\":{\"@id\":\"https:\\\/\\\/www.strassenweb.de\\\/nachrichten\\\/#\\\/schema\\\/logo\\\/image\\\/\"},\"sameAs\":[\"https:\\\/\\\/www.facebook.com\\\/strassenweb\\\/\"]},{\"@type\":\"Person\",\"@id\":\"https:\\\/\\\/www.strassenweb.de\\\/nachrichten\\\/#\\\/schema\\\/person\\\/87c9c9067f1211da429a744dc5a5aa41\",\"name\":\"Robert Hoffmann\",\"image\":{\"@type\":\"ImageObject\",\"inLanguage\":\"de\",\"@id\":\"https:\\\/\\\/www.strassenweb.de\\\/nachrichten\\\/wp-content\\\/uploads\\\/2024\\\/09\\\/strassenweb-150x150.jpg\",\"url\":\"https:\\\/\\\/www.strassenweb.de\\\/nachrichten\\\/wp-content\\\/uploads\\\/2024\\\/09\\\/strassenweb-150x150.jpg\",\"contentUrl\":\"https:\\\/\\\/www.strassenweb.de\\\/nachrichten\\\/wp-content\\\/uploads\\\/2024\\\/09\\\/strassenweb-150x150.jpg\",\"caption\":\"Robert Hoffmann\"},\"description\":\"Ich hei\u00dfe Robert Hoffmann und ich bin ein leidenschaftlicher Verfechter von \u00d6kologie und Biodiversit\u00e4t. Seit meiner Kindheit in den W\u00e4ldern Bayerns f\u00fchle ich mich mit der Natur verbunden und bin entschlossen, sie zu sch\u00fctzen. Heute widme ich mein Leben der Sensibilisierung anderer f\u00fcr die Bedeutung des Umweltschutzes f\u00fcr zuk\u00fcnftige Generationen.\",\"sameAs\":[\"https:\\\/\\\/www.strassenweb.de\\\/\"]}]}<\/script>\n<!-- \/ Yoast SEO plugin. -->","yoast_head_json":{"title":"Millie Bobby Brown schm\u00fcckt ihren Weihnachtsbaum mit diesem jahrhundertealten Feiertagsaccessoire \u2013 es verleiht den wei\u00dfen Lichtern und Zweigen sofort Struktur - Nachrichten - Stra\u00dfenweb","robots":{"index":"index","follow":"follow","max-snippet":"max-snippet:-1","max-image-preview":"max-image-preview:large","max-video-preview":"max-video-preview:-1"},"canonical":"https:\/\/www.strassenweb.de\/nachrichten\/millie-bobby-brown-schmueckt-ihren-weihnachtsbaum-mit-diesem-jahrhundertealten-feiertagsaccessoire-es-verleiht-den-weissen-lichtern-und-zweigen-sofort-struktur\/","og_locale":"de_DE","og_type":"article","og_title":"Millie Bobby Brown schm\u00fcckt ihren Weihnachtsbaum mit diesem jahrhundertealten Feiertagsaccessoire \u2013 es verleiht den wei\u00dfen Lichtern und Zweigen sofort Struktur - Nachrichten - Stra\u00dfenweb","og_description":"Nur wenige Weihnachtstraditionen sind so zeitlos wie rote B\u00e4nder \u2013 eine Tradition (die angeblich famili\u00e4re Bindungen symbolisiert), die sich \u00fcber Jahrzehnte st\u00e4ndig wechselnder Dekorationstrends erstreckt.","og_url":"https:\/\/www.strassenweb.de\/nachrichten\/millie-bobby-brown-schmueckt-ihren-weihnachtsbaum-mit-diesem-jahrhundertealten-feiertagsaccessoire-es-verleiht-den-weissen-lichtern-und-zweigen-sofort-struktur\/","og_site_name":"Stra\u00dfenweb","article_publisher":"https:\/\/www.facebook.com\/strassenweb\/","article_published_time":"2024-12-11T13:53:48+00:00","article_modified_time":"2024-12-11T13:53:49+00:00","og_image":[{"width":1200,"height":675,"url":"https:\/\/www.strassenweb.de\/nachrichten\/wp-content\/uploads\/2024\/12\/Millie-Bobby-Brown-schmueckt-ihren-Weihnachtsbaum-mit-diesem-jahrhundertealten-Feiertagsaccessoire.jpg","type":"image\/jpeg"}],"author":"Robert Hoffmann","twitter_card":"summary_large_image","twitter_misc":{"Verfasst von":"Robert Hoffmann","Gesch\u00e4tzte Lesezeit":"2\u00a0Minuten"},"schema":{"@context":"https:\/\/schema.org","@graph":[{"@type":"Article","@id":"https:\/\/www.strassenweb.de\/nachrichten\/millie-bobby-brown-schmueckt-ihren-weihnachtsbaum-mit-diesem-jahrhundertealten-feiertagsaccessoire-es-verleiht-den-weissen-lichtern-und-zweigen-sofort-struktur\/#article","isPartOf":{"@id":"https:\/\/www.strassenweb.de\/nachrichten\/millie-bobby-brown-schmueckt-ihren-weihnachtsbaum-mit-diesem-jahrhundertealten-feiertagsaccessoire-es-verleiht-den-weissen-lichtern-und-zweigen-sofort-struktur\/"},"author":{"name":"Robert Hoffmann","@id":"https:\/\/www.strassenweb.de\/nachrichten\/#\/schema\/person\/87c9c9067f1211da429a744dc5a5aa41"},"headline":"Millie Bobby Brown schm\u00fcckt ihren Weihnachtsbaum mit diesem jahrhundertealten Feiertagsaccessoire \u2013 es verleiht den wei\u00dfen Lichtern und Zweigen sofort Struktur","datePublished":"2024-12-11T13:53:48+00:00","dateModified":"2024-12-11T13:53:49+00:00","mainEntityOfPage":{"@id":"https:\/\/www.strassenweb.de\/nachrichten\/millie-bobby-brown-schmueckt-ihren-weihnachtsbaum-mit-diesem-jahrhundertealten-feiertagsaccessoire-es-verleiht-den-weissen-lichtern-und-zweigen-sofort-struktur\/"},"wordCount":440,"publisher":{"@id":"https:\/\/www.strassenweb.de\/nachrichten\/#organization"},"image":{"@id":"https:\/\/www.strassenweb.de\/nachrichten\/millie-bobby-brown-schmueckt-ihren-weihnachtsbaum-mit-diesem-jahrhundertealten-feiertagsaccessoire-es-verleiht-den-weissen-lichtern-und-zweigen-sofort-struktur\/#primaryimage"},"thumbnailUrl":"https:\/\/www.strassenweb.de\/nachrichten\/wp-content\/uploads\/2024\/12\/Millie-Bobby-Brown-schmueckt-ihren-Weihnachtsbaum-mit-diesem-jahrhundertealten-Feiertagsaccessoire.jpg","keywords":["Bobby","Brown","den","diesem","Feiertagsaccessoire","ihren","jahrhundertealten","Lichtern","Millie","mit","schm\u00fcckt","sofort","Struktur","und","verleiht","Weihnachtsbaum","wei\u00dfen","Zweigen"],"articleSection":["Haus &amp; Garten"],"inLanguage":"de"},{"@type":"WebPage","@id":"https:\/\/www.strassenweb.de\/nachrichten\/millie-bobby-brown-schmueckt-ihren-weihnachtsbaum-mit-diesem-jahrhundertealten-feiertagsaccessoire-es-verleiht-den-weissen-lichtern-und-zweigen-sofort-struktur\/","url":"https:\/\/www.strassenweb.de\/nachrichten\/millie-bobby-brown-schmueckt-ihren-weihnachtsbaum-mit-diesem-jahrhundertealten-feiertagsaccessoire-es-verleiht-den-weissen-lichtern-und-zweigen-sofort-struktur\/","name":"Millie Bobby Brown schm\u00fcckt ihren Weihnachtsbaum mit diesem jahrhundertealten Feiertagsaccessoire \u2013 es verleiht den wei\u00dfen Lichtern und Zweigen sofort Struktur - Nachrichten - Stra\u00dfenweb","isPartOf":{"@id":"https:\/\/www.strassenweb.de\/nachrichten\/#website"},"primaryImageOfPage":{"@id":"https:\/\/www.strassenweb.de\/nachrichten\/millie-bobby-brown-schmueckt-ihren-weihnachtsbaum-mit-diesem-jahrhundertealten-feiertagsaccessoire-es-verleiht-den-weissen-lichtern-und-zweigen-sofort-struktur\/#primaryimage"},"image":{"@id":"https:\/\/www.strassenweb.de\/nachrichten\/millie-bobby-brown-schmueckt-ihren-weihnachtsbaum-mit-diesem-jahrhundertealten-feiertagsaccessoire-es-verleiht-den-weissen-lichtern-und-zweigen-sofort-struktur\/#primaryimage"},"thumbnailUrl":"https:\/\/www.strassenweb.de\/nachrichten\/wp-content\/uploads\/2024\/12\/Millie-Bobby-Brown-schmueckt-ihren-Weihnachtsbaum-mit-diesem-jahrhundertealten-Feiertagsaccessoire.jpg","datePublished":"2024-12-11T13:53:48+00:00","dateModified":"2024-12-11T13:53:49+00:00","breadcrumb":{"@id":"https:\/\/www.strassenweb.de\/nachrichten\/millie-bobby-brown-schmueckt-ihren-weihnachtsbaum-mit-diesem-jahrhundertealten-feiertagsaccessoire-es-verleiht-den-weissen-lichtern-und-zweigen-sofort-struktur\/#breadcrumb"},"inLanguage":"de","potentialAction":[{"@type":"ReadAction","target":["https:\/\/www.strassenweb.de\/nachrichten\/millie-bobby-brown-schmueckt-ihren-weihnachtsbaum-mit-diesem-jahrhundertealten-feiertagsaccessoire-es-verleiht-den-weissen-lichtern-und-zweigen-sofort-struktur\/"]}]},{"@type":"ImageObject","inLanguage":"de","@id":"https:\/\/www.strassenweb.de\/nachrichten\/millie-bobby-brown-schmueckt-ihren-weihnachtsbaum-mit-diesem-jahrhundertealten-feiertagsaccessoire-es-verleiht-den-weissen-lichtern-und-zweigen-sofort-struktur\/#primaryimage","url":"https:\/\/www.strassenweb.de\/nachrichten\/wp-content\/uploads\/2024\/12\/Millie-Bobby-Brown-schmueckt-ihren-Weihnachtsbaum-mit-diesem-jahrhundertealten-Feiertagsaccessoire.jpg","contentUrl":"https:\/\/www.strassenweb.de\/nachrichten\/wp-content\/uploads\/2024\/12\/Millie-Bobby-Brown-schmueckt-ihren-Weihnachtsbaum-mit-diesem-jahrhundertealten-Feiertagsaccessoire.jpg","width":1200,"height":675,"caption":"Millie Bobby Brown schm\u00fcckt ihren Weihnachtsbaum mit diesem jahrhundertealten Feiertagsaccessoire \u2013 es verleiht den wei\u00dfen Lichtern und Zweigen sofort Struktur"},{"@type":"BreadcrumbList","@id":"https:\/\/www.strassenweb.de\/nachrichten\/millie-bobby-brown-schmueckt-ihren-weihnachtsbaum-mit-diesem-jahrhundertealten-feiertagsaccessoire-es-verleiht-den-weissen-lichtern-und-zweigen-sofort-struktur\/#breadcrumb","itemListElement":[{"@type":"ListItem","position":1,"name":"Home","item":"https:\/\/www.strassenweb.de\/nachrichten\/"},{"@type":"ListItem","position":2,"name":"Millie Bobby Brown schm\u00fcckt ihren Weihnachtsbaum mit diesem jahrhundertealten Feiertagsaccessoire \u2013 es verleiht den wei\u00dfen Lichtern und Zweigen sofort Struktur"}]},{"@type":"WebSite","@id":"https:\/\/www.strassenweb.de\/nachrichten\/#website","url":"https:\/\/www.strassenweb.de\/nachrichten\/","name":"Stra\u00dfenweb","description":"Stra\u00dfenverzeichnis f\u00fcr Deutschland","publisher":{"@id":"https:\/\/www.strassenweb.de\/nachrichten\/#organization"},"potentialAction":[{"@type":"SearchAction","target":{"@type":"EntryPoint","urlTemplate":"https:\/\/www.strassenweb.de\/nachrichten\/?s={search_term_string}"},"query-input":{"@type":"PropertyValueSpecification","valueRequired":true,"valueName":"search_term_string"}}],"inLanguage":"de"},{"@type":"Organization","@id":"https:\/\/www.strassenweb.de\/nachrichten\/#organization","name":"Stra\u00dfenweb","url":"https:\/\/www.strassenweb.de\/nachrichten\/","logo":{"@type":"ImageObject","inLanguage":"de","@id":"https:\/\/www.strassenweb.de\/nachrichten\/#\/schema\/logo\/image\/","url":"https:\/\/www.strassenweb.de\/nachrichten\/wp-content\/uploads\/2024\/09\/cropped-favicon.png","contentUrl":"https:\/\/www.strassenweb.de\/nachrichten\/wp-content\/uploads\/2024\/09\/cropped-favicon.png","width":512,"height":512,"caption":"Stra\u00dfenweb"},"image":{"@id":"https:\/\/www.strassenweb.de\/nachrichten\/#\/schema\/logo\/image\/"},"sameAs":["https:\/\/www.facebook.com\/strassenweb\/"]},{"@type":"Person","@id":"https:\/\/www.strassenweb.de\/nachrichten\/#\/schema\/person\/87c9c9067f1211da429a744dc5a5aa41","name":"Robert Hoffmann","image":{"@type":"ImageObject","inLanguage":"de","@id":"https:\/\/www.strassenweb.de\/nachrichten\/wp-content\/uploads\/2024\/09\/strassenweb-150x150.jpg","url":"https:\/\/www.strassenweb.de\/nachrichten\/wp-content\/uploads\/2024\/09\/strassenweb-150x150.jpg","contentUrl":"https:\/\/www.strassenweb.de\/nachrichten\/wp-content\/uploads\/2024\/09\/strassenweb-150x150.jpg","caption":"Robert Hoffmann"},"description":"Ich hei\u00dfe Robert Hoffmann und ich bin ein leidenschaftlicher Verfechter von \u00d6kologie und Biodiversit\u00e4t. Seit meiner Kindheit in den W\u00e4ldern Bayerns f\u00fchle ich mich mit der Natur verbunden und bin entschlossen, sie zu sch\u00fctzen. Heute widme ich mein Leben der Sensibilisierung anderer f\u00fcr die Bedeutung des Umweltschutzes f\u00fcr zuk\u00fcnftige Generationen.","sameAs":["https:\/\/www.strassenweb.de\/"]}]}},"_links":{"self":[{"href":"https:\/\/www.strassenweb.de\/nachrichten\/wp-json\/wp\/v2\/posts\/2048","targetHints":{"allow":["GET"]}}],"collection":[{"href":"https:\/\/www.strassenweb.de\/nachrichten\/wp-json\/wp\/v2\/posts"}],"about":[{"href":"https:\/\/www.strassenweb.de\/nachrichten\/wp-json\/wp\/v2\/types\/post"}],"author":[{"embeddable":true,"href":"https:\/\/www.strassenweb.de\/nachrichten\/wp-json\/wp\/v2\/users\/1"}],"replies":[{"embeddable":true,"href":"https:\/\/www.strassenweb.de\/nachrichten\/wp-json\/wp\/v2\/comments?post=2048"}],"version-history":[{"count":0,"href":"https:\/\/www.strassenweb.de\/nachrichten\/wp-json\/wp\/v2\/posts\/2048\/revisions"}],"wp:featuredmedia":[{"embeddable":true,"href":"https:\/\/www.strassenweb.de\/nachrichten\/wp-json\/wp\/v2\/media\/2049"}],"wp:attachment":[{"href":"https:\/\/www.strassenweb.de\/nachrichten\/wp-json\/wp\/v2\/media?parent=2048"}],"wp:term":[{"taxonomy":"category","embeddable":true,"href":"https:\/\/www.strassenweb.de\/nachrichten\/wp-json\/wp\/v2\/categories?post=2048"},{"taxonomy":"post_tag","embeddable":true,"href":"https:\/\/www.strassenweb.de\/nachrichten\/wp-json\/wp\/v2\/tags?post=2048"}],"curies":[{"name":"wp","href":"https:\/\/api.w.org\/{rel}","templated":true}]}}