{"id":203,"date":"2024-09-25T02:52:26","date_gmt":"2024-09-25T00:52:26","guid":{"rendered":"https:\/\/www.strassenweb.de\/nachrichten\/reflexionwyoming-ueber-den-aufstieg-der-extremen-rechten-unter-jungen-menschen-was-machen-wir-falsch\/"},"modified":"2024-09-25T02:52:27","modified_gmt":"2024-09-25T00:52:27","slug":"reflexionwyoming-ueber-den-aufstieg-der-extremen-rechten-unter-jungen-menschen-was-machen-wir-falsch","status":"publish","type":"post","link":"https:\/\/www.strassenweb.de\/nachrichten\/reflexionwyoming-ueber-den-aufstieg-der-extremen-rechten-unter-jungen-menschen-was-machen-wir-falsch\/","title":{"rendered":"ReflexionWyoming, \u00fcber den Aufstieg der extremen Rechten unter jungen Menschen: &quot;Was machen wir falsch?&quot;"},"content":{"rendered":"<footer class=\"article-main__signed\"><\/footer>\n<p>\u201eViele Philosophen haben best\u00e4tigt, dass die Existenz eine ist <b>ewige R\u00fcckkehr<\/b>so etwas wie ein Kreis, in dem sich alles wiederholt\u201c, sagt er. <b>Gro\u00dfraum Wyoming<\/b>. Und wie der Moderator von El Intermedio erkl\u00e4rt: \u201eAlles kommt zur\u00fcck.\u201c Und wie der Moderator andeutet, eine der Moden \u201e<b>h\u00e4sslich, schrecklich und weggeworfen<\/b> Vor Jahrzehnten ist es mit gro\u00dfer Wucht zur\u00fcckgekehrt.\u201c Wyoming bezieht sich auf die extreme Rechte, \u201eein Ph\u00e4nomen, von dem wir dachten, es sei vorbei, das aber pl\u00f6tzlich<b> ist in Mode gekommen<\/b>&#8218;, selbst an Orten, die gegen diese Art von Ideen geimpft zu sein schienen, wie Deutschland.<\/p>\n<p>Wie Wyoming erkl\u00e4rt, wurde es noch am selben Wochenende verh\u00e4ngt <b>Alternative f\u00fcr Deutschland<\/b>\u201eein Parteierbe der schlimmsten deutschen Geschichte und wir k\u00f6nnen sagen Weltgeschichte\u201c, in der <b>Regionalwahlen<\/b> aus Th\u00fcringen. F\u00fcr den Moderator ist das Besorgniserregendste, dass dieses Spiel so war <b>am meisten unter jungen Leuten gew\u00e4hlt<\/b> dieses Staates, \u201eim 21. Jahrhundert geboren\u201c.<\/p>\n<p>\u201eLeider ist es nicht nur ein Ph\u00e4nomen <b>ausschlie\u00dflich deutsch<\/b>\u201eArgumentiert Wyoming. \u201e\u00dcberall in Europa sehen wir junge Menschen, die ausstellen.\u201c <b>faschistische Symbole<\/b>totalit\u00e4re Proklamationen herausgeben und ihre rechte Hand in dem Alter heben, in dem sie es tun sollten <b>Machen Sie ein \u201eMatch\u201c auf Tinder<\/b>&#8222;f\u00fcgt der Moderator hinzu.<\/p>\n<div><\/div>\n<p>\u201eWas machen Eltern, Lehrer, Medien, Institutionen, Politiker falsch?\u201c<b>Was machen wir falsch?<\/b> dass solche jungen Leute denken, dass Ideen, die nur Tod und Zerst\u00f6rung \u00fcber die Welt bringen, es sind <b>akzeptabel<\/b>?\u201c, fragt der Moderator. \u201eIch wei\u00df es nicht, aber ich m\u00f6chte den Kindern gerne einen Rat geben: die Kombination aus <b>Meer\u00e4sche und Schnurrbart<\/b> Es mag umstritten sein, aber das mit Pony und Schnurrbart \u2026 gibt es nicht <b>Friseur<\/b> um das Problem zu beheben\u201c, schlie\u00dft er.<\/p>\n","protected":false},"excerpt":{"rendered":"<p>\u201eViele Philosophen haben best\u00e4tigt, dass die Existenz eine ist ewige R\u00fcckkehrso etwas wie ein Kreis, in dem sich alles wiederholt\u201c, sagt er. Gro\u00dfraum Wyoming. Und<\/p>\n","protected":false},"author":1,"featured_media":204,"comment_status":"closed","ping_status":"","sticky":false,"template":"","format":"standard","meta":{"footnotes":""},"categories":[4],"tags":[403,78,81,404,412,407,410,408,409,405,402,260,406,411],"class_list":["post-203","post","type-post","status-publish","format-standard","has-post-thumbnail","hentry","category-aktuelle-nachrichten","tag-aufstieg","tag-den","tag-der","tag-extremen","tag-falschquot","tag-jungen","tag-machen","tag-menschen","tag-quotwas","tag-rechten","tag-reflexionwyoming","tag-ueber","tag-unter","tag-wir","generate-columns","tablet-grid-50","mobile-grid-100","grid-parent","grid-50"],"yoast_head":"<!-- This site is optimized with the Yoast SEO plugin v27.3 - https:\/\/yoast.com\/product\/yoast-seo-wordpress\/ -->\n<title>ReflexionWyoming, \u00fcber den Aufstieg der extremen Rechten unter jungen Menschen: &quot;Was machen wir falsch?&quot; - Nachrichten - Stra\u00dfenweb<\/title>\n<meta name=\"robots\" content=\"index, follow, max-snippet:-1, max-image-preview:large, max-video-preview:-1\" \/>\n<link rel=\"canonical\" href=\"https:\/\/www.strassenweb.de\/nachrichten\/reflexionwyoming-ueber-den-aufstieg-der-extremen-rechten-unter-jungen-menschen-was-machen-wir-falsch\/\" \/>\n<meta property=\"og:locale\" content=\"de_DE\" \/>\n<meta property=\"og:type\" content=\"article\" \/>\n<meta property=\"og:title\" content=\"ReflexionWyoming, \u00fcber den Aufstieg der extremen Rechten unter jungen Menschen: &quot;Was machen wir falsch?&quot; - Nachrichten - Stra\u00dfenweb\" \/>\n<meta property=\"og:description\" content=\"\u201eViele Philosophen haben best\u00e4tigt, dass die Existenz eine ist ewige R\u00fcckkehrso etwas wie ein Kreis, in dem sich alles wiederholt\u201c, sagt er. Gro\u00dfraum Wyoming. Und\" \/>\n<meta property=\"og:url\" content=\"https:\/\/www.strassenweb.de\/nachrichten\/reflexionwyoming-ueber-den-aufstieg-der-extremen-rechten-unter-jungen-menschen-was-machen-wir-falsch\/\" \/>\n<meta property=\"og:site_name\" content=\"Stra\u00dfenweb\" \/>\n<meta property=\"article:publisher\" content=\"https:\/\/www.facebook.com\/strassenweb\/\" \/>\n<meta property=\"article:published_time\" content=\"2024-09-25T00:52:26+00:00\" \/>\n<meta property=\"article:modified_time\" content=\"2024-09-25T00:52:27+00:00\" \/>\n<meta property=\"og:image\" content=\"https:\/\/www.strassenweb.de\/nachrichten\/wp-content\/uploads\/2024\/09\/ReflexionWyoming-ueber-den-Aufstieg-der-extremen-Rechten-unter-jungen-Menschen.jpg\" \/>\n\t<meta property=\"og:image:width\" content=\"1280\" \/>\n\t<meta property=\"og:image:height\" content=\"720\" \/>\n\t<meta property=\"og:image:type\" content=\"image\/jpeg\" \/>\n<meta name=\"author\" content=\"Robert Hoffmann\" \/>\n<meta name=\"twitter:card\" content=\"summary_large_image\" \/>\n<meta name=\"twitter:label1\" content=\"Verfasst von\" \/>\n\t<meta name=\"twitter:data1\" content=\"Robert Hoffmann\" \/>\n\t<meta name=\"twitter:label2\" content=\"Gesch\u00e4tzte Lesezeit\" \/>\n\t<meta name=\"twitter:data2\" content=\"1\u00a0Minute\" \/>\n<script type=\"application\/ld+json\" class=\"yoast-schema-graph\">{\"@context\":\"https:\\\/\\\/schema.org\",\"@graph\":[{\"@type\":\"Article\",\"@id\":\"https:\\\/\\\/www.strassenweb.de\\\/nachrichten\\\/reflexionwyoming-ueber-den-aufstieg-der-extremen-rechten-unter-jungen-menschen-was-machen-wir-falsch\\\/#article\",\"isPartOf\":{\"@id\":\"https:\\\/\\\/www.strassenweb.de\\\/nachrichten\\\/reflexionwyoming-ueber-den-aufstieg-der-extremen-rechten-unter-jungen-menschen-was-machen-wir-falsch\\\/\"},\"author\":{\"name\":\"Robert Hoffmann\",\"@id\":\"https:\\\/\\\/www.strassenweb.de\\\/nachrichten\\\/#\\\/schema\\\/person\\\/87c9c9067f1211da429a744dc5a5aa41\"},\"headline\":\"ReflexionWyoming, \u00fcber den Aufstieg der extremen Rechten unter jungen Menschen: &quot;Was machen wir falsch?&quot;\",\"datePublished\":\"2024-09-25T00:52:26+00:00\",\"dateModified\":\"2024-09-25T00:52:27+00:00\",\"mainEntityOfPage\":{\"@id\":\"https:\\\/\\\/www.strassenweb.de\\\/nachrichten\\\/reflexionwyoming-ueber-den-aufstieg-der-extremen-rechten-unter-jungen-menschen-was-machen-wir-falsch\\\/\"},\"wordCount\":307,\"publisher\":{\"@id\":\"https:\\\/\\\/www.strassenweb.de\\\/nachrichten\\\/#organization\"},\"image\":{\"@id\":\"https:\\\/\\\/www.strassenweb.de\\\/nachrichten\\\/reflexionwyoming-ueber-den-aufstieg-der-extremen-rechten-unter-jungen-menschen-was-machen-wir-falsch\\\/#primaryimage\"},\"thumbnailUrl\":\"https:\\\/\\\/www.strassenweb.de\\\/nachrichten\\\/wp-content\\\/uploads\\\/2024\\\/09\\\/ReflexionWyoming-ueber-den-Aufstieg-der-extremen-Rechten-unter-jungen-Menschen.jpg\",\"keywords\":[\"Aufstieg\",\"den\",\"der\",\"extremen\",\"falschquot\",\"jungen\",\"machen\",\"Menschen\",\"quotWas\",\"Rechten\",\"ReflexionWyoming\",\"\u00fcber\",\"unter\",\"wir\"],\"articleSection\":[\"Aktuelle Nachrichten\"],\"inLanguage\":\"de\"},{\"@type\":\"WebPage\",\"@id\":\"https:\\\/\\\/www.strassenweb.de\\\/nachrichten\\\/reflexionwyoming-ueber-den-aufstieg-der-extremen-rechten-unter-jungen-menschen-was-machen-wir-falsch\\\/\",\"url\":\"https:\\\/\\\/www.strassenweb.de\\\/nachrichten\\\/reflexionwyoming-ueber-den-aufstieg-der-extremen-rechten-unter-jungen-menschen-was-machen-wir-falsch\\\/\",\"name\":\"ReflexionWyoming, \u00fcber den Aufstieg der extremen Rechten unter jungen Menschen: &quot;Was machen wir falsch?&quot; - Nachrichten - Stra\u00dfenweb\",\"isPartOf\":{\"@id\":\"https:\\\/\\\/www.strassenweb.de\\\/nachrichten\\\/#website\"},\"primaryImageOfPage\":{\"@id\":\"https:\\\/\\\/www.strassenweb.de\\\/nachrichten\\\/reflexionwyoming-ueber-den-aufstieg-der-extremen-rechten-unter-jungen-menschen-was-machen-wir-falsch\\\/#primaryimage\"},\"image\":{\"@id\":\"https:\\\/\\\/www.strassenweb.de\\\/nachrichten\\\/reflexionwyoming-ueber-den-aufstieg-der-extremen-rechten-unter-jungen-menschen-was-machen-wir-falsch\\\/#primaryimage\"},\"thumbnailUrl\":\"https:\\\/\\\/www.strassenweb.de\\\/nachrichten\\\/wp-content\\\/uploads\\\/2024\\\/09\\\/ReflexionWyoming-ueber-den-Aufstieg-der-extremen-Rechten-unter-jungen-Menschen.jpg\",\"datePublished\":\"2024-09-25T00:52:26+00:00\",\"dateModified\":\"2024-09-25T00:52:27+00:00\",\"breadcrumb\":{\"@id\":\"https:\\\/\\\/www.strassenweb.de\\\/nachrichten\\\/reflexionwyoming-ueber-den-aufstieg-der-extremen-rechten-unter-jungen-menschen-was-machen-wir-falsch\\\/#breadcrumb\"},\"inLanguage\":\"de\",\"potentialAction\":[{\"@type\":\"ReadAction\",\"target\":[\"https:\\\/\\\/www.strassenweb.de\\\/nachrichten\\\/reflexionwyoming-ueber-den-aufstieg-der-extremen-rechten-unter-jungen-menschen-was-machen-wir-falsch\\\/\"]}]},{\"@type\":\"ImageObject\",\"inLanguage\":\"de\",\"@id\":\"https:\\\/\\\/www.strassenweb.de\\\/nachrichten\\\/reflexionwyoming-ueber-den-aufstieg-der-extremen-rechten-unter-jungen-menschen-was-machen-wir-falsch\\\/#primaryimage\",\"url\":\"https:\\\/\\\/www.strassenweb.de\\\/nachrichten\\\/wp-content\\\/uploads\\\/2024\\\/09\\\/ReflexionWyoming-ueber-den-Aufstieg-der-extremen-Rechten-unter-jungen-Menschen.jpg\",\"contentUrl\":\"https:\\\/\\\/www.strassenweb.de\\\/nachrichten\\\/wp-content\\\/uploads\\\/2024\\\/09\\\/ReflexionWyoming-ueber-den-Aufstieg-der-extremen-Rechten-unter-jungen-Menschen.jpg\",\"width\":1280,\"height\":720,\"caption\":\"ReflexionWyoming, \u00fcber den Aufstieg der extremen Rechten unter jungen Menschen: &quot;Was machen wir falsch?&quot;\"},{\"@type\":\"BreadcrumbList\",\"@id\":\"https:\\\/\\\/www.strassenweb.de\\\/nachrichten\\\/reflexionwyoming-ueber-den-aufstieg-der-extremen-rechten-unter-jungen-menschen-was-machen-wir-falsch\\\/#breadcrumb\",\"itemListElement\":[{\"@type\":\"ListItem\",\"position\":1,\"name\":\"Home\",\"item\":\"https:\\\/\\\/www.strassenweb.de\\\/nachrichten\\\/\"},{\"@type\":\"ListItem\",\"position\":2,\"name\":\"ReflexionWyoming, \u00fcber den Aufstieg der extremen Rechten unter jungen Menschen: &quot;Was machen wir falsch?&quot;\"}]},{\"@type\":\"WebSite\",\"@id\":\"https:\\\/\\\/www.strassenweb.de\\\/nachrichten\\\/#website\",\"url\":\"https:\\\/\\\/www.strassenweb.de\\\/nachrichten\\\/\",\"name\":\"Stra\u00dfenweb\",\"description\":\"Stra\u00dfenverzeichnis f\u00fcr Deutschland\",\"publisher\":{\"@id\":\"https:\\\/\\\/www.strassenweb.de\\\/nachrichten\\\/#organization\"},\"potentialAction\":[{\"@type\":\"SearchAction\",\"target\":{\"@type\":\"EntryPoint\",\"urlTemplate\":\"https:\\\/\\\/www.strassenweb.de\\\/nachrichten\\\/?s={search_term_string}\"},\"query-input\":{\"@type\":\"PropertyValueSpecification\",\"valueRequired\":true,\"valueName\":\"search_term_string\"}}],\"inLanguage\":\"de\"},{\"@type\":\"Organization\",\"@id\":\"https:\\\/\\\/www.strassenweb.de\\\/nachrichten\\\/#organization\",\"name\":\"Stra\u00dfenweb\",\"url\":\"https:\\\/\\\/www.strassenweb.de\\\/nachrichten\\\/\",\"logo\":{\"@type\":\"ImageObject\",\"inLanguage\":\"de\",\"@id\":\"https:\\\/\\\/www.strassenweb.de\\\/nachrichten\\\/#\\\/schema\\\/logo\\\/image\\\/\",\"url\":\"https:\\\/\\\/www.strassenweb.de\\\/nachrichten\\\/wp-content\\\/uploads\\\/2024\\\/09\\\/cropped-favicon.png\",\"contentUrl\":\"https:\\\/\\\/www.strassenweb.de\\\/nachrichten\\\/wp-content\\\/uploads\\\/2024\\\/09\\\/cropped-favicon.png\",\"width\":512,\"height\":512,\"caption\":\"Stra\u00dfenweb\"},\"image\":{\"@id\":\"https:\\\/\\\/www.strassenweb.de\\\/nachrichten\\\/#\\\/schema\\\/logo\\\/image\\\/\"},\"sameAs\":[\"https:\\\/\\\/www.facebook.com\\\/strassenweb\\\/\"]},{\"@type\":\"Person\",\"@id\":\"https:\\\/\\\/www.strassenweb.de\\\/nachrichten\\\/#\\\/schema\\\/person\\\/87c9c9067f1211da429a744dc5a5aa41\",\"name\":\"Robert Hoffmann\",\"image\":{\"@type\":\"ImageObject\",\"inLanguage\":\"de\",\"@id\":\"https:\\\/\\\/www.strassenweb.de\\\/nachrichten\\\/wp-content\\\/uploads\\\/2024\\\/09\\\/strassenweb-150x150.jpg\",\"url\":\"https:\\\/\\\/www.strassenweb.de\\\/nachrichten\\\/wp-content\\\/uploads\\\/2024\\\/09\\\/strassenweb-150x150.jpg\",\"contentUrl\":\"https:\\\/\\\/www.strassenweb.de\\\/nachrichten\\\/wp-content\\\/uploads\\\/2024\\\/09\\\/strassenweb-150x150.jpg\",\"caption\":\"Robert Hoffmann\"},\"description\":\"Ich hei\u00dfe Robert Hoffmann und ich bin ein leidenschaftlicher Verfechter von \u00d6kologie und Biodiversit\u00e4t. Seit meiner Kindheit in den W\u00e4ldern Bayerns f\u00fchle ich mich mit der Natur verbunden und bin entschlossen, sie zu sch\u00fctzen. Heute widme ich mein Leben der Sensibilisierung anderer f\u00fcr die Bedeutung des Umweltschutzes f\u00fcr zuk\u00fcnftige Generationen.\",\"sameAs\":[\"https:\\\/\\\/www.strassenweb.de\\\/\"]}]}<\/script>\n<!-- \/ Yoast SEO plugin. -->","yoast_head_json":{"title":"ReflexionWyoming, \u00fcber den Aufstieg der extremen Rechten unter jungen Menschen: &quot;Was machen wir falsch?&quot; - Nachrichten - Stra\u00dfenweb","robots":{"index":"index","follow":"follow","max-snippet":"max-snippet:-1","max-image-preview":"max-image-preview:large","max-video-preview":"max-video-preview:-1"},"canonical":"https:\/\/www.strassenweb.de\/nachrichten\/reflexionwyoming-ueber-den-aufstieg-der-extremen-rechten-unter-jungen-menschen-was-machen-wir-falsch\/","og_locale":"de_DE","og_type":"article","og_title":"ReflexionWyoming, \u00fcber den Aufstieg der extremen Rechten unter jungen Menschen: &quot;Was machen wir falsch?&quot; - Nachrichten - Stra\u00dfenweb","og_description":"\u201eViele Philosophen haben best\u00e4tigt, dass die Existenz eine ist ewige R\u00fcckkehrso etwas wie ein Kreis, in dem sich alles wiederholt\u201c, sagt er. Gro\u00dfraum Wyoming. Und","og_url":"https:\/\/www.strassenweb.de\/nachrichten\/reflexionwyoming-ueber-den-aufstieg-der-extremen-rechten-unter-jungen-menschen-was-machen-wir-falsch\/","og_site_name":"Stra\u00dfenweb","article_publisher":"https:\/\/www.facebook.com\/strassenweb\/","article_published_time":"2024-09-25T00:52:26+00:00","article_modified_time":"2024-09-25T00:52:27+00:00","og_image":[{"width":1280,"height":720,"url":"https:\/\/www.strassenweb.de\/nachrichten\/wp-content\/uploads\/2024\/09\/ReflexionWyoming-ueber-den-Aufstieg-der-extremen-Rechten-unter-jungen-Menschen.jpg","type":"image\/jpeg"}],"author":"Robert Hoffmann","twitter_card":"summary_large_image","twitter_misc":{"Verfasst von":"Robert Hoffmann","Gesch\u00e4tzte Lesezeit":"1\u00a0Minute"},"schema":{"@context":"https:\/\/schema.org","@graph":[{"@type":"Article","@id":"https:\/\/www.strassenweb.de\/nachrichten\/reflexionwyoming-ueber-den-aufstieg-der-extremen-rechten-unter-jungen-menschen-was-machen-wir-falsch\/#article","isPartOf":{"@id":"https:\/\/www.strassenweb.de\/nachrichten\/reflexionwyoming-ueber-den-aufstieg-der-extremen-rechten-unter-jungen-menschen-was-machen-wir-falsch\/"},"author":{"name":"Robert Hoffmann","@id":"https:\/\/www.strassenweb.de\/nachrichten\/#\/schema\/person\/87c9c9067f1211da429a744dc5a5aa41"},"headline":"ReflexionWyoming, \u00fcber den Aufstieg der extremen Rechten unter jungen Menschen: &quot;Was machen wir falsch?&quot;","datePublished":"2024-09-25T00:52:26+00:00","dateModified":"2024-09-25T00:52:27+00:00","mainEntityOfPage":{"@id":"https:\/\/www.strassenweb.de\/nachrichten\/reflexionwyoming-ueber-den-aufstieg-der-extremen-rechten-unter-jungen-menschen-was-machen-wir-falsch\/"},"wordCount":307,"publisher":{"@id":"https:\/\/www.strassenweb.de\/nachrichten\/#organization"},"image":{"@id":"https:\/\/www.strassenweb.de\/nachrichten\/reflexionwyoming-ueber-den-aufstieg-der-extremen-rechten-unter-jungen-menschen-was-machen-wir-falsch\/#primaryimage"},"thumbnailUrl":"https:\/\/www.strassenweb.de\/nachrichten\/wp-content\/uploads\/2024\/09\/ReflexionWyoming-ueber-den-Aufstieg-der-extremen-Rechten-unter-jungen-Menschen.jpg","keywords":["Aufstieg","den","der","extremen","falschquot","jungen","machen","Menschen","quotWas","Rechten","ReflexionWyoming","\u00fcber","unter","wir"],"articleSection":["Aktuelle Nachrichten"],"inLanguage":"de"},{"@type":"WebPage","@id":"https:\/\/www.strassenweb.de\/nachrichten\/reflexionwyoming-ueber-den-aufstieg-der-extremen-rechten-unter-jungen-menschen-was-machen-wir-falsch\/","url":"https:\/\/www.strassenweb.de\/nachrichten\/reflexionwyoming-ueber-den-aufstieg-der-extremen-rechten-unter-jungen-menschen-was-machen-wir-falsch\/","name":"ReflexionWyoming, \u00fcber den Aufstieg der extremen Rechten unter jungen Menschen: &quot;Was machen wir falsch?&quot; - Nachrichten - Stra\u00dfenweb","isPartOf":{"@id":"https:\/\/www.strassenweb.de\/nachrichten\/#website"},"primaryImageOfPage":{"@id":"https:\/\/www.strassenweb.de\/nachrichten\/reflexionwyoming-ueber-den-aufstieg-der-extremen-rechten-unter-jungen-menschen-was-machen-wir-falsch\/#primaryimage"},"image":{"@id":"https:\/\/www.strassenweb.de\/nachrichten\/reflexionwyoming-ueber-den-aufstieg-der-extremen-rechten-unter-jungen-menschen-was-machen-wir-falsch\/#primaryimage"},"thumbnailUrl":"https:\/\/www.strassenweb.de\/nachrichten\/wp-content\/uploads\/2024\/09\/ReflexionWyoming-ueber-den-Aufstieg-der-extremen-Rechten-unter-jungen-Menschen.jpg","datePublished":"2024-09-25T00:52:26+00:00","dateModified":"2024-09-25T00:52:27+00:00","breadcrumb":{"@id":"https:\/\/www.strassenweb.de\/nachrichten\/reflexionwyoming-ueber-den-aufstieg-der-extremen-rechten-unter-jungen-menschen-was-machen-wir-falsch\/#breadcrumb"},"inLanguage":"de","potentialAction":[{"@type":"ReadAction","target":["https:\/\/www.strassenweb.de\/nachrichten\/reflexionwyoming-ueber-den-aufstieg-der-extremen-rechten-unter-jungen-menschen-was-machen-wir-falsch\/"]}]},{"@type":"ImageObject","inLanguage":"de","@id":"https:\/\/www.strassenweb.de\/nachrichten\/reflexionwyoming-ueber-den-aufstieg-der-extremen-rechten-unter-jungen-menschen-was-machen-wir-falsch\/#primaryimage","url":"https:\/\/www.strassenweb.de\/nachrichten\/wp-content\/uploads\/2024\/09\/ReflexionWyoming-ueber-den-Aufstieg-der-extremen-Rechten-unter-jungen-Menschen.jpg","contentUrl":"https:\/\/www.strassenweb.de\/nachrichten\/wp-content\/uploads\/2024\/09\/ReflexionWyoming-ueber-den-Aufstieg-der-extremen-Rechten-unter-jungen-Menschen.jpg","width":1280,"height":720,"caption":"ReflexionWyoming, \u00fcber den Aufstieg der extremen Rechten unter jungen Menschen: &quot;Was machen wir falsch?&quot;"},{"@type":"BreadcrumbList","@id":"https:\/\/www.strassenweb.de\/nachrichten\/reflexionwyoming-ueber-den-aufstieg-der-extremen-rechten-unter-jungen-menschen-was-machen-wir-falsch\/#breadcrumb","itemListElement":[{"@type":"ListItem","position":1,"name":"Home","item":"https:\/\/www.strassenweb.de\/nachrichten\/"},{"@type":"ListItem","position":2,"name":"ReflexionWyoming, \u00fcber den Aufstieg der extremen Rechten unter jungen Menschen: &quot;Was machen wir falsch?&quot;"}]},{"@type":"WebSite","@id":"https:\/\/www.strassenweb.de\/nachrichten\/#website","url":"https:\/\/www.strassenweb.de\/nachrichten\/","name":"Stra\u00dfenweb","description":"Stra\u00dfenverzeichnis f\u00fcr Deutschland","publisher":{"@id":"https:\/\/www.strassenweb.de\/nachrichten\/#organization"},"potentialAction":[{"@type":"SearchAction","target":{"@type":"EntryPoint","urlTemplate":"https:\/\/www.strassenweb.de\/nachrichten\/?s={search_term_string}"},"query-input":{"@type":"PropertyValueSpecification","valueRequired":true,"valueName":"search_term_string"}}],"inLanguage":"de"},{"@type":"Organization","@id":"https:\/\/www.strassenweb.de\/nachrichten\/#organization","name":"Stra\u00dfenweb","url":"https:\/\/www.strassenweb.de\/nachrichten\/","logo":{"@type":"ImageObject","inLanguage":"de","@id":"https:\/\/www.strassenweb.de\/nachrichten\/#\/schema\/logo\/image\/","url":"https:\/\/www.strassenweb.de\/nachrichten\/wp-content\/uploads\/2024\/09\/cropped-favicon.png","contentUrl":"https:\/\/www.strassenweb.de\/nachrichten\/wp-content\/uploads\/2024\/09\/cropped-favicon.png","width":512,"height":512,"caption":"Stra\u00dfenweb"},"image":{"@id":"https:\/\/www.strassenweb.de\/nachrichten\/#\/schema\/logo\/image\/"},"sameAs":["https:\/\/www.facebook.com\/strassenweb\/"]},{"@type":"Person","@id":"https:\/\/www.strassenweb.de\/nachrichten\/#\/schema\/person\/87c9c9067f1211da429a744dc5a5aa41","name":"Robert Hoffmann","image":{"@type":"ImageObject","inLanguage":"de","@id":"https:\/\/www.strassenweb.de\/nachrichten\/wp-content\/uploads\/2024\/09\/strassenweb-150x150.jpg","url":"https:\/\/www.strassenweb.de\/nachrichten\/wp-content\/uploads\/2024\/09\/strassenweb-150x150.jpg","contentUrl":"https:\/\/www.strassenweb.de\/nachrichten\/wp-content\/uploads\/2024\/09\/strassenweb-150x150.jpg","caption":"Robert Hoffmann"},"description":"Ich hei\u00dfe Robert Hoffmann und ich bin ein leidenschaftlicher Verfechter von \u00d6kologie und Biodiversit\u00e4t. Seit meiner Kindheit in den W\u00e4ldern Bayerns f\u00fchle ich mich mit der Natur verbunden und bin entschlossen, sie zu sch\u00fctzen. Heute widme ich mein Leben der Sensibilisierung anderer f\u00fcr die Bedeutung des Umweltschutzes f\u00fcr zuk\u00fcnftige Generationen.","sameAs":["https:\/\/www.strassenweb.de\/"]}]}},"_links":{"self":[{"href":"https:\/\/www.strassenweb.de\/nachrichten\/wp-json\/wp\/v2\/posts\/203","targetHints":{"allow":["GET"]}}],"collection":[{"href":"https:\/\/www.strassenweb.de\/nachrichten\/wp-json\/wp\/v2\/posts"}],"about":[{"href":"https:\/\/www.strassenweb.de\/nachrichten\/wp-json\/wp\/v2\/types\/post"}],"author":[{"embeddable":true,"href":"https:\/\/www.strassenweb.de\/nachrichten\/wp-json\/wp\/v2\/users\/1"}],"replies":[{"embeddable":true,"href":"https:\/\/www.strassenweb.de\/nachrichten\/wp-json\/wp\/v2\/comments?post=203"}],"version-history":[{"count":0,"href":"https:\/\/www.strassenweb.de\/nachrichten\/wp-json\/wp\/v2\/posts\/203\/revisions"}],"wp:featuredmedia":[{"embeddable":true,"href":"https:\/\/www.strassenweb.de\/nachrichten\/wp-json\/wp\/v2\/media\/204"}],"wp:attachment":[{"href":"https:\/\/www.strassenweb.de\/nachrichten\/wp-json\/wp\/v2\/media?parent=203"}],"wp:term":[{"taxonomy":"category","embeddable":true,"href":"https:\/\/www.strassenweb.de\/nachrichten\/wp-json\/wp\/v2\/categories?post=203"},{"taxonomy":"post_tag","embeddable":true,"href":"https:\/\/www.strassenweb.de\/nachrichten\/wp-json\/wp\/v2\/tags?post=203"}],"curies":[{"name":"wp","href":"https:\/\/api.w.org\/{rel}","templated":true}]}}