{"id":2024,"date":"2024-12-10T10:39:39","date_gmt":"2024-12-10T09:39:39","guid":{"rendered":"https:\/\/www.strassenweb.de\/nachrichten\/dieses-haus-im-norden-von-new-york-verkoerpert-eine-neue-art-von-warmem-minimalismus-der-gemuetlich-und-dennoch-muehelos-schick-ist\/"},"modified":"2024-12-10T10:39:40","modified_gmt":"2024-12-10T09:39:40","slug":"dieses-haus-im-norden-von-new-york-verkoerpert-eine-neue-art-von-warmem-minimalismus-der-gemuetlich-und-dennoch-muehelos-schick-ist","status":"publish","type":"post","link":"https:\/\/www.strassenweb.de\/nachrichten\/dieses-haus-im-norden-von-new-york-verkoerpert-eine-neue-art-von-warmem-minimalismus-der-gemuetlich-und-dennoch-muehelos-schick-ist\/","title":{"rendered":"Dieses Haus im Norden von New York verk\u00f6rpert eine neue Art von warmem Minimalismus, der gem\u00fctlich und dennoch m\u00fchelos schick ist"},"content":{"rendered":"<p><\/p>\n<div id=\"article-body\" class=\"article__body \">\n<p>Das Designteam von Light and Dwell leitet jede Kundenpr\u00e4sentation mit den Worten ein: \u201eEs wird Konzepte und Elemente geben, die Ihnen ein Unbehagen bereiten und die Sie noch nie zuvor gesehen haben, aber vertrauen Sie uns \u2013 wir haben Ihr Bestes im Sinn und werden es tun.\u201c Entwerfen Sie ein zeitloses und dennoch innovatives Zuhause, das perfekt auf Sie zugeschnitten ist.<\/p>\n<div id=\"ad-unit-1\" class=\"ad-unit\"><\/div>\n<p>Dieser \u00fcberzeugende und selbstbewusste Ansatz hat dazu beigetragen, dass das in Oregon ans\u00e4ssige Studio in den letzten Jahren einige begeisterte Auszeichnungen und Designpreise erhalten hat.<\/p>\n<figure class=\"van-image-figure inline-layout \" data-bordeaux-image-check>\n<div class=\"image-full-width-wrapper\">\n<div class=\"image-widthsetter\" style=\"max-width:2000px;\"><\/div>\n<\/div><figcaption class=\"inline-layout \">\n<div class=\"caption-text\">\n<p><em>Jacquard-Wandteppich und runder Vintage-Tisch, beides <\/em><em>1stDibs<\/em><em>.<\/em><\/p>\n<\/div>\n<\/figcaption><\/figure>\n<p>\u201eWir schaffen gerne einzigartige H\u00e4user, die nicht nur den Geschmack der Eigent\u00fcmer widerspiegeln, sondern auch die Umgebung, die sie umgibt\u201c, sagt Gr\u00fcnderin Aymee Kuhlman. \u201eUnsere Initiative basiert auf der Lokalit\u00e4t, da wir Materialien und Antiquit\u00e4ten im Heimatland jedes unserer Projekte beschaffen.\u201c<\/p>\n<div id=\"desktop-in-article\" class=\"in-article ad-unit\">\n<div id=\"desktop-taboola-mid-article\"><\/div>\n<\/div>\n<div id=\"mobile-in-article\" class=\"in-article ad-unit\">\n<div id=\"mobile-taboola-mid-article\"><\/div>\n<\/div>\n<p>Diese Art des Denkens pr\u00e4gt dieses j\u00fcngste Projekt, das Aymee das englische Kolonialhaus nennt. Als Inbegriff der Designphilosophie von Light and Dwell vereint dieses Anwesen die nat\u00fcrliche Sch\u00f6nheit seiner Lage im Bundesstaat New York mit einer Prise europ\u00e4ischer Eleganz.<\/p>\n<div class=\"van_vid_carousel\">\n<div class=\"van_vid_carousel__padding\">\n<div class=\"van_vid_carousel__container\"><\/div>\n<\/div>\n<\/div>\n<figure class=\"van-image-figure inline-layout \" data-bordeaux-image-check>\n<div class=\"image-full-width-wrapper\">\n<div class=\"image-widthsetter\" style=\"max-width:2000px;\"><\/div>\n<\/div><figcaption class=\"inline-layout \">\n<div class=\"caption-text\">\n<p><em>Hocker aus wei\u00dfer Eiche in Schokoladenbeize, <\/em><em>Licht und Wohnen.<\/em><em>  Ma\u00dfgeschneiderte Einheiten in Drab, <\/em><em>Farrow &#038; Ball<\/em><em>.<\/em><\/p>\n<\/div>\n<\/figcaption><\/figure>\n<p>Die Farbpalette, die in diesem einst dunklen, unzusammenh\u00e4ngenden und altmodischen Landsitz zum Einsatz kommt, ist absolut ruhig. \u201eDie von uns gew\u00e4hlten stimmungsvollen Farbt\u00f6ne werden in verschiedenen R\u00e4umen auf unterschiedliche Weise verwendet und werten die M\u00f6bel jedes Raums auf nat\u00fcrliche Weise auf\u201c, erkl\u00e4rt Aymee. Das \u00fcbergeordnete Gef\u00fchl hier ist von warmem Minimalismus gepr\u00e4gt und in dieser Oase der Ruhe st\u00f6rt kaum etwas das Auge.<\/p>\n<div id=\"ad-unit-2\" class=\"ad-unit\"><\/div>\n<p>Rustikale Holzb\u00f6den, strukturierte Gipsw\u00e4nde und wiedergewonnene Deckenbalken bilden eine schlichte, architektonische Kulisse, die an kl\u00f6sterliche Elemente grenzt, w\u00e4hrend ein paar Vintage-M\u00f6bel mit St\u00fccken aus den Schatzkammern von Light and Dwell harmonieren. \u201eUnsere St\u00fccke, die aus geerntetem, von umgest\u00fcrzten B\u00e4umen geerntetem Eichenholz handgefertigt werden, erinnern an europ\u00e4ische Vintage-Silhouetten und wellenf\u00f6rmige Oberfl\u00e4chen und verleihen klassischen Designs eine frische Perspektive\u201c, erkl\u00e4rt Aymee.<\/p>\n<figure class=\"van-image-figure inline-layout \" data-bordeaux-image-check>\n<div class=\"image-full-width-wrapper\">\n<div class=\"image-widthsetter\" style=\"max-width:2000px;\"><\/div>\n<\/div><figcaption class=\"inline-layout \">\n<div class=\"caption-text\">\n<p><em>Zeitgen\u00f6ssische Messinganh\u00e4nger, <\/em><em>Roman und Williams<\/em><em>. Vase von Piet Hein. Stilllebenmalerei, <\/em><em>1stDibs<\/em><em>.<\/em><\/p>\n<\/div>\n<\/figcaption><\/figure>\n<p>Ein beeindruckendes Wandgem\u00e4lde im Esszimmer ist einer der seltenen Momente im Zuhause, in denen ein dekoratives Element hervorgehoben wird. Eine pastorale europ\u00e4ische Szene verleiht dem Raum, der ansonsten von einem riesigen, dunklen, ovalen Esstisch dominiert wird, der \u00fcberdimensioniert ist und bequem Platz f\u00fcr bis zu 12 G\u00e4ste bietet, eine sanfte Atmosph\u00e4re \u2013 perfekt f\u00fcr die Weihnachtsbewirtung. \u201eDas Wandgem\u00e4lde musste weicher werden, deshalb haben wir Vorh\u00e4nge vom Boden bis zur Decke eingef\u00fchrt, um dies zu erreichen\u201c, sagt Aymee.<\/p>\n<p>Aymees Team setzt bei der Gestaltung eines Hauses auf das, was sie als \u201evern\u00fcnftigen Luxus\u201c bezeichnen. Beispiele hierf\u00fcr sind insbesondere im Wohnzimmer zu sehen; ein gro\u00dfer Raum mit mehreren Fenstern. \u201eDas Konzept f\u00fcr diesen Raum war ein zeitloses, sanftes Drama, das mit einem erdfarbenen Teppich begann, der den Raum erdete, zu dem dann ma\u00dfgeschneiderte und Vintage-Polster hinzugef\u00fcgt wurden, wobei der Schwerpunkt auf Schnitt, Rundungen und Komfort lag\u201c, sagt Aymee.<\/p>\n<figure class=\"van-image-figure inline-layout \" data-bordeaux-image-check>\n<div class=\"image-full-width-wrapper\">\n<div class=\"image-widthsetter\" style=\"max-width:2400px;\"><\/div>\n<\/div><figcaption class=\"inline-layout \">\n<div class=\"caption-text\">\n<p><em>Stehlampe und Sessel, alles <\/em><em>1stDibs<\/em><em>.<\/em><\/p>\n<\/div>\n<\/figcaption><\/figure>\n<p>Die K\u00fcche wurde von englischen Landh\u00e4usern inspiriert, in diesem Fall jedoch mit zus\u00e4tzlichem Glamour. Die Arbeitsfl\u00e4chen und sogar die Fensterumrandungen sind aufwendig mit tief ge\u00e4dertem Marmor verkleidet.<\/p>\n<p>Eine auff\u00e4llige K\u00fccheninsel mit Kurven, \u00fcber die man gerne mit den Fingern streichen m\u00f6chte, und dazu passende Barhocker sind in einem Schokoladenton gebeizt, und in einer Ecke des Raums bilden ein kleiner runder Esstisch und St\u00fchle einen idealen Ort f\u00fcr ungezwungenes Essen .<\/p>\n<figure class=\"van-image-figure inline-layout \" data-bordeaux-image-check>\n<div class=\"image-full-width-wrapper\">\n<div class=\"image-widthsetter\" style=\"max-width:2400px;\"><\/div>\n<\/div><figcaption class=\"inline-layout \">\n<div class=\"caption-text\">\n<p><em>Ma\u00dfgeschneiderter Tisch und St\u00fchle, alles <\/em><em>Licht und Wohnen<\/em><em>.<\/em><\/p>\n<\/div>\n<\/figcaption><\/figure>\n<p>Die erdige Farbpalette aus Terrakotta, Haferflocken und Pekannuss setzt sich in der Schlafzimmergestaltung fort. Texturen sind in diesen schlichten R\u00e4umen von entscheidender Bedeutung, wobei mehr Rohputz, Eichenbretter und edles Leinen sowohl f\u00fcr Atmosph\u00e4re als auch f\u00fcr Komfort sorgen.<\/p>\n<p>\u201eDie G\u00e4stezimmer wurden als kleine Suiten gestaltet, mit eigenem Bad und ger\u00e4umigen Sitzbereichen\u201c, sagt Aymee, \u201ew\u00e4hrend das Hauptschlafzimmer \u00fcber eine 20 Fu\u00df hohe Gehrungsdecke verf\u00fcgt, die f\u00fcr ein Gef\u00fchl von Erhabenheit sorgt.\u201c<\/p>\n<figure class=\"van-image-figure inline-layout \" data-bordeaux-image-check>\n<div class=\"image-full-width-wrapper\">\n<div class=\"image-widthsetter\" style=\"max-width:2400px;\"><\/div>\n<\/div><figcaption class=\"inline-layout \">\n<div class=\"caption-text\">\n<p><em>Portugiesische Bettw\u00e4sche, Fallschirm. Sessel aus Lammfell, <\/em><em>1stDibs<\/em><em>.<\/em><\/p>\n<\/div>\n<\/figcaption><\/figure>\n<p>Einer von Aymees Lieblingsr\u00e4umen ist der Whiskey-Raum, in dem sie die Atmosph\u00e4re als eine Atmosph\u00e4re romantischer, m\u00e4nnlicher Energie beschreibt. Ein riesiger antiker Kalksteinkamin, Sessel in schlampigen Farbt\u00f6nen und ein tief sitzendes, toffeebraunes Sofa zeugen davon.<\/p>\n<p>Es sind Dekorationsf\u00e4higkeiten wie diese, die es den Eigent\u00fcmern dieses Hauses erm\u00f6glichen, von der Inneneinrichtung sowohl begeistert als auch entspannt zu sein. Die Farbpalette mag ged\u00e4mpft und die Verzierungen begrenzt sein, aber das Haus ist von tiefer Sch\u00f6nheit. \u201eAls Team sind wir uns bewusst, dass jede Entscheidung und jedes Detail einen Dominoeffekt auf das fertige Projekt hat, aber dieses Haus ist unserer Vision treu geblieben.\u201c<\/p>\n<figure class=\"van-image-figure inline-layout \" data-bordeaux-image-check>\n<div class=\"image-full-width-wrapper\">\n<div class=\"image-widthsetter\" style=\"max-width:2000px;\"><\/div>\n<\/div><figcaption class=\"inline-layout \">\n<div class=\"caption-text\">\n<p><em>Wellenbettrahmen, <\/em><em>Licht und Wohnen<\/em><em>.<\/em><\/p>\n<\/div>\n<\/figcaption><\/figure>\n<h3 class=\"article-body__section\" id=\"section-aymee-s-3-rules-of-sustainable-design\"><span>Aymees 3 Regeln f\u00fcr nachhaltiges Design <\/span><\/h3>\n<aside class=\"hawk-nest\" data-block-type=\"embed\" data-render-type=\"fte\" data-skip=\"dealsy\" data-widget-type=\"seasonal\">\n<div class=\"hawk-master-widget-hawk-base-wrapper\"><\/div>\n<\/aside>\n<p><em>Die Designerin Aymee Kuhlman teilt ihre Ideen zum bewussten Konsumenten und Produzenten<\/em><\/p>\n<p>1. Antiquit\u00e4ten und Vintage sollten unbedingt gekauft werden. W\u00e4hrend eines Projekts versuchen wir, 80 % Vintage-Beleuchtung und 60 % Vintage-Fundst\u00fccke zu installieren, die unser nachhaltiges Ethos unterst\u00fctzen und einzigartige, sorgf\u00e4ltig kuratierte Innenr\u00e4ume voller sinnvollem Luxus schaffen.<\/p>\n<p>2. Der erste Schritt besteht darin, mit Bedacht einzukaufen. \u00dcberpr\u00fcfen Sie daher die Herkunft eines Artikels. Alle M\u00f6bel aus unserem neuesten Sortiment werden in Oregon in einem speziellen Holzatelier aus geernteter Wei\u00dfeiche hergestellt. Diese werden von umgest\u00fcrzten B\u00e4umen gesammelt, um sie an nachhaltige Ma\u00dfnahmen anzupassen.<\/p>\n<p>3. Ein Teil unseres Designversprechens besteht darin, beliebte Vintage-St\u00fccke mit ma\u00dfgeschneiderten Produkten zu kombinieren, die Lebensdauer bereits hergestellter Materialien zu verl\u00e4ngern und lokale Hersteller zu unterst\u00fctzen. Wir sind uns bewusst, dass wir nicht zu 100 % nachhaltig sind, aber wir ermutigen zum Fortschritt statt zur Perfektion.<\/p>\n<\/div>\n","protected":false},"excerpt":{"rendered":"<p>Das Designteam von Light and Dwell leitet jede Kundenpr\u00e4sentation mit den Worten ein: \u201eEs wird Konzepte und Elemente geben, die Ihnen ein Unbehagen bereiten und<\/p>\n","protected":false},"author":1,"featured_media":2025,"comment_status":"closed","ping_status":"","sticky":false,"template":"","format":"standard","meta":{"footnotes":""},"categories":[118],"tags":[188,2280,81,531,74,934,125,15,3572,1909,108,1590,2960,37,3421,21,3571,3570],"class_list":["post-2024","post","type-post","status-publish","format-standard","has-post-thumbnail","hentry","category-haus-garten","tag-art","tag-dennoch","tag-der","tag-dieses","tag-eine","tag-gemuetlich","tag-haus","tag-ist","tag-minimalismus","tag-muehelos","tag-neue","tag-norden","tag-schick","tag-und","tag-verkoerpert","tag-von","tag-warmem","tag-york","generate-columns","tablet-grid-50","mobile-grid-100","grid-parent","grid-50"],"yoast_head":"<!-- This site is optimized with the Yoast SEO plugin v27.3 - https:\/\/yoast.com\/product\/yoast-seo-wordpress\/ -->\n<title>Dieses Haus im Norden von New York verk\u00f6rpert eine neue Art von warmem Minimalismus, der gem\u00fctlich und dennoch m\u00fchelos schick ist - Nachrichten - Stra\u00dfenweb<\/title>\n<meta name=\"robots\" content=\"index, follow, max-snippet:-1, max-image-preview:large, max-video-preview:-1\" \/>\n<link rel=\"canonical\" href=\"https:\/\/www.strassenweb.de\/nachrichten\/dieses-haus-im-norden-von-new-york-verkoerpert-eine-neue-art-von-warmem-minimalismus-der-gemuetlich-und-dennoch-muehelos-schick-ist\/\" \/>\n<meta property=\"og:locale\" content=\"de_DE\" \/>\n<meta property=\"og:type\" content=\"article\" \/>\n<meta property=\"og:title\" content=\"Dieses Haus im Norden von New York verk\u00f6rpert eine neue Art von warmem Minimalismus, der gem\u00fctlich und dennoch m\u00fchelos schick ist - Nachrichten - Stra\u00dfenweb\" \/>\n<meta property=\"og:description\" content=\"Das Designteam von Light and Dwell leitet jede Kundenpr\u00e4sentation mit den Worten ein: \u201eEs wird Konzepte und Elemente geben, die Ihnen ein Unbehagen bereiten und\" \/>\n<meta property=\"og:url\" content=\"https:\/\/www.strassenweb.de\/nachrichten\/dieses-haus-im-norden-von-new-york-verkoerpert-eine-neue-art-von-warmem-minimalismus-der-gemuetlich-und-dennoch-muehelos-schick-ist\/\" \/>\n<meta property=\"og:site_name\" content=\"Stra\u00dfenweb\" \/>\n<meta property=\"article:publisher\" content=\"https:\/\/www.facebook.com\/strassenweb\/\" \/>\n<meta property=\"article:published_time\" content=\"2024-12-10T09:39:39+00:00\" \/>\n<meta property=\"article:modified_time\" content=\"2024-12-10T09:39:40+00:00\" \/>\n<meta property=\"og:image\" content=\"https:\/\/www.strassenweb.de\/nachrichten\/wp-content\/uploads\/2024\/12\/Dieses-Haus-im-Norden-von-New-York-verkoerpert-eine-neue.jpg\" \/>\n\t<meta property=\"og:image:width\" content=\"1200\" \/>\n\t<meta property=\"og:image:height\" content=\"675\" \/>\n\t<meta property=\"og:image:type\" content=\"image\/jpeg\" \/>\n<meta name=\"author\" content=\"Robert Hoffmann\" \/>\n<meta name=\"twitter:card\" content=\"summary_large_image\" \/>\n<meta name=\"twitter:label1\" content=\"Verfasst von\" \/>\n\t<meta name=\"twitter:data1\" content=\"Robert Hoffmann\" \/>\n\t<meta name=\"twitter:label2\" content=\"Gesch\u00e4tzte Lesezeit\" \/>\n\t<meta name=\"twitter:data2\" content=\"5\u00a0Minuten\" \/>\n<script type=\"application\/ld+json\" class=\"yoast-schema-graph\">{\"@context\":\"https:\\\/\\\/schema.org\",\"@graph\":[{\"@type\":\"Article\",\"@id\":\"https:\\\/\\\/www.strassenweb.de\\\/nachrichten\\\/dieses-haus-im-norden-von-new-york-verkoerpert-eine-neue-art-von-warmem-minimalismus-der-gemuetlich-und-dennoch-muehelos-schick-ist\\\/#article\",\"isPartOf\":{\"@id\":\"https:\\\/\\\/www.strassenweb.de\\\/nachrichten\\\/dieses-haus-im-norden-von-new-york-verkoerpert-eine-neue-art-von-warmem-minimalismus-der-gemuetlich-und-dennoch-muehelos-schick-ist\\\/\"},\"author\":{\"name\":\"Robert Hoffmann\",\"@id\":\"https:\\\/\\\/www.strassenweb.de\\\/nachrichten\\\/#\\\/schema\\\/person\\\/87c9c9067f1211da429a744dc5a5aa41\"},\"headline\":\"Dieses Haus im Norden von New York verk\u00f6rpert eine neue Art von warmem Minimalismus, der gem\u00fctlich und dennoch m\u00fchelos schick ist\",\"datePublished\":\"2024-12-10T09:39:39+00:00\",\"dateModified\":\"2024-12-10T09:39:40+00:00\",\"mainEntityOfPage\":{\"@id\":\"https:\\\/\\\/www.strassenweb.de\\\/nachrichten\\\/dieses-haus-im-norden-von-new-york-verkoerpert-eine-neue-art-von-warmem-minimalismus-der-gemuetlich-und-dennoch-muehelos-schick-ist\\\/\"},\"wordCount\":988,\"publisher\":{\"@id\":\"https:\\\/\\\/www.strassenweb.de\\\/nachrichten\\\/#organization\"},\"image\":{\"@id\":\"https:\\\/\\\/www.strassenweb.de\\\/nachrichten\\\/dieses-haus-im-norden-von-new-york-verkoerpert-eine-neue-art-von-warmem-minimalismus-der-gemuetlich-und-dennoch-muehelos-schick-ist\\\/#primaryimage\"},\"thumbnailUrl\":\"https:\\\/\\\/www.strassenweb.de\\\/nachrichten\\\/wp-content\\\/uploads\\\/2024\\\/12\\\/Dieses-Haus-im-Norden-von-New-York-verkoerpert-eine-neue.jpg\",\"keywords\":[\"Art\",\"dennoch\",\"der\",\"dieses\",\"eine\",\"gem\u00fctlich\",\"Haus\",\"ist\",\"Minimalismus\",\"m\u00fchelos\",\"Neue\",\"Norden\",\"schick\",\"und\",\"verk\u00f6rpert\",\"von\",\"warmem\",\"York\"],\"articleSection\":[\"Haus &amp; Garten\"],\"inLanguage\":\"de\"},{\"@type\":\"WebPage\",\"@id\":\"https:\\\/\\\/www.strassenweb.de\\\/nachrichten\\\/dieses-haus-im-norden-von-new-york-verkoerpert-eine-neue-art-von-warmem-minimalismus-der-gemuetlich-und-dennoch-muehelos-schick-ist\\\/\",\"url\":\"https:\\\/\\\/www.strassenweb.de\\\/nachrichten\\\/dieses-haus-im-norden-von-new-york-verkoerpert-eine-neue-art-von-warmem-minimalismus-der-gemuetlich-und-dennoch-muehelos-schick-ist\\\/\",\"name\":\"Dieses Haus im Norden von New York verk\u00f6rpert eine neue Art von warmem Minimalismus, der gem\u00fctlich und dennoch m\u00fchelos schick ist - Nachrichten - Stra\u00dfenweb\",\"isPartOf\":{\"@id\":\"https:\\\/\\\/www.strassenweb.de\\\/nachrichten\\\/#website\"},\"primaryImageOfPage\":{\"@id\":\"https:\\\/\\\/www.strassenweb.de\\\/nachrichten\\\/dieses-haus-im-norden-von-new-york-verkoerpert-eine-neue-art-von-warmem-minimalismus-der-gemuetlich-und-dennoch-muehelos-schick-ist\\\/#primaryimage\"},\"image\":{\"@id\":\"https:\\\/\\\/www.strassenweb.de\\\/nachrichten\\\/dieses-haus-im-norden-von-new-york-verkoerpert-eine-neue-art-von-warmem-minimalismus-der-gemuetlich-und-dennoch-muehelos-schick-ist\\\/#primaryimage\"},\"thumbnailUrl\":\"https:\\\/\\\/www.strassenweb.de\\\/nachrichten\\\/wp-content\\\/uploads\\\/2024\\\/12\\\/Dieses-Haus-im-Norden-von-New-York-verkoerpert-eine-neue.jpg\",\"datePublished\":\"2024-12-10T09:39:39+00:00\",\"dateModified\":\"2024-12-10T09:39:40+00:00\",\"breadcrumb\":{\"@id\":\"https:\\\/\\\/www.strassenweb.de\\\/nachrichten\\\/dieses-haus-im-norden-von-new-york-verkoerpert-eine-neue-art-von-warmem-minimalismus-der-gemuetlich-und-dennoch-muehelos-schick-ist\\\/#breadcrumb\"},\"inLanguage\":\"de\",\"potentialAction\":[{\"@type\":\"ReadAction\",\"target\":[\"https:\\\/\\\/www.strassenweb.de\\\/nachrichten\\\/dieses-haus-im-norden-von-new-york-verkoerpert-eine-neue-art-von-warmem-minimalismus-der-gemuetlich-und-dennoch-muehelos-schick-ist\\\/\"]}]},{\"@type\":\"ImageObject\",\"inLanguage\":\"de\",\"@id\":\"https:\\\/\\\/www.strassenweb.de\\\/nachrichten\\\/dieses-haus-im-norden-von-new-york-verkoerpert-eine-neue-art-von-warmem-minimalismus-der-gemuetlich-und-dennoch-muehelos-schick-ist\\\/#primaryimage\",\"url\":\"https:\\\/\\\/www.strassenweb.de\\\/nachrichten\\\/wp-content\\\/uploads\\\/2024\\\/12\\\/Dieses-Haus-im-Norden-von-New-York-verkoerpert-eine-neue.jpg\",\"contentUrl\":\"https:\\\/\\\/www.strassenweb.de\\\/nachrichten\\\/wp-content\\\/uploads\\\/2024\\\/12\\\/Dieses-Haus-im-Norden-von-New-York-verkoerpert-eine-neue.jpg\",\"width\":1200,\"height\":675,\"caption\":\"Dieses Haus im Norden von New York verk\u00f6rpert eine neue Art von warmem Minimalismus, der gem\u00fctlich und dennoch m\u00fchelos schick ist\"},{\"@type\":\"BreadcrumbList\",\"@id\":\"https:\\\/\\\/www.strassenweb.de\\\/nachrichten\\\/dieses-haus-im-norden-von-new-york-verkoerpert-eine-neue-art-von-warmem-minimalismus-der-gemuetlich-und-dennoch-muehelos-schick-ist\\\/#breadcrumb\",\"itemListElement\":[{\"@type\":\"ListItem\",\"position\":1,\"name\":\"Home\",\"item\":\"https:\\\/\\\/www.strassenweb.de\\\/nachrichten\\\/\"},{\"@type\":\"ListItem\",\"position\":2,\"name\":\"Dieses Haus im Norden von New York verk\u00f6rpert eine neue Art von warmem Minimalismus, der gem\u00fctlich und dennoch m\u00fchelos schick ist\"}]},{\"@type\":\"WebSite\",\"@id\":\"https:\\\/\\\/www.strassenweb.de\\\/nachrichten\\\/#website\",\"url\":\"https:\\\/\\\/www.strassenweb.de\\\/nachrichten\\\/\",\"name\":\"Stra\u00dfenweb\",\"description\":\"Stra\u00dfenverzeichnis f\u00fcr Deutschland\",\"publisher\":{\"@id\":\"https:\\\/\\\/www.strassenweb.de\\\/nachrichten\\\/#organization\"},\"potentialAction\":[{\"@type\":\"SearchAction\",\"target\":{\"@type\":\"EntryPoint\",\"urlTemplate\":\"https:\\\/\\\/www.strassenweb.de\\\/nachrichten\\\/?s={search_term_string}\"},\"query-input\":{\"@type\":\"PropertyValueSpecification\",\"valueRequired\":true,\"valueName\":\"search_term_string\"}}],\"inLanguage\":\"de\"},{\"@type\":\"Organization\",\"@id\":\"https:\\\/\\\/www.strassenweb.de\\\/nachrichten\\\/#organization\",\"name\":\"Stra\u00dfenweb\",\"url\":\"https:\\\/\\\/www.strassenweb.de\\\/nachrichten\\\/\",\"logo\":{\"@type\":\"ImageObject\",\"inLanguage\":\"de\",\"@id\":\"https:\\\/\\\/www.strassenweb.de\\\/nachrichten\\\/#\\\/schema\\\/logo\\\/image\\\/\",\"url\":\"https:\\\/\\\/www.strassenweb.de\\\/nachrichten\\\/wp-content\\\/uploads\\\/2024\\\/09\\\/cropped-favicon.png\",\"contentUrl\":\"https:\\\/\\\/www.strassenweb.de\\\/nachrichten\\\/wp-content\\\/uploads\\\/2024\\\/09\\\/cropped-favicon.png\",\"width\":512,\"height\":512,\"caption\":\"Stra\u00dfenweb\"},\"image\":{\"@id\":\"https:\\\/\\\/www.strassenweb.de\\\/nachrichten\\\/#\\\/schema\\\/logo\\\/image\\\/\"},\"sameAs\":[\"https:\\\/\\\/www.facebook.com\\\/strassenweb\\\/\"]},{\"@type\":\"Person\",\"@id\":\"https:\\\/\\\/www.strassenweb.de\\\/nachrichten\\\/#\\\/schema\\\/person\\\/87c9c9067f1211da429a744dc5a5aa41\",\"name\":\"Robert Hoffmann\",\"image\":{\"@type\":\"ImageObject\",\"inLanguage\":\"de\",\"@id\":\"https:\\\/\\\/www.strassenweb.de\\\/nachrichten\\\/wp-content\\\/uploads\\\/2024\\\/09\\\/strassenweb-150x150.jpg\",\"url\":\"https:\\\/\\\/www.strassenweb.de\\\/nachrichten\\\/wp-content\\\/uploads\\\/2024\\\/09\\\/strassenweb-150x150.jpg\",\"contentUrl\":\"https:\\\/\\\/www.strassenweb.de\\\/nachrichten\\\/wp-content\\\/uploads\\\/2024\\\/09\\\/strassenweb-150x150.jpg\",\"caption\":\"Robert Hoffmann\"},\"description\":\"Ich hei\u00dfe Robert Hoffmann und ich bin ein leidenschaftlicher Verfechter von \u00d6kologie und Biodiversit\u00e4t. Seit meiner Kindheit in den W\u00e4ldern Bayerns f\u00fchle ich mich mit der Natur verbunden und bin entschlossen, sie zu sch\u00fctzen. Heute widme ich mein Leben der Sensibilisierung anderer f\u00fcr die Bedeutung des Umweltschutzes f\u00fcr zuk\u00fcnftige Generationen.\",\"sameAs\":[\"https:\\\/\\\/www.strassenweb.de\\\/\"]}]}<\/script>\n<!-- \/ Yoast SEO plugin. -->","yoast_head_json":{"title":"Dieses Haus im Norden von New York verk\u00f6rpert eine neue Art von warmem Minimalismus, der gem\u00fctlich und dennoch m\u00fchelos schick ist - Nachrichten - Stra\u00dfenweb","robots":{"index":"index","follow":"follow","max-snippet":"max-snippet:-1","max-image-preview":"max-image-preview:large","max-video-preview":"max-video-preview:-1"},"canonical":"https:\/\/www.strassenweb.de\/nachrichten\/dieses-haus-im-norden-von-new-york-verkoerpert-eine-neue-art-von-warmem-minimalismus-der-gemuetlich-und-dennoch-muehelos-schick-ist\/","og_locale":"de_DE","og_type":"article","og_title":"Dieses Haus im Norden von New York verk\u00f6rpert eine neue Art von warmem Minimalismus, der gem\u00fctlich und dennoch m\u00fchelos schick ist - Nachrichten - Stra\u00dfenweb","og_description":"Das Designteam von Light and Dwell leitet jede Kundenpr\u00e4sentation mit den Worten ein: \u201eEs wird Konzepte und Elemente geben, die Ihnen ein Unbehagen bereiten und","og_url":"https:\/\/www.strassenweb.de\/nachrichten\/dieses-haus-im-norden-von-new-york-verkoerpert-eine-neue-art-von-warmem-minimalismus-der-gemuetlich-und-dennoch-muehelos-schick-ist\/","og_site_name":"Stra\u00dfenweb","article_publisher":"https:\/\/www.facebook.com\/strassenweb\/","article_published_time":"2024-12-10T09:39:39+00:00","article_modified_time":"2024-12-10T09:39:40+00:00","og_image":[{"width":1200,"height":675,"url":"https:\/\/www.strassenweb.de\/nachrichten\/wp-content\/uploads\/2024\/12\/Dieses-Haus-im-Norden-von-New-York-verkoerpert-eine-neue.jpg","type":"image\/jpeg"}],"author":"Robert Hoffmann","twitter_card":"summary_large_image","twitter_misc":{"Verfasst von":"Robert Hoffmann","Gesch\u00e4tzte Lesezeit":"5\u00a0Minuten"},"schema":{"@context":"https:\/\/schema.org","@graph":[{"@type":"Article","@id":"https:\/\/www.strassenweb.de\/nachrichten\/dieses-haus-im-norden-von-new-york-verkoerpert-eine-neue-art-von-warmem-minimalismus-der-gemuetlich-und-dennoch-muehelos-schick-ist\/#article","isPartOf":{"@id":"https:\/\/www.strassenweb.de\/nachrichten\/dieses-haus-im-norden-von-new-york-verkoerpert-eine-neue-art-von-warmem-minimalismus-der-gemuetlich-und-dennoch-muehelos-schick-ist\/"},"author":{"name":"Robert Hoffmann","@id":"https:\/\/www.strassenweb.de\/nachrichten\/#\/schema\/person\/87c9c9067f1211da429a744dc5a5aa41"},"headline":"Dieses Haus im Norden von New York verk\u00f6rpert eine neue Art von warmem Minimalismus, der gem\u00fctlich und dennoch m\u00fchelos schick ist","datePublished":"2024-12-10T09:39:39+00:00","dateModified":"2024-12-10T09:39:40+00:00","mainEntityOfPage":{"@id":"https:\/\/www.strassenweb.de\/nachrichten\/dieses-haus-im-norden-von-new-york-verkoerpert-eine-neue-art-von-warmem-minimalismus-der-gemuetlich-und-dennoch-muehelos-schick-ist\/"},"wordCount":988,"publisher":{"@id":"https:\/\/www.strassenweb.de\/nachrichten\/#organization"},"image":{"@id":"https:\/\/www.strassenweb.de\/nachrichten\/dieses-haus-im-norden-von-new-york-verkoerpert-eine-neue-art-von-warmem-minimalismus-der-gemuetlich-und-dennoch-muehelos-schick-ist\/#primaryimage"},"thumbnailUrl":"https:\/\/www.strassenweb.de\/nachrichten\/wp-content\/uploads\/2024\/12\/Dieses-Haus-im-Norden-von-New-York-verkoerpert-eine-neue.jpg","keywords":["Art","dennoch","der","dieses","eine","gem\u00fctlich","Haus","ist","Minimalismus","m\u00fchelos","Neue","Norden","schick","und","verk\u00f6rpert","von","warmem","York"],"articleSection":["Haus &amp; Garten"],"inLanguage":"de"},{"@type":"WebPage","@id":"https:\/\/www.strassenweb.de\/nachrichten\/dieses-haus-im-norden-von-new-york-verkoerpert-eine-neue-art-von-warmem-minimalismus-der-gemuetlich-und-dennoch-muehelos-schick-ist\/","url":"https:\/\/www.strassenweb.de\/nachrichten\/dieses-haus-im-norden-von-new-york-verkoerpert-eine-neue-art-von-warmem-minimalismus-der-gemuetlich-und-dennoch-muehelos-schick-ist\/","name":"Dieses Haus im Norden von New York verk\u00f6rpert eine neue Art von warmem Minimalismus, der gem\u00fctlich und dennoch m\u00fchelos schick ist - Nachrichten - Stra\u00dfenweb","isPartOf":{"@id":"https:\/\/www.strassenweb.de\/nachrichten\/#website"},"primaryImageOfPage":{"@id":"https:\/\/www.strassenweb.de\/nachrichten\/dieses-haus-im-norden-von-new-york-verkoerpert-eine-neue-art-von-warmem-minimalismus-der-gemuetlich-und-dennoch-muehelos-schick-ist\/#primaryimage"},"image":{"@id":"https:\/\/www.strassenweb.de\/nachrichten\/dieses-haus-im-norden-von-new-york-verkoerpert-eine-neue-art-von-warmem-minimalismus-der-gemuetlich-und-dennoch-muehelos-schick-ist\/#primaryimage"},"thumbnailUrl":"https:\/\/www.strassenweb.de\/nachrichten\/wp-content\/uploads\/2024\/12\/Dieses-Haus-im-Norden-von-New-York-verkoerpert-eine-neue.jpg","datePublished":"2024-12-10T09:39:39+00:00","dateModified":"2024-12-10T09:39:40+00:00","breadcrumb":{"@id":"https:\/\/www.strassenweb.de\/nachrichten\/dieses-haus-im-norden-von-new-york-verkoerpert-eine-neue-art-von-warmem-minimalismus-der-gemuetlich-und-dennoch-muehelos-schick-ist\/#breadcrumb"},"inLanguage":"de","potentialAction":[{"@type":"ReadAction","target":["https:\/\/www.strassenweb.de\/nachrichten\/dieses-haus-im-norden-von-new-york-verkoerpert-eine-neue-art-von-warmem-minimalismus-der-gemuetlich-und-dennoch-muehelos-schick-ist\/"]}]},{"@type":"ImageObject","inLanguage":"de","@id":"https:\/\/www.strassenweb.de\/nachrichten\/dieses-haus-im-norden-von-new-york-verkoerpert-eine-neue-art-von-warmem-minimalismus-der-gemuetlich-und-dennoch-muehelos-schick-ist\/#primaryimage","url":"https:\/\/www.strassenweb.de\/nachrichten\/wp-content\/uploads\/2024\/12\/Dieses-Haus-im-Norden-von-New-York-verkoerpert-eine-neue.jpg","contentUrl":"https:\/\/www.strassenweb.de\/nachrichten\/wp-content\/uploads\/2024\/12\/Dieses-Haus-im-Norden-von-New-York-verkoerpert-eine-neue.jpg","width":1200,"height":675,"caption":"Dieses Haus im Norden von New York verk\u00f6rpert eine neue Art von warmem Minimalismus, der gem\u00fctlich und dennoch m\u00fchelos schick ist"},{"@type":"BreadcrumbList","@id":"https:\/\/www.strassenweb.de\/nachrichten\/dieses-haus-im-norden-von-new-york-verkoerpert-eine-neue-art-von-warmem-minimalismus-der-gemuetlich-und-dennoch-muehelos-schick-ist\/#breadcrumb","itemListElement":[{"@type":"ListItem","position":1,"name":"Home","item":"https:\/\/www.strassenweb.de\/nachrichten\/"},{"@type":"ListItem","position":2,"name":"Dieses Haus im Norden von New York verk\u00f6rpert eine neue Art von warmem Minimalismus, der gem\u00fctlich und dennoch m\u00fchelos schick ist"}]},{"@type":"WebSite","@id":"https:\/\/www.strassenweb.de\/nachrichten\/#website","url":"https:\/\/www.strassenweb.de\/nachrichten\/","name":"Stra\u00dfenweb","description":"Stra\u00dfenverzeichnis f\u00fcr Deutschland","publisher":{"@id":"https:\/\/www.strassenweb.de\/nachrichten\/#organization"},"potentialAction":[{"@type":"SearchAction","target":{"@type":"EntryPoint","urlTemplate":"https:\/\/www.strassenweb.de\/nachrichten\/?s={search_term_string}"},"query-input":{"@type":"PropertyValueSpecification","valueRequired":true,"valueName":"search_term_string"}}],"inLanguage":"de"},{"@type":"Organization","@id":"https:\/\/www.strassenweb.de\/nachrichten\/#organization","name":"Stra\u00dfenweb","url":"https:\/\/www.strassenweb.de\/nachrichten\/","logo":{"@type":"ImageObject","inLanguage":"de","@id":"https:\/\/www.strassenweb.de\/nachrichten\/#\/schema\/logo\/image\/","url":"https:\/\/www.strassenweb.de\/nachrichten\/wp-content\/uploads\/2024\/09\/cropped-favicon.png","contentUrl":"https:\/\/www.strassenweb.de\/nachrichten\/wp-content\/uploads\/2024\/09\/cropped-favicon.png","width":512,"height":512,"caption":"Stra\u00dfenweb"},"image":{"@id":"https:\/\/www.strassenweb.de\/nachrichten\/#\/schema\/logo\/image\/"},"sameAs":["https:\/\/www.facebook.com\/strassenweb\/"]},{"@type":"Person","@id":"https:\/\/www.strassenweb.de\/nachrichten\/#\/schema\/person\/87c9c9067f1211da429a744dc5a5aa41","name":"Robert Hoffmann","image":{"@type":"ImageObject","inLanguage":"de","@id":"https:\/\/www.strassenweb.de\/nachrichten\/wp-content\/uploads\/2024\/09\/strassenweb-150x150.jpg","url":"https:\/\/www.strassenweb.de\/nachrichten\/wp-content\/uploads\/2024\/09\/strassenweb-150x150.jpg","contentUrl":"https:\/\/www.strassenweb.de\/nachrichten\/wp-content\/uploads\/2024\/09\/strassenweb-150x150.jpg","caption":"Robert Hoffmann"},"description":"Ich hei\u00dfe Robert Hoffmann und ich bin ein leidenschaftlicher Verfechter von \u00d6kologie und Biodiversit\u00e4t. Seit meiner Kindheit in den W\u00e4ldern Bayerns f\u00fchle ich mich mit der Natur verbunden und bin entschlossen, sie zu sch\u00fctzen. Heute widme ich mein Leben der Sensibilisierung anderer f\u00fcr die Bedeutung des Umweltschutzes f\u00fcr zuk\u00fcnftige Generationen.","sameAs":["https:\/\/www.strassenweb.de\/"]}]}},"_links":{"self":[{"href":"https:\/\/www.strassenweb.de\/nachrichten\/wp-json\/wp\/v2\/posts\/2024","targetHints":{"allow":["GET"]}}],"collection":[{"href":"https:\/\/www.strassenweb.de\/nachrichten\/wp-json\/wp\/v2\/posts"}],"about":[{"href":"https:\/\/www.strassenweb.de\/nachrichten\/wp-json\/wp\/v2\/types\/post"}],"author":[{"embeddable":true,"href":"https:\/\/www.strassenweb.de\/nachrichten\/wp-json\/wp\/v2\/users\/1"}],"replies":[{"embeddable":true,"href":"https:\/\/www.strassenweb.de\/nachrichten\/wp-json\/wp\/v2\/comments?post=2024"}],"version-history":[{"count":0,"href":"https:\/\/www.strassenweb.de\/nachrichten\/wp-json\/wp\/v2\/posts\/2024\/revisions"}],"wp:featuredmedia":[{"embeddable":true,"href":"https:\/\/www.strassenweb.de\/nachrichten\/wp-json\/wp\/v2\/media\/2025"}],"wp:attachment":[{"href":"https:\/\/www.strassenweb.de\/nachrichten\/wp-json\/wp\/v2\/media?parent=2024"}],"wp:term":[{"taxonomy":"category","embeddable":true,"href":"https:\/\/www.strassenweb.de\/nachrichten\/wp-json\/wp\/v2\/categories?post=2024"},{"taxonomy":"post_tag","embeddable":true,"href":"https:\/\/www.strassenweb.de\/nachrichten\/wp-json\/wp\/v2\/tags?post=2024"}],"curies":[{"name":"wp","href":"https:\/\/api.w.org\/{rel}","templated":true}]}}