{"id":2016,"date":"2024-12-09T22:46:50","date_gmt":"2024-12-09T21:46:50","guid":{"rendered":"https:\/\/www.strassenweb.de\/nachrichten\/8-kuechengeraete-trends-die-ihr-wohlbefinden-und-die-einrichtung-ihrer-arbeitsplatte-im-jahr-2025-steigern-werden\/"},"modified":"2024-12-09T22:46:58","modified_gmt":"2024-12-09T21:46:58","slug":"8-kuechengeraete-trends-die-ihr-wohlbefinden-und-die-einrichtung-ihrer-arbeitsplatte-im-jahr-2025-steigern-werden","status":"publish","type":"post","link":"https:\/\/www.strassenweb.de\/nachrichten\/8-kuechengeraete-trends-die-ihr-wohlbefinden-und-die-einrichtung-ihrer-arbeitsplatte-im-jahr-2025-steigern-werden\/","title":{"rendered":"8 K\u00fcchenger\u00e4te-Trends, die Ihr Wohlbefinden (und die Einrichtung Ihrer Arbeitsplatte) im Jahr 2025 steigern werden"},"content":{"rendered":"<p><\/p>\n<div id=\"article-body\" class=\"article__body \">\n<p>Von der Mikrowellen-Welle in den 1980er-Jahren bis zum Sodastream-Trend: K\u00fcchenger\u00e4te-Trends sind immer mit der Zeit gegangen und haben das Leben ein wenig einfacher \u2013 und viel k\u00f6stlicher \u2013 gemacht. Aber im Laufe der Jahre sind sie zu viel mehr als nur Werkzeugen zum Kochen geworden. Jetzt tragen sie dazu bei, die Stimmung zu bestimmen, spiegeln unseren Stil wider und machen die K\u00fcche zum wahren Herzen des Zuhauses.<\/p>\n<div id=\"ad-unit-1\" class=\"ad-unit\"><\/div>\n<p>Mit Blick auf das Jahr 2025 werden K\u00fcchen noch einladender und verbinden intelligente Innovationen mit warmen, nat\u00fcrlichen Akzenten. Von Ger\u00e4ten, die im Design verschwinden, bis hin zu Materialien, die einen Hauch von Natur ins Haus bringen \u2013 hier ein Blick auf die Trends, die Ihre K\u00fcche zum gl\u00fccklichsten Raum im Haus machen.<\/p>\n<h3 class=\"article-body__section\" id=\"section-1-invisible-appliances\"><span>1. Unsichtbare Ger\u00e4te<\/span><\/h3>\n<figure class=\"van-image-figure inline-layout \" data-bordeaux-image-check>\n<div class=\"image-full-width-wrapper\">\n<div class=\"image-widthsetter\" style=\"max-width:2400px;\"><\/div>\n<\/div>\n<\/figure>\n<p>Im Jahr 2025 erobern Tarnk\u00fcchen die Designwelt im Sturm. Und das w\u00e4re ohne unsichtbare Ger\u00e4te nicht m\u00f6glich. Es gibt kein besseres Beispiel daf\u00fcr als das Undercover-Induktionskochfeld von Novy. Nahtlos in die Arbeitsplatte integriert, nahezu unsichtbar \u2013 mit lediglich LED-Anzeigen und einem modernen Fernbedienungspanel.<\/p>\n<div id=\"desktop-in-article\" class=\"in-article ad-unit\">\n<div id=\"desktop-taboola-mid-article\"><\/div>\n<\/div>\n<div id=\"mobile-in-article\" class=\"in-article ad-unit\">\n<div id=\"mobile-taboola-mid-article\"><\/div>\n<\/div>\n<aside class=\"hawk-nest\" data-block-type=\"embed\" data-render-type=\"fte\" data-skip=\"dealsy\" data-widget-type=\"seasonal\">\n<div class=\"hawk-master-widget-hawk-base-wrapper\"><\/div>\n<\/aside>\n<p>Die Dunstabzugshauben von Novy verst\u00e4rken diesen Trend noch weiter und werden oft als Regale oder in Ihrer Decke versteckt. Die Kombination aus Stille und unsichtbarer Eleganz verwandelt die K\u00fcche in einen wahrhaft multifunktionalen Raum. Egal, ob Sie auf Ihrer Arbeitsplatte kochen, arbeiten oder speisen, Sie k\u00f6nnen eine aufger\u00e4umte, ruhige Umgebung genie\u00dfen.<\/p>\n<div class=\"van_vid_carousel\">\n<div class=\"van_vid_carousel__padding\">\n<div class=\"van_vid_carousel__container\"><\/div>\n<\/div>\n<\/div>\n<h3 class=\"article-body__section\" id=\"section-2-aga-islands\"><span>2. AGA-Inseln<\/span><\/h3>\n<figure class=\"van-image-figure inline-layout \" data-bordeaux-image-check=\"\">\n<div class=\"image-full-width-wrapper\">\n<div class=\"image-widthsetter\" style=\"max-width:2400px;\"><\/div>\n<\/div>\n<\/figure>\n<p>AGAs werden auch im Jahr 2025 ihren englischen Country-Charme in die K\u00fcche bringen. Sie werden nie aus der Mode kommen, und ich habe tats\u00e4chlich beobachtet, wie AGAs im wahrsten Sinne des Wortes als Teil von K\u00fccheninseln in den Mittelpunkt der Aufmerksamkeit ger\u00fcckt sind.<\/p>\n<div id=\"ad-unit-2\" class=\"ad-unit\"><\/div>\n<p>Ein beeindruckendes Beispiel stammt von Devol Kitchens, wo dunkle Schr\u00e4nke einen AGA in Rouget\u00f6nen umrahmen und so eine rustikale K\u00fccheninsel schaffen, die zeitlos und voller Pers\u00f6nlichkeit wirkt.<\/p>\n<p>Dank ihrer Glasemaille-Beschichtung sind AGAs in einer Vielzahl von Farben erh\u00e4ltlich und bieten endlose M\u00f6glichkeiten, sie zum Herzst\u00fcck Ihrer K\u00fcche zu machen. Ganz gleich, ob Sie sich f\u00fcr einen kr\u00e4ftigen Farbton entscheiden, um ein Statement zu setzen, oder f\u00fcr einen sanfteren Farbton f\u00fcr subtilen Charme, eine AGA-Insel ist eine sch\u00f6ne M\u00f6glichkeit, Ihre Liebsten um den Herd herum zu versammeln.<\/p>\n<div id=\"slice-container-newsletterForm-articleInbodyContent-FRUSCTf2uFbUr75dGNuMEe\" class=\"slice-container newsletter-inbodyContent-slice newsletterForm-articleInbodyContent-FRUSCTf2uFbUr75dGNuMEe slice-container-newsletterForm\"><\/div>\n<h3 class=\"article-body__section\" id=\"section-3-natural-alchemy\"><span>3. Nat\u00fcrliche Alchemie <\/span><\/h3>\n<figure class=\"van-image-figure inline-layout \" data-bordeaux-image-check>\n<div class=\"image-full-width-wrapper\">\n<div class=\"image-widthsetter\" style=\"max-width:2400px;\"><\/div>\n<\/div>\n<\/figure>\n<p>Nat\u00fcrliche Materialien r\u00fccken im Jahr 2025 ins Rampenlicht und bieten einen warmen, erdigen Gegenpol zu Hightech-Ger\u00e4ten. Denken Sie an handgeh\u00e4mmerte Details, weiche Kurven in der Holzmaserung und Texturen, die dem Kochen ein einladendes und authentisches Gef\u00fchl verleihen.<\/p>\n<p>Die Sch\u00fcssel aus Walnussholz von KitchenAid ist ein perfektes Beispiel f\u00fcr diesen Trend und kombiniert allt\u00e4gliche Funktionalit\u00e4t mit einem Hauch von nat\u00fcrlichem Charme. Diese Materialien sehen nicht nur sch\u00f6n aus \u2013 sie bieten auch ein haptisches Erlebnis, das das Kochen bodenst\u00e4ndiger und vernetzter macht \u2013 eine erfrischende Abwechslung zur Schlichtheit moderner Technik.<\/p>\n<p>Dieser Wandel hin zu nat\u00fcrlichen Texturen spiegelt eine tiefere Priorit\u00e4t wider: die Schaffung von R\u00e4umen, die sich angenehm und bedeutungsvoll anf\u00fchlen. Anstatt den neuesten Gadgets nachzujagen, suchen die Menschen nach Designs, die Freude machen, die Verbindung f\u00f6rdern und uns an die einfachen Freuden des K\u00fcchenlebens erinnern.<\/p>\n<h3 class=\"article-body__section\" id=\"section-4-quiet-luxury\"><span>4. Ruhiger Luxus<\/span><\/h3>\n<figure class=\"van-image-figure inline-layout \" data-bordeaux-image-check>\n<div class=\"image-full-width-wrapper\">\n<div class=\"image-widthsetter\" style=\"max-width:2400px;\"><\/div>\n<\/div>\n<\/figure>\n<p>In einer Welt voller L\u00e4rm ist stiller Luxus eine willkommene Abwechslung. Leise Ger\u00e4te wie fl\u00fcsterleise Mixer und Hei\u00dfluftfritteusen erfreuen sich immer gr\u00f6\u00dferer Beliebtheit und sprechen aufmerksame K\u00f6che an, die Wert auf eine ruhige Umgebung legen. Diese Innovationen verringern die Hektik und machen die K\u00fcche zu einem Ort des achtsamen Kochens und der Entspannung.<\/p>\n<p>\u201eDie K\u00fcche ist nicht mehr nur ein n\u00fctzlicher Raum zum Kochen\u201c, sagt Sabah Mansoor von Sabah Mansoor Design. \u201eEs entwickelt sich zu einem zentralen Treffpunkt f\u00fcr Familie und Freunde, an dem Menschen Kontakte kn\u00fcpfen, entspannen und die Gesellschaft des anderen genie\u00dfen k\u00f6nnen.\u201c Mit leisen Ger\u00e4ten k\u00f6nnen Sie harmonische, multifunktionale R\u00e4ume schaffen, in denen Sie kochen, speisen und zusammensitzen und gleichzeitig Ihr Wohlbefinden steigern k\u00f6nnen.<\/p>\n<h3 class=\"article-body__section\" id=\"section-5-vintage-appliances\"><span>5. Vintage-Ger\u00e4te<\/span><\/h3>\n<figure class=\"van-image-figure inline-layout \" data-bordeaux-image-check>\n<div class=\"image-full-width-wrapper\">\n<div class=\"image-widthsetter\" style=\"max-width:2400px;\"><\/div>\n<\/div>\n<\/figure>\n<p>Der Nostalgie-Trend aus dem Jahr 2024 h\u00e4lt Einzug in K\u00fcchenger\u00e4te, da sich immer mehr Menschen f\u00fcr St\u00fccke entscheiden, die eine Geschichte erz\u00e4hlen und sich pers\u00f6nlich anf\u00fchlen, anstatt Mainstream-Trends zu folgen.<\/p>\n<p>Ich habe auf TikTok Vintage-Moka-Kannen, Cuisinarts im Retro-Stil direkt aus den 1950er-Jahren und sogar individuell gestaltete Espressomaschinen entdeckt. Ich war ein besonderer Fan von Stanley Tuccis Vintage-Farben im italienischen Stil seiner Kochgeschirrkollektion, die Ende dieses Jahres auf den Markt kam; Ein Trend, von dem ich erwarte, dass er im Jahr 2025 zunehmen wird.<\/p>\n<p>Diese nostalgischen Akzente verleihen modernen K\u00fcchen Charakter und Individualit\u00e4t. Es geht darum, Vergangenheit und Gegenwart zu verschmelzen, um einen Raum zu schaffen, der ebenso bedeutungsvoll wie funktional ist.<\/p>\n<h3 class=\"article-body__section\" id=\"section-6-cherry-red\"><span>6. Kirschrot <\/span><\/h3>\n<figure class=\"van-image-figure inline-layout \" data-bordeaux-image-check>\n<div class=\"image-full-width-wrapper\">\n<div class=\"image-widthsetter\" style=\"max-width:2400px;\"><\/div>\n<\/div>\n<\/figure>\n<p>Anfang dieser Woche prognostizierte Pinterest die Einrichtungstrends f\u00fcr das Jahr 2025. Inmitten von Themen wie Castlecore und surrealen Dinnerpartys hoben sie Kirschrot als Farbe des Jahres hervor. Aufgrund seiner stimmungsaufhellenden und anregenden Eigenschaften wird Kirschrot als \u201eDopamin-Farbe\u201c bezeichnet und schafft die perfekte Balance zwischen kr\u00e4ftig und raffiniert. Ich betrachte es gerne als eine erwachsenere Interpretation der unerwarteten roten Theorie.<\/p>\n<p>Dieser Farbton kann eine K\u00fcche sofort verwandeln und Ihren Alltagsroutinen einen auff\u00e4lligen Farbtupfer und belebende Energie verleihen. Die Rh\u00f4ne-Kollektion von Le Creuset veranschaulicht dies wunderbar. Obwohl die Kollektion vor \u00fcber zwei Jahren auf den Markt kam, liegt sie jetzt voll im Trend. Der Rhone-Teekessel ist mein Lieblingsst\u00fcck \u2013 auch eine Anspielung auf den Vintage-Trend.<\/p>\n<h3 class=\"article-body__section\" id=\"section-7-non-toxic-stainless-steel\"><span>7. Ungiftiger Edelstahl <\/span><\/h3>\n<figure class=\"van-image-figure inline-layout \" data-bordeaux-image-check>\n<div class=\"image-full-width-wrapper\">\n<div class=\"image-widthsetter\" style=\"max-width:2400px;\"><\/div>\n<\/div>\n<\/figure>\n<p>Da Gesundheit und Wohlbefinden f\u00fcr viele von uns weiterhin oberste Priorit\u00e4t haben, greifen im Jahr 2025 immer mehr Menschen auf die besten ungiftigen Ger\u00e4te zur\u00fcck, um sicherere K\u00fcchen zu schaffen.<\/p>\n<p>Edelstahl ist f\u00fchrend und wird wegen seiner Langlebigkeit, einfachen Wartung und vor allem seiner Sicherheit gesch\u00e4tzt.<\/p>\n<p>Im Gegensatz zu billigem Kunststoff gibt Edelstahl keine sch\u00e4dlichen Chemikalien an Ihre Speisen oder Getr\u00e4nke ab, was ihn zur ersten Wahl f\u00fcr gesundheitsbewusste K\u00f6che macht. Sein schlanker, zeitloser Look ist nur ein Pluspunkt, denn er f\u00fcgt sich nahtlos in jeden K\u00fcchenstil ein und gibt Ihnen gleichzeitig Sicherheit.<\/p>\n<hr>\n<p>Ob es die sinnliche Textur nat\u00fcrlicher Materialien, der nostalgische Charme von Vintage-inspirierten Ger\u00e4ten oder die ruhige Zuversicht gesundheitsorientierter Entscheidungen ist \u2013 ich kann es kaum erwarten zu sehen, was uns das Jahr 2025 bringen wird. Auf ein Jahr voller K\u00fcchenger\u00e4te, die inspirieren, Komfort bieten und uns dabei helfen, noch mehr Freude am Kochen und Essen zu haben.<\/p>\n<\/div>\n<p><script async src=\"\/\/www.instagram.com\/embed.js\"><\/script><\/p>\n","protected":false},"excerpt":{"rendered":"<p>Von der Mikrowellen-Welle in den 1980er-Jahren bis zum Sodastream-Trend: K\u00fcchenger\u00e4te-Trends sind immer mit der Zeit gegangen und haben das Leben ein wenig einfacher \u2013 und<\/p>\n","protected":false},"author":1,"featured_media":2017,"comment_status":"closed","ping_status":"","sticky":false,"template":"","format":"standard","meta":{"footnotes":""},"categories":[118],"tags":[3560,9,2084,170,11,384,3559,2042,37,27,743],"class_list":["post-2016","post","type-post","status-publish","format-standard","has-post-thumbnail","hentry","category-haus-garten","tag-arbeitsplatte","tag-die","tag-einrichtung","tag-ihr","tag-ihrer","tag-jahr","tag-kuechengeraetetrends","tag-steigern","tag-und","tag-werden","tag-wohlbefinden","generate-columns","tablet-grid-50","mobile-grid-100","grid-parent","grid-50"],"yoast_head":"<!-- This site is optimized with the Yoast SEO plugin v27.3 - https:\/\/yoast.com\/product\/yoast-seo-wordpress\/ -->\n<title>8 K\u00fcchenger\u00e4te-Trends, die Ihr Wohlbefinden (und die Einrichtung Ihrer Arbeitsplatte) im Jahr 2025 steigern werden - Nachrichten - Stra\u00dfenweb<\/title>\n<meta name=\"robots\" content=\"index, follow, max-snippet:-1, max-image-preview:large, max-video-preview:-1\" \/>\n<link rel=\"canonical\" href=\"https:\/\/www.strassenweb.de\/nachrichten\/8-kuechengeraete-trends-die-ihr-wohlbefinden-und-die-einrichtung-ihrer-arbeitsplatte-im-jahr-2025-steigern-werden\/\" \/>\n<meta property=\"og:locale\" content=\"de_DE\" \/>\n<meta property=\"og:type\" content=\"article\" \/>\n<meta property=\"og:title\" content=\"8 K\u00fcchenger\u00e4te-Trends, die Ihr Wohlbefinden (und die Einrichtung Ihrer Arbeitsplatte) im Jahr 2025 steigern werden - Nachrichten - Stra\u00dfenweb\" \/>\n<meta property=\"og:description\" content=\"Von der Mikrowellen-Welle in den 1980er-Jahren bis zum Sodastream-Trend: K\u00fcchenger\u00e4te-Trends sind immer mit der Zeit gegangen und haben das Leben ein wenig einfacher \u2013 und\" \/>\n<meta property=\"og:url\" content=\"https:\/\/www.strassenweb.de\/nachrichten\/8-kuechengeraete-trends-die-ihr-wohlbefinden-und-die-einrichtung-ihrer-arbeitsplatte-im-jahr-2025-steigern-werden\/\" \/>\n<meta property=\"og:site_name\" content=\"Stra\u00dfenweb\" \/>\n<meta property=\"article:publisher\" content=\"https:\/\/www.facebook.com\/strassenweb\/\" \/>\n<meta property=\"article:published_time\" content=\"2024-12-09T21:46:50+00:00\" \/>\n<meta property=\"article:modified_time\" content=\"2024-12-09T21:46:58+00:00\" \/>\n<meta property=\"og:image\" content=\"https:\/\/www.strassenweb.de\/nachrichten\/wp-content\/uploads\/2024\/12\/8-Kuechengeraete-Trends-die-Ihr-Wohlbefinden-und-die-Einrichtung-Ihrer-Arbeitsplatte.png\" \/>\n\t<meta property=\"og:image:width\" content=\"1200\" \/>\n\t<meta property=\"og:image:height\" content=\"675\" \/>\n\t<meta property=\"og:image:type\" content=\"image\/png\" \/>\n<meta name=\"author\" content=\"Robert Hoffmann\" \/>\n<meta name=\"twitter:card\" content=\"summary_large_image\" \/>\n<meta name=\"twitter:label1\" content=\"Verfasst von\" \/>\n\t<meta name=\"twitter:data1\" content=\"Robert Hoffmann\" \/>\n\t<meta name=\"twitter:label2\" content=\"Gesch\u00e4tzte Lesezeit\" \/>\n\t<meta name=\"twitter:data2\" content=\"5\u00a0Minuten\" \/>\n<script type=\"application\/ld+json\" class=\"yoast-schema-graph\">{\"@context\":\"https:\\\/\\\/schema.org\",\"@graph\":[{\"@type\":\"Article\",\"@id\":\"https:\\\/\\\/www.strassenweb.de\\\/nachrichten\\\/8-kuechengeraete-trends-die-ihr-wohlbefinden-und-die-einrichtung-ihrer-arbeitsplatte-im-jahr-2025-steigern-werden\\\/#article\",\"isPartOf\":{\"@id\":\"https:\\\/\\\/www.strassenweb.de\\\/nachrichten\\\/8-kuechengeraete-trends-die-ihr-wohlbefinden-und-die-einrichtung-ihrer-arbeitsplatte-im-jahr-2025-steigern-werden\\\/\"},\"author\":{\"name\":\"Robert Hoffmann\",\"@id\":\"https:\\\/\\\/www.strassenweb.de\\\/nachrichten\\\/#\\\/schema\\\/person\\\/87c9c9067f1211da429a744dc5a5aa41\"},\"headline\":\"8 K\u00fcchenger\u00e4te-Trends, die Ihr Wohlbefinden (und die Einrichtung Ihrer Arbeitsplatte) im Jahr 2025 steigern werden\",\"datePublished\":\"2024-12-09T21:46:50+00:00\",\"dateModified\":\"2024-12-09T21:46:58+00:00\",\"mainEntityOfPage\":{\"@id\":\"https:\\\/\\\/www.strassenweb.de\\\/nachrichten\\\/8-kuechengeraete-trends-die-ihr-wohlbefinden-und-die-einrichtung-ihrer-arbeitsplatte-im-jahr-2025-steigern-werden\\\/\"},\"wordCount\":1085,\"publisher\":{\"@id\":\"https:\\\/\\\/www.strassenweb.de\\\/nachrichten\\\/#organization\"},\"image\":{\"@id\":\"https:\\\/\\\/www.strassenweb.de\\\/nachrichten\\\/8-kuechengeraete-trends-die-ihr-wohlbefinden-und-die-einrichtung-ihrer-arbeitsplatte-im-jahr-2025-steigern-werden\\\/#primaryimage\"},\"thumbnailUrl\":\"https:\\\/\\\/www.strassenweb.de\\\/nachrichten\\\/wp-content\\\/uploads\\\/2024\\\/12\\\/8-Kuechengeraete-Trends-die-Ihr-Wohlbefinden-und-die-Einrichtung-Ihrer-Arbeitsplatte.png\",\"keywords\":[\"Arbeitsplatte\",\"die\",\"Einrichtung\",\"Ihr\",\"ihrer\",\"Jahr\",\"K\u00fcchenger\u00e4teTrends\",\"steigern\",\"und\",\"werden\",\"Wohlbefinden\"],\"articleSection\":[\"Haus &amp; Garten\"],\"inLanguage\":\"de\"},{\"@type\":\"WebPage\",\"@id\":\"https:\\\/\\\/www.strassenweb.de\\\/nachrichten\\\/8-kuechengeraete-trends-die-ihr-wohlbefinden-und-die-einrichtung-ihrer-arbeitsplatte-im-jahr-2025-steigern-werden\\\/\",\"url\":\"https:\\\/\\\/www.strassenweb.de\\\/nachrichten\\\/8-kuechengeraete-trends-die-ihr-wohlbefinden-und-die-einrichtung-ihrer-arbeitsplatte-im-jahr-2025-steigern-werden\\\/\",\"name\":\"8 K\u00fcchenger\u00e4te-Trends, die Ihr Wohlbefinden (und die Einrichtung Ihrer Arbeitsplatte) im Jahr 2025 steigern werden - Nachrichten - Stra\u00dfenweb\",\"isPartOf\":{\"@id\":\"https:\\\/\\\/www.strassenweb.de\\\/nachrichten\\\/#website\"},\"primaryImageOfPage\":{\"@id\":\"https:\\\/\\\/www.strassenweb.de\\\/nachrichten\\\/8-kuechengeraete-trends-die-ihr-wohlbefinden-und-die-einrichtung-ihrer-arbeitsplatte-im-jahr-2025-steigern-werden\\\/#primaryimage\"},\"image\":{\"@id\":\"https:\\\/\\\/www.strassenweb.de\\\/nachrichten\\\/8-kuechengeraete-trends-die-ihr-wohlbefinden-und-die-einrichtung-ihrer-arbeitsplatte-im-jahr-2025-steigern-werden\\\/#primaryimage\"},\"thumbnailUrl\":\"https:\\\/\\\/www.strassenweb.de\\\/nachrichten\\\/wp-content\\\/uploads\\\/2024\\\/12\\\/8-Kuechengeraete-Trends-die-Ihr-Wohlbefinden-und-die-Einrichtung-Ihrer-Arbeitsplatte.png\",\"datePublished\":\"2024-12-09T21:46:50+00:00\",\"dateModified\":\"2024-12-09T21:46:58+00:00\",\"breadcrumb\":{\"@id\":\"https:\\\/\\\/www.strassenweb.de\\\/nachrichten\\\/8-kuechengeraete-trends-die-ihr-wohlbefinden-und-die-einrichtung-ihrer-arbeitsplatte-im-jahr-2025-steigern-werden\\\/#breadcrumb\"},\"inLanguage\":\"de\",\"potentialAction\":[{\"@type\":\"ReadAction\",\"target\":[\"https:\\\/\\\/www.strassenweb.de\\\/nachrichten\\\/8-kuechengeraete-trends-die-ihr-wohlbefinden-und-die-einrichtung-ihrer-arbeitsplatte-im-jahr-2025-steigern-werden\\\/\"]}]},{\"@type\":\"ImageObject\",\"inLanguage\":\"de\",\"@id\":\"https:\\\/\\\/www.strassenweb.de\\\/nachrichten\\\/8-kuechengeraete-trends-die-ihr-wohlbefinden-und-die-einrichtung-ihrer-arbeitsplatte-im-jahr-2025-steigern-werden\\\/#primaryimage\",\"url\":\"https:\\\/\\\/www.strassenweb.de\\\/nachrichten\\\/wp-content\\\/uploads\\\/2024\\\/12\\\/8-Kuechengeraete-Trends-die-Ihr-Wohlbefinden-und-die-Einrichtung-Ihrer-Arbeitsplatte.png\",\"contentUrl\":\"https:\\\/\\\/www.strassenweb.de\\\/nachrichten\\\/wp-content\\\/uploads\\\/2024\\\/12\\\/8-Kuechengeraete-Trends-die-Ihr-Wohlbefinden-und-die-Einrichtung-Ihrer-Arbeitsplatte.png\",\"width\":1200,\"height\":675,\"caption\":\"8 K\u00fcchenger\u00e4te-Trends, die Ihr Wohlbefinden (und die Einrichtung Ihrer Arbeitsplatte) im Jahr 2025 steigern werden\"},{\"@type\":\"BreadcrumbList\",\"@id\":\"https:\\\/\\\/www.strassenweb.de\\\/nachrichten\\\/8-kuechengeraete-trends-die-ihr-wohlbefinden-und-die-einrichtung-ihrer-arbeitsplatte-im-jahr-2025-steigern-werden\\\/#breadcrumb\",\"itemListElement\":[{\"@type\":\"ListItem\",\"position\":1,\"name\":\"Home\",\"item\":\"https:\\\/\\\/www.strassenweb.de\\\/nachrichten\\\/\"},{\"@type\":\"ListItem\",\"position\":2,\"name\":\"8 K\u00fcchenger\u00e4te-Trends, die Ihr Wohlbefinden (und die Einrichtung Ihrer Arbeitsplatte) im Jahr 2025 steigern werden\"}]},{\"@type\":\"WebSite\",\"@id\":\"https:\\\/\\\/www.strassenweb.de\\\/nachrichten\\\/#website\",\"url\":\"https:\\\/\\\/www.strassenweb.de\\\/nachrichten\\\/\",\"name\":\"Stra\u00dfenweb\",\"description\":\"Stra\u00dfenverzeichnis f\u00fcr Deutschland\",\"publisher\":{\"@id\":\"https:\\\/\\\/www.strassenweb.de\\\/nachrichten\\\/#organization\"},\"potentialAction\":[{\"@type\":\"SearchAction\",\"target\":{\"@type\":\"EntryPoint\",\"urlTemplate\":\"https:\\\/\\\/www.strassenweb.de\\\/nachrichten\\\/?s={search_term_string}\"},\"query-input\":{\"@type\":\"PropertyValueSpecification\",\"valueRequired\":true,\"valueName\":\"search_term_string\"}}],\"inLanguage\":\"de\"},{\"@type\":\"Organization\",\"@id\":\"https:\\\/\\\/www.strassenweb.de\\\/nachrichten\\\/#organization\",\"name\":\"Stra\u00dfenweb\",\"url\":\"https:\\\/\\\/www.strassenweb.de\\\/nachrichten\\\/\",\"logo\":{\"@type\":\"ImageObject\",\"inLanguage\":\"de\",\"@id\":\"https:\\\/\\\/www.strassenweb.de\\\/nachrichten\\\/#\\\/schema\\\/logo\\\/image\\\/\",\"url\":\"https:\\\/\\\/www.strassenweb.de\\\/nachrichten\\\/wp-content\\\/uploads\\\/2024\\\/09\\\/cropped-favicon.png\",\"contentUrl\":\"https:\\\/\\\/www.strassenweb.de\\\/nachrichten\\\/wp-content\\\/uploads\\\/2024\\\/09\\\/cropped-favicon.png\",\"width\":512,\"height\":512,\"caption\":\"Stra\u00dfenweb\"},\"image\":{\"@id\":\"https:\\\/\\\/www.strassenweb.de\\\/nachrichten\\\/#\\\/schema\\\/logo\\\/image\\\/\"},\"sameAs\":[\"https:\\\/\\\/www.facebook.com\\\/strassenweb\\\/\"]},{\"@type\":\"Person\",\"@id\":\"https:\\\/\\\/www.strassenweb.de\\\/nachrichten\\\/#\\\/schema\\\/person\\\/87c9c9067f1211da429a744dc5a5aa41\",\"name\":\"Robert Hoffmann\",\"image\":{\"@type\":\"ImageObject\",\"inLanguage\":\"de\",\"@id\":\"https:\\\/\\\/www.strassenweb.de\\\/nachrichten\\\/wp-content\\\/uploads\\\/2024\\\/09\\\/strassenweb-150x150.jpg\",\"url\":\"https:\\\/\\\/www.strassenweb.de\\\/nachrichten\\\/wp-content\\\/uploads\\\/2024\\\/09\\\/strassenweb-150x150.jpg\",\"contentUrl\":\"https:\\\/\\\/www.strassenweb.de\\\/nachrichten\\\/wp-content\\\/uploads\\\/2024\\\/09\\\/strassenweb-150x150.jpg\",\"caption\":\"Robert Hoffmann\"},\"description\":\"Ich hei\u00dfe Robert Hoffmann und ich bin ein leidenschaftlicher Verfechter von \u00d6kologie und Biodiversit\u00e4t. Seit meiner Kindheit in den W\u00e4ldern Bayerns f\u00fchle ich mich mit der Natur verbunden und bin entschlossen, sie zu sch\u00fctzen. Heute widme ich mein Leben der Sensibilisierung anderer f\u00fcr die Bedeutung des Umweltschutzes f\u00fcr zuk\u00fcnftige Generationen.\",\"sameAs\":[\"https:\\\/\\\/www.strassenweb.de\\\/\"]}]}<\/script>\n<!-- \/ Yoast SEO plugin. -->","yoast_head_json":{"title":"8 K\u00fcchenger\u00e4te-Trends, die Ihr Wohlbefinden (und die Einrichtung Ihrer Arbeitsplatte) im Jahr 2025 steigern werden - Nachrichten - Stra\u00dfenweb","robots":{"index":"index","follow":"follow","max-snippet":"max-snippet:-1","max-image-preview":"max-image-preview:large","max-video-preview":"max-video-preview:-1"},"canonical":"https:\/\/www.strassenweb.de\/nachrichten\/8-kuechengeraete-trends-die-ihr-wohlbefinden-und-die-einrichtung-ihrer-arbeitsplatte-im-jahr-2025-steigern-werden\/","og_locale":"de_DE","og_type":"article","og_title":"8 K\u00fcchenger\u00e4te-Trends, die Ihr Wohlbefinden (und die Einrichtung Ihrer Arbeitsplatte) im Jahr 2025 steigern werden - Nachrichten - Stra\u00dfenweb","og_description":"Von der Mikrowellen-Welle in den 1980er-Jahren bis zum Sodastream-Trend: K\u00fcchenger\u00e4te-Trends sind immer mit der Zeit gegangen und haben das Leben ein wenig einfacher \u2013 und","og_url":"https:\/\/www.strassenweb.de\/nachrichten\/8-kuechengeraete-trends-die-ihr-wohlbefinden-und-die-einrichtung-ihrer-arbeitsplatte-im-jahr-2025-steigern-werden\/","og_site_name":"Stra\u00dfenweb","article_publisher":"https:\/\/www.facebook.com\/strassenweb\/","article_published_time":"2024-12-09T21:46:50+00:00","article_modified_time":"2024-12-09T21:46:58+00:00","og_image":[{"width":1200,"height":675,"url":"https:\/\/www.strassenweb.de\/nachrichten\/wp-content\/uploads\/2024\/12\/8-Kuechengeraete-Trends-die-Ihr-Wohlbefinden-und-die-Einrichtung-Ihrer-Arbeitsplatte.png","type":"image\/png"}],"author":"Robert Hoffmann","twitter_card":"summary_large_image","twitter_misc":{"Verfasst von":"Robert Hoffmann","Gesch\u00e4tzte Lesezeit":"5\u00a0Minuten"},"schema":{"@context":"https:\/\/schema.org","@graph":[{"@type":"Article","@id":"https:\/\/www.strassenweb.de\/nachrichten\/8-kuechengeraete-trends-die-ihr-wohlbefinden-und-die-einrichtung-ihrer-arbeitsplatte-im-jahr-2025-steigern-werden\/#article","isPartOf":{"@id":"https:\/\/www.strassenweb.de\/nachrichten\/8-kuechengeraete-trends-die-ihr-wohlbefinden-und-die-einrichtung-ihrer-arbeitsplatte-im-jahr-2025-steigern-werden\/"},"author":{"name":"Robert Hoffmann","@id":"https:\/\/www.strassenweb.de\/nachrichten\/#\/schema\/person\/87c9c9067f1211da429a744dc5a5aa41"},"headline":"8 K\u00fcchenger\u00e4te-Trends, die Ihr Wohlbefinden (und die Einrichtung Ihrer Arbeitsplatte) im Jahr 2025 steigern werden","datePublished":"2024-12-09T21:46:50+00:00","dateModified":"2024-12-09T21:46:58+00:00","mainEntityOfPage":{"@id":"https:\/\/www.strassenweb.de\/nachrichten\/8-kuechengeraete-trends-die-ihr-wohlbefinden-und-die-einrichtung-ihrer-arbeitsplatte-im-jahr-2025-steigern-werden\/"},"wordCount":1085,"publisher":{"@id":"https:\/\/www.strassenweb.de\/nachrichten\/#organization"},"image":{"@id":"https:\/\/www.strassenweb.de\/nachrichten\/8-kuechengeraete-trends-die-ihr-wohlbefinden-und-die-einrichtung-ihrer-arbeitsplatte-im-jahr-2025-steigern-werden\/#primaryimage"},"thumbnailUrl":"https:\/\/www.strassenweb.de\/nachrichten\/wp-content\/uploads\/2024\/12\/8-Kuechengeraete-Trends-die-Ihr-Wohlbefinden-und-die-Einrichtung-Ihrer-Arbeitsplatte.png","keywords":["Arbeitsplatte","die","Einrichtung","Ihr","ihrer","Jahr","K\u00fcchenger\u00e4teTrends","steigern","und","werden","Wohlbefinden"],"articleSection":["Haus &amp; Garten"],"inLanguage":"de"},{"@type":"WebPage","@id":"https:\/\/www.strassenweb.de\/nachrichten\/8-kuechengeraete-trends-die-ihr-wohlbefinden-und-die-einrichtung-ihrer-arbeitsplatte-im-jahr-2025-steigern-werden\/","url":"https:\/\/www.strassenweb.de\/nachrichten\/8-kuechengeraete-trends-die-ihr-wohlbefinden-und-die-einrichtung-ihrer-arbeitsplatte-im-jahr-2025-steigern-werden\/","name":"8 K\u00fcchenger\u00e4te-Trends, die Ihr Wohlbefinden (und die Einrichtung Ihrer Arbeitsplatte) im Jahr 2025 steigern werden - Nachrichten - Stra\u00dfenweb","isPartOf":{"@id":"https:\/\/www.strassenweb.de\/nachrichten\/#website"},"primaryImageOfPage":{"@id":"https:\/\/www.strassenweb.de\/nachrichten\/8-kuechengeraete-trends-die-ihr-wohlbefinden-und-die-einrichtung-ihrer-arbeitsplatte-im-jahr-2025-steigern-werden\/#primaryimage"},"image":{"@id":"https:\/\/www.strassenweb.de\/nachrichten\/8-kuechengeraete-trends-die-ihr-wohlbefinden-und-die-einrichtung-ihrer-arbeitsplatte-im-jahr-2025-steigern-werden\/#primaryimage"},"thumbnailUrl":"https:\/\/www.strassenweb.de\/nachrichten\/wp-content\/uploads\/2024\/12\/8-Kuechengeraete-Trends-die-Ihr-Wohlbefinden-und-die-Einrichtung-Ihrer-Arbeitsplatte.png","datePublished":"2024-12-09T21:46:50+00:00","dateModified":"2024-12-09T21:46:58+00:00","breadcrumb":{"@id":"https:\/\/www.strassenweb.de\/nachrichten\/8-kuechengeraete-trends-die-ihr-wohlbefinden-und-die-einrichtung-ihrer-arbeitsplatte-im-jahr-2025-steigern-werden\/#breadcrumb"},"inLanguage":"de","potentialAction":[{"@type":"ReadAction","target":["https:\/\/www.strassenweb.de\/nachrichten\/8-kuechengeraete-trends-die-ihr-wohlbefinden-und-die-einrichtung-ihrer-arbeitsplatte-im-jahr-2025-steigern-werden\/"]}]},{"@type":"ImageObject","inLanguage":"de","@id":"https:\/\/www.strassenweb.de\/nachrichten\/8-kuechengeraete-trends-die-ihr-wohlbefinden-und-die-einrichtung-ihrer-arbeitsplatte-im-jahr-2025-steigern-werden\/#primaryimage","url":"https:\/\/www.strassenweb.de\/nachrichten\/wp-content\/uploads\/2024\/12\/8-Kuechengeraete-Trends-die-Ihr-Wohlbefinden-und-die-Einrichtung-Ihrer-Arbeitsplatte.png","contentUrl":"https:\/\/www.strassenweb.de\/nachrichten\/wp-content\/uploads\/2024\/12\/8-Kuechengeraete-Trends-die-Ihr-Wohlbefinden-und-die-Einrichtung-Ihrer-Arbeitsplatte.png","width":1200,"height":675,"caption":"8 K\u00fcchenger\u00e4te-Trends, die Ihr Wohlbefinden (und die Einrichtung Ihrer Arbeitsplatte) im Jahr 2025 steigern werden"},{"@type":"BreadcrumbList","@id":"https:\/\/www.strassenweb.de\/nachrichten\/8-kuechengeraete-trends-die-ihr-wohlbefinden-und-die-einrichtung-ihrer-arbeitsplatte-im-jahr-2025-steigern-werden\/#breadcrumb","itemListElement":[{"@type":"ListItem","position":1,"name":"Home","item":"https:\/\/www.strassenweb.de\/nachrichten\/"},{"@type":"ListItem","position":2,"name":"8 K\u00fcchenger\u00e4te-Trends, die Ihr Wohlbefinden (und die Einrichtung Ihrer Arbeitsplatte) im Jahr 2025 steigern werden"}]},{"@type":"WebSite","@id":"https:\/\/www.strassenweb.de\/nachrichten\/#website","url":"https:\/\/www.strassenweb.de\/nachrichten\/","name":"Stra\u00dfenweb","description":"Stra\u00dfenverzeichnis f\u00fcr Deutschland","publisher":{"@id":"https:\/\/www.strassenweb.de\/nachrichten\/#organization"},"potentialAction":[{"@type":"SearchAction","target":{"@type":"EntryPoint","urlTemplate":"https:\/\/www.strassenweb.de\/nachrichten\/?s={search_term_string}"},"query-input":{"@type":"PropertyValueSpecification","valueRequired":true,"valueName":"search_term_string"}}],"inLanguage":"de"},{"@type":"Organization","@id":"https:\/\/www.strassenweb.de\/nachrichten\/#organization","name":"Stra\u00dfenweb","url":"https:\/\/www.strassenweb.de\/nachrichten\/","logo":{"@type":"ImageObject","inLanguage":"de","@id":"https:\/\/www.strassenweb.de\/nachrichten\/#\/schema\/logo\/image\/","url":"https:\/\/www.strassenweb.de\/nachrichten\/wp-content\/uploads\/2024\/09\/cropped-favicon.png","contentUrl":"https:\/\/www.strassenweb.de\/nachrichten\/wp-content\/uploads\/2024\/09\/cropped-favicon.png","width":512,"height":512,"caption":"Stra\u00dfenweb"},"image":{"@id":"https:\/\/www.strassenweb.de\/nachrichten\/#\/schema\/logo\/image\/"},"sameAs":["https:\/\/www.facebook.com\/strassenweb\/"]},{"@type":"Person","@id":"https:\/\/www.strassenweb.de\/nachrichten\/#\/schema\/person\/87c9c9067f1211da429a744dc5a5aa41","name":"Robert Hoffmann","image":{"@type":"ImageObject","inLanguage":"de","@id":"https:\/\/www.strassenweb.de\/nachrichten\/wp-content\/uploads\/2024\/09\/strassenweb-150x150.jpg","url":"https:\/\/www.strassenweb.de\/nachrichten\/wp-content\/uploads\/2024\/09\/strassenweb-150x150.jpg","contentUrl":"https:\/\/www.strassenweb.de\/nachrichten\/wp-content\/uploads\/2024\/09\/strassenweb-150x150.jpg","caption":"Robert Hoffmann"},"description":"Ich hei\u00dfe Robert Hoffmann und ich bin ein leidenschaftlicher Verfechter von \u00d6kologie und Biodiversit\u00e4t. Seit meiner Kindheit in den W\u00e4ldern Bayerns f\u00fchle ich mich mit der Natur verbunden und bin entschlossen, sie zu sch\u00fctzen. Heute widme ich mein Leben der Sensibilisierung anderer f\u00fcr die Bedeutung des Umweltschutzes f\u00fcr zuk\u00fcnftige Generationen.","sameAs":["https:\/\/www.strassenweb.de\/"]}]}},"_links":{"self":[{"href":"https:\/\/www.strassenweb.de\/nachrichten\/wp-json\/wp\/v2\/posts\/2016","targetHints":{"allow":["GET"]}}],"collection":[{"href":"https:\/\/www.strassenweb.de\/nachrichten\/wp-json\/wp\/v2\/posts"}],"about":[{"href":"https:\/\/www.strassenweb.de\/nachrichten\/wp-json\/wp\/v2\/types\/post"}],"author":[{"embeddable":true,"href":"https:\/\/www.strassenweb.de\/nachrichten\/wp-json\/wp\/v2\/users\/1"}],"replies":[{"embeddable":true,"href":"https:\/\/www.strassenweb.de\/nachrichten\/wp-json\/wp\/v2\/comments?post=2016"}],"version-history":[{"count":0,"href":"https:\/\/www.strassenweb.de\/nachrichten\/wp-json\/wp\/v2\/posts\/2016\/revisions"}],"wp:featuredmedia":[{"embeddable":true,"href":"https:\/\/www.strassenweb.de\/nachrichten\/wp-json\/wp\/v2\/media\/2017"}],"wp:attachment":[{"href":"https:\/\/www.strassenweb.de\/nachrichten\/wp-json\/wp\/v2\/media?parent=2016"}],"wp:term":[{"taxonomy":"category","embeddable":true,"href":"https:\/\/www.strassenweb.de\/nachrichten\/wp-json\/wp\/v2\/categories?post=2016"},{"taxonomy":"post_tag","embeddable":true,"href":"https:\/\/www.strassenweb.de\/nachrichten\/wp-json\/wp\/v2\/tags?post=2016"}],"curies":[{"name":"wp","href":"https:\/\/api.w.org\/{rel}","templated":true}]}}