{"id":2007,"date":"2024-12-09T11:04:24","date_gmt":"2024-12-09T10:04:24","guid":{"rendered":"https:\/\/www.strassenweb.de\/nachrichten\/satte-farben-und-strukturierte-wandverkleidungen-verleihen-diesem-traditionellen-haus-ein-elegantes-aussehen-im-stil-des-jahres-2025\/"},"modified":"2024-12-09T11:04:26","modified_gmt":"2024-12-09T10:04:26","slug":"satte-farben-und-strukturierte-wandverkleidungen-verleihen-diesem-traditionellen-haus-ein-elegantes-aussehen-im-stil-des-jahres-2025","status":"publish","type":"post","link":"https:\/\/www.strassenweb.de\/nachrichten\/satte-farben-und-strukturierte-wandverkleidungen-verleihen-diesem-traditionellen-haus-ein-elegantes-aussehen-im-stil-des-jahres-2025\/","title":{"rendered":"Satte Farben und strukturierte Wandverkleidungen verleihen diesem traditionellen Haus ein elegantes Aussehen im Stil des Jahres 2025"},"content":{"rendered":"<p><\/p>\n<div id=\"article-body\" class=\"article__body \">\n<p>Die Eigent\u00fcmer dieses im Kolonialstil gehaltenen Mittelhallenhauses erkannten sein Potenzial. Obwohl das Design des Hauses altmodisch und langweilig war und keine Farben enthielt, verf\u00fcgte das Haus \u00fcber eine gute Grundstruktur und einen sch\u00f6nen Grundriss und eine sch\u00f6ne Gr\u00f6\u00dfe. Es gab hohe Fenster und 10 Fu\u00df hohe Decken sowie Fischgr\u00e4tenparkettb\u00f6den in den Eingangshallen.<\/p>\n<div id=\"ad-unit-1\" class=\"ad-unit\"><\/div>\n<p>Die Hausbesitzer waren offen f\u00fcr eine Anpassung des Grundrisses und w\u00fcnschten sich ein v\u00f6llig neues Aussehen des Raums. Sie beauftragten die Innenarchitektin Tami Wassong mit der Modernisierung ihres Zuhauses und sagten, dass kein Raum f\u00fcr Kinder tabu sein d\u00fcrfe. \u201eWir wollten nicht, dass sich dieses Haus statisch anf\u00fchlt\u201c, sagt Tami. \u201eWir wollten au\u00dferdem, dass sich der Kunde wohl f\u00fchlt, im Laufe der Jahre nach und nach mehr Kunst und Accessoires hinzuzuf\u00fcgen.\u201c<\/p>\n<p>Nehmen Sie an der Tour teil, w\u00e4hrend Tami erkl\u00e4rt, wie sie die Ziele des Kunden mit nur wenigen geringf\u00fcgigen strukturellen \u00c4nderungen, kreativen Layouts, ma\u00dfgeschneiderten Fr\u00e4sarbeiten, satten Farben und vielen Tapetenrollen erreicht hat.<\/p>\n<div id=\"desktop-in-article\" class=\"in-article ad-unit\">\n<div id=\"desktop-taboola-mid-article\"><\/div>\n<\/div>\n<div id=\"mobile-in-article\" class=\"in-article ad-unit\">\n<div id=\"mobile-taboola-mid-article\"><\/div>\n<\/div>\n<figure class=\"van-image-figure inline-layout \" data-bordeaux-image-check>\n<div class=\"image-full-width-wrapper\">\n<div class=\"image-widthsetter\" style=\"max-width:2000px;\"><\/div>\n<\/div>\n<\/figure>\n<p>Tamis Ideen f\u00fcr das Esszimmer begannen mit einer Tapete im Shibori-Stil an der Decke. Der Einsatz einer Wandverkleidung auf unerwartete Weise wie diese verleiht einem vertrauten Raum eine ganz neue Perspektive.<\/p>\n<div class=\"van_vid_carousel\">\n<div class=\"van_vid_carousel__padding\">\n<div class=\"van_vid_carousel__container\"><\/div>\n<\/div>\n<\/div>\n<aside class=\"hawk-nest\" data-block-type=\"embed\" data-render-type=\"fte\" data-skip=\"dealsy\" data-widget-type=\"seasonal\">\n<div class=\"hawk-master-widget-hawk-base-wrapper\"><\/div>\n<\/aside>\n<p>\u201eDie \u00fcber dem Kopf angebrachte handgef\u00e4rbte Wandverkleidung von Holly Hunt schafft eine unverwechselbare Grafik, die gut zu den dezenten venezianischen Putzw\u00e4nden passt\u201c, sagt sie.<\/p>\n<div id=\"ad-unit-2\" class=\"ad-unit\"><\/div>\n<p>Eine Deckenleuchte von Room, ein ma\u00dfgeschneiderter Esstisch aus massivem Walnussholz von Tami in Zusammenarbeit mit Withers Studio und ein Satz Esszimmerst\u00fchle von Craft Associates runden den Look ab.<\/p>\n<figure class=\"van-image-figure inline-layout \" data-bordeaux-image-check>\n<div class=\"image-full-width-wrapper\">\n<div class=\"image-widthsetter\" style=\"max-width:2400px;\"><\/div>\n<\/div>\n<\/figure>\n<p>Die auff\u00e4lligen Dekorthemen setzen sich im Wohnzimmer fort, wo dunkle W\u00e4nde und ein ma\u00dfgefertigter Teppich einen starken Hintergrund bilden. \u201eDas war am Ende unser Lieblingszimmer\u201c, sagt Tami, \u201emit seinen warmen, gem\u00fctlichen Farben und den tief olivfarbenen W\u00e4nden, mit passenden Einbauten und Decken f\u00fcr ein stimmiges Erscheinungsbild.\u201c<\/p>\n<p>Der ma\u00dfgeschneiderte Woll-Seiden-Teppich, der in Zusammenarbeit mit Fayette Studio hergestellt wurde, und die paprikafarbenen Larchmont-Loungesessel wurden alle von Tami Wassong entworfen, w\u00e4hrend schlammgraue Sofas von Lawson Fenning aus Holly Hunt-Stoff gefertigt wurden. Die Deckenleuchte ist von Urban Electric.<\/p>\n<figure class=\"van-image-figure inline-layout \" data-bordeaux-image-check>\n<div class=\"image-full-width-wrapper\">\n<div class=\"image-widthsetter\" style=\"max-width:2400px;\"><\/div>\n<\/div>\n<\/figure>\n<p>\u201eDie wirklich stimmungsvolle Gestaltung dieses Raumes machte ihn zu einem der Lieblingsr\u00e4ume des Kunden, an dem er seine gemeinsame Zeit und die Zeit mit G\u00e4sten genie\u00dfen kann\u201c, sagt Tami. \u201eSie nannten es das Musikzimmer mit ihrer Sammlung von Kunst- und Musikb\u00fcchern, Sammlerschallplatten und einem Plattenspieler.\u201c<\/p>\n<p>Der wei\u00dfe Loungesessel ist von Lawson Fenning, mit ALT-Stoff.<\/p>\n<figure class=\"van-image-figure inline-layout \" data-bordeaux-image-check>\n<div class=\"image-full-width-wrapper\">\n<div class=\"image-widthsetter\" style=\"max-width:2400px;\"><\/div>\n<\/div>\n<\/figure>\n<p>Tami hat eine nachhaltige L\u00f6sung gefunden, um die K\u00fcchenideen auf den neuesten Stand zu bringen und dem gesamten Raum eine Auffrischung zu verleihen, ohne dass die perfekt zu wartenden Schr\u00e4nke entfernt werden m\u00fcssen.<\/p>\n<p>\u201eWir haben eine neue Insel und Oberschr\u00e4nke neu konfiguriert und einfach die vorhandenen unteren Randschr\u00e4nke \u00fcberarbeitet\u201c, sagt Tami. \u201eDie Hinzuf\u00fcgung neuer Beschl\u00e4ge sowie Oberfl\u00e4chen und R\u00fcckw\u00e4nde aus Arabescato Vagli-Marmor verliehen der K\u00fcche ein neues Aussehen.\u201c<\/p>\n<p>Die Wahl der richtigen Beleuchtung ist ein wichtiger Gesichtspunkt, wenn Sie eine veraltete K\u00fcche modernisieren m\u00f6chten. Ein Paar auff\u00e4lliger Allied Maker-Pendelleuchten und ein Trio eleganter Blueprint-Wandleuchten \u00fcber dem ma\u00dfgefertigten Backsplash-Regal sorgen f\u00fcr zeitgen\u00f6ssische Stilnoten.<\/p>\n<figure class=\"van-image-figure inline-layout \" data-bordeaux-image-check>\n<div class=\"image-full-width-wrapper\">\n<div class=\"image-widthsetter\" style=\"max-width:2000px;\"><\/div>\n<\/div>\n<\/figure>\n<p>Die Wohnk\u00fcche der Familie profitiert von einem eleganten 180\u00b0-Erkerfenster und Gartenblick. Der ma\u00dfgefertigte Tisch von Withers Studio verf\u00fcgt \u00fcber eine praktische Formica-Platte, die Abnutzungserscheinungen standh\u00e4lt, und Eichen-Esszimmerst\u00fchle mit Ledersitz von Fryn und ein Workstead-Kronleuchter runden den leichten Look ab.<\/p>\n<figure class=\"van-image-figure inline-layout \" data-bordeaux-image-check>\n<div class=\"image-full-width-wrapper\">\n<div class=\"image-widthsetter\" style=\"max-width:2000px;\"><\/div>\n<\/div>\n<\/figure>\n<p>\u201eWir haben uns f\u00fcr eine stimmungsvolle Gestaltung der G\u00e4stetoilette entschieden\u201c, sagt Designerin Tami, die f\u00fcr den Raum eine reich gemusterte Wandverkleidung ausgew\u00e4hlt hat. \u201eDer Kunde liebt Tapeten, deshalb haben wir versucht, sie wo immer m\u00f6glich zu verwenden.\u201c<\/p>\n<p>\u201eDas Athena-Design von Bleu Cobalt von Black Crow Studios war der Ausgangspunkt f\u00fcr das Farbthema im gesamten Haus.\u201c<\/p>\n<p>Zus\u00e4tzliche luxuri\u00f6se Details wie das integrierte Waschbecken aus Kenya Brown-Marmor, belgische Blaustein-Fischgr\u00e4tenb\u00f6den und antike Messingarmaturen von Waterworks tragen alle dazu bei, den Raum aufzuwerten.<\/p>\n<figure class=\"van-image-figure inline-layout \" data-bordeaux-image-check>\n<div class=\"image-full-width-wrapper\">\n<div class=\"image-widthsetter\" style=\"max-width:2000px;\"><\/div>\n<\/div>\n<\/figure>\n<p>Obwohl der Eingangsbereich aufgrund seiner wei\u00dfen W\u00e4nde und des hellen Bodenbelags einer der einfachsten R\u00e4ume ist, f\u00fcgen die Flurideen des Designers auf subtile Weise Schl\u00fcsselfarben hinzu, die im gesamten Haus verwendet werden. Verspielte Wandleuchten und Deckenleuchten von Urban Electric, der strukturierte Ton-in-Ton-Treppenl\u00e4ufer von Scand\u00e9cor und Dora Somosis Tondo Art unterstreichen das Gesamtbild.<\/p>\n<p>\u201eWir wollten beim Betreten des Hauses ein erfrischendes Gef\u00fchl mit einem Gef\u00fchl der Ruhe erzeugen\u201c, f\u00fcgt Tami hinzu. \u201eDas Licht betont die sch\u00f6nen Originalleisten und den Parkettboden, und die breite gew\u00f6lbte \u00d6ffnung bietet einen einladenden Blick in den Raum dahinter.\u201c<\/p>\n<figure class=\"van-image-figure inline-layout \" data-bordeaux-image-check>\n<div class=\"image-full-width-wrapper\">\n<div class=\"image-widthsetter\" style=\"max-width:2000px;\"><\/div>\n<\/div>\n<\/figure>\n<p>Oben greift Tami f\u00fcr ihre Ideen f\u00fcr ein Jugendzimmer wieder auf Tapeten zur\u00fcck. Das Ntama-Papier von Zak + Fox in tiefem Kastanienbraun verleiht einen warmen Look, ist aber raffiniert genug, um mit dem Kind mitzuwachsen. Das tiefblaue gepolsterte Room and Board-Bett setzt in einer RH-Ledertischlampe \u00fcber einem Walnuss-Nachttisch von EQ3 den perfekten Akzent.<\/p>\n<figure class=\"van-image-figure inline-layout \" data-bordeaux-image-check>\n<div class=\"image-full-width-wrapper\">\n<div class=\"image-widthsetter\" style=\"max-width:2400px;\"><\/div>\n<\/div>\n<\/figure>\n<p>Das Zimmer des zweiten Sohnes ist f\u00fcr einen gem\u00fctlichen Look mit der tiefblauen Strukturtapete Aesthetics tapeziert. Das Bett ist von Blu Dot, mit Nachttischen aus EQ3-Eiche und Tischlampen von Schoolhouse. Kunst von Jean Wolff f\u00fcgt sich in den Gesamtraum ein.<\/p>\n<figure class=\"van-image-figure inline-layout \" data-bordeaux-image-check>\n<div class=\"image-full-width-wrapper\">\n<div class=\"image-widthsetter\" style=\"max-width:2400px;\"><\/div>\n<\/div>\n<\/figure>\n<p>Das Hauptschlafzimmer ist ein ruhiger R\u00fcckzugsort aus sanften Wei\u00df- und Graut\u00f6nen, die ein Gef\u00fchl der Entspannung vermitteln. Die gro\u00dfz\u00fcgigen Proportionen und hohen Decken verleihen dem Raum eine wirklich gro\u00dfz\u00fcgige Atmosph\u00e4re.<\/p>\n<p>Ein ma\u00dfgefertigtes Bett wird von Nachttischen von Lawson Fenning flankiert, auf denen Tischlampen von Stone und Sawyer stehen. Die W\u00e4nde sind mit Portola Paints Kalk get\u00fcncht und die Fenstervorh\u00e4nge bestehen aus einem Strukturgewebe aus Romo-Textilien. Das Kunstwerk \u00fcber dem Bett stammt von Alexandra Kohl.<\/p>\n<figure class=\"van-image-figure inline-layout \" data-bordeaux-image-check>\n<div class=\"image-full-width-wrapper\">\n<div class=\"image-widthsetter\" style=\"max-width:2400px;\"><\/div>\n<\/div>\n<\/figure>\n<p>Das Badezimmer erzeugt die gleiche ruhige Stimmung wie das angrenzende Schlafzimmer und setzt das sanfte Wei\u00df- und Grauschema mit den Dolomitb\u00f6den und individuell zugeschnittenen gestapelten Dolomitfliesen fort. Diese verleihen dem geradlinigen Eichenwaschtisch mit \u00f6lgeriebenen Bronzebeschl\u00e4gen einen modernen Hintergrund. Ma\u00dfgeschneiderte Medizinschr\u00e4nke spiegeln die klaren Linien des Waschtischs wider, flankiert von Apparatus-Wandleuchten und Watermark-Armaturen aus satiniertem Nickel f\u00fcr den Waschtisch und die Dusche.<\/p>\n<hr>\n<p>Innenarchitektur: Tami Wassong <br \/>Fotografie: Gieves Anderson<\/p>\n<\/div>\n","protected":false},"excerpt":{"rendered":"<p>Die Eigent\u00fcmer dieses im Kolonialstil gehaltenen Mittelhallenhauses erkannten sein Potenzial. Obwohl das Design des Hauses altmodisch und langweilig war und keine Farben enthielt, verf\u00fcgte das<\/p>\n","protected":false},"author":1,"featured_media":2008,"comment_status":"closed","ping_status":"","sticky":false,"template":"","format":"standard","meta":{"footnotes":""},"categories":[118],"tags":[1562,281,32,43,498,874,125,282,1654,322,3547,1898,37,783,3548],"class_list":["post-2007","post","type-post","status-publish","format-standard","has-post-thumbnail","hentry","category-haus-garten","tag-aussehen","tag-des","tag-diesem","tag-ein","tag-elegantes","tag-farben","tag-haus","tag-jahres","tag-satte","tag-stil","tag-strukturierte","tag-traditionellen","tag-und","tag-verleihen","tag-wandverkleidungen","generate-columns","tablet-grid-50","mobile-grid-100","grid-parent","grid-50"],"yoast_head":"<!-- This site is optimized with the Yoast SEO plugin v27.3 - https:\/\/yoast.com\/product\/yoast-seo-wordpress\/ -->\n<title>Satte Farben und strukturierte Wandverkleidungen verleihen diesem traditionellen Haus ein elegantes Aussehen im Stil des Jahres 2025 - Nachrichten - Stra\u00dfenweb<\/title>\n<meta name=\"robots\" content=\"index, follow, max-snippet:-1, max-image-preview:large, max-video-preview:-1\" \/>\n<link rel=\"canonical\" href=\"https:\/\/www.strassenweb.de\/nachrichten\/satte-farben-und-strukturierte-wandverkleidungen-verleihen-diesem-traditionellen-haus-ein-elegantes-aussehen-im-stil-des-jahres-2025\/\" \/>\n<meta property=\"og:locale\" content=\"de_DE\" \/>\n<meta property=\"og:type\" content=\"article\" \/>\n<meta property=\"og:title\" content=\"Satte Farben und strukturierte Wandverkleidungen verleihen diesem traditionellen Haus ein elegantes Aussehen im Stil des Jahres 2025 - Nachrichten - Stra\u00dfenweb\" \/>\n<meta property=\"og:description\" content=\"Die Eigent\u00fcmer dieses im Kolonialstil gehaltenen Mittelhallenhauses erkannten sein Potenzial. Obwohl das Design des Hauses altmodisch und langweilig war und keine Farben enthielt, verf\u00fcgte das\" \/>\n<meta property=\"og:url\" content=\"https:\/\/www.strassenweb.de\/nachrichten\/satte-farben-und-strukturierte-wandverkleidungen-verleihen-diesem-traditionellen-haus-ein-elegantes-aussehen-im-stil-des-jahres-2025\/\" \/>\n<meta property=\"og:site_name\" content=\"Stra\u00dfenweb\" \/>\n<meta property=\"article:publisher\" content=\"https:\/\/www.facebook.com\/strassenweb\/\" \/>\n<meta property=\"article:published_time\" content=\"2024-12-09T10:04:24+00:00\" \/>\n<meta property=\"article:modified_time\" content=\"2024-12-09T10:04:26+00:00\" \/>\n<meta property=\"og:image\" content=\"https:\/\/www.strassenweb.de\/nachrichten\/wp-content\/uploads\/2024\/12\/Satte-Farben-und-strukturierte-Wandverkleidungen-verleihen-diesem-traditionellen-Haus-ein.jpg\" \/>\n\t<meta property=\"og:image:width\" content=\"1200\" \/>\n\t<meta property=\"og:image:height\" content=\"675\" \/>\n\t<meta property=\"og:image:type\" content=\"image\/jpeg\" \/>\n<meta name=\"author\" content=\"Robert Hoffmann\" \/>\n<meta name=\"twitter:card\" content=\"summary_large_image\" \/>\n<meta name=\"twitter:label1\" content=\"Verfasst von\" \/>\n\t<meta name=\"twitter:data1\" content=\"Robert Hoffmann\" \/>\n\t<meta name=\"twitter:label2\" content=\"Gesch\u00e4tzte Lesezeit\" \/>\n\t<meta name=\"twitter:data2\" content=\"5\u00a0Minuten\" \/>\n<script type=\"application\/ld+json\" class=\"yoast-schema-graph\">{\"@context\":\"https:\\\/\\\/schema.org\",\"@graph\":[{\"@type\":\"Article\",\"@id\":\"https:\\\/\\\/www.strassenweb.de\\\/nachrichten\\\/satte-farben-und-strukturierte-wandverkleidungen-verleihen-diesem-traditionellen-haus-ein-elegantes-aussehen-im-stil-des-jahres-2025\\\/#article\",\"isPartOf\":{\"@id\":\"https:\\\/\\\/www.strassenweb.de\\\/nachrichten\\\/satte-farben-und-strukturierte-wandverkleidungen-verleihen-diesem-traditionellen-haus-ein-elegantes-aussehen-im-stil-des-jahres-2025\\\/\"},\"author\":{\"name\":\"Robert Hoffmann\",\"@id\":\"https:\\\/\\\/www.strassenweb.de\\\/nachrichten\\\/#\\\/schema\\\/person\\\/87c9c9067f1211da429a744dc5a5aa41\"},\"headline\":\"Satte Farben und strukturierte Wandverkleidungen verleihen diesem traditionellen Haus ein elegantes Aussehen im Stil des Jahres 2025\",\"datePublished\":\"2024-12-09T10:04:24+00:00\",\"dateModified\":\"2024-12-09T10:04:26+00:00\",\"mainEntityOfPage\":{\"@id\":\"https:\\\/\\\/www.strassenweb.de\\\/nachrichten\\\/satte-farben-und-strukturierte-wandverkleidungen-verleihen-diesem-traditionellen-haus-ein-elegantes-aussehen-im-stil-des-jahres-2025\\\/\"},\"wordCount\":1046,\"publisher\":{\"@id\":\"https:\\\/\\\/www.strassenweb.de\\\/nachrichten\\\/#organization\"},\"image\":{\"@id\":\"https:\\\/\\\/www.strassenweb.de\\\/nachrichten\\\/satte-farben-und-strukturierte-wandverkleidungen-verleihen-diesem-traditionellen-haus-ein-elegantes-aussehen-im-stil-des-jahres-2025\\\/#primaryimage\"},\"thumbnailUrl\":\"https:\\\/\\\/www.strassenweb.de\\\/nachrichten\\\/wp-content\\\/uploads\\\/2024\\\/12\\\/Satte-Farben-und-strukturierte-Wandverkleidungen-verleihen-diesem-traditionellen-Haus-ein.jpg\",\"keywords\":[\"aussehen\",\"des\",\"diesem\",\"ein\",\"elegantes\",\"Farben\",\"Haus\",\"Jahres\",\"satte\",\"Stil\",\"strukturierte\",\"traditionellen\",\"und\",\"verleihen\",\"Wandverkleidungen\"],\"articleSection\":[\"Haus &amp; Garten\"],\"inLanguage\":\"de\"},{\"@type\":\"WebPage\",\"@id\":\"https:\\\/\\\/www.strassenweb.de\\\/nachrichten\\\/satte-farben-und-strukturierte-wandverkleidungen-verleihen-diesem-traditionellen-haus-ein-elegantes-aussehen-im-stil-des-jahres-2025\\\/\",\"url\":\"https:\\\/\\\/www.strassenweb.de\\\/nachrichten\\\/satte-farben-und-strukturierte-wandverkleidungen-verleihen-diesem-traditionellen-haus-ein-elegantes-aussehen-im-stil-des-jahres-2025\\\/\",\"name\":\"Satte Farben und strukturierte Wandverkleidungen verleihen diesem traditionellen Haus ein elegantes Aussehen im Stil des Jahres 2025 - Nachrichten - Stra\u00dfenweb\",\"isPartOf\":{\"@id\":\"https:\\\/\\\/www.strassenweb.de\\\/nachrichten\\\/#website\"},\"primaryImageOfPage\":{\"@id\":\"https:\\\/\\\/www.strassenweb.de\\\/nachrichten\\\/satte-farben-und-strukturierte-wandverkleidungen-verleihen-diesem-traditionellen-haus-ein-elegantes-aussehen-im-stil-des-jahres-2025\\\/#primaryimage\"},\"image\":{\"@id\":\"https:\\\/\\\/www.strassenweb.de\\\/nachrichten\\\/satte-farben-und-strukturierte-wandverkleidungen-verleihen-diesem-traditionellen-haus-ein-elegantes-aussehen-im-stil-des-jahres-2025\\\/#primaryimage\"},\"thumbnailUrl\":\"https:\\\/\\\/www.strassenweb.de\\\/nachrichten\\\/wp-content\\\/uploads\\\/2024\\\/12\\\/Satte-Farben-und-strukturierte-Wandverkleidungen-verleihen-diesem-traditionellen-Haus-ein.jpg\",\"datePublished\":\"2024-12-09T10:04:24+00:00\",\"dateModified\":\"2024-12-09T10:04:26+00:00\",\"breadcrumb\":{\"@id\":\"https:\\\/\\\/www.strassenweb.de\\\/nachrichten\\\/satte-farben-und-strukturierte-wandverkleidungen-verleihen-diesem-traditionellen-haus-ein-elegantes-aussehen-im-stil-des-jahres-2025\\\/#breadcrumb\"},\"inLanguage\":\"de\",\"potentialAction\":[{\"@type\":\"ReadAction\",\"target\":[\"https:\\\/\\\/www.strassenweb.de\\\/nachrichten\\\/satte-farben-und-strukturierte-wandverkleidungen-verleihen-diesem-traditionellen-haus-ein-elegantes-aussehen-im-stil-des-jahres-2025\\\/\"]}]},{\"@type\":\"ImageObject\",\"inLanguage\":\"de\",\"@id\":\"https:\\\/\\\/www.strassenweb.de\\\/nachrichten\\\/satte-farben-und-strukturierte-wandverkleidungen-verleihen-diesem-traditionellen-haus-ein-elegantes-aussehen-im-stil-des-jahres-2025\\\/#primaryimage\",\"url\":\"https:\\\/\\\/www.strassenweb.de\\\/nachrichten\\\/wp-content\\\/uploads\\\/2024\\\/12\\\/Satte-Farben-und-strukturierte-Wandverkleidungen-verleihen-diesem-traditionellen-Haus-ein.jpg\",\"contentUrl\":\"https:\\\/\\\/www.strassenweb.de\\\/nachrichten\\\/wp-content\\\/uploads\\\/2024\\\/12\\\/Satte-Farben-und-strukturierte-Wandverkleidungen-verleihen-diesem-traditionellen-Haus-ein.jpg\",\"width\":1200,\"height\":675,\"caption\":\"Satte Farben und strukturierte Wandverkleidungen verleihen diesem traditionellen Haus ein elegantes Aussehen im Stil des Jahres 2025\"},{\"@type\":\"BreadcrumbList\",\"@id\":\"https:\\\/\\\/www.strassenweb.de\\\/nachrichten\\\/satte-farben-und-strukturierte-wandverkleidungen-verleihen-diesem-traditionellen-haus-ein-elegantes-aussehen-im-stil-des-jahres-2025\\\/#breadcrumb\",\"itemListElement\":[{\"@type\":\"ListItem\",\"position\":1,\"name\":\"Home\",\"item\":\"https:\\\/\\\/www.strassenweb.de\\\/nachrichten\\\/\"},{\"@type\":\"ListItem\",\"position\":2,\"name\":\"Satte Farben und strukturierte Wandverkleidungen verleihen diesem traditionellen Haus ein elegantes Aussehen im Stil des Jahres 2025\"}]},{\"@type\":\"WebSite\",\"@id\":\"https:\\\/\\\/www.strassenweb.de\\\/nachrichten\\\/#website\",\"url\":\"https:\\\/\\\/www.strassenweb.de\\\/nachrichten\\\/\",\"name\":\"Stra\u00dfenweb\",\"description\":\"Stra\u00dfenverzeichnis f\u00fcr Deutschland\",\"publisher\":{\"@id\":\"https:\\\/\\\/www.strassenweb.de\\\/nachrichten\\\/#organization\"},\"potentialAction\":[{\"@type\":\"SearchAction\",\"target\":{\"@type\":\"EntryPoint\",\"urlTemplate\":\"https:\\\/\\\/www.strassenweb.de\\\/nachrichten\\\/?s={search_term_string}\"},\"query-input\":{\"@type\":\"PropertyValueSpecification\",\"valueRequired\":true,\"valueName\":\"search_term_string\"}}],\"inLanguage\":\"de\"},{\"@type\":\"Organization\",\"@id\":\"https:\\\/\\\/www.strassenweb.de\\\/nachrichten\\\/#organization\",\"name\":\"Stra\u00dfenweb\",\"url\":\"https:\\\/\\\/www.strassenweb.de\\\/nachrichten\\\/\",\"logo\":{\"@type\":\"ImageObject\",\"inLanguage\":\"de\",\"@id\":\"https:\\\/\\\/www.strassenweb.de\\\/nachrichten\\\/#\\\/schema\\\/logo\\\/image\\\/\",\"url\":\"https:\\\/\\\/www.strassenweb.de\\\/nachrichten\\\/wp-content\\\/uploads\\\/2024\\\/09\\\/cropped-favicon.png\",\"contentUrl\":\"https:\\\/\\\/www.strassenweb.de\\\/nachrichten\\\/wp-content\\\/uploads\\\/2024\\\/09\\\/cropped-favicon.png\",\"width\":512,\"height\":512,\"caption\":\"Stra\u00dfenweb\"},\"image\":{\"@id\":\"https:\\\/\\\/www.strassenweb.de\\\/nachrichten\\\/#\\\/schema\\\/logo\\\/image\\\/\"},\"sameAs\":[\"https:\\\/\\\/www.facebook.com\\\/strassenweb\\\/\"]},{\"@type\":\"Person\",\"@id\":\"https:\\\/\\\/www.strassenweb.de\\\/nachrichten\\\/#\\\/schema\\\/person\\\/87c9c9067f1211da429a744dc5a5aa41\",\"name\":\"Robert Hoffmann\",\"image\":{\"@type\":\"ImageObject\",\"inLanguage\":\"de\",\"@id\":\"https:\\\/\\\/www.strassenweb.de\\\/nachrichten\\\/wp-content\\\/uploads\\\/2024\\\/09\\\/strassenweb-150x150.jpg\",\"url\":\"https:\\\/\\\/www.strassenweb.de\\\/nachrichten\\\/wp-content\\\/uploads\\\/2024\\\/09\\\/strassenweb-150x150.jpg\",\"contentUrl\":\"https:\\\/\\\/www.strassenweb.de\\\/nachrichten\\\/wp-content\\\/uploads\\\/2024\\\/09\\\/strassenweb-150x150.jpg\",\"caption\":\"Robert Hoffmann\"},\"description\":\"Ich hei\u00dfe Robert Hoffmann und ich bin ein leidenschaftlicher Verfechter von \u00d6kologie und Biodiversit\u00e4t. Seit meiner Kindheit in den W\u00e4ldern Bayerns f\u00fchle ich mich mit der Natur verbunden und bin entschlossen, sie zu sch\u00fctzen. Heute widme ich mein Leben der Sensibilisierung anderer f\u00fcr die Bedeutung des Umweltschutzes f\u00fcr zuk\u00fcnftige Generationen.\",\"sameAs\":[\"https:\\\/\\\/www.strassenweb.de\\\/\"]}]}<\/script>\n<!-- \/ Yoast SEO plugin. -->","yoast_head_json":{"title":"Satte Farben und strukturierte Wandverkleidungen verleihen diesem traditionellen Haus ein elegantes Aussehen im Stil des Jahres 2025 - Nachrichten - Stra\u00dfenweb","robots":{"index":"index","follow":"follow","max-snippet":"max-snippet:-1","max-image-preview":"max-image-preview:large","max-video-preview":"max-video-preview:-1"},"canonical":"https:\/\/www.strassenweb.de\/nachrichten\/satte-farben-und-strukturierte-wandverkleidungen-verleihen-diesem-traditionellen-haus-ein-elegantes-aussehen-im-stil-des-jahres-2025\/","og_locale":"de_DE","og_type":"article","og_title":"Satte Farben und strukturierte Wandverkleidungen verleihen diesem traditionellen Haus ein elegantes Aussehen im Stil des Jahres 2025 - Nachrichten - Stra\u00dfenweb","og_description":"Die Eigent\u00fcmer dieses im Kolonialstil gehaltenen Mittelhallenhauses erkannten sein Potenzial. Obwohl das Design des Hauses altmodisch und langweilig war und keine Farben enthielt, verf\u00fcgte das","og_url":"https:\/\/www.strassenweb.de\/nachrichten\/satte-farben-und-strukturierte-wandverkleidungen-verleihen-diesem-traditionellen-haus-ein-elegantes-aussehen-im-stil-des-jahres-2025\/","og_site_name":"Stra\u00dfenweb","article_publisher":"https:\/\/www.facebook.com\/strassenweb\/","article_published_time":"2024-12-09T10:04:24+00:00","article_modified_time":"2024-12-09T10:04:26+00:00","og_image":[{"width":1200,"height":675,"url":"https:\/\/www.strassenweb.de\/nachrichten\/wp-content\/uploads\/2024\/12\/Satte-Farben-und-strukturierte-Wandverkleidungen-verleihen-diesem-traditionellen-Haus-ein.jpg","type":"image\/jpeg"}],"author":"Robert Hoffmann","twitter_card":"summary_large_image","twitter_misc":{"Verfasst von":"Robert Hoffmann","Gesch\u00e4tzte Lesezeit":"5\u00a0Minuten"},"schema":{"@context":"https:\/\/schema.org","@graph":[{"@type":"Article","@id":"https:\/\/www.strassenweb.de\/nachrichten\/satte-farben-und-strukturierte-wandverkleidungen-verleihen-diesem-traditionellen-haus-ein-elegantes-aussehen-im-stil-des-jahres-2025\/#article","isPartOf":{"@id":"https:\/\/www.strassenweb.de\/nachrichten\/satte-farben-und-strukturierte-wandverkleidungen-verleihen-diesem-traditionellen-haus-ein-elegantes-aussehen-im-stil-des-jahres-2025\/"},"author":{"name":"Robert Hoffmann","@id":"https:\/\/www.strassenweb.de\/nachrichten\/#\/schema\/person\/87c9c9067f1211da429a744dc5a5aa41"},"headline":"Satte Farben und strukturierte Wandverkleidungen verleihen diesem traditionellen Haus ein elegantes Aussehen im Stil des Jahres 2025","datePublished":"2024-12-09T10:04:24+00:00","dateModified":"2024-12-09T10:04:26+00:00","mainEntityOfPage":{"@id":"https:\/\/www.strassenweb.de\/nachrichten\/satte-farben-und-strukturierte-wandverkleidungen-verleihen-diesem-traditionellen-haus-ein-elegantes-aussehen-im-stil-des-jahres-2025\/"},"wordCount":1046,"publisher":{"@id":"https:\/\/www.strassenweb.de\/nachrichten\/#organization"},"image":{"@id":"https:\/\/www.strassenweb.de\/nachrichten\/satte-farben-und-strukturierte-wandverkleidungen-verleihen-diesem-traditionellen-haus-ein-elegantes-aussehen-im-stil-des-jahres-2025\/#primaryimage"},"thumbnailUrl":"https:\/\/www.strassenweb.de\/nachrichten\/wp-content\/uploads\/2024\/12\/Satte-Farben-und-strukturierte-Wandverkleidungen-verleihen-diesem-traditionellen-Haus-ein.jpg","keywords":["aussehen","des","diesem","ein","elegantes","Farben","Haus","Jahres","satte","Stil","strukturierte","traditionellen","und","verleihen","Wandverkleidungen"],"articleSection":["Haus &amp; Garten"],"inLanguage":"de"},{"@type":"WebPage","@id":"https:\/\/www.strassenweb.de\/nachrichten\/satte-farben-und-strukturierte-wandverkleidungen-verleihen-diesem-traditionellen-haus-ein-elegantes-aussehen-im-stil-des-jahres-2025\/","url":"https:\/\/www.strassenweb.de\/nachrichten\/satte-farben-und-strukturierte-wandverkleidungen-verleihen-diesem-traditionellen-haus-ein-elegantes-aussehen-im-stil-des-jahres-2025\/","name":"Satte Farben und strukturierte Wandverkleidungen verleihen diesem traditionellen Haus ein elegantes Aussehen im Stil des Jahres 2025 - Nachrichten - Stra\u00dfenweb","isPartOf":{"@id":"https:\/\/www.strassenweb.de\/nachrichten\/#website"},"primaryImageOfPage":{"@id":"https:\/\/www.strassenweb.de\/nachrichten\/satte-farben-und-strukturierte-wandverkleidungen-verleihen-diesem-traditionellen-haus-ein-elegantes-aussehen-im-stil-des-jahres-2025\/#primaryimage"},"image":{"@id":"https:\/\/www.strassenweb.de\/nachrichten\/satte-farben-und-strukturierte-wandverkleidungen-verleihen-diesem-traditionellen-haus-ein-elegantes-aussehen-im-stil-des-jahres-2025\/#primaryimage"},"thumbnailUrl":"https:\/\/www.strassenweb.de\/nachrichten\/wp-content\/uploads\/2024\/12\/Satte-Farben-und-strukturierte-Wandverkleidungen-verleihen-diesem-traditionellen-Haus-ein.jpg","datePublished":"2024-12-09T10:04:24+00:00","dateModified":"2024-12-09T10:04:26+00:00","breadcrumb":{"@id":"https:\/\/www.strassenweb.de\/nachrichten\/satte-farben-und-strukturierte-wandverkleidungen-verleihen-diesem-traditionellen-haus-ein-elegantes-aussehen-im-stil-des-jahres-2025\/#breadcrumb"},"inLanguage":"de","potentialAction":[{"@type":"ReadAction","target":["https:\/\/www.strassenweb.de\/nachrichten\/satte-farben-und-strukturierte-wandverkleidungen-verleihen-diesem-traditionellen-haus-ein-elegantes-aussehen-im-stil-des-jahres-2025\/"]}]},{"@type":"ImageObject","inLanguage":"de","@id":"https:\/\/www.strassenweb.de\/nachrichten\/satte-farben-und-strukturierte-wandverkleidungen-verleihen-diesem-traditionellen-haus-ein-elegantes-aussehen-im-stil-des-jahres-2025\/#primaryimage","url":"https:\/\/www.strassenweb.de\/nachrichten\/wp-content\/uploads\/2024\/12\/Satte-Farben-und-strukturierte-Wandverkleidungen-verleihen-diesem-traditionellen-Haus-ein.jpg","contentUrl":"https:\/\/www.strassenweb.de\/nachrichten\/wp-content\/uploads\/2024\/12\/Satte-Farben-und-strukturierte-Wandverkleidungen-verleihen-diesem-traditionellen-Haus-ein.jpg","width":1200,"height":675,"caption":"Satte Farben und strukturierte Wandverkleidungen verleihen diesem traditionellen Haus ein elegantes Aussehen im Stil des Jahres 2025"},{"@type":"BreadcrumbList","@id":"https:\/\/www.strassenweb.de\/nachrichten\/satte-farben-und-strukturierte-wandverkleidungen-verleihen-diesem-traditionellen-haus-ein-elegantes-aussehen-im-stil-des-jahres-2025\/#breadcrumb","itemListElement":[{"@type":"ListItem","position":1,"name":"Home","item":"https:\/\/www.strassenweb.de\/nachrichten\/"},{"@type":"ListItem","position":2,"name":"Satte Farben und strukturierte Wandverkleidungen verleihen diesem traditionellen Haus ein elegantes Aussehen im Stil des Jahres 2025"}]},{"@type":"WebSite","@id":"https:\/\/www.strassenweb.de\/nachrichten\/#website","url":"https:\/\/www.strassenweb.de\/nachrichten\/","name":"Stra\u00dfenweb","description":"Stra\u00dfenverzeichnis f\u00fcr Deutschland","publisher":{"@id":"https:\/\/www.strassenweb.de\/nachrichten\/#organization"},"potentialAction":[{"@type":"SearchAction","target":{"@type":"EntryPoint","urlTemplate":"https:\/\/www.strassenweb.de\/nachrichten\/?s={search_term_string}"},"query-input":{"@type":"PropertyValueSpecification","valueRequired":true,"valueName":"search_term_string"}}],"inLanguage":"de"},{"@type":"Organization","@id":"https:\/\/www.strassenweb.de\/nachrichten\/#organization","name":"Stra\u00dfenweb","url":"https:\/\/www.strassenweb.de\/nachrichten\/","logo":{"@type":"ImageObject","inLanguage":"de","@id":"https:\/\/www.strassenweb.de\/nachrichten\/#\/schema\/logo\/image\/","url":"https:\/\/www.strassenweb.de\/nachrichten\/wp-content\/uploads\/2024\/09\/cropped-favicon.png","contentUrl":"https:\/\/www.strassenweb.de\/nachrichten\/wp-content\/uploads\/2024\/09\/cropped-favicon.png","width":512,"height":512,"caption":"Stra\u00dfenweb"},"image":{"@id":"https:\/\/www.strassenweb.de\/nachrichten\/#\/schema\/logo\/image\/"},"sameAs":["https:\/\/www.facebook.com\/strassenweb\/"]},{"@type":"Person","@id":"https:\/\/www.strassenweb.de\/nachrichten\/#\/schema\/person\/87c9c9067f1211da429a744dc5a5aa41","name":"Robert Hoffmann","image":{"@type":"ImageObject","inLanguage":"de","@id":"https:\/\/www.strassenweb.de\/nachrichten\/wp-content\/uploads\/2024\/09\/strassenweb-150x150.jpg","url":"https:\/\/www.strassenweb.de\/nachrichten\/wp-content\/uploads\/2024\/09\/strassenweb-150x150.jpg","contentUrl":"https:\/\/www.strassenweb.de\/nachrichten\/wp-content\/uploads\/2024\/09\/strassenweb-150x150.jpg","caption":"Robert Hoffmann"},"description":"Ich hei\u00dfe Robert Hoffmann und ich bin ein leidenschaftlicher Verfechter von \u00d6kologie und Biodiversit\u00e4t. Seit meiner Kindheit in den W\u00e4ldern Bayerns f\u00fchle ich mich mit der Natur verbunden und bin entschlossen, sie zu sch\u00fctzen. Heute widme ich mein Leben der Sensibilisierung anderer f\u00fcr die Bedeutung des Umweltschutzes f\u00fcr zuk\u00fcnftige Generationen.","sameAs":["https:\/\/www.strassenweb.de\/"]}]}},"_links":{"self":[{"href":"https:\/\/www.strassenweb.de\/nachrichten\/wp-json\/wp\/v2\/posts\/2007","targetHints":{"allow":["GET"]}}],"collection":[{"href":"https:\/\/www.strassenweb.de\/nachrichten\/wp-json\/wp\/v2\/posts"}],"about":[{"href":"https:\/\/www.strassenweb.de\/nachrichten\/wp-json\/wp\/v2\/types\/post"}],"author":[{"embeddable":true,"href":"https:\/\/www.strassenweb.de\/nachrichten\/wp-json\/wp\/v2\/users\/1"}],"replies":[{"embeddable":true,"href":"https:\/\/www.strassenweb.de\/nachrichten\/wp-json\/wp\/v2\/comments?post=2007"}],"version-history":[{"count":0,"href":"https:\/\/www.strassenweb.de\/nachrichten\/wp-json\/wp\/v2\/posts\/2007\/revisions"}],"wp:featuredmedia":[{"embeddable":true,"href":"https:\/\/www.strassenweb.de\/nachrichten\/wp-json\/wp\/v2\/media\/2008"}],"wp:attachment":[{"href":"https:\/\/www.strassenweb.de\/nachrichten\/wp-json\/wp\/v2\/media?parent=2007"}],"wp:term":[{"taxonomy":"category","embeddable":true,"href":"https:\/\/www.strassenweb.de\/nachrichten\/wp-json\/wp\/v2\/categories?post=2007"},{"taxonomy":"post_tag","embeddable":true,"href":"https:\/\/www.strassenweb.de\/nachrichten\/wp-json\/wp\/v2\/tags?post=2007"}],"curies":[{"name":"wp","href":"https:\/\/api.w.org\/{rel}","templated":true}]}}