{"id":2004,"date":"2024-12-09T07:29:56","date_gmt":"2024-12-09T06:29:56","guid":{"rendered":"https:\/\/www.strassenweb.de\/nachrichten\/medienwaende-gehen-mir-auf-die-nerven-also-habe-ich-innenarchitekten-gefragt-was-ich-stattdessen-tun-koennte-um-meinen-fernseher-anzuheben-und-zu-verstecken\/"},"modified":"2024-12-09T07:29:57","modified_gmt":"2024-12-09T06:29:57","slug":"medienwaende-gehen-mir-auf-die-nerven-also-habe-ich-innenarchitekten-gefragt-was-ich-stattdessen-tun-koennte-um-meinen-fernseher-anzuheben-und-zu-verstecken","status":"publish","type":"post","link":"https:\/\/www.strassenweb.de\/nachrichten\/medienwaende-gehen-mir-auf-die-nerven-also-habe-ich-innenarchitekten-gefragt-was-ich-stattdessen-tun-koennte-um-meinen-fernseher-anzuheben-und-zu-verstecken\/","title":{"rendered":"Medienw\u00e4nde gehen mir auf die Nerven \u2013 also habe ich Innenarchitekten gefragt, was ich stattdessen tun k\u00f6nnte, um meinen Fernseher anzuheben und zu verstecken"},"content":{"rendered":"<p><\/p>\n<div id=\"article-body\" class=\"article__body \">\n<p>Ich habe eine Art Hassliebe zu meinem Fernseher. Klar, ich verbringe die meisten Abende davor, aber ich mag es nicht, wenn es Teil meiner Zimmereinrichtung ist, wissen Sie?<\/p>\n<div id=\"ad-unit-1\" class=\"ad-unit\"><\/div>\n<p>W\u00e4hrend ich mitten in der Renovierung eines kleinen Wintergartens f\u00fcr ein Familienzimmer auf der R\u00fcckseite meines Hauses bin, habe ich versucht, mir ein paar einzigartige und \u00e4sthetisch ansprechende M\u00f6glichkeiten auszudenken, um meinen Fernseher hervorzuheben, zu verbergen und zu dekorieren.<\/p>\n<aside class=\"hawk-nest\" data-block-type=\"embed\" data-render-type=\"fte\" data-skip=\"dealsy\" data-widget-type=\"seasonal\">\n<div class=\"hawk-master-widget-hawk-base-wrapper\"><\/div>\n<\/aside>\n<p>Die offensichtliche Antwort, die Sie vielleicht denken, ist die Einrichtung einer Medienwand. Aber leider \u00e4rgern sie mich. Deshalb habe ich die Experten gebeten, mir bei der Diskussion einiger cleverer Alternativen zu Medienw\u00e4nden zu helfen, um mir bei meiner Suche nach TV-Wand-Ideen zu helfen \u2013 mit dem Ziel, dass es auch Ihnen hilft, wenn Sie unter dem gleichen Leiden leiden, das Medienw\u00e4nde hasst. Hier ist, was ich herausgefunden habe.<\/p>\n<div id=\"desktop-in-article\" class=\"in-article ad-unit\">\n<div id=\"desktop-taboola-mid-article\"><\/div>\n<\/div>\n<div id=\"mobile-in-article\" class=\"in-article ad-unit\">\n<div id=\"mobile-taboola-mid-article\"><\/div>\n<\/div>\n<h2 id=\"media-wall-alternatives-that-saved-me-from-getting-the-ick-3\">Media Wall-Alternativen, die mich vor dem \u00c4rger bewahrt haben<\/h2>\n<figure class=\"van-image-figure inline-layout \" data-bordeaux-image-check>\n<div class=\"image-full-width-wrapper\">\n<div class=\"image-widthsetter\" style=\"max-width:2400px;\"><\/div>\n<\/div>\n<\/figure>\n<p>Nat\u00fcrlich haben Medienr\u00e4ume, W\u00e4nde und Einheiten ihre Vorz\u00fcge. Besonders wenn Ihr Zuhause gro\u00df genug ist, um einen Raum f\u00fcr Unterhaltung zu haben, schaffen sie enorm viel Stauraum und Arbeitsfl\u00e4che, um Ihren Fernseher, Ihre Konsolen und Ihre Ger\u00e4te optimal zu nutzen.<\/p>\n<div class=\"van_vid_carousel\">\n<div class=\"van_vid_carousel__padding\">\n<div class=\"van_vid_carousel__container\"><\/div>\n<\/div>\n<\/div>\n<p>Aber ich m\u00f6chte, dass sich mein Raum warm und einladend anf\u00fchlt, \u00e4hnlich wie dieses Wohnzimmer oben, das von The Misfit House entworfen wurde \u2013 und nicht so, als ob ich einen Ausstellungsraum betreten h\u00e4tte.<\/p>\n<div id=\"ad-unit-2\" class=\"ad-unit\"><\/div>\n<p>Ich denke, es gibt f\u00fcr mich zwei Hauptschmerzpunkte. F\u00fcr mein viktorianisches Zuhause wirken sie einfach zu modern, mit \u00fcberm\u00e4\u00dfig gl\u00e4nzenden Oberfl\u00e4chen und sperrigen Regalen. Und sie pr\u00e4sentieren und w\u00fcrdigen auch den Fernseher, der sich im ausgeschalteten Zustand wie eine gro\u00dfe Blackbox anf\u00fchlt, die den Raum dominiert, anstatt ihn zu erg\u00e4nzen.<\/p>\n<figure class=\"van-image-figure inline-layout \" data-bordeaux-image-check>\n<div class=\"image-full-width-wrapper\">\n<div class=\"image-widthsetter\" style=\"max-width:2000px;\"><\/div>\n<\/div>\n<\/figure>\n<p>Das Ziel besteht darin, das Design mit Absicht zu gestalten, damit sich der Fernseher integriert anf\u00fchlt und nicht wie ein nachtr\u00e4glicher Einfall. Als ich schlie\u00dflich den Punkt meiner langsamen Renovierungsreise erreicht hatte, an dem ich anfangen konnte, \u00fcber mein eigenes TV-Setup nachzudenken, wandte ich mich an die Experten und fragte sie: \u201eWie verstecke ich meinen Fernseher stilvoll?\u201c<\/p>\n<p>Die Designerin Kathy Kuo empfiehlt, den Fernseher einfach nicht dort aufzustellen, wenn er nicht das Herzst\u00fcck eines Raumes sein soll. \u201eBei mir zu Hause haben wir einen kleinen \u201aBonus\u2018-Raum, der als unser Fernsehzimmer dient\u201c, erkl\u00e4rt Kathy. \u201eEs gibt ein superbequemes \u00fcbergro\u00dfes Sofa, einen Medienschrank und einen Fernseher, und das ist auch schon alles.\u201c<\/p>\n<p>\u201eSo entsteht ein gem\u00fctlicher Raum, in dem ich es mir bei einer Show oder einem Film gem\u00fctlich machen kann, w\u00e4hrend mein Wohnzimmer elegant bleibt und ein Raum f\u00fcr Gespr\u00e4che und pers\u00f6nliche Kontakte bleibt.\u201c<\/p>\n<p>Alternativ kann ein gerahmter Fernseher, wie der von Carley Summers im Wohnzimmer oben, Ihrem Fernseher ein etwas edleres Aussehen verleihen, was besonders gut zur Geltung kommt, wenn er an einem Kaminsims oder \u00fcber einem Kaminsims aufgeh\u00e4ngt wird.<\/p>\n<figure class=\"van-image-figure inline-layout \" data-bordeaux-image-check>\n<div class=\"image-full-width-wrapper\">\n<div class=\"image-widthsetter\" style=\"max-width:2000px;\"><\/div>\n<\/div>\n<\/figure>\n<p>Marie Flanigan schl\u00e4gt einen cleveren, ma\u00dfgeschneiderten Ansatz vor, der v\u00f6llig \u00fcber den Tellerrand hinausschaut.<\/p>\n<p>\u201eBei der Verkleidung eines Fernsehers geht es darum, Funktion und Sch\u00f6nheit nahtlos miteinander zu verbinden\u201c, sagt Marie. \u201eErw\u00e4gen Sie die Verwendung eines speziell entwickelten Zwei-Wege-Spiegels (siehe oben), der vor dem Fernseher platziert werden kann und ihn bei Nichtgebrauch in eine reflektierende Oberfl\u00e4che verwandelt\u201c, erkl\u00e4rt sie.<\/p>\n<p>\u201eDann umgeben Sie den Bereich mit durchdachter Dekoration, wie Kunstwerken, eingebauten Regalen oder einer Galeriewand, um den Fokus vom Bildschirm wegzulenken\u201c, f\u00e4hrt sie fort.<\/p>\n<figure class=\"van-image-figure inline-layout \" data-bordeaux-image-check>\n<div class=\"image-full-width-wrapper\">\n<div class=\"image-widthsetter\" style=\"max-width:2000px;\"><\/div>\n<\/div>\n<\/figure>\n<p>Eine der einfachsten, aber elegantesten (und m\u00f6glicherweise teuersten) M\u00f6glichkeiten, das Aussehen eines Fernsehers zu verbessern, besteht darin, ihn in ma\u00dfgefertigte Schr\u00e4nke zu integrieren.<\/p>\n<p>\u201eAlternativ k\u00f6nnen Sie einen Medienschrank mit Schiebew\u00e4nden oder T\u00fcren w\u00e4hlen, der den Fernseher vollst\u00e4ndig verbirgt, wenn er nicht verwendet wird\u201c, f\u00e4hrt Marie fort. \u201eMit diesen L\u00f6sungen bleibt Ihr Wohnzimmer sowohl stilvoll als auch vielseitig, wobei die Technologie verborgen, aber dennoch leicht zug\u00e4nglich ist.\u201c<\/p>\n<p>Alice Gaskell von Alice Grace Interiors hat viele verschiedene Medienschr\u00e4nke und versteckte Fernseher in ihrem Zuhause entworfen, darunter auch diese Wohnzimmer-TV-Idee mit k\u00fcnstlichem Kaminsims und Faltt\u00fcren (siehe oben), die sich \u00f6ffnen l\u00e4sst, um ihren Fernseher freizugeben.<\/p>\n<div class=\"instagram-embed\">\n<blockquote class=\"instagram-media\" data-instgrm-captioned data-instgrm-version=\"6\" style=\"width:99.375%; width:-webkit-calc(100% - 2px); width:calc(100% - 2px);\">\n<p>Ein von Alice Gaskell (@alicegrace_england) geteilter Beitrag<\/p>\n<p>Ein Foto gepostet von am <\/p>\n<\/blockquote>\n<\/div>\n<p>Im Video oben zeigt Alice, wie sie in ihrem Regal eine Geheimt\u00fcr zum Verstecken eines Fernsehers geschaffen hat, und zwar dank einer sehr praktischen TV-Halterung, die herausgezogen, geschwenkt und wieder verstaut werden kann, sodass Sie immer den perfekten Winkel haben .<\/p>\n<p>Pers\u00f6nlich finde ich das genial, weil es nicht nur Ihren Fernseher versteckt, sondern Ihnen auch die M\u00f6glichkeit gibt, mit ma\u00dfgeschneiderten Regalen ein Design-Statement in Ihren Raum zu bringen. Ich liebe auch die alternative Platzierung, bei der das B\u00fccherregal-Design um eine T\u00fcr herum angebracht wird und nicht um eine flache Wand.<\/p>\n<p>M\u00f6bel bieten auch den Vorteil von zus\u00e4tzlichem Stauraum. Sie k\u00f6nnen die umlaufenden Regale f\u00fcr B\u00fccher, Schachteln, Schmuckst\u00fccke, Bilderrahmen oder Medienkomponenten wie Konsolen nutzen, um alles organisiert und designorientiert zu halten.<\/p>\n<div class=\"product-container hero-product-container product-block-no-wrap\"><\/div>\n<figure class=\"van-image-figure inline-layout \" data-bordeaux-image-check>\n<div class=\"image-full-width-wrapper\">\n<div class=\"image-widthsetter\" style=\"max-width:2400px;\"><\/div>\n<\/div>\n<\/figure>\n<p>Schlie\u00dflich sagt mir der Designer Benji Lewis, der dieses clevere System oben entwickelt hat: \u201eIch habe eine gro\u00dfe Abneigung dagegen, einen Fernseher zu sehen, wenn ich in das Empfangszimmer von jemandem gehe, umso mehr, wenn er ein gro\u00dfer Blickfang ist.\u201c<\/p>\n<p>\u201eFernseher sind heutzutage so d\u00fcnn, dass sie leicht in Einbauschr\u00e4nken versteckt werden k\u00f6nnen, sodass man sie in die R\u00fcckwand eines Kaminsimses stecken kann\u201c, so das oben Gesagte. \u201eSie m\u00fcssen es bequem im Sitzen sehen k\u00f6nnen. Deshalb gibt es clevere Halterungen, die Sie drehen und neigen k\u00f6nnen, um Ihren Fernseher in eine frontale Position zu bringen, selbst wenn er in einem Schrank versteckt ist, den Sie nicht haben.\u201c direkt gegen\u00fcber\u201c, r\u00e4t Benji.<\/p>\n<p>Einer der besten Tipps, die ich bei der Suche nach Inspirationen auf Pinterest gefunden habe, war, den umgebenden Bereich \u2013 sei es eine Wand, ein Schrank oder ein Regalsystem \u2013 in einer dunkleren Farbe zu streichen, damit der Fernseher nicht so auff\u00e4llig wirkt. Auch Benji ist ein Fan dieses Ansatzes.<\/p>\n<p>\u201eWenn Sie Ihren Fernseher unbedingt im Blick haben m\u00fcssen, dann streichen Sie die Wand, an der er steht, schwarz (oder f\u00e4rben Sie im Idealfall den gesamten Raum) schwarz oder gestalten Sie Ihre Wand in modernem, elegantem dunklem Walnussholz, damit der Fernseher nicht als rechteckiger Hohlraum auf Ihrem Bildschirm erscheint.\u201c Wand.&#8216;<\/p>\n<hr>\n<p>Ihr Fernseher sollte mit Ihrem Zimmer harmonieren, nicht dagegen. Es gibt unz\u00e4hlige M\u00f6glichkeiten, Ihren Bildschirm weniger aufdringlich wirken zu lassen und ihn besser in Ihre Einrichtung zu integrieren.<\/p>\n<p>Wenn auch Sie sich von der traditionellen Medienmauer l\u00f6sen m\u00f6chten, geben mir diese Ideen sicherlich einige Denkanst\u00f6\u00dfe. Wenn Medienw\u00e4nde Sie also genauso ver\u00e4rgern wie ich, dann ist die gute Nachricht, dass es so viele kreative und stilvolle L\u00f6sungen gibt, die Sie ausprobieren k\u00f6nnen.<\/p>\n<p>Pers\u00f6nlich greife ich nach meinem Notizblock, um ein paar clevere Ideen f\u00fcr individuelle Regale mit versteckten Geheimf\u00e4chern zu skizzieren. Denn es gibt nichts Sch\u00f6neres als eine Geheimt\u00fcr.<\/p>\n<\/div>\n<p><script async src=\"\/\/www.instagram.com\/embed.js\"><\/script><\/p>\n","protected":false},"excerpt":{"rendered":"<p>Ich habe eine Art Hassliebe zu meinem Fernseher. Klar, ich verbringe die meisten Abende davor, aber ich mag es nicht, wenn es Teil meiner Zimmereinrichtung<\/p>\n","protected":false},"author":1,"featured_media":2005,"comment_status":"closed","ping_status":"","sticky":false,"template":"","format":"standard","meta":{"footnotes":""},"categories":[118],"tags":[3545,46,9,3544,3543,69,823,129,717,694,3541,1096,603,3542,646,553,37,3546],"class_list":["post-2004","post","type-post","status-publish","format-standard","has-post-thumbnail","hentry","category-haus-garten","tag-anzuheben","tag-auf","tag-die","tag-fernseher","tag-gefragt","tag-gehen","tag-habe","tag-ich","tag-innenarchitekten","tag-koennte","tag-medienwaende","tag-meinen","tag-mir","tag-nerven","tag-stattdessen","tag-tun","tag-und","tag-verstecken","generate-columns","tablet-grid-50","mobile-grid-100","grid-parent","grid-50"],"yoast_head":"<!-- This site is optimized with the Yoast SEO plugin v27.3 - https:\/\/yoast.com\/product\/yoast-seo-wordpress\/ -->\n<title>Medienw\u00e4nde gehen mir auf die Nerven \u2013 also habe ich Innenarchitekten gefragt, was ich stattdessen tun k\u00f6nnte, um meinen Fernseher anzuheben und zu verstecken - Nachrichten - Stra\u00dfenweb<\/title>\n<meta name=\"robots\" content=\"index, follow, max-snippet:-1, max-image-preview:large, max-video-preview:-1\" \/>\n<link rel=\"canonical\" href=\"https:\/\/www.strassenweb.de\/nachrichten\/medienwaende-gehen-mir-auf-die-nerven-also-habe-ich-innenarchitekten-gefragt-was-ich-stattdessen-tun-koennte-um-meinen-fernseher-anzuheben-und-zu-verstecken\/\" \/>\n<meta property=\"og:locale\" content=\"de_DE\" \/>\n<meta property=\"og:type\" content=\"article\" \/>\n<meta property=\"og:title\" content=\"Medienw\u00e4nde gehen mir auf die Nerven \u2013 also habe ich Innenarchitekten gefragt, was ich stattdessen tun k\u00f6nnte, um meinen Fernseher anzuheben und zu verstecken - Nachrichten - Stra\u00dfenweb\" \/>\n<meta property=\"og:description\" content=\"Ich habe eine Art Hassliebe zu meinem Fernseher. Klar, ich verbringe die meisten Abende davor, aber ich mag es nicht, wenn es Teil meiner Zimmereinrichtung\" \/>\n<meta property=\"og:url\" content=\"https:\/\/www.strassenweb.de\/nachrichten\/medienwaende-gehen-mir-auf-die-nerven-also-habe-ich-innenarchitekten-gefragt-was-ich-stattdessen-tun-koennte-um-meinen-fernseher-anzuheben-und-zu-verstecken\/\" \/>\n<meta property=\"og:site_name\" content=\"Stra\u00dfenweb\" \/>\n<meta property=\"article:publisher\" content=\"https:\/\/www.facebook.com\/strassenweb\/\" \/>\n<meta property=\"article:published_time\" content=\"2024-12-09T06:29:56+00:00\" \/>\n<meta property=\"article:modified_time\" content=\"2024-12-09T06:29:57+00:00\" \/>\n<meta property=\"og:image\" content=\"https:\/\/www.strassenweb.de\/nachrichten\/wp-content\/uploads\/2024\/12\/Medienwaende-gehen-mir-auf-die-Nerven-\u2013-also-habe-ich.jpg\" \/>\n\t<meta property=\"og:image:width\" content=\"1200\" \/>\n\t<meta property=\"og:image:height\" content=\"675\" \/>\n\t<meta property=\"og:image:type\" content=\"image\/jpeg\" \/>\n<meta name=\"author\" content=\"Robert Hoffmann\" \/>\n<meta name=\"twitter:card\" content=\"summary_large_image\" \/>\n<meta name=\"twitter:label1\" content=\"Verfasst von\" \/>\n\t<meta name=\"twitter:data1\" content=\"Robert Hoffmann\" \/>\n\t<meta name=\"twitter:label2\" content=\"Gesch\u00e4tzte Lesezeit\" \/>\n\t<meta name=\"twitter:data2\" content=\"6\u00a0Minuten\" \/>\n<script type=\"application\/ld+json\" class=\"yoast-schema-graph\">{\"@context\":\"https:\\\/\\\/schema.org\",\"@graph\":[{\"@type\":\"Article\",\"@id\":\"https:\\\/\\\/www.strassenweb.de\\\/nachrichten\\\/medienwaende-gehen-mir-auf-die-nerven-also-habe-ich-innenarchitekten-gefragt-was-ich-stattdessen-tun-koennte-um-meinen-fernseher-anzuheben-und-zu-verstecken\\\/#article\",\"isPartOf\":{\"@id\":\"https:\\\/\\\/www.strassenweb.de\\\/nachrichten\\\/medienwaende-gehen-mir-auf-die-nerven-also-habe-ich-innenarchitekten-gefragt-was-ich-stattdessen-tun-koennte-um-meinen-fernseher-anzuheben-und-zu-verstecken\\\/\"},\"author\":{\"name\":\"Robert Hoffmann\",\"@id\":\"https:\\\/\\\/www.strassenweb.de\\\/nachrichten\\\/#\\\/schema\\\/person\\\/87c9c9067f1211da429a744dc5a5aa41\"},\"headline\":\"Medienw\u00e4nde gehen mir auf die Nerven \u2013 also habe ich Innenarchitekten gefragt, was ich stattdessen tun k\u00f6nnte, um meinen Fernseher anzuheben und zu verstecken\",\"datePublished\":\"2024-12-09T06:29:56+00:00\",\"dateModified\":\"2024-12-09T06:29:57+00:00\",\"mainEntityOfPage\":{\"@id\":\"https:\\\/\\\/www.strassenweb.de\\\/nachrichten\\\/medienwaende-gehen-mir-auf-die-nerven-also-habe-ich-innenarchitekten-gefragt-was-ich-stattdessen-tun-koennte-um-meinen-fernseher-anzuheben-und-zu-verstecken\\\/\"},\"wordCount\":1201,\"publisher\":{\"@id\":\"https:\\\/\\\/www.strassenweb.de\\\/nachrichten\\\/#organization\"},\"image\":{\"@id\":\"https:\\\/\\\/www.strassenweb.de\\\/nachrichten\\\/medienwaende-gehen-mir-auf-die-nerven-also-habe-ich-innenarchitekten-gefragt-was-ich-stattdessen-tun-koennte-um-meinen-fernseher-anzuheben-und-zu-verstecken\\\/#primaryimage\"},\"thumbnailUrl\":\"https:\\\/\\\/www.strassenweb.de\\\/nachrichten\\\/wp-content\\\/uploads\\\/2024\\\/12\\\/Medienwaende-gehen-mir-auf-die-Nerven-\u2013-also-habe-ich.jpg\",\"keywords\":[\"anzuheben\",\"auf\",\"die\",\"Fernseher\",\"gefragt\",\"gehen\",\"habe\",\"ich\",\"Innenarchitekten\",\"k\u00f6nnte\",\"Medienw\u00e4nde\",\"meinen\",\"mir\",\"Nerven\",\"stattdessen\",\"tun\",\"und\",\"verstecken\"],\"articleSection\":[\"Haus &amp; Garten\"],\"inLanguage\":\"de\"},{\"@type\":\"WebPage\",\"@id\":\"https:\\\/\\\/www.strassenweb.de\\\/nachrichten\\\/medienwaende-gehen-mir-auf-die-nerven-also-habe-ich-innenarchitekten-gefragt-was-ich-stattdessen-tun-koennte-um-meinen-fernseher-anzuheben-und-zu-verstecken\\\/\",\"url\":\"https:\\\/\\\/www.strassenweb.de\\\/nachrichten\\\/medienwaende-gehen-mir-auf-die-nerven-also-habe-ich-innenarchitekten-gefragt-was-ich-stattdessen-tun-koennte-um-meinen-fernseher-anzuheben-und-zu-verstecken\\\/\",\"name\":\"Medienw\u00e4nde gehen mir auf die Nerven \u2013 also habe ich Innenarchitekten gefragt, was ich stattdessen tun k\u00f6nnte, um meinen Fernseher anzuheben und zu verstecken - Nachrichten - Stra\u00dfenweb\",\"isPartOf\":{\"@id\":\"https:\\\/\\\/www.strassenweb.de\\\/nachrichten\\\/#website\"},\"primaryImageOfPage\":{\"@id\":\"https:\\\/\\\/www.strassenweb.de\\\/nachrichten\\\/medienwaende-gehen-mir-auf-die-nerven-also-habe-ich-innenarchitekten-gefragt-was-ich-stattdessen-tun-koennte-um-meinen-fernseher-anzuheben-und-zu-verstecken\\\/#primaryimage\"},\"image\":{\"@id\":\"https:\\\/\\\/www.strassenweb.de\\\/nachrichten\\\/medienwaende-gehen-mir-auf-die-nerven-also-habe-ich-innenarchitekten-gefragt-was-ich-stattdessen-tun-koennte-um-meinen-fernseher-anzuheben-und-zu-verstecken\\\/#primaryimage\"},\"thumbnailUrl\":\"https:\\\/\\\/www.strassenweb.de\\\/nachrichten\\\/wp-content\\\/uploads\\\/2024\\\/12\\\/Medienwaende-gehen-mir-auf-die-Nerven-\u2013-also-habe-ich.jpg\",\"datePublished\":\"2024-12-09T06:29:56+00:00\",\"dateModified\":\"2024-12-09T06:29:57+00:00\",\"breadcrumb\":{\"@id\":\"https:\\\/\\\/www.strassenweb.de\\\/nachrichten\\\/medienwaende-gehen-mir-auf-die-nerven-also-habe-ich-innenarchitekten-gefragt-was-ich-stattdessen-tun-koennte-um-meinen-fernseher-anzuheben-und-zu-verstecken\\\/#breadcrumb\"},\"inLanguage\":\"de\",\"potentialAction\":[{\"@type\":\"ReadAction\",\"target\":[\"https:\\\/\\\/www.strassenweb.de\\\/nachrichten\\\/medienwaende-gehen-mir-auf-die-nerven-also-habe-ich-innenarchitekten-gefragt-was-ich-stattdessen-tun-koennte-um-meinen-fernseher-anzuheben-und-zu-verstecken\\\/\"]}]},{\"@type\":\"ImageObject\",\"inLanguage\":\"de\",\"@id\":\"https:\\\/\\\/www.strassenweb.de\\\/nachrichten\\\/medienwaende-gehen-mir-auf-die-nerven-also-habe-ich-innenarchitekten-gefragt-was-ich-stattdessen-tun-koennte-um-meinen-fernseher-anzuheben-und-zu-verstecken\\\/#primaryimage\",\"url\":\"https:\\\/\\\/www.strassenweb.de\\\/nachrichten\\\/wp-content\\\/uploads\\\/2024\\\/12\\\/Medienwaende-gehen-mir-auf-die-Nerven-\u2013-also-habe-ich.jpg\",\"contentUrl\":\"https:\\\/\\\/www.strassenweb.de\\\/nachrichten\\\/wp-content\\\/uploads\\\/2024\\\/12\\\/Medienwaende-gehen-mir-auf-die-Nerven-\u2013-also-habe-ich.jpg\",\"width\":1200,\"height\":675,\"caption\":\"Medienw\u00e4nde gehen mir auf die Nerven \u2013 also habe ich Innenarchitekten gefragt, was ich stattdessen tun k\u00f6nnte, um meinen Fernseher anzuheben und zu verstecken\"},{\"@type\":\"BreadcrumbList\",\"@id\":\"https:\\\/\\\/www.strassenweb.de\\\/nachrichten\\\/medienwaende-gehen-mir-auf-die-nerven-also-habe-ich-innenarchitekten-gefragt-was-ich-stattdessen-tun-koennte-um-meinen-fernseher-anzuheben-und-zu-verstecken\\\/#breadcrumb\",\"itemListElement\":[{\"@type\":\"ListItem\",\"position\":1,\"name\":\"Home\",\"item\":\"https:\\\/\\\/www.strassenweb.de\\\/nachrichten\\\/\"},{\"@type\":\"ListItem\",\"position\":2,\"name\":\"Medienw\u00e4nde gehen mir auf die Nerven \u2013 also habe ich Innenarchitekten gefragt, was ich stattdessen tun k\u00f6nnte, um meinen Fernseher anzuheben und zu verstecken\"}]},{\"@type\":\"WebSite\",\"@id\":\"https:\\\/\\\/www.strassenweb.de\\\/nachrichten\\\/#website\",\"url\":\"https:\\\/\\\/www.strassenweb.de\\\/nachrichten\\\/\",\"name\":\"Stra\u00dfenweb\",\"description\":\"Stra\u00dfenverzeichnis f\u00fcr Deutschland\",\"publisher\":{\"@id\":\"https:\\\/\\\/www.strassenweb.de\\\/nachrichten\\\/#organization\"},\"potentialAction\":[{\"@type\":\"SearchAction\",\"target\":{\"@type\":\"EntryPoint\",\"urlTemplate\":\"https:\\\/\\\/www.strassenweb.de\\\/nachrichten\\\/?s={search_term_string}\"},\"query-input\":{\"@type\":\"PropertyValueSpecification\",\"valueRequired\":true,\"valueName\":\"search_term_string\"}}],\"inLanguage\":\"de\"},{\"@type\":\"Organization\",\"@id\":\"https:\\\/\\\/www.strassenweb.de\\\/nachrichten\\\/#organization\",\"name\":\"Stra\u00dfenweb\",\"url\":\"https:\\\/\\\/www.strassenweb.de\\\/nachrichten\\\/\",\"logo\":{\"@type\":\"ImageObject\",\"inLanguage\":\"de\",\"@id\":\"https:\\\/\\\/www.strassenweb.de\\\/nachrichten\\\/#\\\/schema\\\/logo\\\/image\\\/\",\"url\":\"https:\\\/\\\/www.strassenweb.de\\\/nachrichten\\\/wp-content\\\/uploads\\\/2024\\\/09\\\/cropped-favicon.png\",\"contentUrl\":\"https:\\\/\\\/www.strassenweb.de\\\/nachrichten\\\/wp-content\\\/uploads\\\/2024\\\/09\\\/cropped-favicon.png\",\"width\":512,\"height\":512,\"caption\":\"Stra\u00dfenweb\"},\"image\":{\"@id\":\"https:\\\/\\\/www.strassenweb.de\\\/nachrichten\\\/#\\\/schema\\\/logo\\\/image\\\/\"},\"sameAs\":[\"https:\\\/\\\/www.facebook.com\\\/strassenweb\\\/\"]},{\"@type\":\"Person\",\"@id\":\"https:\\\/\\\/www.strassenweb.de\\\/nachrichten\\\/#\\\/schema\\\/person\\\/87c9c9067f1211da429a744dc5a5aa41\",\"name\":\"Robert Hoffmann\",\"image\":{\"@type\":\"ImageObject\",\"inLanguage\":\"de\",\"@id\":\"https:\\\/\\\/www.strassenweb.de\\\/nachrichten\\\/wp-content\\\/uploads\\\/2024\\\/09\\\/strassenweb-150x150.jpg\",\"url\":\"https:\\\/\\\/www.strassenweb.de\\\/nachrichten\\\/wp-content\\\/uploads\\\/2024\\\/09\\\/strassenweb-150x150.jpg\",\"contentUrl\":\"https:\\\/\\\/www.strassenweb.de\\\/nachrichten\\\/wp-content\\\/uploads\\\/2024\\\/09\\\/strassenweb-150x150.jpg\",\"caption\":\"Robert Hoffmann\"},\"description\":\"Ich hei\u00dfe Robert Hoffmann und ich bin ein leidenschaftlicher Verfechter von \u00d6kologie und Biodiversit\u00e4t. Seit meiner Kindheit in den W\u00e4ldern Bayerns f\u00fchle ich mich mit der Natur verbunden und bin entschlossen, sie zu sch\u00fctzen. Heute widme ich mein Leben der Sensibilisierung anderer f\u00fcr die Bedeutung des Umweltschutzes f\u00fcr zuk\u00fcnftige Generationen.\",\"sameAs\":[\"https:\\\/\\\/www.strassenweb.de\\\/\"]}]}<\/script>\n<!-- \/ Yoast SEO plugin. -->","yoast_head_json":{"title":"Medienw\u00e4nde gehen mir auf die Nerven \u2013 also habe ich Innenarchitekten gefragt, was ich stattdessen tun k\u00f6nnte, um meinen Fernseher anzuheben und zu verstecken - Nachrichten - Stra\u00dfenweb","robots":{"index":"index","follow":"follow","max-snippet":"max-snippet:-1","max-image-preview":"max-image-preview:large","max-video-preview":"max-video-preview:-1"},"canonical":"https:\/\/www.strassenweb.de\/nachrichten\/medienwaende-gehen-mir-auf-die-nerven-also-habe-ich-innenarchitekten-gefragt-was-ich-stattdessen-tun-koennte-um-meinen-fernseher-anzuheben-und-zu-verstecken\/","og_locale":"de_DE","og_type":"article","og_title":"Medienw\u00e4nde gehen mir auf die Nerven \u2013 also habe ich Innenarchitekten gefragt, was ich stattdessen tun k\u00f6nnte, um meinen Fernseher anzuheben und zu verstecken - Nachrichten - Stra\u00dfenweb","og_description":"Ich habe eine Art Hassliebe zu meinem Fernseher. Klar, ich verbringe die meisten Abende davor, aber ich mag es nicht, wenn es Teil meiner Zimmereinrichtung","og_url":"https:\/\/www.strassenweb.de\/nachrichten\/medienwaende-gehen-mir-auf-die-nerven-also-habe-ich-innenarchitekten-gefragt-was-ich-stattdessen-tun-koennte-um-meinen-fernseher-anzuheben-und-zu-verstecken\/","og_site_name":"Stra\u00dfenweb","article_publisher":"https:\/\/www.facebook.com\/strassenweb\/","article_published_time":"2024-12-09T06:29:56+00:00","article_modified_time":"2024-12-09T06:29:57+00:00","og_image":[{"width":1200,"height":675,"url":"https:\/\/www.strassenweb.de\/nachrichten\/wp-content\/uploads\/2024\/12\/Medienwaende-gehen-mir-auf-die-Nerven-\u2013-also-habe-ich.jpg","type":"image\/jpeg"}],"author":"Robert Hoffmann","twitter_card":"summary_large_image","twitter_misc":{"Verfasst von":"Robert Hoffmann","Gesch\u00e4tzte Lesezeit":"6\u00a0Minuten"},"schema":{"@context":"https:\/\/schema.org","@graph":[{"@type":"Article","@id":"https:\/\/www.strassenweb.de\/nachrichten\/medienwaende-gehen-mir-auf-die-nerven-also-habe-ich-innenarchitekten-gefragt-was-ich-stattdessen-tun-koennte-um-meinen-fernseher-anzuheben-und-zu-verstecken\/#article","isPartOf":{"@id":"https:\/\/www.strassenweb.de\/nachrichten\/medienwaende-gehen-mir-auf-die-nerven-also-habe-ich-innenarchitekten-gefragt-was-ich-stattdessen-tun-koennte-um-meinen-fernseher-anzuheben-und-zu-verstecken\/"},"author":{"name":"Robert Hoffmann","@id":"https:\/\/www.strassenweb.de\/nachrichten\/#\/schema\/person\/87c9c9067f1211da429a744dc5a5aa41"},"headline":"Medienw\u00e4nde gehen mir auf die Nerven \u2013 also habe ich Innenarchitekten gefragt, was ich stattdessen tun k\u00f6nnte, um meinen Fernseher anzuheben und zu verstecken","datePublished":"2024-12-09T06:29:56+00:00","dateModified":"2024-12-09T06:29:57+00:00","mainEntityOfPage":{"@id":"https:\/\/www.strassenweb.de\/nachrichten\/medienwaende-gehen-mir-auf-die-nerven-also-habe-ich-innenarchitekten-gefragt-was-ich-stattdessen-tun-koennte-um-meinen-fernseher-anzuheben-und-zu-verstecken\/"},"wordCount":1201,"publisher":{"@id":"https:\/\/www.strassenweb.de\/nachrichten\/#organization"},"image":{"@id":"https:\/\/www.strassenweb.de\/nachrichten\/medienwaende-gehen-mir-auf-die-nerven-also-habe-ich-innenarchitekten-gefragt-was-ich-stattdessen-tun-koennte-um-meinen-fernseher-anzuheben-und-zu-verstecken\/#primaryimage"},"thumbnailUrl":"https:\/\/www.strassenweb.de\/nachrichten\/wp-content\/uploads\/2024\/12\/Medienwaende-gehen-mir-auf-die-Nerven-\u2013-also-habe-ich.jpg","keywords":["anzuheben","auf","die","Fernseher","gefragt","gehen","habe","ich","Innenarchitekten","k\u00f6nnte","Medienw\u00e4nde","meinen","mir","Nerven","stattdessen","tun","und","verstecken"],"articleSection":["Haus &amp; Garten"],"inLanguage":"de"},{"@type":"WebPage","@id":"https:\/\/www.strassenweb.de\/nachrichten\/medienwaende-gehen-mir-auf-die-nerven-also-habe-ich-innenarchitekten-gefragt-was-ich-stattdessen-tun-koennte-um-meinen-fernseher-anzuheben-und-zu-verstecken\/","url":"https:\/\/www.strassenweb.de\/nachrichten\/medienwaende-gehen-mir-auf-die-nerven-also-habe-ich-innenarchitekten-gefragt-was-ich-stattdessen-tun-koennte-um-meinen-fernseher-anzuheben-und-zu-verstecken\/","name":"Medienw\u00e4nde gehen mir auf die Nerven \u2013 also habe ich Innenarchitekten gefragt, was ich stattdessen tun k\u00f6nnte, um meinen Fernseher anzuheben und zu verstecken - Nachrichten - Stra\u00dfenweb","isPartOf":{"@id":"https:\/\/www.strassenweb.de\/nachrichten\/#website"},"primaryImageOfPage":{"@id":"https:\/\/www.strassenweb.de\/nachrichten\/medienwaende-gehen-mir-auf-die-nerven-also-habe-ich-innenarchitekten-gefragt-was-ich-stattdessen-tun-koennte-um-meinen-fernseher-anzuheben-und-zu-verstecken\/#primaryimage"},"image":{"@id":"https:\/\/www.strassenweb.de\/nachrichten\/medienwaende-gehen-mir-auf-die-nerven-also-habe-ich-innenarchitekten-gefragt-was-ich-stattdessen-tun-koennte-um-meinen-fernseher-anzuheben-und-zu-verstecken\/#primaryimage"},"thumbnailUrl":"https:\/\/www.strassenweb.de\/nachrichten\/wp-content\/uploads\/2024\/12\/Medienwaende-gehen-mir-auf-die-Nerven-\u2013-also-habe-ich.jpg","datePublished":"2024-12-09T06:29:56+00:00","dateModified":"2024-12-09T06:29:57+00:00","breadcrumb":{"@id":"https:\/\/www.strassenweb.de\/nachrichten\/medienwaende-gehen-mir-auf-die-nerven-also-habe-ich-innenarchitekten-gefragt-was-ich-stattdessen-tun-koennte-um-meinen-fernseher-anzuheben-und-zu-verstecken\/#breadcrumb"},"inLanguage":"de","potentialAction":[{"@type":"ReadAction","target":["https:\/\/www.strassenweb.de\/nachrichten\/medienwaende-gehen-mir-auf-die-nerven-also-habe-ich-innenarchitekten-gefragt-was-ich-stattdessen-tun-koennte-um-meinen-fernseher-anzuheben-und-zu-verstecken\/"]}]},{"@type":"ImageObject","inLanguage":"de","@id":"https:\/\/www.strassenweb.de\/nachrichten\/medienwaende-gehen-mir-auf-die-nerven-also-habe-ich-innenarchitekten-gefragt-was-ich-stattdessen-tun-koennte-um-meinen-fernseher-anzuheben-und-zu-verstecken\/#primaryimage","url":"https:\/\/www.strassenweb.de\/nachrichten\/wp-content\/uploads\/2024\/12\/Medienwaende-gehen-mir-auf-die-Nerven-\u2013-also-habe-ich.jpg","contentUrl":"https:\/\/www.strassenweb.de\/nachrichten\/wp-content\/uploads\/2024\/12\/Medienwaende-gehen-mir-auf-die-Nerven-\u2013-also-habe-ich.jpg","width":1200,"height":675,"caption":"Medienw\u00e4nde gehen mir auf die Nerven \u2013 also habe ich Innenarchitekten gefragt, was ich stattdessen tun k\u00f6nnte, um meinen Fernseher anzuheben und zu verstecken"},{"@type":"BreadcrumbList","@id":"https:\/\/www.strassenweb.de\/nachrichten\/medienwaende-gehen-mir-auf-die-nerven-also-habe-ich-innenarchitekten-gefragt-was-ich-stattdessen-tun-koennte-um-meinen-fernseher-anzuheben-und-zu-verstecken\/#breadcrumb","itemListElement":[{"@type":"ListItem","position":1,"name":"Home","item":"https:\/\/www.strassenweb.de\/nachrichten\/"},{"@type":"ListItem","position":2,"name":"Medienw\u00e4nde gehen mir auf die Nerven \u2013 also habe ich Innenarchitekten gefragt, was ich stattdessen tun k\u00f6nnte, um meinen Fernseher anzuheben und zu verstecken"}]},{"@type":"WebSite","@id":"https:\/\/www.strassenweb.de\/nachrichten\/#website","url":"https:\/\/www.strassenweb.de\/nachrichten\/","name":"Stra\u00dfenweb","description":"Stra\u00dfenverzeichnis f\u00fcr Deutschland","publisher":{"@id":"https:\/\/www.strassenweb.de\/nachrichten\/#organization"},"potentialAction":[{"@type":"SearchAction","target":{"@type":"EntryPoint","urlTemplate":"https:\/\/www.strassenweb.de\/nachrichten\/?s={search_term_string}"},"query-input":{"@type":"PropertyValueSpecification","valueRequired":true,"valueName":"search_term_string"}}],"inLanguage":"de"},{"@type":"Organization","@id":"https:\/\/www.strassenweb.de\/nachrichten\/#organization","name":"Stra\u00dfenweb","url":"https:\/\/www.strassenweb.de\/nachrichten\/","logo":{"@type":"ImageObject","inLanguage":"de","@id":"https:\/\/www.strassenweb.de\/nachrichten\/#\/schema\/logo\/image\/","url":"https:\/\/www.strassenweb.de\/nachrichten\/wp-content\/uploads\/2024\/09\/cropped-favicon.png","contentUrl":"https:\/\/www.strassenweb.de\/nachrichten\/wp-content\/uploads\/2024\/09\/cropped-favicon.png","width":512,"height":512,"caption":"Stra\u00dfenweb"},"image":{"@id":"https:\/\/www.strassenweb.de\/nachrichten\/#\/schema\/logo\/image\/"},"sameAs":["https:\/\/www.facebook.com\/strassenweb\/"]},{"@type":"Person","@id":"https:\/\/www.strassenweb.de\/nachrichten\/#\/schema\/person\/87c9c9067f1211da429a744dc5a5aa41","name":"Robert Hoffmann","image":{"@type":"ImageObject","inLanguage":"de","@id":"https:\/\/www.strassenweb.de\/nachrichten\/wp-content\/uploads\/2024\/09\/strassenweb-150x150.jpg","url":"https:\/\/www.strassenweb.de\/nachrichten\/wp-content\/uploads\/2024\/09\/strassenweb-150x150.jpg","contentUrl":"https:\/\/www.strassenweb.de\/nachrichten\/wp-content\/uploads\/2024\/09\/strassenweb-150x150.jpg","caption":"Robert Hoffmann"},"description":"Ich hei\u00dfe Robert Hoffmann und ich bin ein leidenschaftlicher Verfechter von \u00d6kologie und Biodiversit\u00e4t. Seit meiner Kindheit in den W\u00e4ldern Bayerns f\u00fchle ich mich mit der Natur verbunden und bin entschlossen, sie zu sch\u00fctzen. Heute widme ich mein Leben der Sensibilisierung anderer f\u00fcr die Bedeutung des Umweltschutzes f\u00fcr zuk\u00fcnftige Generationen.","sameAs":["https:\/\/www.strassenweb.de\/"]}]}},"_links":{"self":[{"href":"https:\/\/www.strassenweb.de\/nachrichten\/wp-json\/wp\/v2\/posts\/2004","targetHints":{"allow":["GET"]}}],"collection":[{"href":"https:\/\/www.strassenweb.de\/nachrichten\/wp-json\/wp\/v2\/posts"}],"about":[{"href":"https:\/\/www.strassenweb.de\/nachrichten\/wp-json\/wp\/v2\/types\/post"}],"author":[{"embeddable":true,"href":"https:\/\/www.strassenweb.de\/nachrichten\/wp-json\/wp\/v2\/users\/1"}],"replies":[{"embeddable":true,"href":"https:\/\/www.strassenweb.de\/nachrichten\/wp-json\/wp\/v2\/comments?post=2004"}],"version-history":[{"count":0,"href":"https:\/\/www.strassenweb.de\/nachrichten\/wp-json\/wp\/v2\/posts\/2004\/revisions"}],"wp:featuredmedia":[{"embeddable":true,"href":"https:\/\/www.strassenweb.de\/nachrichten\/wp-json\/wp\/v2\/media\/2005"}],"wp:attachment":[{"href":"https:\/\/www.strassenweb.de\/nachrichten\/wp-json\/wp\/v2\/media?parent=2004"}],"wp:term":[{"taxonomy":"category","embeddable":true,"href":"https:\/\/www.strassenweb.de\/nachrichten\/wp-json\/wp\/v2\/categories?post=2004"},{"taxonomy":"post_tag","embeddable":true,"href":"https:\/\/www.strassenweb.de\/nachrichten\/wp-json\/wp\/v2\/tags?post=2004"}],"curies":[{"name":"wp","href":"https:\/\/api.w.org\/{rel}","templated":true}]}}