{"id":1980,"date":"2024-12-08T01:42:04","date_gmt":"2024-12-08T00:42:04","guid":{"rendered":"https:\/\/www.strassenweb.de\/nachrichten\/designer-glauben-dass-dieser-kontroverse-trend-zurueck-ist-aber-er-hat-sich-seit-dem-letzten-mal-definitiv-geaendert\/"},"modified":"2024-12-08T01:42:05","modified_gmt":"2024-12-08T00:42:05","slug":"designer-glauben-dass-dieser-kontroverse-trend-zurueck-ist-aber-er-hat-sich-seit-dem-letzten-mal-definitiv-geaendert","status":"publish","type":"post","link":"https:\/\/www.strassenweb.de\/nachrichten\/designer-glauben-dass-dieser-kontroverse-trend-zurueck-ist-aber-er-hat-sich-seit-dem-letzten-mal-definitiv-geaendert\/","title":{"rendered":"Designer glauben, dass dieser kontroverse Trend zur\u00fcck ist \u2013 aber er hat sich seit dem letzten Mal definitiv ge\u00e4ndert"},"content":{"rendered":"<p><\/p>\n<div id=\"article-body\" class=\"article__body \">\n<p>Die \u00c4ra des gro\u00dfen Lichts ist vorbei. Das sagten Designer und Design-Redakteure, die in den letzten Jahren alle mit den Schultern gezuckt hatten und zugaben, dass trotz aller Bem\u00fchungen, atemberaubende Kronleuchter zu installieren, kein Hausbesitzer sie jemals anschaltete. Alles, was wir wollten, war Arbeitsbeleuchtung, kleine Pools, die sich intim und warm anf\u00fchlten und von Tischlampen, Stehlampen und Wandlampen beleuchtet wurden.<\/p>\n<div id=\"ad-unit-1\" class=\"ad-unit\"><\/div>\n<p>Aber \u2013 fl\u00fcstern Sie es \u2013 der umstrittene Designtrend zu einer gro\u00dfen Deckenleuchte ist zumindest teilweise zur\u00fcck. Es ist umstritten, weil so viele von uns es f\u00fcr tot erkl\u00e4rt hatten, getragen von anekdotischen Beweisen, dass die Anh\u00e4nger im Gro\u00dfen und Ganzen ausgeschaltet blieben, nur f\u00fcr den Moment beleuchtet waren, in dem man nach der TV-Fernbedienung suchte, und im zweiten Moment ins Halbdunkel getaucht waren gefunden worden war.<\/p>\n<aside class=\"hawk-nest\" data-block-type=\"embed\" data-render-type=\"fte\" data-skip=\"dealsy\" data-widget-type=\"seasonal\">\n<div class=\"hawk-master-widget-hawk-base-wrapper\"><\/div>\n<\/aside>\n<p>Doch viele der aufregendsten neuen Beleuchtungsideen und -konzepte drehen sich um neue M\u00f6glichkeiten, das gro\u00dfe Licht zu nutzen. So kommt es bei den Beleuchtungstrends 2025 zum Ausdruck.<\/p>\n<div id=\"desktop-in-article\" class=\"in-article ad-unit\">\n<div id=\"desktop-taboola-mid-article\"><\/div>\n<\/div>\n<div id=\"mobile-in-article\" class=\"in-article ad-unit\">\n<div id=\"mobile-taboola-mid-article\"><\/div>\n<\/div>\n<h3 class=\"article-body__section\" id=\"section-are-big-lights-really-back-on-trend-for-2025\"><span>Sind gro\u00dfe Lichter f\u00fcr 2025 wirklich wieder im Trend?<\/span><\/h3>\n<figure class=\"van-image-figure inline-layout \" data-bordeaux-image-check>\n<div class=\"image-full-width-wrapper\">\n<div class=\"image-widthsetter\" style=\"max-width:2000px;\"><\/div>\n<\/div>\n<\/figure>\n<p>Das gro\u00dfe Licht wurde f\u00fcr tot erkl\u00e4rt, weil wir uns nach dem Gegenteil seiner Helligkeit sehnten. Wir wollten, dass wir in unserem Zuhause das Gef\u00fchl haben, gehalten, getr\u00f6stet und eingeh\u00fcllt zu sein.<\/p>\n<div class=\"van_vid_carousel\">\n<div class=\"van_vid_carousel__padding\">\n<div class=\"van_vid_carousel__container\"><\/div>\n<\/div>\n<\/div>\n<p>\u201eIn einem aktuellen Projekt habe ich nur eine Pendelleuchte im Arbeitszimmer und ein paar Arbeitsleuchten \u00fcber der K\u00fccheninsel, aber keine anderen im ganzen Haus\u201c, sagt der Innenarchitekt Alex Dauley. \u201eStattdessen haben wir \u00fcberall eine sehr stimmungsvolle Beleuchtung \u2013 Wandleuchten, Stehlampen, Tischlampen und so weiter.\u201c Aber im Design ist derzeit Platz f\u00fcr das gro\u00dfe Licht, auch wenn meine Kunden es nie einschalten. \u201eOverheads sind zur\u00fcck, wenn sie im Wesentlichen ein Kunstwerk sind.\u201c<\/p>\n<div id=\"ad-unit-2\" class=\"ad-unit\"><\/div>\n<p>Die in Oregon ans\u00e4ssige Designerin Molly Kidd von Molly Kidd Studio stimmt zu, dass gro\u00dfe Leuchten ein gewisses Comeback erleben. \u201eBei einem k\u00fcrzlich durchgef\u00fchrten Projekt waren die Decken sehr niedrig und nur etwa zweieinhalb Meter hoch\u201c, sagt sie. \u201eDeshalb machte es Sinn \u2013 und war auch einfach \u2013, auf die gro\u00dfen Lichter zu verzichten.\u201c Es war wichtig, dass Wandleuchten das Hauptmerkmal waren. Aber in einem Haus mit normal gro\u00dfen Decken w\u00fcrde ich immer noch eine Reihe von Pendelleuchten verwenden \u2013 etwas, das sich ein wenig vertr\u00e4umt oder optisch interessant anf\u00fchlt.\u201c<\/p>\n<figure class=\"van-image-figure inline-layout \" data-bordeaux-image-check>\n<div class=\"image-full-width-wrapper\">\n<div class=\"image-widthsetter\" style=\"max-width:2000px;\"><\/div>\n<\/div>\n<\/figure>\n<p>\u201eMein Hauptaugenmerk liegt nicht nur auf dem gro\u00dfen Licht \u2013 es geht uns vor allem darum, Lampen zu verwenden und unterschiedliche Lichtst\u00e4rken zu erm\u00f6glichen\u201c, sagt Lara Bates, Gr\u00fcnderin des internationalen Studios Lara Et Al. \u201eIch liebe einen Dimmerschalter und die M\u00f6glichkeit, die Lichtmenge zu steuern, die man hat.\u201c<\/p>\n<p>\u201eAber in einem dramatischen Raum, beispielsweise \u00fcber einem Esstisch, wo Sie Menschen beeindrucken und ein wenig Theater schaffen m\u00f6chten, ist eine Deckenleuchte, beispielsweise ein Kristallkronleuchter, perfekt.\u201c Sie erkl\u00e4rte, dass sie k\u00fcrzlich eine juwelenbesetzte Pendelleuchte verwendet habe, die \u00fcber einem Esstisch in einem Raum h\u00e4ngte, der von einem Wandgem\u00e4lde umgeben war. Der Raum selbst hatte auch Wandlampen und einen Esstisch, der wahrscheinlich von Kerzen beleuchtet wird, wenn Sie G\u00e4ste bewirten, aber als Kunstwerk gab er sofort den Ton an.<\/p>\n<p>Der Innenarchitekt Roisin Lafferty hat k\u00fcrzlich einen sehr luxuri\u00f6sen und minimalistischen Eingangsbereich entworfen (siehe oben), in dem das gro\u00dfe Licht der Star war. Aber es ist klar, dass das Licht ebenso Kunst wie Funktion ist.<\/p>\n<p>\u201eDie Architektur war ziemlich roh und hatte viele starke Ecken, daher brauchte es dieses Gleichgewicht\u201c, erkl\u00e4rt sie. \u201eWir wollten keine gro\u00dfe Pendelleuchte, aber wir wollten die R\u00e4ume mit Licht verbinden, und zwar in einer Form, die den Eindruck vermittelt, dass es von Raum zu Raum flie\u00dft.\u201c<\/p>\n<p>Sie arbeitete mit Morgan Studio zusammen, um diese abstrakte Leuchte nach einem individuellen Design zu gestalten. \u201eEs sah fast wie das Gekritzel eines Kindes aus und widerspricht der Starrheit der Ecken\u201c, sagt sie. \u201eEin Zuhause ist kein Galerieraum, es muss bequem sein und immer Spa\u00df machen.\u201c Dieses Licht verhinderte, dass das Haus zu ernst wurde.&#8216;<\/p>\n<figure class=\"van-image-figure inline-layout \" data-bordeaux-image-check>\n<div class=\"image-full-width-wrapper\">\n<div class=\"image-widthsetter\" style=\"max-width:2000px;\"><\/div>\n<\/div>\n<\/figure>\n<p>Designer Lee Broom freut sich, das gro\u00dfe Licht zur\u00fcck zu sehen. \u201eSie sind wie Schmuck f\u00fcr die Decke und schm\u00fccken einen ansonsten leeren Raum\u201c, sagt er. Er schl\u00e4gt jedoch vor, dass sie nicht immer zentral vorgehen m\u00fcssen. \u201eMan kann genauso gut eine Lampe aufh\u00e4ngen, die fast bis zum Boden reicht, sie aber wie ein Kunstwerk in der Ecke platzieren\u201c, sagt er.<\/p>\n<p>Designer Christian Bense stimmt mit Lee \u00fcberein, wo das gro\u00dfe Licht platziert werden soll. \u201eStellen Sie das gro\u00dfe Licht in die Ecke\u201c, sagt er. \u201eEs ist, als w\u00fcrde man den Schauspieler, der den Monolog h\u00e4lt, ins Rampenlicht r\u00fccken und nur eine Ecke und nicht den ganzen Raum hervorheben.\u201c Da ist es w\u00e4rmer.&#8216;<\/p>\n<p>\u201eUnd bedenken Sie, dass ein Raum f\u00fcnf verschiedene Lichtquellen ben\u00f6tigt\u201c, f\u00fcgt er hinzu. \u201eDeckenleuchten, Wandleuchten, Stehlampen, Tischlampen und Arbeitsbeleuchtung \u2013 von denen man sagen k\u00f6nnte: Je mehr, desto besser.\u201c Dadurch k\u00f6nnen Sie nicht nur Teile des Raumes hervorheben, sondern haben auch die M\u00f6glichkeit, intime Leseecken einzurichten.\u201c<\/p>\n<hr>\n<p>Daher war es umstritten, zu sagen, dass es das gro\u00dfe Licht nicht mehr g\u00e4be, und nun begr\u00fc\u00dfen es umstrittene Designer wieder. Aber der allgemeine Trend scheint zu sein, dass das gro\u00dfe Licht zur\u00fcck sein k\u00f6nnte, aber nicht in der traditionellen Form, an die Sie wahrscheinlich denken. Es ist zur\u00fcck in dem Sinne, dass es einem Raum mehr hinzuf\u00fcgen sollte als nur eine Lichtquelle und tats\u00e4chlich als Statement-Brennpunkt fungieren sollte.<\/p>\n<\/div>\n","protected":false},"excerpt":{"rendered":"<p>Die \u00c4ra des gro\u00dfen Lichts ist vorbei. Das sagten Designer und Design-Redakteure, die in den letzten Jahren alle mit den Schultern gezuckt hatten und zugaben,<\/p>\n","protected":false},"author":1,"featured_media":1981,"comment_status":"closed","ping_status":"","sticky":false,"template":"","format":"standard","meta":{"footnotes":""},"categories":[118],"tags":[357,51,3512,91,216,1554,3370,1681,189,15,1803,1514,1190,836,142,504,309],"class_list":["post-1980","post","type-post","status-publish","format-standard","has-post-thumbnail","hentry","category-haus-garten","tag-aber","tag-dass","tag-definitiv","tag-dem","tag-designer","tag-dieser","tag-geaendert","tag-glauben","tag-hat","tag-ist","tag-kontroverse","tag-letzten","tag-mal","tag-seit","tag-sich","tag-trend","tag-zurueck","generate-columns","tablet-grid-50","mobile-grid-100","grid-parent","grid-50"],"yoast_head":"<!-- This site is optimized with the Yoast SEO plugin v27.3 - https:\/\/yoast.com\/product\/yoast-seo-wordpress\/ -->\n<title>Designer glauben, dass dieser kontroverse Trend zur\u00fcck ist \u2013 aber er hat sich seit dem letzten Mal definitiv ge\u00e4ndert - Nachrichten - Stra\u00dfenweb<\/title>\n<meta name=\"robots\" content=\"index, follow, max-snippet:-1, max-image-preview:large, max-video-preview:-1\" \/>\n<link rel=\"canonical\" href=\"https:\/\/www.strassenweb.de\/nachrichten\/designer-glauben-dass-dieser-kontroverse-trend-zurueck-ist-aber-er-hat-sich-seit-dem-letzten-mal-definitiv-geaendert\/\" \/>\n<meta property=\"og:locale\" content=\"de_DE\" \/>\n<meta property=\"og:type\" content=\"article\" \/>\n<meta property=\"og:title\" content=\"Designer glauben, dass dieser kontroverse Trend zur\u00fcck ist \u2013 aber er hat sich seit dem letzten Mal definitiv ge\u00e4ndert - Nachrichten - Stra\u00dfenweb\" \/>\n<meta property=\"og:description\" content=\"Die \u00c4ra des gro\u00dfen Lichts ist vorbei. Das sagten Designer und Design-Redakteure, die in den letzten Jahren alle mit den Schultern gezuckt hatten und zugaben,\" \/>\n<meta property=\"og:url\" content=\"https:\/\/www.strassenweb.de\/nachrichten\/designer-glauben-dass-dieser-kontroverse-trend-zurueck-ist-aber-er-hat-sich-seit-dem-letzten-mal-definitiv-geaendert\/\" \/>\n<meta property=\"og:site_name\" content=\"Stra\u00dfenweb\" \/>\n<meta property=\"article:publisher\" content=\"https:\/\/www.facebook.com\/strassenweb\/\" \/>\n<meta property=\"article:published_time\" content=\"2024-12-08T00:42:04+00:00\" \/>\n<meta property=\"article:modified_time\" content=\"2024-12-08T00:42:05+00:00\" \/>\n<meta property=\"og:image\" content=\"https:\/\/www.strassenweb.de\/nachrichten\/wp-content\/uploads\/2024\/12\/Designer-glauben-dass-dieser-kontroverse-Trend-zurueck-ist-\u2013-aber.jpg\" \/>\n\t<meta property=\"og:image:width\" content=\"1200\" \/>\n\t<meta property=\"og:image:height\" content=\"675\" \/>\n\t<meta property=\"og:image:type\" content=\"image\/jpeg\" \/>\n<meta name=\"author\" content=\"Robert Hoffmann\" \/>\n<meta name=\"twitter:card\" content=\"summary_large_image\" \/>\n<meta name=\"twitter:label1\" content=\"Verfasst von\" \/>\n\t<meta name=\"twitter:data1\" content=\"Robert Hoffmann\" \/>\n\t<meta name=\"twitter:label2\" content=\"Gesch\u00e4tzte Lesezeit\" \/>\n\t<meta name=\"twitter:data2\" content=\"5\u00a0Minuten\" \/>\n<script type=\"application\/ld+json\" class=\"yoast-schema-graph\">{\"@context\":\"https:\\\/\\\/schema.org\",\"@graph\":[{\"@type\":\"Article\",\"@id\":\"https:\\\/\\\/www.strassenweb.de\\\/nachrichten\\\/designer-glauben-dass-dieser-kontroverse-trend-zurueck-ist-aber-er-hat-sich-seit-dem-letzten-mal-definitiv-geaendert\\\/#article\",\"isPartOf\":{\"@id\":\"https:\\\/\\\/www.strassenweb.de\\\/nachrichten\\\/designer-glauben-dass-dieser-kontroverse-trend-zurueck-ist-aber-er-hat-sich-seit-dem-letzten-mal-definitiv-geaendert\\\/\"},\"author\":{\"name\":\"Robert Hoffmann\",\"@id\":\"https:\\\/\\\/www.strassenweb.de\\\/nachrichten\\\/#\\\/schema\\\/person\\\/87c9c9067f1211da429a744dc5a5aa41\"},\"headline\":\"Designer glauben, dass dieser kontroverse Trend zur\u00fcck ist \u2013 aber er hat sich seit dem letzten Mal definitiv ge\u00e4ndert\",\"datePublished\":\"2024-12-08T00:42:04+00:00\",\"dateModified\":\"2024-12-08T00:42:05+00:00\",\"mainEntityOfPage\":{\"@id\":\"https:\\\/\\\/www.strassenweb.de\\\/nachrichten\\\/designer-glauben-dass-dieser-kontroverse-trend-zurueck-ist-aber-er-hat-sich-seit-dem-letzten-mal-definitiv-geaendert\\\/\"},\"wordCount\":936,\"publisher\":{\"@id\":\"https:\\\/\\\/www.strassenweb.de\\\/nachrichten\\\/#organization\"},\"image\":{\"@id\":\"https:\\\/\\\/www.strassenweb.de\\\/nachrichten\\\/designer-glauben-dass-dieser-kontroverse-trend-zurueck-ist-aber-er-hat-sich-seit-dem-letzten-mal-definitiv-geaendert\\\/#primaryimage\"},\"thumbnailUrl\":\"https:\\\/\\\/www.strassenweb.de\\\/nachrichten\\\/wp-content\\\/uploads\\\/2024\\\/12\\\/Designer-glauben-dass-dieser-kontroverse-Trend-zurueck-ist-\u2013-aber.jpg\",\"keywords\":[\"aber\",\"dass\",\"definitiv\",\"dem\",\"Designer\",\"dieser\",\"ge\u00e4ndert\",\"glauben\",\"hat\",\"ist\",\"kontroverse\",\"letzten\",\"Mal\",\"seit\",\"sich\",\"Trend\",\"zur\u00fcck\"],\"articleSection\":[\"Haus &amp; Garten\"],\"inLanguage\":\"de\"},{\"@type\":\"WebPage\",\"@id\":\"https:\\\/\\\/www.strassenweb.de\\\/nachrichten\\\/designer-glauben-dass-dieser-kontroverse-trend-zurueck-ist-aber-er-hat-sich-seit-dem-letzten-mal-definitiv-geaendert\\\/\",\"url\":\"https:\\\/\\\/www.strassenweb.de\\\/nachrichten\\\/designer-glauben-dass-dieser-kontroverse-trend-zurueck-ist-aber-er-hat-sich-seit-dem-letzten-mal-definitiv-geaendert\\\/\",\"name\":\"Designer glauben, dass dieser kontroverse Trend zur\u00fcck ist \u2013 aber er hat sich seit dem letzten Mal definitiv ge\u00e4ndert - Nachrichten - Stra\u00dfenweb\",\"isPartOf\":{\"@id\":\"https:\\\/\\\/www.strassenweb.de\\\/nachrichten\\\/#website\"},\"primaryImageOfPage\":{\"@id\":\"https:\\\/\\\/www.strassenweb.de\\\/nachrichten\\\/designer-glauben-dass-dieser-kontroverse-trend-zurueck-ist-aber-er-hat-sich-seit-dem-letzten-mal-definitiv-geaendert\\\/#primaryimage\"},\"image\":{\"@id\":\"https:\\\/\\\/www.strassenweb.de\\\/nachrichten\\\/designer-glauben-dass-dieser-kontroverse-trend-zurueck-ist-aber-er-hat-sich-seit-dem-letzten-mal-definitiv-geaendert\\\/#primaryimage\"},\"thumbnailUrl\":\"https:\\\/\\\/www.strassenweb.de\\\/nachrichten\\\/wp-content\\\/uploads\\\/2024\\\/12\\\/Designer-glauben-dass-dieser-kontroverse-Trend-zurueck-ist-\u2013-aber.jpg\",\"datePublished\":\"2024-12-08T00:42:04+00:00\",\"dateModified\":\"2024-12-08T00:42:05+00:00\",\"breadcrumb\":{\"@id\":\"https:\\\/\\\/www.strassenweb.de\\\/nachrichten\\\/designer-glauben-dass-dieser-kontroverse-trend-zurueck-ist-aber-er-hat-sich-seit-dem-letzten-mal-definitiv-geaendert\\\/#breadcrumb\"},\"inLanguage\":\"de\",\"potentialAction\":[{\"@type\":\"ReadAction\",\"target\":[\"https:\\\/\\\/www.strassenweb.de\\\/nachrichten\\\/designer-glauben-dass-dieser-kontroverse-trend-zurueck-ist-aber-er-hat-sich-seit-dem-letzten-mal-definitiv-geaendert\\\/\"]}]},{\"@type\":\"ImageObject\",\"inLanguage\":\"de\",\"@id\":\"https:\\\/\\\/www.strassenweb.de\\\/nachrichten\\\/designer-glauben-dass-dieser-kontroverse-trend-zurueck-ist-aber-er-hat-sich-seit-dem-letzten-mal-definitiv-geaendert\\\/#primaryimage\",\"url\":\"https:\\\/\\\/www.strassenweb.de\\\/nachrichten\\\/wp-content\\\/uploads\\\/2024\\\/12\\\/Designer-glauben-dass-dieser-kontroverse-Trend-zurueck-ist-\u2013-aber.jpg\",\"contentUrl\":\"https:\\\/\\\/www.strassenweb.de\\\/nachrichten\\\/wp-content\\\/uploads\\\/2024\\\/12\\\/Designer-glauben-dass-dieser-kontroverse-Trend-zurueck-ist-\u2013-aber.jpg\",\"width\":1200,\"height\":675,\"caption\":\"Designer glauben, dass dieser kontroverse Trend zur\u00fcck ist \u2013 aber er hat sich seit dem letzten Mal definitiv ge\u00e4ndert\"},{\"@type\":\"BreadcrumbList\",\"@id\":\"https:\\\/\\\/www.strassenweb.de\\\/nachrichten\\\/designer-glauben-dass-dieser-kontroverse-trend-zurueck-ist-aber-er-hat-sich-seit-dem-letzten-mal-definitiv-geaendert\\\/#breadcrumb\",\"itemListElement\":[{\"@type\":\"ListItem\",\"position\":1,\"name\":\"Home\",\"item\":\"https:\\\/\\\/www.strassenweb.de\\\/nachrichten\\\/\"},{\"@type\":\"ListItem\",\"position\":2,\"name\":\"Designer glauben, dass dieser kontroverse Trend zur\u00fcck ist \u2013 aber er hat sich seit dem letzten Mal definitiv ge\u00e4ndert\"}]},{\"@type\":\"WebSite\",\"@id\":\"https:\\\/\\\/www.strassenweb.de\\\/nachrichten\\\/#website\",\"url\":\"https:\\\/\\\/www.strassenweb.de\\\/nachrichten\\\/\",\"name\":\"Stra\u00dfenweb\",\"description\":\"Stra\u00dfenverzeichnis f\u00fcr Deutschland\",\"publisher\":{\"@id\":\"https:\\\/\\\/www.strassenweb.de\\\/nachrichten\\\/#organization\"},\"potentialAction\":[{\"@type\":\"SearchAction\",\"target\":{\"@type\":\"EntryPoint\",\"urlTemplate\":\"https:\\\/\\\/www.strassenweb.de\\\/nachrichten\\\/?s={search_term_string}\"},\"query-input\":{\"@type\":\"PropertyValueSpecification\",\"valueRequired\":true,\"valueName\":\"search_term_string\"}}],\"inLanguage\":\"de\"},{\"@type\":\"Organization\",\"@id\":\"https:\\\/\\\/www.strassenweb.de\\\/nachrichten\\\/#organization\",\"name\":\"Stra\u00dfenweb\",\"url\":\"https:\\\/\\\/www.strassenweb.de\\\/nachrichten\\\/\",\"logo\":{\"@type\":\"ImageObject\",\"inLanguage\":\"de\",\"@id\":\"https:\\\/\\\/www.strassenweb.de\\\/nachrichten\\\/#\\\/schema\\\/logo\\\/image\\\/\",\"url\":\"https:\\\/\\\/www.strassenweb.de\\\/nachrichten\\\/wp-content\\\/uploads\\\/2024\\\/09\\\/cropped-favicon.png\",\"contentUrl\":\"https:\\\/\\\/www.strassenweb.de\\\/nachrichten\\\/wp-content\\\/uploads\\\/2024\\\/09\\\/cropped-favicon.png\",\"width\":512,\"height\":512,\"caption\":\"Stra\u00dfenweb\"},\"image\":{\"@id\":\"https:\\\/\\\/www.strassenweb.de\\\/nachrichten\\\/#\\\/schema\\\/logo\\\/image\\\/\"},\"sameAs\":[\"https:\\\/\\\/www.facebook.com\\\/strassenweb\\\/\"]},{\"@type\":\"Person\",\"@id\":\"https:\\\/\\\/www.strassenweb.de\\\/nachrichten\\\/#\\\/schema\\\/person\\\/87c9c9067f1211da429a744dc5a5aa41\",\"name\":\"Robert Hoffmann\",\"image\":{\"@type\":\"ImageObject\",\"inLanguage\":\"de\",\"@id\":\"https:\\\/\\\/www.strassenweb.de\\\/nachrichten\\\/wp-content\\\/uploads\\\/2024\\\/09\\\/strassenweb-150x150.jpg\",\"url\":\"https:\\\/\\\/www.strassenweb.de\\\/nachrichten\\\/wp-content\\\/uploads\\\/2024\\\/09\\\/strassenweb-150x150.jpg\",\"contentUrl\":\"https:\\\/\\\/www.strassenweb.de\\\/nachrichten\\\/wp-content\\\/uploads\\\/2024\\\/09\\\/strassenweb-150x150.jpg\",\"caption\":\"Robert Hoffmann\"},\"description\":\"Ich hei\u00dfe Robert Hoffmann und ich bin ein leidenschaftlicher Verfechter von \u00d6kologie und Biodiversit\u00e4t. Seit meiner Kindheit in den W\u00e4ldern Bayerns f\u00fchle ich mich mit der Natur verbunden und bin entschlossen, sie zu sch\u00fctzen. Heute widme ich mein Leben der Sensibilisierung anderer f\u00fcr die Bedeutung des Umweltschutzes f\u00fcr zuk\u00fcnftige Generationen.\",\"sameAs\":[\"https:\\\/\\\/www.strassenweb.de\\\/\"]}]}<\/script>\n<!-- \/ Yoast SEO plugin. -->","yoast_head_json":{"title":"Designer glauben, dass dieser kontroverse Trend zur\u00fcck ist \u2013 aber er hat sich seit dem letzten Mal definitiv ge\u00e4ndert - Nachrichten - Stra\u00dfenweb","robots":{"index":"index","follow":"follow","max-snippet":"max-snippet:-1","max-image-preview":"max-image-preview:large","max-video-preview":"max-video-preview:-1"},"canonical":"https:\/\/www.strassenweb.de\/nachrichten\/designer-glauben-dass-dieser-kontroverse-trend-zurueck-ist-aber-er-hat-sich-seit-dem-letzten-mal-definitiv-geaendert\/","og_locale":"de_DE","og_type":"article","og_title":"Designer glauben, dass dieser kontroverse Trend zur\u00fcck ist \u2013 aber er hat sich seit dem letzten Mal definitiv ge\u00e4ndert - Nachrichten - Stra\u00dfenweb","og_description":"Die \u00c4ra des gro\u00dfen Lichts ist vorbei. Das sagten Designer und Design-Redakteure, die in den letzten Jahren alle mit den Schultern gezuckt hatten und zugaben,","og_url":"https:\/\/www.strassenweb.de\/nachrichten\/designer-glauben-dass-dieser-kontroverse-trend-zurueck-ist-aber-er-hat-sich-seit-dem-letzten-mal-definitiv-geaendert\/","og_site_name":"Stra\u00dfenweb","article_publisher":"https:\/\/www.facebook.com\/strassenweb\/","article_published_time":"2024-12-08T00:42:04+00:00","article_modified_time":"2024-12-08T00:42:05+00:00","og_image":[{"width":1200,"height":675,"url":"https:\/\/www.strassenweb.de\/nachrichten\/wp-content\/uploads\/2024\/12\/Designer-glauben-dass-dieser-kontroverse-Trend-zurueck-ist-\u2013-aber.jpg","type":"image\/jpeg"}],"author":"Robert Hoffmann","twitter_card":"summary_large_image","twitter_misc":{"Verfasst von":"Robert Hoffmann","Gesch\u00e4tzte Lesezeit":"5\u00a0Minuten"},"schema":{"@context":"https:\/\/schema.org","@graph":[{"@type":"Article","@id":"https:\/\/www.strassenweb.de\/nachrichten\/designer-glauben-dass-dieser-kontroverse-trend-zurueck-ist-aber-er-hat-sich-seit-dem-letzten-mal-definitiv-geaendert\/#article","isPartOf":{"@id":"https:\/\/www.strassenweb.de\/nachrichten\/designer-glauben-dass-dieser-kontroverse-trend-zurueck-ist-aber-er-hat-sich-seit-dem-letzten-mal-definitiv-geaendert\/"},"author":{"name":"Robert Hoffmann","@id":"https:\/\/www.strassenweb.de\/nachrichten\/#\/schema\/person\/87c9c9067f1211da429a744dc5a5aa41"},"headline":"Designer glauben, dass dieser kontroverse Trend zur\u00fcck ist \u2013 aber er hat sich seit dem letzten Mal definitiv ge\u00e4ndert","datePublished":"2024-12-08T00:42:04+00:00","dateModified":"2024-12-08T00:42:05+00:00","mainEntityOfPage":{"@id":"https:\/\/www.strassenweb.de\/nachrichten\/designer-glauben-dass-dieser-kontroverse-trend-zurueck-ist-aber-er-hat-sich-seit-dem-letzten-mal-definitiv-geaendert\/"},"wordCount":936,"publisher":{"@id":"https:\/\/www.strassenweb.de\/nachrichten\/#organization"},"image":{"@id":"https:\/\/www.strassenweb.de\/nachrichten\/designer-glauben-dass-dieser-kontroverse-trend-zurueck-ist-aber-er-hat-sich-seit-dem-letzten-mal-definitiv-geaendert\/#primaryimage"},"thumbnailUrl":"https:\/\/www.strassenweb.de\/nachrichten\/wp-content\/uploads\/2024\/12\/Designer-glauben-dass-dieser-kontroverse-Trend-zurueck-ist-\u2013-aber.jpg","keywords":["aber","dass","definitiv","dem","Designer","dieser","ge\u00e4ndert","glauben","hat","ist","kontroverse","letzten","Mal","seit","sich","Trend","zur\u00fcck"],"articleSection":["Haus &amp; Garten"],"inLanguage":"de"},{"@type":"WebPage","@id":"https:\/\/www.strassenweb.de\/nachrichten\/designer-glauben-dass-dieser-kontroverse-trend-zurueck-ist-aber-er-hat-sich-seit-dem-letzten-mal-definitiv-geaendert\/","url":"https:\/\/www.strassenweb.de\/nachrichten\/designer-glauben-dass-dieser-kontroverse-trend-zurueck-ist-aber-er-hat-sich-seit-dem-letzten-mal-definitiv-geaendert\/","name":"Designer glauben, dass dieser kontroverse Trend zur\u00fcck ist \u2013 aber er hat sich seit dem letzten Mal definitiv ge\u00e4ndert - Nachrichten - Stra\u00dfenweb","isPartOf":{"@id":"https:\/\/www.strassenweb.de\/nachrichten\/#website"},"primaryImageOfPage":{"@id":"https:\/\/www.strassenweb.de\/nachrichten\/designer-glauben-dass-dieser-kontroverse-trend-zurueck-ist-aber-er-hat-sich-seit-dem-letzten-mal-definitiv-geaendert\/#primaryimage"},"image":{"@id":"https:\/\/www.strassenweb.de\/nachrichten\/designer-glauben-dass-dieser-kontroverse-trend-zurueck-ist-aber-er-hat-sich-seit-dem-letzten-mal-definitiv-geaendert\/#primaryimage"},"thumbnailUrl":"https:\/\/www.strassenweb.de\/nachrichten\/wp-content\/uploads\/2024\/12\/Designer-glauben-dass-dieser-kontroverse-Trend-zurueck-ist-\u2013-aber.jpg","datePublished":"2024-12-08T00:42:04+00:00","dateModified":"2024-12-08T00:42:05+00:00","breadcrumb":{"@id":"https:\/\/www.strassenweb.de\/nachrichten\/designer-glauben-dass-dieser-kontroverse-trend-zurueck-ist-aber-er-hat-sich-seit-dem-letzten-mal-definitiv-geaendert\/#breadcrumb"},"inLanguage":"de","potentialAction":[{"@type":"ReadAction","target":["https:\/\/www.strassenweb.de\/nachrichten\/designer-glauben-dass-dieser-kontroverse-trend-zurueck-ist-aber-er-hat-sich-seit-dem-letzten-mal-definitiv-geaendert\/"]}]},{"@type":"ImageObject","inLanguage":"de","@id":"https:\/\/www.strassenweb.de\/nachrichten\/designer-glauben-dass-dieser-kontroverse-trend-zurueck-ist-aber-er-hat-sich-seit-dem-letzten-mal-definitiv-geaendert\/#primaryimage","url":"https:\/\/www.strassenweb.de\/nachrichten\/wp-content\/uploads\/2024\/12\/Designer-glauben-dass-dieser-kontroverse-Trend-zurueck-ist-\u2013-aber.jpg","contentUrl":"https:\/\/www.strassenweb.de\/nachrichten\/wp-content\/uploads\/2024\/12\/Designer-glauben-dass-dieser-kontroverse-Trend-zurueck-ist-\u2013-aber.jpg","width":1200,"height":675,"caption":"Designer glauben, dass dieser kontroverse Trend zur\u00fcck ist \u2013 aber er hat sich seit dem letzten Mal definitiv ge\u00e4ndert"},{"@type":"BreadcrumbList","@id":"https:\/\/www.strassenweb.de\/nachrichten\/designer-glauben-dass-dieser-kontroverse-trend-zurueck-ist-aber-er-hat-sich-seit-dem-letzten-mal-definitiv-geaendert\/#breadcrumb","itemListElement":[{"@type":"ListItem","position":1,"name":"Home","item":"https:\/\/www.strassenweb.de\/nachrichten\/"},{"@type":"ListItem","position":2,"name":"Designer glauben, dass dieser kontroverse Trend zur\u00fcck ist \u2013 aber er hat sich seit dem letzten Mal definitiv ge\u00e4ndert"}]},{"@type":"WebSite","@id":"https:\/\/www.strassenweb.de\/nachrichten\/#website","url":"https:\/\/www.strassenweb.de\/nachrichten\/","name":"Stra\u00dfenweb","description":"Stra\u00dfenverzeichnis f\u00fcr Deutschland","publisher":{"@id":"https:\/\/www.strassenweb.de\/nachrichten\/#organization"},"potentialAction":[{"@type":"SearchAction","target":{"@type":"EntryPoint","urlTemplate":"https:\/\/www.strassenweb.de\/nachrichten\/?s={search_term_string}"},"query-input":{"@type":"PropertyValueSpecification","valueRequired":true,"valueName":"search_term_string"}}],"inLanguage":"de"},{"@type":"Organization","@id":"https:\/\/www.strassenweb.de\/nachrichten\/#organization","name":"Stra\u00dfenweb","url":"https:\/\/www.strassenweb.de\/nachrichten\/","logo":{"@type":"ImageObject","inLanguage":"de","@id":"https:\/\/www.strassenweb.de\/nachrichten\/#\/schema\/logo\/image\/","url":"https:\/\/www.strassenweb.de\/nachrichten\/wp-content\/uploads\/2024\/09\/cropped-favicon.png","contentUrl":"https:\/\/www.strassenweb.de\/nachrichten\/wp-content\/uploads\/2024\/09\/cropped-favicon.png","width":512,"height":512,"caption":"Stra\u00dfenweb"},"image":{"@id":"https:\/\/www.strassenweb.de\/nachrichten\/#\/schema\/logo\/image\/"},"sameAs":["https:\/\/www.facebook.com\/strassenweb\/"]},{"@type":"Person","@id":"https:\/\/www.strassenweb.de\/nachrichten\/#\/schema\/person\/87c9c9067f1211da429a744dc5a5aa41","name":"Robert Hoffmann","image":{"@type":"ImageObject","inLanguage":"de","@id":"https:\/\/www.strassenweb.de\/nachrichten\/wp-content\/uploads\/2024\/09\/strassenweb-150x150.jpg","url":"https:\/\/www.strassenweb.de\/nachrichten\/wp-content\/uploads\/2024\/09\/strassenweb-150x150.jpg","contentUrl":"https:\/\/www.strassenweb.de\/nachrichten\/wp-content\/uploads\/2024\/09\/strassenweb-150x150.jpg","caption":"Robert Hoffmann"},"description":"Ich hei\u00dfe Robert Hoffmann und ich bin ein leidenschaftlicher Verfechter von \u00d6kologie und Biodiversit\u00e4t. Seit meiner Kindheit in den W\u00e4ldern Bayerns f\u00fchle ich mich mit der Natur verbunden und bin entschlossen, sie zu sch\u00fctzen. Heute widme ich mein Leben der Sensibilisierung anderer f\u00fcr die Bedeutung des Umweltschutzes f\u00fcr zuk\u00fcnftige Generationen.","sameAs":["https:\/\/www.strassenweb.de\/"]}]}},"_links":{"self":[{"href":"https:\/\/www.strassenweb.de\/nachrichten\/wp-json\/wp\/v2\/posts\/1980","targetHints":{"allow":["GET"]}}],"collection":[{"href":"https:\/\/www.strassenweb.de\/nachrichten\/wp-json\/wp\/v2\/posts"}],"about":[{"href":"https:\/\/www.strassenweb.de\/nachrichten\/wp-json\/wp\/v2\/types\/post"}],"author":[{"embeddable":true,"href":"https:\/\/www.strassenweb.de\/nachrichten\/wp-json\/wp\/v2\/users\/1"}],"replies":[{"embeddable":true,"href":"https:\/\/www.strassenweb.de\/nachrichten\/wp-json\/wp\/v2\/comments?post=1980"}],"version-history":[{"count":0,"href":"https:\/\/www.strassenweb.de\/nachrichten\/wp-json\/wp\/v2\/posts\/1980\/revisions"}],"wp:featuredmedia":[{"embeddable":true,"href":"https:\/\/www.strassenweb.de\/nachrichten\/wp-json\/wp\/v2\/media\/1981"}],"wp:attachment":[{"href":"https:\/\/www.strassenweb.de\/nachrichten\/wp-json\/wp\/v2\/media?parent=1980"}],"wp:term":[{"taxonomy":"category","embeddable":true,"href":"https:\/\/www.strassenweb.de\/nachrichten\/wp-json\/wp\/v2\/categories?post=1980"},{"taxonomy":"post_tag","embeddable":true,"href":"https:\/\/www.strassenweb.de\/nachrichten\/wp-json\/wp\/v2\/tags?post=1980"}],"curies":[{"name":"wp","href":"https:\/\/api.w.org\/{rel}","templated":true}]}}